{"id":193285,"date":"2022-05-27T00:10:58","date_gmt":"2022-05-26T22:10:58","guid":{"rendered":"https:\/\/www.24gliwice.pl\/wiadomosci\/?p=193285"},"modified":"2022-05-30T11:46:33","modified_gmt":"2022-05-30T09:46:33","slug":"na-co-w-weekend-do-kina-amok-sa-propozycje-dla-dzieci-i-doroslych-zaplanowano-tez-dzien-dziecka","status":"publish","type":"post","link":"https:\/\/www.24gliwice.pl\/wiadomosci\/na-co-w-weekend-do-kina-amok-sa-propozycje-dla-dzieci-i-doroslych-zaplanowano-tez-dzien-dziecka\/","title":{"rendered":"Na co w weekend do kina Amok? S\u0105 propozycje dla dzieci i doros\u0142ych, zaplanowano te\u017c Dzie\u0144 Dziecka"},"content":{"rendered":"<div class=\"gliwi-a6-nad-leadem-artykulow gliwi-entity-placement\" id=\"gliwi-2690400979\"><div class=\"gliwi-adlabel\"><span style=\"font-size: 9px\">REKLAMA<\/span><\/div><div id=\"gliwi-897168312\" style=\"margin-bottom: 30px;margin-left: auto;margin-right: auto;text-align: center;\"><a data-no-instant=\"1\" href=\"https:\/\/przedszkole.halogen.org.pl\/\" rel=\"noopener\" class=\"a2t-link\" target=\"_blank\" aria-label=\"20260402-ANIMATOR-przedszkole_grafika_750x200\"><img loading=\"lazy\" decoding=\"async\" src=\"https:\/\/www.24gliwice.pl\/wiadomosci\/wp-content\/uploads\/2026\/04\/20260402-ANIMATOR-przedszkole_grafika_750x200.webp\" alt=\"\"  srcset=\"https:\/\/www.24gliwice.pl\/wiadomosci\/wp-content\/uploads\/2026\/04\/20260402-ANIMATOR-przedszkole_grafika_750x200.webp 750w, https:\/\/www.24gliwice.pl\/wiadomosci\/wp-content\/uploads\/2026\/04\/20260402-ANIMATOR-przedszkole_grafika_750x200-410x109.webp 410w\" sizes=\"(max-width: 750px) 100vw, 750px\" class=\"no-lazyload\" width=\"750\" height=\"200\"  style=\"display: inline-block; max-width: 100%; height: auto;\" \/><\/a><\/div><\/div><h2>Na ekrany kina Amok w weekend wchodz\u0105 dwie nowo\u015bci &#8211; dramat &#8220;Chiara&#8221; oraz familijny film &#8220;Detektyw Bruno&#8221;. Opr\u00f3cz tego mo\u017cna wybra\u0107 si\u0119 na inne produkcje, kt\u00f3re swoj\u0105 premier\u0119 mia\u0142y kilka dni temu.<\/h2>\n<p>&nbsp;<br \/>\nAkurat zbli\u017ca si\u0119 Dzie\u0144 Dziecka, wi\u0119c propozycja dla ca\u0142ej rodziny pojawia si\u0119 w wyj\u0105tkowo trafnym okresie. &#8220;Detektyw Bruno&#8221; to polski film w re\u017c. <strong>Mariusza Paleja i Magdaleny Nie\u0107<\/strong>, tw\u00f3rc\u00f3w, w kt\u00f3rych dorobku znajdziemy ubieg\u0142oroczny &#8220;Czarny m\u0142yn&#8221;. <\/p>\n<h4>Oskar najbardziej na \u015bwiecie lubi rozwi\u0105zywa\u0107 zagadki i ogl\u0105da\u0107 serial \u201eDetektyw Bruno\u201d. Kiedy\u015b chcia\u0142by by\u0107 taki jak jego bohater, na razie jednak ma osiem lat i mieszka w rodzinnym domu dziecka.<\/h4>\n<p>Jest mu tu dobrze, ale oczywi\u015bcie t\u0119skni za rodzicami. W dniu urodzin znajduje kopert\u0119, zawieraj\u0105c\u0105 wskaz\u00f3wk\u0119 prowadz\u0105c\u0105 do ostatniego, ukrytego przez jego rodzic\u00f3w prezentu. Zagadka nie jest \u0142atwa, postanawia wi\u0119c wynaj\u0105\u0107 najlepszego detektywa na \u015bwiecie, czyli Bruna. <\/p><div class=\"gliwi-a3-w-tresci-artykulow gliwi-entity-placement\" id=\"gliwi-561092545\"><div class=\"gliwi-adlabel\"><span style=\"font-size: 9px\">REKLAMA<\/span><\/div><div id=\"gliwi-3393643258\" style=\"margin-bottom: 30px;margin-left: auto;margin-right: auto;text-align: center;\"><a data-no-instant=\"1\" href=\"https:\/\/ogrodyandersa.pl\/\" rel=\"noopener\" class=\"a2t-link\" target=\"_blank\" aria-label=\"20260415 Ogrody Andersa KUP TERAZ D\"><img loading=\"lazy\" decoding=\"async\" src=\"https:\/\/www.24gliwice.pl\/wiadomosci\/wp-content\/uploads\/2026\/04\/20260415-Ogrody-Andersa-KUP-TERAZ-D.jpg\" alt=\"\"  srcset=\"https:\/\/www.24gliwice.pl\/wiadomosci\/wp-content\/uploads\/2026\/04\/20260415-Ogrody-Andersa-KUP-TERAZ-D.jpg 750w, https:\/\/www.24gliwice.pl\/wiadomosci\/wp-content\/uploads\/2026\/04\/20260415-Ogrody-Andersa-KUP-TERAZ-D-410x109.jpg 410w\" sizes=\"(max-width: 750px) 100vw, 750px\" class=\"no-lazyload\" width=\"750\" height=\"200\"  style=\"display: inline-block; max-width: 100%; height: auto;\" \/><\/a><\/div><\/div>\n<p><iframe loading=\"lazy\" width=\"810\" height=\"455\" src=\"https:\/\/www.youtube.com\/embed\/9oXVCj3fGXk\" title=\"YouTube video player\" frameborder=\"0\" allow=\"accelerometer; autoplay; clipboard-write; encrypted-media; gyroscope; picture-in-picture\" allowfullscreen><\/iframe><\/p>\n<p>Nie przyjmuje do wiadomo\u015bci, \u017ce Bruno Ksi\u0119ski to tylko aktor, w dodatku niezbyt sympatyczny. Z ca\u0142ej historii pewnie wysz\u0142yby nici, gdyby nie fakt, \u017ce gwiazdor ostatnio traci na popularno\u015bci, a jego mened\u017cerka dostrzega w pojawieniu si\u0119 Oskara szans\u0119 na podreperowanie wizerunku. Oskar i Bruno rzucaj\u0105 si\u0119 wi\u0119c w wir przygody\u2026<\/p>\n<p>Film mo\u017cna ogl\u0105da\u0107 w du\u017cej sali kina o godzinie 16:00 do ko\u0144ca maja. P\u00f3\u017aniej godzina projekcji ulegnie niewielkiej zmianie.<\/p>\n<h4>Chiara<\/h4>\n<p>&#8220;Chiara&#8221; to francusko-w\u0142oska produkcja, za kt\u00f3rej re\u017cyseri\u0119 odpowiada <strong>Jonas Carpignano. <\/strong> Uhonorowany nagrod\u0105 \u201eDirector\u2019s Fortnight\u201d na ostatnim festiwalu w Cannes dramat jest domkni\u0119ciem trylogii kalabryjskiej (\u201eMediterranea\u201d oraz \u201eCiambra\u201e), kt\u00f3ra przynios\u0142a tw\u00f3rcy nie tylko uznanie, ale i szereg festiwalowych laur\u00f3w.<\/p>\n<p><iframe loading=\"lazy\" width=\"810\" height=\"455\" src=\"https:\/\/www.youtube.com\/embed\/dkB1mK11i84\" title=\"YouTube video player\" frameborder=\"0\" allow=\"accelerometer; autoplay; clipboard-write; encrypted-media; gyroscope; picture-in-picture\" allowfullscreen><\/iframe><\/p>\n<p>Osiemnaste urodziny najstarszej c\u00f3rki Claudia i Carmeli to dobra okazja do wsp\u00f3lnego \u015bwi\u0119towania dla ca\u0142ej rodziny oraz najbli\u017cszych przyjaci\u00f3\u0142. <\/p>\n<h4>Giulia i jej trzy lata m\u0142odsza siostra Chiara ku uciesze zgromadzonych go\u015bci bryluj\u0105 na parkiecie. Rodzinn\u0105 sielank\u0119 zak\u0142\u00f3ci jednak brutalny akt przemocy.<\/h4>\n<p>Po tym, jak samoch\u00f3d Claudia zosta\u0142 wysadzony w powietrze, m\u0119\u017cczyzna znika w tajemniczych okoliczno\u015bciach. Co wi\u0119cej, matka tytu\u0142owej bohaterki nie chce udzieli\u0107 jej \u017cadnych wyja\u015bnie\u0144. Chiara powoli otwiera oczy na rzeczywisto\u015b\u0107, kt\u00f3r\u0105 wcze\u015bniej ignorowa\u0142a i na w\u0142asn\u0105 r\u0119k\u0119 rozpoczyna \u015bledztwo. Doprowadzi j\u0105 ono do momentu, kiedy b\u0119dzie musia\u0142a zdecydowa\u0107 o w\u0142asnej przysz\u0142o\u015bci i odpowiedzie\u0107 sobie na pytanie, czy wa\u017cniejsza jest dla niej lojalno\u015b\u0107 wobec rodziny, czy szansa na nowe \u017cycie.<\/p>\n<h4>Amok ma propozycj\u0119 na Dzie\u0144 Dziecka<\/h4>\n<p>Z okazji Dnia Dziecka kino Amok przygotowa\u0142o trzy propozycje dla m\u0142odych widz\u00f3w, w\u015br\u00f3d nich wspomniany ju\u017c &#8220;Detektyw Bruno&#8221;, kt\u00f3rego projekcj\u0119 przewidziano o 16:30 w du\u017cej sali kina, a tak\u017ce animacja pn. &#8220;YAKARI I WIELKA PODR\u00d3\u017b&#8221; (ma\u0142a sala od 16:15). <\/p>\n<h4>Na uwag\u0119 zas\u0142uguje te\u017c propozycja dla najm\u0142odszych mieszka\u0144c\u00f3w Ukrainy. Film zostanie wy\u015bwietlony o godzinie 18:00 w ma\u0142ej sali kina.<\/h4>\n<p>B\u0119dzie to: \u0414\u0435\u0442\u0435\u043a\u0442\u0438\u0432\u043d\u0435 \u0431\u044e\u0440\u043e \u041b\u0430\u0441\u0441\u0435 \u0442\u0430 \u041c\u0430\u0457. \u0413\u0440\u0430\u0431i\u0436\u043d\u0438\u043a \u0437 \u043f\u043e\u0442\u044f\u0433\u0443 (ma\u0142a s.)\/Biuro detektywistyczne Lassego i Mai. Rabu\u015b z poci\u0105gu. <\/p>\n<p>\u0420\u0430\u0437\u043e\u043c \u0437 \u0411\u0440\u0443\u043d\u043e, \u00ab\u043d\u0430\u0439\u043a\u0440\u0430\u0449\u0438\u043c \u0434\u0435\u0442\u0435\u043a\u0442\u0438\u0432\u043e\u043c \u0443 \u0441\u0432\u0456\u0442\u0456\u00bb, \u043c\u0438 \u0440\u043e\u0437\u0433\u0430\u0434\u0430\u0454\u043c\u043e \u0442\u0430\u0454\u043c\u043d\u0438\u0446\u044e \u043f\u043e\u0434\u0430\u0440\u0443\u043d\u043a\u0430, \u0437\u0430\u0445\u043e\u0432\u0430\u043d\u043e\u0433\u043e \u0431\u0430\u0442\u044c\u043a\u0430\u043c\u0438 \u041e\u0441\u043a\u0430\u0440\u0430. \u0420\u0430\u0437\u043e\u043c \u0437 \u042f\u043a\u0430\u0440\u0456 \u043c\u0438 \u0432\u0438\u0440\u0443\u0448\u0438\u043c\u043e \u0432 \u0430\u0432\u0430\u043d\u0442\u044e\u0440\u043d\u0443 \u0442\u0430 \u043d\u0435\u0431\u0435\u0437\u043f\u0435\u0447\u043d\u0443 \u043f\u043e\u0434\u043e\u0440\u043e\u0436 \u0456 \u0434\u0456\u0437\u043d\u0430\u0454\u043c\u043e\u0441\u044f, \u0447\u0438 \u0432\u0434\u0430\u0441\u0442\u044c\u0441\u044f \u0445\u043b\u043e\u043f\u0447\u0438\u043a\u0443 \u0432\u0438\u0441\u0442\u0435\u0436\u0438\u0442\u0438 \u043d\u0435\u0434\u043e\u0441\u044f\u0436\u043d\u043e\u0433\u043e \u043a\u043e\u043d\u044f \u043d\u0430 \u0456\u043c\u2019\u044f \u041c\u0430\u043b\u0435\u043d\u044c\u043a\u0438\u0439 \u0413\u0440\u0456\u043c. \u0417 \u0456\u043d\u0448\u043e\u0433\u043e \u0431\u043e\u043a\u0443, \u043d\u0430\u0448\u0456 \u043c\u0430\u043b\u0435\u043d\u044c\u043a\u0456 \u0433\u043e\u0441\u0442\u0456 \u0437 \u0423\u043a\u0440\u0430\u0457\u043d\u0438 \u0434\u0456\u0437\u043d\u0430\u044e\u0442\u044c\u0441\u044f, \u0447\u0438 \u0432\u0434\u0430\u0441\u0442\u044c\u0441\u044f \u041b\u0430\u0441\u0441\u0456 \u0442\u0430 \u041c\u0430\u0457 \u0437 \u0434\u0435\u0442\u0435\u043a\u0442\u0438\u0432\u043d\u043e\u0433\u043e \u0431\u044e\u0440\u043e \u0432\u043f\u0456\u0439\u043c\u0430\u0442\u0438 \u0442\u0430\u0454\u043c\u043d\u0438\u0447\u043e\u0433\u043e \u0433\u0440\u0430\u0431\u0456\u0436\u043d\u0438\u043a\u0430 \u0437 \u043f\u043e\u0442\u044f\u0433\u0430 (\u0444\u0456\u043b\u044c\u043c \u0432 \u0443\u043a\u0440\u0430\u0457\u043d\u043e\u043c\u043e\u0432\u043d\u0456\u0439 \u0432\u0435\u0440\u0441\u0456\u0457). \u0423\u0441\u0456\u043c \u0434\u0456\u0442\u044f\u043c, \u044f\u043a\u0456 \u0431\u0435\u0440\u0443\u0442\u044c \u0443\u0447\u0430\u0441\u0442\u044c \u0443 \u0441\u0435\u0430\u043d\u0441\u0430\u0445, \u043c\u0438 \u0434\u0430\u0440\u0443\u0454\u043c\u043e \u043f\u043e\u0434\u0430\u0440\u0443\u043d\u043a\u0438 \u0432\u0456\u0434 \u041a\u041a\u0412, \u0442\u043e\u0431\u0442\u043e \u041a\u043e\u043c\u0430\u043d\u0434\u0438 \u043a\u0456\u043d\u043e\u0432\u0438\u0445\u043e\u0432\u0430\u0442\u0435\u043b\u0456\u0432.<\/p>\n<p>Ca\u0142y repertuar kina Amok znajdziemy na stronie: <a href=\"https:\/\/amok.gliwice.pl\/\" rel=\"noopener\" target=\"_blank\">amok.gliwice.pl<\/a><\/p>\n<p>(\u017cms)\/Amok Gliwice<br \/>\nfot. mat. organizatora<\/p>\n<div class=\"gliwi-a5-na-koncu-artykulow gliwi-entity-placement\" id=\"gliwi-2936396438\"><div class=\"gliwi-adlabel\"><span style=\"font-size: 9px\">REKLAMA<\/span><\/div><div id=\"gliwi-2315965303\" style=\"margin-left: auto;margin-right: auto;text-align: center;\"><a data-no-instant=\"1\" href=\"https:\/\/prezeroarenagliwice.pl\/\" rel=\"noopener\" class=\"a2t-link\" target=\"_blank\" aria-label=\"20260309-PREZERO-WIOSNA-D\"><img loading=\"lazy\" decoding=\"async\" src=\"https:\/\/www.24gliwice.pl\/wiadomosci\/wp-content\/uploads\/2026\/03\/20260309-PREZERO-WIOSNA-D.webp\" alt=\"\"  srcset=\"https:\/\/www.24gliwice.pl\/wiadomosci\/wp-content\/uploads\/2026\/03\/20260309-PREZERO-WIOSNA-D.webp 750w, https:\/\/www.24gliwice.pl\/wiadomosci\/wp-content\/uploads\/2026\/03\/20260309-PREZERO-WIOSNA-D-410x109.webp 410w\" sizes=\"(max-width: 750px) 100vw, 750px\" class=\"no-lazyload\" width=\"750\" height=\"200\"  style=\"display: inline-block; max-width: 100%; height: auto;\" \/><\/a><\/div><\/div>","protected":false},"excerpt":{"rendered":"<p>Na ekrany kina Amok w weekend wchodz\u0105 dwie nowo\u015bci &#8211; dramat &#8220;Chiara&#8221; oraz familijny film &#8220;Detektyw Bruno&#8221;. Opr\u00f3cz tego mo\u017cna wybra\u0107 si\u0119 na inne produkcje, kt\u00f3re swoj\u0105 premier\u0119 mia\u0142y kilka dni temu. &nbsp; Akurat zbli\u017ca si\u0119 Dzie\u0144 Dziecka, wi\u0119c propozycja dla ca\u0142ej rodziny pojawia si\u0119 w wyj\u0105tkowo trafnym okresie. &#8220;Detektyw Bruno&#8221; to polski film w [&hellip;]<\/p>\n","protected":false},"author":15,"featured_media":193291,"comment_status":"open","ping_status":"closed","sticky":false,"template":"","format":"standard","meta":{"_monsterinsights_skip_tracking":false,"_monsterinsights_sitenote_active":false,"_monsterinsights_sitenote_note":"","_monsterinsights_sitenote_category":0,"footnotes":"","_links_to":"","_links_to_target":""},"categories":[3,6,1],"tags":[20646,20482],"class_list":["post-193285","post","type-post","status-publish","format-standard","has-post-thumbnail","hentry","category-gliwice","category-kultura","category-wszystko","tag-premiery-kinowe","tag-repertuar-kina-amok"],"yoast_head":"<!-- This site is optimized with the Yoast SEO plugin v27.4 - https:\/\/yoast.com\/product\/yoast-seo-wordpress\/ -->\n<title>Na co w weekend do kina Amok? S\u0105 propozycje dla dzieci i doros\u0142ych, zaplanowano te\u017c Dzie\u0144 Dziecka - 24GLIWICE - Portal Gliwice | codziennie nowe informacje<\/title>\n<meta name=\"description\" content=\"W repertuarze kina Amok od pi\u0105tku mamy dwie nowo\u015bci. Mo\u017cna wybra\u0107 si\u0119 na film familijny albo w\u0142oski dramat\" \/>\n<meta name=\"robots\" content=\"index, follow, max-snippet:-1, max-image-preview:large, max-video-preview:-1\" \/>\n<link rel=\"canonical\" href=\"https:\/\/www.24gliwice.pl\/wiadomosci\/na-co-w-weekend-do-kina-amok-sa-propozycje-dla-dzieci-i-doroslych-zaplanowano-tez-dzien-dziecka\/\" \/>\n<meta property=\"og:locale\" content=\"pl_PL\" \/>\n<meta property=\"og:type\" content=\"article\" \/>\n<meta property=\"og:title\" content=\"Na co w weekend do kina Amok? S\u0105 propozycje dla dzieci i doros\u0142ych, zaplanowano te\u017c Dzie\u0144 Dziecka - 24GLIWICE - Portal Gliwice | codziennie nowe informacje\" \/>\n<meta property=\"og:description\" content=\"W repertuarze kina Amok od pi\u0105tku mamy dwie nowo\u015bci. Mo\u017cna wybra\u0107 si\u0119 na film familijny albo w\u0142oski dramat\" \/>\n<meta property=\"og:url\" content=\"https:\/\/www.24gliwice.pl\/wiadomosci\/na-co-w-weekend-do-kina-amok-sa-propozycje-dla-dzieci-i-doroslych-zaplanowano-tez-dzien-dziecka\/\" \/>\n<meta property=\"og:site_name\" content=\"24GLIWICE - Portal Gliwice | codziennie nowe informacje\" \/>\n<meta property=\"article:publisher\" content=\"https:\/\/www.facebook.com\/24gliwice\" \/>\n<meta property=\"article:published_time\" content=\"2022-05-26T22:10:58+00:00\" \/>\n<meta property=\"article:modified_time\" content=\"2022-05-30T09:46:33+00:00\" \/>\n<meta property=\"og:image\" content=\"https:\/\/www.24gliwice.pl\/wiadomosci\/wp-content\/uploads\/2022\/05\/amok-detektyw-bruno.jpg\" \/>\n\t<meta property=\"og:image:width\" content=\"810\" \/>\n\t<meta property=\"og:image:height\" content=\"456\" \/>\n\t<meta property=\"og:image:type\" content=\"image\/jpeg\" \/>\n<meta name=\"author\" content=\"\u017baneta Mrozek-Siewierska\" \/>\n<meta name=\"twitter:card\" content=\"summary_large_image\" \/>\n<meta name=\"twitter:creator\" content=\"@24gliwice\" \/>\n<meta name=\"twitter:site\" content=\"@24gliwice\" \/>\n<meta name=\"twitter:label1\" content=\"Napisane przez\" \/>\n\t<meta name=\"twitter:data1\" content=\"\u017baneta Mrozek-Siewierska\" \/>\n\t<meta name=\"twitter:label2\" content=\"Szacowany czas czytania\" \/>\n\t<meta name=\"twitter:data2\" content=\"3 minuty\" \/>\n<script type=\"application\/ld+json\" class=\"yoast-schema-graph\">{\"@context\":\"https:\\\/\\\/schema.org\",\"@graph\":[{\"@type\":\"Article\",\"@id\":\"https:\\\/\\\/www.24gliwice.pl\\\/wiadomosci\\\/na-co-w-weekend-do-kina-amok-sa-propozycje-dla-dzieci-i-doroslych-zaplanowano-tez-dzien-dziecka\\\/#article\",\"isPartOf\":{\"@id\":\"https:\\\/\\\/www.24gliwice.pl\\\/wiadomosci\\\/na-co-w-weekend-do-kina-amok-sa-propozycje-dla-dzieci-i-doroslych-zaplanowano-tez-dzien-dziecka\\\/\"},\"author\":{\"name\":\"\u017baneta Mrozek-Siewierska\",\"@id\":\"https:\\\/\\\/www.24gliwice.pl\\\/wiadomosci\\\/#\\\/schema\\\/person\\\/e42c650edd7f2fa332be3811fb166b6e\"},\"headline\":\"Na co w weekend do kina Amok? S\u0105 propozycje dla dzieci i doros\u0142ych, zaplanowano te\u017c Dzie\u0144 Dziecka\",\"datePublished\":\"2022-05-26T22:10:58+00:00\",\"dateModified\":\"2022-05-30T09:46:33+00:00\",\"mainEntityOfPage\":{\"@id\":\"https:\\\/\\\/www.24gliwice.pl\\\/wiadomosci\\\/na-co-w-weekend-do-kina-amok-sa-propozycje-dla-dzieci-i-doroslych-zaplanowano-tez-dzien-dziecka\\\/\"},\"wordCount\":694,\"commentCount\":0,\"publisher\":{\"@id\":\"https:\\\/\\\/www.24gliwice.pl\\\/wiadomosci\\\/#organization\"},\"image\":{\"@id\":\"https:\\\/\\\/www.24gliwice.pl\\\/wiadomosci\\\/na-co-w-weekend-do-kina-amok-sa-propozycje-dla-dzieci-i-doroslych-zaplanowano-tez-dzien-dziecka\\\/#primaryimage\"},\"thumbnailUrl\":\"https:\\\/\\\/www.24gliwice.pl\\\/wiadomosci\\\/wp-content\\\/uploads\\\/2022\\\/05\\\/amok-detektyw-bruno.jpg\",\"keywords\":[\"premiery kinowe\",\"repertuar kina amok\"],\"articleSection\":[\"Gliwice\",\"Kultura, wydarzenia, imprezy\",\"Najnowsze wiadomo\u015bci\"],\"inLanguage\":\"pl-PL\",\"potentialAction\":[{\"@type\":\"CommentAction\",\"name\":\"Comment\",\"target\":[\"https:\\\/\\\/www.24gliwice.pl\\\/wiadomosci\\\/na-co-w-weekend-do-kina-amok-sa-propozycje-dla-dzieci-i-doroslych-zaplanowano-tez-dzien-dziecka\\\/#respond\"]}]},{\"@type\":\"WebPage\",\"@id\":\"https:\\\/\\\/www.24gliwice.pl\\\/wiadomosci\\\/na-co-w-weekend-do-kina-amok-sa-propozycje-dla-dzieci-i-doroslych-zaplanowano-tez-dzien-dziecka\\\/\",\"url\":\"https:\\\/\\\/www.24gliwice.pl\\\/wiadomosci\\\/na-co-w-weekend-do-kina-amok-sa-propozycje-dla-dzieci-i-doroslych-zaplanowano-tez-dzien-dziecka\\\/\",\"name\":\"Na co w weekend do kina Amok? S\u0105 propozycje dla dzieci i doros\u0142ych, zaplanowano te\u017c Dzie\u0144 Dziecka - 24GLIWICE - Portal Gliwice | codziennie nowe informacje\",\"isPartOf\":{\"@id\":\"https:\\\/\\\/www.24gliwice.pl\\\/wiadomosci\\\/#website\"},\"primaryImageOfPage\":{\"@id\":\"https:\\\/\\\/www.24gliwice.pl\\\/wiadomosci\\\/na-co-w-weekend-do-kina-amok-sa-propozycje-dla-dzieci-i-doroslych-zaplanowano-tez-dzien-dziecka\\\/#primaryimage\"},\"image\":{\"@id\":\"https:\\\/\\\/www.24gliwice.pl\\\/wiadomosci\\\/na-co-w-weekend-do-kina-amok-sa-propozycje-dla-dzieci-i-doroslych-zaplanowano-tez-dzien-dziecka\\\/#primaryimage\"},\"thumbnailUrl\":\"https:\\\/\\\/www.24gliwice.pl\\\/wiadomosci\\\/wp-content\\\/uploads\\\/2022\\\/05\\\/amok-detektyw-bruno.jpg\",\"datePublished\":\"2022-05-26T22:10:58+00:00\",\"dateModified\":\"2022-05-30T09:46:33+00:00\",\"description\":\"W repertuarze kina Amok od pi\u0105tku mamy dwie nowo\u015bci. Mo\u017cna wybra\u0107 si\u0119 na film familijny albo w\u0142oski dramat\",\"breadcrumb\":{\"@id\":\"https:\\\/\\\/www.24gliwice.pl\\\/wiadomosci\\\/na-co-w-weekend-do-kina-amok-sa-propozycje-dla-dzieci-i-doroslych-zaplanowano-tez-dzien-dziecka\\\/#breadcrumb\"},\"inLanguage\":\"pl-PL\",\"potentialAction\":[{\"@type\":\"ReadAction\",\"target\":[\"https:\\\/\\\/www.24gliwice.pl\\\/wiadomosci\\\/na-co-w-weekend-do-kina-amok-sa-propozycje-dla-dzieci-i-doroslych-zaplanowano-tez-dzien-dziecka\\\/\"]}]},{\"@type\":\"ImageObject\",\"inLanguage\":\"pl-PL\",\"@id\":\"https:\\\/\\\/www.24gliwice.pl\\\/wiadomosci\\\/na-co-w-weekend-do-kina-amok-sa-propozycje-dla-dzieci-i-doroslych-zaplanowano-tez-dzien-dziecka\\\/#primaryimage\",\"url\":\"https:\\\/\\\/www.24gliwice.pl\\\/wiadomosci\\\/wp-content\\\/uploads\\\/2022\\\/05\\\/amok-detektyw-bruno.jpg\",\"contentUrl\":\"https:\\\/\\\/www.24gliwice.pl\\\/wiadomosci\\\/wp-content\\\/uploads\\\/2022\\\/05\\\/amok-detektyw-bruno.jpg\",\"width\":810,\"height\":456},{\"@type\":\"BreadcrumbList\",\"@id\":\"https:\\\/\\\/www.24gliwice.pl\\\/wiadomosci\\\/na-co-w-weekend-do-kina-amok-sa-propozycje-dla-dzieci-i-doroslych-zaplanowano-tez-dzien-dziecka\\\/#breadcrumb\",\"itemListElement\":[{\"@type\":\"ListItem\",\"position\":1,\"name\":\"Strona g\u0142\u00f3wna\",\"item\":\"https:\\\/\\\/www.24gliwice.pl\\\/wiadomosci\\\/\"},{\"@type\":\"ListItem\",\"position\":2,\"name\":\"Na co w weekend do kina Amok? S\u0105 propozycje dla dzieci i doros\u0142ych, zaplanowano te\u017c Dzie\u0144 Dziecka\"}]},{\"@type\":\"WebSite\",\"@id\":\"https:\\\/\\\/www.24gliwice.pl\\\/wiadomosci\\\/#website\",\"url\":\"https:\\\/\\\/www.24gliwice.pl\\\/wiadomosci\\\/\",\"name\":\"24GLIWICE - Portal Gliwice | codziennie nowe wiadomo\u015bci\",\"description\":\"Portal Miejski Gliwice\",\"publisher\":{\"@id\":\"https:\\\/\\\/www.24gliwice.pl\\\/wiadomosci\\\/#organization\"},\"potentialAction\":[{\"@type\":\"SearchAction\",\"target\":{\"@type\":\"EntryPoint\",\"urlTemplate\":\"https:\\\/\\\/www.24gliwice.pl\\\/wiadomosci\\\/?s={search_term_string}\"},\"query-input\":{\"@type\":\"PropertyValueSpecification\",\"valueRequired\":true,\"valueName\":\"search_term_string\"}}],\"inLanguage\":\"pl-PL\"},{\"@type\":\"Organization\",\"@id\":\"https:\\\/\\\/www.24gliwice.pl\\\/wiadomosci\\\/#organization\",\"name\":\"24gliwice\",\"url\":\"https:\\\/\\\/www.24gliwice.pl\\\/wiadomosci\\\/\",\"logo\":{\"@type\":\"ImageObject\",\"inLanguage\":\"pl-PL\",\"@id\":\"https:\\\/\\\/www.24gliwice.pl\\\/wiadomosci\\\/#\\\/schema\\\/logo\\\/image\\\/\",\"url\":\"https:\\\/\\\/www.24gliwice.pl\\\/wiadomosci\\\/wp-content\\\/uploads\\\/2024\\\/10\\\/24gliwice-logo-696.jpg\",\"contentUrl\":\"https:\\\/\\\/www.24gliwice.pl\\\/wiadomosci\\\/wp-content\\\/uploads\\\/2024\\\/10\\\/24gliwice-logo-696.jpg\",\"width\":696,\"height\":696,\"caption\":\"24gliwice\"},\"image\":{\"@id\":\"https:\\\/\\\/www.24gliwice.pl\\\/wiadomosci\\\/#\\\/schema\\\/logo\\\/image\\\/\"},\"sameAs\":[\"https:\\\/\\\/www.facebook.com\\\/24gliwice\",\"https:\\\/\\\/x.com\\\/24gliwice\",\"https:\\\/\\\/www.youtube.com\\\/@24gliwice\"]},{\"@type\":\"Person\",\"@id\":\"https:\\\/\\\/www.24gliwice.pl\\\/wiadomosci\\\/#\\\/schema\\\/person\\\/e42c650edd7f2fa332be3811fb166b6e\",\"name\":\"\u017baneta Mrozek-Siewierska\",\"image\":{\"@type\":\"ImageObject\",\"inLanguage\":\"pl-PL\",\"@id\":\"https:\\\/\\\/www.24gliwice.pl\\\/wiadomosci\\\/wp-content\\\/uploads\\\/2021\\\/11\\\/Zaneta-M_S-zdjecie-czb-96x96.jpg\",\"url\":\"https:\\\/\\\/www.24gliwice.pl\\\/wiadomosci\\\/wp-content\\\/uploads\\\/2021\\\/11\\\/Zaneta-M_S-zdjecie-czb-96x96.jpg\",\"contentUrl\":\"https:\\\/\\\/www.24gliwice.pl\\\/wiadomosci\\\/wp-content\\\/uploads\\\/2021\\\/11\\\/Zaneta-M_S-zdjecie-czb-96x96.jpg\",\"caption\":\"\u017baneta Mrozek-Siewierska\"},\"url\":\"https:\\\/\\\/www.24gliwice.pl\\\/wiadomosci\\\/author\\\/zms\\\/\"}]}<\/script>\n<!-- \/ Yoast SEO plugin. -->","yoast_head_json":{"title":"Na co w weekend do kina Amok? S\u0105 propozycje dla dzieci i doros\u0142ych, zaplanowano te\u017c Dzie\u0144 Dziecka - 24GLIWICE - Portal Gliwice | codziennie nowe informacje","description":"W repertuarze kina Amok od pi\u0105tku mamy dwie nowo\u015bci. Mo\u017cna wybra\u0107 si\u0119 na film familijny albo w\u0142oski dramat","robots":{"index":"index","follow":"follow","max-snippet":"max-snippet:-1","max-image-preview":"max-image-preview:large","max-video-preview":"max-video-preview:-1"},"canonical":"https:\/\/www.24gliwice.pl\/wiadomosci\/na-co-w-weekend-do-kina-amok-sa-propozycje-dla-dzieci-i-doroslych-zaplanowano-tez-dzien-dziecka\/","og_locale":"pl_PL","og_type":"article","og_title":"Na co w weekend do kina Amok? S\u0105 propozycje dla dzieci i doros\u0142ych, zaplanowano te\u017c Dzie\u0144 Dziecka - 24GLIWICE - Portal Gliwice | codziennie nowe informacje","og_description":"W repertuarze kina Amok od pi\u0105tku mamy dwie nowo\u015bci. Mo\u017cna wybra\u0107 si\u0119 na film familijny albo w\u0142oski dramat","og_url":"https:\/\/www.24gliwice.pl\/wiadomosci\/na-co-w-weekend-do-kina-amok-sa-propozycje-dla-dzieci-i-doroslych-zaplanowano-tez-dzien-dziecka\/","og_site_name":"24GLIWICE - Portal Gliwice | codziennie nowe informacje","article_publisher":"https:\/\/www.facebook.com\/24gliwice","article_published_time":"2022-05-26T22:10:58+00:00","article_modified_time":"2022-05-30T09:46:33+00:00","og_image":[{"width":810,"height":456,"url":"https:\/\/www.24gliwice.pl\/wiadomosci\/wp-content\/uploads\/2022\/05\/amok-detektyw-bruno.jpg","type":"image\/jpeg"}],"author":"\u017baneta Mrozek-Siewierska","twitter_card":"summary_large_image","twitter_creator":"@24gliwice","twitter_site":"@24gliwice","twitter_misc":{"Napisane przez":"\u017baneta Mrozek-Siewierska","Szacowany czas czytania":"3 minuty"},"schema":{"@context":"https:\/\/schema.org","@graph":[{"@type":"Article","@id":"https:\/\/www.24gliwice.pl\/wiadomosci\/na-co-w-weekend-do-kina-amok-sa-propozycje-dla-dzieci-i-doroslych-zaplanowano-tez-dzien-dziecka\/#article","isPartOf":{"@id":"https:\/\/www.24gliwice.pl\/wiadomosci\/na-co-w-weekend-do-kina-amok-sa-propozycje-dla-dzieci-i-doroslych-zaplanowano-tez-dzien-dziecka\/"},"author":{"name":"\u017baneta Mrozek-Siewierska","@id":"https:\/\/www.24gliwice.pl\/wiadomosci\/#\/schema\/person\/e42c650edd7f2fa332be3811fb166b6e"},"headline":"Na co w weekend do kina Amok? S\u0105 propozycje dla dzieci i doros\u0142ych, zaplanowano te\u017c Dzie\u0144 Dziecka","datePublished":"2022-05-26T22:10:58+00:00","dateModified":"2022-05-30T09:46:33+00:00","mainEntityOfPage":{"@id":"https:\/\/www.24gliwice.pl\/wiadomosci\/na-co-w-weekend-do-kina-amok-sa-propozycje-dla-dzieci-i-doroslych-zaplanowano-tez-dzien-dziecka\/"},"wordCount":694,"commentCount":0,"publisher":{"@id":"https:\/\/www.24gliwice.pl\/wiadomosci\/#organization"},"image":{"@id":"https:\/\/www.24gliwice.pl\/wiadomosci\/na-co-w-weekend-do-kina-amok-sa-propozycje-dla-dzieci-i-doroslych-zaplanowano-tez-dzien-dziecka\/#primaryimage"},"thumbnailUrl":"https:\/\/www.24gliwice.pl\/wiadomosci\/wp-content\/uploads\/2022\/05\/amok-detektyw-bruno.jpg","keywords":["premiery kinowe","repertuar kina amok"],"articleSection":["Gliwice","Kultura, wydarzenia, imprezy","Najnowsze wiadomo\u015bci"],"inLanguage":"pl-PL","potentialAction":[{"@type":"CommentAction","name":"Comment","target":["https:\/\/www.24gliwice.pl\/wiadomosci\/na-co-w-weekend-do-kina-amok-sa-propozycje-dla-dzieci-i-doroslych-zaplanowano-tez-dzien-dziecka\/#respond"]}]},{"@type":"WebPage","@id":"https:\/\/www.24gliwice.pl\/wiadomosci\/na-co-w-weekend-do-kina-amok-sa-propozycje-dla-dzieci-i-doroslych-zaplanowano-tez-dzien-dziecka\/","url":"https:\/\/www.24gliwice.pl\/wiadomosci\/na-co-w-weekend-do-kina-amok-sa-propozycje-dla-dzieci-i-doroslych-zaplanowano-tez-dzien-dziecka\/","name":"Na co w weekend do kina Amok? S\u0105 propozycje dla dzieci i doros\u0142ych, zaplanowano te\u017c Dzie\u0144 Dziecka - 24GLIWICE - Portal Gliwice | codziennie nowe informacje","isPartOf":{"@id":"https:\/\/www.24gliwice.pl\/wiadomosci\/#website"},"primaryImageOfPage":{"@id":"https:\/\/www.24gliwice.pl\/wiadomosci\/na-co-w-weekend-do-kina-amok-sa-propozycje-dla-dzieci-i-doroslych-zaplanowano-tez-dzien-dziecka\/#primaryimage"},"image":{"@id":"https:\/\/www.24gliwice.pl\/wiadomosci\/na-co-w-weekend-do-kina-amok-sa-propozycje-dla-dzieci-i-doroslych-zaplanowano-tez-dzien-dziecka\/#primaryimage"},"thumbnailUrl":"https:\/\/www.24gliwice.pl\/wiadomosci\/wp-content\/uploads\/2022\/05\/amok-detektyw-bruno.jpg","datePublished":"2022-05-26T22:10:58+00:00","dateModified":"2022-05-30T09:46:33+00:00","description":"W repertuarze kina Amok od pi\u0105tku mamy dwie nowo\u015bci. Mo\u017cna wybra\u0107 si\u0119 na film familijny albo w\u0142oski dramat","breadcrumb":{"@id":"https:\/\/www.24gliwice.pl\/wiadomosci\/na-co-w-weekend-do-kina-amok-sa-propozycje-dla-dzieci-i-doroslych-zaplanowano-tez-dzien-dziecka\/#breadcrumb"},"inLanguage":"pl-PL","potentialAction":[{"@type":"ReadAction","target":["https:\/\/www.24gliwice.pl\/wiadomosci\/na-co-w-weekend-do-kina-amok-sa-propozycje-dla-dzieci-i-doroslych-zaplanowano-tez-dzien-dziecka\/"]}]},{"@type":"ImageObject","inLanguage":"pl-PL","@id":"https:\/\/www.24gliwice.pl\/wiadomosci\/na-co-w-weekend-do-kina-amok-sa-propozycje-dla-dzieci-i-doroslych-zaplanowano-tez-dzien-dziecka\/#primaryimage","url":"https:\/\/www.24gliwice.pl\/wiadomosci\/wp-content\/uploads\/2022\/05\/amok-detektyw-bruno.jpg","contentUrl":"https:\/\/www.24gliwice.pl\/wiadomosci\/wp-content\/uploads\/2022\/05\/amok-detektyw-bruno.jpg","width":810,"height":456},{"@type":"BreadcrumbList","@id":"https:\/\/www.24gliwice.pl\/wiadomosci\/na-co-w-weekend-do-kina-amok-sa-propozycje-dla-dzieci-i-doroslych-zaplanowano-tez-dzien-dziecka\/#breadcrumb","itemListElement":[{"@type":"ListItem","position":1,"name":"Strona g\u0142\u00f3wna","item":"https:\/\/www.24gliwice.pl\/wiadomosci\/"},{"@type":"ListItem","position":2,"name":"Na co w weekend do kina Amok? S\u0105 propozycje dla dzieci i doros\u0142ych, zaplanowano te\u017c Dzie\u0144 Dziecka"}]},{"@type":"WebSite","@id":"https:\/\/www.24gliwice.pl\/wiadomosci\/#website","url":"https:\/\/www.24gliwice.pl\/wiadomosci\/","name":"24GLIWICE - Portal Gliwice | codziennie nowe wiadomo\u015bci","description":"Portal Miejski Gliwice","publisher":{"@id":"https:\/\/www.24gliwice.pl\/wiadomosci\/#organization"},"potentialAction":[{"@type":"SearchAction","target":{"@type":"EntryPoint","urlTemplate":"https:\/\/www.24gliwice.pl\/wiadomosci\/?s={search_term_string}"},"query-input":{"@type":"PropertyValueSpecification","valueRequired":true,"valueName":"search_term_string"}}],"inLanguage":"pl-PL"},{"@type":"Organization","@id":"https:\/\/www.24gliwice.pl\/wiadomosci\/#organization","name":"24gliwice","url":"https:\/\/www.24gliwice.pl\/wiadomosci\/","logo":{"@type":"ImageObject","inLanguage":"pl-PL","@id":"https:\/\/www.24gliwice.pl\/wiadomosci\/#\/schema\/logo\/image\/","url":"https:\/\/www.24gliwice.pl\/wiadomosci\/wp-content\/uploads\/2024\/10\/24gliwice-logo-696.jpg","contentUrl":"https:\/\/www.24gliwice.pl\/wiadomosci\/wp-content\/uploads\/2024\/10\/24gliwice-logo-696.jpg","width":696,"height":696,"caption":"24gliwice"},"image":{"@id":"https:\/\/www.24gliwice.pl\/wiadomosci\/#\/schema\/logo\/image\/"},"sameAs":["https:\/\/www.facebook.com\/24gliwice","https:\/\/x.com\/24gliwice","https:\/\/www.youtube.com\/@24gliwice"]},{"@type":"Person","@id":"https:\/\/www.24gliwice.pl\/wiadomosci\/#\/schema\/person\/e42c650edd7f2fa332be3811fb166b6e","name":"\u017baneta Mrozek-Siewierska","image":{"@type":"ImageObject","inLanguage":"pl-PL","@id":"https:\/\/www.24gliwice.pl\/wiadomosci\/wp-content\/uploads\/2021\/11\/Zaneta-M_S-zdjecie-czb-96x96.jpg","url":"https:\/\/www.24gliwice.pl\/wiadomosci\/wp-content\/uploads\/2021\/11\/Zaneta-M_S-zdjecie-czb-96x96.jpg","contentUrl":"https:\/\/www.24gliwice.pl\/wiadomosci\/wp-content\/uploads\/2021\/11\/Zaneta-M_S-zdjecie-czb-96x96.jpg","caption":"\u017baneta Mrozek-Siewierska"},"url":"https:\/\/www.24gliwice.pl\/wiadomosci\/author\/zms\/"}]}},"_links":{"self":[{"href":"https:\/\/www.24gliwice.pl\/wiadomosci\/wp-json\/wp\/v2\/posts\/193285","targetHints":{"allow":["GET"]}}],"collection":[{"href":"https:\/\/www.24gliwice.pl\/wiadomosci\/wp-json\/wp\/v2\/posts"}],"about":[{"href":"https:\/\/www.24gliwice.pl\/wiadomosci\/wp-json\/wp\/v2\/types\/post"}],"author":[{"embeddable":true,"href":"https:\/\/www.24gliwice.pl\/wiadomosci\/wp-json\/wp\/v2\/users\/15"}],"replies":[{"embeddable":true,"href":"https:\/\/www.24gliwice.pl\/wiadomosci\/wp-json\/wp\/v2\/comments?post=193285"}],"version-history":[{"count":7,"href":"https:\/\/www.24gliwice.pl\/wiadomosci\/wp-json\/wp\/v2\/posts\/193285\/revisions"}],"predecessor-version":[{"id":193293,"href":"https:\/\/www.24gliwice.pl\/wiadomosci\/wp-json\/wp\/v2\/posts\/193285\/revisions\/193293"}],"wp:featuredmedia":[{"embeddable":true,"href":"https:\/\/www.24gliwice.pl\/wiadomosci\/wp-json\/wp\/v2\/media\/193291"}],"wp:attachment":[{"href":"https:\/\/www.24gliwice.pl\/wiadomosci\/wp-json\/wp\/v2\/media?parent=193285"}],"wp:term":[{"taxonomy":"category","embeddable":true,"href":"https:\/\/www.24gliwice.pl\/wiadomosci\/wp-json\/wp\/v2\/categories?post=193285"},{"taxonomy":"post_tag","embeddable":true,"href":"https:\/\/www.24gliwice.pl\/wiadomosci\/wp-json\/wp\/v2\/tags?post=193285"}],"curies":[{"name":"wp","href":"https:\/\/api.w.org\/{rel}","templated":true}]}}