{"id":193327,"date":"2022-05-31T18:54:58","date_gmt":"2022-05-31T16:54:58","guid":{"rendered":"https:\/\/www.24gliwice.pl\/wiadomosci\/?p=193327"},"modified":"2022-05-31T22:32:09","modified_gmt":"2022-05-31T20:32:09","slug":"zmiana-organizacji-ruchu-i-relokacja-przystanku-autobusowego-zwroc-uwage-na-znaki-drogowe-foto","status":"publish","type":"post","link":"https:\/\/www.24gliwice.pl\/wiadomosci\/zmiana-organizacji-ruchu-i-relokacja-przystanku-autobusowego-zwroc-uwage-na-znaki-drogowe-foto\/","title":{"rendered":"Zmiana organizacji ruchu i relokacja przystanku autobusowego. Zwr\u00f3\u0107 uwag\u0119 na znaki drogowe (foto)"},"content":{"rendered":"<div class=\"gliwi-a6-nad-leadem-artykulow gliwi-entity-placement\" id=\"gliwi-3583834136\"><div class=\"gliwi-adlabel\"><span style=\"font-size: 9px\">REKLAMA<\/span><\/div><div id=\"gliwi-4091632812\" style=\"margin-bottom: 25px;margin-left: auto;margin-right: auto;text-align: center;\"><a data-no-instant=\"1\" href=\"https:\/\/dom100.eu\/\" rel=\"noopener\" class=\"a2t-link\" target=\"_blank\" aria-label=\"20260415 DOM100 D\"><img loading=\"lazy\" decoding=\"async\" src=\"https:\/\/www.24gliwice.pl\/wiadomosci\/wp-content\/uploads\/2026\/04\/20260415-DOM100-D.jpg\" alt=\"\"  srcset=\"https:\/\/www.24gliwice.pl\/wiadomosci\/wp-content\/uploads\/2026\/04\/20260415-DOM100-D.jpg 750w, https:\/\/www.24gliwice.pl\/wiadomosci\/wp-content\/uploads\/2026\/04\/20260415-DOM100-D-410x109.jpg 410w\" sizes=\"(max-width: 750px) 100vw, 750px\" class=\"no-lazyload\" width=\"750\" height=\"200\"  style=\"display: inline-block; max-width: 100%; height: auto;\" \/><\/a><\/div><\/div><h2>Przyzwyczaili\u015bcie si\u0119 ju\u017c do tymczasowej organizacji ruchu przed dworcem PKP? Uprzedzamy &#8211; ponownie trzeba b\u0119dzie zwraca\u0107 szczeg\u00f3ln\u0105 uwag\u0119 na znaki. W tym tygodniu zmieni si\u0119 tu organizacja ruchu. Modyfikacje dotycz\u0105 te\u017c pasa\u017cer\u00f3w autobus\u00f3w.<\/h2>\n<p>&nbsp;<br \/>\n<a href=\"https:\/\/www.24gliwice.pl\/wiadomosci\/wp-content\/uploads\/2022\/05\/boh-getta-warszawskiego-przystanek3.jpg\"><img loading=\"lazy\" decoding=\"async\" src=\"https:\/\/www.24gliwice.pl\/wiadomosci\/wp-content\/uploads\/2022\/05\/boh-getta-warszawskiego-przystanek3.jpg\" alt=\"\" width=\"810\" height=\"457\" class=\"alignnone size-full wp-image-193367\" srcset=\"https:\/\/www.24gliwice.pl\/wiadomosci\/wp-content\/uploads\/2022\/05\/boh-getta-warszawskiego-przystanek3.jpg 810w, https:\/\/www.24gliwice.pl\/wiadomosci\/wp-content\/uploads\/2022\/05\/boh-getta-warszawskiego-przystanek3-410x232.jpg 410w, https:\/\/www.24gliwice.pl\/wiadomosci\/wp-content\/uploads\/2022\/05\/boh-getta-warszawskiego-przystanek3-806x455.jpg 806w, https:\/\/www.24gliwice.pl\/wiadomosci\/wp-content\/uploads\/2022\/05\/boh-getta-warszawskiego-przystanek3-768x433.jpg 768w\" sizes=\"auto, (max-width: 810px) 100vw, 810px\" \/><\/a><\/p>\n<p>Chocia\u017c od zako\u0144czenia przebudowy dr\u00f3g po po\u0142udniowej stronie dworca PKP dzieli nas jeszcze ponad rok, zmiany zachodz\u0105ce w tej cz\u0119\u015bci miasta s\u0105 ju\u017c dostrzegalne. W poniedzia\u0142ek oczom mieszka\u0144c\u00f3w przechodz\u0105cych w rejonie inwestycji ukaza\u0142 si\u0119 widok pracownik\u00f3w drogowych uk\u0142adaj\u0105cych nawierzchni\u0119 z kostki brukowej na odcinku ulicy Zwyci\u0119stwa. <\/p>\n<p><a href=\"https:\/\/www.24gliwice.pl\/wiadomosci\/wp-content\/uploads\/2022\/05\/boh-getta-warszawskiego-zwyciestwa-kostka.jpg\"><img loading=\"lazy\" decoding=\"async\" src=\"https:\/\/www.24gliwice.pl\/wiadomosci\/wp-content\/uploads\/2022\/05\/boh-getta-warszawskiego-zwyciestwa-kostka.jpg\" alt=\"\" width=\"810\" height=\"519\" class=\"alignnone size-full wp-image-193368\" srcset=\"https:\/\/www.24gliwice.pl\/wiadomosci\/wp-content\/uploads\/2022\/05\/boh-getta-warszawskiego-zwyciestwa-kostka.jpg 810w, https:\/\/www.24gliwice.pl\/wiadomosci\/wp-content\/uploads\/2022\/05\/boh-getta-warszawskiego-zwyciestwa-kostka-362x232.jpg 362w, https:\/\/www.24gliwice.pl\/wiadomosci\/wp-content\/uploads\/2022\/05\/boh-getta-warszawskiego-zwyciestwa-kostka-710x455.jpg 710w, https:\/\/www.24gliwice.pl\/wiadomosci\/wp-content\/uploads\/2022\/05\/boh-getta-warszawskiego-zwyciestwa-kostka-768x492.jpg 768w\" sizes=\"auto, (max-width: 810px) 100vw, 810px\" \/><\/a><\/p>\n<p>Plac przed dworcem PKP mniej wi\u0119cej po\u0142owicznie wykonany (tak\u017ce wy\u0142o\u017cony tym materia\u0142em) w ostatnim czasie przypomina sk\u0142ad budowlany &#8211; przechowywane s\u0105 tam materia\u0142y do realizacji dalszej cz\u0119\u015bci przedsi\u0119wzi\u0119cia. <\/p><div class=\"gliwi-a3-w-tresci-artykulow gliwi-entity-placement\" id=\"gliwi-3685661117\"><div class=\"gliwi-adlabel\"><span style=\"font-size: 9px\">REKLAMA<\/span><\/div><div id=\"gliwi-8158972\" style=\"margin-bottom: 30px;margin-left: auto;margin-right: auto;text-align: center;\"><a data-no-instant=\"1\" href=\"https:\/\/ogrodyandersa.pl\/\" rel=\"noopener\" class=\"a2t-link\" target=\"_blank\" aria-label=\"20260415 Ogrody Andersa KUP TERAZ D\"><img loading=\"lazy\" decoding=\"async\" src=\"https:\/\/www.24gliwice.pl\/wiadomosci\/wp-content\/uploads\/2026\/04\/20260415-Ogrody-Andersa-KUP-TERAZ-D.jpg\" alt=\"\"  srcset=\"https:\/\/www.24gliwice.pl\/wiadomosci\/wp-content\/uploads\/2026\/04\/20260415-Ogrody-Andersa-KUP-TERAZ-D.jpg 750w, https:\/\/www.24gliwice.pl\/wiadomosci\/wp-content\/uploads\/2026\/04\/20260415-Ogrody-Andersa-KUP-TERAZ-D-410x109.jpg 410w\" sizes=\"(max-width: 750px) 100vw, 750px\" class=\"no-lazyload\" width=\"750\" height=\"200\"  style=\"display: inline-block; max-width: 100%; height: auto;\" \/><\/a><\/div><\/div>\n<p><a href=\"https:\/\/www.24gliwice.pl\/wiadomosci\/wp-content\/uploads\/2022\/05\/boh-getta-warszawskiego-kostka-plac-przerd-dworcem.jpg\"><img loading=\"lazy\" decoding=\"async\" src=\"https:\/\/www.24gliwice.pl\/wiadomosci\/wp-content\/uploads\/2022\/05\/boh-getta-warszawskiego-kostka-plac-przerd-dworcem.jpg\" alt=\"\" width=\"810\" height=\"456\" class=\"alignnone size-full wp-image-193360\" srcset=\"https:\/\/www.24gliwice.pl\/wiadomosci\/wp-content\/uploads\/2022\/05\/boh-getta-warszawskiego-kostka-plac-przerd-dworcem.jpg 810w, https:\/\/www.24gliwice.pl\/wiadomosci\/wp-content\/uploads\/2022\/05\/boh-getta-warszawskiego-kostka-plac-przerd-dworcem-410x232.jpg 410w, https:\/\/www.24gliwice.pl\/wiadomosci\/wp-content\/uploads\/2022\/05\/boh-getta-warszawskiego-kostka-plac-przerd-dworcem-808x455.jpg 808w, https:\/\/www.24gliwice.pl\/wiadomosci\/wp-content\/uploads\/2022\/05\/boh-getta-warszawskiego-kostka-plac-przerd-dworcem-768x432.jpg 768w\" sizes=\"auto, (max-width: 810px) 100vw, 810px\" \/><\/a><\/p>\n<h4>Jak poinformowa\u0142 w ostatnich dniach Zarz\u0105d Dr\u00f3g Miejskich, niebawem, bo od czwartku, 2 czerwca, zmieni si\u0119 tu organizacja ruchu.<\/h4>\n<p><a href=\"https:\/\/www.24gliwice.pl\/wiadomosci\/wp-content\/uploads\/2022\/05\/boh-getta-warszawskiego-dworzec.jpg\"><img loading=\"lazy\" decoding=\"async\" src=\"https:\/\/www.24gliwice.pl\/wiadomosci\/wp-content\/uploads\/2022\/05\/boh-getta-warszawskiego-dworzec.jpg\" alt=\"\" width=\"810\" height=\"456\" class=\"alignnone size-full wp-image-193358\" srcset=\"https:\/\/www.24gliwice.pl\/wiadomosci\/wp-content\/uploads\/2022\/05\/boh-getta-warszawskiego-dworzec.jpg 810w, https:\/\/www.24gliwice.pl\/wiadomosci\/wp-content\/uploads\/2022\/05\/boh-getta-warszawskiego-dworzec-410x232.jpg 410w, https:\/\/www.24gliwice.pl\/wiadomosci\/wp-content\/uploads\/2022\/05\/boh-getta-warszawskiego-dworzec-808x455.jpg 808w, https:\/\/www.24gliwice.pl\/wiadomosci\/wp-content\/uploads\/2022\/05\/boh-getta-warszawskiego-dworzec-768x432.jpg 768w\" sizes=\"auto, (max-width: 810px) 100vw, 810px\" \/><\/a><\/p>\n<p><a href=\"https:\/\/www.24gliwice.pl\/wiadomosci\/wp-content\/uploads\/2022\/05\/boh-getta-warszawskiego-dworzec-znak.jpg\"><img loading=\"lazy\" decoding=\"async\" src=\"https:\/\/www.24gliwice.pl\/wiadomosci\/wp-content\/uploads\/2022\/05\/boh-getta-warszawskiego-dworzec-znak.jpg\" alt=\"\" width=\"810\" height=\"456\" class=\"alignnone size-full wp-image-193357\" srcset=\"https:\/\/www.24gliwice.pl\/wiadomosci\/wp-content\/uploads\/2022\/05\/boh-getta-warszawskiego-dworzec-znak.jpg 810w, https:\/\/www.24gliwice.pl\/wiadomosci\/wp-content\/uploads\/2022\/05\/boh-getta-warszawskiego-dworzec-znak-410x232.jpg 410w, https:\/\/www.24gliwice.pl\/wiadomosci\/wp-content\/uploads\/2022\/05\/boh-getta-warszawskiego-dworzec-znak-808x455.jpg 808w, https:\/\/www.24gliwice.pl\/wiadomosci\/wp-content\/uploads\/2022\/05\/boh-getta-warszawskiego-dworzec-znak-768x432.jpg 768w\" sizes=\"auto, (max-width: 810px) 100vw, 810px\" \/><\/a><\/p>\n<p>Zmiany dotyczy\u0107 b\u0119d\u0105 ul. Bohater\u00f3w Getta Warszawskiego na odcinku od skrzy\u017cowania z ul. Zwyci\u0119stwa w kierunku ul. Toszeckiej. Zamkni\u0119ta zostanie \u015brodkowa cz\u0119\u015b\u0107 jezdni a ruch odbywa\u0107 si\u0119 b\u0119dzie skrajnymi pasami.<\/p>\n<p><a href=\"https:\/\/www.24gliwice.pl\/wiadomosci\/wp-content\/uploads\/2022\/05\/boh-getta-warszawskiego-przystanek2.jpg\"><img loading=\"lazy\" decoding=\"async\" src=\"https:\/\/www.24gliwice.pl\/wiadomosci\/wp-content\/uploads\/2022\/05\/boh-getta-warszawskiego-przystanek2.jpg\" alt=\"\" width=\"810\" height=\"457\" class=\"alignnone size-full wp-image-193366\" srcset=\"https:\/\/www.24gliwice.pl\/wiadomosci\/wp-content\/uploads\/2022\/05\/boh-getta-warszawskiego-przystanek2.jpg 810w, https:\/\/www.24gliwice.pl\/wiadomosci\/wp-content\/uploads\/2022\/05\/boh-getta-warszawskiego-przystanek2-410x232.jpg 410w, https:\/\/www.24gliwice.pl\/wiadomosci\/wp-content\/uploads\/2022\/05\/boh-getta-warszawskiego-przystanek2-806x455.jpg 806w, https:\/\/www.24gliwice.pl\/wiadomosci\/wp-content\/uploads\/2022\/05\/boh-getta-warszawskiego-przystanek2-768x433.jpg 768w\" sizes=\"auto, (max-width: 810px) 100vw, 810px\" \/><\/a><\/p>\n<p><a href=\"https:\/\/www.24gliwice.pl\/wiadomosci\/wp-content\/uploads\/2022\/05\/boh-getta-warszawskiego.jpg\"><img loading=\"lazy\" decoding=\"async\" src=\"https:\/\/www.24gliwice.pl\/wiadomosci\/wp-content\/uploads\/2022\/05\/boh-getta-warszawskiego.jpg\" alt=\"\" width=\"810\" height=\"507\" class=\"alignnone size-full wp-image-193369\" srcset=\"https:\/\/www.24gliwice.pl\/wiadomosci\/wp-content\/uploads\/2022\/05\/boh-getta-warszawskiego.jpg 810w, https:\/\/www.24gliwice.pl\/wiadomosci\/wp-content\/uploads\/2022\/05\/boh-getta-warszawskiego-371x232.jpg 371w, https:\/\/www.24gliwice.pl\/wiadomosci\/wp-content\/uploads\/2022\/05\/boh-getta-warszawskiego-727x455.jpg 727w, https:\/\/www.24gliwice.pl\/wiadomosci\/wp-content\/uploads\/2022\/05\/boh-getta-warszawskiego-768x481.jpg 768w\" sizes=\"auto, (max-width: 810px) 100vw, 810px\" \/><\/a><\/p>\n<p>&#8211; <em>Zmianie ulegnie tak\u017ce lokalizacja przystanku autobusowego znajduj\u0105cego si\u0119 w okolicy poczty &#8211; kierunek ul. Toszecka. Zostanie on przeniesiony przed dworzec PKP na peron tymczasowy<\/em> &#8211; przekazuje Jadwiga <strong>Jagie\u0142\u0142o-Stiborska<\/strong>, rzeczniczka ZDM Gliwice. <\/p>\n<p><a href=\"https:\/\/www.24gliwice.pl\/wiadomosci\/wp-content\/uploads\/2022\/05\/boh-getta-warszawskiego-przystanek.jpg\"><img loading=\"lazy\" decoding=\"async\" src=\"https:\/\/www.24gliwice.pl\/wiadomosci\/wp-content\/uploads\/2022\/05\/boh-getta-warszawskiego-przystanek.jpg\" alt=\"\" width=\"810\" height=\"457\" class=\"alignnone size-full wp-image-193365\" srcset=\"https:\/\/www.24gliwice.pl\/wiadomosci\/wp-content\/uploads\/2022\/05\/boh-getta-warszawskiego-przystanek.jpg 810w, https:\/\/www.24gliwice.pl\/wiadomosci\/wp-content\/uploads\/2022\/05\/boh-getta-warszawskiego-przystanek-410x232.jpg 410w, https:\/\/www.24gliwice.pl\/wiadomosci\/wp-content\/uploads\/2022\/05\/boh-getta-warszawskiego-przystanek-806x455.jpg 806w, https:\/\/www.24gliwice.pl\/wiadomosci\/wp-content\/uploads\/2022\/05\/boh-getta-warszawskiego-przystanek-768x433.jpg 768w\" sizes=\"auto, (max-width: 810px) 100vw, 810px\" \/><\/a><\/p>\n<p><a href=\"https:\/\/www.24gliwice.pl\/wiadomosci\/wp-content\/uploads\/2022\/05\/boh-getta-warszawskiego-plac-przed-dworcem2.jpg\"><img loading=\"lazy\" decoding=\"async\" src=\"https:\/\/www.24gliwice.pl\/wiadomosci\/wp-content\/uploads\/2022\/05\/boh-getta-warszawskiego-plac-przed-dworcem2.jpg\" alt=\"\" width=\"810\" height=\"457\" class=\"alignnone size-full wp-image-193363\" srcset=\"https:\/\/www.24gliwice.pl\/wiadomosci\/wp-content\/uploads\/2022\/05\/boh-getta-warszawskiego-plac-przed-dworcem2.jpg 810w, https:\/\/www.24gliwice.pl\/wiadomosci\/wp-content\/uploads\/2022\/05\/boh-getta-warszawskiego-plac-przed-dworcem2-410x232.jpg 410w, https:\/\/www.24gliwice.pl\/wiadomosci\/wp-content\/uploads\/2022\/05\/boh-getta-warszawskiego-plac-przed-dworcem2-806x455.jpg 806w, https:\/\/www.24gliwice.pl\/wiadomosci\/wp-content\/uploads\/2022\/05\/boh-getta-warszawskiego-plac-przed-dworcem2-768x433.jpg 768w\" sizes=\"auto, (max-width: 810px) 100vw, 810px\" \/><\/a><\/p>\n<p><a href=\"https:\/\/www.24gliwice.pl\/wiadomosci\/wp-content\/uploads\/2022\/05\/boh-getta-warszawskiego-plac-przed-dworcem.jpg\"><img loading=\"lazy\" decoding=\"async\" src=\"https:\/\/www.24gliwice.pl\/wiadomosci\/wp-content\/uploads\/2022\/05\/boh-getta-warszawskiego-plac-przed-dworcem.jpg\" alt=\"\" width=\"810\" height=\"456\" class=\"alignnone size-full wp-image-193362\" srcset=\"https:\/\/www.24gliwice.pl\/wiadomosci\/wp-content\/uploads\/2022\/05\/boh-getta-warszawskiego-plac-przed-dworcem.jpg 810w, https:\/\/www.24gliwice.pl\/wiadomosci\/wp-content\/uploads\/2022\/05\/boh-getta-warszawskiego-plac-przed-dworcem-410x232.jpg 410w, https:\/\/www.24gliwice.pl\/wiadomosci\/wp-content\/uploads\/2022\/05\/boh-getta-warszawskiego-plac-przed-dworcem-808x455.jpg 808w, https:\/\/www.24gliwice.pl\/wiadomosci\/wp-content\/uploads\/2022\/05\/boh-getta-warszawskiego-plac-przed-dworcem-768x432.jpg 768w\" sizes=\"auto, (max-width: 810px) 100vw, 810px\" \/><\/a><\/p>\n<p>(\u017cms)\/ZDM Gliwice<br \/>\nfot. 24GLIWICE\/\u017bMS<\/p>\n<div class=\"gliwi-a5-na-koncu-artykulow gliwi-entity-placement\" id=\"gliwi-1111904112\"><div class=\"gliwi-adlabel\"><span style=\"font-size: 9px\">REKLAMA<\/span><\/div><div id=\"gliwi-3583729974\" style=\"margin-left: auto;margin-right: auto;text-align: center;\"><a data-no-instant=\"1\" href=\"https:\/\/www.jasek.pl\/\" rel=\"noopener\" class=\"a2t-link\" target=\"_blank\" aria-label=\"20200401-jasek 600\"><img loading=\"lazy\" decoding=\"async\" src=\"https:\/\/www.24gliwice.pl\/wiadomosci\/wp-content\/uploads\/2020\/04\/20200401-jasek-600.jpg\" alt=\"\"  srcset=\"https:\/\/www.24gliwice.pl\/wiadomosci\/wp-content\/uploads\/2020\/04\/20200401-jasek-600.jpg 600w, https:\/\/www.24gliwice.pl\/wiadomosci\/wp-content\/uploads\/2020\/04\/20200401-jasek-600-410x109.jpg 410w\" sizes=\"(max-width: 600px) 100vw, 600px\" class=\"no-lazyload\" width=\"600\" height=\"160\"  style=\"display: inline-block; max-width: 100%; height: auto;\" \/><\/a><\/div><\/div>","protected":false},"excerpt":{"rendered":"<p>Przyzwyczaili\u015bcie si\u0119 ju\u017c do tymczasowej organizacji ruchu przed dworcem PKP? Uprzedzamy &#8211; ponownie trzeba b\u0119dzie zwraca\u0107 szczeg\u00f3ln\u0105 uwag\u0119 na znaki. W tym tygodniu zmieni si\u0119 tu organizacja ruchu. Modyfikacje dotycz\u0105 te\u017c pasa\u017cer\u00f3w autobus\u00f3w. &nbsp; Chocia\u017c od zako\u0144czenia przebudowy dr\u00f3g po po\u0142udniowej stronie dworca PKP dzieli nas jeszcze ponad rok, zmiany zachodz\u0105ce w tej cz\u0119\u015bci miasta [&hellip;]<\/p>\n","protected":false},"author":15,"featured_media":193359,"comment_status":"open","ping_status":"closed","sticky":false,"template":"","format":"standard","meta":{"_monsterinsights_skip_tracking":false,"_monsterinsights_sitenote_active":false,"_monsterinsights_sitenote_note":"","_monsterinsights_sitenote_category":0,"footnotes":"","_links_to":"","_links_to_target":""},"categories":[3,1],"tags":[9942,21210],"class_list":["post-193327","post","type-post","status-publish","format-standard","has-post-thumbnail","hentry","category-gliwice","category-wszystko","tag-bohaterow-getta-warszawskiego","tag-przebudowa-drog-przed-dworcem-pkp"],"yoast_head":"<!-- This site is optimized with the Yoast SEO plugin v27.4 - https:\/\/yoast.com\/product\/yoast-seo-wordpress\/ -->\n<title>Zmiana organizacji ruchu i relokacja przystanku autobusowego. Zwr\u00f3\u0107 uwag\u0119 na znaki drogowe (foto) - 24GLIWICE - Portal Gliwice | codziennie nowe informacje<\/title>\n<meta name=\"description\" content=\"Od czwartku, 2 czerwca, na ulicy Bohater\u00f3w Getta Warszawskiego nast\u0105pi zmiana organizacji ruchu. Przystanek autobusowy zmieni lokalizacj\u0119\" \/>\n<meta name=\"robots\" content=\"index, follow, max-snippet:-1, max-image-preview:large, max-video-preview:-1\" \/>\n<link rel=\"canonical\" href=\"https:\/\/www.24gliwice.pl\/wiadomosci\/zmiana-organizacji-ruchu-i-relokacja-przystanku-autobusowego-zwroc-uwage-na-znaki-drogowe-foto\/\" \/>\n<meta property=\"og:locale\" content=\"pl_PL\" \/>\n<meta property=\"og:type\" content=\"article\" \/>\n<meta property=\"og:title\" content=\"Zmiana organizacji ruchu i relokacja przystanku autobusowego. Zwr\u00f3\u0107 uwag\u0119 na znaki drogowe (foto) - 24GLIWICE - Portal Gliwice | codziennie nowe informacje\" \/>\n<meta property=\"og:description\" content=\"Od czwartku, 2 czerwca, na ulicy Bohater\u00f3w Getta Warszawskiego nast\u0105pi zmiana organizacji ruchu. Przystanek autobusowy zmieni lokalizacj\u0119\" \/>\n<meta property=\"og:url\" content=\"https:\/\/www.24gliwice.pl\/wiadomosci\/zmiana-organizacji-ruchu-i-relokacja-przystanku-autobusowego-zwroc-uwage-na-znaki-drogowe-foto\/\" \/>\n<meta property=\"og:site_name\" content=\"24GLIWICE - Portal Gliwice | codziennie nowe informacje\" \/>\n<meta property=\"article:publisher\" content=\"https:\/\/www.facebook.com\/24gliwice\" \/>\n<meta property=\"article:published_time\" content=\"2022-05-31T16:54:58+00:00\" \/>\n<meta property=\"article:modified_time\" content=\"2022-05-31T20:32:09+00:00\" \/>\n<meta property=\"og:image\" content=\"https:\/\/www.24gliwice.pl\/wiadomosci\/wp-content\/uploads\/2022\/05\/boh-getta-warszawskiego-dworzec2.jpg\" \/>\n\t<meta property=\"og:image:width\" content=\"810\" \/>\n\t<meta property=\"og:image:height\" content=\"457\" \/>\n\t<meta property=\"og:image:type\" content=\"image\/jpeg\" \/>\n<meta name=\"author\" content=\"\u017baneta Mrozek-Siewierska\" \/>\n<meta name=\"twitter:card\" content=\"summary_large_image\" \/>\n<meta name=\"twitter:creator\" content=\"@24gliwice\" \/>\n<meta name=\"twitter:site\" content=\"@24gliwice\" \/>\n<meta name=\"twitter:label1\" content=\"Napisane przez\" \/>\n\t<meta name=\"twitter:data1\" content=\"\u017baneta Mrozek-Siewierska\" \/>\n\t<meta name=\"twitter:label2\" content=\"Szacowany czas czytania\" \/>\n\t<meta name=\"twitter:data2\" content=\"1 minuta\" \/>\n<script type=\"application\/ld+json\" class=\"yoast-schema-graph\">{\"@context\":\"https:\\\/\\\/schema.org\",\"@graph\":[{\"@type\":\"Article\",\"@id\":\"https:\\\/\\\/www.24gliwice.pl\\\/wiadomosci\\\/zmiana-organizacji-ruchu-i-relokacja-przystanku-autobusowego-zwroc-uwage-na-znaki-drogowe-foto\\\/#article\",\"isPartOf\":{\"@id\":\"https:\\\/\\\/www.24gliwice.pl\\\/wiadomosci\\\/zmiana-organizacji-ruchu-i-relokacja-przystanku-autobusowego-zwroc-uwage-na-znaki-drogowe-foto\\\/\"},\"author\":{\"name\":\"\u017baneta Mrozek-Siewierska\",\"@id\":\"https:\\\/\\\/www.24gliwice.pl\\\/wiadomosci\\\/#\\\/schema\\\/person\\\/e42c650edd7f2fa332be3811fb166b6e\"},\"headline\":\"Zmiana organizacji ruchu i relokacja przystanku autobusowego. Zwr\u00f3\u0107 uwag\u0119 na znaki drogowe (foto)\",\"datePublished\":\"2022-05-31T16:54:58+00:00\",\"dateModified\":\"2022-05-31T20:32:09+00:00\",\"mainEntityOfPage\":{\"@id\":\"https:\\\/\\\/www.24gliwice.pl\\\/wiadomosci\\\/zmiana-organizacji-ruchu-i-relokacja-przystanku-autobusowego-zwroc-uwage-na-znaki-drogowe-foto\\\/\"},\"wordCount\":248,\"commentCount\":0,\"publisher\":{\"@id\":\"https:\\\/\\\/www.24gliwice.pl\\\/wiadomosci\\\/#organization\"},\"image\":{\"@id\":\"https:\\\/\\\/www.24gliwice.pl\\\/wiadomosci\\\/zmiana-organizacji-ruchu-i-relokacja-przystanku-autobusowego-zwroc-uwage-na-znaki-drogowe-foto\\\/#primaryimage\"},\"thumbnailUrl\":\"https:\\\/\\\/www.24gliwice.pl\\\/wiadomosci\\\/wp-content\\\/uploads\\\/2022\\\/05\\\/boh-getta-warszawskiego-dworzec2.jpg\",\"keywords\":[\"bohater\u00f3w getta warszawskiego\",\"przebudowa dr\u00f3g przed dworcem pkp\"],\"articleSection\":[\"Gliwice\",\"Najnowsze wiadomo\u015bci\"],\"inLanguage\":\"pl-PL\",\"potentialAction\":[{\"@type\":\"CommentAction\",\"name\":\"Comment\",\"target\":[\"https:\\\/\\\/www.24gliwice.pl\\\/wiadomosci\\\/zmiana-organizacji-ruchu-i-relokacja-przystanku-autobusowego-zwroc-uwage-na-znaki-drogowe-foto\\\/#respond\"]}]},{\"@type\":\"WebPage\",\"@id\":\"https:\\\/\\\/www.24gliwice.pl\\\/wiadomosci\\\/zmiana-organizacji-ruchu-i-relokacja-przystanku-autobusowego-zwroc-uwage-na-znaki-drogowe-foto\\\/\",\"url\":\"https:\\\/\\\/www.24gliwice.pl\\\/wiadomosci\\\/zmiana-organizacji-ruchu-i-relokacja-przystanku-autobusowego-zwroc-uwage-na-znaki-drogowe-foto\\\/\",\"name\":\"Zmiana organizacji ruchu i relokacja przystanku autobusowego. Zwr\u00f3\u0107 uwag\u0119 na znaki drogowe (foto) - 24GLIWICE - Portal Gliwice | codziennie nowe informacje\",\"isPartOf\":{\"@id\":\"https:\\\/\\\/www.24gliwice.pl\\\/wiadomosci\\\/#website\"},\"primaryImageOfPage\":{\"@id\":\"https:\\\/\\\/www.24gliwice.pl\\\/wiadomosci\\\/zmiana-organizacji-ruchu-i-relokacja-przystanku-autobusowego-zwroc-uwage-na-znaki-drogowe-foto\\\/#primaryimage\"},\"image\":{\"@id\":\"https:\\\/\\\/www.24gliwice.pl\\\/wiadomosci\\\/zmiana-organizacji-ruchu-i-relokacja-przystanku-autobusowego-zwroc-uwage-na-znaki-drogowe-foto\\\/#primaryimage\"},\"thumbnailUrl\":\"https:\\\/\\\/www.24gliwice.pl\\\/wiadomosci\\\/wp-content\\\/uploads\\\/2022\\\/05\\\/boh-getta-warszawskiego-dworzec2.jpg\",\"datePublished\":\"2022-05-31T16:54:58+00:00\",\"dateModified\":\"2022-05-31T20:32:09+00:00\",\"description\":\"Od czwartku, 2 czerwca, na ulicy Bohater\u00f3w Getta Warszawskiego nast\u0105pi zmiana organizacji ruchu. Przystanek autobusowy zmieni lokalizacj\u0119\",\"breadcrumb\":{\"@id\":\"https:\\\/\\\/www.24gliwice.pl\\\/wiadomosci\\\/zmiana-organizacji-ruchu-i-relokacja-przystanku-autobusowego-zwroc-uwage-na-znaki-drogowe-foto\\\/#breadcrumb\"},\"inLanguage\":\"pl-PL\",\"potentialAction\":[{\"@type\":\"ReadAction\",\"target\":[\"https:\\\/\\\/www.24gliwice.pl\\\/wiadomosci\\\/zmiana-organizacji-ruchu-i-relokacja-przystanku-autobusowego-zwroc-uwage-na-znaki-drogowe-foto\\\/\"]}]},{\"@type\":\"ImageObject\",\"inLanguage\":\"pl-PL\",\"@id\":\"https:\\\/\\\/www.24gliwice.pl\\\/wiadomosci\\\/zmiana-organizacji-ruchu-i-relokacja-przystanku-autobusowego-zwroc-uwage-na-znaki-drogowe-foto\\\/#primaryimage\",\"url\":\"https:\\\/\\\/www.24gliwice.pl\\\/wiadomosci\\\/wp-content\\\/uploads\\\/2022\\\/05\\\/boh-getta-warszawskiego-dworzec2.jpg\",\"contentUrl\":\"https:\\\/\\\/www.24gliwice.pl\\\/wiadomosci\\\/wp-content\\\/uploads\\\/2022\\\/05\\\/boh-getta-warszawskiego-dworzec2.jpg\",\"width\":810,\"height\":457},{\"@type\":\"BreadcrumbList\",\"@id\":\"https:\\\/\\\/www.24gliwice.pl\\\/wiadomosci\\\/zmiana-organizacji-ruchu-i-relokacja-przystanku-autobusowego-zwroc-uwage-na-znaki-drogowe-foto\\\/#breadcrumb\",\"itemListElement\":[{\"@type\":\"ListItem\",\"position\":1,\"name\":\"Strona g\u0142\u00f3wna\",\"item\":\"https:\\\/\\\/www.24gliwice.pl\\\/wiadomosci\\\/\"},{\"@type\":\"ListItem\",\"position\":2,\"name\":\"Zmiana organizacji ruchu i relokacja przystanku autobusowego. Zwr\u00f3\u0107 uwag\u0119 na znaki drogowe (foto)\"}]},{\"@type\":\"WebSite\",\"@id\":\"https:\\\/\\\/www.24gliwice.pl\\\/wiadomosci\\\/#website\",\"url\":\"https:\\\/\\\/www.24gliwice.pl\\\/wiadomosci\\\/\",\"name\":\"24GLIWICE - Portal Gliwice | codziennie nowe wiadomo\u015bci\",\"description\":\"Portal Miejski Gliwice\",\"publisher\":{\"@id\":\"https:\\\/\\\/www.24gliwice.pl\\\/wiadomosci\\\/#organization\"},\"potentialAction\":[{\"@type\":\"SearchAction\",\"target\":{\"@type\":\"EntryPoint\",\"urlTemplate\":\"https:\\\/\\\/www.24gliwice.pl\\\/wiadomosci\\\/?s={search_term_string}\"},\"query-input\":{\"@type\":\"PropertyValueSpecification\",\"valueRequired\":true,\"valueName\":\"search_term_string\"}}],\"inLanguage\":\"pl-PL\"},{\"@type\":\"Organization\",\"@id\":\"https:\\\/\\\/www.24gliwice.pl\\\/wiadomosci\\\/#organization\",\"name\":\"24gliwice\",\"url\":\"https:\\\/\\\/www.24gliwice.pl\\\/wiadomosci\\\/\",\"logo\":{\"@type\":\"ImageObject\",\"inLanguage\":\"pl-PL\",\"@id\":\"https:\\\/\\\/www.24gliwice.pl\\\/wiadomosci\\\/#\\\/schema\\\/logo\\\/image\\\/\",\"url\":\"https:\\\/\\\/www.24gliwice.pl\\\/wiadomosci\\\/wp-content\\\/uploads\\\/2024\\\/10\\\/24gliwice-logo-696.jpg\",\"contentUrl\":\"https:\\\/\\\/www.24gliwice.pl\\\/wiadomosci\\\/wp-content\\\/uploads\\\/2024\\\/10\\\/24gliwice-logo-696.jpg\",\"width\":696,\"height\":696,\"caption\":\"24gliwice\"},\"image\":{\"@id\":\"https:\\\/\\\/www.24gliwice.pl\\\/wiadomosci\\\/#\\\/schema\\\/logo\\\/image\\\/\"},\"sameAs\":[\"https:\\\/\\\/www.facebook.com\\\/24gliwice\",\"https:\\\/\\\/x.com\\\/24gliwice\",\"https:\\\/\\\/www.youtube.com\\\/@24gliwice\"]},{\"@type\":\"Person\",\"@id\":\"https:\\\/\\\/www.24gliwice.pl\\\/wiadomosci\\\/#\\\/schema\\\/person\\\/e42c650edd7f2fa332be3811fb166b6e\",\"name\":\"\u017baneta Mrozek-Siewierska\",\"image\":{\"@type\":\"ImageObject\",\"inLanguage\":\"pl-PL\",\"@id\":\"https:\\\/\\\/www.24gliwice.pl\\\/wiadomosci\\\/wp-content\\\/uploads\\\/2021\\\/11\\\/Zaneta-M_S-zdjecie-czb-96x96.jpg\",\"url\":\"https:\\\/\\\/www.24gliwice.pl\\\/wiadomosci\\\/wp-content\\\/uploads\\\/2021\\\/11\\\/Zaneta-M_S-zdjecie-czb-96x96.jpg\",\"contentUrl\":\"https:\\\/\\\/www.24gliwice.pl\\\/wiadomosci\\\/wp-content\\\/uploads\\\/2021\\\/11\\\/Zaneta-M_S-zdjecie-czb-96x96.jpg\",\"caption\":\"\u017baneta Mrozek-Siewierska\"},\"url\":\"https:\\\/\\\/www.24gliwice.pl\\\/wiadomosci\\\/author\\\/zms\\\/\"}]}<\/script>\n<!-- \/ Yoast SEO plugin. -->","yoast_head_json":{"title":"Zmiana organizacji ruchu i relokacja przystanku autobusowego. Zwr\u00f3\u0107 uwag\u0119 na znaki drogowe (foto) - 24GLIWICE - Portal Gliwice | codziennie nowe informacje","description":"Od czwartku, 2 czerwca, na ulicy Bohater\u00f3w Getta Warszawskiego nast\u0105pi zmiana organizacji ruchu. Przystanek autobusowy zmieni lokalizacj\u0119","robots":{"index":"index","follow":"follow","max-snippet":"max-snippet:-1","max-image-preview":"max-image-preview:large","max-video-preview":"max-video-preview:-1"},"canonical":"https:\/\/www.24gliwice.pl\/wiadomosci\/zmiana-organizacji-ruchu-i-relokacja-przystanku-autobusowego-zwroc-uwage-na-znaki-drogowe-foto\/","og_locale":"pl_PL","og_type":"article","og_title":"Zmiana organizacji ruchu i relokacja przystanku autobusowego. Zwr\u00f3\u0107 uwag\u0119 na znaki drogowe (foto) - 24GLIWICE - Portal Gliwice | codziennie nowe informacje","og_description":"Od czwartku, 2 czerwca, na ulicy Bohater\u00f3w Getta Warszawskiego nast\u0105pi zmiana organizacji ruchu. Przystanek autobusowy zmieni lokalizacj\u0119","og_url":"https:\/\/www.24gliwice.pl\/wiadomosci\/zmiana-organizacji-ruchu-i-relokacja-przystanku-autobusowego-zwroc-uwage-na-znaki-drogowe-foto\/","og_site_name":"24GLIWICE - Portal Gliwice | codziennie nowe informacje","article_publisher":"https:\/\/www.facebook.com\/24gliwice","article_published_time":"2022-05-31T16:54:58+00:00","article_modified_time":"2022-05-31T20:32:09+00:00","og_image":[{"width":810,"height":457,"url":"https:\/\/www.24gliwice.pl\/wiadomosci\/wp-content\/uploads\/2022\/05\/boh-getta-warszawskiego-dworzec2.jpg","type":"image\/jpeg"}],"author":"\u017baneta Mrozek-Siewierska","twitter_card":"summary_large_image","twitter_creator":"@24gliwice","twitter_site":"@24gliwice","twitter_misc":{"Napisane przez":"\u017baneta Mrozek-Siewierska","Szacowany czas czytania":"1 minuta"},"schema":{"@context":"https:\/\/schema.org","@graph":[{"@type":"Article","@id":"https:\/\/www.24gliwice.pl\/wiadomosci\/zmiana-organizacji-ruchu-i-relokacja-przystanku-autobusowego-zwroc-uwage-na-znaki-drogowe-foto\/#article","isPartOf":{"@id":"https:\/\/www.24gliwice.pl\/wiadomosci\/zmiana-organizacji-ruchu-i-relokacja-przystanku-autobusowego-zwroc-uwage-na-znaki-drogowe-foto\/"},"author":{"name":"\u017baneta Mrozek-Siewierska","@id":"https:\/\/www.24gliwice.pl\/wiadomosci\/#\/schema\/person\/e42c650edd7f2fa332be3811fb166b6e"},"headline":"Zmiana organizacji ruchu i relokacja przystanku autobusowego. Zwr\u00f3\u0107 uwag\u0119 na znaki drogowe (foto)","datePublished":"2022-05-31T16:54:58+00:00","dateModified":"2022-05-31T20:32:09+00:00","mainEntityOfPage":{"@id":"https:\/\/www.24gliwice.pl\/wiadomosci\/zmiana-organizacji-ruchu-i-relokacja-przystanku-autobusowego-zwroc-uwage-na-znaki-drogowe-foto\/"},"wordCount":248,"commentCount":0,"publisher":{"@id":"https:\/\/www.24gliwice.pl\/wiadomosci\/#organization"},"image":{"@id":"https:\/\/www.24gliwice.pl\/wiadomosci\/zmiana-organizacji-ruchu-i-relokacja-przystanku-autobusowego-zwroc-uwage-na-znaki-drogowe-foto\/#primaryimage"},"thumbnailUrl":"https:\/\/www.24gliwice.pl\/wiadomosci\/wp-content\/uploads\/2022\/05\/boh-getta-warszawskiego-dworzec2.jpg","keywords":["bohater\u00f3w getta warszawskiego","przebudowa dr\u00f3g przed dworcem pkp"],"articleSection":["Gliwice","Najnowsze wiadomo\u015bci"],"inLanguage":"pl-PL","potentialAction":[{"@type":"CommentAction","name":"Comment","target":["https:\/\/www.24gliwice.pl\/wiadomosci\/zmiana-organizacji-ruchu-i-relokacja-przystanku-autobusowego-zwroc-uwage-na-znaki-drogowe-foto\/#respond"]}]},{"@type":"WebPage","@id":"https:\/\/www.24gliwice.pl\/wiadomosci\/zmiana-organizacji-ruchu-i-relokacja-przystanku-autobusowego-zwroc-uwage-na-znaki-drogowe-foto\/","url":"https:\/\/www.24gliwice.pl\/wiadomosci\/zmiana-organizacji-ruchu-i-relokacja-przystanku-autobusowego-zwroc-uwage-na-znaki-drogowe-foto\/","name":"Zmiana organizacji ruchu i relokacja przystanku autobusowego. Zwr\u00f3\u0107 uwag\u0119 na znaki drogowe (foto) - 24GLIWICE - Portal Gliwice | codziennie nowe informacje","isPartOf":{"@id":"https:\/\/www.24gliwice.pl\/wiadomosci\/#website"},"primaryImageOfPage":{"@id":"https:\/\/www.24gliwice.pl\/wiadomosci\/zmiana-organizacji-ruchu-i-relokacja-przystanku-autobusowego-zwroc-uwage-na-znaki-drogowe-foto\/#primaryimage"},"image":{"@id":"https:\/\/www.24gliwice.pl\/wiadomosci\/zmiana-organizacji-ruchu-i-relokacja-przystanku-autobusowego-zwroc-uwage-na-znaki-drogowe-foto\/#primaryimage"},"thumbnailUrl":"https:\/\/www.24gliwice.pl\/wiadomosci\/wp-content\/uploads\/2022\/05\/boh-getta-warszawskiego-dworzec2.jpg","datePublished":"2022-05-31T16:54:58+00:00","dateModified":"2022-05-31T20:32:09+00:00","description":"Od czwartku, 2 czerwca, na ulicy Bohater\u00f3w Getta Warszawskiego nast\u0105pi zmiana organizacji ruchu. Przystanek autobusowy zmieni lokalizacj\u0119","breadcrumb":{"@id":"https:\/\/www.24gliwice.pl\/wiadomosci\/zmiana-organizacji-ruchu-i-relokacja-przystanku-autobusowego-zwroc-uwage-na-znaki-drogowe-foto\/#breadcrumb"},"inLanguage":"pl-PL","potentialAction":[{"@type":"ReadAction","target":["https:\/\/www.24gliwice.pl\/wiadomosci\/zmiana-organizacji-ruchu-i-relokacja-przystanku-autobusowego-zwroc-uwage-na-znaki-drogowe-foto\/"]}]},{"@type":"ImageObject","inLanguage":"pl-PL","@id":"https:\/\/www.24gliwice.pl\/wiadomosci\/zmiana-organizacji-ruchu-i-relokacja-przystanku-autobusowego-zwroc-uwage-na-znaki-drogowe-foto\/#primaryimage","url":"https:\/\/www.24gliwice.pl\/wiadomosci\/wp-content\/uploads\/2022\/05\/boh-getta-warszawskiego-dworzec2.jpg","contentUrl":"https:\/\/www.24gliwice.pl\/wiadomosci\/wp-content\/uploads\/2022\/05\/boh-getta-warszawskiego-dworzec2.jpg","width":810,"height":457},{"@type":"BreadcrumbList","@id":"https:\/\/www.24gliwice.pl\/wiadomosci\/zmiana-organizacji-ruchu-i-relokacja-przystanku-autobusowego-zwroc-uwage-na-znaki-drogowe-foto\/#breadcrumb","itemListElement":[{"@type":"ListItem","position":1,"name":"Strona g\u0142\u00f3wna","item":"https:\/\/www.24gliwice.pl\/wiadomosci\/"},{"@type":"ListItem","position":2,"name":"Zmiana organizacji ruchu i relokacja przystanku autobusowego. Zwr\u00f3\u0107 uwag\u0119 na znaki drogowe (foto)"}]},{"@type":"WebSite","@id":"https:\/\/www.24gliwice.pl\/wiadomosci\/#website","url":"https:\/\/www.24gliwice.pl\/wiadomosci\/","name":"24GLIWICE - Portal Gliwice | codziennie nowe wiadomo\u015bci","description":"Portal Miejski Gliwice","publisher":{"@id":"https:\/\/www.24gliwice.pl\/wiadomosci\/#organization"},"potentialAction":[{"@type":"SearchAction","target":{"@type":"EntryPoint","urlTemplate":"https:\/\/www.24gliwice.pl\/wiadomosci\/?s={search_term_string}"},"query-input":{"@type":"PropertyValueSpecification","valueRequired":true,"valueName":"search_term_string"}}],"inLanguage":"pl-PL"},{"@type":"Organization","@id":"https:\/\/www.24gliwice.pl\/wiadomosci\/#organization","name":"24gliwice","url":"https:\/\/www.24gliwice.pl\/wiadomosci\/","logo":{"@type":"ImageObject","inLanguage":"pl-PL","@id":"https:\/\/www.24gliwice.pl\/wiadomosci\/#\/schema\/logo\/image\/","url":"https:\/\/www.24gliwice.pl\/wiadomosci\/wp-content\/uploads\/2024\/10\/24gliwice-logo-696.jpg","contentUrl":"https:\/\/www.24gliwice.pl\/wiadomosci\/wp-content\/uploads\/2024\/10\/24gliwice-logo-696.jpg","width":696,"height":696,"caption":"24gliwice"},"image":{"@id":"https:\/\/www.24gliwice.pl\/wiadomosci\/#\/schema\/logo\/image\/"},"sameAs":["https:\/\/www.facebook.com\/24gliwice","https:\/\/x.com\/24gliwice","https:\/\/www.youtube.com\/@24gliwice"]},{"@type":"Person","@id":"https:\/\/www.24gliwice.pl\/wiadomosci\/#\/schema\/person\/e42c650edd7f2fa332be3811fb166b6e","name":"\u017baneta Mrozek-Siewierska","image":{"@type":"ImageObject","inLanguage":"pl-PL","@id":"https:\/\/www.24gliwice.pl\/wiadomosci\/wp-content\/uploads\/2021\/11\/Zaneta-M_S-zdjecie-czb-96x96.jpg","url":"https:\/\/www.24gliwice.pl\/wiadomosci\/wp-content\/uploads\/2021\/11\/Zaneta-M_S-zdjecie-czb-96x96.jpg","contentUrl":"https:\/\/www.24gliwice.pl\/wiadomosci\/wp-content\/uploads\/2021\/11\/Zaneta-M_S-zdjecie-czb-96x96.jpg","caption":"\u017baneta Mrozek-Siewierska"},"url":"https:\/\/www.24gliwice.pl\/wiadomosci\/author\/zms\/"}]}},"_links":{"self":[{"href":"https:\/\/www.24gliwice.pl\/wiadomosci\/wp-json\/wp\/v2\/posts\/193327","targetHints":{"allow":["GET"]}}],"collection":[{"href":"https:\/\/www.24gliwice.pl\/wiadomosci\/wp-json\/wp\/v2\/posts"}],"about":[{"href":"https:\/\/www.24gliwice.pl\/wiadomosci\/wp-json\/wp\/v2\/types\/post"}],"author":[{"embeddable":true,"href":"https:\/\/www.24gliwice.pl\/wiadomosci\/wp-json\/wp\/v2\/users\/15"}],"replies":[{"embeddable":true,"href":"https:\/\/www.24gliwice.pl\/wiadomosci\/wp-json\/wp\/v2\/comments?post=193327"}],"version-history":[{"count":12,"href":"https:\/\/www.24gliwice.pl\/wiadomosci\/wp-json\/wp\/v2\/posts\/193327\/revisions"}],"predecessor-version":[{"id":193577,"href":"https:\/\/www.24gliwice.pl\/wiadomosci\/wp-json\/wp\/v2\/posts\/193327\/revisions\/193577"}],"wp:featuredmedia":[{"embeddable":true,"href":"https:\/\/www.24gliwice.pl\/wiadomosci\/wp-json\/wp\/v2\/media\/193359"}],"wp:attachment":[{"href":"https:\/\/www.24gliwice.pl\/wiadomosci\/wp-json\/wp\/v2\/media?parent=193327"}],"wp:term":[{"taxonomy":"category","embeddable":true,"href":"https:\/\/www.24gliwice.pl\/wiadomosci\/wp-json\/wp\/v2\/categories?post=193327"},{"taxonomy":"post_tag","embeddable":true,"href":"https:\/\/www.24gliwice.pl\/wiadomosci\/wp-json\/wp\/v2\/tags?post=193327"}],"curies":[{"name":"wp","href":"https:\/\/api.w.org\/{rel}","templated":true}]}}