{"id":193373,"date":"2022-05-30T18:58:13","date_gmt":"2022-05-30T16:58:13","guid":{"rendered":"https:\/\/www.24gliwice.pl\/wiadomosci\/?p=193373"},"modified":"2022-05-30T18:58:13","modified_gmt":"2022-05-30T16:58:13","slug":"dzien-dziecka-z-misiem-grizzly-i-lemingami-wpadajcie-z-pociechami-do-centrum-handlowego-forum","status":"publish","type":"post","link":"https:\/\/www.24gliwice.pl\/wiadomosci\/dzien-dziecka-z-misiem-grizzly-i-lemingami-wpadajcie-z-pociechami-do-centrum-handlowego-forum\/","title":{"rendered":"Dzie\u0144 Dziecka z misiem Grizzly i Lemingami. Wpadajcie z pociechami do centrum handlowego Forum"},"content":{"rendered":"<div class=\"gliwi-a6-nad-leadem-artykulow gliwi-entity-placement\" id=\"gliwi-3154812231\"><div class=\"gliwi-adlabel\"><span style=\"font-size: 9px\">REKLAMA<\/span><\/div><div id=\"gliwi-1482362089\" style=\"margin-bottom: 25px;margin-left: auto;margin-right: auto;text-align: center;\"><a data-no-instant=\"1\" href=\"https:\/\/dom100.eu\/\" rel=\"noopener\" class=\"a2t-link\" target=\"_blank\" aria-label=\"20260415 DOM100 D\"><img loading=\"lazy\" decoding=\"async\" src=\"https:\/\/www.24gliwice.pl\/wiadomosci\/wp-content\/uploads\/2026\/04\/20260415-DOM100-D.jpg\" alt=\"\"  srcset=\"https:\/\/www.24gliwice.pl\/wiadomosci\/wp-content\/uploads\/2026\/04\/20260415-DOM100-D.jpg 750w, https:\/\/www.24gliwice.pl\/wiadomosci\/wp-content\/uploads\/2026\/04\/20260415-DOM100-D-410x109.jpg 410w\" sizes=\"(max-width: 750px) 100vw, 750px\" class=\"no-lazyload\" width=\"750\" height=\"200\"  style=\"display: inline-block; max-width: 100%; height: auto;\" \/><\/a><\/div><\/div><h2>Pami\u0105tkowe zdj\u0119cia z bohaterami przezabawnej kresk\u00f3wki \u201eGrizzy i Lemingi\u201d to tylko jedna w wielu atrakcji czekaj\u0105cych na dzieci, kt\u00f3re 4 czerwca, pojawi\u0105 si\u0119 w Forum. Bystry mi\u015b i dokuczaj\u0105ce mu stale lemingi opanuj\u0105 scen\u0119 g\u0142\u00f3wn\u0105 na sze\u015b\u0107 sobotnich godzin.<\/h2>\n<p>&nbsp;<br \/>\nWydarzenie zaplanowano w godzinach od 12:00 do 18:00, w najbli\u017csz\u0105 sobot\u0119, 4 czerwca.<\/p>\n<p>Nie lada gratk\u0105 b\u0119dzie mo\u017cliwo\u015b\u0107 przybicia pi\u0105tki z misiem Grizzy. Dzieci b\u0119d\u0105 mog\u0142y spr\u00f3bowa\u0107 wystrzeli\u0107 leminga z armaty, a tak\u017ce wzi\u0105\u0107 udzia\u0142 w strefie sprawno\u015bci z lemingowym torem przeszk\u00f3d. Swoich si\u0142 najm\u0142odsi klienci centrum handlowego Forum spr\u00f3buj\u0105 tak\u017ce podczas pr\u00f3by zaklejenia misia Grizzy magnesami z lemingami. Nie mo\u017ce Was tu zabrakn\u0105\u0107. <\/p><div class=\"gliwi-a3-w-tresci-artykulow gliwi-entity-placement\" id=\"gliwi-1057949723\"><div class=\"gliwi-adlabel\"><span style=\"font-size: 9px\">REKLAMA<\/span><\/div><div id=\"gliwi-2761494467\" style=\"margin-bottom: 30px;margin-left: auto;margin-right: auto;text-align: center;\"><a data-no-instant=\"1\" href=\"https:\/\/zlobek.halogen.org.pl\/\" rel=\"noopener\" class=\"a2t-link\" target=\"_blank\" aria-label=\"animator-zlobek_750x200\"><img loading=\"lazy\" decoding=\"async\" src=\"https:\/\/www.24gliwice.pl\/wiadomosci\/wp-content\/uploads\/2026\/02\/animator-zlobek_750x200.webp\" alt=\"\"  srcset=\"https:\/\/www.24gliwice.pl\/wiadomosci\/wp-content\/uploads\/2026\/02\/animator-zlobek_750x200.webp 750w, https:\/\/www.24gliwice.pl\/wiadomosci\/wp-content\/uploads\/2026\/02\/animator-zlobek_750x200-410x109.webp 410w\" sizes=\"(max-width: 750px) 100vw, 750px\" class=\"no-lazyload\" width=\"750\" height=\"200\"  style=\"display: inline-block; max-width: 100%; height: auto;\" \/><\/a><\/div><\/div>\n<h4>Poza tym na wszystkich odwiedzaj\u0105cych galeri\u0119 tego dnia b\u0119dzie czeka\u0142o wielkoformatowe memory z wizerunkami leming\u00f3w.<\/h4>\n<p>Podczas tego spotkania w strefie kreatywnej dzieci b\u0119d\u0105 mog\u0142y rozwija\u0107 talenty plastyczne. Tutaj powstan\u0105 zwierz\u0119ta z balon\u00f3w, kt\u00f3re b\u0119d\u0105 mog\u0142y zabra\u0107 do domu. Natomiast mi\u0142o\u015bnicy tatua\u017cy mog\u0105 liczy\u0107 na to, \u017ce na ich przedramionach znajd\u0105 si\u0119 wizerunki zabawnych leming\u00f3w.<br \/>\nWszyscy wiemy, \u017ce popcorn to co\u015b, co kochaj\u0105 dzieci, ale czy wiedzieli\u015bcie, \u017ce uwielbiaj\u0105 go r\u00f3wnie\u017c lemingi? W\u0142a\u015bnie dlatego na tej imprezie z okazji Dnia Dziecka popcornu nie zabraknie.<\/p>\n<p>&#8211; <em>Dzie\u0144 dziecka to taki moment, w kt\u00f3rym pracujemy, by ka\u017cde dziecko odwiedzaj\u0105ce CH Forum mia\u0142o mn\u00f3stwo powod\u00f3w do u\u015bmiechu. Kiedy w roli g\u0142\u00f3wnej mamy misia Grizzy i lemingi spodziewamy si\u0119 ca\u0142ej fali rado\u015bci. Czekamy wi\u0119c na najm\u0142odszych mieszka\u0144c\u00f3w Gliwic i okolic<\/em> &#8211; m\u00f3wi <strong>Alicja Sucha\u0144ska-Kr\u00f3lica<\/strong>, menad\u017cer ds. administracji\u00a0i Marketingu w CH FORUM.<\/p>\n<h4>B\u0119dzie si\u0119 dzia\u0142o! Pytanie, kto to ogarnie?<\/h4>\n<p> &#8211; W CH FORUM mamy naszego prowadz\u0105cego takie spotkania i ju\u017c zdradzamy, \u017ce to w\u0142a\u015bnie on tego dnia przeprowadzi mn\u00f3stwo zabaw dla dzieci, oczywi\u015bcie z upominkami zapowiada biuro prasowe Forum. <\/p>\n<blockquote><p>3 i 4 czerwca w CH Forum, przygotowali\u015bmy r\u00f3wnie\u017c akcj\u0119 sprzeda\u017cow\u0105, podczas kt\u00f3rej paragony b\u0119dzie mo\u017cna wymieni\u0107 na kubki, czapeczki i skarpetki z Grizzym i lemingami<\/p><\/blockquote>\n<p>&#8211; dodaje PR Forum. <\/p>\n<p>&#8211; Udzia\u0142 w zabawie jest bezp\u0142atny i nie trzeba si\u0119 specjalnie rejestrowa\u0107. Nie mo\u017cemy si\u0119 Was doczeka\u0107! &#8211; czytamy dalej w zapowiedzi. Ca\u0142y program wydarzenia znajdziemy na plakacie. <\/p>\n<p> <a href=\"https:\/\/www.24gliwice.pl\/wiadomosci\/wp-content\/uploads\/2022\/05\/dzien-dziecka-forum-plakat.jpg\"><img loading=\"lazy\" decoding=\"async\" src=\"https:\/\/www.24gliwice.pl\/wiadomosci\/wp-content\/uploads\/2022\/05\/dzien-dziecka-forum-plakat.jpg\" alt=\"\" width=\"456\" height=\"810\" class=\"alignnone size-full wp-image-193382\" srcset=\"https:\/\/www.24gliwice.pl\/wiadomosci\/wp-content\/uploads\/2022\/05\/dzien-dziecka-forum-plakat.jpg 456w, https:\/\/www.24gliwice.pl\/wiadomosci\/wp-content\/uploads\/2022\/05\/dzien-dziecka-forum-plakat-131x232.jpg 131w, https:\/\/www.24gliwice.pl\/wiadomosci\/wp-content\/uploads\/2022\/05\/dzien-dziecka-forum-plakat-256x455.jpg 256w\" sizes=\"auto, (max-width: 456px) 100vw, 456px\" \/><\/a><\/p>\n<div class=\"gliwi-a5-na-koncu-artykulow gliwi-entity-placement\" id=\"gliwi-1481446056\"><div class=\"gliwi-adlabel\"><span style=\"font-size: 9px\">REKLAMA<\/span><\/div><div id=\"gliwi-3353747991\" style=\"margin-left: auto;margin-right: auto;text-align: center;\"><a data-no-instant=\"1\" href=\"https:\/\/prezeroarenagliwice.pl\/\" rel=\"noopener\" class=\"a2t-link\" target=\"_blank\" aria-label=\"20260309-PREZERO-WIOSNA-D\"><img loading=\"lazy\" decoding=\"async\" src=\"https:\/\/www.24gliwice.pl\/wiadomosci\/wp-content\/uploads\/2026\/03\/20260309-PREZERO-WIOSNA-D.webp\" alt=\"\"  srcset=\"https:\/\/www.24gliwice.pl\/wiadomosci\/wp-content\/uploads\/2026\/03\/20260309-PREZERO-WIOSNA-D.webp 750w, https:\/\/www.24gliwice.pl\/wiadomosci\/wp-content\/uploads\/2026\/03\/20260309-PREZERO-WIOSNA-D-410x109.webp 410w\" sizes=\"(max-width: 750px) 100vw, 750px\" class=\"no-lazyload\" width=\"750\" height=\"200\"  style=\"display: inline-block; max-width: 100%; height: auto;\" \/><\/a><\/div><\/div>","protected":false},"excerpt":{"rendered":"<p>Pami\u0105tkowe zdj\u0119cia z bohaterami przezabawnej kresk\u00f3wki \u201eGrizzy i Lemingi\u201d to tylko jedna w wielu atrakcji czekaj\u0105cych na dzieci, kt\u00f3re 4 czerwca, pojawi\u0105 si\u0119 w Forum. Bystry mi\u015b i dokuczaj\u0105ce mu stale lemingi opanuj\u0105 scen\u0119 g\u0142\u00f3wn\u0105 na sze\u015b\u0107 sobotnich godzin. &nbsp; Wydarzenie zaplanowano w godzinach od 12:00 do 18:00, w najbli\u017csz\u0105 sobot\u0119, 4 czerwca. Nie lada [&hellip;]<\/p>\n","protected":false},"author":15,"featured_media":193381,"comment_status":"closed","ping_status":"closed","sticky":false,"template":"","format":"standard","meta":{"_monsterinsights_skip_tracking":false,"_monsterinsights_sitenote_active":false,"_monsterinsights_sitenote_note":"","_monsterinsights_sitenote_category":0,"footnotes":"","_links_to":"","_links_to_target":""},"categories":[3,6,1],"tags":[4149,15688],"class_list":["post-193373","post","type-post","status-publish","format-standard","has-post-thumbnail","hentry","category-gliwice","category-kultura","category-wszystko","tag-centrum-handlowe-forum","tag-dzien-dziecka-w-forum"],"yoast_head":"<!-- This site is optimized with the Yoast SEO plugin v27.4 - https:\/\/yoast.com\/product\/yoast-seo-wordpress\/ -->\n<title>Dzie\u0144 Dziecka z misiem Grizzly i Lemingami. Wpadajcie z pociechami do centrum handlowego Forum - 24GLIWICE - Portal Gliwice | codziennie nowe informacje<\/title>\n<meta name=\"description\" content=\"Centrum handlowe Forum zaplanowa\u0142o atrakcje z okazji Dnia Dziecka. Zaprasza do zabawy najm\u0142odszych z Gliwic i okolicy\" \/>\n<meta name=\"robots\" content=\"index, follow, max-snippet:-1, max-image-preview:large, max-video-preview:-1\" \/>\n<link rel=\"canonical\" href=\"https:\/\/www.24gliwice.pl\/wiadomosci\/dzien-dziecka-z-misiem-grizzly-i-lemingami-wpadajcie-z-pociechami-do-centrum-handlowego-forum\/\" \/>\n<meta property=\"og:locale\" content=\"pl_PL\" \/>\n<meta property=\"og:type\" content=\"article\" \/>\n<meta property=\"og:title\" content=\"Dzie\u0144 Dziecka z misiem Grizzly i Lemingami. Wpadajcie z pociechami do centrum handlowego Forum - 24GLIWICE - Portal Gliwice | codziennie nowe informacje\" \/>\n<meta property=\"og:description\" content=\"Centrum handlowe Forum zaplanowa\u0142o atrakcje z okazji Dnia Dziecka. Zaprasza do zabawy najm\u0142odszych z Gliwic i okolicy\" \/>\n<meta property=\"og:url\" content=\"https:\/\/www.24gliwice.pl\/wiadomosci\/dzien-dziecka-z-misiem-grizzly-i-lemingami-wpadajcie-z-pociechami-do-centrum-handlowego-forum\/\" \/>\n<meta property=\"og:site_name\" content=\"24GLIWICE - Portal Gliwice | codziennie nowe informacje\" \/>\n<meta property=\"article:publisher\" content=\"https:\/\/www.facebook.com\/24gliwice\" \/>\n<meta property=\"article:published_time\" content=\"2022-05-30T16:58:13+00:00\" \/>\n<meta property=\"og:image\" content=\"https:\/\/www.24gliwice.pl\/wiadomosci\/wp-content\/uploads\/2022\/05\/dzien-dziecka-forum-banner.jpg\" \/>\n\t<meta property=\"og:image:width\" content=\"810\" \/>\n\t<meta property=\"og:image:height\" content=\"456\" \/>\n\t<meta property=\"og:image:type\" content=\"image\/jpeg\" \/>\n<meta name=\"author\" content=\"\u017baneta Mrozek-Siewierska\" \/>\n<meta name=\"twitter:card\" content=\"summary_large_image\" \/>\n<meta name=\"twitter:creator\" content=\"@24gliwice\" \/>\n<meta name=\"twitter:site\" content=\"@24gliwice\" \/>\n<meta name=\"twitter:label1\" content=\"Napisane przez\" \/>\n\t<meta name=\"twitter:data1\" content=\"\u017baneta Mrozek-Siewierska\" \/>\n\t<meta name=\"twitter:label2\" content=\"Szacowany czas czytania\" \/>\n\t<meta name=\"twitter:data2\" content=\"2 minuty\" \/>\n<script type=\"application\/ld+json\" class=\"yoast-schema-graph\">{\"@context\":\"https:\\\/\\\/schema.org\",\"@graph\":[{\"@type\":\"Article\",\"@id\":\"https:\\\/\\\/www.24gliwice.pl\\\/wiadomosci\\\/dzien-dziecka-z-misiem-grizzly-i-lemingami-wpadajcie-z-pociechami-do-centrum-handlowego-forum\\\/#article\",\"isPartOf\":{\"@id\":\"https:\\\/\\\/www.24gliwice.pl\\\/wiadomosci\\\/dzien-dziecka-z-misiem-grizzly-i-lemingami-wpadajcie-z-pociechami-do-centrum-handlowego-forum\\\/\"},\"author\":{\"name\":\"\u017baneta Mrozek-Siewierska\",\"@id\":\"https:\\\/\\\/www.24gliwice.pl\\\/wiadomosci\\\/#\\\/schema\\\/person\\\/e42c650edd7f2fa332be3811fb166b6e\"},\"headline\":\"Dzie\u0144 Dziecka z misiem Grizzly i Lemingami. Wpadajcie z pociechami do centrum handlowego Forum\",\"datePublished\":\"2022-05-30T16:58:13+00:00\",\"mainEntityOfPage\":{\"@id\":\"https:\\\/\\\/www.24gliwice.pl\\\/wiadomosci\\\/dzien-dziecka-z-misiem-grizzly-i-lemingami-wpadajcie-z-pociechami-do-centrum-handlowego-forum\\\/\"},\"wordCount\":419,\"publisher\":{\"@id\":\"https:\\\/\\\/www.24gliwice.pl\\\/wiadomosci\\\/#organization\"},\"image\":{\"@id\":\"https:\\\/\\\/www.24gliwice.pl\\\/wiadomosci\\\/dzien-dziecka-z-misiem-grizzly-i-lemingami-wpadajcie-z-pociechami-do-centrum-handlowego-forum\\\/#primaryimage\"},\"thumbnailUrl\":\"https:\\\/\\\/www.24gliwice.pl\\\/wiadomosci\\\/wp-content\\\/uploads\\\/2022\\\/05\\\/dzien-dziecka-forum-banner.jpg\",\"keywords\":[\"CENTRUM HANDLOWE FORUM\",\"dzie\u0144 dziecka w forum\"],\"articleSection\":[\"Gliwice\",\"Kultura, wydarzenia, imprezy\",\"Najnowsze wiadomo\u015bci\"],\"inLanguage\":\"pl-PL\"},{\"@type\":\"WebPage\",\"@id\":\"https:\\\/\\\/www.24gliwice.pl\\\/wiadomosci\\\/dzien-dziecka-z-misiem-grizzly-i-lemingami-wpadajcie-z-pociechami-do-centrum-handlowego-forum\\\/\",\"url\":\"https:\\\/\\\/www.24gliwice.pl\\\/wiadomosci\\\/dzien-dziecka-z-misiem-grizzly-i-lemingami-wpadajcie-z-pociechami-do-centrum-handlowego-forum\\\/\",\"name\":\"Dzie\u0144 Dziecka z misiem Grizzly i Lemingami. Wpadajcie z pociechami do centrum handlowego Forum - 24GLIWICE - Portal Gliwice | codziennie nowe informacje\",\"isPartOf\":{\"@id\":\"https:\\\/\\\/www.24gliwice.pl\\\/wiadomosci\\\/#website\"},\"primaryImageOfPage\":{\"@id\":\"https:\\\/\\\/www.24gliwice.pl\\\/wiadomosci\\\/dzien-dziecka-z-misiem-grizzly-i-lemingami-wpadajcie-z-pociechami-do-centrum-handlowego-forum\\\/#primaryimage\"},\"image\":{\"@id\":\"https:\\\/\\\/www.24gliwice.pl\\\/wiadomosci\\\/dzien-dziecka-z-misiem-grizzly-i-lemingami-wpadajcie-z-pociechami-do-centrum-handlowego-forum\\\/#primaryimage\"},\"thumbnailUrl\":\"https:\\\/\\\/www.24gliwice.pl\\\/wiadomosci\\\/wp-content\\\/uploads\\\/2022\\\/05\\\/dzien-dziecka-forum-banner.jpg\",\"datePublished\":\"2022-05-30T16:58:13+00:00\",\"description\":\"Centrum handlowe Forum zaplanowa\u0142o atrakcje z okazji Dnia Dziecka. Zaprasza do zabawy najm\u0142odszych z Gliwic i okolicy\",\"breadcrumb\":{\"@id\":\"https:\\\/\\\/www.24gliwice.pl\\\/wiadomosci\\\/dzien-dziecka-z-misiem-grizzly-i-lemingami-wpadajcie-z-pociechami-do-centrum-handlowego-forum\\\/#breadcrumb\"},\"inLanguage\":\"pl-PL\",\"potentialAction\":[{\"@type\":\"ReadAction\",\"target\":[\"https:\\\/\\\/www.24gliwice.pl\\\/wiadomosci\\\/dzien-dziecka-z-misiem-grizzly-i-lemingami-wpadajcie-z-pociechami-do-centrum-handlowego-forum\\\/\"]}]},{\"@type\":\"ImageObject\",\"inLanguage\":\"pl-PL\",\"@id\":\"https:\\\/\\\/www.24gliwice.pl\\\/wiadomosci\\\/dzien-dziecka-z-misiem-grizzly-i-lemingami-wpadajcie-z-pociechami-do-centrum-handlowego-forum\\\/#primaryimage\",\"url\":\"https:\\\/\\\/www.24gliwice.pl\\\/wiadomosci\\\/wp-content\\\/uploads\\\/2022\\\/05\\\/dzien-dziecka-forum-banner.jpg\",\"contentUrl\":\"https:\\\/\\\/www.24gliwice.pl\\\/wiadomosci\\\/wp-content\\\/uploads\\\/2022\\\/05\\\/dzien-dziecka-forum-banner.jpg\",\"width\":810,\"height\":456},{\"@type\":\"BreadcrumbList\",\"@id\":\"https:\\\/\\\/www.24gliwice.pl\\\/wiadomosci\\\/dzien-dziecka-z-misiem-grizzly-i-lemingami-wpadajcie-z-pociechami-do-centrum-handlowego-forum\\\/#breadcrumb\",\"itemListElement\":[{\"@type\":\"ListItem\",\"position\":1,\"name\":\"Strona g\u0142\u00f3wna\",\"item\":\"https:\\\/\\\/www.24gliwice.pl\\\/wiadomosci\\\/\"},{\"@type\":\"ListItem\",\"position\":2,\"name\":\"Dzie\u0144 Dziecka z misiem Grizzly i Lemingami. Wpadajcie z pociechami do centrum handlowego Forum\"}]},{\"@type\":\"WebSite\",\"@id\":\"https:\\\/\\\/www.24gliwice.pl\\\/wiadomosci\\\/#website\",\"url\":\"https:\\\/\\\/www.24gliwice.pl\\\/wiadomosci\\\/\",\"name\":\"24GLIWICE - Portal Gliwice | codziennie nowe wiadomo\u015bci\",\"description\":\"Portal Miejski Gliwice\",\"publisher\":{\"@id\":\"https:\\\/\\\/www.24gliwice.pl\\\/wiadomosci\\\/#organization\"},\"potentialAction\":[{\"@type\":\"SearchAction\",\"target\":{\"@type\":\"EntryPoint\",\"urlTemplate\":\"https:\\\/\\\/www.24gliwice.pl\\\/wiadomosci\\\/?s={search_term_string}\"},\"query-input\":{\"@type\":\"PropertyValueSpecification\",\"valueRequired\":true,\"valueName\":\"search_term_string\"}}],\"inLanguage\":\"pl-PL\"},{\"@type\":\"Organization\",\"@id\":\"https:\\\/\\\/www.24gliwice.pl\\\/wiadomosci\\\/#organization\",\"name\":\"24gliwice\",\"url\":\"https:\\\/\\\/www.24gliwice.pl\\\/wiadomosci\\\/\",\"logo\":{\"@type\":\"ImageObject\",\"inLanguage\":\"pl-PL\",\"@id\":\"https:\\\/\\\/www.24gliwice.pl\\\/wiadomosci\\\/#\\\/schema\\\/logo\\\/image\\\/\",\"url\":\"https:\\\/\\\/www.24gliwice.pl\\\/wiadomosci\\\/wp-content\\\/uploads\\\/2024\\\/10\\\/24gliwice-logo-696.jpg\",\"contentUrl\":\"https:\\\/\\\/www.24gliwice.pl\\\/wiadomosci\\\/wp-content\\\/uploads\\\/2024\\\/10\\\/24gliwice-logo-696.jpg\",\"width\":696,\"height\":696,\"caption\":\"24gliwice\"},\"image\":{\"@id\":\"https:\\\/\\\/www.24gliwice.pl\\\/wiadomosci\\\/#\\\/schema\\\/logo\\\/image\\\/\"},\"sameAs\":[\"https:\\\/\\\/www.facebook.com\\\/24gliwice\",\"https:\\\/\\\/x.com\\\/24gliwice\",\"https:\\\/\\\/www.youtube.com\\\/@24gliwice\"]},{\"@type\":\"Person\",\"@id\":\"https:\\\/\\\/www.24gliwice.pl\\\/wiadomosci\\\/#\\\/schema\\\/person\\\/e42c650edd7f2fa332be3811fb166b6e\",\"name\":\"\u017baneta Mrozek-Siewierska\",\"image\":{\"@type\":\"ImageObject\",\"inLanguage\":\"pl-PL\",\"@id\":\"https:\\\/\\\/www.24gliwice.pl\\\/wiadomosci\\\/wp-content\\\/uploads\\\/2021\\\/11\\\/Zaneta-M_S-zdjecie-czb-96x96.jpg\",\"url\":\"https:\\\/\\\/www.24gliwice.pl\\\/wiadomosci\\\/wp-content\\\/uploads\\\/2021\\\/11\\\/Zaneta-M_S-zdjecie-czb-96x96.jpg\",\"contentUrl\":\"https:\\\/\\\/www.24gliwice.pl\\\/wiadomosci\\\/wp-content\\\/uploads\\\/2021\\\/11\\\/Zaneta-M_S-zdjecie-czb-96x96.jpg\",\"caption\":\"\u017baneta Mrozek-Siewierska\"},\"url\":\"https:\\\/\\\/www.24gliwice.pl\\\/wiadomosci\\\/author\\\/zms\\\/\"}]}<\/script>\n<!-- \/ Yoast SEO plugin. -->","yoast_head_json":{"title":"Dzie\u0144 Dziecka z misiem Grizzly i Lemingami. Wpadajcie z pociechami do centrum handlowego Forum - 24GLIWICE - Portal Gliwice | codziennie nowe informacje","description":"Centrum handlowe Forum zaplanowa\u0142o atrakcje z okazji Dnia Dziecka. Zaprasza do zabawy najm\u0142odszych z Gliwic i okolicy","robots":{"index":"index","follow":"follow","max-snippet":"max-snippet:-1","max-image-preview":"max-image-preview:large","max-video-preview":"max-video-preview:-1"},"canonical":"https:\/\/www.24gliwice.pl\/wiadomosci\/dzien-dziecka-z-misiem-grizzly-i-lemingami-wpadajcie-z-pociechami-do-centrum-handlowego-forum\/","og_locale":"pl_PL","og_type":"article","og_title":"Dzie\u0144 Dziecka z misiem Grizzly i Lemingami. Wpadajcie z pociechami do centrum handlowego Forum - 24GLIWICE - Portal Gliwice | codziennie nowe informacje","og_description":"Centrum handlowe Forum zaplanowa\u0142o atrakcje z okazji Dnia Dziecka. Zaprasza do zabawy najm\u0142odszych z Gliwic i okolicy","og_url":"https:\/\/www.24gliwice.pl\/wiadomosci\/dzien-dziecka-z-misiem-grizzly-i-lemingami-wpadajcie-z-pociechami-do-centrum-handlowego-forum\/","og_site_name":"24GLIWICE - Portal Gliwice | codziennie nowe informacje","article_publisher":"https:\/\/www.facebook.com\/24gliwice","article_published_time":"2022-05-30T16:58:13+00:00","og_image":[{"width":810,"height":456,"url":"https:\/\/www.24gliwice.pl\/wiadomosci\/wp-content\/uploads\/2022\/05\/dzien-dziecka-forum-banner.jpg","type":"image\/jpeg"}],"author":"\u017baneta Mrozek-Siewierska","twitter_card":"summary_large_image","twitter_creator":"@24gliwice","twitter_site":"@24gliwice","twitter_misc":{"Napisane przez":"\u017baneta Mrozek-Siewierska","Szacowany czas czytania":"2 minuty"},"schema":{"@context":"https:\/\/schema.org","@graph":[{"@type":"Article","@id":"https:\/\/www.24gliwice.pl\/wiadomosci\/dzien-dziecka-z-misiem-grizzly-i-lemingami-wpadajcie-z-pociechami-do-centrum-handlowego-forum\/#article","isPartOf":{"@id":"https:\/\/www.24gliwice.pl\/wiadomosci\/dzien-dziecka-z-misiem-grizzly-i-lemingami-wpadajcie-z-pociechami-do-centrum-handlowego-forum\/"},"author":{"name":"\u017baneta Mrozek-Siewierska","@id":"https:\/\/www.24gliwice.pl\/wiadomosci\/#\/schema\/person\/e42c650edd7f2fa332be3811fb166b6e"},"headline":"Dzie\u0144 Dziecka z misiem Grizzly i Lemingami. Wpadajcie z pociechami do centrum handlowego Forum","datePublished":"2022-05-30T16:58:13+00:00","mainEntityOfPage":{"@id":"https:\/\/www.24gliwice.pl\/wiadomosci\/dzien-dziecka-z-misiem-grizzly-i-lemingami-wpadajcie-z-pociechami-do-centrum-handlowego-forum\/"},"wordCount":419,"publisher":{"@id":"https:\/\/www.24gliwice.pl\/wiadomosci\/#organization"},"image":{"@id":"https:\/\/www.24gliwice.pl\/wiadomosci\/dzien-dziecka-z-misiem-grizzly-i-lemingami-wpadajcie-z-pociechami-do-centrum-handlowego-forum\/#primaryimage"},"thumbnailUrl":"https:\/\/www.24gliwice.pl\/wiadomosci\/wp-content\/uploads\/2022\/05\/dzien-dziecka-forum-banner.jpg","keywords":["CENTRUM HANDLOWE FORUM","dzie\u0144 dziecka w forum"],"articleSection":["Gliwice","Kultura, wydarzenia, imprezy","Najnowsze wiadomo\u015bci"],"inLanguage":"pl-PL"},{"@type":"WebPage","@id":"https:\/\/www.24gliwice.pl\/wiadomosci\/dzien-dziecka-z-misiem-grizzly-i-lemingami-wpadajcie-z-pociechami-do-centrum-handlowego-forum\/","url":"https:\/\/www.24gliwice.pl\/wiadomosci\/dzien-dziecka-z-misiem-grizzly-i-lemingami-wpadajcie-z-pociechami-do-centrum-handlowego-forum\/","name":"Dzie\u0144 Dziecka z misiem Grizzly i Lemingami. Wpadajcie z pociechami do centrum handlowego Forum - 24GLIWICE - Portal Gliwice | codziennie nowe informacje","isPartOf":{"@id":"https:\/\/www.24gliwice.pl\/wiadomosci\/#website"},"primaryImageOfPage":{"@id":"https:\/\/www.24gliwice.pl\/wiadomosci\/dzien-dziecka-z-misiem-grizzly-i-lemingami-wpadajcie-z-pociechami-do-centrum-handlowego-forum\/#primaryimage"},"image":{"@id":"https:\/\/www.24gliwice.pl\/wiadomosci\/dzien-dziecka-z-misiem-grizzly-i-lemingami-wpadajcie-z-pociechami-do-centrum-handlowego-forum\/#primaryimage"},"thumbnailUrl":"https:\/\/www.24gliwice.pl\/wiadomosci\/wp-content\/uploads\/2022\/05\/dzien-dziecka-forum-banner.jpg","datePublished":"2022-05-30T16:58:13+00:00","description":"Centrum handlowe Forum zaplanowa\u0142o atrakcje z okazji Dnia Dziecka. Zaprasza do zabawy najm\u0142odszych z Gliwic i okolicy","breadcrumb":{"@id":"https:\/\/www.24gliwice.pl\/wiadomosci\/dzien-dziecka-z-misiem-grizzly-i-lemingami-wpadajcie-z-pociechami-do-centrum-handlowego-forum\/#breadcrumb"},"inLanguage":"pl-PL","potentialAction":[{"@type":"ReadAction","target":["https:\/\/www.24gliwice.pl\/wiadomosci\/dzien-dziecka-z-misiem-grizzly-i-lemingami-wpadajcie-z-pociechami-do-centrum-handlowego-forum\/"]}]},{"@type":"ImageObject","inLanguage":"pl-PL","@id":"https:\/\/www.24gliwice.pl\/wiadomosci\/dzien-dziecka-z-misiem-grizzly-i-lemingami-wpadajcie-z-pociechami-do-centrum-handlowego-forum\/#primaryimage","url":"https:\/\/www.24gliwice.pl\/wiadomosci\/wp-content\/uploads\/2022\/05\/dzien-dziecka-forum-banner.jpg","contentUrl":"https:\/\/www.24gliwice.pl\/wiadomosci\/wp-content\/uploads\/2022\/05\/dzien-dziecka-forum-banner.jpg","width":810,"height":456},{"@type":"BreadcrumbList","@id":"https:\/\/www.24gliwice.pl\/wiadomosci\/dzien-dziecka-z-misiem-grizzly-i-lemingami-wpadajcie-z-pociechami-do-centrum-handlowego-forum\/#breadcrumb","itemListElement":[{"@type":"ListItem","position":1,"name":"Strona g\u0142\u00f3wna","item":"https:\/\/www.24gliwice.pl\/wiadomosci\/"},{"@type":"ListItem","position":2,"name":"Dzie\u0144 Dziecka z misiem Grizzly i Lemingami. Wpadajcie z pociechami do centrum handlowego Forum"}]},{"@type":"WebSite","@id":"https:\/\/www.24gliwice.pl\/wiadomosci\/#website","url":"https:\/\/www.24gliwice.pl\/wiadomosci\/","name":"24GLIWICE - Portal Gliwice | codziennie nowe wiadomo\u015bci","description":"Portal Miejski Gliwice","publisher":{"@id":"https:\/\/www.24gliwice.pl\/wiadomosci\/#organization"},"potentialAction":[{"@type":"SearchAction","target":{"@type":"EntryPoint","urlTemplate":"https:\/\/www.24gliwice.pl\/wiadomosci\/?s={search_term_string}"},"query-input":{"@type":"PropertyValueSpecification","valueRequired":true,"valueName":"search_term_string"}}],"inLanguage":"pl-PL"},{"@type":"Organization","@id":"https:\/\/www.24gliwice.pl\/wiadomosci\/#organization","name":"24gliwice","url":"https:\/\/www.24gliwice.pl\/wiadomosci\/","logo":{"@type":"ImageObject","inLanguage":"pl-PL","@id":"https:\/\/www.24gliwice.pl\/wiadomosci\/#\/schema\/logo\/image\/","url":"https:\/\/www.24gliwice.pl\/wiadomosci\/wp-content\/uploads\/2024\/10\/24gliwice-logo-696.jpg","contentUrl":"https:\/\/www.24gliwice.pl\/wiadomosci\/wp-content\/uploads\/2024\/10\/24gliwice-logo-696.jpg","width":696,"height":696,"caption":"24gliwice"},"image":{"@id":"https:\/\/www.24gliwice.pl\/wiadomosci\/#\/schema\/logo\/image\/"},"sameAs":["https:\/\/www.facebook.com\/24gliwice","https:\/\/x.com\/24gliwice","https:\/\/www.youtube.com\/@24gliwice"]},{"@type":"Person","@id":"https:\/\/www.24gliwice.pl\/wiadomosci\/#\/schema\/person\/e42c650edd7f2fa332be3811fb166b6e","name":"\u017baneta Mrozek-Siewierska","image":{"@type":"ImageObject","inLanguage":"pl-PL","@id":"https:\/\/www.24gliwice.pl\/wiadomosci\/wp-content\/uploads\/2021\/11\/Zaneta-M_S-zdjecie-czb-96x96.jpg","url":"https:\/\/www.24gliwice.pl\/wiadomosci\/wp-content\/uploads\/2021\/11\/Zaneta-M_S-zdjecie-czb-96x96.jpg","contentUrl":"https:\/\/www.24gliwice.pl\/wiadomosci\/wp-content\/uploads\/2021\/11\/Zaneta-M_S-zdjecie-czb-96x96.jpg","caption":"\u017baneta Mrozek-Siewierska"},"url":"https:\/\/www.24gliwice.pl\/wiadomosci\/author\/zms\/"}]}},"_links":{"self":[{"href":"https:\/\/www.24gliwice.pl\/wiadomosci\/wp-json\/wp\/v2\/posts\/193373","targetHints":{"allow":["GET"]}}],"collection":[{"href":"https:\/\/www.24gliwice.pl\/wiadomosci\/wp-json\/wp\/v2\/posts"}],"about":[{"href":"https:\/\/www.24gliwice.pl\/wiadomosci\/wp-json\/wp\/v2\/types\/post"}],"author":[{"embeddable":true,"href":"https:\/\/www.24gliwice.pl\/wiadomosci\/wp-json\/wp\/v2\/users\/15"}],"replies":[{"embeddable":true,"href":"https:\/\/www.24gliwice.pl\/wiadomosci\/wp-json\/wp\/v2\/comments?post=193373"}],"version-history":[{"count":8,"href":"https:\/\/www.24gliwice.pl\/wiadomosci\/wp-json\/wp\/v2\/posts\/193373\/revisions"}],"predecessor-version":[{"id":193497,"href":"https:\/\/www.24gliwice.pl\/wiadomosci\/wp-json\/wp\/v2\/posts\/193373\/revisions\/193497"}],"wp:featuredmedia":[{"embeddable":true,"href":"https:\/\/www.24gliwice.pl\/wiadomosci\/wp-json\/wp\/v2\/media\/193381"}],"wp:attachment":[{"href":"https:\/\/www.24gliwice.pl\/wiadomosci\/wp-json\/wp\/v2\/media?parent=193373"}],"wp:term":[{"taxonomy":"category","embeddable":true,"href":"https:\/\/www.24gliwice.pl\/wiadomosci\/wp-json\/wp\/v2\/categories?post=193373"},{"taxonomy":"post_tag","embeddable":true,"href":"https:\/\/www.24gliwice.pl\/wiadomosci\/wp-json\/wp\/v2\/tags?post=193373"}],"curies":[{"name":"wp","href":"https:\/\/api.w.org\/{rel}","templated":true}]}}