{"id":193423,"date":"2022-05-30T13:09:52","date_gmt":"2022-05-30T11:09:52","guid":{"rendered":"https:\/\/www.24gliwice.pl\/wiadomosci\/?p=193423"},"modified":"2022-05-30T18:40:23","modified_gmt":"2022-05-30T16:40:23","slug":"tiesto-w-arena-gliwice","status":"publish","type":"post","link":"https:\/\/www.24gliwice.pl\/wiadomosci\/tiesto-w-arena-gliwice\/","title":{"rendered":"Jeden z najpopularniejszych na \u015bwiecie DJ-\u00f3w i producent\u00f3w z solowym show w Arenie Gliwice"},"content":{"rendered":"<h2>Ti\u00ebsto, jeden z najpopularniejszych DJ-\u00f3w i producent\u00f3w na \u015bwiecie po 12 latach powraca do Polski z solowym projektem.<\/h2>\n<p>&nbsp;<br \/>\nJu\u017c w \u015brod\u0119 15 czerwca w jednym z najnowocze\u015bniejszych i najwi\u0119kszych obiekt\u00f3w widowiskowych w Polsce jakim jest Arena Gliwice fani holenderskiego producenta prze\u017cyj\u0105 jedyne w swoim rodzaju muzyczne show \u2013 Ti\u00ebsto at Arena. Niepowtarzalny 9 godzinny <a href=\"https:\/\/arenagliwice.com\/events\/tiesto\/\" rel=\"noopener\" target=\"_blank\">event z udzia\u0142em Tiesto<\/a> i jego go\u015bci zako\u0144czy si\u0119 nad ranem w \u015bwi\u0105teczny, wolny od pracy czwartek.<\/p>\n<p>Na spotkanie z tym legendarnym artyst\u0105 czeka w naszym kraju tysi\u0105ce fan\u00f3w sceny klubowej. Ti\u00ebsto to artysta, kt\u00f3rego nikomu nie trzeba przedstawia\u0107, jego tw\u00f3rczo\u015b\u0107 to nieprzerwana od dekad inspiracja dla nowych pokole\u0144 fan\u00f3w i wz\u00f3r do na\u015bladowania przez innych artyst\u00f3w.<\/p>\n<p><strong><a href=\"https:\/\/www.eventim.pl\/artist\/tiesto\/\" rel=\"noopener\" target=\"_blank\">TUTAJ KUPISZ BILETY<\/a><\/strong><\/p>\n<p>Po legendarnych solowych wyst\u0119pach CEE Tour 2005 i Elements of Life 2007 we wroc\u0142awskiej Hali Ludowej oraz Kaleidoscope World Tour w 2010 roku w Gda\u0144sku b\u0119dzie to kolejne wielkie show Tiesto, kt\u00f3re z pewno\u015bci\u0105 zyska miano eventu dekady.<\/p>\n<h3>Ka\u017cdy solowy show Tiesto to wydarzenie, kt\u00f3re wspomina si\u0119 przez lata.<\/h3>\n<p> Czerwcowy wyst\u0119p \u017cywej legendy muzyki elektronicznej b\u0119d\u0105cy cz\u0119\u015bci\u0105 jego europejskiej trasy zapowiada si\u0119 jako event na najwy\u017cszym \u015bwiatowym poziomie. Fani artysty dostan\u0105 z pewno\u015bci\u0105 tysi\u0105ce powod\u00f3w, aby wspomina\u0107 to show jako wydarzenie, na kt\u00f3re czekali latami.<\/p>\n<p>Laureat nagrody Grammy, trzykrotnie wybrany przez fan\u00f3w najlepszym DJ-em \u015bwiata zabierze nas w niesamowit\u0105, pe\u0142n\u0105 emocji i niespotykanej energii muzyczn\u0105 podr\u00f3\u017c wzbogacon\u0105 przez perfekcyjne brzmienia, niespotykane wizualizacje i efekty \u015bwietlne. Wyj\u0105tkowy event legendy muzyki elektronicznej dope\u0142ni\u0105 wyst\u0119py zaproszonych przez Ti\u00ebsto go\u015bci z mi\u0119dzynarodowej i polskiej sceny klubowej: Acraze, Mike Williams, Sem Vox, Neevald, Tribbs, RUDY B2B Encore, Julian Suppo.<\/p>\n<p><strong>Na jedyny w naszym kraju show Ti\u00ebsto zapraszaj\u0105: Agencja TME, E&#038;A Events, Arena Gliwice oraz miasto Gliwice.<\/strong><\/p>\n<p>Przyjd\u017a i przekonaj si\u0119, \u017ce najlepszym DJem na \u015bwiecie nie zostaje si\u0119 bez powodu.<\/p>\n<p><iframe loading=\"lazy\" width=\"560\" height=\"315\" src=\"https:\/\/www.youtube.com\/embed\/3eKZ_xSr80g?start=294\" title=\"YouTube video player\" frameborder=\"0\" allow=\"accelerometer; autoplay; clipboard-write; encrypted-media; gyroscope; picture-in-picture\" allowfullscreen><\/iframe><\/p>\n<p><small>materia\u0142 partnera<\/small><\/p>\n","protected":false},"excerpt":{"rendered":"<p>Ti\u00ebsto, jeden z najpopularniejszych DJ-\u00f3w i producent\u00f3w na \u015bwiecie po 12 latach powraca do Polski z solowym projektem. &nbsp; Ju\u017c w \u015brod\u0119 15 czerwca w jednym z najnowocze\u015bniejszych i najwi\u0119kszych obiekt\u00f3w widowiskowych w Polsce jakim jest Arena Gliwice fani holenderskiego producenta prze\u017cyj\u0105 jedyne w swoim rodzaju muzyczne show \u2013 Ti\u00ebsto at Arena. Niepowtarzalny 9 godzinny [&hellip;]<\/p>\n","protected":false},"author":4,"featured_media":193444,"comment_status":"closed","ping_status":"closed","sticky":false,"template":"","format":"standard","meta":{"_monsterinsights_skip_tracking":false,"_monsterinsights_sitenote_active":false,"_monsterinsights_sitenote_note":"","_monsterinsights_sitenote_category":0,"footnotes":"","_links_to":"","_links_to_target":""},"categories":[3,6,1,1129],"tags":[3077],"class_list":["post-193423","post","type-post","status-publish","format-standard","has-post-thumbnail","hentry","category-gliwice","category-kultura","category-wszystko","category-polecamy","tag-arena-gliwice"],"yoast_head":"<!-- This site is optimized with the Yoast SEO plugin v27.4 - https:\/\/yoast.com\/product\/yoast-seo-wordpress\/ -->\n<title>Jeden z najpopularniejszych na \u015bwiecie DJ-\u00f3w i producent\u00f3w z solowym show w Arenie Gliwice - 24GLIWICE - Portal Gliwice | codziennie nowe informacje<\/title>\n<meta name=\"robots\" content=\"index, follow, max-snippet:-1, max-image-preview:large, max-video-preview:-1\" \/>\n<link rel=\"canonical\" href=\"https:\/\/www.24gliwice.pl\/wiadomosci\/tiesto-w-arena-gliwice\/\" \/>\n<meta property=\"og:locale\" content=\"pl_PL\" \/>\n<meta property=\"og:type\" content=\"article\" \/>\n<meta property=\"og:title\" content=\"Jeden z najpopularniejszych na \u015bwiecie DJ-\u00f3w i producent\u00f3w z solowym show w Arenie Gliwice - 24GLIWICE - Portal Gliwice | codziennie nowe informacje\" \/>\n<meta property=\"og:description\" content=\"Ti\u00ebsto, jeden z najpopularniejszych DJ-\u00f3w i producent\u00f3w na \u015bwiecie po 12 latach powraca do Polski z solowym projektem. &nbsp; Ju\u017c w \u015brod\u0119 15 czerwca w jednym z najnowocze\u015bniejszych i najwi\u0119kszych obiekt\u00f3w widowiskowych w Polsce jakim jest Arena Gliwice fani holenderskiego producenta prze\u017cyj\u0105 jedyne w swoim rodzaju muzyczne show \u2013 Ti\u00ebsto at Arena. Niepowtarzalny 9 godzinny [&hellip;]\" \/>\n<meta property=\"og:url\" content=\"https:\/\/www.24gliwice.pl\/wiadomosci\/tiesto-w-arena-gliwice\/\" \/>\n<meta property=\"og:site_name\" content=\"24GLIWICE - Portal Gliwice | codziennie nowe informacje\" \/>\n<meta property=\"article:publisher\" content=\"https:\/\/www.facebook.com\/24gliwice\" \/>\n<meta property=\"article:author\" content=\"https:\/\/www.facebook.com\/marcin.fabrykowski\" \/>\n<meta property=\"article:published_time\" content=\"2022-05-30T11:09:52+00:00\" \/>\n<meta property=\"article:modified_time\" content=\"2022-05-30T16:40:23+00:00\" \/>\n<meta property=\"og:image\" content=\"https:\/\/www.24gliwice.pl\/wiadomosci\/wp-content\/uploads\/2022\/05\/tiesto.jpg\" \/>\n\t<meta property=\"og:image:width\" content=\"885\" \/>\n\t<meta property=\"og:image:height\" content=\"491\" \/>\n\t<meta property=\"og:image:type\" content=\"image\/jpeg\" \/>\n<meta name=\"author\" content=\"Marcin Fabrykowski\" \/>\n<meta name=\"twitter:card\" content=\"summary_large_image\" \/>\n<meta name=\"twitter:creator\" content=\"@24gliwice\" \/>\n<meta name=\"twitter:site\" content=\"@24gliwice\" \/>\n<meta name=\"twitter:label1\" content=\"Napisane przez\" \/>\n\t<meta name=\"twitter:data1\" content=\"Marcin Fabrykowski\" \/>\n\t<meta name=\"twitter:label2\" content=\"Szacowany czas czytania\" \/>\n\t<meta name=\"twitter:data2\" content=\"2 minuty\" \/>\n<script type=\"application\/ld+json\" class=\"yoast-schema-graph\">{\"@context\":\"https:\\\/\\\/schema.org\",\"@graph\":[{\"@type\":\"Article\",\"@id\":\"https:\\\/\\\/www.24gliwice.pl\\\/wiadomosci\\\/tiesto-w-arena-gliwice\\\/#article\",\"isPartOf\":{\"@id\":\"https:\\\/\\\/www.24gliwice.pl\\\/wiadomosci\\\/tiesto-w-arena-gliwice\\\/\"},\"author\":{\"name\":\"Marcin Fabrykowski\",\"@id\":\"https:\\\/\\\/www.24gliwice.pl\\\/wiadomosci\\\/#\\\/schema\\\/person\\\/cb5857e4a4d048c15984c1edcc8ef0c0\"},\"headline\":\"Jeden z najpopularniejszych na \u015bwiecie DJ-\u00f3w i producent\u00f3w z solowym show w Arenie Gliwice\",\"datePublished\":\"2022-05-30T11:09:52+00:00\",\"dateModified\":\"2022-05-30T16:40:23+00:00\",\"mainEntityOfPage\":{\"@id\":\"https:\\\/\\\/www.24gliwice.pl\\\/wiadomosci\\\/tiesto-w-arena-gliwice\\\/\"},\"wordCount\":350,\"publisher\":{\"@id\":\"https:\\\/\\\/www.24gliwice.pl\\\/wiadomosci\\\/#organization\"},\"image\":{\"@id\":\"https:\\\/\\\/www.24gliwice.pl\\\/wiadomosci\\\/tiesto-w-arena-gliwice\\\/#primaryimage\"},\"thumbnailUrl\":\"https:\\\/\\\/www.24gliwice.pl\\\/wiadomosci\\\/wp-content\\\/uploads\\\/2022\\\/05\\\/tiesto.jpg\",\"keywords\":[\"ARENA GLIWICE\"],\"articleSection\":[\"Gliwice\",\"Kultura, wydarzenia, imprezy\",\"Najnowsze wiadomo\u015bci\",\"Polecamy\"],\"inLanguage\":\"pl-PL\"},{\"@type\":\"WebPage\",\"@id\":\"https:\\\/\\\/www.24gliwice.pl\\\/wiadomosci\\\/tiesto-w-arena-gliwice\\\/\",\"url\":\"https:\\\/\\\/www.24gliwice.pl\\\/wiadomosci\\\/tiesto-w-arena-gliwice\\\/\",\"name\":\"Jeden z najpopularniejszych na \u015bwiecie DJ-\u00f3w i producent\u00f3w z solowym show w Arenie Gliwice - 24GLIWICE - Portal Gliwice | codziennie nowe informacje\",\"isPartOf\":{\"@id\":\"https:\\\/\\\/www.24gliwice.pl\\\/wiadomosci\\\/#website\"},\"primaryImageOfPage\":{\"@id\":\"https:\\\/\\\/www.24gliwice.pl\\\/wiadomosci\\\/tiesto-w-arena-gliwice\\\/#primaryimage\"},\"image\":{\"@id\":\"https:\\\/\\\/www.24gliwice.pl\\\/wiadomosci\\\/tiesto-w-arena-gliwice\\\/#primaryimage\"},\"thumbnailUrl\":\"https:\\\/\\\/www.24gliwice.pl\\\/wiadomosci\\\/wp-content\\\/uploads\\\/2022\\\/05\\\/tiesto.jpg\",\"datePublished\":\"2022-05-30T11:09:52+00:00\",\"dateModified\":\"2022-05-30T16:40:23+00:00\",\"breadcrumb\":{\"@id\":\"https:\\\/\\\/www.24gliwice.pl\\\/wiadomosci\\\/tiesto-w-arena-gliwice\\\/#breadcrumb\"},\"inLanguage\":\"pl-PL\",\"potentialAction\":[{\"@type\":\"ReadAction\",\"target\":[\"https:\\\/\\\/www.24gliwice.pl\\\/wiadomosci\\\/tiesto-w-arena-gliwice\\\/\"]}]},{\"@type\":\"ImageObject\",\"inLanguage\":\"pl-PL\",\"@id\":\"https:\\\/\\\/www.24gliwice.pl\\\/wiadomosci\\\/tiesto-w-arena-gliwice\\\/#primaryimage\",\"url\":\"https:\\\/\\\/www.24gliwice.pl\\\/wiadomosci\\\/wp-content\\\/uploads\\\/2022\\\/05\\\/tiesto.jpg\",\"contentUrl\":\"https:\\\/\\\/www.24gliwice.pl\\\/wiadomosci\\\/wp-content\\\/uploads\\\/2022\\\/05\\\/tiesto.jpg\",\"width\":885,\"height\":491},{\"@type\":\"BreadcrumbList\",\"@id\":\"https:\\\/\\\/www.24gliwice.pl\\\/wiadomosci\\\/tiesto-w-arena-gliwice\\\/#breadcrumb\",\"itemListElement\":[{\"@type\":\"ListItem\",\"position\":1,\"name\":\"Strona g\u0142\u00f3wna\",\"item\":\"https:\\\/\\\/www.24gliwice.pl\\\/wiadomosci\\\/\"},{\"@type\":\"ListItem\",\"position\":2,\"name\":\"Jeden z najpopularniejszych na \u015bwiecie DJ-\u00f3w i producent\u00f3w z solowym show w Arenie Gliwice\"}]},{\"@type\":\"WebSite\",\"@id\":\"https:\\\/\\\/www.24gliwice.pl\\\/wiadomosci\\\/#website\",\"url\":\"https:\\\/\\\/www.24gliwice.pl\\\/wiadomosci\\\/\",\"name\":\"24GLIWICE - Portal Gliwice | codziennie nowe wiadomo\u015bci\",\"description\":\"Portal Miejski Gliwice\",\"publisher\":{\"@id\":\"https:\\\/\\\/www.24gliwice.pl\\\/wiadomosci\\\/#organization\"},\"potentialAction\":[{\"@type\":\"SearchAction\",\"target\":{\"@type\":\"EntryPoint\",\"urlTemplate\":\"https:\\\/\\\/www.24gliwice.pl\\\/wiadomosci\\\/?s={search_term_string}\"},\"query-input\":{\"@type\":\"PropertyValueSpecification\",\"valueRequired\":true,\"valueName\":\"search_term_string\"}}],\"inLanguage\":\"pl-PL\"},{\"@type\":\"Organization\",\"@id\":\"https:\\\/\\\/www.24gliwice.pl\\\/wiadomosci\\\/#organization\",\"name\":\"24gliwice\",\"url\":\"https:\\\/\\\/www.24gliwice.pl\\\/wiadomosci\\\/\",\"logo\":{\"@type\":\"ImageObject\",\"inLanguage\":\"pl-PL\",\"@id\":\"https:\\\/\\\/www.24gliwice.pl\\\/wiadomosci\\\/#\\\/schema\\\/logo\\\/image\\\/\",\"url\":\"https:\\\/\\\/www.24gliwice.pl\\\/wiadomosci\\\/wp-content\\\/uploads\\\/2024\\\/10\\\/24gliwice-logo-696.jpg\",\"contentUrl\":\"https:\\\/\\\/www.24gliwice.pl\\\/wiadomosci\\\/wp-content\\\/uploads\\\/2024\\\/10\\\/24gliwice-logo-696.jpg\",\"width\":696,\"height\":696,\"caption\":\"24gliwice\"},\"image\":{\"@id\":\"https:\\\/\\\/www.24gliwice.pl\\\/wiadomosci\\\/#\\\/schema\\\/logo\\\/image\\\/\"},\"sameAs\":[\"https:\\\/\\\/www.facebook.com\\\/24gliwice\",\"https:\\\/\\\/x.com\\\/24gliwice\",\"https:\\\/\\\/www.youtube.com\\\/@24gliwice\"]},{\"@type\":\"Person\",\"@id\":\"https:\\\/\\\/www.24gliwice.pl\\\/wiadomosci\\\/#\\\/schema\\\/person\\\/cb5857e4a4d048c15984c1edcc8ef0c0\",\"name\":\"Marcin Fabrykowski\",\"image\":{\"@type\":\"ImageObject\",\"inLanguage\":\"pl-PL\",\"@id\":\"https:\\\/\\\/www.24gliwice.pl\\\/wiadomosci\\\/wp-content\\\/uploads\\\/2025\\\/11\\\/zdjecie-moje-marcin-300-96x96.jpg\",\"url\":\"https:\\\/\\\/www.24gliwice.pl\\\/wiadomosci\\\/wp-content\\\/uploads\\\/2025\\\/11\\\/zdjecie-moje-marcin-300-96x96.jpg\",\"contentUrl\":\"https:\\\/\\\/www.24gliwice.pl\\\/wiadomosci\\\/wp-content\\\/uploads\\\/2025\\\/11\\\/zdjecie-moje-marcin-300-96x96.jpg\",\"caption\":\"Marcin Fabrykowski\"},\"sameAs\":[\"http:\\\/\\\/24gliwice.pl\",\"https:\\\/\\\/www.facebook.com\\\/marcin.fabrykowski\"],\"url\":\"https:\\\/\\\/www.24gliwice.pl\\\/wiadomosci\\\/author\\\/marcin-fabrykowski\\\/\"}]}<\/script>\n<!-- \/ Yoast SEO plugin. -->","yoast_head_json":{"title":"Jeden z najpopularniejszych na \u015bwiecie DJ-\u00f3w i producent\u00f3w z solowym show w Arenie Gliwice - 24GLIWICE - Portal Gliwice | codziennie nowe informacje","robots":{"index":"index","follow":"follow","max-snippet":"max-snippet:-1","max-image-preview":"max-image-preview:large","max-video-preview":"max-video-preview:-1"},"canonical":"https:\/\/www.24gliwice.pl\/wiadomosci\/tiesto-w-arena-gliwice\/","og_locale":"pl_PL","og_type":"article","og_title":"Jeden z najpopularniejszych na \u015bwiecie DJ-\u00f3w i producent\u00f3w z solowym show w Arenie Gliwice - 24GLIWICE - Portal Gliwice | codziennie nowe informacje","og_description":"Ti\u00ebsto, jeden z najpopularniejszych DJ-\u00f3w i producent\u00f3w na \u015bwiecie po 12 latach powraca do Polski z solowym projektem. &nbsp; Ju\u017c w \u015brod\u0119 15 czerwca w jednym z najnowocze\u015bniejszych i najwi\u0119kszych obiekt\u00f3w widowiskowych w Polsce jakim jest Arena Gliwice fani holenderskiego producenta prze\u017cyj\u0105 jedyne w swoim rodzaju muzyczne show \u2013 Ti\u00ebsto at Arena. Niepowtarzalny 9 godzinny [&hellip;]","og_url":"https:\/\/www.24gliwice.pl\/wiadomosci\/tiesto-w-arena-gliwice\/","og_site_name":"24GLIWICE - Portal Gliwice | codziennie nowe informacje","article_publisher":"https:\/\/www.facebook.com\/24gliwice","article_author":"https:\/\/www.facebook.com\/marcin.fabrykowski","article_published_time":"2022-05-30T11:09:52+00:00","article_modified_time":"2022-05-30T16:40:23+00:00","og_image":[{"width":885,"height":491,"url":"https:\/\/www.24gliwice.pl\/wiadomosci\/wp-content\/uploads\/2022\/05\/tiesto.jpg","type":"image\/jpeg"}],"author":"Marcin Fabrykowski","twitter_card":"summary_large_image","twitter_creator":"@24gliwice","twitter_site":"@24gliwice","twitter_misc":{"Napisane przez":"Marcin Fabrykowski","Szacowany czas czytania":"2 minuty"},"schema":{"@context":"https:\/\/schema.org","@graph":[{"@type":"Article","@id":"https:\/\/www.24gliwice.pl\/wiadomosci\/tiesto-w-arena-gliwice\/#article","isPartOf":{"@id":"https:\/\/www.24gliwice.pl\/wiadomosci\/tiesto-w-arena-gliwice\/"},"author":{"name":"Marcin Fabrykowski","@id":"https:\/\/www.24gliwice.pl\/wiadomosci\/#\/schema\/person\/cb5857e4a4d048c15984c1edcc8ef0c0"},"headline":"Jeden z najpopularniejszych na \u015bwiecie DJ-\u00f3w i producent\u00f3w z solowym show w Arenie Gliwice","datePublished":"2022-05-30T11:09:52+00:00","dateModified":"2022-05-30T16:40:23+00:00","mainEntityOfPage":{"@id":"https:\/\/www.24gliwice.pl\/wiadomosci\/tiesto-w-arena-gliwice\/"},"wordCount":350,"publisher":{"@id":"https:\/\/www.24gliwice.pl\/wiadomosci\/#organization"},"image":{"@id":"https:\/\/www.24gliwice.pl\/wiadomosci\/tiesto-w-arena-gliwice\/#primaryimage"},"thumbnailUrl":"https:\/\/www.24gliwice.pl\/wiadomosci\/wp-content\/uploads\/2022\/05\/tiesto.jpg","keywords":["ARENA GLIWICE"],"articleSection":["Gliwice","Kultura, wydarzenia, imprezy","Najnowsze wiadomo\u015bci","Polecamy"],"inLanguage":"pl-PL"},{"@type":"WebPage","@id":"https:\/\/www.24gliwice.pl\/wiadomosci\/tiesto-w-arena-gliwice\/","url":"https:\/\/www.24gliwice.pl\/wiadomosci\/tiesto-w-arena-gliwice\/","name":"Jeden z najpopularniejszych na \u015bwiecie DJ-\u00f3w i producent\u00f3w z solowym show w Arenie Gliwice - 24GLIWICE - Portal Gliwice | codziennie nowe informacje","isPartOf":{"@id":"https:\/\/www.24gliwice.pl\/wiadomosci\/#website"},"primaryImageOfPage":{"@id":"https:\/\/www.24gliwice.pl\/wiadomosci\/tiesto-w-arena-gliwice\/#primaryimage"},"image":{"@id":"https:\/\/www.24gliwice.pl\/wiadomosci\/tiesto-w-arena-gliwice\/#primaryimage"},"thumbnailUrl":"https:\/\/www.24gliwice.pl\/wiadomosci\/wp-content\/uploads\/2022\/05\/tiesto.jpg","datePublished":"2022-05-30T11:09:52+00:00","dateModified":"2022-05-30T16:40:23+00:00","breadcrumb":{"@id":"https:\/\/www.24gliwice.pl\/wiadomosci\/tiesto-w-arena-gliwice\/#breadcrumb"},"inLanguage":"pl-PL","potentialAction":[{"@type":"ReadAction","target":["https:\/\/www.24gliwice.pl\/wiadomosci\/tiesto-w-arena-gliwice\/"]}]},{"@type":"ImageObject","inLanguage":"pl-PL","@id":"https:\/\/www.24gliwice.pl\/wiadomosci\/tiesto-w-arena-gliwice\/#primaryimage","url":"https:\/\/www.24gliwice.pl\/wiadomosci\/wp-content\/uploads\/2022\/05\/tiesto.jpg","contentUrl":"https:\/\/www.24gliwice.pl\/wiadomosci\/wp-content\/uploads\/2022\/05\/tiesto.jpg","width":885,"height":491},{"@type":"BreadcrumbList","@id":"https:\/\/www.24gliwice.pl\/wiadomosci\/tiesto-w-arena-gliwice\/#breadcrumb","itemListElement":[{"@type":"ListItem","position":1,"name":"Strona g\u0142\u00f3wna","item":"https:\/\/www.24gliwice.pl\/wiadomosci\/"},{"@type":"ListItem","position":2,"name":"Jeden z najpopularniejszych na \u015bwiecie DJ-\u00f3w i producent\u00f3w z solowym show w Arenie Gliwice"}]},{"@type":"WebSite","@id":"https:\/\/www.24gliwice.pl\/wiadomosci\/#website","url":"https:\/\/www.24gliwice.pl\/wiadomosci\/","name":"24GLIWICE - Portal Gliwice | codziennie nowe wiadomo\u015bci","description":"Portal Miejski Gliwice","publisher":{"@id":"https:\/\/www.24gliwice.pl\/wiadomosci\/#organization"},"potentialAction":[{"@type":"SearchAction","target":{"@type":"EntryPoint","urlTemplate":"https:\/\/www.24gliwice.pl\/wiadomosci\/?s={search_term_string}"},"query-input":{"@type":"PropertyValueSpecification","valueRequired":true,"valueName":"search_term_string"}}],"inLanguage":"pl-PL"},{"@type":"Organization","@id":"https:\/\/www.24gliwice.pl\/wiadomosci\/#organization","name":"24gliwice","url":"https:\/\/www.24gliwice.pl\/wiadomosci\/","logo":{"@type":"ImageObject","inLanguage":"pl-PL","@id":"https:\/\/www.24gliwice.pl\/wiadomosci\/#\/schema\/logo\/image\/","url":"https:\/\/www.24gliwice.pl\/wiadomosci\/wp-content\/uploads\/2024\/10\/24gliwice-logo-696.jpg","contentUrl":"https:\/\/www.24gliwice.pl\/wiadomosci\/wp-content\/uploads\/2024\/10\/24gliwice-logo-696.jpg","width":696,"height":696,"caption":"24gliwice"},"image":{"@id":"https:\/\/www.24gliwice.pl\/wiadomosci\/#\/schema\/logo\/image\/"},"sameAs":["https:\/\/www.facebook.com\/24gliwice","https:\/\/x.com\/24gliwice","https:\/\/www.youtube.com\/@24gliwice"]},{"@type":"Person","@id":"https:\/\/www.24gliwice.pl\/wiadomosci\/#\/schema\/person\/cb5857e4a4d048c15984c1edcc8ef0c0","name":"Marcin Fabrykowski","image":{"@type":"ImageObject","inLanguage":"pl-PL","@id":"https:\/\/www.24gliwice.pl\/wiadomosci\/wp-content\/uploads\/2025\/11\/zdjecie-moje-marcin-300-96x96.jpg","url":"https:\/\/www.24gliwice.pl\/wiadomosci\/wp-content\/uploads\/2025\/11\/zdjecie-moje-marcin-300-96x96.jpg","contentUrl":"https:\/\/www.24gliwice.pl\/wiadomosci\/wp-content\/uploads\/2025\/11\/zdjecie-moje-marcin-300-96x96.jpg","caption":"Marcin Fabrykowski"},"sameAs":["http:\/\/24gliwice.pl","https:\/\/www.facebook.com\/marcin.fabrykowski"],"url":"https:\/\/www.24gliwice.pl\/wiadomosci\/author\/marcin-fabrykowski\/"}]}},"_links":{"self":[{"href":"https:\/\/www.24gliwice.pl\/wiadomosci\/wp-json\/wp\/v2\/posts\/193423","targetHints":{"allow":["GET"]}}],"collection":[{"href":"https:\/\/www.24gliwice.pl\/wiadomosci\/wp-json\/wp\/v2\/posts"}],"about":[{"href":"https:\/\/www.24gliwice.pl\/wiadomosci\/wp-json\/wp\/v2\/types\/post"}],"author":[{"embeddable":true,"href":"https:\/\/www.24gliwice.pl\/wiadomosci\/wp-json\/wp\/v2\/users\/4"}],"replies":[{"embeddable":true,"href":"https:\/\/www.24gliwice.pl\/wiadomosci\/wp-json\/wp\/v2\/comments?post=193423"}],"version-history":[{"count":13,"href":"https:\/\/www.24gliwice.pl\/wiadomosci\/wp-json\/wp\/v2\/posts\/193423\/revisions"}],"predecessor-version":[{"id":193495,"href":"https:\/\/www.24gliwice.pl\/wiadomosci\/wp-json\/wp\/v2\/posts\/193423\/revisions\/193495"}],"wp:featuredmedia":[{"embeddable":true,"href":"https:\/\/www.24gliwice.pl\/wiadomosci\/wp-json\/wp\/v2\/media\/193444"}],"wp:attachment":[{"href":"https:\/\/www.24gliwice.pl\/wiadomosci\/wp-json\/wp\/v2\/media?parent=193423"}],"wp:term":[{"taxonomy":"category","embeddable":true,"href":"https:\/\/www.24gliwice.pl\/wiadomosci\/wp-json\/wp\/v2\/categories?post=193423"},{"taxonomy":"post_tag","embeddable":true,"href":"https:\/\/www.24gliwice.pl\/wiadomosci\/wp-json\/wp\/v2\/tags?post=193423"}],"curies":[{"name":"wp","href":"https:\/\/api.w.org\/{rel}","templated":true}]}}