{"id":193660,"date":"2022-06-01T15:28:47","date_gmt":"2022-06-01T13:28:47","guid":{"rendered":"https:\/\/www.24gliwice.pl\/wiadomosci\/?p=193660"},"modified":"2022-06-01T15:32:35","modified_gmt":"2022-06-01T13:32:35","slug":"zmiana-terminow-wyplat-500-juz-nie-do-10-go-kazdego-miesiaca-teraz-bedzie-regularnie","status":"publish","type":"post","link":"https:\/\/www.24gliwice.pl\/wiadomosci\/zmiana-terminow-wyplat-500-juz-nie-do-10-go-kazdego-miesiaca-teraz-bedzie-regularnie\/","title":{"rendered":"Zmiana termin\u00f3w wyp\u0142at 500+. Ju\u017c nie do 10-go dnia ka\u017cdego miesi\u0105ca"},"content":{"rendered":"<div class=\"gliwi-a6-nad-leadem-artykulow gliwi-entity-placement\" id=\"gliwi-3991994101\"><div class=\"gliwi-adlabel\"><span style=\"font-size: 9px\">REKLAMA<\/span><\/div><div id=\"gliwi-2109163249\" style=\"margin-bottom: 30px;margin-left: auto;margin-right: auto;text-align: center;\"><a data-no-instant=\"1\" href=\"https:\/\/przedszkole.halogen.org.pl\/\" rel=\"noopener\" class=\"a2t-link\" target=\"_blank\" aria-label=\"20260402-ANIMATOR-przedszkole_grafika_750x200\"><img loading=\"lazy\" decoding=\"async\" src=\"https:\/\/www.24gliwice.pl\/wiadomosci\/wp-content\/uploads\/2026\/04\/20260402-ANIMATOR-przedszkole_grafika_750x200.webp\" alt=\"\"  srcset=\"https:\/\/www.24gliwice.pl\/wiadomosci\/wp-content\/uploads\/2026\/04\/20260402-ANIMATOR-przedszkole_grafika_750x200.webp 750w, https:\/\/www.24gliwice.pl\/wiadomosci\/wp-content\/uploads\/2026\/04\/20260402-ANIMATOR-przedszkole_grafika_750x200-410x109.webp 410w\" sizes=\"(max-width: 750px) 100vw, 750px\" class=\"no-lazyload\" width=\"750\" height=\"200\"  style=\"display: inline-block; max-width: 100%; height: auto;\" \/><\/a><\/div><\/div><h2>Od pocz\u0105tku czerwca obs\u0142ug\u0105 \u015bwiadczenia 500 plus zajmuje si\u0119 tylko ZUS. Dla os\u00f3b pobieraj\u0105cych \u015bwiadczenie wychowawcze oznacza to nowe terminy wyp\u0142at.<\/h2>\n<p>&nbsp;<br \/>\nWraz z pocz\u0105tkiem czerwca rozpocz\u0105\u0142 si\u0119 nowy okres rozliczeniowy, kt\u00f3ry potrwa do 31 maja 2023 roku. \u015awiadczenie przys\u0142uguje na ka\u017cde dziecko do uko\u0144czenia 18. roku \u017cycia, bez wzgl\u0119du na wysoko\u015b\u0107 dochod\u00f3w w rodzinie. Pieni\u0105dze b\u0119d\u0105 wyp\u0142acane tylko w formie bezgot\u00f3wkowej na wskazany we wniosku rachunek bankowy. <\/p>\n<blockquote><p><em>Wyp\u0142aty \u015bwiadczenia wychowawczego 500 plus na okres \u015bwiadczeniowy b\u0119d\u0105 realizowane w dziesi\u0119ciu terminach p\u0142atno\u015bci: 2, 4, 7, 9, 12, 14, 16, 18, 20, 22. dzie\u0144 ka\u017cdego miesi\u0105ca. Przydzia\u0142 konkretnego terminu p\u0142atno\u015bci nast\u0119puje automatycznie, losowo<\/em> <\/p><\/blockquote>\n<p>&#8211; zaznacza <strong>Beata Kopczy\u0144ska<\/strong>, regionalny rzecznik prasowy Zak\u0142adu Ubezpiecze\u0144 Spo\u0142ecznych dla wojew\u00f3dztwa \u015bl\u0105skiego. <\/p><div class=\"gliwi-a3-w-tresci-artykulow gliwi-entity-placement\" id=\"gliwi-4022682040\"><div class=\"gliwi-adlabel\"><span style=\"font-size: 9px\">REKLAMA<\/span><\/div><div id=\"gliwi-1904882416\" style=\"margin-bottom: 30px;margin-left: auto;margin-right: auto;text-align: center;\"><a data-no-instant=\"1\" href=\"https:\/\/ogrodyandersa.pl\/\" rel=\"noopener\" class=\"a2t-link\" target=\"_blank\" aria-label=\"20260415 Ogrody Andersa KUP TERAZ D\"><img loading=\"lazy\" decoding=\"async\" src=\"https:\/\/www.24gliwice.pl\/wiadomosci\/wp-content\/uploads\/2026\/04\/20260415-Ogrody-Andersa-KUP-TERAZ-D.jpg\" alt=\"\"  srcset=\"https:\/\/www.24gliwice.pl\/wiadomosci\/wp-content\/uploads\/2026\/04\/20260415-Ogrody-Andersa-KUP-TERAZ-D.jpg 750w, https:\/\/www.24gliwice.pl\/wiadomosci\/wp-content\/uploads\/2026\/04\/20260415-Ogrody-Andersa-KUP-TERAZ-D-410x109.jpg 410w\" sizes=\"(max-width: 750px) 100vw, 750px\" class=\"no-lazyload\" width=\"750\" height=\"200\"  style=\"display: inline-block; max-width: 100%; height: auto;\" \/><\/a><\/div><\/div>\n<p>&#8211; <em>Ustalony dzie\u0144 p\u0142atno\u015bci b\u0119dzie obowi\u0105zywa\u0142 przez ca\u0142y okres, na kt\u00f3ry zosta\u0142o przyznane \u015bwiadczenie. Wskazany termin p\u0142atno\u015bci oznacza, \u017ce w tym dniu powinien nast\u0105pi\u0107 wp\u0142yw \u015brodk\u00f3w na konto klienta<\/em> \u2013 informuje Beata Kopczy\u0144ska. <\/p>\n<p>Je\u017celi wniosek o \u015bwiadczenie wychowawcze, na nowy okres \u015bwiadczeniowy zosta\u0142 rozpatrzony do ko\u0144ca maja br., termin pierwszej wyp\u0142aty w czerwcu b\u0119dzie terminem, w kt\u00f3rym \u015bwiadczenie b\u0119dzie wyp\u0142acane r\u00f3wnie\u017c w kolejnych miesi\u0105cach. Natomiast w sytuacji, gdy wniosek o \u015bwiadczenie wychowawcze zostanie rozpatrzony po maju br., w\u00f3wczas pierwsza p\u0142atno\u015b\u0107 \u015bwiadczenia zostanie zrealizowana w najbli\u017cszym technicznie mo\u017cliwym terminie dziennym, a kolejne p\u0142atno\u015bci \u015bwiadczenia zostan\u0105 zrealizowane w ustalonym sta\u0142ym terminie p\u0142atno\u015bci.<\/p>\n<h4>Rodzice, kt\u00f3rzy do 30 kwietnia z\u0142o\u017cyli prawid\u0142owo wype\u0142niony wniosek o 500 plus na nowy okres, pierwsz\u0105 wyp\u0142at\u0119 \u015bwiadczenia otrzymaj\u0105 w czerwcu. Je\u015bli z\u0142o\u017cyli wniosek w maju &#8211; w lipcu, a w czerwcu \u2013 w sierpniu.<\/h4>\n<p>Je\u017celi rodzic chce mie\u0107 wyp\u0142acone \u015bwiadczenie 500 plus za czerwiec, to najp\u00f3\u017aniej do ko\u0144ca miesi\u0105ca musi elektronicznie z\u0142o\u017cy\u0107 ten wniosek. Mo\u017ce to zrobi\u0107 albo za po\u015brednictwem Platformy Us\u0142ug Elektronicznych ZUS, albo portalu Emp@tia, albo bankowo\u015bci elektronicznej. <\/p>\n<p>\u2013 Od 1 czerwca \u015bwiadczenie jest przyznawane od miesi\u0105ca, w kt\u00f3rym zosta\u0142 z\u0142o\u017cony wniosek. Zatem je\u015bli kto\u015b zapomni wys\u0142a\u0107 wniosek o 500 plus w czerwcu i zrobi to dopiero w lipcu, to za czerwiec nie b\u0119dzie mia\u0142 przyznanego \u015bwiadczenia \u2013 wyja\u015bnia Beata Kopczy\u0144ska, regionalny rzecznik prasowy ZUS. <\/p>\n<p>Wyj\u0105tek stanowi\u0105 rodzice, kt\u00f3rym urodzi\u0142o si\u0119 dziecko. Oni maj\u0105 trzy miesi\u0105ce na z\u0142o\u017cenie wniosku.<\/p>\n<p>(\u017cms)\/mat. pras. ZUS<br \/>\nfot. px\/zdj. pogl\u0105dowe<\/p>\n<div class=\"gliwi-a5-na-koncu-artykulow gliwi-entity-placement\" id=\"gliwi-3910450540\"><div class=\"gliwi-adlabel\"><span style=\"font-size: 9px\">REKLAMA<\/span><\/div><div id=\"gliwi-3284827148\" style=\"margin-left: auto;margin-right: auto;text-align: center;\"><a data-no-instant=\"1\" href=\"https:\/\/www.jasek.pl\/\" rel=\"noopener\" class=\"a2t-link\" target=\"_blank\" aria-label=\"20200401-jasek 600\"><img loading=\"lazy\" decoding=\"async\" src=\"https:\/\/www.24gliwice.pl\/wiadomosci\/wp-content\/uploads\/2020\/04\/20200401-jasek-600.jpg\" alt=\"\"  srcset=\"https:\/\/www.24gliwice.pl\/wiadomosci\/wp-content\/uploads\/2020\/04\/20200401-jasek-600.jpg 600w, https:\/\/www.24gliwice.pl\/wiadomosci\/wp-content\/uploads\/2020\/04\/20200401-jasek-600-410x109.jpg 410w\" sizes=\"(max-width: 600px) 100vw, 600px\" class=\"no-lazyload\" width=\"600\" height=\"160\"  style=\"display: inline-block; max-width: 100%; height: auto;\" \/><\/a><\/div><\/div>","protected":false},"excerpt":{"rendered":"<p>Od pocz\u0105tku czerwca obs\u0142ug\u0105 \u015bwiadczenia 500 plus zajmuje si\u0119 tylko ZUS. Dla os\u00f3b pobieraj\u0105cych \u015bwiadczenie wychowawcze oznacza to nowe terminy wyp\u0142at. &nbsp; Wraz z pocz\u0105tkiem czerwca rozpocz\u0105\u0142 si\u0119 nowy okres rozliczeniowy, kt\u00f3ry potrwa do 31 maja 2023 roku. \u015awiadczenie przys\u0142uguje na ka\u017cde dziecko do uko\u0144czenia 18. roku \u017cycia, bez wzgl\u0119du na wysoko\u015b\u0107 dochod\u00f3w w rodzinie. [&hellip;]<\/p>\n","protected":false},"author":15,"featured_media":193665,"comment_status":"open","ping_status":"closed","sticky":false,"template":"","format":"standard","meta":{"_monsterinsights_skip_tracking":false,"_monsterinsights_sitenote_active":false,"_monsterinsights_sitenote_note":"","_monsterinsights_sitenote_category":0,"footnotes":"","_links_to":"","_links_to_target":""},"categories":[3,1],"tags":[9906,4971],"class_list":["post-193660","post","type-post","status-publish","format-standard","has-post-thumbnail","hentry","category-gliwice","category-wszystko","tag-9906","tag-zus"],"yoast_head":"<!-- This site is optimized with the Yoast SEO plugin v27.4 - https:\/\/yoast.com\/product\/yoast-seo-wordpress\/ -->\n<title>Zmiana termin\u00f3w wyp\u0142at 500+. Ju\u017c nie do 10-go dnia ka\u017cdego miesi\u0105ca - 24GLIWICE - Portal Gliwice | codziennie nowe informacje<\/title>\n<meta name=\"description\" content=\"Od 1 czerwca nast\u0105pi zmiana termin\u00f3w dokonywania wyp\u0142at \u015bwiadczenia 500+. Ka\u017cdy wnioskodawca b\u0119dzie mia\u0142 przyznany termin indywidualnie\" \/>\n<meta name=\"robots\" content=\"index, follow, max-snippet:-1, max-image-preview:large, max-video-preview:-1\" \/>\n<link rel=\"canonical\" href=\"https:\/\/www.24gliwice.pl\/wiadomosci\/zmiana-terminow-wyplat-500-juz-nie-do-10-go-kazdego-miesiaca-teraz-bedzie-regularnie\/\" \/>\n<meta property=\"og:locale\" content=\"pl_PL\" \/>\n<meta property=\"og:type\" content=\"article\" \/>\n<meta property=\"og:title\" content=\"Zmiana termin\u00f3w wyp\u0142at 500+. Ju\u017c nie do 10-go dnia ka\u017cdego miesi\u0105ca - 24GLIWICE - Portal Gliwice | codziennie nowe informacje\" \/>\n<meta property=\"og:description\" content=\"Od 1 czerwca nast\u0105pi zmiana termin\u00f3w dokonywania wyp\u0142at \u015bwiadczenia 500+. Ka\u017cdy wnioskodawca b\u0119dzie mia\u0142 przyznany termin indywidualnie\" \/>\n<meta property=\"og:url\" content=\"https:\/\/www.24gliwice.pl\/wiadomosci\/zmiana-terminow-wyplat-500-juz-nie-do-10-go-kazdego-miesiaca-teraz-bedzie-regularnie\/\" \/>\n<meta property=\"og:site_name\" content=\"24GLIWICE - Portal Gliwice | codziennie nowe informacje\" \/>\n<meta property=\"article:publisher\" content=\"https:\/\/www.facebook.com\/24gliwice\" \/>\n<meta property=\"article:published_time\" content=\"2022-06-01T13:28:47+00:00\" \/>\n<meta property=\"article:modified_time\" content=\"2022-06-01T13:32:35+00:00\" \/>\n<meta property=\"og:image\" content=\"https:\/\/www.24gliwice.pl\/wiadomosci\/wp-content\/uploads\/2022\/06\/kobieta-matka-wozek-dziecko.jpg\" \/>\n\t<meta property=\"og:image:width\" content=\"810\" \/>\n\t<meta property=\"og:image:height\" content=\"456\" \/>\n\t<meta property=\"og:image:type\" content=\"image\/jpeg\" \/>\n<meta name=\"author\" content=\"\u017baneta Mrozek-Siewierska\" \/>\n<meta name=\"twitter:card\" content=\"summary_large_image\" \/>\n<meta name=\"twitter:creator\" content=\"@24gliwice\" \/>\n<meta name=\"twitter:site\" content=\"@24gliwice\" \/>\n<meta name=\"twitter:label1\" content=\"Napisane przez\" \/>\n\t<meta name=\"twitter:data1\" content=\"\u017baneta Mrozek-Siewierska\" \/>\n\t<meta name=\"twitter:label2\" content=\"Szacowany czas czytania\" \/>\n\t<meta name=\"twitter:data2\" content=\"2 minuty\" \/>\n<script type=\"application\/ld+json\" class=\"yoast-schema-graph\">{\"@context\":\"https:\\\/\\\/schema.org\",\"@graph\":[{\"@type\":\"Article\",\"@id\":\"https:\\\/\\\/www.24gliwice.pl\\\/wiadomosci\\\/zmiana-terminow-wyplat-500-juz-nie-do-10-go-kazdego-miesiaca-teraz-bedzie-regularnie\\\/#article\",\"isPartOf\":{\"@id\":\"https:\\\/\\\/www.24gliwice.pl\\\/wiadomosci\\\/zmiana-terminow-wyplat-500-juz-nie-do-10-go-kazdego-miesiaca-teraz-bedzie-regularnie\\\/\"},\"author\":{\"name\":\"\u017baneta Mrozek-Siewierska\",\"@id\":\"https:\\\/\\\/www.24gliwice.pl\\\/wiadomosci\\\/#\\\/schema\\\/person\\\/e42c650edd7f2fa332be3811fb166b6e\"},\"headline\":\"Zmiana termin\u00f3w wyp\u0142at 500+. Ju\u017c nie do 10-go dnia ka\u017cdego miesi\u0105ca\",\"datePublished\":\"2022-06-01T13:28:47+00:00\",\"dateModified\":\"2022-06-01T13:32:35+00:00\",\"mainEntityOfPage\":{\"@id\":\"https:\\\/\\\/www.24gliwice.pl\\\/wiadomosci\\\/zmiana-terminow-wyplat-500-juz-nie-do-10-go-kazdego-miesiaca-teraz-bedzie-regularnie\\\/\"},\"wordCount\":444,\"commentCount\":0,\"publisher\":{\"@id\":\"https:\\\/\\\/www.24gliwice.pl\\\/wiadomosci\\\/#organization\"},\"image\":{\"@id\":\"https:\\\/\\\/www.24gliwice.pl\\\/wiadomosci\\\/zmiana-terminow-wyplat-500-juz-nie-do-10-go-kazdego-miesiaca-teraz-bedzie-regularnie\\\/#primaryimage\"},\"thumbnailUrl\":\"https:\\\/\\\/www.24gliwice.pl\\\/wiadomosci\\\/wp-content\\\/uploads\\\/2022\\\/06\\\/kobieta-matka-wozek-dziecko.jpg\",\"keywords\":[\"500+\",\"ZUS\"],\"articleSection\":[\"Gliwice\",\"Najnowsze wiadomo\u015bci\"],\"inLanguage\":\"pl-PL\",\"potentialAction\":[{\"@type\":\"CommentAction\",\"name\":\"Comment\",\"target\":[\"https:\\\/\\\/www.24gliwice.pl\\\/wiadomosci\\\/zmiana-terminow-wyplat-500-juz-nie-do-10-go-kazdego-miesiaca-teraz-bedzie-regularnie\\\/#respond\"]}]},{\"@type\":\"WebPage\",\"@id\":\"https:\\\/\\\/www.24gliwice.pl\\\/wiadomosci\\\/zmiana-terminow-wyplat-500-juz-nie-do-10-go-kazdego-miesiaca-teraz-bedzie-regularnie\\\/\",\"url\":\"https:\\\/\\\/www.24gliwice.pl\\\/wiadomosci\\\/zmiana-terminow-wyplat-500-juz-nie-do-10-go-kazdego-miesiaca-teraz-bedzie-regularnie\\\/\",\"name\":\"Zmiana termin\u00f3w wyp\u0142at 500+. Ju\u017c nie do 10-go dnia ka\u017cdego miesi\u0105ca - 24GLIWICE - Portal Gliwice | codziennie nowe informacje\",\"isPartOf\":{\"@id\":\"https:\\\/\\\/www.24gliwice.pl\\\/wiadomosci\\\/#website\"},\"primaryImageOfPage\":{\"@id\":\"https:\\\/\\\/www.24gliwice.pl\\\/wiadomosci\\\/zmiana-terminow-wyplat-500-juz-nie-do-10-go-kazdego-miesiaca-teraz-bedzie-regularnie\\\/#primaryimage\"},\"image\":{\"@id\":\"https:\\\/\\\/www.24gliwice.pl\\\/wiadomosci\\\/zmiana-terminow-wyplat-500-juz-nie-do-10-go-kazdego-miesiaca-teraz-bedzie-regularnie\\\/#primaryimage\"},\"thumbnailUrl\":\"https:\\\/\\\/www.24gliwice.pl\\\/wiadomosci\\\/wp-content\\\/uploads\\\/2022\\\/06\\\/kobieta-matka-wozek-dziecko.jpg\",\"datePublished\":\"2022-06-01T13:28:47+00:00\",\"dateModified\":\"2022-06-01T13:32:35+00:00\",\"description\":\"Od 1 czerwca nast\u0105pi zmiana termin\u00f3w dokonywania wyp\u0142at \u015bwiadczenia 500+. Ka\u017cdy wnioskodawca b\u0119dzie mia\u0142 przyznany termin indywidualnie\",\"breadcrumb\":{\"@id\":\"https:\\\/\\\/www.24gliwice.pl\\\/wiadomosci\\\/zmiana-terminow-wyplat-500-juz-nie-do-10-go-kazdego-miesiaca-teraz-bedzie-regularnie\\\/#breadcrumb\"},\"inLanguage\":\"pl-PL\",\"potentialAction\":[{\"@type\":\"ReadAction\",\"target\":[\"https:\\\/\\\/www.24gliwice.pl\\\/wiadomosci\\\/zmiana-terminow-wyplat-500-juz-nie-do-10-go-kazdego-miesiaca-teraz-bedzie-regularnie\\\/\"]}]},{\"@type\":\"ImageObject\",\"inLanguage\":\"pl-PL\",\"@id\":\"https:\\\/\\\/www.24gliwice.pl\\\/wiadomosci\\\/zmiana-terminow-wyplat-500-juz-nie-do-10-go-kazdego-miesiaca-teraz-bedzie-regularnie\\\/#primaryimage\",\"url\":\"https:\\\/\\\/www.24gliwice.pl\\\/wiadomosci\\\/wp-content\\\/uploads\\\/2022\\\/06\\\/kobieta-matka-wozek-dziecko.jpg\",\"contentUrl\":\"https:\\\/\\\/www.24gliwice.pl\\\/wiadomosci\\\/wp-content\\\/uploads\\\/2022\\\/06\\\/kobieta-matka-wozek-dziecko.jpg\",\"width\":810,\"height\":456},{\"@type\":\"BreadcrumbList\",\"@id\":\"https:\\\/\\\/www.24gliwice.pl\\\/wiadomosci\\\/zmiana-terminow-wyplat-500-juz-nie-do-10-go-kazdego-miesiaca-teraz-bedzie-regularnie\\\/#breadcrumb\",\"itemListElement\":[{\"@type\":\"ListItem\",\"position\":1,\"name\":\"Strona g\u0142\u00f3wna\",\"item\":\"https:\\\/\\\/www.24gliwice.pl\\\/wiadomosci\\\/\"},{\"@type\":\"ListItem\",\"position\":2,\"name\":\"Zmiana termin\u00f3w wyp\u0142at 500+. Ju\u017c nie do 10-go dnia ka\u017cdego miesi\u0105ca\"}]},{\"@type\":\"WebSite\",\"@id\":\"https:\\\/\\\/www.24gliwice.pl\\\/wiadomosci\\\/#website\",\"url\":\"https:\\\/\\\/www.24gliwice.pl\\\/wiadomosci\\\/\",\"name\":\"24GLIWICE - Portal Gliwice | codziennie nowe wiadomo\u015bci\",\"description\":\"Portal Miejski Gliwice\",\"publisher\":{\"@id\":\"https:\\\/\\\/www.24gliwice.pl\\\/wiadomosci\\\/#organization\"},\"potentialAction\":[{\"@type\":\"SearchAction\",\"target\":{\"@type\":\"EntryPoint\",\"urlTemplate\":\"https:\\\/\\\/www.24gliwice.pl\\\/wiadomosci\\\/?s={search_term_string}\"},\"query-input\":{\"@type\":\"PropertyValueSpecification\",\"valueRequired\":true,\"valueName\":\"search_term_string\"}}],\"inLanguage\":\"pl-PL\"},{\"@type\":\"Organization\",\"@id\":\"https:\\\/\\\/www.24gliwice.pl\\\/wiadomosci\\\/#organization\",\"name\":\"24gliwice\",\"url\":\"https:\\\/\\\/www.24gliwice.pl\\\/wiadomosci\\\/\",\"logo\":{\"@type\":\"ImageObject\",\"inLanguage\":\"pl-PL\",\"@id\":\"https:\\\/\\\/www.24gliwice.pl\\\/wiadomosci\\\/#\\\/schema\\\/logo\\\/image\\\/\",\"url\":\"https:\\\/\\\/www.24gliwice.pl\\\/wiadomosci\\\/wp-content\\\/uploads\\\/2024\\\/10\\\/24gliwice-logo-696.jpg\",\"contentUrl\":\"https:\\\/\\\/www.24gliwice.pl\\\/wiadomosci\\\/wp-content\\\/uploads\\\/2024\\\/10\\\/24gliwice-logo-696.jpg\",\"width\":696,\"height\":696,\"caption\":\"24gliwice\"},\"image\":{\"@id\":\"https:\\\/\\\/www.24gliwice.pl\\\/wiadomosci\\\/#\\\/schema\\\/logo\\\/image\\\/\"},\"sameAs\":[\"https:\\\/\\\/www.facebook.com\\\/24gliwice\",\"https:\\\/\\\/x.com\\\/24gliwice\",\"https:\\\/\\\/www.youtube.com\\\/@24gliwice\"]},{\"@type\":\"Person\",\"@id\":\"https:\\\/\\\/www.24gliwice.pl\\\/wiadomosci\\\/#\\\/schema\\\/person\\\/e42c650edd7f2fa332be3811fb166b6e\",\"name\":\"\u017baneta Mrozek-Siewierska\",\"image\":{\"@type\":\"ImageObject\",\"inLanguage\":\"pl-PL\",\"@id\":\"https:\\\/\\\/www.24gliwice.pl\\\/wiadomosci\\\/wp-content\\\/uploads\\\/2021\\\/11\\\/Zaneta-M_S-zdjecie-czb-96x96.jpg\",\"url\":\"https:\\\/\\\/www.24gliwice.pl\\\/wiadomosci\\\/wp-content\\\/uploads\\\/2021\\\/11\\\/Zaneta-M_S-zdjecie-czb-96x96.jpg\",\"contentUrl\":\"https:\\\/\\\/www.24gliwice.pl\\\/wiadomosci\\\/wp-content\\\/uploads\\\/2021\\\/11\\\/Zaneta-M_S-zdjecie-czb-96x96.jpg\",\"caption\":\"\u017baneta Mrozek-Siewierska\"},\"url\":\"https:\\\/\\\/www.24gliwice.pl\\\/wiadomosci\\\/author\\\/zms\\\/\"}]}<\/script>\n<!-- \/ Yoast SEO plugin. -->","yoast_head_json":{"title":"Zmiana termin\u00f3w wyp\u0142at 500+. Ju\u017c nie do 10-go dnia ka\u017cdego miesi\u0105ca - 24GLIWICE - Portal Gliwice | codziennie nowe informacje","description":"Od 1 czerwca nast\u0105pi zmiana termin\u00f3w dokonywania wyp\u0142at \u015bwiadczenia 500+. Ka\u017cdy wnioskodawca b\u0119dzie mia\u0142 przyznany termin indywidualnie","robots":{"index":"index","follow":"follow","max-snippet":"max-snippet:-1","max-image-preview":"max-image-preview:large","max-video-preview":"max-video-preview:-1"},"canonical":"https:\/\/www.24gliwice.pl\/wiadomosci\/zmiana-terminow-wyplat-500-juz-nie-do-10-go-kazdego-miesiaca-teraz-bedzie-regularnie\/","og_locale":"pl_PL","og_type":"article","og_title":"Zmiana termin\u00f3w wyp\u0142at 500+. Ju\u017c nie do 10-go dnia ka\u017cdego miesi\u0105ca - 24GLIWICE - Portal Gliwice | codziennie nowe informacje","og_description":"Od 1 czerwca nast\u0105pi zmiana termin\u00f3w dokonywania wyp\u0142at \u015bwiadczenia 500+. Ka\u017cdy wnioskodawca b\u0119dzie mia\u0142 przyznany termin indywidualnie","og_url":"https:\/\/www.24gliwice.pl\/wiadomosci\/zmiana-terminow-wyplat-500-juz-nie-do-10-go-kazdego-miesiaca-teraz-bedzie-regularnie\/","og_site_name":"24GLIWICE - Portal Gliwice | codziennie nowe informacje","article_publisher":"https:\/\/www.facebook.com\/24gliwice","article_published_time":"2022-06-01T13:28:47+00:00","article_modified_time":"2022-06-01T13:32:35+00:00","og_image":[{"width":810,"height":456,"url":"https:\/\/www.24gliwice.pl\/wiadomosci\/wp-content\/uploads\/2022\/06\/kobieta-matka-wozek-dziecko.jpg","type":"image\/jpeg"}],"author":"\u017baneta Mrozek-Siewierska","twitter_card":"summary_large_image","twitter_creator":"@24gliwice","twitter_site":"@24gliwice","twitter_misc":{"Napisane przez":"\u017baneta Mrozek-Siewierska","Szacowany czas czytania":"2 minuty"},"schema":{"@context":"https:\/\/schema.org","@graph":[{"@type":"Article","@id":"https:\/\/www.24gliwice.pl\/wiadomosci\/zmiana-terminow-wyplat-500-juz-nie-do-10-go-kazdego-miesiaca-teraz-bedzie-regularnie\/#article","isPartOf":{"@id":"https:\/\/www.24gliwice.pl\/wiadomosci\/zmiana-terminow-wyplat-500-juz-nie-do-10-go-kazdego-miesiaca-teraz-bedzie-regularnie\/"},"author":{"name":"\u017baneta Mrozek-Siewierska","@id":"https:\/\/www.24gliwice.pl\/wiadomosci\/#\/schema\/person\/e42c650edd7f2fa332be3811fb166b6e"},"headline":"Zmiana termin\u00f3w wyp\u0142at 500+. Ju\u017c nie do 10-go dnia ka\u017cdego miesi\u0105ca","datePublished":"2022-06-01T13:28:47+00:00","dateModified":"2022-06-01T13:32:35+00:00","mainEntityOfPage":{"@id":"https:\/\/www.24gliwice.pl\/wiadomosci\/zmiana-terminow-wyplat-500-juz-nie-do-10-go-kazdego-miesiaca-teraz-bedzie-regularnie\/"},"wordCount":444,"commentCount":0,"publisher":{"@id":"https:\/\/www.24gliwice.pl\/wiadomosci\/#organization"},"image":{"@id":"https:\/\/www.24gliwice.pl\/wiadomosci\/zmiana-terminow-wyplat-500-juz-nie-do-10-go-kazdego-miesiaca-teraz-bedzie-regularnie\/#primaryimage"},"thumbnailUrl":"https:\/\/www.24gliwice.pl\/wiadomosci\/wp-content\/uploads\/2022\/06\/kobieta-matka-wozek-dziecko.jpg","keywords":["500+","ZUS"],"articleSection":["Gliwice","Najnowsze wiadomo\u015bci"],"inLanguage":"pl-PL","potentialAction":[{"@type":"CommentAction","name":"Comment","target":["https:\/\/www.24gliwice.pl\/wiadomosci\/zmiana-terminow-wyplat-500-juz-nie-do-10-go-kazdego-miesiaca-teraz-bedzie-regularnie\/#respond"]}]},{"@type":"WebPage","@id":"https:\/\/www.24gliwice.pl\/wiadomosci\/zmiana-terminow-wyplat-500-juz-nie-do-10-go-kazdego-miesiaca-teraz-bedzie-regularnie\/","url":"https:\/\/www.24gliwice.pl\/wiadomosci\/zmiana-terminow-wyplat-500-juz-nie-do-10-go-kazdego-miesiaca-teraz-bedzie-regularnie\/","name":"Zmiana termin\u00f3w wyp\u0142at 500+. Ju\u017c nie do 10-go dnia ka\u017cdego miesi\u0105ca - 24GLIWICE - Portal Gliwice | codziennie nowe informacje","isPartOf":{"@id":"https:\/\/www.24gliwice.pl\/wiadomosci\/#website"},"primaryImageOfPage":{"@id":"https:\/\/www.24gliwice.pl\/wiadomosci\/zmiana-terminow-wyplat-500-juz-nie-do-10-go-kazdego-miesiaca-teraz-bedzie-regularnie\/#primaryimage"},"image":{"@id":"https:\/\/www.24gliwice.pl\/wiadomosci\/zmiana-terminow-wyplat-500-juz-nie-do-10-go-kazdego-miesiaca-teraz-bedzie-regularnie\/#primaryimage"},"thumbnailUrl":"https:\/\/www.24gliwice.pl\/wiadomosci\/wp-content\/uploads\/2022\/06\/kobieta-matka-wozek-dziecko.jpg","datePublished":"2022-06-01T13:28:47+00:00","dateModified":"2022-06-01T13:32:35+00:00","description":"Od 1 czerwca nast\u0105pi zmiana termin\u00f3w dokonywania wyp\u0142at \u015bwiadczenia 500+. Ka\u017cdy wnioskodawca b\u0119dzie mia\u0142 przyznany termin indywidualnie","breadcrumb":{"@id":"https:\/\/www.24gliwice.pl\/wiadomosci\/zmiana-terminow-wyplat-500-juz-nie-do-10-go-kazdego-miesiaca-teraz-bedzie-regularnie\/#breadcrumb"},"inLanguage":"pl-PL","potentialAction":[{"@type":"ReadAction","target":["https:\/\/www.24gliwice.pl\/wiadomosci\/zmiana-terminow-wyplat-500-juz-nie-do-10-go-kazdego-miesiaca-teraz-bedzie-regularnie\/"]}]},{"@type":"ImageObject","inLanguage":"pl-PL","@id":"https:\/\/www.24gliwice.pl\/wiadomosci\/zmiana-terminow-wyplat-500-juz-nie-do-10-go-kazdego-miesiaca-teraz-bedzie-regularnie\/#primaryimage","url":"https:\/\/www.24gliwice.pl\/wiadomosci\/wp-content\/uploads\/2022\/06\/kobieta-matka-wozek-dziecko.jpg","contentUrl":"https:\/\/www.24gliwice.pl\/wiadomosci\/wp-content\/uploads\/2022\/06\/kobieta-matka-wozek-dziecko.jpg","width":810,"height":456},{"@type":"BreadcrumbList","@id":"https:\/\/www.24gliwice.pl\/wiadomosci\/zmiana-terminow-wyplat-500-juz-nie-do-10-go-kazdego-miesiaca-teraz-bedzie-regularnie\/#breadcrumb","itemListElement":[{"@type":"ListItem","position":1,"name":"Strona g\u0142\u00f3wna","item":"https:\/\/www.24gliwice.pl\/wiadomosci\/"},{"@type":"ListItem","position":2,"name":"Zmiana termin\u00f3w wyp\u0142at 500+. Ju\u017c nie do 10-go dnia ka\u017cdego miesi\u0105ca"}]},{"@type":"WebSite","@id":"https:\/\/www.24gliwice.pl\/wiadomosci\/#website","url":"https:\/\/www.24gliwice.pl\/wiadomosci\/","name":"24GLIWICE - Portal Gliwice | codziennie nowe wiadomo\u015bci","description":"Portal Miejski Gliwice","publisher":{"@id":"https:\/\/www.24gliwice.pl\/wiadomosci\/#organization"},"potentialAction":[{"@type":"SearchAction","target":{"@type":"EntryPoint","urlTemplate":"https:\/\/www.24gliwice.pl\/wiadomosci\/?s={search_term_string}"},"query-input":{"@type":"PropertyValueSpecification","valueRequired":true,"valueName":"search_term_string"}}],"inLanguage":"pl-PL"},{"@type":"Organization","@id":"https:\/\/www.24gliwice.pl\/wiadomosci\/#organization","name":"24gliwice","url":"https:\/\/www.24gliwice.pl\/wiadomosci\/","logo":{"@type":"ImageObject","inLanguage":"pl-PL","@id":"https:\/\/www.24gliwice.pl\/wiadomosci\/#\/schema\/logo\/image\/","url":"https:\/\/www.24gliwice.pl\/wiadomosci\/wp-content\/uploads\/2024\/10\/24gliwice-logo-696.jpg","contentUrl":"https:\/\/www.24gliwice.pl\/wiadomosci\/wp-content\/uploads\/2024\/10\/24gliwice-logo-696.jpg","width":696,"height":696,"caption":"24gliwice"},"image":{"@id":"https:\/\/www.24gliwice.pl\/wiadomosci\/#\/schema\/logo\/image\/"},"sameAs":["https:\/\/www.facebook.com\/24gliwice","https:\/\/x.com\/24gliwice","https:\/\/www.youtube.com\/@24gliwice"]},{"@type":"Person","@id":"https:\/\/www.24gliwice.pl\/wiadomosci\/#\/schema\/person\/e42c650edd7f2fa332be3811fb166b6e","name":"\u017baneta Mrozek-Siewierska","image":{"@type":"ImageObject","inLanguage":"pl-PL","@id":"https:\/\/www.24gliwice.pl\/wiadomosci\/wp-content\/uploads\/2021\/11\/Zaneta-M_S-zdjecie-czb-96x96.jpg","url":"https:\/\/www.24gliwice.pl\/wiadomosci\/wp-content\/uploads\/2021\/11\/Zaneta-M_S-zdjecie-czb-96x96.jpg","contentUrl":"https:\/\/www.24gliwice.pl\/wiadomosci\/wp-content\/uploads\/2021\/11\/Zaneta-M_S-zdjecie-czb-96x96.jpg","caption":"\u017baneta Mrozek-Siewierska"},"url":"https:\/\/www.24gliwice.pl\/wiadomosci\/author\/zms\/"}]}},"_links":{"self":[{"href":"https:\/\/www.24gliwice.pl\/wiadomosci\/wp-json\/wp\/v2\/posts\/193660","targetHints":{"allow":["GET"]}}],"collection":[{"href":"https:\/\/www.24gliwice.pl\/wiadomosci\/wp-json\/wp\/v2\/posts"}],"about":[{"href":"https:\/\/www.24gliwice.pl\/wiadomosci\/wp-json\/wp\/v2\/types\/post"}],"author":[{"embeddable":true,"href":"https:\/\/www.24gliwice.pl\/wiadomosci\/wp-json\/wp\/v2\/users\/15"}],"replies":[{"embeddable":true,"href":"https:\/\/www.24gliwice.pl\/wiadomosci\/wp-json\/wp\/v2\/comments?post=193660"}],"version-history":[{"count":7,"href":"https:\/\/www.24gliwice.pl\/wiadomosci\/wp-json\/wp\/v2\/posts\/193660\/revisions"}],"predecessor-version":[{"id":193675,"href":"https:\/\/www.24gliwice.pl\/wiadomosci\/wp-json\/wp\/v2\/posts\/193660\/revisions\/193675"}],"wp:featuredmedia":[{"embeddable":true,"href":"https:\/\/www.24gliwice.pl\/wiadomosci\/wp-json\/wp\/v2\/media\/193665"}],"wp:attachment":[{"href":"https:\/\/www.24gliwice.pl\/wiadomosci\/wp-json\/wp\/v2\/media?parent=193660"}],"wp:term":[{"taxonomy":"category","embeddable":true,"href":"https:\/\/www.24gliwice.pl\/wiadomosci\/wp-json\/wp\/v2\/categories?post=193660"},{"taxonomy":"post_tag","embeddable":true,"href":"https:\/\/www.24gliwice.pl\/wiadomosci\/wp-json\/wp\/v2\/tags?post=193660"}],"curies":[{"name":"wp","href":"https:\/\/api.w.org\/{rel}","templated":true}]}}