{"id":193679,"date":"2022-06-02T10:00:08","date_gmt":"2022-06-02T08:00:08","guid":{"rendered":"https:\/\/www.24gliwice.pl\/wiadomosci\/?p=193679"},"modified":"2022-06-01T16:13:36","modified_gmt":"2022-06-01T14:13:36","slug":"rewolucja-w-autohop-od-czerwca-samochody-elektryczne","status":"publish","type":"post","link":"https:\/\/www.24gliwice.pl\/wiadomosci\/rewolucja-w-autohop-od-czerwca-samochody-elektryczne\/","title":{"rendered":"Rewolucja w AutoHOP. Od czerwca samochody elektryczne"},"content":{"rendered":"<h2>AutoHOP nie daje o sobie zapomnie\u0107. Trzecia rocznica dzia\u0142ania us\u0142ugi przynosi spory powiew \u015bwie\u017co\u015bci i zwiastuje dalszy rozw\u00f3j.<\/h2>\n<p>&nbsp;<br \/>\nNa ulicach Gliwic mo\u017cemy ju\u017c spotka\u0107 nietypowo wygl\u0105daj\u0105ce busy AutoHOP-a. Zielone akcenty na karoserii symbolizuj\u0105 elektryczny nap\u0119d nowych Mercedes\u00f3w Vito, kt\u00f3re w\u0142a\u015bnie zasili\u0142y flot\u0119 przewo\u017anika. Jak m\u00f3wi \u0141ukasz Gmyz, przedstawiciel marki:<br \/>\n<em>\u2013 To by\u0142a kwestia czasu. Od pocz\u0105tku naszej dzia\u0142alno\u015bci komunikujemy ide\u0119 odci\u0105\u017cania miasta ze spalin. Przej\u015bcie na elektryki to kolejny krok w naszej strategii ekologicznych rozwi\u0105za\u0144.<\/em><\/p>\n<p>Przechodzenie na busy elektryczne ma odbywa\u0107 si\u0119 stopniowo. Opr\u00f3cz redukcji \u015bladu w\u0119glowego pozwoli utrzyma\u0107<b> nisk\u0105 cen\u0119 przejazd\u00f3w, kt\u00f3ra od lat wynosi 2,99 z\u0142<\/b>. AutoHOP ma wi\u0119c szans\u0119 przyci\u0105gn\u0105\u0107 do siebie tych, kt\u00f3rzy przy obecnych, wy\u015brubowanych cenach paliwa s\u0105 gotowi zamieni\u0107 samoch\u00f3d na bardziej ekonomiczne rozwi\u0105zanie.<\/p>\n<p>A dla os\u00f3b, kt\u00f3re chcia\u0142yby zach\u0119ci\u0107 swoich znajomych do wypr\u00f3bowania HOP-a, firma przygotowa\u0142a specjaln\u0105 promocj\u0119.<\/p>\n<p><img loading=\"lazy\" decoding=\"async\" src=\"https:\/\/www.24gliwice.pl\/wiadomosci\/wp-content\/uploads\/2022\/06\/autohop-zdjecie-uzupelniajace_wynik.jpg\" alt=\"\" width=\"810\" height=\"540\" class=\"aligncenter size-full wp-image-193683\" srcset=\"https:\/\/www.24gliwice.pl\/wiadomosci\/wp-content\/uploads\/2022\/06\/autohop-zdjecie-uzupelniajace_wynik.jpg 810w, https:\/\/www.24gliwice.pl\/wiadomosci\/wp-content\/uploads\/2022\/06\/autohop-zdjecie-uzupelniajace_wynik-348x232.jpg 348w, https:\/\/www.24gliwice.pl\/wiadomosci\/wp-content\/uploads\/2022\/06\/autohop-zdjecie-uzupelniajace_wynik-683x455.jpg 683w, https:\/\/www.24gliwice.pl\/wiadomosci\/wp-content\/uploads\/2022\/06\/autohop-zdjecie-uzupelniajace_wynik-768x512.jpg 768w\" sizes=\"auto, (max-width: 810px) 100vw, 810px\" \/><\/p>\n<p><b>10 darmowych przejazd\u00f3w w zamian za polecenie<br \/>\n<\/b>Od 1 do 30 czerwca obowi\u0105zuje promocja zwi\u0105zana z now\u0105 funkcjonalno\u015bci\u0105 w aplikacji. Od teraz ka\u017cdy u\u017cytkownik mo\u017ce poleci\u0107 us\u0142ug\u0119 znajomemu, udost\u0119pniaj\u0105c mu specjalny kod. Po skorzystaniu z polecenia <b>nagrod\u0119 otrzymuje zar\u00f3wno polecaj\u0105cy, jak i jego znajomy<\/b>. Za jedno takie polecenie mo\u017cna otrzyma\u0107 nawet 10 przejazd\u00f3w gratis.<\/p>\n<p>Szczeg\u00f3\u0142y promocji opisano na stronie: <a href=\"http:\/\/www.autohop.pl\/polecenia\">www.autohop.pl\/polecenia<\/a>.<\/p>\n<p><small>materia\u0142 partnera<\/small><\/p>\n","protected":false},"excerpt":{"rendered":"<p>AutoHOP nie daje o sobie zapomnie\u0107. Trzecia rocznica dzia\u0142ania us\u0142ugi przynosi spory powiew \u015bwie\u017co\u015bci i zwiastuje dalszy rozw\u00f3j. &nbsp; Na ulicach Gliwic mo\u017cemy ju\u017c spotka\u0107 nietypowo wygl\u0105daj\u0105ce busy AutoHOP-a. Zielone akcenty na karoserii symbolizuj\u0105 elektryczny nap\u0119d nowych Mercedes\u00f3w Vito, kt\u00f3re w\u0142a\u015bnie zasili\u0142y flot\u0119 przewo\u017anika. Jak m\u00f3wi \u0141ukasz Gmyz, przedstawiciel marki: \u2013 To by\u0142a kwestia czasu. [&hellip;]<\/p>\n","protected":false},"author":4,"featured_media":193684,"comment_status":"closed","ping_status":"closed","sticky":false,"template":"","format":"standard","meta":{"_monsterinsights_skip_tracking":false,"_monsterinsights_sitenote_active":false,"_monsterinsights_sitenote_note":"","_monsterinsights_sitenote_category":0,"footnotes":"","_links_to":"","_links_to_target":""},"categories":[3,1,1129],"tags":[15946,15065,8349],"class_list":["post-193679","post","type-post","status-publish","format-standard","has-post-thumbnail","hentry","category-gliwice","category-wszystko","category-polecamy","tag-autohop","tag-elektryki","tag-transport"],"yoast_head":"<!-- This site is optimized with the Yoast SEO plugin v27.4 - https:\/\/yoast.com\/product\/yoast-seo-wordpress\/ -->\n<title>Rewolucja w AutoHOP. Od czerwca samochody elektryczne - 24GLIWICE - Portal Gliwice | codziennie nowe informacje<\/title>\n<meta name=\"robots\" content=\"index, follow, max-snippet:-1, max-image-preview:large, max-video-preview:-1\" \/>\n<link rel=\"canonical\" href=\"https:\/\/www.24gliwice.pl\/wiadomosci\/rewolucja-w-autohop-od-czerwca-samochody-elektryczne\/\" \/>\n<meta property=\"og:locale\" content=\"pl_PL\" \/>\n<meta property=\"og:type\" content=\"article\" \/>\n<meta property=\"og:title\" content=\"Rewolucja w AutoHOP. Od czerwca samochody elektryczne - 24GLIWICE - Portal Gliwice | codziennie nowe informacje\" \/>\n<meta property=\"og:description\" content=\"AutoHOP nie daje o sobie zapomnie\u0107. Trzecia rocznica dzia\u0142ania us\u0142ugi przynosi spory powiew \u015bwie\u017co\u015bci i zwiastuje dalszy rozw\u00f3j. &nbsp; Na ulicach Gliwic mo\u017cemy ju\u017c spotka\u0107 nietypowo wygl\u0105daj\u0105ce busy AutoHOP-a. Zielone akcenty na karoserii symbolizuj\u0105 elektryczny nap\u0119d nowych Mercedes\u00f3w Vito, kt\u00f3re w\u0142a\u015bnie zasili\u0142y flot\u0119 przewo\u017anika. Jak m\u00f3wi \u0141ukasz Gmyz, przedstawiciel marki: \u2013 To by\u0142a kwestia czasu. [&hellip;]\" \/>\n<meta property=\"og:url\" content=\"https:\/\/www.24gliwice.pl\/wiadomosci\/rewolucja-w-autohop-od-czerwca-samochody-elektryczne\/\" \/>\n<meta property=\"og:site_name\" content=\"24GLIWICE - Portal Gliwice | codziennie nowe informacje\" \/>\n<meta property=\"article:publisher\" content=\"https:\/\/www.facebook.com\/24gliwice\" \/>\n<meta property=\"article:author\" content=\"https:\/\/www.facebook.com\/marcin.fabrykowski\" \/>\n<meta property=\"article:published_time\" content=\"2022-06-02T08:00:08+00:00\" \/>\n<meta property=\"og:image\" content=\"https:\/\/www.24gliwice.pl\/wiadomosci\/wp-content\/uploads\/2022\/06\/autoop-zdjecie-glowne_wynik.jpg\" \/>\n\t<meta property=\"og:image:width\" content=\"810\" \/>\n\t<meta property=\"og:image:height\" content=\"457\" \/>\n\t<meta property=\"og:image:type\" content=\"image\/jpeg\" \/>\n<meta name=\"author\" content=\"Marcin Fabrykowski\" \/>\n<meta name=\"twitter:card\" content=\"summary_large_image\" \/>\n<meta name=\"twitter:creator\" content=\"@24gliwice\" \/>\n<meta name=\"twitter:site\" content=\"@24gliwice\" \/>\n<meta name=\"twitter:label1\" content=\"Napisane przez\" \/>\n\t<meta name=\"twitter:data1\" content=\"Marcin Fabrykowski\" \/>\n\t<meta name=\"twitter:label2\" content=\"Szacowany czas czytania\" \/>\n\t<meta name=\"twitter:data2\" content=\"2 minuty\" \/>\n<script type=\"application\/ld+json\" class=\"yoast-schema-graph\">{\"@context\":\"https:\\\/\\\/schema.org\",\"@graph\":[{\"@type\":\"Article\",\"@id\":\"https:\\\/\\\/www.24gliwice.pl\\\/wiadomosci\\\/rewolucja-w-autohop-od-czerwca-samochody-elektryczne\\\/#article\",\"isPartOf\":{\"@id\":\"https:\\\/\\\/www.24gliwice.pl\\\/wiadomosci\\\/rewolucja-w-autohop-od-czerwca-samochody-elektryczne\\\/\"},\"author\":{\"name\":\"Marcin Fabrykowski\",\"@id\":\"https:\\\/\\\/www.24gliwice.pl\\\/wiadomosci\\\/#\\\/schema\\\/person\\\/cb5857e4a4d048c15984c1edcc8ef0c0\"},\"headline\":\"Rewolucja w AutoHOP. Od czerwca samochody elektryczne\",\"datePublished\":\"2022-06-02T08:00:08+00:00\",\"mainEntityOfPage\":{\"@id\":\"https:\\\/\\\/www.24gliwice.pl\\\/wiadomosci\\\/rewolucja-w-autohop-od-czerwca-samochody-elektryczne\\\/\"},\"wordCount\":256,\"publisher\":{\"@id\":\"https:\\\/\\\/www.24gliwice.pl\\\/wiadomosci\\\/#organization\"},\"image\":{\"@id\":\"https:\\\/\\\/www.24gliwice.pl\\\/wiadomosci\\\/rewolucja-w-autohop-od-czerwca-samochody-elektryczne\\\/#primaryimage\"},\"thumbnailUrl\":\"https:\\\/\\\/www.24gliwice.pl\\\/wiadomosci\\\/wp-content\\\/uploads\\\/2022\\\/06\\\/autoop-zdjecie-glowne_wynik.jpg\",\"keywords\":[\"autohop\",\"elektryki\",\"TRANSPORT\"],\"articleSection\":[\"Gliwice\",\"Najnowsze wiadomo\u015bci\",\"Polecamy\"],\"inLanguage\":\"pl-PL\"},{\"@type\":\"WebPage\",\"@id\":\"https:\\\/\\\/www.24gliwice.pl\\\/wiadomosci\\\/rewolucja-w-autohop-od-czerwca-samochody-elektryczne\\\/\",\"url\":\"https:\\\/\\\/www.24gliwice.pl\\\/wiadomosci\\\/rewolucja-w-autohop-od-czerwca-samochody-elektryczne\\\/\",\"name\":\"Rewolucja w AutoHOP. Od czerwca samochody elektryczne - 24GLIWICE - Portal Gliwice | codziennie nowe informacje\",\"isPartOf\":{\"@id\":\"https:\\\/\\\/www.24gliwice.pl\\\/wiadomosci\\\/#website\"},\"primaryImageOfPage\":{\"@id\":\"https:\\\/\\\/www.24gliwice.pl\\\/wiadomosci\\\/rewolucja-w-autohop-od-czerwca-samochody-elektryczne\\\/#primaryimage\"},\"image\":{\"@id\":\"https:\\\/\\\/www.24gliwice.pl\\\/wiadomosci\\\/rewolucja-w-autohop-od-czerwca-samochody-elektryczne\\\/#primaryimage\"},\"thumbnailUrl\":\"https:\\\/\\\/www.24gliwice.pl\\\/wiadomosci\\\/wp-content\\\/uploads\\\/2022\\\/06\\\/autoop-zdjecie-glowne_wynik.jpg\",\"datePublished\":\"2022-06-02T08:00:08+00:00\",\"breadcrumb\":{\"@id\":\"https:\\\/\\\/www.24gliwice.pl\\\/wiadomosci\\\/rewolucja-w-autohop-od-czerwca-samochody-elektryczne\\\/#breadcrumb\"},\"inLanguage\":\"pl-PL\",\"potentialAction\":[{\"@type\":\"ReadAction\",\"target\":[\"https:\\\/\\\/www.24gliwice.pl\\\/wiadomosci\\\/rewolucja-w-autohop-od-czerwca-samochody-elektryczne\\\/\"]}]},{\"@type\":\"ImageObject\",\"inLanguage\":\"pl-PL\",\"@id\":\"https:\\\/\\\/www.24gliwice.pl\\\/wiadomosci\\\/rewolucja-w-autohop-od-czerwca-samochody-elektryczne\\\/#primaryimage\",\"url\":\"https:\\\/\\\/www.24gliwice.pl\\\/wiadomosci\\\/wp-content\\\/uploads\\\/2022\\\/06\\\/autoop-zdjecie-glowne_wynik.jpg\",\"contentUrl\":\"https:\\\/\\\/www.24gliwice.pl\\\/wiadomosci\\\/wp-content\\\/uploads\\\/2022\\\/06\\\/autoop-zdjecie-glowne_wynik.jpg\",\"width\":810,\"height\":457},{\"@type\":\"BreadcrumbList\",\"@id\":\"https:\\\/\\\/www.24gliwice.pl\\\/wiadomosci\\\/rewolucja-w-autohop-od-czerwca-samochody-elektryczne\\\/#breadcrumb\",\"itemListElement\":[{\"@type\":\"ListItem\",\"position\":1,\"name\":\"Strona g\u0142\u00f3wna\",\"item\":\"https:\\\/\\\/www.24gliwice.pl\\\/wiadomosci\\\/\"},{\"@type\":\"ListItem\",\"position\":2,\"name\":\"Rewolucja w AutoHOP. Od czerwca samochody elektryczne\"}]},{\"@type\":\"WebSite\",\"@id\":\"https:\\\/\\\/www.24gliwice.pl\\\/wiadomosci\\\/#website\",\"url\":\"https:\\\/\\\/www.24gliwice.pl\\\/wiadomosci\\\/\",\"name\":\"24GLIWICE - Portal Gliwice | codziennie nowe wiadomo\u015bci\",\"description\":\"Portal Miejski Gliwice\",\"publisher\":{\"@id\":\"https:\\\/\\\/www.24gliwice.pl\\\/wiadomosci\\\/#organization\"},\"potentialAction\":[{\"@type\":\"SearchAction\",\"target\":{\"@type\":\"EntryPoint\",\"urlTemplate\":\"https:\\\/\\\/www.24gliwice.pl\\\/wiadomosci\\\/?s={search_term_string}\"},\"query-input\":{\"@type\":\"PropertyValueSpecification\",\"valueRequired\":true,\"valueName\":\"search_term_string\"}}],\"inLanguage\":\"pl-PL\"},{\"@type\":\"Organization\",\"@id\":\"https:\\\/\\\/www.24gliwice.pl\\\/wiadomosci\\\/#organization\",\"name\":\"24gliwice\",\"url\":\"https:\\\/\\\/www.24gliwice.pl\\\/wiadomosci\\\/\",\"logo\":{\"@type\":\"ImageObject\",\"inLanguage\":\"pl-PL\",\"@id\":\"https:\\\/\\\/www.24gliwice.pl\\\/wiadomosci\\\/#\\\/schema\\\/logo\\\/image\\\/\",\"url\":\"https:\\\/\\\/www.24gliwice.pl\\\/wiadomosci\\\/wp-content\\\/uploads\\\/2024\\\/10\\\/24gliwice-logo-696.jpg\",\"contentUrl\":\"https:\\\/\\\/www.24gliwice.pl\\\/wiadomosci\\\/wp-content\\\/uploads\\\/2024\\\/10\\\/24gliwice-logo-696.jpg\",\"width\":696,\"height\":696,\"caption\":\"24gliwice\"},\"image\":{\"@id\":\"https:\\\/\\\/www.24gliwice.pl\\\/wiadomosci\\\/#\\\/schema\\\/logo\\\/image\\\/\"},\"sameAs\":[\"https:\\\/\\\/www.facebook.com\\\/24gliwice\",\"https:\\\/\\\/x.com\\\/24gliwice\",\"https:\\\/\\\/www.youtube.com\\\/@24gliwice\"]},{\"@type\":\"Person\",\"@id\":\"https:\\\/\\\/www.24gliwice.pl\\\/wiadomosci\\\/#\\\/schema\\\/person\\\/cb5857e4a4d048c15984c1edcc8ef0c0\",\"name\":\"Marcin Fabrykowski\",\"image\":{\"@type\":\"ImageObject\",\"inLanguage\":\"pl-PL\",\"@id\":\"https:\\\/\\\/www.24gliwice.pl\\\/wiadomosci\\\/wp-content\\\/uploads\\\/2025\\\/11\\\/zdjecie-moje-marcin-300-96x96.jpg\",\"url\":\"https:\\\/\\\/www.24gliwice.pl\\\/wiadomosci\\\/wp-content\\\/uploads\\\/2025\\\/11\\\/zdjecie-moje-marcin-300-96x96.jpg\",\"contentUrl\":\"https:\\\/\\\/www.24gliwice.pl\\\/wiadomosci\\\/wp-content\\\/uploads\\\/2025\\\/11\\\/zdjecie-moje-marcin-300-96x96.jpg\",\"caption\":\"Marcin Fabrykowski\"},\"sameAs\":[\"http:\\\/\\\/24gliwice.pl\",\"https:\\\/\\\/www.facebook.com\\\/marcin.fabrykowski\"],\"url\":\"https:\\\/\\\/www.24gliwice.pl\\\/wiadomosci\\\/author\\\/marcin-fabrykowski\\\/\"}]}<\/script>\n<!-- \/ Yoast SEO plugin. -->","yoast_head_json":{"title":"Rewolucja w AutoHOP. Od czerwca samochody elektryczne - 24GLIWICE - Portal Gliwice | codziennie nowe informacje","robots":{"index":"index","follow":"follow","max-snippet":"max-snippet:-1","max-image-preview":"max-image-preview:large","max-video-preview":"max-video-preview:-1"},"canonical":"https:\/\/www.24gliwice.pl\/wiadomosci\/rewolucja-w-autohop-od-czerwca-samochody-elektryczne\/","og_locale":"pl_PL","og_type":"article","og_title":"Rewolucja w AutoHOP. Od czerwca samochody elektryczne - 24GLIWICE - Portal Gliwice | codziennie nowe informacje","og_description":"AutoHOP nie daje o sobie zapomnie\u0107. Trzecia rocznica dzia\u0142ania us\u0142ugi przynosi spory powiew \u015bwie\u017co\u015bci i zwiastuje dalszy rozw\u00f3j. &nbsp; Na ulicach Gliwic mo\u017cemy ju\u017c spotka\u0107 nietypowo wygl\u0105daj\u0105ce busy AutoHOP-a. Zielone akcenty na karoserii symbolizuj\u0105 elektryczny nap\u0119d nowych Mercedes\u00f3w Vito, kt\u00f3re w\u0142a\u015bnie zasili\u0142y flot\u0119 przewo\u017anika. Jak m\u00f3wi \u0141ukasz Gmyz, przedstawiciel marki: \u2013 To by\u0142a kwestia czasu. [&hellip;]","og_url":"https:\/\/www.24gliwice.pl\/wiadomosci\/rewolucja-w-autohop-od-czerwca-samochody-elektryczne\/","og_site_name":"24GLIWICE - Portal Gliwice | codziennie nowe informacje","article_publisher":"https:\/\/www.facebook.com\/24gliwice","article_author":"https:\/\/www.facebook.com\/marcin.fabrykowski","article_published_time":"2022-06-02T08:00:08+00:00","og_image":[{"width":810,"height":457,"url":"https:\/\/www.24gliwice.pl\/wiadomosci\/wp-content\/uploads\/2022\/06\/autoop-zdjecie-glowne_wynik.jpg","type":"image\/jpeg"}],"author":"Marcin Fabrykowski","twitter_card":"summary_large_image","twitter_creator":"@24gliwice","twitter_site":"@24gliwice","twitter_misc":{"Napisane przez":"Marcin Fabrykowski","Szacowany czas czytania":"2 minuty"},"schema":{"@context":"https:\/\/schema.org","@graph":[{"@type":"Article","@id":"https:\/\/www.24gliwice.pl\/wiadomosci\/rewolucja-w-autohop-od-czerwca-samochody-elektryczne\/#article","isPartOf":{"@id":"https:\/\/www.24gliwice.pl\/wiadomosci\/rewolucja-w-autohop-od-czerwca-samochody-elektryczne\/"},"author":{"name":"Marcin Fabrykowski","@id":"https:\/\/www.24gliwice.pl\/wiadomosci\/#\/schema\/person\/cb5857e4a4d048c15984c1edcc8ef0c0"},"headline":"Rewolucja w AutoHOP. Od czerwca samochody elektryczne","datePublished":"2022-06-02T08:00:08+00:00","mainEntityOfPage":{"@id":"https:\/\/www.24gliwice.pl\/wiadomosci\/rewolucja-w-autohop-od-czerwca-samochody-elektryczne\/"},"wordCount":256,"publisher":{"@id":"https:\/\/www.24gliwice.pl\/wiadomosci\/#organization"},"image":{"@id":"https:\/\/www.24gliwice.pl\/wiadomosci\/rewolucja-w-autohop-od-czerwca-samochody-elektryczne\/#primaryimage"},"thumbnailUrl":"https:\/\/www.24gliwice.pl\/wiadomosci\/wp-content\/uploads\/2022\/06\/autoop-zdjecie-glowne_wynik.jpg","keywords":["autohop","elektryki","TRANSPORT"],"articleSection":["Gliwice","Najnowsze wiadomo\u015bci","Polecamy"],"inLanguage":"pl-PL"},{"@type":"WebPage","@id":"https:\/\/www.24gliwice.pl\/wiadomosci\/rewolucja-w-autohop-od-czerwca-samochody-elektryczne\/","url":"https:\/\/www.24gliwice.pl\/wiadomosci\/rewolucja-w-autohop-od-czerwca-samochody-elektryczne\/","name":"Rewolucja w AutoHOP. Od czerwca samochody elektryczne - 24GLIWICE - Portal Gliwice | codziennie nowe informacje","isPartOf":{"@id":"https:\/\/www.24gliwice.pl\/wiadomosci\/#website"},"primaryImageOfPage":{"@id":"https:\/\/www.24gliwice.pl\/wiadomosci\/rewolucja-w-autohop-od-czerwca-samochody-elektryczne\/#primaryimage"},"image":{"@id":"https:\/\/www.24gliwice.pl\/wiadomosci\/rewolucja-w-autohop-od-czerwca-samochody-elektryczne\/#primaryimage"},"thumbnailUrl":"https:\/\/www.24gliwice.pl\/wiadomosci\/wp-content\/uploads\/2022\/06\/autoop-zdjecie-glowne_wynik.jpg","datePublished":"2022-06-02T08:00:08+00:00","breadcrumb":{"@id":"https:\/\/www.24gliwice.pl\/wiadomosci\/rewolucja-w-autohop-od-czerwca-samochody-elektryczne\/#breadcrumb"},"inLanguage":"pl-PL","potentialAction":[{"@type":"ReadAction","target":["https:\/\/www.24gliwice.pl\/wiadomosci\/rewolucja-w-autohop-od-czerwca-samochody-elektryczne\/"]}]},{"@type":"ImageObject","inLanguage":"pl-PL","@id":"https:\/\/www.24gliwice.pl\/wiadomosci\/rewolucja-w-autohop-od-czerwca-samochody-elektryczne\/#primaryimage","url":"https:\/\/www.24gliwice.pl\/wiadomosci\/wp-content\/uploads\/2022\/06\/autoop-zdjecie-glowne_wynik.jpg","contentUrl":"https:\/\/www.24gliwice.pl\/wiadomosci\/wp-content\/uploads\/2022\/06\/autoop-zdjecie-glowne_wynik.jpg","width":810,"height":457},{"@type":"BreadcrumbList","@id":"https:\/\/www.24gliwice.pl\/wiadomosci\/rewolucja-w-autohop-od-czerwca-samochody-elektryczne\/#breadcrumb","itemListElement":[{"@type":"ListItem","position":1,"name":"Strona g\u0142\u00f3wna","item":"https:\/\/www.24gliwice.pl\/wiadomosci\/"},{"@type":"ListItem","position":2,"name":"Rewolucja w AutoHOP. Od czerwca samochody elektryczne"}]},{"@type":"WebSite","@id":"https:\/\/www.24gliwice.pl\/wiadomosci\/#website","url":"https:\/\/www.24gliwice.pl\/wiadomosci\/","name":"24GLIWICE - Portal Gliwice | codziennie nowe wiadomo\u015bci","description":"Portal Miejski Gliwice","publisher":{"@id":"https:\/\/www.24gliwice.pl\/wiadomosci\/#organization"},"potentialAction":[{"@type":"SearchAction","target":{"@type":"EntryPoint","urlTemplate":"https:\/\/www.24gliwice.pl\/wiadomosci\/?s={search_term_string}"},"query-input":{"@type":"PropertyValueSpecification","valueRequired":true,"valueName":"search_term_string"}}],"inLanguage":"pl-PL"},{"@type":"Organization","@id":"https:\/\/www.24gliwice.pl\/wiadomosci\/#organization","name":"24gliwice","url":"https:\/\/www.24gliwice.pl\/wiadomosci\/","logo":{"@type":"ImageObject","inLanguage":"pl-PL","@id":"https:\/\/www.24gliwice.pl\/wiadomosci\/#\/schema\/logo\/image\/","url":"https:\/\/www.24gliwice.pl\/wiadomosci\/wp-content\/uploads\/2024\/10\/24gliwice-logo-696.jpg","contentUrl":"https:\/\/www.24gliwice.pl\/wiadomosci\/wp-content\/uploads\/2024\/10\/24gliwice-logo-696.jpg","width":696,"height":696,"caption":"24gliwice"},"image":{"@id":"https:\/\/www.24gliwice.pl\/wiadomosci\/#\/schema\/logo\/image\/"},"sameAs":["https:\/\/www.facebook.com\/24gliwice","https:\/\/x.com\/24gliwice","https:\/\/www.youtube.com\/@24gliwice"]},{"@type":"Person","@id":"https:\/\/www.24gliwice.pl\/wiadomosci\/#\/schema\/person\/cb5857e4a4d048c15984c1edcc8ef0c0","name":"Marcin Fabrykowski","image":{"@type":"ImageObject","inLanguage":"pl-PL","@id":"https:\/\/www.24gliwice.pl\/wiadomosci\/wp-content\/uploads\/2025\/11\/zdjecie-moje-marcin-300-96x96.jpg","url":"https:\/\/www.24gliwice.pl\/wiadomosci\/wp-content\/uploads\/2025\/11\/zdjecie-moje-marcin-300-96x96.jpg","contentUrl":"https:\/\/www.24gliwice.pl\/wiadomosci\/wp-content\/uploads\/2025\/11\/zdjecie-moje-marcin-300-96x96.jpg","caption":"Marcin Fabrykowski"},"sameAs":["http:\/\/24gliwice.pl","https:\/\/www.facebook.com\/marcin.fabrykowski"],"url":"https:\/\/www.24gliwice.pl\/wiadomosci\/author\/marcin-fabrykowski\/"}]}},"_links":{"self":[{"href":"https:\/\/www.24gliwice.pl\/wiadomosci\/wp-json\/wp\/v2\/posts\/193679","targetHints":{"allow":["GET"]}}],"collection":[{"href":"https:\/\/www.24gliwice.pl\/wiadomosci\/wp-json\/wp\/v2\/posts"}],"about":[{"href":"https:\/\/www.24gliwice.pl\/wiadomosci\/wp-json\/wp\/v2\/types\/post"}],"author":[{"embeddable":true,"href":"https:\/\/www.24gliwice.pl\/wiadomosci\/wp-json\/wp\/v2\/users\/4"}],"replies":[{"embeddable":true,"href":"https:\/\/www.24gliwice.pl\/wiadomosci\/wp-json\/wp\/v2\/comments?post=193679"}],"version-history":[{"count":5,"href":"https:\/\/www.24gliwice.pl\/wiadomosci\/wp-json\/wp\/v2\/posts\/193679\/revisions"}],"predecessor-version":[{"id":193686,"href":"https:\/\/www.24gliwice.pl\/wiadomosci\/wp-json\/wp\/v2\/posts\/193679\/revisions\/193686"}],"wp:featuredmedia":[{"embeddable":true,"href":"https:\/\/www.24gliwice.pl\/wiadomosci\/wp-json\/wp\/v2\/media\/193684"}],"wp:attachment":[{"href":"https:\/\/www.24gliwice.pl\/wiadomosci\/wp-json\/wp\/v2\/media?parent=193679"}],"wp:term":[{"taxonomy":"category","embeddable":true,"href":"https:\/\/www.24gliwice.pl\/wiadomosci\/wp-json\/wp\/v2\/categories?post=193679"},{"taxonomy":"post_tag","embeddable":true,"href":"https:\/\/www.24gliwice.pl\/wiadomosci\/wp-json\/wp\/v2\/tags?post=193679"}],"curies":[{"name":"wp","href":"https:\/\/api.w.org\/{rel}","templated":true}]}}