{"id":193696,"date":"2022-06-02T19:50:24","date_gmt":"2022-06-02T17:50:24","guid":{"rendered":"https:\/\/www.24gliwice.pl\/wiadomosci\/?p=193696"},"modified":"2022-06-02T19:50:24","modified_gmt":"2022-06-02T17:50:24","slug":"plac-zabaw-po-koniecznej-przerwie-znow-dostepny-dla-najmlodszych-obok-realizowana-jest-inwestycja","status":"publish","type":"post","link":"https:\/\/www.24gliwice.pl\/wiadomosci\/plac-zabaw-po-koniecznej-przerwie-znow-dostepny-dla-najmlodszych-obok-realizowana-jest-inwestycja\/","title":{"rendered":"Plac zabaw, po koniecznej przerwie, zn\u00f3w dost\u0119pny dla najm\u0142odszych. Obok realizowana jest inwestycja"},"content":{"rendered":"<div class=\"gliwi-a6-nad-leadem-artykulow gliwi-entity-placement\" id=\"gliwi-3579443388\"><div class=\"gliwi-adlabel\"><span style=\"font-size: 9px\">REKLAMA<\/span><\/div><div id=\"gliwi-15913281\" style=\"margin-bottom: 30px;margin-left: auto;margin-right: auto;text-align: center;\"><a data-no-instant=\"1\" href=\"https:\/\/przedszkole.halogen.org.pl\/\" rel=\"noopener\" class=\"a2t-link\" target=\"_blank\" aria-label=\"20260402-ANIMATOR-przedszkole_grafika_750x200\"><img loading=\"lazy\" decoding=\"async\" src=\"https:\/\/www.24gliwice.pl\/wiadomosci\/wp-content\/uploads\/2026\/04\/20260402-ANIMATOR-przedszkole_grafika_750x200.webp\" alt=\"\"  srcset=\"https:\/\/www.24gliwice.pl\/wiadomosci\/wp-content\/uploads\/2026\/04\/20260402-ANIMATOR-przedszkole_grafika_750x200.webp 750w, https:\/\/www.24gliwice.pl\/wiadomosci\/wp-content\/uploads\/2026\/04\/20260402-ANIMATOR-przedszkole_grafika_750x200-410x109.webp 410w\" sizes=\"(max-width: 750px) 100vw, 750px\" class=\"no-lazyload\" width=\"750\" height=\"200\"  style=\"display: inline-block; max-width: 100%; height: auto;\" \/><\/a><\/div><\/div><h2>Mieszka\u0144c\u00f3w centrum zapewne ucieszy ta informacja &#8211; plac zabaw w parku Chopina jest ju\u017c dost\u0119pny. Po wy\u0142\u0105czeniu go z u\u017cytkowania ze wzgl\u0119du na konieczno\u015b\u0107 wykonania g\u0142\u0119bokich wykop\u00f3w, przywr\u00f3cono mo\u017cliwo\u015b\u0107 wej\u015bcia na ten teren od 1 czerwca.<\/h2>\n<p>&nbsp;<br \/>\nTu\u017c obok powstaje pierwszy miejski wodny plac zabaw w Gliwicach: <a href=\"https:\/\/www.24gliwice.pl\/wiadomosci\/czy-pluskadelko-w-parku-chopina-bedzie-gotowe-przed-wakacjami-obok-palmiarni-mamy-plac-budowy\/\" rel=\"noopener\" target=\"_blank\">Czy pluskade\u0142ko w parku Chopina b\u0119dzie gotowe przed wakacjami? Obok Palmiarni mamy plac budowy<\/a><\/p>\n<p><a href=\"https:\/\/www.24gliwice.pl\/wiadomosci\/wp-content\/uploads\/2022\/06\/plac-zabaw-park-chopina-karuzela.jpg\"><img loading=\"lazy\" decoding=\"async\" src=\"https:\/\/www.24gliwice.pl\/wiadomosci\/wp-content\/uploads\/2022\/06\/plac-zabaw-park-chopina-karuzela.jpg\" alt=\"\" width=\"810\" height=\"457\" class=\"alignnone size-full wp-image-193741\" srcset=\"https:\/\/www.24gliwice.pl\/wiadomosci\/wp-content\/uploads\/2022\/06\/plac-zabaw-park-chopina-karuzela.jpg 810w, https:\/\/www.24gliwice.pl\/wiadomosci\/wp-content\/uploads\/2022\/06\/plac-zabaw-park-chopina-karuzela-410x232.jpg 410w, https:\/\/www.24gliwice.pl\/wiadomosci\/wp-content\/uploads\/2022\/06\/plac-zabaw-park-chopina-karuzela-806x455.jpg 806w, https:\/\/www.24gliwice.pl\/wiadomosci\/wp-content\/uploads\/2022\/06\/plac-zabaw-park-chopina-karuzela-768x433.jpg 768w\" sizes=\"auto, (max-width: 810px) 100vw, 810px\" \/><\/a><\/p>\n<p>&#8211; <em>W trosce o bezpiecze\u0144stwo dzieci i ich opiekun\u00f3w w styczniu br. MZUK podj\u0105\u0142 decyzj\u0119 o zamkni\u0119ciu placu zabaw w Parku Chopina. W zwi\u0105zku z prowadzonymi pracami przy budowie wodnego placu zabaw, konieczne by\u0142o wykonanie g\u0142\u0119bokich wykop\u00f3w oraz rozebranie cz\u0119\u015bci ogrodzenia<\/em> &#8211; poinformowa\u0142a <strong>Iwona Janik<\/strong>, rzeczniczka Miejskiego Zarz\u0105du Us\u0142ug Komunalnych. <\/p><div class=\"gliwi-a3-w-tresci-artykulow gliwi-entity-placement\" id=\"gliwi-4009279891\"><div class=\"gliwi-adlabel\"><span style=\"font-size: 9px\">REKLAMA<\/span><\/div><div id=\"gliwi-2579580352\" style=\"margin-bottom: 30px;margin-left: auto;margin-right: auto;text-align: center;\"><a data-no-instant=\"1\" href=\"https:\/\/ogrodyandersa.pl\/\" rel=\"noopener\" class=\"a2t-link\" target=\"_blank\" aria-label=\"20260415 Ogrody Andersa KUP TERAZ D\"><img loading=\"lazy\" decoding=\"async\" src=\"https:\/\/www.24gliwice.pl\/wiadomosci\/wp-content\/uploads\/2026\/04\/20260415-Ogrody-Andersa-KUP-TERAZ-D.jpg\" alt=\"\"  srcset=\"https:\/\/www.24gliwice.pl\/wiadomosci\/wp-content\/uploads\/2026\/04\/20260415-Ogrody-Andersa-KUP-TERAZ-D.jpg 750w, https:\/\/www.24gliwice.pl\/wiadomosci\/wp-content\/uploads\/2026\/04\/20260415-Ogrody-Andersa-KUP-TERAZ-D-410x109.jpg 410w\" sizes=\"(max-width: 750px) 100vw, 750px\" class=\"no-lazyload\" width=\"750\" height=\"200\"  style=\"display: inline-block; max-width: 100%; height: auto;\" \/><\/a><\/div><\/div>\n<blockquote><p><em>W chwili obecnej kiedy wszystkie prace przy nowej inwestycji powoli dobiegaj\u0105 ko\u0144ca, teren placu zabaw mo\u017ce zosta\u0107 na nowo udost\u0119pniony<\/em> <\/p><\/blockquote>\n<p>&#8211; dodaje Janik. <\/p>\n<p><a href=\"https:\/\/www.24gliwice.pl\/wiadomosci\/wp-content\/uploads\/2022\/06\/plac-zabaw-park-chopina-piaskownica.jpg\"><img loading=\"lazy\" decoding=\"async\" src=\"https:\/\/www.24gliwice.pl\/wiadomosci\/wp-content\/uploads\/2022\/06\/plac-zabaw-park-chopina-piaskownica.jpg\" alt=\"\" width=\"810\" height=\"456\" class=\"alignnone size-full wp-image-193742\" srcset=\"https:\/\/www.24gliwice.pl\/wiadomosci\/wp-content\/uploads\/2022\/06\/plac-zabaw-park-chopina-piaskownica.jpg 810w, https:\/\/www.24gliwice.pl\/wiadomosci\/wp-content\/uploads\/2022\/06\/plac-zabaw-park-chopina-piaskownica-410x232.jpg 410w, https:\/\/www.24gliwice.pl\/wiadomosci\/wp-content\/uploads\/2022\/06\/plac-zabaw-park-chopina-piaskownica-808x455.jpg 808w, https:\/\/www.24gliwice.pl\/wiadomosci\/wp-content\/uploads\/2022\/06\/plac-zabaw-park-chopina-piaskownica-768x432.jpg 768w\" sizes=\"auto, (max-width: 810px) 100vw, 810px\" \/><\/a><\/p>\n<p>Plac otwarto w \u015brod\u0119, 1 czerwca, i miejmy nadziej\u0119, \u017ce ju\u017c do ko\u0144ca sezonu letniego b\u0119dzie mo\u017cna z niego korzysta\u0107 bez zak\u0142\u00f3ce\u0144. Przypomnijmy, \u017ce to w\u0142a\u015bnie w tym miejscu zlokalizowano nieliczn\u0105 w mie\u015bcie atrakcj\u0119, jak\u0105 jest hu\u015btawka dla os\u00f3b niepe\u0142nosprawnych, w tym poruszaj\u0105cych si\u0119 na w\u00f3zku inwalidzkim. <\/p>\n<p><a href=\"https:\/\/www.24gliwice.pl\/wiadomosci\/wp-content\/uploads\/2022\/06\/plac-zabaw-park-chopina-hustawka-dla-ns.jpg\"><img loading=\"lazy\" decoding=\"async\" src=\"https:\/\/www.24gliwice.pl\/wiadomosci\/wp-content\/uploads\/2022\/06\/plac-zabaw-park-chopina-hustawka-dla-ns.jpg\" alt=\"\" width=\"810\" height=\"457\" class=\"alignnone size-full wp-image-193740\" srcset=\"https:\/\/www.24gliwice.pl\/wiadomosci\/wp-content\/uploads\/2022\/06\/plac-zabaw-park-chopina-hustawka-dla-ns.jpg 810w, https:\/\/www.24gliwice.pl\/wiadomosci\/wp-content\/uploads\/2022\/06\/plac-zabaw-park-chopina-hustawka-dla-ns-410x232.jpg 410w, https:\/\/www.24gliwice.pl\/wiadomosci\/wp-content\/uploads\/2022\/06\/plac-zabaw-park-chopina-hustawka-dla-ns-806x455.jpg 806w, https:\/\/www.24gliwice.pl\/wiadomosci\/wp-content\/uploads\/2022\/06\/plac-zabaw-park-chopina-hustawka-dla-ns-768x433.jpg 768w\" sizes=\"auto, (max-width: 810px) 100vw, 810px\" \/><\/a><\/p>\n<p>(\u017cms)<br \/>\nfot. 24GLIWICE\/\u017bMS<\/p>\n<p><a href=\"https:\/\/www.24gliwice.pl\/wiadomosci\/wp-content\/uploads\/2022\/06\/plac-zabaw-park-chopina.jpg\"><img loading=\"lazy\" decoding=\"async\" src=\"https:\/\/www.24gliwice.pl\/wiadomosci\/wp-content\/uploads\/2022\/06\/plac-zabaw-park-chopina.jpg\" alt=\"\" width=\"810\" height=\"457\" class=\"alignnone size-full wp-image-193744\" srcset=\"https:\/\/www.24gliwice.pl\/wiadomosci\/wp-content\/uploads\/2022\/06\/plac-zabaw-park-chopina.jpg 810w, https:\/\/www.24gliwice.pl\/wiadomosci\/wp-content\/uploads\/2022\/06\/plac-zabaw-park-chopina-410x232.jpg 410w, https:\/\/www.24gliwice.pl\/wiadomosci\/wp-content\/uploads\/2022\/06\/plac-zabaw-park-chopina-806x455.jpg 806w, https:\/\/www.24gliwice.pl\/wiadomosci\/wp-content\/uploads\/2022\/06\/plac-zabaw-park-chopina-768x433.jpg 768w\" sizes=\"auto, (max-width: 810px) 100vw, 810px\" \/><\/a><\/p>\n<div class=\"gliwi-a5-na-koncu-artykulow gliwi-entity-placement\" id=\"gliwi-1294991634\"><div class=\"gliwi-adlabel\"><span style=\"font-size: 9px\">REKLAMA<\/span><\/div><div id=\"gliwi-1858327759\" style=\"margin-left: auto;margin-right: auto;text-align: center;\"><a data-no-instant=\"1\" href=\"https:\/\/prezeroarenagliwice.pl\/\" rel=\"noopener\" class=\"a2t-link\" target=\"_blank\" aria-label=\"20260309-PREZERO-WIOSNA-D\"><img loading=\"lazy\" decoding=\"async\" src=\"https:\/\/www.24gliwice.pl\/wiadomosci\/wp-content\/uploads\/2026\/03\/20260309-PREZERO-WIOSNA-D.webp\" alt=\"\"  srcset=\"https:\/\/www.24gliwice.pl\/wiadomosci\/wp-content\/uploads\/2026\/03\/20260309-PREZERO-WIOSNA-D.webp 750w, https:\/\/www.24gliwice.pl\/wiadomosci\/wp-content\/uploads\/2026\/03\/20260309-PREZERO-WIOSNA-D-410x109.webp 410w\" sizes=\"(max-width: 750px) 100vw, 750px\" class=\"no-lazyload\" width=\"750\" height=\"200\"  style=\"display: inline-block; max-width: 100%; height: auto;\" \/><\/a><\/div><\/div>","protected":false},"excerpt":{"rendered":"<p>Mieszka\u0144c\u00f3w centrum zapewne ucieszy ta informacja &#8211; plac zabaw w parku Chopina jest ju\u017c dost\u0119pny. Po wy\u0142\u0105czeniu go z u\u017cytkowania ze wzgl\u0119du na konieczno\u015b\u0107 wykonania g\u0142\u0119bokich wykop\u00f3w, przywr\u00f3cono mo\u017cliwo\u015b\u0107 wej\u015bcia na ten teren od 1 czerwca. &nbsp; Tu\u017c obok powstaje pierwszy miejski wodny plac zabaw w Gliwicach: Czy pluskade\u0142ko w parku Chopina b\u0119dzie gotowe przed [&hellip;]<\/p>\n","protected":false},"author":15,"featured_media":193743,"comment_status":"open","ping_status":"closed","sticky":false,"template":"","format":"standard","meta":{"_monsterinsights_skip_tracking":false,"_monsterinsights_sitenote_active":false,"_monsterinsights_sitenote_note":"","_monsterinsights_sitenote_category":0,"footnotes":"","_links_to":"","_links_to_target":""},"categories":[3,6,1],"tags":[3140,8770],"class_list":["post-193696","post","type-post","status-publish","format-standard","has-post-thumbnail","hentry","category-gliwice","category-kultura","category-wszystko","tag-park-chopina","tag-plac-zabaw"],"yoast_head":"<!-- This site is optimized with the Yoast SEO plugin v27.4 - https:\/\/yoast.com\/product\/yoast-seo-wordpress\/ -->\n<title>Plac zabaw, po koniecznej przerwie, zn\u00f3w dost\u0119pny dla najm\u0142odszych. Obok realizowana jest inwestycja - 24GLIWICE - Portal Gliwice | codziennie nowe informacje<\/title>\n<meta name=\"description\" content=\"Plac zabaw w parku Chopina ponownie udost\u0119pniono najm\u0142odszym mieszka\u0144com Gliwic. Otwarto go symbolicznie w Dzie\u0144 Dziecka, 1 czerwca\" \/>\n<meta name=\"robots\" content=\"index, follow, max-snippet:-1, max-image-preview:large, max-video-preview:-1\" \/>\n<link rel=\"canonical\" href=\"https:\/\/www.24gliwice.pl\/wiadomosci\/plac-zabaw-po-koniecznej-przerwie-znow-dostepny-dla-najmlodszych-obok-realizowana-jest-inwestycja\/\" \/>\n<meta property=\"og:locale\" content=\"pl_PL\" \/>\n<meta property=\"og:type\" content=\"article\" \/>\n<meta property=\"og:title\" content=\"Plac zabaw, po koniecznej przerwie, zn\u00f3w dost\u0119pny dla najm\u0142odszych. Obok realizowana jest inwestycja - 24GLIWICE - Portal Gliwice | codziennie nowe informacje\" \/>\n<meta property=\"og:description\" content=\"Plac zabaw w parku Chopina ponownie udost\u0119pniono najm\u0142odszym mieszka\u0144com Gliwic. Otwarto go symbolicznie w Dzie\u0144 Dziecka, 1 czerwca\" \/>\n<meta property=\"og:url\" content=\"https:\/\/www.24gliwice.pl\/wiadomosci\/plac-zabaw-po-koniecznej-przerwie-znow-dostepny-dla-najmlodszych-obok-realizowana-jest-inwestycja\/\" \/>\n<meta property=\"og:site_name\" content=\"24GLIWICE - Portal Gliwice | codziennie nowe informacje\" \/>\n<meta property=\"article:publisher\" content=\"https:\/\/www.facebook.com\/24gliwice\" \/>\n<meta property=\"article:published_time\" content=\"2022-06-02T17:50:24+00:00\" \/>\n<meta property=\"og:image\" content=\"https:\/\/www.24gliwice.pl\/wiadomosci\/wp-content\/uploads\/2022\/06\/plac-zabaw-park-chopina-wyspa.jpg\" \/>\n\t<meta property=\"og:image:width\" content=\"810\" \/>\n\t<meta property=\"og:image:height\" content=\"457\" \/>\n\t<meta property=\"og:image:type\" content=\"image\/jpeg\" \/>\n<meta name=\"author\" content=\"\u017baneta Mrozek-Siewierska\" \/>\n<meta name=\"twitter:card\" content=\"summary_large_image\" \/>\n<meta name=\"twitter:creator\" content=\"@24gliwice\" \/>\n<meta name=\"twitter:site\" content=\"@24gliwice\" \/>\n<meta name=\"twitter:label1\" content=\"Napisane przez\" \/>\n\t<meta name=\"twitter:data1\" content=\"\u017baneta Mrozek-Siewierska\" \/>\n\t<meta name=\"twitter:label2\" content=\"Szacowany czas czytania\" \/>\n\t<meta name=\"twitter:data2\" content=\"1 minuta\" \/>\n<script type=\"application\/ld+json\" class=\"yoast-schema-graph\">{\"@context\":\"https:\\\/\\\/schema.org\",\"@graph\":[{\"@type\":\"Article\",\"@id\":\"https:\\\/\\\/www.24gliwice.pl\\\/wiadomosci\\\/plac-zabaw-po-koniecznej-przerwie-znow-dostepny-dla-najmlodszych-obok-realizowana-jest-inwestycja\\\/#article\",\"isPartOf\":{\"@id\":\"https:\\\/\\\/www.24gliwice.pl\\\/wiadomosci\\\/plac-zabaw-po-koniecznej-przerwie-znow-dostepny-dla-najmlodszych-obok-realizowana-jest-inwestycja\\\/\"},\"author\":{\"name\":\"\u017baneta Mrozek-Siewierska\",\"@id\":\"https:\\\/\\\/www.24gliwice.pl\\\/wiadomosci\\\/#\\\/schema\\\/person\\\/e42c650edd7f2fa332be3811fb166b6e\"},\"headline\":\"Plac zabaw, po koniecznej przerwie, zn\u00f3w dost\u0119pny dla najm\u0142odszych. Obok realizowana jest inwestycja\",\"datePublished\":\"2022-06-02T17:50:24+00:00\",\"mainEntityOfPage\":{\"@id\":\"https:\\\/\\\/www.24gliwice.pl\\\/wiadomosci\\\/plac-zabaw-po-koniecznej-przerwie-znow-dostepny-dla-najmlodszych-obok-realizowana-jest-inwestycja\\\/\"},\"wordCount\":238,\"commentCount\":0,\"publisher\":{\"@id\":\"https:\\\/\\\/www.24gliwice.pl\\\/wiadomosci\\\/#organization\"},\"image\":{\"@id\":\"https:\\\/\\\/www.24gliwice.pl\\\/wiadomosci\\\/plac-zabaw-po-koniecznej-przerwie-znow-dostepny-dla-najmlodszych-obok-realizowana-jest-inwestycja\\\/#primaryimage\"},\"thumbnailUrl\":\"https:\\\/\\\/www.24gliwice.pl\\\/wiadomosci\\\/wp-content\\\/uploads\\\/2022\\\/06\\\/plac-zabaw-park-chopina-wyspa.jpg\",\"keywords\":[\"PARK CHOPINA\",\"plac zabaw\"],\"articleSection\":[\"Gliwice\",\"Kultura, wydarzenia, imprezy\",\"Najnowsze wiadomo\u015bci\"],\"inLanguage\":\"pl-PL\",\"potentialAction\":[{\"@type\":\"CommentAction\",\"name\":\"Comment\",\"target\":[\"https:\\\/\\\/www.24gliwice.pl\\\/wiadomosci\\\/plac-zabaw-po-koniecznej-przerwie-znow-dostepny-dla-najmlodszych-obok-realizowana-jest-inwestycja\\\/#respond\"]}]},{\"@type\":\"WebPage\",\"@id\":\"https:\\\/\\\/www.24gliwice.pl\\\/wiadomosci\\\/plac-zabaw-po-koniecznej-przerwie-znow-dostepny-dla-najmlodszych-obok-realizowana-jest-inwestycja\\\/\",\"url\":\"https:\\\/\\\/www.24gliwice.pl\\\/wiadomosci\\\/plac-zabaw-po-koniecznej-przerwie-znow-dostepny-dla-najmlodszych-obok-realizowana-jest-inwestycja\\\/\",\"name\":\"Plac zabaw, po koniecznej przerwie, zn\u00f3w dost\u0119pny dla najm\u0142odszych. Obok realizowana jest inwestycja - 24GLIWICE - Portal Gliwice | codziennie nowe informacje\",\"isPartOf\":{\"@id\":\"https:\\\/\\\/www.24gliwice.pl\\\/wiadomosci\\\/#website\"},\"primaryImageOfPage\":{\"@id\":\"https:\\\/\\\/www.24gliwice.pl\\\/wiadomosci\\\/plac-zabaw-po-koniecznej-przerwie-znow-dostepny-dla-najmlodszych-obok-realizowana-jest-inwestycja\\\/#primaryimage\"},\"image\":{\"@id\":\"https:\\\/\\\/www.24gliwice.pl\\\/wiadomosci\\\/plac-zabaw-po-koniecznej-przerwie-znow-dostepny-dla-najmlodszych-obok-realizowana-jest-inwestycja\\\/#primaryimage\"},\"thumbnailUrl\":\"https:\\\/\\\/www.24gliwice.pl\\\/wiadomosci\\\/wp-content\\\/uploads\\\/2022\\\/06\\\/plac-zabaw-park-chopina-wyspa.jpg\",\"datePublished\":\"2022-06-02T17:50:24+00:00\",\"description\":\"Plac zabaw w parku Chopina ponownie udost\u0119pniono najm\u0142odszym mieszka\u0144com Gliwic. Otwarto go symbolicznie w Dzie\u0144 Dziecka, 1 czerwca\",\"breadcrumb\":{\"@id\":\"https:\\\/\\\/www.24gliwice.pl\\\/wiadomosci\\\/plac-zabaw-po-koniecznej-przerwie-znow-dostepny-dla-najmlodszych-obok-realizowana-jest-inwestycja\\\/#breadcrumb\"},\"inLanguage\":\"pl-PL\",\"potentialAction\":[{\"@type\":\"ReadAction\",\"target\":[\"https:\\\/\\\/www.24gliwice.pl\\\/wiadomosci\\\/plac-zabaw-po-koniecznej-przerwie-znow-dostepny-dla-najmlodszych-obok-realizowana-jest-inwestycja\\\/\"]}]},{\"@type\":\"ImageObject\",\"inLanguage\":\"pl-PL\",\"@id\":\"https:\\\/\\\/www.24gliwice.pl\\\/wiadomosci\\\/plac-zabaw-po-koniecznej-przerwie-znow-dostepny-dla-najmlodszych-obok-realizowana-jest-inwestycja\\\/#primaryimage\",\"url\":\"https:\\\/\\\/www.24gliwice.pl\\\/wiadomosci\\\/wp-content\\\/uploads\\\/2022\\\/06\\\/plac-zabaw-park-chopina-wyspa.jpg\",\"contentUrl\":\"https:\\\/\\\/www.24gliwice.pl\\\/wiadomosci\\\/wp-content\\\/uploads\\\/2022\\\/06\\\/plac-zabaw-park-chopina-wyspa.jpg\",\"width\":810,\"height\":457},{\"@type\":\"BreadcrumbList\",\"@id\":\"https:\\\/\\\/www.24gliwice.pl\\\/wiadomosci\\\/plac-zabaw-po-koniecznej-przerwie-znow-dostepny-dla-najmlodszych-obok-realizowana-jest-inwestycja\\\/#breadcrumb\",\"itemListElement\":[{\"@type\":\"ListItem\",\"position\":1,\"name\":\"Strona g\u0142\u00f3wna\",\"item\":\"https:\\\/\\\/www.24gliwice.pl\\\/wiadomosci\\\/\"},{\"@type\":\"ListItem\",\"position\":2,\"name\":\"Plac zabaw, po koniecznej przerwie, zn\u00f3w dost\u0119pny dla najm\u0142odszych. Obok realizowana jest inwestycja\"}]},{\"@type\":\"WebSite\",\"@id\":\"https:\\\/\\\/www.24gliwice.pl\\\/wiadomosci\\\/#website\",\"url\":\"https:\\\/\\\/www.24gliwice.pl\\\/wiadomosci\\\/\",\"name\":\"24GLIWICE - Portal Gliwice | codziennie nowe wiadomo\u015bci\",\"description\":\"Portal Miejski Gliwice\",\"publisher\":{\"@id\":\"https:\\\/\\\/www.24gliwice.pl\\\/wiadomosci\\\/#organization\"},\"potentialAction\":[{\"@type\":\"SearchAction\",\"target\":{\"@type\":\"EntryPoint\",\"urlTemplate\":\"https:\\\/\\\/www.24gliwice.pl\\\/wiadomosci\\\/?s={search_term_string}\"},\"query-input\":{\"@type\":\"PropertyValueSpecification\",\"valueRequired\":true,\"valueName\":\"search_term_string\"}}],\"inLanguage\":\"pl-PL\"},{\"@type\":\"Organization\",\"@id\":\"https:\\\/\\\/www.24gliwice.pl\\\/wiadomosci\\\/#organization\",\"name\":\"24gliwice\",\"url\":\"https:\\\/\\\/www.24gliwice.pl\\\/wiadomosci\\\/\",\"logo\":{\"@type\":\"ImageObject\",\"inLanguage\":\"pl-PL\",\"@id\":\"https:\\\/\\\/www.24gliwice.pl\\\/wiadomosci\\\/#\\\/schema\\\/logo\\\/image\\\/\",\"url\":\"https:\\\/\\\/www.24gliwice.pl\\\/wiadomosci\\\/wp-content\\\/uploads\\\/2024\\\/10\\\/24gliwice-logo-696.jpg\",\"contentUrl\":\"https:\\\/\\\/www.24gliwice.pl\\\/wiadomosci\\\/wp-content\\\/uploads\\\/2024\\\/10\\\/24gliwice-logo-696.jpg\",\"width\":696,\"height\":696,\"caption\":\"24gliwice\"},\"image\":{\"@id\":\"https:\\\/\\\/www.24gliwice.pl\\\/wiadomosci\\\/#\\\/schema\\\/logo\\\/image\\\/\"},\"sameAs\":[\"https:\\\/\\\/www.facebook.com\\\/24gliwice\",\"https:\\\/\\\/x.com\\\/24gliwice\",\"https:\\\/\\\/www.youtube.com\\\/@24gliwice\"]},{\"@type\":\"Person\",\"@id\":\"https:\\\/\\\/www.24gliwice.pl\\\/wiadomosci\\\/#\\\/schema\\\/person\\\/e42c650edd7f2fa332be3811fb166b6e\",\"name\":\"\u017baneta Mrozek-Siewierska\",\"image\":{\"@type\":\"ImageObject\",\"inLanguage\":\"pl-PL\",\"@id\":\"https:\\\/\\\/www.24gliwice.pl\\\/wiadomosci\\\/wp-content\\\/uploads\\\/2021\\\/11\\\/Zaneta-M_S-zdjecie-czb-96x96.jpg\",\"url\":\"https:\\\/\\\/www.24gliwice.pl\\\/wiadomosci\\\/wp-content\\\/uploads\\\/2021\\\/11\\\/Zaneta-M_S-zdjecie-czb-96x96.jpg\",\"contentUrl\":\"https:\\\/\\\/www.24gliwice.pl\\\/wiadomosci\\\/wp-content\\\/uploads\\\/2021\\\/11\\\/Zaneta-M_S-zdjecie-czb-96x96.jpg\",\"caption\":\"\u017baneta Mrozek-Siewierska\"},\"url\":\"https:\\\/\\\/www.24gliwice.pl\\\/wiadomosci\\\/author\\\/zms\\\/\"}]}<\/script>\n<!-- \/ Yoast SEO plugin. -->","yoast_head_json":{"title":"Plac zabaw, po koniecznej przerwie, zn\u00f3w dost\u0119pny dla najm\u0142odszych. Obok realizowana jest inwestycja - 24GLIWICE - Portal Gliwice | codziennie nowe informacje","description":"Plac zabaw w parku Chopina ponownie udost\u0119pniono najm\u0142odszym mieszka\u0144com Gliwic. Otwarto go symbolicznie w Dzie\u0144 Dziecka, 1 czerwca","robots":{"index":"index","follow":"follow","max-snippet":"max-snippet:-1","max-image-preview":"max-image-preview:large","max-video-preview":"max-video-preview:-1"},"canonical":"https:\/\/www.24gliwice.pl\/wiadomosci\/plac-zabaw-po-koniecznej-przerwie-znow-dostepny-dla-najmlodszych-obok-realizowana-jest-inwestycja\/","og_locale":"pl_PL","og_type":"article","og_title":"Plac zabaw, po koniecznej przerwie, zn\u00f3w dost\u0119pny dla najm\u0142odszych. Obok realizowana jest inwestycja - 24GLIWICE - Portal Gliwice | codziennie nowe informacje","og_description":"Plac zabaw w parku Chopina ponownie udost\u0119pniono najm\u0142odszym mieszka\u0144com Gliwic. Otwarto go symbolicznie w Dzie\u0144 Dziecka, 1 czerwca","og_url":"https:\/\/www.24gliwice.pl\/wiadomosci\/plac-zabaw-po-koniecznej-przerwie-znow-dostepny-dla-najmlodszych-obok-realizowana-jest-inwestycja\/","og_site_name":"24GLIWICE - Portal Gliwice | codziennie nowe informacje","article_publisher":"https:\/\/www.facebook.com\/24gliwice","article_published_time":"2022-06-02T17:50:24+00:00","og_image":[{"width":810,"height":457,"url":"https:\/\/www.24gliwice.pl\/wiadomosci\/wp-content\/uploads\/2022\/06\/plac-zabaw-park-chopina-wyspa.jpg","type":"image\/jpeg"}],"author":"\u017baneta Mrozek-Siewierska","twitter_card":"summary_large_image","twitter_creator":"@24gliwice","twitter_site":"@24gliwice","twitter_misc":{"Napisane przez":"\u017baneta Mrozek-Siewierska","Szacowany czas czytania":"1 minuta"},"schema":{"@context":"https:\/\/schema.org","@graph":[{"@type":"Article","@id":"https:\/\/www.24gliwice.pl\/wiadomosci\/plac-zabaw-po-koniecznej-przerwie-znow-dostepny-dla-najmlodszych-obok-realizowana-jest-inwestycja\/#article","isPartOf":{"@id":"https:\/\/www.24gliwice.pl\/wiadomosci\/plac-zabaw-po-koniecznej-przerwie-znow-dostepny-dla-najmlodszych-obok-realizowana-jest-inwestycja\/"},"author":{"name":"\u017baneta Mrozek-Siewierska","@id":"https:\/\/www.24gliwice.pl\/wiadomosci\/#\/schema\/person\/e42c650edd7f2fa332be3811fb166b6e"},"headline":"Plac zabaw, po koniecznej przerwie, zn\u00f3w dost\u0119pny dla najm\u0142odszych. Obok realizowana jest inwestycja","datePublished":"2022-06-02T17:50:24+00:00","mainEntityOfPage":{"@id":"https:\/\/www.24gliwice.pl\/wiadomosci\/plac-zabaw-po-koniecznej-przerwie-znow-dostepny-dla-najmlodszych-obok-realizowana-jest-inwestycja\/"},"wordCount":238,"commentCount":0,"publisher":{"@id":"https:\/\/www.24gliwice.pl\/wiadomosci\/#organization"},"image":{"@id":"https:\/\/www.24gliwice.pl\/wiadomosci\/plac-zabaw-po-koniecznej-przerwie-znow-dostepny-dla-najmlodszych-obok-realizowana-jest-inwestycja\/#primaryimage"},"thumbnailUrl":"https:\/\/www.24gliwice.pl\/wiadomosci\/wp-content\/uploads\/2022\/06\/plac-zabaw-park-chopina-wyspa.jpg","keywords":["PARK CHOPINA","plac zabaw"],"articleSection":["Gliwice","Kultura, wydarzenia, imprezy","Najnowsze wiadomo\u015bci"],"inLanguage":"pl-PL","potentialAction":[{"@type":"CommentAction","name":"Comment","target":["https:\/\/www.24gliwice.pl\/wiadomosci\/plac-zabaw-po-koniecznej-przerwie-znow-dostepny-dla-najmlodszych-obok-realizowana-jest-inwestycja\/#respond"]}]},{"@type":"WebPage","@id":"https:\/\/www.24gliwice.pl\/wiadomosci\/plac-zabaw-po-koniecznej-przerwie-znow-dostepny-dla-najmlodszych-obok-realizowana-jest-inwestycja\/","url":"https:\/\/www.24gliwice.pl\/wiadomosci\/plac-zabaw-po-koniecznej-przerwie-znow-dostepny-dla-najmlodszych-obok-realizowana-jest-inwestycja\/","name":"Plac zabaw, po koniecznej przerwie, zn\u00f3w dost\u0119pny dla najm\u0142odszych. Obok realizowana jest inwestycja - 24GLIWICE - Portal Gliwice | codziennie nowe informacje","isPartOf":{"@id":"https:\/\/www.24gliwice.pl\/wiadomosci\/#website"},"primaryImageOfPage":{"@id":"https:\/\/www.24gliwice.pl\/wiadomosci\/plac-zabaw-po-koniecznej-przerwie-znow-dostepny-dla-najmlodszych-obok-realizowana-jest-inwestycja\/#primaryimage"},"image":{"@id":"https:\/\/www.24gliwice.pl\/wiadomosci\/plac-zabaw-po-koniecznej-przerwie-znow-dostepny-dla-najmlodszych-obok-realizowana-jest-inwestycja\/#primaryimage"},"thumbnailUrl":"https:\/\/www.24gliwice.pl\/wiadomosci\/wp-content\/uploads\/2022\/06\/plac-zabaw-park-chopina-wyspa.jpg","datePublished":"2022-06-02T17:50:24+00:00","description":"Plac zabaw w parku Chopina ponownie udost\u0119pniono najm\u0142odszym mieszka\u0144com Gliwic. Otwarto go symbolicznie w Dzie\u0144 Dziecka, 1 czerwca","breadcrumb":{"@id":"https:\/\/www.24gliwice.pl\/wiadomosci\/plac-zabaw-po-koniecznej-przerwie-znow-dostepny-dla-najmlodszych-obok-realizowana-jest-inwestycja\/#breadcrumb"},"inLanguage":"pl-PL","potentialAction":[{"@type":"ReadAction","target":["https:\/\/www.24gliwice.pl\/wiadomosci\/plac-zabaw-po-koniecznej-przerwie-znow-dostepny-dla-najmlodszych-obok-realizowana-jest-inwestycja\/"]}]},{"@type":"ImageObject","inLanguage":"pl-PL","@id":"https:\/\/www.24gliwice.pl\/wiadomosci\/plac-zabaw-po-koniecznej-przerwie-znow-dostepny-dla-najmlodszych-obok-realizowana-jest-inwestycja\/#primaryimage","url":"https:\/\/www.24gliwice.pl\/wiadomosci\/wp-content\/uploads\/2022\/06\/plac-zabaw-park-chopina-wyspa.jpg","contentUrl":"https:\/\/www.24gliwice.pl\/wiadomosci\/wp-content\/uploads\/2022\/06\/plac-zabaw-park-chopina-wyspa.jpg","width":810,"height":457},{"@type":"BreadcrumbList","@id":"https:\/\/www.24gliwice.pl\/wiadomosci\/plac-zabaw-po-koniecznej-przerwie-znow-dostepny-dla-najmlodszych-obok-realizowana-jest-inwestycja\/#breadcrumb","itemListElement":[{"@type":"ListItem","position":1,"name":"Strona g\u0142\u00f3wna","item":"https:\/\/www.24gliwice.pl\/wiadomosci\/"},{"@type":"ListItem","position":2,"name":"Plac zabaw, po koniecznej przerwie, zn\u00f3w dost\u0119pny dla najm\u0142odszych. Obok realizowana jest inwestycja"}]},{"@type":"WebSite","@id":"https:\/\/www.24gliwice.pl\/wiadomosci\/#website","url":"https:\/\/www.24gliwice.pl\/wiadomosci\/","name":"24GLIWICE - Portal Gliwice | codziennie nowe wiadomo\u015bci","description":"Portal Miejski Gliwice","publisher":{"@id":"https:\/\/www.24gliwice.pl\/wiadomosci\/#organization"},"potentialAction":[{"@type":"SearchAction","target":{"@type":"EntryPoint","urlTemplate":"https:\/\/www.24gliwice.pl\/wiadomosci\/?s={search_term_string}"},"query-input":{"@type":"PropertyValueSpecification","valueRequired":true,"valueName":"search_term_string"}}],"inLanguage":"pl-PL"},{"@type":"Organization","@id":"https:\/\/www.24gliwice.pl\/wiadomosci\/#organization","name":"24gliwice","url":"https:\/\/www.24gliwice.pl\/wiadomosci\/","logo":{"@type":"ImageObject","inLanguage":"pl-PL","@id":"https:\/\/www.24gliwice.pl\/wiadomosci\/#\/schema\/logo\/image\/","url":"https:\/\/www.24gliwice.pl\/wiadomosci\/wp-content\/uploads\/2024\/10\/24gliwice-logo-696.jpg","contentUrl":"https:\/\/www.24gliwice.pl\/wiadomosci\/wp-content\/uploads\/2024\/10\/24gliwice-logo-696.jpg","width":696,"height":696,"caption":"24gliwice"},"image":{"@id":"https:\/\/www.24gliwice.pl\/wiadomosci\/#\/schema\/logo\/image\/"},"sameAs":["https:\/\/www.facebook.com\/24gliwice","https:\/\/x.com\/24gliwice","https:\/\/www.youtube.com\/@24gliwice"]},{"@type":"Person","@id":"https:\/\/www.24gliwice.pl\/wiadomosci\/#\/schema\/person\/e42c650edd7f2fa332be3811fb166b6e","name":"\u017baneta Mrozek-Siewierska","image":{"@type":"ImageObject","inLanguage":"pl-PL","@id":"https:\/\/www.24gliwice.pl\/wiadomosci\/wp-content\/uploads\/2021\/11\/Zaneta-M_S-zdjecie-czb-96x96.jpg","url":"https:\/\/www.24gliwice.pl\/wiadomosci\/wp-content\/uploads\/2021\/11\/Zaneta-M_S-zdjecie-czb-96x96.jpg","contentUrl":"https:\/\/www.24gliwice.pl\/wiadomosci\/wp-content\/uploads\/2021\/11\/Zaneta-M_S-zdjecie-czb-96x96.jpg","caption":"\u017baneta Mrozek-Siewierska"},"url":"https:\/\/www.24gliwice.pl\/wiadomosci\/author\/zms\/"}]}},"_links":{"self":[{"href":"https:\/\/www.24gliwice.pl\/wiadomosci\/wp-json\/wp\/v2\/posts\/193696","targetHints":{"allow":["GET"]}}],"collection":[{"href":"https:\/\/www.24gliwice.pl\/wiadomosci\/wp-json\/wp\/v2\/posts"}],"about":[{"href":"https:\/\/www.24gliwice.pl\/wiadomosci\/wp-json\/wp\/v2\/types\/post"}],"author":[{"embeddable":true,"href":"https:\/\/www.24gliwice.pl\/wiadomosci\/wp-json\/wp\/v2\/users\/15"}],"replies":[{"embeddable":true,"href":"https:\/\/www.24gliwice.pl\/wiadomosci\/wp-json\/wp\/v2\/comments?post=193696"}],"version-history":[{"count":7,"href":"https:\/\/www.24gliwice.pl\/wiadomosci\/wp-json\/wp\/v2\/posts\/193696\/revisions"}],"predecessor-version":[{"id":193762,"href":"https:\/\/www.24gliwice.pl\/wiadomosci\/wp-json\/wp\/v2\/posts\/193696\/revisions\/193762"}],"wp:featuredmedia":[{"embeddable":true,"href":"https:\/\/www.24gliwice.pl\/wiadomosci\/wp-json\/wp\/v2\/media\/193743"}],"wp:attachment":[{"href":"https:\/\/www.24gliwice.pl\/wiadomosci\/wp-json\/wp\/v2\/media?parent=193696"}],"wp:term":[{"taxonomy":"category","embeddable":true,"href":"https:\/\/www.24gliwice.pl\/wiadomosci\/wp-json\/wp\/v2\/categories?post=193696"},{"taxonomy":"post_tag","embeddable":true,"href":"https:\/\/www.24gliwice.pl\/wiadomosci\/wp-json\/wp\/v2\/tags?post=193696"}],"curies":[{"name":"wp","href":"https:\/\/api.w.org\/{rel}","templated":true}]}}