{"id":193747,"date":"2022-06-05T00:01:44","date_gmt":"2022-06-04T22:01:44","guid":{"rendered":"https:\/\/www.24gliwice.pl\/wiadomosci\/?p=193747"},"modified":"2022-06-05T00:01:44","modified_gmt":"2022-06-04T22:01:44","slug":"ratownik-medyczny-opowie-co-o-wizycie-lekarskiej-wiedziec-wypada-wraca-popularny-cykl-spotkan","status":"publish","type":"post","link":"https:\/\/www.24gliwice.pl\/wiadomosci\/ratownik-medyczny-opowie-co-o-wizycie-lekarskiej-wiedziec-wypada-wraca-popularny-cykl-spotkan\/","title":{"rendered":"Ratownik medyczny opowie,  co o wizycie lekarskiej wiedzie\u0107 wypada. Wraca popularny cykl spotka\u0144"},"content":{"rendered":"<div class=\"gliwi-a6-nad-leadem-artykulow gliwi-entity-placement\" id=\"gliwi-639574485\"><div class=\"gliwi-adlabel\"><span style=\"font-size: 9px\">REKLAMA<\/span><\/div><div id=\"gliwi-2385852819\" style=\"margin-bottom: 30px;margin-left: auto;margin-right: auto;text-align: center;\"><a data-no-instant=\"1\" href=\"https:\/\/przedszkole.halogen.org.pl\/\" rel=\"noopener\" class=\"a2t-link\" target=\"_blank\" aria-label=\"20260402-ANIMATOR-przedszkole_grafika_750x200\"><img loading=\"lazy\" decoding=\"async\" src=\"https:\/\/www.24gliwice.pl\/wiadomosci\/wp-content\/uploads\/2026\/04\/20260402-ANIMATOR-przedszkole_grafika_750x200.webp\" alt=\"\"  srcset=\"https:\/\/www.24gliwice.pl\/wiadomosci\/wp-content\/uploads\/2026\/04\/20260402-ANIMATOR-przedszkole_grafika_750x200.webp 750w, https:\/\/www.24gliwice.pl\/wiadomosci\/wp-content\/uploads\/2026\/04\/20260402-ANIMATOR-przedszkole_grafika_750x200-410x109.webp 410w\" sizes=\"(max-width: 750px) 100vw, 750px\" class=\"no-lazyload\" width=\"750\" height=\"200\"  style=\"display: inline-block; max-width: 100%; height: auto;\" \/><\/a><\/div><\/div><h2>W Centrum Edukacyjnym im. Jana Paw\u0142a II (ul. Jana Paw\u0142a II 5a) b\u0119dzie okazja, by spotka\u0107 si\u0119 z ratownikiem medycznym w Kawiarence Zdrowia. Popularny cykl prelekcji zdrowotnych po\u0142\u0105czonych z wyst\u0119pami artystycznymi wraca do Gliwic.<\/h2>\n<p>&nbsp;<br \/>\nNajbli\u017csz\u0105 ods\u0142on\u0119 wydarzenia zaplanowano na 8 czerwca. <\/p>\n<p>\u201eRatownik medyczny podpowiada, co o wizycie lekarskiej wiedzie\u0107 wypada&#8221; \u2013 to temat wyst\u0105pienia <strong>Marcina Klepczarka<\/strong>, ratownika medycznego. O opraw\u0119 muzyczn\u0105 zadbaj\u0105 <strong>Mateusz Troll i Przyjaciele<\/strong>.<\/p><div class=\"gliwi-a3-w-tresci-artykulow gliwi-entity-placement\" id=\"gliwi-1588754029\"><div class=\"gliwi-adlabel\"><span style=\"font-size: 9px\">REKLAMA<\/span><\/div><div id=\"gliwi-345992778\" style=\"margin-bottom: 30px;margin-left: auto;margin-right: auto;text-align: center;\"><a data-no-instant=\"1\" href=\"https:\/\/ogrodyandersa.pl\/\" rel=\"noopener\" class=\"a2t-link\" target=\"_blank\" aria-label=\"20260415 Ogrody Andersa KUP TERAZ D\"><img loading=\"lazy\" decoding=\"async\" src=\"https:\/\/www.24gliwice.pl\/wiadomosci\/wp-content\/uploads\/2026\/04\/20260415-Ogrody-Andersa-KUP-TERAZ-D.jpg\" alt=\"\"  srcset=\"https:\/\/www.24gliwice.pl\/wiadomosci\/wp-content\/uploads\/2026\/04\/20260415-Ogrody-Andersa-KUP-TERAZ-D.jpg 750w, https:\/\/www.24gliwice.pl\/wiadomosci\/wp-content\/uploads\/2026\/04\/20260415-Ogrody-Andersa-KUP-TERAZ-D-410x109.jpg 410w\" sizes=\"(max-width: 750px) 100vw, 750px\" class=\"no-lazyload\" width=\"750\" height=\"200\"  style=\"display: inline-block; max-width: 100%; height: auto;\" \/><\/a><\/div><\/div>\n<p><a href=\"https:\/\/www.24gliwice.pl\/wiadomosci\/wp-content\/uploads\/2022\/06\/mateusz_troll_i_przyjaciele_wystep_artystyczny.png.jpg\"><img loading=\"lazy\" decoding=\"async\" src=\"https:\/\/www.24gliwice.pl\/wiadomosci\/wp-content\/uploads\/2022\/06\/mateusz_troll_i_przyjaciele_wystep_artystyczny.png.jpg\" alt=\"\" width=\"810\" height=\"458\" class=\"alignnone size-full wp-image-193749\" srcset=\"https:\/\/www.24gliwice.pl\/wiadomosci\/wp-content\/uploads\/2022\/06\/mateusz_troll_i_przyjaciele_wystep_artystyczny.png.jpg 810w, https:\/\/www.24gliwice.pl\/wiadomosci\/wp-content\/uploads\/2022\/06\/mateusz_troll_i_przyjaciele_wystep_artystyczny.png-410x232.jpg 410w, https:\/\/www.24gliwice.pl\/wiadomosci\/wp-content\/uploads\/2022\/06\/mateusz_troll_i_przyjaciele_wystep_artystyczny.png-805x455.jpg 805w, https:\/\/www.24gliwice.pl\/wiadomosci\/wp-content\/uploads\/2022\/06\/mateusz_troll_i_przyjaciele_wystep_artystyczny.png-768x434.jpg 768w\" sizes=\"auto, (max-width: 810px) 100vw, 810px\" \/><\/a><\/p>\n<p>Spotkanie rozpocznie si\u0119 w \u015brod\u0119, 8 czerwca, o godzinie 16:30. Wst\u0119p wolny. Organizatorem Kawiarenki Zdrowia jest samorz\u0105d.<\/p>\n<p>(\u017cms)\/UM Gliwice<br \/>\nfot. UM Gliwice\/mat. organizatora<\/p>\n<div class=\"gliwi-a5-na-koncu-artykulow gliwi-entity-placement\" id=\"gliwi-1560287019\"><div class=\"gliwi-adlabel\"><span style=\"font-size: 9px\">REKLAMA<\/span><\/div><div id=\"gliwi-3099752399\" style=\"margin-left: auto;margin-right: auto;text-align: center;\"><a data-no-instant=\"1\" href=\"https:\/\/prezeroarenagliwice.pl\/\" rel=\"noopener\" class=\"a2t-link\" target=\"_blank\" aria-label=\"20260309-PREZERO-WIOSNA-D\"><img loading=\"lazy\" decoding=\"async\" src=\"https:\/\/www.24gliwice.pl\/wiadomosci\/wp-content\/uploads\/2026\/03\/20260309-PREZERO-WIOSNA-D.webp\" alt=\"\"  srcset=\"https:\/\/www.24gliwice.pl\/wiadomosci\/wp-content\/uploads\/2026\/03\/20260309-PREZERO-WIOSNA-D.webp 750w, https:\/\/www.24gliwice.pl\/wiadomosci\/wp-content\/uploads\/2026\/03\/20260309-PREZERO-WIOSNA-D-410x109.webp 410w\" sizes=\"(max-width: 750px) 100vw, 750px\" class=\"no-lazyload\" width=\"750\" height=\"200\"  style=\"display: inline-block; max-width: 100%; height: auto;\" \/><\/a><\/div><\/div>","protected":false},"excerpt":{"rendered":"<p>W Centrum Edukacyjnym im. Jana Paw\u0142a II (ul. Jana Paw\u0142a II 5a) b\u0119dzie okazja, by spotka\u0107 si\u0119 z ratownikiem medycznym w Kawiarence Zdrowia. Popularny cykl prelekcji zdrowotnych po\u0142\u0105czonych z wyst\u0119pami artystycznymi wraca do Gliwic. &nbsp; Najbli\u017csz\u0105 ods\u0142on\u0119 wydarzenia zaplanowano na 8 czerwca. \u201eRatownik medyczny podpowiada, co o wizycie lekarskiej wiedzie\u0107 wypada&#8221; \u2013 to temat wyst\u0105pienia [&hellip;]<\/p>\n","protected":false},"author":15,"featured_media":193750,"comment_status":"open","ping_status":"closed","sticky":false,"template":"","format":"standard","meta":{"_monsterinsights_skip_tracking":false,"_monsterinsights_sitenote_active":false,"_monsterinsights_sitenote_note":"","_monsterinsights_sitenote_category":0,"footnotes":"","_links_to":"","_links_to_target":""},"categories":[3,6,1],"tags":[16402],"class_list":["post-193747","post","type-post","status-publish","format-standard","has-post-thumbnail","hentry","category-gliwice","category-kultura","category-wszystko","tag-kawiarenka-zdrowia"],"yoast_head":"<!-- This site is optimized with the Yoast SEO plugin v27.4 - https:\/\/yoast.com\/product\/yoast-seo-wordpress\/ -->\n<title>Ratownik medyczny opowie, co o wizycie lekarskiej wiedzie\u0107 wypada. Wraca popularny cykl spotka\u0144 - 24GLIWICE - Portal Gliwice | codziennie nowe informacje<\/title>\n<meta name=\"description\" content=\"Wraca cykl spotka\u0144 pn. &quot;Kawiarenka zdrowia&quot;. Na pocz\u0105tek przewidziano spotkanie z ratownikiem medycznym, Marcinem Klepczarkiem\" \/>\n<meta name=\"robots\" content=\"index, follow, max-snippet:-1, max-image-preview:large, max-video-preview:-1\" \/>\n<link rel=\"canonical\" href=\"https:\/\/www.24gliwice.pl\/wiadomosci\/ratownik-medyczny-opowie-co-o-wizycie-lekarskiej-wiedziec-wypada-wraca-popularny-cykl-spotkan\/\" \/>\n<meta property=\"og:locale\" content=\"pl_PL\" \/>\n<meta property=\"og:type\" content=\"article\" \/>\n<meta property=\"og:title\" content=\"Ratownik medyczny opowie, co o wizycie lekarskiej wiedzie\u0107 wypada. Wraca popularny cykl spotka\u0144 - 24GLIWICE - Portal Gliwice | codziennie nowe informacje\" \/>\n<meta property=\"og:description\" content=\"Wraca cykl spotka\u0144 pn. &quot;Kawiarenka zdrowia&quot;. Na pocz\u0105tek przewidziano spotkanie z ratownikiem medycznym, Marcinem Klepczarkiem\" \/>\n<meta property=\"og:url\" content=\"https:\/\/www.24gliwice.pl\/wiadomosci\/ratownik-medyczny-opowie-co-o-wizycie-lekarskiej-wiedziec-wypada-wraca-popularny-cykl-spotkan\/\" \/>\n<meta property=\"og:site_name\" content=\"24GLIWICE - Portal Gliwice | codziennie nowe informacje\" \/>\n<meta property=\"article:publisher\" content=\"https:\/\/www.facebook.com\/24gliwice\" \/>\n<meta property=\"article:published_time\" content=\"2022-06-04T22:01:44+00:00\" \/>\n<meta property=\"og:image\" content=\"https:\/\/www.24gliwice.pl\/wiadomosci\/wp-content\/uploads\/2022\/06\/spotkanie-z-ratownikiem-medycznym.jpg\" \/>\n\t<meta property=\"og:image:width\" content=\"810\" \/>\n\t<meta property=\"og:image:height\" content=\"457\" \/>\n\t<meta property=\"og:image:type\" content=\"image\/jpeg\" \/>\n<meta name=\"author\" content=\"\u017baneta Mrozek-Siewierska\" \/>\n<meta name=\"twitter:card\" content=\"summary_large_image\" \/>\n<meta name=\"twitter:creator\" content=\"@24gliwice\" \/>\n<meta name=\"twitter:site\" content=\"@24gliwice\" \/>\n<meta name=\"twitter:label1\" content=\"Napisane przez\" \/>\n\t<meta name=\"twitter:data1\" content=\"\u017baneta Mrozek-Siewierska\" \/>\n<script type=\"application\/ld+json\" class=\"yoast-schema-graph\">{\"@context\":\"https:\\\/\\\/schema.org\",\"@graph\":[{\"@type\":\"Article\",\"@id\":\"https:\\\/\\\/www.24gliwice.pl\\\/wiadomosci\\\/ratownik-medyczny-opowie-co-o-wizycie-lekarskiej-wiedziec-wypada-wraca-popularny-cykl-spotkan\\\/#article\",\"isPartOf\":{\"@id\":\"https:\\\/\\\/www.24gliwice.pl\\\/wiadomosci\\\/ratownik-medyczny-opowie-co-o-wizycie-lekarskiej-wiedziec-wypada-wraca-popularny-cykl-spotkan\\\/\"},\"author\":{\"name\":\"\u017baneta Mrozek-Siewierska\",\"@id\":\"https:\\\/\\\/www.24gliwice.pl\\\/wiadomosci\\\/#\\\/schema\\\/person\\\/e42c650edd7f2fa332be3811fb166b6e\"},\"headline\":\"Ratownik medyczny opowie, co o wizycie lekarskiej wiedzie\u0107 wypada. Wraca popularny cykl spotka\u0144\",\"datePublished\":\"2022-06-04T22:01:44+00:00\",\"mainEntityOfPage\":{\"@id\":\"https:\\\/\\\/www.24gliwice.pl\\\/wiadomosci\\\/ratownik-medyczny-opowie-co-o-wizycie-lekarskiej-wiedziec-wypada-wraca-popularny-cykl-spotkan\\\/\"},\"wordCount\":111,\"commentCount\":0,\"publisher\":{\"@id\":\"https:\\\/\\\/www.24gliwice.pl\\\/wiadomosci\\\/#organization\"},\"image\":{\"@id\":\"https:\\\/\\\/www.24gliwice.pl\\\/wiadomosci\\\/ratownik-medyczny-opowie-co-o-wizycie-lekarskiej-wiedziec-wypada-wraca-popularny-cykl-spotkan\\\/#primaryimage\"},\"thumbnailUrl\":\"https:\\\/\\\/www.24gliwice.pl\\\/wiadomosci\\\/wp-content\\\/uploads\\\/2022\\\/06\\\/spotkanie-z-ratownikiem-medycznym.jpg\",\"keywords\":[\"kawiarenka zdrowia\"],\"articleSection\":[\"Gliwice\",\"Kultura, wydarzenia, imprezy\",\"Najnowsze wiadomo\u015bci\"],\"inLanguage\":\"pl-PL\",\"potentialAction\":[{\"@type\":\"CommentAction\",\"name\":\"Comment\",\"target\":[\"https:\\\/\\\/www.24gliwice.pl\\\/wiadomosci\\\/ratownik-medyczny-opowie-co-o-wizycie-lekarskiej-wiedziec-wypada-wraca-popularny-cykl-spotkan\\\/#respond\"]}]},{\"@type\":\"WebPage\",\"@id\":\"https:\\\/\\\/www.24gliwice.pl\\\/wiadomosci\\\/ratownik-medyczny-opowie-co-o-wizycie-lekarskiej-wiedziec-wypada-wraca-popularny-cykl-spotkan\\\/\",\"url\":\"https:\\\/\\\/www.24gliwice.pl\\\/wiadomosci\\\/ratownik-medyczny-opowie-co-o-wizycie-lekarskiej-wiedziec-wypada-wraca-popularny-cykl-spotkan\\\/\",\"name\":\"Ratownik medyczny opowie, co o wizycie lekarskiej wiedzie\u0107 wypada. Wraca popularny cykl spotka\u0144 - 24GLIWICE - Portal Gliwice | codziennie nowe informacje\",\"isPartOf\":{\"@id\":\"https:\\\/\\\/www.24gliwice.pl\\\/wiadomosci\\\/#website\"},\"primaryImageOfPage\":{\"@id\":\"https:\\\/\\\/www.24gliwice.pl\\\/wiadomosci\\\/ratownik-medyczny-opowie-co-o-wizycie-lekarskiej-wiedziec-wypada-wraca-popularny-cykl-spotkan\\\/#primaryimage\"},\"image\":{\"@id\":\"https:\\\/\\\/www.24gliwice.pl\\\/wiadomosci\\\/ratownik-medyczny-opowie-co-o-wizycie-lekarskiej-wiedziec-wypada-wraca-popularny-cykl-spotkan\\\/#primaryimage\"},\"thumbnailUrl\":\"https:\\\/\\\/www.24gliwice.pl\\\/wiadomosci\\\/wp-content\\\/uploads\\\/2022\\\/06\\\/spotkanie-z-ratownikiem-medycznym.jpg\",\"datePublished\":\"2022-06-04T22:01:44+00:00\",\"description\":\"Wraca cykl spotka\u0144 pn. \\\"Kawiarenka zdrowia\\\". Na pocz\u0105tek przewidziano spotkanie z ratownikiem medycznym, Marcinem Klepczarkiem\",\"breadcrumb\":{\"@id\":\"https:\\\/\\\/www.24gliwice.pl\\\/wiadomosci\\\/ratownik-medyczny-opowie-co-o-wizycie-lekarskiej-wiedziec-wypada-wraca-popularny-cykl-spotkan\\\/#breadcrumb\"},\"inLanguage\":\"pl-PL\",\"potentialAction\":[{\"@type\":\"ReadAction\",\"target\":[\"https:\\\/\\\/www.24gliwice.pl\\\/wiadomosci\\\/ratownik-medyczny-opowie-co-o-wizycie-lekarskiej-wiedziec-wypada-wraca-popularny-cykl-spotkan\\\/\"]}]},{\"@type\":\"ImageObject\",\"inLanguage\":\"pl-PL\",\"@id\":\"https:\\\/\\\/www.24gliwice.pl\\\/wiadomosci\\\/ratownik-medyczny-opowie-co-o-wizycie-lekarskiej-wiedziec-wypada-wraca-popularny-cykl-spotkan\\\/#primaryimage\",\"url\":\"https:\\\/\\\/www.24gliwice.pl\\\/wiadomosci\\\/wp-content\\\/uploads\\\/2022\\\/06\\\/spotkanie-z-ratownikiem-medycznym.jpg\",\"contentUrl\":\"https:\\\/\\\/www.24gliwice.pl\\\/wiadomosci\\\/wp-content\\\/uploads\\\/2022\\\/06\\\/spotkanie-z-ratownikiem-medycznym.jpg\",\"width\":810,\"height\":457},{\"@type\":\"BreadcrumbList\",\"@id\":\"https:\\\/\\\/www.24gliwice.pl\\\/wiadomosci\\\/ratownik-medyczny-opowie-co-o-wizycie-lekarskiej-wiedziec-wypada-wraca-popularny-cykl-spotkan\\\/#breadcrumb\",\"itemListElement\":[{\"@type\":\"ListItem\",\"position\":1,\"name\":\"Strona g\u0142\u00f3wna\",\"item\":\"https:\\\/\\\/www.24gliwice.pl\\\/wiadomosci\\\/\"},{\"@type\":\"ListItem\",\"position\":2,\"name\":\"Ratownik medyczny opowie, co o wizycie lekarskiej wiedzie\u0107 wypada. Wraca popularny cykl spotka\u0144\"}]},{\"@type\":\"WebSite\",\"@id\":\"https:\\\/\\\/www.24gliwice.pl\\\/wiadomosci\\\/#website\",\"url\":\"https:\\\/\\\/www.24gliwice.pl\\\/wiadomosci\\\/\",\"name\":\"24GLIWICE - Portal Gliwice | codziennie nowe wiadomo\u015bci\",\"description\":\"Portal Miejski Gliwice\",\"publisher\":{\"@id\":\"https:\\\/\\\/www.24gliwice.pl\\\/wiadomosci\\\/#organization\"},\"potentialAction\":[{\"@type\":\"SearchAction\",\"target\":{\"@type\":\"EntryPoint\",\"urlTemplate\":\"https:\\\/\\\/www.24gliwice.pl\\\/wiadomosci\\\/?s={search_term_string}\"},\"query-input\":{\"@type\":\"PropertyValueSpecification\",\"valueRequired\":true,\"valueName\":\"search_term_string\"}}],\"inLanguage\":\"pl-PL\"},{\"@type\":\"Organization\",\"@id\":\"https:\\\/\\\/www.24gliwice.pl\\\/wiadomosci\\\/#organization\",\"name\":\"24gliwice\",\"url\":\"https:\\\/\\\/www.24gliwice.pl\\\/wiadomosci\\\/\",\"logo\":{\"@type\":\"ImageObject\",\"inLanguage\":\"pl-PL\",\"@id\":\"https:\\\/\\\/www.24gliwice.pl\\\/wiadomosci\\\/#\\\/schema\\\/logo\\\/image\\\/\",\"url\":\"https:\\\/\\\/www.24gliwice.pl\\\/wiadomosci\\\/wp-content\\\/uploads\\\/2024\\\/10\\\/24gliwice-logo-696.jpg\",\"contentUrl\":\"https:\\\/\\\/www.24gliwice.pl\\\/wiadomosci\\\/wp-content\\\/uploads\\\/2024\\\/10\\\/24gliwice-logo-696.jpg\",\"width\":696,\"height\":696,\"caption\":\"24gliwice\"},\"image\":{\"@id\":\"https:\\\/\\\/www.24gliwice.pl\\\/wiadomosci\\\/#\\\/schema\\\/logo\\\/image\\\/\"},\"sameAs\":[\"https:\\\/\\\/www.facebook.com\\\/24gliwice\",\"https:\\\/\\\/x.com\\\/24gliwice\",\"https:\\\/\\\/www.youtube.com\\\/@24gliwice\"]},{\"@type\":\"Person\",\"@id\":\"https:\\\/\\\/www.24gliwice.pl\\\/wiadomosci\\\/#\\\/schema\\\/person\\\/e42c650edd7f2fa332be3811fb166b6e\",\"name\":\"\u017baneta Mrozek-Siewierska\",\"image\":{\"@type\":\"ImageObject\",\"inLanguage\":\"pl-PL\",\"@id\":\"https:\\\/\\\/www.24gliwice.pl\\\/wiadomosci\\\/wp-content\\\/uploads\\\/2021\\\/11\\\/Zaneta-M_S-zdjecie-czb-96x96.jpg\",\"url\":\"https:\\\/\\\/www.24gliwice.pl\\\/wiadomosci\\\/wp-content\\\/uploads\\\/2021\\\/11\\\/Zaneta-M_S-zdjecie-czb-96x96.jpg\",\"contentUrl\":\"https:\\\/\\\/www.24gliwice.pl\\\/wiadomosci\\\/wp-content\\\/uploads\\\/2021\\\/11\\\/Zaneta-M_S-zdjecie-czb-96x96.jpg\",\"caption\":\"\u017baneta Mrozek-Siewierska\"},\"url\":\"https:\\\/\\\/www.24gliwice.pl\\\/wiadomosci\\\/author\\\/zms\\\/\"}]}<\/script>\n<!-- \/ Yoast SEO plugin. -->","yoast_head_json":{"title":"Ratownik medyczny opowie, co o wizycie lekarskiej wiedzie\u0107 wypada. Wraca popularny cykl spotka\u0144 - 24GLIWICE - Portal Gliwice | codziennie nowe informacje","description":"Wraca cykl spotka\u0144 pn. \"Kawiarenka zdrowia\". Na pocz\u0105tek przewidziano spotkanie z ratownikiem medycznym, Marcinem Klepczarkiem","robots":{"index":"index","follow":"follow","max-snippet":"max-snippet:-1","max-image-preview":"max-image-preview:large","max-video-preview":"max-video-preview:-1"},"canonical":"https:\/\/www.24gliwice.pl\/wiadomosci\/ratownik-medyczny-opowie-co-o-wizycie-lekarskiej-wiedziec-wypada-wraca-popularny-cykl-spotkan\/","og_locale":"pl_PL","og_type":"article","og_title":"Ratownik medyczny opowie, co o wizycie lekarskiej wiedzie\u0107 wypada. Wraca popularny cykl spotka\u0144 - 24GLIWICE - Portal Gliwice | codziennie nowe informacje","og_description":"Wraca cykl spotka\u0144 pn. \"Kawiarenka zdrowia\". Na pocz\u0105tek przewidziano spotkanie z ratownikiem medycznym, Marcinem Klepczarkiem","og_url":"https:\/\/www.24gliwice.pl\/wiadomosci\/ratownik-medyczny-opowie-co-o-wizycie-lekarskiej-wiedziec-wypada-wraca-popularny-cykl-spotkan\/","og_site_name":"24GLIWICE - Portal Gliwice | codziennie nowe informacje","article_publisher":"https:\/\/www.facebook.com\/24gliwice","article_published_time":"2022-06-04T22:01:44+00:00","og_image":[{"width":810,"height":457,"url":"https:\/\/www.24gliwice.pl\/wiadomosci\/wp-content\/uploads\/2022\/06\/spotkanie-z-ratownikiem-medycznym.jpg","type":"image\/jpeg"}],"author":"\u017baneta Mrozek-Siewierska","twitter_card":"summary_large_image","twitter_creator":"@24gliwice","twitter_site":"@24gliwice","twitter_misc":{"Napisane przez":"\u017baneta Mrozek-Siewierska"},"schema":{"@context":"https:\/\/schema.org","@graph":[{"@type":"Article","@id":"https:\/\/www.24gliwice.pl\/wiadomosci\/ratownik-medyczny-opowie-co-o-wizycie-lekarskiej-wiedziec-wypada-wraca-popularny-cykl-spotkan\/#article","isPartOf":{"@id":"https:\/\/www.24gliwice.pl\/wiadomosci\/ratownik-medyczny-opowie-co-o-wizycie-lekarskiej-wiedziec-wypada-wraca-popularny-cykl-spotkan\/"},"author":{"name":"\u017baneta Mrozek-Siewierska","@id":"https:\/\/www.24gliwice.pl\/wiadomosci\/#\/schema\/person\/e42c650edd7f2fa332be3811fb166b6e"},"headline":"Ratownik medyczny opowie, co o wizycie lekarskiej wiedzie\u0107 wypada. Wraca popularny cykl spotka\u0144","datePublished":"2022-06-04T22:01:44+00:00","mainEntityOfPage":{"@id":"https:\/\/www.24gliwice.pl\/wiadomosci\/ratownik-medyczny-opowie-co-o-wizycie-lekarskiej-wiedziec-wypada-wraca-popularny-cykl-spotkan\/"},"wordCount":111,"commentCount":0,"publisher":{"@id":"https:\/\/www.24gliwice.pl\/wiadomosci\/#organization"},"image":{"@id":"https:\/\/www.24gliwice.pl\/wiadomosci\/ratownik-medyczny-opowie-co-o-wizycie-lekarskiej-wiedziec-wypada-wraca-popularny-cykl-spotkan\/#primaryimage"},"thumbnailUrl":"https:\/\/www.24gliwice.pl\/wiadomosci\/wp-content\/uploads\/2022\/06\/spotkanie-z-ratownikiem-medycznym.jpg","keywords":["kawiarenka zdrowia"],"articleSection":["Gliwice","Kultura, wydarzenia, imprezy","Najnowsze wiadomo\u015bci"],"inLanguage":"pl-PL","potentialAction":[{"@type":"CommentAction","name":"Comment","target":["https:\/\/www.24gliwice.pl\/wiadomosci\/ratownik-medyczny-opowie-co-o-wizycie-lekarskiej-wiedziec-wypada-wraca-popularny-cykl-spotkan\/#respond"]}]},{"@type":"WebPage","@id":"https:\/\/www.24gliwice.pl\/wiadomosci\/ratownik-medyczny-opowie-co-o-wizycie-lekarskiej-wiedziec-wypada-wraca-popularny-cykl-spotkan\/","url":"https:\/\/www.24gliwice.pl\/wiadomosci\/ratownik-medyczny-opowie-co-o-wizycie-lekarskiej-wiedziec-wypada-wraca-popularny-cykl-spotkan\/","name":"Ratownik medyczny opowie, co o wizycie lekarskiej wiedzie\u0107 wypada. Wraca popularny cykl spotka\u0144 - 24GLIWICE - Portal Gliwice | codziennie nowe informacje","isPartOf":{"@id":"https:\/\/www.24gliwice.pl\/wiadomosci\/#website"},"primaryImageOfPage":{"@id":"https:\/\/www.24gliwice.pl\/wiadomosci\/ratownik-medyczny-opowie-co-o-wizycie-lekarskiej-wiedziec-wypada-wraca-popularny-cykl-spotkan\/#primaryimage"},"image":{"@id":"https:\/\/www.24gliwice.pl\/wiadomosci\/ratownik-medyczny-opowie-co-o-wizycie-lekarskiej-wiedziec-wypada-wraca-popularny-cykl-spotkan\/#primaryimage"},"thumbnailUrl":"https:\/\/www.24gliwice.pl\/wiadomosci\/wp-content\/uploads\/2022\/06\/spotkanie-z-ratownikiem-medycznym.jpg","datePublished":"2022-06-04T22:01:44+00:00","description":"Wraca cykl spotka\u0144 pn. \"Kawiarenka zdrowia\". Na pocz\u0105tek przewidziano spotkanie z ratownikiem medycznym, Marcinem Klepczarkiem","breadcrumb":{"@id":"https:\/\/www.24gliwice.pl\/wiadomosci\/ratownik-medyczny-opowie-co-o-wizycie-lekarskiej-wiedziec-wypada-wraca-popularny-cykl-spotkan\/#breadcrumb"},"inLanguage":"pl-PL","potentialAction":[{"@type":"ReadAction","target":["https:\/\/www.24gliwice.pl\/wiadomosci\/ratownik-medyczny-opowie-co-o-wizycie-lekarskiej-wiedziec-wypada-wraca-popularny-cykl-spotkan\/"]}]},{"@type":"ImageObject","inLanguage":"pl-PL","@id":"https:\/\/www.24gliwice.pl\/wiadomosci\/ratownik-medyczny-opowie-co-o-wizycie-lekarskiej-wiedziec-wypada-wraca-popularny-cykl-spotkan\/#primaryimage","url":"https:\/\/www.24gliwice.pl\/wiadomosci\/wp-content\/uploads\/2022\/06\/spotkanie-z-ratownikiem-medycznym.jpg","contentUrl":"https:\/\/www.24gliwice.pl\/wiadomosci\/wp-content\/uploads\/2022\/06\/spotkanie-z-ratownikiem-medycznym.jpg","width":810,"height":457},{"@type":"BreadcrumbList","@id":"https:\/\/www.24gliwice.pl\/wiadomosci\/ratownik-medyczny-opowie-co-o-wizycie-lekarskiej-wiedziec-wypada-wraca-popularny-cykl-spotkan\/#breadcrumb","itemListElement":[{"@type":"ListItem","position":1,"name":"Strona g\u0142\u00f3wna","item":"https:\/\/www.24gliwice.pl\/wiadomosci\/"},{"@type":"ListItem","position":2,"name":"Ratownik medyczny opowie, co o wizycie lekarskiej wiedzie\u0107 wypada. Wraca popularny cykl spotka\u0144"}]},{"@type":"WebSite","@id":"https:\/\/www.24gliwice.pl\/wiadomosci\/#website","url":"https:\/\/www.24gliwice.pl\/wiadomosci\/","name":"24GLIWICE - Portal Gliwice | codziennie nowe wiadomo\u015bci","description":"Portal Miejski Gliwice","publisher":{"@id":"https:\/\/www.24gliwice.pl\/wiadomosci\/#organization"},"potentialAction":[{"@type":"SearchAction","target":{"@type":"EntryPoint","urlTemplate":"https:\/\/www.24gliwice.pl\/wiadomosci\/?s={search_term_string}"},"query-input":{"@type":"PropertyValueSpecification","valueRequired":true,"valueName":"search_term_string"}}],"inLanguage":"pl-PL"},{"@type":"Organization","@id":"https:\/\/www.24gliwice.pl\/wiadomosci\/#organization","name":"24gliwice","url":"https:\/\/www.24gliwice.pl\/wiadomosci\/","logo":{"@type":"ImageObject","inLanguage":"pl-PL","@id":"https:\/\/www.24gliwice.pl\/wiadomosci\/#\/schema\/logo\/image\/","url":"https:\/\/www.24gliwice.pl\/wiadomosci\/wp-content\/uploads\/2024\/10\/24gliwice-logo-696.jpg","contentUrl":"https:\/\/www.24gliwice.pl\/wiadomosci\/wp-content\/uploads\/2024\/10\/24gliwice-logo-696.jpg","width":696,"height":696,"caption":"24gliwice"},"image":{"@id":"https:\/\/www.24gliwice.pl\/wiadomosci\/#\/schema\/logo\/image\/"},"sameAs":["https:\/\/www.facebook.com\/24gliwice","https:\/\/x.com\/24gliwice","https:\/\/www.youtube.com\/@24gliwice"]},{"@type":"Person","@id":"https:\/\/www.24gliwice.pl\/wiadomosci\/#\/schema\/person\/e42c650edd7f2fa332be3811fb166b6e","name":"\u017baneta Mrozek-Siewierska","image":{"@type":"ImageObject","inLanguage":"pl-PL","@id":"https:\/\/www.24gliwice.pl\/wiadomosci\/wp-content\/uploads\/2021\/11\/Zaneta-M_S-zdjecie-czb-96x96.jpg","url":"https:\/\/www.24gliwice.pl\/wiadomosci\/wp-content\/uploads\/2021\/11\/Zaneta-M_S-zdjecie-czb-96x96.jpg","contentUrl":"https:\/\/www.24gliwice.pl\/wiadomosci\/wp-content\/uploads\/2021\/11\/Zaneta-M_S-zdjecie-czb-96x96.jpg","caption":"\u017baneta Mrozek-Siewierska"},"url":"https:\/\/www.24gliwice.pl\/wiadomosci\/author\/zms\/"}]}},"_links":{"self":[{"href":"https:\/\/www.24gliwice.pl\/wiadomosci\/wp-json\/wp\/v2\/posts\/193747","targetHints":{"allow":["GET"]}}],"collection":[{"href":"https:\/\/www.24gliwice.pl\/wiadomosci\/wp-json\/wp\/v2\/posts"}],"about":[{"href":"https:\/\/www.24gliwice.pl\/wiadomosci\/wp-json\/wp\/v2\/types\/post"}],"author":[{"embeddable":true,"href":"https:\/\/www.24gliwice.pl\/wiadomosci\/wp-json\/wp\/v2\/users\/15"}],"replies":[{"embeddable":true,"href":"https:\/\/www.24gliwice.pl\/wiadomosci\/wp-json\/wp\/v2\/comments?post=193747"}],"version-history":[{"count":6,"href":"https:\/\/www.24gliwice.pl\/wiadomosci\/wp-json\/wp\/v2\/posts\/193747\/revisions"}],"predecessor-version":[{"id":193870,"href":"https:\/\/www.24gliwice.pl\/wiadomosci\/wp-json\/wp\/v2\/posts\/193747\/revisions\/193870"}],"wp:featuredmedia":[{"embeddable":true,"href":"https:\/\/www.24gliwice.pl\/wiadomosci\/wp-json\/wp\/v2\/media\/193750"}],"wp:attachment":[{"href":"https:\/\/www.24gliwice.pl\/wiadomosci\/wp-json\/wp\/v2\/media?parent=193747"}],"wp:term":[{"taxonomy":"category","embeddable":true,"href":"https:\/\/www.24gliwice.pl\/wiadomosci\/wp-json\/wp\/v2\/categories?post=193747"},{"taxonomy":"post_tag","embeddable":true,"href":"https:\/\/www.24gliwice.pl\/wiadomosci\/wp-json\/wp\/v2\/tags?post=193747"}],"curies":[{"name":"wp","href":"https:\/\/api.w.org\/{rel}","templated":true}]}}