{"id":193821,"date":"2022-06-03T14:38:30","date_gmt":"2022-06-03T12:38:30","guid":{"rendered":"https:\/\/www.24gliwice.pl\/wiadomosci\/?p=193821"},"modified":"2022-06-03T14:38:30","modified_gmt":"2022-06-03T12:38:30","slug":"ukraina-soroczka-i-kiszone-arbuzy-spotkanie-autorskie-z-katarzyna-loza-w-stacji-artystycznej-rynek","status":"publish","type":"post","link":"https:\/\/www.24gliwice.pl\/wiadomosci\/ukraina-soroczka-i-kiszone-arbuzy-spotkanie-autorskie-z-katarzyna-loza-w-stacji-artystycznej-rynek\/","title":{"rendered":"Ukraina. Soroczka i kiszone arbuzy. Spotkanie autorskie z Katarzyn\u0105 \u0141oz\u0105 w Stacji Artystycznej Rynek"},"content":{"rendered":"<div class=\"gliwi-a6-nad-leadem-artykulow gliwi-entity-placement\" id=\"gliwi-143812853\"><div class=\"gliwi-adlabel\"><span style=\"font-size: 9px\">REKLAMA<\/span><\/div><div id=\"gliwi-1712871310\" style=\"margin-bottom: 30px;margin-left: auto;margin-right: auto;text-align: center;\"><a data-no-instant=\"1\" href=\"https:\/\/przedszkole.halogen.org.pl\/\" rel=\"noopener\" class=\"a2t-link\" target=\"_blank\" aria-label=\"20260402-ANIMATOR-przedszkole_grafika_750x200\"><img loading=\"lazy\" decoding=\"async\" src=\"https:\/\/www.24gliwice.pl\/wiadomosci\/wp-content\/uploads\/2026\/04\/20260402-ANIMATOR-przedszkole_grafika_750x200.webp\" alt=\"\"  srcset=\"https:\/\/www.24gliwice.pl\/wiadomosci\/wp-content\/uploads\/2026\/04\/20260402-ANIMATOR-przedszkole_grafika_750x200.webp 750w, https:\/\/www.24gliwice.pl\/wiadomosci\/wp-content\/uploads\/2026\/04\/20260402-ANIMATOR-przedszkole_grafika_750x200-410x109.webp 410w\" sizes=\"(max-width: 750px) 100vw, 750px\" class=\"no-lazyload\" width=\"750\" height=\"200\"  style=\"display: inline-block; max-width: 100%; height: auto;\" \/><\/a><\/div><\/div><h2>W Stacji Artystycznej Rynek go\u015bci\u0107 b\u0119dzie Katarzyna \u0141oza &#8211; warszawianka mieszkaj\u0105ca od 18 lat we Lwowie, wieloletnia przewodniczka i autorka ksi\u0105\u017cki \u201eUkraina. Soroczka i kiszone arbuzy\u201d.<\/h2>\n<p>&nbsp;<br \/>\nSpotkanie autorskie zaplanowano w niedziel\u0119, 5 czerwca, rozpocz\u0119cie o godzinie 16.30 (SAR, Rynek 4-5). Podczas wydarzenia autorka opowie o pe\u0142nej kontrast\u00f3w Ukrainie, o miejscach pe\u0142nych turyst\u00f3w i o miastach, o kt\u00f3rych nikt nie m\u00f3wi, o bogatej kuchni i pustych portfelach. <\/p>\n<p><a href=\"https:\/\/www.24gliwice.pl\/wiadomosci\/wp-content\/uploads\/2022\/06\/spotkanie-w-SAR-banner.jpg\"><img loading=\"lazy\" decoding=\"async\" src=\"https:\/\/www.24gliwice.pl\/wiadomosci\/wp-content\/uploads\/2022\/06\/spotkanie-w-SAR-banner.jpg\" alt=\"\" width=\"810\" height=\"384\" class=\"alignnone size-full wp-image-193833\" srcset=\"https:\/\/www.24gliwice.pl\/wiadomosci\/wp-content\/uploads\/2022\/06\/spotkanie-w-SAR-banner.jpg 810w, https:\/\/www.24gliwice.pl\/wiadomosci\/wp-content\/uploads\/2022\/06\/spotkanie-w-SAR-banner-410x194.jpg 410w, https:\/\/www.24gliwice.pl\/wiadomosci\/wp-content\/uploads\/2022\/06\/spotkanie-w-SAR-banner-768x364.jpg 768w\" sizes=\"auto, (max-width: 810px) 100vw, 810px\" \/><\/a><\/p>\n<p>&#8211; <em>Serdecznie zapraszamy na opowie\u015b\u0107 o s\u0142odko-gorzkiej podr\u00f3\u017cy po kraju, gdzie jednocze\u015bnie chodzi si\u0119 do cerkwi i wr\u00f3\u017cki, w szafie obok tradycyjnej soroczki wisi futro, a smak sa\u0142atki warzywnej miesza si\u0119 z kawiorem i kiszonym arbuzem<\/em> &#8211; informuj\u0105 organizatorzy. <\/p><div class=\"gliwi-a3-w-tresci-artykulow gliwi-entity-placement\" id=\"gliwi-3576337950\"><div class=\"gliwi-adlabel\"><span style=\"font-size: 9px\">REKLAMA<\/span><\/div><div id=\"gliwi-1465430798\" style=\"margin-bottom: 30px;margin-left: auto;margin-right: auto;text-align: center;\"><a data-no-instant=\"1\" href=\"https:\/\/zlobek.halogen.org.pl\/\" rel=\"noopener\" class=\"a2t-link\" target=\"_blank\" aria-label=\"animator-zlobek_750x200\"><img loading=\"lazy\" decoding=\"async\" src=\"https:\/\/www.24gliwice.pl\/wiadomosci\/wp-content\/uploads\/2026\/02\/animator-zlobek_750x200.webp\" alt=\"\"  srcset=\"https:\/\/www.24gliwice.pl\/wiadomosci\/wp-content\/uploads\/2026\/02\/animator-zlobek_750x200.webp 750w, https:\/\/www.24gliwice.pl\/wiadomosci\/wp-content\/uploads\/2026\/02\/animator-zlobek_750x200-410x109.webp 410w\" sizes=\"(max-width: 750px) 100vw, 750px\" class=\"no-lazyload\" width=\"750\" height=\"200\"  style=\"display: inline-block; max-width: 100%; height: auto;\" \/><\/a><\/div><\/div>\n<p>Spotkanie poprowadzi <strong>Ma\u0142gorzata Tkacz-Janik<\/strong>. Wst\u0119p wolny.<\/p>\n<p>Wydarzenie w serwisie facebook.com znajdziemy TU. <\/p>\n<p>mat. pras.<br \/>\nfot. zdj. pogl\u0105dowe\/px <\/p>\n<div class=\"gliwi-a5-na-koncu-artykulow gliwi-entity-placement\" id=\"gliwi-2773254693\"><div class=\"gliwi-adlabel\"><span style=\"font-size: 9px\">REKLAMA<\/span><\/div><div id=\"gliwi-2504329924\" style=\"margin-left: auto;margin-right: auto;text-align: center;\"><a data-no-instant=\"1\" href=\"https:\/\/prezeroarenagliwice.pl\/\" rel=\"noopener\" class=\"a2t-link\" target=\"_blank\" aria-label=\"20260309-PREZERO-WIOSNA-D\"><img loading=\"lazy\" decoding=\"async\" src=\"https:\/\/www.24gliwice.pl\/wiadomosci\/wp-content\/uploads\/2026\/03\/20260309-PREZERO-WIOSNA-D.webp\" alt=\"\"  srcset=\"https:\/\/www.24gliwice.pl\/wiadomosci\/wp-content\/uploads\/2026\/03\/20260309-PREZERO-WIOSNA-D.webp 750w, https:\/\/www.24gliwice.pl\/wiadomosci\/wp-content\/uploads\/2026\/03\/20260309-PREZERO-WIOSNA-D-410x109.webp 410w\" sizes=\"(max-width: 750px) 100vw, 750px\" class=\"no-lazyload\" width=\"750\" height=\"200\"  style=\"display: inline-block; max-width: 100%; height: auto;\" \/><\/a><\/div><\/div>","protected":false},"excerpt":{"rendered":"<p>W Stacji Artystycznej Rynek go\u015bci\u0107 b\u0119dzie Katarzyna \u0141oza &#8211; warszawianka mieszkaj\u0105ca od 18 lat we Lwowie, wieloletnia przewodniczka i autorka ksi\u0105\u017cki \u201eUkraina. Soroczka i kiszone arbuzy\u201d. &nbsp; Spotkanie autorskie zaplanowano w niedziel\u0119, 5 czerwca, rozpocz\u0119cie o godzinie 16.30 (SAR, Rynek 4-5). Podczas wydarzenia autorka opowie o pe\u0142nej kontrast\u00f3w Ukrainie, o miejscach pe\u0142nych turyst\u00f3w i o [&hellip;]<\/p>\n","protected":false},"author":15,"featured_media":193832,"comment_status":"closed","ping_status":"closed","sticky":false,"template":"","format":"standard","meta":{"_monsterinsights_skip_tracking":false,"_monsterinsights_sitenote_active":false,"_monsterinsights_sitenote_note":"","_monsterinsights_sitenote_category":0,"footnotes":"","_links_to":"","_links_to_target":""},"categories":[3,6,1],"tags":[13893,8506],"class_list":["post-193821","post","type-post","status-publish","format-standard","has-post-thumbnail","hentry","category-gliwice","category-kultura","category-wszystko","tag-spotkanie-autorskie","tag-ukraina"],"yoast_head":"<!-- This site is optimized with the Yoast SEO plugin v27.4 - https:\/\/yoast.com\/product\/yoast-seo-wordpress\/ -->\n<title>Ukraina. Soroczka i kiszone arbuzy. Spotkanie autorskie z Katarzyn\u0105 \u0141oz\u0105 w Stacji Artystycznej Rynek - 24GLIWICE - Portal Gliwice | codziennie nowe informacje<\/title>\n<meta name=\"description\" content=\"W Stacji Artystycznej Rynek w najbli\u017csz\u0105 niedziel\u0119 zaplanowano spotkanie autorskie z Katarzyn\u0105 \u0141oz\u0105, warszawiank\u0105 mieszkaj\u0105c\u0105 we Lwowie\" \/>\n<meta name=\"robots\" content=\"index, follow, max-snippet:-1, max-image-preview:large, max-video-preview:-1\" \/>\n<link rel=\"canonical\" href=\"https:\/\/www.24gliwice.pl\/wiadomosci\/ukraina-soroczka-i-kiszone-arbuzy-spotkanie-autorskie-z-katarzyna-loza-w-stacji-artystycznej-rynek\/\" \/>\n<meta property=\"og:locale\" content=\"pl_PL\" \/>\n<meta property=\"og:type\" content=\"article\" \/>\n<meta property=\"og:title\" content=\"Ukraina. Soroczka i kiszone arbuzy. Spotkanie autorskie z Katarzyn\u0105 \u0141oz\u0105 w Stacji Artystycznej Rynek - 24GLIWICE - Portal Gliwice | codziennie nowe informacje\" \/>\n<meta property=\"og:description\" content=\"W Stacji Artystycznej Rynek w najbli\u017csz\u0105 niedziel\u0119 zaplanowano spotkanie autorskie z Katarzyn\u0105 \u0141oz\u0105, warszawiank\u0105 mieszkaj\u0105c\u0105 we Lwowie\" \/>\n<meta property=\"og:url\" content=\"https:\/\/www.24gliwice.pl\/wiadomosci\/ukraina-soroczka-i-kiszone-arbuzy-spotkanie-autorskie-z-katarzyna-loza-w-stacji-artystycznej-rynek\/\" \/>\n<meta property=\"og:site_name\" content=\"24GLIWICE - Portal Gliwice | codziennie nowe informacje\" \/>\n<meta property=\"article:publisher\" content=\"https:\/\/www.facebook.com\/24gliwice\" \/>\n<meta property=\"article:published_time\" content=\"2022-06-03T12:38:30+00:00\" \/>\n<meta property=\"og:image\" content=\"https:\/\/www.24gliwice.pl\/wiadomosci\/wp-content\/uploads\/2022\/06\/lwow.jpg\" \/>\n\t<meta property=\"og:image:width\" content=\"810\" \/>\n\t<meta property=\"og:image:height\" content=\"456\" \/>\n\t<meta property=\"og:image:type\" content=\"image\/jpeg\" \/>\n<meta name=\"author\" content=\"\u017baneta Mrozek-Siewierska\" \/>\n<meta name=\"twitter:card\" content=\"summary_large_image\" \/>\n<meta name=\"twitter:creator\" content=\"@24gliwice\" \/>\n<meta name=\"twitter:site\" content=\"@24gliwice\" \/>\n<meta name=\"twitter:label1\" content=\"Napisane przez\" \/>\n\t<meta name=\"twitter:data1\" content=\"\u017baneta Mrozek-Siewierska\" \/>\n\t<meta name=\"twitter:label2\" content=\"Szacowany czas czytania\" \/>\n\t<meta name=\"twitter:data2\" content=\"1 minuta\" \/>\n<script type=\"application\/ld+json\" class=\"yoast-schema-graph\">{\"@context\":\"https:\\\/\\\/schema.org\",\"@graph\":[{\"@type\":\"Article\",\"@id\":\"https:\\\/\\\/www.24gliwice.pl\\\/wiadomosci\\\/ukraina-soroczka-i-kiszone-arbuzy-spotkanie-autorskie-z-katarzyna-loza-w-stacji-artystycznej-rynek\\\/#article\",\"isPartOf\":{\"@id\":\"https:\\\/\\\/www.24gliwice.pl\\\/wiadomosci\\\/ukraina-soroczka-i-kiszone-arbuzy-spotkanie-autorskie-z-katarzyna-loza-w-stacji-artystycznej-rynek\\\/\"},\"author\":{\"name\":\"\u017baneta Mrozek-Siewierska\",\"@id\":\"https:\\\/\\\/www.24gliwice.pl\\\/wiadomosci\\\/#\\\/schema\\\/person\\\/e42c650edd7f2fa332be3811fb166b6e\"},\"headline\":\"Ukraina. Soroczka i kiszone arbuzy. Spotkanie autorskie z Katarzyn\u0105 \u0141oz\u0105 w Stacji Artystycznej Rynek\",\"datePublished\":\"2022-06-03T12:38:30+00:00\",\"mainEntityOfPage\":{\"@id\":\"https:\\\/\\\/www.24gliwice.pl\\\/wiadomosci\\\/ukraina-soroczka-i-kiszone-arbuzy-spotkanie-autorskie-z-katarzyna-loza-w-stacji-artystycznej-rynek\\\/\"},\"wordCount\":155,\"publisher\":{\"@id\":\"https:\\\/\\\/www.24gliwice.pl\\\/wiadomosci\\\/#organization\"},\"image\":{\"@id\":\"https:\\\/\\\/www.24gliwice.pl\\\/wiadomosci\\\/ukraina-soroczka-i-kiszone-arbuzy-spotkanie-autorskie-z-katarzyna-loza-w-stacji-artystycznej-rynek\\\/#primaryimage\"},\"thumbnailUrl\":\"https:\\\/\\\/www.24gliwice.pl\\\/wiadomosci\\\/wp-content\\\/uploads\\\/2022\\\/06\\\/lwow.jpg\",\"keywords\":[\"SPOTKANIE AUTORSKIE\",\"ukraina\"],\"articleSection\":[\"Gliwice\",\"Kultura, wydarzenia, imprezy\",\"Najnowsze wiadomo\u015bci\"],\"inLanguage\":\"pl-PL\"},{\"@type\":\"WebPage\",\"@id\":\"https:\\\/\\\/www.24gliwice.pl\\\/wiadomosci\\\/ukraina-soroczka-i-kiszone-arbuzy-spotkanie-autorskie-z-katarzyna-loza-w-stacji-artystycznej-rynek\\\/\",\"url\":\"https:\\\/\\\/www.24gliwice.pl\\\/wiadomosci\\\/ukraina-soroczka-i-kiszone-arbuzy-spotkanie-autorskie-z-katarzyna-loza-w-stacji-artystycznej-rynek\\\/\",\"name\":\"Ukraina. Soroczka i kiszone arbuzy. Spotkanie autorskie z Katarzyn\u0105 \u0141oz\u0105 w Stacji Artystycznej Rynek - 24GLIWICE - Portal Gliwice | codziennie nowe informacje\",\"isPartOf\":{\"@id\":\"https:\\\/\\\/www.24gliwice.pl\\\/wiadomosci\\\/#website\"},\"primaryImageOfPage\":{\"@id\":\"https:\\\/\\\/www.24gliwice.pl\\\/wiadomosci\\\/ukraina-soroczka-i-kiszone-arbuzy-spotkanie-autorskie-z-katarzyna-loza-w-stacji-artystycznej-rynek\\\/#primaryimage\"},\"image\":{\"@id\":\"https:\\\/\\\/www.24gliwice.pl\\\/wiadomosci\\\/ukraina-soroczka-i-kiszone-arbuzy-spotkanie-autorskie-z-katarzyna-loza-w-stacji-artystycznej-rynek\\\/#primaryimage\"},\"thumbnailUrl\":\"https:\\\/\\\/www.24gliwice.pl\\\/wiadomosci\\\/wp-content\\\/uploads\\\/2022\\\/06\\\/lwow.jpg\",\"datePublished\":\"2022-06-03T12:38:30+00:00\",\"description\":\"W Stacji Artystycznej Rynek w najbli\u017csz\u0105 niedziel\u0119 zaplanowano spotkanie autorskie z Katarzyn\u0105 \u0141oz\u0105, warszawiank\u0105 mieszkaj\u0105c\u0105 we Lwowie\",\"breadcrumb\":{\"@id\":\"https:\\\/\\\/www.24gliwice.pl\\\/wiadomosci\\\/ukraina-soroczka-i-kiszone-arbuzy-spotkanie-autorskie-z-katarzyna-loza-w-stacji-artystycznej-rynek\\\/#breadcrumb\"},\"inLanguage\":\"pl-PL\",\"potentialAction\":[{\"@type\":\"ReadAction\",\"target\":[\"https:\\\/\\\/www.24gliwice.pl\\\/wiadomosci\\\/ukraina-soroczka-i-kiszone-arbuzy-spotkanie-autorskie-z-katarzyna-loza-w-stacji-artystycznej-rynek\\\/\"]}]},{\"@type\":\"ImageObject\",\"inLanguage\":\"pl-PL\",\"@id\":\"https:\\\/\\\/www.24gliwice.pl\\\/wiadomosci\\\/ukraina-soroczka-i-kiszone-arbuzy-spotkanie-autorskie-z-katarzyna-loza-w-stacji-artystycznej-rynek\\\/#primaryimage\",\"url\":\"https:\\\/\\\/www.24gliwice.pl\\\/wiadomosci\\\/wp-content\\\/uploads\\\/2022\\\/06\\\/lwow.jpg\",\"contentUrl\":\"https:\\\/\\\/www.24gliwice.pl\\\/wiadomosci\\\/wp-content\\\/uploads\\\/2022\\\/06\\\/lwow.jpg\",\"width\":810,\"height\":456},{\"@type\":\"BreadcrumbList\",\"@id\":\"https:\\\/\\\/www.24gliwice.pl\\\/wiadomosci\\\/ukraina-soroczka-i-kiszone-arbuzy-spotkanie-autorskie-z-katarzyna-loza-w-stacji-artystycznej-rynek\\\/#breadcrumb\",\"itemListElement\":[{\"@type\":\"ListItem\",\"position\":1,\"name\":\"Strona g\u0142\u00f3wna\",\"item\":\"https:\\\/\\\/www.24gliwice.pl\\\/wiadomosci\\\/\"},{\"@type\":\"ListItem\",\"position\":2,\"name\":\"Ukraina. Soroczka i kiszone arbuzy. Spotkanie autorskie z Katarzyn\u0105 \u0141oz\u0105 w Stacji Artystycznej Rynek\"}]},{\"@type\":\"WebSite\",\"@id\":\"https:\\\/\\\/www.24gliwice.pl\\\/wiadomosci\\\/#website\",\"url\":\"https:\\\/\\\/www.24gliwice.pl\\\/wiadomosci\\\/\",\"name\":\"24GLIWICE - Portal Gliwice | codziennie nowe wiadomo\u015bci\",\"description\":\"Portal Miejski Gliwice\",\"publisher\":{\"@id\":\"https:\\\/\\\/www.24gliwice.pl\\\/wiadomosci\\\/#organization\"},\"potentialAction\":[{\"@type\":\"SearchAction\",\"target\":{\"@type\":\"EntryPoint\",\"urlTemplate\":\"https:\\\/\\\/www.24gliwice.pl\\\/wiadomosci\\\/?s={search_term_string}\"},\"query-input\":{\"@type\":\"PropertyValueSpecification\",\"valueRequired\":true,\"valueName\":\"search_term_string\"}}],\"inLanguage\":\"pl-PL\"},{\"@type\":\"Organization\",\"@id\":\"https:\\\/\\\/www.24gliwice.pl\\\/wiadomosci\\\/#organization\",\"name\":\"24gliwice\",\"url\":\"https:\\\/\\\/www.24gliwice.pl\\\/wiadomosci\\\/\",\"logo\":{\"@type\":\"ImageObject\",\"inLanguage\":\"pl-PL\",\"@id\":\"https:\\\/\\\/www.24gliwice.pl\\\/wiadomosci\\\/#\\\/schema\\\/logo\\\/image\\\/\",\"url\":\"https:\\\/\\\/www.24gliwice.pl\\\/wiadomosci\\\/wp-content\\\/uploads\\\/2024\\\/10\\\/24gliwice-logo-696.jpg\",\"contentUrl\":\"https:\\\/\\\/www.24gliwice.pl\\\/wiadomosci\\\/wp-content\\\/uploads\\\/2024\\\/10\\\/24gliwice-logo-696.jpg\",\"width\":696,\"height\":696,\"caption\":\"24gliwice\"},\"image\":{\"@id\":\"https:\\\/\\\/www.24gliwice.pl\\\/wiadomosci\\\/#\\\/schema\\\/logo\\\/image\\\/\"},\"sameAs\":[\"https:\\\/\\\/www.facebook.com\\\/24gliwice\",\"https:\\\/\\\/x.com\\\/24gliwice\",\"https:\\\/\\\/www.youtube.com\\\/@24gliwice\"]},{\"@type\":\"Person\",\"@id\":\"https:\\\/\\\/www.24gliwice.pl\\\/wiadomosci\\\/#\\\/schema\\\/person\\\/e42c650edd7f2fa332be3811fb166b6e\",\"name\":\"\u017baneta Mrozek-Siewierska\",\"image\":{\"@type\":\"ImageObject\",\"inLanguage\":\"pl-PL\",\"@id\":\"https:\\\/\\\/www.24gliwice.pl\\\/wiadomosci\\\/wp-content\\\/uploads\\\/2021\\\/11\\\/Zaneta-M_S-zdjecie-czb-96x96.jpg\",\"url\":\"https:\\\/\\\/www.24gliwice.pl\\\/wiadomosci\\\/wp-content\\\/uploads\\\/2021\\\/11\\\/Zaneta-M_S-zdjecie-czb-96x96.jpg\",\"contentUrl\":\"https:\\\/\\\/www.24gliwice.pl\\\/wiadomosci\\\/wp-content\\\/uploads\\\/2021\\\/11\\\/Zaneta-M_S-zdjecie-czb-96x96.jpg\",\"caption\":\"\u017baneta Mrozek-Siewierska\"},\"url\":\"https:\\\/\\\/www.24gliwice.pl\\\/wiadomosci\\\/author\\\/zms\\\/\"}]}<\/script>\n<!-- \/ Yoast SEO plugin. -->","yoast_head_json":{"title":"Ukraina. Soroczka i kiszone arbuzy. Spotkanie autorskie z Katarzyn\u0105 \u0141oz\u0105 w Stacji Artystycznej Rynek - 24GLIWICE - Portal Gliwice | codziennie nowe informacje","description":"W Stacji Artystycznej Rynek w najbli\u017csz\u0105 niedziel\u0119 zaplanowano spotkanie autorskie z Katarzyn\u0105 \u0141oz\u0105, warszawiank\u0105 mieszkaj\u0105c\u0105 we Lwowie","robots":{"index":"index","follow":"follow","max-snippet":"max-snippet:-1","max-image-preview":"max-image-preview:large","max-video-preview":"max-video-preview:-1"},"canonical":"https:\/\/www.24gliwice.pl\/wiadomosci\/ukraina-soroczka-i-kiszone-arbuzy-spotkanie-autorskie-z-katarzyna-loza-w-stacji-artystycznej-rynek\/","og_locale":"pl_PL","og_type":"article","og_title":"Ukraina. Soroczka i kiszone arbuzy. Spotkanie autorskie z Katarzyn\u0105 \u0141oz\u0105 w Stacji Artystycznej Rynek - 24GLIWICE - Portal Gliwice | codziennie nowe informacje","og_description":"W Stacji Artystycznej Rynek w najbli\u017csz\u0105 niedziel\u0119 zaplanowano spotkanie autorskie z Katarzyn\u0105 \u0141oz\u0105, warszawiank\u0105 mieszkaj\u0105c\u0105 we Lwowie","og_url":"https:\/\/www.24gliwice.pl\/wiadomosci\/ukraina-soroczka-i-kiszone-arbuzy-spotkanie-autorskie-z-katarzyna-loza-w-stacji-artystycznej-rynek\/","og_site_name":"24GLIWICE - Portal Gliwice | codziennie nowe informacje","article_publisher":"https:\/\/www.facebook.com\/24gliwice","article_published_time":"2022-06-03T12:38:30+00:00","og_image":[{"width":810,"height":456,"url":"https:\/\/www.24gliwice.pl\/wiadomosci\/wp-content\/uploads\/2022\/06\/lwow.jpg","type":"image\/jpeg"}],"author":"\u017baneta Mrozek-Siewierska","twitter_card":"summary_large_image","twitter_creator":"@24gliwice","twitter_site":"@24gliwice","twitter_misc":{"Napisane przez":"\u017baneta Mrozek-Siewierska","Szacowany czas czytania":"1 minuta"},"schema":{"@context":"https:\/\/schema.org","@graph":[{"@type":"Article","@id":"https:\/\/www.24gliwice.pl\/wiadomosci\/ukraina-soroczka-i-kiszone-arbuzy-spotkanie-autorskie-z-katarzyna-loza-w-stacji-artystycznej-rynek\/#article","isPartOf":{"@id":"https:\/\/www.24gliwice.pl\/wiadomosci\/ukraina-soroczka-i-kiszone-arbuzy-spotkanie-autorskie-z-katarzyna-loza-w-stacji-artystycznej-rynek\/"},"author":{"name":"\u017baneta Mrozek-Siewierska","@id":"https:\/\/www.24gliwice.pl\/wiadomosci\/#\/schema\/person\/e42c650edd7f2fa332be3811fb166b6e"},"headline":"Ukraina. Soroczka i kiszone arbuzy. Spotkanie autorskie z Katarzyn\u0105 \u0141oz\u0105 w Stacji Artystycznej Rynek","datePublished":"2022-06-03T12:38:30+00:00","mainEntityOfPage":{"@id":"https:\/\/www.24gliwice.pl\/wiadomosci\/ukraina-soroczka-i-kiszone-arbuzy-spotkanie-autorskie-z-katarzyna-loza-w-stacji-artystycznej-rynek\/"},"wordCount":155,"publisher":{"@id":"https:\/\/www.24gliwice.pl\/wiadomosci\/#organization"},"image":{"@id":"https:\/\/www.24gliwice.pl\/wiadomosci\/ukraina-soroczka-i-kiszone-arbuzy-spotkanie-autorskie-z-katarzyna-loza-w-stacji-artystycznej-rynek\/#primaryimage"},"thumbnailUrl":"https:\/\/www.24gliwice.pl\/wiadomosci\/wp-content\/uploads\/2022\/06\/lwow.jpg","keywords":["SPOTKANIE AUTORSKIE","ukraina"],"articleSection":["Gliwice","Kultura, wydarzenia, imprezy","Najnowsze wiadomo\u015bci"],"inLanguage":"pl-PL"},{"@type":"WebPage","@id":"https:\/\/www.24gliwice.pl\/wiadomosci\/ukraina-soroczka-i-kiszone-arbuzy-spotkanie-autorskie-z-katarzyna-loza-w-stacji-artystycznej-rynek\/","url":"https:\/\/www.24gliwice.pl\/wiadomosci\/ukraina-soroczka-i-kiszone-arbuzy-spotkanie-autorskie-z-katarzyna-loza-w-stacji-artystycznej-rynek\/","name":"Ukraina. Soroczka i kiszone arbuzy. Spotkanie autorskie z Katarzyn\u0105 \u0141oz\u0105 w Stacji Artystycznej Rynek - 24GLIWICE - Portal Gliwice | codziennie nowe informacje","isPartOf":{"@id":"https:\/\/www.24gliwice.pl\/wiadomosci\/#website"},"primaryImageOfPage":{"@id":"https:\/\/www.24gliwice.pl\/wiadomosci\/ukraina-soroczka-i-kiszone-arbuzy-spotkanie-autorskie-z-katarzyna-loza-w-stacji-artystycznej-rynek\/#primaryimage"},"image":{"@id":"https:\/\/www.24gliwice.pl\/wiadomosci\/ukraina-soroczka-i-kiszone-arbuzy-spotkanie-autorskie-z-katarzyna-loza-w-stacji-artystycznej-rynek\/#primaryimage"},"thumbnailUrl":"https:\/\/www.24gliwice.pl\/wiadomosci\/wp-content\/uploads\/2022\/06\/lwow.jpg","datePublished":"2022-06-03T12:38:30+00:00","description":"W Stacji Artystycznej Rynek w najbli\u017csz\u0105 niedziel\u0119 zaplanowano spotkanie autorskie z Katarzyn\u0105 \u0141oz\u0105, warszawiank\u0105 mieszkaj\u0105c\u0105 we Lwowie","breadcrumb":{"@id":"https:\/\/www.24gliwice.pl\/wiadomosci\/ukraina-soroczka-i-kiszone-arbuzy-spotkanie-autorskie-z-katarzyna-loza-w-stacji-artystycznej-rynek\/#breadcrumb"},"inLanguage":"pl-PL","potentialAction":[{"@type":"ReadAction","target":["https:\/\/www.24gliwice.pl\/wiadomosci\/ukraina-soroczka-i-kiszone-arbuzy-spotkanie-autorskie-z-katarzyna-loza-w-stacji-artystycznej-rynek\/"]}]},{"@type":"ImageObject","inLanguage":"pl-PL","@id":"https:\/\/www.24gliwice.pl\/wiadomosci\/ukraina-soroczka-i-kiszone-arbuzy-spotkanie-autorskie-z-katarzyna-loza-w-stacji-artystycznej-rynek\/#primaryimage","url":"https:\/\/www.24gliwice.pl\/wiadomosci\/wp-content\/uploads\/2022\/06\/lwow.jpg","contentUrl":"https:\/\/www.24gliwice.pl\/wiadomosci\/wp-content\/uploads\/2022\/06\/lwow.jpg","width":810,"height":456},{"@type":"BreadcrumbList","@id":"https:\/\/www.24gliwice.pl\/wiadomosci\/ukraina-soroczka-i-kiszone-arbuzy-spotkanie-autorskie-z-katarzyna-loza-w-stacji-artystycznej-rynek\/#breadcrumb","itemListElement":[{"@type":"ListItem","position":1,"name":"Strona g\u0142\u00f3wna","item":"https:\/\/www.24gliwice.pl\/wiadomosci\/"},{"@type":"ListItem","position":2,"name":"Ukraina. Soroczka i kiszone arbuzy. Spotkanie autorskie z Katarzyn\u0105 \u0141oz\u0105 w Stacji Artystycznej Rynek"}]},{"@type":"WebSite","@id":"https:\/\/www.24gliwice.pl\/wiadomosci\/#website","url":"https:\/\/www.24gliwice.pl\/wiadomosci\/","name":"24GLIWICE - Portal Gliwice | codziennie nowe wiadomo\u015bci","description":"Portal Miejski Gliwice","publisher":{"@id":"https:\/\/www.24gliwice.pl\/wiadomosci\/#organization"},"potentialAction":[{"@type":"SearchAction","target":{"@type":"EntryPoint","urlTemplate":"https:\/\/www.24gliwice.pl\/wiadomosci\/?s={search_term_string}"},"query-input":{"@type":"PropertyValueSpecification","valueRequired":true,"valueName":"search_term_string"}}],"inLanguage":"pl-PL"},{"@type":"Organization","@id":"https:\/\/www.24gliwice.pl\/wiadomosci\/#organization","name":"24gliwice","url":"https:\/\/www.24gliwice.pl\/wiadomosci\/","logo":{"@type":"ImageObject","inLanguage":"pl-PL","@id":"https:\/\/www.24gliwice.pl\/wiadomosci\/#\/schema\/logo\/image\/","url":"https:\/\/www.24gliwice.pl\/wiadomosci\/wp-content\/uploads\/2024\/10\/24gliwice-logo-696.jpg","contentUrl":"https:\/\/www.24gliwice.pl\/wiadomosci\/wp-content\/uploads\/2024\/10\/24gliwice-logo-696.jpg","width":696,"height":696,"caption":"24gliwice"},"image":{"@id":"https:\/\/www.24gliwice.pl\/wiadomosci\/#\/schema\/logo\/image\/"},"sameAs":["https:\/\/www.facebook.com\/24gliwice","https:\/\/x.com\/24gliwice","https:\/\/www.youtube.com\/@24gliwice"]},{"@type":"Person","@id":"https:\/\/www.24gliwice.pl\/wiadomosci\/#\/schema\/person\/e42c650edd7f2fa332be3811fb166b6e","name":"\u017baneta Mrozek-Siewierska","image":{"@type":"ImageObject","inLanguage":"pl-PL","@id":"https:\/\/www.24gliwice.pl\/wiadomosci\/wp-content\/uploads\/2021\/11\/Zaneta-M_S-zdjecie-czb-96x96.jpg","url":"https:\/\/www.24gliwice.pl\/wiadomosci\/wp-content\/uploads\/2021\/11\/Zaneta-M_S-zdjecie-czb-96x96.jpg","contentUrl":"https:\/\/www.24gliwice.pl\/wiadomosci\/wp-content\/uploads\/2021\/11\/Zaneta-M_S-zdjecie-czb-96x96.jpg","caption":"\u017baneta Mrozek-Siewierska"},"url":"https:\/\/www.24gliwice.pl\/wiadomosci\/author\/zms\/"}]}},"_links":{"self":[{"href":"https:\/\/www.24gliwice.pl\/wiadomosci\/wp-json\/wp\/v2\/posts\/193821","targetHints":{"allow":["GET"]}}],"collection":[{"href":"https:\/\/www.24gliwice.pl\/wiadomosci\/wp-json\/wp\/v2\/posts"}],"about":[{"href":"https:\/\/www.24gliwice.pl\/wiadomosci\/wp-json\/wp\/v2\/types\/post"}],"author":[{"embeddable":true,"href":"https:\/\/www.24gliwice.pl\/wiadomosci\/wp-json\/wp\/v2\/users\/15"}],"replies":[{"embeddable":true,"href":"https:\/\/www.24gliwice.pl\/wiadomosci\/wp-json\/wp\/v2\/comments?post=193821"}],"version-history":[{"count":5,"href":"https:\/\/www.24gliwice.pl\/wiadomosci\/wp-json\/wp\/v2\/posts\/193821\/revisions"}],"predecessor-version":[{"id":193839,"href":"https:\/\/www.24gliwice.pl\/wiadomosci\/wp-json\/wp\/v2\/posts\/193821\/revisions\/193839"}],"wp:featuredmedia":[{"embeddable":true,"href":"https:\/\/www.24gliwice.pl\/wiadomosci\/wp-json\/wp\/v2\/media\/193832"}],"wp:attachment":[{"href":"https:\/\/www.24gliwice.pl\/wiadomosci\/wp-json\/wp\/v2\/media?parent=193821"}],"wp:term":[{"taxonomy":"category","embeddable":true,"href":"https:\/\/www.24gliwice.pl\/wiadomosci\/wp-json\/wp\/v2\/categories?post=193821"},{"taxonomy":"post_tag","embeddable":true,"href":"https:\/\/www.24gliwice.pl\/wiadomosci\/wp-json\/wp\/v2\/tags?post=193821"}],"curies":[{"name":"wp","href":"https:\/\/api.w.org\/{rel}","templated":true}]}}