{"id":193927,"date":"2022-06-06T15:09:12","date_gmt":"2022-06-06T13:09:12","guid":{"rendered":"https:\/\/www.24gliwice.pl\/wiadomosci\/?p=193927"},"modified":"2022-06-06T15:09:12","modified_gmt":"2022-06-06T13:09:12","slug":"zamkniecie-tunelu-o-tej-porze-zakorkowaloby-gliwice-zdm-zmienia-godzine-przerwy-technologicznej","status":"publish","type":"post","link":"https:\/\/www.24gliwice.pl\/wiadomosci\/zamkniecie-tunelu-o-tej-porze-zakorkowaloby-gliwice-zdm-zmienia-godzine-przerwy-technologicznej\/","title":{"rendered":"Zamkni\u0119cie tunelu o tej porze zakorkowa\u0142oby Gliwice. ZDM zmienia godzin\u0119 przerwy technologicznej"},"content":{"rendered":"<div class=\"gliwi-a6-nad-leadem-artykulow gliwi-entity-placement\" id=\"gliwi-792269466\"><div class=\"gliwi-adlabel\"><span style=\"font-size: 9px\">REKLAMA<\/span><\/div><div id=\"gliwi-1746078430\" style=\"margin-bottom: 30px;margin-left: auto;margin-right: auto;text-align: center;\"><a data-no-instant=\"1\" href=\"https:\/\/przedszkole.halogen.org.pl\/\" rel=\"noopener\" class=\"a2t-link\" target=\"_blank\" aria-label=\"20260402-ANIMATOR-przedszkole_grafika_750x200\"><img loading=\"lazy\" decoding=\"async\" src=\"https:\/\/www.24gliwice.pl\/wiadomosci\/wp-content\/uploads\/2026\/04\/20260402-ANIMATOR-przedszkole_grafika_750x200.webp\" alt=\"\"  srcset=\"https:\/\/www.24gliwice.pl\/wiadomosci\/wp-content\/uploads\/2026\/04\/20260402-ANIMATOR-przedszkole_grafika_750x200.webp 750w, https:\/\/www.24gliwice.pl\/wiadomosci\/wp-content\/uploads\/2026\/04\/20260402-ANIMATOR-przedszkole_grafika_750x200-410x109.webp 410w\" sizes=\"(max-width: 750px) 100vw, 750px\" class=\"no-lazyload\" width=\"750\" height=\"200\"  style=\"display: inline-block; max-width: 100%; height: auto;\" \/><\/a><\/div><\/div><h2>W Arenie Gliwice odb\u0119dzie si\u0119 koncert Andre Rieu. Operator obiektu informuje, \u017ce wszystkie miejsca parkingowe na terenach przynale\u017cnych do hali zosta\u0142y wyprzedane. ZDM zmienia godzin\u0119 przerwy technologicznej w tunelu DT\u015a by umo\u017cliwi\u0107 uczestnikom wydarzenia wyjazd z naszego miasta.<\/h2>\n<p>&nbsp;<br \/>\n<strong>Andr\u00e9 Rieu<\/strong> to holenderski skrzypek, kompozytor i dyrygent, kt\u00f3ry z towarzystwem Orkiestry Johanna Straussa wyst\u0105pi na scenie Arenie Gliwice w \u015brod\u0119, 8 czerwca, o godzinie 20:00. Muzyk nazywany jest najpopularniejszym nieznanym artyst\u0105, mimo, \u017ce sprzeda\u0142 ju\u017c 40 mln p\u0142yt na ca\u0142ym \u015bwiecie. Wydarzenie z jego udzia\u0142em by\u0142o wielokrotnie przek\u0142adane, najpierw z 18 czerwca 2020 na t\u0105 sam\u0105 dat\u0119 rok p\u00f3\u017aniej, nast\u0119pnie o kolejny rok. Wygl\u0105da na to, \u017ce teraz nareszcie dojdzie do skutku. <\/p>\n<h4>Wszystkie miejsca zaj\u0119te<\/h4>\n<p>Wielu uczestnik\u00f3w koncertu zamierza dotrze\u0107 tam swoim samochodem &#8211; mo\u017cemy wnioskowa\u0107 z informacji o zaj\u0119ciu wszystkich parking\u00f3w Areny przy ul. Akademickiej. Gdzie wi\u0119c zaparkowa\u0107? <\/p><div class=\"gliwi-a3-w-tresci-artykulow gliwi-entity-placement\" id=\"gliwi-1701961222\"><div class=\"gliwi-adlabel\"><span style=\"font-size: 9px\">REKLAMA<\/span><\/div><div id=\"gliwi-1683118546\" style=\"margin-bottom: 30px;margin-left: auto;margin-right: auto;text-align: center;\"><a data-no-instant=\"1\" href=\"https:\/\/ogrodyandersa.pl\/\" rel=\"noopener\" class=\"a2t-link\" target=\"_blank\" aria-label=\"20260415 Ogrody Andersa KUP TERAZ D\"><img loading=\"lazy\" decoding=\"async\" src=\"https:\/\/www.24gliwice.pl\/wiadomosci\/wp-content\/uploads\/2026\/04\/20260415-Ogrody-Andersa-KUP-TERAZ-D.jpg\" alt=\"\"  srcset=\"https:\/\/www.24gliwice.pl\/wiadomosci\/wp-content\/uploads\/2026\/04\/20260415-Ogrody-Andersa-KUP-TERAZ-D.jpg 750w, https:\/\/www.24gliwice.pl\/wiadomosci\/wp-content\/uploads\/2026\/04\/20260415-Ogrody-Andersa-KUP-TERAZ-D-410x109.jpg 410w\" sizes=\"(max-width: 750px) 100vw, 750px\" class=\"no-lazyload\" width=\"750\" height=\"200\"  style=\"display: inline-block; max-width: 100%; height: auto;\" \/><\/a><\/div><\/div>\n<p>&#8211; <em>Je\u015bli przyje\u017cd\u017cacie Pa\u0144stwo swoim samochodem, bardzo prosimy o parkowanie na parkingach alternatywnych w pobli\u017cu obiektu. S\u0105 one zlokalizowane przy ulicach: Kaszubskiej, Krzywoustego, Konarskiego<\/em> &#8211; radzi Operator hali Arena. <\/p>\n<p>Z kolei Zarz\u0105d Dr\u00f3g Miejskich opublikowa\u0142 komunikat o zmianie godziny zamkni\u0119cia tunelu DT\u015a, kt\u00f3rego dokonuje w ka\u017cd\u0105 w \u015brod\u0119, by sprawdzi\u0107 dzia\u0142anie istniej\u0105cych tam system\u00f3w. W tym tygodniu pora ta zostanie przesuni\u0119ta na 23:30 (zwykle obiekt zamykano od 22:30). <\/p>\n<p><a href=\"https:\/\/www.24gliwice.pl\/wiadomosci\/wp-content\/uploads\/2022\/06\/Andre-rieu-parkingi-alternatywne-.png\"><img loading=\"lazy\" decoding=\"async\" src=\"https:\/\/www.24gliwice.pl\/wiadomosci\/wp-content\/uploads\/2022\/06\/Andre-rieu-parkingi-alternatywne-.png\" alt=\"\" width=\"969\" height=\"557\" class=\"alignnone size-full wp-image-193940\" srcset=\"https:\/\/www.24gliwice.pl\/wiadomosci\/wp-content\/uploads\/2022\/06\/Andre-rieu-parkingi-alternatywne-.png 969w, https:\/\/www.24gliwice.pl\/wiadomosci\/wp-content\/uploads\/2022\/06\/Andre-rieu-parkingi-alternatywne--404x232.png 404w, https:\/\/www.24gliwice.pl\/wiadomosci\/wp-content\/uploads\/2022\/06\/Andre-rieu-parkingi-alternatywne--792x455.png 792w, https:\/\/www.24gliwice.pl\/wiadomosci\/wp-content\/uploads\/2022\/06\/Andre-rieu-parkingi-alternatywne--768x441.png 768w, https:\/\/www.24gliwice.pl\/wiadomosci\/wp-content\/uploads\/2022\/06\/Andre-rieu-parkingi-alternatywne--810x466.png 810w\" sizes=\"auto, (max-width: 969px) 100vw, 969px\" \/><\/a><\/p>\n<p>&#8211; Zmiany dotycz\u0105ce zamkni\u0119cia obiektu dostosowane zosta\u0142y do zako\u0144czenia odbywaj\u0105cego si\u0119 tego dnia w hali Arena Gliwice koncertu. W ten spos\u00f3b chcemy u\u0142atwi\u0107 i umo\u017cliwi\u0107 opuszczenie Gliwic uczestnikom wydarzenia. Przejazd tunelem przywr\u00f3cony zostanie nast\u0119pnego dnia oko\u0142o  godziny 5:00 &#8211; poinformowa\u0142a <strong>Jadwiga Jagie\u0142\u0142o-Stiborska<\/strong>, rzeczniczka ZDM Glwice. <\/p>\n<p>Je\u015bli wi\u0119c nie musicie w \u015brodowy wiecz\u00f3r przemieszcza\u0107 si\u0119 w rejonie hali Arena, lepiej unika\u0107 przejazdu okolicznymi drogami. Uci\u0105\u017cliwo\u015bci zwi\u0105zane z powrotem z imprezy nie omin\u0105 jej uczestnik\u00f3w, ale nie musz\u0105 dotyczy\u0107 koniecznie innych mieszka\u0144c\u00f3w Gliwic. <\/p>\n<p>(\u017cms)<br \/>\nfot. Arena Gliwice, ZDM Gliwice<\/p>\n<div class=\"gliwi-a5-na-koncu-artykulow gliwi-entity-placement\" id=\"gliwi-1392931487\"><div class=\"gliwi-adlabel\"><span style=\"font-size: 9px\">REKLAMA<\/span><\/div><div id=\"gliwi-1751561403\" style=\"margin-left: auto;margin-right: auto;text-align: center;\"><a data-no-instant=\"1\" href=\"https:\/\/prezeroarenagliwice.pl\/\" rel=\"noopener\" class=\"a2t-link\" target=\"_blank\" aria-label=\"20260309-PREZERO-WIOSNA-D\"><img loading=\"lazy\" decoding=\"async\" src=\"https:\/\/www.24gliwice.pl\/wiadomosci\/wp-content\/uploads\/2026\/03\/20260309-PREZERO-WIOSNA-D.webp\" alt=\"\"  srcset=\"https:\/\/www.24gliwice.pl\/wiadomosci\/wp-content\/uploads\/2026\/03\/20260309-PREZERO-WIOSNA-D.webp 750w, https:\/\/www.24gliwice.pl\/wiadomosci\/wp-content\/uploads\/2026\/03\/20260309-PREZERO-WIOSNA-D-410x109.webp 410w\" sizes=\"(max-width: 750px) 100vw, 750px\" class=\"no-lazyload\" width=\"750\" height=\"200\"  style=\"display: inline-block; max-width: 100%; height: auto;\" \/><\/a><\/div><\/div>","protected":false},"excerpt":{"rendered":"<p>W Arenie Gliwice odb\u0119dzie si\u0119 koncert Andre Rieu. Operator obiektu informuje, \u017ce wszystkie miejsca parkingowe na terenach przynale\u017cnych do hali zosta\u0142y wyprzedane. ZDM zmienia godzin\u0119 przerwy technologicznej w tunelu DT\u015a by umo\u017cliwi\u0107 uczestnikom wydarzenia wyjazd z naszego miasta. &nbsp; Andr\u00e9 Rieu to holenderski skrzypek, kompozytor i dyrygent, kt\u00f3ry z towarzystwem Orkiestry Johanna Straussa wyst\u0105pi na [&hellip;]<\/p>\n","protected":false},"author":15,"featured_media":193939,"comment_status":"open","ping_status":"closed","sticky":false,"template":"","format":"standard","meta":{"_monsterinsights_skip_tracking":false,"_monsterinsights_sitenote_active":false,"_monsterinsights_sitenote_note":"","_monsterinsights_sitenote_category":0,"footnotes":"","_links_to":"","_links_to_target":""},"categories":[3,1],"tags":[12999],"class_list":["post-193927","post","type-post","status-publish","format-standard","has-post-thumbnail","hentry","category-gliwice","category-wszystko","tag-andre-rieu"],"yoast_head":"<!-- This site is optimized with the Yoast SEO plugin v27.4 - https:\/\/yoast.com\/product\/yoast-seo-wordpress\/ -->\n<title>Zamkni\u0119cie tunelu o tej porze zakorkowa\u0142oby Gliwice. ZDM zmienia godzin\u0119 przerwy technologicznej - 24GLIWICE - Portal Gliwice | codziennie nowe informacje<\/title>\n<meta name=\"description\" content=\"Koncert Andre Rieu w hali Arena Gliwice odb\u0119dzie si\u0119 w najbli\u017csz\u0105 \u015brod\u0119, 8 czerwca. Tego dnia lepiej omija\u0107 obiekt przy ulicy Akademickiej\" \/>\n<meta name=\"robots\" content=\"index, follow, max-snippet:-1, max-image-preview:large, max-video-preview:-1\" \/>\n<link rel=\"canonical\" href=\"https:\/\/www.24gliwice.pl\/wiadomosci\/zamkniecie-tunelu-o-tej-porze-zakorkowaloby-gliwice-zdm-zmienia-godzine-przerwy-technologicznej\/\" \/>\n<meta property=\"og:locale\" content=\"pl_PL\" \/>\n<meta property=\"og:type\" content=\"article\" \/>\n<meta property=\"og:title\" content=\"Zamkni\u0119cie tunelu o tej porze zakorkowa\u0142oby Gliwice. ZDM zmienia godzin\u0119 przerwy technologicznej - 24GLIWICE - Portal Gliwice | codziennie nowe informacje\" \/>\n<meta property=\"og:description\" content=\"Koncert Andre Rieu w hali Arena Gliwice odb\u0119dzie si\u0119 w najbli\u017csz\u0105 \u015brod\u0119, 8 czerwca. Tego dnia lepiej omija\u0107 obiekt przy ulicy Akademickiej\" \/>\n<meta property=\"og:url\" content=\"https:\/\/www.24gliwice.pl\/wiadomosci\/zamkniecie-tunelu-o-tej-porze-zakorkowaloby-gliwice-zdm-zmienia-godzine-przerwy-technologicznej\/\" \/>\n<meta property=\"og:site_name\" content=\"24GLIWICE - Portal Gliwice | codziennie nowe informacje\" \/>\n<meta property=\"article:publisher\" content=\"https:\/\/www.facebook.com\/24gliwice\" \/>\n<meta property=\"article:published_time\" content=\"2022-06-06T13:09:12+00:00\" \/>\n<meta property=\"og:image\" content=\"https:\/\/www.24gliwice.pl\/wiadomosci\/wp-content\/uploads\/2022\/06\/tunel-DTS.jpg\" \/>\n\t<meta property=\"og:image:width\" content=\"810\" \/>\n\t<meta property=\"og:image:height\" content=\"454\" \/>\n\t<meta property=\"og:image:type\" content=\"image\/jpeg\" \/>\n<meta name=\"author\" content=\"\u017baneta Mrozek-Siewierska\" \/>\n<meta name=\"twitter:card\" content=\"summary_large_image\" \/>\n<meta name=\"twitter:creator\" content=\"@24gliwice\" \/>\n<meta name=\"twitter:site\" content=\"@24gliwice\" \/>\n<meta name=\"twitter:label1\" content=\"Napisane przez\" \/>\n\t<meta name=\"twitter:data1\" content=\"\u017baneta Mrozek-Siewierska\" \/>\n\t<meta name=\"twitter:label2\" content=\"Szacowany czas czytania\" \/>\n\t<meta name=\"twitter:data2\" content=\"2 minuty\" \/>\n<script type=\"application\/ld+json\" class=\"yoast-schema-graph\">{\"@context\":\"https:\\\/\\\/schema.org\",\"@graph\":[{\"@type\":\"Article\",\"@id\":\"https:\\\/\\\/www.24gliwice.pl\\\/wiadomosci\\\/zamkniecie-tunelu-o-tej-porze-zakorkowaloby-gliwice-zdm-zmienia-godzine-przerwy-technologicznej\\\/#article\",\"isPartOf\":{\"@id\":\"https:\\\/\\\/www.24gliwice.pl\\\/wiadomosci\\\/zamkniecie-tunelu-o-tej-porze-zakorkowaloby-gliwice-zdm-zmienia-godzine-przerwy-technologicznej\\\/\"},\"author\":{\"name\":\"\u017baneta Mrozek-Siewierska\",\"@id\":\"https:\\\/\\\/www.24gliwice.pl\\\/wiadomosci\\\/#\\\/schema\\\/person\\\/e42c650edd7f2fa332be3811fb166b6e\"},\"headline\":\"Zamkni\u0119cie tunelu o tej porze zakorkowa\u0142oby Gliwice. ZDM zmienia godzin\u0119 przerwy technologicznej\",\"datePublished\":\"2022-06-06T13:09:12+00:00\",\"mainEntityOfPage\":{\"@id\":\"https:\\\/\\\/www.24gliwice.pl\\\/wiadomosci\\\/zamkniecie-tunelu-o-tej-porze-zakorkowaloby-gliwice-zdm-zmienia-godzine-przerwy-technologicznej\\\/\"},\"wordCount\":356,\"commentCount\":0,\"publisher\":{\"@id\":\"https:\\\/\\\/www.24gliwice.pl\\\/wiadomosci\\\/#organization\"},\"image\":{\"@id\":\"https:\\\/\\\/www.24gliwice.pl\\\/wiadomosci\\\/zamkniecie-tunelu-o-tej-porze-zakorkowaloby-gliwice-zdm-zmienia-godzine-przerwy-technologicznej\\\/#primaryimage\"},\"thumbnailUrl\":\"https:\\\/\\\/www.24gliwice.pl\\\/wiadomosci\\\/wp-content\\\/uploads\\\/2022\\\/06\\\/tunel-DTS.jpg\",\"keywords\":[\"Andr\u00e9 Rieu\"],\"articleSection\":[\"Gliwice\",\"Najnowsze wiadomo\u015bci\"],\"inLanguage\":\"pl-PL\",\"potentialAction\":[{\"@type\":\"CommentAction\",\"name\":\"Comment\",\"target\":[\"https:\\\/\\\/www.24gliwice.pl\\\/wiadomosci\\\/zamkniecie-tunelu-o-tej-porze-zakorkowaloby-gliwice-zdm-zmienia-godzine-przerwy-technologicznej\\\/#respond\"]}]},{\"@type\":\"WebPage\",\"@id\":\"https:\\\/\\\/www.24gliwice.pl\\\/wiadomosci\\\/zamkniecie-tunelu-o-tej-porze-zakorkowaloby-gliwice-zdm-zmienia-godzine-przerwy-technologicznej\\\/\",\"url\":\"https:\\\/\\\/www.24gliwice.pl\\\/wiadomosci\\\/zamkniecie-tunelu-o-tej-porze-zakorkowaloby-gliwice-zdm-zmienia-godzine-przerwy-technologicznej\\\/\",\"name\":\"Zamkni\u0119cie tunelu o tej porze zakorkowa\u0142oby Gliwice. ZDM zmienia godzin\u0119 przerwy technologicznej - 24GLIWICE - Portal Gliwice | codziennie nowe informacje\",\"isPartOf\":{\"@id\":\"https:\\\/\\\/www.24gliwice.pl\\\/wiadomosci\\\/#website\"},\"primaryImageOfPage\":{\"@id\":\"https:\\\/\\\/www.24gliwice.pl\\\/wiadomosci\\\/zamkniecie-tunelu-o-tej-porze-zakorkowaloby-gliwice-zdm-zmienia-godzine-przerwy-technologicznej\\\/#primaryimage\"},\"image\":{\"@id\":\"https:\\\/\\\/www.24gliwice.pl\\\/wiadomosci\\\/zamkniecie-tunelu-o-tej-porze-zakorkowaloby-gliwice-zdm-zmienia-godzine-przerwy-technologicznej\\\/#primaryimage\"},\"thumbnailUrl\":\"https:\\\/\\\/www.24gliwice.pl\\\/wiadomosci\\\/wp-content\\\/uploads\\\/2022\\\/06\\\/tunel-DTS.jpg\",\"datePublished\":\"2022-06-06T13:09:12+00:00\",\"description\":\"Koncert Andre Rieu w hali Arena Gliwice odb\u0119dzie si\u0119 w najbli\u017csz\u0105 \u015brod\u0119, 8 czerwca. Tego dnia lepiej omija\u0107 obiekt przy ulicy Akademickiej\",\"breadcrumb\":{\"@id\":\"https:\\\/\\\/www.24gliwice.pl\\\/wiadomosci\\\/zamkniecie-tunelu-o-tej-porze-zakorkowaloby-gliwice-zdm-zmienia-godzine-przerwy-technologicznej\\\/#breadcrumb\"},\"inLanguage\":\"pl-PL\",\"potentialAction\":[{\"@type\":\"ReadAction\",\"target\":[\"https:\\\/\\\/www.24gliwice.pl\\\/wiadomosci\\\/zamkniecie-tunelu-o-tej-porze-zakorkowaloby-gliwice-zdm-zmienia-godzine-przerwy-technologicznej\\\/\"]}]},{\"@type\":\"ImageObject\",\"inLanguage\":\"pl-PL\",\"@id\":\"https:\\\/\\\/www.24gliwice.pl\\\/wiadomosci\\\/zamkniecie-tunelu-o-tej-porze-zakorkowaloby-gliwice-zdm-zmienia-godzine-przerwy-technologicznej\\\/#primaryimage\",\"url\":\"https:\\\/\\\/www.24gliwice.pl\\\/wiadomosci\\\/wp-content\\\/uploads\\\/2022\\\/06\\\/tunel-DTS.jpg\",\"contentUrl\":\"https:\\\/\\\/www.24gliwice.pl\\\/wiadomosci\\\/wp-content\\\/uploads\\\/2022\\\/06\\\/tunel-DTS.jpg\",\"width\":810,\"height\":454},{\"@type\":\"BreadcrumbList\",\"@id\":\"https:\\\/\\\/www.24gliwice.pl\\\/wiadomosci\\\/zamkniecie-tunelu-o-tej-porze-zakorkowaloby-gliwice-zdm-zmienia-godzine-przerwy-technologicznej\\\/#breadcrumb\",\"itemListElement\":[{\"@type\":\"ListItem\",\"position\":1,\"name\":\"Strona g\u0142\u00f3wna\",\"item\":\"https:\\\/\\\/www.24gliwice.pl\\\/wiadomosci\\\/\"},{\"@type\":\"ListItem\",\"position\":2,\"name\":\"Zamkni\u0119cie tunelu o tej porze zakorkowa\u0142oby Gliwice. ZDM zmienia godzin\u0119 przerwy technologicznej\"}]},{\"@type\":\"WebSite\",\"@id\":\"https:\\\/\\\/www.24gliwice.pl\\\/wiadomosci\\\/#website\",\"url\":\"https:\\\/\\\/www.24gliwice.pl\\\/wiadomosci\\\/\",\"name\":\"24GLIWICE - Portal Gliwice | codziennie nowe wiadomo\u015bci\",\"description\":\"Portal Miejski Gliwice\",\"publisher\":{\"@id\":\"https:\\\/\\\/www.24gliwice.pl\\\/wiadomosci\\\/#organization\"},\"potentialAction\":[{\"@type\":\"SearchAction\",\"target\":{\"@type\":\"EntryPoint\",\"urlTemplate\":\"https:\\\/\\\/www.24gliwice.pl\\\/wiadomosci\\\/?s={search_term_string}\"},\"query-input\":{\"@type\":\"PropertyValueSpecification\",\"valueRequired\":true,\"valueName\":\"search_term_string\"}}],\"inLanguage\":\"pl-PL\"},{\"@type\":\"Organization\",\"@id\":\"https:\\\/\\\/www.24gliwice.pl\\\/wiadomosci\\\/#organization\",\"name\":\"24gliwice\",\"url\":\"https:\\\/\\\/www.24gliwice.pl\\\/wiadomosci\\\/\",\"logo\":{\"@type\":\"ImageObject\",\"inLanguage\":\"pl-PL\",\"@id\":\"https:\\\/\\\/www.24gliwice.pl\\\/wiadomosci\\\/#\\\/schema\\\/logo\\\/image\\\/\",\"url\":\"https:\\\/\\\/www.24gliwice.pl\\\/wiadomosci\\\/wp-content\\\/uploads\\\/2024\\\/10\\\/24gliwice-logo-696.jpg\",\"contentUrl\":\"https:\\\/\\\/www.24gliwice.pl\\\/wiadomosci\\\/wp-content\\\/uploads\\\/2024\\\/10\\\/24gliwice-logo-696.jpg\",\"width\":696,\"height\":696,\"caption\":\"24gliwice\"},\"image\":{\"@id\":\"https:\\\/\\\/www.24gliwice.pl\\\/wiadomosci\\\/#\\\/schema\\\/logo\\\/image\\\/\"},\"sameAs\":[\"https:\\\/\\\/www.facebook.com\\\/24gliwice\",\"https:\\\/\\\/x.com\\\/24gliwice\",\"https:\\\/\\\/www.youtube.com\\\/@24gliwice\"]},{\"@type\":\"Person\",\"@id\":\"https:\\\/\\\/www.24gliwice.pl\\\/wiadomosci\\\/#\\\/schema\\\/person\\\/e42c650edd7f2fa332be3811fb166b6e\",\"name\":\"\u017baneta Mrozek-Siewierska\",\"image\":{\"@type\":\"ImageObject\",\"inLanguage\":\"pl-PL\",\"@id\":\"https:\\\/\\\/www.24gliwice.pl\\\/wiadomosci\\\/wp-content\\\/uploads\\\/2021\\\/11\\\/Zaneta-M_S-zdjecie-czb-96x96.jpg\",\"url\":\"https:\\\/\\\/www.24gliwice.pl\\\/wiadomosci\\\/wp-content\\\/uploads\\\/2021\\\/11\\\/Zaneta-M_S-zdjecie-czb-96x96.jpg\",\"contentUrl\":\"https:\\\/\\\/www.24gliwice.pl\\\/wiadomosci\\\/wp-content\\\/uploads\\\/2021\\\/11\\\/Zaneta-M_S-zdjecie-czb-96x96.jpg\",\"caption\":\"\u017baneta Mrozek-Siewierska\"},\"url\":\"https:\\\/\\\/www.24gliwice.pl\\\/wiadomosci\\\/author\\\/zms\\\/\"}]}<\/script>\n<!-- \/ Yoast SEO plugin. -->","yoast_head_json":{"title":"Zamkni\u0119cie tunelu o tej porze zakorkowa\u0142oby Gliwice. ZDM zmienia godzin\u0119 przerwy technologicznej - 24GLIWICE - Portal Gliwice | codziennie nowe informacje","description":"Koncert Andre Rieu w hali Arena Gliwice odb\u0119dzie si\u0119 w najbli\u017csz\u0105 \u015brod\u0119, 8 czerwca. Tego dnia lepiej omija\u0107 obiekt przy ulicy Akademickiej","robots":{"index":"index","follow":"follow","max-snippet":"max-snippet:-1","max-image-preview":"max-image-preview:large","max-video-preview":"max-video-preview:-1"},"canonical":"https:\/\/www.24gliwice.pl\/wiadomosci\/zamkniecie-tunelu-o-tej-porze-zakorkowaloby-gliwice-zdm-zmienia-godzine-przerwy-technologicznej\/","og_locale":"pl_PL","og_type":"article","og_title":"Zamkni\u0119cie tunelu o tej porze zakorkowa\u0142oby Gliwice. ZDM zmienia godzin\u0119 przerwy technologicznej - 24GLIWICE - Portal Gliwice | codziennie nowe informacje","og_description":"Koncert Andre Rieu w hali Arena Gliwice odb\u0119dzie si\u0119 w najbli\u017csz\u0105 \u015brod\u0119, 8 czerwca. Tego dnia lepiej omija\u0107 obiekt przy ulicy Akademickiej","og_url":"https:\/\/www.24gliwice.pl\/wiadomosci\/zamkniecie-tunelu-o-tej-porze-zakorkowaloby-gliwice-zdm-zmienia-godzine-przerwy-technologicznej\/","og_site_name":"24GLIWICE - Portal Gliwice | codziennie nowe informacje","article_publisher":"https:\/\/www.facebook.com\/24gliwice","article_published_time":"2022-06-06T13:09:12+00:00","og_image":[{"width":810,"height":454,"url":"https:\/\/www.24gliwice.pl\/wiadomosci\/wp-content\/uploads\/2022\/06\/tunel-DTS.jpg","type":"image\/jpeg"}],"author":"\u017baneta Mrozek-Siewierska","twitter_card":"summary_large_image","twitter_creator":"@24gliwice","twitter_site":"@24gliwice","twitter_misc":{"Napisane przez":"\u017baneta Mrozek-Siewierska","Szacowany czas czytania":"2 minuty"},"schema":{"@context":"https:\/\/schema.org","@graph":[{"@type":"Article","@id":"https:\/\/www.24gliwice.pl\/wiadomosci\/zamkniecie-tunelu-o-tej-porze-zakorkowaloby-gliwice-zdm-zmienia-godzine-przerwy-technologicznej\/#article","isPartOf":{"@id":"https:\/\/www.24gliwice.pl\/wiadomosci\/zamkniecie-tunelu-o-tej-porze-zakorkowaloby-gliwice-zdm-zmienia-godzine-przerwy-technologicznej\/"},"author":{"name":"\u017baneta Mrozek-Siewierska","@id":"https:\/\/www.24gliwice.pl\/wiadomosci\/#\/schema\/person\/e42c650edd7f2fa332be3811fb166b6e"},"headline":"Zamkni\u0119cie tunelu o tej porze zakorkowa\u0142oby Gliwice. ZDM zmienia godzin\u0119 przerwy technologicznej","datePublished":"2022-06-06T13:09:12+00:00","mainEntityOfPage":{"@id":"https:\/\/www.24gliwice.pl\/wiadomosci\/zamkniecie-tunelu-o-tej-porze-zakorkowaloby-gliwice-zdm-zmienia-godzine-przerwy-technologicznej\/"},"wordCount":356,"commentCount":0,"publisher":{"@id":"https:\/\/www.24gliwice.pl\/wiadomosci\/#organization"},"image":{"@id":"https:\/\/www.24gliwice.pl\/wiadomosci\/zamkniecie-tunelu-o-tej-porze-zakorkowaloby-gliwice-zdm-zmienia-godzine-przerwy-technologicznej\/#primaryimage"},"thumbnailUrl":"https:\/\/www.24gliwice.pl\/wiadomosci\/wp-content\/uploads\/2022\/06\/tunel-DTS.jpg","keywords":["Andr\u00e9 Rieu"],"articleSection":["Gliwice","Najnowsze wiadomo\u015bci"],"inLanguage":"pl-PL","potentialAction":[{"@type":"CommentAction","name":"Comment","target":["https:\/\/www.24gliwice.pl\/wiadomosci\/zamkniecie-tunelu-o-tej-porze-zakorkowaloby-gliwice-zdm-zmienia-godzine-przerwy-technologicznej\/#respond"]}]},{"@type":"WebPage","@id":"https:\/\/www.24gliwice.pl\/wiadomosci\/zamkniecie-tunelu-o-tej-porze-zakorkowaloby-gliwice-zdm-zmienia-godzine-przerwy-technologicznej\/","url":"https:\/\/www.24gliwice.pl\/wiadomosci\/zamkniecie-tunelu-o-tej-porze-zakorkowaloby-gliwice-zdm-zmienia-godzine-przerwy-technologicznej\/","name":"Zamkni\u0119cie tunelu o tej porze zakorkowa\u0142oby Gliwice. ZDM zmienia godzin\u0119 przerwy technologicznej - 24GLIWICE - Portal Gliwice | codziennie nowe informacje","isPartOf":{"@id":"https:\/\/www.24gliwice.pl\/wiadomosci\/#website"},"primaryImageOfPage":{"@id":"https:\/\/www.24gliwice.pl\/wiadomosci\/zamkniecie-tunelu-o-tej-porze-zakorkowaloby-gliwice-zdm-zmienia-godzine-przerwy-technologicznej\/#primaryimage"},"image":{"@id":"https:\/\/www.24gliwice.pl\/wiadomosci\/zamkniecie-tunelu-o-tej-porze-zakorkowaloby-gliwice-zdm-zmienia-godzine-przerwy-technologicznej\/#primaryimage"},"thumbnailUrl":"https:\/\/www.24gliwice.pl\/wiadomosci\/wp-content\/uploads\/2022\/06\/tunel-DTS.jpg","datePublished":"2022-06-06T13:09:12+00:00","description":"Koncert Andre Rieu w hali Arena Gliwice odb\u0119dzie si\u0119 w najbli\u017csz\u0105 \u015brod\u0119, 8 czerwca. Tego dnia lepiej omija\u0107 obiekt przy ulicy Akademickiej","breadcrumb":{"@id":"https:\/\/www.24gliwice.pl\/wiadomosci\/zamkniecie-tunelu-o-tej-porze-zakorkowaloby-gliwice-zdm-zmienia-godzine-przerwy-technologicznej\/#breadcrumb"},"inLanguage":"pl-PL","potentialAction":[{"@type":"ReadAction","target":["https:\/\/www.24gliwice.pl\/wiadomosci\/zamkniecie-tunelu-o-tej-porze-zakorkowaloby-gliwice-zdm-zmienia-godzine-przerwy-technologicznej\/"]}]},{"@type":"ImageObject","inLanguage":"pl-PL","@id":"https:\/\/www.24gliwice.pl\/wiadomosci\/zamkniecie-tunelu-o-tej-porze-zakorkowaloby-gliwice-zdm-zmienia-godzine-przerwy-technologicznej\/#primaryimage","url":"https:\/\/www.24gliwice.pl\/wiadomosci\/wp-content\/uploads\/2022\/06\/tunel-DTS.jpg","contentUrl":"https:\/\/www.24gliwice.pl\/wiadomosci\/wp-content\/uploads\/2022\/06\/tunel-DTS.jpg","width":810,"height":454},{"@type":"BreadcrumbList","@id":"https:\/\/www.24gliwice.pl\/wiadomosci\/zamkniecie-tunelu-o-tej-porze-zakorkowaloby-gliwice-zdm-zmienia-godzine-przerwy-technologicznej\/#breadcrumb","itemListElement":[{"@type":"ListItem","position":1,"name":"Strona g\u0142\u00f3wna","item":"https:\/\/www.24gliwice.pl\/wiadomosci\/"},{"@type":"ListItem","position":2,"name":"Zamkni\u0119cie tunelu o tej porze zakorkowa\u0142oby Gliwice. ZDM zmienia godzin\u0119 przerwy technologicznej"}]},{"@type":"WebSite","@id":"https:\/\/www.24gliwice.pl\/wiadomosci\/#website","url":"https:\/\/www.24gliwice.pl\/wiadomosci\/","name":"24GLIWICE - Portal Gliwice | codziennie nowe wiadomo\u015bci","description":"Portal Miejski Gliwice","publisher":{"@id":"https:\/\/www.24gliwice.pl\/wiadomosci\/#organization"},"potentialAction":[{"@type":"SearchAction","target":{"@type":"EntryPoint","urlTemplate":"https:\/\/www.24gliwice.pl\/wiadomosci\/?s={search_term_string}"},"query-input":{"@type":"PropertyValueSpecification","valueRequired":true,"valueName":"search_term_string"}}],"inLanguage":"pl-PL"},{"@type":"Organization","@id":"https:\/\/www.24gliwice.pl\/wiadomosci\/#organization","name":"24gliwice","url":"https:\/\/www.24gliwice.pl\/wiadomosci\/","logo":{"@type":"ImageObject","inLanguage":"pl-PL","@id":"https:\/\/www.24gliwice.pl\/wiadomosci\/#\/schema\/logo\/image\/","url":"https:\/\/www.24gliwice.pl\/wiadomosci\/wp-content\/uploads\/2024\/10\/24gliwice-logo-696.jpg","contentUrl":"https:\/\/www.24gliwice.pl\/wiadomosci\/wp-content\/uploads\/2024\/10\/24gliwice-logo-696.jpg","width":696,"height":696,"caption":"24gliwice"},"image":{"@id":"https:\/\/www.24gliwice.pl\/wiadomosci\/#\/schema\/logo\/image\/"},"sameAs":["https:\/\/www.facebook.com\/24gliwice","https:\/\/x.com\/24gliwice","https:\/\/www.youtube.com\/@24gliwice"]},{"@type":"Person","@id":"https:\/\/www.24gliwice.pl\/wiadomosci\/#\/schema\/person\/e42c650edd7f2fa332be3811fb166b6e","name":"\u017baneta Mrozek-Siewierska","image":{"@type":"ImageObject","inLanguage":"pl-PL","@id":"https:\/\/www.24gliwice.pl\/wiadomosci\/wp-content\/uploads\/2021\/11\/Zaneta-M_S-zdjecie-czb-96x96.jpg","url":"https:\/\/www.24gliwice.pl\/wiadomosci\/wp-content\/uploads\/2021\/11\/Zaneta-M_S-zdjecie-czb-96x96.jpg","contentUrl":"https:\/\/www.24gliwice.pl\/wiadomosci\/wp-content\/uploads\/2021\/11\/Zaneta-M_S-zdjecie-czb-96x96.jpg","caption":"\u017baneta Mrozek-Siewierska"},"url":"https:\/\/www.24gliwice.pl\/wiadomosci\/author\/zms\/"}]}},"_links":{"self":[{"href":"https:\/\/www.24gliwice.pl\/wiadomosci\/wp-json\/wp\/v2\/posts\/193927","targetHints":{"allow":["GET"]}}],"collection":[{"href":"https:\/\/www.24gliwice.pl\/wiadomosci\/wp-json\/wp\/v2\/posts"}],"about":[{"href":"https:\/\/www.24gliwice.pl\/wiadomosci\/wp-json\/wp\/v2\/types\/post"}],"author":[{"embeddable":true,"href":"https:\/\/www.24gliwice.pl\/wiadomosci\/wp-json\/wp\/v2\/users\/15"}],"replies":[{"embeddable":true,"href":"https:\/\/www.24gliwice.pl\/wiadomosci\/wp-json\/wp\/v2\/comments?post=193927"}],"version-history":[{"count":12,"href":"https:\/\/www.24gliwice.pl\/wiadomosci\/wp-json\/wp\/v2\/posts\/193927\/revisions"}],"predecessor-version":[{"id":193974,"href":"https:\/\/www.24gliwice.pl\/wiadomosci\/wp-json\/wp\/v2\/posts\/193927\/revisions\/193974"}],"wp:featuredmedia":[{"embeddable":true,"href":"https:\/\/www.24gliwice.pl\/wiadomosci\/wp-json\/wp\/v2\/media\/193939"}],"wp:attachment":[{"href":"https:\/\/www.24gliwice.pl\/wiadomosci\/wp-json\/wp\/v2\/media?parent=193927"}],"wp:term":[{"taxonomy":"category","embeddable":true,"href":"https:\/\/www.24gliwice.pl\/wiadomosci\/wp-json\/wp\/v2\/categories?post=193927"},{"taxonomy":"post_tag","embeddable":true,"href":"https:\/\/www.24gliwice.pl\/wiadomosci\/wp-json\/wp\/v2\/tags?post=193927"}],"curies":[{"name":"wp","href":"https:\/\/api.w.org\/{rel}","templated":true}]}}