{"id":193943,"date":"2022-06-06T15:48:34","date_gmt":"2022-06-06T13:48:34","guid":{"rendered":"https:\/\/www.24gliwice.pl\/wiadomosci\/?p=193943"},"modified":"2022-06-06T15:48:34","modified_gmt":"2022-06-06T13:48:34","slug":"jazz-from-italy-w-ck-jazovia-wyjatkowy-festiwal-rozpoczyna-sie-juz-w-przyszlym-tygodniu","status":"publish","type":"post","link":"https:\/\/www.24gliwice.pl\/wiadomosci\/jazz-from-italy-w-ck-jazovia-wyjatkowy-festiwal-rozpoczyna-sie-juz-w-przyszlym-tygodniu\/","title":{"rendered":"Jazz from Italy w CK JAZOVIA. Wyj\u0105tkowy festiwal rozpoczyna si\u0119 ju\u017c w przysz\u0142ym tygodniu"},"content":{"rendered":"<h2>Festiwal Jazz from Italy to wyj\u0105tkowe wydarzenie, kt\u00f3rego nie mo\u017cna przeoczy\u0107. Mi\u0119dzy 15 a 17 czerwca w CK Jazovia na gliwickim Rynku pojawi\u0105 si\u0119 muzycy, kt\u00f3rzy s\u0105 nieformalnymi ambasadorami w\u0142oskiego kr\u0119gu jazzowego.<\/h2>\n<p>&nbsp;<br \/>\n&#8211; To jest ten czas, czas na w\u0142osk\u0105 podr\u00f3\u017c! To jest sytuacja niecodzienna, Ty jeste\u015b u siebie, a to W\u0142ochy przyje\u017cd\u017caj\u0105 do Ciebie i to z najlepszym baga\u017cem, z jazzem! Najserdeczniej jak si\u0119 da, chcemy zaprosi\u0107 Was na ma\u0142y, w\u0142oski festiwal Jazz from Italy &#8211; m\u00f3wi\u0105 organizatorzy festiwalu.<\/p>\n<p>&#8211; <em>Trzy dni koncert\u00f3w, trzy wieczory, kt\u00f3re nios\u0105 ze sob\u0105 tony warto\u015bci, esencj\u0119 w\u0142oskiego formatu muzycznego. Prosz\u0119 wej\u015b\u0107 w ten format, prosz\u0119 wej\u015b\u0107 w szczeg\u00f3\u0142y. 15, 16, 17 czerwca, Gliwice, Jazovia, Rynek 10. Zagraj\u0105 XY Quartet, Filippo Cosentino &amp; Edoardo Bignozzi, Entheos Trio<\/em> &#8211; czytamy dalej w zapowiedzi.<\/p>\n<h4>15 czerwca 2022 &#8211; XY Quartet<\/h4>\n<p>Ten w\u0142oski projekt to przyk\u0142ad zespo\u0142u, kt\u00f3ry pi\u0119knie dojrzewa. Powstali w 2011 roku ze spotkania dw\u00f3ch uzupe\u0142niaj\u0105cych si\u0119 to\u017csamo\u015bci artystycznych. Mowa o <strong>Nicola Fazzini<\/strong> \u2013 saksofoni\u015bcie oraz <strong>Alessandro Fedrigo<\/strong> \u2013 basi\u015bcie, kt\u00f3rzy w\u0142\u0105czyli w sw\u00f3j sk\u0142ad <strong>Saverio Tasca<\/strong> na wibrafonie i <strong>Luca Colussi<\/strong> na perkusji.<\/p>\n<p><a href=\"https:\/\/www.24gliwice.pl\/wiadomosci\/wp-content\/uploads\/2022\/06\/graFB1.png\"><img loading=\"lazy\" decoding=\"async\" class=\"alignnone  wp-image-193951\" src=\"https:\/\/www.24gliwice.pl\/wiadomosci\/wp-content\/uploads\/2022\/06\/graFB1.png\" alt=\"\" width=\"1195\" height=\"853\" srcset=\"https:\/\/www.24gliwice.pl\/wiadomosci\/wp-content\/uploads\/2022\/06\/graFB1.png 786w, https:\/\/www.24gliwice.pl\/wiadomosci\/wp-content\/uploads\/2022\/06\/graFB1-325x232.png 325w, https:\/\/www.24gliwice.pl\/wiadomosci\/wp-content\/uploads\/2022\/06\/graFB1-637x455.png 637w, https:\/\/www.24gliwice.pl\/wiadomosci\/wp-content\/uploads\/2022\/06\/graFB1-768x548.png 768w\" sizes=\"auto, (max-width: 1195px) 100vw, 1195px\" \/><\/a><\/p>\n<p>XY Quartet to jedna z najpopularniejszych grup nowej w\u0142oskiej sceny jazzowej. Zesp\u00f3\u0142 z trzema albumami i wieloma koncertami we W\u0142oszech i za granic\u0105, zosta\u0142 nagrodzony &#8220;drug\u0105 najlepsz\u0105 w\u0142osk\u0105 grup\u0105&#8221; przez magazyn Jazz Music. Ich muzyka w przestrzeni kilku lat nabra\u0142a w\u0142asnej tr\u00f3jwymiarowo\u015bci , czyni\u0105c j\u0105 wci\u0105gaj\u0105c\u0105 i fascynuj\u0105c\u0105. Ich oryginalne i innowacyjne podej\u015bcie do muzyki charakteryzuje si\u0119 du\u017cym zgraniem, sp\u00f3jno\u015bci\u0105 i jednorodno\u015bci\u0105, co potwierdza publiczno\u015b\u0107 w wielu krajach, w kt\u00f3rych sk\u0142ad mia\u0142 okazje koncertowa\u0107.<\/p>\n<p><strong>Sk\u0142ad zespo\u0142u:<\/strong><br \/>\nNicola Fazzini &#8211; saksofon altowy<br \/>\nAlessandro Fedrigo &#8211; akustyczna gitara basowa<br \/>\nSaverio Tasca &#8211; wibrafon<br \/>\nLuca Colussi &#8211; perkusja<\/p>\n<h4>16 czerwca 2022 &#8211; Filippo Cosentino &amp; Edoardo Bignozzi<\/h4>\n<p>To b\u0119dzie podw\u00f3jny koncert, poniewa\u017c w ramach jednego wydarzenia, dw\u00f3ch solist\u00f3w, w ramach osobnych prezentacji muzycznych sprawi, \u017ce poczujemy si\u0119 w pi\u0119knej, jazzuj\u0105cej Italii. Na scenie b\u0119dziemy mogli spotka\u0107:<\/p>\n<p>&#8211; <strong>Filippo Cosentino <\/strong>&#8211; jest w\u0142oskim gitarzyst\u0105 , kompozytorem i pedagogiem. Specjalizuje si\u0119 w wykorzystaniu akustycznej gitary barytonowej, a tak\u017ce akustycznej, klasycznej i elektrycznej. Jest autorem p\u0142yt Best Seller Baritune, Leave the Thorn, take the rose i Revoltune. Jako kompozytor pisze \u015bcie\u017cki d\u017awi\u0119kowe do film\u00f3w produkcji europejskich, azjatyckich. Jest za\u0142o\u017cycielem Dragon Fly Studio Alba, w kt\u00f3rym realizuje wi\u0119kszo\u015b\u0107 swojej produkcji artystycznej. W 2009 roku by\u0142 jednym z cz\u0142onk\u00f3w za\u0142o\u017cycieli Milleunanota Alba, stowarzyszenia, z kt\u00f3rym pomaga\u0142 w organizacji wydarze\u0144 w regionie Langhe i Roero.<\/p>\n<p>Jest jednym z najpopularniejszych gitarzyst\u00f3w na w\u0142oskiej i mi\u0119dzynarodowej scenie muzycznej, wyr\u00f3\u017cniaj\u0105cym si\u0119 wykorzystaniem instrument\u00f3w akustycznych oraz badaniami muzycznymi, kt\u00f3re charakteryzuj\u0105 zar\u00f3wno jego kompozycje, jak i bogate w melodi\u0119 frazowanie. Wyrafinowany, elegancki, a jednocze\u015bnie obdarzony dojrza\u0142ym i dobrze rozpoznawalnym j\u0119zykiem muzycznym. Koncertowa\u0142 we W\u0142oszech, Niemczech, Szwajcarii, Francji, Hiszpanii, Wielkiej Brytanii, Litwie, Finlandii, Danii, Chinach, Hongkongu i Makau. Cz\u0119sto zapraszany na presti\u017cowe festiwale krajowe i mi\u0119dzynarodowe. W 2021 roku uruchomi\u0142 wine sounding &#8211; d\u017awi\u0119kow\u0105 degustacj\u0119 win. Jest dyrektorem artystycznym festiwali Cantaautori d&#8217;Italia, Roero Music Festival, Guarene Musica oraz Jazz &amp; Co. Je\u015bli w muzyce szuka si\u0119 czego\u015b wyj\u0105tkowego, to ta posta\u0107 artystyczna jest przyk\u0142adem wyj\u0105tkowo\u015bci.<\/p>\n<p><a href=\"https:\/\/www.24gliwice.pl\/wiadomosci\/wp-content\/uploads\/2022\/06\/consentino-binozi-001.jpg\"><img loading=\"lazy\" decoding=\"async\" class=\"alignnone  wp-image-193948\" src=\"https:\/\/www.24gliwice.pl\/wiadomosci\/wp-content\/uploads\/2022\/06\/consentino-binozi-001.jpg\" alt=\"\" width=\"1076\" height=\"1076\" srcset=\"https:\/\/www.24gliwice.pl\/wiadomosci\/wp-content\/uploads\/2022\/06\/consentino-binozi-001.jpg 622w, https:\/\/www.24gliwice.pl\/wiadomosci\/wp-content\/uploads\/2022\/06\/consentino-binozi-001-232x232.jpg 232w, https:\/\/www.24gliwice.pl\/wiadomosci\/wp-content\/uploads\/2022\/06\/consentino-binozi-001-455x455.jpg 455w, https:\/\/www.24gliwice.pl\/wiadomosci\/wp-content\/uploads\/2022\/06\/consentino-binozi-001-90x90.jpg 90w\" sizes=\"auto, (max-width: 1076px) 100vw, 1076px\" \/><\/a><\/p>\n<p>&#8211; <strong>Edoardo Bignozzi<\/strong> &#8211; W\u0142ochy to jego muzyczna stylizacja. Gitarzysta i po prostu artysta. Zacz\u0105\u0142 gra\u0107 na gitarze w wieku 13 lat. W latach 80-tych dorasta\u0142 na scenie jazzowej w Rzymie graj\u0105c w kilku zespo\u0142ach i eksperymentalnych projektach jazzowych. Studiowa\u0142 u <strong>Johna Scofielda, Jima Halla, Micka Goodricka, Joe Diorio i Christiana Escoude&#8217;a.<\/strong> Zdoby\u0142 drug\u0105 nagrod\u0119 w Euro jazz 1994 z GEME Quartett, autorskim projektem z pogranicza jazzu i muzyki elektronicznej. Zrealizowa\u0142 oko\u0142o 20 p\u0142yt dla w\u0142oskich, hiszpa\u0144skich i niemieckich wytw\u00f3rni (Acoustic Music Records), w tym 4 CD z w\u0142asnymi kompozycjami na gitar\u0119 solo, duet z w\u0119gierskim gitarzyst\u0105 <strong>Sandorem Szabo<\/strong>, 2 albumy z w\u0142asnymi kompozycjami z flecist\u0105 i saksofonista<strong> Francesco Consaga<\/strong>, 4 albumy muzyki improwizowanej z perkusist\u0105 <strong>Tommym Caggianim<\/strong> oraz kilka prac nad innymi projektami.<\/p>\n<p>Bra\u0142 udzia\u0142 w wielu festiwalach gitarowych i jazzowych w Niemczech, na W\u0119grzech, w Czechach, Hiszpanii, Norwegii, Polsce i we W\u0142oszech. Skomponowa\u0142 tak\u017ce \u015bcie\u017cki d\u017awi\u0119kowe dla National Geographic Channel, w\u0142oskiej i hiszpa\u0144skiej telewizji. Od 2012 roku mieszka w Niemczech, gdzie wraz z polskim saksofonist\u0105 i akordeonist\u0105 <strong>Davem Tchorzem<\/strong> oraz ira\u0144skim perkusist\u0105 <strong>Afr\u0105 Mussawisade<\/strong> za\u0142o\u017cy\u0142 trio Lux et Origo. Od 2009 roku jest promotorem Mi\u0119dzynarodowej Nocy Gitary w Bracciano &#8211; Rzym, a od 2016 roku w Kloster Kamp (Niemcy).<\/p>\n<p><a href=\"https:\/\/www.24gliwice.pl\/wiadomosci\/wp-content\/uploads\/2022\/06\/filippo-i-Edoardo-wydarzenia.jpg\"><img loading=\"lazy\" decoding=\"async\" class=\"alignnone  wp-image-193950\" src=\"https:\/\/www.24gliwice.pl\/wiadomosci\/wp-content\/uploads\/2022\/06\/filippo-i-Edoardo-wydarzenia.jpg\" alt=\"\" width=\"1091\" height=\"571\" srcset=\"https:\/\/www.24gliwice.pl\/wiadomosci\/wp-content\/uploads\/2022\/06\/filippo-i-Edoardo-wydarzenia.jpg 810w, https:\/\/www.24gliwice.pl\/wiadomosci\/wp-content\/uploads\/2022\/06\/filippo-i-Edoardo-wydarzenia-410x215.jpg 410w, https:\/\/www.24gliwice.pl\/wiadomosci\/wp-content\/uploads\/2022\/06\/filippo-i-Edoardo-wydarzenia-768x402.jpg 768w, https:\/\/www.24gliwice.pl\/wiadomosci\/wp-content\/uploads\/2022\/06\/filippo-i-Edoardo-wydarzenia-375x195.jpg 375w\" sizes=\"auto, (max-width: 1091px) 100vw, 1091px\" \/><\/a><\/p>\n<h4>17 czerwca 2022 &#8211; Entheos Trio<\/h4>\n<p>Entheos Trio to projekt powsta\u0142y w 2019 roku, zainspirowany kilkoma wa\u017cnymi mi\u0119dzynarodowymi projektami, takimi jak w\u0142oski duet Monastyr perkusisty i perkusjonalisty<strong> Tommy Caggianiego<\/strong> z gitarzyst\u0105 <strong>Edoardo Bignozzi<\/strong>. Hiszpa\u0144ski projekt Tommy Caggianiego &#8211; &#8220;Therion Project&#8221;, z udzia\u0142em w\u0142oskiego pianisty <strong>Pierpaolo Principato<\/strong> znany jest ju\u017c gliwickiej publiczno\u015bci, gdy\u017c w\u0142a\u015bnie z tym zespo\u0142em mieli\u015bmy przyjemno\u015b\u0107 go\u015bci\u0107 Caggianiego w Jazovii.<\/p>\n<p><a href=\"https:\/\/www.24gliwice.pl\/wiadomosci\/wp-content\/uploads\/2022\/06\/entheos-001.jpg\"><img loading=\"lazy\" decoding=\"async\" class=\"alignnone  wp-image-193949\" src=\"https:\/\/www.24gliwice.pl\/wiadomosci\/wp-content\/uploads\/2022\/06\/entheos-001.jpg\" alt=\"\" width=\"1101\" height=\"1101\" srcset=\"https:\/\/www.24gliwice.pl\/wiadomosci\/wp-content\/uploads\/2022\/06\/entheos-001.jpg 622w, https:\/\/www.24gliwice.pl\/wiadomosci\/wp-content\/uploads\/2022\/06\/entheos-001-232x232.jpg 232w, https:\/\/www.24gliwice.pl\/wiadomosci\/wp-content\/uploads\/2022\/06\/entheos-001-455x455.jpg 455w, https:\/\/www.24gliwice.pl\/wiadomosci\/wp-content\/uploads\/2022\/06\/entheos-001-90x90.jpg 90w\" sizes=\"auto, (max-width: 1101px) 100vw, 1101px\" \/><\/a><\/p>\n<p>Nazwa nowej grupy, nowej formacji trio to greckie s\u0142owo &#8220;Entheos&#8221; oznaczaj\u0105ce \u201eB\u00f3g w sobie\u201d i nawi\u0105zuje do \u015bwi\u0119tych inspiracji melodii skomponowanych przez w\u0142a\u015bnie tych\u017ce trzech muzyk\u00f3w. Muzyka odkrywcza, porywaj\u0105ca, czasem mo\u017ce i tajemnicza. Trio posiada w\u0142asny, autorski materia\u0142, nagrany w 2020 roku, kt\u00f3ry prawdziw\u0105 swoj\u0105 si\u0142\u0119 prezentuje dopiero przy kontakcie z \u017cyw\u0105 publiczno\u015bci\u0105. I to b\u0119dzie w\u0142a\u015bnie ten czas, Jazz from Italy w Gliwicach i koncert Tommy Caggiani z zespo\u0142em Entheos Trio.<\/p>\n<p><a href=\"https:\/\/www.24gliwice.pl\/wiadomosci\/wp-content\/uploads\/2022\/06\/graFB3.png\"><img loading=\"lazy\" decoding=\"async\" class=\"alignnone  wp-image-193954\" src=\"https:\/\/www.24gliwice.pl\/wiadomosci\/wp-content\/uploads\/2022\/06\/graFB3.png\" alt=\"\" width=\"1159\" height=\"827\" srcset=\"https:\/\/www.24gliwice.pl\/wiadomosci\/wp-content\/uploads\/2022\/06\/graFB3.png 786w, https:\/\/www.24gliwice.pl\/wiadomosci\/wp-content\/uploads\/2022\/06\/graFB3-325x232.png 325w, https:\/\/www.24gliwice.pl\/wiadomosci\/wp-content\/uploads\/2022\/06\/graFB3-637x455.png 637w, https:\/\/www.24gliwice.pl\/wiadomosci\/wp-content\/uploads\/2022\/06\/graFB3-768x548.png 768w\" sizes=\"auto, (max-width: 1159px) 100vw, 1159px\" \/><\/a><\/p>\n<p><strong>Sk\u0142ad zespo\u0142u:<\/strong><br \/>\nTommy Caggiani &#8211; perkusja, instrumenty perkusyjne<br \/>\nEdoardo Bignozzi &#8211; gitara<br \/>\nPierpaolo Principato &#8211; fortepian<\/p>\n<p>mat. organizatora<br \/>\nfot. CK Jazovia (FB)<\/p>\n<p><a href=\"https:\/\/www.24gliwice.pl\/wiadomosci\/wp-content\/uploads\/2022\/06\/plakat-jazz-from-italy-001.jpg\"><img loading=\"lazy\" decoding=\"async\" class=\"alignnone  wp-image-193952\" src=\"https:\/\/www.24gliwice.pl\/wiadomosci\/wp-content\/uploads\/2022\/06\/plakat-jazz-from-italy-001.jpg\" alt=\"\" width=\"1282\" height=\"1812\" srcset=\"https:\/\/www.24gliwice.pl\/wiadomosci\/wp-content\/uploads\/2022\/06\/plakat-jazz-from-italy-001.jpg 573w, https:\/\/www.24gliwice.pl\/wiadomosci\/wp-content\/uploads\/2022\/06\/plakat-jazz-from-italy-001-164x232.jpg 164w, https:\/\/www.24gliwice.pl\/wiadomosci\/wp-content\/uploads\/2022\/06\/plakat-jazz-from-italy-001-322x455.jpg 322w\" sizes=\"auto, (max-width: 1282px) 100vw, 1282px\" \/><\/a><\/p>\n","protected":false},"excerpt":{"rendered":"<p>Festiwal Jazz from Italy to wyj\u0105tkowe wydarzenie, kt\u00f3rego nie mo\u017cna przeoczy\u0107. Mi\u0119dzy 15 a 17 czerwca w CK Jazovia na gliwickim Rynku pojawi\u0105 si\u0119 muzycy, kt\u00f3rzy s\u0105 nieformalnymi ambasadorami w\u0142oskiego kr\u0119gu jazzowego. &nbsp; &#8211; To jest ten czas, czas na w\u0142osk\u0105 podr\u00f3\u017c! To jest sytuacja niecodzienna, Ty jeste\u015b u siebie, a to W\u0142ochy przyje\u017cd\u017caj\u0105 do [&hellip;]<\/p>\n","protected":false},"author":15,"featured_media":193953,"comment_status":"closed","ping_status":"closed","sticky":false,"template":"","format":"standard","meta":{"_monsterinsights_skip_tracking":false,"_monsterinsights_sitenote_active":false,"_monsterinsights_sitenote_note":"","_monsterinsights_sitenote_category":0,"footnotes":"","_links_to":"","_links_to_target":""},"categories":[3,6,1,1129],"tags":[9818],"class_list":["post-193943","post","type-post","status-publish","format-standard","has-post-thumbnail","hentry","category-gliwice","category-kultura","category-wszystko","category-polecamy","tag-ck-jazovia"],"yoast_head":"<!-- This site is optimized with the Yoast SEO plugin v27.4 - https:\/\/yoast.com\/product\/yoast-seo-wordpress\/ -->\n<title>Jazz from Italy w CK JAZOVIA. Wyj\u0105tkowy festiwal rozpoczyna si\u0119 ju\u017c w przysz\u0142ym tygodniu - 24GLIWICE - Portal Gliwice | codziennie nowe informacje<\/title>\n<meta name=\"description\" content=\"W centrum kultury Jazovia odb\u0119dzie si\u0119 festwial Jazz from Italy. Wyst\u0105pi\u0105: XY Quartet, Filippo Cosentino &amp; Edoardo Bignozzi, Entheos Trio\" \/>\n<meta name=\"robots\" content=\"index, follow, max-snippet:-1, max-image-preview:large, max-video-preview:-1\" \/>\n<link rel=\"canonical\" href=\"https:\/\/www.24gliwice.pl\/wiadomosci\/jazz-from-italy-w-ck-jazovia-wyjatkowy-festiwal-rozpoczyna-sie-juz-w-przyszlym-tygodniu\/\" \/>\n<meta property=\"og:locale\" content=\"pl_PL\" \/>\n<meta property=\"og:type\" content=\"article\" \/>\n<meta property=\"og:title\" content=\"Jazz from Italy w CK JAZOVIA. Wyj\u0105tkowy festiwal rozpoczyna si\u0119 ju\u017c w przysz\u0142ym tygodniu - 24GLIWICE - Portal Gliwice | codziennie nowe informacje\" \/>\n<meta property=\"og:description\" content=\"W centrum kultury Jazovia odb\u0119dzie si\u0119 festwial Jazz from Italy. Wyst\u0105pi\u0105: XY Quartet, Filippo Cosentino &amp; Edoardo Bignozzi, Entheos Trio\" \/>\n<meta property=\"og:url\" content=\"https:\/\/www.24gliwice.pl\/wiadomosci\/jazz-from-italy-w-ck-jazovia-wyjatkowy-festiwal-rozpoczyna-sie-juz-w-przyszlym-tygodniu\/\" \/>\n<meta property=\"og:site_name\" content=\"24GLIWICE - Portal Gliwice | codziennie nowe informacje\" \/>\n<meta property=\"article:publisher\" content=\"https:\/\/www.facebook.com\/24gliwice\" \/>\n<meta property=\"article:published_time\" content=\"2022-06-06T13:48:34+00:00\" \/>\n<meta property=\"og:image\" content=\"https:\/\/www.24gliwice.pl\/wiadomosci\/wp-content\/uploads\/2022\/06\/jazovia-xy-quartet-001.jpg\" \/>\n\t<meta property=\"og:image:width\" content=\"810\" \/>\n\t<meta property=\"og:image:height\" content=\"490\" \/>\n\t<meta property=\"og:image:type\" content=\"image\/jpeg\" \/>\n<meta name=\"author\" content=\"\u017baneta Mrozek-Siewierska\" \/>\n<meta name=\"twitter:card\" content=\"summary_large_image\" \/>\n<meta name=\"twitter:creator\" content=\"@24gliwice\" \/>\n<meta name=\"twitter:site\" content=\"@24gliwice\" \/>\n<meta name=\"twitter:label1\" content=\"Napisane przez\" \/>\n\t<meta name=\"twitter:data1\" content=\"\u017baneta Mrozek-Siewierska\" \/>\n\t<meta name=\"twitter:label2\" content=\"Szacowany czas czytania\" \/>\n\t<meta name=\"twitter:data2\" content=\"7 minut\" \/>\n<script type=\"application\/ld+json\" class=\"yoast-schema-graph\">{\"@context\":\"https:\\\/\\\/schema.org\",\"@graph\":[{\"@type\":\"Article\",\"@id\":\"https:\\\/\\\/www.24gliwice.pl\\\/wiadomosci\\\/jazz-from-italy-w-ck-jazovia-wyjatkowy-festiwal-rozpoczyna-sie-juz-w-przyszlym-tygodniu\\\/#article\",\"isPartOf\":{\"@id\":\"https:\\\/\\\/www.24gliwice.pl\\\/wiadomosci\\\/jazz-from-italy-w-ck-jazovia-wyjatkowy-festiwal-rozpoczyna-sie-juz-w-przyszlym-tygodniu\\\/\"},\"author\":{\"name\":\"\u017baneta Mrozek-Siewierska\",\"@id\":\"https:\\\/\\\/www.24gliwice.pl\\\/wiadomosci\\\/#\\\/schema\\\/person\\\/e42c650edd7f2fa332be3811fb166b6e\"},\"headline\":\"Jazz from Italy w CK JAZOVIA. Wyj\u0105tkowy festiwal rozpoczyna si\u0119 ju\u017c w przysz\u0142ym tygodniu\",\"datePublished\":\"2022-06-06T13:48:34+00:00\",\"mainEntityOfPage\":{\"@id\":\"https:\\\/\\\/www.24gliwice.pl\\\/wiadomosci\\\/jazz-from-italy-w-ck-jazovia-wyjatkowy-festiwal-rozpoczyna-sie-juz-w-przyszlym-tygodniu\\\/\"},\"wordCount\":1002,\"publisher\":{\"@id\":\"https:\\\/\\\/www.24gliwice.pl\\\/wiadomosci\\\/#organization\"},\"image\":{\"@id\":\"https:\\\/\\\/www.24gliwice.pl\\\/wiadomosci\\\/jazz-from-italy-w-ck-jazovia-wyjatkowy-festiwal-rozpoczyna-sie-juz-w-przyszlym-tygodniu\\\/#primaryimage\"},\"thumbnailUrl\":\"https:\\\/\\\/www.24gliwice.pl\\\/wiadomosci\\\/wp-content\\\/uploads\\\/2022\\\/06\\\/jazovia-xy-quartet-001.jpg\",\"keywords\":[\"CK JAZOVIA\"],\"articleSection\":[\"Gliwice\",\"Kultura, wydarzenia, imprezy\",\"Najnowsze wiadomo\u015bci\",\"Polecamy\"],\"inLanguage\":\"pl-PL\"},{\"@type\":\"WebPage\",\"@id\":\"https:\\\/\\\/www.24gliwice.pl\\\/wiadomosci\\\/jazz-from-italy-w-ck-jazovia-wyjatkowy-festiwal-rozpoczyna-sie-juz-w-przyszlym-tygodniu\\\/\",\"url\":\"https:\\\/\\\/www.24gliwice.pl\\\/wiadomosci\\\/jazz-from-italy-w-ck-jazovia-wyjatkowy-festiwal-rozpoczyna-sie-juz-w-przyszlym-tygodniu\\\/\",\"name\":\"Jazz from Italy w CK JAZOVIA. Wyj\u0105tkowy festiwal rozpoczyna si\u0119 ju\u017c w przysz\u0142ym tygodniu - 24GLIWICE - Portal Gliwice | codziennie nowe informacje\",\"isPartOf\":{\"@id\":\"https:\\\/\\\/www.24gliwice.pl\\\/wiadomosci\\\/#website\"},\"primaryImageOfPage\":{\"@id\":\"https:\\\/\\\/www.24gliwice.pl\\\/wiadomosci\\\/jazz-from-italy-w-ck-jazovia-wyjatkowy-festiwal-rozpoczyna-sie-juz-w-przyszlym-tygodniu\\\/#primaryimage\"},\"image\":{\"@id\":\"https:\\\/\\\/www.24gliwice.pl\\\/wiadomosci\\\/jazz-from-italy-w-ck-jazovia-wyjatkowy-festiwal-rozpoczyna-sie-juz-w-przyszlym-tygodniu\\\/#primaryimage\"},\"thumbnailUrl\":\"https:\\\/\\\/www.24gliwice.pl\\\/wiadomosci\\\/wp-content\\\/uploads\\\/2022\\\/06\\\/jazovia-xy-quartet-001.jpg\",\"datePublished\":\"2022-06-06T13:48:34+00:00\",\"description\":\"W centrum kultury Jazovia odb\u0119dzie si\u0119 festwial Jazz from Italy. Wyst\u0105pi\u0105: XY Quartet, Filippo Cosentino & Edoardo Bignozzi, Entheos Trio\",\"breadcrumb\":{\"@id\":\"https:\\\/\\\/www.24gliwice.pl\\\/wiadomosci\\\/jazz-from-italy-w-ck-jazovia-wyjatkowy-festiwal-rozpoczyna-sie-juz-w-przyszlym-tygodniu\\\/#breadcrumb\"},\"inLanguage\":\"pl-PL\",\"potentialAction\":[{\"@type\":\"ReadAction\",\"target\":[\"https:\\\/\\\/www.24gliwice.pl\\\/wiadomosci\\\/jazz-from-italy-w-ck-jazovia-wyjatkowy-festiwal-rozpoczyna-sie-juz-w-przyszlym-tygodniu\\\/\"]}]},{\"@type\":\"ImageObject\",\"inLanguage\":\"pl-PL\",\"@id\":\"https:\\\/\\\/www.24gliwice.pl\\\/wiadomosci\\\/jazz-from-italy-w-ck-jazovia-wyjatkowy-festiwal-rozpoczyna-sie-juz-w-przyszlym-tygodniu\\\/#primaryimage\",\"url\":\"https:\\\/\\\/www.24gliwice.pl\\\/wiadomosci\\\/wp-content\\\/uploads\\\/2022\\\/06\\\/jazovia-xy-quartet-001.jpg\",\"contentUrl\":\"https:\\\/\\\/www.24gliwice.pl\\\/wiadomosci\\\/wp-content\\\/uploads\\\/2022\\\/06\\\/jazovia-xy-quartet-001.jpg\",\"width\":810,\"height\":490},{\"@type\":\"BreadcrumbList\",\"@id\":\"https:\\\/\\\/www.24gliwice.pl\\\/wiadomosci\\\/jazz-from-italy-w-ck-jazovia-wyjatkowy-festiwal-rozpoczyna-sie-juz-w-przyszlym-tygodniu\\\/#breadcrumb\",\"itemListElement\":[{\"@type\":\"ListItem\",\"position\":1,\"name\":\"Strona g\u0142\u00f3wna\",\"item\":\"https:\\\/\\\/www.24gliwice.pl\\\/wiadomosci\\\/\"},{\"@type\":\"ListItem\",\"position\":2,\"name\":\"Jazz from Italy w CK JAZOVIA. Wyj\u0105tkowy festiwal rozpoczyna si\u0119 ju\u017c w przysz\u0142ym tygodniu\"}]},{\"@type\":\"WebSite\",\"@id\":\"https:\\\/\\\/www.24gliwice.pl\\\/wiadomosci\\\/#website\",\"url\":\"https:\\\/\\\/www.24gliwice.pl\\\/wiadomosci\\\/\",\"name\":\"24GLIWICE - Portal Gliwice | codziennie nowe wiadomo\u015bci\",\"description\":\"Portal Miejski Gliwice\",\"publisher\":{\"@id\":\"https:\\\/\\\/www.24gliwice.pl\\\/wiadomosci\\\/#organization\"},\"potentialAction\":[{\"@type\":\"SearchAction\",\"target\":{\"@type\":\"EntryPoint\",\"urlTemplate\":\"https:\\\/\\\/www.24gliwice.pl\\\/wiadomosci\\\/?s={search_term_string}\"},\"query-input\":{\"@type\":\"PropertyValueSpecification\",\"valueRequired\":true,\"valueName\":\"search_term_string\"}}],\"inLanguage\":\"pl-PL\"},{\"@type\":\"Organization\",\"@id\":\"https:\\\/\\\/www.24gliwice.pl\\\/wiadomosci\\\/#organization\",\"name\":\"24gliwice\",\"url\":\"https:\\\/\\\/www.24gliwice.pl\\\/wiadomosci\\\/\",\"logo\":{\"@type\":\"ImageObject\",\"inLanguage\":\"pl-PL\",\"@id\":\"https:\\\/\\\/www.24gliwice.pl\\\/wiadomosci\\\/#\\\/schema\\\/logo\\\/image\\\/\",\"url\":\"https:\\\/\\\/www.24gliwice.pl\\\/wiadomosci\\\/wp-content\\\/uploads\\\/2024\\\/10\\\/24gliwice-logo-696.jpg\",\"contentUrl\":\"https:\\\/\\\/www.24gliwice.pl\\\/wiadomosci\\\/wp-content\\\/uploads\\\/2024\\\/10\\\/24gliwice-logo-696.jpg\",\"width\":696,\"height\":696,\"caption\":\"24gliwice\"},\"image\":{\"@id\":\"https:\\\/\\\/www.24gliwice.pl\\\/wiadomosci\\\/#\\\/schema\\\/logo\\\/image\\\/\"},\"sameAs\":[\"https:\\\/\\\/www.facebook.com\\\/24gliwice\",\"https:\\\/\\\/x.com\\\/24gliwice\",\"https:\\\/\\\/www.youtube.com\\\/@24gliwice\"]},{\"@type\":\"Person\",\"@id\":\"https:\\\/\\\/www.24gliwice.pl\\\/wiadomosci\\\/#\\\/schema\\\/person\\\/e42c650edd7f2fa332be3811fb166b6e\",\"name\":\"\u017baneta Mrozek-Siewierska\",\"image\":{\"@type\":\"ImageObject\",\"inLanguage\":\"pl-PL\",\"@id\":\"https:\\\/\\\/www.24gliwice.pl\\\/wiadomosci\\\/wp-content\\\/uploads\\\/2021\\\/11\\\/Zaneta-M_S-zdjecie-czb-96x96.jpg\",\"url\":\"https:\\\/\\\/www.24gliwice.pl\\\/wiadomosci\\\/wp-content\\\/uploads\\\/2021\\\/11\\\/Zaneta-M_S-zdjecie-czb-96x96.jpg\",\"contentUrl\":\"https:\\\/\\\/www.24gliwice.pl\\\/wiadomosci\\\/wp-content\\\/uploads\\\/2021\\\/11\\\/Zaneta-M_S-zdjecie-czb-96x96.jpg\",\"caption\":\"\u017baneta Mrozek-Siewierska\"},\"url\":\"https:\\\/\\\/www.24gliwice.pl\\\/wiadomosci\\\/author\\\/zms\\\/\"}]}<\/script>\n<!-- \/ Yoast SEO plugin. -->","yoast_head_json":{"title":"Jazz from Italy w CK JAZOVIA. Wyj\u0105tkowy festiwal rozpoczyna si\u0119 ju\u017c w przysz\u0142ym tygodniu - 24GLIWICE - Portal Gliwice | codziennie nowe informacje","description":"W centrum kultury Jazovia odb\u0119dzie si\u0119 festwial Jazz from Italy. Wyst\u0105pi\u0105: XY Quartet, Filippo Cosentino & Edoardo Bignozzi, Entheos Trio","robots":{"index":"index","follow":"follow","max-snippet":"max-snippet:-1","max-image-preview":"max-image-preview:large","max-video-preview":"max-video-preview:-1"},"canonical":"https:\/\/www.24gliwice.pl\/wiadomosci\/jazz-from-italy-w-ck-jazovia-wyjatkowy-festiwal-rozpoczyna-sie-juz-w-przyszlym-tygodniu\/","og_locale":"pl_PL","og_type":"article","og_title":"Jazz from Italy w CK JAZOVIA. Wyj\u0105tkowy festiwal rozpoczyna si\u0119 ju\u017c w przysz\u0142ym tygodniu - 24GLIWICE - Portal Gliwice | codziennie nowe informacje","og_description":"W centrum kultury Jazovia odb\u0119dzie si\u0119 festwial Jazz from Italy. Wyst\u0105pi\u0105: XY Quartet, Filippo Cosentino & Edoardo Bignozzi, Entheos Trio","og_url":"https:\/\/www.24gliwice.pl\/wiadomosci\/jazz-from-italy-w-ck-jazovia-wyjatkowy-festiwal-rozpoczyna-sie-juz-w-przyszlym-tygodniu\/","og_site_name":"24GLIWICE - Portal Gliwice | codziennie nowe informacje","article_publisher":"https:\/\/www.facebook.com\/24gliwice","article_published_time":"2022-06-06T13:48:34+00:00","og_image":[{"width":810,"height":490,"url":"https:\/\/www.24gliwice.pl\/wiadomosci\/wp-content\/uploads\/2022\/06\/jazovia-xy-quartet-001.jpg","type":"image\/jpeg"}],"author":"\u017baneta Mrozek-Siewierska","twitter_card":"summary_large_image","twitter_creator":"@24gliwice","twitter_site":"@24gliwice","twitter_misc":{"Napisane przez":"\u017baneta Mrozek-Siewierska","Szacowany czas czytania":"7 minut"},"schema":{"@context":"https:\/\/schema.org","@graph":[{"@type":"Article","@id":"https:\/\/www.24gliwice.pl\/wiadomosci\/jazz-from-italy-w-ck-jazovia-wyjatkowy-festiwal-rozpoczyna-sie-juz-w-przyszlym-tygodniu\/#article","isPartOf":{"@id":"https:\/\/www.24gliwice.pl\/wiadomosci\/jazz-from-italy-w-ck-jazovia-wyjatkowy-festiwal-rozpoczyna-sie-juz-w-przyszlym-tygodniu\/"},"author":{"name":"\u017baneta Mrozek-Siewierska","@id":"https:\/\/www.24gliwice.pl\/wiadomosci\/#\/schema\/person\/e42c650edd7f2fa332be3811fb166b6e"},"headline":"Jazz from Italy w CK JAZOVIA. Wyj\u0105tkowy festiwal rozpoczyna si\u0119 ju\u017c w przysz\u0142ym tygodniu","datePublished":"2022-06-06T13:48:34+00:00","mainEntityOfPage":{"@id":"https:\/\/www.24gliwice.pl\/wiadomosci\/jazz-from-italy-w-ck-jazovia-wyjatkowy-festiwal-rozpoczyna-sie-juz-w-przyszlym-tygodniu\/"},"wordCount":1002,"publisher":{"@id":"https:\/\/www.24gliwice.pl\/wiadomosci\/#organization"},"image":{"@id":"https:\/\/www.24gliwice.pl\/wiadomosci\/jazz-from-italy-w-ck-jazovia-wyjatkowy-festiwal-rozpoczyna-sie-juz-w-przyszlym-tygodniu\/#primaryimage"},"thumbnailUrl":"https:\/\/www.24gliwice.pl\/wiadomosci\/wp-content\/uploads\/2022\/06\/jazovia-xy-quartet-001.jpg","keywords":["CK JAZOVIA"],"articleSection":["Gliwice","Kultura, wydarzenia, imprezy","Najnowsze wiadomo\u015bci","Polecamy"],"inLanguage":"pl-PL"},{"@type":"WebPage","@id":"https:\/\/www.24gliwice.pl\/wiadomosci\/jazz-from-italy-w-ck-jazovia-wyjatkowy-festiwal-rozpoczyna-sie-juz-w-przyszlym-tygodniu\/","url":"https:\/\/www.24gliwice.pl\/wiadomosci\/jazz-from-italy-w-ck-jazovia-wyjatkowy-festiwal-rozpoczyna-sie-juz-w-przyszlym-tygodniu\/","name":"Jazz from Italy w CK JAZOVIA. Wyj\u0105tkowy festiwal rozpoczyna si\u0119 ju\u017c w przysz\u0142ym tygodniu - 24GLIWICE - Portal Gliwice | codziennie nowe informacje","isPartOf":{"@id":"https:\/\/www.24gliwice.pl\/wiadomosci\/#website"},"primaryImageOfPage":{"@id":"https:\/\/www.24gliwice.pl\/wiadomosci\/jazz-from-italy-w-ck-jazovia-wyjatkowy-festiwal-rozpoczyna-sie-juz-w-przyszlym-tygodniu\/#primaryimage"},"image":{"@id":"https:\/\/www.24gliwice.pl\/wiadomosci\/jazz-from-italy-w-ck-jazovia-wyjatkowy-festiwal-rozpoczyna-sie-juz-w-przyszlym-tygodniu\/#primaryimage"},"thumbnailUrl":"https:\/\/www.24gliwice.pl\/wiadomosci\/wp-content\/uploads\/2022\/06\/jazovia-xy-quartet-001.jpg","datePublished":"2022-06-06T13:48:34+00:00","description":"W centrum kultury Jazovia odb\u0119dzie si\u0119 festwial Jazz from Italy. Wyst\u0105pi\u0105: XY Quartet, Filippo Cosentino & Edoardo Bignozzi, Entheos Trio","breadcrumb":{"@id":"https:\/\/www.24gliwice.pl\/wiadomosci\/jazz-from-italy-w-ck-jazovia-wyjatkowy-festiwal-rozpoczyna-sie-juz-w-przyszlym-tygodniu\/#breadcrumb"},"inLanguage":"pl-PL","potentialAction":[{"@type":"ReadAction","target":["https:\/\/www.24gliwice.pl\/wiadomosci\/jazz-from-italy-w-ck-jazovia-wyjatkowy-festiwal-rozpoczyna-sie-juz-w-przyszlym-tygodniu\/"]}]},{"@type":"ImageObject","inLanguage":"pl-PL","@id":"https:\/\/www.24gliwice.pl\/wiadomosci\/jazz-from-italy-w-ck-jazovia-wyjatkowy-festiwal-rozpoczyna-sie-juz-w-przyszlym-tygodniu\/#primaryimage","url":"https:\/\/www.24gliwice.pl\/wiadomosci\/wp-content\/uploads\/2022\/06\/jazovia-xy-quartet-001.jpg","contentUrl":"https:\/\/www.24gliwice.pl\/wiadomosci\/wp-content\/uploads\/2022\/06\/jazovia-xy-quartet-001.jpg","width":810,"height":490},{"@type":"BreadcrumbList","@id":"https:\/\/www.24gliwice.pl\/wiadomosci\/jazz-from-italy-w-ck-jazovia-wyjatkowy-festiwal-rozpoczyna-sie-juz-w-przyszlym-tygodniu\/#breadcrumb","itemListElement":[{"@type":"ListItem","position":1,"name":"Strona g\u0142\u00f3wna","item":"https:\/\/www.24gliwice.pl\/wiadomosci\/"},{"@type":"ListItem","position":2,"name":"Jazz from Italy w CK JAZOVIA. Wyj\u0105tkowy festiwal rozpoczyna si\u0119 ju\u017c w przysz\u0142ym tygodniu"}]},{"@type":"WebSite","@id":"https:\/\/www.24gliwice.pl\/wiadomosci\/#website","url":"https:\/\/www.24gliwice.pl\/wiadomosci\/","name":"24GLIWICE - Portal Gliwice | codziennie nowe wiadomo\u015bci","description":"Portal Miejski Gliwice","publisher":{"@id":"https:\/\/www.24gliwice.pl\/wiadomosci\/#organization"},"potentialAction":[{"@type":"SearchAction","target":{"@type":"EntryPoint","urlTemplate":"https:\/\/www.24gliwice.pl\/wiadomosci\/?s={search_term_string}"},"query-input":{"@type":"PropertyValueSpecification","valueRequired":true,"valueName":"search_term_string"}}],"inLanguage":"pl-PL"},{"@type":"Organization","@id":"https:\/\/www.24gliwice.pl\/wiadomosci\/#organization","name":"24gliwice","url":"https:\/\/www.24gliwice.pl\/wiadomosci\/","logo":{"@type":"ImageObject","inLanguage":"pl-PL","@id":"https:\/\/www.24gliwice.pl\/wiadomosci\/#\/schema\/logo\/image\/","url":"https:\/\/www.24gliwice.pl\/wiadomosci\/wp-content\/uploads\/2024\/10\/24gliwice-logo-696.jpg","contentUrl":"https:\/\/www.24gliwice.pl\/wiadomosci\/wp-content\/uploads\/2024\/10\/24gliwice-logo-696.jpg","width":696,"height":696,"caption":"24gliwice"},"image":{"@id":"https:\/\/www.24gliwice.pl\/wiadomosci\/#\/schema\/logo\/image\/"},"sameAs":["https:\/\/www.facebook.com\/24gliwice","https:\/\/x.com\/24gliwice","https:\/\/www.youtube.com\/@24gliwice"]},{"@type":"Person","@id":"https:\/\/www.24gliwice.pl\/wiadomosci\/#\/schema\/person\/e42c650edd7f2fa332be3811fb166b6e","name":"\u017baneta Mrozek-Siewierska","image":{"@type":"ImageObject","inLanguage":"pl-PL","@id":"https:\/\/www.24gliwice.pl\/wiadomosci\/wp-content\/uploads\/2021\/11\/Zaneta-M_S-zdjecie-czb-96x96.jpg","url":"https:\/\/www.24gliwice.pl\/wiadomosci\/wp-content\/uploads\/2021\/11\/Zaneta-M_S-zdjecie-czb-96x96.jpg","contentUrl":"https:\/\/www.24gliwice.pl\/wiadomosci\/wp-content\/uploads\/2021\/11\/Zaneta-M_S-zdjecie-czb-96x96.jpg","caption":"\u017baneta Mrozek-Siewierska"},"url":"https:\/\/www.24gliwice.pl\/wiadomosci\/author\/zms\/"}]}},"_links":{"self":[{"href":"https:\/\/www.24gliwice.pl\/wiadomosci\/wp-json\/wp\/v2\/posts\/193943","targetHints":{"allow":["GET"]}}],"collection":[{"href":"https:\/\/www.24gliwice.pl\/wiadomosci\/wp-json\/wp\/v2\/posts"}],"about":[{"href":"https:\/\/www.24gliwice.pl\/wiadomosci\/wp-json\/wp\/v2\/types\/post"}],"author":[{"embeddable":true,"href":"https:\/\/www.24gliwice.pl\/wiadomosci\/wp-json\/wp\/v2\/users\/15"}],"replies":[{"embeddable":true,"href":"https:\/\/www.24gliwice.pl\/wiadomosci\/wp-json\/wp\/v2\/comments?post=193943"}],"version-history":[{"count":10,"href":"https:\/\/www.24gliwice.pl\/wiadomosci\/wp-json\/wp\/v2\/posts\/193943\/revisions"}],"predecessor-version":[{"id":193983,"href":"https:\/\/www.24gliwice.pl\/wiadomosci\/wp-json\/wp\/v2\/posts\/193943\/revisions\/193983"}],"wp:featuredmedia":[{"embeddable":true,"href":"https:\/\/www.24gliwice.pl\/wiadomosci\/wp-json\/wp\/v2\/media\/193953"}],"wp:attachment":[{"href":"https:\/\/www.24gliwice.pl\/wiadomosci\/wp-json\/wp\/v2\/media?parent=193943"}],"wp:term":[{"taxonomy":"category","embeddable":true,"href":"https:\/\/www.24gliwice.pl\/wiadomosci\/wp-json\/wp\/v2\/categories?post=193943"},{"taxonomy":"post_tag","embeddable":true,"href":"https:\/\/www.24gliwice.pl\/wiadomosci\/wp-json\/wp\/v2\/tags?post=193943"}],"curies":[{"name":"wp","href":"https:\/\/api.w.org\/{rel}","templated":true}]}}