{"id":193959,"date":"2022-06-10T13:07:40","date_gmt":"2022-06-10T11:07:40","guid":{"rendered":"https:\/\/www.24gliwice.pl\/wiadomosci\/?p=193959"},"modified":"2022-06-10T13:29:02","modified_gmt":"2022-06-10T11:29:02","slug":"plany-na-popoludnie-z-dzieckiem-kino-amok-ma-kilka-familijnych-propozycji","status":"publish","type":"post","link":"https:\/\/www.24gliwice.pl\/wiadomosci\/plany-na-popoludnie-z-dzieckiem-kino-amok-ma-kilka-familijnych-propozycji\/","title":{"rendered":"Plany na popo\u0142udnie z dzieckiem? Kino Amok ma kilka familijnych propozycji"},"content":{"rendered":"<div class=\"gliwi-a6-nad-leadem-artykulow gliwi-entity-placement\" id=\"gliwi-2987091065\"><div class=\"gliwi-adlabel\"><span style=\"font-size: 9px\">REKLAMA<\/span><\/div><div id=\"gliwi-3801538848\" style=\"margin-bottom: 25px;margin-left: auto;margin-right: auto;text-align: center;\"><a data-no-instant=\"1\" href=\"https:\/\/dom100.eu\/\" rel=\"noopener\" class=\"a2t-link\" target=\"_blank\" aria-label=\"20260415 DOM100 D\"><img loading=\"lazy\" decoding=\"async\" src=\"https:\/\/www.24gliwice.pl\/wiadomosci\/wp-content\/uploads\/2026\/04\/20260415-DOM100-D.jpg\" alt=\"\"  srcset=\"https:\/\/www.24gliwice.pl\/wiadomosci\/wp-content\/uploads\/2026\/04\/20260415-DOM100-D.jpg 750w, https:\/\/www.24gliwice.pl\/wiadomosci\/wp-content\/uploads\/2026\/04\/20260415-DOM100-D-410x109.jpg 410w\" sizes=\"(max-width: 750px) 100vw, 750px\" class=\"no-lazyload\" width=\"750\" height=\"200\"  style=\"display: inline-block; max-width: 100%; height: auto;\" \/><\/a><\/div><\/div><h2>Kino Amok nie tylko serwuje nam co tydzie\u0144 wybrane, najciekawsze propozycje filmowe dla doros\u0142ych. Przygotowa\u0142o te\u017c ofert\u0119 familijn\u0105 w ramach kinowych podwieczork\u00f3w dla (ca\u0142ej) rodziny.<\/h2>\n<p>&nbsp;<br \/>\nNajbli\u017csza okazja, by wybra\u0107 si\u0119 do kina z najbli\u017cszymi nadarzy si\u0119 w niedziel\u0119, 12 czerwca. O godzinie 16:15 rozpocznie si\u0119 seans filmu <strong>&#8220;Drogi Panie Dyktatorze&#8221;<\/strong>. Czy jeden list mo\u017ce zatrzyma\u0107 bieg wojennych zdarze\u0144? 11-letni Felix wraz ze swoj\u0105 kole\u017cank\u0105 postanawiaj\u0105 wys\u0142a\u0107 wiadomo\u015b\u0107 do F\u00fchrera i po\u0142o\u017cy\u0107 kres walkom. Drogi Panie Dyktatorze to opowiedziana z perspektywy dziecka historia o sile przyja\u017ani i ludziach, kt\u00f3rych los postawi\u0142 po r\u00f3\u017cnych stronach barykady. Wiek: 9+, <a href=\"https:\/\/amok.gliwice.pl\/repertuar\/kup-bilet\/?id=17158\" target=\"_blank\" rel=\"noopener\">bilety: 12\/14 z\u0142. <\/a><\/p>\n<p><iframe loading=\"lazy\" width=\"810\" height=\"455\" src=\"https:\/\/www.youtube.com\/embed\/94YVtwtYTnw\" title=\"YouTube video player\" frameborder=\"0\" allow=\"accelerometer; autoplay; clipboard-write; encrypted-media; gyroscope; picture-in-picture\" allowfullscreen><\/iframe><\/p>\n<p>R\u00f3wnie\u017c w niedziel\u0119, ale tydzie\u0144 p\u00f3\u017aniej mo\u017cna wybra\u0107 si\u0119 na film <strong>&#8220;Comedy Queen&#8221;<\/strong> (19.06, g. 16.15). Cudowna opowie\u015b\u0107 o mi\u0142o\u015bci, odwadze, t\u0119sknocie, \u017ca\u0142obie i \u015bmiechu. Wzruszaj\u0105ca, zabawna, doskona\u0142a. To film, podczas kt\u00f3rego w jednej minucie parskacie \u015bmiechem, a w kolejnej zalewacie si\u0119 \u0142zami.<\/p><div class=\"gliwi-a3-w-tresci-artykulow gliwi-entity-placement\" id=\"gliwi-3550276638\"><div class=\"gliwi-adlabel\"><span style=\"font-size: 9px\">REKLAMA<\/span><\/div><div id=\"gliwi-3924056337\" style=\"margin-bottom: 30px;margin-left: auto;margin-right: auto;text-align: center;\"><a data-no-instant=\"1\" href=\"https:\/\/zlobek.halogen.org.pl\/\" rel=\"noopener\" class=\"a2t-link\" target=\"_blank\" aria-label=\"animator-zlobek_750x200\"><img loading=\"lazy\" decoding=\"async\" src=\"https:\/\/www.24gliwice.pl\/wiadomosci\/wp-content\/uploads\/2026\/02\/animator-zlobek_750x200.webp\" alt=\"\"  srcset=\"https:\/\/www.24gliwice.pl\/wiadomosci\/wp-content\/uploads\/2026\/02\/animator-zlobek_750x200.webp 750w, https:\/\/www.24gliwice.pl\/wiadomosci\/wp-content\/uploads\/2026\/02\/animator-zlobek_750x200-410x109.webp 410w\" sizes=\"(max-width: 750px) 100vw, 750px\" class=\"no-lazyload\" width=\"750\" height=\"200\"  style=\"display: inline-block; max-width: 100%; height: auto;\" \/><\/a><\/div><\/div>\n<p>Berlinale 2022 &#8211; Kryszta\u0142owy Nied\u017awied\u017a &#8211; Nagroda Dzieci\u0119cego Jury Generacji Kplus &#8211; najlepszy film pe\u0142nometra\u017cowy. Wiek: 10+, <a href=\"https:\/\/amok.gliwice.pl\/repertuar\/kup-bilet\/?id=17167\" target=\"_blank\" rel=\"noopener\">bilety: 12\/14 z\u0142. <\/a><\/p>\n<p><iframe loading=\"lazy\" width=\"810\" height=\"455\" src=\"https:\/\/www.youtube.com\/embed\/5VQyqgFuZEU\" title=\"YouTube video player\" frameborder=\"0\" allow=\"accelerometer; autoplay; clipboard-write; encrypted-media; gyroscope; picture-in-picture\" allowfullscreen><\/iframe><\/p>\n<p>Propozycja na kolejne niedzielne, czerwcowe popo\u0142udnie, to <strong>&#8220;Wierszyki domowe na ekranie&#8221;<\/strong> (26 czerwca (nd) g. 16.15). Pr\u00f3g ci\u0105gle podk\u0142ada ci nog\u0119? Wyprowadzasz klucz na smyczy? Lubisz \u015bpiewa\u0107 do prysznica? Ogl\u0105dasz kr\u0119c\u0105ce si\u0119 w pralce pranie? Nasze domowe przedmioty prowadz\u0105 w ukryciu podw\u00f3jne \u017cycie. Sprawd\u017a, co robi\u0105, kiedy nie patrzysz.<\/p>\n<p><iframe loading=\"lazy\" width=\"810\" height=\"455\" src=\"https:\/\/www.youtube.com\/embed\/MC7Ah_hASus\" title=\"YouTube video player\" frameborder=\"0\" allow=\"accelerometer; autoplay; clipboard-write; encrypted-media; gyroscope; picture-in-picture\" allowfullscreen><\/iframe><\/p>\n<p>Kinowy film dla dzieci zrealizowany w technice kombinowanej, \u0142\u0105cz\u0105cej animacje ze zdj\u0119ciami nakr\u0119conymi kamer\u0105 filmow\u0105. Przygodow\u0105 akcj\u0119 ka\u017cdego odcinka opowiada nam lektor. W tej roli pojawi\u0142 si\u0119 wybitny aktor, <strong>Adam Woronowicz.<\/strong> Natomiast animowane zagadki, pomi\u0119dzy odcinkami, prezentowa\u0107 b\u0119dzie z ekranu <strong>Micha\u0142 Rusinek<\/strong>. Wiek: 5+, <a href=\"https:\/\/amok.gliwice.pl\/repertuar\/kup-bilet\/?id=17159\" target=\"_blank\" rel=\"noopener\">bilety: 10 z\u0142. <\/a><\/p>\n<p>(\u017cms)\/mat. Amok<br \/>\nfot. 24gliwice.pl\/\u017bMS<\/p>\n<div class=\"gliwi-a5-na-koncu-artykulow gliwi-entity-placement\" id=\"gliwi-3204405531\"><div class=\"gliwi-adlabel\"><span style=\"font-size: 9px\">REKLAMA<\/span><\/div><div id=\"gliwi-2058362439\" style=\"margin-left: auto;margin-right: auto;text-align: center;\"><a data-no-instant=\"1\" href=\"https:\/\/prezeroarenagliwice.pl\/\" rel=\"noopener\" class=\"a2t-link\" target=\"_blank\" aria-label=\"20260309-PREZERO-WIOSNA-D\"><img loading=\"lazy\" decoding=\"async\" src=\"https:\/\/www.24gliwice.pl\/wiadomosci\/wp-content\/uploads\/2026\/03\/20260309-PREZERO-WIOSNA-D.webp\" alt=\"\"  srcset=\"https:\/\/www.24gliwice.pl\/wiadomosci\/wp-content\/uploads\/2026\/03\/20260309-PREZERO-WIOSNA-D.webp 750w, https:\/\/www.24gliwice.pl\/wiadomosci\/wp-content\/uploads\/2026\/03\/20260309-PREZERO-WIOSNA-D-410x109.webp 410w\" sizes=\"(max-width: 750px) 100vw, 750px\" class=\"no-lazyload\" width=\"750\" height=\"200\"  style=\"display: inline-block; max-width: 100%; height: auto;\" \/><\/a><\/div><\/div>","protected":false},"excerpt":{"rendered":"<p>Kino Amok nie tylko serwuje nam co tydzie\u0144 wybrane, najciekawsze propozycje filmowe dla doros\u0142ych. Przygotowa\u0142o te\u017c ofert\u0119 familijn\u0105 w ramach kinowych podwieczork\u00f3w dla (ca\u0142ej) rodziny. &nbsp; Najbli\u017csza okazja, by wybra\u0107 si\u0119 do kina z najbli\u017cszymi nadarzy si\u0119 w niedziel\u0119, 12 czerwca. O godzinie 16:15 rozpocznie si\u0119 seans filmu &#8220;Drogi Panie Dyktatorze&#8221;. Czy jeden list mo\u017ce [&hellip;]<\/p>\n","protected":false},"author":15,"featured_media":194376,"comment_status":"open","ping_status":"closed","sticky":false,"template":"","format":"standard","meta":{"_monsterinsights_skip_tracking":false,"_monsterinsights_sitenote_active":false,"_monsterinsights_sitenote_note":"","_monsterinsights_sitenote_category":0,"footnotes":"","_links_to":"","_links_to_target":""},"categories":[3,6,1],"tags":[256],"class_list":["post-193959","post","type-post","status-publish","format-standard","has-post-thumbnail","hentry","category-gliwice","category-kultura","category-wszystko","tag-kino-amok"],"yoast_head":"<!-- This site is optimized with the Yoast SEO plugin v27.4 - https:\/\/yoast.com\/product\/yoast-seo-wordpress\/ -->\n<title>Plany na popo\u0142udnie z dzieckiem? Kino Amok ma kilka familijnych propozycji - 24GLIWICE - Portal Gliwice | codziennie nowe informacje<\/title>\n<meta name=\"description\" content=\"Do kina Amok mo\u017cna wybra\u0107 si\u0119 nie tylko na ambitne propozycje filmowe. W niedziel\u0119 mamy tam kinowe podwieczorki dla ca\u0142ej rodziny\" \/>\n<meta name=\"robots\" content=\"index, follow, max-snippet:-1, max-image-preview:large, max-video-preview:-1\" \/>\n<link rel=\"canonical\" href=\"https:\/\/www.24gliwice.pl\/wiadomosci\/plany-na-popoludnie-z-dzieckiem-kino-amok-ma-kilka-familijnych-propozycji\/\" \/>\n<meta property=\"og:locale\" content=\"pl_PL\" \/>\n<meta property=\"og:type\" content=\"article\" \/>\n<meta property=\"og:title\" content=\"Plany na popo\u0142udnie z dzieckiem? Kino Amok ma kilka familijnych propozycji - 24GLIWICE - Portal Gliwice | codziennie nowe informacje\" \/>\n<meta property=\"og:description\" content=\"Do kina Amok mo\u017cna wybra\u0107 si\u0119 nie tylko na ambitne propozycje filmowe. W niedziel\u0119 mamy tam kinowe podwieczorki dla ca\u0142ej rodziny\" \/>\n<meta property=\"og:url\" content=\"https:\/\/www.24gliwice.pl\/wiadomosci\/plany-na-popoludnie-z-dzieckiem-kino-amok-ma-kilka-familijnych-propozycji\/\" \/>\n<meta property=\"og:site_name\" content=\"24GLIWICE - Portal Gliwice | codziennie nowe informacje\" \/>\n<meta property=\"article:publisher\" content=\"https:\/\/www.facebook.com\/24gliwice\" \/>\n<meta property=\"article:published_time\" content=\"2022-06-10T11:07:40+00:00\" \/>\n<meta property=\"article:modified_time\" content=\"2022-06-10T11:29:02+00:00\" \/>\n<meta property=\"og:image\" content=\"https:\/\/www.24gliwice.pl\/wiadomosci\/wp-content\/uploads\/2022\/06\/kino-amok.jpg\" \/>\n\t<meta property=\"og:image:width\" content=\"810\" \/>\n\t<meta property=\"og:image:height\" content=\"456\" \/>\n\t<meta property=\"og:image:type\" content=\"image\/jpeg\" \/>\n<meta name=\"author\" content=\"\u017baneta Mrozek-Siewierska\" \/>\n<meta name=\"twitter:card\" content=\"summary_large_image\" \/>\n<meta name=\"twitter:creator\" content=\"@24gliwice\" \/>\n<meta name=\"twitter:site\" content=\"@24gliwice\" \/>\n<meta name=\"twitter:label1\" content=\"Napisane przez\" \/>\n\t<meta name=\"twitter:data1\" content=\"\u017baneta Mrozek-Siewierska\" \/>\n\t<meta name=\"twitter:label2\" content=\"Szacowany czas czytania\" \/>\n\t<meta name=\"twitter:data2\" content=\"2 minuty\" \/>\n<script type=\"application\/ld+json\" class=\"yoast-schema-graph\">{\"@context\":\"https:\\\/\\\/schema.org\",\"@graph\":[{\"@type\":\"Article\",\"@id\":\"https:\\\/\\\/www.24gliwice.pl\\\/wiadomosci\\\/plany-na-popoludnie-z-dzieckiem-kino-amok-ma-kilka-familijnych-propozycji\\\/#article\",\"isPartOf\":{\"@id\":\"https:\\\/\\\/www.24gliwice.pl\\\/wiadomosci\\\/plany-na-popoludnie-z-dzieckiem-kino-amok-ma-kilka-familijnych-propozycji\\\/\"},\"author\":{\"name\":\"\u017baneta Mrozek-Siewierska\",\"@id\":\"https:\\\/\\\/www.24gliwice.pl\\\/wiadomosci\\\/#\\\/schema\\\/person\\\/e42c650edd7f2fa332be3811fb166b6e\"},\"headline\":\"Plany na popo\u0142udnie z dzieckiem? Kino Amok ma kilka familijnych propozycji\",\"datePublished\":\"2022-06-10T11:07:40+00:00\",\"dateModified\":\"2022-06-10T11:29:02+00:00\",\"mainEntityOfPage\":{\"@id\":\"https:\\\/\\\/www.24gliwice.pl\\\/wiadomosci\\\/plany-na-popoludnie-z-dzieckiem-kino-amok-ma-kilka-familijnych-propozycji\\\/\"},\"wordCount\":309,\"commentCount\":0,\"publisher\":{\"@id\":\"https:\\\/\\\/www.24gliwice.pl\\\/wiadomosci\\\/#organization\"},\"image\":{\"@id\":\"https:\\\/\\\/www.24gliwice.pl\\\/wiadomosci\\\/plany-na-popoludnie-z-dzieckiem-kino-amok-ma-kilka-familijnych-propozycji\\\/#primaryimage\"},\"thumbnailUrl\":\"https:\\\/\\\/www.24gliwice.pl\\\/wiadomosci\\\/wp-content\\\/uploads\\\/2022\\\/06\\\/kino-amok.jpg\",\"keywords\":[\"KINO AMOK\"],\"articleSection\":[\"Gliwice\",\"Kultura, wydarzenia, imprezy\",\"Najnowsze wiadomo\u015bci\"],\"inLanguage\":\"pl-PL\",\"potentialAction\":[{\"@type\":\"CommentAction\",\"name\":\"Comment\",\"target\":[\"https:\\\/\\\/www.24gliwice.pl\\\/wiadomosci\\\/plany-na-popoludnie-z-dzieckiem-kino-amok-ma-kilka-familijnych-propozycji\\\/#respond\"]}]},{\"@type\":\"WebPage\",\"@id\":\"https:\\\/\\\/www.24gliwice.pl\\\/wiadomosci\\\/plany-na-popoludnie-z-dzieckiem-kino-amok-ma-kilka-familijnych-propozycji\\\/\",\"url\":\"https:\\\/\\\/www.24gliwice.pl\\\/wiadomosci\\\/plany-na-popoludnie-z-dzieckiem-kino-amok-ma-kilka-familijnych-propozycji\\\/\",\"name\":\"Plany na popo\u0142udnie z dzieckiem? Kino Amok ma kilka familijnych propozycji - 24GLIWICE - Portal Gliwice | codziennie nowe informacje\",\"isPartOf\":{\"@id\":\"https:\\\/\\\/www.24gliwice.pl\\\/wiadomosci\\\/#website\"},\"primaryImageOfPage\":{\"@id\":\"https:\\\/\\\/www.24gliwice.pl\\\/wiadomosci\\\/plany-na-popoludnie-z-dzieckiem-kino-amok-ma-kilka-familijnych-propozycji\\\/#primaryimage\"},\"image\":{\"@id\":\"https:\\\/\\\/www.24gliwice.pl\\\/wiadomosci\\\/plany-na-popoludnie-z-dzieckiem-kino-amok-ma-kilka-familijnych-propozycji\\\/#primaryimage\"},\"thumbnailUrl\":\"https:\\\/\\\/www.24gliwice.pl\\\/wiadomosci\\\/wp-content\\\/uploads\\\/2022\\\/06\\\/kino-amok.jpg\",\"datePublished\":\"2022-06-10T11:07:40+00:00\",\"dateModified\":\"2022-06-10T11:29:02+00:00\",\"description\":\"Do kina Amok mo\u017cna wybra\u0107 si\u0119 nie tylko na ambitne propozycje filmowe. W niedziel\u0119 mamy tam kinowe podwieczorki dla ca\u0142ej rodziny\",\"breadcrumb\":{\"@id\":\"https:\\\/\\\/www.24gliwice.pl\\\/wiadomosci\\\/plany-na-popoludnie-z-dzieckiem-kino-amok-ma-kilka-familijnych-propozycji\\\/#breadcrumb\"},\"inLanguage\":\"pl-PL\",\"potentialAction\":[{\"@type\":\"ReadAction\",\"target\":[\"https:\\\/\\\/www.24gliwice.pl\\\/wiadomosci\\\/plany-na-popoludnie-z-dzieckiem-kino-amok-ma-kilka-familijnych-propozycji\\\/\"]}]},{\"@type\":\"ImageObject\",\"inLanguage\":\"pl-PL\",\"@id\":\"https:\\\/\\\/www.24gliwice.pl\\\/wiadomosci\\\/plany-na-popoludnie-z-dzieckiem-kino-amok-ma-kilka-familijnych-propozycji\\\/#primaryimage\",\"url\":\"https:\\\/\\\/www.24gliwice.pl\\\/wiadomosci\\\/wp-content\\\/uploads\\\/2022\\\/06\\\/kino-amok.jpg\",\"contentUrl\":\"https:\\\/\\\/www.24gliwice.pl\\\/wiadomosci\\\/wp-content\\\/uploads\\\/2022\\\/06\\\/kino-amok.jpg\",\"width\":810,\"height\":456},{\"@type\":\"BreadcrumbList\",\"@id\":\"https:\\\/\\\/www.24gliwice.pl\\\/wiadomosci\\\/plany-na-popoludnie-z-dzieckiem-kino-amok-ma-kilka-familijnych-propozycji\\\/#breadcrumb\",\"itemListElement\":[{\"@type\":\"ListItem\",\"position\":1,\"name\":\"Strona g\u0142\u00f3wna\",\"item\":\"https:\\\/\\\/www.24gliwice.pl\\\/wiadomosci\\\/\"},{\"@type\":\"ListItem\",\"position\":2,\"name\":\"Plany na popo\u0142udnie z dzieckiem? Kino Amok ma kilka familijnych propozycji\"}]},{\"@type\":\"WebSite\",\"@id\":\"https:\\\/\\\/www.24gliwice.pl\\\/wiadomosci\\\/#website\",\"url\":\"https:\\\/\\\/www.24gliwice.pl\\\/wiadomosci\\\/\",\"name\":\"24GLIWICE - Portal Gliwice | codziennie nowe wiadomo\u015bci\",\"description\":\"Portal Miejski Gliwice\",\"publisher\":{\"@id\":\"https:\\\/\\\/www.24gliwice.pl\\\/wiadomosci\\\/#organization\"},\"potentialAction\":[{\"@type\":\"SearchAction\",\"target\":{\"@type\":\"EntryPoint\",\"urlTemplate\":\"https:\\\/\\\/www.24gliwice.pl\\\/wiadomosci\\\/?s={search_term_string}\"},\"query-input\":{\"@type\":\"PropertyValueSpecification\",\"valueRequired\":true,\"valueName\":\"search_term_string\"}}],\"inLanguage\":\"pl-PL\"},{\"@type\":\"Organization\",\"@id\":\"https:\\\/\\\/www.24gliwice.pl\\\/wiadomosci\\\/#organization\",\"name\":\"24gliwice\",\"url\":\"https:\\\/\\\/www.24gliwice.pl\\\/wiadomosci\\\/\",\"logo\":{\"@type\":\"ImageObject\",\"inLanguage\":\"pl-PL\",\"@id\":\"https:\\\/\\\/www.24gliwice.pl\\\/wiadomosci\\\/#\\\/schema\\\/logo\\\/image\\\/\",\"url\":\"https:\\\/\\\/www.24gliwice.pl\\\/wiadomosci\\\/wp-content\\\/uploads\\\/2024\\\/10\\\/24gliwice-logo-696.jpg\",\"contentUrl\":\"https:\\\/\\\/www.24gliwice.pl\\\/wiadomosci\\\/wp-content\\\/uploads\\\/2024\\\/10\\\/24gliwice-logo-696.jpg\",\"width\":696,\"height\":696,\"caption\":\"24gliwice\"},\"image\":{\"@id\":\"https:\\\/\\\/www.24gliwice.pl\\\/wiadomosci\\\/#\\\/schema\\\/logo\\\/image\\\/\"},\"sameAs\":[\"https:\\\/\\\/www.facebook.com\\\/24gliwice\",\"https:\\\/\\\/x.com\\\/24gliwice\",\"https:\\\/\\\/www.youtube.com\\\/@24gliwice\"]},{\"@type\":\"Person\",\"@id\":\"https:\\\/\\\/www.24gliwice.pl\\\/wiadomosci\\\/#\\\/schema\\\/person\\\/e42c650edd7f2fa332be3811fb166b6e\",\"name\":\"\u017baneta Mrozek-Siewierska\",\"image\":{\"@type\":\"ImageObject\",\"inLanguage\":\"pl-PL\",\"@id\":\"https:\\\/\\\/www.24gliwice.pl\\\/wiadomosci\\\/wp-content\\\/uploads\\\/2021\\\/11\\\/Zaneta-M_S-zdjecie-czb-96x96.jpg\",\"url\":\"https:\\\/\\\/www.24gliwice.pl\\\/wiadomosci\\\/wp-content\\\/uploads\\\/2021\\\/11\\\/Zaneta-M_S-zdjecie-czb-96x96.jpg\",\"contentUrl\":\"https:\\\/\\\/www.24gliwice.pl\\\/wiadomosci\\\/wp-content\\\/uploads\\\/2021\\\/11\\\/Zaneta-M_S-zdjecie-czb-96x96.jpg\",\"caption\":\"\u017baneta Mrozek-Siewierska\"},\"url\":\"https:\\\/\\\/www.24gliwice.pl\\\/wiadomosci\\\/author\\\/zms\\\/\"}]}<\/script>\n<!-- \/ Yoast SEO plugin. -->","yoast_head_json":{"title":"Plany na popo\u0142udnie z dzieckiem? Kino Amok ma kilka familijnych propozycji - 24GLIWICE - Portal Gliwice | codziennie nowe informacje","description":"Do kina Amok mo\u017cna wybra\u0107 si\u0119 nie tylko na ambitne propozycje filmowe. W niedziel\u0119 mamy tam kinowe podwieczorki dla ca\u0142ej rodziny","robots":{"index":"index","follow":"follow","max-snippet":"max-snippet:-1","max-image-preview":"max-image-preview:large","max-video-preview":"max-video-preview:-1"},"canonical":"https:\/\/www.24gliwice.pl\/wiadomosci\/plany-na-popoludnie-z-dzieckiem-kino-amok-ma-kilka-familijnych-propozycji\/","og_locale":"pl_PL","og_type":"article","og_title":"Plany na popo\u0142udnie z dzieckiem? Kino Amok ma kilka familijnych propozycji - 24GLIWICE - Portal Gliwice | codziennie nowe informacje","og_description":"Do kina Amok mo\u017cna wybra\u0107 si\u0119 nie tylko na ambitne propozycje filmowe. W niedziel\u0119 mamy tam kinowe podwieczorki dla ca\u0142ej rodziny","og_url":"https:\/\/www.24gliwice.pl\/wiadomosci\/plany-na-popoludnie-z-dzieckiem-kino-amok-ma-kilka-familijnych-propozycji\/","og_site_name":"24GLIWICE - Portal Gliwice | codziennie nowe informacje","article_publisher":"https:\/\/www.facebook.com\/24gliwice","article_published_time":"2022-06-10T11:07:40+00:00","article_modified_time":"2022-06-10T11:29:02+00:00","og_image":[{"width":810,"height":456,"url":"https:\/\/www.24gliwice.pl\/wiadomosci\/wp-content\/uploads\/2022\/06\/kino-amok.jpg","type":"image\/jpeg"}],"author":"\u017baneta Mrozek-Siewierska","twitter_card":"summary_large_image","twitter_creator":"@24gliwice","twitter_site":"@24gliwice","twitter_misc":{"Napisane przez":"\u017baneta Mrozek-Siewierska","Szacowany czas czytania":"2 minuty"},"schema":{"@context":"https:\/\/schema.org","@graph":[{"@type":"Article","@id":"https:\/\/www.24gliwice.pl\/wiadomosci\/plany-na-popoludnie-z-dzieckiem-kino-amok-ma-kilka-familijnych-propozycji\/#article","isPartOf":{"@id":"https:\/\/www.24gliwice.pl\/wiadomosci\/plany-na-popoludnie-z-dzieckiem-kino-amok-ma-kilka-familijnych-propozycji\/"},"author":{"name":"\u017baneta Mrozek-Siewierska","@id":"https:\/\/www.24gliwice.pl\/wiadomosci\/#\/schema\/person\/e42c650edd7f2fa332be3811fb166b6e"},"headline":"Plany na popo\u0142udnie z dzieckiem? Kino Amok ma kilka familijnych propozycji","datePublished":"2022-06-10T11:07:40+00:00","dateModified":"2022-06-10T11:29:02+00:00","mainEntityOfPage":{"@id":"https:\/\/www.24gliwice.pl\/wiadomosci\/plany-na-popoludnie-z-dzieckiem-kino-amok-ma-kilka-familijnych-propozycji\/"},"wordCount":309,"commentCount":0,"publisher":{"@id":"https:\/\/www.24gliwice.pl\/wiadomosci\/#organization"},"image":{"@id":"https:\/\/www.24gliwice.pl\/wiadomosci\/plany-na-popoludnie-z-dzieckiem-kino-amok-ma-kilka-familijnych-propozycji\/#primaryimage"},"thumbnailUrl":"https:\/\/www.24gliwice.pl\/wiadomosci\/wp-content\/uploads\/2022\/06\/kino-amok.jpg","keywords":["KINO AMOK"],"articleSection":["Gliwice","Kultura, wydarzenia, imprezy","Najnowsze wiadomo\u015bci"],"inLanguage":"pl-PL","potentialAction":[{"@type":"CommentAction","name":"Comment","target":["https:\/\/www.24gliwice.pl\/wiadomosci\/plany-na-popoludnie-z-dzieckiem-kino-amok-ma-kilka-familijnych-propozycji\/#respond"]}]},{"@type":"WebPage","@id":"https:\/\/www.24gliwice.pl\/wiadomosci\/plany-na-popoludnie-z-dzieckiem-kino-amok-ma-kilka-familijnych-propozycji\/","url":"https:\/\/www.24gliwice.pl\/wiadomosci\/plany-na-popoludnie-z-dzieckiem-kino-amok-ma-kilka-familijnych-propozycji\/","name":"Plany na popo\u0142udnie z dzieckiem? Kino Amok ma kilka familijnych propozycji - 24GLIWICE - Portal Gliwice | codziennie nowe informacje","isPartOf":{"@id":"https:\/\/www.24gliwice.pl\/wiadomosci\/#website"},"primaryImageOfPage":{"@id":"https:\/\/www.24gliwice.pl\/wiadomosci\/plany-na-popoludnie-z-dzieckiem-kino-amok-ma-kilka-familijnych-propozycji\/#primaryimage"},"image":{"@id":"https:\/\/www.24gliwice.pl\/wiadomosci\/plany-na-popoludnie-z-dzieckiem-kino-amok-ma-kilka-familijnych-propozycji\/#primaryimage"},"thumbnailUrl":"https:\/\/www.24gliwice.pl\/wiadomosci\/wp-content\/uploads\/2022\/06\/kino-amok.jpg","datePublished":"2022-06-10T11:07:40+00:00","dateModified":"2022-06-10T11:29:02+00:00","description":"Do kina Amok mo\u017cna wybra\u0107 si\u0119 nie tylko na ambitne propozycje filmowe. W niedziel\u0119 mamy tam kinowe podwieczorki dla ca\u0142ej rodziny","breadcrumb":{"@id":"https:\/\/www.24gliwice.pl\/wiadomosci\/plany-na-popoludnie-z-dzieckiem-kino-amok-ma-kilka-familijnych-propozycji\/#breadcrumb"},"inLanguage":"pl-PL","potentialAction":[{"@type":"ReadAction","target":["https:\/\/www.24gliwice.pl\/wiadomosci\/plany-na-popoludnie-z-dzieckiem-kino-amok-ma-kilka-familijnych-propozycji\/"]}]},{"@type":"ImageObject","inLanguage":"pl-PL","@id":"https:\/\/www.24gliwice.pl\/wiadomosci\/plany-na-popoludnie-z-dzieckiem-kino-amok-ma-kilka-familijnych-propozycji\/#primaryimage","url":"https:\/\/www.24gliwice.pl\/wiadomosci\/wp-content\/uploads\/2022\/06\/kino-amok.jpg","contentUrl":"https:\/\/www.24gliwice.pl\/wiadomosci\/wp-content\/uploads\/2022\/06\/kino-amok.jpg","width":810,"height":456},{"@type":"BreadcrumbList","@id":"https:\/\/www.24gliwice.pl\/wiadomosci\/plany-na-popoludnie-z-dzieckiem-kino-amok-ma-kilka-familijnych-propozycji\/#breadcrumb","itemListElement":[{"@type":"ListItem","position":1,"name":"Strona g\u0142\u00f3wna","item":"https:\/\/www.24gliwice.pl\/wiadomosci\/"},{"@type":"ListItem","position":2,"name":"Plany na popo\u0142udnie z dzieckiem? Kino Amok ma kilka familijnych propozycji"}]},{"@type":"WebSite","@id":"https:\/\/www.24gliwice.pl\/wiadomosci\/#website","url":"https:\/\/www.24gliwice.pl\/wiadomosci\/","name":"24GLIWICE - Portal Gliwice | codziennie nowe wiadomo\u015bci","description":"Portal Miejski Gliwice","publisher":{"@id":"https:\/\/www.24gliwice.pl\/wiadomosci\/#organization"},"potentialAction":[{"@type":"SearchAction","target":{"@type":"EntryPoint","urlTemplate":"https:\/\/www.24gliwice.pl\/wiadomosci\/?s={search_term_string}"},"query-input":{"@type":"PropertyValueSpecification","valueRequired":true,"valueName":"search_term_string"}}],"inLanguage":"pl-PL"},{"@type":"Organization","@id":"https:\/\/www.24gliwice.pl\/wiadomosci\/#organization","name":"24gliwice","url":"https:\/\/www.24gliwice.pl\/wiadomosci\/","logo":{"@type":"ImageObject","inLanguage":"pl-PL","@id":"https:\/\/www.24gliwice.pl\/wiadomosci\/#\/schema\/logo\/image\/","url":"https:\/\/www.24gliwice.pl\/wiadomosci\/wp-content\/uploads\/2024\/10\/24gliwice-logo-696.jpg","contentUrl":"https:\/\/www.24gliwice.pl\/wiadomosci\/wp-content\/uploads\/2024\/10\/24gliwice-logo-696.jpg","width":696,"height":696,"caption":"24gliwice"},"image":{"@id":"https:\/\/www.24gliwice.pl\/wiadomosci\/#\/schema\/logo\/image\/"},"sameAs":["https:\/\/www.facebook.com\/24gliwice","https:\/\/x.com\/24gliwice","https:\/\/www.youtube.com\/@24gliwice"]},{"@type":"Person","@id":"https:\/\/www.24gliwice.pl\/wiadomosci\/#\/schema\/person\/e42c650edd7f2fa332be3811fb166b6e","name":"\u017baneta Mrozek-Siewierska","image":{"@type":"ImageObject","inLanguage":"pl-PL","@id":"https:\/\/www.24gliwice.pl\/wiadomosci\/wp-content\/uploads\/2021\/11\/Zaneta-M_S-zdjecie-czb-96x96.jpg","url":"https:\/\/www.24gliwice.pl\/wiadomosci\/wp-content\/uploads\/2021\/11\/Zaneta-M_S-zdjecie-czb-96x96.jpg","contentUrl":"https:\/\/www.24gliwice.pl\/wiadomosci\/wp-content\/uploads\/2021\/11\/Zaneta-M_S-zdjecie-czb-96x96.jpg","caption":"\u017baneta Mrozek-Siewierska"},"url":"https:\/\/www.24gliwice.pl\/wiadomosci\/author\/zms\/"}]}},"_links":{"self":[{"href":"https:\/\/www.24gliwice.pl\/wiadomosci\/wp-json\/wp\/v2\/posts\/193959","targetHints":{"allow":["GET"]}}],"collection":[{"href":"https:\/\/www.24gliwice.pl\/wiadomosci\/wp-json\/wp\/v2\/posts"}],"about":[{"href":"https:\/\/www.24gliwice.pl\/wiadomosci\/wp-json\/wp\/v2\/types\/post"}],"author":[{"embeddable":true,"href":"https:\/\/www.24gliwice.pl\/wiadomosci\/wp-json\/wp\/v2\/users\/15"}],"replies":[{"embeddable":true,"href":"https:\/\/www.24gliwice.pl\/wiadomosci\/wp-json\/wp\/v2\/comments?post=193959"}],"version-history":[{"count":8,"href":"https:\/\/www.24gliwice.pl\/wiadomosci\/wp-json\/wp\/v2\/posts\/193959\/revisions"}],"predecessor-version":[{"id":194385,"href":"https:\/\/www.24gliwice.pl\/wiadomosci\/wp-json\/wp\/v2\/posts\/193959\/revisions\/194385"}],"wp:featuredmedia":[{"embeddable":true,"href":"https:\/\/www.24gliwice.pl\/wiadomosci\/wp-json\/wp\/v2\/media\/194376"}],"wp:attachment":[{"href":"https:\/\/www.24gliwice.pl\/wiadomosci\/wp-json\/wp\/v2\/media?parent=193959"}],"wp:term":[{"taxonomy":"category","embeddable":true,"href":"https:\/\/www.24gliwice.pl\/wiadomosci\/wp-json\/wp\/v2\/categories?post=193959"},{"taxonomy":"post_tag","embeddable":true,"href":"https:\/\/www.24gliwice.pl\/wiadomosci\/wp-json\/wp\/v2\/tags?post=193959"}],"curies":[{"name":"wp","href":"https:\/\/api.w.org\/{rel}","templated":true}]}}