{"id":194020,"date":"2022-06-07T12:31:20","date_gmt":"2022-06-07T10:31:20","guid":{"rendered":"https:\/\/www.24gliwice.pl\/wiadomosci\/?p=194020"},"modified":"2022-06-07T12:31:20","modified_gmt":"2022-06-07T10:31:20","slug":"kreca-kilometry-dla-hospicjum-ze-wsparciem-centrum-handlowego-forum-otrzymali-specjalny-grant","status":"publish","type":"post","link":"https:\/\/www.24gliwice.pl\/wiadomosci\/kreca-kilometry-dla-hospicjum-ze-wsparciem-centrum-handlowego-forum-otrzymali-specjalny-grant\/","title":{"rendered":"Kr\u0119c\u0105 kilometry dla Hospicjum ze wsparciem centrum handlowego Forum. Otrzymali specjalny grant"},"content":{"rendered":"<div class=\"gliwi-a6-nad-leadem-artykulow gliwi-entity-placement\" id=\"gliwi-2994037098\"><div class=\"gliwi-adlabel\"><span style=\"font-size: 9px\">REKLAMA<\/span><\/div><div id=\"gliwi-1573096962\" style=\"margin-bottom: 30px;margin-left: auto;margin-right: auto;text-align: center;\"><a data-no-instant=\"1\" href=\"https:\/\/przedszkole.halogen.org.pl\/\" rel=\"noopener\" class=\"a2t-link\" target=\"_blank\" aria-label=\"20260402-ANIMATOR-przedszkole_grafika_750x200\"><img loading=\"lazy\" decoding=\"async\" src=\"https:\/\/www.24gliwice.pl\/wiadomosci\/wp-content\/uploads\/2026\/04\/20260402-ANIMATOR-przedszkole_grafika_750x200.webp\" alt=\"\"  srcset=\"https:\/\/www.24gliwice.pl\/wiadomosci\/wp-content\/uploads\/2026\/04\/20260402-ANIMATOR-przedszkole_grafika_750x200.webp 750w, https:\/\/www.24gliwice.pl\/wiadomosci\/wp-content\/uploads\/2026\/04\/20260402-ANIMATOR-przedszkole_grafika_750x200-410x109.webp 410w\" sizes=\"(max-width: 750px) 100vw, 750px\" class=\"no-lazyload\" width=\"750\" height=\"200\"  style=\"display: inline-block; max-width: 100%; height: auto;\" \/><\/a><\/div><\/div><h2>Kilkana\u015bcioro mi\u0142o\u015bnik\u00f3w rower\u00f3w wyruszy w najbli\u017csz\u0105 sobot\u0119 w siedmiodniow\u0105 podr\u00f3\u017c na Hel. Mowa o uczniach szko\u0142y nr 21 w Gliwicach, kt\u00f3rzy przedstawili pomys\u0142 kr\u0119cenia kilometr\u00f3w na rzecz gliwickiego hospicjum.<\/h2>\n<p>&nbsp;<br \/>\nCentrum Handlowe Forum rok temu przyzna\u0142o m\u0142odym cyklistom grant o warto\u015bci 8 tys. z\u0142, kt\u00f3ry wspom\u00f3g\u0142 ich w organizacji tegorocznej wyprawy. Teraz zaprasza do wsparcia zbi\u00f3rki publicznej na rzecz gliwickiego Hospicjum. To w\u0142a\u015bnie t\u0119 plac\u00f3wk\u0119 zamierzaj\u0105c wspom\u00f3c tak\u017ce rowerzy\u015bci z Gliwic. <\/p>\n<p><a href=\"https:\/\/www.24gliwice.pl\/wiadomosci\/wp-content\/uploads\/2022\/06\/wyprawa-na-hel.jpg\"><img loading=\"lazy\" decoding=\"async\" src=\"https:\/\/www.24gliwice.pl\/wiadomosci\/wp-content\/uploads\/2022\/06\/wyprawa-na-hel.jpg\" alt=\"\" width=\"810\" height=\"555\" class=\"alignnone size-full wp-image-194044\" srcset=\"https:\/\/www.24gliwice.pl\/wiadomosci\/wp-content\/uploads\/2022\/06\/wyprawa-na-hel.jpg 810w, https:\/\/www.24gliwice.pl\/wiadomosci\/wp-content\/uploads\/2022\/06\/wyprawa-na-hel-339x232.jpg 339w, https:\/\/www.24gliwice.pl\/wiadomosci\/wp-content\/uploads\/2022\/06\/wyprawa-na-hel-664x455.jpg 664w, https:\/\/www.24gliwice.pl\/wiadomosci\/wp-content\/uploads\/2022\/06\/wyprawa-na-hel-768x526.jpg 768w, https:\/\/www.24gliwice.pl\/wiadomosci\/wp-content\/uploads\/2022\/06\/wyprawa-na-hel-145x100.jpg 145w, https:\/\/www.24gliwice.pl\/wiadomosci\/wp-content\/uploads\/2022\/06\/wyprawa-na-hel-380x260.jpg 380w\" sizes=\"auto, (max-width: 810px) 100vw, 810px\" \/><\/a><\/p>\n<p> \u2013 <em>Chcieli\u015bmy wesprze\u0107 dzia\u0142ania, kt\u00f3re maj\u0105 na celu w\u0142\u0105czenie m\u0142odego pokolenia w procesy partycypacyjne i \u017cycie spo\u0142eczne. To w\u0142a\u015bnie w nich m\u0142odzi Gliwiczanie maj\u0105 poczu\u0107 sw\u00f3j wp\u0142yw na otoczenie. Wspania\u0142e by\u0142o to, \u017ce to w\u0142a\u015bnie sama m\u0142odzie\u017c za po\u015brednictwem szk\u00f3\u0142 zg\u0142asza\u0142a projekty a tak\u017ce potem na nie g\u0142osowa\u0142a<\/em> \u2013 m\u00f3wi <strong>Alicja Sucha\u0144ska-Kr\u00f3lica<\/strong>, menad\u017cer ds. administracji i marketingu w CH FORUM.<\/p><div class=\"gliwi-a3-w-tresci-artykulow gliwi-entity-placement\" id=\"gliwi-3611626859\"><div class=\"gliwi-adlabel\"><span style=\"font-size: 9px\">REKLAMA<\/span><\/div><div id=\"gliwi-3278007316\" style=\"margin-bottom: 30px;margin-left: auto;margin-right: auto;text-align: center;\"><a data-no-instant=\"1\" href=\"https:\/\/zlobek.halogen.org.pl\/\" rel=\"noopener\" class=\"a2t-link\" target=\"_blank\" aria-label=\"animator-zlobek_750x200\"><img loading=\"lazy\" decoding=\"async\" src=\"https:\/\/www.24gliwice.pl\/wiadomosci\/wp-content\/uploads\/2026\/02\/animator-zlobek_750x200.webp\" alt=\"\"  srcset=\"https:\/\/www.24gliwice.pl\/wiadomosci\/wp-content\/uploads\/2026\/02\/animator-zlobek_750x200.webp 750w, https:\/\/www.24gliwice.pl\/wiadomosci\/wp-content\/uploads\/2026\/02\/animator-zlobek_750x200-410x109.webp 410w\" sizes=\"(max-width: 750px) 100vw, 750px\" class=\"no-lazyload\" width=\"750\" height=\"200\"  style=\"display: inline-block; max-width: 100%; height: auto;\" \/><\/a><\/div><\/div>\n<p><a href=\"https:\/\/www.24gliwice.pl\/wiadomosci\/wp-content\/uploads\/2022\/06\/wyprawa-na-hel2.jpg\"><img loading=\"lazy\" decoding=\"async\" src=\"https:\/\/www.24gliwice.pl\/wiadomosci\/wp-content\/uploads\/2022\/06\/wyprawa-na-hel2.jpg\" alt=\"\" width=\"810\" height=\"540\" class=\"alignnone size-full wp-image-194045\" srcset=\"https:\/\/www.24gliwice.pl\/wiadomosci\/wp-content\/uploads\/2022\/06\/wyprawa-na-hel2.jpg 810w, https:\/\/www.24gliwice.pl\/wiadomosci\/wp-content\/uploads\/2022\/06\/wyprawa-na-hel2-348x232.jpg 348w, https:\/\/www.24gliwice.pl\/wiadomosci\/wp-content\/uploads\/2022\/06\/wyprawa-na-hel2-683x455.jpg 683w, https:\/\/www.24gliwice.pl\/wiadomosci\/wp-content\/uploads\/2022\/06\/wyprawa-na-hel2-768x512.jpg 768w\" sizes=\"auto, (max-width: 810px) 100vw, 810px\" \/><\/a><\/p>\n<p>Rozstrzygni\u0119cie konkursu z wr\u0119czeniem nagrody odby\u0142o si\u0119 w CH FORUM dok\u0142adnie rok temu, w Dniu Dziecka, tj. 1 czerwca 2021 r. Grant wygra\u0142a ekipa ze Szko\u0142y Podstawowej z Oddzia\u0142ami Integracyjnymi nr 21 w Gliwicach. Jej uczniowie i nauczyciele wymy\u015blili i zorganizowali wypraw\u0119 pod has\u0142em: \u201eWielkie poruszenie na gliwickim terenie\u201d.<\/p>\n<p><a href=\"https:\/\/www.24gliwice.pl\/wiadomosci\/wp-content\/uploads\/2022\/06\/wyprawa-na-hel3.jpg\"><img loading=\"lazy\" decoding=\"async\" src=\"https:\/\/www.24gliwice.pl\/wiadomosci\/wp-content\/uploads\/2022\/06\/wyprawa-na-hel3.jpg\" alt=\"\" width=\"810\" height=\"540\" class=\"alignnone size-full wp-image-194046\" srcset=\"https:\/\/www.24gliwice.pl\/wiadomosci\/wp-content\/uploads\/2022\/06\/wyprawa-na-hel3.jpg 810w, https:\/\/www.24gliwice.pl\/wiadomosci\/wp-content\/uploads\/2022\/06\/wyprawa-na-hel3-348x232.jpg 348w, https:\/\/www.24gliwice.pl\/wiadomosci\/wp-content\/uploads\/2022\/06\/wyprawa-na-hel3-683x455.jpg 683w, https:\/\/www.24gliwice.pl\/wiadomosci\/wp-content\/uploads\/2022\/06\/wyprawa-na-hel3-768x512.jpg 768w\" sizes=\"auto, (max-width: 810px) 100vw, 810px\" \/><\/a><\/p>\n<p>\u2013 Ju\u017c czwarty raz wyruszamy z wypraw\u0105, z kt\u00f3rej udaje nam si\u0119 pozyska\u0107 \u015brodki na pomoc r\u00f3\u017cnym potrzebuj\u0105cym z terenu Gliwic. Dlatego gdy dok\u0142adnie rok temu otrzymali\u015bmy grant, kt\u00f3ry zosta\u0142 sfinansowany przez FORUM byli\u015bmy szcz\u0119\u015bliwi. Tym razem pieni\u0105dze zebrane podczas wyprawy trafi\u0105 do Gliwickiego Hospicjum Mi\u0142osierdzia Bo\u017cego. Ta plac\u00f3wka si\u0119 rozbudowuje i potrzebuj\u0105 pieni\u0119dzy &#8211; m\u00f3wi <strong>Anna Guzek,<\/strong> organizatorka wyprawy i nauczycielka w SP 21. <\/p>\n<p>11 czerwca ekipa wyruszy na Hel. Pokona tras\u0119 blisko 700 kilometr\u00f3w w 7 dni. Przed i w trakcie akcji prowadzi zbi\u00f3rk\u0119 pieni\u0119dzy na rzecz przebudowy hospicjum. W tym celu za\u0142o\u017cy\u0142a zrzutk\u0119: <a href=\"https:\/\/zrzutka.pl\/jdd65z\" rel=\"noopener\" target=\"_blank\">https:\/\/zrzutka.pl\/jdd65z<\/a>. Ka\u017cdy mo\u017ce wesprze\u0107 gliwick\u0105 plac\u00f3wk\u0119 i pozwoli\u0107 m\u0142odym z SP 21 zamieni\u0107 energi\u0119 na fal\u0119 pomocy oraz zdoby\u0107 motywacj\u0119 do pokonywania trud\u00f3w jakie niesie ze sob\u0105 wyprawa.<\/p>\n<p>mat. pras.<br \/>\nfot. D. Nita-Garbiec<\/p>\n<div class=\"gliwi-a5-na-koncu-artykulow gliwi-entity-placement\" id=\"gliwi-1473784527\"><div class=\"gliwi-adlabel\"><span style=\"font-size: 9px\">REKLAMA<\/span><\/div><div id=\"gliwi-3326364032\" style=\"margin-left: auto;margin-right: auto;text-align: center;\"><a data-no-instant=\"1\" href=\"https:\/\/www.jasek.pl\/\" rel=\"noopener\" class=\"a2t-link\" target=\"_blank\" aria-label=\"20200401-jasek 600\"><img loading=\"lazy\" decoding=\"async\" src=\"https:\/\/www.24gliwice.pl\/wiadomosci\/wp-content\/uploads\/2020\/04\/20200401-jasek-600.jpg\" alt=\"\"  srcset=\"https:\/\/www.24gliwice.pl\/wiadomosci\/wp-content\/uploads\/2020\/04\/20200401-jasek-600.jpg 600w, https:\/\/www.24gliwice.pl\/wiadomosci\/wp-content\/uploads\/2020\/04\/20200401-jasek-600-410x109.jpg 410w\" sizes=\"(max-width: 600px) 100vw, 600px\" class=\"no-lazyload\" width=\"600\" height=\"160\"  style=\"display: inline-block; max-width: 100%; height: auto;\" \/><\/a><\/div><\/div>","protected":false},"excerpt":{"rendered":"<p>Kilkana\u015bcioro mi\u0142o\u015bnik\u00f3w rower\u00f3w wyruszy w najbli\u017csz\u0105 sobot\u0119 w siedmiodniow\u0105 podr\u00f3\u017c na Hel. Mowa o uczniach szko\u0142y nr 21 w Gliwicach, kt\u00f3rzy przedstawili pomys\u0142 kr\u0119cenia kilometr\u00f3w na rzecz gliwickiego hospicjum. &nbsp; Centrum Handlowe Forum rok temu przyzna\u0142o m\u0142odym cyklistom grant o warto\u015bci 8 tys. z\u0142, kt\u00f3ry wspom\u00f3g\u0142 ich w organizacji tegorocznej wyprawy. Teraz zaprasza do wsparcia [&hellip;]<\/p>\n","protected":false},"author":15,"featured_media":194047,"comment_status":"closed","ping_status":"closed","sticky":false,"template":"","format":"standard","meta":{"_monsterinsights_skip_tracking":false,"_monsterinsights_sitenote_active":false,"_monsterinsights_sitenote_note":"","_monsterinsights_sitenote_category":0,"footnotes":"","_links_to":"","_links_to_target":""},"categories":[3,1],"tags":[],"class_list":["post-194020","post","type-post","status-publish","format-standard","has-post-thumbnail","hentry","category-gliwice","category-wszystko"],"yoast_head":"<!-- This site is optimized with the Yoast SEO plugin v27.4 - https:\/\/yoast.com\/product\/yoast-seo-wordpress\/ -->\n<title>Kr\u0119c\u0105 kilometry dla Hospicjum ze wsparciem centrum handlowego Forum. Otrzymali specjalny grant - 24GLIWICE - Portal Gliwice | codziennie nowe informacje<\/title>\n<meta name=\"description\" content=\"Grupa rowerzyst\u00f3w z SP nr 21 wraz z nauczycielk\u0105 w sobot\u0119, 111 czerwca wyruszy na wypraw\u0119 na Hel. Trwa zbi\u00f3rka \u015brodk\u00f3w na rzecz Hospicjum\" \/>\n<meta name=\"robots\" content=\"index, follow, max-snippet:-1, max-image-preview:large, max-video-preview:-1\" \/>\n<link rel=\"canonical\" href=\"https:\/\/www.24gliwice.pl\/wiadomosci\/kreca-kilometry-dla-hospicjum-ze-wsparciem-centrum-handlowego-forum-otrzymali-specjalny-grant\/\" \/>\n<meta property=\"og:locale\" content=\"pl_PL\" \/>\n<meta property=\"og:type\" content=\"article\" \/>\n<meta property=\"og:title\" content=\"Kr\u0119c\u0105 kilometry dla Hospicjum ze wsparciem centrum handlowego Forum. Otrzymali specjalny grant - 24GLIWICE - Portal Gliwice | codziennie nowe informacje\" \/>\n<meta property=\"og:description\" content=\"Grupa rowerzyst\u00f3w z SP nr 21 wraz z nauczycielk\u0105 w sobot\u0119, 111 czerwca wyruszy na wypraw\u0119 na Hel. Trwa zbi\u00f3rka \u015brodk\u00f3w na rzecz Hospicjum\" \/>\n<meta property=\"og:url\" content=\"https:\/\/www.24gliwice.pl\/wiadomosci\/kreca-kilometry-dla-hospicjum-ze-wsparciem-centrum-handlowego-forum-otrzymali-specjalny-grant\/\" \/>\n<meta property=\"og:site_name\" content=\"24GLIWICE - Portal Gliwice | codziennie nowe informacje\" \/>\n<meta property=\"article:publisher\" content=\"https:\/\/www.facebook.com\/24gliwice\" \/>\n<meta property=\"article:published_time\" content=\"2022-06-07T10:31:20+00:00\" \/>\n<meta property=\"og:image\" content=\"https:\/\/www.24gliwice.pl\/wiadomosci\/wp-content\/uploads\/2022\/06\/wyprawa-na-hel4.jpg\" \/>\n\t<meta property=\"og:image:width\" content=\"810\" \/>\n\t<meta property=\"og:image:height\" content=\"457\" \/>\n\t<meta property=\"og:image:type\" content=\"image\/jpeg\" \/>\n<meta name=\"author\" content=\"\u017baneta Mrozek-Siewierska\" \/>\n<meta name=\"twitter:card\" content=\"summary_large_image\" \/>\n<meta name=\"twitter:creator\" content=\"@24gliwice\" \/>\n<meta name=\"twitter:site\" content=\"@24gliwice\" \/>\n<meta name=\"twitter:label1\" content=\"Napisane przez\" \/>\n\t<meta name=\"twitter:data1\" content=\"\u017baneta Mrozek-Siewierska\" \/>\n\t<meta name=\"twitter:label2\" content=\"Szacowany czas czytania\" \/>\n\t<meta name=\"twitter:data2\" content=\"2 minuty\" \/>\n<script type=\"application\/ld+json\" class=\"yoast-schema-graph\">{\"@context\":\"https:\\\/\\\/schema.org\",\"@graph\":[{\"@type\":\"Article\",\"@id\":\"https:\\\/\\\/www.24gliwice.pl\\\/wiadomosci\\\/kreca-kilometry-dla-hospicjum-ze-wsparciem-centrum-handlowego-forum-otrzymali-specjalny-grant\\\/#article\",\"isPartOf\":{\"@id\":\"https:\\\/\\\/www.24gliwice.pl\\\/wiadomosci\\\/kreca-kilometry-dla-hospicjum-ze-wsparciem-centrum-handlowego-forum-otrzymali-specjalny-grant\\\/\"},\"author\":{\"name\":\"\u017baneta Mrozek-Siewierska\",\"@id\":\"https:\\\/\\\/www.24gliwice.pl\\\/wiadomosci\\\/#\\\/schema\\\/person\\\/e42c650edd7f2fa332be3811fb166b6e\"},\"headline\":\"Kr\u0119c\u0105 kilometry dla Hospicjum ze wsparciem centrum handlowego Forum. Otrzymali specjalny grant\",\"datePublished\":\"2022-06-07T10:31:20+00:00\",\"mainEntityOfPage\":{\"@id\":\"https:\\\/\\\/www.24gliwice.pl\\\/wiadomosci\\\/kreca-kilometry-dla-hospicjum-ze-wsparciem-centrum-handlowego-forum-otrzymali-specjalny-grant\\\/\"},\"wordCount\":396,\"publisher\":{\"@id\":\"https:\\\/\\\/www.24gliwice.pl\\\/wiadomosci\\\/#organization\"},\"image\":{\"@id\":\"https:\\\/\\\/www.24gliwice.pl\\\/wiadomosci\\\/kreca-kilometry-dla-hospicjum-ze-wsparciem-centrum-handlowego-forum-otrzymali-specjalny-grant\\\/#primaryimage\"},\"thumbnailUrl\":\"https:\\\/\\\/www.24gliwice.pl\\\/wiadomosci\\\/wp-content\\\/uploads\\\/2022\\\/06\\\/wyprawa-na-hel4.jpg\",\"articleSection\":[\"Gliwice\",\"Najnowsze wiadomo\u015bci\"],\"inLanguage\":\"pl-PL\"},{\"@type\":\"WebPage\",\"@id\":\"https:\\\/\\\/www.24gliwice.pl\\\/wiadomosci\\\/kreca-kilometry-dla-hospicjum-ze-wsparciem-centrum-handlowego-forum-otrzymali-specjalny-grant\\\/\",\"url\":\"https:\\\/\\\/www.24gliwice.pl\\\/wiadomosci\\\/kreca-kilometry-dla-hospicjum-ze-wsparciem-centrum-handlowego-forum-otrzymali-specjalny-grant\\\/\",\"name\":\"Kr\u0119c\u0105 kilometry dla Hospicjum ze wsparciem centrum handlowego Forum. Otrzymali specjalny grant - 24GLIWICE - Portal Gliwice | codziennie nowe informacje\",\"isPartOf\":{\"@id\":\"https:\\\/\\\/www.24gliwice.pl\\\/wiadomosci\\\/#website\"},\"primaryImageOfPage\":{\"@id\":\"https:\\\/\\\/www.24gliwice.pl\\\/wiadomosci\\\/kreca-kilometry-dla-hospicjum-ze-wsparciem-centrum-handlowego-forum-otrzymali-specjalny-grant\\\/#primaryimage\"},\"image\":{\"@id\":\"https:\\\/\\\/www.24gliwice.pl\\\/wiadomosci\\\/kreca-kilometry-dla-hospicjum-ze-wsparciem-centrum-handlowego-forum-otrzymali-specjalny-grant\\\/#primaryimage\"},\"thumbnailUrl\":\"https:\\\/\\\/www.24gliwice.pl\\\/wiadomosci\\\/wp-content\\\/uploads\\\/2022\\\/06\\\/wyprawa-na-hel4.jpg\",\"datePublished\":\"2022-06-07T10:31:20+00:00\",\"description\":\"Grupa rowerzyst\u00f3w z SP nr 21 wraz z nauczycielk\u0105 w sobot\u0119, 111 czerwca wyruszy na wypraw\u0119 na Hel. Trwa zbi\u00f3rka \u015brodk\u00f3w na rzecz Hospicjum\",\"breadcrumb\":{\"@id\":\"https:\\\/\\\/www.24gliwice.pl\\\/wiadomosci\\\/kreca-kilometry-dla-hospicjum-ze-wsparciem-centrum-handlowego-forum-otrzymali-specjalny-grant\\\/#breadcrumb\"},\"inLanguage\":\"pl-PL\",\"potentialAction\":[{\"@type\":\"ReadAction\",\"target\":[\"https:\\\/\\\/www.24gliwice.pl\\\/wiadomosci\\\/kreca-kilometry-dla-hospicjum-ze-wsparciem-centrum-handlowego-forum-otrzymali-specjalny-grant\\\/\"]}]},{\"@type\":\"ImageObject\",\"inLanguage\":\"pl-PL\",\"@id\":\"https:\\\/\\\/www.24gliwice.pl\\\/wiadomosci\\\/kreca-kilometry-dla-hospicjum-ze-wsparciem-centrum-handlowego-forum-otrzymali-specjalny-grant\\\/#primaryimage\",\"url\":\"https:\\\/\\\/www.24gliwice.pl\\\/wiadomosci\\\/wp-content\\\/uploads\\\/2022\\\/06\\\/wyprawa-na-hel4.jpg\",\"contentUrl\":\"https:\\\/\\\/www.24gliwice.pl\\\/wiadomosci\\\/wp-content\\\/uploads\\\/2022\\\/06\\\/wyprawa-na-hel4.jpg\",\"width\":810,\"height\":457},{\"@type\":\"BreadcrumbList\",\"@id\":\"https:\\\/\\\/www.24gliwice.pl\\\/wiadomosci\\\/kreca-kilometry-dla-hospicjum-ze-wsparciem-centrum-handlowego-forum-otrzymali-specjalny-grant\\\/#breadcrumb\",\"itemListElement\":[{\"@type\":\"ListItem\",\"position\":1,\"name\":\"Strona g\u0142\u00f3wna\",\"item\":\"https:\\\/\\\/www.24gliwice.pl\\\/wiadomosci\\\/\"},{\"@type\":\"ListItem\",\"position\":2,\"name\":\"Kr\u0119c\u0105 kilometry dla Hospicjum ze wsparciem centrum handlowego Forum. Otrzymali specjalny grant\"}]},{\"@type\":\"WebSite\",\"@id\":\"https:\\\/\\\/www.24gliwice.pl\\\/wiadomosci\\\/#website\",\"url\":\"https:\\\/\\\/www.24gliwice.pl\\\/wiadomosci\\\/\",\"name\":\"24GLIWICE - Portal Gliwice | codziennie nowe wiadomo\u015bci\",\"description\":\"Portal Miejski Gliwice\",\"publisher\":{\"@id\":\"https:\\\/\\\/www.24gliwice.pl\\\/wiadomosci\\\/#organization\"},\"potentialAction\":[{\"@type\":\"SearchAction\",\"target\":{\"@type\":\"EntryPoint\",\"urlTemplate\":\"https:\\\/\\\/www.24gliwice.pl\\\/wiadomosci\\\/?s={search_term_string}\"},\"query-input\":{\"@type\":\"PropertyValueSpecification\",\"valueRequired\":true,\"valueName\":\"search_term_string\"}}],\"inLanguage\":\"pl-PL\"},{\"@type\":\"Organization\",\"@id\":\"https:\\\/\\\/www.24gliwice.pl\\\/wiadomosci\\\/#organization\",\"name\":\"24gliwice\",\"url\":\"https:\\\/\\\/www.24gliwice.pl\\\/wiadomosci\\\/\",\"logo\":{\"@type\":\"ImageObject\",\"inLanguage\":\"pl-PL\",\"@id\":\"https:\\\/\\\/www.24gliwice.pl\\\/wiadomosci\\\/#\\\/schema\\\/logo\\\/image\\\/\",\"url\":\"https:\\\/\\\/www.24gliwice.pl\\\/wiadomosci\\\/wp-content\\\/uploads\\\/2024\\\/10\\\/24gliwice-logo-696.jpg\",\"contentUrl\":\"https:\\\/\\\/www.24gliwice.pl\\\/wiadomosci\\\/wp-content\\\/uploads\\\/2024\\\/10\\\/24gliwice-logo-696.jpg\",\"width\":696,\"height\":696,\"caption\":\"24gliwice\"},\"image\":{\"@id\":\"https:\\\/\\\/www.24gliwice.pl\\\/wiadomosci\\\/#\\\/schema\\\/logo\\\/image\\\/\"},\"sameAs\":[\"https:\\\/\\\/www.facebook.com\\\/24gliwice\",\"https:\\\/\\\/x.com\\\/24gliwice\",\"https:\\\/\\\/www.youtube.com\\\/@24gliwice\"]},{\"@type\":\"Person\",\"@id\":\"https:\\\/\\\/www.24gliwice.pl\\\/wiadomosci\\\/#\\\/schema\\\/person\\\/e42c650edd7f2fa332be3811fb166b6e\",\"name\":\"\u017baneta Mrozek-Siewierska\",\"image\":{\"@type\":\"ImageObject\",\"inLanguage\":\"pl-PL\",\"@id\":\"https:\\\/\\\/www.24gliwice.pl\\\/wiadomosci\\\/wp-content\\\/uploads\\\/2021\\\/11\\\/Zaneta-M_S-zdjecie-czb-96x96.jpg\",\"url\":\"https:\\\/\\\/www.24gliwice.pl\\\/wiadomosci\\\/wp-content\\\/uploads\\\/2021\\\/11\\\/Zaneta-M_S-zdjecie-czb-96x96.jpg\",\"contentUrl\":\"https:\\\/\\\/www.24gliwice.pl\\\/wiadomosci\\\/wp-content\\\/uploads\\\/2021\\\/11\\\/Zaneta-M_S-zdjecie-czb-96x96.jpg\",\"caption\":\"\u017baneta Mrozek-Siewierska\"},\"url\":\"https:\\\/\\\/www.24gliwice.pl\\\/wiadomosci\\\/author\\\/zms\\\/\"}]}<\/script>\n<!-- \/ Yoast SEO plugin. -->","yoast_head_json":{"title":"Kr\u0119c\u0105 kilometry dla Hospicjum ze wsparciem centrum handlowego Forum. Otrzymali specjalny grant - 24GLIWICE - Portal Gliwice | codziennie nowe informacje","description":"Grupa rowerzyst\u00f3w z SP nr 21 wraz z nauczycielk\u0105 w sobot\u0119, 111 czerwca wyruszy na wypraw\u0119 na Hel. Trwa zbi\u00f3rka \u015brodk\u00f3w na rzecz Hospicjum","robots":{"index":"index","follow":"follow","max-snippet":"max-snippet:-1","max-image-preview":"max-image-preview:large","max-video-preview":"max-video-preview:-1"},"canonical":"https:\/\/www.24gliwice.pl\/wiadomosci\/kreca-kilometry-dla-hospicjum-ze-wsparciem-centrum-handlowego-forum-otrzymali-specjalny-grant\/","og_locale":"pl_PL","og_type":"article","og_title":"Kr\u0119c\u0105 kilometry dla Hospicjum ze wsparciem centrum handlowego Forum. Otrzymali specjalny grant - 24GLIWICE - Portal Gliwice | codziennie nowe informacje","og_description":"Grupa rowerzyst\u00f3w z SP nr 21 wraz z nauczycielk\u0105 w sobot\u0119, 111 czerwca wyruszy na wypraw\u0119 na Hel. Trwa zbi\u00f3rka \u015brodk\u00f3w na rzecz Hospicjum","og_url":"https:\/\/www.24gliwice.pl\/wiadomosci\/kreca-kilometry-dla-hospicjum-ze-wsparciem-centrum-handlowego-forum-otrzymali-specjalny-grant\/","og_site_name":"24GLIWICE - Portal Gliwice | codziennie nowe informacje","article_publisher":"https:\/\/www.facebook.com\/24gliwice","article_published_time":"2022-06-07T10:31:20+00:00","og_image":[{"width":810,"height":457,"url":"https:\/\/www.24gliwice.pl\/wiadomosci\/wp-content\/uploads\/2022\/06\/wyprawa-na-hel4.jpg","type":"image\/jpeg"}],"author":"\u017baneta Mrozek-Siewierska","twitter_card":"summary_large_image","twitter_creator":"@24gliwice","twitter_site":"@24gliwice","twitter_misc":{"Napisane przez":"\u017baneta Mrozek-Siewierska","Szacowany czas czytania":"2 minuty"},"schema":{"@context":"https:\/\/schema.org","@graph":[{"@type":"Article","@id":"https:\/\/www.24gliwice.pl\/wiadomosci\/kreca-kilometry-dla-hospicjum-ze-wsparciem-centrum-handlowego-forum-otrzymali-specjalny-grant\/#article","isPartOf":{"@id":"https:\/\/www.24gliwice.pl\/wiadomosci\/kreca-kilometry-dla-hospicjum-ze-wsparciem-centrum-handlowego-forum-otrzymali-specjalny-grant\/"},"author":{"name":"\u017baneta Mrozek-Siewierska","@id":"https:\/\/www.24gliwice.pl\/wiadomosci\/#\/schema\/person\/e42c650edd7f2fa332be3811fb166b6e"},"headline":"Kr\u0119c\u0105 kilometry dla Hospicjum ze wsparciem centrum handlowego Forum. Otrzymali specjalny grant","datePublished":"2022-06-07T10:31:20+00:00","mainEntityOfPage":{"@id":"https:\/\/www.24gliwice.pl\/wiadomosci\/kreca-kilometry-dla-hospicjum-ze-wsparciem-centrum-handlowego-forum-otrzymali-specjalny-grant\/"},"wordCount":396,"publisher":{"@id":"https:\/\/www.24gliwice.pl\/wiadomosci\/#organization"},"image":{"@id":"https:\/\/www.24gliwice.pl\/wiadomosci\/kreca-kilometry-dla-hospicjum-ze-wsparciem-centrum-handlowego-forum-otrzymali-specjalny-grant\/#primaryimage"},"thumbnailUrl":"https:\/\/www.24gliwice.pl\/wiadomosci\/wp-content\/uploads\/2022\/06\/wyprawa-na-hel4.jpg","articleSection":["Gliwice","Najnowsze wiadomo\u015bci"],"inLanguage":"pl-PL"},{"@type":"WebPage","@id":"https:\/\/www.24gliwice.pl\/wiadomosci\/kreca-kilometry-dla-hospicjum-ze-wsparciem-centrum-handlowego-forum-otrzymali-specjalny-grant\/","url":"https:\/\/www.24gliwice.pl\/wiadomosci\/kreca-kilometry-dla-hospicjum-ze-wsparciem-centrum-handlowego-forum-otrzymali-specjalny-grant\/","name":"Kr\u0119c\u0105 kilometry dla Hospicjum ze wsparciem centrum handlowego Forum. Otrzymali specjalny grant - 24GLIWICE - Portal Gliwice | codziennie nowe informacje","isPartOf":{"@id":"https:\/\/www.24gliwice.pl\/wiadomosci\/#website"},"primaryImageOfPage":{"@id":"https:\/\/www.24gliwice.pl\/wiadomosci\/kreca-kilometry-dla-hospicjum-ze-wsparciem-centrum-handlowego-forum-otrzymali-specjalny-grant\/#primaryimage"},"image":{"@id":"https:\/\/www.24gliwice.pl\/wiadomosci\/kreca-kilometry-dla-hospicjum-ze-wsparciem-centrum-handlowego-forum-otrzymali-specjalny-grant\/#primaryimage"},"thumbnailUrl":"https:\/\/www.24gliwice.pl\/wiadomosci\/wp-content\/uploads\/2022\/06\/wyprawa-na-hel4.jpg","datePublished":"2022-06-07T10:31:20+00:00","description":"Grupa rowerzyst\u00f3w z SP nr 21 wraz z nauczycielk\u0105 w sobot\u0119, 111 czerwca wyruszy na wypraw\u0119 na Hel. Trwa zbi\u00f3rka \u015brodk\u00f3w na rzecz Hospicjum","breadcrumb":{"@id":"https:\/\/www.24gliwice.pl\/wiadomosci\/kreca-kilometry-dla-hospicjum-ze-wsparciem-centrum-handlowego-forum-otrzymali-specjalny-grant\/#breadcrumb"},"inLanguage":"pl-PL","potentialAction":[{"@type":"ReadAction","target":["https:\/\/www.24gliwice.pl\/wiadomosci\/kreca-kilometry-dla-hospicjum-ze-wsparciem-centrum-handlowego-forum-otrzymali-specjalny-grant\/"]}]},{"@type":"ImageObject","inLanguage":"pl-PL","@id":"https:\/\/www.24gliwice.pl\/wiadomosci\/kreca-kilometry-dla-hospicjum-ze-wsparciem-centrum-handlowego-forum-otrzymali-specjalny-grant\/#primaryimage","url":"https:\/\/www.24gliwice.pl\/wiadomosci\/wp-content\/uploads\/2022\/06\/wyprawa-na-hel4.jpg","contentUrl":"https:\/\/www.24gliwice.pl\/wiadomosci\/wp-content\/uploads\/2022\/06\/wyprawa-na-hel4.jpg","width":810,"height":457},{"@type":"BreadcrumbList","@id":"https:\/\/www.24gliwice.pl\/wiadomosci\/kreca-kilometry-dla-hospicjum-ze-wsparciem-centrum-handlowego-forum-otrzymali-specjalny-grant\/#breadcrumb","itemListElement":[{"@type":"ListItem","position":1,"name":"Strona g\u0142\u00f3wna","item":"https:\/\/www.24gliwice.pl\/wiadomosci\/"},{"@type":"ListItem","position":2,"name":"Kr\u0119c\u0105 kilometry dla Hospicjum ze wsparciem centrum handlowego Forum. Otrzymali specjalny grant"}]},{"@type":"WebSite","@id":"https:\/\/www.24gliwice.pl\/wiadomosci\/#website","url":"https:\/\/www.24gliwice.pl\/wiadomosci\/","name":"24GLIWICE - Portal Gliwice | codziennie nowe wiadomo\u015bci","description":"Portal Miejski Gliwice","publisher":{"@id":"https:\/\/www.24gliwice.pl\/wiadomosci\/#organization"},"potentialAction":[{"@type":"SearchAction","target":{"@type":"EntryPoint","urlTemplate":"https:\/\/www.24gliwice.pl\/wiadomosci\/?s={search_term_string}"},"query-input":{"@type":"PropertyValueSpecification","valueRequired":true,"valueName":"search_term_string"}}],"inLanguage":"pl-PL"},{"@type":"Organization","@id":"https:\/\/www.24gliwice.pl\/wiadomosci\/#organization","name":"24gliwice","url":"https:\/\/www.24gliwice.pl\/wiadomosci\/","logo":{"@type":"ImageObject","inLanguage":"pl-PL","@id":"https:\/\/www.24gliwice.pl\/wiadomosci\/#\/schema\/logo\/image\/","url":"https:\/\/www.24gliwice.pl\/wiadomosci\/wp-content\/uploads\/2024\/10\/24gliwice-logo-696.jpg","contentUrl":"https:\/\/www.24gliwice.pl\/wiadomosci\/wp-content\/uploads\/2024\/10\/24gliwice-logo-696.jpg","width":696,"height":696,"caption":"24gliwice"},"image":{"@id":"https:\/\/www.24gliwice.pl\/wiadomosci\/#\/schema\/logo\/image\/"},"sameAs":["https:\/\/www.facebook.com\/24gliwice","https:\/\/x.com\/24gliwice","https:\/\/www.youtube.com\/@24gliwice"]},{"@type":"Person","@id":"https:\/\/www.24gliwice.pl\/wiadomosci\/#\/schema\/person\/e42c650edd7f2fa332be3811fb166b6e","name":"\u017baneta Mrozek-Siewierska","image":{"@type":"ImageObject","inLanguage":"pl-PL","@id":"https:\/\/www.24gliwice.pl\/wiadomosci\/wp-content\/uploads\/2021\/11\/Zaneta-M_S-zdjecie-czb-96x96.jpg","url":"https:\/\/www.24gliwice.pl\/wiadomosci\/wp-content\/uploads\/2021\/11\/Zaneta-M_S-zdjecie-czb-96x96.jpg","contentUrl":"https:\/\/www.24gliwice.pl\/wiadomosci\/wp-content\/uploads\/2021\/11\/Zaneta-M_S-zdjecie-czb-96x96.jpg","caption":"\u017baneta Mrozek-Siewierska"},"url":"https:\/\/www.24gliwice.pl\/wiadomosci\/author\/zms\/"}]}},"_links":{"self":[{"href":"https:\/\/www.24gliwice.pl\/wiadomosci\/wp-json\/wp\/v2\/posts\/194020","targetHints":{"allow":["GET"]}}],"collection":[{"href":"https:\/\/www.24gliwice.pl\/wiadomosci\/wp-json\/wp\/v2\/posts"}],"about":[{"href":"https:\/\/www.24gliwice.pl\/wiadomosci\/wp-json\/wp\/v2\/types\/post"}],"author":[{"embeddable":true,"href":"https:\/\/www.24gliwice.pl\/wiadomosci\/wp-json\/wp\/v2\/users\/15"}],"replies":[{"embeddable":true,"href":"https:\/\/www.24gliwice.pl\/wiadomosci\/wp-json\/wp\/v2\/comments?post=194020"}],"version-history":[{"count":7,"href":"https:\/\/www.24gliwice.pl\/wiadomosci\/wp-json\/wp\/v2\/posts\/194020\/revisions"}],"predecessor-version":[{"id":194069,"href":"https:\/\/www.24gliwice.pl\/wiadomosci\/wp-json\/wp\/v2\/posts\/194020\/revisions\/194069"}],"wp:featuredmedia":[{"embeddable":true,"href":"https:\/\/www.24gliwice.pl\/wiadomosci\/wp-json\/wp\/v2\/media\/194047"}],"wp:attachment":[{"href":"https:\/\/www.24gliwice.pl\/wiadomosci\/wp-json\/wp\/v2\/media?parent=194020"}],"wp:term":[{"taxonomy":"category","embeddable":true,"href":"https:\/\/www.24gliwice.pl\/wiadomosci\/wp-json\/wp\/v2\/categories?post=194020"},{"taxonomy":"post_tag","embeddable":true,"href":"https:\/\/www.24gliwice.pl\/wiadomosci\/wp-json\/wp\/v2\/tags?post=194020"}],"curies":[{"name":"wp","href":"https:\/\/api.w.org\/{rel}","templated":true}]}}