{"id":194093,"date":"2022-06-07T19:41:41","date_gmt":"2022-06-07T17:41:41","guid":{"rendered":"https:\/\/www.24gliwice.pl\/wiadomosci\/?p=194093"},"modified":"2022-06-07T19:41:41","modified_gmt":"2022-06-07T17:41:41","slug":"koncert-bajki-swiata-w-cks-mrowisko-szykuje-sie-wyjatkowe-widowisko-ze-znanymi-bohaterami","status":"publish","type":"post","link":"https:\/\/www.24gliwice.pl\/wiadomosci\/koncert-bajki-swiata-w-cks-mrowisko-szykuje-sie-wyjatkowe-widowisko-ze-znanymi-bohaterami\/","title":{"rendered":"Koncert &#8220;Bajki \u015awiata&#8221; w CKS Mrowisko. Szykuje si\u0119 wyj\u0105tkowe widowisko ze znanymi bohaterami"},"content":{"rendered":"<div class=\"gliwi-a6-nad-leadem-artykulow gliwi-entity-placement\" id=\"gliwi-2602332292\"><div class=\"gliwi-adlabel\"><span style=\"font-size: 9px\">REKLAMA<\/span><\/div><div id=\"gliwi-304245038\" style=\"margin-bottom: 30px;margin-left: auto;margin-right: auto;text-align: center;\"><a data-no-instant=\"1\" href=\"https:\/\/przedszkole.halogen.org.pl\/\" rel=\"noopener\" class=\"a2t-link\" target=\"_blank\" aria-label=\"20260402-ANIMATOR-przedszkole_grafika_750x200\"><img loading=\"lazy\" decoding=\"async\" src=\"https:\/\/www.24gliwice.pl\/wiadomosci\/wp-content\/uploads\/2026\/04\/20260402-ANIMATOR-przedszkole_grafika_750x200.webp\" alt=\"\"  srcset=\"https:\/\/www.24gliwice.pl\/wiadomosci\/wp-content\/uploads\/2026\/04\/20260402-ANIMATOR-przedszkole_grafika_750x200.webp 750w, https:\/\/www.24gliwice.pl\/wiadomosci\/wp-content\/uploads\/2026\/04\/20260402-ANIMATOR-przedszkole_grafika_750x200-410x109.webp 410w\" sizes=\"(max-width: 750px) 100vw, 750px\" class=\"no-lazyload\" width=\"750\" height=\"200\"  style=\"display: inline-block; max-width: 100%; height: auto;\" \/><\/a><\/div><\/div><h2>W centrum kultury Mrowisko odb\u0119dzie si\u0119 wyj\u0105tkowy koncert dedykowany m\u0142odym mieszka\u0144com naszego miasta. Widowisko &#8220;Bajki \u015awiata&#8221; rozpocznie si\u0119 w samo po\u0142udnie w niedziel\u0119, 12 czerwca.<\/h2>\n<p>&nbsp;<br \/>\n<a href=\"https:\/\/www.kupbilecik.pl\/imprezy\/75848\/Gliwice\/Magiczny+Koncert+-+Bajki+%C5%9Awiata\/?fbclid=IwAR2fFFyqFwf68BVm3gJbjopGGVMXQsPiWRbc_BO2F4NVm1NpbdOTcLPaRzc\" rel=\"noopener\" target=\"_blank\">Bilety w cenie 35 z\u0142 mo\u017cna naby\u0107 w portalu kupbilecik.pl.<\/a> Warto si\u0119 pospieszy\u0107 bo pozosta\u0142o ostatnie kilkadziesi\u0105t sztuk. <\/p>\n<p>&#8211; <em>Niezwyk\u0142a muzyczna podr\u00f3\u017c w \u015bwiat ulubionych bajek. Bohaterowie zejd\u0105 z ekranu, by podzieli\u0107 si\u0119 najpi\u0119kniejszymi i najbardziej znanymi utworami. Poczynaj\u0105c od Stumilowego Lasu, kt\u00f3ry zwiedzimy w towarzystwie Kubusia Puchatka, wp\u0142yniemy na wielkie wody po\u0142udniowego Pacyfiku pod przyw\u00f3dztwem legendarnej Vaiany, by przez chwil\u0119 zanurkowa\u0107 z Ma\u0142\u0105 Syrenk\u0105 w niezmierzonych, morskich g\u0142\u0119binach<\/em> &#8211; dowiadujemy si\u0119 z zapowiedzi wydarzenia. <\/p><div class=\"gliwi-a3-w-tresci-artykulow gliwi-entity-placement\" id=\"gliwi-3568754295\"><div class=\"gliwi-adlabel\"><span style=\"font-size: 9px\">REKLAMA<\/span><\/div><div id=\"gliwi-1004300984\" style=\"margin-bottom: 30px;margin-left: auto;margin-right: auto;text-align: center;\"><a data-no-instant=\"1\" href=\"https:\/\/zlobek.halogen.org.pl\/\" rel=\"noopener\" class=\"a2t-link\" target=\"_blank\" aria-label=\"animator-zlobek_750x200\"><img loading=\"lazy\" decoding=\"async\" src=\"https:\/\/www.24gliwice.pl\/wiadomosci\/wp-content\/uploads\/2026\/02\/animator-zlobek_750x200.webp\" alt=\"\"  srcset=\"https:\/\/www.24gliwice.pl\/wiadomosci\/wp-content\/uploads\/2026\/02\/animator-zlobek_750x200.webp 750w, https:\/\/www.24gliwice.pl\/wiadomosci\/wp-content\/uploads\/2026\/02\/animator-zlobek_750x200-410x109.webp 410w\" sizes=\"(max-width: 750px) 100vw, 750px\" class=\"no-lazyload\" width=\"750\" height=\"200\"  style=\"display: inline-block; max-width: 100%; height: auto;\" \/><\/a><\/div><\/div>\n<blockquote><p><em>Nast\u0119pnie wskakuj\u0105c na lataj\u0105cy dywan wraz z Aladynem dolecimy, a\u017c do india\u0144skiej wioski Pocahontas. Nagle Zapl\u0105tani na lianie z Tarzanem wyl\u0105dujemy na gor\u0105cej Sawannie gdzie panuje s\u0142ynny Kr\u00f3l Lew, by potem och\u0142odzi\u0107 si\u0119 w mro\u017aniej Krainie Lodu\u2026 <\/em> <\/p><\/blockquote>\n<p>&#8211; informuj\u0105 organizatorzy. <\/p>\n<p>Widowisko pe\u0142ne kolorowych stroj\u00f3w, baniek mydlanych, \u015bniegu, dymu, \u015bmieszne dialogi, wsp\u00f3lna zabawa, namaluj\u0105 u\u015bmiechy na twarzach m\u0142odych widz\u00f3w. Impreza przeznaczona jest dla dzieci i m\u0142odzie\u017cy. Koncert ma na celu pobudzi\u0107 i rozwija\u0107 wyobra\u017ani\u0119 oraz ciekawo\u015b\u0107 poznawcz\u0105 dziecka oraz zach\u0119ci\u0107 do aktywnego uczestniczenia w \u017cyciu kulturalnym. <\/p>\n<p><a href=\"https:\/\/www.24gliwice.pl\/wiadomosci\/wp-content\/uploads\/2022\/06\/koncert-bajki-swiata.jpg\"><img loading=\"lazy\" decoding=\"async\" src=\"https:\/\/www.24gliwice.pl\/wiadomosci\/wp-content\/uploads\/2022\/06\/koncert-bajki-swiata.jpg\" alt=\"\" width=\"679\" height=\"960\" class=\"alignnone size-full wp-image-194096\" srcset=\"https:\/\/www.24gliwice.pl\/wiadomosci\/wp-content\/uploads\/2022\/06\/koncert-bajki-swiata.jpg 679w, https:\/\/www.24gliwice.pl\/wiadomosci\/wp-content\/uploads\/2022\/06\/koncert-bajki-swiata-164x232.jpg 164w, https:\/\/www.24gliwice.pl\/wiadomosci\/wp-content\/uploads\/2022\/06\/koncert-bajki-swiata-322x455.jpg 322w\" sizes=\"auto, (max-width: 679px) 100vw, 679px\" \/><\/a><\/p>\n<p>Dzieci do lat 2 wchodz\u0105 za darmo, miejsce na kolanach opiekuna (nale\u017cy poda\u0107 ilo\u015b\u0107 dzieci poni\u017cej dw\u00f3ch lat przy zakupie biletu). Czas trwania wydarzenia to oko\u0142o 75 minut. <\/p>\n<p>(\u017cms)\/mat. organizatora<br \/>\nfot. zdj. pogl\u0105dowe\/px<\/p>\n<div class=\"gliwi-a5-na-koncu-artykulow gliwi-entity-placement\" id=\"gliwi-2390172469\"><div class=\"gliwi-adlabel\"><span style=\"font-size: 9px\">REKLAMA<\/span><\/div><div id=\"gliwi-19131187\" style=\"margin-left: auto;margin-right: auto;text-align: center;\"><a data-no-instant=\"1\" href=\"https:\/\/prezeroarenagliwice.pl\/\" rel=\"noopener\" class=\"a2t-link\" target=\"_blank\" aria-label=\"20260309-PREZERO-WIOSNA-D\"><img loading=\"lazy\" decoding=\"async\" src=\"https:\/\/www.24gliwice.pl\/wiadomosci\/wp-content\/uploads\/2026\/03\/20260309-PREZERO-WIOSNA-D.webp\" alt=\"\"  srcset=\"https:\/\/www.24gliwice.pl\/wiadomosci\/wp-content\/uploads\/2026\/03\/20260309-PREZERO-WIOSNA-D.webp 750w, https:\/\/www.24gliwice.pl\/wiadomosci\/wp-content\/uploads\/2026\/03\/20260309-PREZERO-WIOSNA-D-410x109.webp 410w\" sizes=\"(max-width: 750px) 100vw, 750px\" class=\"no-lazyload\" width=\"750\" height=\"200\"  style=\"display: inline-block; max-width: 100%; height: auto;\" \/><\/a><\/div><\/div>","protected":false},"excerpt":{"rendered":"<p>W centrum kultury Mrowisko odb\u0119dzie si\u0119 wyj\u0105tkowy koncert dedykowany m\u0142odym mieszka\u0144com naszego miasta. Widowisko &#8220;Bajki \u015awiata&#8221; rozpocznie si\u0119 w samo po\u0142udnie w niedziel\u0119, 12 czerwca. &nbsp; Bilety w cenie 35 z\u0142 mo\u017cna naby\u0107 w portalu kupbilecik.pl. Warto si\u0119 pospieszy\u0107 bo pozosta\u0142o ostatnie kilkadziesi\u0105t sztuk. &#8211; Niezwyk\u0142a muzyczna podr\u00f3\u017c w \u015bwiat ulubionych bajek. Bohaterowie zejd\u0105 z [&hellip;]<\/p>\n","protected":false},"author":15,"featured_media":194098,"comment_status":"open","ping_status":"closed","sticky":false,"template":"","format":"standard","meta":{"_monsterinsights_skip_tracking":false,"_monsterinsights_sitenote_active":false,"_monsterinsights_sitenote_note":"","_monsterinsights_sitenote_category":0,"footnotes":"","_links_to":"","_links_to_target":""},"categories":[3,6,1],"tags":[1093],"class_list":["post-194093","post","type-post","status-publish","format-standard","has-post-thumbnail","hentry","category-gliwice","category-kultura","category-wszystko","tag-mrowisko"],"yoast_head":"<!-- This site is optimized with the Yoast SEO plugin v27.4 - https:\/\/yoast.com\/product\/yoast-seo-wordpress\/ -->\n<title>Koncert &quot;Bajki \u015awiata&quot; w CKS Mrowisko. Szykuje si\u0119 wyj\u0105tkowe widowisko ze znanymi bohaterami - 24GLIWICE - Portal Gliwice | codziennie nowe informacje<\/title>\n<meta name=\"description\" content=\"W CKS Mrowisko w niedziel\u0119, 12 czerwca, zaplanowano niezwyk\u0142e widowisko &quot;Bajki \u015awiata&quot;, na kt\u00f3re warto wybra\u0107 si\u0119 z dzie\u0107mi. S\u0105 jeszcze bilety\" \/>\n<meta name=\"robots\" content=\"index, follow, max-snippet:-1, max-image-preview:large, max-video-preview:-1\" \/>\n<link rel=\"canonical\" href=\"https:\/\/www.24gliwice.pl\/wiadomosci\/koncert-bajki-swiata-w-cks-mrowisko-szykuje-sie-wyjatkowe-widowisko-ze-znanymi-bohaterami\/\" \/>\n<meta property=\"og:locale\" content=\"pl_PL\" \/>\n<meta property=\"og:type\" content=\"article\" \/>\n<meta property=\"og:title\" content=\"Koncert &quot;Bajki \u015awiata&quot; w CKS Mrowisko. Szykuje si\u0119 wyj\u0105tkowe widowisko ze znanymi bohaterami - 24GLIWICE - Portal Gliwice | codziennie nowe informacje\" \/>\n<meta property=\"og:description\" content=\"W CKS Mrowisko w niedziel\u0119, 12 czerwca, zaplanowano niezwyk\u0142e widowisko &quot;Bajki \u015awiata&quot;, na kt\u00f3re warto wybra\u0107 si\u0119 z dzie\u0107mi. S\u0105 jeszcze bilety\" \/>\n<meta property=\"og:url\" content=\"https:\/\/www.24gliwice.pl\/wiadomosci\/koncert-bajki-swiata-w-cks-mrowisko-szykuje-sie-wyjatkowe-widowisko-ze-znanymi-bohaterami\/\" \/>\n<meta property=\"og:site_name\" content=\"24GLIWICE - Portal Gliwice | codziennie nowe informacje\" \/>\n<meta property=\"article:publisher\" content=\"https:\/\/www.facebook.com\/24gliwice\" \/>\n<meta property=\"article:published_time\" content=\"2022-06-07T17:41:41+00:00\" \/>\n<meta property=\"og:image\" content=\"https:\/\/www.24gliwice.pl\/wiadomosci\/wp-content\/uploads\/2022\/06\/koncert-bajki-swiata-1.jpg\" \/>\n\t<meta property=\"og:image:width\" content=\"810\" \/>\n\t<meta property=\"og:image:height\" content=\"457\" \/>\n\t<meta property=\"og:image:type\" content=\"image\/jpeg\" \/>\n<meta name=\"author\" content=\"\u017baneta Mrozek-Siewierska\" \/>\n<meta name=\"twitter:card\" content=\"summary_large_image\" \/>\n<meta name=\"twitter:creator\" content=\"@24gliwice\" \/>\n<meta name=\"twitter:site\" content=\"@24gliwice\" \/>\n<meta name=\"twitter:label1\" content=\"Napisane przez\" \/>\n\t<meta name=\"twitter:data1\" content=\"\u017baneta Mrozek-Siewierska\" \/>\n\t<meta name=\"twitter:label2\" content=\"Szacowany czas czytania\" \/>\n\t<meta name=\"twitter:data2\" content=\"1 minuta\" \/>\n<script type=\"application\/ld+json\" class=\"yoast-schema-graph\">{\"@context\":\"https:\\\/\\\/schema.org\",\"@graph\":[{\"@type\":\"Article\",\"@id\":\"https:\\\/\\\/www.24gliwice.pl\\\/wiadomosci\\\/koncert-bajki-swiata-w-cks-mrowisko-szykuje-sie-wyjatkowe-widowisko-ze-znanymi-bohaterami\\\/#article\",\"isPartOf\":{\"@id\":\"https:\\\/\\\/www.24gliwice.pl\\\/wiadomosci\\\/koncert-bajki-swiata-w-cks-mrowisko-szykuje-sie-wyjatkowe-widowisko-ze-znanymi-bohaterami\\\/\"},\"author\":{\"name\":\"\u017baneta Mrozek-Siewierska\",\"@id\":\"https:\\\/\\\/www.24gliwice.pl\\\/wiadomosci\\\/#\\\/schema\\\/person\\\/e42c650edd7f2fa332be3811fb166b6e\"},\"headline\":\"Koncert &#8220;Bajki \u015awiata&#8221; w CKS Mrowisko. Szykuje si\u0119 wyj\u0105tkowe widowisko ze znanymi bohaterami\",\"datePublished\":\"2022-06-07T17:41:41+00:00\",\"mainEntityOfPage\":{\"@id\":\"https:\\\/\\\/www.24gliwice.pl\\\/wiadomosci\\\/koncert-bajki-swiata-w-cks-mrowisko-szykuje-sie-wyjatkowe-widowisko-ze-znanymi-bohaterami\\\/\"},\"wordCount\":274,\"commentCount\":0,\"publisher\":{\"@id\":\"https:\\\/\\\/www.24gliwice.pl\\\/wiadomosci\\\/#organization\"},\"image\":{\"@id\":\"https:\\\/\\\/www.24gliwice.pl\\\/wiadomosci\\\/koncert-bajki-swiata-w-cks-mrowisko-szykuje-sie-wyjatkowe-widowisko-ze-znanymi-bohaterami\\\/#primaryimage\"},\"thumbnailUrl\":\"https:\\\/\\\/www.24gliwice.pl\\\/wiadomosci\\\/wp-content\\\/uploads\\\/2022\\\/06\\\/koncert-bajki-swiata-1.jpg\",\"keywords\":[\"MROWISKO\"],\"articleSection\":[\"Gliwice\",\"Kultura, wydarzenia, imprezy\",\"Najnowsze wiadomo\u015bci\"],\"inLanguage\":\"pl-PL\",\"potentialAction\":[{\"@type\":\"CommentAction\",\"name\":\"Comment\",\"target\":[\"https:\\\/\\\/www.24gliwice.pl\\\/wiadomosci\\\/koncert-bajki-swiata-w-cks-mrowisko-szykuje-sie-wyjatkowe-widowisko-ze-znanymi-bohaterami\\\/#respond\"]}]},{\"@type\":\"WebPage\",\"@id\":\"https:\\\/\\\/www.24gliwice.pl\\\/wiadomosci\\\/koncert-bajki-swiata-w-cks-mrowisko-szykuje-sie-wyjatkowe-widowisko-ze-znanymi-bohaterami\\\/\",\"url\":\"https:\\\/\\\/www.24gliwice.pl\\\/wiadomosci\\\/koncert-bajki-swiata-w-cks-mrowisko-szykuje-sie-wyjatkowe-widowisko-ze-znanymi-bohaterami\\\/\",\"name\":\"Koncert \\\"Bajki \u015awiata\\\" w CKS Mrowisko. Szykuje si\u0119 wyj\u0105tkowe widowisko ze znanymi bohaterami - 24GLIWICE - Portal Gliwice | codziennie nowe informacje\",\"isPartOf\":{\"@id\":\"https:\\\/\\\/www.24gliwice.pl\\\/wiadomosci\\\/#website\"},\"primaryImageOfPage\":{\"@id\":\"https:\\\/\\\/www.24gliwice.pl\\\/wiadomosci\\\/koncert-bajki-swiata-w-cks-mrowisko-szykuje-sie-wyjatkowe-widowisko-ze-znanymi-bohaterami\\\/#primaryimage\"},\"image\":{\"@id\":\"https:\\\/\\\/www.24gliwice.pl\\\/wiadomosci\\\/koncert-bajki-swiata-w-cks-mrowisko-szykuje-sie-wyjatkowe-widowisko-ze-znanymi-bohaterami\\\/#primaryimage\"},\"thumbnailUrl\":\"https:\\\/\\\/www.24gliwice.pl\\\/wiadomosci\\\/wp-content\\\/uploads\\\/2022\\\/06\\\/koncert-bajki-swiata-1.jpg\",\"datePublished\":\"2022-06-07T17:41:41+00:00\",\"description\":\"W CKS Mrowisko w niedziel\u0119, 12 czerwca, zaplanowano niezwyk\u0142e widowisko \\\"Bajki \u015awiata\\\", na kt\u00f3re warto wybra\u0107 si\u0119 z dzie\u0107mi. S\u0105 jeszcze bilety\",\"breadcrumb\":{\"@id\":\"https:\\\/\\\/www.24gliwice.pl\\\/wiadomosci\\\/koncert-bajki-swiata-w-cks-mrowisko-szykuje-sie-wyjatkowe-widowisko-ze-znanymi-bohaterami\\\/#breadcrumb\"},\"inLanguage\":\"pl-PL\",\"potentialAction\":[{\"@type\":\"ReadAction\",\"target\":[\"https:\\\/\\\/www.24gliwice.pl\\\/wiadomosci\\\/koncert-bajki-swiata-w-cks-mrowisko-szykuje-sie-wyjatkowe-widowisko-ze-znanymi-bohaterami\\\/\"]}]},{\"@type\":\"ImageObject\",\"inLanguage\":\"pl-PL\",\"@id\":\"https:\\\/\\\/www.24gliwice.pl\\\/wiadomosci\\\/koncert-bajki-swiata-w-cks-mrowisko-szykuje-sie-wyjatkowe-widowisko-ze-znanymi-bohaterami\\\/#primaryimage\",\"url\":\"https:\\\/\\\/www.24gliwice.pl\\\/wiadomosci\\\/wp-content\\\/uploads\\\/2022\\\/06\\\/koncert-bajki-swiata-1.jpg\",\"contentUrl\":\"https:\\\/\\\/www.24gliwice.pl\\\/wiadomosci\\\/wp-content\\\/uploads\\\/2022\\\/06\\\/koncert-bajki-swiata-1.jpg\",\"width\":810,\"height\":457},{\"@type\":\"BreadcrumbList\",\"@id\":\"https:\\\/\\\/www.24gliwice.pl\\\/wiadomosci\\\/koncert-bajki-swiata-w-cks-mrowisko-szykuje-sie-wyjatkowe-widowisko-ze-znanymi-bohaterami\\\/#breadcrumb\",\"itemListElement\":[{\"@type\":\"ListItem\",\"position\":1,\"name\":\"Strona g\u0142\u00f3wna\",\"item\":\"https:\\\/\\\/www.24gliwice.pl\\\/wiadomosci\\\/\"},{\"@type\":\"ListItem\",\"position\":2,\"name\":\"Koncert &#8222;Bajki \u015awiata&#8221; w CKS Mrowisko. Szykuje si\u0119 wyj\u0105tkowe widowisko ze znanymi bohaterami\"}]},{\"@type\":\"WebSite\",\"@id\":\"https:\\\/\\\/www.24gliwice.pl\\\/wiadomosci\\\/#website\",\"url\":\"https:\\\/\\\/www.24gliwice.pl\\\/wiadomosci\\\/\",\"name\":\"24GLIWICE - Portal Gliwice | codziennie nowe wiadomo\u015bci\",\"description\":\"Portal Miejski Gliwice\",\"publisher\":{\"@id\":\"https:\\\/\\\/www.24gliwice.pl\\\/wiadomosci\\\/#organization\"},\"potentialAction\":[{\"@type\":\"SearchAction\",\"target\":{\"@type\":\"EntryPoint\",\"urlTemplate\":\"https:\\\/\\\/www.24gliwice.pl\\\/wiadomosci\\\/?s={search_term_string}\"},\"query-input\":{\"@type\":\"PropertyValueSpecification\",\"valueRequired\":true,\"valueName\":\"search_term_string\"}}],\"inLanguage\":\"pl-PL\"},{\"@type\":\"Organization\",\"@id\":\"https:\\\/\\\/www.24gliwice.pl\\\/wiadomosci\\\/#organization\",\"name\":\"24gliwice\",\"url\":\"https:\\\/\\\/www.24gliwice.pl\\\/wiadomosci\\\/\",\"logo\":{\"@type\":\"ImageObject\",\"inLanguage\":\"pl-PL\",\"@id\":\"https:\\\/\\\/www.24gliwice.pl\\\/wiadomosci\\\/#\\\/schema\\\/logo\\\/image\\\/\",\"url\":\"https:\\\/\\\/www.24gliwice.pl\\\/wiadomosci\\\/wp-content\\\/uploads\\\/2024\\\/10\\\/24gliwice-logo-696.jpg\",\"contentUrl\":\"https:\\\/\\\/www.24gliwice.pl\\\/wiadomosci\\\/wp-content\\\/uploads\\\/2024\\\/10\\\/24gliwice-logo-696.jpg\",\"width\":696,\"height\":696,\"caption\":\"24gliwice\"},\"image\":{\"@id\":\"https:\\\/\\\/www.24gliwice.pl\\\/wiadomosci\\\/#\\\/schema\\\/logo\\\/image\\\/\"},\"sameAs\":[\"https:\\\/\\\/www.facebook.com\\\/24gliwice\",\"https:\\\/\\\/x.com\\\/24gliwice\",\"https:\\\/\\\/www.youtube.com\\\/@24gliwice\"]},{\"@type\":\"Person\",\"@id\":\"https:\\\/\\\/www.24gliwice.pl\\\/wiadomosci\\\/#\\\/schema\\\/person\\\/e42c650edd7f2fa332be3811fb166b6e\",\"name\":\"\u017baneta Mrozek-Siewierska\",\"image\":{\"@type\":\"ImageObject\",\"inLanguage\":\"pl-PL\",\"@id\":\"https:\\\/\\\/www.24gliwice.pl\\\/wiadomosci\\\/wp-content\\\/uploads\\\/2021\\\/11\\\/Zaneta-M_S-zdjecie-czb-96x96.jpg\",\"url\":\"https:\\\/\\\/www.24gliwice.pl\\\/wiadomosci\\\/wp-content\\\/uploads\\\/2021\\\/11\\\/Zaneta-M_S-zdjecie-czb-96x96.jpg\",\"contentUrl\":\"https:\\\/\\\/www.24gliwice.pl\\\/wiadomosci\\\/wp-content\\\/uploads\\\/2021\\\/11\\\/Zaneta-M_S-zdjecie-czb-96x96.jpg\",\"caption\":\"\u017baneta Mrozek-Siewierska\"},\"url\":\"https:\\\/\\\/www.24gliwice.pl\\\/wiadomosci\\\/author\\\/zms\\\/\"}]}<\/script>\n<!-- \/ Yoast SEO plugin. -->","yoast_head_json":{"title":"Koncert \"Bajki \u015awiata\" w CKS Mrowisko. Szykuje si\u0119 wyj\u0105tkowe widowisko ze znanymi bohaterami - 24GLIWICE - Portal Gliwice | codziennie nowe informacje","description":"W CKS Mrowisko w niedziel\u0119, 12 czerwca, zaplanowano niezwyk\u0142e widowisko \"Bajki \u015awiata\", na kt\u00f3re warto wybra\u0107 si\u0119 z dzie\u0107mi. S\u0105 jeszcze bilety","robots":{"index":"index","follow":"follow","max-snippet":"max-snippet:-1","max-image-preview":"max-image-preview:large","max-video-preview":"max-video-preview:-1"},"canonical":"https:\/\/www.24gliwice.pl\/wiadomosci\/koncert-bajki-swiata-w-cks-mrowisko-szykuje-sie-wyjatkowe-widowisko-ze-znanymi-bohaterami\/","og_locale":"pl_PL","og_type":"article","og_title":"Koncert \"Bajki \u015awiata\" w CKS Mrowisko. Szykuje si\u0119 wyj\u0105tkowe widowisko ze znanymi bohaterami - 24GLIWICE - Portal Gliwice | codziennie nowe informacje","og_description":"W CKS Mrowisko w niedziel\u0119, 12 czerwca, zaplanowano niezwyk\u0142e widowisko \"Bajki \u015awiata\", na kt\u00f3re warto wybra\u0107 si\u0119 z dzie\u0107mi. S\u0105 jeszcze bilety","og_url":"https:\/\/www.24gliwice.pl\/wiadomosci\/koncert-bajki-swiata-w-cks-mrowisko-szykuje-sie-wyjatkowe-widowisko-ze-znanymi-bohaterami\/","og_site_name":"24GLIWICE - Portal Gliwice | codziennie nowe informacje","article_publisher":"https:\/\/www.facebook.com\/24gliwice","article_published_time":"2022-06-07T17:41:41+00:00","og_image":[{"width":810,"height":457,"url":"https:\/\/www.24gliwice.pl\/wiadomosci\/wp-content\/uploads\/2022\/06\/koncert-bajki-swiata-1.jpg","type":"image\/jpeg"}],"author":"\u017baneta Mrozek-Siewierska","twitter_card":"summary_large_image","twitter_creator":"@24gliwice","twitter_site":"@24gliwice","twitter_misc":{"Napisane przez":"\u017baneta Mrozek-Siewierska","Szacowany czas czytania":"1 minuta"},"schema":{"@context":"https:\/\/schema.org","@graph":[{"@type":"Article","@id":"https:\/\/www.24gliwice.pl\/wiadomosci\/koncert-bajki-swiata-w-cks-mrowisko-szykuje-sie-wyjatkowe-widowisko-ze-znanymi-bohaterami\/#article","isPartOf":{"@id":"https:\/\/www.24gliwice.pl\/wiadomosci\/koncert-bajki-swiata-w-cks-mrowisko-szykuje-sie-wyjatkowe-widowisko-ze-znanymi-bohaterami\/"},"author":{"name":"\u017baneta Mrozek-Siewierska","@id":"https:\/\/www.24gliwice.pl\/wiadomosci\/#\/schema\/person\/e42c650edd7f2fa332be3811fb166b6e"},"headline":"Koncert &#8220;Bajki \u015awiata&#8221; w CKS Mrowisko. Szykuje si\u0119 wyj\u0105tkowe widowisko ze znanymi bohaterami","datePublished":"2022-06-07T17:41:41+00:00","mainEntityOfPage":{"@id":"https:\/\/www.24gliwice.pl\/wiadomosci\/koncert-bajki-swiata-w-cks-mrowisko-szykuje-sie-wyjatkowe-widowisko-ze-znanymi-bohaterami\/"},"wordCount":274,"commentCount":0,"publisher":{"@id":"https:\/\/www.24gliwice.pl\/wiadomosci\/#organization"},"image":{"@id":"https:\/\/www.24gliwice.pl\/wiadomosci\/koncert-bajki-swiata-w-cks-mrowisko-szykuje-sie-wyjatkowe-widowisko-ze-znanymi-bohaterami\/#primaryimage"},"thumbnailUrl":"https:\/\/www.24gliwice.pl\/wiadomosci\/wp-content\/uploads\/2022\/06\/koncert-bajki-swiata-1.jpg","keywords":["MROWISKO"],"articleSection":["Gliwice","Kultura, wydarzenia, imprezy","Najnowsze wiadomo\u015bci"],"inLanguage":"pl-PL","potentialAction":[{"@type":"CommentAction","name":"Comment","target":["https:\/\/www.24gliwice.pl\/wiadomosci\/koncert-bajki-swiata-w-cks-mrowisko-szykuje-sie-wyjatkowe-widowisko-ze-znanymi-bohaterami\/#respond"]}]},{"@type":"WebPage","@id":"https:\/\/www.24gliwice.pl\/wiadomosci\/koncert-bajki-swiata-w-cks-mrowisko-szykuje-sie-wyjatkowe-widowisko-ze-znanymi-bohaterami\/","url":"https:\/\/www.24gliwice.pl\/wiadomosci\/koncert-bajki-swiata-w-cks-mrowisko-szykuje-sie-wyjatkowe-widowisko-ze-znanymi-bohaterami\/","name":"Koncert \"Bajki \u015awiata\" w CKS Mrowisko. Szykuje si\u0119 wyj\u0105tkowe widowisko ze znanymi bohaterami - 24GLIWICE - Portal Gliwice | codziennie nowe informacje","isPartOf":{"@id":"https:\/\/www.24gliwice.pl\/wiadomosci\/#website"},"primaryImageOfPage":{"@id":"https:\/\/www.24gliwice.pl\/wiadomosci\/koncert-bajki-swiata-w-cks-mrowisko-szykuje-sie-wyjatkowe-widowisko-ze-znanymi-bohaterami\/#primaryimage"},"image":{"@id":"https:\/\/www.24gliwice.pl\/wiadomosci\/koncert-bajki-swiata-w-cks-mrowisko-szykuje-sie-wyjatkowe-widowisko-ze-znanymi-bohaterami\/#primaryimage"},"thumbnailUrl":"https:\/\/www.24gliwice.pl\/wiadomosci\/wp-content\/uploads\/2022\/06\/koncert-bajki-swiata-1.jpg","datePublished":"2022-06-07T17:41:41+00:00","description":"W CKS Mrowisko w niedziel\u0119, 12 czerwca, zaplanowano niezwyk\u0142e widowisko \"Bajki \u015awiata\", na kt\u00f3re warto wybra\u0107 si\u0119 z dzie\u0107mi. S\u0105 jeszcze bilety","breadcrumb":{"@id":"https:\/\/www.24gliwice.pl\/wiadomosci\/koncert-bajki-swiata-w-cks-mrowisko-szykuje-sie-wyjatkowe-widowisko-ze-znanymi-bohaterami\/#breadcrumb"},"inLanguage":"pl-PL","potentialAction":[{"@type":"ReadAction","target":["https:\/\/www.24gliwice.pl\/wiadomosci\/koncert-bajki-swiata-w-cks-mrowisko-szykuje-sie-wyjatkowe-widowisko-ze-znanymi-bohaterami\/"]}]},{"@type":"ImageObject","inLanguage":"pl-PL","@id":"https:\/\/www.24gliwice.pl\/wiadomosci\/koncert-bajki-swiata-w-cks-mrowisko-szykuje-sie-wyjatkowe-widowisko-ze-znanymi-bohaterami\/#primaryimage","url":"https:\/\/www.24gliwice.pl\/wiadomosci\/wp-content\/uploads\/2022\/06\/koncert-bajki-swiata-1.jpg","contentUrl":"https:\/\/www.24gliwice.pl\/wiadomosci\/wp-content\/uploads\/2022\/06\/koncert-bajki-swiata-1.jpg","width":810,"height":457},{"@type":"BreadcrumbList","@id":"https:\/\/www.24gliwice.pl\/wiadomosci\/koncert-bajki-swiata-w-cks-mrowisko-szykuje-sie-wyjatkowe-widowisko-ze-znanymi-bohaterami\/#breadcrumb","itemListElement":[{"@type":"ListItem","position":1,"name":"Strona g\u0142\u00f3wna","item":"https:\/\/www.24gliwice.pl\/wiadomosci\/"},{"@type":"ListItem","position":2,"name":"Koncert &#8222;Bajki \u015awiata&#8221; w CKS Mrowisko. Szykuje si\u0119 wyj\u0105tkowe widowisko ze znanymi bohaterami"}]},{"@type":"WebSite","@id":"https:\/\/www.24gliwice.pl\/wiadomosci\/#website","url":"https:\/\/www.24gliwice.pl\/wiadomosci\/","name":"24GLIWICE - Portal Gliwice | codziennie nowe wiadomo\u015bci","description":"Portal Miejski Gliwice","publisher":{"@id":"https:\/\/www.24gliwice.pl\/wiadomosci\/#organization"},"potentialAction":[{"@type":"SearchAction","target":{"@type":"EntryPoint","urlTemplate":"https:\/\/www.24gliwice.pl\/wiadomosci\/?s={search_term_string}"},"query-input":{"@type":"PropertyValueSpecification","valueRequired":true,"valueName":"search_term_string"}}],"inLanguage":"pl-PL"},{"@type":"Organization","@id":"https:\/\/www.24gliwice.pl\/wiadomosci\/#organization","name":"24gliwice","url":"https:\/\/www.24gliwice.pl\/wiadomosci\/","logo":{"@type":"ImageObject","inLanguage":"pl-PL","@id":"https:\/\/www.24gliwice.pl\/wiadomosci\/#\/schema\/logo\/image\/","url":"https:\/\/www.24gliwice.pl\/wiadomosci\/wp-content\/uploads\/2024\/10\/24gliwice-logo-696.jpg","contentUrl":"https:\/\/www.24gliwice.pl\/wiadomosci\/wp-content\/uploads\/2024\/10\/24gliwice-logo-696.jpg","width":696,"height":696,"caption":"24gliwice"},"image":{"@id":"https:\/\/www.24gliwice.pl\/wiadomosci\/#\/schema\/logo\/image\/"},"sameAs":["https:\/\/www.facebook.com\/24gliwice","https:\/\/x.com\/24gliwice","https:\/\/www.youtube.com\/@24gliwice"]},{"@type":"Person","@id":"https:\/\/www.24gliwice.pl\/wiadomosci\/#\/schema\/person\/e42c650edd7f2fa332be3811fb166b6e","name":"\u017baneta Mrozek-Siewierska","image":{"@type":"ImageObject","inLanguage":"pl-PL","@id":"https:\/\/www.24gliwice.pl\/wiadomosci\/wp-content\/uploads\/2021\/11\/Zaneta-M_S-zdjecie-czb-96x96.jpg","url":"https:\/\/www.24gliwice.pl\/wiadomosci\/wp-content\/uploads\/2021\/11\/Zaneta-M_S-zdjecie-czb-96x96.jpg","contentUrl":"https:\/\/www.24gliwice.pl\/wiadomosci\/wp-content\/uploads\/2021\/11\/Zaneta-M_S-zdjecie-czb-96x96.jpg","caption":"\u017baneta Mrozek-Siewierska"},"url":"https:\/\/www.24gliwice.pl\/wiadomosci\/author\/zms\/"}]}},"_links":{"self":[{"href":"https:\/\/www.24gliwice.pl\/wiadomosci\/wp-json\/wp\/v2\/posts\/194093","targetHints":{"allow":["GET"]}}],"collection":[{"href":"https:\/\/www.24gliwice.pl\/wiadomosci\/wp-json\/wp\/v2\/posts"}],"about":[{"href":"https:\/\/www.24gliwice.pl\/wiadomosci\/wp-json\/wp\/v2\/types\/post"}],"author":[{"embeddable":true,"href":"https:\/\/www.24gliwice.pl\/wiadomosci\/wp-json\/wp\/v2\/users\/15"}],"replies":[{"embeddable":true,"href":"https:\/\/www.24gliwice.pl\/wiadomosci\/wp-json\/wp\/v2\/comments?post=194093"}],"version-history":[{"count":6,"href":"https:\/\/www.24gliwice.pl\/wiadomosci\/wp-json\/wp\/v2\/posts\/194093\/revisions"}],"predecessor-version":[{"id":194106,"href":"https:\/\/www.24gliwice.pl\/wiadomosci\/wp-json\/wp\/v2\/posts\/194093\/revisions\/194106"}],"wp:featuredmedia":[{"embeddable":true,"href":"https:\/\/www.24gliwice.pl\/wiadomosci\/wp-json\/wp\/v2\/media\/194098"}],"wp:attachment":[{"href":"https:\/\/www.24gliwice.pl\/wiadomosci\/wp-json\/wp\/v2\/media?parent=194093"}],"wp:term":[{"taxonomy":"category","embeddable":true,"href":"https:\/\/www.24gliwice.pl\/wiadomosci\/wp-json\/wp\/v2\/categories?post=194093"},{"taxonomy":"post_tag","embeddable":true,"href":"https:\/\/www.24gliwice.pl\/wiadomosci\/wp-json\/wp\/v2\/tags?post=194093"}],"curies":[{"name":"wp","href":"https:\/\/api.w.org\/{rel}","templated":true}]}}