{"id":194239,"date":"2022-06-09T12:30:11","date_gmt":"2022-06-09T10:30:11","guid":{"rendered":"https:\/\/www.24gliwice.pl\/wiadomosci\/?p=194239"},"modified":"2022-06-09T12:30:11","modified_gmt":"2022-06-09T10:30:11","slug":"symfonia-fabryki-ursus-muzeum-zaprasza-na-pokaz-filmowy-i-spotkanie-z-rezyserka","status":"publish","type":"post","link":"https:\/\/www.24gliwice.pl\/wiadomosci\/symfonia-fabryki-ursus-muzeum-zaprasza-na-pokaz-filmowy-i-spotkanie-z-rezyserka\/","title":{"rendered":"&#8220;Symfonia fabryki Ursus&#8221;. Muzeum zaprasza na pokaz filmowy i spotkanie z re\u017cyserk\u0105"},"content":{"rendered":"<div class=\"gliwi-a6-nad-leadem-artykulow gliwi-entity-placement\" id=\"gliwi-736788786\"><div class=\"gliwi-adlabel\"><span style=\"font-size: 9px\">REKLAMA<\/span><\/div><div id=\"gliwi-540290217\" style=\"margin-bottom: 25px;margin-left: auto;margin-right: auto;text-align: center;\"><a data-no-instant=\"1\" href=\"https:\/\/dom100.eu\/\" rel=\"noopener\" class=\"a2t-link\" target=\"_blank\" aria-label=\"20260415 DOM100 D\"><img loading=\"lazy\" decoding=\"async\" src=\"https:\/\/www.24gliwice.pl\/wiadomosci\/wp-content\/uploads\/2026\/04\/20260415-DOM100-D.jpg\" alt=\"\"  srcset=\"https:\/\/www.24gliwice.pl\/wiadomosci\/wp-content\/uploads\/2026\/04\/20260415-DOM100-D.jpg 750w, https:\/\/www.24gliwice.pl\/wiadomosci\/wp-content\/uploads\/2026\/04\/20260415-DOM100-D-410x109.jpg 410w\" sizes=\"(max-width: 750px) 100vw, 750px\" class=\"no-lazyload\" width=\"750\" height=\"200\"  style=\"display: inline-block; max-width: 100%; height: auto;\" \/><\/a><\/div><\/div><h2>W Willi Caro odb\u0119dzie si\u0119 pokaz filmu &#8220;Symfonia Fabryki Ursus&#8221;, w re\u017cyserii Ja\u015bminy W\u00f3jcik, po\u0142\u0105czonego ze spotkaniem z autork\u0105. Wydarzenie zaplanowano na najbli\u017cszy pi\u0105tek, 10 czerwca.<\/h2>\n<p>&nbsp;<br \/>\nRozpocz\u0119cie o godzinie 17:00. <\/p>\n<p>Wst\u0119p na projekcj\u0119 jest bezp\u0142atny, wymagane s\u0105 zapisy mailowe: <a href=\"mailto:mpaszko@muzeum.gliwice.pl\" rel=\"noopener\" target=\"_blank\">mpaszko@muzeum.gliwice.pl<\/a>. <\/p><div class=\"gliwi-a3-w-tresci-artykulow gliwi-entity-placement\" id=\"gliwi-3268239634\"><div class=\"gliwi-adlabel\"><span style=\"font-size: 9px\">REKLAMA<\/span><\/div><div id=\"gliwi-920229154\" style=\"margin-bottom: 30px;margin-left: auto;margin-right: auto;text-align: center;\"><a data-no-instant=\"1\" href=\"https:\/\/zlobek.halogen.org.pl\/\" rel=\"noopener\" class=\"a2t-link\" target=\"_blank\" aria-label=\"animator-zlobek_750x200\"><img loading=\"lazy\" decoding=\"async\" src=\"https:\/\/www.24gliwice.pl\/wiadomosci\/wp-content\/uploads\/2026\/02\/animator-zlobek_750x200.webp\" alt=\"\"  srcset=\"https:\/\/www.24gliwice.pl\/wiadomosci\/wp-content\/uploads\/2026\/02\/animator-zlobek_750x200.webp 750w, https:\/\/www.24gliwice.pl\/wiadomosci\/wp-content\/uploads\/2026\/02\/animator-zlobek_750x200-410x109.webp 410w\" sizes=\"(max-width: 750px) 100vw, 750px\" class=\"no-lazyload\" width=\"750\" height=\"200\"  style=\"display: inline-block; max-width: 100%; height: auto;\" \/><\/a><\/div><\/div>\n<p>\u201eSymfonia Fabryki Ursus\u201d to filmowe podsumowanie pi\u0119cioletniej pracy artystyczno-badawczej ze spo\u0142eczno\u015bci\u0105 by\u0142ych pracownik\u00f3w fabryki Ursus. Dokument kreacyjny \u0142\u0105cz\u0105cy sztuk\u0119 wideo z choreografi\u0105 i muzyk\u0105 eksperymentaln\u0105. <\/p>\n<p>Arty\u015bci (<strong>Ja\u015bmina W\u00f3jcik<\/strong> \u2013 re\u017cyserka, wsp\u00f3\u0142scenarzystka; <strong>Igor Stokfiszewski<\/strong> \u2013 wsp\u00f3\u0142scenarzysta; <strong>Rafa\u0142 Urbacki<\/strong> \u2013 choreograf; <strong>Dominik Strycharski <\/strong>\u2013 kompozytor; <strong>Jakub Wr\u00f3blewski<\/strong> \u2013 autor koncepcji wizualnej filmu) zaprosili by\u0142ych pracownik\u00f3w zak\u0142adu \u2013 robotnice, technolog\u00f3w, kierownik\u00f3w, sekretarki \u2013 do udzia\u0142u w filmie, kt\u00f3ry raz jeszcze o\u017cywi\u0142by fabryk\u0119. <\/p>\n<h4>Przede wszystkim jednak jest to g\u0142os za upami\u0119tnieniem fabryki Ursus, kultury przemys\u0142owej i robotniczej, walcz\u0105cy o godno\u015b\u0107 ludzi pracy i polityk\u0119 historyczn\u0105 uwzgl\u0119dniaj\u0105c\u0105 ich biografie.<\/h4>\n<p>Symfonii towarzyszy co\u015b jeszcze \u2013 niemal zapomniane warto\u015bci zwi\u0105zane z er\u0105 przemys\u0142ow\u0105 \u2013 robotnicza wsp\u00f3lnota, solidarno\u015b\u0107, etos pracy. O\u017cywienie fabryki wprawia w ruch, rozsiane po ca\u0142ej Polsce, traktory, kt\u00f3re wysz\u0142y spod r\u0105k ursuskich robotnik\u00f3w. Maszyny przyci\u0105gane energi\u0105 pami\u0119ci przybywaj\u0105 do miejsca, w kt\u00f3rym si\u0119 narodzi\u0142y, by odda\u0107 ho\u0142d swoim konstruktorom \u2013 pracownikom ursuskiej fabryki. Jej zabudowania znikn\u0105, lecz ci\u0105gniki i robotnicy Ursusa na zawsze pozostan\u0105 cz\u0119\u015bci\u0105 jego <em>genius loci<\/em>.<\/p>\n<p><a href=\"https:\/\/www.24gliwice.pl\/wiadomosci\/wp-content\/uploads\/2022\/06\/symfonia-fabryki-ursus.jpg\"><img loading=\"lazy\" decoding=\"async\" src=\"https:\/\/www.24gliwice.pl\/wiadomosci\/wp-content\/uploads\/2022\/06\/symfonia-fabryki-ursus.jpg\" alt=\"\" width=\"1920\" height=\"1080\" class=\"alignnone size-full wp-image-194247\" srcset=\"https:\/\/www.24gliwice.pl\/wiadomosci\/wp-content\/uploads\/2022\/06\/symfonia-fabryki-ursus.jpg 1920w, https:\/\/www.24gliwice.pl\/wiadomosci\/wp-content\/uploads\/2022\/06\/symfonia-fabryki-ursus-410x232.jpg 410w, https:\/\/www.24gliwice.pl\/wiadomosci\/wp-content\/uploads\/2022\/06\/symfonia-fabryki-ursus-810x456.jpg 810w, https:\/\/www.24gliwice.pl\/wiadomosci\/wp-content\/uploads\/2022\/06\/symfonia-fabryki-ursus-768x432.jpg 768w, https:\/\/www.24gliwice.pl\/wiadomosci\/wp-content\/uploads\/2022\/06\/symfonia-fabryki-ursus-1536x864.jpg 1536w, https:\/\/www.24gliwice.pl\/wiadomosci\/wp-content\/uploads\/2022\/06\/symfonia-fabryki-ursus-1140x641.jpg 1140w\" sizes=\"auto, (max-width: 1920px) 100vw, 1920px\" \/><\/a><\/p>\n<p>Film powsta\u0142 w ramach wsp\u00f3lnej inicjatywy Muzeum Sztuki Nowoczesnej w Warszawie oraz Polskiego Instytutu Sztuki Filmowej i Szko\u0142y Wajdy \u2013 pod nazw\u0105 \u201cNagroda Filmowa dla filmu eksperymentalnego\u201d. Inicjatywa ta powsta\u0142a w odpowiedzi na aktualne tendencje w kinie \u015bwiatowym, polegaj\u0105ce na tworzeniu przez artyst\u00f3w sztuk wizualnych film\u00f3w skierowanych do kinowego widza.<\/p>\n<p>produkcja: Polska 2018<br \/>\ngatunek: dokumentalny<br \/>\nczas trwania: 61 min<\/p>\n<p>(mat. MwG)<br \/>\nfot. px\/zdj. pogl\u0105dowe<\/p>\n<div class=\"gliwi-a5-na-koncu-artykulow gliwi-entity-placement\" id=\"gliwi-2755990643\"><div class=\"gliwi-adlabel\"><span style=\"font-size: 9px\">REKLAMA<\/span><\/div><div id=\"gliwi-4084067007\" style=\"margin-left: auto;margin-right: auto;text-align: center;\"><a data-no-instant=\"1\" href=\"https:\/\/prezeroarenagliwice.pl\/\" rel=\"noopener\" class=\"a2t-link\" target=\"_blank\" aria-label=\"20260309-PREZERO-WIOSNA-D\"><img loading=\"lazy\" decoding=\"async\" src=\"https:\/\/www.24gliwice.pl\/wiadomosci\/wp-content\/uploads\/2026\/03\/20260309-PREZERO-WIOSNA-D.webp\" alt=\"\"  srcset=\"https:\/\/www.24gliwice.pl\/wiadomosci\/wp-content\/uploads\/2026\/03\/20260309-PREZERO-WIOSNA-D.webp 750w, https:\/\/www.24gliwice.pl\/wiadomosci\/wp-content\/uploads\/2026\/03\/20260309-PREZERO-WIOSNA-D-410x109.webp 410w\" sizes=\"(max-width: 750px) 100vw, 750px\" class=\"no-lazyload\" width=\"750\" height=\"200\"  style=\"display: inline-block; max-width: 100%; height: auto;\" \/><\/a><\/div><\/div>","protected":false},"excerpt":{"rendered":"<p>W Willi Caro odb\u0119dzie si\u0119 pokaz filmu &#8220;Symfonia Fabryki Ursus&#8221;, w re\u017cyserii Ja\u015bminy W\u00f3jcik, po\u0142\u0105czonego ze spotkaniem z autork\u0105. Wydarzenie zaplanowano na najbli\u017cszy pi\u0105tek, 10 czerwca. &nbsp; Rozpocz\u0119cie o godzinie 17:00. Wst\u0119p na projekcj\u0119 jest bezp\u0142atny, wymagane s\u0105 zapisy mailowe: mpaszko@muzeum.gliwice.pl. \u201eSymfonia Fabryki Ursus\u201d to filmowe podsumowanie pi\u0119cioletniej pracy artystyczno-badawczej ze spo\u0142eczno\u015bci\u0105 by\u0142ych pracownik\u00f3w fabryki [&hellip;]<\/p>\n","protected":false},"author":15,"featured_media":194244,"comment_status":"open","ping_status":"closed","sticky":false,"template":"","format":"standard","meta":{"_monsterinsights_skip_tracking":false,"_monsterinsights_sitenote_active":false,"_monsterinsights_sitenote_note":"","_monsterinsights_sitenote_category":0,"footnotes":"","_links_to":"","_links_to_target":""},"categories":[3,6,1],"tags":[210],"class_list":["post-194239","post","type-post","status-publish","format-standard","has-post-thumbnail","hentry","category-gliwice","category-kultura","category-wszystko","tag-willa-caro"],"yoast_head":"<!-- This site is optimized with the Yoast SEO plugin v27.4 - https:\/\/yoast.com\/product\/yoast-seo-wordpress\/ -->\n<title>&quot;Symfonia fabryki Ursus&quot;. Muzeum zaprasza na pokaz filmowy i spotkanie z re\u017cyserk\u0105 - 24GLIWICE - Portal Gliwice | codziennie nowe informacje<\/title>\n<meta name=\"description\" content=\"W Willi Caro zaplanowano pokaz filmu dokumentalnego &quot;Symfonia fabryki Ursus&quot;. Wydarzenie po\u0142\u0105czone jest ze spotkaniem z re\u017cyserk\u0105\" \/>\n<meta name=\"robots\" content=\"index, follow, max-snippet:-1, max-image-preview:large, max-video-preview:-1\" \/>\n<link rel=\"canonical\" href=\"https:\/\/www.24gliwice.pl\/wiadomosci\/symfonia-fabryki-ursus-muzeum-zaprasza-na-pokaz-filmowy-i-spotkanie-z-rezyserka\/\" \/>\n<meta property=\"og:locale\" content=\"pl_PL\" \/>\n<meta property=\"og:type\" content=\"article\" \/>\n<meta property=\"og:title\" content=\"&quot;Symfonia fabryki Ursus&quot;. Muzeum zaprasza na pokaz filmowy i spotkanie z re\u017cyserk\u0105 - 24GLIWICE - Portal Gliwice | codziennie nowe informacje\" \/>\n<meta property=\"og:description\" content=\"W Willi Caro zaplanowano pokaz filmu dokumentalnego &quot;Symfonia fabryki Ursus&quot;. Wydarzenie po\u0142\u0105czone jest ze spotkaniem z re\u017cyserk\u0105\" \/>\n<meta property=\"og:url\" content=\"https:\/\/www.24gliwice.pl\/wiadomosci\/symfonia-fabryki-ursus-muzeum-zaprasza-na-pokaz-filmowy-i-spotkanie-z-rezyserka\/\" \/>\n<meta property=\"og:site_name\" content=\"24GLIWICE - Portal Gliwice | codziennie nowe informacje\" \/>\n<meta property=\"article:publisher\" content=\"https:\/\/www.facebook.com\/24gliwice\" \/>\n<meta property=\"article:published_time\" content=\"2022-06-09T10:30:11+00:00\" \/>\n<meta property=\"og:image\" content=\"https:\/\/www.24gliwice.pl\/wiadomosci\/wp-content\/uploads\/2022\/06\/traktor-ciagnik-ursus.jpg\" \/>\n\t<meta property=\"og:image:width\" content=\"810\" \/>\n\t<meta property=\"og:image:height\" content=\"456\" \/>\n\t<meta property=\"og:image:type\" content=\"image\/jpeg\" \/>\n<meta name=\"author\" content=\"\u017baneta Mrozek-Siewierska\" \/>\n<meta name=\"twitter:card\" content=\"summary_large_image\" \/>\n<meta name=\"twitter:creator\" content=\"@24gliwice\" \/>\n<meta name=\"twitter:site\" content=\"@24gliwice\" \/>\n<meta name=\"twitter:label1\" content=\"Napisane przez\" \/>\n\t<meta name=\"twitter:data1\" content=\"\u017baneta Mrozek-Siewierska\" \/>\n\t<meta name=\"twitter:label2\" content=\"Szacowany czas czytania\" \/>\n\t<meta name=\"twitter:data2\" content=\"2 minuty\" \/>\n<script type=\"application\/ld+json\" class=\"yoast-schema-graph\">{\"@context\":\"https:\\\/\\\/schema.org\",\"@graph\":[{\"@type\":\"Article\",\"@id\":\"https:\\\/\\\/www.24gliwice.pl\\\/wiadomosci\\\/symfonia-fabryki-ursus-muzeum-zaprasza-na-pokaz-filmowy-i-spotkanie-z-rezyserka\\\/#article\",\"isPartOf\":{\"@id\":\"https:\\\/\\\/www.24gliwice.pl\\\/wiadomosci\\\/symfonia-fabryki-ursus-muzeum-zaprasza-na-pokaz-filmowy-i-spotkanie-z-rezyserka\\\/\"},\"author\":{\"name\":\"\u017baneta Mrozek-Siewierska\",\"@id\":\"https:\\\/\\\/www.24gliwice.pl\\\/wiadomosci\\\/#\\\/schema\\\/person\\\/e42c650edd7f2fa332be3811fb166b6e\"},\"headline\":\"&#8220;Symfonia fabryki Ursus&#8221;. Muzeum zaprasza na pokaz filmowy i spotkanie z re\u017cyserk\u0105\",\"datePublished\":\"2022-06-09T10:30:11+00:00\",\"mainEntityOfPage\":{\"@id\":\"https:\\\/\\\/www.24gliwice.pl\\\/wiadomosci\\\/symfonia-fabryki-ursus-muzeum-zaprasza-na-pokaz-filmowy-i-spotkanie-z-rezyserka\\\/\"},\"wordCount\":332,\"commentCount\":0,\"publisher\":{\"@id\":\"https:\\\/\\\/www.24gliwice.pl\\\/wiadomosci\\\/#organization\"},\"image\":{\"@id\":\"https:\\\/\\\/www.24gliwice.pl\\\/wiadomosci\\\/symfonia-fabryki-ursus-muzeum-zaprasza-na-pokaz-filmowy-i-spotkanie-z-rezyserka\\\/#primaryimage\"},\"thumbnailUrl\":\"https:\\\/\\\/www.24gliwice.pl\\\/wiadomosci\\\/wp-content\\\/uploads\\\/2022\\\/06\\\/traktor-ciagnik-ursus.jpg\",\"keywords\":[\"WILLA CARO\"],\"articleSection\":[\"Gliwice\",\"Kultura, wydarzenia, imprezy\",\"Najnowsze wiadomo\u015bci\"],\"inLanguage\":\"pl-PL\",\"potentialAction\":[{\"@type\":\"CommentAction\",\"name\":\"Comment\",\"target\":[\"https:\\\/\\\/www.24gliwice.pl\\\/wiadomosci\\\/symfonia-fabryki-ursus-muzeum-zaprasza-na-pokaz-filmowy-i-spotkanie-z-rezyserka\\\/#respond\"]}]},{\"@type\":\"WebPage\",\"@id\":\"https:\\\/\\\/www.24gliwice.pl\\\/wiadomosci\\\/symfonia-fabryki-ursus-muzeum-zaprasza-na-pokaz-filmowy-i-spotkanie-z-rezyserka\\\/\",\"url\":\"https:\\\/\\\/www.24gliwice.pl\\\/wiadomosci\\\/symfonia-fabryki-ursus-muzeum-zaprasza-na-pokaz-filmowy-i-spotkanie-z-rezyserka\\\/\",\"name\":\"\\\"Symfonia fabryki Ursus\\\". Muzeum zaprasza na pokaz filmowy i spotkanie z re\u017cyserk\u0105 - 24GLIWICE - Portal Gliwice | codziennie nowe informacje\",\"isPartOf\":{\"@id\":\"https:\\\/\\\/www.24gliwice.pl\\\/wiadomosci\\\/#website\"},\"primaryImageOfPage\":{\"@id\":\"https:\\\/\\\/www.24gliwice.pl\\\/wiadomosci\\\/symfonia-fabryki-ursus-muzeum-zaprasza-na-pokaz-filmowy-i-spotkanie-z-rezyserka\\\/#primaryimage\"},\"image\":{\"@id\":\"https:\\\/\\\/www.24gliwice.pl\\\/wiadomosci\\\/symfonia-fabryki-ursus-muzeum-zaprasza-na-pokaz-filmowy-i-spotkanie-z-rezyserka\\\/#primaryimage\"},\"thumbnailUrl\":\"https:\\\/\\\/www.24gliwice.pl\\\/wiadomosci\\\/wp-content\\\/uploads\\\/2022\\\/06\\\/traktor-ciagnik-ursus.jpg\",\"datePublished\":\"2022-06-09T10:30:11+00:00\",\"description\":\"W Willi Caro zaplanowano pokaz filmu dokumentalnego \\\"Symfonia fabryki Ursus\\\". Wydarzenie po\u0142\u0105czone jest ze spotkaniem z re\u017cyserk\u0105\",\"breadcrumb\":{\"@id\":\"https:\\\/\\\/www.24gliwice.pl\\\/wiadomosci\\\/symfonia-fabryki-ursus-muzeum-zaprasza-na-pokaz-filmowy-i-spotkanie-z-rezyserka\\\/#breadcrumb\"},\"inLanguage\":\"pl-PL\",\"potentialAction\":[{\"@type\":\"ReadAction\",\"target\":[\"https:\\\/\\\/www.24gliwice.pl\\\/wiadomosci\\\/symfonia-fabryki-ursus-muzeum-zaprasza-na-pokaz-filmowy-i-spotkanie-z-rezyserka\\\/\"]}]},{\"@type\":\"ImageObject\",\"inLanguage\":\"pl-PL\",\"@id\":\"https:\\\/\\\/www.24gliwice.pl\\\/wiadomosci\\\/symfonia-fabryki-ursus-muzeum-zaprasza-na-pokaz-filmowy-i-spotkanie-z-rezyserka\\\/#primaryimage\",\"url\":\"https:\\\/\\\/www.24gliwice.pl\\\/wiadomosci\\\/wp-content\\\/uploads\\\/2022\\\/06\\\/traktor-ciagnik-ursus.jpg\",\"contentUrl\":\"https:\\\/\\\/www.24gliwice.pl\\\/wiadomosci\\\/wp-content\\\/uploads\\\/2022\\\/06\\\/traktor-ciagnik-ursus.jpg\",\"width\":810,\"height\":456},{\"@type\":\"BreadcrumbList\",\"@id\":\"https:\\\/\\\/www.24gliwice.pl\\\/wiadomosci\\\/symfonia-fabryki-ursus-muzeum-zaprasza-na-pokaz-filmowy-i-spotkanie-z-rezyserka\\\/#breadcrumb\",\"itemListElement\":[{\"@type\":\"ListItem\",\"position\":1,\"name\":\"Strona g\u0142\u00f3wna\",\"item\":\"https:\\\/\\\/www.24gliwice.pl\\\/wiadomosci\\\/\"},{\"@type\":\"ListItem\",\"position\":2,\"name\":\"&#8222;Symfonia fabryki Ursus&#8221;. Muzeum zaprasza na pokaz filmowy i spotkanie z re\u017cyserk\u0105\"}]},{\"@type\":\"WebSite\",\"@id\":\"https:\\\/\\\/www.24gliwice.pl\\\/wiadomosci\\\/#website\",\"url\":\"https:\\\/\\\/www.24gliwice.pl\\\/wiadomosci\\\/\",\"name\":\"24GLIWICE - Portal Gliwice | codziennie nowe wiadomo\u015bci\",\"description\":\"Portal Miejski Gliwice\",\"publisher\":{\"@id\":\"https:\\\/\\\/www.24gliwice.pl\\\/wiadomosci\\\/#organization\"},\"potentialAction\":[{\"@type\":\"SearchAction\",\"target\":{\"@type\":\"EntryPoint\",\"urlTemplate\":\"https:\\\/\\\/www.24gliwice.pl\\\/wiadomosci\\\/?s={search_term_string}\"},\"query-input\":{\"@type\":\"PropertyValueSpecification\",\"valueRequired\":true,\"valueName\":\"search_term_string\"}}],\"inLanguage\":\"pl-PL\"},{\"@type\":\"Organization\",\"@id\":\"https:\\\/\\\/www.24gliwice.pl\\\/wiadomosci\\\/#organization\",\"name\":\"24gliwice\",\"url\":\"https:\\\/\\\/www.24gliwice.pl\\\/wiadomosci\\\/\",\"logo\":{\"@type\":\"ImageObject\",\"inLanguage\":\"pl-PL\",\"@id\":\"https:\\\/\\\/www.24gliwice.pl\\\/wiadomosci\\\/#\\\/schema\\\/logo\\\/image\\\/\",\"url\":\"https:\\\/\\\/www.24gliwice.pl\\\/wiadomosci\\\/wp-content\\\/uploads\\\/2024\\\/10\\\/24gliwice-logo-696.jpg\",\"contentUrl\":\"https:\\\/\\\/www.24gliwice.pl\\\/wiadomosci\\\/wp-content\\\/uploads\\\/2024\\\/10\\\/24gliwice-logo-696.jpg\",\"width\":696,\"height\":696,\"caption\":\"24gliwice\"},\"image\":{\"@id\":\"https:\\\/\\\/www.24gliwice.pl\\\/wiadomosci\\\/#\\\/schema\\\/logo\\\/image\\\/\"},\"sameAs\":[\"https:\\\/\\\/www.facebook.com\\\/24gliwice\",\"https:\\\/\\\/x.com\\\/24gliwice\",\"https:\\\/\\\/www.youtube.com\\\/@24gliwice\"]},{\"@type\":\"Person\",\"@id\":\"https:\\\/\\\/www.24gliwice.pl\\\/wiadomosci\\\/#\\\/schema\\\/person\\\/e42c650edd7f2fa332be3811fb166b6e\",\"name\":\"\u017baneta Mrozek-Siewierska\",\"image\":{\"@type\":\"ImageObject\",\"inLanguage\":\"pl-PL\",\"@id\":\"https:\\\/\\\/www.24gliwice.pl\\\/wiadomosci\\\/wp-content\\\/uploads\\\/2021\\\/11\\\/Zaneta-M_S-zdjecie-czb-96x96.jpg\",\"url\":\"https:\\\/\\\/www.24gliwice.pl\\\/wiadomosci\\\/wp-content\\\/uploads\\\/2021\\\/11\\\/Zaneta-M_S-zdjecie-czb-96x96.jpg\",\"contentUrl\":\"https:\\\/\\\/www.24gliwice.pl\\\/wiadomosci\\\/wp-content\\\/uploads\\\/2021\\\/11\\\/Zaneta-M_S-zdjecie-czb-96x96.jpg\",\"caption\":\"\u017baneta Mrozek-Siewierska\"},\"url\":\"https:\\\/\\\/www.24gliwice.pl\\\/wiadomosci\\\/author\\\/zms\\\/\"}]}<\/script>\n<!-- \/ Yoast SEO plugin. -->","yoast_head_json":{"title":"\"Symfonia fabryki Ursus\". Muzeum zaprasza na pokaz filmowy i spotkanie z re\u017cyserk\u0105 - 24GLIWICE - Portal Gliwice | codziennie nowe informacje","description":"W Willi Caro zaplanowano pokaz filmu dokumentalnego \"Symfonia fabryki Ursus\". Wydarzenie po\u0142\u0105czone jest ze spotkaniem z re\u017cyserk\u0105","robots":{"index":"index","follow":"follow","max-snippet":"max-snippet:-1","max-image-preview":"max-image-preview:large","max-video-preview":"max-video-preview:-1"},"canonical":"https:\/\/www.24gliwice.pl\/wiadomosci\/symfonia-fabryki-ursus-muzeum-zaprasza-na-pokaz-filmowy-i-spotkanie-z-rezyserka\/","og_locale":"pl_PL","og_type":"article","og_title":"\"Symfonia fabryki Ursus\". Muzeum zaprasza na pokaz filmowy i spotkanie z re\u017cyserk\u0105 - 24GLIWICE - Portal Gliwice | codziennie nowe informacje","og_description":"W Willi Caro zaplanowano pokaz filmu dokumentalnego \"Symfonia fabryki Ursus\". Wydarzenie po\u0142\u0105czone jest ze spotkaniem z re\u017cyserk\u0105","og_url":"https:\/\/www.24gliwice.pl\/wiadomosci\/symfonia-fabryki-ursus-muzeum-zaprasza-na-pokaz-filmowy-i-spotkanie-z-rezyserka\/","og_site_name":"24GLIWICE - Portal Gliwice | codziennie nowe informacje","article_publisher":"https:\/\/www.facebook.com\/24gliwice","article_published_time":"2022-06-09T10:30:11+00:00","og_image":[{"width":810,"height":456,"url":"https:\/\/www.24gliwice.pl\/wiadomosci\/wp-content\/uploads\/2022\/06\/traktor-ciagnik-ursus.jpg","type":"image\/jpeg"}],"author":"\u017baneta Mrozek-Siewierska","twitter_card":"summary_large_image","twitter_creator":"@24gliwice","twitter_site":"@24gliwice","twitter_misc":{"Napisane przez":"\u017baneta Mrozek-Siewierska","Szacowany czas czytania":"2 minuty"},"schema":{"@context":"https:\/\/schema.org","@graph":[{"@type":"Article","@id":"https:\/\/www.24gliwice.pl\/wiadomosci\/symfonia-fabryki-ursus-muzeum-zaprasza-na-pokaz-filmowy-i-spotkanie-z-rezyserka\/#article","isPartOf":{"@id":"https:\/\/www.24gliwice.pl\/wiadomosci\/symfonia-fabryki-ursus-muzeum-zaprasza-na-pokaz-filmowy-i-spotkanie-z-rezyserka\/"},"author":{"name":"\u017baneta Mrozek-Siewierska","@id":"https:\/\/www.24gliwice.pl\/wiadomosci\/#\/schema\/person\/e42c650edd7f2fa332be3811fb166b6e"},"headline":"&#8220;Symfonia fabryki Ursus&#8221;. Muzeum zaprasza na pokaz filmowy i spotkanie z re\u017cyserk\u0105","datePublished":"2022-06-09T10:30:11+00:00","mainEntityOfPage":{"@id":"https:\/\/www.24gliwice.pl\/wiadomosci\/symfonia-fabryki-ursus-muzeum-zaprasza-na-pokaz-filmowy-i-spotkanie-z-rezyserka\/"},"wordCount":332,"commentCount":0,"publisher":{"@id":"https:\/\/www.24gliwice.pl\/wiadomosci\/#organization"},"image":{"@id":"https:\/\/www.24gliwice.pl\/wiadomosci\/symfonia-fabryki-ursus-muzeum-zaprasza-na-pokaz-filmowy-i-spotkanie-z-rezyserka\/#primaryimage"},"thumbnailUrl":"https:\/\/www.24gliwice.pl\/wiadomosci\/wp-content\/uploads\/2022\/06\/traktor-ciagnik-ursus.jpg","keywords":["WILLA CARO"],"articleSection":["Gliwice","Kultura, wydarzenia, imprezy","Najnowsze wiadomo\u015bci"],"inLanguage":"pl-PL","potentialAction":[{"@type":"CommentAction","name":"Comment","target":["https:\/\/www.24gliwice.pl\/wiadomosci\/symfonia-fabryki-ursus-muzeum-zaprasza-na-pokaz-filmowy-i-spotkanie-z-rezyserka\/#respond"]}]},{"@type":"WebPage","@id":"https:\/\/www.24gliwice.pl\/wiadomosci\/symfonia-fabryki-ursus-muzeum-zaprasza-na-pokaz-filmowy-i-spotkanie-z-rezyserka\/","url":"https:\/\/www.24gliwice.pl\/wiadomosci\/symfonia-fabryki-ursus-muzeum-zaprasza-na-pokaz-filmowy-i-spotkanie-z-rezyserka\/","name":"\"Symfonia fabryki Ursus\". Muzeum zaprasza na pokaz filmowy i spotkanie z re\u017cyserk\u0105 - 24GLIWICE - Portal Gliwice | codziennie nowe informacje","isPartOf":{"@id":"https:\/\/www.24gliwice.pl\/wiadomosci\/#website"},"primaryImageOfPage":{"@id":"https:\/\/www.24gliwice.pl\/wiadomosci\/symfonia-fabryki-ursus-muzeum-zaprasza-na-pokaz-filmowy-i-spotkanie-z-rezyserka\/#primaryimage"},"image":{"@id":"https:\/\/www.24gliwice.pl\/wiadomosci\/symfonia-fabryki-ursus-muzeum-zaprasza-na-pokaz-filmowy-i-spotkanie-z-rezyserka\/#primaryimage"},"thumbnailUrl":"https:\/\/www.24gliwice.pl\/wiadomosci\/wp-content\/uploads\/2022\/06\/traktor-ciagnik-ursus.jpg","datePublished":"2022-06-09T10:30:11+00:00","description":"W Willi Caro zaplanowano pokaz filmu dokumentalnego \"Symfonia fabryki Ursus\". Wydarzenie po\u0142\u0105czone jest ze spotkaniem z re\u017cyserk\u0105","breadcrumb":{"@id":"https:\/\/www.24gliwice.pl\/wiadomosci\/symfonia-fabryki-ursus-muzeum-zaprasza-na-pokaz-filmowy-i-spotkanie-z-rezyserka\/#breadcrumb"},"inLanguage":"pl-PL","potentialAction":[{"@type":"ReadAction","target":["https:\/\/www.24gliwice.pl\/wiadomosci\/symfonia-fabryki-ursus-muzeum-zaprasza-na-pokaz-filmowy-i-spotkanie-z-rezyserka\/"]}]},{"@type":"ImageObject","inLanguage":"pl-PL","@id":"https:\/\/www.24gliwice.pl\/wiadomosci\/symfonia-fabryki-ursus-muzeum-zaprasza-na-pokaz-filmowy-i-spotkanie-z-rezyserka\/#primaryimage","url":"https:\/\/www.24gliwice.pl\/wiadomosci\/wp-content\/uploads\/2022\/06\/traktor-ciagnik-ursus.jpg","contentUrl":"https:\/\/www.24gliwice.pl\/wiadomosci\/wp-content\/uploads\/2022\/06\/traktor-ciagnik-ursus.jpg","width":810,"height":456},{"@type":"BreadcrumbList","@id":"https:\/\/www.24gliwice.pl\/wiadomosci\/symfonia-fabryki-ursus-muzeum-zaprasza-na-pokaz-filmowy-i-spotkanie-z-rezyserka\/#breadcrumb","itemListElement":[{"@type":"ListItem","position":1,"name":"Strona g\u0142\u00f3wna","item":"https:\/\/www.24gliwice.pl\/wiadomosci\/"},{"@type":"ListItem","position":2,"name":"&#8222;Symfonia fabryki Ursus&#8221;. Muzeum zaprasza na pokaz filmowy i spotkanie z re\u017cyserk\u0105"}]},{"@type":"WebSite","@id":"https:\/\/www.24gliwice.pl\/wiadomosci\/#website","url":"https:\/\/www.24gliwice.pl\/wiadomosci\/","name":"24GLIWICE - Portal Gliwice | codziennie nowe wiadomo\u015bci","description":"Portal Miejski Gliwice","publisher":{"@id":"https:\/\/www.24gliwice.pl\/wiadomosci\/#organization"},"potentialAction":[{"@type":"SearchAction","target":{"@type":"EntryPoint","urlTemplate":"https:\/\/www.24gliwice.pl\/wiadomosci\/?s={search_term_string}"},"query-input":{"@type":"PropertyValueSpecification","valueRequired":true,"valueName":"search_term_string"}}],"inLanguage":"pl-PL"},{"@type":"Organization","@id":"https:\/\/www.24gliwice.pl\/wiadomosci\/#organization","name":"24gliwice","url":"https:\/\/www.24gliwice.pl\/wiadomosci\/","logo":{"@type":"ImageObject","inLanguage":"pl-PL","@id":"https:\/\/www.24gliwice.pl\/wiadomosci\/#\/schema\/logo\/image\/","url":"https:\/\/www.24gliwice.pl\/wiadomosci\/wp-content\/uploads\/2024\/10\/24gliwice-logo-696.jpg","contentUrl":"https:\/\/www.24gliwice.pl\/wiadomosci\/wp-content\/uploads\/2024\/10\/24gliwice-logo-696.jpg","width":696,"height":696,"caption":"24gliwice"},"image":{"@id":"https:\/\/www.24gliwice.pl\/wiadomosci\/#\/schema\/logo\/image\/"},"sameAs":["https:\/\/www.facebook.com\/24gliwice","https:\/\/x.com\/24gliwice","https:\/\/www.youtube.com\/@24gliwice"]},{"@type":"Person","@id":"https:\/\/www.24gliwice.pl\/wiadomosci\/#\/schema\/person\/e42c650edd7f2fa332be3811fb166b6e","name":"\u017baneta Mrozek-Siewierska","image":{"@type":"ImageObject","inLanguage":"pl-PL","@id":"https:\/\/www.24gliwice.pl\/wiadomosci\/wp-content\/uploads\/2021\/11\/Zaneta-M_S-zdjecie-czb-96x96.jpg","url":"https:\/\/www.24gliwice.pl\/wiadomosci\/wp-content\/uploads\/2021\/11\/Zaneta-M_S-zdjecie-czb-96x96.jpg","contentUrl":"https:\/\/www.24gliwice.pl\/wiadomosci\/wp-content\/uploads\/2021\/11\/Zaneta-M_S-zdjecie-czb-96x96.jpg","caption":"\u017baneta Mrozek-Siewierska"},"url":"https:\/\/www.24gliwice.pl\/wiadomosci\/author\/zms\/"}]}},"_links":{"self":[{"href":"https:\/\/www.24gliwice.pl\/wiadomosci\/wp-json\/wp\/v2\/posts\/194239","targetHints":{"allow":["GET"]}}],"collection":[{"href":"https:\/\/www.24gliwice.pl\/wiadomosci\/wp-json\/wp\/v2\/posts"}],"about":[{"href":"https:\/\/www.24gliwice.pl\/wiadomosci\/wp-json\/wp\/v2\/types\/post"}],"author":[{"embeddable":true,"href":"https:\/\/www.24gliwice.pl\/wiadomosci\/wp-json\/wp\/v2\/users\/15"}],"replies":[{"embeddable":true,"href":"https:\/\/www.24gliwice.pl\/wiadomosci\/wp-json\/wp\/v2\/comments?post=194239"}],"version-history":[{"count":10,"href":"https:\/\/www.24gliwice.pl\/wiadomosci\/wp-json\/wp\/v2\/posts\/194239\/revisions"}],"predecessor-version":[{"id":194254,"href":"https:\/\/www.24gliwice.pl\/wiadomosci\/wp-json\/wp\/v2\/posts\/194239\/revisions\/194254"}],"wp:featuredmedia":[{"embeddable":true,"href":"https:\/\/www.24gliwice.pl\/wiadomosci\/wp-json\/wp\/v2\/media\/194244"}],"wp:attachment":[{"href":"https:\/\/www.24gliwice.pl\/wiadomosci\/wp-json\/wp\/v2\/media?parent=194239"}],"wp:term":[{"taxonomy":"category","embeddable":true,"href":"https:\/\/www.24gliwice.pl\/wiadomosci\/wp-json\/wp\/v2\/categories?post=194239"},{"taxonomy":"post_tag","embeddable":true,"href":"https:\/\/www.24gliwice.pl\/wiadomosci\/wp-json\/wp\/v2\/tags?post=194239"}],"curies":[{"name":"wp","href":"https:\/\/api.w.org\/{rel}","templated":true}]}}