{"id":194262,"date":"2022-06-09T13:00:06","date_gmt":"2022-06-09T11:00:06","guid":{"rendered":"https:\/\/www.24gliwice.pl\/wiadomosci\/?p=194262"},"modified":"2022-06-13T19:38:54","modified_gmt":"2022-06-13T17:38:54","slug":"proekologiczne-przedstawienie-edukacyjne-w-parku-handlowym-arena","status":"publish","type":"post","link":"https:\/\/www.24gliwice.pl\/wiadomosci\/proekologiczne-przedstawienie-edukacyjne-w-parku-handlowym-arena\/","title":{"rendered":"Proekologiczne przedstawienie edukacyjne w Parku Handlowym Arena!"},"content":{"rendered":"<h3>Troska o \u015brodowisko naturalne zaczyna si\u0119 od nas samych. Wystarcz\u0105 drobne gesty czy zmiana codziennych przyzwyczaje\u0144, aby pom\u00f3c naszej planecie. Kszta\u0142towanie proekologicznych postaw powinno dotyczy\u0107 ju\u017c naszych najm\u0142odszych. Park Handlowy Arena zaprasza na spektakl \u201eGrzeczne dzieci segreguj\u0105 \u015bmieci\u201d!<\/h3>\n<p>&nbsp;<br \/>\n<strong>W pi\u0105tek 10 czerwca, o godz. 15.00<\/strong> <a href=\"https:\/\/arena-gliwice.pl\/\" rel=\"noopener\" target=\"_blank\">Park Handlowy Arena<\/a> czeka na dzieci, kt\u00f3re chc\u0105 dowiedzie\u0107 si\u0119 wszystkiego o w\u0142a\u015bciwej segregacji \u015bmieci. <\/p>\n<p>Dlaczego to takie wa\u017cne? Wrzucanie odpad\u00f3w do odpowiednich pojemnik\u00f3w sprawia, \u017ce wiele surowc\u00f3w mo\u017cemy odzyska\u0107 i ponownie je wykorzysta\u0107. W pe\u0142nym wra\u017ce\u0144 przedstawieniu przybli\u017cymy najm\u0142odszych ide\u0119 wyboru odpowiednich pojemnik\u00f3w \u2013 na szk\u0142o, plastik, metal, papier i opowiemy, czym s\u0105 surowce wt\u00f3rne, co mo\u017cna zrobi\u0107 ze \u015bmieciami, a tak\u017ce czy jest recykling \u2013 s\u0142owo, kt\u00f3re powinno stanowi\u0107 podstaw\u0119 naszego ekologicznego \u017cycia.<\/p>\n<p>Podczas spektaklu dzieci nie b\u0119d\u0105 tylko biernymi widzami, ale aktywnymi uczestnikami. B\u0119d\u0105 mieli wp\u0142yw na zachowania bohater\u00f3w oraz mo\u017cliwo\u015b\u0107 uczestniczenia w animacjach integracyjnych.<\/p>\n<p>A po powrocie do domu \u2013 rozejrzymy si\u0119 z dzie\u0107mi wok\u00f3\u0142 i zastan\u00f3wmy si\u0119, co mo\u017cemy zrobi\u0107 dla dobra \u015brodowiska? Mo\u017ce warto gotowa\u0107 tyle wody w czajniku, ile potrzebujemy? Gasi\u0107 zb\u0119dne \u015bwiat\u0142a? W\u0142\u0105cza\u0107 pralk\u0119 i zmywark\u0119, kiedy b\u0119d\u0105 pe\u0142ne, czy przygotowa\u0107 pyszn\u0105 sa\u0142atk\u0119 z napocz\u0119tych produkt\u00f3w, kt\u00f3re znajdziemy w lod\u00f3wce?  Zmiana tych drobnych nawyk\u00f3w spowoduje wielkie zmiany wok\u00f3\u0142!<\/p>\n<p>Zapraszamy! Wst\u0119p wolny. <\/p>\n<p><small>materia\u0142 partnera<\/small><\/p>\n","protected":false},"excerpt":{"rendered":"<p>Troska o \u015brodowisko naturalne zaczyna si\u0119 od nas samych. Wystarcz\u0105 drobne gesty czy zmiana codziennych przyzwyczaje\u0144, aby pom\u00f3c naszej planecie. Kszta\u0142towanie proekologicznych postaw powinno dotyczy\u0107 ju\u017c naszych najm\u0142odszych. Park Handlowy Arena zaprasza na spektakl \u201eGrzeczne dzieci segreguj\u0105 \u015bmieci\u201d! &nbsp; W pi\u0105tek 10 czerwca, o godz. 15.00 Park Handlowy Arena czeka na dzieci, kt\u00f3re chc\u0105 dowiedzie\u0107 [&hellip;]<\/p>\n","protected":false},"author":4,"featured_media":194264,"comment_status":"closed","ping_status":"closed","sticky":false,"template":"","format":"standard","meta":{"_monsterinsights_skip_tracking":false,"_monsterinsights_sitenote_active":false,"_monsterinsights_sitenote_note":"","_monsterinsights_sitenote_category":0,"footnotes":"","_links_to":"","_links_to_target":""},"categories":[3,6,1],"tags":[11759,1046],"class_list":["post-194262","post","type-post","status-publish","format-standard","has-post-thumbnail","hentry","category-gliwice","category-kultura","category-wszystko","tag-ekologia","tag-park-handlowy-arena"],"yoast_head":"<!-- This site is optimized with the Yoast SEO plugin v27.4 - https:\/\/yoast.com\/product\/yoast-seo-wordpress\/ -->\n<title>Proekologiczne przedstawienie edukacyjne w Parku Handlowym Arena! - 24GLIWICE - Portal Gliwice | codziennie nowe informacje<\/title>\n<meta name=\"robots\" content=\"index, follow, max-snippet:-1, max-image-preview:large, max-video-preview:-1\" \/>\n<link rel=\"canonical\" href=\"https:\/\/www.24gliwice.pl\/wiadomosci\/proekologiczne-przedstawienie-edukacyjne-w-parku-handlowym-arena\/\" \/>\n<meta property=\"og:locale\" content=\"pl_PL\" \/>\n<meta property=\"og:type\" content=\"article\" \/>\n<meta property=\"og:title\" content=\"Proekologiczne przedstawienie edukacyjne w Parku Handlowym Arena! - 24GLIWICE - Portal Gliwice | codziennie nowe informacje\" \/>\n<meta property=\"og:description\" content=\"Troska o \u015brodowisko naturalne zaczyna si\u0119 od nas samych. Wystarcz\u0105 drobne gesty czy zmiana codziennych przyzwyczaje\u0144, aby pom\u00f3c naszej planecie. Kszta\u0142towanie proekologicznych postaw powinno dotyczy\u0107 ju\u017c naszych najm\u0142odszych. Park Handlowy Arena zaprasza na spektakl \u201eGrzeczne dzieci segreguj\u0105 \u015bmieci\u201d! &nbsp; W pi\u0105tek 10 czerwca, o godz. 15.00 Park Handlowy Arena czeka na dzieci, kt\u00f3re chc\u0105 dowiedzie\u0107 [&hellip;]\" \/>\n<meta property=\"og:url\" content=\"https:\/\/www.24gliwice.pl\/wiadomosci\/proekologiczne-przedstawienie-edukacyjne-w-parku-handlowym-arena\/\" \/>\n<meta property=\"og:site_name\" content=\"24GLIWICE - Portal Gliwice | codziennie nowe informacje\" \/>\n<meta property=\"article:publisher\" content=\"https:\/\/www.facebook.com\/24gliwice\" \/>\n<meta property=\"article:author\" content=\"https:\/\/www.facebook.com\/marcin.fabrykowski\" \/>\n<meta property=\"article:published_time\" content=\"2022-06-09T11:00:06+00:00\" \/>\n<meta property=\"article:modified_time\" content=\"2022-06-13T17:38:54+00:00\" \/>\n<meta property=\"og:image\" content=\"https:\/\/www.24gliwice.pl\/wiadomosci\/wp-content\/uploads\/2022\/06\/arena-grzeczne-dzieci.jpg\" \/>\n\t<meta property=\"og:image:width\" content=\"1022\" \/>\n\t<meta property=\"og:image:height\" content=\"487\" \/>\n\t<meta property=\"og:image:type\" content=\"image\/jpeg\" \/>\n<meta name=\"author\" content=\"Marcin Fabrykowski\" \/>\n<meta name=\"twitter:card\" content=\"summary_large_image\" \/>\n<meta name=\"twitter:creator\" content=\"@24gliwice\" \/>\n<meta name=\"twitter:site\" content=\"@24gliwice\" \/>\n<meta name=\"twitter:label1\" content=\"Napisane przez\" \/>\n\t<meta name=\"twitter:data1\" content=\"Marcin Fabrykowski\" \/>\n\t<meta name=\"twitter:label2\" content=\"Szacowany czas czytania\" \/>\n\t<meta name=\"twitter:data2\" content=\"1 minuta\" \/>\n<script type=\"application\/ld+json\" class=\"yoast-schema-graph\">{\"@context\":\"https:\\\/\\\/schema.org\",\"@graph\":[{\"@type\":\"Article\",\"@id\":\"https:\\\/\\\/www.24gliwice.pl\\\/wiadomosci\\\/proekologiczne-przedstawienie-edukacyjne-w-parku-handlowym-arena\\\/#article\",\"isPartOf\":{\"@id\":\"https:\\\/\\\/www.24gliwice.pl\\\/wiadomosci\\\/proekologiczne-przedstawienie-edukacyjne-w-parku-handlowym-arena\\\/\"},\"author\":{\"name\":\"Marcin Fabrykowski\",\"@id\":\"https:\\\/\\\/www.24gliwice.pl\\\/wiadomosci\\\/#\\\/schema\\\/person\\\/cb5857e4a4d048c15984c1edcc8ef0c0\"},\"headline\":\"Proekologiczne przedstawienie edukacyjne w Parku Handlowym Arena!\",\"datePublished\":\"2022-06-09T11:00:06+00:00\",\"dateModified\":\"2022-06-13T17:38:54+00:00\",\"mainEntityOfPage\":{\"@id\":\"https:\\\/\\\/www.24gliwice.pl\\\/wiadomosci\\\/proekologiczne-przedstawienie-edukacyjne-w-parku-handlowym-arena\\\/\"},\"wordCount\":253,\"publisher\":{\"@id\":\"https:\\\/\\\/www.24gliwice.pl\\\/wiadomosci\\\/#organization\"},\"image\":{\"@id\":\"https:\\\/\\\/www.24gliwice.pl\\\/wiadomosci\\\/proekologiczne-przedstawienie-edukacyjne-w-parku-handlowym-arena\\\/#primaryimage\"},\"thumbnailUrl\":\"https:\\\/\\\/www.24gliwice.pl\\\/wiadomosci\\\/wp-content\\\/uploads\\\/2022\\\/06\\\/arena-grzeczne-dzieci.jpg\",\"keywords\":[\"ekologia\",\"PARK HANDLOWY ARENA\"],\"articleSection\":[\"Gliwice\",\"Kultura, wydarzenia, imprezy\",\"Najnowsze wiadomo\u015bci\"],\"inLanguage\":\"pl-PL\"},{\"@type\":\"WebPage\",\"@id\":\"https:\\\/\\\/www.24gliwice.pl\\\/wiadomosci\\\/proekologiczne-przedstawienie-edukacyjne-w-parku-handlowym-arena\\\/\",\"url\":\"https:\\\/\\\/www.24gliwice.pl\\\/wiadomosci\\\/proekologiczne-przedstawienie-edukacyjne-w-parku-handlowym-arena\\\/\",\"name\":\"Proekologiczne przedstawienie edukacyjne w Parku Handlowym Arena! - 24GLIWICE - Portal Gliwice | codziennie nowe informacje\",\"isPartOf\":{\"@id\":\"https:\\\/\\\/www.24gliwice.pl\\\/wiadomosci\\\/#website\"},\"primaryImageOfPage\":{\"@id\":\"https:\\\/\\\/www.24gliwice.pl\\\/wiadomosci\\\/proekologiczne-przedstawienie-edukacyjne-w-parku-handlowym-arena\\\/#primaryimage\"},\"image\":{\"@id\":\"https:\\\/\\\/www.24gliwice.pl\\\/wiadomosci\\\/proekologiczne-przedstawienie-edukacyjne-w-parku-handlowym-arena\\\/#primaryimage\"},\"thumbnailUrl\":\"https:\\\/\\\/www.24gliwice.pl\\\/wiadomosci\\\/wp-content\\\/uploads\\\/2022\\\/06\\\/arena-grzeczne-dzieci.jpg\",\"datePublished\":\"2022-06-09T11:00:06+00:00\",\"dateModified\":\"2022-06-13T17:38:54+00:00\",\"breadcrumb\":{\"@id\":\"https:\\\/\\\/www.24gliwice.pl\\\/wiadomosci\\\/proekologiczne-przedstawienie-edukacyjne-w-parku-handlowym-arena\\\/#breadcrumb\"},\"inLanguage\":\"pl-PL\",\"potentialAction\":[{\"@type\":\"ReadAction\",\"target\":[\"https:\\\/\\\/www.24gliwice.pl\\\/wiadomosci\\\/proekologiczne-przedstawienie-edukacyjne-w-parku-handlowym-arena\\\/\"]}]},{\"@type\":\"ImageObject\",\"inLanguage\":\"pl-PL\",\"@id\":\"https:\\\/\\\/www.24gliwice.pl\\\/wiadomosci\\\/proekologiczne-przedstawienie-edukacyjne-w-parku-handlowym-arena\\\/#primaryimage\",\"url\":\"https:\\\/\\\/www.24gliwice.pl\\\/wiadomosci\\\/wp-content\\\/uploads\\\/2022\\\/06\\\/arena-grzeczne-dzieci.jpg\",\"contentUrl\":\"https:\\\/\\\/www.24gliwice.pl\\\/wiadomosci\\\/wp-content\\\/uploads\\\/2022\\\/06\\\/arena-grzeczne-dzieci.jpg\",\"width\":1022,\"height\":487},{\"@type\":\"BreadcrumbList\",\"@id\":\"https:\\\/\\\/www.24gliwice.pl\\\/wiadomosci\\\/proekologiczne-przedstawienie-edukacyjne-w-parku-handlowym-arena\\\/#breadcrumb\",\"itemListElement\":[{\"@type\":\"ListItem\",\"position\":1,\"name\":\"Strona g\u0142\u00f3wna\",\"item\":\"https:\\\/\\\/www.24gliwice.pl\\\/wiadomosci\\\/\"},{\"@type\":\"ListItem\",\"position\":2,\"name\":\"Proekologiczne przedstawienie edukacyjne w Parku Handlowym Arena!\"}]},{\"@type\":\"WebSite\",\"@id\":\"https:\\\/\\\/www.24gliwice.pl\\\/wiadomosci\\\/#website\",\"url\":\"https:\\\/\\\/www.24gliwice.pl\\\/wiadomosci\\\/\",\"name\":\"24GLIWICE - Portal Gliwice | codziennie nowe wiadomo\u015bci\",\"description\":\"Portal Miejski Gliwice\",\"publisher\":{\"@id\":\"https:\\\/\\\/www.24gliwice.pl\\\/wiadomosci\\\/#organization\"},\"potentialAction\":[{\"@type\":\"SearchAction\",\"target\":{\"@type\":\"EntryPoint\",\"urlTemplate\":\"https:\\\/\\\/www.24gliwice.pl\\\/wiadomosci\\\/?s={search_term_string}\"},\"query-input\":{\"@type\":\"PropertyValueSpecification\",\"valueRequired\":true,\"valueName\":\"search_term_string\"}}],\"inLanguage\":\"pl-PL\"},{\"@type\":\"Organization\",\"@id\":\"https:\\\/\\\/www.24gliwice.pl\\\/wiadomosci\\\/#organization\",\"name\":\"24gliwice\",\"url\":\"https:\\\/\\\/www.24gliwice.pl\\\/wiadomosci\\\/\",\"logo\":{\"@type\":\"ImageObject\",\"inLanguage\":\"pl-PL\",\"@id\":\"https:\\\/\\\/www.24gliwice.pl\\\/wiadomosci\\\/#\\\/schema\\\/logo\\\/image\\\/\",\"url\":\"https:\\\/\\\/www.24gliwice.pl\\\/wiadomosci\\\/wp-content\\\/uploads\\\/2024\\\/10\\\/24gliwice-logo-696.jpg\",\"contentUrl\":\"https:\\\/\\\/www.24gliwice.pl\\\/wiadomosci\\\/wp-content\\\/uploads\\\/2024\\\/10\\\/24gliwice-logo-696.jpg\",\"width\":696,\"height\":696,\"caption\":\"24gliwice\"},\"image\":{\"@id\":\"https:\\\/\\\/www.24gliwice.pl\\\/wiadomosci\\\/#\\\/schema\\\/logo\\\/image\\\/\"},\"sameAs\":[\"https:\\\/\\\/www.facebook.com\\\/24gliwice\",\"https:\\\/\\\/x.com\\\/24gliwice\",\"https:\\\/\\\/www.youtube.com\\\/@24gliwice\"]},{\"@type\":\"Person\",\"@id\":\"https:\\\/\\\/www.24gliwice.pl\\\/wiadomosci\\\/#\\\/schema\\\/person\\\/cb5857e4a4d048c15984c1edcc8ef0c0\",\"name\":\"Marcin Fabrykowski\",\"image\":{\"@type\":\"ImageObject\",\"inLanguage\":\"pl-PL\",\"@id\":\"https:\\\/\\\/www.24gliwice.pl\\\/wiadomosci\\\/wp-content\\\/uploads\\\/2025\\\/11\\\/zdjecie-moje-marcin-300-96x96.jpg\",\"url\":\"https:\\\/\\\/www.24gliwice.pl\\\/wiadomosci\\\/wp-content\\\/uploads\\\/2025\\\/11\\\/zdjecie-moje-marcin-300-96x96.jpg\",\"contentUrl\":\"https:\\\/\\\/www.24gliwice.pl\\\/wiadomosci\\\/wp-content\\\/uploads\\\/2025\\\/11\\\/zdjecie-moje-marcin-300-96x96.jpg\",\"caption\":\"Marcin Fabrykowski\"},\"sameAs\":[\"http:\\\/\\\/24gliwice.pl\",\"https:\\\/\\\/www.facebook.com\\\/marcin.fabrykowski\"],\"url\":\"https:\\\/\\\/www.24gliwice.pl\\\/wiadomosci\\\/author\\\/marcin-fabrykowski\\\/\"}]}<\/script>\n<!-- \/ Yoast SEO plugin. -->","yoast_head_json":{"title":"Proekologiczne przedstawienie edukacyjne w Parku Handlowym Arena! - 24GLIWICE - Portal Gliwice | codziennie nowe informacje","robots":{"index":"index","follow":"follow","max-snippet":"max-snippet:-1","max-image-preview":"max-image-preview:large","max-video-preview":"max-video-preview:-1"},"canonical":"https:\/\/www.24gliwice.pl\/wiadomosci\/proekologiczne-przedstawienie-edukacyjne-w-parku-handlowym-arena\/","og_locale":"pl_PL","og_type":"article","og_title":"Proekologiczne przedstawienie edukacyjne w Parku Handlowym Arena! - 24GLIWICE - Portal Gliwice | codziennie nowe informacje","og_description":"Troska o \u015brodowisko naturalne zaczyna si\u0119 od nas samych. Wystarcz\u0105 drobne gesty czy zmiana codziennych przyzwyczaje\u0144, aby pom\u00f3c naszej planecie. Kszta\u0142towanie proekologicznych postaw powinno dotyczy\u0107 ju\u017c naszych najm\u0142odszych. Park Handlowy Arena zaprasza na spektakl \u201eGrzeczne dzieci segreguj\u0105 \u015bmieci\u201d! &nbsp; W pi\u0105tek 10 czerwca, o godz. 15.00 Park Handlowy Arena czeka na dzieci, kt\u00f3re chc\u0105 dowiedzie\u0107 [&hellip;]","og_url":"https:\/\/www.24gliwice.pl\/wiadomosci\/proekologiczne-przedstawienie-edukacyjne-w-parku-handlowym-arena\/","og_site_name":"24GLIWICE - Portal Gliwice | codziennie nowe informacje","article_publisher":"https:\/\/www.facebook.com\/24gliwice","article_author":"https:\/\/www.facebook.com\/marcin.fabrykowski","article_published_time":"2022-06-09T11:00:06+00:00","article_modified_time":"2022-06-13T17:38:54+00:00","og_image":[{"width":1022,"height":487,"url":"https:\/\/www.24gliwice.pl\/wiadomosci\/wp-content\/uploads\/2022\/06\/arena-grzeczne-dzieci.jpg","type":"image\/jpeg"}],"author":"Marcin Fabrykowski","twitter_card":"summary_large_image","twitter_creator":"@24gliwice","twitter_site":"@24gliwice","twitter_misc":{"Napisane przez":"Marcin Fabrykowski","Szacowany czas czytania":"1 minuta"},"schema":{"@context":"https:\/\/schema.org","@graph":[{"@type":"Article","@id":"https:\/\/www.24gliwice.pl\/wiadomosci\/proekologiczne-przedstawienie-edukacyjne-w-parku-handlowym-arena\/#article","isPartOf":{"@id":"https:\/\/www.24gliwice.pl\/wiadomosci\/proekologiczne-przedstawienie-edukacyjne-w-parku-handlowym-arena\/"},"author":{"name":"Marcin Fabrykowski","@id":"https:\/\/www.24gliwice.pl\/wiadomosci\/#\/schema\/person\/cb5857e4a4d048c15984c1edcc8ef0c0"},"headline":"Proekologiczne przedstawienie edukacyjne w Parku Handlowym Arena!","datePublished":"2022-06-09T11:00:06+00:00","dateModified":"2022-06-13T17:38:54+00:00","mainEntityOfPage":{"@id":"https:\/\/www.24gliwice.pl\/wiadomosci\/proekologiczne-przedstawienie-edukacyjne-w-parku-handlowym-arena\/"},"wordCount":253,"publisher":{"@id":"https:\/\/www.24gliwice.pl\/wiadomosci\/#organization"},"image":{"@id":"https:\/\/www.24gliwice.pl\/wiadomosci\/proekologiczne-przedstawienie-edukacyjne-w-parku-handlowym-arena\/#primaryimage"},"thumbnailUrl":"https:\/\/www.24gliwice.pl\/wiadomosci\/wp-content\/uploads\/2022\/06\/arena-grzeczne-dzieci.jpg","keywords":["ekologia","PARK HANDLOWY ARENA"],"articleSection":["Gliwice","Kultura, wydarzenia, imprezy","Najnowsze wiadomo\u015bci"],"inLanguage":"pl-PL"},{"@type":"WebPage","@id":"https:\/\/www.24gliwice.pl\/wiadomosci\/proekologiczne-przedstawienie-edukacyjne-w-parku-handlowym-arena\/","url":"https:\/\/www.24gliwice.pl\/wiadomosci\/proekologiczne-przedstawienie-edukacyjne-w-parku-handlowym-arena\/","name":"Proekologiczne przedstawienie edukacyjne w Parku Handlowym Arena! - 24GLIWICE - Portal Gliwice | codziennie nowe informacje","isPartOf":{"@id":"https:\/\/www.24gliwice.pl\/wiadomosci\/#website"},"primaryImageOfPage":{"@id":"https:\/\/www.24gliwice.pl\/wiadomosci\/proekologiczne-przedstawienie-edukacyjne-w-parku-handlowym-arena\/#primaryimage"},"image":{"@id":"https:\/\/www.24gliwice.pl\/wiadomosci\/proekologiczne-przedstawienie-edukacyjne-w-parku-handlowym-arena\/#primaryimage"},"thumbnailUrl":"https:\/\/www.24gliwice.pl\/wiadomosci\/wp-content\/uploads\/2022\/06\/arena-grzeczne-dzieci.jpg","datePublished":"2022-06-09T11:00:06+00:00","dateModified":"2022-06-13T17:38:54+00:00","breadcrumb":{"@id":"https:\/\/www.24gliwice.pl\/wiadomosci\/proekologiczne-przedstawienie-edukacyjne-w-parku-handlowym-arena\/#breadcrumb"},"inLanguage":"pl-PL","potentialAction":[{"@type":"ReadAction","target":["https:\/\/www.24gliwice.pl\/wiadomosci\/proekologiczne-przedstawienie-edukacyjne-w-parku-handlowym-arena\/"]}]},{"@type":"ImageObject","inLanguage":"pl-PL","@id":"https:\/\/www.24gliwice.pl\/wiadomosci\/proekologiczne-przedstawienie-edukacyjne-w-parku-handlowym-arena\/#primaryimage","url":"https:\/\/www.24gliwice.pl\/wiadomosci\/wp-content\/uploads\/2022\/06\/arena-grzeczne-dzieci.jpg","contentUrl":"https:\/\/www.24gliwice.pl\/wiadomosci\/wp-content\/uploads\/2022\/06\/arena-grzeczne-dzieci.jpg","width":1022,"height":487},{"@type":"BreadcrumbList","@id":"https:\/\/www.24gliwice.pl\/wiadomosci\/proekologiczne-przedstawienie-edukacyjne-w-parku-handlowym-arena\/#breadcrumb","itemListElement":[{"@type":"ListItem","position":1,"name":"Strona g\u0142\u00f3wna","item":"https:\/\/www.24gliwice.pl\/wiadomosci\/"},{"@type":"ListItem","position":2,"name":"Proekologiczne przedstawienie edukacyjne w Parku Handlowym Arena!"}]},{"@type":"WebSite","@id":"https:\/\/www.24gliwice.pl\/wiadomosci\/#website","url":"https:\/\/www.24gliwice.pl\/wiadomosci\/","name":"24GLIWICE - Portal Gliwice | codziennie nowe wiadomo\u015bci","description":"Portal Miejski Gliwice","publisher":{"@id":"https:\/\/www.24gliwice.pl\/wiadomosci\/#organization"},"potentialAction":[{"@type":"SearchAction","target":{"@type":"EntryPoint","urlTemplate":"https:\/\/www.24gliwice.pl\/wiadomosci\/?s={search_term_string}"},"query-input":{"@type":"PropertyValueSpecification","valueRequired":true,"valueName":"search_term_string"}}],"inLanguage":"pl-PL"},{"@type":"Organization","@id":"https:\/\/www.24gliwice.pl\/wiadomosci\/#organization","name":"24gliwice","url":"https:\/\/www.24gliwice.pl\/wiadomosci\/","logo":{"@type":"ImageObject","inLanguage":"pl-PL","@id":"https:\/\/www.24gliwice.pl\/wiadomosci\/#\/schema\/logo\/image\/","url":"https:\/\/www.24gliwice.pl\/wiadomosci\/wp-content\/uploads\/2024\/10\/24gliwice-logo-696.jpg","contentUrl":"https:\/\/www.24gliwice.pl\/wiadomosci\/wp-content\/uploads\/2024\/10\/24gliwice-logo-696.jpg","width":696,"height":696,"caption":"24gliwice"},"image":{"@id":"https:\/\/www.24gliwice.pl\/wiadomosci\/#\/schema\/logo\/image\/"},"sameAs":["https:\/\/www.facebook.com\/24gliwice","https:\/\/x.com\/24gliwice","https:\/\/www.youtube.com\/@24gliwice"]},{"@type":"Person","@id":"https:\/\/www.24gliwice.pl\/wiadomosci\/#\/schema\/person\/cb5857e4a4d048c15984c1edcc8ef0c0","name":"Marcin Fabrykowski","image":{"@type":"ImageObject","inLanguage":"pl-PL","@id":"https:\/\/www.24gliwice.pl\/wiadomosci\/wp-content\/uploads\/2025\/11\/zdjecie-moje-marcin-300-96x96.jpg","url":"https:\/\/www.24gliwice.pl\/wiadomosci\/wp-content\/uploads\/2025\/11\/zdjecie-moje-marcin-300-96x96.jpg","contentUrl":"https:\/\/www.24gliwice.pl\/wiadomosci\/wp-content\/uploads\/2025\/11\/zdjecie-moje-marcin-300-96x96.jpg","caption":"Marcin Fabrykowski"},"sameAs":["http:\/\/24gliwice.pl","https:\/\/www.facebook.com\/marcin.fabrykowski"],"url":"https:\/\/www.24gliwice.pl\/wiadomosci\/author\/marcin-fabrykowski\/"}]}},"_links":{"self":[{"href":"https:\/\/www.24gliwice.pl\/wiadomosci\/wp-json\/wp\/v2\/posts\/194262","targetHints":{"allow":["GET"]}}],"collection":[{"href":"https:\/\/www.24gliwice.pl\/wiadomosci\/wp-json\/wp\/v2\/posts"}],"about":[{"href":"https:\/\/www.24gliwice.pl\/wiadomosci\/wp-json\/wp\/v2\/types\/post"}],"author":[{"embeddable":true,"href":"https:\/\/www.24gliwice.pl\/wiadomosci\/wp-json\/wp\/v2\/users\/4"}],"replies":[{"embeddable":true,"href":"https:\/\/www.24gliwice.pl\/wiadomosci\/wp-json\/wp\/v2\/comments?post=194262"}],"version-history":[{"count":4,"href":"https:\/\/www.24gliwice.pl\/wiadomosci\/wp-json\/wp\/v2\/posts\/194262\/revisions"}],"predecessor-version":[{"id":194267,"href":"https:\/\/www.24gliwice.pl\/wiadomosci\/wp-json\/wp\/v2\/posts\/194262\/revisions\/194267"}],"wp:featuredmedia":[{"embeddable":true,"href":"https:\/\/www.24gliwice.pl\/wiadomosci\/wp-json\/wp\/v2\/media\/194264"}],"wp:attachment":[{"href":"https:\/\/www.24gliwice.pl\/wiadomosci\/wp-json\/wp\/v2\/media?parent=194262"}],"wp:term":[{"taxonomy":"category","embeddable":true,"href":"https:\/\/www.24gliwice.pl\/wiadomosci\/wp-json\/wp\/v2\/categories?post=194262"},{"taxonomy":"post_tag","embeddable":true,"href":"https:\/\/www.24gliwice.pl\/wiadomosci\/wp-json\/wp\/v2\/tags?post=194262"}],"curies":[{"name":"wp","href":"https:\/\/api.w.org\/{rel}","templated":true}]}}