{"id":194372,"date":"2022-06-10T13:24:12","date_gmt":"2022-06-10T11:24:12","guid":{"rendered":"https:\/\/www.24gliwice.pl\/wiadomosci\/?p=194372"},"modified":"2022-06-10T13:24:12","modified_gmt":"2022-06-10T11:24:12","slug":"najlepsze-taneczne-pary-swiata-w-arenie-gliwice-miedzynarodowy-turniej-tanca-sportowego","status":"publish","type":"post","link":"https:\/\/www.24gliwice.pl\/wiadomosci\/najlepsze-taneczne-pary-swiata-w-arenie-gliwice-miedzynarodowy-turniej-tanca-sportowego\/","title":{"rendered":"Najlepsze taneczne pary \u015bwiata w Arenie Gliwice. Mi\u0119dzynarodowy Turniej Ta\u0144ca Sportowego"},"content":{"rendered":"<div class=\"gliwi-a6-nad-leadem-artykulow gliwi-entity-placement\" id=\"gliwi-197983868\"><div class=\"gliwi-adlabel\"><span style=\"font-size: 9px\">REKLAMA<\/span><\/div><div id=\"gliwi-2048866952\" style=\"margin-bottom: 30px;margin-left: auto;margin-right: auto;text-align: center;\"><a data-no-instant=\"1\" href=\"https:\/\/przedszkole.halogen.org.pl\/\" rel=\"noopener\" class=\"a2t-link\" target=\"_blank\" aria-label=\"20260402-ANIMATOR-przedszkole_grafika_750x200\"><img loading=\"lazy\" decoding=\"async\" src=\"https:\/\/www.24gliwice.pl\/wiadomosci\/wp-content\/uploads\/2026\/04\/20260402-ANIMATOR-przedszkole_grafika_750x200.webp\" alt=\"\"  srcset=\"https:\/\/www.24gliwice.pl\/wiadomosci\/wp-content\/uploads\/2026\/04\/20260402-ANIMATOR-przedszkole_grafika_750x200.webp 750w, https:\/\/www.24gliwice.pl\/wiadomosci\/wp-content\/uploads\/2026\/04\/20260402-ANIMATOR-przedszkole_grafika_750x200-410x109.webp 410w\" sizes=\"(max-width: 750px) 100vw, 750px\" class=\"no-lazyload\" width=\"750\" height=\"200\"  style=\"display: inline-block; max-width: 100%; height: auto;\" \/><\/a><\/div><\/div><h2>Ju\u017c 11 i 12 czerwca w Arenie Gliwice odb\u0119dzie si\u0119 Mi\u0119dzynarodowy Turniej Ta\u0144ca Sportowego w strukturach Federacji Ta\u0144ca Sportowego, Polskiego Zwi\u0105zku Sportu Tanecznego i World Dance Sport Federation. Czekaj\u0105 nas dwa dni wype\u0142nione ta\u0144cem na najwy\u017cszym mo\u017cliwym poziomie.<\/h2>\n<p>Najlepsze taneczne pary \u015bwiata b\u0119d\u0105 rywalizowa\u0142y o 1 miejsce na podium i zdobywa\u0142y punkty do rankingu \u015bwiatowego WDSF. Takiego wydarzenia w Gliwicach jeszcze nie by\u0142o!<\/p>\n<p>Mistrzowski taniec 400 par wystawiony zostanie na ocen\u0119 komisji s\u0119dziowskiej, sk\u0142adaj\u0105cej si\u0119 a\u017c z 15 s\u0119dzi\u00f3w z 11 pa\u0144stw. Uczestnicy zjad\u0105 do Gliwic z 24 pa\u0144stw z r\u00f3\u017cnych zak\u0105tk\u00f3w \u015bwiata. Turniej rozegra si\u0119 w kategoriach wiekowych od lat 7 do 60+ (z podzia\u0142em na dzieci, junior\u00f3w, m\u0142odzie\u017c, doros\u0142ych i senior\u00f3w).<\/p><div class=\"gliwi-a3-w-tresci-artykulow gliwi-entity-placement\" id=\"gliwi-403700781\"><div class=\"gliwi-adlabel\"><span style=\"font-size: 9px\">REKLAMA<\/span><\/div><div id=\"gliwi-389232088\" style=\"margin-bottom: 30px;margin-left: auto;margin-right: auto;text-align: center;\"><a data-no-instant=\"1\" href=\"https:\/\/ogrodyandersa.pl\/\" rel=\"noopener\" class=\"a2t-link\" target=\"_blank\" aria-label=\"20260415 Ogrody Andersa KUP TERAZ D\"><img loading=\"lazy\" decoding=\"async\" src=\"https:\/\/www.24gliwice.pl\/wiadomosci\/wp-content\/uploads\/2026\/04\/20260415-Ogrody-Andersa-KUP-TERAZ-D.jpg\" alt=\"\"  srcset=\"https:\/\/www.24gliwice.pl\/wiadomosci\/wp-content\/uploads\/2026\/04\/20260415-Ogrody-Andersa-KUP-TERAZ-D.jpg 750w, https:\/\/www.24gliwice.pl\/wiadomosci\/wp-content\/uploads\/2026\/04\/20260415-Ogrody-Andersa-KUP-TERAZ-D-410x109.jpg 410w\" sizes=\"(max-width: 750px) 100vw, 750px\" class=\"no-lazyload\" width=\"750\" height=\"200\"  style=\"display: inline-block; max-width: 100%; height: auto;\" \/><\/a><\/div><\/div>\n<p>Runda eliminacyjna rozpocznie si\u0119 o godz. 9.00. Na godz. 18.00 zaplanowano gal\u0119 wieczorn\u0105. Na parkiecie Ma\u0142ej Areny, w rundach fina\u0142owych i p\u00f3\u0142fina\u0142owych zobaczymy najlepsze pary.<\/p>\n<p>Z kolei 11 czerwca rozegrane zostan\u0105 Mistrzostwa Europy M\u0142odzie\u017cy w 10 Ta\u0144cach. Ka\u017cdy kraj wytypowa\u0142 1 par\u0119, kt\u00f3ra b\u0119dzie go reprezentowa\u0142a. Pary zaprezentuj\u0105 si\u0119 w dw\u00f3ch stylach tanecznych: standardowym (walc angielski, tango, walc wiede\u0144ski, slow foxtrot, quickstep) i latynoameryka\u0144skim (samba, cha-cha-cha, rumba paso doble, jive).<\/p>\n<p><strong><a href=\"https:\/\/i-dance.pl\/\" rel=\"noopener\" target=\"_blank\">Bilety kupisz TUTAJ<\/a><\/strong><\/p>\n<div class=\"gliwi-a5-na-koncu-artykulow gliwi-entity-placement\" id=\"gliwi-4268485951\"><div class=\"gliwi-adlabel\"><span style=\"font-size: 9px\">REKLAMA<\/span><\/div><div id=\"gliwi-2554960160\" style=\"margin-left: auto;margin-right: auto;text-align: center;\"><a data-no-instant=\"1\" href=\"https:\/\/prezeroarenagliwice.pl\/\" rel=\"noopener\" class=\"a2t-link\" target=\"_blank\" aria-label=\"20260309-PREZERO-WIOSNA-D\"><img loading=\"lazy\" decoding=\"async\" src=\"https:\/\/www.24gliwice.pl\/wiadomosci\/wp-content\/uploads\/2026\/03\/20260309-PREZERO-WIOSNA-D.webp\" alt=\"\"  srcset=\"https:\/\/www.24gliwice.pl\/wiadomosci\/wp-content\/uploads\/2026\/03\/20260309-PREZERO-WIOSNA-D.webp 750w, https:\/\/www.24gliwice.pl\/wiadomosci\/wp-content\/uploads\/2026\/03\/20260309-PREZERO-WIOSNA-D-410x109.webp 410w\" sizes=\"(max-width: 750px) 100vw, 750px\" class=\"no-lazyload\" width=\"750\" height=\"200\"  style=\"display: inline-block; max-width: 100%; height: auto;\" \/><\/a><\/div><\/div>","protected":false},"excerpt":{"rendered":"<p>Ju\u017c 11 i 12 czerwca w Arenie Gliwice odb\u0119dzie si\u0119 Mi\u0119dzynarodowy Turniej Ta\u0144ca Sportowego w strukturach Federacji Ta\u0144ca Sportowego, Polskiego Zwi\u0105zku Sportu Tanecznego i World Dance Sport Federation. Czekaj\u0105 nas dwa dni wype\u0142nione ta\u0144cem na najwy\u017cszym mo\u017cliwym poziomie. Najlepsze taneczne pary \u015bwiata b\u0119d\u0105 rywalizowa\u0142y o 1 miejsce na podium i zdobywa\u0142y punkty do rankingu \u015bwiatowego [&hellip;]<\/p>\n","protected":false},"author":4,"featured_media":194382,"comment_status":"open","ping_status":"closed","sticky":false,"template":"","format":"standard","meta":{"_monsterinsights_skip_tracking":false,"_monsterinsights_sitenote_active":false,"_monsterinsights_sitenote_note":"","_monsterinsights_sitenote_category":0,"footnotes":"","_links_to":"","_links_to_target":""},"categories":[3,6,1],"tags":[3077,11617],"class_list":["post-194372","post","type-post","status-publish","format-standard","has-post-thumbnail","hentry","category-gliwice","category-kultura","category-wszystko","tag-arena-gliwice","tag-turniej-tanca"],"yoast_head":"<!-- This site is optimized with the Yoast SEO plugin v27.4 - https:\/\/yoast.com\/product\/yoast-seo-wordpress\/ -->\n<title>Najlepsze taneczne pary \u015bwiata w Arenie Gliwice. Mi\u0119dzynarodowy Turniej Ta\u0144ca Sportowego - 24GLIWICE - Portal Gliwice | codziennie nowe informacje<\/title>\n<meta name=\"robots\" content=\"index, follow, max-snippet:-1, max-image-preview:large, max-video-preview:-1\" \/>\n<link rel=\"canonical\" href=\"https:\/\/www.24gliwice.pl\/wiadomosci\/najlepsze-taneczne-pary-swiata-w-arenie-gliwice-miedzynarodowy-turniej-tanca-sportowego\/\" \/>\n<meta property=\"og:locale\" content=\"pl_PL\" \/>\n<meta property=\"og:type\" content=\"article\" \/>\n<meta property=\"og:title\" content=\"Najlepsze taneczne pary \u015bwiata w Arenie Gliwice. Mi\u0119dzynarodowy Turniej Ta\u0144ca Sportowego - 24GLIWICE - Portal Gliwice | codziennie nowe informacje\" \/>\n<meta property=\"og:description\" content=\"Ju\u017c 11 i 12 czerwca w Arenie Gliwice odb\u0119dzie si\u0119 Mi\u0119dzynarodowy Turniej Ta\u0144ca Sportowego w strukturach Federacji Ta\u0144ca Sportowego, Polskiego Zwi\u0105zku Sportu Tanecznego i World Dance Sport Federation. Czekaj\u0105 nas dwa dni wype\u0142nione ta\u0144cem na najwy\u017cszym mo\u017cliwym poziomie. Najlepsze taneczne pary \u015bwiata b\u0119d\u0105 rywalizowa\u0142y o 1 miejsce na podium i zdobywa\u0142y punkty do rankingu \u015bwiatowego [&hellip;]\" \/>\n<meta property=\"og:url\" content=\"https:\/\/www.24gliwice.pl\/wiadomosci\/najlepsze-taneczne-pary-swiata-w-arenie-gliwice-miedzynarodowy-turniej-tanca-sportowego\/\" \/>\n<meta property=\"og:site_name\" content=\"24GLIWICE - Portal Gliwice | codziennie nowe informacje\" \/>\n<meta property=\"article:publisher\" content=\"https:\/\/www.facebook.com\/24gliwice\" \/>\n<meta property=\"article:author\" content=\"https:\/\/www.facebook.com\/marcin.fabrykowski\" \/>\n<meta property=\"article:published_time\" content=\"2022-06-10T11:24:12+00:00\" \/>\n<meta property=\"og:image\" content=\"https:\/\/www.24gliwice.pl\/wiadomosci\/wp-content\/uploads\/2022\/06\/taniec-arena-gliwice-fot-arena.jpg\" \/>\n\t<meta property=\"og:image:width\" content=\"810\" \/>\n\t<meta property=\"og:image:height\" content=\"497\" \/>\n\t<meta property=\"og:image:type\" content=\"image\/jpeg\" \/>\n<meta name=\"author\" content=\"Marcin Fabrykowski\" \/>\n<meta name=\"twitter:card\" content=\"summary_large_image\" \/>\n<meta name=\"twitter:creator\" content=\"@24gliwice\" \/>\n<meta name=\"twitter:site\" content=\"@24gliwice\" \/>\n<meta name=\"twitter:label1\" content=\"Napisane przez\" \/>\n\t<meta name=\"twitter:data1\" content=\"Marcin Fabrykowski\" \/>\n\t<meta name=\"twitter:label2\" content=\"Szacowany czas czytania\" \/>\n\t<meta name=\"twitter:data2\" content=\"1 minuta\" \/>\n<script type=\"application\/ld+json\" class=\"yoast-schema-graph\">{\"@context\":\"https:\\\/\\\/schema.org\",\"@graph\":[{\"@type\":\"Article\",\"@id\":\"https:\\\/\\\/www.24gliwice.pl\\\/wiadomosci\\\/najlepsze-taneczne-pary-swiata-w-arenie-gliwice-miedzynarodowy-turniej-tanca-sportowego\\\/#article\",\"isPartOf\":{\"@id\":\"https:\\\/\\\/www.24gliwice.pl\\\/wiadomosci\\\/najlepsze-taneczne-pary-swiata-w-arenie-gliwice-miedzynarodowy-turniej-tanca-sportowego\\\/\"},\"author\":{\"name\":\"Marcin Fabrykowski\",\"@id\":\"https:\\\/\\\/www.24gliwice.pl\\\/wiadomosci\\\/#\\\/schema\\\/person\\\/cb5857e4a4d048c15984c1edcc8ef0c0\"},\"headline\":\"Najlepsze taneczne pary \u015bwiata w Arenie Gliwice. Mi\u0119dzynarodowy Turniej Ta\u0144ca Sportowego\",\"datePublished\":\"2022-06-10T11:24:12+00:00\",\"mainEntityOfPage\":{\"@id\":\"https:\\\/\\\/www.24gliwice.pl\\\/wiadomosci\\\/najlepsze-taneczne-pary-swiata-w-arenie-gliwice-miedzynarodowy-turniej-tanca-sportowego\\\/\"},\"wordCount\":227,\"commentCount\":0,\"publisher\":{\"@id\":\"https:\\\/\\\/www.24gliwice.pl\\\/wiadomosci\\\/#organization\"},\"image\":{\"@id\":\"https:\\\/\\\/www.24gliwice.pl\\\/wiadomosci\\\/najlepsze-taneczne-pary-swiata-w-arenie-gliwice-miedzynarodowy-turniej-tanca-sportowego\\\/#primaryimage\"},\"thumbnailUrl\":\"https:\\\/\\\/www.24gliwice.pl\\\/wiadomosci\\\/wp-content\\\/uploads\\\/2022\\\/06\\\/taniec-arena-gliwice-fot-arena.jpg\",\"keywords\":[\"ARENA GLIWICE\",\"turniej ta\u0144ca\"],\"articleSection\":[\"Gliwice\",\"Kultura, wydarzenia, imprezy\",\"Najnowsze wiadomo\u015bci\"],\"inLanguage\":\"pl-PL\",\"potentialAction\":[{\"@type\":\"CommentAction\",\"name\":\"Comment\",\"target\":[\"https:\\\/\\\/www.24gliwice.pl\\\/wiadomosci\\\/najlepsze-taneczne-pary-swiata-w-arenie-gliwice-miedzynarodowy-turniej-tanca-sportowego\\\/#respond\"]}]},{\"@type\":\"WebPage\",\"@id\":\"https:\\\/\\\/www.24gliwice.pl\\\/wiadomosci\\\/najlepsze-taneczne-pary-swiata-w-arenie-gliwice-miedzynarodowy-turniej-tanca-sportowego\\\/\",\"url\":\"https:\\\/\\\/www.24gliwice.pl\\\/wiadomosci\\\/najlepsze-taneczne-pary-swiata-w-arenie-gliwice-miedzynarodowy-turniej-tanca-sportowego\\\/\",\"name\":\"Najlepsze taneczne pary \u015bwiata w Arenie Gliwice. Mi\u0119dzynarodowy Turniej Ta\u0144ca Sportowego - 24GLIWICE - Portal Gliwice | codziennie nowe informacje\",\"isPartOf\":{\"@id\":\"https:\\\/\\\/www.24gliwice.pl\\\/wiadomosci\\\/#website\"},\"primaryImageOfPage\":{\"@id\":\"https:\\\/\\\/www.24gliwice.pl\\\/wiadomosci\\\/najlepsze-taneczne-pary-swiata-w-arenie-gliwice-miedzynarodowy-turniej-tanca-sportowego\\\/#primaryimage\"},\"image\":{\"@id\":\"https:\\\/\\\/www.24gliwice.pl\\\/wiadomosci\\\/najlepsze-taneczne-pary-swiata-w-arenie-gliwice-miedzynarodowy-turniej-tanca-sportowego\\\/#primaryimage\"},\"thumbnailUrl\":\"https:\\\/\\\/www.24gliwice.pl\\\/wiadomosci\\\/wp-content\\\/uploads\\\/2022\\\/06\\\/taniec-arena-gliwice-fot-arena.jpg\",\"datePublished\":\"2022-06-10T11:24:12+00:00\",\"breadcrumb\":{\"@id\":\"https:\\\/\\\/www.24gliwice.pl\\\/wiadomosci\\\/najlepsze-taneczne-pary-swiata-w-arenie-gliwice-miedzynarodowy-turniej-tanca-sportowego\\\/#breadcrumb\"},\"inLanguage\":\"pl-PL\",\"potentialAction\":[{\"@type\":\"ReadAction\",\"target\":[\"https:\\\/\\\/www.24gliwice.pl\\\/wiadomosci\\\/najlepsze-taneczne-pary-swiata-w-arenie-gliwice-miedzynarodowy-turniej-tanca-sportowego\\\/\"]}]},{\"@type\":\"ImageObject\",\"inLanguage\":\"pl-PL\",\"@id\":\"https:\\\/\\\/www.24gliwice.pl\\\/wiadomosci\\\/najlepsze-taneczne-pary-swiata-w-arenie-gliwice-miedzynarodowy-turniej-tanca-sportowego\\\/#primaryimage\",\"url\":\"https:\\\/\\\/www.24gliwice.pl\\\/wiadomosci\\\/wp-content\\\/uploads\\\/2022\\\/06\\\/taniec-arena-gliwice-fot-arena.jpg\",\"contentUrl\":\"https:\\\/\\\/www.24gliwice.pl\\\/wiadomosci\\\/wp-content\\\/uploads\\\/2022\\\/06\\\/taniec-arena-gliwice-fot-arena.jpg\",\"width\":810,\"height\":497},{\"@type\":\"BreadcrumbList\",\"@id\":\"https:\\\/\\\/www.24gliwice.pl\\\/wiadomosci\\\/najlepsze-taneczne-pary-swiata-w-arenie-gliwice-miedzynarodowy-turniej-tanca-sportowego\\\/#breadcrumb\",\"itemListElement\":[{\"@type\":\"ListItem\",\"position\":1,\"name\":\"Strona g\u0142\u00f3wna\",\"item\":\"https:\\\/\\\/www.24gliwice.pl\\\/wiadomosci\\\/\"},{\"@type\":\"ListItem\",\"position\":2,\"name\":\"Najlepsze taneczne pary \u015bwiata w Arenie Gliwice. Mi\u0119dzynarodowy Turniej Ta\u0144ca Sportowego\"}]},{\"@type\":\"WebSite\",\"@id\":\"https:\\\/\\\/www.24gliwice.pl\\\/wiadomosci\\\/#website\",\"url\":\"https:\\\/\\\/www.24gliwice.pl\\\/wiadomosci\\\/\",\"name\":\"24GLIWICE - Portal Gliwice | codziennie nowe wiadomo\u015bci\",\"description\":\"Portal Miejski Gliwice\",\"publisher\":{\"@id\":\"https:\\\/\\\/www.24gliwice.pl\\\/wiadomosci\\\/#organization\"},\"potentialAction\":[{\"@type\":\"SearchAction\",\"target\":{\"@type\":\"EntryPoint\",\"urlTemplate\":\"https:\\\/\\\/www.24gliwice.pl\\\/wiadomosci\\\/?s={search_term_string}\"},\"query-input\":{\"@type\":\"PropertyValueSpecification\",\"valueRequired\":true,\"valueName\":\"search_term_string\"}}],\"inLanguage\":\"pl-PL\"},{\"@type\":\"Organization\",\"@id\":\"https:\\\/\\\/www.24gliwice.pl\\\/wiadomosci\\\/#organization\",\"name\":\"24gliwice\",\"url\":\"https:\\\/\\\/www.24gliwice.pl\\\/wiadomosci\\\/\",\"logo\":{\"@type\":\"ImageObject\",\"inLanguage\":\"pl-PL\",\"@id\":\"https:\\\/\\\/www.24gliwice.pl\\\/wiadomosci\\\/#\\\/schema\\\/logo\\\/image\\\/\",\"url\":\"https:\\\/\\\/www.24gliwice.pl\\\/wiadomosci\\\/wp-content\\\/uploads\\\/2024\\\/10\\\/24gliwice-logo-696.jpg\",\"contentUrl\":\"https:\\\/\\\/www.24gliwice.pl\\\/wiadomosci\\\/wp-content\\\/uploads\\\/2024\\\/10\\\/24gliwice-logo-696.jpg\",\"width\":696,\"height\":696,\"caption\":\"24gliwice\"},\"image\":{\"@id\":\"https:\\\/\\\/www.24gliwice.pl\\\/wiadomosci\\\/#\\\/schema\\\/logo\\\/image\\\/\"},\"sameAs\":[\"https:\\\/\\\/www.facebook.com\\\/24gliwice\",\"https:\\\/\\\/x.com\\\/24gliwice\",\"https:\\\/\\\/www.youtube.com\\\/@24gliwice\"]},{\"@type\":\"Person\",\"@id\":\"https:\\\/\\\/www.24gliwice.pl\\\/wiadomosci\\\/#\\\/schema\\\/person\\\/cb5857e4a4d048c15984c1edcc8ef0c0\",\"name\":\"Marcin Fabrykowski\",\"image\":{\"@type\":\"ImageObject\",\"inLanguage\":\"pl-PL\",\"@id\":\"https:\\\/\\\/www.24gliwice.pl\\\/wiadomosci\\\/wp-content\\\/uploads\\\/2025\\\/11\\\/zdjecie-moje-marcin-300-96x96.jpg\",\"url\":\"https:\\\/\\\/www.24gliwice.pl\\\/wiadomosci\\\/wp-content\\\/uploads\\\/2025\\\/11\\\/zdjecie-moje-marcin-300-96x96.jpg\",\"contentUrl\":\"https:\\\/\\\/www.24gliwice.pl\\\/wiadomosci\\\/wp-content\\\/uploads\\\/2025\\\/11\\\/zdjecie-moje-marcin-300-96x96.jpg\",\"caption\":\"Marcin Fabrykowski\"},\"sameAs\":[\"http:\\\/\\\/24gliwice.pl\",\"https:\\\/\\\/www.facebook.com\\\/marcin.fabrykowski\"],\"url\":\"https:\\\/\\\/www.24gliwice.pl\\\/wiadomosci\\\/author\\\/marcin-fabrykowski\\\/\"}]}<\/script>\n<!-- \/ Yoast SEO plugin. -->","yoast_head_json":{"title":"Najlepsze taneczne pary \u015bwiata w Arenie Gliwice. Mi\u0119dzynarodowy Turniej Ta\u0144ca Sportowego - 24GLIWICE - Portal Gliwice | codziennie nowe informacje","robots":{"index":"index","follow":"follow","max-snippet":"max-snippet:-1","max-image-preview":"max-image-preview:large","max-video-preview":"max-video-preview:-1"},"canonical":"https:\/\/www.24gliwice.pl\/wiadomosci\/najlepsze-taneczne-pary-swiata-w-arenie-gliwice-miedzynarodowy-turniej-tanca-sportowego\/","og_locale":"pl_PL","og_type":"article","og_title":"Najlepsze taneczne pary \u015bwiata w Arenie Gliwice. Mi\u0119dzynarodowy Turniej Ta\u0144ca Sportowego - 24GLIWICE - Portal Gliwice | codziennie nowe informacje","og_description":"Ju\u017c 11 i 12 czerwca w Arenie Gliwice odb\u0119dzie si\u0119 Mi\u0119dzynarodowy Turniej Ta\u0144ca Sportowego w strukturach Federacji Ta\u0144ca Sportowego, Polskiego Zwi\u0105zku Sportu Tanecznego i World Dance Sport Federation. Czekaj\u0105 nas dwa dni wype\u0142nione ta\u0144cem na najwy\u017cszym mo\u017cliwym poziomie. Najlepsze taneczne pary \u015bwiata b\u0119d\u0105 rywalizowa\u0142y o 1 miejsce na podium i zdobywa\u0142y punkty do rankingu \u015bwiatowego [&hellip;]","og_url":"https:\/\/www.24gliwice.pl\/wiadomosci\/najlepsze-taneczne-pary-swiata-w-arenie-gliwice-miedzynarodowy-turniej-tanca-sportowego\/","og_site_name":"24GLIWICE - Portal Gliwice | codziennie nowe informacje","article_publisher":"https:\/\/www.facebook.com\/24gliwice","article_author":"https:\/\/www.facebook.com\/marcin.fabrykowski","article_published_time":"2022-06-10T11:24:12+00:00","og_image":[{"width":810,"height":497,"url":"https:\/\/www.24gliwice.pl\/wiadomosci\/wp-content\/uploads\/2022\/06\/taniec-arena-gliwice-fot-arena.jpg","type":"image\/jpeg"}],"author":"Marcin Fabrykowski","twitter_card":"summary_large_image","twitter_creator":"@24gliwice","twitter_site":"@24gliwice","twitter_misc":{"Napisane przez":"Marcin Fabrykowski","Szacowany czas czytania":"1 minuta"},"schema":{"@context":"https:\/\/schema.org","@graph":[{"@type":"Article","@id":"https:\/\/www.24gliwice.pl\/wiadomosci\/najlepsze-taneczne-pary-swiata-w-arenie-gliwice-miedzynarodowy-turniej-tanca-sportowego\/#article","isPartOf":{"@id":"https:\/\/www.24gliwice.pl\/wiadomosci\/najlepsze-taneczne-pary-swiata-w-arenie-gliwice-miedzynarodowy-turniej-tanca-sportowego\/"},"author":{"name":"Marcin Fabrykowski","@id":"https:\/\/www.24gliwice.pl\/wiadomosci\/#\/schema\/person\/cb5857e4a4d048c15984c1edcc8ef0c0"},"headline":"Najlepsze taneczne pary \u015bwiata w Arenie Gliwice. Mi\u0119dzynarodowy Turniej Ta\u0144ca Sportowego","datePublished":"2022-06-10T11:24:12+00:00","mainEntityOfPage":{"@id":"https:\/\/www.24gliwice.pl\/wiadomosci\/najlepsze-taneczne-pary-swiata-w-arenie-gliwice-miedzynarodowy-turniej-tanca-sportowego\/"},"wordCount":227,"commentCount":0,"publisher":{"@id":"https:\/\/www.24gliwice.pl\/wiadomosci\/#organization"},"image":{"@id":"https:\/\/www.24gliwice.pl\/wiadomosci\/najlepsze-taneczne-pary-swiata-w-arenie-gliwice-miedzynarodowy-turniej-tanca-sportowego\/#primaryimage"},"thumbnailUrl":"https:\/\/www.24gliwice.pl\/wiadomosci\/wp-content\/uploads\/2022\/06\/taniec-arena-gliwice-fot-arena.jpg","keywords":["ARENA GLIWICE","turniej ta\u0144ca"],"articleSection":["Gliwice","Kultura, wydarzenia, imprezy","Najnowsze wiadomo\u015bci"],"inLanguage":"pl-PL","potentialAction":[{"@type":"CommentAction","name":"Comment","target":["https:\/\/www.24gliwice.pl\/wiadomosci\/najlepsze-taneczne-pary-swiata-w-arenie-gliwice-miedzynarodowy-turniej-tanca-sportowego\/#respond"]}]},{"@type":"WebPage","@id":"https:\/\/www.24gliwice.pl\/wiadomosci\/najlepsze-taneczne-pary-swiata-w-arenie-gliwice-miedzynarodowy-turniej-tanca-sportowego\/","url":"https:\/\/www.24gliwice.pl\/wiadomosci\/najlepsze-taneczne-pary-swiata-w-arenie-gliwice-miedzynarodowy-turniej-tanca-sportowego\/","name":"Najlepsze taneczne pary \u015bwiata w Arenie Gliwice. Mi\u0119dzynarodowy Turniej Ta\u0144ca Sportowego - 24GLIWICE - Portal Gliwice | codziennie nowe informacje","isPartOf":{"@id":"https:\/\/www.24gliwice.pl\/wiadomosci\/#website"},"primaryImageOfPage":{"@id":"https:\/\/www.24gliwice.pl\/wiadomosci\/najlepsze-taneczne-pary-swiata-w-arenie-gliwice-miedzynarodowy-turniej-tanca-sportowego\/#primaryimage"},"image":{"@id":"https:\/\/www.24gliwice.pl\/wiadomosci\/najlepsze-taneczne-pary-swiata-w-arenie-gliwice-miedzynarodowy-turniej-tanca-sportowego\/#primaryimage"},"thumbnailUrl":"https:\/\/www.24gliwice.pl\/wiadomosci\/wp-content\/uploads\/2022\/06\/taniec-arena-gliwice-fot-arena.jpg","datePublished":"2022-06-10T11:24:12+00:00","breadcrumb":{"@id":"https:\/\/www.24gliwice.pl\/wiadomosci\/najlepsze-taneczne-pary-swiata-w-arenie-gliwice-miedzynarodowy-turniej-tanca-sportowego\/#breadcrumb"},"inLanguage":"pl-PL","potentialAction":[{"@type":"ReadAction","target":["https:\/\/www.24gliwice.pl\/wiadomosci\/najlepsze-taneczne-pary-swiata-w-arenie-gliwice-miedzynarodowy-turniej-tanca-sportowego\/"]}]},{"@type":"ImageObject","inLanguage":"pl-PL","@id":"https:\/\/www.24gliwice.pl\/wiadomosci\/najlepsze-taneczne-pary-swiata-w-arenie-gliwice-miedzynarodowy-turniej-tanca-sportowego\/#primaryimage","url":"https:\/\/www.24gliwice.pl\/wiadomosci\/wp-content\/uploads\/2022\/06\/taniec-arena-gliwice-fot-arena.jpg","contentUrl":"https:\/\/www.24gliwice.pl\/wiadomosci\/wp-content\/uploads\/2022\/06\/taniec-arena-gliwice-fot-arena.jpg","width":810,"height":497},{"@type":"BreadcrumbList","@id":"https:\/\/www.24gliwice.pl\/wiadomosci\/najlepsze-taneczne-pary-swiata-w-arenie-gliwice-miedzynarodowy-turniej-tanca-sportowego\/#breadcrumb","itemListElement":[{"@type":"ListItem","position":1,"name":"Strona g\u0142\u00f3wna","item":"https:\/\/www.24gliwice.pl\/wiadomosci\/"},{"@type":"ListItem","position":2,"name":"Najlepsze taneczne pary \u015bwiata w Arenie Gliwice. Mi\u0119dzynarodowy Turniej Ta\u0144ca Sportowego"}]},{"@type":"WebSite","@id":"https:\/\/www.24gliwice.pl\/wiadomosci\/#website","url":"https:\/\/www.24gliwice.pl\/wiadomosci\/","name":"24GLIWICE - Portal Gliwice | codziennie nowe wiadomo\u015bci","description":"Portal Miejski Gliwice","publisher":{"@id":"https:\/\/www.24gliwice.pl\/wiadomosci\/#organization"},"potentialAction":[{"@type":"SearchAction","target":{"@type":"EntryPoint","urlTemplate":"https:\/\/www.24gliwice.pl\/wiadomosci\/?s={search_term_string}"},"query-input":{"@type":"PropertyValueSpecification","valueRequired":true,"valueName":"search_term_string"}}],"inLanguage":"pl-PL"},{"@type":"Organization","@id":"https:\/\/www.24gliwice.pl\/wiadomosci\/#organization","name":"24gliwice","url":"https:\/\/www.24gliwice.pl\/wiadomosci\/","logo":{"@type":"ImageObject","inLanguage":"pl-PL","@id":"https:\/\/www.24gliwice.pl\/wiadomosci\/#\/schema\/logo\/image\/","url":"https:\/\/www.24gliwice.pl\/wiadomosci\/wp-content\/uploads\/2024\/10\/24gliwice-logo-696.jpg","contentUrl":"https:\/\/www.24gliwice.pl\/wiadomosci\/wp-content\/uploads\/2024\/10\/24gliwice-logo-696.jpg","width":696,"height":696,"caption":"24gliwice"},"image":{"@id":"https:\/\/www.24gliwice.pl\/wiadomosci\/#\/schema\/logo\/image\/"},"sameAs":["https:\/\/www.facebook.com\/24gliwice","https:\/\/x.com\/24gliwice","https:\/\/www.youtube.com\/@24gliwice"]},{"@type":"Person","@id":"https:\/\/www.24gliwice.pl\/wiadomosci\/#\/schema\/person\/cb5857e4a4d048c15984c1edcc8ef0c0","name":"Marcin Fabrykowski","image":{"@type":"ImageObject","inLanguage":"pl-PL","@id":"https:\/\/www.24gliwice.pl\/wiadomosci\/wp-content\/uploads\/2025\/11\/zdjecie-moje-marcin-300-96x96.jpg","url":"https:\/\/www.24gliwice.pl\/wiadomosci\/wp-content\/uploads\/2025\/11\/zdjecie-moje-marcin-300-96x96.jpg","contentUrl":"https:\/\/www.24gliwice.pl\/wiadomosci\/wp-content\/uploads\/2025\/11\/zdjecie-moje-marcin-300-96x96.jpg","caption":"Marcin Fabrykowski"},"sameAs":["http:\/\/24gliwice.pl","https:\/\/www.facebook.com\/marcin.fabrykowski"],"url":"https:\/\/www.24gliwice.pl\/wiadomosci\/author\/marcin-fabrykowski\/"}]}},"_links":{"self":[{"href":"https:\/\/www.24gliwice.pl\/wiadomosci\/wp-json\/wp\/v2\/posts\/194372","targetHints":{"allow":["GET"]}}],"collection":[{"href":"https:\/\/www.24gliwice.pl\/wiadomosci\/wp-json\/wp\/v2\/posts"}],"about":[{"href":"https:\/\/www.24gliwice.pl\/wiadomosci\/wp-json\/wp\/v2\/types\/post"}],"author":[{"embeddable":true,"href":"https:\/\/www.24gliwice.pl\/wiadomosci\/wp-json\/wp\/v2\/users\/4"}],"replies":[{"embeddable":true,"href":"https:\/\/www.24gliwice.pl\/wiadomosci\/wp-json\/wp\/v2\/comments?post=194372"}],"version-history":[{"count":1,"href":"https:\/\/www.24gliwice.pl\/wiadomosci\/wp-json\/wp\/v2\/posts\/194372\/revisions"}],"predecessor-version":[{"id":194380,"href":"https:\/\/www.24gliwice.pl\/wiadomosci\/wp-json\/wp\/v2\/posts\/194372\/revisions\/194380"}],"wp:featuredmedia":[{"embeddable":true,"href":"https:\/\/www.24gliwice.pl\/wiadomosci\/wp-json\/wp\/v2\/media\/194382"}],"wp:attachment":[{"href":"https:\/\/www.24gliwice.pl\/wiadomosci\/wp-json\/wp\/v2\/media?parent=194372"}],"wp:term":[{"taxonomy":"category","embeddable":true,"href":"https:\/\/www.24gliwice.pl\/wiadomosci\/wp-json\/wp\/v2\/categories?post=194372"},{"taxonomy":"post_tag","embeddable":true,"href":"https:\/\/www.24gliwice.pl\/wiadomosci\/wp-json\/wp\/v2\/tags?post=194372"}],"curies":[{"name":"wp","href":"https:\/\/api.w.org\/{rel}","templated":true}]}}