{"id":194902,"date":"2022-06-20T18:16:51","date_gmt":"2022-06-20T16:16:51","guid":{"rendered":"https:\/\/www.24gliwice.pl\/wiadomosci\/?p=194902"},"modified":"2022-06-20T18:26:17","modified_gmt":"2022-06-20T16:26:17","slug":"zielonegliwice-oczyszczamy-i-cykl-sie-zamyka","status":"publish","type":"post","link":"https:\/\/www.24gliwice.pl\/wiadomosci\/zielonegliwice-oczyszczamy-i-cykl-sie-zamyka\/","title":{"rendered":"#zielonegliwice: Oczyszczamy! I cykl si\u0119 zamyka"},"content":{"rendered":"<h2>Przedsi\u0119biorstwo Zagospodarowania Odpad\u00f3w uko\u0144czy\u0142o kolejne inwestycje wa\u017cne dla mieszka\u0144c\u00f3w Gliwic i ochrony \u015brodowiska. Przy ul. Rybnickiej 199B powsta\u0142a m.in. nowoczesna, ekologiczna oczyszczalnia odciek\u00f3w sk\u0142adowiskowych, pozwalaj\u0105ca na odzysk wody, a tak\u017ce pobudzenie produkcji biogazu i \u2013 w konsekwencji \u2013 wytworzenie energii elektrycznej. <\/h2>\n<p>&nbsp;<br \/>\nDzi\u0119ki zastosowanym technologiom procesy zachodz\u0105ce w oczyszczalni s\u0105 bezpieczne dla natury, a bezwarto\u015bciowy pocz\u0105tkowo odciek staje si\u0119 surowcem wt\u00f3rnym \u2013 cennym zasobem do powt\u00f3rnego u\u017cycia przez przedsi\u0119biorstwo. Tak w\u0142a\u015bnie dzia\u0142a gospodarka obiegu zamkni\u0119tego!<\/p>\n<p>\u2013\u00a0<em>Oczyszczalnia odciek\u00f3w to serce wdro\u017conego w PZO modelu gospodarki obiegu zamkni\u0119tego<\/em>\u00a0\u2013 podkre\u015bla <strong>Magdalena Budny<\/strong>, prezes Przedsi\u0119biorstwa Zagospodarowania Odpad\u00f3w w Gliwicach. <\/p>\n<p>Stanowi j\u0105 nie jeden obiekt, a dwa w\u0105skie, 12-metrowe kontenery, przykryte panelami fotowoltaicznymi zapewniaj\u0105cymi co najmniej 13 megawatogodzin rocznie energii odnawialnej, posiadaj\u0105ce zarazem w\u0142asny magazyn energii elektrycznej. Kryj\u0105 one supernowoczesn\u0105 instalacj\u0119 dzia\u0142aj\u0105c\u0105 w oparciu o przyjazne \u015brodowisku technologie membranowe \u2013 ultrafiltracj\u0119, odwr\u00f3con\u0105 osmoz\u0119 przywracaj\u0105c\u0105 wodzie czysto\u015b\u0107, a tak\u017ce elektrodejonizacj\u0119 pozwalaj\u0105c\u0105 otrzyma\u0107 wod\u0119 ultraczyst\u0105 o najwy\u017cszych parametrach jako\u015bci. Jak to mo\u017cliwe? Zastosowane w instalacji membrany maj\u0105 superdrobne pory i s\u0105 jak sito o \u201eoczkach\u201d zdolnych do zatrzymania cz\u0105stek wielko\u015bci bakterii i wirus\u00f3w. Dzi\u0119ki temu podczas filtracji odciek\u00f3w przedostaje si\u0119 przez nie woda, a pozostaj\u0105 resztki do dalszego wykorzystania.<\/p>\n<p>Membrany zajmuj\u0105 powierzchni\u0119 blisko jednej dziesi\u0105tej hektara (oko\u0142o 1000 m<sup>2<\/sup>). Jak wyliczono, ich wykorzystanie pozwoli na przetworzenie przez PZO 37 tys. m<sup>3\u00a0<\/sup>odciek\u00f3w rocznie. Taka ilo\u015b\u0107 pozwoli\u0142aby nape\u0142ni\u0107 15 basen\u00f3w gliwickiej krytej p\u0142ywalni Olimpijczyk!<\/p>\n<h4><strong>Z oczyszczonych odciek\u00f3w powstaj\u0105 dwa produkty \u2013 retentat i permeat.<\/strong><\/h4>\n<p>Retentat jest st\u0119\u017conym koncentratem odfiltrowanego odcieku. Bardzo przydatnym \u2013 magistral\u0105 nawadniaj\u0105c\u0105 trafia bowiem na wierzchowiny kwater sk\u0142adowiska, wzmacniaj\u0105c swoim skondensowanym sk\u0142adem chemicznym procesy fermentacyjne w z\u0142o\u017cu odpad\u00f3w dla zwi\u0119kszenia produkcji biogazu. W tym czasie nadmiar odciek\u00f3w z kwater, poprzez zbiorniki otwarte i podziemie, zn\u00f3w wraca do oczyszczalni, gdzie proces filtrowania zaczyna si\u0119 na nowo.<\/p>\n<div id='gallery-1' class='vce-gallery gallery galleryid-194902 gallery-columns-3 gallery-size-vce-lay-b'><div class=\"vce-gallery-big\"><div class=\"big-gallery-item item-0\" >\n\t\t\t<div class='gallery-icon'>\n\t\t\t\t<a href='https:\/\/www.24gliwice.pl\/wiadomosci\/wp-content\/uploads\/2022\/06\/pzo_fot_mbuksa_dsf9587.jpg'><img loading=\"lazy\" decoding=\"async\" width=\"810\" height=\"541\" src=\"https:\/\/www.24gliwice.pl\/wiadomosci\/wp-content\/uploads\/2022\/06\/pzo_fot_mbuksa_dsf9587.jpg\" class=\"attachment-vce-lay-a size-vce-lay-a\" alt=\"\" srcset=\"https:\/\/www.24gliwice.pl\/wiadomosci\/wp-content\/uploads\/2022\/06\/pzo_fot_mbuksa_dsf9587.jpg 810w, https:\/\/www.24gliwice.pl\/wiadomosci\/wp-content\/uploads\/2022\/06\/pzo_fot_mbuksa_dsf9587-347x232.jpg 347w, https:\/\/www.24gliwice.pl\/wiadomosci\/wp-content\/uploads\/2022\/06\/pzo_fot_mbuksa_dsf9587-681x455.jpg 681w, https:\/\/www.24gliwice.pl\/wiadomosci\/wp-content\/uploads\/2022\/06\/pzo_fot_mbuksa_dsf9587-768x513.jpg 768w\" sizes=\"auto, (max-width: 810px) 100vw, 810px\" \/><\/a>\n\t\t\t<\/div>\n\t\t\t\t<figcaption class='wp-caption-text gallery-caption'>\n\t\t\t\tZbiornik retencyjny na permeat \u2013 wod\u0119 szar\u0105. Fot. M. Buksa\/UM w Gliwicach\n\t\t\t\t<\/figcaption><\/div><div class=\"big-gallery-item item-1\" style=\"display:none;\">\n\t\t\t<div class='gallery-icon'>\n\t\t\t\t<a href='https:\/\/www.24gliwice.pl\/wiadomosci\/wp-content\/uploads\/2022\/06\/pzo_fot_mbuksa_dsf9595.jpg'><img loading=\"lazy\" decoding=\"async\" width=\"810\" height=\"541\" src=\"https:\/\/www.24gliwice.pl\/wiadomosci\/wp-content\/uploads\/2022\/06\/pzo_fot_mbuksa_dsf9595.jpg\" class=\"attachment-vce-lay-a size-vce-lay-a\" alt=\"\" srcset=\"https:\/\/www.24gliwice.pl\/wiadomosci\/wp-content\/uploads\/2022\/06\/pzo_fot_mbuksa_dsf9595.jpg 810w, https:\/\/www.24gliwice.pl\/wiadomosci\/wp-content\/uploads\/2022\/06\/pzo_fot_mbuksa_dsf9595-347x232.jpg 347w, https:\/\/www.24gliwice.pl\/wiadomosci\/wp-content\/uploads\/2022\/06\/pzo_fot_mbuksa_dsf9595-681x455.jpg 681w, https:\/\/www.24gliwice.pl\/wiadomosci\/wp-content\/uploads\/2022\/06\/pzo_fot_mbuksa_dsf9595-768x513.jpg 768w\" sizes=\"auto, (max-width: 810px) 100vw, 810px\" \/><\/a>\n\t\t\t<\/div>\n\t\t\t\t<figcaption class='wp-caption-text gallery-caption'>\n\t\t\t\tDo ostatnich inwestycji PZO nale\u017cy te\u017c przebudowa drogi technologicznej \u2013 od terenu kompostowni do budynku Centrum Edukacji Ekologicznej. Blisko p\u00f3\u0142kilometrowy odcinek spe\u0142nia wymogi u\u017cytkowania przez ci\u0119\u017ckie pojazdy ci\u0119\u017carowe i stanowi zarazem drog\u0119 po\u017carow\u0105. Fot. M. Buksa\/UM w Gliwicach\n\t\t\t\t<\/figcaption><\/div><div class=\"big-gallery-item item-2\" style=\"display:none;\">\n\t\t\t<div class='gallery-icon'>\n\t\t\t\t<a href='https:\/\/www.24gliwice.pl\/wiadomosci\/wp-content\/uploads\/2022\/06\/pzo_fot_mbuksa_dsf9644.jpg'><img loading=\"lazy\" decoding=\"async\" width=\"810\" height=\"541\" src=\"https:\/\/www.24gliwice.pl\/wiadomosci\/wp-content\/uploads\/2022\/06\/pzo_fot_mbuksa_dsf9644.jpg\" class=\"attachment-vce-lay-a size-vce-lay-a\" alt=\"\" srcset=\"https:\/\/www.24gliwice.pl\/wiadomosci\/wp-content\/uploads\/2022\/06\/pzo_fot_mbuksa_dsf9644.jpg 810w, https:\/\/www.24gliwice.pl\/wiadomosci\/wp-content\/uploads\/2022\/06\/pzo_fot_mbuksa_dsf9644-347x232.jpg 347w, https:\/\/www.24gliwice.pl\/wiadomosci\/wp-content\/uploads\/2022\/06\/pzo_fot_mbuksa_dsf9644-681x455.jpg 681w, https:\/\/www.24gliwice.pl\/wiadomosci\/wp-content\/uploads\/2022\/06\/pzo_fot_mbuksa_dsf9644-768x513.jpg 768w\" sizes=\"auto, (max-width: 810px) 100vw, 810px\" \/><\/a>\n\t\t\t<\/div>\n\t\t\t\t<figcaption class='wp-caption-text gallery-caption'>\n\t\t\t\tPrezes PZO Magdalena Budny omawia model gospodarki obiegu zamkni\u0119tego w Przedsi\u0119biorstwie Zagospodarowania Odpad\u00f3w.  Fot. M. Buksa\/UM w Gliwicach\n\t\t\t\t<\/figcaption><\/div><div class=\"big-gallery-item item-3\" style=\"display:none;\">\n\t\t\t<div class='gallery-icon'>\n\t\t\t\t<a href='https:\/\/www.24gliwice.pl\/wiadomosci\/wp-content\/uploads\/2022\/06\/pzo_fot_mbuksa_dsf9679.jpg'><img loading=\"lazy\" decoding=\"async\" width=\"810\" height=\"541\" src=\"https:\/\/www.24gliwice.pl\/wiadomosci\/wp-content\/uploads\/2022\/06\/pzo_fot_mbuksa_dsf9679.jpg\" class=\"attachment-vce-lay-a size-vce-lay-a\" alt=\"\" srcset=\"https:\/\/www.24gliwice.pl\/wiadomosci\/wp-content\/uploads\/2022\/06\/pzo_fot_mbuksa_dsf9679.jpg 810w, https:\/\/www.24gliwice.pl\/wiadomosci\/wp-content\/uploads\/2022\/06\/pzo_fot_mbuksa_dsf9679-347x232.jpg 347w, https:\/\/www.24gliwice.pl\/wiadomosci\/wp-content\/uploads\/2022\/06\/pzo_fot_mbuksa_dsf9679-681x455.jpg 681w, https:\/\/www.24gliwice.pl\/wiadomosci\/wp-content\/uploads\/2022\/06\/pzo_fot_mbuksa_dsf9679-768x513.jpg 768w\" sizes=\"auto, (max-width: 810px) 100vw, 810px\" \/><\/a>\n\t\t\t<\/div>\n\t\t\t\t<figcaption class='wp-caption-text gallery-caption'>\n\t\t\t\tNa zdj\u0119ciu: Mariusz \u015apiewok, zast\u0119pca prezydenta Gliwic. Fot. M. Buksa\/UM w Gliwicach\n\t\t\t\t<\/figcaption><\/div><\/div><div class=\"vce-gallery-slider\" data-columns=\"3\"><figure class='gallery-item' data-item='0'>\n\t\t\t<div class='gallery-icon landscape'>\n\t\t\t\t<a href='https:\/\/www.24gliwice.pl\/wiadomosci\/wp-content\/uploads\/2022\/06\/pzo_fot_mbuksa_dsf9587.jpg'><img loading=\"lazy\" decoding=\"async\" width=\"375\" height=\"195\" src=\"https:\/\/www.24gliwice.pl\/wiadomosci\/wp-content\/uploads\/2022\/06\/pzo_fot_mbuksa_dsf9587-375x195.jpg\" class=\"attachment-vce-lay-b size-vce-lay-b\" alt=\"\" \/><\/a>\n\t\t\t<\/div><\/figure><figure class='gallery-item' data-item='1'>\n\t\t\t<div class='gallery-icon landscape'>\n\t\t\t\t<a href='https:\/\/www.24gliwice.pl\/wiadomosci\/wp-content\/uploads\/2022\/06\/pzo_fot_mbuksa_dsf9595.jpg'><img loading=\"lazy\" decoding=\"async\" width=\"375\" height=\"195\" src=\"https:\/\/www.24gliwice.pl\/wiadomosci\/wp-content\/uploads\/2022\/06\/pzo_fot_mbuksa_dsf9595-375x195.jpg\" class=\"attachment-vce-lay-b size-vce-lay-b\" alt=\"\" \/><\/a>\n\t\t\t<\/div><\/figure><figure class='gallery-item' data-item='2'>\n\t\t\t<div class='gallery-icon landscape'>\n\t\t\t\t<a href='https:\/\/www.24gliwice.pl\/wiadomosci\/wp-content\/uploads\/2022\/06\/pzo_fot_mbuksa_dsf9644.jpg'><img loading=\"lazy\" decoding=\"async\" width=\"375\" height=\"195\" src=\"https:\/\/www.24gliwice.pl\/wiadomosci\/wp-content\/uploads\/2022\/06\/pzo_fot_mbuksa_dsf9644-375x195.jpg\" class=\"attachment-vce-lay-b size-vce-lay-b\" alt=\"\" \/><\/a>\n\t\t\t<\/div><\/figure><figure class='gallery-item' data-item='3'>\n\t\t\t<div class='gallery-icon landscape'>\n\t\t\t\t<a href='https:\/\/www.24gliwice.pl\/wiadomosci\/wp-content\/uploads\/2022\/06\/pzo_fot_mbuksa_dsf9679.jpg'><img loading=\"lazy\" decoding=\"async\" width=\"375\" height=\"195\" src=\"https:\/\/www.24gliwice.pl\/wiadomosci\/wp-content\/uploads\/2022\/06\/pzo_fot_mbuksa_dsf9679-375x195.jpg\" class=\"attachment-vce-lay-b size-vce-lay-b\" alt=\"\" \/><\/a>\n\t\t\t<\/div><\/figure><\/div><\/div>\n\n<p>&nbsp;<br \/>\nBiogaz, produkowany w kwaterach dzi\u0119ki sile retentatu, trafia do ruroci\u0105g\u00f3w podziemnych i przesy\u0142any jest za pomoc\u0105 stacji ssaw do odsiarczalnika oraz jednostki kogeneracyjnej. To w\u0142a\u015bnie w niej w procesie spalania oczyszczonego gazu wytwarzana jest energia cieplna i elektryczna, kt\u00f3ra po zaspokojeniu potrzeb PZO jest odsprzedawana firmie Tauron.<\/p>\n<p>Drugi z produkt\u00f3w \u2013 permeat \u2013 to odzyskana woda zwana cz\u0119sto szar\u0105 lub demineralizowan\u0105, o r\u00f3\u017cnorodnym zastosowaniu pozwalaj\u0105cym oszcz\u0119dzi\u0107 bezcenn\u0105 wod\u0119 pitn\u0105. Permeat s\u0142u\u017cy najpierw do przemywania membran oczyszczalni. Jego nadmiar b\u0119dzie magazynowany w nowo wybudowanym zbiorniku retencyjnym o\u00a0pojemno\u015bci 1870 m<sup>3<\/sup>, z kt\u00f3rego ponad 2-kilometrow\u0105 magistral\u0105 t\u0142oczn\u0105 b\u0119dzie trafia\u0107 odp\u0142atnie do pobliskiej firmy G\u00f3ra\u017cd\u017ce, wykorzystuj\u0105c\u0105 filtrat jako wod\u0119 technologiczn\u0105 do produkcji betonu. <\/p>\n<p>Permeat znajdzie te\u017c zastosowanie w powstaj\u0105cym Centrum Edukacji Ekologicznej (do sanitariat\u00f3w, na cele przeciwpo\u017carowe i do nawadniania teren\u00f3w zielonych wok\u00f3\u0142 zabudowa\u0144), w budynku pomocniczym przy Punkcie Selektywnej Zbi\u00f3rki Odpad\u00f3w Komunalnych oraz do zasilania wodoch\u0142onnej, mokrej bariery antyodorowej okalaj\u0105cej kompostowni\u0119 PZO. W przysz\u0142ym roku odzyskana woda trafi te\u017c magistral\u0105 t\u0142oczn\u0105 do myjki ci\u015bnieniowej czyszcz\u0105cej podwozia pojazd\u00f3w ci\u0119\u017carowych wyje\u017cd\u017caj\u0105cych z terenu gliwickiego sk\u0142adowiska.<\/p>\n<p style=\"padding-left: 40px;\">\u2013\u00a0<em>Wdro\u017cony u nas model gospodarki obiegu zamkni\u0119tego pozwala ca\u0142kowicie zagospodarowa\u0107 odcieki sk\u0142adowiskowe z pe\u0142nym wykorzystaniem zar\u00f3wno retentatu, jak i\u00a0permeatu. To ma\u0142a cegie\u0142ka Przedsi\u0119biorstwa Zagospodarowania Odpad\u00f3w w kierunku przeciwdzia\u0142ania globalnemu efektowi cieplarnianemu, zmianom klimatycznym i poprawy jako\u015bci \u015brodowiska naturalnego<\/em>\u00a0\u2013 podkre\u015bla prezes Magdalena Budny.<\/p>\n<p>W \u015blad za ekologi\u0105 p\u00f3jd\u0105 wkr\u00f3tce zyski finansowe. Sp\u00f3\u0142ka spodziewa si\u0119 wymiernych efekt\u00f3w z tytu\u0142u pobierania op\u0142at za permeat od G\u00f3ra\u017cd\u017ce Beton oraz zwi\u0119kszenia produkcji biogazu, kt\u00f3ra pozwoli na wytworzenie energii elektrycznej w kogeneracji i jej sprzeda\u017c do sieci Tauron. Ponowne wykorzystanie wody to z kolei oszcz\u0119dno\u015bci na wodzie pitnej, a tak\u017ce najrozs\u0105dniejszy spos\u00f3b zasilania bariery antyodorowej mokrej, kt\u00f3ra jest bardzo wodoch\u0142onna.<\/p>\n<p>Warto\u015b\u0107 inwestycji PZO (zar\u00f3wno realizacji oczyszczalni odciek\u00f3w sk\u0142adowiskowych, jak i wdro\u017cenia gospodarki obiegu zamkni\u0119tego oraz przebudowy drogi technologicznej) si\u0119ga 10,7 mln z\u0142. Z bud\u017cetu miasta przekazano na ten cel 3,8 mln z\u0142.<\/p>\n<p style=\"padding-left: 40px;\">\u2013\u00a0<em>Takie inwestycje pokazuj\u0105, \u017ce warto \u015bledzi\u0107 najnowsze trendy, stawia\u0107 na innowacje i najlepsze technologie, podejmowa\u0107 wyzwania wa\u017cne dla mieszka\u0144c\u00f3w i \u015brodowiska, s\u0142owem \u2013 \u201eucieka\u0107 do przodu\u201d, by spe\u0142nia\u0107 najbardziej restrykcyjne normy \u015brodowiskowe. Dzi\u0119ki takim przedsi\u0119wzi\u0119ciom gliwicki system odbioru i zagospodarowania odpad\u00f3w jest nowoczesny, ekologiczny i tani<\/em>\u00a0\u2013 komentuje zast\u0119pca prezydenta Gliwic\u00a0<strong>Mariusz \u015apiewok<\/strong>.<\/p>\n<p><a href=\"https:\/\/www.24gliwice.pl\/wiadomosci\/wp-content\/uploads\/2022\/06\/pzo_schemat.jpg\"><img loading=\"lazy\" decoding=\"async\" src=\"https:\/\/www.24gliwice.pl\/wiadomosci\/wp-content\/uploads\/2022\/06\/pzo_schemat.jpg\" alt=\"\" width=\"1800\" height=\"1481\" class=\"aligncenter size-full wp-image-194911\" srcset=\"https:\/\/www.24gliwice.pl\/wiadomosci\/wp-content\/uploads\/2022\/06\/pzo_schemat.jpg 1800w, https:\/\/www.24gliwice.pl\/wiadomosci\/wp-content\/uploads\/2022\/06\/pzo_schemat-282x232.jpg 282w, https:\/\/www.24gliwice.pl\/wiadomosci\/wp-content\/uploads\/2022\/06\/pzo_schemat-553x455.jpg 553w, https:\/\/www.24gliwice.pl\/wiadomosci\/wp-content\/uploads\/2022\/06\/pzo_schemat-768x632.jpg 768w, https:\/\/www.24gliwice.pl\/wiadomosci\/wp-content\/uploads\/2022\/06\/pzo_schemat-1536x1264.jpg 1536w, https:\/\/www.24gliwice.pl\/wiadomosci\/wp-content\/uploads\/2022\/06\/pzo_schemat-810x666.jpg 810w, https:\/\/www.24gliwice.pl\/wiadomosci\/wp-content\/uploads\/2022\/06\/pzo_schemat-1140x938.jpg 1140w\" sizes=\"auto, (max-width: 1800px) 100vw, 1800px\" \/><\/a><\/p>\n<p><small>\u017ar\u00f3d\u0142o: gliwice.eu<\/small><\/p>\n","protected":false},"excerpt":{"rendered":"<p>Przedsi\u0119biorstwo Zagospodarowania Odpad\u00f3w uko\u0144czy\u0142o kolejne inwestycje wa\u017cne dla mieszka\u0144c\u00f3w Gliwic i ochrony \u015brodowiska. Przy ul. Rybnickiej 199B powsta\u0142a m.in. nowoczesna, ekologiczna oczyszczalnia odciek\u00f3w sk\u0142adowiskowych, pozwalaj\u0105ca na odzysk wody, a tak\u017ce pobudzenie produkcji biogazu i \u2013 w konsekwencji \u2013 wytworzenie energii elektrycznej. &nbsp; Dzi\u0119ki zastosowanym technologiom procesy zachodz\u0105ce w oczyszczalni s\u0105 bezpieczne dla natury, a bezwarto\u015bciowy [&hellip;]<\/p>\n","protected":false},"author":4,"featured_media":194908,"comment_status":"closed","ping_status":"closed","sticky":false,"template":"","format":"standard","meta":{"_monsterinsights_skip_tracking":false,"_monsterinsights_sitenote_active":false,"_monsterinsights_sitenote_note":"","_monsterinsights_sitenote_category":0,"footnotes":"","_links_to":"","_links_to_target":""},"categories":[3,1,1129,8],"tags":[18965,2577],"class_list":["post-194902","post","type-post","status-publish","format-standard","has-post-thumbnail","hentry","category-gliwice","category-wszystko","category-polecamy","category-samorzad_polityka","tag-pzo","tag-zielone-gliwice"],"yoast_head":"<!-- This site is optimized with the Yoast SEO plugin v27.5 - https:\/\/yoast.com\/product\/yoast-seo-wordpress\/ -->\n<title>#zielonegliwice: Oczyszczamy! I cykl si\u0119 zamyka - 24GLIWICE - Portal Gliwice | codziennie nowe informacje<\/title>\n<meta name=\"robots\" content=\"index, follow, max-snippet:-1, max-image-preview:large, max-video-preview:-1\" \/>\n<link rel=\"canonical\" href=\"https:\/\/www.24gliwice.pl\/wiadomosci\/zielonegliwice-oczyszczamy-i-cykl-sie-zamyka\/\" \/>\n<meta property=\"og:locale\" content=\"pl_PL\" \/>\n<meta property=\"og:type\" content=\"article\" \/>\n<meta property=\"og:title\" content=\"#zielonegliwice: Oczyszczamy! I cykl si\u0119 zamyka - 24GLIWICE - Portal Gliwice | codziennie nowe informacje\" \/>\n<meta property=\"og:description\" content=\"Przedsi\u0119biorstwo Zagospodarowania Odpad\u00f3w uko\u0144czy\u0142o kolejne inwestycje wa\u017cne dla mieszka\u0144c\u00f3w Gliwic i ochrony \u015brodowiska. Przy ul. Rybnickiej 199B powsta\u0142a m.in. nowoczesna, ekologiczna oczyszczalnia odciek\u00f3w sk\u0142adowiskowych, pozwalaj\u0105ca na odzysk wody, a tak\u017ce pobudzenie produkcji biogazu i \u2013 w konsekwencji \u2013 wytworzenie energii elektrycznej. &nbsp; Dzi\u0119ki zastosowanym technologiom procesy zachodz\u0105ce w oczyszczalni s\u0105 bezpieczne dla natury, a bezwarto\u015bciowy [&hellip;]\" \/>\n<meta property=\"og:url\" content=\"https:\/\/www.24gliwice.pl\/wiadomosci\/zielonegliwice-oczyszczamy-i-cykl-sie-zamyka\/\" \/>\n<meta property=\"og:site_name\" content=\"24GLIWICE - Portal Gliwice | codziennie nowe informacje\" \/>\n<meta property=\"article:publisher\" content=\"https:\/\/www.facebook.com\/24gliwice\" \/>\n<meta property=\"article:author\" content=\"https:\/\/www.facebook.com\/marcin.fabrykowski\" \/>\n<meta property=\"article:published_time\" content=\"2022-06-20T16:16:51+00:00\" \/>\n<meta property=\"article:modified_time\" content=\"2022-06-20T16:26:17+00:00\" \/>\n<meta property=\"og:image\" content=\"https:\/\/www.24gliwice.pl\/wiadomosci\/wp-content\/uploads\/2022\/06\/pzo_fot_mbuksa_dsf9612.jpg\" \/>\n\t<meta property=\"og:image:width\" content=\"1140\" \/>\n\t<meta property=\"og:image:height\" content=\"660\" \/>\n\t<meta property=\"og:image:type\" content=\"image\/jpeg\" \/>\n<meta name=\"author\" content=\"Marcin Fabrykowski\" \/>\n<meta name=\"twitter:card\" content=\"summary_large_image\" \/>\n<meta name=\"twitter:creator\" content=\"@24gliwice\" \/>\n<meta name=\"twitter:site\" content=\"@24gliwice\" \/>\n<meta name=\"twitter:label1\" content=\"Napisane przez\" \/>\n\t<meta name=\"twitter:data1\" content=\"Marcin Fabrykowski\" \/>\n\t<meta name=\"twitter:label2\" content=\"Szacowany czas czytania\" \/>\n\t<meta name=\"twitter:data2\" content=\"4 minuty\" \/>\n<script type=\"application\/ld+json\" class=\"yoast-schema-graph\">{\"@context\":\"https:\\\/\\\/schema.org\",\"@graph\":[{\"@type\":\"Article\",\"@id\":\"https:\\\/\\\/www.24gliwice.pl\\\/wiadomosci\\\/zielonegliwice-oczyszczamy-i-cykl-sie-zamyka\\\/#article\",\"isPartOf\":{\"@id\":\"https:\\\/\\\/www.24gliwice.pl\\\/wiadomosci\\\/zielonegliwice-oczyszczamy-i-cykl-sie-zamyka\\\/\"},\"author\":{\"name\":\"Marcin Fabrykowski\",\"@id\":\"https:\\\/\\\/www.24gliwice.pl\\\/wiadomosci\\\/#\\\/schema\\\/person\\\/cb5857e4a4d048c15984c1edcc8ef0c0\"},\"headline\":\"#zielonegliwice: Oczyszczamy! I cykl si\u0119 zamyka\",\"datePublished\":\"2022-06-20T16:16:51+00:00\",\"dateModified\":\"2022-06-20T16:26:17+00:00\",\"mainEntityOfPage\":{\"@id\":\"https:\\\/\\\/www.24gliwice.pl\\\/wiadomosci\\\/zielonegliwice-oczyszczamy-i-cykl-sie-zamyka\\\/\"},\"wordCount\":806,\"publisher\":{\"@id\":\"https:\\\/\\\/www.24gliwice.pl\\\/wiadomosci\\\/#organization\"},\"image\":{\"@id\":\"https:\\\/\\\/www.24gliwice.pl\\\/wiadomosci\\\/zielonegliwice-oczyszczamy-i-cykl-sie-zamyka\\\/#primaryimage\"},\"thumbnailUrl\":\"https:\\\/\\\/www.24gliwice.pl\\\/wiadomosci\\\/wp-content\\\/uploads\\\/2022\\\/06\\\/pzo_fot_mbuksa_dsf9612.jpg\",\"keywords\":[\"pzo\",\"zielone gliwice\"],\"articleSection\":[\"Gliwice\",\"Najnowsze wiadomo\u015bci\",\"Polecamy\",\"Samorz\u0105d, polityka\"],\"inLanguage\":\"pl-PL\"},{\"@type\":\"WebPage\",\"@id\":\"https:\\\/\\\/www.24gliwice.pl\\\/wiadomosci\\\/zielonegliwice-oczyszczamy-i-cykl-sie-zamyka\\\/\",\"url\":\"https:\\\/\\\/www.24gliwice.pl\\\/wiadomosci\\\/zielonegliwice-oczyszczamy-i-cykl-sie-zamyka\\\/\",\"name\":\"#zielonegliwice: Oczyszczamy! I cykl si\u0119 zamyka - 24GLIWICE - Portal Gliwice | codziennie nowe informacje\",\"isPartOf\":{\"@id\":\"https:\\\/\\\/www.24gliwice.pl\\\/wiadomosci\\\/#website\"},\"primaryImageOfPage\":{\"@id\":\"https:\\\/\\\/www.24gliwice.pl\\\/wiadomosci\\\/zielonegliwice-oczyszczamy-i-cykl-sie-zamyka\\\/#primaryimage\"},\"image\":{\"@id\":\"https:\\\/\\\/www.24gliwice.pl\\\/wiadomosci\\\/zielonegliwice-oczyszczamy-i-cykl-sie-zamyka\\\/#primaryimage\"},\"thumbnailUrl\":\"https:\\\/\\\/www.24gliwice.pl\\\/wiadomosci\\\/wp-content\\\/uploads\\\/2022\\\/06\\\/pzo_fot_mbuksa_dsf9612.jpg\",\"datePublished\":\"2022-06-20T16:16:51+00:00\",\"dateModified\":\"2022-06-20T16:26:17+00:00\",\"breadcrumb\":{\"@id\":\"https:\\\/\\\/www.24gliwice.pl\\\/wiadomosci\\\/zielonegliwice-oczyszczamy-i-cykl-sie-zamyka\\\/#breadcrumb\"},\"inLanguage\":\"pl-PL\",\"potentialAction\":[{\"@type\":\"ReadAction\",\"target\":[\"https:\\\/\\\/www.24gliwice.pl\\\/wiadomosci\\\/zielonegliwice-oczyszczamy-i-cykl-sie-zamyka\\\/\"]}]},{\"@type\":\"ImageObject\",\"inLanguage\":\"pl-PL\",\"@id\":\"https:\\\/\\\/www.24gliwice.pl\\\/wiadomosci\\\/zielonegliwice-oczyszczamy-i-cykl-sie-zamyka\\\/#primaryimage\",\"url\":\"https:\\\/\\\/www.24gliwice.pl\\\/wiadomosci\\\/wp-content\\\/uploads\\\/2022\\\/06\\\/pzo_fot_mbuksa_dsf9612.jpg\",\"contentUrl\":\"https:\\\/\\\/www.24gliwice.pl\\\/wiadomosci\\\/wp-content\\\/uploads\\\/2022\\\/06\\\/pzo_fot_mbuksa_dsf9612.jpg\",\"width\":1140,\"height\":660,\"caption\":\"Oczyszczalnia odciek\u00f3w sk\u0142adowiskowych w PZO kryje nowoczesn\u0105 instalacj\u0119 wykorzystuj\u0105c\u0105 technologie membranowe. Fot. M. Buksa\\\/UM w Gliwicach\"},{\"@type\":\"BreadcrumbList\",\"@id\":\"https:\\\/\\\/www.24gliwice.pl\\\/wiadomosci\\\/zielonegliwice-oczyszczamy-i-cykl-sie-zamyka\\\/#breadcrumb\",\"itemListElement\":[{\"@type\":\"ListItem\",\"position\":1,\"name\":\"Strona g\u0142\u00f3wna\",\"item\":\"https:\\\/\\\/www.24gliwice.pl\\\/wiadomosci\\\/\"},{\"@type\":\"ListItem\",\"position\":2,\"name\":\"#zielonegliwice: Oczyszczamy! I cykl si\u0119 zamyka\"}]},{\"@type\":\"WebSite\",\"@id\":\"https:\\\/\\\/www.24gliwice.pl\\\/wiadomosci\\\/#website\",\"url\":\"https:\\\/\\\/www.24gliwice.pl\\\/wiadomosci\\\/\",\"name\":\"24GLIWICE - Portal Gliwice | codziennie nowe wiadomo\u015bci\",\"description\":\"Portal Miejski Gliwice\",\"publisher\":{\"@id\":\"https:\\\/\\\/www.24gliwice.pl\\\/wiadomosci\\\/#organization\"},\"potentialAction\":[{\"@type\":\"SearchAction\",\"target\":{\"@type\":\"EntryPoint\",\"urlTemplate\":\"https:\\\/\\\/www.24gliwice.pl\\\/wiadomosci\\\/?s={search_term_string}\"},\"query-input\":{\"@type\":\"PropertyValueSpecification\",\"valueRequired\":true,\"valueName\":\"search_term_string\"}}],\"inLanguage\":\"pl-PL\"},{\"@type\":\"Organization\",\"@id\":\"https:\\\/\\\/www.24gliwice.pl\\\/wiadomosci\\\/#organization\",\"name\":\"24gliwice\",\"url\":\"https:\\\/\\\/www.24gliwice.pl\\\/wiadomosci\\\/\",\"logo\":{\"@type\":\"ImageObject\",\"inLanguage\":\"pl-PL\",\"@id\":\"https:\\\/\\\/www.24gliwice.pl\\\/wiadomosci\\\/#\\\/schema\\\/logo\\\/image\\\/\",\"url\":\"https:\\\/\\\/www.24gliwice.pl\\\/wiadomosci\\\/wp-content\\\/uploads\\\/2024\\\/10\\\/24gliwice-logo-696.jpg\",\"contentUrl\":\"https:\\\/\\\/www.24gliwice.pl\\\/wiadomosci\\\/wp-content\\\/uploads\\\/2024\\\/10\\\/24gliwice-logo-696.jpg\",\"width\":696,\"height\":696,\"caption\":\"24gliwice\"},\"image\":{\"@id\":\"https:\\\/\\\/www.24gliwice.pl\\\/wiadomosci\\\/#\\\/schema\\\/logo\\\/image\\\/\"},\"sameAs\":[\"https:\\\/\\\/www.facebook.com\\\/24gliwice\",\"https:\\\/\\\/x.com\\\/24gliwice\",\"https:\\\/\\\/www.youtube.com\\\/@24gliwice\"]},{\"@type\":\"Person\",\"@id\":\"https:\\\/\\\/www.24gliwice.pl\\\/wiadomosci\\\/#\\\/schema\\\/person\\\/cb5857e4a4d048c15984c1edcc8ef0c0\",\"name\":\"Marcin Fabrykowski\",\"image\":{\"@type\":\"ImageObject\",\"inLanguage\":\"pl-PL\",\"@id\":\"https:\\\/\\\/www.24gliwice.pl\\\/wiadomosci\\\/wp-content\\\/uploads\\\/2025\\\/11\\\/zdjecie-moje-marcin-300-96x96.jpg\",\"url\":\"https:\\\/\\\/www.24gliwice.pl\\\/wiadomosci\\\/wp-content\\\/uploads\\\/2025\\\/11\\\/zdjecie-moje-marcin-300-96x96.jpg\",\"contentUrl\":\"https:\\\/\\\/www.24gliwice.pl\\\/wiadomosci\\\/wp-content\\\/uploads\\\/2025\\\/11\\\/zdjecie-moje-marcin-300-96x96.jpg\",\"caption\":\"Marcin Fabrykowski\"},\"sameAs\":[\"http:\\\/\\\/24gliwice.pl\",\"https:\\\/\\\/www.facebook.com\\\/marcin.fabrykowski\"],\"url\":\"https:\\\/\\\/www.24gliwice.pl\\\/wiadomosci\\\/author\\\/marcin-fabrykowski\\\/\"}]}<\/script>\n<!-- \/ Yoast SEO plugin. -->","yoast_head_json":{"title":"#zielonegliwice: Oczyszczamy! I cykl si\u0119 zamyka - 24GLIWICE - Portal Gliwice | codziennie nowe informacje","robots":{"index":"index","follow":"follow","max-snippet":"max-snippet:-1","max-image-preview":"max-image-preview:large","max-video-preview":"max-video-preview:-1"},"canonical":"https:\/\/www.24gliwice.pl\/wiadomosci\/zielonegliwice-oczyszczamy-i-cykl-sie-zamyka\/","og_locale":"pl_PL","og_type":"article","og_title":"#zielonegliwice: Oczyszczamy! I cykl si\u0119 zamyka - 24GLIWICE - Portal Gliwice | codziennie nowe informacje","og_description":"Przedsi\u0119biorstwo Zagospodarowania Odpad\u00f3w uko\u0144czy\u0142o kolejne inwestycje wa\u017cne dla mieszka\u0144c\u00f3w Gliwic i ochrony \u015brodowiska. Przy ul. Rybnickiej 199B powsta\u0142a m.in. nowoczesna, ekologiczna oczyszczalnia odciek\u00f3w sk\u0142adowiskowych, pozwalaj\u0105ca na odzysk wody, a tak\u017ce pobudzenie produkcji biogazu i \u2013 w konsekwencji \u2013 wytworzenie energii elektrycznej. &nbsp; Dzi\u0119ki zastosowanym technologiom procesy zachodz\u0105ce w oczyszczalni s\u0105 bezpieczne dla natury, a bezwarto\u015bciowy [&hellip;]","og_url":"https:\/\/www.24gliwice.pl\/wiadomosci\/zielonegliwice-oczyszczamy-i-cykl-sie-zamyka\/","og_site_name":"24GLIWICE - Portal Gliwice | codziennie nowe informacje","article_publisher":"https:\/\/www.facebook.com\/24gliwice","article_author":"https:\/\/www.facebook.com\/marcin.fabrykowski","article_published_time":"2022-06-20T16:16:51+00:00","article_modified_time":"2022-06-20T16:26:17+00:00","og_image":[{"width":1140,"height":660,"url":"https:\/\/www.24gliwice.pl\/wiadomosci\/wp-content\/uploads\/2022\/06\/pzo_fot_mbuksa_dsf9612.jpg","type":"image\/jpeg"}],"author":"Marcin Fabrykowski","twitter_card":"summary_large_image","twitter_creator":"@24gliwice","twitter_site":"@24gliwice","twitter_misc":{"Napisane przez":"Marcin Fabrykowski","Szacowany czas czytania":"4 minuty"},"schema":{"@context":"https:\/\/schema.org","@graph":[{"@type":"Article","@id":"https:\/\/www.24gliwice.pl\/wiadomosci\/zielonegliwice-oczyszczamy-i-cykl-sie-zamyka\/#article","isPartOf":{"@id":"https:\/\/www.24gliwice.pl\/wiadomosci\/zielonegliwice-oczyszczamy-i-cykl-sie-zamyka\/"},"author":{"name":"Marcin Fabrykowski","@id":"https:\/\/www.24gliwice.pl\/wiadomosci\/#\/schema\/person\/cb5857e4a4d048c15984c1edcc8ef0c0"},"headline":"#zielonegliwice: Oczyszczamy! I cykl si\u0119 zamyka","datePublished":"2022-06-20T16:16:51+00:00","dateModified":"2022-06-20T16:26:17+00:00","mainEntityOfPage":{"@id":"https:\/\/www.24gliwice.pl\/wiadomosci\/zielonegliwice-oczyszczamy-i-cykl-sie-zamyka\/"},"wordCount":806,"publisher":{"@id":"https:\/\/www.24gliwice.pl\/wiadomosci\/#organization"},"image":{"@id":"https:\/\/www.24gliwice.pl\/wiadomosci\/zielonegliwice-oczyszczamy-i-cykl-sie-zamyka\/#primaryimage"},"thumbnailUrl":"https:\/\/www.24gliwice.pl\/wiadomosci\/wp-content\/uploads\/2022\/06\/pzo_fot_mbuksa_dsf9612.jpg","keywords":["pzo","zielone gliwice"],"articleSection":["Gliwice","Najnowsze wiadomo\u015bci","Polecamy","Samorz\u0105d, polityka"],"inLanguage":"pl-PL"},{"@type":"WebPage","@id":"https:\/\/www.24gliwice.pl\/wiadomosci\/zielonegliwice-oczyszczamy-i-cykl-sie-zamyka\/","url":"https:\/\/www.24gliwice.pl\/wiadomosci\/zielonegliwice-oczyszczamy-i-cykl-sie-zamyka\/","name":"#zielonegliwice: Oczyszczamy! I cykl si\u0119 zamyka - 24GLIWICE - Portal Gliwice | codziennie nowe informacje","isPartOf":{"@id":"https:\/\/www.24gliwice.pl\/wiadomosci\/#website"},"primaryImageOfPage":{"@id":"https:\/\/www.24gliwice.pl\/wiadomosci\/zielonegliwice-oczyszczamy-i-cykl-sie-zamyka\/#primaryimage"},"image":{"@id":"https:\/\/www.24gliwice.pl\/wiadomosci\/zielonegliwice-oczyszczamy-i-cykl-sie-zamyka\/#primaryimage"},"thumbnailUrl":"https:\/\/www.24gliwice.pl\/wiadomosci\/wp-content\/uploads\/2022\/06\/pzo_fot_mbuksa_dsf9612.jpg","datePublished":"2022-06-20T16:16:51+00:00","dateModified":"2022-06-20T16:26:17+00:00","breadcrumb":{"@id":"https:\/\/www.24gliwice.pl\/wiadomosci\/zielonegliwice-oczyszczamy-i-cykl-sie-zamyka\/#breadcrumb"},"inLanguage":"pl-PL","potentialAction":[{"@type":"ReadAction","target":["https:\/\/www.24gliwice.pl\/wiadomosci\/zielonegliwice-oczyszczamy-i-cykl-sie-zamyka\/"]}]},{"@type":"ImageObject","inLanguage":"pl-PL","@id":"https:\/\/www.24gliwice.pl\/wiadomosci\/zielonegliwice-oczyszczamy-i-cykl-sie-zamyka\/#primaryimage","url":"https:\/\/www.24gliwice.pl\/wiadomosci\/wp-content\/uploads\/2022\/06\/pzo_fot_mbuksa_dsf9612.jpg","contentUrl":"https:\/\/www.24gliwice.pl\/wiadomosci\/wp-content\/uploads\/2022\/06\/pzo_fot_mbuksa_dsf9612.jpg","width":1140,"height":660,"caption":"Oczyszczalnia odciek\u00f3w sk\u0142adowiskowych w PZO kryje nowoczesn\u0105 instalacj\u0119 wykorzystuj\u0105c\u0105 technologie membranowe. Fot. M. Buksa\/UM w Gliwicach"},{"@type":"BreadcrumbList","@id":"https:\/\/www.24gliwice.pl\/wiadomosci\/zielonegliwice-oczyszczamy-i-cykl-sie-zamyka\/#breadcrumb","itemListElement":[{"@type":"ListItem","position":1,"name":"Strona g\u0142\u00f3wna","item":"https:\/\/www.24gliwice.pl\/wiadomosci\/"},{"@type":"ListItem","position":2,"name":"#zielonegliwice: Oczyszczamy! I cykl si\u0119 zamyka"}]},{"@type":"WebSite","@id":"https:\/\/www.24gliwice.pl\/wiadomosci\/#website","url":"https:\/\/www.24gliwice.pl\/wiadomosci\/","name":"24GLIWICE - Portal Gliwice | codziennie nowe wiadomo\u015bci","description":"Portal Miejski Gliwice","publisher":{"@id":"https:\/\/www.24gliwice.pl\/wiadomosci\/#organization"},"potentialAction":[{"@type":"SearchAction","target":{"@type":"EntryPoint","urlTemplate":"https:\/\/www.24gliwice.pl\/wiadomosci\/?s={search_term_string}"},"query-input":{"@type":"PropertyValueSpecification","valueRequired":true,"valueName":"search_term_string"}}],"inLanguage":"pl-PL"},{"@type":"Organization","@id":"https:\/\/www.24gliwice.pl\/wiadomosci\/#organization","name":"24gliwice","url":"https:\/\/www.24gliwice.pl\/wiadomosci\/","logo":{"@type":"ImageObject","inLanguage":"pl-PL","@id":"https:\/\/www.24gliwice.pl\/wiadomosci\/#\/schema\/logo\/image\/","url":"https:\/\/www.24gliwice.pl\/wiadomosci\/wp-content\/uploads\/2024\/10\/24gliwice-logo-696.jpg","contentUrl":"https:\/\/www.24gliwice.pl\/wiadomosci\/wp-content\/uploads\/2024\/10\/24gliwice-logo-696.jpg","width":696,"height":696,"caption":"24gliwice"},"image":{"@id":"https:\/\/www.24gliwice.pl\/wiadomosci\/#\/schema\/logo\/image\/"},"sameAs":["https:\/\/www.facebook.com\/24gliwice","https:\/\/x.com\/24gliwice","https:\/\/www.youtube.com\/@24gliwice"]},{"@type":"Person","@id":"https:\/\/www.24gliwice.pl\/wiadomosci\/#\/schema\/person\/cb5857e4a4d048c15984c1edcc8ef0c0","name":"Marcin Fabrykowski","image":{"@type":"ImageObject","inLanguage":"pl-PL","@id":"https:\/\/www.24gliwice.pl\/wiadomosci\/wp-content\/uploads\/2025\/11\/zdjecie-moje-marcin-300-96x96.jpg","url":"https:\/\/www.24gliwice.pl\/wiadomosci\/wp-content\/uploads\/2025\/11\/zdjecie-moje-marcin-300-96x96.jpg","contentUrl":"https:\/\/www.24gliwice.pl\/wiadomosci\/wp-content\/uploads\/2025\/11\/zdjecie-moje-marcin-300-96x96.jpg","caption":"Marcin Fabrykowski"},"sameAs":["http:\/\/24gliwice.pl","https:\/\/www.facebook.com\/marcin.fabrykowski"],"url":"https:\/\/www.24gliwice.pl\/wiadomosci\/author\/marcin-fabrykowski\/"}]}},"_links":{"self":[{"href":"https:\/\/www.24gliwice.pl\/wiadomosci\/wp-json\/wp\/v2\/posts\/194902","targetHints":{"allow":["GET"]}}],"collection":[{"href":"https:\/\/www.24gliwice.pl\/wiadomosci\/wp-json\/wp\/v2\/posts"}],"about":[{"href":"https:\/\/www.24gliwice.pl\/wiadomosci\/wp-json\/wp\/v2\/types\/post"}],"author":[{"embeddable":true,"href":"https:\/\/www.24gliwice.pl\/wiadomosci\/wp-json\/wp\/v2\/users\/4"}],"replies":[{"embeddable":true,"href":"https:\/\/www.24gliwice.pl\/wiadomosci\/wp-json\/wp\/v2\/comments?post=194902"}],"version-history":[{"count":0,"href":"https:\/\/www.24gliwice.pl\/wiadomosci\/wp-json\/wp\/v2\/posts\/194902\/revisions"}],"wp:featuredmedia":[{"embeddable":true,"href":"https:\/\/www.24gliwice.pl\/wiadomosci\/wp-json\/wp\/v2\/media\/194908"}],"wp:attachment":[{"href":"https:\/\/www.24gliwice.pl\/wiadomosci\/wp-json\/wp\/v2\/media?parent=194902"}],"wp:term":[{"taxonomy":"category","embeddable":true,"href":"https:\/\/www.24gliwice.pl\/wiadomosci\/wp-json\/wp\/v2\/categories?post=194902"},{"taxonomy":"post_tag","embeddable":true,"href":"https:\/\/www.24gliwice.pl\/wiadomosci\/wp-json\/wp\/v2\/tags?post=194902"}],"curies":[{"name":"wp","href":"https:\/\/api.w.org\/{rel}","templated":true}]}}