{"id":194983,"date":"2022-06-22T13:55:37","date_gmt":"2022-06-22T11:55:37","guid":{"rendered":"https:\/\/www.24gliwice.pl\/wiadomosci\/?p=194983"},"modified":"2022-06-22T13:55:37","modified_gmt":"2022-06-22T11:55:37","slug":"potezna-wierzba-zlamala-sie-na-trynku-sciagnieto-specjalistyczna-grupe-ratownikow-z-dabrowy-gorn","status":"publish","type":"post","link":"https:\/\/www.24gliwice.pl\/wiadomosci\/potezna-wierzba-zlamala-sie-na-trynku-sciagnieto-specjalistyczna-grupe-ratownikow-z-dabrowy-gorn\/","title":{"rendered":"Pot\u0119\u017cna wierzba z\u0142ama\u0142a si\u0119 na Trynku. \u015aci\u0105gni\u0119to specjalistyczn\u0105 grup\u0119 ratownik\u00f3w z D\u0105browy G\u00f3rn."},"content":{"rendered":"<div class=\"gliwi-a6-nad-leadem-artykulow gliwi-entity-placement\" id=\"gliwi-3346693468\"><div class=\"gliwi-adlabel\"><span style=\"font-size: 9px\">REKLAMA<\/span><\/div><div id=\"gliwi-3119121400\" style=\"margin-bottom: 30px;margin-left: auto;margin-right: auto;text-align: center;\"><a data-no-instant=\"1\" href=\"https:\/\/przedszkole.halogen.org.pl\/\" rel=\"noopener\" class=\"a2t-link\" target=\"_blank\" aria-label=\"20260402-ANIMATOR-przedszkole_grafika_750x200\"><img loading=\"lazy\" decoding=\"async\" src=\"https:\/\/www.24gliwice.pl\/wiadomosci\/wp-content\/uploads\/2026\/04\/20260402-ANIMATOR-przedszkole_grafika_750x200.webp\" alt=\"\"  srcset=\"https:\/\/www.24gliwice.pl\/wiadomosci\/wp-content\/uploads\/2026\/04\/20260402-ANIMATOR-przedszkole_grafika_750x200.webp 750w, https:\/\/www.24gliwice.pl\/wiadomosci\/wp-content\/uploads\/2026\/04\/20260402-ANIMATOR-przedszkole_grafika_750x200-410x109.webp 410w\" sizes=\"(max-width: 750px) 100vw, 750px\" class=\"no-lazyload\" width=\"750\" height=\"200\"  style=\"display: inline-block; max-width: 100%; height: auto;\" \/><\/a><\/div><\/div><h2>Stra\u017cacy z gliwickiej jednostki PSP musieli zmierzy\u0107 si\u0119 ze sporym wyzwaniem, jaki stanowi\u0142a z\u0142amana wierzba rosn\u0105ca w rejonie ulicy Kunickiego. Ostatecznie wezwano do pomocy Specjalistyczn\u0105 Grup\u0119 Ratownictwa z D\u0105browy G\u00f3rniczej.<\/h2>\n<p>&nbsp;<br \/>\nMiejscowe zagro\u017cenie na Trynku usuni\u0119te zosta\u0142o we wtorek wieczorem.<\/p>\n<div id=\"attachment_194993\" style=\"width: 820px\" class=\"wp-caption alignnone\"><a href=\"https:\/\/www.24gliwice.pl\/wiadomosci\/wp-content\/uploads\/2022\/06\/zlamana-wierzba.jpg\"><img loading=\"lazy\" decoding=\"async\" aria-describedby=\"caption-attachment-194993\" src=\"https:\/\/www.24gliwice.pl\/wiadomosci\/wp-content\/uploads\/2022\/06\/zlamana-wierzba.jpg\" alt=\"\" width=\"810\" height=\"608\" class=\"size-full wp-image-194993\" srcset=\"https:\/\/www.24gliwice.pl\/wiadomosci\/wp-content\/uploads\/2022\/06\/zlamana-wierzba.jpg 810w, https:\/\/www.24gliwice.pl\/wiadomosci\/wp-content\/uploads\/2022\/06\/zlamana-wierzba-309x232.jpg 309w, https:\/\/www.24gliwice.pl\/wiadomosci\/wp-content\/uploads\/2022\/06\/zlamana-wierzba-606x455.jpg 606w, https:\/\/www.24gliwice.pl\/wiadomosci\/wp-content\/uploads\/2022\/06\/zlamana-wierzba-768x576.jpg 768w\" sizes=\"auto, (max-width: 810px) 100vw, 810px\" \/><\/a><p id=\"caption-attachment-194993\" class=\"wp-caption-text\">`<\/p><\/div>\n<p>&#8211; <em>Po przybyciu pierwszego zast\u0119pu na miejsce zdarzenia i ocenie sytuacji dow\u00f3dca stwierdzi\u0142, \u017ce dosz\u0142o do z\u0142amania wierzby, kt\u00f3ra opar\u0142a si\u0119 o dwa s\u0105siednie drzewa i stwarza\u0142a zagro\u017cenie upadku na pobliskie gara\u017ce<\/em> &#8211; relacjonuje KM PSP Gliwice w mediach spo\u0142eczno\u015bciowych. <\/p><div class=\"gliwi-a3-w-tresci-artykulow gliwi-entity-placement\" id=\"gliwi-501184847\"><div class=\"gliwi-adlabel\"><span style=\"font-size: 9px\">REKLAMA<\/span><\/div><div id=\"gliwi-1117095022\" style=\"margin-bottom: 30px;margin-left: auto;margin-right: auto;text-align: center;\"><a data-no-instant=\"1\" href=\"https:\/\/ogrodyandersa.pl\/\" rel=\"noopener\" class=\"a2t-link\" target=\"_blank\" aria-label=\"20260415 Ogrody Andersa KUP TERAZ D\"><img loading=\"lazy\" decoding=\"async\" src=\"https:\/\/www.24gliwice.pl\/wiadomosci\/wp-content\/uploads\/2026\/04\/20260415-Ogrody-Andersa-KUP-TERAZ-D.jpg\" alt=\"\"  srcset=\"https:\/\/www.24gliwice.pl\/wiadomosci\/wp-content\/uploads\/2026\/04\/20260415-Ogrody-Andersa-KUP-TERAZ-D.jpg 750w, https:\/\/www.24gliwice.pl\/wiadomosci\/wp-content\/uploads\/2026\/04\/20260415-Ogrody-Andersa-KUP-TERAZ-D-410x109.jpg 410w\" sizes=\"(max-width: 750px) 100vw, 750px\" class=\"no-lazyload\" width=\"750\" height=\"200\"  style=\"display: inline-block; max-width: 100%; height: auto;\" \/><\/a><\/div><\/div>\n<p><a href=\"https:\/\/www.24gliwice.pl\/wiadomosci\/wp-content\/uploads\/2022\/06\/zlamana-wierzba-7.jpg\"><img loading=\"lazy\" decoding=\"async\" src=\"https:\/\/www.24gliwice.pl\/wiadomosci\/wp-content\/uploads\/2022\/06\/zlamana-wierzba-7.jpg\" alt=\"\" width=\"810\" height=\"608\" class=\"alignnone size-full wp-image-194992\" srcset=\"https:\/\/www.24gliwice.pl\/wiadomosci\/wp-content\/uploads\/2022\/06\/zlamana-wierzba-7.jpg 810w, https:\/\/www.24gliwice.pl\/wiadomosci\/wp-content\/uploads\/2022\/06\/zlamana-wierzba-7-309x232.jpg 309w, https:\/\/www.24gliwice.pl\/wiadomosci\/wp-content\/uploads\/2022\/06\/zlamana-wierzba-7-606x455.jpg 606w, https:\/\/www.24gliwice.pl\/wiadomosci\/wp-content\/uploads\/2022\/06\/zlamana-wierzba-7-768x576.jpg 768w\" sizes=\"auto, (max-width: 810px) 100vw, 810px\" \/><\/a><\/p>\n<p><a href=\"https:\/\/www.24gliwice.pl\/wiadomosci\/wp-content\/uploads\/2022\/06\/zlamana-wierzba-4.jpg\"><img loading=\"lazy\" decoding=\"async\" src=\"https:\/\/www.24gliwice.pl\/wiadomosci\/wp-content\/uploads\/2022\/06\/zlamana-wierzba-4.jpg\" alt=\"\" width=\"810\" height=\"365\" class=\"alignnone size-full wp-image-194989\" srcset=\"https:\/\/www.24gliwice.pl\/wiadomosci\/wp-content\/uploads\/2022\/06\/zlamana-wierzba-4.jpg 810w, https:\/\/www.24gliwice.pl\/wiadomosci\/wp-content\/uploads\/2022\/06\/zlamana-wierzba-4-410x185.jpg 410w, https:\/\/www.24gliwice.pl\/wiadomosci\/wp-content\/uploads\/2022\/06\/zlamana-wierzba-4-768x346.jpg 768w\" sizes=\"auto, (max-width: 810px) 100vw, 810px\" \/><\/a><\/p>\n<p>&#8211; <em>W celu usuni\u0119cia drzewa i zabezpieczenia przed upadkiem na gara\u017ce na miejsce zosta\u0142a zadysponowana Specjalistyczna Grupa Ratownictwa Technicznego z Komenda Miejska Pa\u0144stwowej Stra\u017cy Po\u017carnej w D\u0105browie G\u00f3rniczej. Przy pomocy ci\u0119\u017ckiego sprz\u0119tu stra\u017cacy usun\u0119li drzewo na pobocze<\/em> &#8211; dodaje komenda stra\u017cy po\u017carnej. <\/p>\n<p>(\u017cms)\/PSP Gliwice<br \/>\nfot. KM PSP Gliwice<\/p>\n<p><a href=\"https:\/\/www.24gliwice.pl\/wiadomosci\/wp-content\/uploads\/2022\/06\/zlamana-wierzba-6.jpg\"><img loading=\"lazy\" decoding=\"async\" src=\"https:\/\/www.24gliwice.pl\/wiadomosci\/wp-content\/uploads\/2022\/06\/zlamana-wierzba-6.jpg\" alt=\"\" width=\"810\" height=\"608\" class=\"alignnone size-full wp-image-194991\" srcset=\"https:\/\/www.24gliwice.pl\/wiadomosci\/wp-content\/uploads\/2022\/06\/zlamana-wierzba-6.jpg 810w, https:\/\/www.24gliwice.pl\/wiadomosci\/wp-content\/uploads\/2022\/06\/zlamana-wierzba-6-309x232.jpg 309w, https:\/\/www.24gliwice.pl\/wiadomosci\/wp-content\/uploads\/2022\/06\/zlamana-wierzba-6-606x455.jpg 606w, https:\/\/www.24gliwice.pl\/wiadomosci\/wp-content\/uploads\/2022\/06\/zlamana-wierzba-6-768x576.jpg 768w\" sizes=\"auto, (max-width: 810px) 100vw, 810px\" \/><\/a><\/p>\n<p><a href=\"https:\/\/www.24gliwice.pl\/wiadomosci\/wp-content\/uploads\/2022\/06\/zlamana-wierzba-5.jpg\"><img loading=\"lazy\" decoding=\"async\" src=\"https:\/\/www.24gliwice.pl\/wiadomosci\/wp-content\/uploads\/2022\/06\/zlamana-wierzba-5.jpg\" alt=\"\" width=\"810\" height=\"810\" class=\"alignnone size-full wp-image-194990\" srcset=\"https:\/\/www.24gliwice.pl\/wiadomosci\/wp-content\/uploads\/2022\/06\/zlamana-wierzba-5.jpg 810w, https:\/\/www.24gliwice.pl\/wiadomosci\/wp-content\/uploads\/2022\/06\/zlamana-wierzba-5-232x232.jpg 232w, https:\/\/www.24gliwice.pl\/wiadomosci\/wp-content\/uploads\/2022\/06\/zlamana-wierzba-5-455x455.jpg 455w, https:\/\/www.24gliwice.pl\/wiadomosci\/wp-content\/uploads\/2022\/06\/zlamana-wierzba-5-90x90.jpg 90w, https:\/\/www.24gliwice.pl\/wiadomosci\/wp-content\/uploads\/2022\/06\/zlamana-wierzba-5-768x768.jpg 768w\" sizes=\"auto, (max-width: 810px) 100vw, 810px\" \/><\/a><\/p>\n<p><a href=\"https:\/\/www.24gliwice.pl\/wiadomosci\/wp-content\/uploads\/2022\/06\/zlamana-wierzba-2.jpg\"><img loading=\"lazy\" decoding=\"async\" src=\"https:\/\/www.24gliwice.pl\/wiadomosci\/wp-content\/uploads\/2022\/06\/zlamana-wierzba-2.jpg\" alt=\"\" width=\"810\" height=\"810\" class=\"alignnone size-full wp-image-194987\" srcset=\"https:\/\/www.24gliwice.pl\/wiadomosci\/wp-content\/uploads\/2022\/06\/zlamana-wierzba-2.jpg 810w, https:\/\/www.24gliwice.pl\/wiadomosci\/wp-content\/uploads\/2022\/06\/zlamana-wierzba-2-232x232.jpg 232w, https:\/\/www.24gliwice.pl\/wiadomosci\/wp-content\/uploads\/2022\/06\/zlamana-wierzba-2-455x455.jpg 455w, https:\/\/www.24gliwice.pl\/wiadomosci\/wp-content\/uploads\/2022\/06\/zlamana-wierzba-2-90x90.jpg 90w, https:\/\/www.24gliwice.pl\/wiadomosci\/wp-content\/uploads\/2022\/06\/zlamana-wierzba-2-768x768.jpg 768w\" sizes=\"auto, (max-width: 810px) 100vw, 810px\" \/><\/a><\/p>\n<div class=\"gliwi-a5-na-koncu-artykulow gliwi-entity-placement\" id=\"gliwi-3526450393\"><div class=\"gliwi-adlabel\"><span style=\"font-size: 9px\">REKLAMA<\/span><\/div><div id=\"gliwi-2747081714\" style=\"margin-left: auto;margin-right: auto;text-align: center;\"><a data-no-instant=\"1\" href=\"https:\/\/prezeroarenagliwice.pl\/\" rel=\"noopener\" class=\"a2t-link\" target=\"_blank\" aria-label=\"20260309-PREZERO-WIOSNA-D\"><img loading=\"lazy\" decoding=\"async\" src=\"https:\/\/www.24gliwice.pl\/wiadomosci\/wp-content\/uploads\/2026\/03\/20260309-PREZERO-WIOSNA-D.webp\" alt=\"\"  srcset=\"https:\/\/www.24gliwice.pl\/wiadomosci\/wp-content\/uploads\/2026\/03\/20260309-PREZERO-WIOSNA-D.webp 750w, https:\/\/www.24gliwice.pl\/wiadomosci\/wp-content\/uploads\/2026\/03\/20260309-PREZERO-WIOSNA-D-410x109.webp 410w\" sizes=\"(max-width: 750px) 100vw, 750px\" class=\"no-lazyload\" width=\"750\" height=\"200\"  style=\"display: inline-block; max-width: 100%; height: auto;\" \/><\/a><\/div><\/div>","protected":false},"excerpt":{"rendered":"<p>Stra\u017cacy z gliwickiej jednostki PSP musieli zmierzy\u0107 si\u0119 ze sporym wyzwaniem, jaki stanowi\u0142a z\u0142amana wierzba rosn\u0105ca w rejonie ulicy Kunickiego. Ostatecznie wezwano do pomocy Specjalistyczn\u0105 Grup\u0119 Ratownictwa z D\u0105browy G\u00f3rniczej. &nbsp; Miejscowe zagro\u017cenie na Trynku usuni\u0119te zosta\u0142o we wtorek wieczorem. &#8211; Po przybyciu pierwszego zast\u0119pu na miejsce zdarzenia i ocenie sytuacji dow\u00f3dca stwierdzi\u0142, \u017ce dosz\u0142o [&hellip;]<\/p>\n","protected":false},"author":15,"featured_media":194988,"comment_status":"open","ping_status":"closed","sticky":false,"template":"","format":"standard","meta":{"_monsterinsights_skip_tracking":false,"_monsterinsights_sitenote_active":false,"_monsterinsights_sitenote_note":"","_monsterinsights_sitenote_category":0,"footnotes":"","_links_to":"","_links_to_target":""},"categories":[3,1,5],"tags":[],"class_list":["post-194983","post","type-post","status-publish","format-standard","has-post-thumbnail","hentry","category-gliwice","category-wszystko","category-kryminalki"],"yoast_head":"<!-- This site is optimized with the Yoast SEO plugin v27.4 - https:\/\/yoast.com\/product\/yoast-seo-wordpress\/ -->\n<title>Pot\u0119\u017cna wierzba z\u0142ama\u0142a si\u0119 na Trynku. \u015aci\u0105gni\u0119to specjalistyczn\u0105 grup\u0119 ratownik\u00f3w z D\u0105browy G\u00f3rn. - 24GLIWICE - Portal Gliwice | codziennie nowe informacje<\/title>\n<meta name=\"description\" content=\"Pot\u0119\u017cna wierzba rosn\u0105ca na Trynku uleg\u0142a z\u0142amaniu. Do usuni\u0119cia konaru, kt\u00f3ry zagra\u017ca\u0142 pobliskim gara\u017com, \u015bci\u0105gni\u0119to specjalistyczn\u0105 grup\u0119\" \/>\n<meta name=\"robots\" content=\"index, follow, max-snippet:-1, max-image-preview:large, max-video-preview:-1\" \/>\n<link rel=\"canonical\" href=\"https:\/\/www.24gliwice.pl\/wiadomosci\/potezna-wierzba-zlamala-sie-na-trynku-sciagnieto-specjalistyczna-grupe-ratownikow-z-dabrowy-gorn\/\" \/>\n<meta property=\"og:locale\" content=\"pl_PL\" \/>\n<meta property=\"og:type\" content=\"article\" \/>\n<meta property=\"og:title\" content=\"Pot\u0119\u017cna wierzba z\u0142ama\u0142a si\u0119 na Trynku. \u015aci\u0105gni\u0119to specjalistyczn\u0105 grup\u0119 ratownik\u00f3w z D\u0105browy G\u00f3rn. - 24GLIWICE - Portal Gliwice | codziennie nowe informacje\" \/>\n<meta property=\"og:description\" content=\"Pot\u0119\u017cna wierzba rosn\u0105ca na Trynku uleg\u0142a z\u0142amaniu. Do usuni\u0119cia konaru, kt\u00f3ry zagra\u017ca\u0142 pobliskim gara\u017com, \u015bci\u0105gni\u0119to specjalistyczn\u0105 grup\u0119\" \/>\n<meta property=\"og:url\" content=\"https:\/\/www.24gliwice.pl\/wiadomosci\/potezna-wierzba-zlamala-sie-na-trynku-sciagnieto-specjalistyczna-grupe-ratownikow-z-dabrowy-gorn\/\" \/>\n<meta property=\"og:site_name\" content=\"24GLIWICE - Portal Gliwice | codziennie nowe informacje\" \/>\n<meta property=\"article:publisher\" content=\"https:\/\/www.facebook.com\/24gliwice\" \/>\n<meta property=\"article:published_time\" content=\"2022-06-22T11:55:37+00:00\" \/>\n<meta property=\"og:image\" content=\"https:\/\/www.24gliwice.pl\/wiadomosci\/wp-content\/uploads\/2022\/06\/zlamana-wierzba-3.jpg\" \/>\n\t<meta property=\"og:image:width\" content=\"810\" \/>\n\t<meta property=\"og:image:height\" content=\"454\" \/>\n\t<meta property=\"og:image:type\" content=\"image\/jpeg\" \/>\n<meta name=\"author\" content=\"\u017baneta Mrozek-Siewierska\" \/>\n<meta name=\"twitter:card\" content=\"summary_large_image\" \/>\n<meta name=\"twitter:creator\" content=\"@24gliwice\" \/>\n<meta name=\"twitter:site\" content=\"@24gliwice\" \/>\n<meta name=\"twitter:label1\" content=\"Napisane przez\" \/>\n\t<meta name=\"twitter:data1\" content=\"\u017baneta Mrozek-Siewierska\" \/>\n\t<meta name=\"twitter:label2\" content=\"Szacowany czas czytania\" \/>\n\t<meta name=\"twitter:data2\" content=\"1 minuta\" \/>\n<script type=\"application\/ld+json\" class=\"yoast-schema-graph\">{\"@context\":\"https:\\\/\\\/schema.org\",\"@graph\":[{\"@type\":\"Article\",\"@id\":\"https:\\\/\\\/www.24gliwice.pl\\\/wiadomosci\\\/potezna-wierzba-zlamala-sie-na-trynku-sciagnieto-specjalistyczna-grupe-ratownikow-z-dabrowy-gorn\\\/#article\",\"isPartOf\":{\"@id\":\"https:\\\/\\\/www.24gliwice.pl\\\/wiadomosci\\\/potezna-wierzba-zlamala-sie-na-trynku-sciagnieto-specjalistyczna-grupe-ratownikow-z-dabrowy-gorn\\\/\"},\"author\":{\"name\":\"\u017baneta Mrozek-Siewierska\",\"@id\":\"https:\\\/\\\/www.24gliwice.pl\\\/wiadomosci\\\/#\\\/schema\\\/person\\\/e42c650edd7f2fa332be3811fb166b6e\"},\"headline\":\"Pot\u0119\u017cna wierzba z\u0142ama\u0142a si\u0119 na Trynku. \u015aci\u0105gni\u0119to specjalistyczn\u0105 grup\u0119 ratownik\u00f3w z D\u0105browy G\u00f3rn.\",\"datePublished\":\"2022-06-22T11:55:37+00:00\",\"mainEntityOfPage\":{\"@id\":\"https:\\\/\\\/www.24gliwice.pl\\\/wiadomosci\\\/potezna-wierzba-zlamala-sie-na-trynku-sciagnieto-specjalistyczna-grupe-ratownikow-z-dabrowy-gorn\\\/\"},\"wordCount\":192,\"commentCount\":0,\"publisher\":{\"@id\":\"https:\\\/\\\/www.24gliwice.pl\\\/wiadomosci\\\/#organization\"},\"image\":{\"@id\":\"https:\\\/\\\/www.24gliwice.pl\\\/wiadomosci\\\/potezna-wierzba-zlamala-sie-na-trynku-sciagnieto-specjalistyczna-grupe-ratownikow-z-dabrowy-gorn\\\/#primaryimage\"},\"thumbnailUrl\":\"https:\\\/\\\/www.24gliwice.pl\\\/wiadomosci\\\/wp-content\\\/uploads\\\/2022\\\/06\\\/zlamana-wierzba-3.jpg\",\"articleSection\":[\"Gliwice\",\"Najnowsze wiadomo\u015bci\",\"Prawo\"],\"inLanguage\":\"pl-PL\",\"potentialAction\":[{\"@type\":\"CommentAction\",\"name\":\"Comment\",\"target\":[\"https:\\\/\\\/www.24gliwice.pl\\\/wiadomosci\\\/potezna-wierzba-zlamala-sie-na-trynku-sciagnieto-specjalistyczna-grupe-ratownikow-z-dabrowy-gorn\\\/#respond\"]}]},{\"@type\":\"WebPage\",\"@id\":\"https:\\\/\\\/www.24gliwice.pl\\\/wiadomosci\\\/potezna-wierzba-zlamala-sie-na-trynku-sciagnieto-specjalistyczna-grupe-ratownikow-z-dabrowy-gorn\\\/\",\"url\":\"https:\\\/\\\/www.24gliwice.pl\\\/wiadomosci\\\/potezna-wierzba-zlamala-sie-na-trynku-sciagnieto-specjalistyczna-grupe-ratownikow-z-dabrowy-gorn\\\/\",\"name\":\"Pot\u0119\u017cna wierzba z\u0142ama\u0142a si\u0119 na Trynku. \u015aci\u0105gni\u0119to specjalistyczn\u0105 grup\u0119 ratownik\u00f3w z D\u0105browy G\u00f3rn. - 24GLIWICE - Portal Gliwice | codziennie nowe informacje\",\"isPartOf\":{\"@id\":\"https:\\\/\\\/www.24gliwice.pl\\\/wiadomosci\\\/#website\"},\"primaryImageOfPage\":{\"@id\":\"https:\\\/\\\/www.24gliwice.pl\\\/wiadomosci\\\/potezna-wierzba-zlamala-sie-na-trynku-sciagnieto-specjalistyczna-grupe-ratownikow-z-dabrowy-gorn\\\/#primaryimage\"},\"image\":{\"@id\":\"https:\\\/\\\/www.24gliwice.pl\\\/wiadomosci\\\/potezna-wierzba-zlamala-sie-na-trynku-sciagnieto-specjalistyczna-grupe-ratownikow-z-dabrowy-gorn\\\/#primaryimage\"},\"thumbnailUrl\":\"https:\\\/\\\/www.24gliwice.pl\\\/wiadomosci\\\/wp-content\\\/uploads\\\/2022\\\/06\\\/zlamana-wierzba-3.jpg\",\"datePublished\":\"2022-06-22T11:55:37+00:00\",\"description\":\"Pot\u0119\u017cna wierzba rosn\u0105ca na Trynku uleg\u0142a z\u0142amaniu. Do usuni\u0119cia konaru, kt\u00f3ry zagra\u017ca\u0142 pobliskim gara\u017com, \u015bci\u0105gni\u0119to specjalistyczn\u0105 grup\u0119\",\"breadcrumb\":{\"@id\":\"https:\\\/\\\/www.24gliwice.pl\\\/wiadomosci\\\/potezna-wierzba-zlamala-sie-na-trynku-sciagnieto-specjalistyczna-grupe-ratownikow-z-dabrowy-gorn\\\/#breadcrumb\"},\"inLanguage\":\"pl-PL\",\"potentialAction\":[{\"@type\":\"ReadAction\",\"target\":[\"https:\\\/\\\/www.24gliwice.pl\\\/wiadomosci\\\/potezna-wierzba-zlamala-sie-na-trynku-sciagnieto-specjalistyczna-grupe-ratownikow-z-dabrowy-gorn\\\/\"]}]},{\"@type\":\"ImageObject\",\"inLanguage\":\"pl-PL\",\"@id\":\"https:\\\/\\\/www.24gliwice.pl\\\/wiadomosci\\\/potezna-wierzba-zlamala-sie-na-trynku-sciagnieto-specjalistyczna-grupe-ratownikow-z-dabrowy-gorn\\\/#primaryimage\",\"url\":\"https:\\\/\\\/www.24gliwice.pl\\\/wiadomosci\\\/wp-content\\\/uploads\\\/2022\\\/06\\\/zlamana-wierzba-3.jpg\",\"contentUrl\":\"https:\\\/\\\/www.24gliwice.pl\\\/wiadomosci\\\/wp-content\\\/uploads\\\/2022\\\/06\\\/zlamana-wierzba-3.jpg\",\"width\":810,\"height\":454},{\"@type\":\"BreadcrumbList\",\"@id\":\"https:\\\/\\\/www.24gliwice.pl\\\/wiadomosci\\\/potezna-wierzba-zlamala-sie-na-trynku-sciagnieto-specjalistyczna-grupe-ratownikow-z-dabrowy-gorn\\\/#breadcrumb\",\"itemListElement\":[{\"@type\":\"ListItem\",\"position\":1,\"name\":\"Strona g\u0142\u00f3wna\",\"item\":\"https:\\\/\\\/www.24gliwice.pl\\\/wiadomosci\\\/\"},{\"@type\":\"ListItem\",\"position\":2,\"name\":\"Pot\u0119\u017cna wierzba z\u0142ama\u0142a si\u0119 na Trynku. \u015aci\u0105gni\u0119to specjalistyczn\u0105 grup\u0119 ratownik\u00f3w z D\u0105browy G\u00f3rn.\"}]},{\"@type\":\"WebSite\",\"@id\":\"https:\\\/\\\/www.24gliwice.pl\\\/wiadomosci\\\/#website\",\"url\":\"https:\\\/\\\/www.24gliwice.pl\\\/wiadomosci\\\/\",\"name\":\"24GLIWICE - Portal Gliwice | codziennie nowe wiadomo\u015bci\",\"description\":\"Portal Miejski Gliwice\",\"publisher\":{\"@id\":\"https:\\\/\\\/www.24gliwice.pl\\\/wiadomosci\\\/#organization\"},\"potentialAction\":[{\"@type\":\"SearchAction\",\"target\":{\"@type\":\"EntryPoint\",\"urlTemplate\":\"https:\\\/\\\/www.24gliwice.pl\\\/wiadomosci\\\/?s={search_term_string}\"},\"query-input\":{\"@type\":\"PropertyValueSpecification\",\"valueRequired\":true,\"valueName\":\"search_term_string\"}}],\"inLanguage\":\"pl-PL\"},{\"@type\":\"Organization\",\"@id\":\"https:\\\/\\\/www.24gliwice.pl\\\/wiadomosci\\\/#organization\",\"name\":\"24gliwice\",\"url\":\"https:\\\/\\\/www.24gliwice.pl\\\/wiadomosci\\\/\",\"logo\":{\"@type\":\"ImageObject\",\"inLanguage\":\"pl-PL\",\"@id\":\"https:\\\/\\\/www.24gliwice.pl\\\/wiadomosci\\\/#\\\/schema\\\/logo\\\/image\\\/\",\"url\":\"https:\\\/\\\/www.24gliwice.pl\\\/wiadomosci\\\/wp-content\\\/uploads\\\/2024\\\/10\\\/24gliwice-logo-696.jpg\",\"contentUrl\":\"https:\\\/\\\/www.24gliwice.pl\\\/wiadomosci\\\/wp-content\\\/uploads\\\/2024\\\/10\\\/24gliwice-logo-696.jpg\",\"width\":696,\"height\":696,\"caption\":\"24gliwice\"},\"image\":{\"@id\":\"https:\\\/\\\/www.24gliwice.pl\\\/wiadomosci\\\/#\\\/schema\\\/logo\\\/image\\\/\"},\"sameAs\":[\"https:\\\/\\\/www.facebook.com\\\/24gliwice\",\"https:\\\/\\\/x.com\\\/24gliwice\",\"https:\\\/\\\/www.youtube.com\\\/@24gliwice\"]},{\"@type\":\"Person\",\"@id\":\"https:\\\/\\\/www.24gliwice.pl\\\/wiadomosci\\\/#\\\/schema\\\/person\\\/e42c650edd7f2fa332be3811fb166b6e\",\"name\":\"\u017baneta Mrozek-Siewierska\",\"image\":{\"@type\":\"ImageObject\",\"inLanguage\":\"pl-PL\",\"@id\":\"https:\\\/\\\/www.24gliwice.pl\\\/wiadomosci\\\/wp-content\\\/uploads\\\/2021\\\/11\\\/Zaneta-M_S-zdjecie-czb-96x96.jpg\",\"url\":\"https:\\\/\\\/www.24gliwice.pl\\\/wiadomosci\\\/wp-content\\\/uploads\\\/2021\\\/11\\\/Zaneta-M_S-zdjecie-czb-96x96.jpg\",\"contentUrl\":\"https:\\\/\\\/www.24gliwice.pl\\\/wiadomosci\\\/wp-content\\\/uploads\\\/2021\\\/11\\\/Zaneta-M_S-zdjecie-czb-96x96.jpg\",\"caption\":\"\u017baneta Mrozek-Siewierska\"},\"url\":\"https:\\\/\\\/www.24gliwice.pl\\\/wiadomosci\\\/author\\\/zms\\\/\"}]}<\/script>\n<!-- \/ Yoast SEO plugin. -->","yoast_head_json":{"title":"Pot\u0119\u017cna wierzba z\u0142ama\u0142a si\u0119 na Trynku. \u015aci\u0105gni\u0119to specjalistyczn\u0105 grup\u0119 ratownik\u00f3w z D\u0105browy G\u00f3rn. - 24GLIWICE - Portal Gliwice | codziennie nowe informacje","description":"Pot\u0119\u017cna wierzba rosn\u0105ca na Trynku uleg\u0142a z\u0142amaniu. Do usuni\u0119cia konaru, kt\u00f3ry zagra\u017ca\u0142 pobliskim gara\u017com, \u015bci\u0105gni\u0119to specjalistyczn\u0105 grup\u0119","robots":{"index":"index","follow":"follow","max-snippet":"max-snippet:-1","max-image-preview":"max-image-preview:large","max-video-preview":"max-video-preview:-1"},"canonical":"https:\/\/www.24gliwice.pl\/wiadomosci\/potezna-wierzba-zlamala-sie-na-trynku-sciagnieto-specjalistyczna-grupe-ratownikow-z-dabrowy-gorn\/","og_locale":"pl_PL","og_type":"article","og_title":"Pot\u0119\u017cna wierzba z\u0142ama\u0142a si\u0119 na Trynku. \u015aci\u0105gni\u0119to specjalistyczn\u0105 grup\u0119 ratownik\u00f3w z D\u0105browy G\u00f3rn. - 24GLIWICE - Portal Gliwice | codziennie nowe informacje","og_description":"Pot\u0119\u017cna wierzba rosn\u0105ca na Trynku uleg\u0142a z\u0142amaniu. Do usuni\u0119cia konaru, kt\u00f3ry zagra\u017ca\u0142 pobliskim gara\u017com, \u015bci\u0105gni\u0119to specjalistyczn\u0105 grup\u0119","og_url":"https:\/\/www.24gliwice.pl\/wiadomosci\/potezna-wierzba-zlamala-sie-na-trynku-sciagnieto-specjalistyczna-grupe-ratownikow-z-dabrowy-gorn\/","og_site_name":"24GLIWICE - Portal Gliwice | codziennie nowe informacje","article_publisher":"https:\/\/www.facebook.com\/24gliwice","article_published_time":"2022-06-22T11:55:37+00:00","og_image":[{"width":810,"height":454,"url":"https:\/\/www.24gliwice.pl\/wiadomosci\/wp-content\/uploads\/2022\/06\/zlamana-wierzba-3.jpg","type":"image\/jpeg"}],"author":"\u017baneta Mrozek-Siewierska","twitter_card":"summary_large_image","twitter_creator":"@24gliwice","twitter_site":"@24gliwice","twitter_misc":{"Napisane przez":"\u017baneta Mrozek-Siewierska","Szacowany czas czytania":"1 minuta"},"schema":{"@context":"https:\/\/schema.org","@graph":[{"@type":"Article","@id":"https:\/\/www.24gliwice.pl\/wiadomosci\/potezna-wierzba-zlamala-sie-na-trynku-sciagnieto-specjalistyczna-grupe-ratownikow-z-dabrowy-gorn\/#article","isPartOf":{"@id":"https:\/\/www.24gliwice.pl\/wiadomosci\/potezna-wierzba-zlamala-sie-na-trynku-sciagnieto-specjalistyczna-grupe-ratownikow-z-dabrowy-gorn\/"},"author":{"name":"\u017baneta Mrozek-Siewierska","@id":"https:\/\/www.24gliwice.pl\/wiadomosci\/#\/schema\/person\/e42c650edd7f2fa332be3811fb166b6e"},"headline":"Pot\u0119\u017cna wierzba z\u0142ama\u0142a si\u0119 na Trynku. \u015aci\u0105gni\u0119to specjalistyczn\u0105 grup\u0119 ratownik\u00f3w z D\u0105browy G\u00f3rn.","datePublished":"2022-06-22T11:55:37+00:00","mainEntityOfPage":{"@id":"https:\/\/www.24gliwice.pl\/wiadomosci\/potezna-wierzba-zlamala-sie-na-trynku-sciagnieto-specjalistyczna-grupe-ratownikow-z-dabrowy-gorn\/"},"wordCount":192,"commentCount":0,"publisher":{"@id":"https:\/\/www.24gliwice.pl\/wiadomosci\/#organization"},"image":{"@id":"https:\/\/www.24gliwice.pl\/wiadomosci\/potezna-wierzba-zlamala-sie-na-trynku-sciagnieto-specjalistyczna-grupe-ratownikow-z-dabrowy-gorn\/#primaryimage"},"thumbnailUrl":"https:\/\/www.24gliwice.pl\/wiadomosci\/wp-content\/uploads\/2022\/06\/zlamana-wierzba-3.jpg","articleSection":["Gliwice","Najnowsze wiadomo\u015bci","Prawo"],"inLanguage":"pl-PL","potentialAction":[{"@type":"CommentAction","name":"Comment","target":["https:\/\/www.24gliwice.pl\/wiadomosci\/potezna-wierzba-zlamala-sie-na-trynku-sciagnieto-specjalistyczna-grupe-ratownikow-z-dabrowy-gorn\/#respond"]}]},{"@type":"WebPage","@id":"https:\/\/www.24gliwice.pl\/wiadomosci\/potezna-wierzba-zlamala-sie-na-trynku-sciagnieto-specjalistyczna-grupe-ratownikow-z-dabrowy-gorn\/","url":"https:\/\/www.24gliwice.pl\/wiadomosci\/potezna-wierzba-zlamala-sie-na-trynku-sciagnieto-specjalistyczna-grupe-ratownikow-z-dabrowy-gorn\/","name":"Pot\u0119\u017cna wierzba z\u0142ama\u0142a si\u0119 na Trynku. \u015aci\u0105gni\u0119to specjalistyczn\u0105 grup\u0119 ratownik\u00f3w z D\u0105browy G\u00f3rn. - 24GLIWICE - Portal Gliwice | codziennie nowe informacje","isPartOf":{"@id":"https:\/\/www.24gliwice.pl\/wiadomosci\/#website"},"primaryImageOfPage":{"@id":"https:\/\/www.24gliwice.pl\/wiadomosci\/potezna-wierzba-zlamala-sie-na-trynku-sciagnieto-specjalistyczna-grupe-ratownikow-z-dabrowy-gorn\/#primaryimage"},"image":{"@id":"https:\/\/www.24gliwice.pl\/wiadomosci\/potezna-wierzba-zlamala-sie-na-trynku-sciagnieto-specjalistyczna-grupe-ratownikow-z-dabrowy-gorn\/#primaryimage"},"thumbnailUrl":"https:\/\/www.24gliwice.pl\/wiadomosci\/wp-content\/uploads\/2022\/06\/zlamana-wierzba-3.jpg","datePublished":"2022-06-22T11:55:37+00:00","description":"Pot\u0119\u017cna wierzba rosn\u0105ca na Trynku uleg\u0142a z\u0142amaniu. Do usuni\u0119cia konaru, kt\u00f3ry zagra\u017ca\u0142 pobliskim gara\u017com, \u015bci\u0105gni\u0119to specjalistyczn\u0105 grup\u0119","breadcrumb":{"@id":"https:\/\/www.24gliwice.pl\/wiadomosci\/potezna-wierzba-zlamala-sie-na-trynku-sciagnieto-specjalistyczna-grupe-ratownikow-z-dabrowy-gorn\/#breadcrumb"},"inLanguage":"pl-PL","potentialAction":[{"@type":"ReadAction","target":["https:\/\/www.24gliwice.pl\/wiadomosci\/potezna-wierzba-zlamala-sie-na-trynku-sciagnieto-specjalistyczna-grupe-ratownikow-z-dabrowy-gorn\/"]}]},{"@type":"ImageObject","inLanguage":"pl-PL","@id":"https:\/\/www.24gliwice.pl\/wiadomosci\/potezna-wierzba-zlamala-sie-na-trynku-sciagnieto-specjalistyczna-grupe-ratownikow-z-dabrowy-gorn\/#primaryimage","url":"https:\/\/www.24gliwice.pl\/wiadomosci\/wp-content\/uploads\/2022\/06\/zlamana-wierzba-3.jpg","contentUrl":"https:\/\/www.24gliwice.pl\/wiadomosci\/wp-content\/uploads\/2022\/06\/zlamana-wierzba-3.jpg","width":810,"height":454},{"@type":"BreadcrumbList","@id":"https:\/\/www.24gliwice.pl\/wiadomosci\/potezna-wierzba-zlamala-sie-na-trynku-sciagnieto-specjalistyczna-grupe-ratownikow-z-dabrowy-gorn\/#breadcrumb","itemListElement":[{"@type":"ListItem","position":1,"name":"Strona g\u0142\u00f3wna","item":"https:\/\/www.24gliwice.pl\/wiadomosci\/"},{"@type":"ListItem","position":2,"name":"Pot\u0119\u017cna wierzba z\u0142ama\u0142a si\u0119 na Trynku. \u015aci\u0105gni\u0119to specjalistyczn\u0105 grup\u0119 ratownik\u00f3w z D\u0105browy G\u00f3rn."}]},{"@type":"WebSite","@id":"https:\/\/www.24gliwice.pl\/wiadomosci\/#website","url":"https:\/\/www.24gliwice.pl\/wiadomosci\/","name":"24GLIWICE - Portal Gliwice | codziennie nowe wiadomo\u015bci","description":"Portal Miejski Gliwice","publisher":{"@id":"https:\/\/www.24gliwice.pl\/wiadomosci\/#organization"},"potentialAction":[{"@type":"SearchAction","target":{"@type":"EntryPoint","urlTemplate":"https:\/\/www.24gliwice.pl\/wiadomosci\/?s={search_term_string}"},"query-input":{"@type":"PropertyValueSpecification","valueRequired":true,"valueName":"search_term_string"}}],"inLanguage":"pl-PL"},{"@type":"Organization","@id":"https:\/\/www.24gliwice.pl\/wiadomosci\/#organization","name":"24gliwice","url":"https:\/\/www.24gliwice.pl\/wiadomosci\/","logo":{"@type":"ImageObject","inLanguage":"pl-PL","@id":"https:\/\/www.24gliwice.pl\/wiadomosci\/#\/schema\/logo\/image\/","url":"https:\/\/www.24gliwice.pl\/wiadomosci\/wp-content\/uploads\/2024\/10\/24gliwice-logo-696.jpg","contentUrl":"https:\/\/www.24gliwice.pl\/wiadomosci\/wp-content\/uploads\/2024\/10\/24gliwice-logo-696.jpg","width":696,"height":696,"caption":"24gliwice"},"image":{"@id":"https:\/\/www.24gliwice.pl\/wiadomosci\/#\/schema\/logo\/image\/"},"sameAs":["https:\/\/www.facebook.com\/24gliwice","https:\/\/x.com\/24gliwice","https:\/\/www.youtube.com\/@24gliwice"]},{"@type":"Person","@id":"https:\/\/www.24gliwice.pl\/wiadomosci\/#\/schema\/person\/e42c650edd7f2fa332be3811fb166b6e","name":"\u017baneta Mrozek-Siewierska","image":{"@type":"ImageObject","inLanguage":"pl-PL","@id":"https:\/\/www.24gliwice.pl\/wiadomosci\/wp-content\/uploads\/2021\/11\/Zaneta-M_S-zdjecie-czb-96x96.jpg","url":"https:\/\/www.24gliwice.pl\/wiadomosci\/wp-content\/uploads\/2021\/11\/Zaneta-M_S-zdjecie-czb-96x96.jpg","contentUrl":"https:\/\/www.24gliwice.pl\/wiadomosci\/wp-content\/uploads\/2021\/11\/Zaneta-M_S-zdjecie-czb-96x96.jpg","caption":"\u017baneta Mrozek-Siewierska"},"url":"https:\/\/www.24gliwice.pl\/wiadomosci\/author\/zms\/"}]}},"_links":{"self":[{"href":"https:\/\/www.24gliwice.pl\/wiadomosci\/wp-json\/wp\/v2\/posts\/194983","targetHints":{"allow":["GET"]}}],"collection":[{"href":"https:\/\/www.24gliwice.pl\/wiadomosci\/wp-json\/wp\/v2\/posts"}],"about":[{"href":"https:\/\/www.24gliwice.pl\/wiadomosci\/wp-json\/wp\/v2\/types\/post"}],"author":[{"embeddable":true,"href":"https:\/\/www.24gliwice.pl\/wiadomosci\/wp-json\/wp\/v2\/users\/15"}],"replies":[{"embeddable":true,"href":"https:\/\/www.24gliwice.pl\/wiadomosci\/wp-json\/wp\/v2\/comments?post=194983"}],"version-history":[{"count":6,"href":"https:\/\/www.24gliwice.pl\/wiadomosci\/wp-json\/wp\/v2\/posts\/194983\/revisions"}],"predecessor-version":[{"id":195035,"href":"https:\/\/www.24gliwice.pl\/wiadomosci\/wp-json\/wp\/v2\/posts\/194983\/revisions\/195035"}],"wp:featuredmedia":[{"embeddable":true,"href":"https:\/\/www.24gliwice.pl\/wiadomosci\/wp-json\/wp\/v2\/media\/194988"}],"wp:attachment":[{"href":"https:\/\/www.24gliwice.pl\/wiadomosci\/wp-json\/wp\/v2\/media?parent=194983"}],"wp:term":[{"taxonomy":"category","embeddable":true,"href":"https:\/\/www.24gliwice.pl\/wiadomosci\/wp-json\/wp\/v2\/categories?post=194983"},{"taxonomy":"post_tag","embeddable":true,"href":"https:\/\/www.24gliwice.pl\/wiadomosci\/wp-json\/wp\/v2\/tags?post=194983"}],"curies":[{"name":"wp","href":"https:\/\/api.w.org\/{rel}","templated":true}]}}