{"id":195198,"date":"2022-06-30T14:43:03","date_gmt":"2022-06-30T12:43:03","guid":{"rendered":"https:\/\/www.24gliwice.pl\/wiadomosci\/?p=195198"},"modified":"2022-06-30T14:43:03","modified_gmt":"2022-06-30T12:43:03","slug":"aktywna-gra-rodzinna-czy-tematyczna-wycieczka-dwie-propozycje-na-wakacyjny-weekend","status":"publish","type":"post","link":"https:\/\/www.24gliwice.pl\/wiadomosci\/aktywna-gra-rodzinna-czy-tematyczna-wycieczka-dwie-propozycje-na-wakacyjny-weekend\/","title":{"rendered":"Aktywna gra rodzinna czy tematyczna wycieczka? Dwie propozycje na wakacyjny weekend"},"content":{"rendered":"<div class=\"gliwi-a6-nad-leadem-artykulow gliwi-entity-placement\" id=\"gliwi-1616862851\"><div class=\"gliwi-adlabel\"><span style=\"font-size: 9px\">REKLAMA<\/span><\/div><div id=\"gliwi-2963841242\" style=\"margin-bottom: 25px;margin-left: auto;margin-right: auto;text-align: center;\"><a data-no-instant=\"1\" href=\"https:\/\/dom100.eu\/\" rel=\"noopener\" class=\"a2t-link\" target=\"_blank\" aria-label=\"20260415 DOM100 D\"><img loading=\"lazy\" decoding=\"async\" src=\"https:\/\/www.24gliwice.pl\/wiadomosci\/wp-content\/uploads\/2026\/04\/20260415-DOM100-D.jpg\" alt=\"\"  srcset=\"https:\/\/www.24gliwice.pl\/wiadomosci\/wp-content\/uploads\/2026\/04\/20260415-DOM100-D.jpg 750w, https:\/\/www.24gliwice.pl\/wiadomosci\/wp-content\/uploads\/2026\/04\/20260415-DOM100-D-410x109.jpg 410w\" sizes=\"(max-width: 750px) 100vw, 750px\" class=\"no-lazyload\" width=\"750\" height=\"200\"  style=\"display: inline-block; max-width: 100%; height: auto;\" \/><\/a><\/div><\/div><h2>Miasto przygotowa\u0142o ofert\u0119 kulturaln\u0105 na nadchodz\u0105cy weekend. Przewidziano dwie propozycje &#8211; jedna to rodzinna gra miejska, a druga \u2013 wycieczka tematyczna b\u0142\u0119kitno-zielonym szlakiem.<\/h2>\n<p>&nbsp;<br \/>\n2 lipca (sobota) zdecydowanie nie warto siedzie\u0107 w domu \u2013 tego dnia mo\u017cna lepiej pozna\u0107 miasto. \u201ePoznaj Gliwice aktywnie!\u201d \u2013 pod takim has\u0142em o godzinie 10:00 z alei Przyja\u017ani wystartuje Gliwicka Gra Rodzinna. Do pokonania b\u0119dzie 10 km, ale \u017ceby dotrze\u0107 do celu, nie wystarczy spr\u0119\u017cysty krok \u2013 po drodze b\u0119dzie trzeba wykona\u0107 kilka zada\u0144. <\/p>\n<h2>Gdzie? Tego uczestnicy zabawy dowiedz\u0105 si\u0119 dopiero na starcie, gdy dostan\u0105 mapy z zaznaczonymi punktami.<\/h2>\n<p>Na szcz\u0119\u015bcie w Gliwickiej Grze Rodzinnej nikt nie b\u0119dzie zdany wy\u0142\u0105cznie na siebie \u2013 w zabawie bior\u0105 udzia\u0142 dru\u017cyny licz\u0105ce od 2 do 5 os\u00f3b. Przynajmniej jeden uczestnik musi mie\u0107 mniej ni\u017c 18 lat i przynajmniej jedna osoba musi by\u0107 pe\u0142noletnia.<\/p><div class=\"gliwi-a3-w-tresci-artykulow gliwi-entity-placement\" id=\"gliwi-231803197\"><div class=\"gliwi-adlabel\"><span style=\"font-size: 9px\">REKLAMA<\/span><\/div><div id=\"gliwi-2290004219\" style=\"margin-bottom: 30px;margin-left: auto;margin-right: auto;text-align: center;\"><a data-no-instant=\"1\" href=\"https:\/\/zlobek.halogen.org.pl\/\" rel=\"noopener\" class=\"a2t-link\" target=\"_blank\" aria-label=\"animator-zlobek_750x200\"><img loading=\"lazy\" decoding=\"async\" src=\"https:\/\/www.24gliwice.pl\/wiadomosci\/wp-content\/uploads\/2026\/02\/animator-zlobek_750x200.webp\" alt=\"\"  srcset=\"https:\/\/www.24gliwice.pl\/wiadomosci\/wp-content\/uploads\/2026\/02\/animator-zlobek_750x200.webp 750w, https:\/\/www.24gliwice.pl\/wiadomosci\/wp-content\/uploads\/2026\/02\/animator-zlobek_750x200-410x109.webp 410w\" sizes=\"(max-width: 750px) 100vw, 750px\" class=\"no-lazyload\" width=\"750\" height=\"200\"  style=\"display: inline-block; max-width: 100%; height: auto;\" \/><\/a><\/div><\/div>\n<p><a href=\"https:\/\/www.24gliwice.pl\/wiadomosci\/wp-content\/uploads\/2022\/06\/2-lipca-plakat.jpg\"><img loading=\"lazy\" decoding=\"async\" src=\"https:\/\/www.24gliwice.pl\/wiadomosci\/wp-content\/uploads\/2022\/06\/2-lipca-plakat.jpg\" alt=\"\" width=\"1063\" height=\"1502\" class=\"alignnone size-full wp-image-195201\" srcset=\"https:\/\/www.24gliwice.pl\/wiadomosci\/wp-content\/uploads\/2022\/06\/2-lipca-plakat.jpg 1063w, https:\/\/www.24gliwice.pl\/wiadomosci\/wp-content\/uploads\/2022\/06\/2-lipca-plakat-164x232.jpg 164w, https:\/\/www.24gliwice.pl\/wiadomosci\/wp-content\/uploads\/2022\/06\/2-lipca-plakat-322x455.jpg 322w, https:\/\/www.24gliwice.pl\/wiadomosci\/wp-content\/uploads\/2022\/06\/2-lipca-plakat-768x1085.jpg 768w, https:\/\/www.24gliwice.pl\/wiadomosci\/wp-content\/uploads\/2022\/06\/2-lipca-plakat-810x1145.jpg 810w\" sizes=\"auto, (max-width: 1063px) 100vw, 1063px\" \/><\/a><\/p>\n<p>Dla tych, kt\u00f3rzy od szybkiego tempa i \u0142amig\u0142\u00f3wek wol\u0105 nieprzetarte \u015bcie\u017cki, przygotowane zostan\u0105 cztery specjalne, tematyczne wycieczki po centrum miasta. Pytaniem, kt\u00f3re uczestnicy zadaj\u0105 sobie podczas b\u0142\u0119kitno-zielonego spaceru po Gliwicach, b\u0119dzie: \u201eJak Gliwice zyska\u0142y dost\u0119p do morza?\u201d. Bo chyba nie przez przypadek nasz Rynek zdobi fontanna Neptuna? <\/p>\n<h4>Spacery b\u0119d\u0105 rozpoczyna\u0107 si\u0119 o godzinach 10:00, 12:00, 14:00 i 16:00 w parku Chrobrego. Obecnie jest tam fantastyczny plac zabaw, a kiedy\u015b by\u0142o\u2026 k\u0105pielisko.<\/h4>\n<p>Na b\u0142\u0119kitno-zielonej trasie nie zabraknie oczywi\u015bcie bulwar\u00f3w rzeki K\u0142odnicy, ale niestrudzeni tropiciele dawnych dziej\u00f3w naszego miasta dotr\u0105 tak\u017ce do miejsca, w kt\u00f3rym przez wieki by\u0142o tak\u017ce koryto tzw. Dzikiej K\u0142odnicy. <\/p>\n<p><a href=\"https:\/\/www.24gliwice.pl\/wiadomosci\/wp-content\/uploads\/2022\/06\/2-lipca-plakat2.jpg\"><img loading=\"lazy\" decoding=\"async\" src=\"https:\/\/www.24gliwice.pl\/wiadomosci\/wp-content\/uploads\/2022\/06\/2-lipca-plakat2.jpg\" alt=\"\" width=\"945\" height=\"1410\" class=\"alignnone size-full wp-image-195202\" srcset=\"https:\/\/www.24gliwice.pl\/wiadomosci\/wp-content\/uploads\/2022\/06\/2-lipca-plakat2.jpg 945w, https:\/\/www.24gliwice.pl\/wiadomosci\/wp-content\/uploads\/2022\/06\/2-lipca-plakat2-155x232.jpg 155w, https:\/\/www.24gliwice.pl\/wiadomosci\/wp-content\/uploads\/2022\/06\/2-lipca-plakat2-305x455.jpg 305w, https:\/\/www.24gliwice.pl\/wiadomosci\/wp-content\/uploads\/2022\/06\/2-lipca-plakat2-768x1146.jpg 768w, https:\/\/www.24gliwice.pl\/wiadomosci\/wp-content\/uploads\/2022\/06\/2-lipca-plakat2-810x1209.jpg 810w\" sizes=\"auto, (max-width: 945px) 100vw, 945px\" \/><\/a><\/p>\n<p>Spacer po Gliwicach jest organizowany w ramach \u015awi\u0119ta G\u00f3rno\u015bl\u0105sko-Zag\u0142\u0119biowskiej Metropolii i zrealizowany z udzia\u0142em \u015brodk\u00f3w finansowych z bud\u017cetu G-ZM. Tego dnia na terenie ca\u0142ej Metropolii odb\u0119d\u0105 si\u0119 a\u017c 94 wydarzenia. <\/p>\n<p>Zapisy na imprezy s\u0105 prowadzone na stronie <a href=\"http:\/\/gryrodzinne.gliwice.eu\">gryrodzinne.gliwice.eu<\/a>. Rejestracja jest bezp\u0142atna.<\/p>\n<p>(\u017cms)\/UM Gliwice<br \/>\nfot. Z. Daniec\/zdj. pogl\u0105dowe<\/p>\n<div class=\"gliwi-a5-na-koncu-artykulow gliwi-entity-placement\" id=\"gliwi-152034920\"><div class=\"gliwi-adlabel\"><span style=\"font-size: 9px\">REKLAMA<\/span><\/div><div id=\"gliwi-544647097\" style=\"margin-left: auto;margin-right: auto;text-align: center;\"><a data-no-instant=\"1\" href=\"https:\/\/prezeroarenagliwice.pl\/\" rel=\"noopener\" class=\"a2t-link\" target=\"_blank\" aria-label=\"20260309-PREZERO-WIOSNA-D\"><img loading=\"lazy\" decoding=\"async\" src=\"https:\/\/www.24gliwice.pl\/wiadomosci\/wp-content\/uploads\/2026\/03\/20260309-PREZERO-WIOSNA-D.webp\" alt=\"\"  srcset=\"https:\/\/www.24gliwice.pl\/wiadomosci\/wp-content\/uploads\/2026\/03\/20260309-PREZERO-WIOSNA-D.webp 750w, https:\/\/www.24gliwice.pl\/wiadomosci\/wp-content\/uploads\/2026\/03\/20260309-PREZERO-WIOSNA-D-410x109.webp 410w\" sizes=\"(max-width: 750px) 100vw, 750px\" class=\"no-lazyload\" width=\"750\" height=\"200\"  style=\"display: inline-block; max-width: 100%; height: auto;\" \/><\/a><\/div><\/div>","protected":false},"excerpt":{"rendered":"<p>Miasto przygotowa\u0142o ofert\u0119 kulturaln\u0105 na nadchodz\u0105cy weekend. Przewidziano dwie propozycje &#8211; jedna to rodzinna gra miejska, a druga \u2013 wycieczka tematyczna b\u0142\u0119kitno-zielonym szlakiem. &nbsp; 2 lipca (sobota) zdecydowanie nie warto siedzie\u0107 w domu \u2013 tego dnia mo\u017cna lepiej pozna\u0107 miasto. \u201ePoznaj Gliwice aktywnie!\u201d \u2013 pod takim has\u0142em o godzinie 10:00 z alei Przyja\u017ani wystartuje Gliwicka [&hellip;]<\/p>\n","protected":false},"author":15,"featured_media":95784,"comment_status":"open","ping_status":"closed","sticky":false,"template":"","format":"standard","meta":{"_monsterinsights_skip_tracking":false,"_monsterinsights_sitenote_active":false,"_monsterinsights_sitenote_note":"","_monsterinsights_sitenote_category":0,"footnotes":"","_links_to":"","_links_to_target":""},"categories":[3,6,1],"tags":[9685],"class_list":["post-195198","post","type-post","status-publish","format-standard","has-post-thumbnail","hentry","category-gliwice","category-kultura","category-wszystko","tag-gra-miejska"],"yoast_head":"<!-- This site is optimized with the Yoast SEO plugin v27.4 - https:\/\/yoast.com\/product\/yoast-seo-wordpress\/ -->\n<title>Aktywna gra rodzinna czy tematyczna wycieczka? Dwie propozycje na wakacyjny weekend - 24GLIWICE - Portal Gliwice | codziennie nowe informacje<\/title>\n<meta name=\"description\" content=\"Miasto przygotowa\u0142o dwie propozycje na aktywne sp\u0119dzenie weekendu. Mo\u017cna wzi\u0105\u0107 udzia\u0142 w grze miejskiej oraz w wycieczce tematycznej\" \/>\n<meta name=\"robots\" content=\"index, follow, max-snippet:-1, max-image-preview:large, max-video-preview:-1\" \/>\n<link rel=\"canonical\" href=\"https:\/\/www.24gliwice.pl\/wiadomosci\/aktywna-gra-rodzinna-czy-tematyczna-wycieczka-dwie-propozycje-na-wakacyjny-weekend\/\" \/>\n<meta property=\"og:locale\" content=\"pl_PL\" \/>\n<meta property=\"og:type\" content=\"article\" \/>\n<meta property=\"og:title\" content=\"Aktywna gra rodzinna czy tematyczna wycieczka? Dwie propozycje na wakacyjny weekend - 24GLIWICE - Portal Gliwice | codziennie nowe informacje\" \/>\n<meta property=\"og:description\" content=\"Miasto przygotowa\u0142o dwie propozycje na aktywne sp\u0119dzenie weekendu. Mo\u017cna wzi\u0105\u0107 udzia\u0142 w grze miejskiej oraz w wycieczce tematycznej\" \/>\n<meta property=\"og:url\" content=\"https:\/\/www.24gliwice.pl\/wiadomosci\/aktywna-gra-rodzinna-czy-tematyczna-wycieczka-dwie-propozycje-na-wakacyjny-weekend\/\" \/>\n<meta property=\"og:site_name\" content=\"24GLIWICE - Portal Gliwice | codziennie nowe informacje\" \/>\n<meta property=\"article:publisher\" content=\"https:\/\/www.facebook.com\/24gliwice\" \/>\n<meta property=\"article:published_time\" content=\"2022-06-30T12:43:03+00:00\" \/>\n<meta property=\"og:image\" content=\"https:\/\/www.24gliwice.pl\/wiadomosci\/wp-content\/uploads\/2017\/03\/rajd-360-7-001.jpg\" \/>\n\t<meta property=\"og:image:width\" content=\"1024\" \/>\n\t<meta property=\"og:image:height\" content=\"576\" \/>\n\t<meta property=\"og:image:type\" content=\"image\/jpeg\" \/>\n<meta name=\"author\" content=\"\u017baneta Mrozek-Siewierska\" \/>\n<meta name=\"twitter:card\" content=\"summary_large_image\" \/>\n<meta name=\"twitter:creator\" content=\"@24gliwice\" \/>\n<meta name=\"twitter:site\" content=\"@24gliwice\" \/>\n<meta name=\"twitter:label1\" content=\"Napisane przez\" \/>\n\t<meta name=\"twitter:data1\" content=\"\u017baneta Mrozek-Siewierska\" \/>\n\t<meta name=\"twitter:label2\" content=\"Szacowany czas czytania\" \/>\n\t<meta name=\"twitter:data2\" content=\"2 minuty\" \/>\n<script type=\"application\/ld+json\" class=\"yoast-schema-graph\">{\"@context\":\"https:\\\/\\\/schema.org\",\"@graph\":[{\"@type\":\"Article\",\"@id\":\"https:\\\/\\\/www.24gliwice.pl\\\/wiadomosci\\\/aktywna-gra-rodzinna-czy-tematyczna-wycieczka-dwie-propozycje-na-wakacyjny-weekend\\\/#article\",\"isPartOf\":{\"@id\":\"https:\\\/\\\/www.24gliwice.pl\\\/wiadomosci\\\/aktywna-gra-rodzinna-czy-tematyczna-wycieczka-dwie-propozycje-na-wakacyjny-weekend\\\/\"},\"author\":{\"name\":\"\u017baneta Mrozek-Siewierska\",\"@id\":\"https:\\\/\\\/www.24gliwice.pl\\\/wiadomosci\\\/#\\\/schema\\\/person\\\/e42c650edd7f2fa332be3811fb166b6e\"},\"headline\":\"Aktywna gra rodzinna czy tematyczna wycieczka? Dwie propozycje na wakacyjny weekend\",\"datePublished\":\"2022-06-30T12:43:03+00:00\",\"mainEntityOfPage\":{\"@id\":\"https:\\\/\\\/www.24gliwice.pl\\\/wiadomosci\\\/aktywna-gra-rodzinna-czy-tematyczna-wycieczka-dwie-propozycje-na-wakacyjny-weekend\\\/\"},\"wordCount\":331,\"commentCount\":0,\"publisher\":{\"@id\":\"https:\\\/\\\/www.24gliwice.pl\\\/wiadomosci\\\/#organization\"},\"image\":{\"@id\":\"https:\\\/\\\/www.24gliwice.pl\\\/wiadomosci\\\/aktywna-gra-rodzinna-czy-tematyczna-wycieczka-dwie-propozycje-na-wakacyjny-weekend\\\/#primaryimage\"},\"thumbnailUrl\":\"https:\\\/\\\/www.24gliwice.pl\\\/wiadomosci\\\/wp-content\\\/uploads\\\/2017\\\/03\\\/rajd-360-7-001.jpg\",\"keywords\":[\"gra miejska\"],\"articleSection\":[\"Gliwice\",\"Kultura, wydarzenia, imprezy\",\"Najnowsze wiadomo\u015bci\"],\"inLanguage\":\"pl-PL\",\"potentialAction\":[{\"@type\":\"CommentAction\",\"name\":\"Comment\",\"target\":[\"https:\\\/\\\/www.24gliwice.pl\\\/wiadomosci\\\/aktywna-gra-rodzinna-czy-tematyczna-wycieczka-dwie-propozycje-na-wakacyjny-weekend\\\/#respond\"]}]},{\"@type\":\"WebPage\",\"@id\":\"https:\\\/\\\/www.24gliwice.pl\\\/wiadomosci\\\/aktywna-gra-rodzinna-czy-tematyczna-wycieczka-dwie-propozycje-na-wakacyjny-weekend\\\/\",\"url\":\"https:\\\/\\\/www.24gliwice.pl\\\/wiadomosci\\\/aktywna-gra-rodzinna-czy-tematyczna-wycieczka-dwie-propozycje-na-wakacyjny-weekend\\\/\",\"name\":\"Aktywna gra rodzinna czy tematyczna wycieczka? Dwie propozycje na wakacyjny weekend - 24GLIWICE - Portal Gliwice | codziennie nowe informacje\",\"isPartOf\":{\"@id\":\"https:\\\/\\\/www.24gliwice.pl\\\/wiadomosci\\\/#website\"},\"primaryImageOfPage\":{\"@id\":\"https:\\\/\\\/www.24gliwice.pl\\\/wiadomosci\\\/aktywna-gra-rodzinna-czy-tematyczna-wycieczka-dwie-propozycje-na-wakacyjny-weekend\\\/#primaryimage\"},\"image\":{\"@id\":\"https:\\\/\\\/www.24gliwice.pl\\\/wiadomosci\\\/aktywna-gra-rodzinna-czy-tematyczna-wycieczka-dwie-propozycje-na-wakacyjny-weekend\\\/#primaryimage\"},\"thumbnailUrl\":\"https:\\\/\\\/www.24gliwice.pl\\\/wiadomosci\\\/wp-content\\\/uploads\\\/2017\\\/03\\\/rajd-360-7-001.jpg\",\"datePublished\":\"2022-06-30T12:43:03+00:00\",\"description\":\"Miasto przygotowa\u0142o dwie propozycje na aktywne sp\u0119dzenie weekendu. Mo\u017cna wzi\u0105\u0107 udzia\u0142 w grze miejskiej oraz w wycieczce tematycznej\",\"breadcrumb\":{\"@id\":\"https:\\\/\\\/www.24gliwice.pl\\\/wiadomosci\\\/aktywna-gra-rodzinna-czy-tematyczna-wycieczka-dwie-propozycje-na-wakacyjny-weekend\\\/#breadcrumb\"},\"inLanguage\":\"pl-PL\",\"potentialAction\":[{\"@type\":\"ReadAction\",\"target\":[\"https:\\\/\\\/www.24gliwice.pl\\\/wiadomosci\\\/aktywna-gra-rodzinna-czy-tematyczna-wycieczka-dwie-propozycje-na-wakacyjny-weekend\\\/\"]}]},{\"@type\":\"ImageObject\",\"inLanguage\":\"pl-PL\",\"@id\":\"https:\\\/\\\/www.24gliwice.pl\\\/wiadomosci\\\/aktywna-gra-rodzinna-czy-tematyczna-wycieczka-dwie-propozycje-na-wakacyjny-weekend\\\/#primaryimage\",\"url\":\"https:\\\/\\\/www.24gliwice.pl\\\/wiadomosci\\\/wp-content\\\/uploads\\\/2017\\\/03\\\/rajd-360-7-001.jpg\",\"contentUrl\":\"https:\\\/\\\/www.24gliwice.pl\\\/wiadomosci\\\/wp-content\\\/uploads\\\/2017\\\/03\\\/rajd-360-7-001.jpg\",\"width\":1024,\"height\":576},{\"@type\":\"BreadcrumbList\",\"@id\":\"https:\\\/\\\/www.24gliwice.pl\\\/wiadomosci\\\/aktywna-gra-rodzinna-czy-tematyczna-wycieczka-dwie-propozycje-na-wakacyjny-weekend\\\/#breadcrumb\",\"itemListElement\":[{\"@type\":\"ListItem\",\"position\":1,\"name\":\"Strona g\u0142\u00f3wna\",\"item\":\"https:\\\/\\\/www.24gliwice.pl\\\/wiadomosci\\\/\"},{\"@type\":\"ListItem\",\"position\":2,\"name\":\"Aktywna gra rodzinna czy tematyczna wycieczka? Dwie propozycje na wakacyjny weekend\"}]},{\"@type\":\"WebSite\",\"@id\":\"https:\\\/\\\/www.24gliwice.pl\\\/wiadomosci\\\/#website\",\"url\":\"https:\\\/\\\/www.24gliwice.pl\\\/wiadomosci\\\/\",\"name\":\"24GLIWICE - Portal Gliwice | codziennie nowe wiadomo\u015bci\",\"description\":\"Portal Miejski Gliwice\",\"publisher\":{\"@id\":\"https:\\\/\\\/www.24gliwice.pl\\\/wiadomosci\\\/#organization\"},\"potentialAction\":[{\"@type\":\"SearchAction\",\"target\":{\"@type\":\"EntryPoint\",\"urlTemplate\":\"https:\\\/\\\/www.24gliwice.pl\\\/wiadomosci\\\/?s={search_term_string}\"},\"query-input\":{\"@type\":\"PropertyValueSpecification\",\"valueRequired\":true,\"valueName\":\"search_term_string\"}}],\"inLanguage\":\"pl-PL\"},{\"@type\":\"Organization\",\"@id\":\"https:\\\/\\\/www.24gliwice.pl\\\/wiadomosci\\\/#organization\",\"name\":\"24gliwice\",\"url\":\"https:\\\/\\\/www.24gliwice.pl\\\/wiadomosci\\\/\",\"logo\":{\"@type\":\"ImageObject\",\"inLanguage\":\"pl-PL\",\"@id\":\"https:\\\/\\\/www.24gliwice.pl\\\/wiadomosci\\\/#\\\/schema\\\/logo\\\/image\\\/\",\"url\":\"https:\\\/\\\/www.24gliwice.pl\\\/wiadomosci\\\/wp-content\\\/uploads\\\/2024\\\/10\\\/24gliwice-logo-696.jpg\",\"contentUrl\":\"https:\\\/\\\/www.24gliwice.pl\\\/wiadomosci\\\/wp-content\\\/uploads\\\/2024\\\/10\\\/24gliwice-logo-696.jpg\",\"width\":696,\"height\":696,\"caption\":\"24gliwice\"},\"image\":{\"@id\":\"https:\\\/\\\/www.24gliwice.pl\\\/wiadomosci\\\/#\\\/schema\\\/logo\\\/image\\\/\"},\"sameAs\":[\"https:\\\/\\\/www.facebook.com\\\/24gliwice\",\"https:\\\/\\\/x.com\\\/24gliwice\",\"https:\\\/\\\/www.youtube.com\\\/@24gliwice\"]},{\"@type\":\"Person\",\"@id\":\"https:\\\/\\\/www.24gliwice.pl\\\/wiadomosci\\\/#\\\/schema\\\/person\\\/e42c650edd7f2fa332be3811fb166b6e\",\"name\":\"\u017baneta Mrozek-Siewierska\",\"image\":{\"@type\":\"ImageObject\",\"inLanguage\":\"pl-PL\",\"@id\":\"https:\\\/\\\/www.24gliwice.pl\\\/wiadomosci\\\/wp-content\\\/uploads\\\/2021\\\/11\\\/Zaneta-M_S-zdjecie-czb-96x96.jpg\",\"url\":\"https:\\\/\\\/www.24gliwice.pl\\\/wiadomosci\\\/wp-content\\\/uploads\\\/2021\\\/11\\\/Zaneta-M_S-zdjecie-czb-96x96.jpg\",\"contentUrl\":\"https:\\\/\\\/www.24gliwice.pl\\\/wiadomosci\\\/wp-content\\\/uploads\\\/2021\\\/11\\\/Zaneta-M_S-zdjecie-czb-96x96.jpg\",\"caption\":\"\u017baneta Mrozek-Siewierska\"},\"url\":\"https:\\\/\\\/www.24gliwice.pl\\\/wiadomosci\\\/author\\\/zms\\\/\"}]}<\/script>\n<!-- \/ Yoast SEO plugin. -->","yoast_head_json":{"title":"Aktywna gra rodzinna czy tematyczna wycieczka? Dwie propozycje na wakacyjny weekend - 24GLIWICE - Portal Gliwice | codziennie nowe informacje","description":"Miasto przygotowa\u0142o dwie propozycje na aktywne sp\u0119dzenie weekendu. Mo\u017cna wzi\u0105\u0107 udzia\u0142 w grze miejskiej oraz w wycieczce tematycznej","robots":{"index":"index","follow":"follow","max-snippet":"max-snippet:-1","max-image-preview":"max-image-preview:large","max-video-preview":"max-video-preview:-1"},"canonical":"https:\/\/www.24gliwice.pl\/wiadomosci\/aktywna-gra-rodzinna-czy-tematyczna-wycieczka-dwie-propozycje-na-wakacyjny-weekend\/","og_locale":"pl_PL","og_type":"article","og_title":"Aktywna gra rodzinna czy tematyczna wycieczka? Dwie propozycje na wakacyjny weekend - 24GLIWICE - Portal Gliwice | codziennie nowe informacje","og_description":"Miasto przygotowa\u0142o dwie propozycje na aktywne sp\u0119dzenie weekendu. Mo\u017cna wzi\u0105\u0107 udzia\u0142 w grze miejskiej oraz w wycieczce tematycznej","og_url":"https:\/\/www.24gliwice.pl\/wiadomosci\/aktywna-gra-rodzinna-czy-tematyczna-wycieczka-dwie-propozycje-na-wakacyjny-weekend\/","og_site_name":"24GLIWICE - Portal Gliwice | codziennie nowe informacje","article_publisher":"https:\/\/www.facebook.com\/24gliwice","article_published_time":"2022-06-30T12:43:03+00:00","og_image":[{"width":1024,"height":576,"url":"https:\/\/www.24gliwice.pl\/wiadomosci\/wp-content\/uploads\/2017\/03\/rajd-360-7-001.jpg","type":"image\/jpeg"}],"author":"\u017baneta Mrozek-Siewierska","twitter_card":"summary_large_image","twitter_creator":"@24gliwice","twitter_site":"@24gliwice","twitter_misc":{"Napisane przez":"\u017baneta Mrozek-Siewierska","Szacowany czas czytania":"2 minuty"},"schema":{"@context":"https:\/\/schema.org","@graph":[{"@type":"Article","@id":"https:\/\/www.24gliwice.pl\/wiadomosci\/aktywna-gra-rodzinna-czy-tematyczna-wycieczka-dwie-propozycje-na-wakacyjny-weekend\/#article","isPartOf":{"@id":"https:\/\/www.24gliwice.pl\/wiadomosci\/aktywna-gra-rodzinna-czy-tematyczna-wycieczka-dwie-propozycje-na-wakacyjny-weekend\/"},"author":{"name":"\u017baneta Mrozek-Siewierska","@id":"https:\/\/www.24gliwice.pl\/wiadomosci\/#\/schema\/person\/e42c650edd7f2fa332be3811fb166b6e"},"headline":"Aktywna gra rodzinna czy tematyczna wycieczka? Dwie propozycje na wakacyjny weekend","datePublished":"2022-06-30T12:43:03+00:00","mainEntityOfPage":{"@id":"https:\/\/www.24gliwice.pl\/wiadomosci\/aktywna-gra-rodzinna-czy-tematyczna-wycieczka-dwie-propozycje-na-wakacyjny-weekend\/"},"wordCount":331,"commentCount":0,"publisher":{"@id":"https:\/\/www.24gliwice.pl\/wiadomosci\/#organization"},"image":{"@id":"https:\/\/www.24gliwice.pl\/wiadomosci\/aktywna-gra-rodzinna-czy-tematyczna-wycieczka-dwie-propozycje-na-wakacyjny-weekend\/#primaryimage"},"thumbnailUrl":"https:\/\/www.24gliwice.pl\/wiadomosci\/wp-content\/uploads\/2017\/03\/rajd-360-7-001.jpg","keywords":["gra miejska"],"articleSection":["Gliwice","Kultura, wydarzenia, imprezy","Najnowsze wiadomo\u015bci"],"inLanguage":"pl-PL","potentialAction":[{"@type":"CommentAction","name":"Comment","target":["https:\/\/www.24gliwice.pl\/wiadomosci\/aktywna-gra-rodzinna-czy-tematyczna-wycieczka-dwie-propozycje-na-wakacyjny-weekend\/#respond"]}]},{"@type":"WebPage","@id":"https:\/\/www.24gliwice.pl\/wiadomosci\/aktywna-gra-rodzinna-czy-tematyczna-wycieczka-dwie-propozycje-na-wakacyjny-weekend\/","url":"https:\/\/www.24gliwice.pl\/wiadomosci\/aktywna-gra-rodzinna-czy-tematyczna-wycieczka-dwie-propozycje-na-wakacyjny-weekend\/","name":"Aktywna gra rodzinna czy tematyczna wycieczka? Dwie propozycje na wakacyjny weekend - 24GLIWICE - Portal Gliwice | codziennie nowe informacje","isPartOf":{"@id":"https:\/\/www.24gliwice.pl\/wiadomosci\/#website"},"primaryImageOfPage":{"@id":"https:\/\/www.24gliwice.pl\/wiadomosci\/aktywna-gra-rodzinna-czy-tematyczna-wycieczka-dwie-propozycje-na-wakacyjny-weekend\/#primaryimage"},"image":{"@id":"https:\/\/www.24gliwice.pl\/wiadomosci\/aktywna-gra-rodzinna-czy-tematyczna-wycieczka-dwie-propozycje-na-wakacyjny-weekend\/#primaryimage"},"thumbnailUrl":"https:\/\/www.24gliwice.pl\/wiadomosci\/wp-content\/uploads\/2017\/03\/rajd-360-7-001.jpg","datePublished":"2022-06-30T12:43:03+00:00","description":"Miasto przygotowa\u0142o dwie propozycje na aktywne sp\u0119dzenie weekendu. Mo\u017cna wzi\u0105\u0107 udzia\u0142 w grze miejskiej oraz w wycieczce tematycznej","breadcrumb":{"@id":"https:\/\/www.24gliwice.pl\/wiadomosci\/aktywna-gra-rodzinna-czy-tematyczna-wycieczka-dwie-propozycje-na-wakacyjny-weekend\/#breadcrumb"},"inLanguage":"pl-PL","potentialAction":[{"@type":"ReadAction","target":["https:\/\/www.24gliwice.pl\/wiadomosci\/aktywna-gra-rodzinna-czy-tematyczna-wycieczka-dwie-propozycje-na-wakacyjny-weekend\/"]}]},{"@type":"ImageObject","inLanguage":"pl-PL","@id":"https:\/\/www.24gliwice.pl\/wiadomosci\/aktywna-gra-rodzinna-czy-tematyczna-wycieczka-dwie-propozycje-na-wakacyjny-weekend\/#primaryimage","url":"https:\/\/www.24gliwice.pl\/wiadomosci\/wp-content\/uploads\/2017\/03\/rajd-360-7-001.jpg","contentUrl":"https:\/\/www.24gliwice.pl\/wiadomosci\/wp-content\/uploads\/2017\/03\/rajd-360-7-001.jpg","width":1024,"height":576},{"@type":"BreadcrumbList","@id":"https:\/\/www.24gliwice.pl\/wiadomosci\/aktywna-gra-rodzinna-czy-tematyczna-wycieczka-dwie-propozycje-na-wakacyjny-weekend\/#breadcrumb","itemListElement":[{"@type":"ListItem","position":1,"name":"Strona g\u0142\u00f3wna","item":"https:\/\/www.24gliwice.pl\/wiadomosci\/"},{"@type":"ListItem","position":2,"name":"Aktywna gra rodzinna czy tematyczna wycieczka? Dwie propozycje na wakacyjny weekend"}]},{"@type":"WebSite","@id":"https:\/\/www.24gliwice.pl\/wiadomosci\/#website","url":"https:\/\/www.24gliwice.pl\/wiadomosci\/","name":"24GLIWICE - Portal Gliwice | codziennie nowe wiadomo\u015bci","description":"Portal Miejski Gliwice","publisher":{"@id":"https:\/\/www.24gliwice.pl\/wiadomosci\/#organization"},"potentialAction":[{"@type":"SearchAction","target":{"@type":"EntryPoint","urlTemplate":"https:\/\/www.24gliwice.pl\/wiadomosci\/?s={search_term_string}"},"query-input":{"@type":"PropertyValueSpecification","valueRequired":true,"valueName":"search_term_string"}}],"inLanguage":"pl-PL"},{"@type":"Organization","@id":"https:\/\/www.24gliwice.pl\/wiadomosci\/#organization","name":"24gliwice","url":"https:\/\/www.24gliwice.pl\/wiadomosci\/","logo":{"@type":"ImageObject","inLanguage":"pl-PL","@id":"https:\/\/www.24gliwice.pl\/wiadomosci\/#\/schema\/logo\/image\/","url":"https:\/\/www.24gliwice.pl\/wiadomosci\/wp-content\/uploads\/2024\/10\/24gliwice-logo-696.jpg","contentUrl":"https:\/\/www.24gliwice.pl\/wiadomosci\/wp-content\/uploads\/2024\/10\/24gliwice-logo-696.jpg","width":696,"height":696,"caption":"24gliwice"},"image":{"@id":"https:\/\/www.24gliwice.pl\/wiadomosci\/#\/schema\/logo\/image\/"},"sameAs":["https:\/\/www.facebook.com\/24gliwice","https:\/\/x.com\/24gliwice","https:\/\/www.youtube.com\/@24gliwice"]},{"@type":"Person","@id":"https:\/\/www.24gliwice.pl\/wiadomosci\/#\/schema\/person\/e42c650edd7f2fa332be3811fb166b6e","name":"\u017baneta Mrozek-Siewierska","image":{"@type":"ImageObject","inLanguage":"pl-PL","@id":"https:\/\/www.24gliwice.pl\/wiadomosci\/wp-content\/uploads\/2021\/11\/Zaneta-M_S-zdjecie-czb-96x96.jpg","url":"https:\/\/www.24gliwice.pl\/wiadomosci\/wp-content\/uploads\/2021\/11\/Zaneta-M_S-zdjecie-czb-96x96.jpg","contentUrl":"https:\/\/www.24gliwice.pl\/wiadomosci\/wp-content\/uploads\/2021\/11\/Zaneta-M_S-zdjecie-czb-96x96.jpg","caption":"\u017baneta Mrozek-Siewierska"},"url":"https:\/\/www.24gliwice.pl\/wiadomosci\/author\/zms\/"}]}},"_links":{"self":[{"href":"https:\/\/www.24gliwice.pl\/wiadomosci\/wp-json\/wp\/v2\/posts\/195198","targetHints":{"allow":["GET"]}}],"collection":[{"href":"https:\/\/www.24gliwice.pl\/wiadomosci\/wp-json\/wp\/v2\/posts"}],"about":[{"href":"https:\/\/www.24gliwice.pl\/wiadomosci\/wp-json\/wp\/v2\/types\/post"}],"author":[{"embeddable":true,"href":"https:\/\/www.24gliwice.pl\/wiadomosci\/wp-json\/wp\/v2\/users\/15"}],"replies":[{"embeddable":true,"href":"https:\/\/www.24gliwice.pl\/wiadomosci\/wp-json\/wp\/v2\/comments?post=195198"}],"version-history":[{"count":5,"href":"https:\/\/www.24gliwice.pl\/wiadomosci\/wp-json\/wp\/v2\/posts\/195198\/revisions"}],"predecessor-version":[{"id":195512,"href":"https:\/\/www.24gliwice.pl\/wiadomosci\/wp-json\/wp\/v2\/posts\/195198\/revisions\/195512"}],"wp:featuredmedia":[{"embeddable":true,"href":"https:\/\/www.24gliwice.pl\/wiadomosci\/wp-json\/wp\/v2\/media\/95784"}],"wp:attachment":[{"href":"https:\/\/www.24gliwice.pl\/wiadomosci\/wp-json\/wp\/v2\/media?parent=195198"}],"wp:term":[{"taxonomy":"category","embeddable":true,"href":"https:\/\/www.24gliwice.pl\/wiadomosci\/wp-json\/wp\/v2\/categories?post=195198"},{"taxonomy":"post_tag","embeddable":true,"href":"https:\/\/www.24gliwice.pl\/wiadomosci\/wp-json\/wp\/v2\/tags?post=195198"}],"curies":[{"name":"wp","href":"https:\/\/api.w.org\/{rel}","templated":true}]}}