{"id":195909,"date":"2022-07-05T16:48:28","date_gmt":"2022-07-05T14:48:28","guid":{"rendered":"https:\/\/www.24gliwice.pl\/wiadomosci\/?p=195909"},"modified":"2022-07-05T16:48:28","modified_gmt":"2022-07-05T14:48:28","slug":"uniwersum-w-willi-caro-wystawa-prac-wojciecha-siudmaka-bedzie-dostepna-do-pazdziernika","status":"publish","type":"post","link":"https:\/\/www.24gliwice.pl\/wiadomosci\/uniwersum-w-willi-caro-wystawa-prac-wojciecha-siudmaka-bedzie-dostepna-do-pazdziernika\/","title":{"rendered":"&#8220;Uniwersum&#8221; w Willi Caro. Wystawa prac Wojciecha Siudmaka b\u0119dzie dost\u0119pna do pa\u017adziernika"},"content":{"rendered":"<div class=\"gliwi-a6-nad-leadem-artykulow gliwi-entity-placement\" id=\"gliwi-82581809\"><div class=\"gliwi-adlabel\"><span style=\"font-size: 9px\">REKLAMA<\/span><\/div><div id=\"gliwi-2761258688\" style=\"margin-bottom: 30px;margin-left: auto;margin-right: auto;text-align: center;\"><a data-no-instant=\"1\" href=\"https:\/\/przedszkole.halogen.org.pl\/\" rel=\"noopener\" class=\"a2t-link\" target=\"_blank\" aria-label=\"20260402-ANIMATOR-przedszkole_grafika_750x200\"><img loading=\"lazy\" decoding=\"async\" src=\"https:\/\/www.24gliwice.pl\/wiadomosci\/wp-content\/uploads\/2026\/04\/20260402-ANIMATOR-przedszkole_grafika_750x200.webp\" alt=\"\"  srcset=\"https:\/\/www.24gliwice.pl\/wiadomosci\/wp-content\/uploads\/2026\/04\/20260402-ANIMATOR-przedszkole_grafika_750x200.webp 750w, https:\/\/www.24gliwice.pl\/wiadomosci\/wp-content\/uploads\/2026\/04\/20260402-ANIMATOR-przedszkole_grafika_750x200-410x109.webp 410w\" sizes=\"(max-width: 750px) 100vw, 750px\" class=\"no-lazyload\" width=\"750\" height=\"200\"  style=\"display: inline-block; max-width: 100%; height: auto;\" \/><\/a><\/div><\/div><h2>Prace Wojciecha Siudmaka, ulubionego autora pokolenia \u201eFantastyki\u201d, od 8 lipca do 10 pa\u017adziernika b\u0119d\u0105 zdobi\u0107 zabytkowe wn\u0119trza Willi Caro (ul. Dolnych Wa\u0142\u00f3w 8a). W pi\u0105tek 8 lipca o godzinie 17:00 rozpocznie si\u0119 wernisa\u017c wystawy \u201eUniwersum\u201d, w kt\u00f3rym we\u017amie udzia\u0142 sam autor.<\/h2>\n<p>&nbsp;<br \/>\n\u2013 <em>Chcia\u0142bym, aby ten zarysowany przeze mnie \u015bwiat by\u0142 moim osobistym prezentem dla mi\u0142o\u015bnik\u00f3w literatury fantastycznej, dla ich dzieci i wnuk\u00f3w i wszystkich przysz\u0142ych czytelnik\u00f3w. To w\u0142a\u015bnie im tak bardzo potrzebna jest wyobra\u017ania, otwarty szeroki horyzont i dalekie spojrzenie w przysz\u0142o\u015b\u0107<\/em> \u2013 m\u00f3wi <strong>Wojciech Siudmak.<\/strong><\/p>\n<h4>Na retrospektywnej wystawie w Muzeum w Gliwicach zostan\u0105 pokazane zar\u00f3wno wielkoformatowe obrazy, jak i rysunki oraz rze\u017aby Wojciecha Siudmaka.<\/h4>\n<p>Jego tw\u00f3rczo\u015b\u0107 to dzie\u0142o wielkiej wyobra\u017ani artysty, pe\u0142na osobistej symboliki i fantastycznych postaci. Siudmak bywa por\u00f3wnywany do <strong>Salvadora Dalego<\/strong>, jednak konsekwentnie wymyka si\u0119 jednoznacznym klasyfikacjom. Prace artysty cz\u0119sto zdobi\u0142y strony polskiego miesi\u0119cznika \u201eFantastyka\u201d, a tak\u017ce wydania ksi\u0105\u017cek <strong>Franka Herberta<\/strong> czy <strong>Philipa K. Dicka<\/strong>.<\/p><div class=\"gliwi-a3-w-tresci-artykulow gliwi-entity-placement\" id=\"gliwi-614216075\"><div class=\"gliwi-adlabel\"><span style=\"font-size: 9px\">REKLAMA<\/span><\/div><div id=\"gliwi-2261546952\" style=\"margin-bottom: 30px;margin-left: auto;margin-right: auto;text-align: center;\"><a data-no-instant=\"1\" href=\"https:\/\/zlobek.halogen.org.pl\/\" rel=\"noopener\" class=\"a2t-link\" target=\"_blank\" aria-label=\"animator-zlobek_750x200\"><img loading=\"lazy\" decoding=\"async\" src=\"https:\/\/www.24gliwice.pl\/wiadomosci\/wp-content\/uploads\/2026\/02\/animator-zlobek_750x200.webp\" alt=\"\"  srcset=\"https:\/\/www.24gliwice.pl\/wiadomosci\/wp-content\/uploads\/2026\/02\/animator-zlobek_750x200.webp 750w, https:\/\/www.24gliwice.pl\/wiadomosci\/wp-content\/uploads\/2026\/02\/animator-zlobek_750x200-410x109.webp 410w\" sizes=\"(max-width: 750px) 100vw, 750px\" class=\"no-lazyload\" width=\"750\" height=\"200\"  style=\"display: inline-block; max-width: 100%; height: auto;\" \/><\/a><\/div><\/div>\n<p>(\u017cms)\/UM Gliwice<br \/>\nfot. UM Gliwice\/mat. organizatora<\/p>\n<p><a href=\"https:\/\/www.24gliwice.pl\/wiadomosci\/wp-content\/uploads\/2022\/07\/siudmak_1080_1080_08_003_-001.jpg\"><img loading=\"lazy\" decoding=\"async\" src=\"https:\/\/www.24gliwice.pl\/wiadomosci\/wp-content\/uploads\/2022\/07\/siudmak_1080_1080_08_003_-001.jpg\" alt=\"\" width=\"810\" height=\"810\" class=\"alignnone size-full wp-image-195912\" srcset=\"https:\/\/www.24gliwice.pl\/wiadomosci\/wp-content\/uploads\/2022\/07\/siudmak_1080_1080_08_003_-001.jpg 810w, https:\/\/www.24gliwice.pl\/wiadomosci\/wp-content\/uploads\/2022\/07\/siudmak_1080_1080_08_003_-001-232x232.jpg 232w, https:\/\/www.24gliwice.pl\/wiadomosci\/wp-content\/uploads\/2022\/07\/siudmak_1080_1080_08_003_-001-455x455.jpg 455w, https:\/\/www.24gliwice.pl\/wiadomosci\/wp-content\/uploads\/2022\/07\/siudmak_1080_1080_08_003_-001-90x90.jpg 90w, https:\/\/www.24gliwice.pl\/wiadomosci\/wp-content\/uploads\/2022\/07\/siudmak_1080_1080_08_003_-001-768x768.jpg 768w\" sizes=\"auto, (max-width: 810px) 100vw, 810px\" \/><\/a><\/p>\n<div class=\"gliwi-a5-na-koncu-artykulow gliwi-entity-placement\" id=\"gliwi-860997840\"><div class=\"gliwi-adlabel\"><span style=\"font-size: 9px\">REKLAMA<\/span><\/div><div id=\"gliwi-1485205514\" style=\"margin-left: auto;margin-right: auto;text-align: center;\"><a data-no-instant=\"1\" href=\"https:\/\/prezeroarenagliwice.pl\/\" rel=\"noopener\" class=\"a2t-link\" target=\"_blank\" aria-label=\"20260309-PREZERO-WIOSNA-D\"><img loading=\"lazy\" decoding=\"async\" src=\"https:\/\/www.24gliwice.pl\/wiadomosci\/wp-content\/uploads\/2026\/03\/20260309-PREZERO-WIOSNA-D.webp\" alt=\"\"  srcset=\"https:\/\/www.24gliwice.pl\/wiadomosci\/wp-content\/uploads\/2026\/03\/20260309-PREZERO-WIOSNA-D.webp 750w, https:\/\/www.24gliwice.pl\/wiadomosci\/wp-content\/uploads\/2026\/03\/20260309-PREZERO-WIOSNA-D-410x109.webp 410w\" sizes=\"(max-width: 750px) 100vw, 750px\" class=\"no-lazyload\" width=\"750\" height=\"200\"  style=\"display: inline-block; max-width: 100%; height: auto;\" \/><\/a><\/div><\/div>","protected":false},"excerpt":{"rendered":"<p>Prace Wojciecha Siudmaka, ulubionego autora pokolenia \u201eFantastyki\u201d, od 8 lipca do 10 pa\u017adziernika b\u0119d\u0105 zdobi\u0107 zabytkowe wn\u0119trza Willi Caro (ul. Dolnych Wa\u0142\u00f3w 8a). W pi\u0105tek 8 lipca o godzinie 17:00 rozpocznie si\u0119 wernisa\u017c wystawy \u201eUniwersum\u201d, w kt\u00f3rym we\u017amie udzia\u0142 sam autor. &nbsp; \u2013 Chcia\u0142bym, aby ten zarysowany przeze mnie \u015bwiat by\u0142 moim osobistym prezentem dla [&hellip;]<\/p>\n","protected":false},"author":15,"featured_media":195911,"comment_status":"open","ping_status":"closed","sticky":false,"template":"","format":"standard","meta":{"_monsterinsights_skip_tracking":false,"_monsterinsights_sitenote_active":false,"_monsterinsights_sitenote_note":"","_monsterinsights_sitenote_category":0,"footnotes":"","_links_to":"","_links_to_target":""},"categories":[3,6,1],"tags":[210],"class_list":["post-195909","post","type-post","status-publish","format-standard","has-post-thumbnail","hentry","category-gliwice","category-kultura","category-wszystko","tag-willa-caro"],"yoast_head":"<!-- This site is optimized with the Yoast SEO plugin v27.4 - https:\/\/yoast.com\/product\/yoast-seo-wordpress\/ -->\n<title>&quot;Uniwersum&quot; w Willi Caro. Wystawa prac Wojciecha Siudmaka b\u0119dzie dost\u0119pna do pa\u017adziernika - 24GLIWICE - Portal Gliwice | codziennie nowe informacje<\/title>\n<meta name=\"description\" content=\"Wystawa prac Wojciecha Siudmaka b\u0119dzie dost\u0119pna w Willi Caro a\u017c do pa\u017adziernika. W najbli\u017cszy pi\u0105tek, 8 lipca, zaplanowano wernisa\u017c\" \/>\n<meta name=\"robots\" content=\"index, follow, max-snippet:-1, max-image-preview:large, max-video-preview:-1\" \/>\n<link rel=\"canonical\" href=\"https:\/\/www.24gliwice.pl\/wiadomosci\/uniwersum-w-willi-caro-wystawa-prac-wojciecha-siudmaka-bedzie-dostepna-do-pazdziernika\/\" \/>\n<meta property=\"og:locale\" content=\"pl_PL\" \/>\n<meta property=\"og:type\" content=\"article\" \/>\n<meta property=\"og:title\" content=\"&quot;Uniwersum&quot; w Willi Caro. Wystawa prac Wojciecha Siudmaka b\u0119dzie dost\u0119pna do pa\u017adziernika - 24GLIWICE - Portal Gliwice | codziennie nowe informacje\" \/>\n<meta property=\"og:description\" content=\"Wystawa prac Wojciecha Siudmaka b\u0119dzie dost\u0119pna w Willi Caro a\u017c do pa\u017adziernika. W najbli\u017cszy pi\u0105tek, 8 lipca, zaplanowano wernisa\u017c\" \/>\n<meta property=\"og:url\" content=\"https:\/\/www.24gliwice.pl\/wiadomosci\/uniwersum-w-willi-caro-wystawa-prac-wojciecha-siudmaka-bedzie-dostepna-do-pazdziernika\/\" \/>\n<meta property=\"og:site_name\" content=\"24GLIWICE - Portal Gliwice | codziennie nowe informacje\" \/>\n<meta property=\"article:publisher\" content=\"https:\/\/www.facebook.com\/24gliwice\" \/>\n<meta property=\"article:published_time\" content=\"2022-07-05T14:48:28+00:00\" \/>\n<meta property=\"og:image\" content=\"https:\/\/www.24gliwice.pl\/wiadomosci\/wp-content\/uploads\/2022\/07\/siudmak_1080_1080_08_003_.jpg\" \/>\n\t<meta property=\"og:image:width\" content=\"810\" \/>\n\t<meta property=\"og:image:height\" content=\"456\" \/>\n\t<meta property=\"og:image:type\" content=\"image\/jpeg\" \/>\n<meta name=\"author\" content=\"\u017baneta Mrozek-Siewierska\" \/>\n<meta name=\"twitter:card\" content=\"summary_large_image\" \/>\n<meta name=\"twitter:creator\" content=\"@24gliwice\" \/>\n<meta name=\"twitter:site\" content=\"@24gliwice\" \/>\n<meta name=\"twitter:label1\" content=\"Napisane przez\" \/>\n\t<meta name=\"twitter:data1\" content=\"\u017baneta Mrozek-Siewierska\" \/>\n\t<meta name=\"twitter:label2\" content=\"Szacowany czas czytania\" \/>\n\t<meta name=\"twitter:data2\" content=\"1 minuta\" \/>\n<script type=\"application\/ld+json\" class=\"yoast-schema-graph\">{\"@context\":\"https:\\\/\\\/schema.org\",\"@graph\":[{\"@type\":\"Article\",\"@id\":\"https:\\\/\\\/www.24gliwice.pl\\\/wiadomosci\\\/uniwersum-w-willi-caro-wystawa-prac-wojciecha-siudmaka-bedzie-dostepna-do-pazdziernika\\\/#article\",\"isPartOf\":{\"@id\":\"https:\\\/\\\/www.24gliwice.pl\\\/wiadomosci\\\/uniwersum-w-willi-caro-wystawa-prac-wojciecha-siudmaka-bedzie-dostepna-do-pazdziernika\\\/\"},\"author\":{\"name\":\"\u017baneta Mrozek-Siewierska\",\"@id\":\"https:\\\/\\\/www.24gliwice.pl\\\/wiadomosci\\\/#\\\/schema\\\/person\\\/e42c650edd7f2fa332be3811fb166b6e\"},\"headline\":\"&#8220;Uniwersum&#8221; w Willi Caro. Wystawa prac Wojciecha Siudmaka b\u0119dzie dost\u0119pna do pa\u017adziernika\",\"datePublished\":\"2022-07-05T14:48:28+00:00\",\"mainEntityOfPage\":{\"@id\":\"https:\\\/\\\/www.24gliwice.pl\\\/wiadomosci\\\/uniwersum-w-willi-caro-wystawa-prac-wojciecha-siudmaka-bedzie-dostepna-do-pazdziernika\\\/\"},\"wordCount\":197,\"commentCount\":0,\"publisher\":{\"@id\":\"https:\\\/\\\/www.24gliwice.pl\\\/wiadomosci\\\/#organization\"},\"image\":{\"@id\":\"https:\\\/\\\/www.24gliwice.pl\\\/wiadomosci\\\/uniwersum-w-willi-caro-wystawa-prac-wojciecha-siudmaka-bedzie-dostepna-do-pazdziernika\\\/#primaryimage\"},\"thumbnailUrl\":\"https:\\\/\\\/www.24gliwice.pl\\\/wiadomosci\\\/wp-content\\\/uploads\\\/2022\\\/07\\\/siudmak_1080_1080_08_003_.jpg\",\"keywords\":[\"WILLA CARO\"],\"articleSection\":[\"Gliwice\",\"Kultura, wydarzenia, imprezy\",\"Najnowsze wiadomo\u015bci\"],\"inLanguage\":\"pl-PL\",\"potentialAction\":[{\"@type\":\"CommentAction\",\"name\":\"Comment\",\"target\":[\"https:\\\/\\\/www.24gliwice.pl\\\/wiadomosci\\\/uniwersum-w-willi-caro-wystawa-prac-wojciecha-siudmaka-bedzie-dostepna-do-pazdziernika\\\/#respond\"]}]},{\"@type\":\"WebPage\",\"@id\":\"https:\\\/\\\/www.24gliwice.pl\\\/wiadomosci\\\/uniwersum-w-willi-caro-wystawa-prac-wojciecha-siudmaka-bedzie-dostepna-do-pazdziernika\\\/\",\"url\":\"https:\\\/\\\/www.24gliwice.pl\\\/wiadomosci\\\/uniwersum-w-willi-caro-wystawa-prac-wojciecha-siudmaka-bedzie-dostepna-do-pazdziernika\\\/\",\"name\":\"\\\"Uniwersum\\\" w Willi Caro. Wystawa prac Wojciecha Siudmaka b\u0119dzie dost\u0119pna do pa\u017adziernika - 24GLIWICE - Portal Gliwice | codziennie nowe informacje\",\"isPartOf\":{\"@id\":\"https:\\\/\\\/www.24gliwice.pl\\\/wiadomosci\\\/#website\"},\"primaryImageOfPage\":{\"@id\":\"https:\\\/\\\/www.24gliwice.pl\\\/wiadomosci\\\/uniwersum-w-willi-caro-wystawa-prac-wojciecha-siudmaka-bedzie-dostepna-do-pazdziernika\\\/#primaryimage\"},\"image\":{\"@id\":\"https:\\\/\\\/www.24gliwice.pl\\\/wiadomosci\\\/uniwersum-w-willi-caro-wystawa-prac-wojciecha-siudmaka-bedzie-dostepna-do-pazdziernika\\\/#primaryimage\"},\"thumbnailUrl\":\"https:\\\/\\\/www.24gliwice.pl\\\/wiadomosci\\\/wp-content\\\/uploads\\\/2022\\\/07\\\/siudmak_1080_1080_08_003_.jpg\",\"datePublished\":\"2022-07-05T14:48:28+00:00\",\"description\":\"Wystawa prac Wojciecha Siudmaka b\u0119dzie dost\u0119pna w Willi Caro a\u017c do pa\u017adziernika. W najbli\u017cszy pi\u0105tek, 8 lipca, zaplanowano wernisa\u017c\",\"breadcrumb\":{\"@id\":\"https:\\\/\\\/www.24gliwice.pl\\\/wiadomosci\\\/uniwersum-w-willi-caro-wystawa-prac-wojciecha-siudmaka-bedzie-dostepna-do-pazdziernika\\\/#breadcrumb\"},\"inLanguage\":\"pl-PL\",\"potentialAction\":[{\"@type\":\"ReadAction\",\"target\":[\"https:\\\/\\\/www.24gliwice.pl\\\/wiadomosci\\\/uniwersum-w-willi-caro-wystawa-prac-wojciecha-siudmaka-bedzie-dostepna-do-pazdziernika\\\/\"]}]},{\"@type\":\"ImageObject\",\"inLanguage\":\"pl-PL\",\"@id\":\"https:\\\/\\\/www.24gliwice.pl\\\/wiadomosci\\\/uniwersum-w-willi-caro-wystawa-prac-wojciecha-siudmaka-bedzie-dostepna-do-pazdziernika\\\/#primaryimage\",\"url\":\"https:\\\/\\\/www.24gliwice.pl\\\/wiadomosci\\\/wp-content\\\/uploads\\\/2022\\\/07\\\/siudmak_1080_1080_08_003_.jpg\",\"contentUrl\":\"https:\\\/\\\/www.24gliwice.pl\\\/wiadomosci\\\/wp-content\\\/uploads\\\/2022\\\/07\\\/siudmak_1080_1080_08_003_.jpg\",\"width\":810,\"height\":456},{\"@type\":\"BreadcrumbList\",\"@id\":\"https:\\\/\\\/www.24gliwice.pl\\\/wiadomosci\\\/uniwersum-w-willi-caro-wystawa-prac-wojciecha-siudmaka-bedzie-dostepna-do-pazdziernika\\\/#breadcrumb\",\"itemListElement\":[{\"@type\":\"ListItem\",\"position\":1,\"name\":\"Strona g\u0142\u00f3wna\",\"item\":\"https:\\\/\\\/www.24gliwice.pl\\\/wiadomosci\\\/\"},{\"@type\":\"ListItem\",\"position\":2,\"name\":\"&#8222;Uniwersum&#8221; w Willi Caro. Wystawa prac Wojciecha Siudmaka b\u0119dzie dost\u0119pna do pa\u017adziernika\"}]},{\"@type\":\"WebSite\",\"@id\":\"https:\\\/\\\/www.24gliwice.pl\\\/wiadomosci\\\/#website\",\"url\":\"https:\\\/\\\/www.24gliwice.pl\\\/wiadomosci\\\/\",\"name\":\"24GLIWICE - Portal Gliwice | codziennie nowe wiadomo\u015bci\",\"description\":\"Portal Miejski Gliwice\",\"publisher\":{\"@id\":\"https:\\\/\\\/www.24gliwice.pl\\\/wiadomosci\\\/#organization\"},\"potentialAction\":[{\"@type\":\"SearchAction\",\"target\":{\"@type\":\"EntryPoint\",\"urlTemplate\":\"https:\\\/\\\/www.24gliwice.pl\\\/wiadomosci\\\/?s={search_term_string}\"},\"query-input\":{\"@type\":\"PropertyValueSpecification\",\"valueRequired\":true,\"valueName\":\"search_term_string\"}}],\"inLanguage\":\"pl-PL\"},{\"@type\":\"Organization\",\"@id\":\"https:\\\/\\\/www.24gliwice.pl\\\/wiadomosci\\\/#organization\",\"name\":\"24gliwice\",\"url\":\"https:\\\/\\\/www.24gliwice.pl\\\/wiadomosci\\\/\",\"logo\":{\"@type\":\"ImageObject\",\"inLanguage\":\"pl-PL\",\"@id\":\"https:\\\/\\\/www.24gliwice.pl\\\/wiadomosci\\\/#\\\/schema\\\/logo\\\/image\\\/\",\"url\":\"https:\\\/\\\/www.24gliwice.pl\\\/wiadomosci\\\/wp-content\\\/uploads\\\/2024\\\/10\\\/24gliwice-logo-696.jpg\",\"contentUrl\":\"https:\\\/\\\/www.24gliwice.pl\\\/wiadomosci\\\/wp-content\\\/uploads\\\/2024\\\/10\\\/24gliwice-logo-696.jpg\",\"width\":696,\"height\":696,\"caption\":\"24gliwice\"},\"image\":{\"@id\":\"https:\\\/\\\/www.24gliwice.pl\\\/wiadomosci\\\/#\\\/schema\\\/logo\\\/image\\\/\"},\"sameAs\":[\"https:\\\/\\\/www.facebook.com\\\/24gliwice\",\"https:\\\/\\\/x.com\\\/24gliwice\",\"https:\\\/\\\/www.youtube.com\\\/@24gliwice\"]},{\"@type\":\"Person\",\"@id\":\"https:\\\/\\\/www.24gliwice.pl\\\/wiadomosci\\\/#\\\/schema\\\/person\\\/e42c650edd7f2fa332be3811fb166b6e\",\"name\":\"\u017baneta Mrozek-Siewierska\",\"image\":{\"@type\":\"ImageObject\",\"inLanguage\":\"pl-PL\",\"@id\":\"https:\\\/\\\/www.24gliwice.pl\\\/wiadomosci\\\/wp-content\\\/uploads\\\/2021\\\/11\\\/Zaneta-M_S-zdjecie-czb-96x96.jpg\",\"url\":\"https:\\\/\\\/www.24gliwice.pl\\\/wiadomosci\\\/wp-content\\\/uploads\\\/2021\\\/11\\\/Zaneta-M_S-zdjecie-czb-96x96.jpg\",\"contentUrl\":\"https:\\\/\\\/www.24gliwice.pl\\\/wiadomosci\\\/wp-content\\\/uploads\\\/2021\\\/11\\\/Zaneta-M_S-zdjecie-czb-96x96.jpg\",\"caption\":\"\u017baneta Mrozek-Siewierska\"},\"url\":\"https:\\\/\\\/www.24gliwice.pl\\\/wiadomosci\\\/author\\\/zms\\\/\"}]}<\/script>\n<!-- \/ Yoast SEO plugin. -->","yoast_head_json":{"title":"\"Uniwersum\" w Willi Caro. Wystawa prac Wojciecha Siudmaka b\u0119dzie dost\u0119pna do pa\u017adziernika - 24GLIWICE - Portal Gliwice | codziennie nowe informacje","description":"Wystawa prac Wojciecha Siudmaka b\u0119dzie dost\u0119pna w Willi Caro a\u017c do pa\u017adziernika. W najbli\u017cszy pi\u0105tek, 8 lipca, zaplanowano wernisa\u017c","robots":{"index":"index","follow":"follow","max-snippet":"max-snippet:-1","max-image-preview":"max-image-preview:large","max-video-preview":"max-video-preview:-1"},"canonical":"https:\/\/www.24gliwice.pl\/wiadomosci\/uniwersum-w-willi-caro-wystawa-prac-wojciecha-siudmaka-bedzie-dostepna-do-pazdziernika\/","og_locale":"pl_PL","og_type":"article","og_title":"\"Uniwersum\" w Willi Caro. Wystawa prac Wojciecha Siudmaka b\u0119dzie dost\u0119pna do pa\u017adziernika - 24GLIWICE - Portal Gliwice | codziennie nowe informacje","og_description":"Wystawa prac Wojciecha Siudmaka b\u0119dzie dost\u0119pna w Willi Caro a\u017c do pa\u017adziernika. W najbli\u017cszy pi\u0105tek, 8 lipca, zaplanowano wernisa\u017c","og_url":"https:\/\/www.24gliwice.pl\/wiadomosci\/uniwersum-w-willi-caro-wystawa-prac-wojciecha-siudmaka-bedzie-dostepna-do-pazdziernika\/","og_site_name":"24GLIWICE - Portal Gliwice | codziennie nowe informacje","article_publisher":"https:\/\/www.facebook.com\/24gliwice","article_published_time":"2022-07-05T14:48:28+00:00","og_image":[{"width":810,"height":456,"url":"https:\/\/www.24gliwice.pl\/wiadomosci\/wp-content\/uploads\/2022\/07\/siudmak_1080_1080_08_003_.jpg","type":"image\/jpeg"}],"author":"\u017baneta Mrozek-Siewierska","twitter_card":"summary_large_image","twitter_creator":"@24gliwice","twitter_site":"@24gliwice","twitter_misc":{"Napisane przez":"\u017baneta Mrozek-Siewierska","Szacowany czas czytania":"1 minuta"},"schema":{"@context":"https:\/\/schema.org","@graph":[{"@type":"Article","@id":"https:\/\/www.24gliwice.pl\/wiadomosci\/uniwersum-w-willi-caro-wystawa-prac-wojciecha-siudmaka-bedzie-dostepna-do-pazdziernika\/#article","isPartOf":{"@id":"https:\/\/www.24gliwice.pl\/wiadomosci\/uniwersum-w-willi-caro-wystawa-prac-wojciecha-siudmaka-bedzie-dostepna-do-pazdziernika\/"},"author":{"name":"\u017baneta Mrozek-Siewierska","@id":"https:\/\/www.24gliwice.pl\/wiadomosci\/#\/schema\/person\/e42c650edd7f2fa332be3811fb166b6e"},"headline":"&#8220;Uniwersum&#8221; w Willi Caro. Wystawa prac Wojciecha Siudmaka b\u0119dzie dost\u0119pna do pa\u017adziernika","datePublished":"2022-07-05T14:48:28+00:00","mainEntityOfPage":{"@id":"https:\/\/www.24gliwice.pl\/wiadomosci\/uniwersum-w-willi-caro-wystawa-prac-wojciecha-siudmaka-bedzie-dostepna-do-pazdziernika\/"},"wordCount":197,"commentCount":0,"publisher":{"@id":"https:\/\/www.24gliwice.pl\/wiadomosci\/#organization"},"image":{"@id":"https:\/\/www.24gliwice.pl\/wiadomosci\/uniwersum-w-willi-caro-wystawa-prac-wojciecha-siudmaka-bedzie-dostepna-do-pazdziernika\/#primaryimage"},"thumbnailUrl":"https:\/\/www.24gliwice.pl\/wiadomosci\/wp-content\/uploads\/2022\/07\/siudmak_1080_1080_08_003_.jpg","keywords":["WILLA CARO"],"articleSection":["Gliwice","Kultura, wydarzenia, imprezy","Najnowsze wiadomo\u015bci"],"inLanguage":"pl-PL","potentialAction":[{"@type":"CommentAction","name":"Comment","target":["https:\/\/www.24gliwice.pl\/wiadomosci\/uniwersum-w-willi-caro-wystawa-prac-wojciecha-siudmaka-bedzie-dostepna-do-pazdziernika\/#respond"]}]},{"@type":"WebPage","@id":"https:\/\/www.24gliwice.pl\/wiadomosci\/uniwersum-w-willi-caro-wystawa-prac-wojciecha-siudmaka-bedzie-dostepna-do-pazdziernika\/","url":"https:\/\/www.24gliwice.pl\/wiadomosci\/uniwersum-w-willi-caro-wystawa-prac-wojciecha-siudmaka-bedzie-dostepna-do-pazdziernika\/","name":"\"Uniwersum\" w Willi Caro. Wystawa prac Wojciecha Siudmaka b\u0119dzie dost\u0119pna do pa\u017adziernika - 24GLIWICE - Portal Gliwice | codziennie nowe informacje","isPartOf":{"@id":"https:\/\/www.24gliwice.pl\/wiadomosci\/#website"},"primaryImageOfPage":{"@id":"https:\/\/www.24gliwice.pl\/wiadomosci\/uniwersum-w-willi-caro-wystawa-prac-wojciecha-siudmaka-bedzie-dostepna-do-pazdziernika\/#primaryimage"},"image":{"@id":"https:\/\/www.24gliwice.pl\/wiadomosci\/uniwersum-w-willi-caro-wystawa-prac-wojciecha-siudmaka-bedzie-dostepna-do-pazdziernika\/#primaryimage"},"thumbnailUrl":"https:\/\/www.24gliwice.pl\/wiadomosci\/wp-content\/uploads\/2022\/07\/siudmak_1080_1080_08_003_.jpg","datePublished":"2022-07-05T14:48:28+00:00","description":"Wystawa prac Wojciecha Siudmaka b\u0119dzie dost\u0119pna w Willi Caro a\u017c do pa\u017adziernika. W najbli\u017cszy pi\u0105tek, 8 lipca, zaplanowano wernisa\u017c","breadcrumb":{"@id":"https:\/\/www.24gliwice.pl\/wiadomosci\/uniwersum-w-willi-caro-wystawa-prac-wojciecha-siudmaka-bedzie-dostepna-do-pazdziernika\/#breadcrumb"},"inLanguage":"pl-PL","potentialAction":[{"@type":"ReadAction","target":["https:\/\/www.24gliwice.pl\/wiadomosci\/uniwersum-w-willi-caro-wystawa-prac-wojciecha-siudmaka-bedzie-dostepna-do-pazdziernika\/"]}]},{"@type":"ImageObject","inLanguage":"pl-PL","@id":"https:\/\/www.24gliwice.pl\/wiadomosci\/uniwersum-w-willi-caro-wystawa-prac-wojciecha-siudmaka-bedzie-dostepna-do-pazdziernika\/#primaryimage","url":"https:\/\/www.24gliwice.pl\/wiadomosci\/wp-content\/uploads\/2022\/07\/siudmak_1080_1080_08_003_.jpg","contentUrl":"https:\/\/www.24gliwice.pl\/wiadomosci\/wp-content\/uploads\/2022\/07\/siudmak_1080_1080_08_003_.jpg","width":810,"height":456},{"@type":"BreadcrumbList","@id":"https:\/\/www.24gliwice.pl\/wiadomosci\/uniwersum-w-willi-caro-wystawa-prac-wojciecha-siudmaka-bedzie-dostepna-do-pazdziernika\/#breadcrumb","itemListElement":[{"@type":"ListItem","position":1,"name":"Strona g\u0142\u00f3wna","item":"https:\/\/www.24gliwice.pl\/wiadomosci\/"},{"@type":"ListItem","position":2,"name":"&#8222;Uniwersum&#8221; w Willi Caro. Wystawa prac Wojciecha Siudmaka b\u0119dzie dost\u0119pna do pa\u017adziernika"}]},{"@type":"WebSite","@id":"https:\/\/www.24gliwice.pl\/wiadomosci\/#website","url":"https:\/\/www.24gliwice.pl\/wiadomosci\/","name":"24GLIWICE - Portal Gliwice | codziennie nowe wiadomo\u015bci","description":"Portal Miejski Gliwice","publisher":{"@id":"https:\/\/www.24gliwice.pl\/wiadomosci\/#organization"},"potentialAction":[{"@type":"SearchAction","target":{"@type":"EntryPoint","urlTemplate":"https:\/\/www.24gliwice.pl\/wiadomosci\/?s={search_term_string}"},"query-input":{"@type":"PropertyValueSpecification","valueRequired":true,"valueName":"search_term_string"}}],"inLanguage":"pl-PL"},{"@type":"Organization","@id":"https:\/\/www.24gliwice.pl\/wiadomosci\/#organization","name":"24gliwice","url":"https:\/\/www.24gliwice.pl\/wiadomosci\/","logo":{"@type":"ImageObject","inLanguage":"pl-PL","@id":"https:\/\/www.24gliwice.pl\/wiadomosci\/#\/schema\/logo\/image\/","url":"https:\/\/www.24gliwice.pl\/wiadomosci\/wp-content\/uploads\/2024\/10\/24gliwice-logo-696.jpg","contentUrl":"https:\/\/www.24gliwice.pl\/wiadomosci\/wp-content\/uploads\/2024\/10\/24gliwice-logo-696.jpg","width":696,"height":696,"caption":"24gliwice"},"image":{"@id":"https:\/\/www.24gliwice.pl\/wiadomosci\/#\/schema\/logo\/image\/"},"sameAs":["https:\/\/www.facebook.com\/24gliwice","https:\/\/x.com\/24gliwice","https:\/\/www.youtube.com\/@24gliwice"]},{"@type":"Person","@id":"https:\/\/www.24gliwice.pl\/wiadomosci\/#\/schema\/person\/e42c650edd7f2fa332be3811fb166b6e","name":"\u017baneta Mrozek-Siewierska","image":{"@type":"ImageObject","inLanguage":"pl-PL","@id":"https:\/\/www.24gliwice.pl\/wiadomosci\/wp-content\/uploads\/2021\/11\/Zaneta-M_S-zdjecie-czb-96x96.jpg","url":"https:\/\/www.24gliwice.pl\/wiadomosci\/wp-content\/uploads\/2021\/11\/Zaneta-M_S-zdjecie-czb-96x96.jpg","contentUrl":"https:\/\/www.24gliwice.pl\/wiadomosci\/wp-content\/uploads\/2021\/11\/Zaneta-M_S-zdjecie-czb-96x96.jpg","caption":"\u017baneta Mrozek-Siewierska"},"url":"https:\/\/www.24gliwice.pl\/wiadomosci\/author\/zms\/"}]}},"_links":{"self":[{"href":"https:\/\/www.24gliwice.pl\/wiadomosci\/wp-json\/wp\/v2\/posts\/195909","targetHints":{"allow":["GET"]}}],"collection":[{"href":"https:\/\/www.24gliwice.pl\/wiadomosci\/wp-json\/wp\/v2\/posts"}],"about":[{"href":"https:\/\/www.24gliwice.pl\/wiadomosci\/wp-json\/wp\/v2\/types\/post"}],"author":[{"embeddable":true,"href":"https:\/\/www.24gliwice.pl\/wiadomosci\/wp-json\/wp\/v2\/users\/15"}],"replies":[{"embeddable":true,"href":"https:\/\/www.24gliwice.pl\/wiadomosci\/wp-json\/wp\/v2\/comments?post=195909"}],"version-history":[{"count":4,"href":"https:\/\/www.24gliwice.pl\/wiadomosci\/wp-json\/wp\/v2\/posts\/195909\/revisions"}],"predecessor-version":[{"id":195931,"href":"https:\/\/www.24gliwice.pl\/wiadomosci\/wp-json\/wp\/v2\/posts\/195909\/revisions\/195931"}],"wp:featuredmedia":[{"embeddable":true,"href":"https:\/\/www.24gliwice.pl\/wiadomosci\/wp-json\/wp\/v2\/media\/195911"}],"wp:attachment":[{"href":"https:\/\/www.24gliwice.pl\/wiadomosci\/wp-json\/wp\/v2\/media?parent=195909"}],"wp:term":[{"taxonomy":"category","embeddable":true,"href":"https:\/\/www.24gliwice.pl\/wiadomosci\/wp-json\/wp\/v2\/categories?post=195909"},{"taxonomy":"post_tag","embeddable":true,"href":"https:\/\/www.24gliwice.pl\/wiadomosci\/wp-json\/wp\/v2\/tags?post=195909"}],"curies":[{"name":"wp","href":"https:\/\/api.w.org\/{rel}","templated":true}]}}