{"id":195920,"date":"2022-07-05T19:59:59","date_gmt":"2022-07-05T17:59:59","guid":{"rendered":"https:\/\/www.24gliwice.pl\/wiadomosci\/?p=195920"},"modified":"2022-07-05T20:04:36","modified_gmt":"2022-07-05T18:04:36","slug":"nieruchomosc-po-znanym-w-gliwicach-sklepie-budowlanym-wystawiona-na-sprzedaz","status":"publish","type":"post","link":"https:\/\/www.24gliwice.pl\/wiadomosci\/nieruchomosc-po-znanym-w-gliwicach-sklepie-budowlanym-wystawiona-na-sprzedaz\/","title":{"rendered":"Nieruchomo\u015b\u0107 po filii znanego w Gliwicach sklepu budowlanego wystawiona na sprzeda\u017c"},"content":{"rendered":"<div class=\"gliwi-a6-nad-leadem-artykulow gliwi-entity-placement\" id=\"gliwi-170700025\"><div class=\"gliwi-adlabel\"><span style=\"font-size: 9px\">REKLAMA<\/span><\/div><div id=\"gliwi-3990719607\" style=\"margin-bottom: 30px;margin-left: auto;margin-right: auto;text-align: center;\"><a data-no-instant=\"1\" href=\"https:\/\/przedszkole.halogen.org.pl\/\" rel=\"noopener\" class=\"a2t-link\" target=\"_blank\" aria-label=\"20260402-ANIMATOR-przedszkole_grafika_750x200\"><img loading=\"lazy\" decoding=\"async\" src=\"https:\/\/www.24gliwice.pl\/wiadomosci\/wp-content\/uploads\/2026\/04\/20260402-ANIMATOR-przedszkole_grafika_750x200.webp\" alt=\"\"  srcset=\"https:\/\/www.24gliwice.pl\/wiadomosci\/wp-content\/uploads\/2026\/04\/20260402-ANIMATOR-przedszkole_grafika_750x200.webp 750w, https:\/\/www.24gliwice.pl\/wiadomosci\/wp-content\/uploads\/2026\/04\/20260402-ANIMATOR-przedszkole_grafika_750x200-410x109.webp 410w\" sizes=\"(max-width: 750px) 100vw, 750px\" class=\"no-lazyload\" width=\"750\" height=\"200\"  style=\"display: inline-block; max-width: 100%; height: auto;\" \/><\/a><\/div><\/div><h2>Lokal, w kt\u00f3rym cz\u0119\u015bciowo mie\u015bci\u0142 si\u0119 jeden z salon\u00f3w firmy MATBUD, wystawiono na sprzeda\u017c. Cena wywo\u0142awcza nieruchomo\u015bci o powierzchni blisko 350 m2 wynosi 713 tys. z\u0142. Przetarg odb\u0119dzie si\u0119 jeszcze w tym miesi\u0105cu.<\/h2>\n<p>&nbsp;<br \/>\nChodzi dok\u0142adnie o po\u0142o\u017cony na parterze lokal u\u017cytkowy nr III przy ulicy Pszczy\u0144skiej 133 do generalnego remontu. Sk\u0142ada si\u0119 on z 8 pomieszcze\u0144, 3 korytarzy, hallu, a tak\u017ce wc. Termin ogl\u0105dalno\u015bci nieruchomo\u015bci wyznaczono na 15 lipca. By z niego skorzysta\u0107 nale\u017cy si\u0119 uprzednio (do 13 lipca) skontaktowa\u0107 z z ROM 2, Oddzia\u0142 1, ul. Zabrska 15, telefon: 32 339-29-82.<\/p>\n<h4>Z kolei aby wzi\u0105\u0107 udzia\u0142 w przetargu nale\u017cy wp\u0142aci\u0107 wadium w wysoko\u015bci 36 tys. z\u0142. Minimalne post\u0105pienie podczas licytacji wynosi nieco ponad 7 tysi\u0119cy. <\/h4>\n<p>Przypomnijmy, \u017ce wcze\u015bniej w lokalu tym mie\u015bci\u0142 si\u0119 jeden z salon\u00f3w firmy MATBUD sprzedaj\u0105cej materia\u0142y budowlane oraz wyko\u0144czeniowe. Zamkni\u0119to go 1 lutego br. By\u0142a to jedna z filii &#8211; drugi z salon\u00f3w nadal funkcjonuje przy ulicy Andersa 20. <\/p><div class=\"gliwi-a3-w-tresci-artykulow gliwi-entity-placement\" id=\"gliwi-3490427214\"><div class=\"gliwi-adlabel\"><span style=\"font-size: 9px\">REKLAMA<\/span><\/div><div id=\"gliwi-3275049385\" style=\"margin-bottom: 30px;margin-left: auto;margin-right: auto;text-align: center;\"><a data-no-instant=\"1\" href=\"https:\/\/ogrodyandersa.pl\/\" rel=\"noopener\" class=\"a2t-link\" target=\"_blank\" aria-label=\"20260415 Ogrody Andersa KUP TERAZ D\"><img loading=\"lazy\" decoding=\"async\" src=\"https:\/\/www.24gliwice.pl\/wiadomosci\/wp-content\/uploads\/2026\/04\/20260415-Ogrody-Andersa-KUP-TERAZ-D.jpg\" alt=\"\"  srcset=\"https:\/\/www.24gliwice.pl\/wiadomosci\/wp-content\/uploads\/2026\/04\/20260415-Ogrody-Andersa-KUP-TERAZ-D.jpg 750w, https:\/\/www.24gliwice.pl\/wiadomosci\/wp-content\/uploads\/2026\/04\/20260415-Ogrody-Andersa-KUP-TERAZ-D-410x109.jpg 410w\" sizes=\"(max-width: 750px) 100vw, 750px\" class=\"no-lazyload\" width=\"750\" height=\"200\"  style=\"display: inline-block; max-width: 100%; height: auto;\" \/><\/a><\/div><\/div>\n<p><a href=\"https:\/\/www.24gliwice.pl\/wiadomosci\/wp-content\/uploads\/2022\/07\/matbud2.jpg\"><img loading=\"lazy\" decoding=\"async\" src=\"https:\/\/www.24gliwice.pl\/wiadomosci\/wp-content\/uploads\/2022\/07\/matbud2.jpg\" alt=\"\" width=\"810\" height=\"457\" class=\"alignnone size-full wp-image-195927\" srcset=\"https:\/\/www.24gliwice.pl\/wiadomosci\/wp-content\/uploads\/2022\/07\/matbud2.jpg 810w, https:\/\/www.24gliwice.pl\/wiadomosci\/wp-content\/uploads\/2022\/07\/matbud2-410x232.jpg 410w, https:\/\/www.24gliwice.pl\/wiadomosci\/wp-content\/uploads\/2022\/07\/matbud2-806x455.jpg 806w, https:\/\/www.24gliwice.pl\/wiadomosci\/wp-content\/uploads\/2022\/07\/matbud2-768x433.jpg 768w\" sizes=\"auto, (max-width: 810px) 100vw, 810px\" \/><\/a><\/p>\n<p>&#8211; <em>Z uwagi na du\u017ce mo\u017cliwo\u015bci rozwojowe hurtowni MATBUD \u0141azienki przy ul. Andersa 20 prowadzenie dzia\u0142alno\u015bci przy ul Pszczy\u0144skiej 133 przesta\u0142o by\u0107 rentowne<\/em> &#8211; poinformowa\u0142 nas <strong>Kazimierz Kula<\/strong>, w\u0142a\u015bciciel firmy MATBUD. <\/p>\n<p>Lokal wystawiony na sprzeda\u017c przez Zak\u0142ad Gospodarki Mieszkaniowej, stanowi\u0142 cz\u0119\u015b\u0107 zlikwidowanego ju\u017c salonu MATBUD-u.<\/p>\n<p>&#8211; <em>Korzystali\u015bmy z w\u0142asnego lokalu w po\u0142\u0105czeniu z lokalem z ZGM, kt\u00f3ry obecnie miasto sprzedaje<\/em> &#8211; doprecyzowuje Kazimierz Kula. <\/p>\n<p><a href=\"https:\/\/www.24gliwice.pl\/wiadomosci\/wp-content\/uploads\/2022\/07\/matbud1.jpg\"><img loading=\"lazy\" decoding=\"async\" src=\"https:\/\/www.24gliwice.pl\/wiadomosci\/wp-content\/uploads\/2022\/07\/matbud1.jpg\" alt=\"\" width=\"810\" height=\"456\" class=\"alignnone size-full wp-image-195926\" srcset=\"https:\/\/www.24gliwice.pl\/wiadomosci\/wp-content\/uploads\/2022\/07\/matbud1.jpg 810w, https:\/\/www.24gliwice.pl\/wiadomosci\/wp-content\/uploads\/2022\/07\/matbud1-410x232.jpg 410w, https:\/\/www.24gliwice.pl\/wiadomosci\/wp-content\/uploads\/2022\/07\/matbud1-808x455.jpg 808w, https:\/\/www.24gliwice.pl\/wiadomosci\/wp-content\/uploads\/2022\/07\/matbud1-768x432.jpg 768w\" sizes=\"auto, (max-width: 810px) 100vw, 810px\" \/><\/a><\/p>\n<p>Przetarg na zbycie nieruchomo\u015bci, kt\u00f3rej w\u0142a\u015bcicielem jest miasto, odb\u0119dzie si\u0119 25 lipca. Do 19. dnia tego miesi\u0105ca nale\u017cy wp\u0142aci\u0107 wadium. Wi\u0119cej informacji mo\u017cna znale\u017a\u0107 na <a href=\"https:\/\/zgm-gliwice.pl\/pszczynska-133-iii\/\" rel=\"noopener\" target=\"_blank\">stronie ZGM Gliwice &#8211; kliknij tutaj. <\/a><\/p>\n<p>(\u017cms)<br \/>\nfot. 24GLIWICE\/\u0141G<\/p>\n<div class=\"gliwi-a5-na-koncu-artykulow gliwi-entity-placement\" id=\"gliwi-2118494602\"><div class=\"gliwi-adlabel\"><span style=\"font-size: 9px\">REKLAMA<\/span><\/div><div id=\"gliwi-1221533443\" style=\"margin-left: auto;margin-right: auto;text-align: center;\"><a data-no-instant=\"1\" href=\"https:\/\/prezeroarenagliwice.pl\/\" rel=\"noopener\" class=\"a2t-link\" target=\"_blank\" aria-label=\"20260309-PREZERO-WIOSNA-D\"><img loading=\"lazy\" decoding=\"async\" src=\"https:\/\/www.24gliwice.pl\/wiadomosci\/wp-content\/uploads\/2026\/03\/20260309-PREZERO-WIOSNA-D.webp\" alt=\"\"  srcset=\"https:\/\/www.24gliwice.pl\/wiadomosci\/wp-content\/uploads\/2026\/03\/20260309-PREZERO-WIOSNA-D.webp 750w, https:\/\/www.24gliwice.pl\/wiadomosci\/wp-content\/uploads\/2026\/03\/20260309-PREZERO-WIOSNA-D-410x109.webp 410w\" sizes=\"(max-width: 750px) 100vw, 750px\" class=\"no-lazyload\" width=\"750\" height=\"200\"  style=\"display: inline-block; max-width: 100%; height: auto;\" \/><\/a><\/div><\/div>","protected":false},"excerpt":{"rendered":"<p>Lokal, w kt\u00f3rym cz\u0119\u015bciowo mie\u015bci\u0142 si\u0119 jeden z salon\u00f3w firmy MATBUD, wystawiono na sprzeda\u017c. Cena wywo\u0142awcza nieruchomo\u015bci o powierzchni blisko 350 m2 wynosi 713 tys. z\u0142. Przetarg odb\u0119dzie si\u0119 jeszcze w tym miesi\u0105cu. &nbsp; Chodzi dok\u0142adnie o po\u0142o\u017cony na parterze lokal u\u017cytkowy nr III przy ulicy Pszczy\u0144skiej 133 do generalnego remontu. Sk\u0142ada si\u0119 on z [&hellip;]<\/p>\n","protected":false},"author":15,"featured_media":195928,"comment_status":"open","ping_status":"closed","sticky":false,"template":"","format":"standard","meta":{"_monsterinsights_skip_tracking":false,"_monsterinsights_sitenote_active":false,"_monsterinsights_sitenote_note":"","_monsterinsights_sitenote_category":0,"footnotes":"","_links_to":"","_links_to_target":""},"categories":[3,1],"tags":[],"class_list":["post-195920","post","type-post","status-publish","format-standard","has-post-thumbnail","hentry","category-gliwice","category-wszystko"],"yoast_head":"<!-- This site is optimized with the Yoast SEO plugin v27.4 - https:\/\/yoast.com\/product\/yoast-seo-wordpress\/ -->\n<title>Nieruchomo\u015b\u0107 po filii znanego w Gliwicach sklepu budowlanego wystawiona na sprzeda\u017c - 24GLIWICE - Portal Gliwice | codziennie nowe informacje<\/title>\n<meta name=\"description\" content=\"Lokal, w kt\u00f3rym mie\u015bci\u0142 si\u0119 cz\u0119\u015bciowo salon sprzeda\u017cy firmy MATBUD wystawiono na sprzeda\u017c. W lutym br. zamkni\u0119to dzia\u0142alno\u015b\u0107 sk\u0142adu\" \/>\n<meta name=\"robots\" content=\"index, follow, max-snippet:-1, max-image-preview:large, max-video-preview:-1\" \/>\n<link rel=\"canonical\" href=\"https:\/\/www.24gliwice.pl\/wiadomosci\/nieruchomosc-po-znanym-w-gliwicach-sklepie-budowlanym-wystawiona-na-sprzedaz\/\" \/>\n<meta property=\"og:locale\" content=\"pl_PL\" \/>\n<meta property=\"og:type\" content=\"article\" \/>\n<meta property=\"og:title\" content=\"Nieruchomo\u015b\u0107 po filii znanego w Gliwicach sklepu budowlanego wystawiona na sprzeda\u017c - 24GLIWICE - Portal Gliwice | codziennie nowe informacje\" \/>\n<meta property=\"og:description\" content=\"Lokal, w kt\u00f3rym mie\u015bci\u0142 si\u0119 cz\u0119\u015bciowo salon sprzeda\u017cy firmy MATBUD wystawiono na sprzeda\u017c. W lutym br. zamkni\u0119to dzia\u0142alno\u015b\u0107 sk\u0142adu\" \/>\n<meta property=\"og:url\" content=\"https:\/\/www.24gliwice.pl\/wiadomosci\/nieruchomosc-po-znanym-w-gliwicach-sklepie-budowlanym-wystawiona-na-sprzedaz\/\" \/>\n<meta property=\"og:site_name\" content=\"24GLIWICE - Portal Gliwice | codziennie nowe informacje\" \/>\n<meta property=\"article:publisher\" content=\"https:\/\/www.facebook.com\/24gliwice\" \/>\n<meta property=\"article:published_time\" content=\"2022-07-05T17:59:59+00:00\" \/>\n<meta property=\"article:modified_time\" content=\"2022-07-05T18:04:36+00:00\" \/>\n<meta property=\"og:image\" content=\"https:\/\/www.24gliwice.pl\/wiadomosci\/wp-content\/uploads\/2022\/07\/matbud3.jpg\" \/>\n\t<meta property=\"og:image:width\" content=\"810\" \/>\n\t<meta property=\"og:image:height\" content=\"456\" \/>\n\t<meta property=\"og:image:type\" content=\"image\/jpeg\" \/>\n<meta name=\"author\" content=\"\u017baneta Mrozek-Siewierska\" \/>\n<meta name=\"twitter:card\" content=\"summary_large_image\" \/>\n<meta name=\"twitter:creator\" content=\"@24gliwice\" \/>\n<meta name=\"twitter:site\" content=\"@24gliwice\" \/>\n<meta name=\"twitter:label1\" content=\"Napisane przez\" \/>\n\t<meta name=\"twitter:data1\" content=\"\u017baneta Mrozek-Siewierska\" \/>\n\t<meta name=\"twitter:label2\" content=\"Szacowany czas czytania\" \/>\n\t<meta name=\"twitter:data2\" content=\"1 minuta\" \/>\n<script type=\"application\/ld+json\" class=\"yoast-schema-graph\">{\"@context\":\"https:\\\/\\\/schema.org\",\"@graph\":[{\"@type\":\"Article\",\"@id\":\"https:\\\/\\\/www.24gliwice.pl\\\/wiadomosci\\\/nieruchomosc-po-znanym-w-gliwicach-sklepie-budowlanym-wystawiona-na-sprzedaz\\\/#article\",\"isPartOf\":{\"@id\":\"https:\\\/\\\/www.24gliwice.pl\\\/wiadomosci\\\/nieruchomosc-po-znanym-w-gliwicach-sklepie-budowlanym-wystawiona-na-sprzedaz\\\/\"},\"author\":{\"name\":\"\u017baneta Mrozek-Siewierska\",\"@id\":\"https:\\\/\\\/www.24gliwice.pl\\\/wiadomosci\\\/#\\\/schema\\\/person\\\/e42c650edd7f2fa332be3811fb166b6e\"},\"headline\":\"Nieruchomo\u015b\u0107 po filii znanego w Gliwicach sklepu budowlanego wystawiona na sprzeda\u017c\",\"datePublished\":\"2022-07-05T17:59:59+00:00\",\"dateModified\":\"2022-07-05T18:04:36+00:00\",\"mainEntityOfPage\":{\"@id\":\"https:\\\/\\\/www.24gliwice.pl\\\/wiadomosci\\\/nieruchomosc-po-znanym-w-gliwicach-sklepie-budowlanym-wystawiona-na-sprzedaz\\\/\"},\"wordCount\":304,\"commentCount\":0,\"publisher\":{\"@id\":\"https:\\\/\\\/www.24gliwice.pl\\\/wiadomosci\\\/#organization\"},\"image\":{\"@id\":\"https:\\\/\\\/www.24gliwice.pl\\\/wiadomosci\\\/nieruchomosc-po-znanym-w-gliwicach-sklepie-budowlanym-wystawiona-na-sprzedaz\\\/#primaryimage\"},\"thumbnailUrl\":\"https:\\\/\\\/www.24gliwice.pl\\\/wiadomosci\\\/wp-content\\\/uploads\\\/2022\\\/07\\\/matbud3.jpg\",\"articleSection\":[\"Gliwice\",\"Najnowsze wiadomo\u015bci\"],\"inLanguage\":\"pl-PL\",\"potentialAction\":[{\"@type\":\"CommentAction\",\"name\":\"Comment\",\"target\":[\"https:\\\/\\\/www.24gliwice.pl\\\/wiadomosci\\\/nieruchomosc-po-znanym-w-gliwicach-sklepie-budowlanym-wystawiona-na-sprzedaz\\\/#respond\"]}]},{\"@type\":\"WebPage\",\"@id\":\"https:\\\/\\\/www.24gliwice.pl\\\/wiadomosci\\\/nieruchomosc-po-znanym-w-gliwicach-sklepie-budowlanym-wystawiona-na-sprzedaz\\\/\",\"url\":\"https:\\\/\\\/www.24gliwice.pl\\\/wiadomosci\\\/nieruchomosc-po-znanym-w-gliwicach-sklepie-budowlanym-wystawiona-na-sprzedaz\\\/\",\"name\":\"Nieruchomo\u015b\u0107 po filii znanego w Gliwicach sklepu budowlanego wystawiona na sprzeda\u017c - 24GLIWICE - Portal Gliwice | codziennie nowe informacje\",\"isPartOf\":{\"@id\":\"https:\\\/\\\/www.24gliwice.pl\\\/wiadomosci\\\/#website\"},\"primaryImageOfPage\":{\"@id\":\"https:\\\/\\\/www.24gliwice.pl\\\/wiadomosci\\\/nieruchomosc-po-znanym-w-gliwicach-sklepie-budowlanym-wystawiona-na-sprzedaz\\\/#primaryimage\"},\"image\":{\"@id\":\"https:\\\/\\\/www.24gliwice.pl\\\/wiadomosci\\\/nieruchomosc-po-znanym-w-gliwicach-sklepie-budowlanym-wystawiona-na-sprzedaz\\\/#primaryimage\"},\"thumbnailUrl\":\"https:\\\/\\\/www.24gliwice.pl\\\/wiadomosci\\\/wp-content\\\/uploads\\\/2022\\\/07\\\/matbud3.jpg\",\"datePublished\":\"2022-07-05T17:59:59+00:00\",\"dateModified\":\"2022-07-05T18:04:36+00:00\",\"description\":\"Lokal, w kt\u00f3rym mie\u015bci\u0142 si\u0119 cz\u0119\u015bciowo salon sprzeda\u017cy firmy MATBUD wystawiono na sprzeda\u017c. W lutym br. zamkni\u0119to dzia\u0142alno\u015b\u0107 sk\u0142adu\",\"breadcrumb\":{\"@id\":\"https:\\\/\\\/www.24gliwice.pl\\\/wiadomosci\\\/nieruchomosc-po-znanym-w-gliwicach-sklepie-budowlanym-wystawiona-na-sprzedaz\\\/#breadcrumb\"},\"inLanguage\":\"pl-PL\",\"potentialAction\":[{\"@type\":\"ReadAction\",\"target\":[\"https:\\\/\\\/www.24gliwice.pl\\\/wiadomosci\\\/nieruchomosc-po-znanym-w-gliwicach-sklepie-budowlanym-wystawiona-na-sprzedaz\\\/\"]}]},{\"@type\":\"ImageObject\",\"inLanguage\":\"pl-PL\",\"@id\":\"https:\\\/\\\/www.24gliwice.pl\\\/wiadomosci\\\/nieruchomosc-po-znanym-w-gliwicach-sklepie-budowlanym-wystawiona-na-sprzedaz\\\/#primaryimage\",\"url\":\"https:\\\/\\\/www.24gliwice.pl\\\/wiadomosci\\\/wp-content\\\/uploads\\\/2022\\\/07\\\/matbud3.jpg\",\"contentUrl\":\"https:\\\/\\\/www.24gliwice.pl\\\/wiadomosci\\\/wp-content\\\/uploads\\\/2022\\\/07\\\/matbud3.jpg\",\"width\":810,\"height\":456},{\"@type\":\"BreadcrumbList\",\"@id\":\"https:\\\/\\\/www.24gliwice.pl\\\/wiadomosci\\\/nieruchomosc-po-znanym-w-gliwicach-sklepie-budowlanym-wystawiona-na-sprzedaz\\\/#breadcrumb\",\"itemListElement\":[{\"@type\":\"ListItem\",\"position\":1,\"name\":\"Strona g\u0142\u00f3wna\",\"item\":\"https:\\\/\\\/www.24gliwice.pl\\\/wiadomosci\\\/\"},{\"@type\":\"ListItem\",\"position\":2,\"name\":\"Nieruchomo\u015b\u0107 po filii znanego w Gliwicach sklepu budowlanego wystawiona na sprzeda\u017c\"}]},{\"@type\":\"WebSite\",\"@id\":\"https:\\\/\\\/www.24gliwice.pl\\\/wiadomosci\\\/#website\",\"url\":\"https:\\\/\\\/www.24gliwice.pl\\\/wiadomosci\\\/\",\"name\":\"24GLIWICE - Portal Gliwice | codziennie nowe wiadomo\u015bci\",\"description\":\"Portal Miejski Gliwice\",\"publisher\":{\"@id\":\"https:\\\/\\\/www.24gliwice.pl\\\/wiadomosci\\\/#organization\"},\"potentialAction\":[{\"@type\":\"SearchAction\",\"target\":{\"@type\":\"EntryPoint\",\"urlTemplate\":\"https:\\\/\\\/www.24gliwice.pl\\\/wiadomosci\\\/?s={search_term_string}\"},\"query-input\":{\"@type\":\"PropertyValueSpecification\",\"valueRequired\":true,\"valueName\":\"search_term_string\"}}],\"inLanguage\":\"pl-PL\"},{\"@type\":\"Organization\",\"@id\":\"https:\\\/\\\/www.24gliwice.pl\\\/wiadomosci\\\/#organization\",\"name\":\"24gliwice\",\"url\":\"https:\\\/\\\/www.24gliwice.pl\\\/wiadomosci\\\/\",\"logo\":{\"@type\":\"ImageObject\",\"inLanguage\":\"pl-PL\",\"@id\":\"https:\\\/\\\/www.24gliwice.pl\\\/wiadomosci\\\/#\\\/schema\\\/logo\\\/image\\\/\",\"url\":\"https:\\\/\\\/www.24gliwice.pl\\\/wiadomosci\\\/wp-content\\\/uploads\\\/2024\\\/10\\\/24gliwice-logo-696.jpg\",\"contentUrl\":\"https:\\\/\\\/www.24gliwice.pl\\\/wiadomosci\\\/wp-content\\\/uploads\\\/2024\\\/10\\\/24gliwice-logo-696.jpg\",\"width\":696,\"height\":696,\"caption\":\"24gliwice\"},\"image\":{\"@id\":\"https:\\\/\\\/www.24gliwice.pl\\\/wiadomosci\\\/#\\\/schema\\\/logo\\\/image\\\/\"},\"sameAs\":[\"https:\\\/\\\/www.facebook.com\\\/24gliwice\",\"https:\\\/\\\/x.com\\\/24gliwice\",\"https:\\\/\\\/www.youtube.com\\\/@24gliwice\"]},{\"@type\":\"Person\",\"@id\":\"https:\\\/\\\/www.24gliwice.pl\\\/wiadomosci\\\/#\\\/schema\\\/person\\\/e42c650edd7f2fa332be3811fb166b6e\",\"name\":\"\u017baneta Mrozek-Siewierska\",\"image\":{\"@type\":\"ImageObject\",\"inLanguage\":\"pl-PL\",\"@id\":\"https:\\\/\\\/www.24gliwice.pl\\\/wiadomosci\\\/wp-content\\\/uploads\\\/2021\\\/11\\\/Zaneta-M_S-zdjecie-czb-96x96.jpg\",\"url\":\"https:\\\/\\\/www.24gliwice.pl\\\/wiadomosci\\\/wp-content\\\/uploads\\\/2021\\\/11\\\/Zaneta-M_S-zdjecie-czb-96x96.jpg\",\"contentUrl\":\"https:\\\/\\\/www.24gliwice.pl\\\/wiadomosci\\\/wp-content\\\/uploads\\\/2021\\\/11\\\/Zaneta-M_S-zdjecie-czb-96x96.jpg\",\"caption\":\"\u017baneta Mrozek-Siewierska\"},\"url\":\"https:\\\/\\\/www.24gliwice.pl\\\/wiadomosci\\\/author\\\/zms\\\/\"}]}<\/script>\n<!-- \/ Yoast SEO plugin. -->","yoast_head_json":{"title":"Nieruchomo\u015b\u0107 po filii znanego w Gliwicach sklepu budowlanego wystawiona na sprzeda\u017c - 24GLIWICE - Portal Gliwice | codziennie nowe informacje","description":"Lokal, w kt\u00f3rym mie\u015bci\u0142 si\u0119 cz\u0119\u015bciowo salon sprzeda\u017cy firmy MATBUD wystawiono na sprzeda\u017c. W lutym br. zamkni\u0119to dzia\u0142alno\u015b\u0107 sk\u0142adu","robots":{"index":"index","follow":"follow","max-snippet":"max-snippet:-1","max-image-preview":"max-image-preview:large","max-video-preview":"max-video-preview:-1"},"canonical":"https:\/\/www.24gliwice.pl\/wiadomosci\/nieruchomosc-po-znanym-w-gliwicach-sklepie-budowlanym-wystawiona-na-sprzedaz\/","og_locale":"pl_PL","og_type":"article","og_title":"Nieruchomo\u015b\u0107 po filii znanego w Gliwicach sklepu budowlanego wystawiona na sprzeda\u017c - 24GLIWICE - Portal Gliwice | codziennie nowe informacje","og_description":"Lokal, w kt\u00f3rym mie\u015bci\u0142 si\u0119 cz\u0119\u015bciowo salon sprzeda\u017cy firmy MATBUD wystawiono na sprzeda\u017c. W lutym br. zamkni\u0119to dzia\u0142alno\u015b\u0107 sk\u0142adu","og_url":"https:\/\/www.24gliwice.pl\/wiadomosci\/nieruchomosc-po-znanym-w-gliwicach-sklepie-budowlanym-wystawiona-na-sprzedaz\/","og_site_name":"24GLIWICE - Portal Gliwice | codziennie nowe informacje","article_publisher":"https:\/\/www.facebook.com\/24gliwice","article_published_time":"2022-07-05T17:59:59+00:00","article_modified_time":"2022-07-05T18:04:36+00:00","og_image":[{"width":810,"height":456,"url":"https:\/\/www.24gliwice.pl\/wiadomosci\/wp-content\/uploads\/2022\/07\/matbud3.jpg","type":"image\/jpeg"}],"author":"\u017baneta Mrozek-Siewierska","twitter_card":"summary_large_image","twitter_creator":"@24gliwice","twitter_site":"@24gliwice","twitter_misc":{"Napisane przez":"\u017baneta Mrozek-Siewierska","Szacowany czas czytania":"1 minuta"},"schema":{"@context":"https:\/\/schema.org","@graph":[{"@type":"Article","@id":"https:\/\/www.24gliwice.pl\/wiadomosci\/nieruchomosc-po-znanym-w-gliwicach-sklepie-budowlanym-wystawiona-na-sprzedaz\/#article","isPartOf":{"@id":"https:\/\/www.24gliwice.pl\/wiadomosci\/nieruchomosc-po-znanym-w-gliwicach-sklepie-budowlanym-wystawiona-na-sprzedaz\/"},"author":{"name":"\u017baneta Mrozek-Siewierska","@id":"https:\/\/www.24gliwice.pl\/wiadomosci\/#\/schema\/person\/e42c650edd7f2fa332be3811fb166b6e"},"headline":"Nieruchomo\u015b\u0107 po filii znanego w Gliwicach sklepu budowlanego wystawiona na sprzeda\u017c","datePublished":"2022-07-05T17:59:59+00:00","dateModified":"2022-07-05T18:04:36+00:00","mainEntityOfPage":{"@id":"https:\/\/www.24gliwice.pl\/wiadomosci\/nieruchomosc-po-znanym-w-gliwicach-sklepie-budowlanym-wystawiona-na-sprzedaz\/"},"wordCount":304,"commentCount":0,"publisher":{"@id":"https:\/\/www.24gliwice.pl\/wiadomosci\/#organization"},"image":{"@id":"https:\/\/www.24gliwice.pl\/wiadomosci\/nieruchomosc-po-znanym-w-gliwicach-sklepie-budowlanym-wystawiona-na-sprzedaz\/#primaryimage"},"thumbnailUrl":"https:\/\/www.24gliwice.pl\/wiadomosci\/wp-content\/uploads\/2022\/07\/matbud3.jpg","articleSection":["Gliwice","Najnowsze wiadomo\u015bci"],"inLanguage":"pl-PL","potentialAction":[{"@type":"CommentAction","name":"Comment","target":["https:\/\/www.24gliwice.pl\/wiadomosci\/nieruchomosc-po-znanym-w-gliwicach-sklepie-budowlanym-wystawiona-na-sprzedaz\/#respond"]}]},{"@type":"WebPage","@id":"https:\/\/www.24gliwice.pl\/wiadomosci\/nieruchomosc-po-znanym-w-gliwicach-sklepie-budowlanym-wystawiona-na-sprzedaz\/","url":"https:\/\/www.24gliwice.pl\/wiadomosci\/nieruchomosc-po-znanym-w-gliwicach-sklepie-budowlanym-wystawiona-na-sprzedaz\/","name":"Nieruchomo\u015b\u0107 po filii znanego w Gliwicach sklepu budowlanego wystawiona na sprzeda\u017c - 24GLIWICE - Portal Gliwice | codziennie nowe informacje","isPartOf":{"@id":"https:\/\/www.24gliwice.pl\/wiadomosci\/#website"},"primaryImageOfPage":{"@id":"https:\/\/www.24gliwice.pl\/wiadomosci\/nieruchomosc-po-znanym-w-gliwicach-sklepie-budowlanym-wystawiona-na-sprzedaz\/#primaryimage"},"image":{"@id":"https:\/\/www.24gliwice.pl\/wiadomosci\/nieruchomosc-po-znanym-w-gliwicach-sklepie-budowlanym-wystawiona-na-sprzedaz\/#primaryimage"},"thumbnailUrl":"https:\/\/www.24gliwice.pl\/wiadomosci\/wp-content\/uploads\/2022\/07\/matbud3.jpg","datePublished":"2022-07-05T17:59:59+00:00","dateModified":"2022-07-05T18:04:36+00:00","description":"Lokal, w kt\u00f3rym mie\u015bci\u0142 si\u0119 cz\u0119\u015bciowo salon sprzeda\u017cy firmy MATBUD wystawiono na sprzeda\u017c. W lutym br. zamkni\u0119to dzia\u0142alno\u015b\u0107 sk\u0142adu","breadcrumb":{"@id":"https:\/\/www.24gliwice.pl\/wiadomosci\/nieruchomosc-po-znanym-w-gliwicach-sklepie-budowlanym-wystawiona-na-sprzedaz\/#breadcrumb"},"inLanguage":"pl-PL","potentialAction":[{"@type":"ReadAction","target":["https:\/\/www.24gliwice.pl\/wiadomosci\/nieruchomosc-po-znanym-w-gliwicach-sklepie-budowlanym-wystawiona-na-sprzedaz\/"]}]},{"@type":"ImageObject","inLanguage":"pl-PL","@id":"https:\/\/www.24gliwice.pl\/wiadomosci\/nieruchomosc-po-znanym-w-gliwicach-sklepie-budowlanym-wystawiona-na-sprzedaz\/#primaryimage","url":"https:\/\/www.24gliwice.pl\/wiadomosci\/wp-content\/uploads\/2022\/07\/matbud3.jpg","contentUrl":"https:\/\/www.24gliwice.pl\/wiadomosci\/wp-content\/uploads\/2022\/07\/matbud3.jpg","width":810,"height":456},{"@type":"BreadcrumbList","@id":"https:\/\/www.24gliwice.pl\/wiadomosci\/nieruchomosc-po-znanym-w-gliwicach-sklepie-budowlanym-wystawiona-na-sprzedaz\/#breadcrumb","itemListElement":[{"@type":"ListItem","position":1,"name":"Strona g\u0142\u00f3wna","item":"https:\/\/www.24gliwice.pl\/wiadomosci\/"},{"@type":"ListItem","position":2,"name":"Nieruchomo\u015b\u0107 po filii znanego w Gliwicach sklepu budowlanego wystawiona na sprzeda\u017c"}]},{"@type":"WebSite","@id":"https:\/\/www.24gliwice.pl\/wiadomosci\/#website","url":"https:\/\/www.24gliwice.pl\/wiadomosci\/","name":"24GLIWICE - Portal Gliwice | codziennie nowe wiadomo\u015bci","description":"Portal Miejski Gliwice","publisher":{"@id":"https:\/\/www.24gliwice.pl\/wiadomosci\/#organization"},"potentialAction":[{"@type":"SearchAction","target":{"@type":"EntryPoint","urlTemplate":"https:\/\/www.24gliwice.pl\/wiadomosci\/?s={search_term_string}"},"query-input":{"@type":"PropertyValueSpecification","valueRequired":true,"valueName":"search_term_string"}}],"inLanguage":"pl-PL"},{"@type":"Organization","@id":"https:\/\/www.24gliwice.pl\/wiadomosci\/#organization","name":"24gliwice","url":"https:\/\/www.24gliwice.pl\/wiadomosci\/","logo":{"@type":"ImageObject","inLanguage":"pl-PL","@id":"https:\/\/www.24gliwice.pl\/wiadomosci\/#\/schema\/logo\/image\/","url":"https:\/\/www.24gliwice.pl\/wiadomosci\/wp-content\/uploads\/2024\/10\/24gliwice-logo-696.jpg","contentUrl":"https:\/\/www.24gliwice.pl\/wiadomosci\/wp-content\/uploads\/2024\/10\/24gliwice-logo-696.jpg","width":696,"height":696,"caption":"24gliwice"},"image":{"@id":"https:\/\/www.24gliwice.pl\/wiadomosci\/#\/schema\/logo\/image\/"},"sameAs":["https:\/\/www.facebook.com\/24gliwice","https:\/\/x.com\/24gliwice","https:\/\/www.youtube.com\/@24gliwice"]},{"@type":"Person","@id":"https:\/\/www.24gliwice.pl\/wiadomosci\/#\/schema\/person\/e42c650edd7f2fa332be3811fb166b6e","name":"\u017baneta Mrozek-Siewierska","image":{"@type":"ImageObject","inLanguage":"pl-PL","@id":"https:\/\/www.24gliwice.pl\/wiadomosci\/wp-content\/uploads\/2021\/11\/Zaneta-M_S-zdjecie-czb-96x96.jpg","url":"https:\/\/www.24gliwice.pl\/wiadomosci\/wp-content\/uploads\/2021\/11\/Zaneta-M_S-zdjecie-czb-96x96.jpg","contentUrl":"https:\/\/www.24gliwice.pl\/wiadomosci\/wp-content\/uploads\/2021\/11\/Zaneta-M_S-zdjecie-czb-96x96.jpg","caption":"\u017baneta Mrozek-Siewierska"},"url":"https:\/\/www.24gliwice.pl\/wiadomosci\/author\/zms\/"}]}},"_links":{"self":[{"href":"https:\/\/www.24gliwice.pl\/wiadomosci\/wp-json\/wp\/v2\/posts\/195920","targetHints":{"allow":["GET"]}}],"collection":[{"href":"https:\/\/www.24gliwice.pl\/wiadomosci\/wp-json\/wp\/v2\/posts"}],"about":[{"href":"https:\/\/www.24gliwice.pl\/wiadomosci\/wp-json\/wp\/v2\/types\/post"}],"author":[{"embeddable":true,"href":"https:\/\/www.24gliwice.pl\/wiadomosci\/wp-json\/wp\/v2\/users\/15"}],"replies":[{"embeddable":true,"href":"https:\/\/www.24gliwice.pl\/wiadomosci\/wp-json\/wp\/v2\/comments?post=195920"}],"version-history":[{"count":9,"href":"https:\/\/www.24gliwice.pl\/wiadomosci\/wp-json\/wp\/v2\/posts\/195920\/revisions"}],"predecessor-version":[{"id":195934,"href":"https:\/\/www.24gliwice.pl\/wiadomosci\/wp-json\/wp\/v2\/posts\/195920\/revisions\/195934"}],"wp:featuredmedia":[{"embeddable":true,"href":"https:\/\/www.24gliwice.pl\/wiadomosci\/wp-json\/wp\/v2\/media\/195928"}],"wp:attachment":[{"href":"https:\/\/www.24gliwice.pl\/wiadomosci\/wp-json\/wp\/v2\/media?parent=195920"}],"wp:term":[{"taxonomy":"category","embeddable":true,"href":"https:\/\/www.24gliwice.pl\/wiadomosci\/wp-json\/wp\/v2\/categories?post=195920"},{"taxonomy":"post_tag","embeddable":true,"href":"https:\/\/www.24gliwice.pl\/wiadomosci\/wp-json\/wp\/v2\/tags?post=195920"}],"curies":[{"name":"wp","href":"https:\/\/api.w.org\/{rel}","templated":true}]}}