{"id":195951,"date":"2022-07-10T06:35:33","date_gmt":"2022-07-10T04:35:33","guid":{"rendered":"https:\/\/www.24gliwice.pl\/wiadomosci\/?p=195951"},"modified":"2022-07-09T23:36:58","modified_gmt":"2022-07-09T21:36:58","slug":"utrudnienia-na-ulicy-daszynskiego-wahadlo-i-zamkniety-wjazd-w-jedna-z-ulic-wprowadzony-zostanie-objazd","status":"publish","type":"post","link":"https:\/\/www.24gliwice.pl\/wiadomosci\/utrudnienia-na-ulicy-daszynskiego-wahadlo-i-zamkniety-wjazd-w-jedna-z-ulic-wprowadzony-zostanie-objazd\/","title":{"rendered":"Utrudnienia na ulicy Daszy\u0144skiego. Wahad\u0142o i zamkni\u0119ty wjazd w jedn\u0105 z ulic, wprowadzony zostanie objazd"},"content":{"rendered":"<div class=\"gliwi-a6-nad-leadem-artykulow gliwi-entity-placement\" id=\"gliwi-1101662588\"><div class=\"gliwi-adlabel\"><span style=\"font-size: 9px\">REKLAMA<\/span><\/div><div id=\"gliwi-4128960370\" style=\"margin-bottom: 30px;margin-left: auto;margin-right: auto;text-align: center;\"><a data-no-instant=\"1\" href=\"https:\/\/przedszkole.halogen.org.pl\/\" rel=\"noopener\" class=\"a2t-link\" target=\"_blank\" aria-label=\"20260402-ANIMATOR-przedszkole_grafika_750x200\"><img loading=\"lazy\" decoding=\"async\" src=\"https:\/\/www.24gliwice.pl\/wiadomosci\/wp-content\/uploads\/2026\/04\/20260402-ANIMATOR-przedszkole_grafika_750x200.webp\" alt=\"\"  srcset=\"https:\/\/www.24gliwice.pl\/wiadomosci\/wp-content\/uploads\/2026\/04\/20260402-ANIMATOR-przedszkole_grafika_750x200.webp 750w, https:\/\/www.24gliwice.pl\/wiadomosci\/wp-content\/uploads\/2026\/04\/20260402-ANIMATOR-przedszkole_grafika_750x200-410x109.webp 410w\" sizes=\"(max-width: 750px) 100vw, 750px\" class=\"no-lazyload\" width=\"750\" height=\"200\"  style=\"display: inline-block; max-width: 100%; height: auto;\" \/><\/a><\/div><\/div><h2>W kolejnym miejscu w mie\u015bcie pojawi\u0105 si\u0119 utrudnienia drogowe. Jak deklaruje wykonawca rob\u00f3t, od poniedzia\u0142ku, 11 lipca, od godziny 7:00 rozpoczn\u0105 si\u0119 prace na ul. Daszy\u0144skiego, na odcinku od ul. Architekt\u00f3w do ul. Rybackiej. <\/h2>\n<p>&nbsp;<br \/>\nW ramach remont\u00f3w bie\u017c\u0105cych wykonany zostanie remont nawierzchni jezdni. W celu zminimalizowania utrudnie\u0144 w ruchu, remont b\u0119dzie si\u0119 odbywa\u0142 etapami. Wprowadzony zostanie ruch wahad\u0142owy, a wykonawca ustawi tymczasow\u0105 sygnalizacj\u0119 \u015bwietln\u0105. W miejscu prac obowi\u0105zywa\u0107 b\u0119dzie zakaz wyprzedzania, a pr\u0119dko\u015b\u0107 ograniczona zostanie do 30 km\/h. Dodatkowo zostanie zamkni\u0119ty dla ruchu wlot ul. Architekt\u00f3w. <\/p>\n<h4>Objazd do ul. Architekt\u00f3w poprowadzono ulicami Tokarsk\u0105, Prawnik\u00f3w oraz Geodet\u00f3w. Drogowcy prosz\u0105 o zachowanie ostro\u017cno\u015bci oraz zwracanie uwagi na oznakowanie tymczasowe.<\/h4>\n<p>Je\u015bli wszystko p\u00f3jdzie zgodnie z planem, prace potrwaj\u0105 oko\u0142o dwa tygodnie. Po zako\u0144czeniu rob\u00f3t kierowcy b\u0119d\u0105 mieli wi\u0119kszy komfort jazdy, podniesie si\u0119 te\u017c bezpiecze\u0144stwo na drodze.<\/p><div class=\"gliwi-a3-w-tresci-artykulow gliwi-entity-placement\" id=\"gliwi-1568995298\"><div class=\"gliwi-adlabel\"><span style=\"font-size: 9px\">REKLAMA<\/span><\/div><div id=\"gliwi-2201618749\" style=\"margin-bottom: 30px;margin-left: auto;margin-right: auto;text-align: center;\"><a data-no-instant=\"1\" href=\"https:\/\/ogrodyandersa.pl\/\" rel=\"noopener\" class=\"a2t-link\" target=\"_blank\" aria-label=\"20260415 Ogrody Andersa KUP TERAZ D\"><img loading=\"lazy\" decoding=\"async\" src=\"https:\/\/www.24gliwice.pl\/wiadomosci\/wp-content\/uploads\/2026\/04\/20260415-Ogrody-Andersa-KUP-TERAZ-D.jpg\" alt=\"\"  srcset=\"https:\/\/www.24gliwice.pl\/wiadomosci\/wp-content\/uploads\/2026\/04\/20260415-Ogrody-Andersa-KUP-TERAZ-D.jpg 750w, https:\/\/www.24gliwice.pl\/wiadomosci\/wp-content\/uploads\/2026\/04\/20260415-Ogrody-Andersa-KUP-TERAZ-D-410x109.jpg 410w\" sizes=\"(max-width: 750px) 100vw, 750px\" class=\"no-lazyload\" width=\"750\" height=\"200\"  style=\"display: inline-block; max-width: 100%; height: auto;\" \/><\/a><\/div><\/div>\n<p>R\u00f3wnie\u017c tego dnia, o godz. 8.00, rozpocznie si\u0119 budowa sieci kanalizacji sanitarnej i sieci wodoci\u0105gowej przy ul. Daszy\u0144skiego 198. Prace b\u0119d\u0105 prowadzone w pasie jezdni przy jej cz\u0119\u015bciowym zw\u0119\u017ceniu, wprowadzona zostanie tymczasowa organizacja ruchu. Prace potrwaj\u0105 oko\u0142o tygodnia. Kierowcy proszeni s\u0105 o zachowanie ostro\u017cno\u015bci i zwracanie uwagi na oznakowanie tymczasowe. <\/p>\n<p>(\u017cms)\/UM Gliwice (mf)<br \/>\nfot. scr. Google Maps<\/p>\n<p><iframe src=\"https:\/\/www.google.com\/maps\/embed?pb=!4v1657113709834!6m8!1m7!1smVO9ErAy4h0pdHYhtokt_g!2m2!1d50.28468671117099!2d18.61044919074287!3f255.45196505652922!4f-1.9097248501769002!5f1.739781400418705\" width=\"810\" height=\"450\" style=\"border:0;\" allowfullscreen=\"\" loading=\"lazy\" referrerpolicy=\"no-referrer-when-downgrade\"><\/iframe><\/p>\n<div class=\"gliwi-a5-na-koncu-artykulow gliwi-entity-placement\" id=\"gliwi-193339861\"><div class=\"gliwi-adlabel\"><span style=\"font-size: 9px\">REKLAMA<\/span><\/div><div id=\"gliwi-4265515213\" style=\"margin-left: auto;margin-right: auto;text-align: center;\"><a data-no-instant=\"1\" href=\"https:\/\/prezeroarenagliwice.pl\/\" rel=\"noopener\" class=\"a2t-link\" target=\"_blank\" aria-label=\"20260309-PREZERO-WIOSNA-D\"><img loading=\"lazy\" decoding=\"async\" src=\"https:\/\/www.24gliwice.pl\/wiadomosci\/wp-content\/uploads\/2026\/03\/20260309-PREZERO-WIOSNA-D.webp\" alt=\"\"  srcset=\"https:\/\/www.24gliwice.pl\/wiadomosci\/wp-content\/uploads\/2026\/03\/20260309-PREZERO-WIOSNA-D.webp 750w, https:\/\/www.24gliwice.pl\/wiadomosci\/wp-content\/uploads\/2026\/03\/20260309-PREZERO-WIOSNA-D-410x109.webp 410w\" sizes=\"(max-width: 750px) 100vw, 750px\" class=\"no-lazyload\" width=\"750\" height=\"200\"  style=\"display: inline-block; max-width: 100%; height: auto;\" \/><\/a><\/div><\/div>","protected":false},"excerpt":{"rendered":"<p>W kolejnym miejscu w mie\u015bcie pojawi\u0105 si\u0119 utrudnienia drogowe. Jak deklaruje wykonawca rob\u00f3t, od poniedzia\u0142ku, 11 lipca, od godziny 7:00 rozpoczn\u0105 si\u0119 prace na ul. Daszy\u0144skiego, na odcinku od ul. Architekt\u00f3w do ul. Rybackiej. &nbsp; W ramach remont\u00f3w bie\u017c\u0105cych wykonany zostanie remont nawierzchni jezdni. W celu zminimalizowania utrudnie\u0144 w ruchu, remont b\u0119dzie si\u0119 odbywa\u0142 etapami. [&hellip;]<\/p>\n","protected":false},"author":15,"featured_media":196022,"comment_status":"open","ping_status":"closed","sticky":false,"template":"","format":"standard","meta":{"_monsterinsights_skip_tracking":false,"_monsterinsights_sitenote_active":false,"_monsterinsights_sitenote_note":"","_monsterinsights_sitenote_category":0,"footnotes":"","_links_to":"","_links_to_target":""},"categories":[3,1],"tags":[990,9264],"class_list":["post-195951","post","type-post","status-publish","format-standard","has-post-thumbnail","hentry","category-gliwice","category-wszystko","tag-daszynskiego","tag-wymiana-nawierzchni"],"yoast_head":"<!-- This site is optimized with the Yoast SEO plugin v27.4 - https:\/\/yoast.com\/product\/yoast-seo-wordpress\/ -->\n<title>Utrudnienia na ulicy Daszy\u0144skiego. Wahad\u0142o i zamkni\u0119ty wjazd w jedn\u0105 z ulic, wprowadzony zostanie objazd - 24GLIWICE - Portal Gliwice | codziennie nowe informacje<\/title>\n<meta name=\"description\" content=\"Ul. Daszy\u0144skiego b\u0119dzie remontowana. Wprowadzony zostanie ruch wahad\u0142owy na odcinku drogi, a wykonawca ustawi tymczasow\u0105 sygnalizacj\u0119 \u015bwietln\u0105\" \/>\n<meta name=\"robots\" content=\"index, follow, max-snippet:-1, max-image-preview:large, max-video-preview:-1\" \/>\n<link rel=\"canonical\" href=\"https:\/\/www.24gliwice.pl\/wiadomosci\/utrudnienia-na-ulicy-daszynskiego-wahadlo-i-zamkniety-wjazd-w-jedna-z-ulic-wprowadzony-zostanie-objazd\/\" \/>\n<meta property=\"og:locale\" content=\"pl_PL\" \/>\n<meta property=\"og:type\" content=\"article\" \/>\n<meta property=\"og:title\" content=\"Utrudnienia na ulicy Daszy\u0144skiego. Wahad\u0142o i zamkni\u0119ty wjazd w jedn\u0105 z ulic, wprowadzony zostanie objazd - 24GLIWICE - Portal Gliwice | codziennie nowe informacje\" \/>\n<meta property=\"og:description\" content=\"Ul. Daszy\u0144skiego b\u0119dzie remontowana. Wprowadzony zostanie ruch wahad\u0142owy na odcinku drogi, a wykonawca ustawi tymczasow\u0105 sygnalizacj\u0119 \u015bwietln\u0105\" \/>\n<meta property=\"og:url\" content=\"https:\/\/www.24gliwice.pl\/wiadomosci\/utrudnienia-na-ulicy-daszynskiego-wahadlo-i-zamkniety-wjazd-w-jedna-z-ulic-wprowadzony-zostanie-objazd\/\" \/>\n<meta property=\"og:site_name\" content=\"24GLIWICE - Portal Gliwice | codziennie nowe informacje\" \/>\n<meta property=\"article:publisher\" content=\"https:\/\/www.facebook.com\/24gliwice\" \/>\n<meta property=\"article:published_time\" content=\"2022-07-10T04:35:33+00:00\" \/>\n<meta property=\"og:image\" content=\"https:\/\/www.24gliwice.pl\/wiadomosci\/wp-content\/uploads\/2022\/07\/2022-07-06.png.jpg\" \/>\n\t<meta property=\"og:image:width\" content=\"810\" \/>\n\t<meta property=\"og:image:height\" content=\"456\" \/>\n\t<meta property=\"og:image:type\" content=\"image\/jpeg\" \/>\n<meta name=\"author\" content=\"\u017baneta Mrozek-Siewierska\" \/>\n<meta name=\"twitter:card\" content=\"summary_large_image\" \/>\n<meta name=\"twitter:creator\" content=\"@24gliwice\" \/>\n<meta name=\"twitter:site\" content=\"@24gliwice\" \/>\n<meta name=\"twitter:label1\" content=\"Napisane przez\" \/>\n\t<meta name=\"twitter:data1\" content=\"\u017baneta Mrozek-Siewierska\" \/>\n\t<meta name=\"twitter:label2\" content=\"Szacowany czas czytania\" \/>\n\t<meta name=\"twitter:data2\" content=\"1 minuta\" \/>\n<script type=\"application\/ld+json\" class=\"yoast-schema-graph\">{\"@context\":\"https:\\\/\\\/schema.org\",\"@graph\":[{\"@type\":\"Article\",\"@id\":\"https:\\\/\\\/www.24gliwice.pl\\\/wiadomosci\\\/utrudnienia-na-ulicy-daszynskiego-wahadlo-i-zamkniety-wjazd-w-jedna-z-ulic-wprowadzony-zostanie-objazd\\\/#article\",\"isPartOf\":{\"@id\":\"https:\\\/\\\/www.24gliwice.pl\\\/wiadomosci\\\/utrudnienia-na-ulicy-daszynskiego-wahadlo-i-zamkniety-wjazd-w-jedna-z-ulic-wprowadzony-zostanie-objazd\\\/\"},\"author\":{\"name\":\"\u017baneta Mrozek-Siewierska\",\"@id\":\"https:\\\/\\\/www.24gliwice.pl\\\/wiadomosci\\\/#\\\/schema\\\/person\\\/e42c650edd7f2fa332be3811fb166b6e\"},\"headline\":\"Utrudnienia na ulicy Daszy\u0144skiego. Wahad\u0142o i zamkni\u0119ty wjazd w jedn\u0105 z ulic, wprowadzony zostanie objazd\",\"datePublished\":\"2022-07-10T04:35:33+00:00\",\"mainEntityOfPage\":{\"@id\":\"https:\\\/\\\/www.24gliwice.pl\\\/wiadomosci\\\/utrudnienia-na-ulicy-daszynskiego-wahadlo-i-zamkniety-wjazd-w-jedna-z-ulic-wprowadzony-zostanie-objazd\\\/\"},\"wordCount\":242,\"commentCount\":0,\"publisher\":{\"@id\":\"https:\\\/\\\/www.24gliwice.pl\\\/wiadomosci\\\/#organization\"},\"image\":{\"@id\":\"https:\\\/\\\/www.24gliwice.pl\\\/wiadomosci\\\/utrudnienia-na-ulicy-daszynskiego-wahadlo-i-zamkniety-wjazd-w-jedna-z-ulic-wprowadzony-zostanie-objazd\\\/#primaryimage\"},\"thumbnailUrl\":\"https:\\\/\\\/www.24gliwice.pl\\\/wiadomosci\\\/wp-content\\\/uploads\\\/2022\\\/07\\\/2022-07-06.png.jpg\",\"keywords\":[\"DASZY\u0143SKIEGO\",\"wymiana nawierzchni\"],\"articleSection\":[\"Gliwice\",\"Najnowsze wiadomo\u015bci\"],\"inLanguage\":\"pl-PL\",\"potentialAction\":[{\"@type\":\"CommentAction\",\"name\":\"Comment\",\"target\":[\"https:\\\/\\\/www.24gliwice.pl\\\/wiadomosci\\\/utrudnienia-na-ulicy-daszynskiego-wahadlo-i-zamkniety-wjazd-w-jedna-z-ulic-wprowadzony-zostanie-objazd\\\/#respond\"]}]},{\"@type\":\"WebPage\",\"@id\":\"https:\\\/\\\/www.24gliwice.pl\\\/wiadomosci\\\/utrudnienia-na-ulicy-daszynskiego-wahadlo-i-zamkniety-wjazd-w-jedna-z-ulic-wprowadzony-zostanie-objazd\\\/\",\"url\":\"https:\\\/\\\/www.24gliwice.pl\\\/wiadomosci\\\/utrudnienia-na-ulicy-daszynskiego-wahadlo-i-zamkniety-wjazd-w-jedna-z-ulic-wprowadzony-zostanie-objazd\\\/\",\"name\":\"Utrudnienia na ulicy Daszy\u0144skiego. Wahad\u0142o i zamkni\u0119ty wjazd w jedn\u0105 z ulic, wprowadzony zostanie objazd - 24GLIWICE - Portal Gliwice | codziennie nowe informacje\",\"isPartOf\":{\"@id\":\"https:\\\/\\\/www.24gliwice.pl\\\/wiadomosci\\\/#website\"},\"primaryImageOfPage\":{\"@id\":\"https:\\\/\\\/www.24gliwice.pl\\\/wiadomosci\\\/utrudnienia-na-ulicy-daszynskiego-wahadlo-i-zamkniety-wjazd-w-jedna-z-ulic-wprowadzony-zostanie-objazd\\\/#primaryimage\"},\"image\":{\"@id\":\"https:\\\/\\\/www.24gliwice.pl\\\/wiadomosci\\\/utrudnienia-na-ulicy-daszynskiego-wahadlo-i-zamkniety-wjazd-w-jedna-z-ulic-wprowadzony-zostanie-objazd\\\/#primaryimage\"},\"thumbnailUrl\":\"https:\\\/\\\/www.24gliwice.pl\\\/wiadomosci\\\/wp-content\\\/uploads\\\/2022\\\/07\\\/2022-07-06.png.jpg\",\"datePublished\":\"2022-07-10T04:35:33+00:00\",\"description\":\"Ul. Daszy\u0144skiego b\u0119dzie remontowana. Wprowadzony zostanie ruch wahad\u0142owy na odcinku drogi, a wykonawca ustawi tymczasow\u0105 sygnalizacj\u0119 \u015bwietln\u0105\",\"breadcrumb\":{\"@id\":\"https:\\\/\\\/www.24gliwice.pl\\\/wiadomosci\\\/utrudnienia-na-ulicy-daszynskiego-wahadlo-i-zamkniety-wjazd-w-jedna-z-ulic-wprowadzony-zostanie-objazd\\\/#breadcrumb\"},\"inLanguage\":\"pl-PL\",\"potentialAction\":[{\"@type\":\"ReadAction\",\"target\":[\"https:\\\/\\\/www.24gliwice.pl\\\/wiadomosci\\\/utrudnienia-na-ulicy-daszynskiego-wahadlo-i-zamkniety-wjazd-w-jedna-z-ulic-wprowadzony-zostanie-objazd\\\/\"]}]},{\"@type\":\"ImageObject\",\"inLanguage\":\"pl-PL\",\"@id\":\"https:\\\/\\\/www.24gliwice.pl\\\/wiadomosci\\\/utrudnienia-na-ulicy-daszynskiego-wahadlo-i-zamkniety-wjazd-w-jedna-z-ulic-wprowadzony-zostanie-objazd\\\/#primaryimage\",\"url\":\"https:\\\/\\\/www.24gliwice.pl\\\/wiadomosci\\\/wp-content\\\/uploads\\\/2022\\\/07\\\/2022-07-06.png.jpg\",\"contentUrl\":\"https:\\\/\\\/www.24gliwice.pl\\\/wiadomosci\\\/wp-content\\\/uploads\\\/2022\\\/07\\\/2022-07-06.png.jpg\",\"width\":810,\"height\":456},{\"@type\":\"BreadcrumbList\",\"@id\":\"https:\\\/\\\/www.24gliwice.pl\\\/wiadomosci\\\/utrudnienia-na-ulicy-daszynskiego-wahadlo-i-zamkniety-wjazd-w-jedna-z-ulic-wprowadzony-zostanie-objazd\\\/#breadcrumb\",\"itemListElement\":[{\"@type\":\"ListItem\",\"position\":1,\"name\":\"Strona g\u0142\u00f3wna\",\"item\":\"https:\\\/\\\/www.24gliwice.pl\\\/wiadomosci\\\/\"},{\"@type\":\"ListItem\",\"position\":2,\"name\":\"Utrudnienia na ulicy Daszy\u0144skiego. Wahad\u0142o i zamkni\u0119ty wjazd w jedn\u0105 z ulic, wprowadzony zostanie objazd\"}]},{\"@type\":\"WebSite\",\"@id\":\"https:\\\/\\\/www.24gliwice.pl\\\/wiadomosci\\\/#website\",\"url\":\"https:\\\/\\\/www.24gliwice.pl\\\/wiadomosci\\\/\",\"name\":\"24GLIWICE - Portal Gliwice | codziennie nowe wiadomo\u015bci\",\"description\":\"Portal Miejski Gliwice\",\"publisher\":{\"@id\":\"https:\\\/\\\/www.24gliwice.pl\\\/wiadomosci\\\/#organization\"},\"potentialAction\":[{\"@type\":\"SearchAction\",\"target\":{\"@type\":\"EntryPoint\",\"urlTemplate\":\"https:\\\/\\\/www.24gliwice.pl\\\/wiadomosci\\\/?s={search_term_string}\"},\"query-input\":{\"@type\":\"PropertyValueSpecification\",\"valueRequired\":true,\"valueName\":\"search_term_string\"}}],\"inLanguage\":\"pl-PL\"},{\"@type\":\"Organization\",\"@id\":\"https:\\\/\\\/www.24gliwice.pl\\\/wiadomosci\\\/#organization\",\"name\":\"24gliwice\",\"url\":\"https:\\\/\\\/www.24gliwice.pl\\\/wiadomosci\\\/\",\"logo\":{\"@type\":\"ImageObject\",\"inLanguage\":\"pl-PL\",\"@id\":\"https:\\\/\\\/www.24gliwice.pl\\\/wiadomosci\\\/#\\\/schema\\\/logo\\\/image\\\/\",\"url\":\"https:\\\/\\\/www.24gliwice.pl\\\/wiadomosci\\\/wp-content\\\/uploads\\\/2024\\\/10\\\/24gliwice-logo-696.jpg\",\"contentUrl\":\"https:\\\/\\\/www.24gliwice.pl\\\/wiadomosci\\\/wp-content\\\/uploads\\\/2024\\\/10\\\/24gliwice-logo-696.jpg\",\"width\":696,\"height\":696,\"caption\":\"24gliwice\"},\"image\":{\"@id\":\"https:\\\/\\\/www.24gliwice.pl\\\/wiadomosci\\\/#\\\/schema\\\/logo\\\/image\\\/\"},\"sameAs\":[\"https:\\\/\\\/www.facebook.com\\\/24gliwice\",\"https:\\\/\\\/x.com\\\/24gliwice\",\"https:\\\/\\\/www.youtube.com\\\/@24gliwice\"]},{\"@type\":\"Person\",\"@id\":\"https:\\\/\\\/www.24gliwice.pl\\\/wiadomosci\\\/#\\\/schema\\\/person\\\/e42c650edd7f2fa332be3811fb166b6e\",\"name\":\"\u017baneta Mrozek-Siewierska\",\"image\":{\"@type\":\"ImageObject\",\"inLanguage\":\"pl-PL\",\"@id\":\"https:\\\/\\\/www.24gliwice.pl\\\/wiadomosci\\\/wp-content\\\/uploads\\\/2021\\\/11\\\/Zaneta-M_S-zdjecie-czb-96x96.jpg\",\"url\":\"https:\\\/\\\/www.24gliwice.pl\\\/wiadomosci\\\/wp-content\\\/uploads\\\/2021\\\/11\\\/Zaneta-M_S-zdjecie-czb-96x96.jpg\",\"contentUrl\":\"https:\\\/\\\/www.24gliwice.pl\\\/wiadomosci\\\/wp-content\\\/uploads\\\/2021\\\/11\\\/Zaneta-M_S-zdjecie-czb-96x96.jpg\",\"caption\":\"\u017baneta Mrozek-Siewierska\"},\"url\":\"https:\\\/\\\/www.24gliwice.pl\\\/wiadomosci\\\/author\\\/zms\\\/\"}]}<\/script>\n<!-- \/ Yoast SEO plugin. -->","yoast_head_json":{"title":"Utrudnienia na ulicy Daszy\u0144skiego. Wahad\u0142o i zamkni\u0119ty wjazd w jedn\u0105 z ulic, wprowadzony zostanie objazd - 24GLIWICE - Portal Gliwice | codziennie nowe informacje","description":"Ul. Daszy\u0144skiego b\u0119dzie remontowana. Wprowadzony zostanie ruch wahad\u0142owy na odcinku drogi, a wykonawca ustawi tymczasow\u0105 sygnalizacj\u0119 \u015bwietln\u0105","robots":{"index":"index","follow":"follow","max-snippet":"max-snippet:-1","max-image-preview":"max-image-preview:large","max-video-preview":"max-video-preview:-1"},"canonical":"https:\/\/www.24gliwice.pl\/wiadomosci\/utrudnienia-na-ulicy-daszynskiego-wahadlo-i-zamkniety-wjazd-w-jedna-z-ulic-wprowadzony-zostanie-objazd\/","og_locale":"pl_PL","og_type":"article","og_title":"Utrudnienia na ulicy Daszy\u0144skiego. Wahad\u0142o i zamkni\u0119ty wjazd w jedn\u0105 z ulic, wprowadzony zostanie objazd - 24GLIWICE - Portal Gliwice | codziennie nowe informacje","og_description":"Ul. Daszy\u0144skiego b\u0119dzie remontowana. Wprowadzony zostanie ruch wahad\u0142owy na odcinku drogi, a wykonawca ustawi tymczasow\u0105 sygnalizacj\u0119 \u015bwietln\u0105","og_url":"https:\/\/www.24gliwice.pl\/wiadomosci\/utrudnienia-na-ulicy-daszynskiego-wahadlo-i-zamkniety-wjazd-w-jedna-z-ulic-wprowadzony-zostanie-objazd\/","og_site_name":"24GLIWICE - Portal Gliwice | codziennie nowe informacje","article_publisher":"https:\/\/www.facebook.com\/24gliwice","article_published_time":"2022-07-10T04:35:33+00:00","og_image":[{"width":810,"height":456,"url":"https:\/\/www.24gliwice.pl\/wiadomosci\/wp-content\/uploads\/2022\/07\/2022-07-06.png.jpg","type":"image\/jpeg"}],"author":"\u017baneta Mrozek-Siewierska","twitter_card":"summary_large_image","twitter_creator":"@24gliwice","twitter_site":"@24gliwice","twitter_misc":{"Napisane przez":"\u017baneta Mrozek-Siewierska","Szacowany czas czytania":"1 minuta"},"schema":{"@context":"https:\/\/schema.org","@graph":[{"@type":"Article","@id":"https:\/\/www.24gliwice.pl\/wiadomosci\/utrudnienia-na-ulicy-daszynskiego-wahadlo-i-zamkniety-wjazd-w-jedna-z-ulic-wprowadzony-zostanie-objazd\/#article","isPartOf":{"@id":"https:\/\/www.24gliwice.pl\/wiadomosci\/utrudnienia-na-ulicy-daszynskiego-wahadlo-i-zamkniety-wjazd-w-jedna-z-ulic-wprowadzony-zostanie-objazd\/"},"author":{"name":"\u017baneta Mrozek-Siewierska","@id":"https:\/\/www.24gliwice.pl\/wiadomosci\/#\/schema\/person\/e42c650edd7f2fa332be3811fb166b6e"},"headline":"Utrudnienia na ulicy Daszy\u0144skiego. Wahad\u0142o i zamkni\u0119ty wjazd w jedn\u0105 z ulic, wprowadzony zostanie objazd","datePublished":"2022-07-10T04:35:33+00:00","mainEntityOfPage":{"@id":"https:\/\/www.24gliwice.pl\/wiadomosci\/utrudnienia-na-ulicy-daszynskiego-wahadlo-i-zamkniety-wjazd-w-jedna-z-ulic-wprowadzony-zostanie-objazd\/"},"wordCount":242,"commentCount":0,"publisher":{"@id":"https:\/\/www.24gliwice.pl\/wiadomosci\/#organization"},"image":{"@id":"https:\/\/www.24gliwice.pl\/wiadomosci\/utrudnienia-na-ulicy-daszynskiego-wahadlo-i-zamkniety-wjazd-w-jedna-z-ulic-wprowadzony-zostanie-objazd\/#primaryimage"},"thumbnailUrl":"https:\/\/www.24gliwice.pl\/wiadomosci\/wp-content\/uploads\/2022\/07\/2022-07-06.png.jpg","keywords":["DASZY\u0143SKIEGO","wymiana nawierzchni"],"articleSection":["Gliwice","Najnowsze wiadomo\u015bci"],"inLanguage":"pl-PL","potentialAction":[{"@type":"CommentAction","name":"Comment","target":["https:\/\/www.24gliwice.pl\/wiadomosci\/utrudnienia-na-ulicy-daszynskiego-wahadlo-i-zamkniety-wjazd-w-jedna-z-ulic-wprowadzony-zostanie-objazd\/#respond"]}]},{"@type":"WebPage","@id":"https:\/\/www.24gliwice.pl\/wiadomosci\/utrudnienia-na-ulicy-daszynskiego-wahadlo-i-zamkniety-wjazd-w-jedna-z-ulic-wprowadzony-zostanie-objazd\/","url":"https:\/\/www.24gliwice.pl\/wiadomosci\/utrudnienia-na-ulicy-daszynskiego-wahadlo-i-zamkniety-wjazd-w-jedna-z-ulic-wprowadzony-zostanie-objazd\/","name":"Utrudnienia na ulicy Daszy\u0144skiego. Wahad\u0142o i zamkni\u0119ty wjazd w jedn\u0105 z ulic, wprowadzony zostanie objazd - 24GLIWICE - Portal Gliwice | codziennie nowe informacje","isPartOf":{"@id":"https:\/\/www.24gliwice.pl\/wiadomosci\/#website"},"primaryImageOfPage":{"@id":"https:\/\/www.24gliwice.pl\/wiadomosci\/utrudnienia-na-ulicy-daszynskiego-wahadlo-i-zamkniety-wjazd-w-jedna-z-ulic-wprowadzony-zostanie-objazd\/#primaryimage"},"image":{"@id":"https:\/\/www.24gliwice.pl\/wiadomosci\/utrudnienia-na-ulicy-daszynskiego-wahadlo-i-zamkniety-wjazd-w-jedna-z-ulic-wprowadzony-zostanie-objazd\/#primaryimage"},"thumbnailUrl":"https:\/\/www.24gliwice.pl\/wiadomosci\/wp-content\/uploads\/2022\/07\/2022-07-06.png.jpg","datePublished":"2022-07-10T04:35:33+00:00","description":"Ul. Daszy\u0144skiego b\u0119dzie remontowana. Wprowadzony zostanie ruch wahad\u0142owy na odcinku drogi, a wykonawca ustawi tymczasow\u0105 sygnalizacj\u0119 \u015bwietln\u0105","breadcrumb":{"@id":"https:\/\/www.24gliwice.pl\/wiadomosci\/utrudnienia-na-ulicy-daszynskiego-wahadlo-i-zamkniety-wjazd-w-jedna-z-ulic-wprowadzony-zostanie-objazd\/#breadcrumb"},"inLanguage":"pl-PL","potentialAction":[{"@type":"ReadAction","target":["https:\/\/www.24gliwice.pl\/wiadomosci\/utrudnienia-na-ulicy-daszynskiego-wahadlo-i-zamkniety-wjazd-w-jedna-z-ulic-wprowadzony-zostanie-objazd\/"]}]},{"@type":"ImageObject","inLanguage":"pl-PL","@id":"https:\/\/www.24gliwice.pl\/wiadomosci\/utrudnienia-na-ulicy-daszynskiego-wahadlo-i-zamkniety-wjazd-w-jedna-z-ulic-wprowadzony-zostanie-objazd\/#primaryimage","url":"https:\/\/www.24gliwice.pl\/wiadomosci\/wp-content\/uploads\/2022\/07\/2022-07-06.png.jpg","contentUrl":"https:\/\/www.24gliwice.pl\/wiadomosci\/wp-content\/uploads\/2022\/07\/2022-07-06.png.jpg","width":810,"height":456},{"@type":"BreadcrumbList","@id":"https:\/\/www.24gliwice.pl\/wiadomosci\/utrudnienia-na-ulicy-daszynskiego-wahadlo-i-zamkniety-wjazd-w-jedna-z-ulic-wprowadzony-zostanie-objazd\/#breadcrumb","itemListElement":[{"@type":"ListItem","position":1,"name":"Strona g\u0142\u00f3wna","item":"https:\/\/www.24gliwice.pl\/wiadomosci\/"},{"@type":"ListItem","position":2,"name":"Utrudnienia na ulicy Daszy\u0144skiego. Wahad\u0142o i zamkni\u0119ty wjazd w jedn\u0105 z ulic, wprowadzony zostanie objazd"}]},{"@type":"WebSite","@id":"https:\/\/www.24gliwice.pl\/wiadomosci\/#website","url":"https:\/\/www.24gliwice.pl\/wiadomosci\/","name":"24GLIWICE - Portal Gliwice | codziennie nowe wiadomo\u015bci","description":"Portal Miejski Gliwice","publisher":{"@id":"https:\/\/www.24gliwice.pl\/wiadomosci\/#organization"},"potentialAction":[{"@type":"SearchAction","target":{"@type":"EntryPoint","urlTemplate":"https:\/\/www.24gliwice.pl\/wiadomosci\/?s={search_term_string}"},"query-input":{"@type":"PropertyValueSpecification","valueRequired":true,"valueName":"search_term_string"}}],"inLanguage":"pl-PL"},{"@type":"Organization","@id":"https:\/\/www.24gliwice.pl\/wiadomosci\/#organization","name":"24gliwice","url":"https:\/\/www.24gliwice.pl\/wiadomosci\/","logo":{"@type":"ImageObject","inLanguage":"pl-PL","@id":"https:\/\/www.24gliwice.pl\/wiadomosci\/#\/schema\/logo\/image\/","url":"https:\/\/www.24gliwice.pl\/wiadomosci\/wp-content\/uploads\/2024\/10\/24gliwice-logo-696.jpg","contentUrl":"https:\/\/www.24gliwice.pl\/wiadomosci\/wp-content\/uploads\/2024\/10\/24gliwice-logo-696.jpg","width":696,"height":696,"caption":"24gliwice"},"image":{"@id":"https:\/\/www.24gliwice.pl\/wiadomosci\/#\/schema\/logo\/image\/"},"sameAs":["https:\/\/www.facebook.com\/24gliwice","https:\/\/x.com\/24gliwice","https:\/\/www.youtube.com\/@24gliwice"]},{"@type":"Person","@id":"https:\/\/www.24gliwice.pl\/wiadomosci\/#\/schema\/person\/e42c650edd7f2fa332be3811fb166b6e","name":"\u017baneta Mrozek-Siewierska","image":{"@type":"ImageObject","inLanguage":"pl-PL","@id":"https:\/\/www.24gliwice.pl\/wiadomosci\/wp-content\/uploads\/2021\/11\/Zaneta-M_S-zdjecie-czb-96x96.jpg","url":"https:\/\/www.24gliwice.pl\/wiadomosci\/wp-content\/uploads\/2021\/11\/Zaneta-M_S-zdjecie-czb-96x96.jpg","contentUrl":"https:\/\/www.24gliwice.pl\/wiadomosci\/wp-content\/uploads\/2021\/11\/Zaneta-M_S-zdjecie-czb-96x96.jpg","caption":"\u017baneta Mrozek-Siewierska"},"url":"https:\/\/www.24gliwice.pl\/wiadomosci\/author\/zms\/"}]}},"_links":{"self":[{"href":"https:\/\/www.24gliwice.pl\/wiadomosci\/wp-json\/wp\/v2\/posts\/195951","targetHints":{"allow":["GET"]}}],"collection":[{"href":"https:\/\/www.24gliwice.pl\/wiadomosci\/wp-json\/wp\/v2\/posts"}],"about":[{"href":"https:\/\/www.24gliwice.pl\/wiadomosci\/wp-json\/wp\/v2\/types\/post"}],"author":[{"embeddable":true,"href":"https:\/\/www.24gliwice.pl\/wiadomosci\/wp-json\/wp\/v2\/users\/15"}],"replies":[{"embeddable":true,"href":"https:\/\/www.24gliwice.pl\/wiadomosci\/wp-json\/wp\/v2\/comments?post=195951"}],"version-history":[{"count":8,"href":"https:\/\/www.24gliwice.pl\/wiadomosci\/wp-json\/wp\/v2\/posts\/195951\/revisions"}],"predecessor-version":[{"id":196041,"href":"https:\/\/www.24gliwice.pl\/wiadomosci\/wp-json\/wp\/v2\/posts\/195951\/revisions\/196041"}],"wp:featuredmedia":[{"embeddable":true,"href":"https:\/\/www.24gliwice.pl\/wiadomosci\/wp-json\/wp\/v2\/media\/196022"}],"wp:attachment":[{"href":"https:\/\/www.24gliwice.pl\/wiadomosci\/wp-json\/wp\/v2\/media?parent=195951"}],"wp:term":[{"taxonomy":"category","embeddable":true,"href":"https:\/\/www.24gliwice.pl\/wiadomosci\/wp-json\/wp\/v2\/categories?post=195951"},{"taxonomy":"post_tag","embeddable":true,"href":"https:\/\/www.24gliwice.pl\/wiadomosci\/wp-json\/wp\/v2\/tags?post=195951"}],"curies":[{"name":"wp","href":"https:\/\/api.w.org\/{rel}","templated":true}]}}