{"id":196143,"date":"2022-07-08T06:00:09","date_gmt":"2022-07-08T04:00:09","guid":{"rendered":"https:\/\/www.24gliwice.pl\/wiadomosci\/?p=196143"},"modified":"2022-07-08T03:02:08","modified_gmt":"2022-07-08T01:02:08","slug":"fitfun-w-europie-centralnej-bedzie-specjalny-tor-z-30-przeszkodami-przewidziano-nagrody","status":"publish","type":"post","link":"https:\/\/www.24gliwice.pl\/wiadomosci\/fitfun-w-europie-centralnej-bedzie-specjalny-tor-z-30-przeszkodami-przewidziano-nagrody\/","title":{"rendered":"Fit&#038;Fun w Europie Centralnej. B\u0119dzie specjalny tor z 30 przeszkodami, przewidziano nagrody"},"content":{"rendered":"<div class=\"gliwi-a6-nad-leadem-artykulow gliwi-entity-placement\" id=\"gliwi-3342404602\"><div class=\"gliwi-adlabel\"><span style=\"font-size: 9px\">REKLAMA<\/span><\/div><div id=\"gliwi-4291042875\" style=\"margin-bottom: 25px;margin-left: auto;margin-right: auto;text-align: center;\"><a data-no-instant=\"1\" href=\"https:\/\/dom100.eu\/\" rel=\"noopener\" class=\"a2t-link\" target=\"_blank\" aria-label=\"20260415 DOM100 D\"><img loading=\"lazy\" decoding=\"async\" src=\"https:\/\/www.24gliwice.pl\/wiadomosci\/wp-content\/uploads\/2026\/04\/20260415-DOM100-D.jpg\" alt=\"\"  srcset=\"https:\/\/www.24gliwice.pl\/wiadomosci\/wp-content\/uploads\/2026\/04\/20260415-DOM100-D.jpg 750w, https:\/\/www.24gliwice.pl\/wiadomosci\/wp-content\/uploads\/2026\/04\/20260415-DOM100-D-410x109.jpg 410w\" sizes=\"(max-width: 750px) 100vw, 750px\" class=\"no-lazyload\" width=\"750\" height=\"200\"  style=\"display: inline-block; max-width: 100%; height: auto;\" \/><\/a><\/div><\/div><h2>Centrum handlowe Europa Centralna nie zwalnia tempa w organizowaniu letnich atrakcji. Ju\u017c w najbli\u017csz\u0105 sobot\u0119, 9 lipca ruszy wy\u015bcig Fit&#038;Fun. Specjalnie przygotowany tor przeszk\u00f3d szykowany jest z my\u015bl\u0105 o ca\u0142ych rodzinach.<\/h2>\n<p>&nbsp;<br \/>\nMog\u0105 wzi\u0105\u0107 w nim udzia\u0142 zar\u00f3wno same dzieci, jak i dru\u017cyny rodzic\u00f3w z dzie\u0107mi. Opr\u00f3cz dobrej zabawy czekaj\u0105 r\u00f3wnie\u017c nagrody. <\/p>\n<p>&#8211; <em>Lato i wakacje w pe\u0142ni, dlatego dla wszystkich mieszka\u0144c\u00f3w Gliwic i okolic, poszukuj\u0105cych rodzinnych atrakcji na \u015bwie\u017cym powietrzu, centrum handlowe Europa Centralna szykuje co\u015b wyj\u0105tkowego na najbli\u017csz\u0105 sobot\u0119. 9 lipca wystartuje tu specjalny tor przeszk\u00f3d. Zabawa pod nazw\u0105 Fit&#038;Fun dedykowana jest dla ca\u0142ych rodzin. Przewidziane s\u0105 trzy kategorie zawod\u00f3w: Kids \u2013 dla dzieci w wieku 5-12 lat, Family \u2013 dla dru\u017cyn: rodzic z dzieckiem oraz Fit \u2013 dla os\u00f3b od 14 roku \u017cycia<\/em> &#8211; informuje Centrum Handlowe. <\/p><div class=\"gliwi-a3-w-tresci-artykulow gliwi-entity-placement\" id=\"gliwi-4204430637\"><div class=\"gliwi-adlabel\"><span style=\"font-size: 9px\">REKLAMA<\/span><\/div><div id=\"gliwi-4188501608\" style=\"margin-bottom: 30px;margin-left: auto;margin-right: auto;text-align: center;\"><a data-no-instant=\"1\" href=\"https:\/\/ogrodyandersa.pl\/\" rel=\"noopener\" class=\"a2t-link\" target=\"_blank\" aria-label=\"20260415 Ogrody Andersa KUP TERAZ D\"><img loading=\"lazy\" decoding=\"async\" src=\"https:\/\/www.24gliwice.pl\/wiadomosci\/wp-content\/uploads\/2026\/04\/20260415-Ogrody-Andersa-KUP-TERAZ-D.jpg\" alt=\"\"  srcset=\"https:\/\/www.24gliwice.pl\/wiadomosci\/wp-content\/uploads\/2026\/04\/20260415-Ogrody-Andersa-KUP-TERAZ-D.jpg 750w, https:\/\/www.24gliwice.pl\/wiadomosci\/wp-content\/uploads\/2026\/04\/20260415-Ogrody-Andersa-KUP-TERAZ-D-410x109.jpg 410w\" sizes=\"(max-width: 750px) 100vw, 750px\" class=\"no-lazyload\" width=\"750\" height=\"200\"  style=\"display: inline-block; max-width: 100%; height: auto;\" \/><\/a><\/div><\/div>\n<h4>Tor Fit&#038;Fun zawiera a\u017c 30 r\u00f3\u017cnych przeszk\u00f3d i zada\u0144. S\u0105 w\u015br\u00f3d nich r\u00f3wnowa\u017cnia, czo\u0142ganie si\u0119, 3-metrowe \u015bcianki wspinaczkowe, biegi, skoki na skrzyni\u0119 czy tor zr\u0119czno\u015bciowy ze strzelaniem z \u0142uku. <\/h4>\n<p>Ka\u017cda z kategorii b\u0119dzie mia\u0142a sw\u00f3j dedykowany tor przeszk\u00f3d, dostosowany do jej mo\u017cliwo\u015bci i wieku. Na miejscu b\u0119d\u0105 dost\u0119pne punkty od\u015bwie\u017cania, a po przekroczeniu mety wszyscy ko\u0144cz\u0105cy bieg otrzymaj\u0105 napoje. Na koniec imprezy zaplanowano wr\u0119czenie nagr\u00f3d, zar\u00f3wno dla m\u0142odszych, jak i starszych uczestnik\u00f3w zawod\u00f3w.<\/p>\n<p>Wszyscy zainteresowani musz\u0105 wcze\u015bniej zapisa\u0107 si\u0119 na wy\u015bcig. Rejestracja, dok\u0142adny godzinowy plan wydarzenia oraz opisy tor\u00f3w w poszczeg\u00f3lnych kategoriach dost\u0119pne s\u0105 na stronie Fit&#038;Fun Games, pod linkiem: <a href=\"http:\/\/fitfun.games\/gliwice-2\/\" rel=\"noopener\" target=\"_blank\">http:\/\/fitfun.games\/gliwice-2\/<\/a><\/p>\n<p>mat. pras. EC<br \/>\nfot. mat. organizatora<\/p>\n<div class=\"gliwi-a5-na-koncu-artykulow gliwi-entity-placement\" id=\"gliwi-1038014145\"><div class=\"gliwi-adlabel\"><span style=\"font-size: 9px\">REKLAMA<\/span><\/div><div id=\"gliwi-1846706751\" style=\"margin-left: auto;margin-right: auto;text-align: center;\"><a data-no-instant=\"1\" href=\"https:\/\/www.jasek.pl\/\" rel=\"noopener\" class=\"a2t-link\" target=\"_blank\" aria-label=\"20200401-jasek 600\"><img loading=\"lazy\" decoding=\"async\" src=\"https:\/\/www.24gliwice.pl\/wiadomosci\/wp-content\/uploads\/2020\/04\/20200401-jasek-600.jpg\" alt=\"\"  srcset=\"https:\/\/www.24gliwice.pl\/wiadomosci\/wp-content\/uploads\/2020\/04\/20200401-jasek-600.jpg 600w, https:\/\/www.24gliwice.pl\/wiadomosci\/wp-content\/uploads\/2020\/04\/20200401-jasek-600-410x109.jpg 410w\" sizes=\"(max-width: 600px) 100vw, 600px\" class=\"no-lazyload\" width=\"600\" height=\"160\"  style=\"display: inline-block; max-width: 100%; height: auto;\" \/><\/a><\/div><\/div>","protected":false},"excerpt":{"rendered":"<p>Centrum handlowe Europa Centralna nie zwalnia tempa w organizowaniu letnich atrakcji. Ju\u017c w najbli\u017csz\u0105 sobot\u0119, 9 lipca ruszy wy\u015bcig Fit&#038;Fun. Specjalnie przygotowany tor przeszk\u00f3d szykowany jest z my\u015bl\u0105 o ca\u0142ych rodzinach. &nbsp; Mog\u0105 wzi\u0105\u0107 w nim udzia\u0142 zar\u00f3wno same dzieci, jak i dru\u017cyny rodzic\u00f3w z dzie\u0107mi. Opr\u00f3cz dobrej zabawy czekaj\u0105 r\u00f3wnie\u017c nagrody. &#8211; Lato i [&hellip;]<\/p>\n","protected":false},"author":15,"featured_media":196147,"comment_status":"closed","ping_status":"closed","sticky":false,"template":"","format":"standard","meta":{"_monsterinsights_skip_tracking":false,"_monsterinsights_sitenote_active":false,"_monsterinsights_sitenote_note":"","_monsterinsights_sitenote_category":0,"footnotes":"","_links_to":"","_links_to_target":""},"categories":[3,6,1],"tags":[286],"class_list":["post-196143","post","type-post","status-publish","format-standard","has-post-thumbnail","hentry","category-gliwice","category-kultura","category-wszystko","tag-europa-centralna"],"yoast_head":"<!-- This site is optimized with the Yoast SEO plugin v27.4 - https:\/\/yoast.com\/product\/yoast-seo-wordpress\/ -->\n<title>Fit&amp;Fun w Europie Centralnej. B\u0119dzie specjalny tor z 30 przeszkodami, przewidziano nagrody - 24GLIWICE - Portal Gliwice | codziennie nowe informacje<\/title>\n<meta name=\"description\" content=\"W najbli\u017csz\u0105 sobot\u0119 w centrum handlowym Europa Centralna odb\u0119dzie si\u0119 impreza Fit&amp;Fun - wydarzenie dedykowane ca\u0142ym rodzinom\" \/>\n<meta name=\"robots\" content=\"index, follow, max-snippet:-1, max-image-preview:large, max-video-preview:-1\" \/>\n<link rel=\"canonical\" href=\"https:\/\/www.24gliwice.pl\/wiadomosci\/fitfun-w-europie-centralnej-bedzie-specjalny-tor-z-30-przeszkodami-przewidziano-nagrody\/\" \/>\n<meta property=\"og:locale\" content=\"pl_PL\" \/>\n<meta property=\"og:type\" content=\"article\" \/>\n<meta property=\"og:title\" content=\"Fit&amp;Fun w Europie Centralnej. B\u0119dzie specjalny tor z 30 przeszkodami, przewidziano nagrody - 24GLIWICE - Portal Gliwice | codziennie nowe informacje\" \/>\n<meta property=\"og:description\" content=\"W najbli\u017csz\u0105 sobot\u0119 w centrum handlowym Europa Centralna odb\u0119dzie si\u0119 impreza Fit&amp;Fun - wydarzenie dedykowane ca\u0142ym rodzinom\" \/>\n<meta property=\"og:url\" content=\"https:\/\/www.24gliwice.pl\/wiadomosci\/fitfun-w-europie-centralnej-bedzie-specjalny-tor-z-30-przeszkodami-przewidziano-nagrody\/\" \/>\n<meta property=\"og:site_name\" content=\"24GLIWICE - Portal Gliwice | codziennie nowe informacje\" \/>\n<meta property=\"article:publisher\" content=\"https:\/\/www.facebook.com\/24gliwice\" \/>\n<meta property=\"article:published_time\" content=\"2022-07-08T04:00:09+00:00\" \/>\n<meta property=\"og:image\" content=\"https:\/\/www.24gliwice.pl\/wiadomosci\/wp-content\/uploads\/2022\/07\/europa-centralna.jpg\" \/>\n\t<meta property=\"og:image:width\" content=\"810\" \/>\n\t<meta property=\"og:image:height\" content=\"457\" \/>\n\t<meta property=\"og:image:type\" content=\"image\/jpeg\" \/>\n<meta name=\"author\" content=\"\u017baneta Mrozek-Siewierska\" \/>\n<meta name=\"twitter:card\" content=\"summary_large_image\" \/>\n<meta name=\"twitter:creator\" content=\"@24gliwice\" \/>\n<meta name=\"twitter:site\" content=\"@24gliwice\" \/>\n<meta name=\"twitter:label1\" content=\"Napisane przez\" \/>\n\t<meta name=\"twitter:data1\" content=\"\u017baneta Mrozek-Siewierska\" \/>\n\t<meta name=\"twitter:label2\" content=\"Szacowany czas czytania\" \/>\n\t<meta name=\"twitter:data2\" content=\"1 minuta\" \/>\n<script type=\"application\/ld+json\" class=\"yoast-schema-graph\">{\"@context\":\"https:\\\/\\\/schema.org\",\"@graph\":[{\"@type\":\"Article\",\"@id\":\"https:\\\/\\\/www.24gliwice.pl\\\/wiadomosci\\\/fitfun-w-europie-centralnej-bedzie-specjalny-tor-z-30-przeszkodami-przewidziano-nagrody\\\/#article\",\"isPartOf\":{\"@id\":\"https:\\\/\\\/www.24gliwice.pl\\\/wiadomosci\\\/fitfun-w-europie-centralnej-bedzie-specjalny-tor-z-30-przeszkodami-przewidziano-nagrody\\\/\"},\"author\":{\"name\":\"\u017baneta Mrozek-Siewierska\",\"@id\":\"https:\\\/\\\/www.24gliwice.pl\\\/wiadomosci\\\/#\\\/schema\\\/person\\\/e42c650edd7f2fa332be3811fb166b6e\"},\"headline\":\"Fit&#038;Fun w Europie Centralnej. B\u0119dzie specjalny tor z 30 przeszkodami, przewidziano nagrody\",\"datePublished\":\"2022-07-08T04:00:09+00:00\",\"mainEntityOfPage\":{\"@id\":\"https:\\\/\\\/www.24gliwice.pl\\\/wiadomosci\\\/fitfun-w-europie-centralnej-bedzie-specjalny-tor-z-30-przeszkodami-przewidziano-nagrody\\\/\"},\"wordCount\":307,\"publisher\":{\"@id\":\"https:\\\/\\\/www.24gliwice.pl\\\/wiadomosci\\\/#organization\"},\"image\":{\"@id\":\"https:\\\/\\\/www.24gliwice.pl\\\/wiadomosci\\\/fitfun-w-europie-centralnej-bedzie-specjalny-tor-z-30-przeszkodami-przewidziano-nagrody\\\/#primaryimage\"},\"thumbnailUrl\":\"https:\\\/\\\/www.24gliwice.pl\\\/wiadomosci\\\/wp-content\\\/uploads\\\/2022\\\/07\\\/europa-centralna.jpg\",\"keywords\":[\"EUROPA CENTRALNA\"],\"articleSection\":[\"Gliwice\",\"Kultura, wydarzenia, imprezy\",\"Najnowsze wiadomo\u015bci\"],\"inLanguage\":\"pl-PL\"},{\"@type\":\"WebPage\",\"@id\":\"https:\\\/\\\/www.24gliwice.pl\\\/wiadomosci\\\/fitfun-w-europie-centralnej-bedzie-specjalny-tor-z-30-przeszkodami-przewidziano-nagrody\\\/\",\"url\":\"https:\\\/\\\/www.24gliwice.pl\\\/wiadomosci\\\/fitfun-w-europie-centralnej-bedzie-specjalny-tor-z-30-przeszkodami-przewidziano-nagrody\\\/\",\"name\":\"Fit&Fun w Europie Centralnej. B\u0119dzie specjalny tor z 30 przeszkodami, przewidziano nagrody - 24GLIWICE - Portal Gliwice | codziennie nowe informacje\",\"isPartOf\":{\"@id\":\"https:\\\/\\\/www.24gliwice.pl\\\/wiadomosci\\\/#website\"},\"primaryImageOfPage\":{\"@id\":\"https:\\\/\\\/www.24gliwice.pl\\\/wiadomosci\\\/fitfun-w-europie-centralnej-bedzie-specjalny-tor-z-30-przeszkodami-przewidziano-nagrody\\\/#primaryimage\"},\"image\":{\"@id\":\"https:\\\/\\\/www.24gliwice.pl\\\/wiadomosci\\\/fitfun-w-europie-centralnej-bedzie-specjalny-tor-z-30-przeszkodami-przewidziano-nagrody\\\/#primaryimage\"},\"thumbnailUrl\":\"https:\\\/\\\/www.24gliwice.pl\\\/wiadomosci\\\/wp-content\\\/uploads\\\/2022\\\/07\\\/europa-centralna.jpg\",\"datePublished\":\"2022-07-08T04:00:09+00:00\",\"description\":\"W najbli\u017csz\u0105 sobot\u0119 w centrum handlowym Europa Centralna odb\u0119dzie si\u0119 impreza Fit&Fun - wydarzenie dedykowane ca\u0142ym rodzinom\",\"breadcrumb\":{\"@id\":\"https:\\\/\\\/www.24gliwice.pl\\\/wiadomosci\\\/fitfun-w-europie-centralnej-bedzie-specjalny-tor-z-30-przeszkodami-przewidziano-nagrody\\\/#breadcrumb\"},\"inLanguage\":\"pl-PL\",\"potentialAction\":[{\"@type\":\"ReadAction\",\"target\":[\"https:\\\/\\\/www.24gliwice.pl\\\/wiadomosci\\\/fitfun-w-europie-centralnej-bedzie-specjalny-tor-z-30-przeszkodami-przewidziano-nagrody\\\/\"]}]},{\"@type\":\"ImageObject\",\"inLanguage\":\"pl-PL\",\"@id\":\"https:\\\/\\\/www.24gliwice.pl\\\/wiadomosci\\\/fitfun-w-europie-centralnej-bedzie-specjalny-tor-z-30-przeszkodami-przewidziano-nagrody\\\/#primaryimage\",\"url\":\"https:\\\/\\\/www.24gliwice.pl\\\/wiadomosci\\\/wp-content\\\/uploads\\\/2022\\\/07\\\/europa-centralna.jpg\",\"contentUrl\":\"https:\\\/\\\/www.24gliwice.pl\\\/wiadomosci\\\/wp-content\\\/uploads\\\/2022\\\/07\\\/europa-centralna.jpg\",\"width\":810,\"height\":457},{\"@type\":\"BreadcrumbList\",\"@id\":\"https:\\\/\\\/www.24gliwice.pl\\\/wiadomosci\\\/fitfun-w-europie-centralnej-bedzie-specjalny-tor-z-30-przeszkodami-przewidziano-nagrody\\\/#breadcrumb\",\"itemListElement\":[{\"@type\":\"ListItem\",\"position\":1,\"name\":\"Strona g\u0142\u00f3wna\",\"item\":\"https:\\\/\\\/www.24gliwice.pl\\\/wiadomosci\\\/\"},{\"@type\":\"ListItem\",\"position\":2,\"name\":\"Fit&#038;Fun w Europie Centralnej. B\u0119dzie specjalny tor z 30 przeszkodami, przewidziano nagrody\"}]},{\"@type\":\"WebSite\",\"@id\":\"https:\\\/\\\/www.24gliwice.pl\\\/wiadomosci\\\/#website\",\"url\":\"https:\\\/\\\/www.24gliwice.pl\\\/wiadomosci\\\/\",\"name\":\"24GLIWICE - Portal Gliwice | codziennie nowe wiadomo\u015bci\",\"description\":\"Portal Miejski Gliwice\",\"publisher\":{\"@id\":\"https:\\\/\\\/www.24gliwice.pl\\\/wiadomosci\\\/#organization\"},\"potentialAction\":[{\"@type\":\"SearchAction\",\"target\":{\"@type\":\"EntryPoint\",\"urlTemplate\":\"https:\\\/\\\/www.24gliwice.pl\\\/wiadomosci\\\/?s={search_term_string}\"},\"query-input\":{\"@type\":\"PropertyValueSpecification\",\"valueRequired\":true,\"valueName\":\"search_term_string\"}}],\"inLanguage\":\"pl-PL\"},{\"@type\":\"Organization\",\"@id\":\"https:\\\/\\\/www.24gliwice.pl\\\/wiadomosci\\\/#organization\",\"name\":\"24gliwice\",\"url\":\"https:\\\/\\\/www.24gliwice.pl\\\/wiadomosci\\\/\",\"logo\":{\"@type\":\"ImageObject\",\"inLanguage\":\"pl-PL\",\"@id\":\"https:\\\/\\\/www.24gliwice.pl\\\/wiadomosci\\\/#\\\/schema\\\/logo\\\/image\\\/\",\"url\":\"https:\\\/\\\/www.24gliwice.pl\\\/wiadomosci\\\/wp-content\\\/uploads\\\/2024\\\/10\\\/24gliwice-logo-696.jpg\",\"contentUrl\":\"https:\\\/\\\/www.24gliwice.pl\\\/wiadomosci\\\/wp-content\\\/uploads\\\/2024\\\/10\\\/24gliwice-logo-696.jpg\",\"width\":696,\"height\":696,\"caption\":\"24gliwice\"},\"image\":{\"@id\":\"https:\\\/\\\/www.24gliwice.pl\\\/wiadomosci\\\/#\\\/schema\\\/logo\\\/image\\\/\"},\"sameAs\":[\"https:\\\/\\\/www.facebook.com\\\/24gliwice\",\"https:\\\/\\\/x.com\\\/24gliwice\",\"https:\\\/\\\/www.youtube.com\\\/@24gliwice\"]},{\"@type\":\"Person\",\"@id\":\"https:\\\/\\\/www.24gliwice.pl\\\/wiadomosci\\\/#\\\/schema\\\/person\\\/e42c650edd7f2fa332be3811fb166b6e\",\"name\":\"\u017baneta Mrozek-Siewierska\",\"image\":{\"@type\":\"ImageObject\",\"inLanguage\":\"pl-PL\",\"@id\":\"https:\\\/\\\/www.24gliwice.pl\\\/wiadomosci\\\/wp-content\\\/uploads\\\/2021\\\/11\\\/Zaneta-M_S-zdjecie-czb-96x96.jpg\",\"url\":\"https:\\\/\\\/www.24gliwice.pl\\\/wiadomosci\\\/wp-content\\\/uploads\\\/2021\\\/11\\\/Zaneta-M_S-zdjecie-czb-96x96.jpg\",\"contentUrl\":\"https:\\\/\\\/www.24gliwice.pl\\\/wiadomosci\\\/wp-content\\\/uploads\\\/2021\\\/11\\\/Zaneta-M_S-zdjecie-czb-96x96.jpg\",\"caption\":\"\u017baneta Mrozek-Siewierska\"},\"url\":\"https:\\\/\\\/www.24gliwice.pl\\\/wiadomosci\\\/author\\\/zms\\\/\"}]}<\/script>\n<!-- \/ Yoast SEO plugin. -->","yoast_head_json":{"title":"Fit&Fun w Europie Centralnej. B\u0119dzie specjalny tor z 30 przeszkodami, przewidziano nagrody - 24GLIWICE - Portal Gliwice | codziennie nowe informacje","description":"W najbli\u017csz\u0105 sobot\u0119 w centrum handlowym Europa Centralna odb\u0119dzie si\u0119 impreza Fit&Fun - wydarzenie dedykowane ca\u0142ym rodzinom","robots":{"index":"index","follow":"follow","max-snippet":"max-snippet:-1","max-image-preview":"max-image-preview:large","max-video-preview":"max-video-preview:-1"},"canonical":"https:\/\/www.24gliwice.pl\/wiadomosci\/fitfun-w-europie-centralnej-bedzie-specjalny-tor-z-30-przeszkodami-przewidziano-nagrody\/","og_locale":"pl_PL","og_type":"article","og_title":"Fit&Fun w Europie Centralnej. B\u0119dzie specjalny tor z 30 przeszkodami, przewidziano nagrody - 24GLIWICE - Portal Gliwice | codziennie nowe informacje","og_description":"W najbli\u017csz\u0105 sobot\u0119 w centrum handlowym Europa Centralna odb\u0119dzie si\u0119 impreza Fit&Fun - wydarzenie dedykowane ca\u0142ym rodzinom","og_url":"https:\/\/www.24gliwice.pl\/wiadomosci\/fitfun-w-europie-centralnej-bedzie-specjalny-tor-z-30-przeszkodami-przewidziano-nagrody\/","og_site_name":"24GLIWICE - Portal Gliwice | codziennie nowe informacje","article_publisher":"https:\/\/www.facebook.com\/24gliwice","article_published_time":"2022-07-08T04:00:09+00:00","og_image":[{"width":810,"height":457,"url":"https:\/\/www.24gliwice.pl\/wiadomosci\/wp-content\/uploads\/2022\/07\/europa-centralna.jpg","type":"image\/jpeg"}],"author":"\u017baneta Mrozek-Siewierska","twitter_card":"summary_large_image","twitter_creator":"@24gliwice","twitter_site":"@24gliwice","twitter_misc":{"Napisane przez":"\u017baneta Mrozek-Siewierska","Szacowany czas czytania":"1 minuta"},"schema":{"@context":"https:\/\/schema.org","@graph":[{"@type":"Article","@id":"https:\/\/www.24gliwice.pl\/wiadomosci\/fitfun-w-europie-centralnej-bedzie-specjalny-tor-z-30-przeszkodami-przewidziano-nagrody\/#article","isPartOf":{"@id":"https:\/\/www.24gliwice.pl\/wiadomosci\/fitfun-w-europie-centralnej-bedzie-specjalny-tor-z-30-przeszkodami-przewidziano-nagrody\/"},"author":{"name":"\u017baneta Mrozek-Siewierska","@id":"https:\/\/www.24gliwice.pl\/wiadomosci\/#\/schema\/person\/e42c650edd7f2fa332be3811fb166b6e"},"headline":"Fit&#038;Fun w Europie Centralnej. B\u0119dzie specjalny tor z 30 przeszkodami, przewidziano nagrody","datePublished":"2022-07-08T04:00:09+00:00","mainEntityOfPage":{"@id":"https:\/\/www.24gliwice.pl\/wiadomosci\/fitfun-w-europie-centralnej-bedzie-specjalny-tor-z-30-przeszkodami-przewidziano-nagrody\/"},"wordCount":307,"publisher":{"@id":"https:\/\/www.24gliwice.pl\/wiadomosci\/#organization"},"image":{"@id":"https:\/\/www.24gliwice.pl\/wiadomosci\/fitfun-w-europie-centralnej-bedzie-specjalny-tor-z-30-przeszkodami-przewidziano-nagrody\/#primaryimage"},"thumbnailUrl":"https:\/\/www.24gliwice.pl\/wiadomosci\/wp-content\/uploads\/2022\/07\/europa-centralna.jpg","keywords":["EUROPA CENTRALNA"],"articleSection":["Gliwice","Kultura, wydarzenia, imprezy","Najnowsze wiadomo\u015bci"],"inLanguage":"pl-PL"},{"@type":"WebPage","@id":"https:\/\/www.24gliwice.pl\/wiadomosci\/fitfun-w-europie-centralnej-bedzie-specjalny-tor-z-30-przeszkodami-przewidziano-nagrody\/","url":"https:\/\/www.24gliwice.pl\/wiadomosci\/fitfun-w-europie-centralnej-bedzie-specjalny-tor-z-30-przeszkodami-przewidziano-nagrody\/","name":"Fit&Fun w Europie Centralnej. B\u0119dzie specjalny tor z 30 przeszkodami, przewidziano nagrody - 24GLIWICE - Portal Gliwice | codziennie nowe informacje","isPartOf":{"@id":"https:\/\/www.24gliwice.pl\/wiadomosci\/#website"},"primaryImageOfPage":{"@id":"https:\/\/www.24gliwice.pl\/wiadomosci\/fitfun-w-europie-centralnej-bedzie-specjalny-tor-z-30-przeszkodami-przewidziano-nagrody\/#primaryimage"},"image":{"@id":"https:\/\/www.24gliwice.pl\/wiadomosci\/fitfun-w-europie-centralnej-bedzie-specjalny-tor-z-30-przeszkodami-przewidziano-nagrody\/#primaryimage"},"thumbnailUrl":"https:\/\/www.24gliwice.pl\/wiadomosci\/wp-content\/uploads\/2022\/07\/europa-centralna.jpg","datePublished":"2022-07-08T04:00:09+00:00","description":"W najbli\u017csz\u0105 sobot\u0119 w centrum handlowym Europa Centralna odb\u0119dzie si\u0119 impreza Fit&Fun - wydarzenie dedykowane ca\u0142ym rodzinom","breadcrumb":{"@id":"https:\/\/www.24gliwice.pl\/wiadomosci\/fitfun-w-europie-centralnej-bedzie-specjalny-tor-z-30-przeszkodami-przewidziano-nagrody\/#breadcrumb"},"inLanguage":"pl-PL","potentialAction":[{"@type":"ReadAction","target":["https:\/\/www.24gliwice.pl\/wiadomosci\/fitfun-w-europie-centralnej-bedzie-specjalny-tor-z-30-przeszkodami-przewidziano-nagrody\/"]}]},{"@type":"ImageObject","inLanguage":"pl-PL","@id":"https:\/\/www.24gliwice.pl\/wiadomosci\/fitfun-w-europie-centralnej-bedzie-specjalny-tor-z-30-przeszkodami-przewidziano-nagrody\/#primaryimage","url":"https:\/\/www.24gliwice.pl\/wiadomosci\/wp-content\/uploads\/2022\/07\/europa-centralna.jpg","contentUrl":"https:\/\/www.24gliwice.pl\/wiadomosci\/wp-content\/uploads\/2022\/07\/europa-centralna.jpg","width":810,"height":457},{"@type":"BreadcrumbList","@id":"https:\/\/www.24gliwice.pl\/wiadomosci\/fitfun-w-europie-centralnej-bedzie-specjalny-tor-z-30-przeszkodami-przewidziano-nagrody\/#breadcrumb","itemListElement":[{"@type":"ListItem","position":1,"name":"Strona g\u0142\u00f3wna","item":"https:\/\/www.24gliwice.pl\/wiadomosci\/"},{"@type":"ListItem","position":2,"name":"Fit&#038;Fun w Europie Centralnej. B\u0119dzie specjalny tor z 30 przeszkodami, przewidziano nagrody"}]},{"@type":"WebSite","@id":"https:\/\/www.24gliwice.pl\/wiadomosci\/#website","url":"https:\/\/www.24gliwice.pl\/wiadomosci\/","name":"24GLIWICE - Portal Gliwice | codziennie nowe wiadomo\u015bci","description":"Portal Miejski Gliwice","publisher":{"@id":"https:\/\/www.24gliwice.pl\/wiadomosci\/#organization"},"potentialAction":[{"@type":"SearchAction","target":{"@type":"EntryPoint","urlTemplate":"https:\/\/www.24gliwice.pl\/wiadomosci\/?s={search_term_string}"},"query-input":{"@type":"PropertyValueSpecification","valueRequired":true,"valueName":"search_term_string"}}],"inLanguage":"pl-PL"},{"@type":"Organization","@id":"https:\/\/www.24gliwice.pl\/wiadomosci\/#organization","name":"24gliwice","url":"https:\/\/www.24gliwice.pl\/wiadomosci\/","logo":{"@type":"ImageObject","inLanguage":"pl-PL","@id":"https:\/\/www.24gliwice.pl\/wiadomosci\/#\/schema\/logo\/image\/","url":"https:\/\/www.24gliwice.pl\/wiadomosci\/wp-content\/uploads\/2024\/10\/24gliwice-logo-696.jpg","contentUrl":"https:\/\/www.24gliwice.pl\/wiadomosci\/wp-content\/uploads\/2024\/10\/24gliwice-logo-696.jpg","width":696,"height":696,"caption":"24gliwice"},"image":{"@id":"https:\/\/www.24gliwice.pl\/wiadomosci\/#\/schema\/logo\/image\/"},"sameAs":["https:\/\/www.facebook.com\/24gliwice","https:\/\/x.com\/24gliwice","https:\/\/www.youtube.com\/@24gliwice"]},{"@type":"Person","@id":"https:\/\/www.24gliwice.pl\/wiadomosci\/#\/schema\/person\/e42c650edd7f2fa332be3811fb166b6e","name":"\u017baneta Mrozek-Siewierska","image":{"@type":"ImageObject","inLanguage":"pl-PL","@id":"https:\/\/www.24gliwice.pl\/wiadomosci\/wp-content\/uploads\/2021\/11\/Zaneta-M_S-zdjecie-czb-96x96.jpg","url":"https:\/\/www.24gliwice.pl\/wiadomosci\/wp-content\/uploads\/2021\/11\/Zaneta-M_S-zdjecie-czb-96x96.jpg","contentUrl":"https:\/\/www.24gliwice.pl\/wiadomosci\/wp-content\/uploads\/2021\/11\/Zaneta-M_S-zdjecie-czb-96x96.jpg","caption":"\u017baneta Mrozek-Siewierska"},"url":"https:\/\/www.24gliwice.pl\/wiadomosci\/author\/zms\/"}]}},"_links":{"self":[{"href":"https:\/\/www.24gliwice.pl\/wiadomosci\/wp-json\/wp\/v2\/posts\/196143","targetHints":{"allow":["GET"]}}],"collection":[{"href":"https:\/\/www.24gliwice.pl\/wiadomosci\/wp-json\/wp\/v2\/posts"}],"about":[{"href":"https:\/\/www.24gliwice.pl\/wiadomosci\/wp-json\/wp\/v2\/types\/post"}],"author":[{"embeddable":true,"href":"https:\/\/www.24gliwice.pl\/wiadomosci\/wp-json\/wp\/v2\/users\/15"}],"replies":[{"embeddable":true,"href":"https:\/\/www.24gliwice.pl\/wiadomosci\/wp-json\/wp\/v2\/comments?post=196143"}],"version-history":[{"count":4,"href":"https:\/\/www.24gliwice.pl\/wiadomosci\/wp-json\/wp\/v2\/posts\/196143\/revisions"}],"predecessor-version":[{"id":196156,"href":"https:\/\/www.24gliwice.pl\/wiadomosci\/wp-json\/wp\/v2\/posts\/196143\/revisions\/196156"}],"wp:featuredmedia":[{"embeddable":true,"href":"https:\/\/www.24gliwice.pl\/wiadomosci\/wp-json\/wp\/v2\/media\/196147"}],"wp:attachment":[{"href":"https:\/\/www.24gliwice.pl\/wiadomosci\/wp-json\/wp\/v2\/media?parent=196143"}],"wp:term":[{"taxonomy":"category","embeddable":true,"href":"https:\/\/www.24gliwice.pl\/wiadomosci\/wp-json\/wp\/v2\/categories?post=196143"},{"taxonomy":"post_tag","embeddable":true,"href":"https:\/\/www.24gliwice.pl\/wiadomosci\/wp-json\/wp\/v2\/tags?post=196143"}],"curies":[{"name":"wp","href":"https:\/\/api.w.org\/{rel}","templated":true}]}}