{"id":196315,"date":"2022-07-12T12:20:49","date_gmt":"2022-07-12T10:20:49","guid":{"rendered":"https:\/\/www.24gliwice.pl\/wiadomosci\/?p=196315"},"modified":"2022-07-12T12:20:49","modified_gmt":"2022-07-12T10:20:49","slug":"gliwicki-festiwal-bachowski-rozpocznie-sie-w-tym-tygodniu-siedem-koncertow-w-kosciolach","status":"publish","type":"post","link":"https:\/\/www.24gliwice.pl\/wiadomosci\/gliwicki-festiwal-bachowski-rozpocznie-sie-w-tym-tygodniu-siedem-koncertow-w-kosciolach\/","title":{"rendered":"Gliwicki Festiwal Bachowski rozpocznie si\u0119 w tym tygodniu. Siedem koncert\u00f3w w ko\u015bcio\u0142ach"},"content":{"rendered":"<div class=\"gliwi-a6-nad-leadem-artykulow gliwi-entity-placement\" id=\"gliwi-3375769157\"><div class=\"gliwi-adlabel\"><span style=\"font-size: 9px\">REKLAMA<\/span><\/div><div id=\"gliwi-465263803\" style=\"margin-bottom: 30px;margin-left: auto;margin-right: auto;text-align: center;\"><a data-no-instant=\"1\" href=\"https:\/\/przedszkole.halogen.org.pl\/\" rel=\"noopener\" class=\"a2t-link\" target=\"_blank\" aria-label=\"20260402-ANIMATOR-przedszkole_grafika_750x200\"><img loading=\"lazy\" decoding=\"async\" src=\"https:\/\/www.24gliwice.pl\/wiadomosci\/wp-content\/uploads\/2026\/04\/20260402-ANIMATOR-przedszkole_grafika_750x200.webp\" alt=\"\"  srcset=\"https:\/\/www.24gliwice.pl\/wiadomosci\/wp-content\/uploads\/2026\/04\/20260402-ANIMATOR-przedszkole_grafika_750x200.webp 750w, https:\/\/www.24gliwice.pl\/wiadomosci\/wp-content\/uploads\/2026\/04\/20260402-ANIMATOR-przedszkole_grafika_750x200-410x109.webp 410w\" sizes=\"(max-width: 750px) 100vw, 750px\" class=\"no-lazyload\" width=\"750\" height=\"200\"  style=\"display: inline-block; max-width: 100%; height: auto;\" \/><\/a><\/div><\/div><h2>Gliwiccy melomani maj\u0105 powody do rado\u015bci. XXIII Gliwicki Festiwal Bachowski powraca w swoim tradycyjnym, letnim terminie. Ju\u017c 15 lipca rozpocznie si\u0119 seria 7 koncert\u00f3w w wykonaniu wirtuoz\u00f3w muzyki powa\u017cnej.<\/h2>\n<p>&nbsp;<br \/>\nW repertuarze znajd\u0105 si\u0119 nie tylko utwory <strong>Jana Sebastiana Bacha<\/strong>, ale r\u00f3wnie\u017c kompozytor\u00f3w, kt\u00f3rzy stali si\u0119 jego inspiracj\u0105 oraz tych, kt\u00f3rzy czerpali gar\u015bciami z tw\u00f3rczo\u015bci niemieckiego mistrza klawesynu. <\/p>\n<p><a href=\"https:\/\/www.24gliwice.pl\/wiadomosci\/wp-content\/uploads\/2022\/07\/gliwicki-festwial-bachowskila_tempesta.jpg\"><img loading=\"lazy\" decoding=\"async\" src=\"https:\/\/www.24gliwice.pl\/wiadomosci\/wp-content\/uploads\/2022\/07\/gliwicki-festwial-bachowskila_tempesta.jpg\" alt=\"\" width=\"810\" height=\"395\" class=\"alignnone size-full wp-image-196327\" srcset=\"https:\/\/www.24gliwice.pl\/wiadomosci\/wp-content\/uploads\/2022\/07\/gliwicki-festwial-bachowskila_tempesta.jpg 810w, https:\/\/www.24gliwice.pl\/wiadomosci\/wp-content\/uploads\/2022\/07\/gliwicki-festwial-bachowskila_tempesta-410x200.jpg 410w, https:\/\/www.24gliwice.pl\/wiadomosci\/wp-content\/uploads\/2022\/07\/gliwicki-festwial-bachowskila_tempesta-768x375.jpg 768w\" sizes=\"auto, (max-width: 810px) 100vw, 810px\" \/><\/a><\/p>\n<p>Festiwal zainauguruje 15 lipca koncert \u201eBach: polonez ukryty\u201d. W murach ko\u015bcio\u0142a pw. Wszystkich \u015awi\u0119tych w Gliwicach zabrzmi\u0105 kompozycje Jana Sebastiana Bacha nawi\u0105zuj\u0105ce w nieoczywisty spos\u00f3b do polskiego ta\u0144ca narodowego \u2013 poloneza. W wykonaniu <strong>Katarzyny Bienias<\/strong> (sopran), <strong>Anny Fija\u0142kowskiej <\/strong>(mezzosopran), <strong>Adama S\u0142awi\u0144skiego <\/strong>(tenor),<strong> Dawida Biwo <\/strong>(bas) oraz Zespo\u0142u Muzyki Dawnej La Tempesta pod batut\u0105 <strong>Jakuba Burzy\u0144skiego<\/strong> us\u0142yszymy specjalnie wyselekcjonowane utwory, kt\u00f3re wyra\u017anie wskazuj\u0105 na sta\u0142\u0105 obecno\u015b\u0107 polonez\u00f3w tak\u017ce w tw\u00f3rczo\u015bci kantatowej i dzie\u0142ach sakralnych Bacha.<\/p><div class=\"gliwi-a3-w-tresci-artykulow gliwi-entity-placement\" id=\"gliwi-4206159705\"><div class=\"gliwi-adlabel\"><span style=\"font-size: 9px\">REKLAMA<\/span><\/div><div id=\"gliwi-1309091506\" style=\"margin-bottom: 30px;margin-left: auto;margin-right: auto;text-align: center;\"><a data-no-instant=\"1\" href=\"https:\/\/zlobek.halogen.org.pl\/\" rel=\"noopener\" class=\"a2t-link\" target=\"_blank\" aria-label=\"animator-zlobek_750x200\"><img loading=\"lazy\" decoding=\"async\" src=\"https:\/\/www.24gliwice.pl\/wiadomosci\/wp-content\/uploads\/2026\/02\/animator-zlobek_750x200.webp\" alt=\"\"  srcset=\"https:\/\/www.24gliwice.pl\/wiadomosci\/wp-content\/uploads\/2026\/02\/animator-zlobek_750x200.webp 750w, https:\/\/www.24gliwice.pl\/wiadomosci\/wp-content\/uploads\/2026\/02\/animator-zlobek_750x200-410x109.webp 410w\" sizes=\"(max-width: 750px) 100vw, 750px\" class=\"no-lazyload\" width=\"750\" height=\"200\"  style=\"display: inline-block; max-width: 100%; height: auto;\" \/><\/a><\/div><\/div>\n<h4>Kolejne koncerty zapowiadaj\u0105 si\u0119 r\u00f3wnie interesuj\u0105co. B\u0119dzie mo\u017cna us\u0142ysze\u0107 rewelacyjne wykonania utwor\u00f3w nie tylko Jana Sebastiana Bacha, ale r\u00f3wnie\u017c H\u00e4ndla, Vivaldiego, Marcello czy Torellego. <\/h4>\n<p>Ka\u017cdy z koncert\u00f3w odkrywa nieznane publiczno\u015bci aspekty muzyki barokowej. Nowo\u015bci\u0105 jest jednak nie tylko repertuar, ale r\u00f3wnie\u017c modyfikacje w formule festiwalu. <\/p>\n<p><a href=\"https:\/\/www.24gliwice.pl\/wiadomosci\/wp-content\/uploads\/2022\/07\/gliwicki-festwial-bachowski-amos_ensemble_zdj_cie_zespo_u_2.jpg\"><img loading=\"lazy\" decoding=\"async\" src=\"https:\/\/www.24gliwice.pl\/wiadomosci\/wp-content\/uploads\/2022\/07\/gliwicki-festwial-bachowski-amos_ensemble_zdj_cie_zespo_u_2.jpg\" alt=\"\" width=\"810\" height=\"540\" class=\"alignnone size-full wp-image-196326\" srcset=\"https:\/\/www.24gliwice.pl\/wiadomosci\/wp-content\/uploads\/2022\/07\/gliwicki-festwial-bachowski-amos_ensemble_zdj_cie_zespo_u_2.jpg 810w, https:\/\/www.24gliwice.pl\/wiadomosci\/wp-content\/uploads\/2022\/07\/gliwicki-festwial-bachowski-amos_ensemble_zdj_cie_zespo_u_2-348x232.jpg 348w, https:\/\/www.24gliwice.pl\/wiadomosci\/wp-content\/uploads\/2022\/07\/gliwicki-festwial-bachowski-amos_ensemble_zdj_cie_zespo_u_2-683x455.jpg 683w, https:\/\/www.24gliwice.pl\/wiadomosci\/wp-content\/uploads\/2022\/07\/gliwicki-festwial-bachowski-amos_ensemble_zdj_cie_zespo_u_2-768x512.jpg 768w\" sizes=\"auto, (max-width: 810px) 100vw, 810px\" \/><\/a><\/p>\n<p>&#8211; <em>Tegoroczna edycja festiwalu obfituje w nieoczywisto\u015bci i nowo\u015bci. Koncerty skupiaj\u0105 si\u0119 na prawykonaniach, mniej znanych kompozycjach i niuansach w tw\u00f3rczo\u015bci Bacha, na kt\u00f3re do tej pory s\u0142uchacze nie zwracali uwagi. Swoistym novum jest wyj\u015bcie poza granice Gliwic i koncert w ko\u015bciele \u015bw. Katarzyny Aleksandryjskiej w Toszku, w wykonaniu m\u0142odych artyst\u00f3w. Niezwyk\u0142y b\u0119dzie r\u00f3wnie\u017c recital <strong>Mahana Esfahaniego<\/strong>, \u015bwiatowej s\u0142awy klawesynisty, kt\u00f3ry zagra na wiernej replice klawesynu <strong>Michaela Mietke<\/strong> z 1710 roku, wykonanego na specjalne zam\u00f3wienie Jana Sebastiana Bacha. Dzi\u0119ki temu Wariacje Goldbergowskie, kt\u00f3re zabrzmi\u0105 podczas tego koncertu, b\u0119d\u0105 jeszcze bli\u017csze zamys\u0142owi kompozytora<\/em> \u2013 m\u00f3wi <strong>Piotr Oczkowski<\/strong>, dyrektor festiwalu.<\/p>\n<h4>Brzmi interesuj\u0105co? To zaledwie kilka punkt\u00f3w festiwalowego programu, a kolejne koncerty zapowiadaj\u0105 si\u0119 jeszcze ciekawiej. <\/h4>\n<p>B\u0119dzie mo\u017cna pos\u0142ucha\u0107 jednego z najbardziej znanych motet\u00f3w Jana Sebastana Bacha \u2013 \u201eJesu, meine freude\u201d, zachwyci\u0107 si\u0119 prawykonaniami barokowych utwor\u00f3w, kt\u00f3re nie doczeka\u0142y si\u0119 swojej premiery za \u017cycia ich kompozytor\u00f3w, a tak\u017ce sprawdzi\u0107, co wsp\u00f3lnego z Wenecj\u0105 i W\u0142ochami mia\u0142 patron festiwalu. <\/p>\n<p><a href=\"https:\/\/www.24gliwice.pl\/wiadomosci\/wp-content\/uploads\/2022\/07\/gliwicki-festiwal-bachowski-mahan_esfahani_3_credit_kaja_smith.jpg\"><img loading=\"lazy\" decoding=\"async\" src=\"https:\/\/www.24gliwice.pl\/wiadomosci\/wp-content\/uploads\/2022\/07\/gliwicki-festiwal-bachowski-mahan_esfahani_3_credit_kaja_smith.jpg\" alt=\"\" width=\"810\" height=\"652\" class=\"alignnone size-full wp-image-196325\" srcset=\"https:\/\/www.24gliwice.pl\/wiadomosci\/wp-content\/uploads\/2022\/07\/gliwicki-festiwal-bachowski-mahan_esfahani_3_credit_kaja_smith.jpg 810w, https:\/\/www.24gliwice.pl\/wiadomosci\/wp-content\/uploads\/2022\/07\/gliwicki-festiwal-bachowski-mahan_esfahani_3_credit_kaja_smith-288x232.jpg 288w, https:\/\/www.24gliwice.pl\/wiadomosci\/wp-content\/uploads\/2022\/07\/gliwicki-festiwal-bachowski-mahan_esfahani_3_credit_kaja_smith-565x455.jpg 565w, https:\/\/www.24gliwice.pl\/wiadomosci\/wp-content\/uploads\/2022\/07\/gliwicki-festiwal-bachowski-mahan_esfahani_3_credit_kaja_smith-768x618.jpg 768w\" sizes=\"auto, (max-width: 810px) 100vw, 810px\" \/><\/a><\/p>\n<p>Wej\u015bci\u00f3wki na koncerty (w cenie od 23 z\u0142) do nabycia za po\u015brednictwem portalu <a href=\"https:\/\/www.bilety24.pl\/szukaj?search=XXIII+Gliwicki+Festiwal+Bachowski&#038;submit=\" rel=\"noopener\" target=\"_blank\">bilety24.pl<\/a> oraz w Centrum Informacji Kulturalnej i Turystycznej \u2013 Gliwice, ul. Dolnych Wa\u0142\u00f3w 3, tel. 32\/231-38-55.<\/p>\n<p>(\u017cms)\/UM Gliwice<br \/>\nfot. UM Gliwice\/mat. organizatora<\/p>\n<p><a href=\"https:\/\/www.24gliwice.pl\/wiadomosci\/wp-content\/uploads\/2022\/07\/gliwicki_festiwal_bachowski_2022_afisz_duzy-scaled.jpg\"><img loading=\"lazy\" decoding=\"async\" src=\"https:\/\/www.24gliwice.pl\/wiadomosci\/wp-content\/uploads\/2022\/07\/gliwicki_festiwal_bachowski_2022_afisz_duzy-scaled.jpg\" alt=\"\" width=\"1779\" height=\"2560\" class=\"alignnone size-full wp-image-196318\" srcset=\"https:\/\/www.24gliwice.pl\/wiadomosci\/wp-content\/uploads\/2022\/07\/gliwicki_festiwal_bachowski_2022_afisz_duzy-scaled.jpg 1779w, https:\/\/www.24gliwice.pl\/wiadomosci\/wp-content\/uploads\/2022\/07\/gliwicki_festiwal_bachowski_2022_afisz_duzy-161x232.jpg 161w, https:\/\/www.24gliwice.pl\/wiadomosci\/wp-content\/uploads\/2022\/07\/gliwicki_festiwal_bachowski_2022_afisz_duzy-316x455.jpg 316w, https:\/\/www.24gliwice.pl\/wiadomosci\/wp-content\/uploads\/2022\/07\/gliwicki_festiwal_bachowski_2022_afisz_duzy-768x1105.jpg 768w, https:\/\/www.24gliwice.pl\/wiadomosci\/wp-content\/uploads\/2022\/07\/gliwicki_festiwal_bachowski_2022_afisz_duzy-1068x1536.jpg 1068w, https:\/\/www.24gliwice.pl\/wiadomosci\/wp-content\/uploads\/2022\/07\/gliwicki_festiwal_bachowski_2022_afisz_duzy-1423x2048.jpg 1423w, https:\/\/www.24gliwice.pl\/wiadomosci\/wp-content\/uploads\/2022\/07\/gliwicki_festiwal_bachowski_2022_afisz_duzy-810x1165.jpg 810w, https:\/\/www.24gliwice.pl\/wiadomosci\/wp-content\/uploads\/2022\/07\/gliwicki_festiwal_bachowski_2022_afisz_duzy-1140x1640.jpg 1140w\" sizes=\"auto, (max-width: 1779px) 100vw, 1779px\" \/><\/a><\/p>\n<div class=\"gliwi-a5-na-koncu-artykulow gliwi-entity-placement\" id=\"gliwi-3565524907\"><div class=\"gliwi-adlabel\"><span style=\"font-size: 9px\">REKLAMA<\/span><\/div><div id=\"gliwi-3559459518\" style=\"margin-left: auto;margin-right: auto;text-align: center;\"><a data-no-instant=\"1\" href=\"https:\/\/www.jasek.pl\/\" rel=\"noopener\" class=\"a2t-link\" target=\"_blank\" aria-label=\"20200401-jasek 600\"><img loading=\"lazy\" decoding=\"async\" src=\"https:\/\/www.24gliwice.pl\/wiadomosci\/wp-content\/uploads\/2020\/04\/20200401-jasek-600.jpg\" alt=\"\"  srcset=\"https:\/\/www.24gliwice.pl\/wiadomosci\/wp-content\/uploads\/2020\/04\/20200401-jasek-600.jpg 600w, https:\/\/www.24gliwice.pl\/wiadomosci\/wp-content\/uploads\/2020\/04\/20200401-jasek-600-410x109.jpg 410w\" sizes=\"(max-width: 600px) 100vw, 600px\" class=\"no-lazyload\" width=\"600\" height=\"160\"  style=\"display: inline-block; max-width: 100%; height: auto;\" \/><\/a><\/div><\/div>","protected":false},"excerpt":{"rendered":"<p>Gliwiccy melomani maj\u0105 powody do rado\u015bci. XXIII Gliwicki Festiwal Bachowski powraca w swoim tradycyjnym, letnim terminie. Ju\u017c 15 lipca rozpocznie si\u0119 seria 7 koncert\u00f3w w wykonaniu wirtuoz\u00f3w muzyki powa\u017cnej. &nbsp; W repertuarze znajd\u0105 si\u0119 nie tylko utwory Jana Sebastiana Bacha, ale r\u00f3wnie\u017c kompozytor\u00f3w, kt\u00f3rzy stali si\u0119 jego inspiracj\u0105 oraz tych, kt\u00f3rzy czerpali gar\u015bciami z tw\u00f3rczo\u015bci [&hellip;]<\/p>\n","protected":false},"author":15,"featured_media":177650,"comment_status":"open","ping_status":"closed","sticky":false,"template":"","format":"standard","meta":{"_monsterinsights_skip_tracking":false,"_monsterinsights_sitenote_active":false,"_monsterinsights_sitenote_note":"","_monsterinsights_sitenote_category":0,"footnotes":"","_links_to":"","_links_to_target":""},"categories":[3,6,1],"tags":[20024,11199],"class_list":["post-196315","post","type-post","status-publish","format-standard","has-post-thumbnail","hentry","category-gliwice","category-kultura","category-wszystko","tag-gliwicki-festiwal-bachowski","tag-klub-inicjatyw-kulturalnych"],"yoast_head":"<!-- This site is optimized with the Yoast SEO plugin v27.4 - https:\/\/yoast.com\/product\/yoast-seo-wordpress\/ -->\n<title>Gliwicki Festiwal Bachowski rozpocznie si\u0119 w tym tygodniu. Siedem koncert\u00f3w w ko\u015bcio\u0142ach - 24GLIWICE - Portal Gliwice | codziennie nowe informacje<\/title>\n<meta name=\"description\" content=\"15 lipca odb\u0119dzie si\u0119 pierwszy z 7 koncert\u00f3w przewidzianych w tegorocznej ods\u0142onie Gliwickiego Festiwalu Bachowskiego.\" \/>\n<meta name=\"robots\" content=\"index, follow, max-snippet:-1, max-image-preview:large, max-video-preview:-1\" \/>\n<link rel=\"canonical\" href=\"https:\/\/www.24gliwice.pl\/wiadomosci\/gliwicki-festiwal-bachowski-rozpocznie-sie-w-tym-tygodniu-siedem-koncertow-w-kosciolach\/\" \/>\n<meta property=\"og:locale\" content=\"pl_PL\" \/>\n<meta property=\"og:type\" content=\"article\" \/>\n<meta property=\"og:title\" content=\"Gliwicki Festiwal Bachowski rozpocznie si\u0119 w tym tygodniu. Siedem koncert\u00f3w w ko\u015bcio\u0142ach - 24GLIWICE - Portal Gliwice | codziennie nowe informacje\" \/>\n<meta property=\"og:description\" content=\"15 lipca odb\u0119dzie si\u0119 pierwszy z 7 koncert\u00f3w przewidzianych w tegorocznej ods\u0142onie Gliwickiego Festiwalu Bachowskiego.\" \/>\n<meta property=\"og:url\" content=\"https:\/\/www.24gliwice.pl\/wiadomosci\/gliwicki-festiwal-bachowski-rozpocznie-sie-w-tym-tygodniu-siedem-koncertow-w-kosciolach\/\" \/>\n<meta property=\"og:site_name\" content=\"24GLIWICE - Portal Gliwice | codziennie nowe informacje\" \/>\n<meta property=\"article:publisher\" content=\"https:\/\/www.facebook.com\/24gliwice\" \/>\n<meta property=\"article:published_time\" content=\"2022-07-12T10:20:49+00:00\" \/>\n<meta property=\"og:image\" content=\"https:\/\/www.24gliwice.pl\/wiadomosci\/wp-content\/uploads\/2021\/09\/bach-festiwal-bachowski.jpg\" \/>\n\t<meta property=\"og:image:width\" content=\"810\" \/>\n\t<meta property=\"og:image:height\" content=\"454\" \/>\n\t<meta property=\"og:image:type\" content=\"image\/jpeg\" \/>\n<meta name=\"author\" content=\"\u017baneta Mrozek-Siewierska\" \/>\n<meta name=\"twitter:card\" content=\"summary_large_image\" \/>\n<meta name=\"twitter:creator\" content=\"@24gliwice\" \/>\n<meta name=\"twitter:site\" content=\"@24gliwice\" \/>\n<meta name=\"twitter:label1\" content=\"Napisane przez\" \/>\n\t<meta name=\"twitter:data1\" content=\"\u017baneta Mrozek-Siewierska\" \/>\n\t<meta name=\"twitter:label2\" content=\"Szacowany czas czytania\" \/>\n\t<meta name=\"twitter:data2\" content=\"2 minuty\" \/>\n<script type=\"application\/ld+json\" class=\"yoast-schema-graph\">{\"@context\":\"https:\\\/\\\/schema.org\",\"@graph\":[{\"@type\":\"Article\",\"@id\":\"https:\\\/\\\/www.24gliwice.pl\\\/wiadomosci\\\/gliwicki-festiwal-bachowski-rozpocznie-sie-w-tym-tygodniu-siedem-koncertow-w-kosciolach\\\/#article\",\"isPartOf\":{\"@id\":\"https:\\\/\\\/www.24gliwice.pl\\\/wiadomosci\\\/gliwicki-festiwal-bachowski-rozpocznie-sie-w-tym-tygodniu-siedem-koncertow-w-kosciolach\\\/\"},\"author\":{\"name\":\"\u017baneta Mrozek-Siewierska\",\"@id\":\"https:\\\/\\\/www.24gliwice.pl\\\/wiadomosci\\\/#\\\/schema\\\/person\\\/e42c650edd7f2fa332be3811fb166b6e\"},\"headline\":\"Gliwicki Festiwal Bachowski rozpocznie si\u0119 w tym tygodniu. Siedem koncert\u00f3w w ko\u015bcio\u0142ach\",\"datePublished\":\"2022-07-12T10:20:49+00:00\",\"mainEntityOfPage\":{\"@id\":\"https:\\\/\\\/www.24gliwice.pl\\\/wiadomosci\\\/gliwicki-festiwal-bachowski-rozpocznie-sie-w-tym-tygodniu-siedem-koncertow-w-kosciolach\\\/\"},\"wordCount\":459,\"commentCount\":0,\"publisher\":{\"@id\":\"https:\\\/\\\/www.24gliwice.pl\\\/wiadomosci\\\/#organization\"},\"image\":{\"@id\":\"https:\\\/\\\/www.24gliwice.pl\\\/wiadomosci\\\/gliwicki-festiwal-bachowski-rozpocznie-sie-w-tym-tygodniu-siedem-koncertow-w-kosciolach\\\/#primaryimage\"},\"thumbnailUrl\":\"https:\\\/\\\/www.24gliwice.pl\\\/wiadomosci\\\/wp-content\\\/uploads\\\/2021\\\/09\\\/bach-festiwal-bachowski.jpg\",\"keywords\":[\"Gliwicki Festiwal Bachowski\",\"klub inicjatyw kulturalnych\"],\"articleSection\":[\"Gliwice\",\"Kultura, wydarzenia, imprezy\",\"Najnowsze wiadomo\u015bci\"],\"inLanguage\":\"pl-PL\",\"potentialAction\":[{\"@type\":\"CommentAction\",\"name\":\"Comment\",\"target\":[\"https:\\\/\\\/www.24gliwice.pl\\\/wiadomosci\\\/gliwicki-festiwal-bachowski-rozpocznie-sie-w-tym-tygodniu-siedem-koncertow-w-kosciolach\\\/#respond\"]}]},{\"@type\":\"WebPage\",\"@id\":\"https:\\\/\\\/www.24gliwice.pl\\\/wiadomosci\\\/gliwicki-festiwal-bachowski-rozpocznie-sie-w-tym-tygodniu-siedem-koncertow-w-kosciolach\\\/\",\"url\":\"https:\\\/\\\/www.24gliwice.pl\\\/wiadomosci\\\/gliwicki-festiwal-bachowski-rozpocznie-sie-w-tym-tygodniu-siedem-koncertow-w-kosciolach\\\/\",\"name\":\"Gliwicki Festiwal Bachowski rozpocznie si\u0119 w tym tygodniu. Siedem koncert\u00f3w w ko\u015bcio\u0142ach - 24GLIWICE - Portal Gliwice | codziennie nowe informacje\",\"isPartOf\":{\"@id\":\"https:\\\/\\\/www.24gliwice.pl\\\/wiadomosci\\\/#website\"},\"primaryImageOfPage\":{\"@id\":\"https:\\\/\\\/www.24gliwice.pl\\\/wiadomosci\\\/gliwicki-festiwal-bachowski-rozpocznie-sie-w-tym-tygodniu-siedem-koncertow-w-kosciolach\\\/#primaryimage\"},\"image\":{\"@id\":\"https:\\\/\\\/www.24gliwice.pl\\\/wiadomosci\\\/gliwicki-festiwal-bachowski-rozpocznie-sie-w-tym-tygodniu-siedem-koncertow-w-kosciolach\\\/#primaryimage\"},\"thumbnailUrl\":\"https:\\\/\\\/www.24gliwice.pl\\\/wiadomosci\\\/wp-content\\\/uploads\\\/2021\\\/09\\\/bach-festiwal-bachowski.jpg\",\"datePublished\":\"2022-07-12T10:20:49+00:00\",\"description\":\"15 lipca odb\u0119dzie si\u0119 pierwszy z 7 koncert\u00f3w przewidzianych w tegorocznej ods\u0142onie Gliwickiego Festiwalu Bachowskiego.\",\"breadcrumb\":{\"@id\":\"https:\\\/\\\/www.24gliwice.pl\\\/wiadomosci\\\/gliwicki-festiwal-bachowski-rozpocznie-sie-w-tym-tygodniu-siedem-koncertow-w-kosciolach\\\/#breadcrumb\"},\"inLanguage\":\"pl-PL\",\"potentialAction\":[{\"@type\":\"ReadAction\",\"target\":[\"https:\\\/\\\/www.24gliwice.pl\\\/wiadomosci\\\/gliwicki-festiwal-bachowski-rozpocznie-sie-w-tym-tygodniu-siedem-koncertow-w-kosciolach\\\/\"]}]},{\"@type\":\"ImageObject\",\"inLanguage\":\"pl-PL\",\"@id\":\"https:\\\/\\\/www.24gliwice.pl\\\/wiadomosci\\\/gliwicki-festiwal-bachowski-rozpocznie-sie-w-tym-tygodniu-siedem-koncertow-w-kosciolach\\\/#primaryimage\",\"url\":\"https:\\\/\\\/www.24gliwice.pl\\\/wiadomosci\\\/wp-content\\\/uploads\\\/2021\\\/09\\\/bach-festiwal-bachowski.jpg\",\"contentUrl\":\"https:\\\/\\\/www.24gliwice.pl\\\/wiadomosci\\\/wp-content\\\/uploads\\\/2021\\\/09\\\/bach-festiwal-bachowski.jpg\",\"width\":810,\"height\":454},{\"@type\":\"BreadcrumbList\",\"@id\":\"https:\\\/\\\/www.24gliwice.pl\\\/wiadomosci\\\/gliwicki-festiwal-bachowski-rozpocznie-sie-w-tym-tygodniu-siedem-koncertow-w-kosciolach\\\/#breadcrumb\",\"itemListElement\":[{\"@type\":\"ListItem\",\"position\":1,\"name\":\"Strona g\u0142\u00f3wna\",\"item\":\"https:\\\/\\\/www.24gliwice.pl\\\/wiadomosci\\\/\"},{\"@type\":\"ListItem\",\"position\":2,\"name\":\"Gliwicki Festiwal Bachowski rozpocznie si\u0119 w tym tygodniu. Siedem koncert\u00f3w w ko\u015bcio\u0142ach\"}]},{\"@type\":\"WebSite\",\"@id\":\"https:\\\/\\\/www.24gliwice.pl\\\/wiadomosci\\\/#website\",\"url\":\"https:\\\/\\\/www.24gliwice.pl\\\/wiadomosci\\\/\",\"name\":\"24GLIWICE - Portal Gliwice | codziennie nowe wiadomo\u015bci\",\"description\":\"Portal Miejski Gliwice\",\"publisher\":{\"@id\":\"https:\\\/\\\/www.24gliwice.pl\\\/wiadomosci\\\/#organization\"},\"potentialAction\":[{\"@type\":\"SearchAction\",\"target\":{\"@type\":\"EntryPoint\",\"urlTemplate\":\"https:\\\/\\\/www.24gliwice.pl\\\/wiadomosci\\\/?s={search_term_string}\"},\"query-input\":{\"@type\":\"PropertyValueSpecification\",\"valueRequired\":true,\"valueName\":\"search_term_string\"}}],\"inLanguage\":\"pl-PL\"},{\"@type\":\"Organization\",\"@id\":\"https:\\\/\\\/www.24gliwice.pl\\\/wiadomosci\\\/#organization\",\"name\":\"24gliwice\",\"url\":\"https:\\\/\\\/www.24gliwice.pl\\\/wiadomosci\\\/\",\"logo\":{\"@type\":\"ImageObject\",\"inLanguage\":\"pl-PL\",\"@id\":\"https:\\\/\\\/www.24gliwice.pl\\\/wiadomosci\\\/#\\\/schema\\\/logo\\\/image\\\/\",\"url\":\"https:\\\/\\\/www.24gliwice.pl\\\/wiadomosci\\\/wp-content\\\/uploads\\\/2024\\\/10\\\/24gliwice-logo-696.jpg\",\"contentUrl\":\"https:\\\/\\\/www.24gliwice.pl\\\/wiadomosci\\\/wp-content\\\/uploads\\\/2024\\\/10\\\/24gliwice-logo-696.jpg\",\"width\":696,\"height\":696,\"caption\":\"24gliwice\"},\"image\":{\"@id\":\"https:\\\/\\\/www.24gliwice.pl\\\/wiadomosci\\\/#\\\/schema\\\/logo\\\/image\\\/\"},\"sameAs\":[\"https:\\\/\\\/www.facebook.com\\\/24gliwice\",\"https:\\\/\\\/x.com\\\/24gliwice\",\"https:\\\/\\\/www.youtube.com\\\/@24gliwice\"]},{\"@type\":\"Person\",\"@id\":\"https:\\\/\\\/www.24gliwice.pl\\\/wiadomosci\\\/#\\\/schema\\\/person\\\/e42c650edd7f2fa332be3811fb166b6e\",\"name\":\"\u017baneta Mrozek-Siewierska\",\"image\":{\"@type\":\"ImageObject\",\"inLanguage\":\"pl-PL\",\"@id\":\"https:\\\/\\\/www.24gliwice.pl\\\/wiadomosci\\\/wp-content\\\/uploads\\\/2021\\\/11\\\/Zaneta-M_S-zdjecie-czb-96x96.jpg\",\"url\":\"https:\\\/\\\/www.24gliwice.pl\\\/wiadomosci\\\/wp-content\\\/uploads\\\/2021\\\/11\\\/Zaneta-M_S-zdjecie-czb-96x96.jpg\",\"contentUrl\":\"https:\\\/\\\/www.24gliwice.pl\\\/wiadomosci\\\/wp-content\\\/uploads\\\/2021\\\/11\\\/Zaneta-M_S-zdjecie-czb-96x96.jpg\",\"caption\":\"\u017baneta Mrozek-Siewierska\"},\"url\":\"https:\\\/\\\/www.24gliwice.pl\\\/wiadomosci\\\/author\\\/zms\\\/\"}]}<\/script>\n<!-- \/ Yoast SEO plugin. -->","yoast_head_json":{"title":"Gliwicki Festiwal Bachowski rozpocznie si\u0119 w tym tygodniu. Siedem koncert\u00f3w w ko\u015bcio\u0142ach - 24GLIWICE - Portal Gliwice | codziennie nowe informacje","description":"15 lipca odb\u0119dzie si\u0119 pierwszy z 7 koncert\u00f3w przewidzianych w tegorocznej ods\u0142onie Gliwickiego Festiwalu Bachowskiego.","robots":{"index":"index","follow":"follow","max-snippet":"max-snippet:-1","max-image-preview":"max-image-preview:large","max-video-preview":"max-video-preview:-1"},"canonical":"https:\/\/www.24gliwice.pl\/wiadomosci\/gliwicki-festiwal-bachowski-rozpocznie-sie-w-tym-tygodniu-siedem-koncertow-w-kosciolach\/","og_locale":"pl_PL","og_type":"article","og_title":"Gliwicki Festiwal Bachowski rozpocznie si\u0119 w tym tygodniu. Siedem koncert\u00f3w w ko\u015bcio\u0142ach - 24GLIWICE - Portal Gliwice | codziennie nowe informacje","og_description":"15 lipca odb\u0119dzie si\u0119 pierwszy z 7 koncert\u00f3w przewidzianych w tegorocznej ods\u0142onie Gliwickiego Festiwalu Bachowskiego.","og_url":"https:\/\/www.24gliwice.pl\/wiadomosci\/gliwicki-festiwal-bachowski-rozpocznie-sie-w-tym-tygodniu-siedem-koncertow-w-kosciolach\/","og_site_name":"24GLIWICE - Portal Gliwice | codziennie nowe informacje","article_publisher":"https:\/\/www.facebook.com\/24gliwice","article_published_time":"2022-07-12T10:20:49+00:00","og_image":[{"width":810,"height":454,"url":"https:\/\/www.24gliwice.pl\/wiadomosci\/wp-content\/uploads\/2021\/09\/bach-festiwal-bachowski.jpg","type":"image\/jpeg"}],"author":"\u017baneta Mrozek-Siewierska","twitter_card":"summary_large_image","twitter_creator":"@24gliwice","twitter_site":"@24gliwice","twitter_misc":{"Napisane przez":"\u017baneta Mrozek-Siewierska","Szacowany czas czytania":"2 minuty"},"schema":{"@context":"https:\/\/schema.org","@graph":[{"@type":"Article","@id":"https:\/\/www.24gliwice.pl\/wiadomosci\/gliwicki-festiwal-bachowski-rozpocznie-sie-w-tym-tygodniu-siedem-koncertow-w-kosciolach\/#article","isPartOf":{"@id":"https:\/\/www.24gliwice.pl\/wiadomosci\/gliwicki-festiwal-bachowski-rozpocznie-sie-w-tym-tygodniu-siedem-koncertow-w-kosciolach\/"},"author":{"name":"\u017baneta Mrozek-Siewierska","@id":"https:\/\/www.24gliwice.pl\/wiadomosci\/#\/schema\/person\/e42c650edd7f2fa332be3811fb166b6e"},"headline":"Gliwicki Festiwal Bachowski rozpocznie si\u0119 w tym tygodniu. Siedem koncert\u00f3w w ko\u015bcio\u0142ach","datePublished":"2022-07-12T10:20:49+00:00","mainEntityOfPage":{"@id":"https:\/\/www.24gliwice.pl\/wiadomosci\/gliwicki-festiwal-bachowski-rozpocznie-sie-w-tym-tygodniu-siedem-koncertow-w-kosciolach\/"},"wordCount":459,"commentCount":0,"publisher":{"@id":"https:\/\/www.24gliwice.pl\/wiadomosci\/#organization"},"image":{"@id":"https:\/\/www.24gliwice.pl\/wiadomosci\/gliwicki-festiwal-bachowski-rozpocznie-sie-w-tym-tygodniu-siedem-koncertow-w-kosciolach\/#primaryimage"},"thumbnailUrl":"https:\/\/www.24gliwice.pl\/wiadomosci\/wp-content\/uploads\/2021\/09\/bach-festiwal-bachowski.jpg","keywords":["Gliwicki Festiwal Bachowski","klub inicjatyw kulturalnych"],"articleSection":["Gliwice","Kultura, wydarzenia, imprezy","Najnowsze wiadomo\u015bci"],"inLanguage":"pl-PL","potentialAction":[{"@type":"CommentAction","name":"Comment","target":["https:\/\/www.24gliwice.pl\/wiadomosci\/gliwicki-festiwal-bachowski-rozpocznie-sie-w-tym-tygodniu-siedem-koncertow-w-kosciolach\/#respond"]}]},{"@type":"WebPage","@id":"https:\/\/www.24gliwice.pl\/wiadomosci\/gliwicki-festiwal-bachowski-rozpocznie-sie-w-tym-tygodniu-siedem-koncertow-w-kosciolach\/","url":"https:\/\/www.24gliwice.pl\/wiadomosci\/gliwicki-festiwal-bachowski-rozpocznie-sie-w-tym-tygodniu-siedem-koncertow-w-kosciolach\/","name":"Gliwicki Festiwal Bachowski rozpocznie si\u0119 w tym tygodniu. Siedem koncert\u00f3w w ko\u015bcio\u0142ach - 24GLIWICE - Portal Gliwice | codziennie nowe informacje","isPartOf":{"@id":"https:\/\/www.24gliwice.pl\/wiadomosci\/#website"},"primaryImageOfPage":{"@id":"https:\/\/www.24gliwice.pl\/wiadomosci\/gliwicki-festiwal-bachowski-rozpocznie-sie-w-tym-tygodniu-siedem-koncertow-w-kosciolach\/#primaryimage"},"image":{"@id":"https:\/\/www.24gliwice.pl\/wiadomosci\/gliwicki-festiwal-bachowski-rozpocznie-sie-w-tym-tygodniu-siedem-koncertow-w-kosciolach\/#primaryimage"},"thumbnailUrl":"https:\/\/www.24gliwice.pl\/wiadomosci\/wp-content\/uploads\/2021\/09\/bach-festiwal-bachowski.jpg","datePublished":"2022-07-12T10:20:49+00:00","description":"15 lipca odb\u0119dzie si\u0119 pierwszy z 7 koncert\u00f3w przewidzianych w tegorocznej ods\u0142onie Gliwickiego Festiwalu Bachowskiego.","breadcrumb":{"@id":"https:\/\/www.24gliwice.pl\/wiadomosci\/gliwicki-festiwal-bachowski-rozpocznie-sie-w-tym-tygodniu-siedem-koncertow-w-kosciolach\/#breadcrumb"},"inLanguage":"pl-PL","potentialAction":[{"@type":"ReadAction","target":["https:\/\/www.24gliwice.pl\/wiadomosci\/gliwicki-festiwal-bachowski-rozpocznie-sie-w-tym-tygodniu-siedem-koncertow-w-kosciolach\/"]}]},{"@type":"ImageObject","inLanguage":"pl-PL","@id":"https:\/\/www.24gliwice.pl\/wiadomosci\/gliwicki-festiwal-bachowski-rozpocznie-sie-w-tym-tygodniu-siedem-koncertow-w-kosciolach\/#primaryimage","url":"https:\/\/www.24gliwice.pl\/wiadomosci\/wp-content\/uploads\/2021\/09\/bach-festiwal-bachowski.jpg","contentUrl":"https:\/\/www.24gliwice.pl\/wiadomosci\/wp-content\/uploads\/2021\/09\/bach-festiwal-bachowski.jpg","width":810,"height":454},{"@type":"BreadcrumbList","@id":"https:\/\/www.24gliwice.pl\/wiadomosci\/gliwicki-festiwal-bachowski-rozpocznie-sie-w-tym-tygodniu-siedem-koncertow-w-kosciolach\/#breadcrumb","itemListElement":[{"@type":"ListItem","position":1,"name":"Strona g\u0142\u00f3wna","item":"https:\/\/www.24gliwice.pl\/wiadomosci\/"},{"@type":"ListItem","position":2,"name":"Gliwicki Festiwal Bachowski rozpocznie si\u0119 w tym tygodniu. Siedem koncert\u00f3w w ko\u015bcio\u0142ach"}]},{"@type":"WebSite","@id":"https:\/\/www.24gliwice.pl\/wiadomosci\/#website","url":"https:\/\/www.24gliwice.pl\/wiadomosci\/","name":"24GLIWICE - Portal Gliwice | codziennie nowe wiadomo\u015bci","description":"Portal Miejski Gliwice","publisher":{"@id":"https:\/\/www.24gliwice.pl\/wiadomosci\/#organization"},"potentialAction":[{"@type":"SearchAction","target":{"@type":"EntryPoint","urlTemplate":"https:\/\/www.24gliwice.pl\/wiadomosci\/?s={search_term_string}"},"query-input":{"@type":"PropertyValueSpecification","valueRequired":true,"valueName":"search_term_string"}}],"inLanguage":"pl-PL"},{"@type":"Organization","@id":"https:\/\/www.24gliwice.pl\/wiadomosci\/#organization","name":"24gliwice","url":"https:\/\/www.24gliwice.pl\/wiadomosci\/","logo":{"@type":"ImageObject","inLanguage":"pl-PL","@id":"https:\/\/www.24gliwice.pl\/wiadomosci\/#\/schema\/logo\/image\/","url":"https:\/\/www.24gliwice.pl\/wiadomosci\/wp-content\/uploads\/2024\/10\/24gliwice-logo-696.jpg","contentUrl":"https:\/\/www.24gliwice.pl\/wiadomosci\/wp-content\/uploads\/2024\/10\/24gliwice-logo-696.jpg","width":696,"height":696,"caption":"24gliwice"},"image":{"@id":"https:\/\/www.24gliwice.pl\/wiadomosci\/#\/schema\/logo\/image\/"},"sameAs":["https:\/\/www.facebook.com\/24gliwice","https:\/\/x.com\/24gliwice","https:\/\/www.youtube.com\/@24gliwice"]},{"@type":"Person","@id":"https:\/\/www.24gliwice.pl\/wiadomosci\/#\/schema\/person\/e42c650edd7f2fa332be3811fb166b6e","name":"\u017baneta Mrozek-Siewierska","image":{"@type":"ImageObject","inLanguage":"pl-PL","@id":"https:\/\/www.24gliwice.pl\/wiadomosci\/wp-content\/uploads\/2021\/11\/Zaneta-M_S-zdjecie-czb-96x96.jpg","url":"https:\/\/www.24gliwice.pl\/wiadomosci\/wp-content\/uploads\/2021\/11\/Zaneta-M_S-zdjecie-czb-96x96.jpg","contentUrl":"https:\/\/www.24gliwice.pl\/wiadomosci\/wp-content\/uploads\/2021\/11\/Zaneta-M_S-zdjecie-czb-96x96.jpg","caption":"\u017baneta Mrozek-Siewierska"},"url":"https:\/\/www.24gliwice.pl\/wiadomosci\/author\/zms\/"}]}},"_links":{"self":[{"href":"https:\/\/www.24gliwice.pl\/wiadomosci\/wp-json\/wp\/v2\/posts\/196315","targetHints":{"allow":["GET"]}}],"collection":[{"href":"https:\/\/www.24gliwice.pl\/wiadomosci\/wp-json\/wp\/v2\/posts"}],"about":[{"href":"https:\/\/www.24gliwice.pl\/wiadomosci\/wp-json\/wp\/v2\/types\/post"}],"author":[{"embeddable":true,"href":"https:\/\/www.24gliwice.pl\/wiadomosci\/wp-json\/wp\/v2\/users\/15"}],"replies":[{"embeddable":true,"href":"https:\/\/www.24gliwice.pl\/wiadomosci\/wp-json\/wp\/v2\/comments?post=196315"}],"version-history":[{"count":10,"href":"https:\/\/www.24gliwice.pl\/wiadomosci\/wp-json\/wp\/v2\/posts\/196315\/revisions"}],"predecessor-version":[{"id":196332,"href":"https:\/\/www.24gliwice.pl\/wiadomosci\/wp-json\/wp\/v2\/posts\/196315\/revisions\/196332"}],"wp:featuredmedia":[{"embeddable":true,"href":"https:\/\/www.24gliwice.pl\/wiadomosci\/wp-json\/wp\/v2\/media\/177650"}],"wp:attachment":[{"href":"https:\/\/www.24gliwice.pl\/wiadomosci\/wp-json\/wp\/v2\/media?parent=196315"}],"wp:term":[{"taxonomy":"category","embeddable":true,"href":"https:\/\/www.24gliwice.pl\/wiadomosci\/wp-json\/wp\/v2\/categories?post=196315"},{"taxonomy":"post_tag","embeddable":true,"href":"https:\/\/www.24gliwice.pl\/wiadomosci\/wp-json\/wp\/v2\/tags?post=196315"}],"curies":[{"name":"wp","href":"https:\/\/api.w.org\/{rel}","templated":true}]}}