{"id":196426,"date":"2022-07-13T17:07:56","date_gmt":"2022-07-13T15:07:56","guid":{"rendered":"https:\/\/www.24gliwice.pl\/wiadomosci\/?p=196426"},"modified":"2022-07-13T17:07:56","modified_gmt":"2022-07-13T15:07:56","slug":"dlaczego-gwiazdy-swieca-czym-jest-luminescencja-w-funzeum-znajdziecie-odpowiedzi-na-pytania","status":"publish","type":"post","link":"https:\/\/www.24gliwice.pl\/wiadomosci\/dlaczego-gwiazdy-swieca-czym-jest-luminescencja-w-funzeum-znajdziecie-odpowiedzi-na-pytania\/","title":{"rendered":"Dlaczego gwiazdy \u015bwiec\u0105?, Czym jest luminescencja? W Funzeum znajdziecie odpowiedzi na pytania"},"content":{"rendered":"<div class=\"gliwi-a6-nad-leadem-artykulow gliwi-entity-placement\" id=\"gliwi-675994875\"><div class=\"gliwi-adlabel\"><span style=\"font-size: 9px\">REKLAMA<\/span><\/div><div id=\"gliwi-109730296\" style=\"margin-bottom: 25px;margin-left: auto;margin-right: auto;text-align: center;\"><a data-no-instant=\"1\" href=\"https:\/\/dom100.eu\/\" rel=\"noopener\" class=\"a2t-link\" target=\"_blank\" aria-label=\"20260415 DOM100 D\"><img loading=\"lazy\" decoding=\"async\" src=\"https:\/\/www.24gliwice.pl\/wiadomosci\/wp-content\/uploads\/2026\/04\/20260415-DOM100-D.jpg\" alt=\"\"  srcset=\"https:\/\/www.24gliwice.pl\/wiadomosci\/wp-content\/uploads\/2026\/04\/20260415-DOM100-D.jpg 750w, https:\/\/www.24gliwice.pl\/wiadomosci\/wp-content\/uploads\/2026\/04\/20260415-DOM100-D-410x109.jpg 410w\" sizes=\"(max-width: 750px) 100vw, 750px\" class=\"no-lazyload\" width=\"750\" height=\"200\"  style=\"display: inline-block; max-width: 100%; height: auto;\" \/><\/a><\/div><\/div><h2>Wielkie odkrycia to efekt ludzkiej ciekawo\u015bci i kreatywno\u015bci, dzi\u0119ki nim powsta\u0142y wynalazki i u\u017cyteczne rozwi\u0105zania. W Funzeum w CH Europa Centralna, wykorzystuj\u0105cym technologi\u0119 cyfrow\u0105, zar\u00f3wno dzieci jak r\u00f3wnie\u017c ciekawi \u015bwiata doro\u015bli mog\u0105 rozwija\u0107 swoj\u0105 kreatywno\u015b\u0107.<\/h2>\n<p>&nbsp;<br \/>\nNa zwiedzaj\u0105cych czekaj\u0105 2 sta\u0142e wystawy \u201eKolor\u201d i \u201e\u015awiat\u0142o\u201d, kt\u00f3re pozwalaj\u0105 w niestandardowy i interaktywny spos\u00f3b zapozna\u0107 si\u0119 z tytu\u0142owymi tematami. Multimedialne wystawy prezentuj\u0105 wybrane zagadnienia z zakresu fizyki, biologii, historii oraz sztuki. Ca\u0142y obiekt zaprojektowano tak, aby dostarcza\u0142 dobrej dawki zabawy i odpowiedniej dawki wiedzy osobom w ka\u017cdym wieku.<\/p>\n<h4>Zwiedzaj\u0105c wystaw\u0119 zatytu\u0142owan\u0105 \u201eKolor\u201d rozpoczniemy swoj\u0105 przygod\u0119 w Funzeum od audiowizualnego wst\u0119pu do tego zagadnienia.<\/h4>\n<p>Nast\u0119pnie zapoznamy si\u0119 z pryzmatem, dzi\u0119ki kt\u00f3remu zobaczymy z jak wielu barw sk\u0142ada si\u0119 bia\u0142e, \u201ebezbarwne\u201d \u015bwiat\u0142o. Zanurzymy si\u0119 tak\u017ce w t\u0119czy, aby dowiedzie\u0107 si\u0119 jak powstaje to zjawisko i wyruszymy w podr\u00f3\u017c po pokojach po\u015bwi\u0119conych jej kolorom. Zamiast jednak zasypywania go\u015bci setkami informacji, zwiedzaj\u0105cy zobacz\u0105 32 instalacje pozwalaj\u0105ce wej\u015b\u0107 w kontakt z ka\u017cdym z przedstawionych kolor\u00f3w.<\/p><div class=\"gliwi-a3-w-tresci-artykulow gliwi-entity-placement\" id=\"gliwi-2428616319\"><div class=\"gliwi-adlabel\"><span style=\"font-size: 9px\">REKLAMA<\/span><\/div><div id=\"gliwi-1965308259\" style=\"margin-bottom: 30px;margin-left: auto;margin-right: auto;text-align: center;\"><a data-no-instant=\"1\" href=\"https:\/\/ogrodyandersa.pl\/\" rel=\"noopener\" class=\"a2t-link\" target=\"_blank\" aria-label=\"20260415 Ogrody Andersa KUP TERAZ D\"><img loading=\"lazy\" decoding=\"async\" src=\"https:\/\/www.24gliwice.pl\/wiadomosci\/wp-content\/uploads\/2026\/04\/20260415-Ogrody-Andersa-KUP-TERAZ-D.jpg\" alt=\"\"  srcset=\"https:\/\/www.24gliwice.pl\/wiadomosci\/wp-content\/uploads\/2026\/04\/20260415-Ogrody-Andersa-KUP-TERAZ-D.jpg 750w, https:\/\/www.24gliwice.pl\/wiadomosci\/wp-content\/uploads\/2026\/04\/20260415-Ogrody-Andersa-KUP-TERAZ-D-410x109.jpg 410w\" sizes=\"(max-width: 750px) 100vw, 750px\" class=\"no-lazyload\" width=\"750\" height=\"200\"  style=\"display: inline-block; max-width: 100%; height: auto;\" \/><\/a><\/div><\/div>\n<p><a href=\"https:\/\/www.24gliwice.pl\/wiadomosci\/wp-content\/uploads\/2022\/07\/otwarcie_funzeum_zrodlo_funzeum_2-001.jpg\"><img loading=\"lazy\" decoding=\"async\" class=\"alignnone  wp-image-196433\" src=\"https:\/\/www.24gliwice.pl\/wiadomosci\/wp-content\/uploads\/2022\/07\/otwarcie_funzeum_zrodlo_funzeum_2-001.jpg\" alt=\"\" width=\"1300\" height=\"865\" srcset=\"https:\/\/www.24gliwice.pl\/wiadomosci\/wp-content\/uploads\/2022\/07\/otwarcie_funzeum_zrodlo_funzeum_2-001.jpg 810w, https:\/\/www.24gliwice.pl\/wiadomosci\/wp-content\/uploads\/2022\/07\/otwarcie_funzeum_zrodlo_funzeum_2-001-349x232.jpg 349w, https:\/\/www.24gliwice.pl\/wiadomosci\/wp-content\/uploads\/2022\/07\/otwarcie_funzeum_zrodlo_funzeum_2-001-684x455.jpg 684w, https:\/\/www.24gliwice.pl\/wiadomosci\/wp-content\/uploads\/2022\/07\/otwarcie_funzeum_zrodlo_funzeum_2-001-768x511.jpg 768w\" sizes=\"auto, (max-width: 1300px) 100vw, 1300px\" \/><\/a><\/p>\n<p>Jako go\u015bcie Funzeum b\u0119dziecie mogli te\u017c pobawi\u0107 si\u0119 wszystkimi kolorami jednocze\u015bnie i odkry\u0107 kilka zaskakuj\u0105cych efekt\u00f3w wizualnych, zwi\u0105zanych z barwami. Towarzyszy\u0107 Wam b\u0119d\u0105 interaktywne instalacje, takie jak \u201ePrzesuwane szk\u0142a\u201d czy \u201eKolorowe projektory\u201d. W trakcie zwiedzania pojawi\u0105 si\u0119 r\u00f3wnie\u017c nawi\u0105zania do historii ludzko\u015bci, przedstawiaj\u0105ce m.in. niekt\u00f3re metody pozyskiwania trwa\u0142ych, naturalnych barwnik\u00f3w, kt\u00f3re s\u0105 niezwykle zabawne i ciekawe.<\/p>\n<h4>Wizyta w Funzeum pozwoli wyja\u015bni\u0107 tak\u017ce z waszym interaktywnym udzia\u0142em tajemnic\u0119 zjawiska \u201etermochromizmu\u201d, czyli zmiany koloru danego obiektu pod wp\u0142ywem temperatury.<\/h4>\n<p>Po odwiedzeniu wystawy \u201eKolor\u201d sk\u0142adaj\u0105cej si\u0119 z 32 ekspozycji, 7 kolor\u00f3w i t\u0119czy znajdziecie si\u0119 w przestrzeni drugiej sta\u0142ej wystawy zatytu\u0142owanej \u201e\u015awiat\u0142o\u201d. Ta cz\u0119\u015b\u0107 wystawy po\u015bwi\u0119cona jest ekspozycji zwi\u0105zanej ze \u015bwiat\u0142em, jego odbiciem i lustrami. Na pocz\u0105tek traficie jednak do strefy, gdzie zostanie wy\u0142\u0105czone \u015bwiat\u0142o, aby\u015bcie wyposa\u017ceni w specjalne okulary 3D mogli zanurzy\u0107 si\u0119 w niezwyk\u0142ej sferze fluo.<\/p>\n<p><a href=\"https:\/\/www.24gliwice.pl\/wiadomosci\/wp-content\/uploads\/2022\/07\/funzeum_fullsize_4_of_240_-001.jpg\"><img loading=\"lazy\" decoding=\"async\" class=\"alignnone  wp-image-196431\" src=\"https:\/\/www.24gliwice.pl\/wiadomosci\/wp-content\/uploads\/2022\/07\/funzeum_fullsize_4_of_240_-001.jpg\" alt=\"\" width=\"1164\" height=\"1623\" srcset=\"https:\/\/www.24gliwice.pl\/wiadomosci\/wp-content\/uploads\/2022\/07\/funzeum_fullsize_4_of_240_-001.jpg 581w, https:\/\/www.24gliwice.pl\/wiadomosci\/wp-content\/uploads\/2022\/07\/funzeum_fullsize_4_of_240_-001-166x232.jpg 166w, https:\/\/www.24gliwice.pl\/wiadomosci\/wp-content\/uploads\/2022\/07\/funzeum_fullsize_4_of_240_-001-326x455.jpg 326w\" sizes=\"auto, (max-width: 1164px) 100vw, 1164px\" \/><\/a><\/p>\n<p>Pozwoli to na zapoznanie si\u0119 m.in. z niezwyk\u0142ym zjawiskiem luminescencji, czyli emisji fal \u015bwietlnych przez niekt\u00f3re cia\u0142a. Na wystawie \u201e\u015awiat\u0142a\u201d nie zabraknie r\u00f3wnie\u017c du\u017cej ilo\u015bci zwierciade\u0142 i luster, kt\u00f3re pozwol\u0105 na uzyskanie niecodziennych efekt\u00f3w wizualnych.<\/p>\n<h4>B\u0119dzie mogli tak\u017ce znale\u017a\u0107 si\u0119 we wewn\u0119trzu du\u017cego kalejdoskopu i w pokojach typu Infinity Room z prawie 300 lampkami zmieniaj\u0105cymi kolory, odbitymi wielokrotnie w oko\u0142o 100 m2 luster.<\/h4>\n<p>Fluorescencyjny las, planeta przero\u015bni\u0119tych kwiat\u00f3w, pok\u00f3j niesko\u0144czono\u015bci czy sala ksi\u0119\u017cycowa wraz z innymi planetami, to tylko niekt\u00f3re przyk\u0142ady niezwyk\u0142ych scenerii dost\u0119pnych podczas zwiedzania sta\u0142ych wystaw w Funzeum. Przestrze\u0144 obiektu zajmuje prawie 4000 mkw. i zosta\u0142a tak zaprojektowana, aby uczy\u0107 przez zabaw\u0119, kreatywnie sp\u0119dza\u0107 czas zar\u00f3wno rodzinnie, jak i z przyjaci\u00f3\u0142mi.<\/p>\n<p><a href=\"https:\/\/www.24gliwice.pl\/wiadomosci\/wp-content\/uploads\/2022\/07\/funm_86_-001.jpg\"><img loading=\"lazy\" decoding=\"async\" class=\"alignnone  wp-image-196429\" src=\"https:\/\/www.24gliwice.pl\/wiadomosci\/wp-content\/uploads\/2022\/07\/funm_86_-001.jpg\" alt=\"\" width=\"1116\" height=\"744\" srcset=\"https:\/\/www.24gliwice.pl\/wiadomosci\/wp-content\/uploads\/2022\/07\/funm_86_-001.jpg 810w, https:\/\/www.24gliwice.pl\/wiadomosci\/wp-content\/uploads\/2022\/07\/funm_86_-001-348x232.jpg 348w, https:\/\/www.24gliwice.pl\/wiadomosci\/wp-content\/uploads\/2022\/07\/funm_86_-001-683x455.jpg 683w, https:\/\/www.24gliwice.pl\/wiadomosci\/wp-content\/uploads\/2022\/07\/funm_86_-001-768x512.jpg 768w\" sizes=\"auto, (max-width: 1116px) 100vw, 1116px\" \/><\/a><\/p>\n<p>Dla ciekawskich dodatkowo w ca\u0142ym obiekcie Funzeum rozmieszczono tablice edukacyjne, wyja\u015bniaj\u0105ce wybrane zjawiska i prezentuj\u0105ce dodatkowe informacje o r\u00f3\u017cnych, interesuj\u0105cych zagadnieniach.<\/p>\n<p><a href=\"https:\/\/www.24gliwice.pl\/wiadomosci\/wp-content\/uploads\/2022\/07\/funzeum-001.jpg\"><img loading=\"lazy\" decoding=\"async\" class=\"alignnone  wp-image-196432\" src=\"https:\/\/www.24gliwice.pl\/wiadomosci\/wp-content\/uploads\/2022\/07\/funzeum-001.jpg\" alt=\"\" width=\"1205\" height=\"803\" srcset=\"https:\/\/www.24gliwice.pl\/wiadomosci\/wp-content\/uploads\/2022\/07\/funzeum-001.jpg 810w, https:\/\/www.24gliwice.pl\/wiadomosci\/wp-content\/uploads\/2022\/07\/funzeum-001-348x232.jpg 348w, https:\/\/www.24gliwice.pl\/wiadomosci\/wp-content\/uploads\/2022\/07\/funzeum-001-683x455.jpg 683w, https:\/\/www.24gliwice.pl\/wiadomosci\/wp-content\/uploads\/2022\/07\/funzeum-001-768x512.jpg 768w\" sizes=\"auto, (max-width: 1205px) 100vw, 1205px\" \/><\/a><\/p>\n<p>Zwiedzaj\u0105c pierwsze w Polsce Funzeum poza mo\u017cliwo\u015bci\u0105 do\u015bwiadczania r\u00f3\u017cnych zjawisk w trakcie odkrywania jego tajemnic, mo\u017cna uzyska\u0107 odpowiedzi na wiele ciekawych pyta\u0144, m.in.: Dlaczego gwiazdy \u015bwiec\u0105?, Czym jest luminescencja?, Co to takiego odbijanie \u015bwiat\u0142a? czy Jak i dlaczego powstaje t\u0119cza?<\/p>\n<h4>Funzeum \u0142\u0105czy mo\u017cliwo\u015bci technologii cyfrowej z edukacyjn\u0105 zabaw\u0105 \u015bwiat\u0142em i kolorem co sprawia, \u017ce potrafi zaskakiwa\u0107 zar\u00f3wno najm\u0142odszych, jak i doros\u0142ych go\u015bci.<\/h4>\n<p>Czas wakacji sprzyja odkrywaniu nowych miejsc, a nietypowe muzeum otwarte w tym roku w Gliwicach mo\u017ce by\u0107 ciekawym i atrakcyjnym pomys\u0142em na letni\u0105, rodzinn\u0105 wycieczk\u0119 lub wypad z przyjaci\u00f3\u0142mi. Nietypowe muzeum mie\u015bci si\u0119 w Gliwicach w kompleksie C.H. Europa Centralna i jest najwi\u0119kszym w Polsce obiektem edukacyjno-rozrywkowym oferuj\u0105cym multimedialne i interaktywne instalacje, inspirowane magi\u0105 kolor\u00f3w i \u015bwiat\u0142a.<\/p>\n<p>mat. pras.<br \/>\nfot. mat. Funzeum<\/p>\n<p><a href=\"https:\/\/www.24gliwice.pl\/wiadomosci\/wp-content\/uploads\/2022\/07\/otwarcie_funzeum_zrodlo_funzeum_3-001.jpg\"><img loading=\"lazy\" decoding=\"async\" class=\"alignnone  wp-image-196434\" src=\"https:\/\/www.24gliwice.pl\/wiadomosci\/wp-content\/uploads\/2022\/07\/otwarcie_funzeum_zrodlo_funzeum_3-001.jpg\" alt=\"\" width=\"1057\" height=\"771\" srcset=\"https:\/\/www.24gliwice.pl\/wiadomosci\/wp-content\/uploads\/2022\/07\/otwarcie_funzeum_zrodlo_funzeum_3-001.jpg 810w, https:\/\/www.24gliwice.pl\/wiadomosci\/wp-content\/uploads\/2022\/07\/otwarcie_funzeum_zrodlo_funzeum_3-001-318x232.jpg 318w, https:\/\/www.24gliwice.pl\/wiadomosci\/wp-content\/uploads\/2022\/07\/otwarcie_funzeum_zrodlo_funzeum_3-001-624x455.jpg 624w, https:\/\/www.24gliwice.pl\/wiadomosci\/wp-content\/uploads\/2022\/07\/otwarcie_funzeum_zrodlo_funzeum_3-001-768x560.jpg 768w\" sizes=\"auto, (max-width: 1057px) 100vw, 1057px\" \/><\/a><\/p>\n<div class=\"gliwi-a5-na-koncu-artykulow gliwi-entity-placement\" id=\"gliwi-2571486104\"><div class=\"gliwi-adlabel\"><span style=\"font-size: 9px\">REKLAMA<\/span><\/div><div id=\"gliwi-112909879\" style=\"margin-left: auto;margin-right: auto;text-align: center;\"><a data-no-instant=\"1\" href=\"https:\/\/prezeroarenagliwice.pl\/\" rel=\"noopener\" class=\"a2t-link\" target=\"_blank\" aria-label=\"20260309-PREZERO-WIOSNA-D\"><img loading=\"lazy\" decoding=\"async\" src=\"https:\/\/www.24gliwice.pl\/wiadomosci\/wp-content\/uploads\/2026\/03\/20260309-PREZERO-WIOSNA-D.webp\" alt=\"\"  srcset=\"https:\/\/www.24gliwice.pl\/wiadomosci\/wp-content\/uploads\/2026\/03\/20260309-PREZERO-WIOSNA-D.webp 750w, https:\/\/www.24gliwice.pl\/wiadomosci\/wp-content\/uploads\/2026\/03\/20260309-PREZERO-WIOSNA-D-410x109.webp 410w\" sizes=\"(max-width: 750px) 100vw, 750px\" class=\"no-lazyload\" width=\"750\" height=\"200\"  style=\"display: inline-block; max-width: 100%; height: auto;\" \/><\/a><\/div><\/div>","protected":false},"excerpt":{"rendered":"<p>Wielkie odkrycia to efekt ludzkiej ciekawo\u015bci i kreatywno\u015bci, dzi\u0119ki nim powsta\u0142y wynalazki i u\u017cyteczne rozwi\u0105zania. W Funzeum w CH Europa Centralna, wykorzystuj\u0105cym technologi\u0119 cyfrow\u0105, zar\u00f3wno dzieci jak r\u00f3wnie\u017c ciekawi \u015bwiata doro\u015bli mog\u0105 rozwija\u0107 swoj\u0105 kreatywno\u015b\u0107. &nbsp; Na zwiedzaj\u0105cych czekaj\u0105 2 sta\u0142e wystawy \u201eKolor\u201d i \u201e\u015awiat\u0142o\u201d, kt\u00f3re pozwalaj\u0105 w niestandardowy i interaktywny spos\u00f3b zapozna\u0107 si\u0119 z [&hellip;]<\/p>\n","protected":false},"author":15,"featured_media":196430,"comment_status":"open","ping_status":"closed","sticky":false,"template":"","format":"standard","meta":{"_monsterinsights_skip_tracking":false,"_monsterinsights_sitenote_active":false,"_monsterinsights_sitenote_note":"","_monsterinsights_sitenote_category":0,"footnotes":"","_links_to":"","_links_to_target":""},"categories":[3,6,1129],"tags":[286,20638],"class_list":["post-196426","post","type-post","status-publish","format-standard","has-post-thumbnail","hentry","category-gliwice","category-kultura","category-polecamy","tag-europa-centralna","tag-funzeum"],"yoast_head":"<!-- This site is optimized with the Yoast SEO plugin v27.4 - https:\/\/yoast.com\/product\/yoast-seo-wordpress\/ -->\n<title>Dlaczego gwiazdy \u015bwiec\u0105?, Czym jest luminescencja? W Funzeum znajdziecie odpowiedzi na pytania - 24GLIWICE - Portal Gliwice | codziennie nowe informacje<\/title>\n<meta name=\"description\" content=\"Funzeum to obiekt dobry do odwiedzenia w wakacje. Zobaczymy tu dwie ekspozycje - jedna dotyczy kolor\u00f3w, druga za\u015b \u015bwiat\u0142a\" \/>\n<meta name=\"robots\" content=\"index, follow, max-snippet:-1, max-image-preview:large, max-video-preview:-1\" \/>\n<link rel=\"canonical\" href=\"https:\/\/www.24gliwice.pl\/wiadomosci\/dlaczego-gwiazdy-swieca-czym-jest-luminescencja-w-funzeum-znajdziecie-odpowiedzi-na-pytania\/\" \/>\n<meta property=\"og:locale\" content=\"pl_PL\" \/>\n<meta property=\"og:type\" content=\"article\" \/>\n<meta property=\"og:title\" content=\"Dlaczego gwiazdy \u015bwiec\u0105?, Czym jest luminescencja? W Funzeum znajdziecie odpowiedzi na pytania - 24GLIWICE - Portal Gliwice | codziennie nowe informacje\" \/>\n<meta property=\"og:description\" content=\"Funzeum to obiekt dobry do odwiedzenia w wakacje. Zobaczymy tu dwie ekspozycje - jedna dotyczy kolor\u00f3w, druga za\u015b \u015bwiat\u0142a\" \/>\n<meta property=\"og:url\" content=\"https:\/\/www.24gliwice.pl\/wiadomosci\/dlaczego-gwiazdy-swieca-czym-jest-luminescencja-w-funzeum-znajdziecie-odpowiedzi-na-pytania\/\" \/>\n<meta property=\"og:site_name\" content=\"24GLIWICE - Portal Gliwice | codziennie nowe informacje\" \/>\n<meta property=\"article:publisher\" content=\"https:\/\/www.facebook.com\/24gliwice\" \/>\n<meta property=\"article:published_time\" content=\"2022-07-13T15:07:56+00:00\" \/>\n<meta property=\"og:image\" content=\"https:\/\/www.24gliwice.pl\/wiadomosci\/wp-content\/uploads\/2022\/07\/funzeum_74_-001.jpg\" \/>\n\t<meta property=\"og:image:width\" content=\"810\" \/>\n\t<meta property=\"og:image:height\" content=\"437\" \/>\n\t<meta property=\"og:image:type\" content=\"image\/jpeg\" \/>\n<meta name=\"author\" content=\"\u017baneta Mrozek-Siewierska\" \/>\n<meta name=\"twitter:card\" content=\"summary_large_image\" \/>\n<meta name=\"twitter:creator\" content=\"@24gliwice\" \/>\n<meta name=\"twitter:site\" content=\"@24gliwice\" \/>\n<meta name=\"twitter:label1\" content=\"Napisane przez\" \/>\n\t<meta name=\"twitter:data1\" content=\"\u017baneta Mrozek-Siewierska\" \/>\n\t<meta name=\"twitter:label2\" content=\"Szacowany czas czytania\" \/>\n\t<meta name=\"twitter:data2\" content=\"3 minuty\" \/>\n<script type=\"application\/ld+json\" class=\"yoast-schema-graph\">{\"@context\":\"https:\\\/\\\/schema.org\",\"@graph\":[{\"@type\":\"Article\",\"@id\":\"https:\\\/\\\/www.24gliwice.pl\\\/wiadomosci\\\/dlaczego-gwiazdy-swieca-czym-jest-luminescencja-w-funzeum-znajdziecie-odpowiedzi-na-pytania\\\/#article\",\"isPartOf\":{\"@id\":\"https:\\\/\\\/www.24gliwice.pl\\\/wiadomosci\\\/dlaczego-gwiazdy-swieca-czym-jest-luminescencja-w-funzeum-znajdziecie-odpowiedzi-na-pytania\\\/\"},\"author\":{\"name\":\"\u017baneta Mrozek-Siewierska\",\"@id\":\"https:\\\/\\\/www.24gliwice.pl\\\/wiadomosci\\\/#\\\/schema\\\/person\\\/e42c650edd7f2fa332be3811fb166b6e\"},\"headline\":\"Dlaczego gwiazdy \u015bwiec\u0105?, Czym jest luminescencja? W Funzeum znajdziecie odpowiedzi na pytania\",\"datePublished\":\"2022-07-13T15:07:56+00:00\",\"mainEntityOfPage\":{\"@id\":\"https:\\\/\\\/www.24gliwice.pl\\\/wiadomosci\\\/dlaczego-gwiazdy-swieca-czym-jest-luminescencja-w-funzeum-znajdziecie-odpowiedzi-na-pytania\\\/\"},\"wordCount\":693,\"commentCount\":0,\"publisher\":{\"@id\":\"https:\\\/\\\/www.24gliwice.pl\\\/wiadomosci\\\/#organization\"},\"image\":{\"@id\":\"https:\\\/\\\/www.24gliwice.pl\\\/wiadomosci\\\/dlaczego-gwiazdy-swieca-czym-jest-luminescencja-w-funzeum-znajdziecie-odpowiedzi-na-pytania\\\/#primaryimage\"},\"thumbnailUrl\":\"https:\\\/\\\/www.24gliwice.pl\\\/wiadomosci\\\/wp-content\\\/uploads\\\/2022\\\/07\\\/funzeum_74_-001.jpg\",\"keywords\":[\"EUROPA CENTRALNA\",\"funzeum\"],\"articleSection\":[\"Gliwice\",\"Kultura, wydarzenia, imprezy\",\"Polecamy\"],\"inLanguage\":\"pl-PL\",\"potentialAction\":[{\"@type\":\"CommentAction\",\"name\":\"Comment\",\"target\":[\"https:\\\/\\\/www.24gliwice.pl\\\/wiadomosci\\\/dlaczego-gwiazdy-swieca-czym-jest-luminescencja-w-funzeum-znajdziecie-odpowiedzi-na-pytania\\\/#respond\"]}]},{\"@type\":\"WebPage\",\"@id\":\"https:\\\/\\\/www.24gliwice.pl\\\/wiadomosci\\\/dlaczego-gwiazdy-swieca-czym-jest-luminescencja-w-funzeum-znajdziecie-odpowiedzi-na-pytania\\\/\",\"url\":\"https:\\\/\\\/www.24gliwice.pl\\\/wiadomosci\\\/dlaczego-gwiazdy-swieca-czym-jest-luminescencja-w-funzeum-znajdziecie-odpowiedzi-na-pytania\\\/\",\"name\":\"Dlaczego gwiazdy \u015bwiec\u0105?, Czym jest luminescencja? W Funzeum znajdziecie odpowiedzi na pytania - 24GLIWICE - Portal Gliwice | codziennie nowe informacje\",\"isPartOf\":{\"@id\":\"https:\\\/\\\/www.24gliwice.pl\\\/wiadomosci\\\/#website\"},\"primaryImageOfPage\":{\"@id\":\"https:\\\/\\\/www.24gliwice.pl\\\/wiadomosci\\\/dlaczego-gwiazdy-swieca-czym-jest-luminescencja-w-funzeum-znajdziecie-odpowiedzi-na-pytania\\\/#primaryimage\"},\"image\":{\"@id\":\"https:\\\/\\\/www.24gliwice.pl\\\/wiadomosci\\\/dlaczego-gwiazdy-swieca-czym-jest-luminescencja-w-funzeum-znajdziecie-odpowiedzi-na-pytania\\\/#primaryimage\"},\"thumbnailUrl\":\"https:\\\/\\\/www.24gliwice.pl\\\/wiadomosci\\\/wp-content\\\/uploads\\\/2022\\\/07\\\/funzeum_74_-001.jpg\",\"datePublished\":\"2022-07-13T15:07:56+00:00\",\"description\":\"Funzeum to obiekt dobry do odwiedzenia w wakacje. Zobaczymy tu dwie ekspozycje - jedna dotyczy kolor\u00f3w, druga za\u015b \u015bwiat\u0142a\",\"breadcrumb\":{\"@id\":\"https:\\\/\\\/www.24gliwice.pl\\\/wiadomosci\\\/dlaczego-gwiazdy-swieca-czym-jest-luminescencja-w-funzeum-znajdziecie-odpowiedzi-na-pytania\\\/#breadcrumb\"},\"inLanguage\":\"pl-PL\",\"potentialAction\":[{\"@type\":\"ReadAction\",\"target\":[\"https:\\\/\\\/www.24gliwice.pl\\\/wiadomosci\\\/dlaczego-gwiazdy-swieca-czym-jest-luminescencja-w-funzeum-znajdziecie-odpowiedzi-na-pytania\\\/\"]}]},{\"@type\":\"ImageObject\",\"inLanguage\":\"pl-PL\",\"@id\":\"https:\\\/\\\/www.24gliwice.pl\\\/wiadomosci\\\/dlaczego-gwiazdy-swieca-czym-jest-luminescencja-w-funzeum-znajdziecie-odpowiedzi-na-pytania\\\/#primaryimage\",\"url\":\"https:\\\/\\\/www.24gliwice.pl\\\/wiadomosci\\\/wp-content\\\/uploads\\\/2022\\\/07\\\/funzeum_74_-001.jpg\",\"contentUrl\":\"https:\\\/\\\/www.24gliwice.pl\\\/wiadomosci\\\/wp-content\\\/uploads\\\/2022\\\/07\\\/funzeum_74_-001.jpg\",\"width\":810,\"height\":437},{\"@type\":\"BreadcrumbList\",\"@id\":\"https:\\\/\\\/www.24gliwice.pl\\\/wiadomosci\\\/dlaczego-gwiazdy-swieca-czym-jest-luminescencja-w-funzeum-znajdziecie-odpowiedzi-na-pytania\\\/#breadcrumb\",\"itemListElement\":[{\"@type\":\"ListItem\",\"position\":1,\"name\":\"Strona g\u0142\u00f3wna\",\"item\":\"https:\\\/\\\/www.24gliwice.pl\\\/wiadomosci\\\/\"},{\"@type\":\"ListItem\",\"position\":2,\"name\":\"Dlaczego gwiazdy \u015bwiec\u0105?, Czym jest luminescencja? W Funzeum znajdziecie odpowiedzi na pytania\"}]},{\"@type\":\"WebSite\",\"@id\":\"https:\\\/\\\/www.24gliwice.pl\\\/wiadomosci\\\/#website\",\"url\":\"https:\\\/\\\/www.24gliwice.pl\\\/wiadomosci\\\/\",\"name\":\"24GLIWICE - Portal Gliwice | codziennie nowe wiadomo\u015bci\",\"description\":\"Portal Miejski Gliwice\",\"publisher\":{\"@id\":\"https:\\\/\\\/www.24gliwice.pl\\\/wiadomosci\\\/#organization\"},\"potentialAction\":[{\"@type\":\"SearchAction\",\"target\":{\"@type\":\"EntryPoint\",\"urlTemplate\":\"https:\\\/\\\/www.24gliwice.pl\\\/wiadomosci\\\/?s={search_term_string}\"},\"query-input\":{\"@type\":\"PropertyValueSpecification\",\"valueRequired\":true,\"valueName\":\"search_term_string\"}}],\"inLanguage\":\"pl-PL\"},{\"@type\":\"Organization\",\"@id\":\"https:\\\/\\\/www.24gliwice.pl\\\/wiadomosci\\\/#organization\",\"name\":\"24gliwice\",\"url\":\"https:\\\/\\\/www.24gliwice.pl\\\/wiadomosci\\\/\",\"logo\":{\"@type\":\"ImageObject\",\"inLanguage\":\"pl-PL\",\"@id\":\"https:\\\/\\\/www.24gliwice.pl\\\/wiadomosci\\\/#\\\/schema\\\/logo\\\/image\\\/\",\"url\":\"https:\\\/\\\/www.24gliwice.pl\\\/wiadomosci\\\/wp-content\\\/uploads\\\/2024\\\/10\\\/24gliwice-logo-696.jpg\",\"contentUrl\":\"https:\\\/\\\/www.24gliwice.pl\\\/wiadomosci\\\/wp-content\\\/uploads\\\/2024\\\/10\\\/24gliwice-logo-696.jpg\",\"width\":696,\"height\":696,\"caption\":\"24gliwice\"},\"image\":{\"@id\":\"https:\\\/\\\/www.24gliwice.pl\\\/wiadomosci\\\/#\\\/schema\\\/logo\\\/image\\\/\"},\"sameAs\":[\"https:\\\/\\\/www.facebook.com\\\/24gliwice\",\"https:\\\/\\\/x.com\\\/24gliwice\",\"https:\\\/\\\/www.youtube.com\\\/@24gliwice\"]},{\"@type\":\"Person\",\"@id\":\"https:\\\/\\\/www.24gliwice.pl\\\/wiadomosci\\\/#\\\/schema\\\/person\\\/e42c650edd7f2fa332be3811fb166b6e\",\"name\":\"\u017baneta Mrozek-Siewierska\",\"image\":{\"@type\":\"ImageObject\",\"inLanguage\":\"pl-PL\",\"@id\":\"https:\\\/\\\/www.24gliwice.pl\\\/wiadomosci\\\/wp-content\\\/uploads\\\/2021\\\/11\\\/Zaneta-M_S-zdjecie-czb-96x96.jpg\",\"url\":\"https:\\\/\\\/www.24gliwice.pl\\\/wiadomosci\\\/wp-content\\\/uploads\\\/2021\\\/11\\\/Zaneta-M_S-zdjecie-czb-96x96.jpg\",\"contentUrl\":\"https:\\\/\\\/www.24gliwice.pl\\\/wiadomosci\\\/wp-content\\\/uploads\\\/2021\\\/11\\\/Zaneta-M_S-zdjecie-czb-96x96.jpg\",\"caption\":\"\u017baneta Mrozek-Siewierska\"},\"url\":\"https:\\\/\\\/www.24gliwice.pl\\\/wiadomosci\\\/author\\\/zms\\\/\"}]}<\/script>\n<!-- \/ Yoast SEO plugin. -->","yoast_head_json":{"title":"Dlaczego gwiazdy \u015bwiec\u0105?, Czym jest luminescencja? W Funzeum znajdziecie odpowiedzi na pytania - 24GLIWICE - Portal Gliwice | codziennie nowe informacje","description":"Funzeum to obiekt dobry do odwiedzenia w wakacje. Zobaczymy tu dwie ekspozycje - jedna dotyczy kolor\u00f3w, druga za\u015b \u015bwiat\u0142a","robots":{"index":"index","follow":"follow","max-snippet":"max-snippet:-1","max-image-preview":"max-image-preview:large","max-video-preview":"max-video-preview:-1"},"canonical":"https:\/\/www.24gliwice.pl\/wiadomosci\/dlaczego-gwiazdy-swieca-czym-jest-luminescencja-w-funzeum-znajdziecie-odpowiedzi-na-pytania\/","og_locale":"pl_PL","og_type":"article","og_title":"Dlaczego gwiazdy \u015bwiec\u0105?, Czym jest luminescencja? W Funzeum znajdziecie odpowiedzi na pytania - 24GLIWICE - Portal Gliwice | codziennie nowe informacje","og_description":"Funzeum to obiekt dobry do odwiedzenia w wakacje. Zobaczymy tu dwie ekspozycje - jedna dotyczy kolor\u00f3w, druga za\u015b \u015bwiat\u0142a","og_url":"https:\/\/www.24gliwice.pl\/wiadomosci\/dlaczego-gwiazdy-swieca-czym-jest-luminescencja-w-funzeum-znajdziecie-odpowiedzi-na-pytania\/","og_site_name":"24GLIWICE - Portal Gliwice | codziennie nowe informacje","article_publisher":"https:\/\/www.facebook.com\/24gliwice","article_published_time":"2022-07-13T15:07:56+00:00","og_image":[{"width":810,"height":437,"url":"https:\/\/www.24gliwice.pl\/wiadomosci\/wp-content\/uploads\/2022\/07\/funzeum_74_-001.jpg","type":"image\/jpeg"}],"author":"\u017baneta Mrozek-Siewierska","twitter_card":"summary_large_image","twitter_creator":"@24gliwice","twitter_site":"@24gliwice","twitter_misc":{"Napisane przez":"\u017baneta Mrozek-Siewierska","Szacowany czas czytania":"3 minuty"},"schema":{"@context":"https:\/\/schema.org","@graph":[{"@type":"Article","@id":"https:\/\/www.24gliwice.pl\/wiadomosci\/dlaczego-gwiazdy-swieca-czym-jest-luminescencja-w-funzeum-znajdziecie-odpowiedzi-na-pytania\/#article","isPartOf":{"@id":"https:\/\/www.24gliwice.pl\/wiadomosci\/dlaczego-gwiazdy-swieca-czym-jest-luminescencja-w-funzeum-znajdziecie-odpowiedzi-na-pytania\/"},"author":{"name":"\u017baneta Mrozek-Siewierska","@id":"https:\/\/www.24gliwice.pl\/wiadomosci\/#\/schema\/person\/e42c650edd7f2fa332be3811fb166b6e"},"headline":"Dlaczego gwiazdy \u015bwiec\u0105?, Czym jest luminescencja? W Funzeum znajdziecie odpowiedzi na pytania","datePublished":"2022-07-13T15:07:56+00:00","mainEntityOfPage":{"@id":"https:\/\/www.24gliwice.pl\/wiadomosci\/dlaczego-gwiazdy-swieca-czym-jest-luminescencja-w-funzeum-znajdziecie-odpowiedzi-na-pytania\/"},"wordCount":693,"commentCount":0,"publisher":{"@id":"https:\/\/www.24gliwice.pl\/wiadomosci\/#organization"},"image":{"@id":"https:\/\/www.24gliwice.pl\/wiadomosci\/dlaczego-gwiazdy-swieca-czym-jest-luminescencja-w-funzeum-znajdziecie-odpowiedzi-na-pytania\/#primaryimage"},"thumbnailUrl":"https:\/\/www.24gliwice.pl\/wiadomosci\/wp-content\/uploads\/2022\/07\/funzeum_74_-001.jpg","keywords":["EUROPA CENTRALNA","funzeum"],"articleSection":["Gliwice","Kultura, wydarzenia, imprezy","Polecamy"],"inLanguage":"pl-PL","potentialAction":[{"@type":"CommentAction","name":"Comment","target":["https:\/\/www.24gliwice.pl\/wiadomosci\/dlaczego-gwiazdy-swieca-czym-jest-luminescencja-w-funzeum-znajdziecie-odpowiedzi-na-pytania\/#respond"]}]},{"@type":"WebPage","@id":"https:\/\/www.24gliwice.pl\/wiadomosci\/dlaczego-gwiazdy-swieca-czym-jest-luminescencja-w-funzeum-znajdziecie-odpowiedzi-na-pytania\/","url":"https:\/\/www.24gliwice.pl\/wiadomosci\/dlaczego-gwiazdy-swieca-czym-jest-luminescencja-w-funzeum-znajdziecie-odpowiedzi-na-pytania\/","name":"Dlaczego gwiazdy \u015bwiec\u0105?, Czym jest luminescencja? W Funzeum znajdziecie odpowiedzi na pytania - 24GLIWICE - Portal Gliwice | codziennie nowe informacje","isPartOf":{"@id":"https:\/\/www.24gliwice.pl\/wiadomosci\/#website"},"primaryImageOfPage":{"@id":"https:\/\/www.24gliwice.pl\/wiadomosci\/dlaczego-gwiazdy-swieca-czym-jest-luminescencja-w-funzeum-znajdziecie-odpowiedzi-na-pytania\/#primaryimage"},"image":{"@id":"https:\/\/www.24gliwice.pl\/wiadomosci\/dlaczego-gwiazdy-swieca-czym-jest-luminescencja-w-funzeum-znajdziecie-odpowiedzi-na-pytania\/#primaryimage"},"thumbnailUrl":"https:\/\/www.24gliwice.pl\/wiadomosci\/wp-content\/uploads\/2022\/07\/funzeum_74_-001.jpg","datePublished":"2022-07-13T15:07:56+00:00","description":"Funzeum to obiekt dobry do odwiedzenia w wakacje. Zobaczymy tu dwie ekspozycje - jedna dotyczy kolor\u00f3w, druga za\u015b \u015bwiat\u0142a","breadcrumb":{"@id":"https:\/\/www.24gliwice.pl\/wiadomosci\/dlaczego-gwiazdy-swieca-czym-jest-luminescencja-w-funzeum-znajdziecie-odpowiedzi-na-pytania\/#breadcrumb"},"inLanguage":"pl-PL","potentialAction":[{"@type":"ReadAction","target":["https:\/\/www.24gliwice.pl\/wiadomosci\/dlaczego-gwiazdy-swieca-czym-jest-luminescencja-w-funzeum-znajdziecie-odpowiedzi-na-pytania\/"]}]},{"@type":"ImageObject","inLanguage":"pl-PL","@id":"https:\/\/www.24gliwice.pl\/wiadomosci\/dlaczego-gwiazdy-swieca-czym-jest-luminescencja-w-funzeum-znajdziecie-odpowiedzi-na-pytania\/#primaryimage","url":"https:\/\/www.24gliwice.pl\/wiadomosci\/wp-content\/uploads\/2022\/07\/funzeum_74_-001.jpg","contentUrl":"https:\/\/www.24gliwice.pl\/wiadomosci\/wp-content\/uploads\/2022\/07\/funzeum_74_-001.jpg","width":810,"height":437},{"@type":"BreadcrumbList","@id":"https:\/\/www.24gliwice.pl\/wiadomosci\/dlaczego-gwiazdy-swieca-czym-jest-luminescencja-w-funzeum-znajdziecie-odpowiedzi-na-pytania\/#breadcrumb","itemListElement":[{"@type":"ListItem","position":1,"name":"Strona g\u0142\u00f3wna","item":"https:\/\/www.24gliwice.pl\/wiadomosci\/"},{"@type":"ListItem","position":2,"name":"Dlaczego gwiazdy \u015bwiec\u0105?, Czym jest luminescencja? W Funzeum znajdziecie odpowiedzi na pytania"}]},{"@type":"WebSite","@id":"https:\/\/www.24gliwice.pl\/wiadomosci\/#website","url":"https:\/\/www.24gliwice.pl\/wiadomosci\/","name":"24GLIWICE - Portal Gliwice | codziennie nowe wiadomo\u015bci","description":"Portal Miejski Gliwice","publisher":{"@id":"https:\/\/www.24gliwice.pl\/wiadomosci\/#organization"},"potentialAction":[{"@type":"SearchAction","target":{"@type":"EntryPoint","urlTemplate":"https:\/\/www.24gliwice.pl\/wiadomosci\/?s={search_term_string}"},"query-input":{"@type":"PropertyValueSpecification","valueRequired":true,"valueName":"search_term_string"}}],"inLanguage":"pl-PL"},{"@type":"Organization","@id":"https:\/\/www.24gliwice.pl\/wiadomosci\/#organization","name":"24gliwice","url":"https:\/\/www.24gliwice.pl\/wiadomosci\/","logo":{"@type":"ImageObject","inLanguage":"pl-PL","@id":"https:\/\/www.24gliwice.pl\/wiadomosci\/#\/schema\/logo\/image\/","url":"https:\/\/www.24gliwice.pl\/wiadomosci\/wp-content\/uploads\/2024\/10\/24gliwice-logo-696.jpg","contentUrl":"https:\/\/www.24gliwice.pl\/wiadomosci\/wp-content\/uploads\/2024\/10\/24gliwice-logo-696.jpg","width":696,"height":696,"caption":"24gliwice"},"image":{"@id":"https:\/\/www.24gliwice.pl\/wiadomosci\/#\/schema\/logo\/image\/"},"sameAs":["https:\/\/www.facebook.com\/24gliwice","https:\/\/x.com\/24gliwice","https:\/\/www.youtube.com\/@24gliwice"]},{"@type":"Person","@id":"https:\/\/www.24gliwice.pl\/wiadomosci\/#\/schema\/person\/e42c650edd7f2fa332be3811fb166b6e","name":"\u017baneta Mrozek-Siewierska","image":{"@type":"ImageObject","inLanguage":"pl-PL","@id":"https:\/\/www.24gliwice.pl\/wiadomosci\/wp-content\/uploads\/2021\/11\/Zaneta-M_S-zdjecie-czb-96x96.jpg","url":"https:\/\/www.24gliwice.pl\/wiadomosci\/wp-content\/uploads\/2021\/11\/Zaneta-M_S-zdjecie-czb-96x96.jpg","contentUrl":"https:\/\/www.24gliwice.pl\/wiadomosci\/wp-content\/uploads\/2021\/11\/Zaneta-M_S-zdjecie-czb-96x96.jpg","caption":"\u017baneta Mrozek-Siewierska"},"url":"https:\/\/www.24gliwice.pl\/wiadomosci\/author\/zms\/"}]}},"_links":{"self":[{"href":"https:\/\/www.24gliwice.pl\/wiadomosci\/wp-json\/wp\/v2\/posts\/196426","targetHints":{"allow":["GET"]}}],"collection":[{"href":"https:\/\/www.24gliwice.pl\/wiadomosci\/wp-json\/wp\/v2\/posts"}],"about":[{"href":"https:\/\/www.24gliwice.pl\/wiadomosci\/wp-json\/wp\/v2\/types\/post"}],"author":[{"embeddable":true,"href":"https:\/\/www.24gliwice.pl\/wiadomosci\/wp-json\/wp\/v2\/users\/15"}],"replies":[{"embeddable":true,"href":"https:\/\/www.24gliwice.pl\/wiadomosci\/wp-json\/wp\/v2\/comments?post=196426"}],"version-history":[{"count":5,"href":"https:\/\/www.24gliwice.pl\/wiadomosci\/wp-json\/wp\/v2\/posts\/196426\/revisions"}],"predecessor-version":[{"id":196448,"href":"https:\/\/www.24gliwice.pl\/wiadomosci\/wp-json\/wp\/v2\/posts\/196426\/revisions\/196448"}],"wp:featuredmedia":[{"embeddable":true,"href":"https:\/\/www.24gliwice.pl\/wiadomosci\/wp-json\/wp\/v2\/media\/196430"}],"wp:attachment":[{"href":"https:\/\/www.24gliwice.pl\/wiadomosci\/wp-json\/wp\/v2\/media?parent=196426"}],"wp:term":[{"taxonomy":"category","embeddable":true,"href":"https:\/\/www.24gliwice.pl\/wiadomosci\/wp-json\/wp\/v2\/categories?post=196426"},{"taxonomy":"post_tag","embeddable":true,"href":"https:\/\/www.24gliwice.pl\/wiadomosci\/wp-json\/wp\/v2\/tags?post=196426"}],"curies":[{"name":"wp","href":"https:\/\/api.w.org\/{rel}","templated":true}]}}