{"id":196474,"date":"2022-07-14T19:07:22","date_gmt":"2022-07-14T17:07:22","guid":{"rendered":"https:\/\/www.24gliwice.pl\/wiadomosci\/?p=196474"},"modified":"2022-07-14T19:07:22","modified_gmt":"2022-07-14T17:07:22","slug":"spektakl-funeralny-i-przedstawienia-dla-dzieci-festiwal-ulicznicy-w-kazda-lipcowa-sobote","status":"publish","type":"post","link":"https:\/\/www.24gliwice.pl\/wiadomosci\/spektakl-funeralny-i-przedstawienia-dla-dzieci-festiwal-ulicznicy-w-kazda-lipcowa-sobote\/","title":{"rendered":"Spektakl funeralny i przedstawienia dla dzieci. Festiwal &#8220;Ulicznicy&#8221; w ka\u017cd\u0105 lipcow\u0105 sobot\u0119"},"content":{"rendered":"<div class=\"gliwi-a6-nad-leadem-artykulow gliwi-entity-placement\" id=\"gliwi-3181336242\"><div class=\"gliwi-adlabel\"><span style=\"font-size: 9px\">REKLAMA<\/span><\/div><div id=\"gliwi-4078516811\" style=\"margin-bottom: 25px;margin-left: auto;margin-right: auto;text-align: center;\"><a data-no-instant=\"1\" href=\"https:\/\/dom100.eu\/\" rel=\"noopener\" class=\"a2t-link\" target=\"_blank\" aria-label=\"20260415 DOM100 D\"><img loading=\"lazy\" decoding=\"async\" src=\"https:\/\/www.24gliwice.pl\/wiadomosci\/wp-content\/uploads\/2026\/04\/20260415-DOM100-D.jpg\" alt=\"\"  srcset=\"https:\/\/www.24gliwice.pl\/wiadomosci\/wp-content\/uploads\/2026\/04\/20260415-DOM100-D.jpg 750w, https:\/\/www.24gliwice.pl\/wiadomosci\/wp-content\/uploads\/2026\/04\/20260415-DOM100-D-410x109.jpg 410w\" sizes=\"(max-width: 750px) 100vw, 750px\" class=\"no-lazyload\" width=\"750\" height=\"200\"  style=\"display: inline-block; max-width: 100%; height: auto;\" \/><\/a><\/div><\/div><h2>Przedstawienia dla dzieci, widowisko cyrkowe, a tak\u017ce&#8230; spektakl funeralny \u2013 podczas XV Mi\u0119dzynarodowego Festiwalu Artyst\u00f3w Ulicy \u201eUlicznicy\u201d w Gliwicach nikt nie b\u0119dzie si\u0119 nudzi\u0142. W lipcowe soboty warto sp\u0119dzi\u0107 czas z kultur\u0105 na \u015bwie\u017cym powietrzu.<\/h2>\n<p>&nbsp;<br \/>\n<strong>W sobot\u0119, 16 lipca, o godzinie 16:00 w parku Chopina<\/strong> rozpocznie si\u0119 spektakl dla dzieci \u201eO Piecuchu Najwspanialszym Na \u015awiecie\u201d w wykonaniu Teatru Barnaby. To historia przyg\u00f3d jednego z trzech syn\u00f3w starego kr\u00f3la, opowiedziana z wykorzystaniem marionetek. <\/p>\n<p><strong>Na godzin\u0119 17:30<\/strong><strong> do parku<\/strong> zaprasza Miraculous Theatre Company na \u201eFunerabilis\u201d. B\u0119dzie to spektakl funeralny, w kt\u00f3rym b\u0119d\u0105 si\u0119 miesza\u0107 historia, poezja i filozofia. <strong>O godzinie 20:00<\/strong> ten \u201eobjazdowy zak\u0142ad pogrzebowy\u201d przeniesie si\u0119 <strong>na Rynek<\/strong>, na kt\u00f3rym rozpocznie si\u0119 druga prezentacja \u201eFunerabilis\u201d. <\/p><div class=\"gliwi-a3-w-tresci-artykulow gliwi-entity-placement\" id=\"gliwi-960772465\"><div class=\"gliwi-adlabel\"><span style=\"font-size: 9px\">REKLAMA<\/span><\/div><div id=\"gliwi-792669549\" style=\"margin-bottom: 30px;margin-left: auto;margin-right: auto;text-align: center;\"><a data-no-instant=\"1\" href=\"https:\/\/ogrodyandersa.pl\/\" rel=\"noopener\" class=\"a2t-link\" target=\"_blank\" aria-label=\"20260415 Ogrody Andersa KUP TERAZ D\"><img loading=\"lazy\" decoding=\"async\" src=\"https:\/\/www.24gliwice.pl\/wiadomosci\/wp-content\/uploads\/2026\/04\/20260415-Ogrody-Andersa-KUP-TERAZ-D.jpg\" alt=\"\"  srcset=\"https:\/\/www.24gliwice.pl\/wiadomosci\/wp-content\/uploads\/2026\/04\/20260415-Ogrody-Andersa-KUP-TERAZ-D.jpg 750w, https:\/\/www.24gliwice.pl\/wiadomosci\/wp-content\/uploads\/2026\/04\/20260415-Ogrody-Andersa-KUP-TERAZ-D-410x109.jpg 410w\" sizes=\"(max-width: 750px) 100vw, 750px\" class=\"no-lazyload\" width=\"750\" height=\"200\"  style=\"display: inline-block; max-width: 100%; height: auto;\" \/><\/a><\/div><\/div>\n<h4>Warto by\u0107 punktualnie, bo przedstawienie na Rynku b\u0119dzie spektaklem w\u0119drownym, pokazywanym w r\u00f3\u017cnych miejscach star\u00f3wki.<\/h4>\n<p>Tydzie\u0144 p\u00f3\u017aniej, 23 lipca, sobota z \u201eUlicznikami\u201d rozpocznie si\u0119 o godzinie 16:00 \u201eOpowie\u015bciami z Szafy\u201d. W parku Chopina <strong>Marta Andrzejczyk <\/strong>zaprosi najm\u0142odszych widz\u00f3w w nieznane. W jej przedstawieniu du\u017c\u0105 rol\u0119 odegraj\u0105 nie tylko tytu\u0142owa Szafa, ale te\u017c dzieci uczestnicz\u0105ce w spektaklu. O godzinie 18:00 hiszpa\u0144ska grupa La Tr\u00f3cola Circ rozpocznie widowisko cyrkowe \u201eEmportats\u201d. Arty\u015bci w swojej prezentacji po\u0142\u0105cz\u0105 akrobatyk\u0119, \u017conglerk\u0119 i muzyk\u0119.<\/p>\n<p>Wszystkie spektakle w ramach festiwalu \u201eUlicznicy\u201d s\u0105 bezp\u0142atne. Organizatorami imprezy s\u0105 Centrum Kultury Victoria i Ma\u00f1ana Production House. <\/p>\n<p>Uwaga: przedstawienia teatralne zaplanowano tak\u017ce na ostatni weekend miesi\u0105ca &#8211; 30 lipca (sobota) o 16:00 w parku Chopina rozpocznie si\u0119 przedstawienie dla dzieci &#8220;Ananas&#8221; w wykonaniu Teatru Uszytego, za\u015b o 18:00 w tym samym miejscu odb\u0119dzie si\u0119 widowisko w wykonaniu Teatru KTO &#8220;Arcadia&#8221;. <\/p>\n<p>(\u017cms)\/UM Gliwice(mm)<br \/>\nfot. J. Rafalska\/UM Gliwice<\/p>\n<div class=\"gliwi-a5-na-koncu-artykulow gliwi-entity-placement\" id=\"gliwi-3897493289\"><div class=\"gliwi-adlabel\"><span style=\"font-size: 9px\">REKLAMA<\/span><\/div><div id=\"gliwi-3661319788\" style=\"margin-left: auto;margin-right: auto;text-align: center;\"><a data-no-instant=\"1\" href=\"https:\/\/www.jasek.pl\/\" rel=\"noopener\" class=\"a2t-link\" target=\"_blank\" aria-label=\"20200401-jasek 600\"><img loading=\"lazy\" decoding=\"async\" src=\"https:\/\/www.24gliwice.pl\/wiadomosci\/wp-content\/uploads\/2020\/04\/20200401-jasek-600.jpg\" alt=\"\"  srcset=\"https:\/\/www.24gliwice.pl\/wiadomosci\/wp-content\/uploads\/2020\/04\/20200401-jasek-600.jpg 600w, https:\/\/www.24gliwice.pl\/wiadomosci\/wp-content\/uploads\/2020\/04\/20200401-jasek-600-410x109.jpg 410w\" sizes=\"(max-width: 600px) 100vw, 600px\" class=\"no-lazyload\" width=\"600\" height=\"160\"  style=\"display: inline-block; max-width: 100%; height: auto;\" \/><\/a><\/div><\/div>","protected":false},"excerpt":{"rendered":"<p>Przedstawienia dla dzieci, widowisko cyrkowe, a tak\u017ce&#8230; spektakl funeralny \u2013 podczas XV Mi\u0119dzynarodowego Festiwalu Artyst\u00f3w Ulicy \u201eUlicznicy\u201d w Gliwicach nikt nie b\u0119dzie si\u0119 nudzi\u0142. W lipcowe soboty warto sp\u0119dzi\u0107 czas z kultur\u0105 na \u015bwie\u017cym powietrzu. &nbsp; W sobot\u0119, 16 lipca, o godzinie 16:00 w parku Chopina rozpocznie si\u0119 spektakl dla dzieci \u201eO Piecuchu Najwspanialszym Na [&hellip;]<\/p>\n","protected":false},"author":15,"featured_media":196476,"comment_status":"open","ping_status":"closed","sticky":false,"template":"","format":"standard","meta":{"_monsterinsights_skip_tracking":false,"_monsterinsights_sitenote_active":false,"_monsterinsights_sitenote_note":"","_monsterinsights_sitenote_category":0,"footnotes":"","_links_to":"","_links_to_target":""},"categories":[3,6,1],"tags":[2913],"class_list":["post-196474","post","type-post","status-publish","format-standard","has-post-thumbnail","hentry","category-gliwice","category-kultura","category-wszystko","tag-ulicznicy"],"yoast_head":"<!-- This site is optimized with the Yoast SEO plugin v27.4 - https:\/\/yoast.com\/product\/yoast-seo-wordpress\/ -->\n<title>Spektakl funeralny i przedstawienia dla dzieci. Festiwal &quot;Ulicznicy&quot; w ka\u017cd\u0105 lipcow\u0105 sobot\u0119 - 24GLIWICE - Portal Gliwice | codziennie nowe informacje<\/title>\n<meta name=\"robots\" content=\"index, follow, max-snippet:-1, max-image-preview:large, max-video-preview:-1\" \/>\n<link rel=\"canonical\" href=\"https:\/\/www.24gliwice.pl\/wiadomosci\/spektakl-funeralny-i-przedstawienia-dla-dzieci-festiwal-ulicznicy-w-kazda-lipcowa-sobote\/\" \/>\n<meta property=\"og:locale\" content=\"pl_PL\" \/>\n<meta property=\"og:type\" content=\"article\" \/>\n<meta property=\"og:title\" content=\"Spektakl funeralny i przedstawienia dla dzieci. Festiwal &quot;Ulicznicy&quot; w ka\u017cd\u0105 lipcow\u0105 sobot\u0119 - 24GLIWICE - Portal Gliwice | codziennie nowe informacje\" \/>\n<meta property=\"og:description\" content=\"Przedstawienia dla dzieci, widowisko cyrkowe, a tak\u017ce&#8230; spektakl funeralny \u2013 podczas XV Mi\u0119dzynarodowego Festiwalu Artyst\u00f3w Ulicy \u201eUlicznicy\u201d w Gliwicach nikt nie b\u0119dzie si\u0119 nudzi\u0142. W lipcowe soboty warto sp\u0119dzi\u0107 czas z kultur\u0105 na \u015bwie\u017cym powietrzu. &nbsp; W sobot\u0119, 16 lipca, o godzinie 16:00 w parku Chopina rozpocznie si\u0119 spektakl dla dzieci \u201eO Piecuchu Najwspanialszym Na [&hellip;]\" \/>\n<meta property=\"og:url\" content=\"https:\/\/www.24gliwice.pl\/wiadomosci\/spektakl-funeralny-i-przedstawienia-dla-dzieci-festiwal-ulicznicy-w-kazda-lipcowa-sobote\/\" \/>\n<meta property=\"og:site_name\" content=\"24GLIWICE - Portal Gliwice | codziennie nowe informacje\" \/>\n<meta property=\"article:publisher\" content=\"https:\/\/www.facebook.com\/24gliwice\" \/>\n<meta property=\"article:published_time\" content=\"2022-07-14T17:07:22+00:00\" \/>\n<meta property=\"og:image\" content=\"https:\/\/www.24gliwice.pl\/wiadomosci\/wp-content\/uploads\/2022\/07\/Ulicznicy-marta_andrzejczyk_fot._j._rafalska.jpg\" \/>\n\t<meta property=\"og:image:width\" content=\"810\" \/>\n\t<meta property=\"og:image:height\" content=\"456\" \/>\n\t<meta property=\"og:image:type\" content=\"image\/jpeg\" \/>\n<meta name=\"author\" content=\"\u017baneta Mrozek-Siewierska\" \/>\n<meta name=\"twitter:card\" content=\"summary_large_image\" \/>\n<meta name=\"twitter:creator\" content=\"@24gliwice\" \/>\n<meta name=\"twitter:site\" content=\"@24gliwice\" \/>\n<meta name=\"twitter:label1\" content=\"Napisane przez\" \/>\n\t<meta name=\"twitter:data1\" content=\"\u017baneta Mrozek-Siewierska\" \/>\n\t<meta name=\"twitter:label2\" content=\"Szacowany czas czytania\" \/>\n\t<meta name=\"twitter:data2\" content=\"1 minuta\" \/>\n<script type=\"application\/ld+json\" class=\"yoast-schema-graph\">{\"@context\":\"https:\\\/\\\/schema.org\",\"@graph\":[{\"@type\":\"Article\",\"@id\":\"https:\\\/\\\/www.24gliwice.pl\\\/wiadomosci\\\/spektakl-funeralny-i-przedstawienia-dla-dzieci-festiwal-ulicznicy-w-kazda-lipcowa-sobote\\\/#article\",\"isPartOf\":{\"@id\":\"https:\\\/\\\/www.24gliwice.pl\\\/wiadomosci\\\/spektakl-funeralny-i-przedstawienia-dla-dzieci-festiwal-ulicznicy-w-kazda-lipcowa-sobote\\\/\"},\"author\":{\"name\":\"\u017baneta Mrozek-Siewierska\",\"@id\":\"https:\\\/\\\/www.24gliwice.pl\\\/wiadomosci\\\/#\\\/schema\\\/person\\\/e42c650edd7f2fa332be3811fb166b6e\"},\"headline\":\"Spektakl funeralny i przedstawienia dla dzieci. Festiwal &#8220;Ulicznicy&#8221; w ka\u017cd\u0105 lipcow\u0105 sobot\u0119\",\"datePublished\":\"2022-07-14T17:07:22+00:00\",\"mainEntityOfPage\":{\"@id\":\"https:\\\/\\\/www.24gliwice.pl\\\/wiadomosci\\\/spektakl-funeralny-i-przedstawienia-dla-dzieci-festiwal-ulicznicy-w-kazda-lipcowa-sobote\\\/\"},\"wordCount\":297,\"commentCount\":0,\"publisher\":{\"@id\":\"https:\\\/\\\/www.24gliwice.pl\\\/wiadomosci\\\/#organization\"},\"image\":{\"@id\":\"https:\\\/\\\/www.24gliwice.pl\\\/wiadomosci\\\/spektakl-funeralny-i-przedstawienia-dla-dzieci-festiwal-ulicznicy-w-kazda-lipcowa-sobote\\\/#primaryimage\"},\"thumbnailUrl\":\"https:\\\/\\\/www.24gliwice.pl\\\/wiadomosci\\\/wp-content\\\/uploads\\\/2022\\\/07\\\/Ulicznicy-marta_andrzejczyk_fot._j._rafalska.jpg\",\"keywords\":[\"ULICZNICY\"],\"articleSection\":[\"Gliwice\",\"Kultura, wydarzenia, imprezy\",\"Najnowsze wiadomo\u015bci\"],\"inLanguage\":\"pl-PL\",\"potentialAction\":[{\"@type\":\"CommentAction\",\"name\":\"Comment\",\"target\":[\"https:\\\/\\\/www.24gliwice.pl\\\/wiadomosci\\\/spektakl-funeralny-i-przedstawienia-dla-dzieci-festiwal-ulicznicy-w-kazda-lipcowa-sobote\\\/#respond\"]}]},{\"@type\":\"WebPage\",\"@id\":\"https:\\\/\\\/www.24gliwice.pl\\\/wiadomosci\\\/spektakl-funeralny-i-przedstawienia-dla-dzieci-festiwal-ulicznicy-w-kazda-lipcowa-sobote\\\/\",\"url\":\"https:\\\/\\\/www.24gliwice.pl\\\/wiadomosci\\\/spektakl-funeralny-i-przedstawienia-dla-dzieci-festiwal-ulicznicy-w-kazda-lipcowa-sobote\\\/\",\"name\":\"Spektakl funeralny i przedstawienia dla dzieci. Festiwal \\\"Ulicznicy\\\" w ka\u017cd\u0105 lipcow\u0105 sobot\u0119 - 24GLIWICE - Portal Gliwice | codziennie nowe informacje\",\"isPartOf\":{\"@id\":\"https:\\\/\\\/www.24gliwice.pl\\\/wiadomosci\\\/#website\"},\"primaryImageOfPage\":{\"@id\":\"https:\\\/\\\/www.24gliwice.pl\\\/wiadomosci\\\/spektakl-funeralny-i-przedstawienia-dla-dzieci-festiwal-ulicznicy-w-kazda-lipcowa-sobote\\\/#primaryimage\"},\"image\":{\"@id\":\"https:\\\/\\\/www.24gliwice.pl\\\/wiadomosci\\\/spektakl-funeralny-i-przedstawienia-dla-dzieci-festiwal-ulicznicy-w-kazda-lipcowa-sobote\\\/#primaryimage\"},\"thumbnailUrl\":\"https:\\\/\\\/www.24gliwice.pl\\\/wiadomosci\\\/wp-content\\\/uploads\\\/2022\\\/07\\\/Ulicznicy-marta_andrzejczyk_fot._j._rafalska.jpg\",\"datePublished\":\"2022-07-14T17:07:22+00:00\",\"breadcrumb\":{\"@id\":\"https:\\\/\\\/www.24gliwice.pl\\\/wiadomosci\\\/spektakl-funeralny-i-przedstawienia-dla-dzieci-festiwal-ulicznicy-w-kazda-lipcowa-sobote\\\/#breadcrumb\"},\"inLanguage\":\"pl-PL\",\"potentialAction\":[{\"@type\":\"ReadAction\",\"target\":[\"https:\\\/\\\/www.24gliwice.pl\\\/wiadomosci\\\/spektakl-funeralny-i-przedstawienia-dla-dzieci-festiwal-ulicznicy-w-kazda-lipcowa-sobote\\\/\"]}]},{\"@type\":\"ImageObject\",\"inLanguage\":\"pl-PL\",\"@id\":\"https:\\\/\\\/www.24gliwice.pl\\\/wiadomosci\\\/spektakl-funeralny-i-przedstawienia-dla-dzieci-festiwal-ulicznicy-w-kazda-lipcowa-sobote\\\/#primaryimage\",\"url\":\"https:\\\/\\\/www.24gliwice.pl\\\/wiadomosci\\\/wp-content\\\/uploads\\\/2022\\\/07\\\/Ulicznicy-marta_andrzejczyk_fot._j._rafalska.jpg\",\"contentUrl\":\"https:\\\/\\\/www.24gliwice.pl\\\/wiadomosci\\\/wp-content\\\/uploads\\\/2022\\\/07\\\/Ulicznicy-marta_andrzejczyk_fot._j._rafalska.jpg\",\"width\":810,\"height\":456},{\"@type\":\"BreadcrumbList\",\"@id\":\"https:\\\/\\\/www.24gliwice.pl\\\/wiadomosci\\\/spektakl-funeralny-i-przedstawienia-dla-dzieci-festiwal-ulicznicy-w-kazda-lipcowa-sobote\\\/#breadcrumb\",\"itemListElement\":[{\"@type\":\"ListItem\",\"position\":1,\"name\":\"Strona g\u0142\u00f3wna\",\"item\":\"https:\\\/\\\/www.24gliwice.pl\\\/wiadomosci\\\/\"},{\"@type\":\"ListItem\",\"position\":2,\"name\":\"Spektakl funeralny i przedstawienia dla dzieci. Festiwal &#8222;Ulicznicy&#8221; w ka\u017cd\u0105 lipcow\u0105 sobot\u0119\"}]},{\"@type\":\"WebSite\",\"@id\":\"https:\\\/\\\/www.24gliwice.pl\\\/wiadomosci\\\/#website\",\"url\":\"https:\\\/\\\/www.24gliwice.pl\\\/wiadomosci\\\/\",\"name\":\"24GLIWICE - Portal Gliwice | codziennie nowe wiadomo\u015bci\",\"description\":\"Portal Miejski Gliwice\",\"publisher\":{\"@id\":\"https:\\\/\\\/www.24gliwice.pl\\\/wiadomosci\\\/#organization\"},\"potentialAction\":[{\"@type\":\"SearchAction\",\"target\":{\"@type\":\"EntryPoint\",\"urlTemplate\":\"https:\\\/\\\/www.24gliwice.pl\\\/wiadomosci\\\/?s={search_term_string}\"},\"query-input\":{\"@type\":\"PropertyValueSpecification\",\"valueRequired\":true,\"valueName\":\"search_term_string\"}}],\"inLanguage\":\"pl-PL\"},{\"@type\":\"Organization\",\"@id\":\"https:\\\/\\\/www.24gliwice.pl\\\/wiadomosci\\\/#organization\",\"name\":\"24gliwice\",\"url\":\"https:\\\/\\\/www.24gliwice.pl\\\/wiadomosci\\\/\",\"logo\":{\"@type\":\"ImageObject\",\"inLanguage\":\"pl-PL\",\"@id\":\"https:\\\/\\\/www.24gliwice.pl\\\/wiadomosci\\\/#\\\/schema\\\/logo\\\/image\\\/\",\"url\":\"https:\\\/\\\/www.24gliwice.pl\\\/wiadomosci\\\/wp-content\\\/uploads\\\/2024\\\/10\\\/24gliwice-logo-696.jpg\",\"contentUrl\":\"https:\\\/\\\/www.24gliwice.pl\\\/wiadomosci\\\/wp-content\\\/uploads\\\/2024\\\/10\\\/24gliwice-logo-696.jpg\",\"width\":696,\"height\":696,\"caption\":\"24gliwice\"},\"image\":{\"@id\":\"https:\\\/\\\/www.24gliwice.pl\\\/wiadomosci\\\/#\\\/schema\\\/logo\\\/image\\\/\"},\"sameAs\":[\"https:\\\/\\\/www.facebook.com\\\/24gliwice\",\"https:\\\/\\\/x.com\\\/24gliwice\",\"https:\\\/\\\/www.youtube.com\\\/@24gliwice\"]},{\"@type\":\"Person\",\"@id\":\"https:\\\/\\\/www.24gliwice.pl\\\/wiadomosci\\\/#\\\/schema\\\/person\\\/e42c650edd7f2fa332be3811fb166b6e\",\"name\":\"\u017baneta Mrozek-Siewierska\",\"image\":{\"@type\":\"ImageObject\",\"inLanguage\":\"pl-PL\",\"@id\":\"https:\\\/\\\/www.24gliwice.pl\\\/wiadomosci\\\/wp-content\\\/uploads\\\/2021\\\/11\\\/Zaneta-M_S-zdjecie-czb-96x96.jpg\",\"url\":\"https:\\\/\\\/www.24gliwice.pl\\\/wiadomosci\\\/wp-content\\\/uploads\\\/2021\\\/11\\\/Zaneta-M_S-zdjecie-czb-96x96.jpg\",\"contentUrl\":\"https:\\\/\\\/www.24gliwice.pl\\\/wiadomosci\\\/wp-content\\\/uploads\\\/2021\\\/11\\\/Zaneta-M_S-zdjecie-czb-96x96.jpg\",\"caption\":\"\u017baneta Mrozek-Siewierska\"},\"url\":\"https:\\\/\\\/www.24gliwice.pl\\\/wiadomosci\\\/author\\\/zms\\\/\"}]}<\/script>\n<!-- \/ Yoast SEO plugin. -->","yoast_head_json":{"title":"Spektakl funeralny i przedstawienia dla dzieci. Festiwal \"Ulicznicy\" w ka\u017cd\u0105 lipcow\u0105 sobot\u0119 - 24GLIWICE - Portal Gliwice | codziennie nowe informacje","robots":{"index":"index","follow":"follow","max-snippet":"max-snippet:-1","max-image-preview":"max-image-preview:large","max-video-preview":"max-video-preview:-1"},"canonical":"https:\/\/www.24gliwice.pl\/wiadomosci\/spektakl-funeralny-i-przedstawienia-dla-dzieci-festiwal-ulicznicy-w-kazda-lipcowa-sobote\/","og_locale":"pl_PL","og_type":"article","og_title":"Spektakl funeralny i przedstawienia dla dzieci. Festiwal \"Ulicznicy\" w ka\u017cd\u0105 lipcow\u0105 sobot\u0119 - 24GLIWICE - Portal Gliwice | codziennie nowe informacje","og_description":"Przedstawienia dla dzieci, widowisko cyrkowe, a tak\u017ce&#8230; spektakl funeralny \u2013 podczas XV Mi\u0119dzynarodowego Festiwalu Artyst\u00f3w Ulicy \u201eUlicznicy\u201d w Gliwicach nikt nie b\u0119dzie si\u0119 nudzi\u0142. W lipcowe soboty warto sp\u0119dzi\u0107 czas z kultur\u0105 na \u015bwie\u017cym powietrzu. &nbsp; W sobot\u0119, 16 lipca, o godzinie 16:00 w parku Chopina rozpocznie si\u0119 spektakl dla dzieci \u201eO Piecuchu Najwspanialszym Na [&hellip;]","og_url":"https:\/\/www.24gliwice.pl\/wiadomosci\/spektakl-funeralny-i-przedstawienia-dla-dzieci-festiwal-ulicznicy-w-kazda-lipcowa-sobote\/","og_site_name":"24GLIWICE - Portal Gliwice | codziennie nowe informacje","article_publisher":"https:\/\/www.facebook.com\/24gliwice","article_published_time":"2022-07-14T17:07:22+00:00","og_image":[{"width":810,"height":456,"url":"https:\/\/www.24gliwice.pl\/wiadomosci\/wp-content\/uploads\/2022\/07\/Ulicznicy-marta_andrzejczyk_fot._j._rafalska.jpg","type":"image\/jpeg"}],"author":"\u017baneta Mrozek-Siewierska","twitter_card":"summary_large_image","twitter_creator":"@24gliwice","twitter_site":"@24gliwice","twitter_misc":{"Napisane przez":"\u017baneta Mrozek-Siewierska","Szacowany czas czytania":"1 minuta"},"schema":{"@context":"https:\/\/schema.org","@graph":[{"@type":"Article","@id":"https:\/\/www.24gliwice.pl\/wiadomosci\/spektakl-funeralny-i-przedstawienia-dla-dzieci-festiwal-ulicznicy-w-kazda-lipcowa-sobote\/#article","isPartOf":{"@id":"https:\/\/www.24gliwice.pl\/wiadomosci\/spektakl-funeralny-i-przedstawienia-dla-dzieci-festiwal-ulicznicy-w-kazda-lipcowa-sobote\/"},"author":{"name":"\u017baneta Mrozek-Siewierska","@id":"https:\/\/www.24gliwice.pl\/wiadomosci\/#\/schema\/person\/e42c650edd7f2fa332be3811fb166b6e"},"headline":"Spektakl funeralny i przedstawienia dla dzieci. Festiwal &#8220;Ulicznicy&#8221; w ka\u017cd\u0105 lipcow\u0105 sobot\u0119","datePublished":"2022-07-14T17:07:22+00:00","mainEntityOfPage":{"@id":"https:\/\/www.24gliwice.pl\/wiadomosci\/spektakl-funeralny-i-przedstawienia-dla-dzieci-festiwal-ulicznicy-w-kazda-lipcowa-sobote\/"},"wordCount":297,"commentCount":0,"publisher":{"@id":"https:\/\/www.24gliwice.pl\/wiadomosci\/#organization"},"image":{"@id":"https:\/\/www.24gliwice.pl\/wiadomosci\/spektakl-funeralny-i-przedstawienia-dla-dzieci-festiwal-ulicznicy-w-kazda-lipcowa-sobote\/#primaryimage"},"thumbnailUrl":"https:\/\/www.24gliwice.pl\/wiadomosci\/wp-content\/uploads\/2022\/07\/Ulicznicy-marta_andrzejczyk_fot._j._rafalska.jpg","keywords":["ULICZNICY"],"articleSection":["Gliwice","Kultura, wydarzenia, imprezy","Najnowsze wiadomo\u015bci"],"inLanguage":"pl-PL","potentialAction":[{"@type":"CommentAction","name":"Comment","target":["https:\/\/www.24gliwice.pl\/wiadomosci\/spektakl-funeralny-i-przedstawienia-dla-dzieci-festiwal-ulicznicy-w-kazda-lipcowa-sobote\/#respond"]}]},{"@type":"WebPage","@id":"https:\/\/www.24gliwice.pl\/wiadomosci\/spektakl-funeralny-i-przedstawienia-dla-dzieci-festiwal-ulicznicy-w-kazda-lipcowa-sobote\/","url":"https:\/\/www.24gliwice.pl\/wiadomosci\/spektakl-funeralny-i-przedstawienia-dla-dzieci-festiwal-ulicznicy-w-kazda-lipcowa-sobote\/","name":"Spektakl funeralny i przedstawienia dla dzieci. Festiwal \"Ulicznicy\" w ka\u017cd\u0105 lipcow\u0105 sobot\u0119 - 24GLIWICE - Portal Gliwice | codziennie nowe informacje","isPartOf":{"@id":"https:\/\/www.24gliwice.pl\/wiadomosci\/#website"},"primaryImageOfPage":{"@id":"https:\/\/www.24gliwice.pl\/wiadomosci\/spektakl-funeralny-i-przedstawienia-dla-dzieci-festiwal-ulicznicy-w-kazda-lipcowa-sobote\/#primaryimage"},"image":{"@id":"https:\/\/www.24gliwice.pl\/wiadomosci\/spektakl-funeralny-i-przedstawienia-dla-dzieci-festiwal-ulicznicy-w-kazda-lipcowa-sobote\/#primaryimage"},"thumbnailUrl":"https:\/\/www.24gliwice.pl\/wiadomosci\/wp-content\/uploads\/2022\/07\/Ulicznicy-marta_andrzejczyk_fot._j._rafalska.jpg","datePublished":"2022-07-14T17:07:22+00:00","breadcrumb":{"@id":"https:\/\/www.24gliwice.pl\/wiadomosci\/spektakl-funeralny-i-przedstawienia-dla-dzieci-festiwal-ulicznicy-w-kazda-lipcowa-sobote\/#breadcrumb"},"inLanguage":"pl-PL","potentialAction":[{"@type":"ReadAction","target":["https:\/\/www.24gliwice.pl\/wiadomosci\/spektakl-funeralny-i-przedstawienia-dla-dzieci-festiwal-ulicznicy-w-kazda-lipcowa-sobote\/"]}]},{"@type":"ImageObject","inLanguage":"pl-PL","@id":"https:\/\/www.24gliwice.pl\/wiadomosci\/spektakl-funeralny-i-przedstawienia-dla-dzieci-festiwal-ulicznicy-w-kazda-lipcowa-sobote\/#primaryimage","url":"https:\/\/www.24gliwice.pl\/wiadomosci\/wp-content\/uploads\/2022\/07\/Ulicznicy-marta_andrzejczyk_fot._j._rafalska.jpg","contentUrl":"https:\/\/www.24gliwice.pl\/wiadomosci\/wp-content\/uploads\/2022\/07\/Ulicznicy-marta_andrzejczyk_fot._j._rafalska.jpg","width":810,"height":456},{"@type":"BreadcrumbList","@id":"https:\/\/www.24gliwice.pl\/wiadomosci\/spektakl-funeralny-i-przedstawienia-dla-dzieci-festiwal-ulicznicy-w-kazda-lipcowa-sobote\/#breadcrumb","itemListElement":[{"@type":"ListItem","position":1,"name":"Strona g\u0142\u00f3wna","item":"https:\/\/www.24gliwice.pl\/wiadomosci\/"},{"@type":"ListItem","position":2,"name":"Spektakl funeralny i przedstawienia dla dzieci. Festiwal &#8222;Ulicznicy&#8221; w ka\u017cd\u0105 lipcow\u0105 sobot\u0119"}]},{"@type":"WebSite","@id":"https:\/\/www.24gliwice.pl\/wiadomosci\/#website","url":"https:\/\/www.24gliwice.pl\/wiadomosci\/","name":"24GLIWICE - Portal Gliwice | codziennie nowe wiadomo\u015bci","description":"Portal Miejski Gliwice","publisher":{"@id":"https:\/\/www.24gliwice.pl\/wiadomosci\/#organization"},"potentialAction":[{"@type":"SearchAction","target":{"@type":"EntryPoint","urlTemplate":"https:\/\/www.24gliwice.pl\/wiadomosci\/?s={search_term_string}"},"query-input":{"@type":"PropertyValueSpecification","valueRequired":true,"valueName":"search_term_string"}}],"inLanguage":"pl-PL"},{"@type":"Organization","@id":"https:\/\/www.24gliwice.pl\/wiadomosci\/#organization","name":"24gliwice","url":"https:\/\/www.24gliwice.pl\/wiadomosci\/","logo":{"@type":"ImageObject","inLanguage":"pl-PL","@id":"https:\/\/www.24gliwice.pl\/wiadomosci\/#\/schema\/logo\/image\/","url":"https:\/\/www.24gliwice.pl\/wiadomosci\/wp-content\/uploads\/2024\/10\/24gliwice-logo-696.jpg","contentUrl":"https:\/\/www.24gliwice.pl\/wiadomosci\/wp-content\/uploads\/2024\/10\/24gliwice-logo-696.jpg","width":696,"height":696,"caption":"24gliwice"},"image":{"@id":"https:\/\/www.24gliwice.pl\/wiadomosci\/#\/schema\/logo\/image\/"},"sameAs":["https:\/\/www.facebook.com\/24gliwice","https:\/\/x.com\/24gliwice","https:\/\/www.youtube.com\/@24gliwice"]},{"@type":"Person","@id":"https:\/\/www.24gliwice.pl\/wiadomosci\/#\/schema\/person\/e42c650edd7f2fa332be3811fb166b6e","name":"\u017baneta Mrozek-Siewierska","image":{"@type":"ImageObject","inLanguage":"pl-PL","@id":"https:\/\/www.24gliwice.pl\/wiadomosci\/wp-content\/uploads\/2021\/11\/Zaneta-M_S-zdjecie-czb-96x96.jpg","url":"https:\/\/www.24gliwice.pl\/wiadomosci\/wp-content\/uploads\/2021\/11\/Zaneta-M_S-zdjecie-czb-96x96.jpg","contentUrl":"https:\/\/www.24gliwice.pl\/wiadomosci\/wp-content\/uploads\/2021\/11\/Zaneta-M_S-zdjecie-czb-96x96.jpg","caption":"\u017baneta Mrozek-Siewierska"},"url":"https:\/\/www.24gliwice.pl\/wiadomosci\/author\/zms\/"}]}},"_links":{"self":[{"href":"https:\/\/www.24gliwice.pl\/wiadomosci\/wp-json\/wp\/v2\/posts\/196474","targetHints":{"allow":["GET"]}}],"collection":[{"href":"https:\/\/www.24gliwice.pl\/wiadomosci\/wp-json\/wp\/v2\/posts"}],"about":[{"href":"https:\/\/www.24gliwice.pl\/wiadomosci\/wp-json\/wp\/v2\/types\/post"}],"author":[{"embeddable":true,"href":"https:\/\/www.24gliwice.pl\/wiadomosci\/wp-json\/wp\/v2\/users\/15"}],"replies":[{"embeddable":true,"href":"https:\/\/www.24gliwice.pl\/wiadomosci\/wp-json\/wp\/v2\/comments?post=196474"}],"version-history":[{"count":5,"href":"https:\/\/www.24gliwice.pl\/wiadomosci\/wp-json\/wp\/v2\/posts\/196474\/revisions"}],"predecessor-version":[{"id":196531,"href":"https:\/\/www.24gliwice.pl\/wiadomosci\/wp-json\/wp\/v2\/posts\/196474\/revisions\/196531"}],"wp:featuredmedia":[{"embeddable":true,"href":"https:\/\/www.24gliwice.pl\/wiadomosci\/wp-json\/wp\/v2\/media\/196476"}],"wp:attachment":[{"href":"https:\/\/www.24gliwice.pl\/wiadomosci\/wp-json\/wp\/v2\/media?parent=196474"}],"wp:term":[{"taxonomy":"category","embeddable":true,"href":"https:\/\/www.24gliwice.pl\/wiadomosci\/wp-json\/wp\/v2\/categories?post=196474"},{"taxonomy":"post_tag","embeddable":true,"href":"https:\/\/www.24gliwice.pl\/wiadomosci\/wp-json\/wp\/v2\/tags?post=196474"}],"curies":[{"name":"wp","href":"https:\/\/api.w.org\/{rel}","templated":true}]}}