{"id":196569,"date":"2022-07-19T07:34:16","date_gmt":"2022-07-19T05:34:16","guid":{"rendered":"https:\/\/www.24gliwice.pl\/wiadomosci\/?p=196569"},"modified":"2022-07-18T22:34:50","modified_gmt":"2022-07-18T20:34:50","slug":"ogrod-na-sztuke-na-tylach-mdk-spotkania-z-kultura-odbywaja-sie-tu-co-tydzien-wstep-jest-wolny","status":"publish","type":"post","link":"https:\/\/www.24gliwice.pl\/wiadomosci\/ogrod-na-sztuke-na-tylach-mdk-spotkania-z-kultura-odbywaja-sie-tu-co-tydzien-wstep-jest-wolny\/","title":{"rendered":"&#8220;Ogr\u00f3d na Sztuk\u0119&#8221; na ty\u0142ach MDK. Spotkania z kultur\u0105 odbywaj\u0105 si\u0119 tu co tydzie\u0144, wst\u0119p jest wolny"},"content":{"rendered":"<div class=\"gliwi-a6-nad-leadem-artykulow gliwi-entity-placement\" id=\"gliwi-2328273461\"><div class=\"gliwi-adlabel\"><span style=\"font-size: 9px\">REKLAMA<\/span><\/div><div id=\"gliwi-3078691560\" style=\"margin-bottom: 25px;margin-left: auto;margin-right: auto;text-align: center;\"><a data-no-instant=\"1\" href=\"https:\/\/dom100.eu\/\" rel=\"noopener\" class=\"a2t-link\" target=\"_blank\" aria-label=\"20260415 DOM100 D\"><img loading=\"lazy\" decoding=\"async\" src=\"https:\/\/www.24gliwice.pl\/wiadomosci\/wp-content\/uploads\/2026\/04\/20260415-DOM100-D.jpg\" alt=\"\"  srcset=\"https:\/\/www.24gliwice.pl\/wiadomosci\/wp-content\/uploads\/2026\/04\/20260415-DOM100-D.jpg 750w, https:\/\/www.24gliwice.pl\/wiadomosci\/wp-content\/uploads\/2026\/04\/20260415-DOM100-D-410x109.jpg 410w\" sizes=\"(max-width: 750px) 100vw, 750px\" class=\"no-lazyload\" width=\"750\" height=\"200\"  style=\"display: inline-block; max-width: 100%; height: auto;\" \/><\/a><\/div><\/div><h2>Spotkania, seanse filmowe, koncerty i wystawy \u2013 a to wszystko w atmosferze wakacyjnego pikniku i odpoczynku na le\u017cakach. Przed nami kolejny koncert w ramach cyklu \u201eOgr\u00f3d na Sztuk\u0119\u201d. W sobot\u0119 na ty\u0142ach budynku M\u0142odzie\u017cowego Domu Kultury przy ul. Barlickiego 3 zago\u015bci prawdziwe \u201eBabie Lato\u201d.<\/h2>\n<p>&nbsp;<br \/>\n<a href=\"https:\/\/www.24gliwice.pl\/wiadomosci\/wp-content\/uploads\/2022\/07\/ogrod-na-sztuke-cis-gliwice-glowne.jpg\"><img loading=\"lazy\" decoding=\"async\" src=\"https:\/\/www.24gliwice.pl\/wiadomosci\/wp-content\/uploads\/2022\/07\/ogrod-na-sztuke-cis-gliwice-glowne.jpg\" alt=\"\" width=\"2048\" height=\"1073\" class=\"alignnone size-full wp-image-196578\" srcset=\"https:\/\/www.24gliwice.pl\/wiadomosci\/wp-content\/uploads\/2022\/07\/ogrod-na-sztuke-cis-gliwice-glowne.jpg 2048w, https:\/\/www.24gliwice.pl\/wiadomosci\/wp-content\/uploads\/2022\/07\/ogrod-na-sztuke-cis-gliwice-glowne-410x215.jpg 410w, https:\/\/www.24gliwice.pl\/wiadomosci\/wp-content\/uploads\/2022\/07\/ogrod-na-sztuke-cis-gliwice-glowne-810x424.jpg 810w, https:\/\/www.24gliwice.pl\/wiadomosci\/wp-content\/uploads\/2022\/07\/ogrod-na-sztuke-cis-gliwice-glowne-768x402.jpg 768w, https:\/\/www.24gliwice.pl\/wiadomosci\/wp-content\/uploads\/2022\/07\/ogrod-na-sztuke-cis-gliwice-glowne-1536x805.jpg 1536w, https:\/\/www.24gliwice.pl\/wiadomosci\/wp-content\/uploads\/2022\/07\/ogrod-na-sztuke-cis-gliwice-glowne-1140x597.jpg 1140w, https:\/\/www.24gliwice.pl\/wiadomosci\/wp-content\/uploads\/2022\/07\/ogrod-na-sztuke-cis-gliwice-glowne-375x195.jpg 375w\" sizes=\"auto, (max-width: 2048px) 100vw, 2048px\" \/><\/a><\/p>\n<p>W muzyczn\u0105 podr\u00f3\u017c zaprosz\u0105 nas <strong>Weronika Psiuk-Czerepak, Milena Wyrwa <\/strong>oraz <strong>Aleksandra Rojek-Wieczorek<\/strong> z Teatru AnoGramy, kt\u00f3re \u2013 przy akompaniamencie <strong>Micha\u0142a Wosia <\/strong>graj\u0105cego na gitarze \u2013 wykonaj\u0105 znane i lubiane hity w wersji akustycznej. Koncert rozpocznie si\u0119 w sobot\u0119, 16 lipca, o godzinie 18:00. <\/p>\n<p><a href=\"https:\/\/www.24gliwice.pl\/wiadomosci\/wp-content\/uploads\/2022\/07\/ogrod-na-sztuke-mdk.jpg\"><img loading=\"lazy\" decoding=\"async\" src=\"https:\/\/www.24gliwice.pl\/wiadomosci\/wp-content\/uploads\/2022\/07\/ogrod-na-sztuke-mdk.jpg\" alt=\"\" width=\"1454\" height=\"2048\" class=\"alignnone size-full wp-image-196580\" srcset=\"https:\/\/www.24gliwice.pl\/wiadomosci\/wp-content\/uploads\/2022\/07\/ogrod-na-sztuke-mdk.jpg 1454w, https:\/\/www.24gliwice.pl\/wiadomosci\/wp-content\/uploads\/2022\/07\/ogrod-na-sztuke-mdk-165x232.jpg 165w, https:\/\/www.24gliwice.pl\/wiadomosci\/wp-content\/uploads\/2022\/07\/ogrod-na-sztuke-mdk-323x455.jpg 323w, https:\/\/www.24gliwice.pl\/wiadomosci\/wp-content\/uploads\/2022\/07\/ogrod-na-sztuke-mdk-768x1082.jpg 768w, https:\/\/www.24gliwice.pl\/wiadomosci\/wp-content\/uploads\/2022\/07\/ogrod-na-sztuke-mdk-1091x1536.jpg 1091w, https:\/\/www.24gliwice.pl\/wiadomosci\/wp-content\/uploads\/2022\/07\/ogrod-na-sztuke-mdk-810x1141.jpg 810w, https:\/\/www.24gliwice.pl\/wiadomosci\/wp-content\/uploads\/2022\/07\/ogrod-na-sztuke-mdk-1140x1606.jpg 1140w\" sizes=\"auto, (max-width: 1454px) 100vw, 1454px\" \/><\/a><\/p>\n<p>\u201eOgr\u00f3d na Sztuk\u0119\u201d, na ty\u0142ach budynku MDK, to kolejne miejsce w tej cz\u0119\u015bci miasta, kt\u00f3re latem otwiera si\u0119 dla mieszka\u0144c\u00f3w i zaprasza ich do aktywnego uczestniczenia w \u017cyciu kulturalnym Gliwic.<\/p><div class=\"gliwi-a3-w-tresci-artykulow gliwi-entity-placement\" id=\"gliwi-2762407402\"><div class=\"gliwi-adlabel\"><span style=\"font-size: 9px\">REKLAMA<\/span><\/div><div id=\"gliwi-2305659287\" style=\"margin-bottom: 30px;margin-left: auto;margin-right: auto;text-align: center;\"><a data-no-instant=\"1\" href=\"https:\/\/ogrodyandersa.pl\/\" rel=\"noopener\" class=\"a2t-link\" target=\"_blank\" aria-label=\"20260415 Ogrody Andersa KUP TERAZ D\"><img loading=\"lazy\" decoding=\"async\" src=\"https:\/\/www.24gliwice.pl\/wiadomosci\/wp-content\/uploads\/2026\/04\/20260415-Ogrody-Andersa-KUP-TERAZ-D.jpg\" alt=\"\"  srcset=\"https:\/\/www.24gliwice.pl\/wiadomosci\/wp-content\/uploads\/2026\/04\/20260415-Ogrody-Andersa-KUP-TERAZ-D.jpg 750w, https:\/\/www.24gliwice.pl\/wiadomosci\/wp-content\/uploads\/2026\/04\/20260415-Ogrody-Andersa-KUP-TERAZ-D-410x109.jpg 410w\" sizes=\"(max-width: 750px) 100vw, 750px\" class=\"no-lazyload\" width=\"750\" height=\"200\"  style=\"display: inline-block; max-width: 100%; height: auto;\" \/><\/a><\/div><\/div>\n<h4>Kolejne wydarzenia b\u0119d\u0105 odbywa\u0107 si\u0119 cyklicznie, w ka\u017cd\u0105 sobot\u0119 wakacji, w godzinach od 18:00 do 21:00, w tej samej lokalizacji:<\/h4>\n<ul>\n<li><strong>23 lipca<\/strong>: spektakl \u201eBo tylko my na wszystkim si\u0119 znamy\u201d \u2013 Teatr edukacyjny AnoGramy;<\/li>\n<li><strong>30 lipca<\/strong>: warsztaty\/ piknik \u201eInterAkcja\u201d;<\/li>\n<li><strong>6 sierpnia<\/strong>: seans \u201eSuper kino\u201d \u2013 Fundacja Pracownie;<\/li>\n<li><strong>13 sierpnia<\/strong>: koncert \u201eKierunek Po\u0142udnie\u201d \u2013 Esme Redrose;<\/li>\n<li><strong>20 sierpnia<\/strong>: seans \u201ePodr\u00f3\u017ce Guliwera\u201d \u2013 Fleischer Studios \/ Centrum Inicjatyw Spo\u0142ecznych;<\/li>\n<li><strong>27 sierpnia<\/strong>: piknik \u201eRadio My\u201d \u2013 redakcje Radio Aktywni i My z Ukrainy.<\/li>\n<\/ul>\n<p>Celem projektu \u201eOgr\u00f3d na Sztuk\u0119\u201d, organizowanego przez Centrum Kultury Victoria, Centrum Inicjatyw Spo\u0142ecznych, Fundacj\u0119 Pracownie oraz \u015al\u0105ski Klaster Us\u0142ug Spo\u0142ecznych i Kulturalnych, jest przybli\u017cenie mieszka\u0144com Gliwic tw\u00f3rczo\u015bci lokalnych artyst\u00f3w, a tak\u017ce zaproszenie ich do wsp\u00f3\u0142tworzenia gliwickiej oferty kulturalnej.<\/p>\n<p><iframe loading=\"lazy\" src=\"https:\/\/www.facebook.com\/plugins\/post.php?href=https%3A%2F%2Fwww.facebook.com%2FCIS.Gliwice%2Fposts%2Fpfbid02xMeWGb1FDHPzZsqo6g9Cty5UPMCmoK5aDMdYWoaasDGUWzsnNKrpVSFbZqe7ZPnMl&#038;show_text=true&#038;width=500\" width=\"500\" height=\"723\" style=\"border:none;overflow:hidden\" scrolling=\"no\" frameborder=\"0\" allowfullscreen=\"true\" allow=\"autoplay; clipboard-write; encrypted-media; picture-in-picture; web-share\"><\/iframe><\/p>\n<p>Wi\u0119cej informacji o \u201eOgrodzie na Sztuk\u0119\u201d znajduje si\u0119 na stronie <a href=\"https:\/\/ckvictoria.pl\/wydarzenie\/ogrod-na-sztuke\/\" rel=\"noopener\" target=\"_blank\">https:\/\/ckvictoria.pl\/wydarzenie\/ogrod-na-sztuke\/<\/a>. Wst\u0119p na wydarzenia jest bezp\u0142atny. <\/p>\n<p>(\u017cms)\/UM Gliwice(ml)<br \/>\nfot. Centrum Inicjatyw Spo\u0142ecznych Gliwice (FB)<\/p>\n<p><a href=\"https:\/\/www.24gliwice.pl\/wiadomosci\/wp-content\/uploads\/2022\/07\/ogrod-na-sztuke-CIS-Gliwice.jpg\"><img loading=\"lazy\" decoding=\"async\" src=\"https:\/\/www.24gliwice.pl\/wiadomosci\/wp-content\/uploads\/2022\/07\/ogrod-na-sztuke-CIS-Gliwice.jpg\" alt=\"\" width=\"1530\" height=\"862\" class=\"alignnone size-full wp-image-196579\" srcset=\"https:\/\/www.24gliwice.pl\/wiadomosci\/wp-content\/uploads\/2022\/07\/ogrod-na-sztuke-CIS-Gliwice.jpg 1530w, https:\/\/www.24gliwice.pl\/wiadomosci\/wp-content\/uploads\/2022\/07\/ogrod-na-sztuke-CIS-Gliwice-410x232.jpg 410w, https:\/\/www.24gliwice.pl\/wiadomosci\/wp-content\/uploads\/2022\/07\/ogrod-na-sztuke-CIS-Gliwice-808x455.jpg 808w, https:\/\/www.24gliwice.pl\/wiadomosci\/wp-content\/uploads\/2022\/07\/ogrod-na-sztuke-CIS-Gliwice-768x433.jpg 768w, https:\/\/www.24gliwice.pl\/wiadomosci\/wp-content\/uploads\/2022\/07\/ogrod-na-sztuke-CIS-Gliwice-810x456.jpg 810w, https:\/\/www.24gliwice.pl\/wiadomosci\/wp-content\/uploads\/2022\/07\/ogrod-na-sztuke-CIS-Gliwice-1140x642.jpg 1140w\" sizes=\"auto, (max-width: 1530px) 100vw, 1530px\" \/><\/a><\/p>\n<div class=\"gliwi-a5-na-koncu-artykulow gliwi-entity-placement\" id=\"gliwi-3866397447\"><div class=\"gliwi-adlabel\"><span style=\"font-size: 9px\">REKLAMA<\/span><\/div><div id=\"gliwi-3156942520\" style=\"margin-left: auto;margin-right: auto;text-align: center;\"><a data-no-instant=\"1\" href=\"https:\/\/prezeroarenagliwice.pl\/\" rel=\"noopener\" class=\"a2t-link\" target=\"_blank\" aria-label=\"20260309-PREZERO-WIOSNA-D\"><img loading=\"lazy\" decoding=\"async\" src=\"https:\/\/www.24gliwice.pl\/wiadomosci\/wp-content\/uploads\/2026\/03\/20260309-PREZERO-WIOSNA-D.webp\" alt=\"\"  srcset=\"https:\/\/www.24gliwice.pl\/wiadomosci\/wp-content\/uploads\/2026\/03\/20260309-PREZERO-WIOSNA-D.webp 750w, https:\/\/www.24gliwice.pl\/wiadomosci\/wp-content\/uploads\/2026\/03\/20260309-PREZERO-WIOSNA-D-410x109.webp 410w\" sizes=\"(max-width: 750px) 100vw, 750px\" class=\"no-lazyload\" width=\"750\" height=\"200\"  style=\"display: inline-block; max-width: 100%; height: auto;\" \/><\/a><\/div><\/div>","protected":false},"excerpt":{"rendered":"<p>Spotkania, seanse filmowe, koncerty i wystawy \u2013 a to wszystko w atmosferze wakacyjnego pikniku i odpoczynku na le\u017cakach. Przed nami kolejny koncert w ramach cyklu \u201eOgr\u00f3d na Sztuk\u0119\u201d. W sobot\u0119 na ty\u0142ach budynku M\u0142odzie\u017cowego Domu Kultury przy ul. Barlickiego 3 zago\u015bci prawdziwe \u201eBabie Lato\u201d. &nbsp; W muzyczn\u0105 podr\u00f3\u017c zaprosz\u0105 nas Weronika Psiuk-Czerepak, Milena Wyrwa oraz [&hellip;]<\/p>\n","protected":false},"author":15,"featured_media":196577,"comment_status":"open","ping_status":"closed","sticky":false,"template":"","format":"standard","meta":{"_monsterinsights_skip_tracking":false,"_monsterinsights_sitenote_active":false,"_monsterinsights_sitenote_note":"","_monsterinsights_sitenote_category":0,"footnotes":"","_links_to":"","_links_to_target":""},"categories":[3,6,1],"tags":[],"class_list":["post-196569","post","type-post","status-publish","format-standard","has-post-thumbnail","hentry","category-gliwice","category-kultura","category-wszystko"],"yoast_head":"<!-- This site is optimized with the Yoast SEO plugin v27.4 - https:\/\/yoast.com\/product\/yoast-seo-wordpress\/ -->\n<title>&quot;Ogr\u00f3d na Sztuk\u0119&quot; na ty\u0142ach MDK. Spotkania z kultur\u0105 odbywaj\u0105 si\u0119 tu co tydzie\u0144, wst\u0119p jest wolny - 24GLIWICE - Portal Gliwice | codziennie nowe informacje<\/title>\n<meta name=\"description\" content=\"Na ty\u0142ach MDK co tydzie\u0144 w sobot\u0119 organizowane s\u0105 wydarzenia, kt\u00f3re warto wzi\u0105\u0107 pod uwag\u0119 planuj\u0105c kulturalny weekend - cykl Ogr\u00f3d na Sztuk\u0119\" \/>\n<meta name=\"robots\" content=\"index, follow, max-snippet:-1, max-image-preview:large, max-video-preview:-1\" \/>\n<link rel=\"canonical\" href=\"https:\/\/www.24gliwice.pl\/wiadomosci\/ogrod-na-sztuke-na-tylach-mdk-spotkania-z-kultura-odbywaja-sie-tu-co-tydzien-wstep-jest-wolny\/\" \/>\n<meta property=\"og:locale\" content=\"pl_PL\" \/>\n<meta property=\"og:type\" content=\"article\" \/>\n<meta property=\"og:title\" content=\"&quot;Ogr\u00f3d na Sztuk\u0119&quot; na ty\u0142ach MDK. Spotkania z kultur\u0105 odbywaj\u0105 si\u0119 tu co tydzie\u0144, wst\u0119p jest wolny - 24GLIWICE - Portal Gliwice | codziennie nowe informacje\" \/>\n<meta property=\"og:description\" content=\"Na ty\u0142ach MDK co tydzie\u0144 w sobot\u0119 organizowane s\u0105 wydarzenia, kt\u00f3re warto wzi\u0105\u0107 pod uwag\u0119 planuj\u0105c kulturalny weekend - cykl Ogr\u00f3d na Sztuk\u0119\" \/>\n<meta property=\"og:url\" content=\"https:\/\/www.24gliwice.pl\/wiadomosci\/ogrod-na-sztuke-na-tylach-mdk-spotkania-z-kultura-odbywaja-sie-tu-co-tydzien-wstep-jest-wolny\/\" \/>\n<meta property=\"og:site_name\" content=\"24GLIWICE - Portal Gliwice | codziennie nowe informacje\" \/>\n<meta property=\"article:publisher\" content=\"https:\/\/www.facebook.com\/24gliwice\" \/>\n<meta property=\"article:published_time\" content=\"2022-07-19T05:34:16+00:00\" \/>\n<meta property=\"og:image\" content=\"https:\/\/www.24gliwice.pl\/wiadomosci\/wp-content\/uploads\/2022\/07\/ogrod-na-sztuke-CIS-gliwice-2.jpg\" \/>\n\t<meta property=\"og:image:width\" content=\"2048\" \/>\n\t<meta property=\"og:image:height\" content=\"1156\" \/>\n\t<meta property=\"og:image:type\" content=\"image\/jpeg\" \/>\n<meta name=\"author\" content=\"\u017baneta Mrozek-Siewierska\" \/>\n<meta name=\"twitter:card\" content=\"summary_large_image\" \/>\n<meta name=\"twitter:creator\" content=\"@24gliwice\" \/>\n<meta name=\"twitter:site\" content=\"@24gliwice\" \/>\n<meta name=\"twitter:label1\" content=\"Napisane przez\" \/>\n\t<meta name=\"twitter:data1\" content=\"\u017baneta Mrozek-Siewierska\" \/>\n\t<meta name=\"twitter:label2\" content=\"Szacowany czas czytania\" \/>\n\t<meta name=\"twitter:data2\" content=\"1 minuta\" \/>\n<script type=\"application\/ld+json\" class=\"yoast-schema-graph\">{\"@context\":\"https:\\\/\\\/schema.org\",\"@graph\":[{\"@type\":\"Article\",\"@id\":\"https:\\\/\\\/www.24gliwice.pl\\\/wiadomosci\\\/ogrod-na-sztuke-na-tylach-mdk-spotkania-z-kultura-odbywaja-sie-tu-co-tydzien-wstep-jest-wolny\\\/#article\",\"isPartOf\":{\"@id\":\"https:\\\/\\\/www.24gliwice.pl\\\/wiadomosci\\\/ogrod-na-sztuke-na-tylach-mdk-spotkania-z-kultura-odbywaja-sie-tu-co-tydzien-wstep-jest-wolny\\\/\"},\"author\":{\"name\":\"\u017baneta Mrozek-Siewierska\",\"@id\":\"https:\\\/\\\/www.24gliwice.pl\\\/wiadomosci\\\/#\\\/schema\\\/person\\\/e42c650edd7f2fa332be3811fb166b6e\"},\"headline\":\"&#8220;Ogr\u00f3d na Sztuk\u0119&#8221; na ty\u0142ach MDK. Spotkania z kultur\u0105 odbywaj\u0105 si\u0119 tu co tydzie\u0144, wst\u0119p jest wolny\",\"datePublished\":\"2022-07-19T05:34:16+00:00\",\"mainEntityOfPage\":{\"@id\":\"https:\\\/\\\/www.24gliwice.pl\\\/wiadomosci\\\/ogrod-na-sztuke-na-tylach-mdk-spotkania-z-kultura-odbywaja-sie-tu-co-tydzien-wstep-jest-wolny\\\/\"},\"wordCount\":302,\"commentCount\":0,\"publisher\":{\"@id\":\"https:\\\/\\\/www.24gliwice.pl\\\/wiadomosci\\\/#organization\"},\"image\":{\"@id\":\"https:\\\/\\\/www.24gliwice.pl\\\/wiadomosci\\\/ogrod-na-sztuke-na-tylach-mdk-spotkania-z-kultura-odbywaja-sie-tu-co-tydzien-wstep-jest-wolny\\\/#primaryimage\"},\"thumbnailUrl\":\"https:\\\/\\\/www.24gliwice.pl\\\/wiadomosci\\\/wp-content\\\/uploads\\\/2022\\\/07\\\/ogrod-na-sztuke-CIS-gliwice-2.jpg\",\"articleSection\":[\"Gliwice\",\"Kultura, wydarzenia, imprezy\",\"Najnowsze wiadomo\u015bci\"],\"inLanguage\":\"pl-PL\",\"potentialAction\":[{\"@type\":\"CommentAction\",\"name\":\"Comment\",\"target\":[\"https:\\\/\\\/www.24gliwice.pl\\\/wiadomosci\\\/ogrod-na-sztuke-na-tylach-mdk-spotkania-z-kultura-odbywaja-sie-tu-co-tydzien-wstep-jest-wolny\\\/#respond\"]}]},{\"@type\":\"WebPage\",\"@id\":\"https:\\\/\\\/www.24gliwice.pl\\\/wiadomosci\\\/ogrod-na-sztuke-na-tylach-mdk-spotkania-z-kultura-odbywaja-sie-tu-co-tydzien-wstep-jest-wolny\\\/\",\"url\":\"https:\\\/\\\/www.24gliwice.pl\\\/wiadomosci\\\/ogrod-na-sztuke-na-tylach-mdk-spotkania-z-kultura-odbywaja-sie-tu-co-tydzien-wstep-jest-wolny\\\/\",\"name\":\"\\\"Ogr\u00f3d na Sztuk\u0119\\\" na ty\u0142ach MDK. Spotkania z kultur\u0105 odbywaj\u0105 si\u0119 tu co tydzie\u0144, wst\u0119p jest wolny - 24GLIWICE - Portal Gliwice | codziennie nowe informacje\",\"isPartOf\":{\"@id\":\"https:\\\/\\\/www.24gliwice.pl\\\/wiadomosci\\\/#website\"},\"primaryImageOfPage\":{\"@id\":\"https:\\\/\\\/www.24gliwice.pl\\\/wiadomosci\\\/ogrod-na-sztuke-na-tylach-mdk-spotkania-z-kultura-odbywaja-sie-tu-co-tydzien-wstep-jest-wolny\\\/#primaryimage\"},\"image\":{\"@id\":\"https:\\\/\\\/www.24gliwice.pl\\\/wiadomosci\\\/ogrod-na-sztuke-na-tylach-mdk-spotkania-z-kultura-odbywaja-sie-tu-co-tydzien-wstep-jest-wolny\\\/#primaryimage\"},\"thumbnailUrl\":\"https:\\\/\\\/www.24gliwice.pl\\\/wiadomosci\\\/wp-content\\\/uploads\\\/2022\\\/07\\\/ogrod-na-sztuke-CIS-gliwice-2.jpg\",\"datePublished\":\"2022-07-19T05:34:16+00:00\",\"description\":\"Na ty\u0142ach MDK co tydzie\u0144 w sobot\u0119 organizowane s\u0105 wydarzenia, kt\u00f3re warto wzi\u0105\u0107 pod uwag\u0119 planuj\u0105c kulturalny weekend - cykl Ogr\u00f3d na Sztuk\u0119\",\"breadcrumb\":{\"@id\":\"https:\\\/\\\/www.24gliwice.pl\\\/wiadomosci\\\/ogrod-na-sztuke-na-tylach-mdk-spotkania-z-kultura-odbywaja-sie-tu-co-tydzien-wstep-jest-wolny\\\/#breadcrumb\"},\"inLanguage\":\"pl-PL\",\"potentialAction\":[{\"@type\":\"ReadAction\",\"target\":[\"https:\\\/\\\/www.24gliwice.pl\\\/wiadomosci\\\/ogrod-na-sztuke-na-tylach-mdk-spotkania-z-kultura-odbywaja-sie-tu-co-tydzien-wstep-jest-wolny\\\/\"]}]},{\"@type\":\"ImageObject\",\"inLanguage\":\"pl-PL\",\"@id\":\"https:\\\/\\\/www.24gliwice.pl\\\/wiadomosci\\\/ogrod-na-sztuke-na-tylach-mdk-spotkania-z-kultura-odbywaja-sie-tu-co-tydzien-wstep-jest-wolny\\\/#primaryimage\",\"url\":\"https:\\\/\\\/www.24gliwice.pl\\\/wiadomosci\\\/wp-content\\\/uploads\\\/2022\\\/07\\\/ogrod-na-sztuke-CIS-gliwice-2.jpg\",\"contentUrl\":\"https:\\\/\\\/www.24gliwice.pl\\\/wiadomosci\\\/wp-content\\\/uploads\\\/2022\\\/07\\\/ogrod-na-sztuke-CIS-gliwice-2.jpg\",\"width\":2048,\"height\":1156},{\"@type\":\"BreadcrumbList\",\"@id\":\"https:\\\/\\\/www.24gliwice.pl\\\/wiadomosci\\\/ogrod-na-sztuke-na-tylach-mdk-spotkania-z-kultura-odbywaja-sie-tu-co-tydzien-wstep-jest-wolny\\\/#breadcrumb\",\"itemListElement\":[{\"@type\":\"ListItem\",\"position\":1,\"name\":\"Strona g\u0142\u00f3wna\",\"item\":\"https:\\\/\\\/www.24gliwice.pl\\\/wiadomosci\\\/\"},{\"@type\":\"ListItem\",\"position\":2,\"name\":\"&#8222;Ogr\u00f3d na Sztuk\u0119&#8221; na ty\u0142ach MDK. Spotkania z kultur\u0105 odbywaj\u0105 si\u0119 tu co tydzie\u0144, wst\u0119p jest wolny\"}]},{\"@type\":\"WebSite\",\"@id\":\"https:\\\/\\\/www.24gliwice.pl\\\/wiadomosci\\\/#website\",\"url\":\"https:\\\/\\\/www.24gliwice.pl\\\/wiadomosci\\\/\",\"name\":\"24GLIWICE - Portal Gliwice | codziennie nowe wiadomo\u015bci\",\"description\":\"Portal Miejski Gliwice\",\"publisher\":{\"@id\":\"https:\\\/\\\/www.24gliwice.pl\\\/wiadomosci\\\/#organization\"},\"potentialAction\":[{\"@type\":\"SearchAction\",\"target\":{\"@type\":\"EntryPoint\",\"urlTemplate\":\"https:\\\/\\\/www.24gliwice.pl\\\/wiadomosci\\\/?s={search_term_string}\"},\"query-input\":{\"@type\":\"PropertyValueSpecification\",\"valueRequired\":true,\"valueName\":\"search_term_string\"}}],\"inLanguage\":\"pl-PL\"},{\"@type\":\"Organization\",\"@id\":\"https:\\\/\\\/www.24gliwice.pl\\\/wiadomosci\\\/#organization\",\"name\":\"24gliwice\",\"url\":\"https:\\\/\\\/www.24gliwice.pl\\\/wiadomosci\\\/\",\"logo\":{\"@type\":\"ImageObject\",\"inLanguage\":\"pl-PL\",\"@id\":\"https:\\\/\\\/www.24gliwice.pl\\\/wiadomosci\\\/#\\\/schema\\\/logo\\\/image\\\/\",\"url\":\"https:\\\/\\\/www.24gliwice.pl\\\/wiadomosci\\\/wp-content\\\/uploads\\\/2024\\\/10\\\/24gliwice-logo-696.jpg\",\"contentUrl\":\"https:\\\/\\\/www.24gliwice.pl\\\/wiadomosci\\\/wp-content\\\/uploads\\\/2024\\\/10\\\/24gliwice-logo-696.jpg\",\"width\":696,\"height\":696,\"caption\":\"24gliwice\"},\"image\":{\"@id\":\"https:\\\/\\\/www.24gliwice.pl\\\/wiadomosci\\\/#\\\/schema\\\/logo\\\/image\\\/\"},\"sameAs\":[\"https:\\\/\\\/www.facebook.com\\\/24gliwice\",\"https:\\\/\\\/x.com\\\/24gliwice\",\"https:\\\/\\\/www.youtube.com\\\/@24gliwice\"]},{\"@type\":\"Person\",\"@id\":\"https:\\\/\\\/www.24gliwice.pl\\\/wiadomosci\\\/#\\\/schema\\\/person\\\/e42c650edd7f2fa332be3811fb166b6e\",\"name\":\"\u017baneta Mrozek-Siewierska\",\"image\":{\"@type\":\"ImageObject\",\"inLanguage\":\"pl-PL\",\"@id\":\"https:\\\/\\\/www.24gliwice.pl\\\/wiadomosci\\\/wp-content\\\/uploads\\\/2021\\\/11\\\/Zaneta-M_S-zdjecie-czb-96x96.jpg\",\"url\":\"https:\\\/\\\/www.24gliwice.pl\\\/wiadomosci\\\/wp-content\\\/uploads\\\/2021\\\/11\\\/Zaneta-M_S-zdjecie-czb-96x96.jpg\",\"contentUrl\":\"https:\\\/\\\/www.24gliwice.pl\\\/wiadomosci\\\/wp-content\\\/uploads\\\/2021\\\/11\\\/Zaneta-M_S-zdjecie-czb-96x96.jpg\",\"caption\":\"\u017baneta Mrozek-Siewierska\"},\"url\":\"https:\\\/\\\/www.24gliwice.pl\\\/wiadomosci\\\/author\\\/zms\\\/\"}]}<\/script>\n<!-- \/ Yoast SEO plugin. -->","yoast_head_json":{"title":"\"Ogr\u00f3d na Sztuk\u0119\" na ty\u0142ach MDK. Spotkania z kultur\u0105 odbywaj\u0105 si\u0119 tu co tydzie\u0144, wst\u0119p jest wolny - 24GLIWICE - Portal Gliwice | codziennie nowe informacje","description":"Na ty\u0142ach MDK co tydzie\u0144 w sobot\u0119 organizowane s\u0105 wydarzenia, kt\u00f3re warto wzi\u0105\u0107 pod uwag\u0119 planuj\u0105c kulturalny weekend - cykl Ogr\u00f3d na Sztuk\u0119","robots":{"index":"index","follow":"follow","max-snippet":"max-snippet:-1","max-image-preview":"max-image-preview:large","max-video-preview":"max-video-preview:-1"},"canonical":"https:\/\/www.24gliwice.pl\/wiadomosci\/ogrod-na-sztuke-na-tylach-mdk-spotkania-z-kultura-odbywaja-sie-tu-co-tydzien-wstep-jest-wolny\/","og_locale":"pl_PL","og_type":"article","og_title":"\"Ogr\u00f3d na Sztuk\u0119\" na ty\u0142ach MDK. Spotkania z kultur\u0105 odbywaj\u0105 si\u0119 tu co tydzie\u0144, wst\u0119p jest wolny - 24GLIWICE - Portal Gliwice | codziennie nowe informacje","og_description":"Na ty\u0142ach MDK co tydzie\u0144 w sobot\u0119 organizowane s\u0105 wydarzenia, kt\u00f3re warto wzi\u0105\u0107 pod uwag\u0119 planuj\u0105c kulturalny weekend - cykl Ogr\u00f3d na Sztuk\u0119","og_url":"https:\/\/www.24gliwice.pl\/wiadomosci\/ogrod-na-sztuke-na-tylach-mdk-spotkania-z-kultura-odbywaja-sie-tu-co-tydzien-wstep-jest-wolny\/","og_site_name":"24GLIWICE - Portal Gliwice | codziennie nowe informacje","article_publisher":"https:\/\/www.facebook.com\/24gliwice","article_published_time":"2022-07-19T05:34:16+00:00","og_image":[{"width":2048,"height":1156,"url":"https:\/\/www.24gliwice.pl\/wiadomosci\/wp-content\/uploads\/2022\/07\/ogrod-na-sztuke-CIS-gliwice-2.jpg","type":"image\/jpeg"}],"author":"\u017baneta Mrozek-Siewierska","twitter_card":"summary_large_image","twitter_creator":"@24gliwice","twitter_site":"@24gliwice","twitter_misc":{"Napisane przez":"\u017baneta Mrozek-Siewierska","Szacowany czas czytania":"1 minuta"},"schema":{"@context":"https:\/\/schema.org","@graph":[{"@type":"Article","@id":"https:\/\/www.24gliwice.pl\/wiadomosci\/ogrod-na-sztuke-na-tylach-mdk-spotkania-z-kultura-odbywaja-sie-tu-co-tydzien-wstep-jest-wolny\/#article","isPartOf":{"@id":"https:\/\/www.24gliwice.pl\/wiadomosci\/ogrod-na-sztuke-na-tylach-mdk-spotkania-z-kultura-odbywaja-sie-tu-co-tydzien-wstep-jest-wolny\/"},"author":{"name":"\u017baneta Mrozek-Siewierska","@id":"https:\/\/www.24gliwice.pl\/wiadomosci\/#\/schema\/person\/e42c650edd7f2fa332be3811fb166b6e"},"headline":"&#8220;Ogr\u00f3d na Sztuk\u0119&#8221; na ty\u0142ach MDK. Spotkania z kultur\u0105 odbywaj\u0105 si\u0119 tu co tydzie\u0144, wst\u0119p jest wolny","datePublished":"2022-07-19T05:34:16+00:00","mainEntityOfPage":{"@id":"https:\/\/www.24gliwice.pl\/wiadomosci\/ogrod-na-sztuke-na-tylach-mdk-spotkania-z-kultura-odbywaja-sie-tu-co-tydzien-wstep-jest-wolny\/"},"wordCount":302,"commentCount":0,"publisher":{"@id":"https:\/\/www.24gliwice.pl\/wiadomosci\/#organization"},"image":{"@id":"https:\/\/www.24gliwice.pl\/wiadomosci\/ogrod-na-sztuke-na-tylach-mdk-spotkania-z-kultura-odbywaja-sie-tu-co-tydzien-wstep-jest-wolny\/#primaryimage"},"thumbnailUrl":"https:\/\/www.24gliwice.pl\/wiadomosci\/wp-content\/uploads\/2022\/07\/ogrod-na-sztuke-CIS-gliwice-2.jpg","articleSection":["Gliwice","Kultura, wydarzenia, imprezy","Najnowsze wiadomo\u015bci"],"inLanguage":"pl-PL","potentialAction":[{"@type":"CommentAction","name":"Comment","target":["https:\/\/www.24gliwice.pl\/wiadomosci\/ogrod-na-sztuke-na-tylach-mdk-spotkania-z-kultura-odbywaja-sie-tu-co-tydzien-wstep-jest-wolny\/#respond"]}]},{"@type":"WebPage","@id":"https:\/\/www.24gliwice.pl\/wiadomosci\/ogrod-na-sztuke-na-tylach-mdk-spotkania-z-kultura-odbywaja-sie-tu-co-tydzien-wstep-jest-wolny\/","url":"https:\/\/www.24gliwice.pl\/wiadomosci\/ogrod-na-sztuke-na-tylach-mdk-spotkania-z-kultura-odbywaja-sie-tu-co-tydzien-wstep-jest-wolny\/","name":"\"Ogr\u00f3d na Sztuk\u0119\" na ty\u0142ach MDK. Spotkania z kultur\u0105 odbywaj\u0105 si\u0119 tu co tydzie\u0144, wst\u0119p jest wolny - 24GLIWICE - Portal Gliwice | codziennie nowe informacje","isPartOf":{"@id":"https:\/\/www.24gliwice.pl\/wiadomosci\/#website"},"primaryImageOfPage":{"@id":"https:\/\/www.24gliwice.pl\/wiadomosci\/ogrod-na-sztuke-na-tylach-mdk-spotkania-z-kultura-odbywaja-sie-tu-co-tydzien-wstep-jest-wolny\/#primaryimage"},"image":{"@id":"https:\/\/www.24gliwice.pl\/wiadomosci\/ogrod-na-sztuke-na-tylach-mdk-spotkania-z-kultura-odbywaja-sie-tu-co-tydzien-wstep-jest-wolny\/#primaryimage"},"thumbnailUrl":"https:\/\/www.24gliwice.pl\/wiadomosci\/wp-content\/uploads\/2022\/07\/ogrod-na-sztuke-CIS-gliwice-2.jpg","datePublished":"2022-07-19T05:34:16+00:00","description":"Na ty\u0142ach MDK co tydzie\u0144 w sobot\u0119 organizowane s\u0105 wydarzenia, kt\u00f3re warto wzi\u0105\u0107 pod uwag\u0119 planuj\u0105c kulturalny weekend - cykl Ogr\u00f3d na Sztuk\u0119","breadcrumb":{"@id":"https:\/\/www.24gliwice.pl\/wiadomosci\/ogrod-na-sztuke-na-tylach-mdk-spotkania-z-kultura-odbywaja-sie-tu-co-tydzien-wstep-jest-wolny\/#breadcrumb"},"inLanguage":"pl-PL","potentialAction":[{"@type":"ReadAction","target":["https:\/\/www.24gliwice.pl\/wiadomosci\/ogrod-na-sztuke-na-tylach-mdk-spotkania-z-kultura-odbywaja-sie-tu-co-tydzien-wstep-jest-wolny\/"]}]},{"@type":"ImageObject","inLanguage":"pl-PL","@id":"https:\/\/www.24gliwice.pl\/wiadomosci\/ogrod-na-sztuke-na-tylach-mdk-spotkania-z-kultura-odbywaja-sie-tu-co-tydzien-wstep-jest-wolny\/#primaryimage","url":"https:\/\/www.24gliwice.pl\/wiadomosci\/wp-content\/uploads\/2022\/07\/ogrod-na-sztuke-CIS-gliwice-2.jpg","contentUrl":"https:\/\/www.24gliwice.pl\/wiadomosci\/wp-content\/uploads\/2022\/07\/ogrod-na-sztuke-CIS-gliwice-2.jpg","width":2048,"height":1156},{"@type":"BreadcrumbList","@id":"https:\/\/www.24gliwice.pl\/wiadomosci\/ogrod-na-sztuke-na-tylach-mdk-spotkania-z-kultura-odbywaja-sie-tu-co-tydzien-wstep-jest-wolny\/#breadcrumb","itemListElement":[{"@type":"ListItem","position":1,"name":"Strona g\u0142\u00f3wna","item":"https:\/\/www.24gliwice.pl\/wiadomosci\/"},{"@type":"ListItem","position":2,"name":"&#8222;Ogr\u00f3d na Sztuk\u0119&#8221; na ty\u0142ach MDK. Spotkania z kultur\u0105 odbywaj\u0105 si\u0119 tu co tydzie\u0144, wst\u0119p jest wolny"}]},{"@type":"WebSite","@id":"https:\/\/www.24gliwice.pl\/wiadomosci\/#website","url":"https:\/\/www.24gliwice.pl\/wiadomosci\/","name":"24GLIWICE - Portal Gliwice | codziennie nowe wiadomo\u015bci","description":"Portal Miejski Gliwice","publisher":{"@id":"https:\/\/www.24gliwice.pl\/wiadomosci\/#organization"},"potentialAction":[{"@type":"SearchAction","target":{"@type":"EntryPoint","urlTemplate":"https:\/\/www.24gliwice.pl\/wiadomosci\/?s={search_term_string}"},"query-input":{"@type":"PropertyValueSpecification","valueRequired":true,"valueName":"search_term_string"}}],"inLanguage":"pl-PL"},{"@type":"Organization","@id":"https:\/\/www.24gliwice.pl\/wiadomosci\/#organization","name":"24gliwice","url":"https:\/\/www.24gliwice.pl\/wiadomosci\/","logo":{"@type":"ImageObject","inLanguage":"pl-PL","@id":"https:\/\/www.24gliwice.pl\/wiadomosci\/#\/schema\/logo\/image\/","url":"https:\/\/www.24gliwice.pl\/wiadomosci\/wp-content\/uploads\/2024\/10\/24gliwice-logo-696.jpg","contentUrl":"https:\/\/www.24gliwice.pl\/wiadomosci\/wp-content\/uploads\/2024\/10\/24gliwice-logo-696.jpg","width":696,"height":696,"caption":"24gliwice"},"image":{"@id":"https:\/\/www.24gliwice.pl\/wiadomosci\/#\/schema\/logo\/image\/"},"sameAs":["https:\/\/www.facebook.com\/24gliwice","https:\/\/x.com\/24gliwice","https:\/\/www.youtube.com\/@24gliwice"]},{"@type":"Person","@id":"https:\/\/www.24gliwice.pl\/wiadomosci\/#\/schema\/person\/e42c650edd7f2fa332be3811fb166b6e","name":"\u017baneta Mrozek-Siewierska","image":{"@type":"ImageObject","inLanguage":"pl-PL","@id":"https:\/\/www.24gliwice.pl\/wiadomosci\/wp-content\/uploads\/2021\/11\/Zaneta-M_S-zdjecie-czb-96x96.jpg","url":"https:\/\/www.24gliwice.pl\/wiadomosci\/wp-content\/uploads\/2021\/11\/Zaneta-M_S-zdjecie-czb-96x96.jpg","contentUrl":"https:\/\/www.24gliwice.pl\/wiadomosci\/wp-content\/uploads\/2021\/11\/Zaneta-M_S-zdjecie-czb-96x96.jpg","caption":"\u017baneta Mrozek-Siewierska"},"url":"https:\/\/www.24gliwice.pl\/wiadomosci\/author\/zms\/"}]}},"_links":{"self":[{"href":"https:\/\/www.24gliwice.pl\/wiadomosci\/wp-json\/wp\/v2\/posts\/196569","targetHints":{"allow":["GET"]}}],"collection":[{"href":"https:\/\/www.24gliwice.pl\/wiadomosci\/wp-json\/wp\/v2\/posts"}],"about":[{"href":"https:\/\/www.24gliwice.pl\/wiadomosci\/wp-json\/wp\/v2\/types\/post"}],"author":[{"embeddable":true,"href":"https:\/\/www.24gliwice.pl\/wiadomosci\/wp-json\/wp\/v2\/users\/15"}],"replies":[{"embeddable":true,"href":"https:\/\/www.24gliwice.pl\/wiadomosci\/wp-json\/wp\/v2\/comments?post=196569"}],"version-history":[{"count":12,"href":"https:\/\/www.24gliwice.pl\/wiadomosci\/wp-json\/wp\/v2\/posts\/196569\/revisions"}],"predecessor-version":[{"id":196599,"href":"https:\/\/www.24gliwice.pl\/wiadomosci\/wp-json\/wp\/v2\/posts\/196569\/revisions\/196599"}],"wp:featuredmedia":[{"embeddable":true,"href":"https:\/\/www.24gliwice.pl\/wiadomosci\/wp-json\/wp\/v2\/media\/196577"}],"wp:attachment":[{"href":"https:\/\/www.24gliwice.pl\/wiadomosci\/wp-json\/wp\/v2\/media?parent=196569"}],"wp:term":[{"taxonomy":"category","embeddable":true,"href":"https:\/\/www.24gliwice.pl\/wiadomosci\/wp-json\/wp\/v2\/categories?post=196569"},{"taxonomy":"post_tag","embeddable":true,"href":"https:\/\/www.24gliwice.pl\/wiadomosci\/wp-json\/wp\/v2\/tags?post=196569"}],"curies":[{"name":"wp","href":"https:\/\/api.w.org\/{rel}","templated":true}]}}