{"id":196727,"date":"2022-07-19T04:27:43","date_gmt":"2022-07-19T02:27:43","guid":{"rendered":"https:\/\/www.24gliwice.pl\/wiadomosci\/?p=196727"},"modified":"2022-07-18T22:34:00","modified_gmt":"2022-07-18T20:34:00","slug":"osiedlowa-uliczka-od-dwoch-tygodni-jest-w-remoncie-wykonawca-pojawil-sie-z-14-dniowym-poslizgiem","status":"publish","type":"post","link":"https:\/\/www.24gliwice.pl\/wiadomosci\/osiedlowa-uliczka-od-dwoch-tygodni-jest-w-remoncie-wykonawca-pojawil-sie-z-14-dniowym-poslizgiem\/","title":{"rendered":"Osiedlowa uliczka od dw\u00f3ch tygodni jest w remoncie. Wykonawca pojawi\u0142 si\u0119 z 14-dniowym po\u015blizgiem"},"content":{"rendered":"<div class=\"gliwi-a6-nad-leadem-artykulow gliwi-entity-placement\" id=\"gliwi-46575184\"><div class=\"gliwi-adlabel\"><span style=\"font-size: 9px\">REKLAMA<\/span><\/div><div id=\"gliwi-1737121212\" style=\"margin-bottom: 30px;margin-left: auto;margin-right: auto;text-align: center;\"><a data-no-instant=\"1\" href=\"https:\/\/przedszkole.halogen.org.pl\/\" rel=\"noopener\" class=\"a2t-link\" target=\"_blank\" aria-label=\"20260402-ANIMATOR-przedszkole_grafika_750x200\"><img loading=\"lazy\" decoding=\"async\" src=\"https:\/\/www.24gliwice.pl\/wiadomosci\/wp-content\/uploads\/2026\/04\/20260402-ANIMATOR-przedszkole_grafika_750x200.webp\" alt=\"\"  srcset=\"https:\/\/www.24gliwice.pl\/wiadomosci\/wp-content\/uploads\/2026\/04\/20260402-ANIMATOR-przedszkole_grafika_750x200.webp 750w, https:\/\/www.24gliwice.pl\/wiadomosci\/wp-content\/uploads\/2026\/04\/20260402-ANIMATOR-przedszkole_grafika_750x200-410x109.webp 410w\" sizes=\"(max-width: 750px) 100vw, 750px\" class=\"no-lazyload\" width=\"750\" height=\"200\"  style=\"display: inline-block; max-width: 100%; height: auto;\" \/><\/a><\/div><\/div><h2>Wymiana nawierzchni odcinka ulicy Micha\u0142owskiego mia\u0142a rozpocz\u0105\u0107 si\u0119 4 lipca. Wykonawca ustawi\u0142 znaki, informuj\u0105ce o braku mo\u017cliwo\u015bci przejazdu i&#8230; przez kolejne dwa tygodnie nic si\u0119 tu nie dzia\u0142o.<\/h2>\n<p>&nbsp;<br \/>\nKierowcy korzystaj\u0105cy z mo\u017cliwo\u015bci przejazdu w tym rejonie Szobiszowic, mimo znak\u00f3w zakazu, wci\u0105\u017c tu je\u017adzili. Teraz to si\u0119 sko\u0144czy, zakaz nie obowi\u0105zuje jedynie doje\u017cd\u017caj\u0105cych do w\u0142asnych posesji.<\/p>\n<p><a href=\"https:\/\/www.24gliwice.pl\/wiadomosci\/wp-content\/uploads\/2022\/07\/michalowskiego-5.jpg\"><img loading=\"lazy\" decoding=\"async\" class=\"alignnone size-full wp-image-196737\" src=\"https:\/\/www.24gliwice.pl\/wiadomosci\/wp-content\/uploads\/2022\/07\/michalowskiego-5.jpg\" alt=\"\" width=\"810\" height=\"457\" srcset=\"https:\/\/www.24gliwice.pl\/wiadomosci\/wp-content\/uploads\/2022\/07\/michalowskiego-5.jpg 810w, https:\/\/www.24gliwice.pl\/wiadomosci\/wp-content\/uploads\/2022\/07\/michalowskiego-5-410x232.jpg 410w, https:\/\/www.24gliwice.pl\/wiadomosci\/wp-content\/uploads\/2022\/07\/michalowskiego-5-806x455.jpg 806w, https:\/\/www.24gliwice.pl\/wiadomosci\/wp-content\/uploads\/2022\/07\/michalowskiego-5-768x433.jpg 768w\" sizes=\"auto, (max-width: 810px) 100vw, 810px\" \/><\/a><\/p>\n<p>Wcze\u015bniej, pocz\u0105wszy od pierwszej po\u0142owy maja, wykonano tu roboty zwi\u0105zane z wymian\u0105 sieci. Po zako\u0144czeniu tej cz\u0119\u015bci zadania, od 4 lipca mia\u0142a by\u0107 realizowana cz\u0119\u015b\u0107 drogowa remontu tej ulicy.<\/p><div class=\"gliwi-a3-w-tresci-artykulow gliwi-entity-placement\" id=\"gliwi-850083747\"><div class=\"gliwi-adlabel\"><span style=\"font-size: 9px\">REKLAMA<\/span><\/div><div id=\"gliwi-843608523\" style=\"margin-bottom: 30px;margin-left: auto;margin-right: auto;text-align: center;\"><a data-no-instant=\"1\" href=\"https:\/\/zlobek.halogen.org.pl\/\" rel=\"noopener\" class=\"a2t-link\" target=\"_blank\" aria-label=\"animator-zlobek_750x200\"><img loading=\"lazy\" decoding=\"async\" src=\"https:\/\/www.24gliwice.pl\/wiadomosci\/wp-content\/uploads\/2026\/02\/animator-zlobek_750x200.webp\" alt=\"\"  srcset=\"https:\/\/www.24gliwice.pl\/wiadomosci\/wp-content\/uploads\/2026\/02\/animator-zlobek_750x200.webp 750w, https:\/\/www.24gliwice.pl\/wiadomosci\/wp-content\/uploads\/2026\/02\/animator-zlobek_750x200-410x109.webp 410w\" sizes=\"(max-width: 750px) 100vw, 750px\" class=\"no-lazyload\" width=\"750\" height=\"200\"  style=\"display: inline-block; max-width: 100%; height: auto;\" \/><\/a><\/div><\/div>\n<p><a href=\"https:\/\/www.24gliwice.pl\/wiadomosci\/wp-content\/uploads\/2022\/07\/michalowskiego-4.jpg\"><img loading=\"lazy\" decoding=\"async\" class=\"alignnone size-full wp-image-196736\" src=\"https:\/\/www.24gliwice.pl\/wiadomosci\/wp-content\/uploads\/2022\/07\/michalowskiego-4.jpg\" alt=\"\" width=\"810\" height=\"456\" srcset=\"https:\/\/www.24gliwice.pl\/wiadomosci\/wp-content\/uploads\/2022\/07\/michalowskiego-4.jpg 810w, https:\/\/www.24gliwice.pl\/wiadomosci\/wp-content\/uploads\/2022\/07\/michalowskiego-4-410x232.jpg 410w, https:\/\/www.24gliwice.pl\/wiadomosci\/wp-content\/uploads\/2022\/07\/michalowskiego-4-808x455.jpg 808w, https:\/\/www.24gliwice.pl\/wiadomosci\/wp-content\/uploads\/2022\/07\/michalowskiego-4-768x432.jpg 768w\" sizes=\"auto, (max-width: 810px) 100vw, 810px\" \/><\/a><\/p>\n<p>W poniedzia\u0142ek, 18 lipca, w godzinach porannych na drodze nie by\u0142y prowadzone \u017cadne prace. Jak informuj\u0105 nas jednak mieszka\u0144cy tej cz\u0119\u015bci Gliwic, nieco p\u00f3\u017aniej, w rejonie skrzy\u017cowania z ulic\u0105 Bernardy\u0144sk\u0105 nareszcie pojawili si\u0119 wykonawcy. Potwierdza to te\u017c informacja od Zarz\u0105du Dr\u00f3g Miejskich.<\/p>\n<blockquote><p><em>W pocz\u0105tkowym okresie remontu prowadzone by\u0142y prace sieciowe. W\u0142a\u015bciwe, remontowo &#8211; budowlane s\u0105 ju\u017c realizowane<\/em><\/p><\/blockquote>\n<p>&#8211; przekaza\u0142a <strong>Jadwiga Jagie\u0142\u0142o-Stiborska<\/strong>, rzeczniczka ZDM w Gliwicach.<\/p>\n<div id=\"attachment_196738\" style=\"width: 820px\" class=\"wp-caption alignnone\"><a href=\"https:\/\/www.24gliwice.pl\/wiadomosci\/wp-content\/uploads\/2022\/07\/Michalowskiego.jpg\"><img loading=\"lazy\" decoding=\"async\" aria-describedby=\"caption-attachment-196738\" class=\"size-full wp-image-196738\" src=\"https:\/\/www.24gliwice.pl\/wiadomosci\/wp-content\/uploads\/2022\/07\/Michalowskiego.jpg\" alt=\"\" width=\"810\" height=\"456\" srcset=\"https:\/\/www.24gliwice.pl\/wiadomosci\/wp-content\/uploads\/2022\/07\/Michalowskiego.jpg 810w, https:\/\/www.24gliwice.pl\/wiadomosci\/wp-content\/uploads\/2022\/07\/Michalowskiego-410x232.jpg 410w, https:\/\/www.24gliwice.pl\/wiadomosci\/wp-content\/uploads\/2022\/07\/Michalowskiego-808x455.jpg 808w, https:\/\/www.24gliwice.pl\/wiadomosci\/wp-content\/uploads\/2022\/07\/Michalowskiego-768x432.jpg 768w\" sizes=\"auto, (max-width: 810px) 100vw, 810px\" \/><\/a><p id=\"caption-attachment-196738\" class=\"wp-caption-text\">18 lipca w godzinach porannych<\/p><\/div>\n<p>Wymiana nawierzchni ulicy Micha\u0142owskiego to zadanie realizowane w ramach utrzymania dr\u00f3g. Jest to II etap modernizacji tej ulicy, kt\u00f3ry przebiega na fragmencie od skrzy\u017cowania z ul. Lublinieck\u0105 do skrzy\u017cowania z ul. Bernardy\u0144sk\u0105. Przewidziano tu remont nawierzchni jezdni i chodnika (ten ostatni trzeba b\u0119dzie wykona\u0107 od podstaw, gdy\u017c do tej pory w og\u00f3le ich tu nie by\u0142o, powstanie po jednej stronie ulicy).<\/p>\n<div id=\"attachment_196739\" style=\"width: 820px\" class=\"wp-caption alignnone\"><a href=\"https:\/\/www.24gliwice.pl\/wiadomosci\/wp-content\/uploads\/2022\/07\/remont-ulicy-michalowskiego.jpg\"><img loading=\"lazy\" decoding=\"async\" aria-describedby=\"caption-attachment-196739\" class=\"wp-image-196739 size-full\" src=\"https:\/\/www.24gliwice.pl\/wiadomosci\/wp-content\/uploads\/2022\/07\/remont-ulicy-michalowskiego.jpg\" alt=\"\" width=\"810\" height=\"456\" srcset=\"https:\/\/www.24gliwice.pl\/wiadomosci\/wp-content\/uploads\/2022\/07\/remont-ulicy-michalowskiego.jpg 810w, https:\/\/www.24gliwice.pl\/wiadomosci\/wp-content\/uploads\/2022\/07\/remont-ulicy-michalowskiego-410x232.jpg 410w, https:\/\/www.24gliwice.pl\/wiadomosci\/wp-content\/uploads\/2022\/07\/remont-ulicy-michalowskiego-808x455.jpg 808w, https:\/\/www.24gliwice.pl\/wiadomosci\/wp-content\/uploads\/2022\/07\/remont-ulicy-michalowskiego-768x432.jpg 768w\" sizes=\"auto, (max-width: 810px) 100vw, 810px\" \/><\/a><p id=\"caption-attachment-196739\" class=\"wp-caption-text\">18 lipca w godzinach popo\u0142udniowych<\/p><\/div>\n<p>(\u017cms)<br \/>\nfot. 24gliwice.pl\/\u017bMS, nades\u0142ane przez Czytelnika<\/p>\n<div class=\"gliwi-a5-na-koncu-artykulow gliwi-entity-placement\" id=\"gliwi-1019883425\"><div class=\"gliwi-adlabel\"><span style=\"font-size: 9px\">REKLAMA<\/span><\/div><div id=\"gliwi-1229999349\" style=\"margin-left: auto;margin-right: auto;text-align: center;\"><a data-no-instant=\"1\" href=\"https:\/\/prezeroarenagliwice.pl\/\" rel=\"noopener\" class=\"a2t-link\" target=\"_blank\" aria-label=\"20260309-PREZERO-WIOSNA-D\"><img loading=\"lazy\" decoding=\"async\" src=\"https:\/\/www.24gliwice.pl\/wiadomosci\/wp-content\/uploads\/2026\/03\/20260309-PREZERO-WIOSNA-D.webp\" alt=\"\"  srcset=\"https:\/\/www.24gliwice.pl\/wiadomosci\/wp-content\/uploads\/2026\/03\/20260309-PREZERO-WIOSNA-D.webp 750w, https:\/\/www.24gliwice.pl\/wiadomosci\/wp-content\/uploads\/2026\/03\/20260309-PREZERO-WIOSNA-D-410x109.webp 410w\" sizes=\"(max-width: 750px) 100vw, 750px\" class=\"no-lazyload\" width=\"750\" height=\"200\"  style=\"display: inline-block; max-width: 100%; height: auto;\" \/><\/a><\/div><\/div>","protected":false},"excerpt":{"rendered":"<p>Wymiana nawierzchni odcinka ulicy Micha\u0142owskiego mia\u0142a rozpocz\u0105\u0107 si\u0119 4 lipca. Wykonawca ustawi\u0142 znaki, informuj\u0105ce o braku mo\u017cliwo\u015bci przejazdu i&#8230; przez kolejne dwa tygodnie nic si\u0119 tu nie dzia\u0142o. &nbsp; Kierowcy korzystaj\u0105cy z mo\u017cliwo\u015bci przejazdu w tym rejonie Szobiszowic, mimo znak\u00f3w zakazu, wci\u0105\u017c tu je\u017adzili. Teraz to si\u0119 sko\u0144czy, zakaz nie obowi\u0105zuje jedynie doje\u017cd\u017caj\u0105cych do w\u0142asnych [&hellip;]<\/p>\n","protected":false},"author":15,"featured_media":196735,"comment_status":"open","ping_status":"closed","sticky":false,"template":"","format":"standard","meta":{"_monsterinsights_skip_tracking":false,"_monsterinsights_sitenote_active":false,"_monsterinsights_sitenote_note":"","_monsterinsights_sitenote_category":0,"footnotes":"","_links_to":"","_links_to_target":""},"categories":[3,1],"tags":[],"class_list":["post-196727","post","type-post","status-publish","format-standard","has-post-thumbnail","hentry","category-gliwice","category-wszystko"],"yoast_head":"<!-- This site is optimized with the Yoast SEO plugin v27.4 - https:\/\/yoast.com\/product\/yoast-seo-wordpress\/ -->\n<title>Osiedlowa uliczka od dw\u00f3ch tygodni jest w remoncie. Wykonawca pojawi\u0142 si\u0119 z 14-dniowym po\u015blizgiem - 24GLIWICE - Portal Gliwice | codziennie nowe informacje<\/title>\n<meta name=\"description\" content=\"Remont nawierzchni ulicy Micha\u0142owskiego mia\u0142 si\u0119 rozpocz\u0105\u0107 4 lipca. Wykonawca prac przyst\u0105pi\u0142 do ich realizacji z 2-tygodniowym op\u00f3\u017anieniem\" \/>\n<meta name=\"robots\" content=\"index, follow, max-snippet:-1, max-image-preview:large, max-video-preview:-1\" \/>\n<link rel=\"canonical\" href=\"https:\/\/www.24gliwice.pl\/wiadomosci\/osiedlowa-uliczka-od-dwoch-tygodni-jest-w-remoncie-wykonawca-pojawil-sie-z-14-dniowym-poslizgiem\/\" \/>\n<meta property=\"og:locale\" content=\"pl_PL\" \/>\n<meta property=\"og:type\" content=\"article\" \/>\n<meta property=\"og:title\" content=\"Osiedlowa uliczka od dw\u00f3ch tygodni jest w remoncie. Wykonawca pojawi\u0142 si\u0119 z 14-dniowym po\u015blizgiem - 24GLIWICE - Portal Gliwice | codziennie nowe informacje\" \/>\n<meta property=\"og:description\" content=\"Remont nawierzchni ulicy Micha\u0142owskiego mia\u0142 si\u0119 rozpocz\u0105\u0107 4 lipca. Wykonawca prac przyst\u0105pi\u0142 do ich realizacji z 2-tygodniowym op\u00f3\u017anieniem\" \/>\n<meta property=\"og:url\" content=\"https:\/\/www.24gliwice.pl\/wiadomosci\/osiedlowa-uliczka-od-dwoch-tygodni-jest-w-remoncie-wykonawca-pojawil-sie-z-14-dniowym-poslizgiem\/\" \/>\n<meta property=\"og:site_name\" content=\"24GLIWICE - Portal Gliwice | codziennie nowe informacje\" \/>\n<meta property=\"article:publisher\" content=\"https:\/\/www.facebook.com\/24gliwice\" \/>\n<meta property=\"article:published_time\" content=\"2022-07-19T02:27:43+00:00\" \/>\n<meta property=\"og:image\" content=\"https:\/\/www.24gliwice.pl\/wiadomosci\/wp-content\/uploads\/2022\/07\/michalowskiego-3.jpg\" \/>\n\t<meta property=\"og:image:width\" content=\"810\" \/>\n\t<meta property=\"og:image:height\" content=\"455\" \/>\n\t<meta property=\"og:image:type\" content=\"image\/jpeg\" \/>\n<meta name=\"author\" content=\"\u017baneta Mrozek-Siewierska\" \/>\n<meta name=\"twitter:card\" content=\"summary_large_image\" \/>\n<meta name=\"twitter:creator\" content=\"@24gliwice\" \/>\n<meta name=\"twitter:site\" content=\"@24gliwice\" \/>\n<meta name=\"twitter:label1\" content=\"Napisane przez\" \/>\n\t<meta name=\"twitter:data1\" content=\"\u017baneta Mrozek-Siewierska\" \/>\n\t<meta name=\"twitter:label2\" content=\"Szacowany czas czytania\" \/>\n\t<meta name=\"twitter:data2\" content=\"3 minuty\" \/>\n<script type=\"application\/ld+json\" class=\"yoast-schema-graph\">{\"@context\":\"https:\\\/\\\/schema.org\",\"@graph\":[{\"@type\":\"Article\",\"@id\":\"https:\\\/\\\/www.24gliwice.pl\\\/wiadomosci\\\/osiedlowa-uliczka-od-dwoch-tygodni-jest-w-remoncie-wykonawca-pojawil-sie-z-14-dniowym-poslizgiem\\\/#article\",\"isPartOf\":{\"@id\":\"https:\\\/\\\/www.24gliwice.pl\\\/wiadomosci\\\/osiedlowa-uliczka-od-dwoch-tygodni-jest-w-remoncie-wykonawca-pojawil-sie-z-14-dniowym-poslizgiem\\\/\"},\"author\":{\"name\":\"\u017baneta Mrozek-Siewierska\",\"@id\":\"https:\\\/\\\/www.24gliwice.pl\\\/wiadomosci\\\/#\\\/schema\\\/person\\\/e42c650edd7f2fa332be3811fb166b6e\"},\"headline\":\"Osiedlowa uliczka od dw\u00f3ch tygodni jest w remoncie. Wykonawca pojawi\u0142 si\u0119 z 14-dniowym po\u015blizgiem\",\"datePublished\":\"2022-07-19T02:27:43+00:00\",\"mainEntityOfPage\":{\"@id\":\"https:\\\/\\\/www.24gliwice.pl\\\/wiadomosci\\\/osiedlowa-uliczka-od-dwoch-tygodni-jest-w-remoncie-wykonawca-pojawil-sie-z-14-dniowym-poslizgiem\\\/\"},\"wordCount\":304,\"commentCount\":0,\"publisher\":{\"@id\":\"https:\\\/\\\/www.24gliwice.pl\\\/wiadomosci\\\/#organization\"},\"image\":{\"@id\":\"https:\\\/\\\/www.24gliwice.pl\\\/wiadomosci\\\/osiedlowa-uliczka-od-dwoch-tygodni-jest-w-remoncie-wykonawca-pojawil-sie-z-14-dniowym-poslizgiem\\\/#primaryimage\"},\"thumbnailUrl\":\"https:\\\/\\\/www.24gliwice.pl\\\/wiadomosci\\\/wp-content\\\/uploads\\\/2022\\\/07\\\/michalowskiego-3.jpg\",\"articleSection\":[\"Gliwice\",\"Najnowsze wiadomo\u015bci\"],\"inLanguage\":\"pl-PL\",\"potentialAction\":[{\"@type\":\"CommentAction\",\"name\":\"Comment\",\"target\":[\"https:\\\/\\\/www.24gliwice.pl\\\/wiadomosci\\\/osiedlowa-uliczka-od-dwoch-tygodni-jest-w-remoncie-wykonawca-pojawil-sie-z-14-dniowym-poslizgiem\\\/#respond\"]}]},{\"@type\":\"WebPage\",\"@id\":\"https:\\\/\\\/www.24gliwice.pl\\\/wiadomosci\\\/osiedlowa-uliczka-od-dwoch-tygodni-jest-w-remoncie-wykonawca-pojawil-sie-z-14-dniowym-poslizgiem\\\/\",\"url\":\"https:\\\/\\\/www.24gliwice.pl\\\/wiadomosci\\\/osiedlowa-uliczka-od-dwoch-tygodni-jest-w-remoncie-wykonawca-pojawil-sie-z-14-dniowym-poslizgiem\\\/\",\"name\":\"Osiedlowa uliczka od dw\u00f3ch tygodni jest w remoncie. Wykonawca pojawi\u0142 si\u0119 z 14-dniowym po\u015blizgiem - 24GLIWICE - Portal Gliwice | codziennie nowe informacje\",\"isPartOf\":{\"@id\":\"https:\\\/\\\/www.24gliwice.pl\\\/wiadomosci\\\/#website\"},\"primaryImageOfPage\":{\"@id\":\"https:\\\/\\\/www.24gliwice.pl\\\/wiadomosci\\\/osiedlowa-uliczka-od-dwoch-tygodni-jest-w-remoncie-wykonawca-pojawil-sie-z-14-dniowym-poslizgiem\\\/#primaryimage\"},\"image\":{\"@id\":\"https:\\\/\\\/www.24gliwice.pl\\\/wiadomosci\\\/osiedlowa-uliczka-od-dwoch-tygodni-jest-w-remoncie-wykonawca-pojawil-sie-z-14-dniowym-poslizgiem\\\/#primaryimage\"},\"thumbnailUrl\":\"https:\\\/\\\/www.24gliwice.pl\\\/wiadomosci\\\/wp-content\\\/uploads\\\/2022\\\/07\\\/michalowskiego-3.jpg\",\"datePublished\":\"2022-07-19T02:27:43+00:00\",\"description\":\"Remont nawierzchni ulicy Micha\u0142owskiego mia\u0142 si\u0119 rozpocz\u0105\u0107 4 lipca. Wykonawca prac przyst\u0105pi\u0142 do ich realizacji z 2-tygodniowym op\u00f3\u017anieniem\",\"breadcrumb\":{\"@id\":\"https:\\\/\\\/www.24gliwice.pl\\\/wiadomosci\\\/osiedlowa-uliczka-od-dwoch-tygodni-jest-w-remoncie-wykonawca-pojawil-sie-z-14-dniowym-poslizgiem\\\/#breadcrumb\"},\"inLanguage\":\"pl-PL\",\"potentialAction\":[{\"@type\":\"ReadAction\",\"target\":[\"https:\\\/\\\/www.24gliwice.pl\\\/wiadomosci\\\/osiedlowa-uliczka-od-dwoch-tygodni-jest-w-remoncie-wykonawca-pojawil-sie-z-14-dniowym-poslizgiem\\\/\"]}]},{\"@type\":\"ImageObject\",\"inLanguage\":\"pl-PL\",\"@id\":\"https:\\\/\\\/www.24gliwice.pl\\\/wiadomosci\\\/osiedlowa-uliczka-od-dwoch-tygodni-jest-w-remoncie-wykonawca-pojawil-sie-z-14-dniowym-poslizgiem\\\/#primaryimage\",\"url\":\"https:\\\/\\\/www.24gliwice.pl\\\/wiadomosci\\\/wp-content\\\/uploads\\\/2022\\\/07\\\/michalowskiego-3.jpg\",\"contentUrl\":\"https:\\\/\\\/www.24gliwice.pl\\\/wiadomosci\\\/wp-content\\\/uploads\\\/2022\\\/07\\\/michalowskiego-3.jpg\",\"width\":810,\"height\":455},{\"@type\":\"BreadcrumbList\",\"@id\":\"https:\\\/\\\/www.24gliwice.pl\\\/wiadomosci\\\/osiedlowa-uliczka-od-dwoch-tygodni-jest-w-remoncie-wykonawca-pojawil-sie-z-14-dniowym-poslizgiem\\\/#breadcrumb\",\"itemListElement\":[{\"@type\":\"ListItem\",\"position\":1,\"name\":\"Strona g\u0142\u00f3wna\",\"item\":\"https:\\\/\\\/www.24gliwice.pl\\\/wiadomosci\\\/\"},{\"@type\":\"ListItem\",\"position\":2,\"name\":\"Osiedlowa uliczka od dw\u00f3ch tygodni jest w remoncie. Wykonawca pojawi\u0142 si\u0119 z 14-dniowym po\u015blizgiem\"}]},{\"@type\":\"WebSite\",\"@id\":\"https:\\\/\\\/www.24gliwice.pl\\\/wiadomosci\\\/#website\",\"url\":\"https:\\\/\\\/www.24gliwice.pl\\\/wiadomosci\\\/\",\"name\":\"24GLIWICE - Portal Gliwice | codziennie nowe wiadomo\u015bci\",\"description\":\"Portal Miejski Gliwice\",\"publisher\":{\"@id\":\"https:\\\/\\\/www.24gliwice.pl\\\/wiadomosci\\\/#organization\"},\"potentialAction\":[{\"@type\":\"SearchAction\",\"target\":{\"@type\":\"EntryPoint\",\"urlTemplate\":\"https:\\\/\\\/www.24gliwice.pl\\\/wiadomosci\\\/?s={search_term_string}\"},\"query-input\":{\"@type\":\"PropertyValueSpecification\",\"valueRequired\":true,\"valueName\":\"search_term_string\"}}],\"inLanguage\":\"pl-PL\"},{\"@type\":\"Organization\",\"@id\":\"https:\\\/\\\/www.24gliwice.pl\\\/wiadomosci\\\/#organization\",\"name\":\"24gliwice\",\"url\":\"https:\\\/\\\/www.24gliwice.pl\\\/wiadomosci\\\/\",\"logo\":{\"@type\":\"ImageObject\",\"inLanguage\":\"pl-PL\",\"@id\":\"https:\\\/\\\/www.24gliwice.pl\\\/wiadomosci\\\/#\\\/schema\\\/logo\\\/image\\\/\",\"url\":\"https:\\\/\\\/www.24gliwice.pl\\\/wiadomosci\\\/wp-content\\\/uploads\\\/2024\\\/10\\\/24gliwice-logo-696.jpg\",\"contentUrl\":\"https:\\\/\\\/www.24gliwice.pl\\\/wiadomosci\\\/wp-content\\\/uploads\\\/2024\\\/10\\\/24gliwice-logo-696.jpg\",\"width\":696,\"height\":696,\"caption\":\"24gliwice\"},\"image\":{\"@id\":\"https:\\\/\\\/www.24gliwice.pl\\\/wiadomosci\\\/#\\\/schema\\\/logo\\\/image\\\/\"},\"sameAs\":[\"https:\\\/\\\/www.facebook.com\\\/24gliwice\",\"https:\\\/\\\/x.com\\\/24gliwice\",\"https:\\\/\\\/www.youtube.com\\\/@24gliwice\"]},{\"@type\":\"Person\",\"@id\":\"https:\\\/\\\/www.24gliwice.pl\\\/wiadomosci\\\/#\\\/schema\\\/person\\\/e42c650edd7f2fa332be3811fb166b6e\",\"name\":\"\u017baneta Mrozek-Siewierska\",\"image\":{\"@type\":\"ImageObject\",\"inLanguage\":\"pl-PL\",\"@id\":\"https:\\\/\\\/www.24gliwice.pl\\\/wiadomosci\\\/wp-content\\\/uploads\\\/2021\\\/11\\\/Zaneta-M_S-zdjecie-czb-96x96.jpg\",\"url\":\"https:\\\/\\\/www.24gliwice.pl\\\/wiadomosci\\\/wp-content\\\/uploads\\\/2021\\\/11\\\/Zaneta-M_S-zdjecie-czb-96x96.jpg\",\"contentUrl\":\"https:\\\/\\\/www.24gliwice.pl\\\/wiadomosci\\\/wp-content\\\/uploads\\\/2021\\\/11\\\/Zaneta-M_S-zdjecie-czb-96x96.jpg\",\"caption\":\"\u017baneta Mrozek-Siewierska\"},\"url\":\"https:\\\/\\\/www.24gliwice.pl\\\/wiadomosci\\\/author\\\/zms\\\/\"}]}<\/script>\n<!-- \/ Yoast SEO plugin. -->","yoast_head_json":{"title":"Osiedlowa uliczka od dw\u00f3ch tygodni jest w remoncie. Wykonawca pojawi\u0142 si\u0119 z 14-dniowym po\u015blizgiem - 24GLIWICE - Portal Gliwice | codziennie nowe informacje","description":"Remont nawierzchni ulicy Micha\u0142owskiego mia\u0142 si\u0119 rozpocz\u0105\u0107 4 lipca. Wykonawca prac przyst\u0105pi\u0142 do ich realizacji z 2-tygodniowym op\u00f3\u017anieniem","robots":{"index":"index","follow":"follow","max-snippet":"max-snippet:-1","max-image-preview":"max-image-preview:large","max-video-preview":"max-video-preview:-1"},"canonical":"https:\/\/www.24gliwice.pl\/wiadomosci\/osiedlowa-uliczka-od-dwoch-tygodni-jest-w-remoncie-wykonawca-pojawil-sie-z-14-dniowym-poslizgiem\/","og_locale":"pl_PL","og_type":"article","og_title":"Osiedlowa uliczka od dw\u00f3ch tygodni jest w remoncie. Wykonawca pojawi\u0142 si\u0119 z 14-dniowym po\u015blizgiem - 24GLIWICE - Portal Gliwice | codziennie nowe informacje","og_description":"Remont nawierzchni ulicy Micha\u0142owskiego mia\u0142 si\u0119 rozpocz\u0105\u0107 4 lipca. Wykonawca prac przyst\u0105pi\u0142 do ich realizacji z 2-tygodniowym op\u00f3\u017anieniem","og_url":"https:\/\/www.24gliwice.pl\/wiadomosci\/osiedlowa-uliczka-od-dwoch-tygodni-jest-w-remoncie-wykonawca-pojawil-sie-z-14-dniowym-poslizgiem\/","og_site_name":"24GLIWICE - Portal Gliwice | codziennie nowe informacje","article_publisher":"https:\/\/www.facebook.com\/24gliwice","article_published_time":"2022-07-19T02:27:43+00:00","og_image":[{"width":810,"height":455,"url":"https:\/\/www.24gliwice.pl\/wiadomosci\/wp-content\/uploads\/2022\/07\/michalowskiego-3.jpg","type":"image\/jpeg"}],"author":"\u017baneta Mrozek-Siewierska","twitter_card":"summary_large_image","twitter_creator":"@24gliwice","twitter_site":"@24gliwice","twitter_misc":{"Napisane przez":"\u017baneta Mrozek-Siewierska","Szacowany czas czytania":"3 minuty"},"schema":{"@context":"https:\/\/schema.org","@graph":[{"@type":"Article","@id":"https:\/\/www.24gliwice.pl\/wiadomosci\/osiedlowa-uliczka-od-dwoch-tygodni-jest-w-remoncie-wykonawca-pojawil-sie-z-14-dniowym-poslizgiem\/#article","isPartOf":{"@id":"https:\/\/www.24gliwice.pl\/wiadomosci\/osiedlowa-uliczka-od-dwoch-tygodni-jest-w-remoncie-wykonawca-pojawil-sie-z-14-dniowym-poslizgiem\/"},"author":{"name":"\u017baneta Mrozek-Siewierska","@id":"https:\/\/www.24gliwice.pl\/wiadomosci\/#\/schema\/person\/e42c650edd7f2fa332be3811fb166b6e"},"headline":"Osiedlowa uliczka od dw\u00f3ch tygodni jest w remoncie. Wykonawca pojawi\u0142 si\u0119 z 14-dniowym po\u015blizgiem","datePublished":"2022-07-19T02:27:43+00:00","mainEntityOfPage":{"@id":"https:\/\/www.24gliwice.pl\/wiadomosci\/osiedlowa-uliczka-od-dwoch-tygodni-jest-w-remoncie-wykonawca-pojawil-sie-z-14-dniowym-poslizgiem\/"},"wordCount":304,"commentCount":0,"publisher":{"@id":"https:\/\/www.24gliwice.pl\/wiadomosci\/#organization"},"image":{"@id":"https:\/\/www.24gliwice.pl\/wiadomosci\/osiedlowa-uliczka-od-dwoch-tygodni-jest-w-remoncie-wykonawca-pojawil-sie-z-14-dniowym-poslizgiem\/#primaryimage"},"thumbnailUrl":"https:\/\/www.24gliwice.pl\/wiadomosci\/wp-content\/uploads\/2022\/07\/michalowskiego-3.jpg","articleSection":["Gliwice","Najnowsze wiadomo\u015bci"],"inLanguage":"pl-PL","potentialAction":[{"@type":"CommentAction","name":"Comment","target":["https:\/\/www.24gliwice.pl\/wiadomosci\/osiedlowa-uliczka-od-dwoch-tygodni-jest-w-remoncie-wykonawca-pojawil-sie-z-14-dniowym-poslizgiem\/#respond"]}]},{"@type":"WebPage","@id":"https:\/\/www.24gliwice.pl\/wiadomosci\/osiedlowa-uliczka-od-dwoch-tygodni-jest-w-remoncie-wykonawca-pojawil-sie-z-14-dniowym-poslizgiem\/","url":"https:\/\/www.24gliwice.pl\/wiadomosci\/osiedlowa-uliczka-od-dwoch-tygodni-jest-w-remoncie-wykonawca-pojawil-sie-z-14-dniowym-poslizgiem\/","name":"Osiedlowa uliczka od dw\u00f3ch tygodni jest w remoncie. Wykonawca pojawi\u0142 si\u0119 z 14-dniowym po\u015blizgiem - 24GLIWICE - Portal Gliwice | codziennie nowe informacje","isPartOf":{"@id":"https:\/\/www.24gliwice.pl\/wiadomosci\/#website"},"primaryImageOfPage":{"@id":"https:\/\/www.24gliwice.pl\/wiadomosci\/osiedlowa-uliczka-od-dwoch-tygodni-jest-w-remoncie-wykonawca-pojawil-sie-z-14-dniowym-poslizgiem\/#primaryimage"},"image":{"@id":"https:\/\/www.24gliwice.pl\/wiadomosci\/osiedlowa-uliczka-od-dwoch-tygodni-jest-w-remoncie-wykonawca-pojawil-sie-z-14-dniowym-poslizgiem\/#primaryimage"},"thumbnailUrl":"https:\/\/www.24gliwice.pl\/wiadomosci\/wp-content\/uploads\/2022\/07\/michalowskiego-3.jpg","datePublished":"2022-07-19T02:27:43+00:00","description":"Remont nawierzchni ulicy Micha\u0142owskiego mia\u0142 si\u0119 rozpocz\u0105\u0107 4 lipca. Wykonawca prac przyst\u0105pi\u0142 do ich realizacji z 2-tygodniowym op\u00f3\u017anieniem","breadcrumb":{"@id":"https:\/\/www.24gliwice.pl\/wiadomosci\/osiedlowa-uliczka-od-dwoch-tygodni-jest-w-remoncie-wykonawca-pojawil-sie-z-14-dniowym-poslizgiem\/#breadcrumb"},"inLanguage":"pl-PL","potentialAction":[{"@type":"ReadAction","target":["https:\/\/www.24gliwice.pl\/wiadomosci\/osiedlowa-uliczka-od-dwoch-tygodni-jest-w-remoncie-wykonawca-pojawil-sie-z-14-dniowym-poslizgiem\/"]}]},{"@type":"ImageObject","inLanguage":"pl-PL","@id":"https:\/\/www.24gliwice.pl\/wiadomosci\/osiedlowa-uliczka-od-dwoch-tygodni-jest-w-remoncie-wykonawca-pojawil-sie-z-14-dniowym-poslizgiem\/#primaryimage","url":"https:\/\/www.24gliwice.pl\/wiadomosci\/wp-content\/uploads\/2022\/07\/michalowskiego-3.jpg","contentUrl":"https:\/\/www.24gliwice.pl\/wiadomosci\/wp-content\/uploads\/2022\/07\/michalowskiego-3.jpg","width":810,"height":455},{"@type":"BreadcrumbList","@id":"https:\/\/www.24gliwice.pl\/wiadomosci\/osiedlowa-uliczka-od-dwoch-tygodni-jest-w-remoncie-wykonawca-pojawil-sie-z-14-dniowym-poslizgiem\/#breadcrumb","itemListElement":[{"@type":"ListItem","position":1,"name":"Strona g\u0142\u00f3wna","item":"https:\/\/www.24gliwice.pl\/wiadomosci\/"},{"@type":"ListItem","position":2,"name":"Osiedlowa uliczka od dw\u00f3ch tygodni jest w remoncie. Wykonawca pojawi\u0142 si\u0119 z 14-dniowym po\u015blizgiem"}]},{"@type":"WebSite","@id":"https:\/\/www.24gliwice.pl\/wiadomosci\/#website","url":"https:\/\/www.24gliwice.pl\/wiadomosci\/","name":"24GLIWICE - Portal Gliwice | codziennie nowe wiadomo\u015bci","description":"Portal Miejski Gliwice","publisher":{"@id":"https:\/\/www.24gliwice.pl\/wiadomosci\/#organization"},"potentialAction":[{"@type":"SearchAction","target":{"@type":"EntryPoint","urlTemplate":"https:\/\/www.24gliwice.pl\/wiadomosci\/?s={search_term_string}"},"query-input":{"@type":"PropertyValueSpecification","valueRequired":true,"valueName":"search_term_string"}}],"inLanguage":"pl-PL"},{"@type":"Organization","@id":"https:\/\/www.24gliwice.pl\/wiadomosci\/#organization","name":"24gliwice","url":"https:\/\/www.24gliwice.pl\/wiadomosci\/","logo":{"@type":"ImageObject","inLanguage":"pl-PL","@id":"https:\/\/www.24gliwice.pl\/wiadomosci\/#\/schema\/logo\/image\/","url":"https:\/\/www.24gliwice.pl\/wiadomosci\/wp-content\/uploads\/2024\/10\/24gliwice-logo-696.jpg","contentUrl":"https:\/\/www.24gliwice.pl\/wiadomosci\/wp-content\/uploads\/2024\/10\/24gliwice-logo-696.jpg","width":696,"height":696,"caption":"24gliwice"},"image":{"@id":"https:\/\/www.24gliwice.pl\/wiadomosci\/#\/schema\/logo\/image\/"},"sameAs":["https:\/\/www.facebook.com\/24gliwice","https:\/\/x.com\/24gliwice","https:\/\/www.youtube.com\/@24gliwice"]},{"@type":"Person","@id":"https:\/\/www.24gliwice.pl\/wiadomosci\/#\/schema\/person\/e42c650edd7f2fa332be3811fb166b6e","name":"\u017baneta Mrozek-Siewierska","image":{"@type":"ImageObject","inLanguage":"pl-PL","@id":"https:\/\/www.24gliwice.pl\/wiadomosci\/wp-content\/uploads\/2021\/11\/Zaneta-M_S-zdjecie-czb-96x96.jpg","url":"https:\/\/www.24gliwice.pl\/wiadomosci\/wp-content\/uploads\/2021\/11\/Zaneta-M_S-zdjecie-czb-96x96.jpg","contentUrl":"https:\/\/www.24gliwice.pl\/wiadomosci\/wp-content\/uploads\/2021\/11\/Zaneta-M_S-zdjecie-czb-96x96.jpg","caption":"\u017baneta Mrozek-Siewierska"},"url":"https:\/\/www.24gliwice.pl\/wiadomosci\/author\/zms\/"}]}},"_links":{"self":[{"href":"https:\/\/www.24gliwice.pl\/wiadomosci\/wp-json\/wp\/v2\/posts\/196727","targetHints":{"allow":["GET"]}}],"collection":[{"href":"https:\/\/www.24gliwice.pl\/wiadomosci\/wp-json\/wp\/v2\/posts"}],"about":[{"href":"https:\/\/www.24gliwice.pl\/wiadomosci\/wp-json\/wp\/v2\/types\/post"}],"author":[{"embeddable":true,"href":"https:\/\/www.24gliwice.pl\/wiadomosci\/wp-json\/wp\/v2\/users\/15"}],"replies":[{"embeddable":true,"href":"https:\/\/www.24gliwice.pl\/wiadomosci\/wp-json\/wp\/v2\/comments?post=196727"}],"version-history":[{"count":11,"href":"https:\/\/www.24gliwice.pl\/wiadomosci\/wp-json\/wp\/v2\/posts\/196727\/revisions"}],"predecessor-version":[{"id":196757,"href":"https:\/\/www.24gliwice.pl\/wiadomosci\/wp-json\/wp\/v2\/posts\/196727\/revisions\/196757"}],"wp:featuredmedia":[{"embeddable":true,"href":"https:\/\/www.24gliwice.pl\/wiadomosci\/wp-json\/wp\/v2\/media\/196735"}],"wp:attachment":[{"href":"https:\/\/www.24gliwice.pl\/wiadomosci\/wp-json\/wp\/v2\/media?parent=196727"}],"wp:term":[{"taxonomy":"category","embeddable":true,"href":"https:\/\/www.24gliwice.pl\/wiadomosci\/wp-json\/wp\/v2\/categories?post=196727"},{"taxonomy":"post_tag","embeddable":true,"href":"https:\/\/www.24gliwice.pl\/wiadomosci\/wp-json\/wp\/v2\/tags?post=196727"}],"curies":[{"name":"wp","href":"https:\/\/api.w.org\/{rel}","templated":true}]}}