{"id":196897,"date":"2022-07-20T12:20:12","date_gmt":"2022-07-20T10:20:12","guid":{"rendered":"https:\/\/www.24gliwice.pl\/wiadomosci\/?p=196897"},"modified":"2022-07-20T19:33:40","modified_gmt":"2022-07-20T17:33:40","slug":"trojkolowcem-skosil-znak-drogowy-mial-juz-wczesniej-zabrane-prawo-jazdy-ale-to-nie-wszystko","status":"publish","type":"post","link":"https:\/\/www.24gliwice.pl\/wiadomosci\/trojkolowcem-skosil-znak-drogowy-mial-juz-wczesniej-zabrane-prawo-jazdy-ale-to-nie-wszystko\/","title":{"rendered":"&#8220;Tr\u00f3jko\u0142owcem&#8221; skosi\u0142 znak drogowy. Mia\u0142 ju\u017c wcze\u015bniej zabrane prawo jazdy, ale to nie wszystko&#8230;"},"content":{"rendered":"<div class=\"gliwi-a6-nad-leadem-artykulow gliwi-entity-placement\" id=\"gliwi-2665793971\"><div class=\"gliwi-adlabel\"><span style=\"font-size: 9px\">REKLAMA<\/span><\/div><div id=\"gliwi-3623443648\" style=\"margin-bottom: 30px;margin-left: auto;margin-right: auto;text-align: center;\"><a data-no-instant=\"1\" href=\"https:\/\/przedszkole.halogen.org.pl\/\" rel=\"noopener\" class=\"a2t-link\" target=\"_blank\" aria-label=\"20260402-ANIMATOR-przedszkole_grafika_750x200\"><img loading=\"lazy\" decoding=\"async\" src=\"https:\/\/www.24gliwice.pl\/wiadomosci\/wp-content\/uploads\/2026\/04\/20260402-ANIMATOR-przedszkole_grafika_750x200.webp\" alt=\"\"  srcset=\"https:\/\/www.24gliwice.pl\/wiadomosci\/wp-content\/uploads\/2026\/04\/20260402-ANIMATOR-przedszkole_grafika_750x200.webp 750w, https:\/\/www.24gliwice.pl\/wiadomosci\/wp-content\/uploads\/2026\/04\/20260402-ANIMATOR-przedszkole_grafika_750x200-410x109.webp 410w\" sizes=\"(max-width: 750px) 100vw, 750px\" class=\"no-lazyload\" width=\"750\" height=\"200\"  style=\"display: inline-block; max-width: 100%; height: auto;\" \/><\/a><\/div><\/div><h2>Stra\u017cnicy miejscy jad\u0105cy ulic\u0105 Daszy\u0144skiego us\u0142yszeli nieoczekiwany ha\u0142as dochodz\u0105cy z okolicy ronda Stanis\u0142awa Fryzego. Po dotarciu na miejsce okaza\u0142o si\u0119, \u017ce m\u0119\u017cczyzna jad\u0105cy tr\u00f3jko\u0142owcem, zderzy\u0142 si\u0119 ze znakiem drogowym. Wkr\u00f3tce te\u017c wyszed\u0142 na jaw pow\u00f3d kolizji.<\/h2>\n<p>&nbsp;<br \/>\nSytuacja mia\u0142a miejsce w ostatni pi\u0105tek. Widok, jaki zastali funkcjonariusze, to przewr\u00f3cony tr\u00f3jko\u0142owiec oraz znak drogowy le\u017c\u0105cy na przej\u015bciu dla pieszych. <\/p>\n<p>&#8211; <em>Natychmiast pomogli\u015bmy m\u0119\u017cczy\u017anie wydosta\u0107 si\u0119 ze \u015brodka, a nast\u0119pnie zabezpieczyli\u015bmy teren zdarzenia. W trakcie czynno\u015bci wyja\u015bniaj\u0105cych okaza\u0142o si\u0119, \u017ce osoba ma cofni\u0119te uprawnienia do kierowania pojazdami, a tak\u017ce, albo przede wszystkim jest pod wp\u0142ywem alkoholu, co zosta\u0142o to potwierdzone przez wezwany na miejsce patrol policji, kt\u00f3ra b\u0119dzie prowadzi\u0142a dalsze czynno\u015bci w sprawie<\/em> &#8211; relacjonuje stra\u017c miejska. <\/p><div class=\"gliwi-a3-w-tresci-artykulow gliwi-entity-placement\" id=\"gliwi-2906809466\"><div class=\"gliwi-adlabel\"><span style=\"font-size: 9px\">REKLAMA<\/span><\/div><div id=\"gliwi-767152818\" style=\"margin-bottom: 30px;margin-left: auto;margin-right: auto;text-align: center;\"><a data-no-instant=\"1\" href=\"https:\/\/ogrodyandersa.pl\/\" rel=\"noopener\" class=\"a2t-link\" target=\"_blank\" aria-label=\"20260415 Ogrody Andersa KUP TERAZ D\"><img loading=\"lazy\" decoding=\"async\" src=\"https:\/\/www.24gliwice.pl\/wiadomosci\/wp-content\/uploads\/2026\/04\/20260415-Ogrody-Andersa-KUP-TERAZ-D.jpg\" alt=\"\"  srcset=\"https:\/\/www.24gliwice.pl\/wiadomosci\/wp-content\/uploads\/2026\/04\/20260415-Ogrody-Andersa-KUP-TERAZ-D.jpg 750w, https:\/\/www.24gliwice.pl\/wiadomosci\/wp-content\/uploads\/2026\/04\/20260415-Ogrody-Andersa-KUP-TERAZ-D-410x109.jpg 410w\" sizes=\"(max-width: 750px) 100vw, 750px\" class=\"no-lazyload\" width=\"750\" height=\"200\"  style=\"display: inline-block; max-width: 100%; height: auto;\" \/><\/a><\/div><\/div>\n<h4>Mundurowi przypominaj\u0105, \u017ce jazda na &#8220;podw\u00f3jnym gazie&#8221; powoduje zagro\u017cenie dla innych uczestnik\u00f3w ruchu, w tym r\u00f3wnie\u017c pieszych.<\/h4>\n<p>Zgodnie z art. 178a \u00a71 Kodeksu Karnego: <em>Kto, znajduj\u0105c si\u0119 w stanie nietrze\u017awo\u015bci lub pod wp\u0142ywem \u015brodka odurzaj\u0105cego, prowadzi pojazd mechaniczny w ruchu l\u0105dowym, wodnym lub powietrznym, podlega grzywnie, karze ograniczenia wolno\u015bci albo pozbawieniu wolno\u015bci do lat 2.<\/em> <\/p>\n<p>(\u017cms)\/Stra\u017c miejska Gliwice<br \/>\nfot. arch. 24gliwice.pl\/zdj\u0119cie pogl\u0105dowe<\/p>\n<div class=\"gliwi-a5-na-koncu-artykulow gliwi-entity-placement\" id=\"gliwi-4255311004\"><div class=\"gliwi-adlabel\"><span style=\"font-size: 9px\">REKLAMA<\/span><\/div><div id=\"gliwi-2018270948\" style=\"margin-left: auto;margin-right: auto;text-align: center;\"><a data-no-instant=\"1\" href=\"https:\/\/prezeroarenagliwice.pl\/\" rel=\"noopener\" class=\"a2t-link\" target=\"_blank\" aria-label=\"20260309-PREZERO-WIOSNA-D\"><img loading=\"lazy\" decoding=\"async\" src=\"https:\/\/www.24gliwice.pl\/wiadomosci\/wp-content\/uploads\/2026\/03\/20260309-PREZERO-WIOSNA-D.webp\" alt=\"\"  srcset=\"https:\/\/www.24gliwice.pl\/wiadomosci\/wp-content\/uploads\/2026\/03\/20260309-PREZERO-WIOSNA-D.webp 750w, https:\/\/www.24gliwice.pl\/wiadomosci\/wp-content\/uploads\/2026\/03\/20260309-PREZERO-WIOSNA-D-410x109.webp 410w\" sizes=\"(max-width: 750px) 100vw, 750px\" class=\"no-lazyload\" width=\"750\" height=\"200\"  style=\"display: inline-block; max-width: 100%; height: auto;\" \/><\/a><\/div><\/div>","protected":false},"excerpt":{"rendered":"<p>Stra\u017cnicy miejscy jad\u0105cy ulic\u0105 Daszy\u0144skiego us\u0142yszeli nieoczekiwany ha\u0142as dochodz\u0105cy z okolicy ronda Stanis\u0142awa Fryzego. Po dotarciu na miejsce okaza\u0142o si\u0119, \u017ce m\u0119\u017cczyzna jad\u0105cy tr\u00f3jko\u0142owcem, zderzy\u0142 si\u0119 ze znakiem drogowym. Wkr\u00f3tce te\u017c wyszed\u0142 na jaw pow\u00f3d kolizji. &nbsp; Sytuacja mia\u0142a miejsce w ostatni pi\u0105tek. Widok, jaki zastali funkcjonariusze, to przewr\u00f3cony tr\u00f3jko\u0142owiec oraz znak drogowy le\u017c\u0105cy na [&hellip;]<\/p>\n","protected":false},"author":15,"featured_media":196961,"comment_status":"open","ping_status":"closed","sticky":false,"template":"","format":"standard","meta":{"_monsterinsights_skip_tracking":false,"_monsterinsights_sitenote_active":false,"_monsterinsights_sitenote_note":"","_monsterinsights_sitenote_category":0,"footnotes":"","_links_to":"","_links_to_target":""},"categories":[3,1,5],"tags":[],"class_list":["post-196897","post","type-post","status-publish","format-standard","has-post-thumbnail","hentry","category-gliwice","category-wszystko","category-kryminalki"],"yoast_head":"<!-- This site is optimized with the Yoast SEO plugin v27.5 - https:\/\/yoast.com\/product\/yoast-seo-wordpress\/ -->\n<title>&quot;Tr\u00f3jko\u0142owcem&quot; skosi\u0142 znak drogowy. Mia\u0142 ju\u017c wcze\u015bniej zabrane prawo jazdy, ale to nie wszystko... - 24GLIWICE - Portal Gliwice | codziennie nowe informacje<\/title>\n<meta name=\"description\" content=\"M\u0119\u017cczyzna pod wp\u0142ywem alkoholu, z cofni\u0119tymi uprawnieniami do kierowania, wjecha\u0142 w znak drogowy przewracaj\u0105c go. Interweniowali stra\u017cnicy\" \/>\n<meta name=\"robots\" content=\"index, follow, max-snippet:-1, max-image-preview:large, max-video-preview:-1\" \/>\n<link rel=\"canonical\" href=\"https:\/\/www.24gliwice.pl\/wiadomosci\/trojkolowcem-skosil-znak-drogowy-mial-juz-wczesniej-zabrane-prawo-jazdy-ale-to-nie-wszystko\/\" \/>\n<meta property=\"og:locale\" content=\"pl_PL\" \/>\n<meta property=\"og:type\" content=\"article\" \/>\n<meta property=\"og:title\" content=\"&quot;Tr\u00f3jko\u0142owcem&quot; skosi\u0142 znak drogowy. Mia\u0142 ju\u017c wcze\u015bniej zabrane prawo jazdy, ale to nie wszystko... - 24GLIWICE - Portal Gliwice | codziennie nowe informacje\" \/>\n<meta property=\"og:description\" content=\"M\u0119\u017cczyzna pod wp\u0142ywem alkoholu, z cofni\u0119tymi uprawnieniami do kierowania, wjecha\u0142 w znak drogowy przewracaj\u0105c go. Interweniowali stra\u017cnicy\" \/>\n<meta property=\"og:url\" content=\"https:\/\/www.24gliwice.pl\/wiadomosci\/trojkolowcem-skosil-znak-drogowy-mial-juz-wczesniej-zabrane-prawo-jazdy-ale-to-nie-wszystko\/\" \/>\n<meta property=\"og:site_name\" content=\"24GLIWICE - Portal Gliwice | codziennie nowe informacje\" \/>\n<meta property=\"article:publisher\" content=\"https:\/\/www.facebook.com\/24gliwice\" \/>\n<meta property=\"article:published_time\" content=\"2022-07-20T10:20:12+00:00\" \/>\n<meta property=\"article:modified_time\" content=\"2022-07-20T17:33:40+00:00\" \/>\n<meta property=\"og:image\" content=\"https:\/\/www.24gliwice.pl\/wiadomosci\/wp-content\/uploads\/2022\/07\/trojkolowiec-002.jpg\" \/>\n\t<meta property=\"og:image:width\" content=\"594\" \/>\n\t<meta property=\"og:image:height\" content=\"334\" \/>\n\t<meta property=\"og:image:type\" content=\"image\/jpeg\" \/>\n<meta name=\"author\" content=\"\u017baneta Mrozek-Siewierska\" \/>\n<meta name=\"twitter:card\" content=\"summary_large_image\" \/>\n<meta name=\"twitter:creator\" content=\"@24gliwice\" \/>\n<meta name=\"twitter:site\" content=\"@24gliwice\" \/>\n<meta name=\"twitter:label1\" content=\"Napisane przez\" \/>\n\t<meta name=\"twitter:data1\" content=\"\u017baneta Mrozek-Siewierska\" \/>\n\t<meta name=\"twitter:label2\" content=\"Szacowany czas czytania\" \/>\n\t<meta name=\"twitter:data2\" content=\"1 minuta\" \/>\n<script type=\"application\/ld+json\" class=\"yoast-schema-graph\">{\"@context\":\"https:\\\/\\\/schema.org\",\"@graph\":[{\"@type\":\"Article\",\"@id\":\"https:\\\/\\\/www.24gliwice.pl\\\/wiadomosci\\\/trojkolowcem-skosil-znak-drogowy-mial-juz-wczesniej-zabrane-prawo-jazdy-ale-to-nie-wszystko\\\/#article\",\"isPartOf\":{\"@id\":\"https:\\\/\\\/www.24gliwice.pl\\\/wiadomosci\\\/trojkolowcem-skosil-znak-drogowy-mial-juz-wczesniej-zabrane-prawo-jazdy-ale-to-nie-wszystko\\\/\"},\"author\":{\"name\":\"\u017baneta Mrozek-Siewierska\",\"@id\":\"https:\\\/\\\/www.24gliwice.pl\\\/wiadomosci\\\/#\\\/schema\\\/person\\\/e42c650edd7f2fa332be3811fb166b6e\"},\"headline\":\"&#8220;Tr\u00f3jko\u0142owcem&#8221; skosi\u0142 znak drogowy. Mia\u0142 ju\u017c wcze\u015bniej zabrane prawo jazdy, ale to nie wszystko&#8230;\",\"datePublished\":\"2022-07-20T10:20:12+00:00\",\"dateModified\":\"2022-07-20T17:33:40+00:00\",\"mainEntityOfPage\":{\"@id\":\"https:\\\/\\\/www.24gliwice.pl\\\/wiadomosci\\\/trojkolowcem-skosil-znak-drogowy-mial-juz-wczesniej-zabrane-prawo-jazdy-ale-to-nie-wszystko\\\/\"},\"wordCount\":247,\"commentCount\":0,\"publisher\":{\"@id\":\"https:\\\/\\\/www.24gliwice.pl\\\/wiadomosci\\\/#organization\"},\"image\":{\"@id\":\"https:\\\/\\\/www.24gliwice.pl\\\/wiadomosci\\\/trojkolowcem-skosil-znak-drogowy-mial-juz-wczesniej-zabrane-prawo-jazdy-ale-to-nie-wszystko\\\/#primaryimage\"},\"thumbnailUrl\":\"https:\\\/\\\/www.24gliwice.pl\\\/wiadomosci\\\/wp-content\\\/uploads\\\/2022\\\/07\\\/trojkolowiec-002.jpg\",\"articleSection\":[\"Gliwice\",\"Najnowsze wiadomo\u015bci\",\"Prawo\"],\"inLanguage\":\"pl-PL\",\"potentialAction\":[{\"@type\":\"CommentAction\",\"name\":\"Comment\",\"target\":[\"https:\\\/\\\/www.24gliwice.pl\\\/wiadomosci\\\/trojkolowcem-skosil-znak-drogowy-mial-juz-wczesniej-zabrane-prawo-jazdy-ale-to-nie-wszystko\\\/#respond\"]}]},{\"@type\":\"WebPage\",\"@id\":\"https:\\\/\\\/www.24gliwice.pl\\\/wiadomosci\\\/trojkolowcem-skosil-znak-drogowy-mial-juz-wczesniej-zabrane-prawo-jazdy-ale-to-nie-wszystko\\\/\",\"url\":\"https:\\\/\\\/www.24gliwice.pl\\\/wiadomosci\\\/trojkolowcem-skosil-znak-drogowy-mial-juz-wczesniej-zabrane-prawo-jazdy-ale-to-nie-wszystko\\\/\",\"name\":\"\\\"Tr\u00f3jko\u0142owcem\\\" skosi\u0142 znak drogowy. Mia\u0142 ju\u017c wcze\u015bniej zabrane prawo jazdy, ale to nie wszystko... - 24GLIWICE - Portal Gliwice | codziennie nowe informacje\",\"isPartOf\":{\"@id\":\"https:\\\/\\\/www.24gliwice.pl\\\/wiadomosci\\\/#website\"},\"primaryImageOfPage\":{\"@id\":\"https:\\\/\\\/www.24gliwice.pl\\\/wiadomosci\\\/trojkolowcem-skosil-znak-drogowy-mial-juz-wczesniej-zabrane-prawo-jazdy-ale-to-nie-wszystko\\\/#primaryimage\"},\"image\":{\"@id\":\"https:\\\/\\\/www.24gliwice.pl\\\/wiadomosci\\\/trojkolowcem-skosil-znak-drogowy-mial-juz-wczesniej-zabrane-prawo-jazdy-ale-to-nie-wszystko\\\/#primaryimage\"},\"thumbnailUrl\":\"https:\\\/\\\/www.24gliwice.pl\\\/wiadomosci\\\/wp-content\\\/uploads\\\/2022\\\/07\\\/trojkolowiec-002.jpg\",\"datePublished\":\"2022-07-20T10:20:12+00:00\",\"dateModified\":\"2022-07-20T17:33:40+00:00\",\"description\":\"M\u0119\u017cczyzna pod wp\u0142ywem alkoholu, z cofni\u0119tymi uprawnieniami do kierowania, wjecha\u0142 w znak drogowy przewracaj\u0105c go. Interweniowali stra\u017cnicy\",\"breadcrumb\":{\"@id\":\"https:\\\/\\\/www.24gliwice.pl\\\/wiadomosci\\\/trojkolowcem-skosil-znak-drogowy-mial-juz-wczesniej-zabrane-prawo-jazdy-ale-to-nie-wszystko\\\/#breadcrumb\"},\"inLanguage\":\"pl-PL\",\"potentialAction\":[{\"@type\":\"ReadAction\",\"target\":[\"https:\\\/\\\/www.24gliwice.pl\\\/wiadomosci\\\/trojkolowcem-skosil-znak-drogowy-mial-juz-wczesniej-zabrane-prawo-jazdy-ale-to-nie-wszystko\\\/\"]}]},{\"@type\":\"ImageObject\",\"inLanguage\":\"pl-PL\",\"@id\":\"https:\\\/\\\/www.24gliwice.pl\\\/wiadomosci\\\/trojkolowcem-skosil-znak-drogowy-mial-juz-wczesniej-zabrane-prawo-jazdy-ale-to-nie-wszystko\\\/#primaryimage\",\"url\":\"https:\\\/\\\/www.24gliwice.pl\\\/wiadomosci\\\/wp-content\\\/uploads\\\/2022\\\/07\\\/trojkolowiec-002.jpg\",\"contentUrl\":\"https:\\\/\\\/www.24gliwice.pl\\\/wiadomosci\\\/wp-content\\\/uploads\\\/2022\\\/07\\\/trojkolowiec-002.jpg\",\"width\":594,\"height\":334},{\"@type\":\"BreadcrumbList\",\"@id\":\"https:\\\/\\\/www.24gliwice.pl\\\/wiadomosci\\\/trojkolowcem-skosil-znak-drogowy-mial-juz-wczesniej-zabrane-prawo-jazdy-ale-to-nie-wszystko\\\/#breadcrumb\",\"itemListElement\":[{\"@type\":\"ListItem\",\"position\":1,\"name\":\"Strona g\u0142\u00f3wna\",\"item\":\"https:\\\/\\\/www.24gliwice.pl\\\/wiadomosci\\\/\"},{\"@type\":\"ListItem\",\"position\":2,\"name\":\"&#8222;Tr\u00f3jko\u0142owcem&#8221; skosi\u0142 znak drogowy. Mia\u0142 ju\u017c wcze\u015bniej zabrane prawo jazdy, ale to nie wszystko&#8230;\"}]},{\"@type\":\"WebSite\",\"@id\":\"https:\\\/\\\/www.24gliwice.pl\\\/wiadomosci\\\/#website\",\"url\":\"https:\\\/\\\/www.24gliwice.pl\\\/wiadomosci\\\/\",\"name\":\"24GLIWICE - Portal Gliwice | codziennie nowe wiadomo\u015bci\",\"description\":\"Portal Miejski Gliwice\",\"publisher\":{\"@id\":\"https:\\\/\\\/www.24gliwice.pl\\\/wiadomosci\\\/#organization\"},\"potentialAction\":[{\"@type\":\"SearchAction\",\"target\":{\"@type\":\"EntryPoint\",\"urlTemplate\":\"https:\\\/\\\/www.24gliwice.pl\\\/wiadomosci\\\/?s={search_term_string}\"},\"query-input\":{\"@type\":\"PropertyValueSpecification\",\"valueRequired\":true,\"valueName\":\"search_term_string\"}}],\"inLanguage\":\"pl-PL\"},{\"@type\":\"Organization\",\"@id\":\"https:\\\/\\\/www.24gliwice.pl\\\/wiadomosci\\\/#organization\",\"name\":\"24gliwice\",\"url\":\"https:\\\/\\\/www.24gliwice.pl\\\/wiadomosci\\\/\",\"logo\":{\"@type\":\"ImageObject\",\"inLanguage\":\"pl-PL\",\"@id\":\"https:\\\/\\\/www.24gliwice.pl\\\/wiadomosci\\\/#\\\/schema\\\/logo\\\/image\\\/\",\"url\":\"https:\\\/\\\/www.24gliwice.pl\\\/wiadomosci\\\/wp-content\\\/uploads\\\/2024\\\/10\\\/24gliwice-logo-696.jpg\",\"contentUrl\":\"https:\\\/\\\/www.24gliwice.pl\\\/wiadomosci\\\/wp-content\\\/uploads\\\/2024\\\/10\\\/24gliwice-logo-696.jpg\",\"width\":696,\"height\":696,\"caption\":\"24gliwice\"},\"image\":{\"@id\":\"https:\\\/\\\/www.24gliwice.pl\\\/wiadomosci\\\/#\\\/schema\\\/logo\\\/image\\\/\"},\"sameAs\":[\"https:\\\/\\\/www.facebook.com\\\/24gliwice\",\"https:\\\/\\\/x.com\\\/24gliwice\",\"https:\\\/\\\/www.youtube.com\\\/@24gliwice\"]},{\"@type\":\"Person\",\"@id\":\"https:\\\/\\\/www.24gliwice.pl\\\/wiadomosci\\\/#\\\/schema\\\/person\\\/e42c650edd7f2fa332be3811fb166b6e\",\"name\":\"\u017baneta Mrozek-Siewierska\",\"image\":{\"@type\":\"ImageObject\",\"inLanguage\":\"pl-PL\",\"@id\":\"https:\\\/\\\/secure.gravatar.com\\\/avatar\\\/1881429e9c64597c77ad7aef2d0a19be69a3253e57534d16aa15bf3a4d34a0a3?s=96&d=mm&r=g\",\"url\":\"https:\\\/\\\/secure.gravatar.com\\\/avatar\\\/1881429e9c64597c77ad7aef2d0a19be69a3253e57534d16aa15bf3a4d34a0a3?s=96&d=mm&r=g\",\"contentUrl\":\"https:\\\/\\\/secure.gravatar.com\\\/avatar\\\/1881429e9c64597c77ad7aef2d0a19be69a3253e57534d16aa15bf3a4d34a0a3?s=96&d=mm&r=g\",\"caption\":\"\u017baneta Mrozek-Siewierska\"},\"url\":\"https:\\\/\\\/www.24gliwice.pl\\\/wiadomosci\\\/author\\\/zms\\\/\"}]}<\/script>\n<!-- \/ Yoast SEO plugin. -->","yoast_head_json":{"title":"\"Tr\u00f3jko\u0142owcem\" skosi\u0142 znak drogowy. Mia\u0142 ju\u017c wcze\u015bniej zabrane prawo jazdy, ale to nie wszystko... - 24GLIWICE - Portal Gliwice | codziennie nowe informacje","description":"M\u0119\u017cczyzna pod wp\u0142ywem alkoholu, z cofni\u0119tymi uprawnieniami do kierowania, wjecha\u0142 w znak drogowy przewracaj\u0105c go. Interweniowali stra\u017cnicy","robots":{"index":"index","follow":"follow","max-snippet":"max-snippet:-1","max-image-preview":"max-image-preview:large","max-video-preview":"max-video-preview:-1"},"canonical":"https:\/\/www.24gliwice.pl\/wiadomosci\/trojkolowcem-skosil-znak-drogowy-mial-juz-wczesniej-zabrane-prawo-jazdy-ale-to-nie-wszystko\/","og_locale":"pl_PL","og_type":"article","og_title":"\"Tr\u00f3jko\u0142owcem\" skosi\u0142 znak drogowy. Mia\u0142 ju\u017c wcze\u015bniej zabrane prawo jazdy, ale to nie wszystko... - 24GLIWICE - Portal Gliwice | codziennie nowe informacje","og_description":"M\u0119\u017cczyzna pod wp\u0142ywem alkoholu, z cofni\u0119tymi uprawnieniami do kierowania, wjecha\u0142 w znak drogowy przewracaj\u0105c go. Interweniowali stra\u017cnicy","og_url":"https:\/\/www.24gliwice.pl\/wiadomosci\/trojkolowcem-skosil-znak-drogowy-mial-juz-wczesniej-zabrane-prawo-jazdy-ale-to-nie-wszystko\/","og_site_name":"24GLIWICE - Portal Gliwice | codziennie nowe informacje","article_publisher":"https:\/\/www.facebook.com\/24gliwice","article_published_time":"2022-07-20T10:20:12+00:00","article_modified_time":"2022-07-20T17:33:40+00:00","og_image":[{"width":594,"height":334,"url":"https:\/\/www.24gliwice.pl\/wiadomosci\/wp-content\/uploads\/2022\/07\/trojkolowiec-002.jpg","type":"image\/jpeg"}],"author":"\u017baneta Mrozek-Siewierska","twitter_card":"summary_large_image","twitter_creator":"@24gliwice","twitter_site":"@24gliwice","twitter_misc":{"Napisane przez":"\u017baneta Mrozek-Siewierska","Szacowany czas czytania":"1 minuta"},"schema":{"@context":"https:\/\/schema.org","@graph":[{"@type":"Article","@id":"https:\/\/www.24gliwice.pl\/wiadomosci\/trojkolowcem-skosil-znak-drogowy-mial-juz-wczesniej-zabrane-prawo-jazdy-ale-to-nie-wszystko\/#article","isPartOf":{"@id":"https:\/\/www.24gliwice.pl\/wiadomosci\/trojkolowcem-skosil-znak-drogowy-mial-juz-wczesniej-zabrane-prawo-jazdy-ale-to-nie-wszystko\/"},"author":{"name":"\u017baneta Mrozek-Siewierska","@id":"https:\/\/www.24gliwice.pl\/wiadomosci\/#\/schema\/person\/e42c650edd7f2fa332be3811fb166b6e"},"headline":"&#8220;Tr\u00f3jko\u0142owcem&#8221; skosi\u0142 znak drogowy. Mia\u0142 ju\u017c wcze\u015bniej zabrane prawo jazdy, ale to nie wszystko&#8230;","datePublished":"2022-07-20T10:20:12+00:00","dateModified":"2022-07-20T17:33:40+00:00","mainEntityOfPage":{"@id":"https:\/\/www.24gliwice.pl\/wiadomosci\/trojkolowcem-skosil-znak-drogowy-mial-juz-wczesniej-zabrane-prawo-jazdy-ale-to-nie-wszystko\/"},"wordCount":247,"commentCount":0,"publisher":{"@id":"https:\/\/www.24gliwice.pl\/wiadomosci\/#organization"},"image":{"@id":"https:\/\/www.24gliwice.pl\/wiadomosci\/trojkolowcem-skosil-znak-drogowy-mial-juz-wczesniej-zabrane-prawo-jazdy-ale-to-nie-wszystko\/#primaryimage"},"thumbnailUrl":"https:\/\/www.24gliwice.pl\/wiadomosci\/wp-content\/uploads\/2022\/07\/trojkolowiec-002.jpg","articleSection":["Gliwice","Najnowsze wiadomo\u015bci","Prawo"],"inLanguage":"pl-PL","potentialAction":[{"@type":"CommentAction","name":"Comment","target":["https:\/\/www.24gliwice.pl\/wiadomosci\/trojkolowcem-skosil-znak-drogowy-mial-juz-wczesniej-zabrane-prawo-jazdy-ale-to-nie-wszystko\/#respond"]}]},{"@type":"WebPage","@id":"https:\/\/www.24gliwice.pl\/wiadomosci\/trojkolowcem-skosil-znak-drogowy-mial-juz-wczesniej-zabrane-prawo-jazdy-ale-to-nie-wszystko\/","url":"https:\/\/www.24gliwice.pl\/wiadomosci\/trojkolowcem-skosil-znak-drogowy-mial-juz-wczesniej-zabrane-prawo-jazdy-ale-to-nie-wszystko\/","name":"\"Tr\u00f3jko\u0142owcem\" skosi\u0142 znak drogowy. Mia\u0142 ju\u017c wcze\u015bniej zabrane prawo jazdy, ale to nie wszystko... - 24GLIWICE - Portal Gliwice | codziennie nowe informacje","isPartOf":{"@id":"https:\/\/www.24gliwice.pl\/wiadomosci\/#website"},"primaryImageOfPage":{"@id":"https:\/\/www.24gliwice.pl\/wiadomosci\/trojkolowcem-skosil-znak-drogowy-mial-juz-wczesniej-zabrane-prawo-jazdy-ale-to-nie-wszystko\/#primaryimage"},"image":{"@id":"https:\/\/www.24gliwice.pl\/wiadomosci\/trojkolowcem-skosil-znak-drogowy-mial-juz-wczesniej-zabrane-prawo-jazdy-ale-to-nie-wszystko\/#primaryimage"},"thumbnailUrl":"https:\/\/www.24gliwice.pl\/wiadomosci\/wp-content\/uploads\/2022\/07\/trojkolowiec-002.jpg","datePublished":"2022-07-20T10:20:12+00:00","dateModified":"2022-07-20T17:33:40+00:00","description":"M\u0119\u017cczyzna pod wp\u0142ywem alkoholu, z cofni\u0119tymi uprawnieniami do kierowania, wjecha\u0142 w znak drogowy przewracaj\u0105c go. Interweniowali stra\u017cnicy","breadcrumb":{"@id":"https:\/\/www.24gliwice.pl\/wiadomosci\/trojkolowcem-skosil-znak-drogowy-mial-juz-wczesniej-zabrane-prawo-jazdy-ale-to-nie-wszystko\/#breadcrumb"},"inLanguage":"pl-PL","potentialAction":[{"@type":"ReadAction","target":["https:\/\/www.24gliwice.pl\/wiadomosci\/trojkolowcem-skosil-znak-drogowy-mial-juz-wczesniej-zabrane-prawo-jazdy-ale-to-nie-wszystko\/"]}]},{"@type":"ImageObject","inLanguage":"pl-PL","@id":"https:\/\/www.24gliwice.pl\/wiadomosci\/trojkolowcem-skosil-znak-drogowy-mial-juz-wczesniej-zabrane-prawo-jazdy-ale-to-nie-wszystko\/#primaryimage","url":"https:\/\/www.24gliwice.pl\/wiadomosci\/wp-content\/uploads\/2022\/07\/trojkolowiec-002.jpg","contentUrl":"https:\/\/www.24gliwice.pl\/wiadomosci\/wp-content\/uploads\/2022\/07\/trojkolowiec-002.jpg","width":594,"height":334},{"@type":"BreadcrumbList","@id":"https:\/\/www.24gliwice.pl\/wiadomosci\/trojkolowcem-skosil-znak-drogowy-mial-juz-wczesniej-zabrane-prawo-jazdy-ale-to-nie-wszystko\/#breadcrumb","itemListElement":[{"@type":"ListItem","position":1,"name":"Strona g\u0142\u00f3wna","item":"https:\/\/www.24gliwice.pl\/wiadomosci\/"},{"@type":"ListItem","position":2,"name":"&#8222;Tr\u00f3jko\u0142owcem&#8221; skosi\u0142 znak drogowy. Mia\u0142 ju\u017c wcze\u015bniej zabrane prawo jazdy, ale to nie wszystko&#8230;"}]},{"@type":"WebSite","@id":"https:\/\/www.24gliwice.pl\/wiadomosci\/#website","url":"https:\/\/www.24gliwice.pl\/wiadomosci\/","name":"24GLIWICE - Portal Gliwice | codziennie nowe wiadomo\u015bci","description":"Portal Miejski Gliwice","publisher":{"@id":"https:\/\/www.24gliwice.pl\/wiadomosci\/#organization"},"potentialAction":[{"@type":"SearchAction","target":{"@type":"EntryPoint","urlTemplate":"https:\/\/www.24gliwice.pl\/wiadomosci\/?s={search_term_string}"},"query-input":{"@type":"PropertyValueSpecification","valueRequired":true,"valueName":"search_term_string"}}],"inLanguage":"pl-PL"},{"@type":"Organization","@id":"https:\/\/www.24gliwice.pl\/wiadomosci\/#organization","name":"24gliwice","url":"https:\/\/www.24gliwice.pl\/wiadomosci\/","logo":{"@type":"ImageObject","inLanguage":"pl-PL","@id":"https:\/\/www.24gliwice.pl\/wiadomosci\/#\/schema\/logo\/image\/","url":"https:\/\/www.24gliwice.pl\/wiadomosci\/wp-content\/uploads\/2024\/10\/24gliwice-logo-696.jpg","contentUrl":"https:\/\/www.24gliwice.pl\/wiadomosci\/wp-content\/uploads\/2024\/10\/24gliwice-logo-696.jpg","width":696,"height":696,"caption":"24gliwice"},"image":{"@id":"https:\/\/www.24gliwice.pl\/wiadomosci\/#\/schema\/logo\/image\/"},"sameAs":["https:\/\/www.facebook.com\/24gliwice","https:\/\/x.com\/24gliwice","https:\/\/www.youtube.com\/@24gliwice"]},{"@type":"Person","@id":"https:\/\/www.24gliwice.pl\/wiadomosci\/#\/schema\/person\/e42c650edd7f2fa332be3811fb166b6e","name":"\u017baneta Mrozek-Siewierska","image":{"@type":"ImageObject","inLanguage":"pl-PL","@id":"https:\/\/secure.gravatar.com\/avatar\/1881429e9c64597c77ad7aef2d0a19be69a3253e57534d16aa15bf3a4d34a0a3?s=96&d=mm&r=g","url":"https:\/\/secure.gravatar.com\/avatar\/1881429e9c64597c77ad7aef2d0a19be69a3253e57534d16aa15bf3a4d34a0a3?s=96&d=mm&r=g","contentUrl":"https:\/\/secure.gravatar.com\/avatar\/1881429e9c64597c77ad7aef2d0a19be69a3253e57534d16aa15bf3a4d34a0a3?s=96&d=mm&r=g","caption":"\u017baneta Mrozek-Siewierska"},"url":"https:\/\/www.24gliwice.pl\/wiadomosci\/author\/zms\/"}]}},"_links":{"self":[{"href":"https:\/\/www.24gliwice.pl\/wiadomosci\/wp-json\/wp\/v2\/posts\/196897","targetHints":{"allow":["GET"]}}],"collection":[{"href":"https:\/\/www.24gliwice.pl\/wiadomosci\/wp-json\/wp\/v2\/posts"}],"about":[{"href":"https:\/\/www.24gliwice.pl\/wiadomosci\/wp-json\/wp\/v2\/types\/post"}],"author":[{"embeddable":true,"href":"https:\/\/www.24gliwice.pl\/wiadomosci\/wp-json\/wp\/v2\/users\/15"}],"replies":[{"embeddable":true,"href":"https:\/\/www.24gliwice.pl\/wiadomosci\/wp-json\/wp\/v2\/comments?post=196897"}],"version-history":[{"count":0,"href":"https:\/\/www.24gliwice.pl\/wiadomosci\/wp-json\/wp\/v2\/posts\/196897\/revisions"}],"wp:featuredmedia":[{"embeddable":true,"href":"https:\/\/www.24gliwice.pl\/wiadomosci\/wp-json\/wp\/v2\/media\/196961"}],"wp:attachment":[{"href":"https:\/\/www.24gliwice.pl\/wiadomosci\/wp-json\/wp\/v2\/media?parent=196897"}],"wp:term":[{"taxonomy":"category","embeddable":true,"href":"https:\/\/www.24gliwice.pl\/wiadomosci\/wp-json\/wp\/v2\/categories?post=196897"},{"taxonomy":"post_tag","embeddable":true,"href":"https:\/\/www.24gliwice.pl\/wiadomosci\/wp-json\/wp\/v2\/tags?post=196897"}],"curies":[{"name":"wp","href":"https:\/\/api.w.org\/{rel}","templated":true}]}}