{"id":196950,"date":"2022-07-20T19:13:07","date_gmt":"2022-07-20T17:13:07","guid":{"rendered":"https:\/\/www.24gliwice.pl\/wiadomosci\/?p=196950"},"modified":"2022-07-20T19:13:07","modified_gmt":"2022-07-20T17:13:07","slug":"summer-arena-rozkrecila-sie-na-dobre-to-juz-trzecie-wakacje-z-letnia-strefy-areny-gliwice","status":"publish","type":"post","link":"https:\/\/www.24gliwice.pl\/wiadomosci\/summer-arena-rozkrecila-sie-na-dobre-to-juz-trzecie-wakacje-z-letnia-strefy-areny-gliwice\/","title":{"rendered":"Summer Arena rozkr\u0119ci\u0142a si\u0119 na dobre \u2013 to ju\u017c trzecie wakacje z letni\u0105 strefy Areny Gliwice"},"content":{"rendered":"<h2>Dobre towarzystwo, s\u0142o\u0144ce, muzyka na \u017cywo \u2013 to ju\u017c sprawdzona formu\u0142a na udane wakacje. Za nami trzy wsp\u00f3lne weekendy, byli\u015bmy w Ameryce Po\u0142udniowej, zaliczyli\u015bmy West Coast, ale Summer nie zwalnia tempa &#8211; od czwartku startuje z festiwalem sportu, wype\u0142niony darmowymi atrakcjami dla ca\u0142ych rodzin po same brzegi. <\/h3>\n<p>&nbsp;<br \/>\nWeekendy tematyczne to specjalno\u015b\u0107 <a href=\"https:\/\/arenagliwice.com\/summerarena\" rel=\"noopener\" target=\"_blank\">Summer Arena<\/a> &#8211; ka\u017cdy oferuje r\u00f3\u017cne atrakcje takich jak koncerty, karaoke, imprezy taneczne, kino plenerowe, animacje i warsztaty dla dzieci, strefa chill z le\u017caczkami. A to wszystko przy Ma\u0142ej Scenie, w strefie koncert\u00f3w i gastro. <strong>Warto odwiedzi\u0107 Weekend Dooko\u0142a \u015awiata 28.07-30.07, Weekend Filmowy 4.08-6.08, Weekend Biegowo-Wspinaczkowy 11.08-13.08, Biesiad\u0119 \u015al\u0105sk\u0105 15.08, Weekend Rockowy 18.08-20.08. <\/strong><\/p>\n<h3>WRZU\u0106 NA RUCH<\/h3>\n<p>Summer zaczyna weekend ju\u017c w czwartek o 21:00 i jak co tydzie\u0144 na start serwuje dawk\u0119 porz\u0105dnego kina. Je\u015bli kino latem \u2013 to koniecznie w plenerze. Ju\u017c w najbli\u017cszy pi\u0105tek b\u0119dziecie mieli okazj\u0119 po\u015bpiewa\u0107 na karaoke &#8211; najwi\u0119ksze przeboje, pe\u0142na dowolno\u015b\u0107 repertuaru i gor\u0105co dopinguj\u0105ca publiczno\u015b\u0107 to gwarancja kapitalnego pi\u0105tkowego wieczoru. <\/p>\n<p>Kumulacja atrakcji nast\u0105pi w sobot\u0119, podczas Igrzysk Sportowych w Betonowej D\u017cungli na placu g\u0142\u00f3wnym \u2013 zawody skimboardowe, judo z Katagurum\u0105, koszyk\u00f3wka, strzelnica, zabawy z Aniamtolk\u0105, gra terenowa, maraton rowerowy, pi\u0142ka no\u017cna na stole do ping ponga, animacje z futsalowym Piastem Gliwice i KS 3arte Arena Gliwice. Do tego pokaz z wozem stra\u017cackim, nauka pierwszej pomocy czy znakowanie rower\u00f3w. Wielkie \u015bwi\u0119to sportu i rado\u015bci zaczniemy o 16:00, a na dok\u0142adk\u0119 czeka nas najgor\u0119tsza impreza tego lata &#8211; kto bawi\u0142 si\u0119 ju\u017c z za\u0142og\u0105 Gents Events, ten wie, \u017ce tego po prostu nie wypada przegapi\u0107. <\/p>\n<h3>PRZEZ \u017bO\u0141\u0104DEK NA SUMMER<\/h3>\n<p>Nie ma mowy o udanych wakacjach bez dobrego jedzenia. Tutaj Summer Arena ma prawdziwe pole do popisu. \u0141asuchy mog\u0105 rozkoszowa\u0107 si\u0119 goframi b\u0105belkowymi i absolutnym hitem tego lata \u2013 lodoburgerami, kt\u00f3re zd\u0105\u017cy\u0142y ju\u017c podbi\u0107 serca amator\u00f3w s\u0142odko\u015bci, a mi\u0142o\u015bnik\u00f3w klasycznych \u0142akoci z pewno\u015bci\u0105 urzekn\u0105 rzemie\u015blnicze lody w najr\u00f3\u017cniejszych smakach, gofry oraz shake. Wszystkie te delicje znajdziecie na placu g\u0142\u00f3wnym. <\/p>\n<p>S\u0142ona oferta to bilet w podr\u00f3\u017c dooko\u0142a \u015bwiata dla kubk\u00f3w smakowych. Na pocz\u0105tek Pulled Pork, czyli szarpana wieprzowina z bu\u0142k\u0105 brioche lub bajglem do wyboru. Nie brakuje r\u00f3wnie\u017c odpowiednika vege \u2013 dla ro\u015blino\u017cerc\u00f3w przygotowali\u015bmy opcje serowe! Ma\u0142o? A to dopiero pocz\u0105tek \u2013 summerowa quesadilla to prawdziwa uczta dla podniebienia &#8211; ci\u0105gn\u0105cy si\u0119 cheddar i zestawienie dodatk\u00f3w nie da o sobie tak szybko zapomnie\u0107. Bli\u017csza domowym smakom b\u0119dzie \u015bl\u0105ska sznita autorska zapiekanka z dodatkami takimi jak krupniok, pieczarki czy pasztet. Widzimy si\u0119 w ka\u017cdy czwartek, pi\u0105tek i sobot\u0119 od 18:00 przy Ma\u0142ej Scenie.\u00a0<br \/>\n\u00a0<\/p>\n<h3>KTO NA SUMMER?<\/h3>\n<p>Oki i Kukon, czyli naczelni gracze m\u0142odego pokolenia polskiej sceny rapowej rozbujali setki s\u0142uchaczy w ubieg\u0142y pi\u0105tek, a to dopiero przedsmak muzycznych dozna\u0144 tego lata. 29 lipca czeka nas (ju\u017c drugi) romans z Nocnym Kochankiem, a jakby tego by\u0142o ma\u0142o \u2013 20 sierpnia Gliwice odwiedzi prawdziwy bia\u0142y kruk polskiego punk rocka \u2013 Pid\u017cama Porno! Bilety na koncerty z\u0142apiecie na <a href=\"https:\/\/www.eventim.pl\/city\/gliwice-1862\/venue\/arena-gliwice-24512\/\" rel=\"noopener\" target=\"_blank\">eventim.pl<\/a>! Widzimy si\u0119 pod scen\u0105! <\/p>\n<p><small>materia\u0142 partnera<\/small><\/p>\n","protected":false},"excerpt":{"rendered":"<p>Dobre towarzystwo, s\u0142o\u0144ce, muzyka na \u017cywo \u2013 to ju\u017c sprawdzona formu\u0142a na udane wakacje. Za nami trzy wsp\u00f3lne weekendy, byli\u015bmy w Ameryce Po\u0142udniowej, zaliczyli\u015bmy West Coast, ale Summer nie zwalnia tempa &#8211; od czwartku startuje z festiwalem sportu, wype\u0142niony darmowymi atrakcjami dla ca\u0142ych rodzin po same brzegi. &nbsp; Weekendy tematyczne to specjalno\u015b\u0107 Summer Arena &#8211; [&hellip;]<\/p>\n","protected":false},"author":4,"featured_media":196951,"comment_status":"closed","ping_status":"closed","sticky":false,"template":"","format":"standard","meta":{"_monsterinsights_skip_tracking":false,"_monsterinsights_sitenote_active":false,"_monsterinsights_sitenote_note":"","_monsterinsights_sitenote_category":0,"footnotes":"","_links_to":"","_links_to_target":""},"categories":[3,6,1,1129],"tags":[3077,19743],"class_list":["post-196950","post","type-post","status-publish","format-standard","has-post-thumbnail","hentry","category-gliwice","category-kultura","category-wszystko","category-polecamy","tag-arena-gliwice","tag-summer-arena"],"yoast_head":"<!-- This site is optimized with the Yoast SEO plugin v27.4 - https:\/\/yoast.com\/product\/yoast-seo-wordpress\/ -->\n<title>Summer Arena rozkr\u0119ci\u0142a si\u0119 na dobre \u2013 to ju\u017c trzecie wakacje z letni\u0105 strefy Areny Gliwice - 24GLIWICE - Portal Gliwice | codziennie nowe informacje<\/title>\n<meta name=\"robots\" content=\"index, follow, max-snippet:-1, max-image-preview:large, max-video-preview:-1\" \/>\n<link rel=\"canonical\" href=\"https:\/\/www.24gliwice.pl\/wiadomosci\/summer-arena-rozkrecila-sie-na-dobre-to-juz-trzecie-wakacje-z-letnia-strefy-areny-gliwice\/\" \/>\n<meta property=\"og:locale\" content=\"pl_PL\" \/>\n<meta property=\"og:type\" content=\"article\" \/>\n<meta property=\"og:title\" content=\"Summer Arena rozkr\u0119ci\u0142a si\u0119 na dobre \u2013 to ju\u017c trzecie wakacje z letni\u0105 strefy Areny Gliwice - 24GLIWICE - Portal Gliwice | codziennie nowe informacje\" \/>\n<meta property=\"og:description\" content=\"Dobre towarzystwo, s\u0142o\u0144ce, muzyka na \u017cywo \u2013 to ju\u017c sprawdzona formu\u0142a na udane wakacje. Za nami trzy wsp\u00f3lne weekendy, byli\u015bmy w Ameryce Po\u0142udniowej, zaliczyli\u015bmy West Coast, ale Summer nie zwalnia tempa &#8211; od czwartku startuje z festiwalem sportu, wype\u0142niony darmowymi atrakcjami dla ca\u0142ych rodzin po same brzegi. &nbsp; Weekendy tematyczne to specjalno\u015b\u0107 Summer Arena &#8211; [&hellip;]\" \/>\n<meta property=\"og:url\" content=\"https:\/\/www.24gliwice.pl\/wiadomosci\/summer-arena-rozkrecila-sie-na-dobre-to-juz-trzecie-wakacje-z-letnia-strefy-areny-gliwice\/\" \/>\n<meta property=\"og:site_name\" content=\"24GLIWICE - Portal Gliwice | codziennie nowe informacje\" \/>\n<meta property=\"article:publisher\" content=\"https:\/\/www.facebook.com\/24gliwice\" \/>\n<meta property=\"article:author\" content=\"https:\/\/www.facebook.com\/marcin.fabrykowski\" \/>\n<meta property=\"article:published_time\" content=\"2022-07-20T17:13:07+00:00\" \/>\n<meta property=\"og:image\" content=\"https:\/\/www.24gliwice.pl\/wiadomosci\/wp-content\/uploads\/2022\/07\/Summer-Arena.jpg\" \/>\n\t<meta property=\"og:image:width\" content=\"810\" \/>\n\t<meta property=\"og:image:height\" content=\"456\" \/>\n\t<meta property=\"og:image:type\" content=\"image\/jpeg\" \/>\n<meta name=\"author\" content=\"Marcin Fabrykowski\" \/>\n<meta name=\"twitter:card\" content=\"summary_large_image\" \/>\n<meta name=\"twitter:creator\" content=\"@24gliwice\" \/>\n<meta name=\"twitter:site\" content=\"@24gliwice\" \/>\n<meta name=\"twitter:label1\" content=\"Napisane przez\" \/>\n\t<meta name=\"twitter:data1\" content=\"Marcin Fabrykowski\" \/>\n\t<meta name=\"twitter:label2\" content=\"Szacowany czas czytania\" \/>\n\t<meta name=\"twitter:data2\" content=\"3 minuty\" \/>\n<script type=\"application\/ld+json\" class=\"yoast-schema-graph\">{\"@context\":\"https:\\\/\\\/schema.org\",\"@graph\":[{\"@type\":\"Article\",\"@id\":\"https:\\\/\\\/www.24gliwice.pl\\\/wiadomosci\\\/summer-arena-rozkrecila-sie-na-dobre-to-juz-trzecie-wakacje-z-letnia-strefy-areny-gliwice\\\/#article\",\"isPartOf\":{\"@id\":\"https:\\\/\\\/www.24gliwice.pl\\\/wiadomosci\\\/summer-arena-rozkrecila-sie-na-dobre-to-juz-trzecie-wakacje-z-letnia-strefy-areny-gliwice\\\/\"},\"author\":{\"name\":\"Marcin Fabrykowski\",\"@id\":\"https:\\\/\\\/www.24gliwice.pl\\\/wiadomosci\\\/#\\\/schema\\\/person\\\/cb5857e4a4d048c15984c1edcc8ef0c0\"},\"headline\":\"Summer Arena rozkr\u0119ci\u0142a si\u0119 na dobre \u2013 to ju\u017c trzecie wakacje z letni\u0105 strefy Areny Gliwice\",\"datePublished\":\"2022-07-20T17:13:07+00:00\",\"mainEntityOfPage\":{\"@id\":\"https:\\\/\\\/www.24gliwice.pl\\\/wiadomosci\\\/summer-arena-rozkrecila-sie-na-dobre-to-juz-trzecie-wakacje-z-letnia-strefy-areny-gliwice\\\/\"},\"wordCount\":565,\"publisher\":{\"@id\":\"https:\\\/\\\/www.24gliwice.pl\\\/wiadomosci\\\/#organization\"},\"image\":{\"@id\":\"https:\\\/\\\/www.24gliwice.pl\\\/wiadomosci\\\/summer-arena-rozkrecila-sie-na-dobre-to-juz-trzecie-wakacje-z-letnia-strefy-areny-gliwice\\\/#primaryimage\"},\"thumbnailUrl\":\"https:\\\/\\\/www.24gliwice.pl\\\/wiadomosci\\\/wp-content\\\/uploads\\\/2022\\\/07\\\/Summer-Arena.jpg\",\"keywords\":[\"ARENA GLIWICE\",\"summer arena\"],\"articleSection\":[\"Gliwice\",\"Kultura, wydarzenia, imprezy\",\"Najnowsze wiadomo\u015bci\",\"Polecamy\"],\"inLanguage\":\"pl-PL\"},{\"@type\":\"WebPage\",\"@id\":\"https:\\\/\\\/www.24gliwice.pl\\\/wiadomosci\\\/summer-arena-rozkrecila-sie-na-dobre-to-juz-trzecie-wakacje-z-letnia-strefy-areny-gliwice\\\/\",\"url\":\"https:\\\/\\\/www.24gliwice.pl\\\/wiadomosci\\\/summer-arena-rozkrecila-sie-na-dobre-to-juz-trzecie-wakacje-z-letnia-strefy-areny-gliwice\\\/\",\"name\":\"Summer Arena rozkr\u0119ci\u0142a si\u0119 na dobre \u2013 to ju\u017c trzecie wakacje z letni\u0105 strefy Areny Gliwice - 24GLIWICE - Portal Gliwice | codziennie nowe informacje\",\"isPartOf\":{\"@id\":\"https:\\\/\\\/www.24gliwice.pl\\\/wiadomosci\\\/#website\"},\"primaryImageOfPage\":{\"@id\":\"https:\\\/\\\/www.24gliwice.pl\\\/wiadomosci\\\/summer-arena-rozkrecila-sie-na-dobre-to-juz-trzecie-wakacje-z-letnia-strefy-areny-gliwice\\\/#primaryimage\"},\"image\":{\"@id\":\"https:\\\/\\\/www.24gliwice.pl\\\/wiadomosci\\\/summer-arena-rozkrecila-sie-na-dobre-to-juz-trzecie-wakacje-z-letnia-strefy-areny-gliwice\\\/#primaryimage\"},\"thumbnailUrl\":\"https:\\\/\\\/www.24gliwice.pl\\\/wiadomosci\\\/wp-content\\\/uploads\\\/2022\\\/07\\\/Summer-Arena.jpg\",\"datePublished\":\"2022-07-20T17:13:07+00:00\",\"breadcrumb\":{\"@id\":\"https:\\\/\\\/www.24gliwice.pl\\\/wiadomosci\\\/summer-arena-rozkrecila-sie-na-dobre-to-juz-trzecie-wakacje-z-letnia-strefy-areny-gliwice\\\/#breadcrumb\"},\"inLanguage\":\"pl-PL\",\"potentialAction\":[{\"@type\":\"ReadAction\",\"target\":[\"https:\\\/\\\/www.24gliwice.pl\\\/wiadomosci\\\/summer-arena-rozkrecila-sie-na-dobre-to-juz-trzecie-wakacje-z-letnia-strefy-areny-gliwice\\\/\"]}]},{\"@type\":\"ImageObject\",\"inLanguage\":\"pl-PL\",\"@id\":\"https:\\\/\\\/www.24gliwice.pl\\\/wiadomosci\\\/summer-arena-rozkrecila-sie-na-dobre-to-juz-trzecie-wakacje-z-letnia-strefy-areny-gliwice\\\/#primaryimage\",\"url\":\"https:\\\/\\\/www.24gliwice.pl\\\/wiadomosci\\\/wp-content\\\/uploads\\\/2022\\\/07\\\/Summer-Arena.jpg\",\"contentUrl\":\"https:\\\/\\\/www.24gliwice.pl\\\/wiadomosci\\\/wp-content\\\/uploads\\\/2022\\\/07\\\/Summer-Arena.jpg\",\"width\":810,\"height\":456,\"caption\":\"mat. organizatora\\\/ fot. Micha\u0142 Buksa\"},{\"@type\":\"BreadcrumbList\",\"@id\":\"https:\\\/\\\/www.24gliwice.pl\\\/wiadomosci\\\/summer-arena-rozkrecila-sie-na-dobre-to-juz-trzecie-wakacje-z-letnia-strefy-areny-gliwice\\\/#breadcrumb\",\"itemListElement\":[{\"@type\":\"ListItem\",\"position\":1,\"name\":\"Strona g\u0142\u00f3wna\",\"item\":\"https:\\\/\\\/www.24gliwice.pl\\\/wiadomosci\\\/\"},{\"@type\":\"ListItem\",\"position\":2,\"name\":\"Summer Arena rozkr\u0119ci\u0142a si\u0119 na dobre \u2013 to ju\u017c trzecie wakacje z letni\u0105 strefy Areny Gliwice\"}]},{\"@type\":\"WebSite\",\"@id\":\"https:\\\/\\\/www.24gliwice.pl\\\/wiadomosci\\\/#website\",\"url\":\"https:\\\/\\\/www.24gliwice.pl\\\/wiadomosci\\\/\",\"name\":\"24GLIWICE - Portal Gliwice | codziennie nowe wiadomo\u015bci\",\"description\":\"Portal Miejski Gliwice\",\"publisher\":{\"@id\":\"https:\\\/\\\/www.24gliwice.pl\\\/wiadomosci\\\/#organization\"},\"potentialAction\":[{\"@type\":\"SearchAction\",\"target\":{\"@type\":\"EntryPoint\",\"urlTemplate\":\"https:\\\/\\\/www.24gliwice.pl\\\/wiadomosci\\\/?s={search_term_string}\"},\"query-input\":{\"@type\":\"PropertyValueSpecification\",\"valueRequired\":true,\"valueName\":\"search_term_string\"}}],\"inLanguage\":\"pl-PL\"},{\"@type\":\"Organization\",\"@id\":\"https:\\\/\\\/www.24gliwice.pl\\\/wiadomosci\\\/#organization\",\"name\":\"24gliwice\",\"url\":\"https:\\\/\\\/www.24gliwice.pl\\\/wiadomosci\\\/\",\"logo\":{\"@type\":\"ImageObject\",\"inLanguage\":\"pl-PL\",\"@id\":\"https:\\\/\\\/www.24gliwice.pl\\\/wiadomosci\\\/#\\\/schema\\\/logo\\\/image\\\/\",\"url\":\"https:\\\/\\\/www.24gliwice.pl\\\/wiadomosci\\\/wp-content\\\/uploads\\\/2024\\\/10\\\/24gliwice-logo-696.jpg\",\"contentUrl\":\"https:\\\/\\\/www.24gliwice.pl\\\/wiadomosci\\\/wp-content\\\/uploads\\\/2024\\\/10\\\/24gliwice-logo-696.jpg\",\"width\":696,\"height\":696,\"caption\":\"24gliwice\"},\"image\":{\"@id\":\"https:\\\/\\\/www.24gliwice.pl\\\/wiadomosci\\\/#\\\/schema\\\/logo\\\/image\\\/\"},\"sameAs\":[\"https:\\\/\\\/www.facebook.com\\\/24gliwice\",\"https:\\\/\\\/x.com\\\/24gliwice\",\"https:\\\/\\\/www.youtube.com\\\/@24gliwice\"]},{\"@type\":\"Person\",\"@id\":\"https:\\\/\\\/www.24gliwice.pl\\\/wiadomosci\\\/#\\\/schema\\\/person\\\/cb5857e4a4d048c15984c1edcc8ef0c0\",\"name\":\"Marcin Fabrykowski\",\"image\":{\"@type\":\"ImageObject\",\"inLanguage\":\"pl-PL\",\"@id\":\"https:\\\/\\\/www.24gliwice.pl\\\/wiadomosci\\\/wp-content\\\/uploads\\\/2025\\\/11\\\/zdjecie-moje-marcin-300-96x96.jpg\",\"url\":\"https:\\\/\\\/www.24gliwice.pl\\\/wiadomosci\\\/wp-content\\\/uploads\\\/2025\\\/11\\\/zdjecie-moje-marcin-300-96x96.jpg\",\"contentUrl\":\"https:\\\/\\\/www.24gliwice.pl\\\/wiadomosci\\\/wp-content\\\/uploads\\\/2025\\\/11\\\/zdjecie-moje-marcin-300-96x96.jpg\",\"caption\":\"Marcin Fabrykowski\"},\"sameAs\":[\"http:\\\/\\\/24gliwice.pl\",\"https:\\\/\\\/www.facebook.com\\\/marcin.fabrykowski\"],\"url\":\"https:\\\/\\\/www.24gliwice.pl\\\/wiadomosci\\\/author\\\/marcin-fabrykowski\\\/\"}]}<\/script>\n<!-- \/ Yoast SEO plugin. -->","yoast_head_json":{"title":"Summer Arena rozkr\u0119ci\u0142a si\u0119 na dobre \u2013 to ju\u017c trzecie wakacje z letni\u0105 strefy Areny Gliwice - 24GLIWICE - Portal Gliwice | codziennie nowe informacje","robots":{"index":"index","follow":"follow","max-snippet":"max-snippet:-1","max-image-preview":"max-image-preview:large","max-video-preview":"max-video-preview:-1"},"canonical":"https:\/\/www.24gliwice.pl\/wiadomosci\/summer-arena-rozkrecila-sie-na-dobre-to-juz-trzecie-wakacje-z-letnia-strefy-areny-gliwice\/","og_locale":"pl_PL","og_type":"article","og_title":"Summer Arena rozkr\u0119ci\u0142a si\u0119 na dobre \u2013 to ju\u017c trzecie wakacje z letni\u0105 strefy Areny Gliwice - 24GLIWICE - Portal Gliwice | codziennie nowe informacje","og_description":"Dobre towarzystwo, s\u0142o\u0144ce, muzyka na \u017cywo \u2013 to ju\u017c sprawdzona formu\u0142a na udane wakacje. Za nami trzy wsp\u00f3lne weekendy, byli\u015bmy w Ameryce Po\u0142udniowej, zaliczyli\u015bmy West Coast, ale Summer nie zwalnia tempa &#8211; od czwartku startuje z festiwalem sportu, wype\u0142niony darmowymi atrakcjami dla ca\u0142ych rodzin po same brzegi. &nbsp; Weekendy tematyczne to specjalno\u015b\u0107 Summer Arena &#8211; [&hellip;]","og_url":"https:\/\/www.24gliwice.pl\/wiadomosci\/summer-arena-rozkrecila-sie-na-dobre-to-juz-trzecie-wakacje-z-letnia-strefy-areny-gliwice\/","og_site_name":"24GLIWICE - Portal Gliwice | codziennie nowe informacje","article_publisher":"https:\/\/www.facebook.com\/24gliwice","article_author":"https:\/\/www.facebook.com\/marcin.fabrykowski","article_published_time":"2022-07-20T17:13:07+00:00","og_image":[{"width":810,"height":456,"url":"https:\/\/www.24gliwice.pl\/wiadomosci\/wp-content\/uploads\/2022\/07\/Summer-Arena.jpg","type":"image\/jpeg"}],"author":"Marcin Fabrykowski","twitter_card":"summary_large_image","twitter_creator":"@24gliwice","twitter_site":"@24gliwice","twitter_misc":{"Napisane przez":"Marcin Fabrykowski","Szacowany czas czytania":"3 minuty"},"schema":{"@context":"https:\/\/schema.org","@graph":[{"@type":"Article","@id":"https:\/\/www.24gliwice.pl\/wiadomosci\/summer-arena-rozkrecila-sie-na-dobre-to-juz-trzecie-wakacje-z-letnia-strefy-areny-gliwice\/#article","isPartOf":{"@id":"https:\/\/www.24gliwice.pl\/wiadomosci\/summer-arena-rozkrecila-sie-na-dobre-to-juz-trzecie-wakacje-z-letnia-strefy-areny-gliwice\/"},"author":{"name":"Marcin Fabrykowski","@id":"https:\/\/www.24gliwice.pl\/wiadomosci\/#\/schema\/person\/cb5857e4a4d048c15984c1edcc8ef0c0"},"headline":"Summer Arena rozkr\u0119ci\u0142a si\u0119 na dobre \u2013 to ju\u017c trzecie wakacje z letni\u0105 strefy Areny Gliwice","datePublished":"2022-07-20T17:13:07+00:00","mainEntityOfPage":{"@id":"https:\/\/www.24gliwice.pl\/wiadomosci\/summer-arena-rozkrecila-sie-na-dobre-to-juz-trzecie-wakacje-z-letnia-strefy-areny-gliwice\/"},"wordCount":565,"publisher":{"@id":"https:\/\/www.24gliwice.pl\/wiadomosci\/#organization"},"image":{"@id":"https:\/\/www.24gliwice.pl\/wiadomosci\/summer-arena-rozkrecila-sie-na-dobre-to-juz-trzecie-wakacje-z-letnia-strefy-areny-gliwice\/#primaryimage"},"thumbnailUrl":"https:\/\/www.24gliwice.pl\/wiadomosci\/wp-content\/uploads\/2022\/07\/Summer-Arena.jpg","keywords":["ARENA GLIWICE","summer arena"],"articleSection":["Gliwice","Kultura, wydarzenia, imprezy","Najnowsze wiadomo\u015bci","Polecamy"],"inLanguage":"pl-PL"},{"@type":"WebPage","@id":"https:\/\/www.24gliwice.pl\/wiadomosci\/summer-arena-rozkrecila-sie-na-dobre-to-juz-trzecie-wakacje-z-letnia-strefy-areny-gliwice\/","url":"https:\/\/www.24gliwice.pl\/wiadomosci\/summer-arena-rozkrecila-sie-na-dobre-to-juz-trzecie-wakacje-z-letnia-strefy-areny-gliwice\/","name":"Summer Arena rozkr\u0119ci\u0142a si\u0119 na dobre \u2013 to ju\u017c trzecie wakacje z letni\u0105 strefy Areny Gliwice - 24GLIWICE - Portal Gliwice | codziennie nowe informacje","isPartOf":{"@id":"https:\/\/www.24gliwice.pl\/wiadomosci\/#website"},"primaryImageOfPage":{"@id":"https:\/\/www.24gliwice.pl\/wiadomosci\/summer-arena-rozkrecila-sie-na-dobre-to-juz-trzecie-wakacje-z-letnia-strefy-areny-gliwice\/#primaryimage"},"image":{"@id":"https:\/\/www.24gliwice.pl\/wiadomosci\/summer-arena-rozkrecila-sie-na-dobre-to-juz-trzecie-wakacje-z-letnia-strefy-areny-gliwice\/#primaryimage"},"thumbnailUrl":"https:\/\/www.24gliwice.pl\/wiadomosci\/wp-content\/uploads\/2022\/07\/Summer-Arena.jpg","datePublished":"2022-07-20T17:13:07+00:00","breadcrumb":{"@id":"https:\/\/www.24gliwice.pl\/wiadomosci\/summer-arena-rozkrecila-sie-na-dobre-to-juz-trzecie-wakacje-z-letnia-strefy-areny-gliwice\/#breadcrumb"},"inLanguage":"pl-PL","potentialAction":[{"@type":"ReadAction","target":["https:\/\/www.24gliwice.pl\/wiadomosci\/summer-arena-rozkrecila-sie-na-dobre-to-juz-trzecie-wakacje-z-letnia-strefy-areny-gliwice\/"]}]},{"@type":"ImageObject","inLanguage":"pl-PL","@id":"https:\/\/www.24gliwice.pl\/wiadomosci\/summer-arena-rozkrecila-sie-na-dobre-to-juz-trzecie-wakacje-z-letnia-strefy-areny-gliwice\/#primaryimage","url":"https:\/\/www.24gliwice.pl\/wiadomosci\/wp-content\/uploads\/2022\/07\/Summer-Arena.jpg","contentUrl":"https:\/\/www.24gliwice.pl\/wiadomosci\/wp-content\/uploads\/2022\/07\/Summer-Arena.jpg","width":810,"height":456,"caption":"mat. organizatora\/ fot. Micha\u0142 Buksa"},{"@type":"BreadcrumbList","@id":"https:\/\/www.24gliwice.pl\/wiadomosci\/summer-arena-rozkrecila-sie-na-dobre-to-juz-trzecie-wakacje-z-letnia-strefy-areny-gliwice\/#breadcrumb","itemListElement":[{"@type":"ListItem","position":1,"name":"Strona g\u0142\u00f3wna","item":"https:\/\/www.24gliwice.pl\/wiadomosci\/"},{"@type":"ListItem","position":2,"name":"Summer Arena rozkr\u0119ci\u0142a si\u0119 na dobre \u2013 to ju\u017c trzecie wakacje z letni\u0105 strefy Areny Gliwice"}]},{"@type":"WebSite","@id":"https:\/\/www.24gliwice.pl\/wiadomosci\/#website","url":"https:\/\/www.24gliwice.pl\/wiadomosci\/","name":"24GLIWICE - Portal Gliwice | codziennie nowe wiadomo\u015bci","description":"Portal Miejski Gliwice","publisher":{"@id":"https:\/\/www.24gliwice.pl\/wiadomosci\/#organization"},"potentialAction":[{"@type":"SearchAction","target":{"@type":"EntryPoint","urlTemplate":"https:\/\/www.24gliwice.pl\/wiadomosci\/?s={search_term_string}"},"query-input":{"@type":"PropertyValueSpecification","valueRequired":true,"valueName":"search_term_string"}}],"inLanguage":"pl-PL"},{"@type":"Organization","@id":"https:\/\/www.24gliwice.pl\/wiadomosci\/#organization","name":"24gliwice","url":"https:\/\/www.24gliwice.pl\/wiadomosci\/","logo":{"@type":"ImageObject","inLanguage":"pl-PL","@id":"https:\/\/www.24gliwice.pl\/wiadomosci\/#\/schema\/logo\/image\/","url":"https:\/\/www.24gliwice.pl\/wiadomosci\/wp-content\/uploads\/2024\/10\/24gliwice-logo-696.jpg","contentUrl":"https:\/\/www.24gliwice.pl\/wiadomosci\/wp-content\/uploads\/2024\/10\/24gliwice-logo-696.jpg","width":696,"height":696,"caption":"24gliwice"},"image":{"@id":"https:\/\/www.24gliwice.pl\/wiadomosci\/#\/schema\/logo\/image\/"},"sameAs":["https:\/\/www.facebook.com\/24gliwice","https:\/\/x.com\/24gliwice","https:\/\/www.youtube.com\/@24gliwice"]},{"@type":"Person","@id":"https:\/\/www.24gliwice.pl\/wiadomosci\/#\/schema\/person\/cb5857e4a4d048c15984c1edcc8ef0c0","name":"Marcin Fabrykowski","image":{"@type":"ImageObject","inLanguage":"pl-PL","@id":"https:\/\/www.24gliwice.pl\/wiadomosci\/wp-content\/uploads\/2025\/11\/zdjecie-moje-marcin-300-96x96.jpg","url":"https:\/\/www.24gliwice.pl\/wiadomosci\/wp-content\/uploads\/2025\/11\/zdjecie-moje-marcin-300-96x96.jpg","contentUrl":"https:\/\/www.24gliwice.pl\/wiadomosci\/wp-content\/uploads\/2025\/11\/zdjecie-moje-marcin-300-96x96.jpg","caption":"Marcin Fabrykowski"},"sameAs":["http:\/\/24gliwice.pl","https:\/\/www.facebook.com\/marcin.fabrykowski"],"url":"https:\/\/www.24gliwice.pl\/wiadomosci\/author\/marcin-fabrykowski\/"}]}},"_links":{"self":[{"href":"https:\/\/www.24gliwice.pl\/wiadomosci\/wp-json\/wp\/v2\/posts\/196950","targetHints":{"allow":["GET"]}}],"collection":[{"href":"https:\/\/www.24gliwice.pl\/wiadomosci\/wp-json\/wp\/v2\/posts"}],"about":[{"href":"https:\/\/www.24gliwice.pl\/wiadomosci\/wp-json\/wp\/v2\/types\/post"}],"author":[{"embeddable":true,"href":"https:\/\/www.24gliwice.pl\/wiadomosci\/wp-json\/wp\/v2\/users\/4"}],"replies":[{"embeddable":true,"href":"https:\/\/www.24gliwice.pl\/wiadomosci\/wp-json\/wp\/v2\/comments?post=196950"}],"version-history":[{"count":5,"href":"https:\/\/www.24gliwice.pl\/wiadomosci\/wp-json\/wp\/v2\/posts\/196950\/revisions"}],"predecessor-version":[{"id":196956,"href":"https:\/\/www.24gliwice.pl\/wiadomosci\/wp-json\/wp\/v2\/posts\/196950\/revisions\/196956"}],"wp:featuredmedia":[{"embeddable":true,"href":"https:\/\/www.24gliwice.pl\/wiadomosci\/wp-json\/wp\/v2\/media\/196951"}],"wp:attachment":[{"href":"https:\/\/www.24gliwice.pl\/wiadomosci\/wp-json\/wp\/v2\/media?parent=196950"}],"wp:term":[{"taxonomy":"category","embeddable":true,"href":"https:\/\/www.24gliwice.pl\/wiadomosci\/wp-json\/wp\/v2\/categories?post=196950"},{"taxonomy":"post_tag","embeddable":true,"href":"https:\/\/www.24gliwice.pl\/wiadomosci\/wp-json\/wp\/v2\/tags?post=196950"}],"curies":[{"name":"wp","href":"https:\/\/api.w.org\/{rel}","templated":true}]}}