{"id":197008,"date":"2022-07-22T14:18:09","date_gmt":"2022-07-22T12:18:09","guid":{"rendered":"https:\/\/www.24gliwice.pl\/wiadomosci\/?p=197008"},"modified":"2022-07-22T14:18:09","modified_gmt":"2022-07-22T12:18:09","slug":"maskotki-policyjne-z-calego-kraju-na-stadionie-przy-ul-okrzei-odbedzie-sie-tam-piknik-rodzinny-i-mecz","status":"publish","type":"post","link":"https:\/\/www.24gliwice.pl\/wiadomosci\/maskotki-policyjne-z-calego-kraju-na-stadionie-przy-ul-okrzei-odbedzie-sie-tam-piknik-rodzinny-i-mecz\/","title":{"rendered":"Maskotki policyjne z ca\u0142ego kraju na stadionie przy ul. Okrzei. Odb\u0119dzie si\u0119 tam piknik rodzinny i mecz"},"content":{"rendered":"<div class=\"gliwi-a6-nad-leadem-artykulow gliwi-entity-placement\" id=\"gliwi-1681569485\"><div class=\"gliwi-adlabel\"><span style=\"font-size: 9px\">REKLAMA<\/span><\/div><div id=\"gliwi-366885208\" style=\"margin-bottom: 25px;margin-left: auto;margin-right: auto;text-align: center;\"><a data-no-instant=\"1\" href=\"https:\/\/dom100.eu\/\" rel=\"noopener\" class=\"a2t-link\" target=\"_blank\" aria-label=\"20260415 DOM100 D\"><img loading=\"lazy\" decoding=\"async\" src=\"https:\/\/www.24gliwice.pl\/wiadomosci\/wp-content\/uploads\/2026\/04\/20260415-DOM100-D.jpg\" alt=\"\"  srcset=\"https:\/\/www.24gliwice.pl\/wiadomosci\/wp-content\/uploads\/2026\/04\/20260415-DOM100-D.jpg 750w, https:\/\/www.24gliwice.pl\/wiadomosci\/wp-content\/uploads\/2026\/04\/20260415-DOM100-D-410x109.jpg 410w\" sizes=\"(max-width: 750px) 100vw, 750px\" class=\"no-lazyload\" width=\"750\" height=\"200\"  style=\"display: inline-block; max-width: 100%; height: auto;\" \/><\/a><\/div><\/div><h2>Polska Policja obchodzi 103. rocznic\u0119 powstania, a Policja Wojew\u00f3dztwa \u015al\u0105skiego 100. rocznic\u0119 istnienia. Z tej okazji w Gliwicach odb\u0119dzie si\u0119 piknik rodzinny na stadionie miejskim, w trakcie kt\u00f3rego rozegrany zostanie mecz.<\/h2>\n<p>&nbsp;<br \/>\n<a href=\"https:\/\/www.24gliwice.pl\/wiadomosci\/wp-content\/uploads\/2022\/07\/swieto_policji_fot_mbuksa_dsf2037.jpg\"><img loading=\"lazy\" decoding=\"async\" class=\"alignnone size-full wp-image-197023\" src=\"https:\/\/www.24gliwice.pl\/wiadomosci\/wp-content\/uploads\/2022\/07\/swieto_policji_fot_mbuksa_dsf2037.jpg\" alt=\"\" width=\"810\" height=\"456\" srcset=\"https:\/\/www.24gliwice.pl\/wiadomosci\/wp-content\/uploads\/2022\/07\/swieto_policji_fot_mbuksa_dsf2037.jpg 810w, https:\/\/www.24gliwice.pl\/wiadomosci\/wp-content\/uploads\/2022\/07\/swieto_policji_fot_mbuksa_dsf2037-410x232.jpg 410w, https:\/\/www.24gliwice.pl\/wiadomosci\/wp-content\/uploads\/2022\/07\/swieto_policji_fot_mbuksa_dsf2037-808x455.jpg 808w, https:\/\/www.24gliwice.pl\/wiadomosci\/wp-content\/uploads\/2022\/07\/swieto_policji_fot_mbuksa_dsf2037-768x432.jpg 768w\" sizes=\"auto, (max-width: 810px) 100vw, 810px\" \/><\/a><\/p>\n<p>W minion\u0105 \u015brod\u0119 policjanci wzi\u0119li udzia\u0142 w uroczystym spotkaniu w Centrum Edukacyjno-Kongresowym Politechniki \u015al\u0105skiej, w trakcie kt\u00f3rego 240 mundurowych z gliwickiego garnizonu odebra\u0142o z r\u0105k zast\u0119pcy komendanta wojew\u00f3dzkiego akty mianowania na wy\u017csze stopnie s\u0142u\u017cbowe oraz nagrody za s\u0142u\u017cb\u0119.<\/p>\n<h4>Kolejne wydarzenia odb\u0119d\u0105 si\u0119 w sobot\u0119, 23 lipca. O godzinie 12:00 na terenie stadionu miejskiego przy ul. Okrzei rozpocznie si\u0119 piknik rodzinny.<\/h4>\n<p>Podczas wydarzenia, kt\u00f3re potrwa do godziny 18:00 b\u0119dzie mo\u017cna spotka\u0107 maskotki policyjne z ca\u0142ego kraju, odb\u0119dzie si\u0119 te\u017c pokaz pierwszej pomocy, musztra policyjna, prezentacja sprz\u0119tu policyjnego i ps\u00f3w s\u0142u\u017cbowych. B\u0119d\u0105 te\u017c atrakcje dla najm\u0142odszych: animacje, dmucha\u0144ce i malowanie twarzy. Wst\u0119p na piknik jest bezp\u0142atny i ka\u017cdy mo\u017ce wzi\u0105\u0107 w nim udzia\u0142.<\/p><div class=\"gliwi-a3-w-tresci-artykulow gliwi-entity-placement\" id=\"gliwi-2936678089\"><div class=\"gliwi-adlabel\"><span style=\"font-size: 9px\">REKLAMA<\/span><\/div><div id=\"gliwi-3663971854\" style=\"margin-bottom: 30px;margin-left: auto;margin-right: auto;text-align: center;\"><a data-no-instant=\"1\" href=\"https:\/\/zlobek.halogen.org.pl\/\" rel=\"noopener\" class=\"a2t-link\" target=\"_blank\" aria-label=\"animator-zlobek_750x200\"><img loading=\"lazy\" decoding=\"async\" src=\"https:\/\/www.24gliwice.pl\/wiadomosci\/wp-content\/uploads\/2026\/02\/animator-zlobek_750x200.webp\" alt=\"\"  srcset=\"https:\/\/www.24gliwice.pl\/wiadomosci\/wp-content\/uploads\/2026\/02\/animator-zlobek_750x200.webp 750w, https:\/\/www.24gliwice.pl\/wiadomosci\/wp-content\/uploads\/2026\/02\/animator-zlobek_750x200-410x109.webp 410w\" sizes=\"(max-width: 750px) 100vw, 750px\" class=\"no-lazyload\" width=\"750\" height=\"200\"  style=\"display: inline-block; max-width: 100%; height: auto;\" \/><\/a><\/div><\/div>\n<p><a href=\"https:\/\/www.24gliwice.pl\/wiadomosci\/wp-content\/uploads\/2022\/07\/swieto-policji-plakat.jpg\"><img loading=\"lazy\" decoding=\"async\" class=\"alignnone  wp-image-197024\" src=\"https:\/\/www.24gliwice.pl\/wiadomosci\/wp-content\/uploads\/2022\/07\/swieto-policji-plakat.jpg\" alt=\"\" width=\"971\" height=\"1398\" srcset=\"https:\/\/www.24gliwice.pl\/wiadomosci\/wp-content\/uploads\/2022\/07\/swieto-policji-plakat.jpg 452w, https:\/\/www.24gliwice.pl\/wiadomosci\/wp-content\/uploads\/2022\/07\/swieto-policji-plakat-161x232.jpg 161w, https:\/\/www.24gliwice.pl\/wiadomosci\/wp-content\/uploads\/2022\/07\/swieto-policji-plakat-316x455.jpg 316w\" sizes=\"auto, (max-width: 971px) 100vw, 971px\" \/><\/a><\/p>\n<p>O godzinie 15:00 na stadionie miejskim rozegrany zostanie mecz pi\u0142karski pomi\u0119dzy Reprezentacj\u0105 Polskiej Policji a Reprezentacj\u0105 Policji Rumu\u0144skiej. W barwach bia\u0142o \u2013 czerwonych wyst\u0105pi\u0105 m.in. Komendant G\u0142\u00f3wny Policji <strong>Jaros\u0142aw Szymczyk<\/strong>, zast\u0119pca Komendanta G\u0142\u00f3wnego Policji <strong>Pawe\u0142 Dobrodziej<\/strong> oraz <strong>Dariusz Zi\u0119ba<\/strong>, dow\u00f3dca Centralnego Pododdzia\u0142u Kontrterrorystycznego Policji \u201eBOA\u201d.<\/p>\n<blockquote><p><em>Pi\u0142ka no\u017cna w naszym kraju cieszy si\u0119 olbrzymim zainteresowaniem spo\u0142ecze\u0144stwa, w tym r\u00f3wnie\u017c s\u0142u\u017cb mundurowych. Jest to doskona\u0142y spos\u00f3b nie tylko na integracj\u0119, ale te\u017c okazja, by wsp\u00f3lnie sp\u0119dzi\u0107 czas<\/em><\/p><\/blockquote>\n<p>\u2013 m\u00f3wi<strong> Andrzej Kuczy\u0144ski <\/strong>z Biura Komunikacji Spo\u0142ecznej Komendy G\u0142\u00f3wnej Policji.<\/p>\n<p>Organizatorem meczu s\u0105: Biuro Komunikacji Spo\u0142ecznej Komendy G\u0142\u00f3wnej Policji, Komenda Wojew\u00f3dzka Policji w Katowicach, Region IPA Centralne Biuro \u015aledcze, Sto\u0142eczna Grupa Wojew\u00f3dzka Mi\u0119dzynarodowego Stowarzyszenia Policji IPA oraz Stowarzyszenie Weteran\u00f3w Dzia\u0142a\u0144 poza Granicami RP. \u015awi\u0119to Policji przypada na 24 lipca.<\/p>\n<p>(\u017cms)\/UM Gliwice(mf) tekst skr\u00f3cony<br \/>\nfot. UM Gliwice\/M. Buksa, \u015al\u0105ska Policja<\/p>\n<div class=\"gliwi-a5-na-koncu-artykulow gliwi-entity-placement\" id=\"gliwi-2968732429\"><div class=\"gliwi-adlabel\"><span style=\"font-size: 9px\">REKLAMA<\/span><\/div><div id=\"gliwi-4121617488\" style=\"margin-left: auto;margin-right: auto;text-align: center;\"><a data-no-instant=\"1\" href=\"https:\/\/prezeroarenagliwice.pl\/\" rel=\"noopener\" class=\"a2t-link\" target=\"_blank\" aria-label=\"20260309-PREZERO-WIOSNA-D\"><img loading=\"lazy\" decoding=\"async\" src=\"https:\/\/www.24gliwice.pl\/wiadomosci\/wp-content\/uploads\/2026\/03\/20260309-PREZERO-WIOSNA-D.webp\" alt=\"\"  srcset=\"https:\/\/www.24gliwice.pl\/wiadomosci\/wp-content\/uploads\/2026\/03\/20260309-PREZERO-WIOSNA-D.webp 750w, https:\/\/www.24gliwice.pl\/wiadomosci\/wp-content\/uploads\/2026\/03\/20260309-PREZERO-WIOSNA-D-410x109.webp 410w\" sizes=\"(max-width: 750px) 100vw, 750px\" class=\"no-lazyload\" width=\"750\" height=\"200\"  style=\"display: inline-block; max-width: 100%; height: auto;\" \/><\/a><\/div><\/div>","protected":false},"excerpt":{"rendered":"<p>Polska Policja obchodzi 103. rocznic\u0119 powstania, a Policja Wojew\u00f3dztwa \u015al\u0105skiego 100. rocznic\u0119 istnienia. Z tej okazji w Gliwicach odb\u0119dzie si\u0119 piknik rodzinny na stadionie miejskim, w trakcie kt\u00f3rego rozegrany zostanie mecz. &nbsp; W minion\u0105 \u015brod\u0119 policjanci wzi\u0119li udzia\u0142 w uroczystym spotkaniu w Centrum Edukacyjno-Kongresowym Politechniki \u015al\u0105skiej, w trakcie kt\u00f3rego 240 mundurowych z gliwickiego garnizonu odebra\u0142o [&hellip;]<\/p>\n","protected":false},"author":15,"featured_media":197028,"comment_status":"open","ping_status":"closed","sticky":false,"template":"","format":"standard","meta":{"_monsterinsights_skip_tracking":false,"_monsterinsights_sitenote_active":false,"_monsterinsights_sitenote_note":"","_monsterinsights_sitenote_category":0,"footnotes":"","_links_to":"","_links_to_target":""},"categories":[3,6,1],"tags":[16040],"class_list":["post-197008","post","type-post","status-publish","format-standard","has-post-thumbnail","hentry","category-gliwice","category-kultura","category-wszystko","tag-swieto-policji"],"yoast_head":"<!-- This site is optimized with the Yoast SEO plugin v27.4 - https:\/\/yoast.com\/product\/yoast-seo-wordpress\/ -->\n<title>Maskotki policyjne z ca\u0142ego kraju na stadionie przy ul. Okrzei. Odb\u0119dzie si\u0119 tam piknik rodzinny i mecz - 24GLIWICE - Portal Gliwice | codziennie nowe informacje<\/title>\n<meta name=\"description\" content=\"Policyjne maskotki z ca\u0142ego kraju pojawi\u0105 si\u0119 na stadionie miejskim przy ulicy Okrzei. W sobot\u0119 odb\u0119dzie si\u0119 tam piknik rodzinny i mecz\" \/>\n<meta name=\"robots\" content=\"index, follow, max-snippet:-1, max-image-preview:large, max-video-preview:-1\" \/>\n<link rel=\"canonical\" href=\"https:\/\/www.24gliwice.pl\/wiadomosci\/maskotki-policyjne-z-calego-kraju-na-stadionie-przy-ul-okrzei-odbedzie-sie-tam-piknik-rodzinny-i-mecz\/\" \/>\n<meta property=\"og:locale\" content=\"pl_PL\" \/>\n<meta property=\"og:type\" content=\"article\" \/>\n<meta property=\"og:title\" content=\"Maskotki policyjne z ca\u0142ego kraju na stadionie przy ul. Okrzei. Odb\u0119dzie si\u0119 tam piknik rodzinny i mecz - 24GLIWICE - Portal Gliwice | codziennie nowe informacje\" \/>\n<meta property=\"og:description\" content=\"Policyjne maskotki z ca\u0142ego kraju pojawi\u0105 si\u0119 na stadionie miejskim przy ulicy Okrzei. W sobot\u0119 odb\u0119dzie si\u0119 tam piknik rodzinny i mecz\" \/>\n<meta property=\"og:url\" content=\"https:\/\/www.24gliwice.pl\/wiadomosci\/maskotki-policyjne-z-calego-kraju-na-stadionie-przy-ul-okrzei-odbedzie-sie-tam-piknik-rodzinny-i-mecz\/\" \/>\n<meta property=\"og:site_name\" content=\"24GLIWICE - Portal Gliwice | codziennie nowe informacje\" \/>\n<meta property=\"article:publisher\" content=\"https:\/\/www.facebook.com\/24gliwice\" \/>\n<meta property=\"article:published_time\" content=\"2022-07-22T12:18:09+00:00\" \/>\n<meta property=\"og:image\" content=\"https:\/\/www.24gliwice.pl\/wiadomosci\/wp-content\/uploads\/2022\/07\/sznupek-policja-001.jpg\" \/>\n\t<meta property=\"og:image:width\" content=\"810\" \/>\n\t<meta property=\"og:image:height\" content=\"457\" \/>\n\t<meta property=\"og:image:type\" content=\"image\/jpeg\" \/>\n<meta name=\"author\" content=\"\u017baneta Mrozek-Siewierska\" \/>\n<meta name=\"twitter:card\" content=\"summary_large_image\" \/>\n<meta name=\"twitter:creator\" content=\"@24gliwice\" \/>\n<meta name=\"twitter:site\" content=\"@24gliwice\" \/>\n<meta name=\"twitter:label1\" content=\"Napisane przez\" \/>\n\t<meta name=\"twitter:data1\" content=\"\u017baneta Mrozek-Siewierska\" \/>\n\t<meta name=\"twitter:label2\" content=\"Szacowany czas czytania\" \/>\n\t<meta name=\"twitter:data2\" content=\"2 minuty\" \/>\n<script type=\"application\/ld+json\" class=\"yoast-schema-graph\">{\"@context\":\"https:\\\/\\\/schema.org\",\"@graph\":[{\"@type\":\"Article\",\"@id\":\"https:\\\/\\\/www.24gliwice.pl\\\/wiadomosci\\\/maskotki-policyjne-z-calego-kraju-na-stadionie-przy-ul-okrzei-odbedzie-sie-tam-piknik-rodzinny-i-mecz\\\/#article\",\"isPartOf\":{\"@id\":\"https:\\\/\\\/www.24gliwice.pl\\\/wiadomosci\\\/maskotki-policyjne-z-calego-kraju-na-stadionie-przy-ul-okrzei-odbedzie-sie-tam-piknik-rodzinny-i-mecz\\\/\"},\"author\":{\"name\":\"\u017baneta Mrozek-Siewierska\",\"@id\":\"https:\\\/\\\/www.24gliwice.pl\\\/wiadomosci\\\/#\\\/schema\\\/person\\\/e42c650edd7f2fa332be3811fb166b6e\"},\"headline\":\"Maskotki policyjne z ca\u0142ego kraju na stadionie przy ul. Okrzei. Odb\u0119dzie si\u0119 tam piknik rodzinny i mecz\",\"datePublished\":\"2022-07-22T12:18:09+00:00\",\"mainEntityOfPage\":{\"@id\":\"https:\\\/\\\/www.24gliwice.pl\\\/wiadomosci\\\/maskotki-policyjne-z-calego-kraju-na-stadionie-przy-ul-okrzei-odbedzie-sie-tam-piknik-rodzinny-i-mecz\\\/\"},\"wordCount\":362,\"commentCount\":0,\"publisher\":{\"@id\":\"https:\\\/\\\/www.24gliwice.pl\\\/wiadomosci\\\/#organization\"},\"image\":{\"@id\":\"https:\\\/\\\/www.24gliwice.pl\\\/wiadomosci\\\/maskotki-policyjne-z-calego-kraju-na-stadionie-przy-ul-okrzei-odbedzie-sie-tam-piknik-rodzinny-i-mecz\\\/#primaryimage\"},\"thumbnailUrl\":\"https:\\\/\\\/www.24gliwice.pl\\\/wiadomosci\\\/wp-content\\\/uploads\\\/2022\\\/07\\\/sznupek-policja-001.jpg\",\"keywords\":[\"\u015bwi\u0119to policji\"],\"articleSection\":[\"Gliwice\",\"Kultura, wydarzenia, imprezy\",\"Najnowsze wiadomo\u015bci\"],\"inLanguage\":\"pl-PL\",\"potentialAction\":[{\"@type\":\"CommentAction\",\"name\":\"Comment\",\"target\":[\"https:\\\/\\\/www.24gliwice.pl\\\/wiadomosci\\\/maskotki-policyjne-z-calego-kraju-na-stadionie-przy-ul-okrzei-odbedzie-sie-tam-piknik-rodzinny-i-mecz\\\/#respond\"]}]},{\"@type\":\"WebPage\",\"@id\":\"https:\\\/\\\/www.24gliwice.pl\\\/wiadomosci\\\/maskotki-policyjne-z-calego-kraju-na-stadionie-przy-ul-okrzei-odbedzie-sie-tam-piknik-rodzinny-i-mecz\\\/\",\"url\":\"https:\\\/\\\/www.24gliwice.pl\\\/wiadomosci\\\/maskotki-policyjne-z-calego-kraju-na-stadionie-przy-ul-okrzei-odbedzie-sie-tam-piknik-rodzinny-i-mecz\\\/\",\"name\":\"Maskotki policyjne z ca\u0142ego kraju na stadionie przy ul. Okrzei. Odb\u0119dzie si\u0119 tam piknik rodzinny i mecz - 24GLIWICE - Portal Gliwice | codziennie nowe informacje\",\"isPartOf\":{\"@id\":\"https:\\\/\\\/www.24gliwice.pl\\\/wiadomosci\\\/#website\"},\"primaryImageOfPage\":{\"@id\":\"https:\\\/\\\/www.24gliwice.pl\\\/wiadomosci\\\/maskotki-policyjne-z-calego-kraju-na-stadionie-przy-ul-okrzei-odbedzie-sie-tam-piknik-rodzinny-i-mecz\\\/#primaryimage\"},\"image\":{\"@id\":\"https:\\\/\\\/www.24gliwice.pl\\\/wiadomosci\\\/maskotki-policyjne-z-calego-kraju-na-stadionie-przy-ul-okrzei-odbedzie-sie-tam-piknik-rodzinny-i-mecz\\\/#primaryimage\"},\"thumbnailUrl\":\"https:\\\/\\\/www.24gliwice.pl\\\/wiadomosci\\\/wp-content\\\/uploads\\\/2022\\\/07\\\/sznupek-policja-001.jpg\",\"datePublished\":\"2022-07-22T12:18:09+00:00\",\"description\":\"Policyjne maskotki z ca\u0142ego kraju pojawi\u0105 si\u0119 na stadionie miejskim przy ulicy Okrzei. W sobot\u0119 odb\u0119dzie si\u0119 tam piknik rodzinny i mecz\",\"breadcrumb\":{\"@id\":\"https:\\\/\\\/www.24gliwice.pl\\\/wiadomosci\\\/maskotki-policyjne-z-calego-kraju-na-stadionie-przy-ul-okrzei-odbedzie-sie-tam-piknik-rodzinny-i-mecz\\\/#breadcrumb\"},\"inLanguage\":\"pl-PL\",\"potentialAction\":[{\"@type\":\"ReadAction\",\"target\":[\"https:\\\/\\\/www.24gliwice.pl\\\/wiadomosci\\\/maskotki-policyjne-z-calego-kraju-na-stadionie-przy-ul-okrzei-odbedzie-sie-tam-piknik-rodzinny-i-mecz\\\/\"]}]},{\"@type\":\"ImageObject\",\"inLanguage\":\"pl-PL\",\"@id\":\"https:\\\/\\\/www.24gliwice.pl\\\/wiadomosci\\\/maskotki-policyjne-z-calego-kraju-na-stadionie-przy-ul-okrzei-odbedzie-sie-tam-piknik-rodzinny-i-mecz\\\/#primaryimage\",\"url\":\"https:\\\/\\\/www.24gliwice.pl\\\/wiadomosci\\\/wp-content\\\/uploads\\\/2022\\\/07\\\/sznupek-policja-001.jpg\",\"contentUrl\":\"https:\\\/\\\/www.24gliwice.pl\\\/wiadomosci\\\/wp-content\\\/uploads\\\/2022\\\/07\\\/sznupek-policja-001.jpg\",\"width\":810,\"height\":457},{\"@type\":\"BreadcrumbList\",\"@id\":\"https:\\\/\\\/www.24gliwice.pl\\\/wiadomosci\\\/maskotki-policyjne-z-calego-kraju-na-stadionie-przy-ul-okrzei-odbedzie-sie-tam-piknik-rodzinny-i-mecz\\\/#breadcrumb\",\"itemListElement\":[{\"@type\":\"ListItem\",\"position\":1,\"name\":\"Strona g\u0142\u00f3wna\",\"item\":\"https:\\\/\\\/www.24gliwice.pl\\\/wiadomosci\\\/\"},{\"@type\":\"ListItem\",\"position\":2,\"name\":\"Maskotki policyjne z ca\u0142ego kraju na stadionie przy ul. Okrzei. Odb\u0119dzie si\u0119 tam piknik rodzinny i mecz\"}]},{\"@type\":\"WebSite\",\"@id\":\"https:\\\/\\\/www.24gliwice.pl\\\/wiadomosci\\\/#website\",\"url\":\"https:\\\/\\\/www.24gliwice.pl\\\/wiadomosci\\\/\",\"name\":\"24GLIWICE - Portal Gliwice | codziennie nowe wiadomo\u015bci\",\"description\":\"Portal Miejski Gliwice\",\"publisher\":{\"@id\":\"https:\\\/\\\/www.24gliwice.pl\\\/wiadomosci\\\/#organization\"},\"potentialAction\":[{\"@type\":\"SearchAction\",\"target\":{\"@type\":\"EntryPoint\",\"urlTemplate\":\"https:\\\/\\\/www.24gliwice.pl\\\/wiadomosci\\\/?s={search_term_string}\"},\"query-input\":{\"@type\":\"PropertyValueSpecification\",\"valueRequired\":true,\"valueName\":\"search_term_string\"}}],\"inLanguage\":\"pl-PL\"},{\"@type\":\"Organization\",\"@id\":\"https:\\\/\\\/www.24gliwice.pl\\\/wiadomosci\\\/#organization\",\"name\":\"24gliwice\",\"url\":\"https:\\\/\\\/www.24gliwice.pl\\\/wiadomosci\\\/\",\"logo\":{\"@type\":\"ImageObject\",\"inLanguage\":\"pl-PL\",\"@id\":\"https:\\\/\\\/www.24gliwice.pl\\\/wiadomosci\\\/#\\\/schema\\\/logo\\\/image\\\/\",\"url\":\"https:\\\/\\\/www.24gliwice.pl\\\/wiadomosci\\\/wp-content\\\/uploads\\\/2024\\\/10\\\/24gliwice-logo-696.jpg\",\"contentUrl\":\"https:\\\/\\\/www.24gliwice.pl\\\/wiadomosci\\\/wp-content\\\/uploads\\\/2024\\\/10\\\/24gliwice-logo-696.jpg\",\"width\":696,\"height\":696,\"caption\":\"24gliwice\"},\"image\":{\"@id\":\"https:\\\/\\\/www.24gliwice.pl\\\/wiadomosci\\\/#\\\/schema\\\/logo\\\/image\\\/\"},\"sameAs\":[\"https:\\\/\\\/www.facebook.com\\\/24gliwice\",\"https:\\\/\\\/x.com\\\/24gliwice\",\"https:\\\/\\\/www.youtube.com\\\/@24gliwice\"]},{\"@type\":\"Person\",\"@id\":\"https:\\\/\\\/www.24gliwice.pl\\\/wiadomosci\\\/#\\\/schema\\\/person\\\/e42c650edd7f2fa332be3811fb166b6e\",\"name\":\"\u017baneta Mrozek-Siewierska\",\"image\":{\"@type\":\"ImageObject\",\"inLanguage\":\"pl-PL\",\"@id\":\"https:\\\/\\\/www.24gliwice.pl\\\/wiadomosci\\\/wp-content\\\/uploads\\\/2021\\\/11\\\/Zaneta-M_S-zdjecie-czb-96x96.jpg\",\"url\":\"https:\\\/\\\/www.24gliwice.pl\\\/wiadomosci\\\/wp-content\\\/uploads\\\/2021\\\/11\\\/Zaneta-M_S-zdjecie-czb-96x96.jpg\",\"contentUrl\":\"https:\\\/\\\/www.24gliwice.pl\\\/wiadomosci\\\/wp-content\\\/uploads\\\/2021\\\/11\\\/Zaneta-M_S-zdjecie-czb-96x96.jpg\",\"caption\":\"\u017baneta Mrozek-Siewierska\"},\"url\":\"https:\\\/\\\/www.24gliwice.pl\\\/wiadomosci\\\/author\\\/zms\\\/\"}]}<\/script>\n<!-- \/ Yoast SEO plugin. -->","yoast_head_json":{"title":"Maskotki policyjne z ca\u0142ego kraju na stadionie przy ul. Okrzei. Odb\u0119dzie si\u0119 tam piknik rodzinny i mecz - 24GLIWICE - Portal Gliwice | codziennie nowe informacje","description":"Policyjne maskotki z ca\u0142ego kraju pojawi\u0105 si\u0119 na stadionie miejskim przy ulicy Okrzei. W sobot\u0119 odb\u0119dzie si\u0119 tam piknik rodzinny i mecz","robots":{"index":"index","follow":"follow","max-snippet":"max-snippet:-1","max-image-preview":"max-image-preview:large","max-video-preview":"max-video-preview:-1"},"canonical":"https:\/\/www.24gliwice.pl\/wiadomosci\/maskotki-policyjne-z-calego-kraju-na-stadionie-przy-ul-okrzei-odbedzie-sie-tam-piknik-rodzinny-i-mecz\/","og_locale":"pl_PL","og_type":"article","og_title":"Maskotki policyjne z ca\u0142ego kraju na stadionie przy ul. Okrzei. Odb\u0119dzie si\u0119 tam piknik rodzinny i mecz - 24GLIWICE - Portal Gliwice | codziennie nowe informacje","og_description":"Policyjne maskotki z ca\u0142ego kraju pojawi\u0105 si\u0119 na stadionie miejskim przy ulicy Okrzei. W sobot\u0119 odb\u0119dzie si\u0119 tam piknik rodzinny i mecz","og_url":"https:\/\/www.24gliwice.pl\/wiadomosci\/maskotki-policyjne-z-calego-kraju-na-stadionie-przy-ul-okrzei-odbedzie-sie-tam-piknik-rodzinny-i-mecz\/","og_site_name":"24GLIWICE - Portal Gliwice | codziennie nowe informacje","article_publisher":"https:\/\/www.facebook.com\/24gliwice","article_published_time":"2022-07-22T12:18:09+00:00","og_image":[{"width":810,"height":457,"url":"https:\/\/www.24gliwice.pl\/wiadomosci\/wp-content\/uploads\/2022\/07\/sznupek-policja-001.jpg","type":"image\/jpeg"}],"author":"\u017baneta Mrozek-Siewierska","twitter_card":"summary_large_image","twitter_creator":"@24gliwice","twitter_site":"@24gliwice","twitter_misc":{"Napisane przez":"\u017baneta Mrozek-Siewierska","Szacowany czas czytania":"2 minuty"},"schema":{"@context":"https:\/\/schema.org","@graph":[{"@type":"Article","@id":"https:\/\/www.24gliwice.pl\/wiadomosci\/maskotki-policyjne-z-calego-kraju-na-stadionie-przy-ul-okrzei-odbedzie-sie-tam-piknik-rodzinny-i-mecz\/#article","isPartOf":{"@id":"https:\/\/www.24gliwice.pl\/wiadomosci\/maskotki-policyjne-z-calego-kraju-na-stadionie-przy-ul-okrzei-odbedzie-sie-tam-piknik-rodzinny-i-mecz\/"},"author":{"name":"\u017baneta Mrozek-Siewierska","@id":"https:\/\/www.24gliwice.pl\/wiadomosci\/#\/schema\/person\/e42c650edd7f2fa332be3811fb166b6e"},"headline":"Maskotki policyjne z ca\u0142ego kraju na stadionie przy ul. Okrzei. Odb\u0119dzie si\u0119 tam piknik rodzinny i mecz","datePublished":"2022-07-22T12:18:09+00:00","mainEntityOfPage":{"@id":"https:\/\/www.24gliwice.pl\/wiadomosci\/maskotki-policyjne-z-calego-kraju-na-stadionie-przy-ul-okrzei-odbedzie-sie-tam-piknik-rodzinny-i-mecz\/"},"wordCount":362,"commentCount":0,"publisher":{"@id":"https:\/\/www.24gliwice.pl\/wiadomosci\/#organization"},"image":{"@id":"https:\/\/www.24gliwice.pl\/wiadomosci\/maskotki-policyjne-z-calego-kraju-na-stadionie-przy-ul-okrzei-odbedzie-sie-tam-piknik-rodzinny-i-mecz\/#primaryimage"},"thumbnailUrl":"https:\/\/www.24gliwice.pl\/wiadomosci\/wp-content\/uploads\/2022\/07\/sznupek-policja-001.jpg","keywords":["\u015bwi\u0119to policji"],"articleSection":["Gliwice","Kultura, wydarzenia, imprezy","Najnowsze wiadomo\u015bci"],"inLanguage":"pl-PL","potentialAction":[{"@type":"CommentAction","name":"Comment","target":["https:\/\/www.24gliwice.pl\/wiadomosci\/maskotki-policyjne-z-calego-kraju-na-stadionie-przy-ul-okrzei-odbedzie-sie-tam-piknik-rodzinny-i-mecz\/#respond"]}]},{"@type":"WebPage","@id":"https:\/\/www.24gliwice.pl\/wiadomosci\/maskotki-policyjne-z-calego-kraju-na-stadionie-przy-ul-okrzei-odbedzie-sie-tam-piknik-rodzinny-i-mecz\/","url":"https:\/\/www.24gliwice.pl\/wiadomosci\/maskotki-policyjne-z-calego-kraju-na-stadionie-przy-ul-okrzei-odbedzie-sie-tam-piknik-rodzinny-i-mecz\/","name":"Maskotki policyjne z ca\u0142ego kraju na stadionie przy ul. Okrzei. Odb\u0119dzie si\u0119 tam piknik rodzinny i mecz - 24GLIWICE - Portal Gliwice | codziennie nowe informacje","isPartOf":{"@id":"https:\/\/www.24gliwice.pl\/wiadomosci\/#website"},"primaryImageOfPage":{"@id":"https:\/\/www.24gliwice.pl\/wiadomosci\/maskotki-policyjne-z-calego-kraju-na-stadionie-przy-ul-okrzei-odbedzie-sie-tam-piknik-rodzinny-i-mecz\/#primaryimage"},"image":{"@id":"https:\/\/www.24gliwice.pl\/wiadomosci\/maskotki-policyjne-z-calego-kraju-na-stadionie-przy-ul-okrzei-odbedzie-sie-tam-piknik-rodzinny-i-mecz\/#primaryimage"},"thumbnailUrl":"https:\/\/www.24gliwice.pl\/wiadomosci\/wp-content\/uploads\/2022\/07\/sznupek-policja-001.jpg","datePublished":"2022-07-22T12:18:09+00:00","description":"Policyjne maskotki z ca\u0142ego kraju pojawi\u0105 si\u0119 na stadionie miejskim przy ulicy Okrzei. W sobot\u0119 odb\u0119dzie si\u0119 tam piknik rodzinny i mecz","breadcrumb":{"@id":"https:\/\/www.24gliwice.pl\/wiadomosci\/maskotki-policyjne-z-calego-kraju-na-stadionie-przy-ul-okrzei-odbedzie-sie-tam-piknik-rodzinny-i-mecz\/#breadcrumb"},"inLanguage":"pl-PL","potentialAction":[{"@type":"ReadAction","target":["https:\/\/www.24gliwice.pl\/wiadomosci\/maskotki-policyjne-z-calego-kraju-na-stadionie-przy-ul-okrzei-odbedzie-sie-tam-piknik-rodzinny-i-mecz\/"]}]},{"@type":"ImageObject","inLanguage":"pl-PL","@id":"https:\/\/www.24gliwice.pl\/wiadomosci\/maskotki-policyjne-z-calego-kraju-na-stadionie-przy-ul-okrzei-odbedzie-sie-tam-piknik-rodzinny-i-mecz\/#primaryimage","url":"https:\/\/www.24gliwice.pl\/wiadomosci\/wp-content\/uploads\/2022\/07\/sznupek-policja-001.jpg","contentUrl":"https:\/\/www.24gliwice.pl\/wiadomosci\/wp-content\/uploads\/2022\/07\/sznupek-policja-001.jpg","width":810,"height":457},{"@type":"BreadcrumbList","@id":"https:\/\/www.24gliwice.pl\/wiadomosci\/maskotki-policyjne-z-calego-kraju-na-stadionie-przy-ul-okrzei-odbedzie-sie-tam-piknik-rodzinny-i-mecz\/#breadcrumb","itemListElement":[{"@type":"ListItem","position":1,"name":"Strona g\u0142\u00f3wna","item":"https:\/\/www.24gliwice.pl\/wiadomosci\/"},{"@type":"ListItem","position":2,"name":"Maskotki policyjne z ca\u0142ego kraju na stadionie przy ul. Okrzei. Odb\u0119dzie si\u0119 tam piknik rodzinny i mecz"}]},{"@type":"WebSite","@id":"https:\/\/www.24gliwice.pl\/wiadomosci\/#website","url":"https:\/\/www.24gliwice.pl\/wiadomosci\/","name":"24GLIWICE - Portal Gliwice | codziennie nowe wiadomo\u015bci","description":"Portal Miejski Gliwice","publisher":{"@id":"https:\/\/www.24gliwice.pl\/wiadomosci\/#organization"},"potentialAction":[{"@type":"SearchAction","target":{"@type":"EntryPoint","urlTemplate":"https:\/\/www.24gliwice.pl\/wiadomosci\/?s={search_term_string}"},"query-input":{"@type":"PropertyValueSpecification","valueRequired":true,"valueName":"search_term_string"}}],"inLanguage":"pl-PL"},{"@type":"Organization","@id":"https:\/\/www.24gliwice.pl\/wiadomosci\/#organization","name":"24gliwice","url":"https:\/\/www.24gliwice.pl\/wiadomosci\/","logo":{"@type":"ImageObject","inLanguage":"pl-PL","@id":"https:\/\/www.24gliwice.pl\/wiadomosci\/#\/schema\/logo\/image\/","url":"https:\/\/www.24gliwice.pl\/wiadomosci\/wp-content\/uploads\/2024\/10\/24gliwice-logo-696.jpg","contentUrl":"https:\/\/www.24gliwice.pl\/wiadomosci\/wp-content\/uploads\/2024\/10\/24gliwice-logo-696.jpg","width":696,"height":696,"caption":"24gliwice"},"image":{"@id":"https:\/\/www.24gliwice.pl\/wiadomosci\/#\/schema\/logo\/image\/"},"sameAs":["https:\/\/www.facebook.com\/24gliwice","https:\/\/x.com\/24gliwice","https:\/\/www.youtube.com\/@24gliwice"]},{"@type":"Person","@id":"https:\/\/www.24gliwice.pl\/wiadomosci\/#\/schema\/person\/e42c650edd7f2fa332be3811fb166b6e","name":"\u017baneta Mrozek-Siewierska","image":{"@type":"ImageObject","inLanguage":"pl-PL","@id":"https:\/\/www.24gliwice.pl\/wiadomosci\/wp-content\/uploads\/2021\/11\/Zaneta-M_S-zdjecie-czb-96x96.jpg","url":"https:\/\/www.24gliwice.pl\/wiadomosci\/wp-content\/uploads\/2021\/11\/Zaneta-M_S-zdjecie-czb-96x96.jpg","contentUrl":"https:\/\/www.24gliwice.pl\/wiadomosci\/wp-content\/uploads\/2021\/11\/Zaneta-M_S-zdjecie-czb-96x96.jpg","caption":"\u017baneta Mrozek-Siewierska"},"url":"https:\/\/www.24gliwice.pl\/wiadomosci\/author\/zms\/"}]}},"_links":{"self":[{"href":"https:\/\/www.24gliwice.pl\/wiadomosci\/wp-json\/wp\/v2\/posts\/197008","targetHints":{"allow":["GET"]}}],"collection":[{"href":"https:\/\/www.24gliwice.pl\/wiadomosci\/wp-json\/wp\/v2\/posts"}],"about":[{"href":"https:\/\/www.24gliwice.pl\/wiadomosci\/wp-json\/wp\/v2\/types\/post"}],"author":[{"embeddable":true,"href":"https:\/\/www.24gliwice.pl\/wiadomosci\/wp-json\/wp\/v2\/users\/15"}],"replies":[{"embeddable":true,"href":"https:\/\/www.24gliwice.pl\/wiadomosci\/wp-json\/wp\/v2\/comments?post=197008"}],"version-history":[{"count":8,"href":"https:\/\/www.24gliwice.pl\/wiadomosci\/wp-json\/wp\/v2\/posts\/197008\/revisions"}],"predecessor-version":[{"id":197105,"href":"https:\/\/www.24gliwice.pl\/wiadomosci\/wp-json\/wp\/v2\/posts\/197008\/revisions\/197105"}],"wp:featuredmedia":[{"embeddable":true,"href":"https:\/\/www.24gliwice.pl\/wiadomosci\/wp-json\/wp\/v2\/media\/197028"}],"wp:attachment":[{"href":"https:\/\/www.24gliwice.pl\/wiadomosci\/wp-json\/wp\/v2\/media?parent=197008"}],"wp:term":[{"taxonomy":"category","embeddable":true,"href":"https:\/\/www.24gliwice.pl\/wiadomosci\/wp-json\/wp\/v2\/categories?post=197008"},{"taxonomy":"post_tag","embeddable":true,"href":"https:\/\/www.24gliwice.pl\/wiadomosci\/wp-json\/wp\/v2\/tags?post=197008"}],"curies":[{"name":"wp","href":"https:\/\/api.w.org\/{rel}","templated":true}]}}