{"id":197254,"date":"2022-07-26T08:04:17","date_gmt":"2022-07-26T06:04:17","guid":{"rendered":"https:\/\/www.24gliwice.pl\/wiadomosci\/?p=197254"},"modified":"2022-07-26T13:05:09","modified_gmt":"2022-07-26T11:05:09","slug":"pozar-pola-i-lasu-podczas-zniw-do-akcji-gasniczej-zadysponowano-smiglowiec-lasow-panstwowych","status":"publish","type":"post","link":"https:\/\/www.24gliwice.pl\/wiadomosci\/pozar-pola-i-lasu-podczas-zniw-do-akcji-gasniczej-zadysponowano-smiglowiec-lasow-panstwowych\/","title":{"rendered":"Po\u017car pola i lasu podczas \u017cniw. Do akcji ga\u015bniczej zadysponowano \u015bmig\u0142owiec Las\u00f3w Pa\u0144stwowych"},"content":{"rendered":"<div class=\"gliwi-a6-nad-leadem-artykulow gliwi-entity-placement\" id=\"gliwi-3894608881\"><div class=\"gliwi-adlabel\"><span style=\"font-size: 9px\">REKLAMA<\/span><\/div><div id=\"gliwi-2051833708\" style=\"margin-bottom: 25px;margin-left: auto;margin-right: auto;text-align: center;\"><a data-no-instant=\"1\" href=\"https:\/\/dom100.eu\/\" rel=\"noopener\" class=\"a2t-link\" target=\"_blank\" aria-label=\"20260415 DOM100 D\"><img loading=\"lazy\" decoding=\"async\" src=\"https:\/\/www.24gliwice.pl\/wiadomosci\/wp-content\/uploads\/2026\/04\/20260415-DOM100-D.jpg\" alt=\"\"  srcset=\"https:\/\/www.24gliwice.pl\/wiadomosci\/wp-content\/uploads\/2026\/04\/20260415-DOM100-D.jpg 750w, https:\/\/www.24gliwice.pl\/wiadomosci\/wp-content\/uploads\/2026\/04\/20260415-DOM100-D-410x109.jpg 410w\" sizes=\"(max-width: 750px) 100vw, 750px\" class=\"no-lazyload\" width=\"750\" height=\"200\"  style=\"display: inline-block; max-width: 100%; height: auto;\" \/><\/a><\/div><\/div><h2>Niedawno pali\u0142o si\u0119 \u015bciernisko w rejonie Sikornika, gdzie z ogniem poradzili sobie stra\u017cacy z OSP KSRG Gliwice-Ostropa. Teraz do po\u017caru dosz\u0142o w Radoni w gminie Wielowie\u015b. Tym razem sprawa by\u0142a powa\u017cniejsza, bo \u017cywio\u0142 zd\u0105\u017cy\u0142 rozprzestrzeni\u0107 si\u0119 tak\u017ce na terenie zalesionym.<\/h2>\n<p>&nbsp;<br \/>\n<a href=\"https:\/\/www.24gliwice.pl\/wiadomosci\/wp-content\/uploads\/2022\/07\/pozar-scierniska-odp-ksrg-gliwice-ostropa2.jpg\"><img loading=\"lazy\" decoding=\"async\" src=\"https:\/\/www.24gliwice.pl\/wiadomosci\/wp-content\/uploads\/2022\/07\/pozar-scierniska-odp-ksrg-gliwice-ostropa2.jpg\" alt=\"\" width=\"810\" height=\"456\" class=\"alignnone size-full wp-image-197270\" srcset=\"https:\/\/www.24gliwice.pl\/wiadomosci\/wp-content\/uploads\/2022\/07\/pozar-scierniska-odp-ksrg-gliwice-ostropa2.jpg 810w, https:\/\/www.24gliwice.pl\/wiadomosci\/wp-content\/uploads\/2022\/07\/pozar-scierniska-odp-ksrg-gliwice-ostropa2-410x232.jpg 410w, https:\/\/www.24gliwice.pl\/wiadomosci\/wp-content\/uploads\/2022\/07\/pozar-scierniska-odp-ksrg-gliwice-ostropa2-808x455.jpg 808w, https:\/\/www.24gliwice.pl\/wiadomosci\/wp-content\/uploads\/2022\/07\/pozar-scierniska-odp-ksrg-gliwice-ostropa2-768x432.jpg 768w\" sizes=\"auto, (max-width: 810px) 100vw, 810px\" \/><\/a><\/p>\n<p><a href=\"https:\/\/www.24gliwice.pl\/wiadomosci\/wp-content\/uploads\/2022\/07\/pozar-scierniska-odp-ksrg-gliwice-ostropa.jpg\"><img loading=\"lazy\" decoding=\"async\" src=\"https:\/\/www.24gliwice.pl\/wiadomosci\/wp-content\/uploads\/2022\/07\/pozar-scierniska-odp-ksrg-gliwice-ostropa.jpg\" alt=\"\" width=\"810\" height=\"456\" class=\"alignnone size-full wp-image-197269\" srcset=\"https:\/\/www.24gliwice.pl\/wiadomosci\/wp-content\/uploads\/2022\/07\/pozar-scierniska-odp-ksrg-gliwice-ostropa.jpg 810w, https:\/\/www.24gliwice.pl\/wiadomosci\/wp-content\/uploads\/2022\/07\/pozar-scierniska-odp-ksrg-gliwice-ostropa-410x232.jpg 410w, https:\/\/www.24gliwice.pl\/wiadomosci\/wp-content\/uploads\/2022\/07\/pozar-scierniska-odp-ksrg-gliwice-ostropa-808x455.jpg 808w, https:\/\/www.24gliwice.pl\/wiadomosci\/wp-content\/uploads\/2022\/07\/pozar-scierniska-odp-ksrg-gliwice-ostropa-768x432.jpg 768w\" sizes=\"auto, (max-width: 810px) 100vw, 810px\" \/><\/a><\/p>\n<p>Zg\u0142oszenie z terenu powiatu gliwickiego wp\u0142yn\u0119\u0142o do stra\u017cy po\u017carnej w poniedzia\u0142ek, 25 lipca, przed godzin\u0105 18:00.<\/p>\n<p><a href=\"https:\/\/www.24gliwice.pl\/wiadomosci\/wp-content\/uploads\/2022\/07\/pozar-w-radoni.jpg\"><img loading=\"lazy\" decoding=\"async\" src=\"https:\/\/www.24gliwice.pl\/wiadomosci\/wp-content\/uploads\/2022\/07\/pozar-w-radoni.jpg\" alt=\"\" width=\"810\" height=\"365\" class=\"alignnone size-full wp-image-197271\" srcset=\"https:\/\/www.24gliwice.pl\/wiadomosci\/wp-content\/uploads\/2022\/07\/pozar-w-radoni.jpg 810w, https:\/\/www.24gliwice.pl\/wiadomosci\/wp-content\/uploads\/2022\/07\/pozar-w-radoni-410x185.jpg 410w, https:\/\/www.24gliwice.pl\/wiadomosci\/wp-content\/uploads\/2022\/07\/pozar-w-radoni-768x346.jpg 768w\" sizes=\"auto, (max-width: 810px) 100vw, 810px\" \/><\/a><\/p>\n<p>&#8211; <em>Po przybyciu pierwszego zast\u0119pu stra\u017cy po\u017carnej na miejsce zdarzenia i przeprowadzeniu rozpoznania stwierdzono po\u017car zbo\u017ca, s\u0142omy i \u015bcierniska oraz wydobywaj\u0105cy si\u0119 dym z komory silnika kombajnu. Po\u017car rozprzestrzenia\u0142 si\u0119 w kierunku lasu<\/em> &#8211; relacjonuje pa\u0144stwowa stra\u017c po\u017carna w mediach spo\u0142eczno\u015bciowych. <\/p><div class=\"gliwi-a3-w-tresci-artykulow gliwi-entity-placement\" id=\"gliwi-1910506923\"><div class=\"gliwi-adlabel\"><span style=\"font-size: 9px\">REKLAMA<\/span><\/div><div id=\"gliwi-3696913883\" style=\"margin-bottom: 30px;margin-left: auto;margin-right: auto;text-align: center;\"><a data-no-instant=\"1\" href=\"https:\/\/ogrodyandersa.pl\/\" rel=\"noopener\" class=\"a2t-link\" target=\"_blank\" aria-label=\"20260415 Ogrody Andersa KUP TERAZ D\"><img loading=\"lazy\" decoding=\"async\" src=\"https:\/\/www.24gliwice.pl\/wiadomosci\/wp-content\/uploads\/2026\/04\/20260415-Ogrody-Andersa-KUP-TERAZ-D.jpg\" alt=\"\"  srcset=\"https:\/\/www.24gliwice.pl\/wiadomosci\/wp-content\/uploads\/2026\/04\/20260415-Ogrody-Andersa-KUP-TERAZ-D.jpg 750w, https:\/\/www.24gliwice.pl\/wiadomosci\/wp-content\/uploads\/2026\/04\/20260415-Ogrody-Andersa-KUP-TERAZ-D-410x109.jpg 410w\" sizes=\"(max-width: 750px) 100vw, 750px\" class=\"no-lazyload\" width=\"750\" height=\"200\"  style=\"display: inline-block; max-width: 100%; height: auto;\" \/><\/a><\/div><\/div>\n<blockquote><p><em>W wyniku zdarzenia spaleniu uleg\u0142 ponad hektar uprawy rolnej oraz poszycia le\u015bnego. W dzia\u0142aniach bra\u0142o udzia\u0142 8 zast\u0119p\u00f3w, 33 stra\u017cak\u00f3w oraz helikopter Las\u00f3w Pa\u0144stwowych w Katowicach, kt\u00f3ry dokona\u0142 zrzut\u00f3w ga\u015bniczych<\/em> <\/p><\/blockquote>\n<p>&#8211; dodaje KM PSP Glwice. W trakcie prowadzonych dzia\u0142a\u0144 zas\u0142ab\u0142 stra\u017cak, kt\u00f3ry zosta\u0142 zabrany przez Zesp\u00f3\u0142 Ratownictwa Medycznego do szpitala.<\/p>\n<p><a href=\"https:\/\/www.24gliwice.pl\/wiadomosci\/wp-content\/uploads\/2022\/07\/pozar-w-radoni2.jpg\"><img loading=\"lazy\" decoding=\"async\" src=\"https:\/\/www.24gliwice.pl\/wiadomosci\/wp-content\/uploads\/2022\/07\/pozar-w-radoni2.jpg\" alt=\"\" width=\"810\" height=\"365\" class=\"alignnone size-full wp-image-197272\" srcset=\"https:\/\/www.24gliwice.pl\/wiadomosci\/wp-content\/uploads\/2022\/07\/pozar-w-radoni2.jpg 810w, https:\/\/www.24gliwice.pl\/wiadomosci\/wp-content\/uploads\/2022\/07\/pozar-w-radoni2-410x185.jpg 410w, https:\/\/www.24gliwice.pl\/wiadomosci\/wp-content\/uploads\/2022\/07\/pozar-w-radoni2-768x346.jpg 768w\" sizes=\"auto, (max-width: 810px) 100vw, 810px\" \/><\/a><\/p>\n<p>Niestety trwa susza hydrologiczna, deszcz to w ostatnim czasie rzadko\u015b\u0107. Cho\u0107 w najbli\u017cszych dniach ma pada\u0107, to w szerszej perspektywie jest to niewystarczaj\u0105ca ilo\u015b\u0107 wody. Zima i wiosna nie obfitowa\u0142y w opady, w wi\u0119kszo\u015bci kraju wp\u0142yn\u0119\u0142o to obni\u017cenie stanu rzek (w skrajnych przypadkach mo\u017cna m\u00f3wi\u0107 o ich wysychaniu). <\/p>\n<p>&#8211; Nadchodz\u0105cy weekend i pierwsza cz\u0119\u015b\u0107 tygodnia przyniesie nieco ni\u017csze, ale nadal bardzo wysokie si\u0119gaj\u0105ce 30\u00b0C temperatury oraz burze i deszcz. Nie s\u0105 to jednak optymistyczne prognozy, gdy\u017c deszcz towarzysz\u0105cy burzom mo\u017ce prowadzi\u0107 do kumulacji sum opadu i stanowi\u0107 zagro\u017cenie zw\u0142aszcza na obszarach zurbanizowanych. Nier\u00f3wnomierny rozk\u0142ad opad\u00f3w gwa\u0142towny przebieg zjawisk nie poprawi sytuacji pod k\u0105tem suszy, a jedynie chwilowo i lokalnie zatrzyma jej rozw\u00f3j &#8211; informowa\u0142 kilka dni temu IMGW na specjalnie dedykowanej stronie STOPSUSZY.imgw.pl.<\/p>\n<p>(\u017cms)\\PSP Gliwice (FB)<br \/>\nfot. PSP Gliwice<\/p>\n<div class=\"gliwi-a5-na-koncu-artykulow gliwi-entity-placement\" id=\"gliwi-587646787\"><div class=\"gliwi-adlabel\"><span style=\"font-size: 9px\">REKLAMA<\/span><\/div><div id=\"gliwi-3759192614\" style=\"margin-left: auto;margin-right: auto;text-align: center;\"><a data-no-instant=\"1\" href=\"https:\/\/prezeroarenagliwice.pl\/\" rel=\"noopener\" class=\"a2t-link\" target=\"_blank\" aria-label=\"20260309-PREZERO-WIOSNA-D\"><img loading=\"lazy\" decoding=\"async\" src=\"https:\/\/www.24gliwice.pl\/wiadomosci\/wp-content\/uploads\/2026\/03\/20260309-PREZERO-WIOSNA-D.webp\" alt=\"\"  srcset=\"https:\/\/www.24gliwice.pl\/wiadomosci\/wp-content\/uploads\/2026\/03\/20260309-PREZERO-WIOSNA-D.webp 750w, https:\/\/www.24gliwice.pl\/wiadomosci\/wp-content\/uploads\/2026\/03\/20260309-PREZERO-WIOSNA-D-410x109.webp 410w\" sizes=\"(max-width: 750px) 100vw, 750px\" class=\"no-lazyload\" width=\"750\" height=\"200\"  style=\"display: inline-block; max-width: 100%; height: auto;\" \/><\/a><\/div><\/div>","protected":false},"excerpt":{"rendered":"<p>Niedawno pali\u0142o si\u0119 \u015bciernisko w rejonie Sikornika, gdzie z ogniem poradzili sobie stra\u017cacy z OSP KSRG Gliwice-Ostropa. Teraz do po\u017caru dosz\u0142o w Radoni w gminie Wielowie\u015b. Tym razem sprawa by\u0142a powa\u017cniejsza, bo \u017cywio\u0142 zd\u0105\u017cy\u0142 rozprzestrzeni\u0107 si\u0119 tak\u017ce na terenie zalesionym. &nbsp; Zg\u0142oszenie z terenu powiatu gliwickiego wp\u0142yn\u0119\u0142o do stra\u017cy po\u017carnej w poniedzia\u0142ek, 25 lipca, przed [&hellip;]<\/p>\n","protected":false},"author":15,"featured_media":197274,"comment_status":"open","ping_status":"closed","sticky":false,"template":"","format":"standard","meta":{"_monsterinsights_skip_tracking":false,"_monsterinsights_sitenote_active":false,"_monsterinsights_sitenote_note":"","_monsterinsights_sitenote_category":0,"footnotes":"","_links_to":"","_links_to_target":""},"categories":[3,1],"tags":[],"class_list":["post-197254","post","type-post","status-publish","format-standard","has-post-thumbnail","hentry","category-gliwice","category-wszystko"],"yoast_head":"<!-- This site is optimized with the Yoast SEO plugin v27.4 - https:\/\/yoast.com\/product\/yoast-seo-wordpress\/ -->\n<title>Po\u017car pola i lasu podczas \u017cniw. Do akcji ga\u015bniczej zadysponowano \u015bmig\u0142owiec Las\u00f3w Pa\u0144stwowych - 24GLIWICE - Portal Gliwice | codziennie nowe informacje<\/title>\n<meta name=\"description\" content=\"W Raduni w powiecie gliwickim dosz\u0142o do po\u017caru pola uprawnego i lasu. Ogie\u0144 pojawi\u0142 si\u0119 podczas \u017cniw - stwierdzono go w komorze kombajnu\" \/>\n<meta name=\"robots\" content=\"index, follow, max-snippet:-1, max-image-preview:large, max-video-preview:-1\" \/>\n<link rel=\"canonical\" href=\"https:\/\/www.24gliwice.pl\/wiadomosci\/pozar-pola-i-lasu-podczas-zniw-do-akcji-gasniczej-zadysponowano-smiglowiec-lasow-panstwowych\/\" \/>\n<meta property=\"og:locale\" content=\"pl_PL\" \/>\n<meta property=\"og:type\" content=\"article\" \/>\n<meta property=\"og:title\" content=\"Po\u017car pola i lasu podczas \u017cniw. Do akcji ga\u015bniczej zadysponowano \u015bmig\u0142owiec Las\u00f3w Pa\u0144stwowych - 24GLIWICE - Portal Gliwice | codziennie nowe informacje\" \/>\n<meta property=\"og:description\" content=\"W Raduni w powiecie gliwickim dosz\u0142o do po\u017caru pola uprawnego i lasu. Ogie\u0144 pojawi\u0142 si\u0119 podczas \u017cniw - stwierdzono go w komorze kombajnu\" \/>\n<meta property=\"og:url\" content=\"https:\/\/www.24gliwice.pl\/wiadomosci\/pozar-pola-i-lasu-podczas-zniw-do-akcji-gasniczej-zadysponowano-smiglowiec-lasow-panstwowych\/\" \/>\n<meta property=\"og:site_name\" content=\"24GLIWICE - Portal Gliwice | codziennie nowe informacje\" \/>\n<meta property=\"article:publisher\" content=\"https:\/\/www.facebook.com\/24gliwice\" \/>\n<meta property=\"article:published_time\" content=\"2022-07-26T06:04:17+00:00\" \/>\n<meta property=\"article:modified_time\" content=\"2022-07-26T11:05:09+00:00\" \/>\n<meta property=\"og:image\" content=\"https:\/\/www.24gliwice.pl\/wiadomosci\/wp-content\/uploads\/2022\/07\/pozar-w-radoni3-001.jpg\" \/>\n\t<meta property=\"og:image:width\" content=\"810\" \/>\n\t<meta property=\"og:image:height\" content=\"455\" \/>\n\t<meta property=\"og:image:type\" content=\"image\/jpeg\" \/>\n<meta name=\"author\" content=\"\u017baneta Mrozek-Siewierska\" \/>\n<meta name=\"twitter:card\" content=\"summary_large_image\" \/>\n<meta name=\"twitter:creator\" content=\"@24gliwice\" \/>\n<meta name=\"twitter:site\" content=\"@24gliwice\" \/>\n<meta name=\"twitter:label1\" content=\"Napisane przez\" \/>\n\t<meta name=\"twitter:data1\" content=\"\u017baneta Mrozek-Siewierska\" \/>\n\t<meta name=\"twitter:label2\" content=\"Szacowany czas czytania\" \/>\n\t<meta name=\"twitter:data2\" content=\"2 minuty\" \/>\n<script type=\"application\/ld+json\" class=\"yoast-schema-graph\">{\"@context\":\"https:\\\/\\\/schema.org\",\"@graph\":[{\"@type\":\"Article\",\"@id\":\"https:\\\/\\\/www.24gliwice.pl\\\/wiadomosci\\\/pozar-pola-i-lasu-podczas-zniw-do-akcji-gasniczej-zadysponowano-smiglowiec-lasow-panstwowych\\\/#article\",\"isPartOf\":{\"@id\":\"https:\\\/\\\/www.24gliwice.pl\\\/wiadomosci\\\/pozar-pola-i-lasu-podczas-zniw-do-akcji-gasniczej-zadysponowano-smiglowiec-lasow-panstwowych\\\/\"},\"author\":{\"name\":\"\u017baneta Mrozek-Siewierska\",\"@id\":\"https:\\\/\\\/www.24gliwice.pl\\\/wiadomosci\\\/#\\\/schema\\\/person\\\/e42c650edd7f2fa332be3811fb166b6e\"},\"headline\":\"Po\u017car pola i lasu podczas \u017cniw. Do akcji ga\u015bniczej zadysponowano \u015bmig\u0142owiec Las\u00f3w Pa\u0144stwowych\",\"datePublished\":\"2022-07-26T06:04:17+00:00\",\"dateModified\":\"2022-07-26T11:05:09+00:00\",\"mainEntityOfPage\":{\"@id\":\"https:\\\/\\\/www.24gliwice.pl\\\/wiadomosci\\\/pozar-pola-i-lasu-podczas-zniw-do-akcji-gasniczej-zadysponowano-smiglowiec-lasow-panstwowych\\\/\"},\"wordCount\":360,\"commentCount\":0,\"publisher\":{\"@id\":\"https:\\\/\\\/www.24gliwice.pl\\\/wiadomosci\\\/#organization\"},\"image\":{\"@id\":\"https:\\\/\\\/www.24gliwice.pl\\\/wiadomosci\\\/pozar-pola-i-lasu-podczas-zniw-do-akcji-gasniczej-zadysponowano-smiglowiec-lasow-panstwowych\\\/#primaryimage\"},\"thumbnailUrl\":\"https:\\\/\\\/www.24gliwice.pl\\\/wiadomosci\\\/wp-content\\\/uploads\\\/2022\\\/07\\\/pozar-w-radoni3-001.jpg\",\"articleSection\":[\"Gliwice\",\"Najnowsze wiadomo\u015bci\"],\"inLanguage\":\"pl-PL\",\"potentialAction\":[{\"@type\":\"CommentAction\",\"name\":\"Comment\",\"target\":[\"https:\\\/\\\/www.24gliwice.pl\\\/wiadomosci\\\/pozar-pola-i-lasu-podczas-zniw-do-akcji-gasniczej-zadysponowano-smiglowiec-lasow-panstwowych\\\/#respond\"]}]},{\"@type\":\"WebPage\",\"@id\":\"https:\\\/\\\/www.24gliwice.pl\\\/wiadomosci\\\/pozar-pola-i-lasu-podczas-zniw-do-akcji-gasniczej-zadysponowano-smiglowiec-lasow-panstwowych\\\/\",\"url\":\"https:\\\/\\\/www.24gliwice.pl\\\/wiadomosci\\\/pozar-pola-i-lasu-podczas-zniw-do-akcji-gasniczej-zadysponowano-smiglowiec-lasow-panstwowych\\\/\",\"name\":\"Po\u017car pola i lasu podczas \u017cniw. Do akcji ga\u015bniczej zadysponowano \u015bmig\u0142owiec Las\u00f3w Pa\u0144stwowych - 24GLIWICE - Portal Gliwice | codziennie nowe informacje\",\"isPartOf\":{\"@id\":\"https:\\\/\\\/www.24gliwice.pl\\\/wiadomosci\\\/#website\"},\"primaryImageOfPage\":{\"@id\":\"https:\\\/\\\/www.24gliwice.pl\\\/wiadomosci\\\/pozar-pola-i-lasu-podczas-zniw-do-akcji-gasniczej-zadysponowano-smiglowiec-lasow-panstwowych\\\/#primaryimage\"},\"image\":{\"@id\":\"https:\\\/\\\/www.24gliwice.pl\\\/wiadomosci\\\/pozar-pola-i-lasu-podczas-zniw-do-akcji-gasniczej-zadysponowano-smiglowiec-lasow-panstwowych\\\/#primaryimage\"},\"thumbnailUrl\":\"https:\\\/\\\/www.24gliwice.pl\\\/wiadomosci\\\/wp-content\\\/uploads\\\/2022\\\/07\\\/pozar-w-radoni3-001.jpg\",\"datePublished\":\"2022-07-26T06:04:17+00:00\",\"dateModified\":\"2022-07-26T11:05:09+00:00\",\"description\":\"W Raduni w powiecie gliwickim dosz\u0142o do po\u017caru pola uprawnego i lasu. Ogie\u0144 pojawi\u0142 si\u0119 podczas \u017cniw - stwierdzono go w komorze kombajnu\",\"breadcrumb\":{\"@id\":\"https:\\\/\\\/www.24gliwice.pl\\\/wiadomosci\\\/pozar-pola-i-lasu-podczas-zniw-do-akcji-gasniczej-zadysponowano-smiglowiec-lasow-panstwowych\\\/#breadcrumb\"},\"inLanguage\":\"pl-PL\",\"potentialAction\":[{\"@type\":\"ReadAction\",\"target\":[\"https:\\\/\\\/www.24gliwice.pl\\\/wiadomosci\\\/pozar-pola-i-lasu-podczas-zniw-do-akcji-gasniczej-zadysponowano-smiglowiec-lasow-panstwowych\\\/\"]}]},{\"@type\":\"ImageObject\",\"inLanguage\":\"pl-PL\",\"@id\":\"https:\\\/\\\/www.24gliwice.pl\\\/wiadomosci\\\/pozar-pola-i-lasu-podczas-zniw-do-akcji-gasniczej-zadysponowano-smiglowiec-lasow-panstwowych\\\/#primaryimage\",\"url\":\"https:\\\/\\\/www.24gliwice.pl\\\/wiadomosci\\\/wp-content\\\/uploads\\\/2022\\\/07\\\/pozar-w-radoni3-001.jpg\",\"contentUrl\":\"https:\\\/\\\/www.24gliwice.pl\\\/wiadomosci\\\/wp-content\\\/uploads\\\/2022\\\/07\\\/pozar-w-radoni3-001.jpg\",\"width\":810,\"height\":455},{\"@type\":\"BreadcrumbList\",\"@id\":\"https:\\\/\\\/www.24gliwice.pl\\\/wiadomosci\\\/pozar-pola-i-lasu-podczas-zniw-do-akcji-gasniczej-zadysponowano-smiglowiec-lasow-panstwowych\\\/#breadcrumb\",\"itemListElement\":[{\"@type\":\"ListItem\",\"position\":1,\"name\":\"Strona g\u0142\u00f3wna\",\"item\":\"https:\\\/\\\/www.24gliwice.pl\\\/wiadomosci\\\/\"},{\"@type\":\"ListItem\",\"position\":2,\"name\":\"Po\u017car pola i lasu podczas \u017cniw. Do akcji ga\u015bniczej zadysponowano \u015bmig\u0142owiec Las\u00f3w Pa\u0144stwowych\"}]},{\"@type\":\"WebSite\",\"@id\":\"https:\\\/\\\/www.24gliwice.pl\\\/wiadomosci\\\/#website\",\"url\":\"https:\\\/\\\/www.24gliwice.pl\\\/wiadomosci\\\/\",\"name\":\"24GLIWICE - Portal Gliwice | codziennie nowe wiadomo\u015bci\",\"description\":\"Portal Miejski Gliwice\",\"publisher\":{\"@id\":\"https:\\\/\\\/www.24gliwice.pl\\\/wiadomosci\\\/#organization\"},\"potentialAction\":[{\"@type\":\"SearchAction\",\"target\":{\"@type\":\"EntryPoint\",\"urlTemplate\":\"https:\\\/\\\/www.24gliwice.pl\\\/wiadomosci\\\/?s={search_term_string}\"},\"query-input\":{\"@type\":\"PropertyValueSpecification\",\"valueRequired\":true,\"valueName\":\"search_term_string\"}}],\"inLanguage\":\"pl-PL\"},{\"@type\":\"Organization\",\"@id\":\"https:\\\/\\\/www.24gliwice.pl\\\/wiadomosci\\\/#organization\",\"name\":\"24gliwice\",\"url\":\"https:\\\/\\\/www.24gliwice.pl\\\/wiadomosci\\\/\",\"logo\":{\"@type\":\"ImageObject\",\"inLanguage\":\"pl-PL\",\"@id\":\"https:\\\/\\\/www.24gliwice.pl\\\/wiadomosci\\\/#\\\/schema\\\/logo\\\/image\\\/\",\"url\":\"https:\\\/\\\/www.24gliwice.pl\\\/wiadomosci\\\/wp-content\\\/uploads\\\/2024\\\/10\\\/24gliwice-logo-696.jpg\",\"contentUrl\":\"https:\\\/\\\/www.24gliwice.pl\\\/wiadomosci\\\/wp-content\\\/uploads\\\/2024\\\/10\\\/24gliwice-logo-696.jpg\",\"width\":696,\"height\":696,\"caption\":\"24gliwice\"},\"image\":{\"@id\":\"https:\\\/\\\/www.24gliwice.pl\\\/wiadomosci\\\/#\\\/schema\\\/logo\\\/image\\\/\"},\"sameAs\":[\"https:\\\/\\\/www.facebook.com\\\/24gliwice\",\"https:\\\/\\\/x.com\\\/24gliwice\",\"https:\\\/\\\/www.youtube.com\\\/@24gliwice\"]},{\"@type\":\"Person\",\"@id\":\"https:\\\/\\\/www.24gliwice.pl\\\/wiadomosci\\\/#\\\/schema\\\/person\\\/e42c650edd7f2fa332be3811fb166b6e\",\"name\":\"\u017baneta Mrozek-Siewierska\",\"image\":{\"@type\":\"ImageObject\",\"inLanguage\":\"pl-PL\",\"@id\":\"https:\\\/\\\/www.24gliwice.pl\\\/wiadomosci\\\/wp-content\\\/uploads\\\/2021\\\/11\\\/Zaneta-M_S-zdjecie-czb-96x96.jpg\",\"url\":\"https:\\\/\\\/www.24gliwice.pl\\\/wiadomosci\\\/wp-content\\\/uploads\\\/2021\\\/11\\\/Zaneta-M_S-zdjecie-czb-96x96.jpg\",\"contentUrl\":\"https:\\\/\\\/www.24gliwice.pl\\\/wiadomosci\\\/wp-content\\\/uploads\\\/2021\\\/11\\\/Zaneta-M_S-zdjecie-czb-96x96.jpg\",\"caption\":\"\u017baneta Mrozek-Siewierska\"},\"url\":\"https:\\\/\\\/www.24gliwice.pl\\\/wiadomosci\\\/author\\\/zms\\\/\"}]}<\/script>\n<!-- \/ Yoast SEO plugin. -->","yoast_head_json":{"title":"Po\u017car pola i lasu podczas \u017cniw. Do akcji ga\u015bniczej zadysponowano \u015bmig\u0142owiec Las\u00f3w Pa\u0144stwowych - 24GLIWICE - Portal Gliwice | codziennie nowe informacje","description":"W Raduni w powiecie gliwickim dosz\u0142o do po\u017caru pola uprawnego i lasu. Ogie\u0144 pojawi\u0142 si\u0119 podczas \u017cniw - stwierdzono go w komorze kombajnu","robots":{"index":"index","follow":"follow","max-snippet":"max-snippet:-1","max-image-preview":"max-image-preview:large","max-video-preview":"max-video-preview:-1"},"canonical":"https:\/\/www.24gliwice.pl\/wiadomosci\/pozar-pola-i-lasu-podczas-zniw-do-akcji-gasniczej-zadysponowano-smiglowiec-lasow-panstwowych\/","og_locale":"pl_PL","og_type":"article","og_title":"Po\u017car pola i lasu podczas \u017cniw. Do akcji ga\u015bniczej zadysponowano \u015bmig\u0142owiec Las\u00f3w Pa\u0144stwowych - 24GLIWICE - Portal Gliwice | codziennie nowe informacje","og_description":"W Raduni w powiecie gliwickim dosz\u0142o do po\u017caru pola uprawnego i lasu. Ogie\u0144 pojawi\u0142 si\u0119 podczas \u017cniw - stwierdzono go w komorze kombajnu","og_url":"https:\/\/www.24gliwice.pl\/wiadomosci\/pozar-pola-i-lasu-podczas-zniw-do-akcji-gasniczej-zadysponowano-smiglowiec-lasow-panstwowych\/","og_site_name":"24GLIWICE - Portal Gliwice | codziennie nowe informacje","article_publisher":"https:\/\/www.facebook.com\/24gliwice","article_published_time":"2022-07-26T06:04:17+00:00","article_modified_time":"2022-07-26T11:05:09+00:00","og_image":[{"width":810,"height":455,"url":"https:\/\/www.24gliwice.pl\/wiadomosci\/wp-content\/uploads\/2022\/07\/pozar-w-radoni3-001.jpg","type":"image\/jpeg"}],"author":"\u017baneta Mrozek-Siewierska","twitter_card":"summary_large_image","twitter_creator":"@24gliwice","twitter_site":"@24gliwice","twitter_misc":{"Napisane przez":"\u017baneta Mrozek-Siewierska","Szacowany czas czytania":"2 minuty"},"schema":{"@context":"https:\/\/schema.org","@graph":[{"@type":"Article","@id":"https:\/\/www.24gliwice.pl\/wiadomosci\/pozar-pola-i-lasu-podczas-zniw-do-akcji-gasniczej-zadysponowano-smiglowiec-lasow-panstwowych\/#article","isPartOf":{"@id":"https:\/\/www.24gliwice.pl\/wiadomosci\/pozar-pola-i-lasu-podczas-zniw-do-akcji-gasniczej-zadysponowano-smiglowiec-lasow-panstwowych\/"},"author":{"name":"\u017baneta Mrozek-Siewierska","@id":"https:\/\/www.24gliwice.pl\/wiadomosci\/#\/schema\/person\/e42c650edd7f2fa332be3811fb166b6e"},"headline":"Po\u017car pola i lasu podczas \u017cniw. Do akcji ga\u015bniczej zadysponowano \u015bmig\u0142owiec Las\u00f3w Pa\u0144stwowych","datePublished":"2022-07-26T06:04:17+00:00","dateModified":"2022-07-26T11:05:09+00:00","mainEntityOfPage":{"@id":"https:\/\/www.24gliwice.pl\/wiadomosci\/pozar-pola-i-lasu-podczas-zniw-do-akcji-gasniczej-zadysponowano-smiglowiec-lasow-panstwowych\/"},"wordCount":360,"commentCount":0,"publisher":{"@id":"https:\/\/www.24gliwice.pl\/wiadomosci\/#organization"},"image":{"@id":"https:\/\/www.24gliwice.pl\/wiadomosci\/pozar-pola-i-lasu-podczas-zniw-do-akcji-gasniczej-zadysponowano-smiglowiec-lasow-panstwowych\/#primaryimage"},"thumbnailUrl":"https:\/\/www.24gliwice.pl\/wiadomosci\/wp-content\/uploads\/2022\/07\/pozar-w-radoni3-001.jpg","articleSection":["Gliwice","Najnowsze wiadomo\u015bci"],"inLanguage":"pl-PL","potentialAction":[{"@type":"CommentAction","name":"Comment","target":["https:\/\/www.24gliwice.pl\/wiadomosci\/pozar-pola-i-lasu-podczas-zniw-do-akcji-gasniczej-zadysponowano-smiglowiec-lasow-panstwowych\/#respond"]}]},{"@type":"WebPage","@id":"https:\/\/www.24gliwice.pl\/wiadomosci\/pozar-pola-i-lasu-podczas-zniw-do-akcji-gasniczej-zadysponowano-smiglowiec-lasow-panstwowych\/","url":"https:\/\/www.24gliwice.pl\/wiadomosci\/pozar-pola-i-lasu-podczas-zniw-do-akcji-gasniczej-zadysponowano-smiglowiec-lasow-panstwowych\/","name":"Po\u017car pola i lasu podczas \u017cniw. Do akcji ga\u015bniczej zadysponowano \u015bmig\u0142owiec Las\u00f3w Pa\u0144stwowych - 24GLIWICE - Portal Gliwice | codziennie nowe informacje","isPartOf":{"@id":"https:\/\/www.24gliwice.pl\/wiadomosci\/#website"},"primaryImageOfPage":{"@id":"https:\/\/www.24gliwice.pl\/wiadomosci\/pozar-pola-i-lasu-podczas-zniw-do-akcji-gasniczej-zadysponowano-smiglowiec-lasow-panstwowych\/#primaryimage"},"image":{"@id":"https:\/\/www.24gliwice.pl\/wiadomosci\/pozar-pola-i-lasu-podczas-zniw-do-akcji-gasniczej-zadysponowano-smiglowiec-lasow-panstwowych\/#primaryimage"},"thumbnailUrl":"https:\/\/www.24gliwice.pl\/wiadomosci\/wp-content\/uploads\/2022\/07\/pozar-w-radoni3-001.jpg","datePublished":"2022-07-26T06:04:17+00:00","dateModified":"2022-07-26T11:05:09+00:00","description":"W Raduni w powiecie gliwickim dosz\u0142o do po\u017caru pola uprawnego i lasu. Ogie\u0144 pojawi\u0142 si\u0119 podczas \u017cniw - stwierdzono go w komorze kombajnu","breadcrumb":{"@id":"https:\/\/www.24gliwice.pl\/wiadomosci\/pozar-pola-i-lasu-podczas-zniw-do-akcji-gasniczej-zadysponowano-smiglowiec-lasow-panstwowych\/#breadcrumb"},"inLanguage":"pl-PL","potentialAction":[{"@type":"ReadAction","target":["https:\/\/www.24gliwice.pl\/wiadomosci\/pozar-pola-i-lasu-podczas-zniw-do-akcji-gasniczej-zadysponowano-smiglowiec-lasow-panstwowych\/"]}]},{"@type":"ImageObject","inLanguage":"pl-PL","@id":"https:\/\/www.24gliwice.pl\/wiadomosci\/pozar-pola-i-lasu-podczas-zniw-do-akcji-gasniczej-zadysponowano-smiglowiec-lasow-panstwowych\/#primaryimage","url":"https:\/\/www.24gliwice.pl\/wiadomosci\/wp-content\/uploads\/2022\/07\/pozar-w-radoni3-001.jpg","contentUrl":"https:\/\/www.24gliwice.pl\/wiadomosci\/wp-content\/uploads\/2022\/07\/pozar-w-radoni3-001.jpg","width":810,"height":455},{"@type":"BreadcrumbList","@id":"https:\/\/www.24gliwice.pl\/wiadomosci\/pozar-pola-i-lasu-podczas-zniw-do-akcji-gasniczej-zadysponowano-smiglowiec-lasow-panstwowych\/#breadcrumb","itemListElement":[{"@type":"ListItem","position":1,"name":"Strona g\u0142\u00f3wna","item":"https:\/\/www.24gliwice.pl\/wiadomosci\/"},{"@type":"ListItem","position":2,"name":"Po\u017car pola i lasu podczas \u017cniw. Do akcji ga\u015bniczej zadysponowano \u015bmig\u0142owiec Las\u00f3w Pa\u0144stwowych"}]},{"@type":"WebSite","@id":"https:\/\/www.24gliwice.pl\/wiadomosci\/#website","url":"https:\/\/www.24gliwice.pl\/wiadomosci\/","name":"24GLIWICE - Portal Gliwice | codziennie nowe wiadomo\u015bci","description":"Portal Miejski Gliwice","publisher":{"@id":"https:\/\/www.24gliwice.pl\/wiadomosci\/#organization"},"potentialAction":[{"@type":"SearchAction","target":{"@type":"EntryPoint","urlTemplate":"https:\/\/www.24gliwice.pl\/wiadomosci\/?s={search_term_string}"},"query-input":{"@type":"PropertyValueSpecification","valueRequired":true,"valueName":"search_term_string"}}],"inLanguage":"pl-PL"},{"@type":"Organization","@id":"https:\/\/www.24gliwice.pl\/wiadomosci\/#organization","name":"24gliwice","url":"https:\/\/www.24gliwice.pl\/wiadomosci\/","logo":{"@type":"ImageObject","inLanguage":"pl-PL","@id":"https:\/\/www.24gliwice.pl\/wiadomosci\/#\/schema\/logo\/image\/","url":"https:\/\/www.24gliwice.pl\/wiadomosci\/wp-content\/uploads\/2024\/10\/24gliwice-logo-696.jpg","contentUrl":"https:\/\/www.24gliwice.pl\/wiadomosci\/wp-content\/uploads\/2024\/10\/24gliwice-logo-696.jpg","width":696,"height":696,"caption":"24gliwice"},"image":{"@id":"https:\/\/www.24gliwice.pl\/wiadomosci\/#\/schema\/logo\/image\/"},"sameAs":["https:\/\/www.facebook.com\/24gliwice","https:\/\/x.com\/24gliwice","https:\/\/www.youtube.com\/@24gliwice"]},{"@type":"Person","@id":"https:\/\/www.24gliwice.pl\/wiadomosci\/#\/schema\/person\/e42c650edd7f2fa332be3811fb166b6e","name":"\u017baneta Mrozek-Siewierska","image":{"@type":"ImageObject","inLanguage":"pl-PL","@id":"https:\/\/www.24gliwice.pl\/wiadomosci\/wp-content\/uploads\/2021\/11\/Zaneta-M_S-zdjecie-czb-96x96.jpg","url":"https:\/\/www.24gliwice.pl\/wiadomosci\/wp-content\/uploads\/2021\/11\/Zaneta-M_S-zdjecie-czb-96x96.jpg","contentUrl":"https:\/\/www.24gliwice.pl\/wiadomosci\/wp-content\/uploads\/2021\/11\/Zaneta-M_S-zdjecie-czb-96x96.jpg","caption":"\u017baneta Mrozek-Siewierska"},"url":"https:\/\/www.24gliwice.pl\/wiadomosci\/author\/zms\/"}]}},"_links":{"self":[{"href":"https:\/\/www.24gliwice.pl\/wiadomosci\/wp-json\/wp\/v2\/posts\/197254","targetHints":{"allow":["GET"]}}],"collection":[{"href":"https:\/\/www.24gliwice.pl\/wiadomosci\/wp-json\/wp\/v2\/posts"}],"about":[{"href":"https:\/\/www.24gliwice.pl\/wiadomosci\/wp-json\/wp\/v2\/types\/post"}],"author":[{"embeddable":true,"href":"https:\/\/www.24gliwice.pl\/wiadomosci\/wp-json\/wp\/v2\/users\/15"}],"replies":[{"embeddable":true,"href":"https:\/\/www.24gliwice.pl\/wiadomosci\/wp-json\/wp\/v2\/comments?post=197254"}],"version-history":[{"count":10,"href":"https:\/\/www.24gliwice.pl\/wiadomosci\/wp-json\/wp\/v2\/posts\/197254\/revisions"}],"predecessor-version":[{"id":197295,"href":"https:\/\/www.24gliwice.pl\/wiadomosci\/wp-json\/wp\/v2\/posts\/197254\/revisions\/197295"}],"wp:featuredmedia":[{"embeddable":true,"href":"https:\/\/www.24gliwice.pl\/wiadomosci\/wp-json\/wp\/v2\/media\/197274"}],"wp:attachment":[{"href":"https:\/\/www.24gliwice.pl\/wiadomosci\/wp-json\/wp\/v2\/media?parent=197254"}],"wp:term":[{"taxonomy":"category","embeddable":true,"href":"https:\/\/www.24gliwice.pl\/wiadomosci\/wp-json\/wp\/v2\/categories?post=197254"},{"taxonomy":"post_tag","embeddable":true,"href":"https:\/\/www.24gliwice.pl\/wiadomosci\/wp-json\/wp\/v2\/tags?post=197254"}],"curies":[{"name":"wp","href":"https:\/\/api.w.org\/{rel}","templated":true}]}}