{"id":197495,"date":"2022-07-29T12:14:36","date_gmt":"2022-07-29T10:14:36","guid":{"rendered":"https:\/\/www.24gliwice.pl\/wiadomosci\/?p=197495"},"modified":"2022-07-29T12:14:36","modified_gmt":"2022-07-29T10:14:36","slug":"czechowice-polecaja-sie-na-lato","status":"publish","type":"post","link":"https:\/\/www.24gliwice.pl\/wiadomosci\/czechowice-polecaja-sie-na-lato\/","title":{"rendered":"Czechowice polecaj\u0105 si\u0119 na lato"},"content":{"rendered":"<h3>Oaza zieleni, malowniczy cel spacer\u00f3w o ka\u017cdej porze roku, a latem \u2013 miejsce wypoczynku nie tylko gliwiczan, ale te\u017c wielu mieszka\u0144c\u00f3w aglomeracji. O\u015brodek Wypoczynkowy Czechowice przyci\u0105ga czyst\u0105 wod\u0105 w jeziorze, pi\u0119kn\u0105 pla\u017c\u0105, urokliwym otoczeniem oraz atrakcyjnymi mo\u017cliwo\u015bciami sp\u0119dzania wolnego czasu \u2013 mo\u017cna\u00a0 tu kontemplowa\u0107 natur\u0119, zrelaksowa\u0107 si\u0119, uprawia\u0107 sporty wodne, le\u017cakowa\u0107 i za\u017cywa\u0107 k\u0105pieli \u2013 tak\u017ce s\u0142onecznych.<\/h3>\n<p>&nbsp;<\/p>\n<p>Ma\u0142o kt\u00f3re \u015bl\u0105skie miasto mo\u017ce si\u0119 poszczyci\u0107 tak du\u017c\u0105 przestrzeni\u0105 wypoczynkow\u0105, jak ta nad jeziorem w gliwickiej dzielnicy Czechowice. Miejski o\u015brodek jest ca\u0142orocznym, zielonym i wielofunkcyjnym miejscem wypoczynku, i rekreacji, z domkami kempingowymi, polem namiotowym, jeziorem i lasem. Ka\u017cdego roku w sezonie letnim z O\u015brodka Wypoczynkowego Czechowice korzysta kilkadziesi\u0105t tysi\u0119cy os\u00f3b. Miejsce to jest r\u00f3wnie\u017c ch\u0119tnie odwiedzane poza sezonem \u2013 uwielbiaj\u0105 je spacerowicze i mi\u0142o\u015bnicy morsowania.<\/p>\n<div id=\"attachment_197505\" style=\"width: 820px\" class=\"wp-caption aligncenter\"><img loading=\"lazy\" decoding=\"async\" aria-describedby=\"caption-attachment-197505\" src=\"https:\/\/www.24gliwice.pl\/wiadomosci\/wp-content\/uploads\/2022\/07\/czechowice-fot-G-OzgaUM-Gliwice-6.jpg\" alt=\"\" width=\"810\" height=\"608\" class=\"size-full wp-image-197505\" srcset=\"https:\/\/www.24gliwice.pl\/wiadomosci\/wp-content\/uploads\/2022\/07\/czechowice-fot-G-OzgaUM-Gliwice-6.jpg 810w, https:\/\/www.24gliwice.pl\/wiadomosci\/wp-content\/uploads\/2022\/07\/czechowice-fot-G-OzgaUM-Gliwice-6-309x232.jpg 309w, https:\/\/www.24gliwice.pl\/wiadomosci\/wp-content\/uploads\/2022\/07\/czechowice-fot-G-OzgaUM-Gliwice-6-606x455.jpg 606w, https:\/\/www.24gliwice.pl\/wiadomosci\/wp-content\/uploads\/2022\/07\/czechowice-fot-G-OzgaUM-Gliwice-6-768x576.jpg 768w\" sizes=\"auto, (max-width: 810px) 100vw, 810px\" \/><p id=\"caption-attachment-197505\" class=\"wp-caption-text\">fot. G. O\u017cga\/UM Gliwice<\/p><\/div>\n<h3><strong>Ruch, woda i swoboda<\/strong><\/h3>\n<p>Na mi\u0142o\u015bnik\u00f3w k\u0105pieli s\u0142onecznych w OW Czechowice czeka uporz\u0105dkowana pla\u017ca z przyjaznym wej\u015bciem do czystego jeziora oraz k\u0105pieliskiem strze\u017conym przez ratownik\u00f3w ka\u017cdego dnia w sezonie k\u0105pielowym (do ko\u0144ca czerwca w godz. od 10.00 do 18.00, w lipcu w godz. od 10.00 do 20.00, a od 1 sierpnia do 4 wrze\u015bnia \u2013 czyli do ko\u0144ca sezonu \u2013 w godz. od 10.00 do 18.00). W trosce o bezpiecze\u0144stwo w poprzednich latach jezioro wyp\u0142ycono, wyr\u00f3wnano dno i usuni\u0119to wszelkie uskoki.<\/p>\n<div id=\"attachment_197503\" style=\"width: 820px\" class=\"wp-caption aligncenter\"><img loading=\"lazy\" decoding=\"async\" aria-describedby=\"caption-attachment-197503\" src=\"https:\/\/www.24gliwice.pl\/wiadomosci\/wp-content\/uploads\/2022\/07\/czechowice-fot-G-OzgaUM-Gliwice-4.jpg\" alt=\"\" width=\"810\" height=\"608\" class=\"size-full wp-image-197503\" srcset=\"https:\/\/www.24gliwice.pl\/wiadomosci\/wp-content\/uploads\/2022\/07\/czechowice-fot-G-OzgaUM-Gliwice-4.jpg 810w, https:\/\/www.24gliwice.pl\/wiadomosci\/wp-content\/uploads\/2022\/07\/czechowice-fot-G-OzgaUM-Gliwice-4-309x232.jpg 309w, https:\/\/www.24gliwice.pl\/wiadomosci\/wp-content\/uploads\/2022\/07\/czechowice-fot-G-OzgaUM-Gliwice-4-606x455.jpg 606w, https:\/\/www.24gliwice.pl\/wiadomosci\/wp-content\/uploads\/2022\/07\/czechowice-fot-G-OzgaUM-Gliwice-4-768x576.jpg 768w\" sizes=\"auto, (max-width: 810px) 100vw, 810px\" \/><p id=\"caption-attachment-197503\" class=\"wp-caption-text\">fot. G. O\u017cga\/UM Gliwice<\/p><\/div>\n<p>Czechowice oferuj\u0105 r\u00f3wnie\u017c bardziej dzikie zielone tereny le\u015bne, kt\u00f3re sprzyjaj\u0105 kontemplacji natury, pag\u00f3rkowate przestrzenie do jazdy na rowerze, domki kempingowe, w kt\u00f3rych mo\u017cna sp\u0119dzi\u0107 weekend lub ca\u0142y urlop, wypo\u017cyczalni\u0119 sprz\u0119tu wodnego z kajakami i rowerami wodnymi, nowe boisko do siatk\u00f3wki pla\u017cowej\u00a0 i pi\u0142ki no\u017cnej, plac zabaw dla dzieci, ramp\u0119 dla rolkarzy, punkty gastronomiczne, pole namiotowe, park linowy oraz miejsce do grillowania.<\/p>\n<div id=\"attachment_197507\" style=\"width: 820px\" class=\"wp-caption aligncenter\"><img loading=\"lazy\" decoding=\"async\" aria-describedby=\"caption-attachment-197507\" src=\"https:\/\/www.24gliwice.pl\/wiadomosci\/wp-content\/uploads\/2022\/07\/czechowice-fot-G-OzgaUM-Gliwice-8.jpg\" alt=\"\" width=\"810\" height=\"608\" class=\"size-full wp-image-197507\" srcset=\"https:\/\/www.24gliwice.pl\/wiadomosci\/wp-content\/uploads\/2022\/07\/czechowice-fot-G-OzgaUM-Gliwice-8.jpg 810w, https:\/\/www.24gliwice.pl\/wiadomosci\/wp-content\/uploads\/2022\/07\/czechowice-fot-G-OzgaUM-Gliwice-8-309x232.jpg 309w, https:\/\/www.24gliwice.pl\/wiadomosci\/wp-content\/uploads\/2022\/07\/czechowice-fot-G-OzgaUM-Gliwice-8-606x455.jpg 606w, https:\/\/www.24gliwice.pl\/wiadomosci\/wp-content\/uploads\/2022\/07\/czechowice-fot-G-OzgaUM-Gliwice-8-768x576.jpg 768w\" sizes=\"auto, (max-width: 810px) 100vw, 810px\" \/><p id=\"caption-attachment-197507\" class=\"wp-caption-text\">fot. G. O\u017cga\/UM Gliwice<\/p><\/div>\n<div id=\"attachment_197508\" style=\"width: 820px\" class=\"wp-caption aligncenter\"><img loading=\"lazy\" decoding=\"async\" aria-describedby=\"caption-attachment-197508\" src=\"https:\/\/www.24gliwice.pl\/wiadomosci\/wp-content\/uploads\/2022\/07\/czechowice-fot-G-OzgaUM-Gliwice-9.jpg\" alt=\"\" width=\"810\" height=\"608\" class=\"size-full wp-image-197508\" srcset=\"https:\/\/www.24gliwice.pl\/wiadomosci\/wp-content\/uploads\/2022\/07\/czechowice-fot-G-OzgaUM-Gliwice-9.jpg 810w, https:\/\/www.24gliwice.pl\/wiadomosci\/wp-content\/uploads\/2022\/07\/czechowice-fot-G-OzgaUM-Gliwice-9-309x232.jpg 309w, https:\/\/www.24gliwice.pl\/wiadomosci\/wp-content\/uploads\/2022\/07\/czechowice-fot-G-OzgaUM-Gliwice-9-606x455.jpg 606w, https:\/\/www.24gliwice.pl\/wiadomosci\/wp-content\/uploads\/2022\/07\/czechowice-fot-G-OzgaUM-Gliwice-9-768x576.jpg 768w\" sizes=\"auto, (max-width: 810px) 100vw, 810px\" \/><p id=\"caption-attachment-197508\" class=\"wp-caption-text\">fot. G. O\u017cga\/UM Gliwice<\/p><\/div>\n<div id=\"attachment_197502\" style=\"width: 820px\" class=\"wp-caption aligncenter\"><img loading=\"lazy\" decoding=\"async\" aria-describedby=\"caption-attachment-197502\" src=\"https:\/\/www.24gliwice.pl\/wiadomosci\/wp-content\/uploads\/2022\/07\/czechowice-fot-G-OzgaUM-Gliwice-3.jpg\" alt=\"\" width=\"810\" height=\"608\" class=\"size-full wp-image-197502\" srcset=\"https:\/\/www.24gliwice.pl\/wiadomosci\/wp-content\/uploads\/2022\/07\/czechowice-fot-G-OzgaUM-Gliwice-3.jpg 810w, https:\/\/www.24gliwice.pl\/wiadomosci\/wp-content\/uploads\/2022\/07\/czechowice-fot-G-OzgaUM-Gliwice-3-309x232.jpg 309w, https:\/\/www.24gliwice.pl\/wiadomosci\/wp-content\/uploads\/2022\/07\/czechowice-fot-G-OzgaUM-Gliwice-3-606x455.jpg 606w, https:\/\/www.24gliwice.pl\/wiadomosci\/wp-content\/uploads\/2022\/07\/czechowice-fot-G-OzgaUM-Gliwice-3-768x576.jpg 768w\" sizes=\"auto, (max-width: 810px) 100vw, 810px\" \/><p id=\"caption-attachment-197502\" class=\"wp-caption-text\">fot. G. O\u017cga\/UM Gliwice<\/p><\/div>\n<p>&nbsp;<\/p>\n<h3><strong>Na wyci\u0105gni\u0119cie r\u0119ki<\/strong><\/h3>\n<p>O\u015brodek Wypoczynkowy Czechowice znajduje si\u0119 przy ul. Ziemi\u0119cickiej. To zaledwie kilka kilometr\u00f3w od \u015bcis\u0142ego centrum Gliwic. Dojazd wyznaczono od strony ul. Toszeckiej, przez ul. Rekreacyjn\u0105, na ko\u0144cu kt\u00f3rej znajduje si\u0119 du\u017cy parking na oko\u0142o 500 samochod\u00f3w. Dojecha\u0107 mo\u017cna tak\u017ce komunikacj\u0105 miejsk\u0105, liniami M105, 71 oraz 650.<\/p>\n<p>O\u015brodkiem zarz\u0105dza\u00a0 Miejski Zarz\u0105d Us\u0142ug Komunalnych. Czysto\u015b\u0107 wody czechowickiego jeziora sprawdza Powiatowa Stacja Sanitarno-Epidemiologiczna w Gliwicach. Wyniki tych kontroli mo\u017cna znale\u017a\u0107 na stronie internetowej sk.gis.gov.pl.<\/p>\n<p>Warto wiedzie\u0107, \u017ce w OW Czechowice respektowana jest Gliwicka Karta Mieszka\u0144ca, kt\u00f3ra uprawnia gliwiczan do korzystania ze zni\u017cek, m.in. za bilet wst\u0119pu. Wi\u0119cej informacji na temat funkcjonowania o\u015brodka w Czechowicach mo\u017cna znale\u017a\u0107 na stronie internetowej\u00a0<a href=\"https:\/\/mzuk.gliwice.pl\/jednostka\/osrodek-wypoczynkowy-czechowice-2\/\">mzuk.gliwice.pl<\/a>.<\/p>\n<div id=\"attachment_197506\" style=\"width: 820px\" class=\"wp-caption aligncenter\"><img loading=\"lazy\" decoding=\"async\" aria-describedby=\"caption-attachment-197506\" src=\"https:\/\/www.24gliwice.pl\/wiadomosci\/wp-content\/uploads\/2022\/07\/czechowice-fot-G-OzgaUM-Gliwice-7.jpg\" alt=\"\" width=\"810\" height=\"551\" class=\"size-full wp-image-197506\" srcset=\"https:\/\/www.24gliwice.pl\/wiadomosci\/wp-content\/uploads\/2022\/07\/czechowice-fot-G-OzgaUM-Gliwice-7.jpg 810w, https:\/\/www.24gliwice.pl\/wiadomosci\/wp-content\/uploads\/2022\/07\/czechowice-fot-G-OzgaUM-Gliwice-7-341x232.jpg 341w, https:\/\/www.24gliwice.pl\/wiadomosci\/wp-content\/uploads\/2022\/07\/czechowice-fot-G-OzgaUM-Gliwice-7-669x455.jpg 669w, https:\/\/www.24gliwice.pl\/wiadomosci\/wp-content\/uploads\/2022\/07\/czechowice-fot-G-OzgaUM-Gliwice-7-768x522.jpg 768w, https:\/\/www.24gliwice.pl\/wiadomosci\/wp-content\/uploads\/2022\/07\/czechowice-fot-G-OzgaUM-Gliwice-7-145x100.jpg 145w\" sizes=\"auto, (max-width: 810px) 100vw, 810px\" \/><p id=\"caption-attachment-197506\" class=\"wp-caption-text\">fot. G. O\u017cga\/UM Gliwice<\/p><\/div>\n<div id=\"attachment_197504\" style=\"width: 820px\" class=\"wp-caption aligncenter\"><img loading=\"lazy\" decoding=\"async\" aria-describedby=\"caption-attachment-197504\" src=\"https:\/\/www.24gliwice.pl\/wiadomosci\/wp-content\/uploads\/2022\/07\/czechowice-fot-G-OzgaUM-Gliwice-5.jpg\" alt=\"\" width=\"810\" height=\"608\" class=\"size-full wp-image-197504\" srcset=\"https:\/\/www.24gliwice.pl\/wiadomosci\/wp-content\/uploads\/2022\/07\/czechowice-fot-G-OzgaUM-Gliwice-5.jpg 810w, https:\/\/www.24gliwice.pl\/wiadomosci\/wp-content\/uploads\/2022\/07\/czechowice-fot-G-OzgaUM-Gliwice-5-309x232.jpg 309w, https:\/\/www.24gliwice.pl\/wiadomosci\/wp-content\/uploads\/2022\/07\/czechowice-fot-G-OzgaUM-Gliwice-5-606x455.jpg 606w, https:\/\/www.24gliwice.pl\/wiadomosci\/wp-content\/uploads\/2022\/07\/czechowice-fot-G-OzgaUM-Gliwice-5-768x576.jpg 768w\" sizes=\"auto, (max-width: 810px) 100vw, 810px\" \/><p id=\"caption-attachment-197504\" class=\"wp-caption-text\">fot. G. O\u017cga\/UM Gliwice<\/p><\/div>\n<div id=\"attachment_197500\" style=\"width: 820px\" class=\"wp-caption aligncenter\"><img loading=\"lazy\" decoding=\"async\" aria-describedby=\"caption-attachment-197500\" src=\"https:\/\/www.24gliwice.pl\/wiadomosci\/wp-content\/uploads\/2022\/07\/czechowice-fot-G-OzgaUM-Gliwice-1.jpg\" alt=\"\" width=\"810\" height=\"608\" class=\"size-full wp-image-197500\" srcset=\"https:\/\/www.24gliwice.pl\/wiadomosci\/wp-content\/uploads\/2022\/07\/czechowice-fot-G-OzgaUM-Gliwice-1.jpg 810w, https:\/\/www.24gliwice.pl\/wiadomosci\/wp-content\/uploads\/2022\/07\/czechowice-fot-G-OzgaUM-Gliwice-1-309x232.jpg 309w, https:\/\/www.24gliwice.pl\/wiadomosci\/wp-content\/uploads\/2022\/07\/czechowice-fot-G-OzgaUM-Gliwice-1-606x455.jpg 606w, https:\/\/www.24gliwice.pl\/wiadomosci\/wp-content\/uploads\/2022\/07\/czechowice-fot-G-OzgaUM-Gliwice-1-768x576.jpg 768w\" sizes=\"auto, (max-width: 810px) 100vw, 810px\" \/><p id=\"caption-attachment-197500\" class=\"wp-caption-text\">fot. G. O\u017cga\/UM Gliwice<\/p><\/div>\n<p><small>promocja \/\u017ar\u00f3d\u0142o: gliwice.eu<\/small><\/p>\n","protected":false},"excerpt":{"rendered":"<p>Oaza zieleni, malowniczy cel spacer\u00f3w o ka\u017cdej porze roku, a latem \u2013 miejsce wypoczynku nie tylko gliwiczan, ale te\u017c wielu mieszka\u0144c\u00f3w aglomeracji. O\u015brodek Wypoczynkowy Czechowice przyci\u0105ga czyst\u0105 wod\u0105 w jeziorze, pi\u0119kn\u0105 pla\u017c\u0105, urokliwym otoczeniem oraz atrakcyjnymi mo\u017cliwo\u015bciami sp\u0119dzania wolnego czasu \u2013 mo\u017cna\u00a0 tu kontemplowa\u0107 natur\u0119, zrelaksowa\u0107 si\u0119, uprawia\u0107 sporty wodne, le\u017cakowa\u0107 i za\u017cywa\u0107 k\u0105pieli \u2013 [&hellip;]<\/p>\n","protected":false},"author":4,"featured_media":197501,"comment_status":"closed","ping_status":"closed","sticky":false,"template":"","format":"standard","meta":{"_monsterinsights_skip_tracking":false,"_monsterinsights_sitenote_active":false,"_monsterinsights_sitenote_note":"","_monsterinsights_sitenote_category":0,"footnotes":"","_links_to":"","_links_to_target":""},"categories":[3,1,1129],"tags":[456,9647],"class_list":["post-197495","post","type-post","status-publish","format-standard","has-post-thumbnail","hentry","category-gliwice","category-wszystko","category-polecamy","tag-czechowice","tag-jezioro"],"yoast_head":"<!-- This site is optimized with the Yoast SEO plugin v27.4 - https:\/\/yoast.com\/product\/yoast-seo-wordpress\/ -->\n<title>Czechowice polecaj\u0105 si\u0119 na lato - 24GLIWICE - Portal Gliwice | codziennie nowe informacje<\/title>\n<meta name=\"robots\" content=\"index, follow, max-snippet:-1, max-image-preview:large, max-video-preview:-1\" \/>\n<link rel=\"canonical\" href=\"https:\/\/www.24gliwice.pl\/wiadomosci\/czechowice-polecaja-sie-na-lato\/\" \/>\n<meta property=\"og:locale\" content=\"pl_PL\" \/>\n<meta property=\"og:type\" content=\"article\" \/>\n<meta property=\"og:title\" content=\"Czechowice polecaj\u0105 si\u0119 na lato - 24GLIWICE - Portal Gliwice | codziennie nowe informacje\" \/>\n<meta property=\"og:description\" content=\"Oaza zieleni, malowniczy cel spacer\u00f3w o ka\u017cdej porze roku, a latem \u2013 miejsce wypoczynku nie tylko gliwiczan, ale te\u017c wielu mieszka\u0144c\u00f3w aglomeracji. O\u015brodek Wypoczynkowy Czechowice przyci\u0105ga czyst\u0105 wod\u0105 w jeziorze, pi\u0119kn\u0105 pla\u017c\u0105, urokliwym otoczeniem oraz atrakcyjnymi mo\u017cliwo\u015bciami sp\u0119dzania wolnego czasu \u2013 mo\u017cna\u00a0 tu kontemplowa\u0107 natur\u0119, zrelaksowa\u0107 si\u0119, uprawia\u0107 sporty wodne, le\u017cakowa\u0107 i za\u017cywa\u0107 k\u0105pieli \u2013 [&hellip;]\" \/>\n<meta property=\"og:url\" content=\"https:\/\/www.24gliwice.pl\/wiadomosci\/czechowice-polecaja-sie-na-lato\/\" \/>\n<meta property=\"og:site_name\" content=\"24GLIWICE - Portal Gliwice | codziennie nowe informacje\" \/>\n<meta property=\"article:publisher\" content=\"https:\/\/www.facebook.com\/24gliwice\" \/>\n<meta property=\"article:author\" content=\"https:\/\/www.facebook.com\/marcin.fabrykowski\" \/>\n<meta property=\"article:published_time\" content=\"2022-07-29T10:14:36+00:00\" \/>\n<meta property=\"og:image\" content=\"https:\/\/www.24gliwice.pl\/wiadomosci\/wp-content\/uploads\/2022\/07\/czechowice-fot-G-OzgaUM-Gliwice-2.jpg\" \/>\n\t<meta property=\"og:image:width\" content=\"1140\" \/>\n\t<meta property=\"og:image:height\" content=\"641\" \/>\n\t<meta property=\"og:image:type\" content=\"image\/jpeg\" \/>\n<meta name=\"author\" content=\"Marcin Fabrykowski\" \/>\n<meta name=\"twitter:card\" content=\"summary_large_image\" \/>\n<meta name=\"twitter:creator\" content=\"@24gliwice\" \/>\n<meta name=\"twitter:site\" content=\"@24gliwice\" \/>\n<meta name=\"twitter:label1\" content=\"Napisane przez\" \/>\n\t<meta name=\"twitter:data1\" content=\"Marcin Fabrykowski\" \/>\n\t<meta name=\"twitter:label2\" content=\"Szacowany czas czytania\" \/>\n\t<meta name=\"twitter:data2\" content=\"3 minuty\" \/>\n<script type=\"application\/ld+json\" class=\"yoast-schema-graph\">{\"@context\":\"https:\\\/\\\/schema.org\",\"@graph\":[{\"@type\":\"Article\",\"@id\":\"https:\\\/\\\/www.24gliwice.pl\\\/wiadomosci\\\/czechowice-polecaja-sie-na-lato\\\/#article\",\"isPartOf\":{\"@id\":\"https:\\\/\\\/www.24gliwice.pl\\\/wiadomosci\\\/czechowice-polecaja-sie-na-lato\\\/\"},\"author\":{\"name\":\"Marcin Fabrykowski\",\"@id\":\"https:\\\/\\\/www.24gliwice.pl\\\/wiadomosci\\\/#\\\/schema\\\/person\\\/cb5857e4a4d048c15984c1edcc8ef0c0\"},\"headline\":\"Czechowice polecaj\u0105 si\u0119 na lato\",\"datePublished\":\"2022-07-29T10:14:36+00:00\",\"mainEntityOfPage\":{\"@id\":\"https:\\\/\\\/www.24gliwice.pl\\\/wiadomosci\\\/czechowice-polecaja-sie-na-lato\\\/\"},\"wordCount\":572,\"publisher\":{\"@id\":\"https:\\\/\\\/www.24gliwice.pl\\\/wiadomosci\\\/#organization\"},\"image\":{\"@id\":\"https:\\\/\\\/www.24gliwice.pl\\\/wiadomosci\\\/czechowice-polecaja-sie-na-lato\\\/#primaryimage\"},\"thumbnailUrl\":\"https:\\\/\\\/www.24gliwice.pl\\\/wiadomosci\\\/wp-content\\\/uploads\\\/2022\\\/07\\\/czechowice-fot-G-OzgaUM-Gliwice-2.jpg\",\"keywords\":[\"CZECHOWICE\",\"jezioro\"],\"articleSection\":[\"Gliwice\",\"Najnowsze wiadomo\u015bci\",\"Polecamy\"],\"inLanguage\":\"pl-PL\"},{\"@type\":\"WebPage\",\"@id\":\"https:\\\/\\\/www.24gliwice.pl\\\/wiadomosci\\\/czechowice-polecaja-sie-na-lato\\\/\",\"url\":\"https:\\\/\\\/www.24gliwice.pl\\\/wiadomosci\\\/czechowice-polecaja-sie-na-lato\\\/\",\"name\":\"Czechowice polecaj\u0105 si\u0119 na lato - 24GLIWICE - Portal Gliwice | codziennie nowe informacje\",\"isPartOf\":{\"@id\":\"https:\\\/\\\/www.24gliwice.pl\\\/wiadomosci\\\/#website\"},\"primaryImageOfPage\":{\"@id\":\"https:\\\/\\\/www.24gliwice.pl\\\/wiadomosci\\\/czechowice-polecaja-sie-na-lato\\\/#primaryimage\"},\"image\":{\"@id\":\"https:\\\/\\\/www.24gliwice.pl\\\/wiadomosci\\\/czechowice-polecaja-sie-na-lato\\\/#primaryimage\"},\"thumbnailUrl\":\"https:\\\/\\\/www.24gliwice.pl\\\/wiadomosci\\\/wp-content\\\/uploads\\\/2022\\\/07\\\/czechowice-fot-G-OzgaUM-Gliwice-2.jpg\",\"datePublished\":\"2022-07-29T10:14:36+00:00\",\"breadcrumb\":{\"@id\":\"https:\\\/\\\/www.24gliwice.pl\\\/wiadomosci\\\/czechowice-polecaja-sie-na-lato\\\/#breadcrumb\"},\"inLanguage\":\"pl-PL\",\"potentialAction\":[{\"@type\":\"ReadAction\",\"target\":[\"https:\\\/\\\/www.24gliwice.pl\\\/wiadomosci\\\/czechowice-polecaja-sie-na-lato\\\/\"]}]},{\"@type\":\"ImageObject\",\"inLanguage\":\"pl-PL\",\"@id\":\"https:\\\/\\\/www.24gliwice.pl\\\/wiadomosci\\\/czechowice-polecaja-sie-na-lato\\\/#primaryimage\",\"url\":\"https:\\\/\\\/www.24gliwice.pl\\\/wiadomosci\\\/wp-content\\\/uploads\\\/2022\\\/07\\\/czechowice-fot-G-OzgaUM-Gliwice-2.jpg\",\"contentUrl\":\"https:\\\/\\\/www.24gliwice.pl\\\/wiadomosci\\\/wp-content\\\/uploads\\\/2022\\\/07\\\/czechowice-fot-G-OzgaUM-Gliwice-2.jpg\",\"width\":1140,\"height\":641,\"caption\":\"fot. G. O\u017cga\\\/UM Gliwice\"},{\"@type\":\"BreadcrumbList\",\"@id\":\"https:\\\/\\\/www.24gliwice.pl\\\/wiadomosci\\\/czechowice-polecaja-sie-na-lato\\\/#breadcrumb\",\"itemListElement\":[{\"@type\":\"ListItem\",\"position\":1,\"name\":\"Strona g\u0142\u00f3wna\",\"item\":\"https:\\\/\\\/www.24gliwice.pl\\\/wiadomosci\\\/\"},{\"@type\":\"ListItem\",\"position\":2,\"name\":\"Czechowice polecaj\u0105 si\u0119 na lato\"}]},{\"@type\":\"WebSite\",\"@id\":\"https:\\\/\\\/www.24gliwice.pl\\\/wiadomosci\\\/#website\",\"url\":\"https:\\\/\\\/www.24gliwice.pl\\\/wiadomosci\\\/\",\"name\":\"24GLIWICE - Portal Gliwice | codziennie nowe wiadomo\u015bci\",\"description\":\"Portal Miejski Gliwice\",\"publisher\":{\"@id\":\"https:\\\/\\\/www.24gliwice.pl\\\/wiadomosci\\\/#organization\"},\"potentialAction\":[{\"@type\":\"SearchAction\",\"target\":{\"@type\":\"EntryPoint\",\"urlTemplate\":\"https:\\\/\\\/www.24gliwice.pl\\\/wiadomosci\\\/?s={search_term_string}\"},\"query-input\":{\"@type\":\"PropertyValueSpecification\",\"valueRequired\":true,\"valueName\":\"search_term_string\"}}],\"inLanguage\":\"pl-PL\"},{\"@type\":\"Organization\",\"@id\":\"https:\\\/\\\/www.24gliwice.pl\\\/wiadomosci\\\/#organization\",\"name\":\"24gliwice\",\"url\":\"https:\\\/\\\/www.24gliwice.pl\\\/wiadomosci\\\/\",\"logo\":{\"@type\":\"ImageObject\",\"inLanguage\":\"pl-PL\",\"@id\":\"https:\\\/\\\/www.24gliwice.pl\\\/wiadomosci\\\/#\\\/schema\\\/logo\\\/image\\\/\",\"url\":\"https:\\\/\\\/www.24gliwice.pl\\\/wiadomosci\\\/wp-content\\\/uploads\\\/2024\\\/10\\\/24gliwice-logo-696.jpg\",\"contentUrl\":\"https:\\\/\\\/www.24gliwice.pl\\\/wiadomosci\\\/wp-content\\\/uploads\\\/2024\\\/10\\\/24gliwice-logo-696.jpg\",\"width\":696,\"height\":696,\"caption\":\"24gliwice\"},\"image\":{\"@id\":\"https:\\\/\\\/www.24gliwice.pl\\\/wiadomosci\\\/#\\\/schema\\\/logo\\\/image\\\/\"},\"sameAs\":[\"https:\\\/\\\/www.facebook.com\\\/24gliwice\",\"https:\\\/\\\/x.com\\\/24gliwice\",\"https:\\\/\\\/www.youtube.com\\\/@24gliwice\"]},{\"@type\":\"Person\",\"@id\":\"https:\\\/\\\/www.24gliwice.pl\\\/wiadomosci\\\/#\\\/schema\\\/person\\\/cb5857e4a4d048c15984c1edcc8ef0c0\",\"name\":\"Marcin Fabrykowski\",\"image\":{\"@type\":\"ImageObject\",\"inLanguage\":\"pl-PL\",\"@id\":\"https:\\\/\\\/www.24gliwice.pl\\\/wiadomosci\\\/wp-content\\\/uploads\\\/2025\\\/11\\\/zdjecie-moje-marcin-300-96x96.jpg\",\"url\":\"https:\\\/\\\/www.24gliwice.pl\\\/wiadomosci\\\/wp-content\\\/uploads\\\/2025\\\/11\\\/zdjecie-moje-marcin-300-96x96.jpg\",\"contentUrl\":\"https:\\\/\\\/www.24gliwice.pl\\\/wiadomosci\\\/wp-content\\\/uploads\\\/2025\\\/11\\\/zdjecie-moje-marcin-300-96x96.jpg\",\"caption\":\"Marcin Fabrykowski\"},\"sameAs\":[\"http:\\\/\\\/24gliwice.pl\",\"https:\\\/\\\/www.facebook.com\\\/marcin.fabrykowski\"],\"url\":\"https:\\\/\\\/www.24gliwice.pl\\\/wiadomosci\\\/author\\\/marcin-fabrykowski\\\/\"}]}<\/script>\n<!-- \/ Yoast SEO plugin. -->","yoast_head_json":{"title":"Czechowice polecaj\u0105 si\u0119 na lato - 24GLIWICE - Portal Gliwice | codziennie nowe informacje","robots":{"index":"index","follow":"follow","max-snippet":"max-snippet:-1","max-image-preview":"max-image-preview:large","max-video-preview":"max-video-preview:-1"},"canonical":"https:\/\/www.24gliwice.pl\/wiadomosci\/czechowice-polecaja-sie-na-lato\/","og_locale":"pl_PL","og_type":"article","og_title":"Czechowice polecaj\u0105 si\u0119 na lato - 24GLIWICE - Portal Gliwice | codziennie nowe informacje","og_description":"Oaza zieleni, malowniczy cel spacer\u00f3w o ka\u017cdej porze roku, a latem \u2013 miejsce wypoczynku nie tylko gliwiczan, ale te\u017c wielu mieszka\u0144c\u00f3w aglomeracji. O\u015brodek Wypoczynkowy Czechowice przyci\u0105ga czyst\u0105 wod\u0105 w jeziorze, pi\u0119kn\u0105 pla\u017c\u0105, urokliwym otoczeniem oraz atrakcyjnymi mo\u017cliwo\u015bciami sp\u0119dzania wolnego czasu \u2013 mo\u017cna\u00a0 tu kontemplowa\u0107 natur\u0119, zrelaksowa\u0107 si\u0119, uprawia\u0107 sporty wodne, le\u017cakowa\u0107 i za\u017cywa\u0107 k\u0105pieli \u2013 [&hellip;]","og_url":"https:\/\/www.24gliwice.pl\/wiadomosci\/czechowice-polecaja-sie-na-lato\/","og_site_name":"24GLIWICE - Portal Gliwice | codziennie nowe informacje","article_publisher":"https:\/\/www.facebook.com\/24gliwice","article_author":"https:\/\/www.facebook.com\/marcin.fabrykowski","article_published_time":"2022-07-29T10:14:36+00:00","og_image":[{"width":1140,"height":641,"url":"https:\/\/www.24gliwice.pl\/wiadomosci\/wp-content\/uploads\/2022\/07\/czechowice-fot-G-OzgaUM-Gliwice-2.jpg","type":"image\/jpeg"}],"author":"Marcin Fabrykowski","twitter_card":"summary_large_image","twitter_creator":"@24gliwice","twitter_site":"@24gliwice","twitter_misc":{"Napisane przez":"Marcin Fabrykowski","Szacowany czas czytania":"3 minuty"},"schema":{"@context":"https:\/\/schema.org","@graph":[{"@type":"Article","@id":"https:\/\/www.24gliwice.pl\/wiadomosci\/czechowice-polecaja-sie-na-lato\/#article","isPartOf":{"@id":"https:\/\/www.24gliwice.pl\/wiadomosci\/czechowice-polecaja-sie-na-lato\/"},"author":{"name":"Marcin Fabrykowski","@id":"https:\/\/www.24gliwice.pl\/wiadomosci\/#\/schema\/person\/cb5857e4a4d048c15984c1edcc8ef0c0"},"headline":"Czechowice polecaj\u0105 si\u0119 na lato","datePublished":"2022-07-29T10:14:36+00:00","mainEntityOfPage":{"@id":"https:\/\/www.24gliwice.pl\/wiadomosci\/czechowice-polecaja-sie-na-lato\/"},"wordCount":572,"publisher":{"@id":"https:\/\/www.24gliwice.pl\/wiadomosci\/#organization"},"image":{"@id":"https:\/\/www.24gliwice.pl\/wiadomosci\/czechowice-polecaja-sie-na-lato\/#primaryimage"},"thumbnailUrl":"https:\/\/www.24gliwice.pl\/wiadomosci\/wp-content\/uploads\/2022\/07\/czechowice-fot-G-OzgaUM-Gliwice-2.jpg","keywords":["CZECHOWICE","jezioro"],"articleSection":["Gliwice","Najnowsze wiadomo\u015bci","Polecamy"],"inLanguage":"pl-PL"},{"@type":"WebPage","@id":"https:\/\/www.24gliwice.pl\/wiadomosci\/czechowice-polecaja-sie-na-lato\/","url":"https:\/\/www.24gliwice.pl\/wiadomosci\/czechowice-polecaja-sie-na-lato\/","name":"Czechowice polecaj\u0105 si\u0119 na lato - 24GLIWICE - Portal Gliwice | codziennie nowe informacje","isPartOf":{"@id":"https:\/\/www.24gliwice.pl\/wiadomosci\/#website"},"primaryImageOfPage":{"@id":"https:\/\/www.24gliwice.pl\/wiadomosci\/czechowice-polecaja-sie-na-lato\/#primaryimage"},"image":{"@id":"https:\/\/www.24gliwice.pl\/wiadomosci\/czechowice-polecaja-sie-na-lato\/#primaryimage"},"thumbnailUrl":"https:\/\/www.24gliwice.pl\/wiadomosci\/wp-content\/uploads\/2022\/07\/czechowice-fot-G-OzgaUM-Gliwice-2.jpg","datePublished":"2022-07-29T10:14:36+00:00","breadcrumb":{"@id":"https:\/\/www.24gliwice.pl\/wiadomosci\/czechowice-polecaja-sie-na-lato\/#breadcrumb"},"inLanguage":"pl-PL","potentialAction":[{"@type":"ReadAction","target":["https:\/\/www.24gliwice.pl\/wiadomosci\/czechowice-polecaja-sie-na-lato\/"]}]},{"@type":"ImageObject","inLanguage":"pl-PL","@id":"https:\/\/www.24gliwice.pl\/wiadomosci\/czechowice-polecaja-sie-na-lato\/#primaryimage","url":"https:\/\/www.24gliwice.pl\/wiadomosci\/wp-content\/uploads\/2022\/07\/czechowice-fot-G-OzgaUM-Gliwice-2.jpg","contentUrl":"https:\/\/www.24gliwice.pl\/wiadomosci\/wp-content\/uploads\/2022\/07\/czechowice-fot-G-OzgaUM-Gliwice-2.jpg","width":1140,"height":641,"caption":"fot. G. O\u017cga\/UM Gliwice"},{"@type":"BreadcrumbList","@id":"https:\/\/www.24gliwice.pl\/wiadomosci\/czechowice-polecaja-sie-na-lato\/#breadcrumb","itemListElement":[{"@type":"ListItem","position":1,"name":"Strona g\u0142\u00f3wna","item":"https:\/\/www.24gliwice.pl\/wiadomosci\/"},{"@type":"ListItem","position":2,"name":"Czechowice polecaj\u0105 si\u0119 na lato"}]},{"@type":"WebSite","@id":"https:\/\/www.24gliwice.pl\/wiadomosci\/#website","url":"https:\/\/www.24gliwice.pl\/wiadomosci\/","name":"24GLIWICE - Portal Gliwice | codziennie nowe wiadomo\u015bci","description":"Portal Miejski Gliwice","publisher":{"@id":"https:\/\/www.24gliwice.pl\/wiadomosci\/#organization"},"potentialAction":[{"@type":"SearchAction","target":{"@type":"EntryPoint","urlTemplate":"https:\/\/www.24gliwice.pl\/wiadomosci\/?s={search_term_string}"},"query-input":{"@type":"PropertyValueSpecification","valueRequired":true,"valueName":"search_term_string"}}],"inLanguage":"pl-PL"},{"@type":"Organization","@id":"https:\/\/www.24gliwice.pl\/wiadomosci\/#organization","name":"24gliwice","url":"https:\/\/www.24gliwice.pl\/wiadomosci\/","logo":{"@type":"ImageObject","inLanguage":"pl-PL","@id":"https:\/\/www.24gliwice.pl\/wiadomosci\/#\/schema\/logo\/image\/","url":"https:\/\/www.24gliwice.pl\/wiadomosci\/wp-content\/uploads\/2024\/10\/24gliwice-logo-696.jpg","contentUrl":"https:\/\/www.24gliwice.pl\/wiadomosci\/wp-content\/uploads\/2024\/10\/24gliwice-logo-696.jpg","width":696,"height":696,"caption":"24gliwice"},"image":{"@id":"https:\/\/www.24gliwice.pl\/wiadomosci\/#\/schema\/logo\/image\/"},"sameAs":["https:\/\/www.facebook.com\/24gliwice","https:\/\/x.com\/24gliwice","https:\/\/www.youtube.com\/@24gliwice"]},{"@type":"Person","@id":"https:\/\/www.24gliwice.pl\/wiadomosci\/#\/schema\/person\/cb5857e4a4d048c15984c1edcc8ef0c0","name":"Marcin Fabrykowski","image":{"@type":"ImageObject","inLanguage":"pl-PL","@id":"https:\/\/www.24gliwice.pl\/wiadomosci\/wp-content\/uploads\/2025\/11\/zdjecie-moje-marcin-300-96x96.jpg","url":"https:\/\/www.24gliwice.pl\/wiadomosci\/wp-content\/uploads\/2025\/11\/zdjecie-moje-marcin-300-96x96.jpg","contentUrl":"https:\/\/www.24gliwice.pl\/wiadomosci\/wp-content\/uploads\/2025\/11\/zdjecie-moje-marcin-300-96x96.jpg","caption":"Marcin Fabrykowski"},"sameAs":["http:\/\/24gliwice.pl","https:\/\/www.facebook.com\/marcin.fabrykowski"],"url":"https:\/\/www.24gliwice.pl\/wiadomosci\/author\/marcin-fabrykowski\/"}]}},"_links":{"self":[{"href":"https:\/\/www.24gliwice.pl\/wiadomosci\/wp-json\/wp\/v2\/posts\/197495","targetHints":{"allow":["GET"]}}],"collection":[{"href":"https:\/\/www.24gliwice.pl\/wiadomosci\/wp-json\/wp\/v2\/posts"}],"about":[{"href":"https:\/\/www.24gliwice.pl\/wiadomosci\/wp-json\/wp\/v2\/types\/post"}],"author":[{"embeddable":true,"href":"https:\/\/www.24gliwice.pl\/wiadomosci\/wp-json\/wp\/v2\/users\/4"}],"replies":[{"embeddable":true,"href":"https:\/\/www.24gliwice.pl\/wiadomosci\/wp-json\/wp\/v2\/comments?post=197495"}],"version-history":[{"count":4,"href":"https:\/\/www.24gliwice.pl\/wiadomosci\/wp-json\/wp\/v2\/posts\/197495\/revisions"}],"predecessor-version":[{"id":197511,"href":"https:\/\/www.24gliwice.pl\/wiadomosci\/wp-json\/wp\/v2\/posts\/197495\/revisions\/197511"}],"wp:featuredmedia":[{"embeddable":true,"href":"https:\/\/www.24gliwice.pl\/wiadomosci\/wp-json\/wp\/v2\/media\/197501"}],"wp:attachment":[{"href":"https:\/\/www.24gliwice.pl\/wiadomosci\/wp-json\/wp\/v2\/media?parent=197495"}],"wp:term":[{"taxonomy":"category","embeddable":true,"href":"https:\/\/www.24gliwice.pl\/wiadomosci\/wp-json\/wp\/v2\/categories?post=197495"},{"taxonomy":"post_tag","embeddable":true,"href":"https:\/\/www.24gliwice.pl\/wiadomosci\/wp-json\/wp\/v2\/tags?post=197495"}],"curies":[{"name":"wp","href":"https:\/\/api.w.org\/{rel}","templated":true}]}}