{"id":201158,"date":"2022-10-03T18:59:49","date_gmt":"2022-10-03T16:59:49","guid":{"rendered":"https:\/\/www.24gliwice.pl\/wiadomosci\/?p=201158"},"modified":"2022-10-03T18:59:49","modified_gmt":"2022-10-03T16:59:49","slug":"iii-edycja-forum-rekodziela-cel-charytatywny-bedzie-mozna-wziac-udzial-w-bezplatnych-warsztatach","status":"publish","type":"post","link":"https:\/\/www.24gliwice.pl\/wiadomosci\/iii-edycja-forum-rekodziela-cel-charytatywny-bedzie-mozna-wziac-udzial-w-bezplatnych-warsztatach\/","title":{"rendered":"III edycja Forum R\u0119kodzie\u0142a. Cel charytatywny, b\u0119dzie mo\u017cna wzi\u0105\u0107 udzia\u0142 w bezp\u0142atnych warsztatach"},"content":{"rendered":"<div class=\"gliwi-a6-nad-leadem-artykulow gliwi-entity-placement\" id=\"gliwi-4288674163\"><div class=\"gliwi-adlabel\"><span style=\"font-size: 9px\">REKLAMA<\/span><\/div><div id=\"gliwi-755240225\" style=\"margin-bottom: 30px;margin-left: auto;margin-right: auto;text-align: center;\"><a data-no-instant=\"1\" href=\"https:\/\/przedszkole.halogen.org.pl\/\" rel=\"noopener\" class=\"a2t-link\" target=\"_blank\" aria-label=\"20260402-ANIMATOR-przedszkole_grafika_750x200\"><img loading=\"lazy\" decoding=\"async\" src=\"https:\/\/www.24gliwice.pl\/wiadomosci\/wp-content\/uploads\/2026\/04\/20260402-ANIMATOR-przedszkole_grafika_750x200.webp\" alt=\"\"  srcset=\"https:\/\/www.24gliwice.pl\/wiadomosci\/wp-content\/uploads\/2026\/04\/20260402-ANIMATOR-przedszkole_grafika_750x200.webp 750w, https:\/\/www.24gliwice.pl\/wiadomosci\/wp-content\/uploads\/2026\/04\/20260402-ANIMATOR-przedszkole_grafika_750x200-410x109.webp 410w\" sizes=\"(max-width: 750px) 100vw, 750px\" class=\"no-lazyload\" width=\"750\" height=\"200\"  style=\"display: inline-block; max-width: 100%; height: auto;\" \/><\/a><\/div><\/div><h2>Trzeciemu spotkaniu r\u0119kodzielnik\u00f3w w cyklu FORUM R\u0119kodzie\u0142a b\u0119d\u0105 towarzyszy\u0142y darmowe warsztaty kreatywne, podczas kt\u00f3rych odb\u0119dzie si\u0119 zbi\u00f3rka na rzecz Fundacji Integrare.<\/h2>\n<p>&nbsp;<br \/>\nUzdolniona plastycznie <strong>Dominika Gabry\u015b\u2013Kuchta<\/strong> wiceprezeska fundacji i mama o\u015bmioletniego Tomka z zespo\u0142em Downa od lat pozyskuje fundusze na stworzenie niepublicznej szko\u0142y podstawowej dla dzieci z niepe\u0142nosprawno\u015bci\u0105 intelektualn\u0105.<\/p>\n<p>8 pa\u017adziernika r\u0119kodzielnicy z Gliwic i okolic b\u0119d\u0105 czeka\u0107 na amator\u00f3w r\u0119cznie wykonywanych, pi\u0119knych przedmiot\u00f3w od 12:00 do 18:00 na poziomie +1, w pasa\u017cu obok lokalu Scena Forum. Doch\u00f3d ze sprzeda\u017cy trafi jak zawsze do potrzebuj\u0105cych. Na samej scenie natomiast od 13:00 do 15:00 odb\u0119d\u0105 bezp\u0142atne warsztaty r\u0119kodzie\u0142a. Dowiecie si\u0119 jak z glinki wykona\u0107 i pomalowa\u0107 krasnala, do kt\u00f3rego ostatecznie przypinacie magnes i zabieracie do domu.<\/p><div class=\"gliwi-a3-w-tresci-artykulow gliwi-entity-placement\" id=\"gliwi-2154438853\"><div class=\"gliwi-adlabel\"><span style=\"font-size: 9px\">REKLAMA<\/span><\/div><div id=\"gliwi-249623740\" style=\"margin-bottom: 30px;margin-left: auto;margin-right: auto;text-align: center;\"><a data-no-instant=\"1\" href=\"https:\/\/zlobek.halogen.org.pl\/\" rel=\"noopener\" class=\"a2t-link\" target=\"_blank\" aria-label=\"animator-zlobek_750x200\"><img loading=\"lazy\" decoding=\"async\" src=\"https:\/\/www.24gliwice.pl\/wiadomosci\/wp-content\/uploads\/2026\/02\/animator-zlobek_750x200.webp\" alt=\"\"  srcset=\"https:\/\/www.24gliwice.pl\/wiadomosci\/wp-content\/uploads\/2026\/02\/animator-zlobek_750x200.webp 750w, https:\/\/www.24gliwice.pl\/wiadomosci\/wp-content\/uploads\/2026\/02\/animator-zlobek_750x200-410x109.webp 410w\" sizes=\"(max-width: 750px) 100vw, 750px\" class=\"no-lazyload\" width=\"750\" height=\"200\"  style=\"display: inline-block; max-width: 100%; height: auto;\" \/><\/a><\/div><\/div>\n<h4>Jak m\u00f3wi prowadz\u0105ca warsztaty Dominika Gabry\u015b &#8211; Kuchta jesieni\u0105 w\u0142asnor\u0119cznie zrobione krasnale przynosz\u0105 szcz\u0119\u015bcie, ale te\u017c czyni\u0105 wi\u0119cej ciep\u0142a na coraz ch\u0142odniejsze dni.<\/h4>\n<p>Prowadz\u0105c\u0105 warsztaty Dominika Gabry\u015b-Kuchta zasiada w zarz\u0105dzie Fundacji Integrare i b\u0119dzie mia\u0142a ze sob\u0105 ulotki z numerem konta, na kt\u00f3re mo\u017cna wp\u0142aca\u0107 pieni\u0105dze. Jej fundacja zmierza do stworzenia w Gliwicach niepublicznej szko\u0142y podstawowej dla dzieci z niepe\u0142nosprawno\u015bci\u0105 intelektualn\u0105. Pani Dominika sama wychowuje i kszta\u0142ci swojego synka Tomka z zespo\u0142em Downa, dlatego wie jak trudno dobrze przygotowa\u0107 do samodzielnego \u017cycia takie w\u0142a\u015bnie dzieci. Marzy jej si\u0119 systemowe wsparcie rodzin z takimi dzie\u0107mi.<\/p>\n<p><a href=\"https:\/\/www.24gliwice.pl\/wiadomosci\/wp-content\/uploads\/2022\/10\/forum-rekodziela-4-Fundacja-Integrare.jpg\"><img loading=\"lazy\" decoding=\"async\" class=\"alignnone  wp-image-201164\" src=\"https:\/\/www.24gliwice.pl\/wiadomosci\/wp-content\/uploads\/2022\/10\/forum-rekodziela-4-Fundacja-Integrare.jpg\" alt=\"\" width=\"1021\" height=\"1657\" srcset=\"https:\/\/www.24gliwice.pl\/wiadomosci\/wp-content\/uploads\/2022\/10\/forum-rekodziela-4-Fundacja-Integrare.jpg 499w, https:\/\/www.24gliwice.pl\/wiadomosci\/wp-content\/uploads\/2022\/10\/forum-rekodziela-4-Fundacja-Integrare-143x232.jpg 143w, https:\/\/www.24gliwice.pl\/wiadomosci\/wp-content\/uploads\/2022\/10\/forum-rekodziela-4-Fundacja-Integrare-280x455.jpg 280w\" sizes=\"auto, (max-width: 1021px) 100vw, 1021px\" \/><\/a><\/p>\n<p>&#8211; <em>Uwa\u017cam, \u017ce dzieciom takim jak m\u00f3j syn potrzebne s\u0105 nowatorskie programy dydaktyczne. Takie kt\u00f3re stawiaj\u0105 na uzyskanie samodzielno\u015bci. Im potrzebna jest r\u00f3wnie\u017c aktywizacja zawodowa. Niepubliczna szko\u0142a podstawowa jak\u0105 dla nich chcemy otworzy\u0107 w Gliwicach ma szans\u0119 zmieni\u0107 oblicze edukacji specjalnej w Polsce. Jestem wdzi\u0119czna, \u017ce Centrum Handlowe FORUM otworzy\u0142o nam mo\u017cliwo\u015b\u0107 m\u00f3wienia o tej inicjatywie i szukania wsparcia<\/em> &#8211; m\u00f3wi Dominika Gabry\u015b\u2013Kuchta, wiceprezeska Fundacji Integrare.<\/p>\n<p>&#8211; Zach\u0119camy do kibicowania i wspierania tej akcji oraz przysz\u0142ych kampanii charytatywnych w tej ma\u0142ej-wielkiej rewolucji edukacji specjalnej. Nie pierwszy i nie ostatni raz otwieramy si\u0119 na takie dzia\u0142ania bowiem wierzymy w synergi\u0119 dobrych serc &#8211; m\u00f3wi<strong> Alicja Sucha\u0144ska-Kr\u00f3lica<\/strong>, menad\u017cer ds. administracji i marketingu w CH FORUM.<\/p>\n<blockquote><p>Kiedy spotykaj\u0105 si\u0119 ludzie i ka\u017cdy daje co\u015b od siebie to sprawy trudne staja si\u0119 \u0142atwiejsze a nasze FORUM R\u0119kodzie\u0142a ju\u017c sta\u0142o si\u0119 miejsce wymiany dobra w pe\u0142nym tego s\u0142owa znaczeniu<\/p><\/blockquote>\n<p>&#8211; dodaje.<\/p>\n<p>Przypomnijmy, \u017ce cykliczne FORUM R\u0119kodzie\u0142a jest dzie\u0142em przedstawicieli Fundacji Stacja 6 oraz Centrum Handlowego FORUM. Cieszy si\u0119 du\u017cym zainteresowaniem, bowiem w sk\u0142ad grupy wystawc\u00f3w wchodz\u0105 utalentowani r\u0119kodzielnicy \u2013 arty\u015bci produkuj\u0105cy wyj\u0105tkowe przedmioty. To oryginalne i niepowtarzalne dzie\u0142a.<\/p>\n<p><a href=\"https:\/\/www.24gliwice.pl\/wiadomosci\/wp-content\/uploads\/2022\/10\/forum-rekodziela.jpg\"><img loading=\"lazy\" decoding=\"async\" class=\"alignnone  wp-image-201165\" src=\"https:\/\/www.24gliwice.pl\/wiadomosci\/wp-content\/uploads\/2022\/10\/forum-rekodziela.jpg\" alt=\"\" width=\"901\" height=\"901\" srcset=\"https:\/\/www.24gliwice.pl\/wiadomosci\/wp-content\/uploads\/2022\/10\/forum-rekodziela.jpg 810w, https:\/\/www.24gliwice.pl\/wiadomosci\/wp-content\/uploads\/2022\/10\/forum-rekodziela-232x232.jpg 232w, https:\/\/www.24gliwice.pl\/wiadomosci\/wp-content\/uploads\/2022\/10\/forum-rekodziela-455x455.jpg 455w, https:\/\/www.24gliwice.pl\/wiadomosci\/wp-content\/uploads\/2022\/10\/forum-rekodziela-90x90.jpg 90w, https:\/\/www.24gliwice.pl\/wiadomosci\/wp-content\/uploads\/2022\/10\/forum-rekodziela-768x768.jpg 768w\" sizes=\"auto, (max-width: 901px) 100vw, 901px\" \/><\/a><\/p>\n<p>Je\u017celi jeste\u015b r\u0119kodzielnikiem to zapraszamy do kontaktu telefonicznego: 796926314. Sklep charytatywny w CH FORUM jest r\u00f3wnie\u017c miejscem, kt\u00f3re funkcjonuje jako centrum wsparcia dla os\u00f3b w trudnych sytuacjach \u017cyciowych.<\/p>\n<p><strong>Zapraszamy na warsztaty, trzeci\u0105 edycj\u0119 FORUM R\u0119kodzie\u0142a i do pomagania przez kupowanie!<\/strong><\/p>\n<div class=\"gliwi-a5-na-koncu-artykulow gliwi-entity-placement\" id=\"gliwi-4042974930\"><div class=\"gliwi-adlabel\"><span style=\"font-size: 9px\">REKLAMA<\/span><\/div><div id=\"gliwi-2669836156\" style=\"margin-left: auto;margin-right: auto;text-align: center;\"><a data-no-instant=\"1\" href=\"https:\/\/prezeroarenagliwice.pl\/\" rel=\"noopener\" class=\"a2t-link\" target=\"_blank\" aria-label=\"20260309-PREZERO-WIOSNA-D\"><img loading=\"lazy\" decoding=\"async\" src=\"https:\/\/www.24gliwice.pl\/wiadomosci\/wp-content\/uploads\/2026\/03\/20260309-PREZERO-WIOSNA-D.webp\" alt=\"\"  srcset=\"https:\/\/www.24gliwice.pl\/wiadomosci\/wp-content\/uploads\/2026\/03\/20260309-PREZERO-WIOSNA-D.webp 750w, https:\/\/www.24gliwice.pl\/wiadomosci\/wp-content\/uploads\/2026\/03\/20260309-PREZERO-WIOSNA-D-410x109.webp 410w\" sizes=\"(max-width: 750px) 100vw, 750px\" class=\"no-lazyload\" width=\"750\" height=\"200\"  style=\"display: inline-block; max-width: 100%; height: auto;\" \/><\/a><\/div><\/div>","protected":false},"excerpt":{"rendered":"<p>Trzeciemu spotkaniu r\u0119kodzielnik\u00f3w w cyklu FORUM R\u0119kodzie\u0142a b\u0119d\u0105 towarzyszy\u0142y darmowe warsztaty kreatywne, podczas kt\u00f3rych odb\u0119dzie si\u0119 zbi\u00f3rka na rzecz Fundacji Integrare. &nbsp; Uzdolniona plastycznie Dominika Gabry\u015b\u2013Kuchta wiceprezeska fundacji i mama o\u015bmioletniego Tomka z zespo\u0142em Downa od lat pozyskuje fundusze na stworzenie niepublicznej szko\u0142y podstawowej dla dzieci z niepe\u0142nosprawno\u015bci\u0105 intelektualn\u0105. 8 pa\u017adziernika r\u0119kodzielnicy z Gliwic i [&hellip;]<\/p>\n","protected":false},"author":15,"featured_media":145768,"comment_status":"closed","ping_status":"closed","sticky":false,"template":"","format":"standard","meta":{"_monsterinsights_skip_tracking":false,"_monsterinsights_sitenote_active":false,"_monsterinsights_sitenote_note":"","_monsterinsights_sitenote_category":0,"footnotes":"","_links_to":"","_links_to_target":""},"categories":[3,6,1],"tags":[3885,21561],"class_list":["post-201158","post","type-post","status-publish","format-standard","has-post-thumbnail","hentry","category-gliwice","category-kultura","category-wszystko","tag-ch-forum","tag-forum-rekodziela"],"yoast_head":"<!-- This site is optimized with the Yoast SEO plugin v27.5 - https:\/\/yoast.com\/product\/yoast-seo-wordpress\/ -->\n<title>III edycja Forum R\u0119kodzie\u0142a. Cel charytatywny, b\u0119dzie mo\u017cna wzi\u0105\u0107 udzia\u0142 w bezp\u0142atnych warsztatach - 24GLIWICE - Portal Gliwice | codziennie nowe informacje<\/title>\n<meta name=\"description\" content=\"Przed nami III edycja Forum R\u0119kodzie\u0142a. W sobot\u0119, 8 pa\u017adziernika, w centrum handlowym odb\u0119d\u0105 si\u0119 bezp\u0142atne warsztaty\" \/>\n<meta name=\"robots\" content=\"index, follow, max-snippet:-1, max-image-preview:large, max-video-preview:-1\" \/>\n<link rel=\"canonical\" href=\"https:\/\/www.24gliwice.pl\/wiadomosci\/iii-edycja-forum-rekodziela-cel-charytatywny-bedzie-mozna-wziac-udzial-w-bezplatnych-warsztatach\/\" \/>\n<meta property=\"og:locale\" content=\"pl_PL\" \/>\n<meta property=\"og:type\" content=\"article\" \/>\n<meta property=\"og:title\" content=\"III edycja Forum R\u0119kodzie\u0142a. Cel charytatywny, b\u0119dzie mo\u017cna wzi\u0105\u0107 udzia\u0142 w bezp\u0142atnych warsztatach - 24GLIWICE - Portal Gliwice | codziennie nowe informacje\" \/>\n<meta property=\"og:description\" content=\"Przed nami III edycja Forum R\u0119kodzie\u0142a. W sobot\u0119, 8 pa\u017adziernika, w centrum handlowym odb\u0119d\u0105 si\u0119 bezp\u0142atne warsztaty\" \/>\n<meta property=\"og:url\" content=\"https:\/\/www.24gliwice.pl\/wiadomosci\/iii-edycja-forum-rekodziela-cel-charytatywny-bedzie-mozna-wziac-udzial-w-bezplatnych-warsztatach\/\" \/>\n<meta property=\"og:site_name\" content=\"24GLIWICE - Portal Gliwice | codziennie nowe informacje\" \/>\n<meta property=\"article:publisher\" content=\"https:\/\/www.facebook.com\/24gliwice\" \/>\n<meta property=\"article:published_time\" content=\"2022-10-03T16:59:49+00:00\" \/>\n<meta property=\"og:image\" content=\"https:\/\/www.24gliwice.pl\/wiadomosci\/wp-content\/uploads\/2020\/01\/kiermasz-r\u0119kodzie\u0142a.jpg\" \/>\n\t<meta property=\"og:image:width\" content=\"810\" \/>\n\t<meta property=\"og:image:height\" content=\"456\" \/>\n\t<meta property=\"og:image:type\" content=\"image\/jpeg\" \/>\n<meta name=\"author\" content=\"\u017baneta Mrozek-Siewierska\" \/>\n<meta name=\"twitter:card\" content=\"summary_large_image\" \/>\n<meta name=\"twitter:creator\" content=\"@24gliwice\" \/>\n<meta name=\"twitter:site\" content=\"@24gliwice\" \/>\n<meta name=\"twitter:label1\" content=\"Napisane przez\" \/>\n\t<meta name=\"twitter:data1\" content=\"\u017baneta Mrozek-Siewierska\" \/>\n\t<meta name=\"twitter:label2\" content=\"Szacowany czas czytania\" \/>\n\t<meta name=\"twitter:data2\" content=\"3 minuty\" \/>\n<script type=\"application\/ld+json\" class=\"yoast-schema-graph\">{\"@context\":\"https:\\\/\\\/schema.org\",\"@graph\":[{\"@type\":\"Article\",\"@id\":\"https:\\\/\\\/www.24gliwice.pl\\\/wiadomosci\\\/iii-edycja-forum-rekodziela-cel-charytatywny-bedzie-mozna-wziac-udzial-w-bezplatnych-warsztatach\\\/#article\",\"isPartOf\":{\"@id\":\"https:\\\/\\\/www.24gliwice.pl\\\/wiadomosci\\\/iii-edycja-forum-rekodziela-cel-charytatywny-bedzie-mozna-wziac-udzial-w-bezplatnych-warsztatach\\\/\"},\"author\":{\"name\":\"\u017baneta Mrozek-Siewierska\",\"@id\":\"https:\\\/\\\/www.24gliwice.pl\\\/wiadomosci\\\/#\\\/schema\\\/person\\\/e42c650edd7f2fa332be3811fb166b6e\"},\"headline\":\"III edycja Forum R\u0119kodzie\u0142a. Cel charytatywny, b\u0119dzie mo\u017cna wzi\u0105\u0107 udzia\u0142 w bezp\u0142atnych warsztatach\",\"datePublished\":\"2022-10-03T16:59:49+00:00\",\"mainEntityOfPage\":{\"@id\":\"https:\\\/\\\/www.24gliwice.pl\\\/wiadomosci\\\/iii-edycja-forum-rekodziela-cel-charytatywny-bedzie-mozna-wziac-udzial-w-bezplatnych-warsztatach\\\/\"},\"wordCount\":541,\"publisher\":{\"@id\":\"https:\\\/\\\/www.24gliwice.pl\\\/wiadomosci\\\/#organization\"},\"image\":{\"@id\":\"https:\\\/\\\/www.24gliwice.pl\\\/wiadomosci\\\/iii-edycja-forum-rekodziela-cel-charytatywny-bedzie-mozna-wziac-udzial-w-bezplatnych-warsztatach\\\/#primaryimage\"},\"thumbnailUrl\":\"https:\\\/\\\/www.24gliwice.pl\\\/wiadomosci\\\/wp-content\\\/uploads\\\/2020\\\/01\\\/kiermasz-r\u0119kodzie\u0142a.jpg\",\"keywords\":[\"CH FORUM\",\"forum r\u0119kodzie\u0142a\"],\"articleSection\":[\"Gliwice\",\"Kultura, wydarzenia, imprezy\",\"Najnowsze wiadomo\u015bci\"],\"inLanguage\":\"pl-PL\"},{\"@type\":\"WebPage\",\"@id\":\"https:\\\/\\\/www.24gliwice.pl\\\/wiadomosci\\\/iii-edycja-forum-rekodziela-cel-charytatywny-bedzie-mozna-wziac-udzial-w-bezplatnych-warsztatach\\\/\",\"url\":\"https:\\\/\\\/www.24gliwice.pl\\\/wiadomosci\\\/iii-edycja-forum-rekodziela-cel-charytatywny-bedzie-mozna-wziac-udzial-w-bezplatnych-warsztatach\\\/\",\"name\":\"III edycja Forum R\u0119kodzie\u0142a. Cel charytatywny, b\u0119dzie mo\u017cna wzi\u0105\u0107 udzia\u0142 w bezp\u0142atnych warsztatach - 24GLIWICE - Portal Gliwice | codziennie nowe informacje\",\"isPartOf\":{\"@id\":\"https:\\\/\\\/www.24gliwice.pl\\\/wiadomosci\\\/#website\"},\"primaryImageOfPage\":{\"@id\":\"https:\\\/\\\/www.24gliwice.pl\\\/wiadomosci\\\/iii-edycja-forum-rekodziela-cel-charytatywny-bedzie-mozna-wziac-udzial-w-bezplatnych-warsztatach\\\/#primaryimage\"},\"image\":{\"@id\":\"https:\\\/\\\/www.24gliwice.pl\\\/wiadomosci\\\/iii-edycja-forum-rekodziela-cel-charytatywny-bedzie-mozna-wziac-udzial-w-bezplatnych-warsztatach\\\/#primaryimage\"},\"thumbnailUrl\":\"https:\\\/\\\/www.24gliwice.pl\\\/wiadomosci\\\/wp-content\\\/uploads\\\/2020\\\/01\\\/kiermasz-r\u0119kodzie\u0142a.jpg\",\"datePublished\":\"2022-10-03T16:59:49+00:00\",\"description\":\"Przed nami III edycja Forum R\u0119kodzie\u0142a. W sobot\u0119, 8 pa\u017adziernika, w centrum handlowym odb\u0119d\u0105 si\u0119 bezp\u0142atne warsztaty\",\"breadcrumb\":{\"@id\":\"https:\\\/\\\/www.24gliwice.pl\\\/wiadomosci\\\/iii-edycja-forum-rekodziela-cel-charytatywny-bedzie-mozna-wziac-udzial-w-bezplatnych-warsztatach\\\/#breadcrumb\"},\"inLanguage\":\"pl-PL\",\"potentialAction\":[{\"@type\":\"ReadAction\",\"target\":[\"https:\\\/\\\/www.24gliwice.pl\\\/wiadomosci\\\/iii-edycja-forum-rekodziela-cel-charytatywny-bedzie-mozna-wziac-udzial-w-bezplatnych-warsztatach\\\/\"]}]},{\"@type\":\"ImageObject\",\"inLanguage\":\"pl-PL\",\"@id\":\"https:\\\/\\\/www.24gliwice.pl\\\/wiadomosci\\\/iii-edycja-forum-rekodziela-cel-charytatywny-bedzie-mozna-wziac-udzial-w-bezplatnych-warsztatach\\\/#primaryimage\",\"url\":\"https:\\\/\\\/www.24gliwice.pl\\\/wiadomosci\\\/wp-content\\\/uploads\\\/2020\\\/01\\\/kiermasz-r\u0119kodzie\u0142a.jpg\",\"contentUrl\":\"https:\\\/\\\/www.24gliwice.pl\\\/wiadomosci\\\/wp-content\\\/uploads\\\/2020\\\/01\\\/kiermasz-r\u0119kodzie\u0142a.jpg\",\"width\":810,\"height\":456,\"caption\":\"fot. zdj. pogl\u0105dowe\\\/px\"},{\"@type\":\"BreadcrumbList\",\"@id\":\"https:\\\/\\\/www.24gliwice.pl\\\/wiadomosci\\\/iii-edycja-forum-rekodziela-cel-charytatywny-bedzie-mozna-wziac-udzial-w-bezplatnych-warsztatach\\\/#breadcrumb\",\"itemListElement\":[{\"@type\":\"ListItem\",\"position\":1,\"name\":\"Strona g\u0142\u00f3wna\",\"item\":\"https:\\\/\\\/www.24gliwice.pl\\\/wiadomosci\\\/\"},{\"@type\":\"ListItem\",\"position\":2,\"name\":\"III edycja Forum R\u0119kodzie\u0142a. Cel charytatywny, b\u0119dzie mo\u017cna wzi\u0105\u0107 udzia\u0142 w bezp\u0142atnych warsztatach\"}]},{\"@type\":\"WebSite\",\"@id\":\"https:\\\/\\\/www.24gliwice.pl\\\/wiadomosci\\\/#website\",\"url\":\"https:\\\/\\\/www.24gliwice.pl\\\/wiadomosci\\\/\",\"name\":\"24GLIWICE - Portal Gliwice | codziennie nowe wiadomo\u015bci\",\"description\":\"Portal Miejski Gliwice\",\"publisher\":{\"@id\":\"https:\\\/\\\/www.24gliwice.pl\\\/wiadomosci\\\/#organization\"},\"potentialAction\":[{\"@type\":\"SearchAction\",\"target\":{\"@type\":\"EntryPoint\",\"urlTemplate\":\"https:\\\/\\\/www.24gliwice.pl\\\/wiadomosci\\\/?s={search_term_string}\"},\"query-input\":{\"@type\":\"PropertyValueSpecification\",\"valueRequired\":true,\"valueName\":\"search_term_string\"}}],\"inLanguage\":\"pl-PL\"},{\"@type\":\"Organization\",\"@id\":\"https:\\\/\\\/www.24gliwice.pl\\\/wiadomosci\\\/#organization\",\"name\":\"24gliwice\",\"url\":\"https:\\\/\\\/www.24gliwice.pl\\\/wiadomosci\\\/\",\"logo\":{\"@type\":\"ImageObject\",\"inLanguage\":\"pl-PL\",\"@id\":\"https:\\\/\\\/www.24gliwice.pl\\\/wiadomosci\\\/#\\\/schema\\\/logo\\\/image\\\/\",\"url\":\"https:\\\/\\\/www.24gliwice.pl\\\/wiadomosci\\\/wp-content\\\/uploads\\\/2024\\\/10\\\/24gliwice-logo-696.jpg\",\"contentUrl\":\"https:\\\/\\\/www.24gliwice.pl\\\/wiadomosci\\\/wp-content\\\/uploads\\\/2024\\\/10\\\/24gliwice-logo-696.jpg\",\"width\":696,\"height\":696,\"caption\":\"24gliwice\"},\"image\":{\"@id\":\"https:\\\/\\\/www.24gliwice.pl\\\/wiadomosci\\\/#\\\/schema\\\/logo\\\/image\\\/\"},\"sameAs\":[\"https:\\\/\\\/www.facebook.com\\\/24gliwice\",\"https:\\\/\\\/x.com\\\/24gliwice\",\"https:\\\/\\\/www.youtube.com\\\/@24gliwice\"]},{\"@type\":\"Person\",\"@id\":\"https:\\\/\\\/www.24gliwice.pl\\\/wiadomosci\\\/#\\\/schema\\\/person\\\/e42c650edd7f2fa332be3811fb166b6e\",\"name\":\"\u017baneta Mrozek-Siewierska\",\"image\":{\"@type\":\"ImageObject\",\"inLanguage\":\"pl-PL\",\"@id\":\"https:\\\/\\\/secure.gravatar.com\\\/avatar\\\/1881429e9c64597c77ad7aef2d0a19be69a3253e57534d16aa15bf3a4d34a0a3?s=96&d=mm&r=g\",\"url\":\"https:\\\/\\\/secure.gravatar.com\\\/avatar\\\/1881429e9c64597c77ad7aef2d0a19be69a3253e57534d16aa15bf3a4d34a0a3?s=96&d=mm&r=g\",\"contentUrl\":\"https:\\\/\\\/secure.gravatar.com\\\/avatar\\\/1881429e9c64597c77ad7aef2d0a19be69a3253e57534d16aa15bf3a4d34a0a3?s=96&d=mm&r=g\",\"caption\":\"\u017baneta Mrozek-Siewierska\"},\"url\":\"https:\\\/\\\/www.24gliwice.pl\\\/wiadomosci\\\/author\\\/zms\\\/\"}]}<\/script>\n<!-- \/ Yoast SEO plugin. -->","yoast_head_json":{"title":"III edycja Forum R\u0119kodzie\u0142a. Cel charytatywny, b\u0119dzie mo\u017cna wzi\u0105\u0107 udzia\u0142 w bezp\u0142atnych warsztatach - 24GLIWICE - Portal Gliwice | codziennie nowe informacje","description":"Przed nami III edycja Forum R\u0119kodzie\u0142a. W sobot\u0119, 8 pa\u017adziernika, w centrum handlowym odb\u0119d\u0105 si\u0119 bezp\u0142atne warsztaty","robots":{"index":"index","follow":"follow","max-snippet":"max-snippet:-1","max-image-preview":"max-image-preview:large","max-video-preview":"max-video-preview:-1"},"canonical":"https:\/\/www.24gliwice.pl\/wiadomosci\/iii-edycja-forum-rekodziela-cel-charytatywny-bedzie-mozna-wziac-udzial-w-bezplatnych-warsztatach\/","og_locale":"pl_PL","og_type":"article","og_title":"III edycja Forum R\u0119kodzie\u0142a. Cel charytatywny, b\u0119dzie mo\u017cna wzi\u0105\u0107 udzia\u0142 w bezp\u0142atnych warsztatach - 24GLIWICE - Portal Gliwice | codziennie nowe informacje","og_description":"Przed nami III edycja Forum R\u0119kodzie\u0142a. W sobot\u0119, 8 pa\u017adziernika, w centrum handlowym odb\u0119d\u0105 si\u0119 bezp\u0142atne warsztaty","og_url":"https:\/\/www.24gliwice.pl\/wiadomosci\/iii-edycja-forum-rekodziela-cel-charytatywny-bedzie-mozna-wziac-udzial-w-bezplatnych-warsztatach\/","og_site_name":"24GLIWICE - Portal Gliwice | codziennie nowe informacje","article_publisher":"https:\/\/www.facebook.com\/24gliwice","article_published_time":"2022-10-03T16:59:49+00:00","og_image":[{"width":810,"height":456,"url":"https:\/\/www.24gliwice.pl\/wiadomosci\/wp-content\/uploads\/2020\/01\/kiermasz-r\u0119kodzie\u0142a.jpg","type":"image\/jpeg"}],"author":"\u017baneta Mrozek-Siewierska","twitter_card":"summary_large_image","twitter_creator":"@24gliwice","twitter_site":"@24gliwice","twitter_misc":{"Napisane przez":"\u017baneta Mrozek-Siewierska","Szacowany czas czytania":"3 minuty"},"schema":{"@context":"https:\/\/schema.org","@graph":[{"@type":"Article","@id":"https:\/\/www.24gliwice.pl\/wiadomosci\/iii-edycja-forum-rekodziela-cel-charytatywny-bedzie-mozna-wziac-udzial-w-bezplatnych-warsztatach\/#article","isPartOf":{"@id":"https:\/\/www.24gliwice.pl\/wiadomosci\/iii-edycja-forum-rekodziela-cel-charytatywny-bedzie-mozna-wziac-udzial-w-bezplatnych-warsztatach\/"},"author":{"name":"\u017baneta Mrozek-Siewierska","@id":"https:\/\/www.24gliwice.pl\/wiadomosci\/#\/schema\/person\/e42c650edd7f2fa332be3811fb166b6e"},"headline":"III edycja Forum R\u0119kodzie\u0142a. Cel charytatywny, b\u0119dzie mo\u017cna wzi\u0105\u0107 udzia\u0142 w bezp\u0142atnych warsztatach","datePublished":"2022-10-03T16:59:49+00:00","mainEntityOfPage":{"@id":"https:\/\/www.24gliwice.pl\/wiadomosci\/iii-edycja-forum-rekodziela-cel-charytatywny-bedzie-mozna-wziac-udzial-w-bezplatnych-warsztatach\/"},"wordCount":541,"publisher":{"@id":"https:\/\/www.24gliwice.pl\/wiadomosci\/#organization"},"image":{"@id":"https:\/\/www.24gliwice.pl\/wiadomosci\/iii-edycja-forum-rekodziela-cel-charytatywny-bedzie-mozna-wziac-udzial-w-bezplatnych-warsztatach\/#primaryimage"},"thumbnailUrl":"https:\/\/www.24gliwice.pl\/wiadomosci\/wp-content\/uploads\/2020\/01\/kiermasz-r\u0119kodzie\u0142a.jpg","keywords":["CH FORUM","forum r\u0119kodzie\u0142a"],"articleSection":["Gliwice","Kultura, wydarzenia, imprezy","Najnowsze wiadomo\u015bci"],"inLanguage":"pl-PL"},{"@type":"WebPage","@id":"https:\/\/www.24gliwice.pl\/wiadomosci\/iii-edycja-forum-rekodziela-cel-charytatywny-bedzie-mozna-wziac-udzial-w-bezplatnych-warsztatach\/","url":"https:\/\/www.24gliwice.pl\/wiadomosci\/iii-edycja-forum-rekodziela-cel-charytatywny-bedzie-mozna-wziac-udzial-w-bezplatnych-warsztatach\/","name":"III edycja Forum R\u0119kodzie\u0142a. Cel charytatywny, b\u0119dzie mo\u017cna wzi\u0105\u0107 udzia\u0142 w bezp\u0142atnych warsztatach - 24GLIWICE - Portal Gliwice | codziennie nowe informacje","isPartOf":{"@id":"https:\/\/www.24gliwice.pl\/wiadomosci\/#website"},"primaryImageOfPage":{"@id":"https:\/\/www.24gliwice.pl\/wiadomosci\/iii-edycja-forum-rekodziela-cel-charytatywny-bedzie-mozna-wziac-udzial-w-bezplatnych-warsztatach\/#primaryimage"},"image":{"@id":"https:\/\/www.24gliwice.pl\/wiadomosci\/iii-edycja-forum-rekodziela-cel-charytatywny-bedzie-mozna-wziac-udzial-w-bezplatnych-warsztatach\/#primaryimage"},"thumbnailUrl":"https:\/\/www.24gliwice.pl\/wiadomosci\/wp-content\/uploads\/2020\/01\/kiermasz-r\u0119kodzie\u0142a.jpg","datePublished":"2022-10-03T16:59:49+00:00","description":"Przed nami III edycja Forum R\u0119kodzie\u0142a. W sobot\u0119, 8 pa\u017adziernika, w centrum handlowym odb\u0119d\u0105 si\u0119 bezp\u0142atne warsztaty","breadcrumb":{"@id":"https:\/\/www.24gliwice.pl\/wiadomosci\/iii-edycja-forum-rekodziela-cel-charytatywny-bedzie-mozna-wziac-udzial-w-bezplatnych-warsztatach\/#breadcrumb"},"inLanguage":"pl-PL","potentialAction":[{"@type":"ReadAction","target":["https:\/\/www.24gliwice.pl\/wiadomosci\/iii-edycja-forum-rekodziela-cel-charytatywny-bedzie-mozna-wziac-udzial-w-bezplatnych-warsztatach\/"]}]},{"@type":"ImageObject","inLanguage":"pl-PL","@id":"https:\/\/www.24gliwice.pl\/wiadomosci\/iii-edycja-forum-rekodziela-cel-charytatywny-bedzie-mozna-wziac-udzial-w-bezplatnych-warsztatach\/#primaryimage","url":"https:\/\/www.24gliwice.pl\/wiadomosci\/wp-content\/uploads\/2020\/01\/kiermasz-r\u0119kodzie\u0142a.jpg","contentUrl":"https:\/\/www.24gliwice.pl\/wiadomosci\/wp-content\/uploads\/2020\/01\/kiermasz-r\u0119kodzie\u0142a.jpg","width":810,"height":456,"caption":"fot. zdj. pogl\u0105dowe\/px"},{"@type":"BreadcrumbList","@id":"https:\/\/www.24gliwice.pl\/wiadomosci\/iii-edycja-forum-rekodziela-cel-charytatywny-bedzie-mozna-wziac-udzial-w-bezplatnych-warsztatach\/#breadcrumb","itemListElement":[{"@type":"ListItem","position":1,"name":"Strona g\u0142\u00f3wna","item":"https:\/\/www.24gliwice.pl\/wiadomosci\/"},{"@type":"ListItem","position":2,"name":"III edycja Forum R\u0119kodzie\u0142a. Cel charytatywny, b\u0119dzie mo\u017cna wzi\u0105\u0107 udzia\u0142 w bezp\u0142atnych warsztatach"}]},{"@type":"WebSite","@id":"https:\/\/www.24gliwice.pl\/wiadomosci\/#website","url":"https:\/\/www.24gliwice.pl\/wiadomosci\/","name":"24GLIWICE - Portal Gliwice | codziennie nowe wiadomo\u015bci","description":"Portal Miejski Gliwice","publisher":{"@id":"https:\/\/www.24gliwice.pl\/wiadomosci\/#organization"},"potentialAction":[{"@type":"SearchAction","target":{"@type":"EntryPoint","urlTemplate":"https:\/\/www.24gliwice.pl\/wiadomosci\/?s={search_term_string}"},"query-input":{"@type":"PropertyValueSpecification","valueRequired":true,"valueName":"search_term_string"}}],"inLanguage":"pl-PL"},{"@type":"Organization","@id":"https:\/\/www.24gliwice.pl\/wiadomosci\/#organization","name":"24gliwice","url":"https:\/\/www.24gliwice.pl\/wiadomosci\/","logo":{"@type":"ImageObject","inLanguage":"pl-PL","@id":"https:\/\/www.24gliwice.pl\/wiadomosci\/#\/schema\/logo\/image\/","url":"https:\/\/www.24gliwice.pl\/wiadomosci\/wp-content\/uploads\/2024\/10\/24gliwice-logo-696.jpg","contentUrl":"https:\/\/www.24gliwice.pl\/wiadomosci\/wp-content\/uploads\/2024\/10\/24gliwice-logo-696.jpg","width":696,"height":696,"caption":"24gliwice"},"image":{"@id":"https:\/\/www.24gliwice.pl\/wiadomosci\/#\/schema\/logo\/image\/"},"sameAs":["https:\/\/www.facebook.com\/24gliwice","https:\/\/x.com\/24gliwice","https:\/\/www.youtube.com\/@24gliwice"]},{"@type":"Person","@id":"https:\/\/www.24gliwice.pl\/wiadomosci\/#\/schema\/person\/e42c650edd7f2fa332be3811fb166b6e","name":"\u017baneta Mrozek-Siewierska","image":{"@type":"ImageObject","inLanguage":"pl-PL","@id":"https:\/\/secure.gravatar.com\/avatar\/1881429e9c64597c77ad7aef2d0a19be69a3253e57534d16aa15bf3a4d34a0a3?s=96&d=mm&r=g","url":"https:\/\/secure.gravatar.com\/avatar\/1881429e9c64597c77ad7aef2d0a19be69a3253e57534d16aa15bf3a4d34a0a3?s=96&d=mm&r=g","contentUrl":"https:\/\/secure.gravatar.com\/avatar\/1881429e9c64597c77ad7aef2d0a19be69a3253e57534d16aa15bf3a4d34a0a3?s=96&d=mm&r=g","caption":"\u017baneta Mrozek-Siewierska"},"url":"https:\/\/www.24gliwice.pl\/wiadomosci\/author\/zms\/"}]}},"_links":{"self":[{"href":"https:\/\/www.24gliwice.pl\/wiadomosci\/wp-json\/wp\/v2\/posts\/201158","targetHints":{"allow":["GET"]}}],"collection":[{"href":"https:\/\/www.24gliwice.pl\/wiadomosci\/wp-json\/wp\/v2\/posts"}],"about":[{"href":"https:\/\/www.24gliwice.pl\/wiadomosci\/wp-json\/wp\/v2\/types\/post"}],"author":[{"embeddable":true,"href":"https:\/\/www.24gliwice.pl\/wiadomosci\/wp-json\/wp\/v2\/users\/15"}],"replies":[{"embeddable":true,"href":"https:\/\/www.24gliwice.pl\/wiadomosci\/wp-json\/wp\/v2\/comments?post=201158"}],"version-history":[{"count":0,"href":"https:\/\/www.24gliwice.pl\/wiadomosci\/wp-json\/wp\/v2\/posts\/201158\/revisions"}],"wp:featuredmedia":[{"embeddable":true,"href":"https:\/\/www.24gliwice.pl\/wiadomosci\/wp-json\/wp\/v2\/media\/145768"}],"wp:attachment":[{"href":"https:\/\/www.24gliwice.pl\/wiadomosci\/wp-json\/wp\/v2\/media?parent=201158"}],"wp:term":[{"taxonomy":"category","embeddable":true,"href":"https:\/\/www.24gliwice.pl\/wiadomosci\/wp-json\/wp\/v2\/categories?post=201158"},{"taxonomy":"post_tag","embeddable":true,"href":"https:\/\/www.24gliwice.pl\/wiadomosci\/wp-json\/wp\/v2\/tags?post=201158"}],"curies":[{"name":"wp","href":"https:\/\/api.w.org\/{rel}","templated":true}]}}