{"id":201660,"date":"2022-10-17T06:00:01","date_gmt":"2022-10-17T04:00:01","guid":{"rendered":"https:\/\/www.24gliwice.pl\/wiadomosci\/?p=201660"},"modified":"2022-10-17T02:01:44","modified_gmt":"2022-10-17T00:01:44","slug":"przed-nami-punk-generation-2022-siedem-zespolow-na-siodma-edycje-festiwalu-bilety-sa-juz-w-sprzedazy","status":"publish","type":"post","link":"https:\/\/www.24gliwice.pl\/wiadomosci\/przed-nami-punk-generation-2022-siedem-zespolow-na-siodma-edycje-festiwalu-bilety-sa-juz-w-sprzedazy\/","title":{"rendered":"Przed nami PUNK GENERATION 2022. Siedem zespo\u0142\u00f3w na si\u00f3dm\u0105 edycj\u0119 festiwalu. Bilety s\u0105 ju\u017c w sprzeda\u017cy"},"content":{"rendered":"<div class=\"gliwi-a6-nad-leadem-artykulow gliwi-entity-placement\" id=\"gliwi-4220326025\"><div class=\"gliwi-adlabel\"><span style=\"font-size: 9px\">REKLAMA<\/span><\/div><div id=\"gliwi-3295786157\" style=\"margin-bottom: 25px;margin-left: auto;margin-right: auto;text-align: center;\"><a data-no-instant=\"1\" href=\"https:\/\/dom100.eu\/\" rel=\"noopener\" class=\"a2t-link\" target=\"_blank\" aria-label=\"20260415 DOM100 D\"><img loading=\"lazy\" decoding=\"async\" src=\"https:\/\/www.24gliwice.pl\/wiadomosci\/wp-content\/uploads\/2026\/04\/20260415-DOM100-D.jpg\" alt=\"\"  srcset=\"https:\/\/www.24gliwice.pl\/wiadomosci\/wp-content\/uploads\/2026\/04\/20260415-DOM100-D.jpg 750w, https:\/\/www.24gliwice.pl\/wiadomosci\/wp-content\/uploads\/2026\/04\/20260415-DOM100-D-410x109.jpg 410w\" sizes=\"(max-width: 750px) 100vw, 750px\" class=\"no-lazyload\" width=\"750\" height=\"200\"  style=\"display: inline-block; max-width: 100%; height: auto;\" \/><\/a><\/div><\/div><h2>Punk Generation 2022. Przed nami kolejna edycja tego wyj\u0105tkowego wydarzenia, kt\u00f3re zgromadzi na jednej scenie grono artyst\u00f3w niekoniecznie znanych z popularnych rozg\u0142o\u015bni radiowych. Kto wyst\u0105pi w tym roku?<\/h2>\n<p>&nbsp;<br \/>\nB\u0119dzie to si\u00f3dma edycja festiwalu (w 2020 nie odby\u0142 si\u0119 z powodu obostrze\u0144 zwi\u0105zanych z COVID-19), kt\u00f3ry na sta\u0142e zago\u015bci\u0142 na gliwickiej scenie muzycznej. Tegoroczna ods\u0142ona to klasyka punk rocka w wykonaniu zespo\u0142\u00f3w, kt\u00f3re od wielu lat z powodzeniem wyst\u0119puj\u0105 na scenach i m\u0142odych, cho\u0107 maj\u0105cych na koncie wydawnictwa p\u0142ytowe.<\/p>\n<p><iframe loading=\"lazy\" width=\"810\" height=\"455\" src=\"https:\/\/www.youtube.com\/embed\/kqmbdINZA3k\" title=\"YouTube video player\" frameborder=\"0\" allow=\"accelerometer; autoplay; clipboard-write; encrypted-media; gyroscope; picture-in-picture\" allowfullscreen><\/iframe><\/p>\n<p>Podczas festiwalu premiery b\u0119d\u0105 mia\u0142y nowe p\u0142yty zespo\u0142\u00f3w Darek Dusza i Demony oraz Czerwone Ko\u015bcio\u0142y. \u0141\u0105cznie na scenie zobaczymy siedem grup muzycznych &#8211; wyst\u0105pi\u0105: <\/p><div class=\"gliwi-a3-w-tresci-artykulow gliwi-entity-placement\" id=\"gliwi-3710293703\"><div class=\"gliwi-adlabel\"><span style=\"font-size: 9px\">REKLAMA<\/span><\/div><div id=\"gliwi-136877350\" style=\"margin-bottom: 30px;margin-left: auto;margin-right: auto;text-align: center;\"><a data-no-instant=\"1\" href=\"https:\/\/zlobek.halogen.org.pl\/\" rel=\"noopener\" class=\"a2t-link\" target=\"_blank\" aria-label=\"animator-zlobek_750x200\"><img loading=\"lazy\" decoding=\"async\" src=\"https:\/\/www.24gliwice.pl\/wiadomosci\/wp-content\/uploads\/2026\/02\/animator-zlobek_750x200.webp\" alt=\"\"  srcset=\"https:\/\/www.24gliwice.pl\/wiadomosci\/wp-content\/uploads\/2026\/02\/animator-zlobek_750x200.webp 750w, https:\/\/www.24gliwice.pl\/wiadomosci\/wp-content\/uploads\/2026\/02\/animator-zlobek_750x200-410x109.webp 410w\" sizes=\"(max-width: 750px) 100vw, 750px\" class=\"no-lazyload\" width=\"750\" height=\"200\"  style=\"display: inline-block; max-width: 100%; height: auto;\" \/><\/a><\/div><\/div>\n<li>DEZERTER &#8211; <a href=\"https:\/\/www.facebook.com\/Dezerter1981\" rel=\"noopener\" target=\"_blank\">https:\/\/www.facebook.com\/Dezerter1981<\/a> <\/li>\n<li>DAREK DUSZA I DEMONY &#8211; <a href=\"https:\/\/www.facebook.com\/DDiDemony\" rel=\"noopener\" target=\"_blank\">https:\/\/www.facebook.com\/DDiDemony<\/a> <\/li>\n<li>CZERWONE KO\u015aCIO\u0141Y &#8211; <a href=\"https:\/\/www.facebook.com\/profile.php?id=100063522402709\" rel=\"noopener\" target=\"_blank\">https:\/\/www.facebook.com\/profile.php?id=100063522402709<\/a> <\/li>\n<li>SKORUP\/A &#8211; <a href=\"https:\/\/www.facebook.com\/skorupapunx\" rel=\"noopener\" target=\"_blank\">https:\/\/www.facebook.com\/skorupapunx<\/a> <\/li>\n<li>EYE FOR AN EYE &#8211; <a href=\"https:\/\/www.facebook.com\/efaepl\" rel=\"noopener\" target=\"_blank\">https:\/\/www.facebook.com\/efaepl<\/a> <\/li>\n<li>ATENCJA &#8211; <a href=\"https:\/\/www.facebook.com\/profile.php?id=100057854482001\" rel=\"noopener\" target=\"_blank\">https:\/\/www.facebook.com\/profile.php?id=100057854482001<\/a><\/li>\n<li>ULICZNY OPRYSZEK &#8211; <a href=\"https:\/\/www.facebook.com\/UlicznyOpryszekOfficial\" rel=\"noopener\" target=\"_blank\">https:\/\/www.facebook.com\/UlicznyOpryszekOfficial<\/a><\/li>\n<p>&nbsp;<br \/>\n<a href=\"https:\/\/www.24gliwice.pl\/wiadomosci\/wp-content\/uploads\/2022\/10\/punk-generation.png\"><img loading=\"lazy\" decoding=\"async\" src=\"https:\/\/www.24gliwice.pl\/wiadomosci\/wp-content\/uploads\/2022\/10\/punk-generation.png\" alt=\"\" width=\"1080\" height=\"1080\" class=\"alignnone size-full wp-image-201669\" srcset=\"https:\/\/www.24gliwice.pl\/wiadomosci\/wp-content\/uploads\/2022\/10\/punk-generation.png 1080w, https:\/\/www.24gliwice.pl\/wiadomosci\/wp-content\/uploads\/2022\/10\/punk-generation-232x232.png 232w, https:\/\/www.24gliwice.pl\/wiadomosci\/wp-content\/uploads\/2022\/10\/punk-generation-455x455.png 455w, https:\/\/www.24gliwice.pl\/wiadomosci\/wp-content\/uploads\/2022\/10\/punk-generation-90x90.png 90w, https:\/\/www.24gliwice.pl\/wiadomosci\/wp-content\/uploads\/2022\/10\/punk-generation-768x768.png 768w, https:\/\/www.24gliwice.pl\/wiadomosci\/wp-content\/uploads\/2022\/10\/punk-generation-810x810.png 810w\" sizes=\"auto, (max-width: 1080px) 100vw, 1080px\" \/><\/a><\/p>\n<p>Po koncercie after party w wykonaniu DJ TERROR-a. Organizatorem przez Stowarzyszenie GTW przy wsparciu CK Victoria w Gliwicach.<\/p>\n<p><iframe loading=\"lazy\" width=\"810\" height=\"455\" src=\"https:\/\/www.youtube.com\/embed\/H5Bu0KWr0oM\" title=\"YouTube video player\" frameborder=\"0\" allow=\"accelerometer; autoplay; clipboard-write; encrypted-media; gyroscope; picture-in-picture\" allowfullscreen><\/iframe><\/p>\n<p>22.10.2022 (sobota) Gliwice, CKS Mrowisko, Klub Spirala, ul. Pszczy\u0144ska 85<\/p>\n<p>Otwarcie klubu 17:30, start 18:30<br \/>\nBilety w przedsprzeda\u017cy 60,00 z\u0142,<\/p>\n<ul>\n<li>Stacjonarnie<\/li>\n<p>&#8211; Kasa @CKS Mrowisko ul. Pszczy\u0144ska 85.<br \/>\n&#8211; Salony EMPiK.<\/p>\n<ul>\n<li>Internetowo:<\/li>\n<\/ul>\n<p>&#8211; <a href=\"https:\/\/goingapp.pl\/...\/punk-generation...\/pazdziernik-2021\" rel=\"noopener\" target=\"_blank\">https:\/\/goingapp.pl\/&#8230;\/punk-generation&#8230;\/pazdziernik-2021<\/a><br \/>\n&#8211; <a href=\"https:\/\/empikbilety.pl\/...\/punk...\/pazdziernik-2021\" rel=\"noopener\" target=\"_blank\">https:\/\/empikbilety.pl\/&#8230;\/punk&#8230;\/pazdziernik-2021<\/a><\/ul>\n<p>W dniu koncertu cena wej\u015bci\u00f3wki &#8211; 70,00 z\u0142. <\/p>\n<p><a href=\"https:\/\/www.facebook.com\/events\/776624616721225\" rel=\"noopener\" target=\"_blank\">Wydarzenie w serwisie facebook.com znajduje si\u0119 tutaj.<\/a> <\/p>\n<p>(mat. organizatora)<\/p>\n<div class=\"gliwi-a5-na-koncu-artykulow gliwi-entity-placement\" id=\"gliwi-1150291473\"><div class=\"gliwi-adlabel\"><span style=\"font-size: 9px\">REKLAMA<\/span><\/div><div id=\"gliwi-1760293296\" style=\"margin-left: auto;margin-right: auto;text-align: center;\"><a data-no-instant=\"1\" href=\"https:\/\/prezeroarenagliwice.pl\/\" rel=\"noopener\" class=\"a2t-link\" target=\"_blank\" aria-label=\"20260309-PREZERO-WIOSNA-D\"><img loading=\"lazy\" decoding=\"async\" src=\"https:\/\/www.24gliwice.pl\/wiadomosci\/wp-content\/uploads\/2026\/03\/20260309-PREZERO-WIOSNA-D.webp\" alt=\"\"  srcset=\"https:\/\/www.24gliwice.pl\/wiadomosci\/wp-content\/uploads\/2026\/03\/20260309-PREZERO-WIOSNA-D.webp 750w, https:\/\/www.24gliwice.pl\/wiadomosci\/wp-content\/uploads\/2026\/03\/20260309-PREZERO-WIOSNA-D-410x109.webp 410w\" sizes=\"(max-width: 750px) 100vw, 750px\" class=\"no-lazyload\" width=\"750\" height=\"200\"  style=\"display: inline-block; max-width: 100%; height: auto;\" \/><\/a><\/div><\/div>","protected":false},"excerpt":{"rendered":"<p>Punk Generation 2022. Przed nami kolejna edycja tego wyj\u0105tkowego wydarzenia, kt\u00f3re zgromadzi na jednej scenie grono artyst\u00f3w niekoniecznie znanych z popularnych rozg\u0142o\u015bni radiowych. Kto wyst\u0105pi w tym roku? &nbsp; B\u0119dzie to si\u00f3dma edycja festiwalu (w 2020 nie odby\u0142 si\u0119 z powodu obostrze\u0144 zwi\u0105zanych z COVID-19), kt\u00f3ry na sta\u0142e zago\u015bci\u0142 na gliwickiej scenie muzycznej. Tegoroczna ods\u0142ona [&hellip;]<\/p>\n","protected":false},"author":15,"featured_media":194800,"comment_status":"open","ping_status":"closed","sticky":false,"template":"","format":"standard","meta":{"_monsterinsights_skip_tracking":false,"_monsterinsights_sitenote_active":false,"_monsterinsights_sitenote_note":"","_monsterinsights_sitenote_category":0,"footnotes":"","_links_to":"","_links_to_target":""},"categories":[3,6,1],"tags":[10249,20182],"class_list":["post-201660","post","type-post","status-publish","format-standard","has-post-thumbnail","hentry","category-gliwice","category-kultura","category-wszystko","tag-cks-mrowisko","tag-punk-generation"],"yoast_head":"<!-- This site is optimized with the Yoast SEO plugin v27.4 - https:\/\/yoast.com\/product\/yoast-seo-wordpress\/ -->\n<title>Przed nami PUNK GENERATION 2022. Siedem zespo\u0142\u00f3w na si\u00f3dm\u0105 edycj\u0119 festiwalu. Bilety s\u0105 ju\u017c w sprzeda\u017cy - 24GLIWICE - Portal Gliwice | codziennie nowe informacje<\/title>\n<meta name=\"robots\" content=\"index, follow, max-snippet:-1, max-image-preview:large, max-video-preview:-1\" \/>\n<link rel=\"canonical\" href=\"https:\/\/www.24gliwice.pl\/wiadomosci\/przed-nami-punk-generation-2022-siedem-zespolow-na-siodma-edycje-festiwalu-bilety-sa-juz-w-sprzedazy\/\" \/>\n<meta property=\"og:locale\" content=\"pl_PL\" \/>\n<meta property=\"og:type\" content=\"article\" \/>\n<meta property=\"og:title\" content=\"Przed nami PUNK GENERATION 2022. Siedem zespo\u0142\u00f3w na si\u00f3dm\u0105 edycj\u0119 festiwalu. Bilety s\u0105 ju\u017c w sprzeda\u017cy - 24GLIWICE - Portal Gliwice | codziennie nowe informacje\" \/>\n<meta property=\"og:description\" content=\"Punk Generation 2022. Przed nami kolejna edycja tego wyj\u0105tkowego wydarzenia, kt\u00f3re zgromadzi na jednej scenie grono artyst\u00f3w niekoniecznie znanych z popularnych rozg\u0142o\u015bni radiowych. Kto wyst\u0105pi w tym roku? &nbsp; B\u0119dzie to si\u00f3dma edycja festiwalu (w 2020 nie odby\u0142 si\u0119 z powodu obostrze\u0144 zwi\u0105zanych z COVID-19), kt\u00f3ry na sta\u0142e zago\u015bci\u0142 na gliwickiej scenie muzycznej. Tegoroczna ods\u0142ona [&hellip;]\" \/>\n<meta property=\"og:url\" content=\"https:\/\/www.24gliwice.pl\/wiadomosci\/przed-nami-punk-generation-2022-siedem-zespolow-na-siodma-edycje-festiwalu-bilety-sa-juz-w-sprzedazy\/\" \/>\n<meta property=\"og:site_name\" content=\"24GLIWICE - Portal Gliwice | codziennie nowe informacje\" \/>\n<meta property=\"article:publisher\" content=\"https:\/\/www.facebook.com\/24gliwice\" \/>\n<meta property=\"article:published_time\" content=\"2022-10-17T04:00:01+00:00\" \/>\n<meta property=\"og:image\" content=\"https:\/\/www.24gliwice.pl\/wiadomosci\/wp-content\/uploads\/2022\/06\/koncert-px.jpg\" \/>\n\t<meta property=\"og:image:width\" content=\"811\" \/>\n\t<meta property=\"og:image:height\" content=\"433\" \/>\n\t<meta property=\"og:image:type\" content=\"image\/jpeg\" \/>\n<meta name=\"author\" content=\"\u017baneta Mrozek-Siewierska\" \/>\n<meta name=\"twitter:card\" content=\"summary_large_image\" \/>\n<meta name=\"twitter:creator\" content=\"@24gliwice\" \/>\n<meta name=\"twitter:site\" content=\"@24gliwice\" \/>\n<meta name=\"twitter:label1\" content=\"Napisane przez\" \/>\n\t<meta name=\"twitter:data1\" content=\"\u017baneta Mrozek-Siewierska\" \/>\n\t<meta name=\"twitter:label2\" content=\"Szacowany czas czytania\" \/>\n\t<meta name=\"twitter:data2\" content=\"1 minuta\" \/>\n<script type=\"application\/ld+json\" class=\"yoast-schema-graph\">{\"@context\":\"https:\\\/\\\/schema.org\",\"@graph\":[{\"@type\":\"Article\",\"@id\":\"https:\\\/\\\/www.24gliwice.pl\\\/wiadomosci\\\/przed-nami-punk-generation-2022-siedem-zespolow-na-siodma-edycje-festiwalu-bilety-sa-juz-w-sprzedazy\\\/#article\",\"isPartOf\":{\"@id\":\"https:\\\/\\\/www.24gliwice.pl\\\/wiadomosci\\\/przed-nami-punk-generation-2022-siedem-zespolow-na-siodma-edycje-festiwalu-bilety-sa-juz-w-sprzedazy\\\/\"},\"author\":{\"name\":\"\u017baneta Mrozek-Siewierska\",\"@id\":\"https:\\\/\\\/www.24gliwice.pl\\\/wiadomosci\\\/#\\\/schema\\\/person\\\/e42c650edd7f2fa332be3811fb166b6e\"},\"headline\":\"Przed nami PUNK GENERATION 2022. Siedem zespo\u0142\u00f3w na si\u00f3dm\u0105 edycj\u0119 festiwalu. Bilety s\u0105 ju\u017c w sprzeda\u017cy\",\"datePublished\":\"2022-10-17T04:00:01+00:00\",\"mainEntityOfPage\":{\"@id\":\"https:\\\/\\\/www.24gliwice.pl\\\/wiadomosci\\\/przed-nami-punk-generation-2022-siedem-zespolow-na-siodma-edycje-festiwalu-bilety-sa-juz-w-sprzedazy\\\/\"},\"wordCount\":288,\"commentCount\":0,\"publisher\":{\"@id\":\"https:\\\/\\\/www.24gliwice.pl\\\/wiadomosci\\\/#organization\"},\"image\":{\"@id\":\"https:\\\/\\\/www.24gliwice.pl\\\/wiadomosci\\\/przed-nami-punk-generation-2022-siedem-zespolow-na-siodma-edycje-festiwalu-bilety-sa-juz-w-sprzedazy\\\/#primaryimage\"},\"thumbnailUrl\":\"https:\\\/\\\/www.24gliwice.pl\\\/wiadomosci\\\/wp-content\\\/uploads\\\/2022\\\/06\\\/koncert-px.jpg\",\"keywords\":[\"CKS MROWISKO\",\"punk generation\"],\"articleSection\":[\"Gliwice\",\"Kultura, wydarzenia, imprezy\",\"Najnowsze wiadomo\u015bci\"],\"inLanguage\":\"pl-PL\",\"potentialAction\":[{\"@type\":\"CommentAction\",\"name\":\"Comment\",\"target\":[\"https:\\\/\\\/www.24gliwice.pl\\\/wiadomosci\\\/przed-nami-punk-generation-2022-siedem-zespolow-na-siodma-edycje-festiwalu-bilety-sa-juz-w-sprzedazy\\\/#respond\"]}]},{\"@type\":\"WebPage\",\"@id\":\"https:\\\/\\\/www.24gliwice.pl\\\/wiadomosci\\\/przed-nami-punk-generation-2022-siedem-zespolow-na-siodma-edycje-festiwalu-bilety-sa-juz-w-sprzedazy\\\/\",\"url\":\"https:\\\/\\\/www.24gliwice.pl\\\/wiadomosci\\\/przed-nami-punk-generation-2022-siedem-zespolow-na-siodma-edycje-festiwalu-bilety-sa-juz-w-sprzedazy\\\/\",\"name\":\"Przed nami PUNK GENERATION 2022. Siedem zespo\u0142\u00f3w na si\u00f3dm\u0105 edycj\u0119 festiwalu. Bilety s\u0105 ju\u017c w sprzeda\u017cy - 24GLIWICE - Portal Gliwice | codziennie nowe informacje\",\"isPartOf\":{\"@id\":\"https:\\\/\\\/www.24gliwice.pl\\\/wiadomosci\\\/#website\"},\"primaryImageOfPage\":{\"@id\":\"https:\\\/\\\/www.24gliwice.pl\\\/wiadomosci\\\/przed-nami-punk-generation-2022-siedem-zespolow-na-siodma-edycje-festiwalu-bilety-sa-juz-w-sprzedazy\\\/#primaryimage\"},\"image\":{\"@id\":\"https:\\\/\\\/www.24gliwice.pl\\\/wiadomosci\\\/przed-nami-punk-generation-2022-siedem-zespolow-na-siodma-edycje-festiwalu-bilety-sa-juz-w-sprzedazy\\\/#primaryimage\"},\"thumbnailUrl\":\"https:\\\/\\\/www.24gliwice.pl\\\/wiadomosci\\\/wp-content\\\/uploads\\\/2022\\\/06\\\/koncert-px.jpg\",\"datePublished\":\"2022-10-17T04:00:01+00:00\",\"breadcrumb\":{\"@id\":\"https:\\\/\\\/www.24gliwice.pl\\\/wiadomosci\\\/przed-nami-punk-generation-2022-siedem-zespolow-na-siodma-edycje-festiwalu-bilety-sa-juz-w-sprzedazy\\\/#breadcrumb\"},\"inLanguage\":\"pl-PL\",\"potentialAction\":[{\"@type\":\"ReadAction\",\"target\":[\"https:\\\/\\\/www.24gliwice.pl\\\/wiadomosci\\\/przed-nami-punk-generation-2022-siedem-zespolow-na-siodma-edycje-festiwalu-bilety-sa-juz-w-sprzedazy\\\/\"]}]},{\"@type\":\"ImageObject\",\"inLanguage\":\"pl-PL\",\"@id\":\"https:\\\/\\\/www.24gliwice.pl\\\/wiadomosci\\\/przed-nami-punk-generation-2022-siedem-zespolow-na-siodma-edycje-festiwalu-bilety-sa-juz-w-sprzedazy\\\/#primaryimage\",\"url\":\"https:\\\/\\\/www.24gliwice.pl\\\/wiadomosci\\\/wp-content\\\/uploads\\\/2022\\\/06\\\/koncert-px.jpg\",\"contentUrl\":\"https:\\\/\\\/www.24gliwice.pl\\\/wiadomosci\\\/wp-content\\\/uploads\\\/2022\\\/06\\\/koncert-px.jpg\",\"width\":811,\"height\":433,\"caption\":\"fot. pogl\u0105dowe \\\/px\"},{\"@type\":\"BreadcrumbList\",\"@id\":\"https:\\\/\\\/www.24gliwice.pl\\\/wiadomosci\\\/przed-nami-punk-generation-2022-siedem-zespolow-na-siodma-edycje-festiwalu-bilety-sa-juz-w-sprzedazy\\\/#breadcrumb\",\"itemListElement\":[{\"@type\":\"ListItem\",\"position\":1,\"name\":\"Strona g\u0142\u00f3wna\",\"item\":\"https:\\\/\\\/www.24gliwice.pl\\\/wiadomosci\\\/\"},{\"@type\":\"ListItem\",\"position\":2,\"name\":\"Przed nami PUNK GENERATION 2022. Siedem zespo\u0142\u00f3w na si\u00f3dm\u0105 edycj\u0119 festiwalu. Bilety s\u0105 ju\u017c w sprzeda\u017cy\"}]},{\"@type\":\"WebSite\",\"@id\":\"https:\\\/\\\/www.24gliwice.pl\\\/wiadomosci\\\/#website\",\"url\":\"https:\\\/\\\/www.24gliwice.pl\\\/wiadomosci\\\/\",\"name\":\"24GLIWICE - Portal Gliwice | codziennie nowe wiadomo\u015bci\",\"description\":\"Portal Miejski Gliwice\",\"publisher\":{\"@id\":\"https:\\\/\\\/www.24gliwice.pl\\\/wiadomosci\\\/#organization\"},\"potentialAction\":[{\"@type\":\"SearchAction\",\"target\":{\"@type\":\"EntryPoint\",\"urlTemplate\":\"https:\\\/\\\/www.24gliwice.pl\\\/wiadomosci\\\/?s={search_term_string}\"},\"query-input\":{\"@type\":\"PropertyValueSpecification\",\"valueRequired\":true,\"valueName\":\"search_term_string\"}}],\"inLanguage\":\"pl-PL\"},{\"@type\":\"Organization\",\"@id\":\"https:\\\/\\\/www.24gliwice.pl\\\/wiadomosci\\\/#organization\",\"name\":\"24gliwice\",\"url\":\"https:\\\/\\\/www.24gliwice.pl\\\/wiadomosci\\\/\",\"logo\":{\"@type\":\"ImageObject\",\"inLanguage\":\"pl-PL\",\"@id\":\"https:\\\/\\\/www.24gliwice.pl\\\/wiadomosci\\\/#\\\/schema\\\/logo\\\/image\\\/\",\"url\":\"https:\\\/\\\/www.24gliwice.pl\\\/wiadomosci\\\/wp-content\\\/uploads\\\/2024\\\/10\\\/24gliwice-logo-696.jpg\",\"contentUrl\":\"https:\\\/\\\/www.24gliwice.pl\\\/wiadomosci\\\/wp-content\\\/uploads\\\/2024\\\/10\\\/24gliwice-logo-696.jpg\",\"width\":696,\"height\":696,\"caption\":\"24gliwice\"},\"image\":{\"@id\":\"https:\\\/\\\/www.24gliwice.pl\\\/wiadomosci\\\/#\\\/schema\\\/logo\\\/image\\\/\"},\"sameAs\":[\"https:\\\/\\\/www.facebook.com\\\/24gliwice\",\"https:\\\/\\\/x.com\\\/24gliwice\",\"https:\\\/\\\/www.youtube.com\\\/@24gliwice\"]},{\"@type\":\"Person\",\"@id\":\"https:\\\/\\\/www.24gliwice.pl\\\/wiadomosci\\\/#\\\/schema\\\/person\\\/e42c650edd7f2fa332be3811fb166b6e\",\"name\":\"\u017baneta Mrozek-Siewierska\",\"image\":{\"@type\":\"ImageObject\",\"inLanguage\":\"pl-PL\",\"@id\":\"https:\\\/\\\/www.24gliwice.pl\\\/wiadomosci\\\/wp-content\\\/uploads\\\/2021\\\/11\\\/Zaneta-M_S-zdjecie-czb-96x96.jpg\",\"url\":\"https:\\\/\\\/www.24gliwice.pl\\\/wiadomosci\\\/wp-content\\\/uploads\\\/2021\\\/11\\\/Zaneta-M_S-zdjecie-czb-96x96.jpg\",\"contentUrl\":\"https:\\\/\\\/www.24gliwice.pl\\\/wiadomosci\\\/wp-content\\\/uploads\\\/2021\\\/11\\\/Zaneta-M_S-zdjecie-czb-96x96.jpg\",\"caption\":\"\u017baneta Mrozek-Siewierska\"},\"url\":\"https:\\\/\\\/www.24gliwice.pl\\\/wiadomosci\\\/author\\\/zms\\\/\"}]}<\/script>\n<!-- \/ Yoast SEO plugin. -->","yoast_head_json":{"title":"Przed nami PUNK GENERATION 2022. Siedem zespo\u0142\u00f3w na si\u00f3dm\u0105 edycj\u0119 festiwalu. Bilety s\u0105 ju\u017c w sprzeda\u017cy - 24GLIWICE - Portal Gliwice | codziennie nowe informacje","robots":{"index":"index","follow":"follow","max-snippet":"max-snippet:-1","max-image-preview":"max-image-preview:large","max-video-preview":"max-video-preview:-1"},"canonical":"https:\/\/www.24gliwice.pl\/wiadomosci\/przed-nami-punk-generation-2022-siedem-zespolow-na-siodma-edycje-festiwalu-bilety-sa-juz-w-sprzedazy\/","og_locale":"pl_PL","og_type":"article","og_title":"Przed nami PUNK GENERATION 2022. Siedem zespo\u0142\u00f3w na si\u00f3dm\u0105 edycj\u0119 festiwalu. Bilety s\u0105 ju\u017c w sprzeda\u017cy - 24GLIWICE - Portal Gliwice | codziennie nowe informacje","og_description":"Punk Generation 2022. Przed nami kolejna edycja tego wyj\u0105tkowego wydarzenia, kt\u00f3re zgromadzi na jednej scenie grono artyst\u00f3w niekoniecznie znanych z popularnych rozg\u0142o\u015bni radiowych. Kto wyst\u0105pi w tym roku? &nbsp; B\u0119dzie to si\u00f3dma edycja festiwalu (w 2020 nie odby\u0142 si\u0119 z powodu obostrze\u0144 zwi\u0105zanych z COVID-19), kt\u00f3ry na sta\u0142e zago\u015bci\u0142 na gliwickiej scenie muzycznej. Tegoroczna ods\u0142ona [&hellip;]","og_url":"https:\/\/www.24gliwice.pl\/wiadomosci\/przed-nami-punk-generation-2022-siedem-zespolow-na-siodma-edycje-festiwalu-bilety-sa-juz-w-sprzedazy\/","og_site_name":"24GLIWICE - Portal Gliwice | codziennie nowe informacje","article_publisher":"https:\/\/www.facebook.com\/24gliwice","article_published_time":"2022-10-17T04:00:01+00:00","og_image":[{"width":811,"height":433,"url":"https:\/\/www.24gliwice.pl\/wiadomosci\/wp-content\/uploads\/2022\/06\/koncert-px.jpg","type":"image\/jpeg"}],"author":"\u017baneta Mrozek-Siewierska","twitter_card":"summary_large_image","twitter_creator":"@24gliwice","twitter_site":"@24gliwice","twitter_misc":{"Napisane przez":"\u017baneta Mrozek-Siewierska","Szacowany czas czytania":"1 minuta"},"schema":{"@context":"https:\/\/schema.org","@graph":[{"@type":"Article","@id":"https:\/\/www.24gliwice.pl\/wiadomosci\/przed-nami-punk-generation-2022-siedem-zespolow-na-siodma-edycje-festiwalu-bilety-sa-juz-w-sprzedazy\/#article","isPartOf":{"@id":"https:\/\/www.24gliwice.pl\/wiadomosci\/przed-nami-punk-generation-2022-siedem-zespolow-na-siodma-edycje-festiwalu-bilety-sa-juz-w-sprzedazy\/"},"author":{"name":"\u017baneta Mrozek-Siewierska","@id":"https:\/\/www.24gliwice.pl\/wiadomosci\/#\/schema\/person\/e42c650edd7f2fa332be3811fb166b6e"},"headline":"Przed nami PUNK GENERATION 2022. Siedem zespo\u0142\u00f3w na si\u00f3dm\u0105 edycj\u0119 festiwalu. Bilety s\u0105 ju\u017c w sprzeda\u017cy","datePublished":"2022-10-17T04:00:01+00:00","mainEntityOfPage":{"@id":"https:\/\/www.24gliwice.pl\/wiadomosci\/przed-nami-punk-generation-2022-siedem-zespolow-na-siodma-edycje-festiwalu-bilety-sa-juz-w-sprzedazy\/"},"wordCount":288,"commentCount":0,"publisher":{"@id":"https:\/\/www.24gliwice.pl\/wiadomosci\/#organization"},"image":{"@id":"https:\/\/www.24gliwice.pl\/wiadomosci\/przed-nami-punk-generation-2022-siedem-zespolow-na-siodma-edycje-festiwalu-bilety-sa-juz-w-sprzedazy\/#primaryimage"},"thumbnailUrl":"https:\/\/www.24gliwice.pl\/wiadomosci\/wp-content\/uploads\/2022\/06\/koncert-px.jpg","keywords":["CKS MROWISKO","punk generation"],"articleSection":["Gliwice","Kultura, wydarzenia, imprezy","Najnowsze wiadomo\u015bci"],"inLanguage":"pl-PL","potentialAction":[{"@type":"CommentAction","name":"Comment","target":["https:\/\/www.24gliwice.pl\/wiadomosci\/przed-nami-punk-generation-2022-siedem-zespolow-na-siodma-edycje-festiwalu-bilety-sa-juz-w-sprzedazy\/#respond"]}]},{"@type":"WebPage","@id":"https:\/\/www.24gliwice.pl\/wiadomosci\/przed-nami-punk-generation-2022-siedem-zespolow-na-siodma-edycje-festiwalu-bilety-sa-juz-w-sprzedazy\/","url":"https:\/\/www.24gliwice.pl\/wiadomosci\/przed-nami-punk-generation-2022-siedem-zespolow-na-siodma-edycje-festiwalu-bilety-sa-juz-w-sprzedazy\/","name":"Przed nami PUNK GENERATION 2022. Siedem zespo\u0142\u00f3w na si\u00f3dm\u0105 edycj\u0119 festiwalu. Bilety s\u0105 ju\u017c w sprzeda\u017cy - 24GLIWICE - Portal Gliwice | codziennie nowe informacje","isPartOf":{"@id":"https:\/\/www.24gliwice.pl\/wiadomosci\/#website"},"primaryImageOfPage":{"@id":"https:\/\/www.24gliwice.pl\/wiadomosci\/przed-nami-punk-generation-2022-siedem-zespolow-na-siodma-edycje-festiwalu-bilety-sa-juz-w-sprzedazy\/#primaryimage"},"image":{"@id":"https:\/\/www.24gliwice.pl\/wiadomosci\/przed-nami-punk-generation-2022-siedem-zespolow-na-siodma-edycje-festiwalu-bilety-sa-juz-w-sprzedazy\/#primaryimage"},"thumbnailUrl":"https:\/\/www.24gliwice.pl\/wiadomosci\/wp-content\/uploads\/2022\/06\/koncert-px.jpg","datePublished":"2022-10-17T04:00:01+00:00","breadcrumb":{"@id":"https:\/\/www.24gliwice.pl\/wiadomosci\/przed-nami-punk-generation-2022-siedem-zespolow-na-siodma-edycje-festiwalu-bilety-sa-juz-w-sprzedazy\/#breadcrumb"},"inLanguage":"pl-PL","potentialAction":[{"@type":"ReadAction","target":["https:\/\/www.24gliwice.pl\/wiadomosci\/przed-nami-punk-generation-2022-siedem-zespolow-na-siodma-edycje-festiwalu-bilety-sa-juz-w-sprzedazy\/"]}]},{"@type":"ImageObject","inLanguage":"pl-PL","@id":"https:\/\/www.24gliwice.pl\/wiadomosci\/przed-nami-punk-generation-2022-siedem-zespolow-na-siodma-edycje-festiwalu-bilety-sa-juz-w-sprzedazy\/#primaryimage","url":"https:\/\/www.24gliwice.pl\/wiadomosci\/wp-content\/uploads\/2022\/06\/koncert-px.jpg","contentUrl":"https:\/\/www.24gliwice.pl\/wiadomosci\/wp-content\/uploads\/2022\/06\/koncert-px.jpg","width":811,"height":433,"caption":"fot. pogl\u0105dowe \/px"},{"@type":"BreadcrumbList","@id":"https:\/\/www.24gliwice.pl\/wiadomosci\/przed-nami-punk-generation-2022-siedem-zespolow-na-siodma-edycje-festiwalu-bilety-sa-juz-w-sprzedazy\/#breadcrumb","itemListElement":[{"@type":"ListItem","position":1,"name":"Strona g\u0142\u00f3wna","item":"https:\/\/www.24gliwice.pl\/wiadomosci\/"},{"@type":"ListItem","position":2,"name":"Przed nami PUNK GENERATION 2022. Siedem zespo\u0142\u00f3w na si\u00f3dm\u0105 edycj\u0119 festiwalu. Bilety s\u0105 ju\u017c w sprzeda\u017cy"}]},{"@type":"WebSite","@id":"https:\/\/www.24gliwice.pl\/wiadomosci\/#website","url":"https:\/\/www.24gliwice.pl\/wiadomosci\/","name":"24GLIWICE - Portal Gliwice | codziennie nowe wiadomo\u015bci","description":"Portal Miejski Gliwice","publisher":{"@id":"https:\/\/www.24gliwice.pl\/wiadomosci\/#organization"},"potentialAction":[{"@type":"SearchAction","target":{"@type":"EntryPoint","urlTemplate":"https:\/\/www.24gliwice.pl\/wiadomosci\/?s={search_term_string}"},"query-input":{"@type":"PropertyValueSpecification","valueRequired":true,"valueName":"search_term_string"}}],"inLanguage":"pl-PL"},{"@type":"Organization","@id":"https:\/\/www.24gliwice.pl\/wiadomosci\/#organization","name":"24gliwice","url":"https:\/\/www.24gliwice.pl\/wiadomosci\/","logo":{"@type":"ImageObject","inLanguage":"pl-PL","@id":"https:\/\/www.24gliwice.pl\/wiadomosci\/#\/schema\/logo\/image\/","url":"https:\/\/www.24gliwice.pl\/wiadomosci\/wp-content\/uploads\/2024\/10\/24gliwice-logo-696.jpg","contentUrl":"https:\/\/www.24gliwice.pl\/wiadomosci\/wp-content\/uploads\/2024\/10\/24gliwice-logo-696.jpg","width":696,"height":696,"caption":"24gliwice"},"image":{"@id":"https:\/\/www.24gliwice.pl\/wiadomosci\/#\/schema\/logo\/image\/"},"sameAs":["https:\/\/www.facebook.com\/24gliwice","https:\/\/x.com\/24gliwice","https:\/\/www.youtube.com\/@24gliwice"]},{"@type":"Person","@id":"https:\/\/www.24gliwice.pl\/wiadomosci\/#\/schema\/person\/e42c650edd7f2fa332be3811fb166b6e","name":"\u017baneta Mrozek-Siewierska","image":{"@type":"ImageObject","inLanguage":"pl-PL","@id":"https:\/\/www.24gliwice.pl\/wiadomosci\/wp-content\/uploads\/2021\/11\/Zaneta-M_S-zdjecie-czb-96x96.jpg","url":"https:\/\/www.24gliwice.pl\/wiadomosci\/wp-content\/uploads\/2021\/11\/Zaneta-M_S-zdjecie-czb-96x96.jpg","contentUrl":"https:\/\/www.24gliwice.pl\/wiadomosci\/wp-content\/uploads\/2021\/11\/Zaneta-M_S-zdjecie-czb-96x96.jpg","caption":"\u017baneta Mrozek-Siewierska"},"url":"https:\/\/www.24gliwice.pl\/wiadomosci\/author\/zms\/"}]}},"_links":{"self":[{"href":"https:\/\/www.24gliwice.pl\/wiadomosci\/wp-json\/wp\/v2\/posts\/201660","targetHints":{"allow":["GET"]}}],"collection":[{"href":"https:\/\/www.24gliwice.pl\/wiadomosci\/wp-json\/wp\/v2\/posts"}],"about":[{"href":"https:\/\/www.24gliwice.pl\/wiadomosci\/wp-json\/wp\/v2\/types\/post"}],"author":[{"embeddable":true,"href":"https:\/\/www.24gliwice.pl\/wiadomosci\/wp-json\/wp\/v2\/users\/15"}],"replies":[{"embeddable":true,"href":"https:\/\/www.24gliwice.pl\/wiadomosci\/wp-json\/wp\/v2\/comments?post=201660"}],"version-history":[{"count":9,"href":"https:\/\/www.24gliwice.pl\/wiadomosci\/wp-json\/wp\/v2\/posts\/201660\/revisions"}],"predecessor-version":[{"id":201825,"href":"https:\/\/www.24gliwice.pl\/wiadomosci\/wp-json\/wp\/v2\/posts\/201660\/revisions\/201825"}],"wp:featuredmedia":[{"embeddable":true,"href":"https:\/\/www.24gliwice.pl\/wiadomosci\/wp-json\/wp\/v2\/media\/194800"}],"wp:attachment":[{"href":"https:\/\/www.24gliwice.pl\/wiadomosci\/wp-json\/wp\/v2\/media?parent=201660"}],"wp:term":[{"taxonomy":"category","embeddable":true,"href":"https:\/\/www.24gliwice.pl\/wiadomosci\/wp-json\/wp\/v2\/categories?post=201660"},{"taxonomy":"post_tag","embeddable":true,"href":"https:\/\/www.24gliwice.pl\/wiadomosci\/wp-json\/wp\/v2\/tags?post=201660"}],"curies":[{"name":"wp","href":"https:\/\/api.w.org\/{rel}","templated":true}]}}