{"id":201745,"date":"2022-10-15T00:01:30","date_gmt":"2022-10-14T22:01:30","guid":{"rendered":"https:\/\/www.24gliwice.pl\/wiadomosci\/?p=201745"},"modified":"2022-10-14T17:41:22","modified_gmt":"2022-10-14T15:41:22","slug":"to-ostatnia-w-tym-roku-okazja-by-pozbyc-sie-zbednych-rzeczy-podczas-wyprzedazy-garazowej","status":"publish","type":"post","link":"https:\/\/www.24gliwice.pl\/wiadomosci\/to-ostatnia-w-tym-roku-okazja-by-pozbyc-sie-zbednych-rzeczy-podczas-wyprzedazy-garazowej\/","title":{"rendered":"To ostatnia w tym roku okazja, by pozby\u0107 si\u0119 zb\u0119dnych rzeczy podczas wyprzeda\u017cy gara\u017cowej"},"content":{"rendered":"<div class=\"gliwi-a6-nad-leadem-artykulow gliwi-entity-placement\" id=\"gliwi-3088269458\"><div class=\"gliwi-adlabel\"><span style=\"font-size: 9px\">REKLAMA<\/span><\/div><div id=\"gliwi-4001819896\" style=\"margin-bottom: 30px;margin-left: auto;margin-right: auto;text-align: center;\"><a data-no-instant=\"1\" href=\"https:\/\/przedszkole.halogen.org.pl\/\" rel=\"noopener\" class=\"a2t-link\" target=\"_blank\" aria-label=\"20260402-ANIMATOR-przedszkole_grafika_750x200\"><img loading=\"lazy\" decoding=\"async\" src=\"https:\/\/www.24gliwice.pl\/wiadomosci\/wp-content\/uploads\/2026\/04\/20260402-ANIMATOR-przedszkole_grafika_750x200.webp\" alt=\"\"  srcset=\"https:\/\/www.24gliwice.pl\/wiadomosci\/wp-content\/uploads\/2026\/04\/20260402-ANIMATOR-przedszkole_grafika_750x200.webp 750w, https:\/\/www.24gliwice.pl\/wiadomosci\/wp-content\/uploads\/2026\/04\/20260402-ANIMATOR-przedszkole_grafika_750x200-410x109.webp 410w\" sizes=\"(max-width: 750px) 100vw, 750px\" class=\"no-lazyload\" width=\"750\" height=\"200\"  style=\"display: inline-block; max-width: 100%; height: auto;\" \/><\/a><\/div><\/div><h2>Ostatnia tegoroczna wyprzeda\u017c gara\u017cowa odb\u0119dzie si\u0119 na placu Krakowskim w najbli\u017csz\u0105 niedziel\u0119, 16 pa\u017adziernika. Op\u0142ata za wystawienie stoiska to tylko 1 z\u0142.<\/h2>\n<p>&nbsp;<br \/>\nWydarzenie cyklicznie, w ka\u017cd\u0105 trzeci\u0105 niedziel\u0119 miesi\u0105ca, organizuje Rada Dzielnicy \u015ar\u00f3dmie\u015bcie. Cieszy si\u0119 ono sporym zainteresowaniem.<\/p>\n<p><iframe loading=\"lazy\" src=\"https:\/\/www.facebook.com\/plugins\/post.php?href=https%3A%2F%2Fwww.facebook.com%2FSrodmiescieGliwice%2Fposts%2Fpfbid0pAJoAuXCZfA8ScLHUVWXkRBFg1voShPhBFtquaMc3g791EU3KWV7cbNJFwUbukoXl&#038;show_text=true&#038;width=500\" width=\"500\" height=\"590\" style=\"border:none;overflow:hidden\" scrolling=\"no\" frameborder=\"0\" allowfullscreen=\"true\" allow=\"autoplay; clipboard-write; encrypted-media; picture-in-picture; web-share\"><\/iframe><\/p>\n<p>W tym tygodniu odb\u0119dzie si\u0119 ostatnia w tym roku wyprzeda\u017c gara\u017cowa. 16 pa\u017adziernika mo\u017cna wystawia\u0107 swoje stanowiska ju\u017c od godziny 8:00, zako\u0144czenie za\u015b przewidziano na godzin\u0119 13:00. Kolejna edycja rozpocznie si\u0119 najprawdopodobniej wiosn\u0105 przysz\u0142ego roku.<\/p><div class=\"gliwi-a3-w-tresci-artykulow gliwi-entity-placement\" id=\"gliwi-800469604\"><div class=\"gliwi-adlabel\"><span style=\"font-size: 9px\">REKLAMA<\/span><\/div><div id=\"gliwi-73050705\" style=\"margin-bottom: 30px;margin-left: auto;margin-right: auto;text-align: center;\"><a data-no-instant=\"1\" href=\"https:\/\/zlobek.halogen.org.pl\/\" rel=\"noopener\" class=\"a2t-link\" target=\"_blank\" aria-label=\"animator-zlobek_750x200\"><img loading=\"lazy\" decoding=\"async\" src=\"https:\/\/www.24gliwice.pl\/wiadomosci\/wp-content\/uploads\/2026\/02\/animator-zlobek_750x200.webp\" alt=\"\"  srcset=\"https:\/\/www.24gliwice.pl\/wiadomosci\/wp-content\/uploads\/2026\/02\/animator-zlobek_750x200.webp 750w, https:\/\/www.24gliwice.pl\/wiadomosci\/wp-content\/uploads\/2026\/02\/animator-zlobek_750x200-410x109.webp 410w\" sizes=\"(max-width: 750px) 100vw, 750px\" class=\"no-lazyload\" width=\"750\" height=\"200\"  style=\"display: inline-block; max-width: 100%; height: auto;\" \/><\/a><\/div><\/div>\n<p>(\u017cms)<br \/>\nfot. arch. 24gliwice.pl<\/p>\n<p><a href=\"https:\/\/www.24gliwice.pl\/wiadomosci\/wp-content\/uploads\/2022\/04\/wyprzedaz-garazowa-plakat.jpg\"><img loading=\"lazy\" decoding=\"async\" class=\"alignnone size-full wp-image-189876\" src=\"https:\/\/www.24gliwice.pl\/wiadomosci\/wp-content\/uploads\/2022\/04\/wyprzedaz-garazowa-plakat.jpg\" alt=\"\" width=\"985\" height=\"1379\" srcset=\"https:\/\/www.24gliwice.pl\/wiadomosci\/wp-content\/uploads\/2022\/04\/wyprzedaz-garazowa-plakat.jpg 985w, https:\/\/www.24gliwice.pl\/wiadomosci\/wp-content\/uploads\/2022\/04\/wyprzedaz-garazowa-plakat-166x232.jpg 166w, https:\/\/www.24gliwice.pl\/wiadomosci\/wp-content\/uploads\/2022\/04\/wyprzedaz-garazowa-plakat-325x455.jpg 325w, https:\/\/www.24gliwice.pl\/wiadomosci\/wp-content\/uploads\/2022\/04\/wyprzedaz-garazowa-plakat-768x1075.jpg 768w, https:\/\/www.24gliwice.pl\/wiadomosci\/wp-content\/uploads\/2022\/04\/wyprzedaz-garazowa-plakat-810x1134.jpg 810w\" sizes=\"auto, (max-width: 985px) 100vw, 985px\" \/><\/a><\/p>\n<div class=\"gliwi-a5-na-koncu-artykulow gliwi-entity-placement\" id=\"gliwi-1641257659\"><div class=\"gliwi-adlabel\"><span style=\"font-size: 9px\">REKLAMA<\/span><\/div><div id=\"gliwi-815666321\" style=\"margin-left: auto;margin-right: auto;text-align: center;\"><a data-no-instant=\"1\" href=\"https:\/\/prezeroarenagliwice.pl\/\" rel=\"noopener\" class=\"a2t-link\" target=\"_blank\" aria-label=\"20260309-PREZERO-WIOSNA-D\"><img loading=\"lazy\" decoding=\"async\" src=\"https:\/\/www.24gliwice.pl\/wiadomosci\/wp-content\/uploads\/2026\/03\/20260309-PREZERO-WIOSNA-D.webp\" alt=\"\"  srcset=\"https:\/\/www.24gliwice.pl\/wiadomosci\/wp-content\/uploads\/2026\/03\/20260309-PREZERO-WIOSNA-D.webp 750w, https:\/\/www.24gliwice.pl\/wiadomosci\/wp-content\/uploads\/2026\/03\/20260309-PREZERO-WIOSNA-D-410x109.webp 410w\" sizes=\"(max-width: 750px) 100vw, 750px\" class=\"no-lazyload\" width=\"750\" height=\"200\"  style=\"display: inline-block; max-width: 100%; height: auto;\" \/><\/a><\/div><\/div>","protected":false},"excerpt":{"rendered":"<p>Ostatnia tegoroczna wyprzeda\u017c gara\u017cowa odb\u0119dzie si\u0119 na placu Krakowskim w najbli\u017csz\u0105 niedziel\u0119, 16 pa\u017adziernika. Op\u0142ata za wystawienie stoiska to tylko 1 z\u0142. &nbsp; Wydarzenie cyklicznie, w ka\u017cd\u0105 trzeci\u0105 niedziel\u0119 miesi\u0105ca, organizuje Rada Dzielnicy \u015ar\u00f3dmie\u015bcie. Cieszy si\u0119 ono sporym zainteresowaniem. W tym tygodniu odb\u0119dzie si\u0119 ostatnia w tym roku wyprzeda\u017c gara\u017cowa. 16 pa\u017adziernika mo\u017cna wystawia\u0107 swoje [&hellip;]<\/p>\n","protected":false},"author":15,"featured_media":175168,"comment_status":"open","ping_status":"closed","sticky":false,"template":"","format":"standard","meta":{"_monsterinsights_skip_tracking":false,"_monsterinsights_sitenote_active":false,"_monsterinsights_sitenote_note":"","_monsterinsights_sitenote_category":0,"footnotes":"","_links_to":"","_links_to_target":""},"categories":[3,6,1],"tags":[18430,19862],"class_list":["post-201745","post","type-post","status-publish","format-standard","has-post-thumbnail","hentry","category-gliwice","category-kultura","category-wszystko","tag-rada-dzielnicy-srodmiescie","tag-wyprzedaz-garazowa-na-placu-krakowskim"],"yoast_head":"<!-- This site is optimized with the Yoast SEO plugin v27.4 - https:\/\/yoast.com\/product\/yoast-seo-wordpress\/ -->\n<title>To ostatnia w tym roku okazja, by pozby\u0107 si\u0119 zb\u0119dnych rzeczy podczas wyprzeda\u017cy gara\u017cowej - 24GLIWICE - Portal Gliwice | codziennie nowe informacje<\/title>\n<meta name=\"description\" content=\"Przed nami ostatnia tegoroczna wyprzeda\u017c gara\u017cowa. Op\u0142ata za wystawienie stoiska sprzeda\u017cowego na pl. Krakowskim wynosi 1 z\u0142\" \/>\n<meta name=\"robots\" content=\"index, follow, max-snippet:-1, max-image-preview:large, max-video-preview:-1\" \/>\n<link rel=\"canonical\" href=\"https:\/\/www.24gliwice.pl\/wiadomosci\/to-ostatnia-w-tym-roku-okazja-by-pozbyc-sie-zbednych-rzeczy-podczas-wyprzedazy-garazowej\/\" \/>\n<meta property=\"og:locale\" content=\"pl_PL\" \/>\n<meta property=\"og:type\" content=\"article\" \/>\n<meta property=\"og:title\" content=\"To ostatnia w tym roku okazja, by pozby\u0107 si\u0119 zb\u0119dnych rzeczy podczas wyprzeda\u017cy gara\u017cowej - 24GLIWICE - Portal Gliwice | codziennie nowe informacje\" \/>\n<meta property=\"og:description\" content=\"Przed nami ostatnia tegoroczna wyprzeda\u017c gara\u017cowa. Op\u0142ata za wystawienie stoiska sprzeda\u017cowego na pl. Krakowskim wynosi 1 z\u0142\" \/>\n<meta property=\"og:url\" content=\"https:\/\/www.24gliwice.pl\/wiadomosci\/to-ostatnia-w-tym-roku-okazja-by-pozbyc-sie-zbednych-rzeczy-podczas-wyprzedazy-garazowej\/\" \/>\n<meta property=\"og:site_name\" content=\"24GLIWICE - Portal Gliwice | codziennie nowe informacje\" \/>\n<meta property=\"article:publisher\" content=\"https:\/\/www.facebook.com\/24gliwice\" \/>\n<meta property=\"article:published_time\" content=\"2022-10-14T22:01:30+00:00\" \/>\n<meta property=\"og:image\" content=\"https:\/\/www.24gliwice.pl\/wiadomosci\/wp-content\/uploads\/2021\/08\/wyprzedaz-garazowa-na-placu-krakowskim-001.jpg\" \/>\n\t<meta property=\"og:image:width\" content=\"810\" \/>\n\t<meta property=\"og:image:height\" content=\"456\" \/>\n\t<meta property=\"og:image:type\" content=\"image\/jpeg\" \/>\n<meta name=\"author\" content=\"\u017baneta Mrozek-Siewierska\" \/>\n<meta name=\"twitter:card\" content=\"summary_large_image\" \/>\n<meta name=\"twitter:creator\" content=\"@24gliwice\" \/>\n<meta name=\"twitter:site\" content=\"@24gliwice\" \/>\n<meta name=\"twitter:label1\" content=\"Napisane przez\" \/>\n\t<meta name=\"twitter:data1\" content=\"\u017baneta Mrozek-Siewierska\" \/>\n\t<meta name=\"twitter:label2\" content=\"Szacowany czas czytania\" \/>\n\t<meta name=\"twitter:data2\" content=\"1 minuta\" \/>\n<script type=\"application\/ld+json\" class=\"yoast-schema-graph\">{\"@context\":\"https:\\\/\\\/schema.org\",\"@graph\":[{\"@type\":\"Article\",\"@id\":\"https:\\\/\\\/www.24gliwice.pl\\\/wiadomosci\\\/to-ostatnia-w-tym-roku-okazja-by-pozbyc-sie-zbednych-rzeczy-podczas-wyprzedazy-garazowej\\\/#article\",\"isPartOf\":{\"@id\":\"https:\\\/\\\/www.24gliwice.pl\\\/wiadomosci\\\/to-ostatnia-w-tym-roku-okazja-by-pozbyc-sie-zbednych-rzeczy-podczas-wyprzedazy-garazowej\\\/\"},\"author\":{\"name\":\"\u017baneta Mrozek-Siewierska\",\"@id\":\"https:\\\/\\\/www.24gliwice.pl\\\/wiadomosci\\\/#\\\/schema\\\/person\\\/e42c650edd7f2fa332be3811fb166b6e\"},\"headline\":\"To ostatnia w tym roku okazja, by pozby\u0107 si\u0119 zb\u0119dnych rzeczy podczas wyprzeda\u017cy gara\u017cowej\",\"datePublished\":\"2022-10-14T22:01:30+00:00\",\"mainEntityOfPage\":{\"@id\":\"https:\\\/\\\/www.24gliwice.pl\\\/wiadomosci\\\/to-ostatnia-w-tym-roku-okazja-by-pozbyc-sie-zbednych-rzeczy-podczas-wyprzedazy-garazowej\\\/\"},\"wordCount\":106,\"commentCount\":0,\"publisher\":{\"@id\":\"https:\\\/\\\/www.24gliwice.pl\\\/wiadomosci\\\/#organization\"},\"image\":{\"@id\":\"https:\\\/\\\/www.24gliwice.pl\\\/wiadomosci\\\/to-ostatnia-w-tym-roku-okazja-by-pozbyc-sie-zbednych-rzeczy-podczas-wyprzedazy-garazowej\\\/#primaryimage\"},\"thumbnailUrl\":\"https:\\\/\\\/www.24gliwice.pl\\\/wiadomosci\\\/wp-content\\\/uploads\\\/2021\\\/08\\\/wyprzedaz-garazowa-na-placu-krakowskim-001.jpg\",\"keywords\":[\"rada dzielnicy \u015br\u00f3dmie\u015bcie\",\"wyprzeda\u017c gara\u017cowa na placu krakowskim\"],\"articleSection\":[\"Gliwice\",\"Kultura, wydarzenia, imprezy\",\"Najnowsze wiadomo\u015bci\"],\"inLanguage\":\"pl-PL\",\"potentialAction\":[{\"@type\":\"CommentAction\",\"name\":\"Comment\",\"target\":[\"https:\\\/\\\/www.24gliwice.pl\\\/wiadomosci\\\/to-ostatnia-w-tym-roku-okazja-by-pozbyc-sie-zbednych-rzeczy-podczas-wyprzedazy-garazowej\\\/#respond\"]}]},{\"@type\":\"WebPage\",\"@id\":\"https:\\\/\\\/www.24gliwice.pl\\\/wiadomosci\\\/to-ostatnia-w-tym-roku-okazja-by-pozbyc-sie-zbednych-rzeczy-podczas-wyprzedazy-garazowej\\\/\",\"url\":\"https:\\\/\\\/www.24gliwice.pl\\\/wiadomosci\\\/to-ostatnia-w-tym-roku-okazja-by-pozbyc-sie-zbednych-rzeczy-podczas-wyprzedazy-garazowej\\\/\",\"name\":\"To ostatnia w tym roku okazja, by pozby\u0107 si\u0119 zb\u0119dnych rzeczy podczas wyprzeda\u017cy gara\u017cowej - 24GLIWICE - Portal Gliwice | codziennie nowe informacje\",\"isPartOf\":{\"@id\":\"https:\\\/\\\/www.24gliwice.pl\\\/wiadomosci\\\/#website\"},\"primaryImageOfPage\":{\"@id\":\"https:\\\/\\\/www.24gliwice.pl\\\/wiadomosci\\\/to-ostatnia-w-tym-roku-okazja-by-pozbyc-sie-zbednych-rzeczy-podczas-wyprzedazy-garazowej\\\/#primaryimage\"},\"image\":{\"@id\":\"https:\\\/\\\/www.24gliwice.pl\\\/wiadomosci\\\/to-ostatnia-w-tym-roku-okazja-by-pozbyc-sie-zbednych-rzeczy-podczas-wyprzedazy-garazowej\\\/#primaryimage\"},\"thumbnailUrl\":\"https:\\\/\\\/www.24gliwice.pl\\\/wiadomosci\\\/wp-content\\\/uploads\\\/2021\\\/08\\\/wyprzedaz-garazowa-na-placu-krakowskim-001.jpg\",\"datePublished\":\"2022-10-14T22:01:30+00:00\",\"description\":\"Przed nami ostatnia tegoroczna wyprzeda\u017c gara\u017cowa. Op\u0142ata za wystawienie stoiska sprzeda\u017cowego na pl. Krakowskim wynosi 1 z\u0142\",\"breadcrumb\":{\"@id\":\"https:\\\/\\\/www.24gliwice.pl\\\/wiadomosci\\\/to-ostatnia-w-tym-roku-okazja-by-pozbyc-sie-zbednych-rzeczy-podczas-wyprzedazy-garazowej\\\/#breadcrumb\"},\"inLanguage\":\"pl-PL\",\"potentialAction\":[{\"@type\":\"ReadAction\",\"target\":[\"https:\\\/\\\/www.24gliwice.pl\\\/wiadomosci\\\/to-ostatnia-w-tym-roku-okazja-by-pozbyc-sie-zbednych-rzeczy-podczas-wyprzedazy-garazowej\\\/\"]}]},{\"@type\":\"ImageObject\",\"inLanguage\":\"pl-PL\",\"@id\":\"https:\\\/\\\/www.24gliwice.pl\\\/wiadomosci\\\/to-ostatnia-w-tym-roku-okazja-by-pozbyc-sie-zbednych-rzeczy-podczas-wyprzedazy-garazowej\\\/#primaryimage\",\"url\":\"https:\\\/\\\/www.24gliwice.pl\\\/wiadomosci\\\/wp-content\\\/uploads\\\/2021\\\/08\\\/wyprzedaz-garazowa-na-placu-krakowskim-001.jpg\",\"contentUrl\":\"https:\\\/\\\/www.24gliwice.pl\\\/wiadomosci\\\/wp-content\\\/uploads\\\/2021\\\/08\\\/wyprzedaz-garazowa-na-placu-krakowskim-001.jpg\",\"width\":810,\"height\":456},{\"@type\":\"BreadcrumbList\",\"@id\":\"https:\\\/\\\/www.24gliwice.pl\\\/wiadomosci\\\/to-ostatnia-w-tym-roku-okazja-by-pozbyc-sie-zbednych-rzeczy-podczas-wyprzedazy-garazowej\\\/#breadcrumb\",\"itemListElement\":[{\"@type\":\"ListItem\",\"position\":1,\"name\":\"Strona g\u0142\u00f3wna\",\"item\":\"https:\\\/\\\/www.24gliwice.pl\\\/wiadomosci\\\/\"},{\"@type\":\"ListItem\",\"position\":2,\"name\":\"To ostatnia w tym roku okazja, by pozby\u0107 si\u0119 zb\u0119dnych rzeczy podczas wyprzeda\u017cy gara\u017cowej\"}]},{\"@type\":\"WebSite\",\"@id\":\"https:\\\/\\\/www.24gliwice.pl\\\/wiadomosci\\\/#website\",\"url\":\"https:\\\/\\\/www.24gliwice.pl\\\/wiadomosci\\\/\",\"name\":\"24GLIWICE - Portal Gliwice | codziennie nowe wiadomo\u015bci\",\"description\":\"Portal Miejski Gliwice\",\"publisher\":{\"@id\":\"https:\\\/\\\/www.24gliwice.pl\\\/wiadomosci\\\/#organization\"},\"potentialAction\":[{\"@type\":\"SearchAction\",\"target\":{\"@type\":\"EntryPoint\",\"urlTemplate\":\"https:\\\/\\\/www.24gliwice.pl\\\/wiadomosci\\\/?s={search_term_string}\"},\"query-input\":{\"@type\":\"PropertyValueSpecification\",\"valueRequired\":true,\"valueName\":\"search_term_string\"}}],\"inLanguage\":\"pl-PL\"},{\"@type\":\"Organization\",\"@id\":\"https:\\\/\\\/www.24gliwice.pl\\\/wiadomosci\\\/#organization\",\"name\":\"24gliwice\",\"url\":\"https:\\\/\\\/www.24gliwice.pl\\\/wiadomosci\\\/\",\"logo\":{\"@type\":\"ImageObject\",\"inLanguage\":\"pl-PL\",\"@id\":\"https:\\\/\\\/www.24gliwice.pl\\\/wiadomosci\\\/#\\\/schema\\\/logo\\\/image\\\/\",\"url\":\"https:\\\/\\\/www.24gliwice.pl\\\/wiadomosci\\\/wp-content\\\/uploads\\\/2024\\\/10\\\/24gliwice-logo-696.jpg\",\"contentUrl\":\"https:\\\/\\\/www.24gliwice.pl\\\/wiadomosci\\\/wp-content\\\/uploads\\\/2024\\\/10\\\/24gliwice-logo-696.jpg\",\"width\":696,\"height\":696,\"caption\":\"24gliwice\"},\"image\":{\"@id\":\"https:\\\/\\\/www.24gliwice.pl\\\/wiadomosci\\\/#\\\/schema\\\/logo\\\/image\\\/\"},\"sameAs\":[\"https:\\\/\\\/www.facebook.com\\\/24gliwice\",\"https:\\\/\\\/x.com\\\/24gliwice\",\"https:\\\/\\\/www.youtube.com\\\/@24gliwice\"]},{\"@type\":\"Person\",\"@id\":\"https:\\\/\\\/www.24gliwice.pl\\\/wiadomosci\\\/#\\\/schema\\\/person\\\/e42c650edd7f2fa332be3811fb166b6e\",\"name\":\"\u017baneta Mrozek-Siewierska\",\"image\":{\"@type\":\"ImageObject\",\"inLanguage\":\"pl-PL\",\"@id\":\"https:\\\/\\\/www.24gliwice.pl\\\/wiadomosci\\\/wp-content\\\/uploads\\\/2021\\\/11\\\/Zaneta-M_S-zdjecie-czb-96x96.jpg\",\"url\":\"https:\\\/\\\/www.24gliwice.pl\\\/wiadomosci\\\/wp-content\\\/uploads\\\/2021\\\/11\\\/Zaneta-M_S-zdjecie-czb-96x96.jpg\",\"contentUrl\":\"https:\\\/\\\/www.24gliwice.pl\\\/wiadomosci\\\/wp-content\\\/uploads\\\/2021\\\/11\\\/Zaneta-M_S-zdjecie-czb-96x96.jpg\",\"caption\":\"\u017baneta Mrozek-Siewierska\"},\"url\":\"https:\\\/\\\/www.24gliwice.pl\\\/wiadomosci\\\/author\\\/zms\\\/\"}]}<\/script>\n<!-- \/ Yoast SEO plugin. -->","yoast_head_json":{"title":"To ostatnia w tym roku okazja, by pozby\u0107 si\u0119 zb\u0119dnych rzeczy podczas wyprzeda\u017cy gara\u017cowej - 24GLIWICE - Portal Gliwice | codziennie nowe informacje","description":"Przed nami ostatnia tegoroczna wyprzeda\u017c gara\u017cowa. Op\u0142ata za wystawienie stoiska sprzeda\u017cowego na pl. Krakowskim wynosi 1 z\u0142","robots":{"index":"index","follow":"follow","max-snippet":"max-snippet:-1","max-image-preview":"max-image-preview:large","max-video-preview":"max-video-preview:-1"},"canonical":"https:\/\/www.24gliwice.pl\/wiadomosci\/to-ostatnia-w-tym-roku-okazja-by-pozbyc-sie-zbednych-rzeczy-podczas-wyprzedazy-garazowej\/","og_locale":"pl_PL","og_type":"article","og_title":"To ostatnia w tym roku okazja, by pozby\u0107 si\u0119 zb\u0119dnych rzeczy podczas wyprzeda\u017cy gara\u017cowej - 24GLIWICE - Portal Gliwice | codziennie nowe informacje","og_description":"Przed nami ostatnia tegoroczna wyprzeda\u017c gara\u017cowa. Op\u0142ata za wystawienie stoiska sprzeda\u017cowego na pl. Krakowskim wynosi 1 z\u0142","og_url":"https:\/\/www.24gliwice.pl\/wiadomosci\/to-ostatnia-w-tym-roku-okazja-by-pozbyc-sie-zbednych-rzeczy-podczas-wyprzedazy-garazowej\/","og_site_name":"24GLIWICE - Portal Gliwice | codziennie nowe informacje","article_publisher":"https:\/\/www.facebook.com\/24gliwice","article_published_time":"2022-10-14T22:01:30+00:00","og_image":[{"width":810,"height":456,"url":"https:\/\/www.24gliwice.pl\/wiadomosci\/wp-content\/uploads\/2021\/08\/wyprzedaz-garazowa-na-placu-krakowskim-001.jpg","type":"image\/jpeg"}],"author":"\u017baneta Mrozek-Siewierska","twitter_card":"summary_large_image","twitter_creator":"@24gliwice","twitter_site":"@24gliwice","twitter_misc":{"Napisane przez":"\u017baneta Mrozek-Siewierska","Szacowany czas czytania":"1 minuta"},"schema":{"@context":"https:\/\/schema.org","@graph":[{"@type":"Article","@id":"https:\/\/www.24gliwice.pl\/wiadomosci\/to-ostatnia-w-tym-roku-okazja-by-pozbyc-sie-zbednych-rzeczy-podczas-wyprzedazy-garazowej\/#article","isPartOf":{"@id":"https:\/\/www.24gliwice.pl\/wiadomosci\/to-ostatnia-w-tym-roku-okazja-by-pozbyc-sie-zbednych-rzeczy-podczas-wyprzedazy-garazowej\/"},"author":{"name":"\u017baneta Mrozek-Siewierska","@id":"https:\/\/www.24gliwice.pl\/wiadomosci\/#\/schema\/person\/e42c650edd7f2fa332be3811fb166b6e"},"headline":"To ostatnia w tym roku okazja, by pozby\u0107 si\u0119 zb\u0119dnych rzeczy podczas wyprzeda\u017cy gara\u017cowej","datePublished":"2022-10-14T22:01:30+00:00","mainEntityOfPage":{"@id":"https:\/\/www.24gliwice.pl\/wiadomosci\/to-ostatnia-w-tym-roku-okazja-by-pozbyc-sie-zbednych-rzeczy-podczas-wyprzedazy-garazowej\/"},"wordCount":106,"commentCount":0,"publisher":{"@id":"https:\/\/www.24gliwice.pl\/wiadomosci\/#organization"},"image":{"@id":"https:\/\/www.24gliwice.pl\/wiadomosci\/to-ostatnia-w-tym-roku-okazja-by-pozbyc-sie-zbednych-rzeczy-podczas-wyprzedazy-garazowej\/#primaryimage"},"thumbnailUrl":"https:\/\/www.24gliwice.pl\/wiadomosci\/wp-content\/uploads\/2021\/08\/wyprzedaz-garazowa-na-placu-krakowskim-001.jpg","keywords":["rada dzielnicy \u015br\u00f3dmie\u015bcie","wyprzeda\u017c gara\u017cowa na placu krakowskim"],"articleSection":["Gliwice","Kultura, wydarzenia, imprezy","Najnowsze wiadomo\u015bci"],"inLanguage":"pl-PL","potentialAction":[{"@type":"CommentAction","name":"Comment","target":["https:\/\/www.24gliwice.pl\/wiadomosci\/to-ostatnia-w-tym-roku-okazja-by-pozbyc-sie-zbednych-rzeczy-podczas-wyprzedazy-garazowej\/#respond"]}]},{"@type":"WebPage","@id":"https:\/\/www.24gliwice.pl\/wiadomosci\/to-ostatnia-w-tym-roku-okazja-by-pozbyc-sie-zbednych-rzeczy-podczas-wyprzedazy-garazowej\/","url":"https:\/\/www.24gliwice.pl\/wiadomosci\/to-ostatnia-w-tym-roku-okazja-by-pozbyc-sie-zbednych-rzeczy-podczas-wyprzedazy-garazowej\/","name":"To ostatnia w tym roku okazja, by pozby\u0107 si\u0119 zb\u0119dnych rzeczy podczas wyprzeda\u017cy gara\u017cowej - 24GLIWICE - Portal Gliwice | codziennie nowe informacje","isPartOf":{"@id":"https:\/\/www.24gliwice.pl\/wiadomosci\/#website"},"primaryImageOfPage":{"@id":"https:\/\/www.24gliwice.pl\/wiadomosci\/to-ostatnia-w-tym-roku-okazja-by-pozbyc-sie-zbednych-rzeczy-podczas-wyprzedazy-garazowej\/#primaryimage"},"image":{"@id":"https:\/\/www.24gliwice.pl\/wiadomosci\/to-ostatnia-w-tym-roku-okazja-by-pozbyc-sie-zbednych-rzeczy-podczas-wyprzedazy-garazowej\/#primaryimage"},"thumbnailUrl":"https:\/\/www.24gliwice.pl\/wiadomosci\/wp-content\/uploads\/2021\/08\/wyprzedaz-garazowa-na-placu-krakowskim-001.jpg","datePublished":"2022-10-14T22:01:30+00:00","description":"Przed nami ostatnia tegoroczna wyprzeda\u017c gara\u017cowa. Op\u0142ata za wystawienie stoiska sprzeda\u017cowego na pl. Krakowskim wynosi 1 z\u0142","breadcrumb":{"@id":"https:\/\/www.24gliwice.pl\/wiadomosci\/to-ostatnia-w-tym-roku-okazja-by-pozbyc-sie-zbednych-rzeczy-podczas-wyprzedazy-garazowej\/#breadcrumb"},"inLanguage":"pl-PL","potentialAction":[{"@type":"ReadAction","target":["https:\/\/www.24gliwice.pl\/wiadomosci\/to-ostatnia-w-tym-roku-okazja-by-pozbyc-sie-zbednych-rzeczy-podczas-wyprzedazy-garazowej\/"]}]},{"@type":"ImageObject","inLanguage":"pl-PL","@id":"https:\/\/www.24gliwice.pl\/wiadomosci\/to-ostatnia-w-tym-roku-okazja-by-pozbyc-sie-zbednych-rzeczy-podczas-wyprzedazy-garazowej\/#primaryimage","url":"https:\/\/www.24gliwice.pl\/wiadomosci\/wp-content\/uploads\/2021\/08\/wyprzedaz-garazowa-na-placu-krakowskim-001.jpg","contentUrl":"https:\/\/www.24gliwice.pl\/wiadomosci\/wp-content\/uploads\/2021\/08\/wyprzedaz-garazowa-na-placu-krakowskim-001.jpg","width":810,"height":456},{"@type":"BreadcrumbList","@id":"https:\/\/www.24gliwice.pl\/wiadomosci\/to-ostatnia-w-tym-roku-okazja-by-pozbyc-sie-zbednych-rzeczy-podczas-wyprzedazy-garazowej\/#breadcrumb","itemListElement":[{"@type":"ListItem","position":1,"name":"Strona g\u0142\u00f3wna","item":"https:\/\/www.24gliwice.pl\/wiadomosci\/"},{"@type":"ListItem","position":2,"name":"To ostatnia w tym roku okazja, by pozby\u0107 si\u0119 zb\u0119dnych rzeczy podczas wyprzeda\u017cy gara\u017cowej"}]},{"@type":"WebSite","@id":"https:\/\/www.24gliwice.pl\/wiadomosci\/#website","url":"https:\/\/www.24gliwice.pl\/wiadomosci\/","name":"24GLIWICE - Portal Gliwice | codziennie nowe wiadomo\u015bci","description":"Portal Miejski Gliwice","publisher":{"@id":"https:\/\/www.24gliwice.pl\/wiadomosci\/#organization"},"potentialAction":[{"@type":"SearchAction","target":{"@type":"EntryPoint","urlTemplate":"https:\/\/www.24gliwice.pl\/wiadomosci\/?s={search_term_string}"},"query-input":{"@type":"PropertyValueSpecification","valueRequired":true,"valueName":"search_term_string"}}],"inLanguage":"pl-PL"},{"@type":"Organization","@id":"https:\/\/www.24gliwice.pl\/wiadomosci\/#organization","name":"24gliwice","url":"https:\/\/www.24gliwice.pl\/wiadomosci\/","logo":{"@type":"ImageObject","inLanguage":"pl-PL","@id":"https:\/\/www.24gliwice.pl\/wiadomosci\/#\/schema\/logo\/image\/","url":"https:\/\/www.24gliwice.pl\/wiadomosci\/wp-content\/uploads\/2024\/10\/24gliwice-logo-696.jpg","contentUrl":"https:\/\/www.24gliwice.pl\/wiadomosci\/wp-content\/uploads\/2024\/10\/24gliwice-logo-696.jpg","width":696,"height":696,"caption":"24gliwice"},"image":{"@id":"https:\/\/www.24gliwice.pl\/wiadomosci\/#\/schema\/logo\/image\/"},"sameAs":["https:\/\/www.facebook.com\/24gliwice","https:\/\/x.com\/24gliwice","https:\/\/www.youtube.com\/@24gliwice"]},{"@type":"Person","@id":"https:\/\/www.24gliwice.pl\/wiadomosci\/#\/schema\/person\/e42c650edd7f2fa332be3811fb166b6e","name":"\u017baneta Mrozek-Siewierska","image":{"@type":"ImageObject","inLanguage":"pl-PL","@id":"https:\/\/www.24gliwice.pl\/wiadomosci\/wp-content\/uploads\/2021\/11\/Zaneta-M_S-zdjecie-czb-96x96.jpg","url":"https:\/\/www.24gliwice.pl\/wiadomosci\/wp-content\/uploads\/2021\/11\/Zaneta-M_S-zdjecie-czb-96x96.jpg","contentUrl":"https:\/\/www.24gliwice.pl\/wiadomosci\/wp-content\/uploads\/2021\/11\/Zaneta-M_S-zdjecie-czb-96x96.jpg","caption":"\u017baneta Mrozek-Siewierska"},"url":"https:\/\/www.24gliwice.pl\/wiadomosci\/author\/zms\/"}]}},"_links":{"self":[{"href":"https:\/\/www.24gliwice.pl\/wiadomosci\/wp-json\/wp\/v2\/posts\/201745","targetHints":{"allow":["GET"]}}],"collection":[{"href":"https:\/\/www.24gliwice.pl\/wiadomosci\/wp-json\/wp\/v2\/posts"}],"about":[{"href":"https:\/\/www.24gliwice.pl\/wiadomosci\/wp-json\/wp\/v2\/types\/post"}],"author":[{"embeddable":true,"href":"https:\/\/www.24gliwice.pl\/wiadomosci\/wp-json\/wp\/v2\/users\/15"}],"replies":[{"embeddable":true,"href":"https:\/\/www.24gliwice.pl\/wiadomosci\/wp-json\/wp\/v2\/comments?post=201745"}],"version-history":[{"count":5,"href":"https:\/\/www.24gliwice.pl\/wiadomosci\/wp-json\/wp\/v2\/posts\/201745\/revisions"}],"predecessor-version":[{"id":201809,"href":"https:\/\/www.24gliwice.pl\/wiadomosci\/wp-json\/wp\/v2\/posts\/201745\/revisions\/201809"}],"wp:featuredmedia":[{"embeddable":true,"href":"https:\/\/www.24gliwice.pl\/wiadomosci\/wp-json\/wp\/v2\/media\/175168"}],"wp:attachment":[{"href":"https:\/\/www.24gliwice.pl\/wiadomosci\/wp-json\/wp\/v2\/media?parent=201745"}],"wp:term":[{"taxonomy":"category","embeddable":true,"href":"https:\/\/www.24gliwice.pl\/wiadomosci\/wp-json\/wp\/v2\/categories?post=201745"},{"taxonomy":"post_tag","embeddable":true,"href":"https:\/\/www.24gliwice.pl\/wiadomosci\/wp-json\/wp\/v2\/tags?post=201745"}],"curies":[{"name":"wp","href":"https:\/\/api.w.org\/{rel}","templated":true}]}}