{"id":201749,"date":"2022-10-14T11:29:40","date_gmt":"2022-10-14T09:29:40","guid":{"rendered":"https:\/\/www.24gliwice.pl\/wiadomosci\/?p=201749"},"modified":"2022-10-14T11:29:40","modified_gmt":"2022-10-14T09:29:40","slug":"rozowy-pazdziernik-w-centrum-handlowym-forum-warsztaty-i-spotkania-informacyjno-edukacyjne","status":"publish","type":"post","link":"https:\/\/www.24gliwice.pl\/wiadomosci\/rozowy-pazdziernik-w-centrum-handlowym-forum-warsztaty-i-spotkania-informacyjno-edukacyjne\/","title":{"rendered":"R\u00f3\u017cowy pa\u017adziernik w centrum handlowym Forum. Warsztaty i spotkania informacyjno-edukacyjne"},"content":{"rendered":"<div class=\"gliwi-a6-nad-leadem-artykulow gliwi-entity-placement\" id=\"gliwi-3744778710\"><div class=\"gliwi-adlabel\"><span style=\"font-size: 9px\">REKLAMA<\/span><\/div><div id=\"gliwi-3327546010\" style=\"margin-bottom: 30px;margin-left: auto;margin-right: auto;text-align: center;\"><a data-no-instant=\"1\" href=\"https:\/\/przedszkole.halogen.org.pl\/\" rel=\"noopener\" class=\"a2t-link\" target=\"_blank\" aria-label=\"20260402-ANIMATOR-przedszkole_grafika_750x200\"><img loading=\"lazy\" decoding=\"async\" src=\"https:\/\/www.24gliwice.pl\/wiadomosci\/wp-content\/uploads\/2026\/04\/20260402-ANIMATOR-przedszkole_grafika_750x200.webp\" alt=\"\"  srcset=\"https:\/\/www.24gliwice.pl\/wiadomosci\/wp-content\/uploads\/2026\/04\/20260402-ANIMATOR-przedszkole_grafika_750x200.webp 750w, https:\/\/www.24gliwice.pl\/wiadomosci\/wp-content\/uploads\/2026\/04\/20260402-ANIMATOR-przedszkole_grafika_750x200-410x109.webp 410w\" sizes=\"(max-width: 750px) 100vw, 750px\" class=\"no-lazyload\" width=\"750\" height=\"200\"  style=\"display: inline-block; max-width: 100%; height: auto;\" \/><\/a><\/div><\/div><h2>15 pa\u017adziernika przypada Europejski Dzie\u0144 Walki z Rakiem Piersi. Tego dnia Centrum Handlowe Forum wraz z G\u00f3rno\u015bl\u0105sk\u0105 Fundacj\u0105 Onkologiczn\u0105 z Gliwic zaprasza na spotkanie edukacyjno\u2013informacyjne dotycz\u0105ce mammografii, kt\u00f3re b\u0119dzie po\u0142\u0105czone z warsztatami perukarskimi.<\/h2>\n<p>&nbsp;<br \/>\nPa\u017adziernik od wielu lat na ca\u0142ym \u015bwiecie uznawany jest za miesi\u0105c \u015bwiadomo\u015bci raka piersi. Dodatkowo 15 pa\u017adziernika przypada r\u00f3wnie\u017c Europejski Dzie\u0144 Walki z Rakiem Piersi, kt\u00f3rego symbolem jest w\u0142a\u015bnie r\u00f3\u017cowa wst\u0105\u017cka. Tego dnia od 11:00 do 14:00 w Centrum Handlowym Forum odb\u0119dzie si\u0119 spotkanie maj\u0105ce na celu podniesienie \u015bwiadomo\u015bci kobiet na temat raka piersi. <\/p>\n<h4>W lokalu Scena Forum na poziomie +1 przedstawiciele G\u00f3rno\u015bl\u0105skiej Fundacji Onkologicznej poprowadz\u0105 spotkanie edukacyjno\u2013informacyjne dotycz\u0105ce mammografii.<\/h4>\n<p>Mammografia jest niezwykle wa\u017cnym badaniem jednak ci\u0105gle brakuje \u015bwiadomo\u015bci, by kontrolowa\u0107 swoje zdrowie. Kobiety w wieku powy\u017cej 50 lat badania przesiewowe w kierunku raka piersi powinny wykonywa\u0107 co 2 lata. Wtedy jest ogromna szansa na wczesne wykrycie ewentualnej anomalii lub nowotworu, nawet zanim pojawi\u0105 si\u0119 objawy. A wczesne leczenie raka piersi pozwala na wyleczenie a\u017c 90% przypadk\u00f3w w ci\u0105gu 5 lat. <\/p><div class=\"gliwi-a3-w-tresci-artykulow gliwi-entity-placement\" id=\"gliwi-2903671185\"><div class=\"gliwi-adlabel\"><span style=\"font-size: 9px\">REKLAMA<\/span><\/div><div id=\"gliwi-3893339541\" style=\"margin-bottom: 30px;margin-left: auto;margin-right: auto;text-align: center;\"><a data-no-instant=\"1\" href=\"https:\/\/ogrodyandersa.pl\/\" rel=\"noopener\" class=\"a2t-link\" target=\"_blank\" aria-label=\"20260415 Ogrody Andersa KUP TERAZ D\"><img loading=\"lazy\" decoding=\"async\" src=\"https:\/\/www.24gliwice.pl\/wiadomosci\/wp-content\/uploads\/2026\/04\/20260415-Ogrody-Andersa-KUP-TERAZ-D.jpg\" alt=\"\"  srcset=\"https:\/\/www.24gliwice.pl\/wiadomosci\/wp-content\/uploads\/2026\/04\/20260415-Ogrody-Andersa-KUP-TERAZ-D.jpg 750w, https:\/\/www.24gliwice.pl\/wiadomosci\/wp-content\/uploads\/2026\/04\/20260415-Ogrody-Andersa-KUP-TERAZ-D-410x109.jpg 410w\" sizes=\"(max-width: 750px) 100vw, 750px\" class=\"no-lazyload\" width=\"750\" height=\"200\"  style=\"display: inline-block; max-width: 100%; height: auto;\" \/><\/a><\/div><\/div>\n<p>W Polsce od wielu lat prowadzony jest program wczesnego wykrywania raka piersi \u2013 skrining &#8211; czyli bezp\u0142atne badanie mammograficzne dla kobiet od 50 do 69 roku \u017cycia. O tym gdzie i w jaki spos\u00f3b mo\u017cna je wykona\u0107 dowiecie si\u0119 wchodz\u0105c tutaj: <a href=\"http:\/\/www.io.gliwice.pl\/dla-pacjenta\/badanie-mammograficzne\" rel=\"noopener\" target=\"_blank\">http:\/\/www.io.gliwice.pl\/dla-pacjenta\/badanie-mammograficzne<\/a>.<\/p>\n<p><a href=\"https:\/\/www.24gliwice.pl\/wiadomosci\/wp-content\/uploads\/2022\/10\/FORUM-biezace-Gornoslaska-Fundacja-Onkologiczna-900x.jpg\"><img loading=\"lazy\" decoding=\"async\" src=\"https:\/\/www.24gliwice.pl\/wiadomosci\/wp-content\/uploads\/2022\/10\/FORUM-biezace-Gornoslaska-Fundacja-Onkologiczna-900x.jpg\" alt=\"\" width=\"810\" height=\"810\" class=\"alignnone size-full wp-image-201754\" srcset=\"https:\/\/www.24gliwice.pl\/wiadomosci\/wp-content\/uploads\/2022\/10\/FORUM-biezace-Gornoslaska-Fundacja-Onkologiczna-900x.jpg 810w, https:\/\/www.24gliwice.pl\/wiadomosci\/wp-content\/uploads\/2022\/10\/FORUM-biezace-Gornoslaska-Fundacja-Onkologiczna-900x-232x232.jpg 232w, https:\/\/www.24gliwice.pl\/wiadomosci\/wp-content\/uploads\/2022\/10\/FORUM-biezace-Gornoslaska-Fundacja-Onkologiczna-900x-455x455.jpg 455w, https:\/\/www.24gliwice.pl\/wiadomosci\/wp-content\/uploads\/2022\/10\/FORUM-biezace-Gornoslaska-Fundacja-Onkologiczna-900x-90x90.jpg 90w, https:\/\/www.24gliwice.pl\/wiadomosci\/wp-content\/uploads\/2022\/10\/FORUM-biezace-Gornoslaska-Fundacja-Onkologiczna-900x-768x768.jpg 768w\" sizes=\"auto, (max-width: 810px) 100vw, 810px\" \/><\/a><\/p>\n<p>Sobotnie spotkanie wspieraj\u0105ce \u015bwiadomo\u015b\u0107 kobiet na temat nowotwor\u00f3w piersi po\u0142\u0105czone b\u0119dzie z warsztatami perukarskimi. Po\u015bwi\u0119cone s\u0105 one kobietom w tracie leczenia chemioterapi\u0105, kt\u00f3re powoduje mi\u0119dzy innymi wypadanie w\u0142os\u00f3w. Na spotkaniu eksperci poprowadz\u0105 rozmowy o doborze peruk do kszta\u0142tu twarzy i zasadach jakim on podlega. Wiele uwagi zostanie po\u015bwi\u0119conej sposobom piel\u0119gnacji peruk oraz ich roli w czasie leczenia onkologicznego.<\/p>\n<blockquote><p>Edukacja zdrowotna to taki temat, kt\u00f3remu chcemy po\u015bwi\u0119ca\u0107 ka\u017cd\u0105 ilo\u015b\u0107 czasu i wysi\u0142ku, bowiem to od tego zale\u017cy jak szybko odkryjemy chorob\u0119 i rozpoczniemy efektywne leczenie. Cieszymy si\u0119, \u017ce mo\u017cemy wraz z G\u00f3rno\u015bl\u0105sk\u0105 Fundacj\u0105 onkologiczn\u0105 z Gliwic pracowa\u0107 na rzecz wi\u0119kszej \u015bwiadomo\u015bci, kt\u00f3ra w przypadku chor\u00f3b nowotworowych ratuje \u017cycie i zdrowie <\/p><\/blockquote>\n<p>\u2013 m\u00f3wi <strong>Alicja Sucha\u0144ska-Kr\u00f3lica<\/strong>, menad\u017cer ds. administracji i marketingu w CH Forum.<\/p>\n<p>Rak piersi jest najcz\u0119\u015bciej wyst\u0119puj\u0105cym nowotworem u kobiet na \u015bwiecie (25%) i najcz\u0119stsz\u0105 przyczyn\u0105 zgonu (14%), a chore na raka piersi stanowi\u0105 36% kobiet \u017cyj\u0105cych z nowotworami. <\/p>\n<p>Szacuje si\u0119, \u017ce co roku raka piersi rozpoznaje si\u0119 u blisko 1,7 miliona kobiet, a ponad 500 tysi\u0119cy umiera z tego powodu. W Polsce rak piersi w ostatnim stuleciu sta\u0142 si\u0119 jednym z najwi\u0119kszych zagro\u017ce\u0144 przedwczesnej umieralno\u015bci kobiet. Tylko te informacje podane na stronie https:\/\/www.gov.pl\/web\/psse-lobez\/rozowy-pazdziernik&#8212;miesiac-swiadomosci-raka-piersi m\u00f3wi\u0105, \u017ce nie mo\u017cna ko\u0142o tego tematu przej\u015b\u0107 oboj\u0119tnie. <\/p>\n<p>Do zobaczenia w CH FORUM 15 pa\u017adziernika!<\/p>\n<p><small>materia\u0142 partnera<\/small><\/p>\n<div class=\"gliwi-a5-na-koncu-artykulow gliwi-entity-placement\" id=\"gliwi-620288417\"><div class=\"gliwi-adlabel\"><span style=\"font-size: 9px\">REKLAMA<\/span><\/div><div id=\"gliwi-2002852227\" style=\"margin-left: auto;margin-right: auto;text-align: center;\"><a data-no-instant=\"1\" href=\"https:\/\/www.jasek.pl\/\" rel=\"noopener\" class=\"a2t-link\" target=\"_blank\" aria-label=\"20200401-jasek 600\"><img loading=\"lazy\" decoding=\"async\" src=\"https:\/\/www.24gliwice.pl\/wiadomosci\/wp-content\/uploads\/2020\/04\/20200401-jasek-600.jpg\" alt=\"\"  srcset=\"https:\/\/www.24gliwice.pl\/wiadomosci\/wp-content\/uploads\/2020\/04\/20200401-jasek-600.jpg 600w, https:\/\/www.24gliwice.pl\/wiadomosci\/wp-content\/uploads\/2020\/04\/20200401-jasek-600-410x109.jpg 410w\" sizes=\"(max-width: 600px) 100vw, 600px\" class=\"no-lazyload\" width=\"600\" height=\"160\"  style=\"display: inline-block; max-width: 100%; height: auto;\" \/><\/a><\/div><\/div>","protected":false},"excerpt":{"rendered":"<p>15 pa\u017adziernika przypada Europejski Dzie\u0144 Walki z Rakiem Piersi. Tego dnia Centrum Handlowe Forum wraz z G\u00f3rno\u015bl\u0105sk\u0105 Fundacj\u0105 Onkologiczn\u0105 z Gliwic zaprasza na spotkanie edukacyjno\u2013informacyjne dotycz\u0105ce mammografii, kt\u00f3re b\u0119dzie po\u0142\u0105czone z warsztatami perukarskimi. &nbsp; Pa\u017adziernik od wielu lat na ca\u0142ym \u015bwiecie uznawany jest za miesi\u0105c \u015bwiadomo\u015bci raka piersi. Dodatkowo 15 pa\u017adziernika przypada r\u00f3wnie\u017c Europejski Dzie\u0144 [&hellip;]<\/p>\n","protected":false},"author":15,"featured_media":201755,"comment_status":"closed","ping_status":"closed","sticky":false,"template":"","format":"standard","meta":{"_monsterinsights_skip_tracking":false,"_monsterinsights_sitenote_active":false,"_monsterinsights_sitenote_note":"","_monsterinsights_sitenote_category":0,"footnotes":"","_links_to":"","_links_to_target":""},"categories":[3,6,1],"tags":[4157],"class_list":["post-201749","post","type-post","status-publish","format-standard","has-post-thumbnail","hentry","category-gliwice","category-kultura","category-wszystko","tag-rak-piersi"],"yoast_head":"<!-- This site is optimized with the Yoast SEO plugin v27.4 - https:\/\/yoast.com\/product\/yoast-seo-wordpress\/ -->\n<title>R\u00f3\u017cowy pa\u017adziernik w centrum handlowym Forum. Warsztaty i spotkania informacyjno-edukacyjne - 24GLIWICE - Portal Gliwice | codziennie nowe informacje<\/title>\n<meta name=\"description\" content=\"W sobot\u0119, 15 pa\u017adziernika, w CH Forum odb\u0119dzie si\u0119 spotkanie dotycz\u0105ce mammografii a tak\u017ce warsztaty perukarskie.\" \/>\n<meta name=\"robots\" content=\"index, follow, max-snippet:-1, max-image-preview:large, max-video-preview:-1\" \/>\n<link rel=\"canonical\" href=\"https:\/\/www.24gliwice.pl\/wiadomosci\/rozowy-pazdziernik-w-centrum-handlowym-forum-warsztaty-i-spotkania-informacyjno-edukacyjne\/\" \/>\n<meta property=\"og:locale\" content=\"pl_PL\" \/>\n<meta property=\"og:type\" content=\"article\" \/>\n<meta property=\"og:title\" content=\"R\u00f3\u017cowy pa\u017adziernik w centrum handlowym Forum. Warsztaty i spotkania informacyjno-edukacyjne - 24GLIWICE - Portal Gliwice | codziennie nowe informacje\" \/>\n<meta property=\"og:description\" content=\"W sobot\u0119, 15 pa\u017adziernika, w CH Forum odb\u0119dzie si\u0119 spotkanie dotycz\u0105ce mammografii a tak\u017ce warsztaty perukarskie.\" \/>\n<meta property=\"og:url\" content=\"https:\/\/www.24gliwice.pl\/wiadomosci\/rozowy-pazdziernik-w-centrum-handlowym-forum-warsztaty-i-spotkania-informacyjno-edukacyjne\/\" \/>\n<meta property=\"og:site_name\" content=\"24GLIWICE - Portal Gliwice | codziennie nowe informacje\" \/>\n<meta property=\"article:publisher\" content=\"https:\/\/www.facebook.com\/24gliwice\" \/>\n<meta property=\"article:published_time\" content=\"2022-10-14T09:29:40+00:00\" \/>\n<meta property=\"og:image\" content=\"https:\/\/www.24gliwice.pl\/wiadomosci\/wp-content\/uploads\/2022\/10\/forum-peruki2.jpg\" \/>\n\t<meta property=\"og:image:width\" content=\"810\" \/>\n\t<meta property=\"og:image:height\" content=\"456\" \/>\n\t<meta property=\"og:image:type\" content=\"image\/jpeg\" \/>\n<meta name=\"author\" content=\"\u017baneta Mrozek-Siewierska\" \/>\n<meta name=\"twitter:card\" content=\"summary_large_image\" \/>\n<meta name=\"twitter:creator\" content=\"@24gliwice\" \/>\n<meta name=\"twitter:site\" content=\"@24gliwice\" \/>\n<meta name=\"twitter:label1\" content=\"Napisane przez\" \/>\n\t<meta name=\"twitter:data1\" content=\"\u017baneta Mrozek-Siewierska\" \/>\n\t<meta name=\"twitter:label2\" content=\"Szacowany czas czytania\" \/>\n\t<meta name=\"twitter:data2\" content=\"2 minuty\" \/>\n<script type=\"application\/ld+json\" class=\"yoast-schema-graph\">{\"@context\":\"https:\\\/\\\/schema.org\",\"@graph\":[{\"@type\":\"Article\",\"@id\":\"https:\\\/\\\/www.24gliwice.pl\\\/wiadomosci\\\/rozowy-pazdziernik-w-centrum-handlowym-forum-warsztaty-i-spotkania-informacyjno-edukacyjne\\\/#article\",\"isPartOf\":{\"@id\":\"https:\\\/\\\/www.24gliwice.pl\\\/wiadomosci\\\/rozowy-pazdziernik-w-centrum-handlowym-forum-warsztaty-i-spotkania-informacyjno-edukacyjne\\\/\"},\"author\":{\"name\":\"\u017baneta Mrozek-Siewierska\",\"@id\":\"https:\\\/\\\/www.24gliwice.pl\\\/wiadomosci\\\/#\\\/schema\\\/person\\\/e42c650edd7f2fa332be3811fb166b6e\"},\"headline\":\"R\u00f3\u017cowy pa\u017adziernik w centrum handlowym Forum. Warsztaty i spotkania informacyjno-edukacyjne\",\"datePublished\":\"2022-10-14T09:29:40+00:00\",\"mainEntityOfPage\":{\"@id\":\"https:\\\/\\\/www.24gliwice.pl\\\/wiadomosci\\\/rozowy-pazdziernik-w-centrum-handlowym-forum-warsztaty-i-spotkania-informacyjno-edukacyjne\\\/\"},\"wordCount\":507,\"publisher\":{\"@id\":\"https:\\\/\\\/www.24gliwice.pl\\\/wiadomosci\\\/#organization\"},\"image\":{\"@id\":\"https:\\\/\\\/www.24gliwice.pl\\\/wiadomosci\\\/rozowy-pazdziernik-w-centrum-handlowym-forum-warsztaty-i-spotkania-informacyjno-edukacyjne\\\/#primaryimage\"},\"thumbnailUrl\":\"https:\\\/\\\/www.24gliwice.pl\\\/wiadomosci\\\/wp-content\\\/uploads\\\/2022\\\/10\\\/forum-peruki2.jpg\",\"keywords\":[\"rak piersi\"],\"articleSection\":[\"Gliwice\",\"Kultura, wydarzenia, imprezy\",\"Najnowsze wiadomo\u015bci\"],\"inLanguage\":\"pl-PL\"},{\"@type\":\"WebPage\",\"@id\":\"https:\\\/\\\/www.24gliwice.pl\\\/wiadomosci\\\/rozowy-pazdziernik-w-centrum-handlowym-forum-warsztaty-i-spotkania-informacyjno-edukacyjne\\\/\",\"url\":\"https:\\\/\\\/www.24gliwice.pl\\\/wiadomosci\\\/rozowy-pazdziernik-w-centrum-handlowym-forum-warsztaty-i-spotkania-informacyjno-edukacyjne\\\/\",\"name\":\"R\u00f3\u017cowy pa\u017adziernik w centrum handlowym Forum. Warsztaty i spotkania informacyjno-edukacyjne - 24GLIWICE - Portal Gliwice | codziennie nowe informacje\",\"isPartOf\":{\"@id\":\"https:\\\/\\\/www.24gliwice.pl\\\/wiadomosci\\\/#website\"},\"primaryImageOfPage\":{\"@id\":\"https:\\\/\\\/www.24gliwice.pl\\\/wiadomosci\\\/rozowy-pazdziernik-w-centrum-handlowym-forum-warsztaty-i-spotkania-informacyjno-edukacyjne\\\/#primaryimage\"},\"image\":{\"@id\":\"https:\\\/\\\/www.24gliwice.pl\\\/wiadomosci\\\/rozowy-pazdziernik-w-centrum-handlowym-forum-warsztaty-i-spotkania-informacyjno-edukacyjne\\\/#primaryimage\"},\"thumbnailUrl\":\"https:\\\/\\\/www.24gliwice.pl\\\/wiadomosci\\\/wp-content\\\/uploads\\\/2022\\\/10\\\/forum-peruki2.jpg\",\"datePublished\":\"2022-10-14T09:29:40+00:00\",\"description\":\"W sobot\u0119, 15 pa\u017adziernika, w CH Forum odb\u0119dzie si\u0119 spotkanie dotycz\u0105ce mammografii a tak\u017ce warsztaty perukarskie.\",\"breadcrumb\":{\"@id\":\"https:\\\/\\\/www.24gliwice.pl\\\/wiadomosci\\\/rozowy-pazdziernik-w-centrum-handlowym-forum-warsztaty-i-spotkania-informacyjno-edukacyjne\\\/#breadcrumb\"},\"inLanguage\":\"pl-PL\",\"potentialAction\":[{\"@type\":\"ReadAction\",\"target\":[\"https:\\\/\\\/www.24gliwice.pl\\\/wiadomosci\\\/rozowy-pazdziernik-w-centrum-handlowym-forum-warsztaty-i-spotkania-informacyjno-edukacyjne\\\/\"]}]},{\"@type\":\"ImageObject\",\"inLanguage\":\"pl-PL\",\"@id\":\"https:\\\/\\\/www.24gliwice.pl\\\/wiadomosci\\\/rozowy-pazdziernik-w-centrum-handlowym-forum-warsztaty-i-spotkania-informacyjno-edukacyjne\\\/#primaryimage\",\"url\":\"https:\\\/\\\/www.24gliwice.pl\\\/wiadomosci\\\/wp-content\\\/uploads\\\/2022\\\/10\\\/forum-peruki2.jpg\",\"contentUrl\":\"https:\\\/\\\/www.24gliwice.pl\\\/wiadomosci\\\/wp-content\\\/uploads\\\/2022\\\/10\\\/forum-peruki2.jpg\",\"width\":810,\"height\":456},{\"@type\":\"BreadcrumbList\",\"@id\":\"https:\\\/\\\/www.24gliwice.pl\\\/wiadomosci\\\/rozowy-pazdziernik-w-centrum-handlowym-forum-warsztaty-i-spotkania-informacyjno-edukacyjne\\\/#breadcrumb\",\"itemListElement\":[{\"@type\":\"ListItem\",\"position\":1,\"name\":\"Strona g\u0142\u00f3wna\",\"item\":\"https:\\\/\\\/www.24gliwice.pl\\\/wiadomosci\\\/\"},{\"@type\":\"ListItem\",\"position\":2,\"name\":\"R\u00f3\u017cowy pa\u017adziernik w centrum handlowym Forum. Warsztaty i spotkania informacyjno-edukacyjne\"}]},{\"@type\":\"WebSite\",\"@id\":\"https:\\\/\\\/www.24gliwice.pl\\\/wiadomosci\\\/#website\",\"url\":\"https:\\\/\\\/www.24gliwice.pl\\\/wiadomosci\\\/\",\"name\":\"24GLIWICE - Portal Gliwice | codziennie nowe wiadomo\u015bci\",\"description\":\"Portal Miejski Gliwice\",\"publisher\":{\"@id\":\"https:\\\/\\\/www.24gliwice.pl\\\/wiadomosci\\\/#organization\"},\"potentialAction\":[{\"@type\":\"SearchAction\",\"target\":{\"@type\":\"EntryPoint\",\"urlTemplate\":\"https:\\\/\\\/www.24gliwice.pl\\\/wiadomosci\\\/?s={search_term_string}\"},\"query-input\":{\"@type\":\"PropertyValueSpecification\",\"valueRequired\":true,\"valueName\":\"search_term_string\"}}],\"inLanguage\":\"pl-PL\"},{\"@type\":\"Organization\",\"@id\":\"https:\\\/\\\/www.24gliwice.pl\\\/wiadomosci\\\/#organization\",\"name\":\"24gliwice\",\"url\":\"https:\\\/\\\/www.24gliwice.pl\\\/wiadomosci\\\/\",\"logo\":{\"@type\":\"ImageObject\",\"inLanguage\":\"pl-PL\",\"@id\":\"https:\\\/\\\/www.24gliwice.pl\\\/wiadomosci\\\/#\\\/schema\\\/logo\\\/image\\\/\",\"url\":\"https:\\\/\\\/www.24gliwice.pl\\\/wiadomosci\\\/wp-content\\\/uploads\\\/2024\\\/10\\\/24gliwice-logo-696.jpg\",\"contentUrl\":\"https:\\\/\\\/www.24gliwice.pl\\\/wiadomosci\\\/wp-content\\\/uploads\\\/2024\\\/10\\\/24gliwice-logo-696.jpg\",\"width\":696,\"height\":696,\"caption\":\"24gliwice\"},\"image\":{\"@id\":\"https:\\\/\\\/www.24gliwice.pl\\\/wiadomosci\\\/#\\\/schema\\\/logo\\\/image\\\/\"},\"sameAs\":[\"https:\\\/\\\/www.facebook.com\\\/24gliwice\",\"https:\\\/\\\/x.com\\\/24gliwice\",\"https:\\\/\\\/www.youtube.com\\\/@24gliwice\"]},{\"@type\":\"Person\",\"@id\":\"https:\\\/\\\/www.24gliwice.pl\\\/wiadomosci\\\/#\\\/schema\\\/person\\\/e42c650edd7f2fa332be3811fb166b6e\",\"name\":\"\u017baneta Mrozek-Siewierska\",\"image\":{\"@type\":\"ImageObject\",\"inLanguage\":\"pl-PL\",\"@id\":\"https:\\\/\\\/www.24gliwice.pl\\\/wiadomosci\\\/wp-content\\\/uploads\\\/2021\\\/11\\\/Zaneta-M_S-zdjecie-czb-96x96.jpg\",\"url\":\"https:\\\/\\\/www.24gliwice.pl\\\/wiadomosci\\\/wp-content\\\/uploads\\\/2021\\\/11\\\/Zaneta-M_S-zdjecie-czb-96x96.jpg\",\"contentUrl\":\"https:\\\/\\\/www.24gliwice.pl\\\/wiadomosci\\\/wp-content\\\/uploads\\\/2021\\\/11\\\/Zaneta-M_S-zdjecie-czb-96x96.jpg\",\"caption\":\"\u017baneta Mrozek-Siewierska\"},\"url\":\"https:\\\/\\\/www.24gliwice.pl\\\/wiadomosci\\\/author\\\/zms\\\/\"}]}<\/script>\n<!-- \/ Yoast SEO plugin. -->","yoast_head_json":{"title":"R\u00f3\u017cowy pa\u017adziernik w centrum handlowym Forum. Warsztaty i spotkania informacyjno-edukacyjne - 24GLIWICE - Portal Gliwice | codziennie nowe informacje","description":"W sobot\u0119, 15 pa\u017adziernika, w CH Forum odb\u0119dzie si\u0119 spotkanie dotycz\u0105ce mammografii a tak\u017ce warsztaty perukarskie.","robots":{"index":"index","follow":"follow","max-snippet":"max-snippet:-1","max-image-preview":"max-image-preview:large","max-video-preview":"max-video-preview:-1"},"canonical":"https:\/\/www.24gliwice.pl\/wiadomosci\/rozowy-pazdziernik-w-centrum-handlowym-forum-warsztaty-i-spotkania-informacyjno-edukacyjne\/","og_locale":"pl_PL","og_type":"article","og_title":"R\u00f3\u017cowy pa\u017adziernik w centrum handlowym Forum. Warsztaty i spotkania informacyjno-edukacyjne - 24GLIWICE - Portal Gliwice | codziennie nowe informacje","og_description":"W sobot\u0119, 15 pa\u017adziernika, w CH Forum odb\u0119dzie si\u0119 spotkanie dotycz\u0105ce mammografii a tak\u017ce warsztaty perukarskie.","og_url":"https:\/\/www.24gliwice.pl\/wiadomosci\/rozowy-pazdziernik-w-centrum-handlowym-forum-warsztaty-i-spotkania-informacyjno-edukacyjne\/","og_site_name":"24GLIWICE - Portal Gliwice | codziennie nowe informacje","article_publisher":"https:\/\/www.facebook.com\/24gliwice","article_published_time":"2022-10-14T09:29:40+00:00","og_image":[{"width":810,"height":456,"url":"https:\/\/www.24gliwice.pl\/wiadomosci\/wp-content\/uploads\/2022\/10\/forum-peruki2.jpg","type":"image\/jpeg"}],"author":"\u017baneta Mrozek-Siewierska","twitter_card":"summary_large_image","twitter_creator":"@24gliwice","twitter_site":"@24gliwice","twitter_misc":{"Napisane przez":"\u017baneta Mrozek-Siewierska","Szacowany czas czytania":"2 minuty"},"schema":{"@context":"https:\/\/schema.org","@graph":[{"@type":"Article","@id":"https:\/\/www.24gliwice.pl\/wiadomosci\/rozowy-pazdziernik-w-centrum-handlowym-forum-warsztaty-i-spotkania-informacyjno-edukacyjne\/#article","isPartOf":{"@id":"https:\/\/www.24gliwice.pl\/wiadomosci\/rozowy-pazdziernik-w-centrum-handlowym-forum-warsztaty-i-spotkania-informacyjno-edukacyjne\/"},"author":{"name":"\u017baneta Mrozek-Siewierska","@id":"https:\/\/www.24gliwice.pl\/wiadomosci\/#\/schema\/person\/e42c650edd7f2fa332be3811fb166b6e"},"headline":"R\u00f3\u017cowy pa\u017adziernik w centrum handlowym Forum. Warsztaty i spotkania informacyjno-edukacyjne","datePublished":"2022-10-14T09:29:40+00:00","mainEntityOfPage":{"@id":"https:\/\/www.24gliwice.pl\/wiadomosci\/rozowy-pazdziernik-w-centrum-handlowym-forum-warsztaty-i-spotkania-informacyjno-edukacyjne\/"},"wordCount":507,"publisher":{"@id":"https:\/\/www.24gliwice.pl\/wiadomosci\/#organization"},"image":{"@id":"https:\/\/www.24gliwice.pl\/wiadomosci\/rozowy-pazdziernik-w-centrum-handlowym-forum-warsztaty-i-spotkania-informacyjno-edukacyjne\/#primaryimage"},"thumbnailUrl":"https:\/\/www.24gliwice.pl\/wiadomosci\/wp-content\/uploads\/2022\/10\/forum-peruki2.jpg","keywords":["rak piersi"],"articleSection":["Gliwice","Kultura, wydarzenia, imprezy","Najnowsze wiadomo\u015bci"],"inLanguage":"pl-PL"},{"@type":"WebPage","@id":"https:\/\/www.24gliwice.pl\/wiadomosci\/rozowy-pazdziernik-w-centrum-handlowym-forum-warsztaty-i-spotkania-informacyjno-edukacyjne\/","url":"https:\/\/www.24gliwice.pl\/wiadomosci\/rozowy-pazdziernik-w-centrum-handlowym-forum-warsztaty-i-spotkania-informacyjno-edukacyjne\/","name":"R\u00f3\u017cowy pa\u017adziernik w centrum handlowym Forum. Warsztaty i spotkania informacyjno-edukacyjne - 24GLIWICE - Portal Gliwice | codziennie nowe informacje","isPartOf":{"@id":"https:\/\/www.24gliwice.pl\/wiadomosci\/#website"},"primaryImageOfPage":{"@id":"https:\/\/www.24gliwice.pl\/wiadomosci\/rozowy-pazdziernik-w-centrum-handlowym-forum-warsztaty-i-spotkania-informacyjno-edukacyjne\/#primaryimage"},"image":{"@id":"https:\/\/www.24gliwice.pl\/wiadomosci\/rozowy-pazdziernik-w-centrum-handlowym-forum-warsztaty-i-spotkania-informacyjno-edukacyjne\/#primaryimage"},"thumbnailUrl":"https:\/\/www.24gliwice.pl\/wiadomosci\/wp-content\/uploads\/2022\/10\/forum-peruki2.jpg","datePublished":"2022-10-14T09:29:40+00:00","description":"W sobot\u0119, 15 pa\u017adziernika, w CH Forum odb\u0119dzie si\u0119 spotkanie dotycz\u0105ce mammografii a tak\u017ce warsztaty perukarskie.","breadcrumb":{"@id":"https:\/\/www.24gliwice.pl\/wiadomosci\/rozowy-pazdziernik-w-centrum-handlowym-forum-warsztaty-i-spotkania-informacyjno-edukacyjne\/#breadcrumb"},"inLanguage":"pl-PL","potentialAction":[{"@type":"ReadAction","target":["https:\/\/www.24gliwice.pl\/wiadomosci\/rozowy-pazdziernik-w-centrum-handlowym-forum-warsztaty-i-spotkania-informacyjno-edukacyjne\/"]}]},{"@type":"ImageObject","inLanguage":"pl-PL","@id":"https:\/\/www.24gliwice.pl\/wiadomosci\/rozowy-pazdziernik-w-centrum-handlowym-forum-warsztaty-i-spotkania-informacyjno-edukacyjne\/#primaryimage","url":"https:\/\/www.24gliwice.pl\/wiadomosci\/wp-content\/uploads\/2022\/10\/forum-peruki2.jpg","contentUrl":"https:\/\/www.24gliwice.pl\/wiadomosci\/wp-content\/uploads\/2022\/10\/forum-peruki2.jpg","width":810,"height":456},{"@type":"BreadcrumbList","@id":"https:\/\/www.24gliwice.pl\/wiadomosci\/rozowy-pazdziernik-w-centrum-handlowym-forum-warsztaty-i-spotkania-informacyjno-edukacyjne\/#breadcrumb","itemListElement":[{"@type":"ListItem","position":1,"name":"Strona g\u0142\u00f3wna","item":"https:\/\/www.24gliwice.pl\/wiadomosci\/"},{"@type":"ListItem","position":2,"name":"R\u00f3\u017cowy pa\u017adziernik w centrum handlowym Forum. Warsztaty i spotkania informacyjno-edukacyjne"}]},{"@type":"WebSite","@id":"https:\/\/www.24gliwice.pl\/wiadomosci\/#website","url":"https:\/\/www.24gliwice.pl\/wiadomosci\/","name":"24GLIWICE - Portal Gliwice | codziennie nowe wiadomo\u015bci","description":"Portal Miejski Gliwice","publisher":{"@id":"https:\/\/www.24gliwice.pl\/wiadomosci\/#organization"},"potentialAction":[{"@type":"SearchAction","target":{"@type":"EntryPoint","urlTemplate":"https:\/\/www.24gliwice.pl\/wiadomosci\/?s={search_term_string}"},"query-input":{"@type":"PropertyValueSpecification","valueRequired":true,"valueName":"search_term_string"}}],"inLanguage":"pl-PL"},{"@type":"Organization","@id":"https:\/\/www.24gliwice.pl\/wiadomosci\/#organization","name":"24gliwice","url":"https:\/\/www.24gliwice.pl\/wiadomosci\/","logo":{"@type":"ImageObject","inLanguage":"pl-PL","@id":"https:\/\/www.24gliwice.pl\/wiadomosci\/#\/schema\/logo\/image\/","url":"https:\/\/www.24gliwice.pl\/wiadomosci\/wp-content\/uploads\/2024\/10\/24gliwice-logo-696.jpg","contentUrl":"https:\/\/www.24gliwice.pl\/wiadomosci\/wp-content\/uploads\/2024\/10\/24gliwice-logo-696.jpg","width":696,"height":696,"caption":"24gliwice"},"image":{"@id":"https:\/\/www.24gliwice.pl\/wiadomosci\/#\/schema\/logo\/image\/"},"sameAs":["https:\/\/www.facebook.com\/24gliwice","https:\/\/x.com\/24gliwice","https:\/\/www.youtube.com\/@24gliwice"]},{"@type":"Person","@id":"https:\/\/www.24gliwice.pl\/wiadomosci\/#\/schema\/person\/e42c650edd7f2fa332be3811fb166b6e","name":"\u017baneta Mrozek-Siewierska","image":{"@type":"ImageObject","inLanguage":"pl-PL","@id":"https:\/\/www.24gliwice.pl\/wiadomosci\/wp-content\/uploads\/2021\/11\/Zaneta-M_S-zdjecie-czb-96x96.jpg","url":"https:\/\/www.24gliwice.pl\/wiadomosci\/wp-content\/uploads\/2021\/11\/Zaneta-M_S-zdjecie-czb-96x96.jpg","contentUrl":"https:\/\/www.24gliwice.pl\/wiadomosci\/wp-content\/uploads\/2021\/11\/Zaneta-M_S-zdjecie-czb-96x96.jpg","caption":"\u017baneta Mrozek-Siewierska"},"url":"https:\/\/www.24gliwice.pl\/wiadomosci\/author\/zms\/"}]}},"_links":{"self":[{"href":"https:\/\/www.24gliwice.pl\/wiadomosci\/wp-json\/wp\/v2\/posts\/201749","targetHints":{"allow":["GET"]}}],"collection":[{"href":"https:\/\/www.24gliwice.pl\/wiadomosci\/wp-json\/wp\/v2\/posts"}],"about":[{"href":"https:\/\/www.24gliwice.pl\/wiadomosci\/wp-json\/wp\/v2\/types\/post"}],"author":[{"embeddable":true,"href":"https:\/\/www.24gliwice.pl\/wiadomosci\/wp-json\/wp\/v2\/users\/15"}],"replies":[{"embeddable":true,"href":"https:\/\/www.24gliwice.pl\/wiadomosci\/wp-json\/wp\/v2\/comments?post=201749"}],"version-history":[{"count":8,"href":"https:\/\/www.24gliwice.pl\/wiadomosci\/wp-json\/wp\/v2\/posts\/201749\/revisions"}],"predecessor-version":[{"id":201767,"href":"https:\/\/www.24gliwice.pl\/wiadomosci\/wp-json\/wp\/v2\/posts\/201749\/revisions\/201767"}],"wp:featuredmedia":[{"embeddable":true,"href":"https:\/\/www.24gliwice.pl\/wiadomosci\/wp-json\/wp\/v2\/media\/201755"}],"wp:attachment":[{"href":"https:\/\/www.24gliwice.pl\/wiadomosci\/wp-json\/wp\/v2\/media?parent=201749"}],"wp:term":[{"taxonomy":"category","embeddable":true,"href":"https:\/\/www.24gliwice.pl\/wiadomosci\/wp-json\/wp\/v2\/categories?post=201749"},{"taxonomy":"post_tag","embeddable":true,"href":"https:\/\/www.24gliwice.pl\/wiadomosci\/wp-json\/wp\/v2\/tags?post=201749"}],"curies":[{"name":"wp","href":"https:\/\/api.w.org\/{rel}","templated":true}]}}