{"id":201883,"date":"2022-10-27T12:46:21","date_gmt":"2022-10-27T10:46:21","guid":{"rendered":"https:\/\/www.24gliwice.pl\/wiadomosci\/?p=201883"},"modified":"2022-10-26T18:50:01","modified_gmt":"2022-10-26T16:50:01","slug":"zmiana-organizacji-ruchu-wokol-gliwickich-nekropolii-juz-od-piatku-warto-zwracac-uwage-na-znaki","status":"publish","type":"post","link":"https:\/\/www.24gliwice.pl\/wiadomosci\/zmiana-organizacji-ruchu-wokol-gliwickich-nekropolii-juz-od-piatku-warto-zwracac-uwage-na-znaki\/","title":{"rendered":"Zmiana organizacji ruchu wok\u00f3\u0142 gliwickich nekropolii ju\u017c od pi\u0105tku. Warto zwraca\u0107 uwag\u0119 na znaki"},"content":{"rendered":"<div class=\"gliwi-a6-nad-leadem-artykulow gliwi-entity-placement\" id=\"gliwi-2090731461\"><div class=\"gliwi-adlabel\"><span style=\"font-size: 9px\">REKLAMA<\/span><\/div><div id=\"gliwi-3828554998\" style=\"margin-bottom: 30px;margin-left: auto;margin-right: auto;text-align: center;\"><a data-no-instant=\"1\" href=\"https:\/\/przedszkole.halogen.org.pl\/\" rel=\"noopener\" class=\"a2t-link\" target=\"_blank\" aria-label=\"20260402-ANIMATOR-przedszkole_grafika_750x200\"><img loading=\"lazy\" decoding=\"async\" src=\"https:\/\/www.24gliwice.pl\/wiadomosci\/wp-content\/uploads\/2026\/04\/20260402-ANIMATOR-przedszkole_grafika_750x200.webp\" alt=\"\"  srcset=\"https:\/\/www.24gliwice.pl\/wiadomosci\/wp-content\/uploads\/2026\/04\/20260402-ANIMATOR-przedszkole_grafika_750x200.webp 750w, https:\/\/www.24gliwice.pl\/wiadomosci\/wp-content\/uploads\/2026\/04\/20260402-ANIMATOR-przedszkole_grafika_750x200-410x109.webp 410w\" sizes=\"(max-width: 750px) 100vw, 750px\" class=\"no-lazyload\" width=\"750\" height=\"200\"  style=\"display: inline-block; max-width: 100%; height: auto;\" \/><\/a><\/div><\/div><h2>Tegoroczne wyjazdy i porz\u0105dki z okazji Wszystkich \u015awi\u0119tych mog\u0105 rozpocz\u0105\u0107 si\u0119 wyj\u0105tkowo wcze\u015bnie, bo od pi\u0105tku, 28 pa\u017adziernika. Tego dnia zacznie obowi\u0105zywa\u0107 tak\u017ce zmieniona organizacja ruchu wok\u00f3\u0142 gliwickich nekropolii. Warto wzi\u0105\u0107 to pod uwag\u0119.<\/h2>\n<p>&nbsp;<\/p>\n<p>Jak co roku, tak i w tym ZDM wprowadzi na niekt\u00f3rych ulicach wok\u00f3\u0142 cmentarzy m.in. ruch jednokierunkowy. Modyfikacje dotycz\u0105 cmentarzy komunalnych i parafialnych, gdzie warunki infrastruktury wymagaj\u0105 takich korekt przy za\u0142o\u017ceniu sporego obci\u0105\u017cenia ruchem. Dotyczy to wi\u0119c Cmentarza Centralnego, Lipowego, przy ul. Wrzosowej a tak\u017ce \u015bw. Wojciecha.<\/p>\n<ul>\n<li><strong>Cmentarz Centralny<\/strong><\/li>\n<\/ul>\n<p>Zmiany w organizacji ruchu przy Cmentarzu Centralnym wprowadzone zostan\u0105 28 pa\u017adziernika oko\u0142o godziny 22:00 i obowi\u0105zywa\u0107 b\u0119d\u0105 do 2 listopada do godziny 06:00.<\/p><div class=\"gliwi-a3-w-tresci-artykulow gliwi-entity-placement\" id=\"gliwi-1207162643\"><div class=\"gliwi-adlabel\"><span style=\"font-size: 9px\">REKLAMA<\/span><\/div><div id=\"gliwi-4065805435\" style=\"margin-bottom: 30px;margin-left: auto;margin-right: auto;text-align: center;\"><a data-no-instant=\"1\" href=\"https:\/\/zlobek.halogen.org.pl\/\" rel=\"noopener\" class=\"a2t-link\" target=\"_blank\" aria-label=\"animator-zlobek_750x200\"><img loading=\"lazy\" decoding=\"async\" src=\"https:\/\/www.24gliwice.pl\/wiadomosci\/wp-content\/uploads\/2026\/02\/animator-zlobek_750x200.webp\" alt=\"\"  srcset=\"https:\/\/www.24gliwice.pl\/wiadomosci\/wp-content\/uploads\/2026\/02\/animator-zlobek_750x200.webp 750w, https:\/\/www.24gliwice.pl\/wiadomosci\/wp-content\/uploads\/2026\/02\/animator-zlobek_750x200-410x109.webp 410w\" sizes=\"(max-width: 750px) 100vw, 750px\" class=\"no-lazyload\" width=\"750\" height=\"200\"  style=\"display: inline-block; max-width: 100%; height: auto;\" \/><\/a><\/div><\/div>\n<p>Z ruchu wy\u0142\u0105czony b\u0119dzie, jak co roku, odcinek ul.\u00a0 Kozielskiej: od ul. Okulickiego do ronda im. W\u0142adys\u0142awa Andersa. Na ul. Okulickiego wprowadzony zostanie ruch jednokierunkowy.<\/p>\n<p><em><strong>Uwaga!\u00a0<\/strong><\/em>Z ul. Kozielskiej b\u0119dzie mo\u017cna tylko i wy\u0142\u0105cznie skr\u0119ci\u0107 w prawo w ul. Okulickiego. Nie b\u0119dzie mo\u017cliwo\u015bci dojazdu do ul. Andersa i dalej do ronda im. Andersa i ul. \u0141ab\u0119dzkiej. Odcinkiem bezpo\u015brednio przy cmentarzu Centralnym (od ul. Okulickiego do ronda im. Andersa) porusza\u0107 si\u0119 b\u0119d\u0105 mog\u0142y tylko i wy\u0142\u0105cznie autobusy: PKS, ZTM i TAXI oraz pojazdy dostawcze do 3,5 t. Ruch odbywa\u0142 si\u0119 b\u0119dzie jednokierunkowo od ul. Okulickiego w stron\u0119 ronda im. Andersa.<\/p>\n<p><em>W okresie Wszystkich \u015awi\u0119tych &#8211; w zale\u017cno\u015bci od nat\u0119\u017cenia ruchu, mo\u017ce by\u0107 wy\u0142\u0105czana sygnalizacja \u015bwietlna na skrzy\u017cowaniu ul. Kozielskiej z ul. Okulickiego.<\/em><\/p>\n<p><strong>Parkowanie w okolicach cmentarza Centralnego<\/strong><\/p>\n<p>Kierowcy jad\u0105cy od w\u0119z\u0142a DK88 \u2013 Okulickiego b\u0119d\u0105 mogli pozostawi\u0107 samoch\u00f3d na pobliskim parkingu przy Centrum Handlowym lub na parkingu usytuowanym na ty\u0142ach Cmentarza Centralnego. Dodatkowo samochody pozostawi\u0107 b\u0119dzie mo\u017cna po obu stronach ul. Andersa oraz jednostronnie na ul. Okulickiego.<\/p>\n<ul>\n<li><strong>Cmentarz przy ul. \u015aw. Wojciecha<\/strong><\/li>\n<\/ul>\n<p>Zmiany w organizacji ruchu tu tak\u017ce wprowadzone zostan\u0105 od pi\u0105tku, 28 pa\u017adziernika, od oko\u0142o godziny 22:00 i obowi\u0105zywa\u0107 b\u0119d\u0105 do 2 listopada do godziny 06:00.<\/p>\n<p>Na ul. \u015aw. Wojciecha wprowadzony zostanie jeden kierunek ruchu. Bezpo\u015bredni wjazd w ulic\u0119 &#8211; od strony ul. Toszeckiej &#8211; b\u0119dzie mo\u017cliwy tylko dla kierowc\u00f3w poruszaj\u0105cych si\u0119 od centrum miasta w kierunku Pyskowic. Jad\u0105cy ul. Toszeck\u0105 &#8211; od strony Pyskowic &#8211; dojad\u0105 do nekropolii po\u0142o\u017conej przy ul. \u015aw. Wojciecha skr\u0119caj\u0105c w ul. My\u015bliwsk\u0105.<\/p>\n<p><strong><em>Uwaga: <\/em><\/strong><em>Na cz\u0119\u015bci ul. \u015bw. Wojciecha wprowadzony zostanie prawostronny zakaz zatrzymywania. Pojazdy b\u0119dzie mo\u017cna pozostawi\u0107 po lewej (p\u00f3\u0142nocnej) stronie ul. \u015aw. Wojciecha i ul. Bo\u0144czyka.<\/em><\/p>\n<p>Jad\u0105cy od DK88 prowadzeni b\u0119d\u0105 objazdem ulicami: \u015aw. Wojciecha, Ja\u0142owcow\u0105, My\u015bliwsk\u0105 oraz Bo\u0144czyka. Dla samochod\u00f3w ci\u0119\u017carowych wytyczony zostanie przejazd: DK88 przez rondo na ul. Pionier\u00f3w do ul. Toszeckiej.<\/p>\n<ul>\n<li><strong>Cmentarz przy ul. Wrzosowej<\/strong><\/li>\n<\/ul>\n<p>W ciagu ul. Wrzosowej, wprowadzony zostanie ruch jednokierunkowy z mo\u017cliwo\u015bci\u0105 wyjazdu do ul: Zak\u0105tek Le\u015bny i ul. Olimpijskiej.<br \/>\nUlice: Olimpijska i Radosna &#8211; na czas Wszystkich \u015awi\u0119tych &#8211; b\u0119d\u0105 ulicami jednokierunkowymi. Dojazd do nekropolii przy ul. Wrzosowej odbywa\u0142 si\u0119 b\u0119dzie ul. Radosn\u0105.<\/p>\n<ul>\n<li><strong>Cmentarz Lipowy<\/strong><\/li>\n<\/ul>\n<p>Nie b\u0119dzie mo\u017cliwo\u015bci dojazdu do nekropolii ulicami: Brzozow\u0105 i Jod\u0142ow\u0105. <\/p>\n<p>(\u017cms)\/ZDM Gliwice<br \/>\nfot. Mosquidron &#8211; foto i wideo z lotu ptaka<\/p>\n<div class=\"gliwi-a5-na-koncu-artykulow gliwi-entity-placement\" id=\"gliwi-1783869297\"><div class=\"gliwi-adlabel\"><span style=\"font-size: 9px\">REKLAMA<\/span><\/div><div id=\"gliwi-3649311413\" style=\"margin-left: auto;margin-right: auto;text-align: center;\"><a data-no-instant=\"1\" href=\"https:\/\/prezeroarenagliwice.pl\/\" rel=\"noopener\" class=\"a2t-link\" target=\"_blank\" aria-label=\"20260309-PREZERO-WIOSNA-D\"><img loading=\"lazy\" decoding=\"async\" src=\"https:\/\/www.24gliwice.pl\/wiadomosci\/wp-content\/uploads\/2026\/03\/20260309-PREZERO-WIOSNA-D.webp\" alt=\"\"  srcset=\"https:\/\/www.24gliwice.pl\/wiadomosci\/wp-content\/uploads\/2026\/03\/20260309-PREZERO-WIOSNA-D.webp 750w, https:\/\/www.24gliwice.pl\/wiadomosci\/wp-content\/uploads\/2026\/03\/20260309-PREZERO-WIOSNA-D-410x109.webp 410w\" sizes=\"(max-width: 750px) 100vw, 750px\" class=\"no-lazyload\" width=\"750\" height=\"200\"  style=\"display: inline-block; max-width: 100%; height: auto;\" \/><\/a><\/div><\/div>","protected":false},"excerpt":{"rendered":"<p>Tegoroczne wyjazdy i porz\u0105dki z okazji Wszystkich \u015awi\u0119tych mog\u0105 rozpocz\u0105\u0107 si\u0119 wyj\u0105tkowo wcze\u015bnie, bo od pi\u0105tku, 28 pa\u017adziernika. Tego dnia zacznie obowi\u0105zywa\u0107 tak\u017ce zmieniona organizacja ruchu wok\u00f3\u0142 gliwickich nekropolii. Warto wzi\u0105\u0107 to pod uwag\u0119. &nbsp; Jak co roku, tak i w tym ZDM wprowadzi na niekt\u00f3rych ulicach wok\u00f3\u0142 cmentarzy m.in. ruch jednokierunkowy. Modyfikacje dotycz\u0105 cmentarzy [&hellip;]<\/p>\n","protected":false},"author":15,"featured_media":202168,"comment_status":"open","ping_status":"closed","sticky":false,"template":"","format":"standard","meta":{"_monsterinsights_skip_tracking":false,"_monsterinsights_sitenote_active":false,"_monsterinsights_sitenote_note":"","_monsterinsights_sitenote_category":0,"footnotes":"","_links_to":"","_links_to_target":""},"categories":[3,1],"tags":[5711,18948],"class_list":["post-201883","post","type-post","status-publish","format-standard","has-post-thumbnail","hentry","category-gliwice","category-wszystko","tag-wszystkich-swietych","tag-zmiana-organizacji-ruchu-wokol-gliwickich-cmentarzy"],"yoast_head":"<!-- This site is optimized with the Yoast SEO plugin v27.4 - https:\/\/yoast.com\/product\/yoast-seo-wordpress\/ -->\n<title>Zmiana organizacji ruchu wok\u00f3\u0142 gliwickich nekropolii ju\u017c od pi\u0105tku. Warto zwraca\u0107 uwag\u0119 na znaki - 24GLIWICE - Portal Gliwice | codziennie nowe informacje<\/title>\n<meta name=\"description\" content=\"Zmiana organizacji ruchu wok\u00f3\u0142 gliwickich nekropolii. Jak co roku, tak i w tym cz\u0119\u015b\u0107 ulic b\u0119dzie jednokierunkowa. Co jeszcze si\u0119 zmieni?\" \/>\n<meta name=\"robots\" content=\"index, follow, max-snippet:-1, max-image-preview:large, max-video-preview:-1\" \/>\n<link rel=\"canonical\" href=\"https:\/\/www.24gliwice.pl\/wiadomosci\/zmiana-organizacji-ruchu-wokol-gliwickich-nekropolii-juz-od-piatku-warto-zwracac-uwage-na-znaki\/\" \/>\n<meta property=\"og:locale\" content=\"pl_PL\" \/>\n<meta property=\"og:type\" content=\"article\" \/>\n<meta property=\"og:title\" content=\"Zmiana organizacji ruchu wok\u00f3\u0142 gliwickich nekropolii ju\u017c od pi\u0105tku. Warto zwraca\u0107 uwag\u0119 na znaki - 24GLIWICE - Portal Gliwice | codziennie nowe informacje\" \/>\n<meta property=\"og:description\" content=\"Zmiana organizacji ruchu wok\u00f3\u0142 gliwickich nekropolii. Jak co roku, tak i w tym cz\u0119\u015b\u0107 ulic b\u0119dzie jednokierunkowa. Co jeszcze si\u0119 zmieni?\" \/>\n<meta property=\"og:url\" content=\"https:\/\/www.24gliwice.pl\/wiadomosci\/zmiana-organizacji-ruchu-wokol-gliwickich-nekropolii-juz-od-piatku-warto-zwracac-uwage-na-znaki\/\" \/>\n<meta property=\"og:site_name\" content=\"24GLIWICE - Portal Gliwice | codziennie nowe informacje\" \/>\n<meta property=\"article:publisher\" content=\"https:\/\/www.facebook.com\/24gliwice\" \/>\n<meta property=\"article:published_time\" content=\"2022-10-27T10:46:21+00:00\" \/>\n<meta property=\"og:image\" content=\"https:\/\/www.24gliwice.pl\/wiadomosci\/wp-content\/uploads\/2022\/10\/cmentarz-centralny-mosquidron3.jpg\" \/>\n\t<meta property=\"og:image:width\" content=\"810\" \/>\n\t<meta property=\"og:image:height\" content=\"457\" \/>\n\t<meta property=\"og:image:type\" content=\"image\/jpeg\" \/>\n<meta name=\"author\" content=\"\u017baneta Mrozek-Siewierska\" \/>\n<meta name=\"twitter:card\" content=\"summary_large_image\" \/>\n<meta name=\"twitter:creator\" content=\"@24gliwice\" \/>\n<meta name=\"twitter:site\" content=\"@24gliwice\" \/>\n<meta name=\"twitter:label1\" content=\"Napisane przez\" \/>\n\t<meta name=\"twitter:data1\" content=\"\u017baneta Mrozek-Siewierska\" \/>\n\t<meta name=\"twitter:label2\" content=\"Szacowany czas czytania\" \/>\n\t<meta name=\"twitter:data2\" content=\"3 minuty\" \/>\n<script type=\"application\/ld+json\" class=\"yoast-schema-graph\">{\"@context\":\"https:\\\/\\\/schema.org\",\"@graph\":[{\"@type\":\"Article\",\"@id\":\"https:\\\/\\\/www.24gliwice.pl\\\/wiadomosci\\\/zmiana-organizacji-ruchu-wokol-gliwickich-nekropolii-juz-od-piatku-warto-zwracac-uwage-na-znaki\\\/#article\",\"isPartOf\":{\"@id\":\"https:\\\/\\\/www.24gliwice.pl\\\/wiadomosci\\\/zmiana-organizacji-ruchu-wokol-gliwickich-nekropolii-juz-od-piatku-warto-zwracac-uwage-na-znaki\\\/\"},\"author\":{\"name\":\"\u017baneta Mrozek-Siewierska\",\"@id\":\"https:\\\/\\\/www.24gliwice.pl\\\/wiadomosci\\\/#\\\/schema\\\/person\\\/e42c650edd7f2fa332be3811fb166b6e\"},\"headline\":\"Zmiana organizacji ruchu wok\u00f3\u0142 gliwickich nekropolii ju\u017c od pi\u0105tku. Warto zwraca\u0107 uwag\u0119 na znaki\",\"datePublished\":\"2022-10-27T10:46:21+00:00\",\"mainEntityOfPage\":{\"@id\":\"https:\\\/\\\/www.24gliwice.pl\\\/wiadomosci\\\/zmiana-organizacji-ruchu-wokol-gliwickich-nekropolii-juz-od-piatku-warto-zwracac-uwage-na-znaki\\\/\"},\"wordCount\":574,\"commentCount\":0,\"publisher\":{\"@id\":\"https:\\\/\\\/www.24gliwice.pl\\\/wiadomosci\\\/#organization\"},\"image\":{\"@id\":\"https:\\\/\\\/www.24gliwice.pl\\\/wiadomosci\\\/zmiana-organizacji-ruchu-wokol-gliwickich-nekropolii-juz-od-piatku-warto-zwracac-uwage-na-znaki\\\/#primaryimage\"},\"thumbnailUrl\":\"https:\\\/\\\/www.24gliwice.pl\\\/wiadomosci\\\/wp-content\\\/uploads\\\/2022\\\/10\\\/cmentarz-centralny-mosquidron3.jpg\",\"keywords\":[\"WSZYSTKICH \u015aWI\u0118TYCH\",\"zmiana organizacji ruchu wok\u00f3\u0142 gliwickich cmentarzy\"],\"articleSection\":[\"Gliwice\",\"Najnowsze wiadomo\u015bci\"],\"inLanguage\":\"pl-PL\",\"potentialAction\":[{\"@type\":\"CommentAction\",\"name\":\"Comment\",\"target\":[\"https:\\\/\\\/www.24gliwice.pl\\\/wiadomosci\\\/zmiana-organizacji-ruchu-wokol-gliwickich-nekropolii-juz-od-piatku-warto-zwracac-uwage-na-znaki\\\/#respond\"]}]},{\"@type\":\"WebPage\",\"@id\":\"https:\\\/\\\/www.24gliwice.pl\\\/wiadomosci\\\/zmiana-organizacji-ruchu-wokol-gliwickich-nekropolii-juz-od-piatku-warto-zwracac-uwage-na-znaki\\\/\",\"url\":\"https:\\\/\\\/www.24gliwice.pl\\\/wiadomosci\\\/zmiana-organizacji-ruchu-wokol-gliwickich-nekropolii-juz-od-piatku-warto-zwracac-uwage-na-znaki\\\/\",\"name\":\"Zmiana organizacji ruchu wok\u00f3\u0142 gliwickich nekropolii ju\u017c od pi\u0105tku. Warto zwraca\u0107 uwag\u0119 na znaki - 24GLIWICE - Portal Gliwice | codziennie nowe informacje\",\"isPartOf\":{\"@id\":\"https:\\\/\\\/www.24gliwice.pl\\\/wiadomosci\\\/#website\"},\"primaryImageOfPage\":{\"@id\":\"https:\\\/\\\/www.24gliwice.pl\\\/wiadomosci\\\/zmiana-organizacji-ruchu-wokol-gliwickich-nekropolii-juz-od-piatku-warto-zwracac-uwage-na-znaki\\\/#primaryimage\"},\"image\":{\"@id\":\"https:\\\/\\\/www.24gliwice.pl\\\/wiadomosci\\\/zmiana-organizacji-ruchu-wokol-gliwickich-nekropolii-juz-od-piatku-warto-zwracac-uwage-na-znaki\\\/#primaryimage\"},\"thumbnailUrl\":\"https:\\\/\\\/www.24gliwice.pl\\\/wiadomosci\\\/wp-content\\\/uploads\\\/2022\\\/10\\\/cmentarz-centralny-mosquidron3.jpg\",\"datePublished\":\"2022-10-27T10:46:21+00:00\",\"description\":\"Zmiana organizacji ruchu wok\u00f3\u0142 gliwickich nekropolii. Jak co roku, tak i w tym cz\u0119\u015b\u0107 ulic b\u0119dzie jednokierunkowa. Co jeszcze si\u0119 zmieni?\",\"breadcrumb\":{\"@id\":\"https:\\\/\\\/www.24gliwice.pl\\\/wiadomosci\\\/zmiana-organizacji-ruchu-wokol-gliwickich-nekropolii-juz-od-piatku-warto-zwracac-uwage-na-znaki\\\/#breadcrumb\"},\"inLanguage\":\"pl-PL\",\"potentialAction\":[{\"@type\":\"ReadAction\",\"target\":[\"https:\\\/\\\/www.24gliwice.pl\\\/wiadomosci\\\/zmiana-organizacji-ruchu-wokol-gliwickich-nekropolii-juz-od-piatku-warto-zwracac-uwage-na-znaki\\\/\"]}]},{\"@type\":\"ImageObject\",\"inLanguage\":\"pl-PL\",\"@id\":\"https:\\\/\\\/www.24gliwice.pl\\\/wiadomosci\\\/zmiana-organizacji-ruchu-wokol-gliwickich-nekropolii-juz-od-piatku-warto-zwracac-uwage-na-znaki\\\/#primaryimage\",\"url\":\"https:\\\/\\\/www.24gliwice.pl\\\/wiadomosci\\\/wp-content\\\/uploads\\\/2022\\\/10\\\/cmentarz-centralny-mosquidron3.jpg\",\"contentUrl\":\"https:\\\/\\\/www.24gliwice.pl\\\/wiadomosci\\\/wp-content\\\/uploads\\\/2022\\\/10\\\/cmentarz-centralny-mosquidron3.jpg\",\"width\":810,\"height\":457},{\"@type\":\"BreadcrumbList\",\"@id\":\"https:\\\/\\\/www.24gliwice.pl\\\/wiadomosci\\\/zmiana-organizacji-ruchu-wokol-gliwickich-nekropolii-juz-od-piatku-warto-zwracac-uwage-na-znaki\\\/#breadcrumb\",\"itemListElement\":[{\"@type\":\"ListItem\",\"position\":1,\"name\":\"Strona g\u0142\u00f3wna\",\"item\":\"https:\\\/\\\/www.24gliwice.pl\\\/wiadomosci\\\/\"},{\"@type\":\"ListItem\",\"position\":2,\"name\":\"Zmiana organizacji ruchu wok\u00f3\u0142 gliwickich nekropolii ju\u017c od pi\u0105tku. Warto zwraca\u0107 uwag\u0119 na znaki\"}]},{\"@type\":\"WebSite\",\"@id\":\"https:\\\/\\\/www.24gliwice.pl\\\/wiadomosci\\\/#website\",\"url\":\"https:\\\/\\\/www.24gliwice.pl\\\/wiadomosci\\\/\",\"name\":\"24GLIWICE - Portal Gliwice | codziennie nowe wiadomo\u015bci\",\"description\":\"Portal Miejski Gliwice\",\"publisher\":{\"@id\":\"https:\\\/\\\/www.24gliwice.pl\\\/wiadomosci\\\/#organization\"},\"potentialAction\":[{\"@type\":\"SearchAction\",\"target\":{\"@type\":\"EntryPoint\",\"urlTemplate\":\"https:\\\/\\\/www.24gliwice.pl\\\/wiadomosci\\\/?s={search_term_string}\"},\"query-input\":{\"@type\":\"PropertyValueSpecification\",\"valueRequired\":true,\"valueName\":\"search_term_string\"}}],\"inLanguage\":\"pl-PL\"},{\"@type\":\"Organization\",\"@id\":\"https:\\\/\\\/www.24gliwice.pl\\\/wiadomosci\\\/#organization\",\"name\":\"24gliwice\",\"url\":\"https:\\\/\\\/www.24gliwice.pl\\\/wiadomosci\\\/\",\"logo\":{\"@type\":\"ImageObject\",\"inLanguage\":\"pl-PL\",\"@id\":\"https:\\\/\\\/www.24gliwice.pl\\\/wiadomosci\\\/#\\\/schema\\\/logo\\\/image\\\/\",\"url\":\"https:\\\/\\\/www.24gliwice.pl\\\/wiadomosci\\\/wp-content\\\/uploads\\\/2024\\\/10\\\/24gliwice-logo-696.jpg\",\"contentUrl\":\"https:\\\/\\\/www.24gliwice.pl\\\/wiadomosci\\\/wp-content\\\/uploads\\\/2024\\\/10\\\/24gliwice-logo-696.jpg\",\"width\":696,\"height\":696,\"caption\":\"24gliwice\"},\"image\":{\"@id\":\"https:\\\/\\\/www.24gliwice.pl\\\/wiadomosci\\\/#\\\/schema\\\/logo\\\/image\\\/\"},\"sameAs\":[\"https:\\\/\\\/www.facebook.com\\\/24gliwice\",\"https:\\\/\\\/x.com\\\/24gliwice\",\"https:\\\/\\\/www.youtube.com\\\/@24gliwice\"]},{\"@type\":\"Person\",\"@id\":\"https:\\\/\\\/www.24gliwice.pl\\\/wiadomosci\\\/#\\\/schema\\\/person\\\/e42c650edd7f2fa332be3811fb166b6e\",\"name\":\"\u017baneta Mrozek-Siewierska\",\"image\":{\"@type\":\"ImageObject\",\"inLanguage\":\"pl-PL\",\"@id\":\"https:\\\/\\\/www.24gliwice.pl\\\/wiadomosci\\\/wp-content\\\/uploads\\\/2021\\\/11\\\/Zaneta-M_S-zdjecie-czb-96x96.jpg\",\"url\":\"https:\\\/\\\/www.24gliwice.pl\\\/wiadomosci\\\/wp-content\\\/uploads\\\/2021\\\/11\\\/Zaneta-M_S-zdjecie-czb-96x96.jpg\",\"contentUrl\":\"https:\\\/\\\/www.24gliwice.pl\\\/wiadomosci\\\/wp-content\\\/uploads\\\/2021\\\/11\\\/Zaneta-M_S-zdjecie-czb-96x96.jpg\",\"caption\":\"\u017baneta Mrozek-Siewierska\"},\"url\":\"https:\\\/\\\/www.24gliwice.pl\\\/wiadomosci\\\/author\\\/zms\\\/\"}]}<\/script>\n<!-- \/ Yoast SEO plugin. -->","yoast_head_json":{"title":"Zmiana organizacji ruchu wok\u00f3\u0142 gliwickich nekropolii ju\u017c od pi\u0105tku. Warto zwraca\u0107 uwag\u0119 na znaki - 24GLIWICE - Portal Gliwice | codziennie nowe informacje","description":"Zmiana organizacji ruchu wok\u00f3\u0142 gliwickich nekropolii. Jak co roku, tak i w tym cz\u0119\u015b\u0107 ulic b\u0119dzie jednokierunkowa. Co jeszcze si\u0119 zmieni?","robots":{"index":"index","follow":"follow","max-snippet":"max-snippet:-1","max-image-preview":"max-image-preview:large","max-video-preview":"max-video-preview:-1"},"canonical":"https:\/\/www.24gliwice.pl\/wiadomosci\/zmiana-organizacji-ruchu-wokol-gliwickich-nekropolii-juz-od-piatku-warto-zwracac-uwage-na-znaki\/","og_locale":"pl_PL","og_type":"article","og_title":"Zmiana organizacji ruchu wok\u00f3\u0142 gliwickich nekropolii ju\u017c od pi\u0105tku. Warto zwraca\u0107 uwag\u0119 na znaki - 24GLIWICE - Portal Gliwice | codziennie nowe informacje","og_description":"Zmiana organizacji ruchu wok\u00f3\u0142 gliwickich nekropolii. Jak co roku, tak i w tym cz\u0119\u015b\u0107 ulic b\u0119dzie jednokierunkowa. Co jeszcze si\u0119 zmieni?","og_url":"https:\/\/www.24gliwice.pl\/wiadomosci\/zmiana-organizacji-ruchu-wokol-gliwickich-nekropolii-juz-od-piatku-warto-zwracac-uwage-na-znaki\/","og_site_name":"24GLIWICE - Portal Gliwice | codziennie nowe informacje","article_publisher":"https:\/\/www.facebook.com\/24gliwice","article_published_time":"2022-10-27T10:46:21+00:00","og_image":[{"width":810,"height":457,"url":"https:\/\/www.24gliwice.pl\/wiadomosci\/wp-content\/uploads\/2022\/10\/cmentarz-centralny-mosquidron3.jpg","type":"image\/jpeg"}],"author":"\u017baneta Mrozek-Siewierska","twitter_card":"summary_large_image","twitter_creator":"@24gliwice","twitter_site":"@24gliwice","twitter_misc":{"Napisane przez":"\u017baneta Mrozek-Siewierska","Szacowany czas czytania":"3 minuty"},"schema":{"@context":"https:\/\/schema.org","@graph":[{"@type":"Article","@id":"https:\/\/www.24gliwice.pl\/wiadomosci\/zmiana-organizacji-ruchu-wokol-gliwickich-nekropolii-juz-od-piatku-warto-zwracac-uwage-na-znaki\/#article","isPartOf":{"@id":"https:\/\/www.24gliwice.pl\/wiadomosci\/zmiana-organizacji-ruchu-wokol-gliwickich-nekropolii-juz-od-piatku-warto-zwracac-uwage-na-znaki\/"},"author":{"name":"\u017baneta Mrozek-Siewierska","@id":"https:\/\/www.24gliwice.pl\/wiadomosci\/#\/schema\/person\/e42c650edd7f2fa332be3811fb166b6e"},"headline":"Zmiana organizacji ruchu wok\u00f3\u0142 gliwickich nekropolii ju\u017c od pi\u0105tku. Warto zwraca\u0107 uwag\u0119 na znaki","datePublished":"2022-10-27T10:46:21+00:00","mainEntityOfPage":{"@id":"https:\/\/www.24gliwice.pl\/wiadomosci\/zmiana-organizacji-ruchu-wokol-gliwickich-nekropolii-juz-od-piatku-warto-zwracac-uwage-na-znaki\/"},"wordCount":574,"commentCount":0,"publisher":{"@id":"https:\/\/www.24gliwice.pl\/wiadomosci\/#organization"},"image":{"@id":"https:\/\/www.24gliwice.pl\/wiadomosci\/zmiana-organizacji-ruchu-wokol-gliwickich-nekropolii-juz-od-piatku-warto-zwracac-uwage-na-znaki\/#primaryimage"},"thumbnailUrl":"https:\/\/www.24gliwice.pl\/wiadomosci\/wp-content\/uploads\/2022\/10\/cmentarz-centralny-mosquidron3.jpg","keywords":["WSZYSTKICH \u015aWI\u0118TYCH","zmiana organizacji ruchu wok\u00f3\u0142 gliwickich cmentarzy"],"articleSection":["Gliwice","Najnowsze wiadomo\u015bci"],"inLanguage":"pl-PL","potentialAction":[{"@type":"CommentAction","name":"Comment","target":["https:\/\/www.24gliwice.pl\/wiadomosci\/zmiana-organizacji-ruchu-wokol-gliwickich-nekropolii-juz-od-piatku-warto-zwracac-uwage-na-znaki\/#respond"]}]},{"@type":"WebPage","@id":"https:\/\/www.24gliwice.pl\/wiadomosci\/zmiana-organizacji-ruchu-wokol-gliwickich-nekropolii-juz-od-piatku-warto-zwracac-uwage-na-znaki\/","url":"https:\/\/www.24gliwice.pl\/wiadomosci\/zmiana-organizacji-ruchu-wokol-gliwickich-nekropolii-juz-od-piatku-warto-zwracac-uwage-na-znaki\/","name":"Zmiana organizacji ruchu wok\u00f3\u0142 gliwickich nekropolii ju\u017c od pi\u0105tku. Warto zwraca\u0107 uwag\u0119 na znaki - 24GLIWICE - Portal Gliwice | codziennie nowe informacje","isPartOf":{"@id":"https:\/\/www.24gliwice.pl\/wiadomosci\/#website"},"primaryImageOfPage":{"@id":"https:\/\/www.24gliwice.pl\/wiadomosci\/zmiana-organizacji-ruchu-wokol-gliwickich-nekropolii-juz-od-piatku-warto-zwracac-uwage-na-znaki\/#primaryimage"},"image":{"@id":"https:\/\/www.24gliwice.pl\/wiadomosci\/zmiana-organizacji-ruchu-wokol-gliwickich-nekropolii-juz-od-piatku-warto-zwracac-uwage-na-znaki\/#primaryimage"},"thumbnailUrl":"https:\/\/www.24gliwice.pl\/wiadomosci\/wp-content\/uploads\/2022\/10\/cmentarz-centralny-mosquidron3.jpg","datePublished":"2022-10-27T10:46:21+00:00","description":"Zmiana organizacji ruchu wok\u00f3\u0142 gliwickich nekropolii. Jak co roku, tak i w tym cz\u0119\u015b\u0107 ulic b\u0119dzie jednokierunkowa. Co jeszcze si\u0119 zmieni?","breadcrumb":{"@id":"https:\/\/www.24gliwice.pl\/wiadomosci\/zmiana-organizacji-ruchu-wokol-gliwickich-nekropolii-juz-od-piatku-warto-zwracac-uwage-na-znaki\/#breadcrumb"},"inLanguage":"pl-PL","potentialAction":[{"@type":"ReadAction","target":["https:\/\/www.24gliwice.pl\/wiadomosci\/zmiana-organizacji-ruchu-wokol-gliwickich-nekropolii-juz-od-piatku-warto-zwracac-uwage-na-znaki\/"]}]},{"@type":"ImageObject","inLanguage":"pl-PL","@id":"https:\/\/www.24gliwice.pl\/wiadomosci\/zmiana-organizacji-ruchu-wokol-gliwickich-nekropolii-juz-od-piatku-warto-zwracac-uwage-na-znaki\/#primaryimage","url":"https:\/\/www.24gliwice.pl\/wiadomosci\/wp-content\/uploads\/2022\/10\/cmentarz-centralny-mosquidron3.jpg","contentUrl":"https:\/\/www.24gliwice.pl\/wiadomosci\/wp-content\/uploads\/2022\/10\/cmentarz-centralny-mosquidron3.jpg","width":810,"height":457},{"@type":"BreadcrumbList","@id":"https:\/\/www.24gliwice.pl\/wiadomosci\/zmiana-organizacji-ruchu-wokol-gliwickich-nekropolii-juz-od-piatku-warto-zwracac-uwage-na-znaki\/#breadcrumb","itemListElement":[{"@type":"ListItem","position":1,"name":"Strona g\u0142\u00f3wna","item":"https:\/\/www.24gliwice.pl\/wiadomosci\/"},{"@type":"ListItem","position":2,"name":"Zmiana organizacji ruchu wok\u00f3\u0142 gliwickich nekropolii ju\u017c od pi\u0105tku. Warto zwraca\u0107 uwag\u0119 na znaki"}]},{"@type":"WebSite","@id":"https:\/\/www.24gliwice.pl\/wiadomosci\/#website","url":"https:\/\/www.24gliwice.pl\/wiadomosci\/","name":"24GLIWICE - Portal Gliwice | codziennie nowe wiadomo\u015bci","description":"Portal Miejski Gliwice","publisher":{"@id":"https:\/\/www.24gliwice.pl\/wiadomosci\/#organization"},"potentialAction":[{"@type":"SearchAction","target":{"@type":"EntryPoint","urlTemplate":"https:\/\/www.24gliwice.pl\/wiadomosci\/?s={search_term_string}"},"query-input":{"@type":"PropertyValueSpecification","valueRequired":true,"valueName":"search_term_string"}}],"inLanguage":"pl-PL"},{"@type":"Organization","@id":"https:\/\/www.24gliwice.pl\/wiadomosci\/#organization","name":"24gliwice","url":"https:\/\/www.24gliwice.pl\/wiadomosci\/","logo":{"@type":"ImageObject","inLanguage":"pl-PL","@id":"https:\/\/www.24gliwice.pl\/wiadomosci\/#\/schema\/logo\/image\/","url":"https:\/\/www.24gliwice.pl\/wiadomosci\/wp-content\/uploads\/2024\/10\/24gliwice-logo-696.jpg","contentUrl":"https:\/\/www.24gliwice.pl\/wiadomosci\/wp-content\/uploads\/2024\/10\/24gliwice-logo-696.jpg","width":696,"height":696,"caption":"24gliwice"},"image":{"@id":"https:\/\/www.24gliwice.pl\/wiadomosci\/#\/schema\/logo\/image\/"},"sameAs":["https:\/\/www.facebook.com\/24gliwice","https:\/\/x.com\/24gliwice","https:\/\/www.youtube.com\/@24gliwice"]},{"@type":"Person","@id":"https:\/\/www.24gliwice.pl\/wiadomosci\/#\/schema\/person\/e42c650edd7f2fa332be3811fb166b6e","name":"\u017baneta Mrozek-Siewierska","image":{"@type":"ImageObject","inLanguage":"pl-PL","@id":"https:\/\/www.24gliwice.pl\/wiadomosci\/wp-content\/uploads\/2021\/11\/Zaneta-M_S-zdjecie-czb-96x96.jpg","url":"https:\/\/www.24gliwice.pl\/wiadomosci\/wp-content\/uploads\/2021\/11\/Zaneta-M_S-zdjecie-czb-96x96.jpg","contentUrl":"https:\/\/www.24gliwice.pl\/wiadomosci\/wp-content\/uploads\/2021\/11\/Zaneta-M_S-zdjecie-czb-96x96.jpg","caption":"\u017baneta Mrozek-Siewierska"},"url":"https:\/\/www.24gliwice.pl\/wiadomosci\/author\/zms\/"}]}},"_links":{"self":[{"href":"https:\/\/www.24gliwice.pl\/wiadomosci\/wp-json\/wp\/v2\/posts\/201883","targetHints":{"allow":["GET"]}}],"collection":[{"href":"https:\/\/www.24gliwice.pl\/wiadomosci\/wp-json\/wp\/v2\/posts"}],"about":[{"href":"https:\/\/www.24gliwice.pl\/wiadomosci\/wp-json\/wp\/v2\/types\/post"}],"author":[{"embeddable":true,"href":"https:\/\/www.24gliwice.pl\/wiadomosci\/wp-json\/wp\/v2\/users\/15"}],"replies":[{"embeddable":true,"href":"https:\/\/www.24gliwice.pl\/wiadomosci\/wp-json\/wp\/v2\/comments?post=201883"}],"version-history":[{"count":10,"href":"https:\/\/www.24gliwice.pl\/wiadomosci\/wp-json\/wp\/v2\/posts\/201883\/revisions"}],"predecessor-version":[{"id":202581,"href":"https:\/\/www.24gliwice.pl\/wiadomosci\/wp-json\/wp\/v2\/posts\/201883\/revisions\/202581"}],"wp:featuredmedia":[{"embeddable":true,"href":"https:\/\/www.24gliwice.pl\/wiadomosci\/wp-json\/wp\/v2\/media\/202168"}],"wp:attachment":[{"href":"https:\/\/www.24gliwice.pl\/wiadomosci\/wp-json\/wp\/v2\/media?parent=201883"}],"wp:term":[{"taxonomy":"category","embeddable":true,"href":"https:\/\/www.24gliwice.pl\/wiadomosci\/wp-json\/wp\/v2\/categories?post=201883"},{"taxonomy":"post_tag","embeddable":true,"href":"https:\/\/www.24gliwice.pl\/wiadomosci\/wp-json\/wp\/v2\/tags?post=201883"}],"curies":[{"name":"wp","href":"https:\/\/api.w.org\/{rel}","templated":true}]}}