{"id":201914,"date":"2022-10-19T06:44:30","date_gmt":"2022-10-19T04:44:30","guid":{"rendered":"https:\/\/www.24gliwice.pl\/wiadomosci\/?p=201914"},"modified":"2022-10-19T02:52:59","modified_gmt":"2022-10-19T00:52:59","slug":"na-placu-piastow-po-przebudowie-pojawily-sie-pierwsze-nowe-drzewa","status":"publish","type":"post","link":"https:\/\/www.24gliwice.pl\/wiadomosci\/na-placu-piastow-po-przebudowie-pojawily-sie-pierwsze-nowe-drzewa\/","title":{"rendered":"Na placu Piast\u00f3w po przebudowie pojawi\u0142y si\u0119 pierwsze nowe drzewa"},"content":{"rendered":"<div class=\"gliwi-a6-nad-leadem-artykulow gliwi-entity-placement\" id=\"gliwi-3924027012\"><div class=\"gliwi-adlabel\"><span style=\"font-size: 9px\">REKLAMA<\/span><\/div><div id=\"gliwi-3398235673\" style=\"margin-bottom: 25px;margin-left: auto;margin-right: auto;text-align: center;\"><a data-no-instant=\"1\" href=\"https:\/\/dom100.eu\/\" rel=\"noopener\" class=\"a2t-link\" target=\"_blank\" aria-label=\"20260415 DOM100 D\"><img loading=\"lazy\" decoding=\"async\" src=\"https:\/\/www.24gliwice.pl\/wiadomosci\/wp-content\/uploads\/2026\/04\/20260415-DOM100-D.jpg\" alt=\"\"  srcset=\"https:\/\/www.24gliwice.pl\/wiadomosci\/wp-content\/uploads\/2026\/04\/20260415-DOM100-D.jpg 750w, https:\/\/www.24gliwice.pl\/wiadomosci\/wp-content\/uploads\/2026\/04\/20260415-DOM100-D-410x109.jpg 410w\" sizes=\"(max-width: 750px) 100vw, 750px\" class=\"no-lazyload\" width=\"750\" height=\"200\"  style=\"display: inline-block; max-width: 100%; height: auto;\" \/><\/a><\/div><\/div><h2>Zarz\u0105d Dr\u00f3g Miejskich nasadzi\u0142 w poniedzia\u0142ek drzewa na placu Piast\u00f3w. Jak mo\u017cna dowiedzie\u0107 si\u0119 z komunikatu, tylu drzew w tym miejscu jeszcze nie by\u0142o. <\/h2>\n<p>&nbsp;<br \/>\nDawny spos\u00f3b urz\u0105dzenia placu Piast\u00f3w, a zatem i rosn\u0105c\u0105 tam wcze\u015bniej ziele\u0144, mo\u017cna powspomina\u0107 spogl\u0105daj\u0105c np. na zdj\u0119cia na Google Maps. <\/p>\n<p><iframe src=\"https:\/\/www.google.com\/maps\/embed?pb=!4v1666078818364!6m8!1m7!1s4zMv1V2kCFi1TCXojeoIIg!2m2!1d50.29830494293614!2d18.6771240810245!3f143.30675211990396!4f1.9746572796168351!5f0.7820865974627469\" width=\"810\" height=\"450\" style=\"border:0;\" allowfullscreen=\"\" loading=\"lazy\" referrerpolicy=\"no-referrer-when-downgrade\"><\/iframe><\/p>\n<p>&#8211; <em>Tylu drzew w tym miejscu jeszcze nie by\u0142o. Dzi\u015b na placu Piast\u00f3w rozpocz\u0105\u0142 si\u0119 pierwszy etap nasadze\u0144. Do ko\u0144ca roku, w tej cz\u0119\u015bci miasta ros\u0142o b\u0119dzie sze\u015b\u0107dziesi\u0105t drzew. Opr\u00f3cz glediczji, nasadzone zostan\u0105 platany, g\u0142ogi i tulipanowce<\/em> &#8211; poinformowa\u0142 w poniedzia\u0142ek ZDM Gliwice. <\/p><div class=\"gliwi-a3-w-tresci-artykulow gliwi-entity-placement\" id=\"gliwi-1726590112\"><div class=\"gliwi-adlabel\"><span style=\"font-size: 9px\">REKLAMA<\/span><\/div><div id=\"gliwi-1097161694\" style=\"margin-bottom: 30px;margin-left: auto;margin-right: auto;text-align: center;\"><a data-no-instant=\"1\" href=\"https:\/\/ogrodyandersa.pl\/\" rel=\"noopener\" class=\"a2t-link\" target=\"_blank\" aria-label=\"20260415 Ogrody Andersa KUP TERAZ D\"><img loading=\"lazy\" decoding=\"async\" src=\"https:\/\/www.24gliwice.pl\/wiadomosci\/wp-content\/uploads\/2026\/04\/20260415-Ogrody-Andersa-KUP-TERAZ-D.jpg\" alt=\"\"  srcset=\"https:\/\/www.24gliwice.pl\/wiadomosci\/wp-content\/uploads\/2026\/04\/20260415-Ogrody-Andersa-KUP-TERAZ-D.jpg 750w, https:\/\/www.24gliwice.pl\/wiadomosci\/wp-content\/uploads\/2026\/04\/20260415-Ogrody-Andersa-KUP-TERAZ-D-410x109.jpg 410w\" sizes=\"(max-width: 750px) 100vw, 750px\" class=\"no-lazyload\" width=\"750\" height=\"200\"  style=\"display: inline-block; max-width: 100%; height: auto;\" \/><\/a><\/div><\/div>\n<p><a href=\"https:\/\/www.24gliwice.pl\/wiadomosci\/wp-content\/uploads\/2022\/10\/drzewa-plac-piastow-2.jpg\"><img loading=\"lazy\" decoding=\"async\" src=\"https:\/\/www.24gliwice.pl\/wiadomosci\/wp-content\/uploads\/2022\/10\/drzewa-plac-piastow-2.jpg\" alt=\"\" width=\"810\" height=\"454\" class=\"alignnone size-full wp-image-201921\" srcset=\"https:\/\/www.24gliwice.pl\/wiadomosci\/wp-content\/uploads\/2022\/10\/drzewa-plac-piastow-2.jpg 810w, https:\/\/www.24gliwice.pl\/wiadomosci\/wp-content\/uploads\/2022\/10\/drzewa-plac-piastow-2-410x230.jpg 410w, https:\/\/www.24gliwice.pl\/wiadomosci\/wp-content\/uploads\/2022\/10\/drzewa-plac-piastow-2-768x430.jpg 768w\" sizes=\"auto, (max-width: 810px) 100vw, 810px\" \/><\/a><\/p>\n<p>&#8211; <em>Niespe\u0142na miesi\u0105c temu zagospodarowuj\u0105c zieleni\u0105 przebudowywan\u0105 cz\u0119\u015b\u0107 Placu Piast\u00f3w, nasadzili\u015bmy ponad dwa tysi\u0105ce r\u00f3\u017c. Opr\u00f3cz krzew\u00f3w swoje miejsce znajd\u0105 tam ro\u015bliny cebulowe. Narcyzy, czosnki i krokusy od wczesnej wiosny ozdobi\u0105 ziele\u0144ce, podczas gdy pozosta\u0142e ro\u015bliny b\u0119d\u0105 dopiero wznawia\u0107 wegetacj\u0119 po zimie<\/em> &#8211; dodaje Zarz\u0105d. <\/p>\n<p><iframe src=\"https:\/\/www.google.com\/maps\/embed?pb=!4v1666079308621!6m8!1m7!1sBWOU0dybyn-sXY_d20T7NQ!2m2!1d50.29826657107129!2d18.67759979102449!3f233.6865277818177!4f4.494149827362904!5f0.7820865974627469\" width=\"810\" height=\"450\" style=\"border:0;\" allowfullscreen=\"\" loading=\"lazy\" referrerpolicy=\"no-referrer-when-downgrade\"><\/iframe><\/p>\n<p>Kwiaty, krzewy cieszy\u0107 b\u0119d\u0105 mieszka\u0144c\u00f3w zapewne ju\u017c za par\u0119 miesi\u0119cy. Drzewa, jakie tu nasadzono, o ile nie ulegn\u0105 zamarciu, swoje bardziej bujne rozmiary osi\u0105gn\u0105 dopiero za dobrych kilka lat. Wtedy faktycznie b\u0119dzie mo\u017cna oceni\u0107 efekty, jakie przynios\u0142o zagospodarowanie tego miejsca na nowo. <\/p>\n<p><iframe src=\"https:\/\/www.google.com\/maps\/embed?pb=!4v1666079200675!6m8!1m7!1s5G_Y2rf70R3pWBHdqI6XNQ!2m2!1d50.29851773190563!2d18.67701453529583!3f197.62430943476318!4f4.217162393183273!5f0.7820865974627469\" width=\"810\" height=\"450\" style=\"border:0;\" allowfullscreen=\"\" loading=\"lazy\" referrerpolicy=\"no-referrer-when-downgrade\"><\/iframe><\/p>\n<p>Starych drzew, jak mo\u017cna wnioskowa\u0107 chocia\u017cby po zakresie rob\u00f3t przeprowadzonych w gruncie, gdzie wcze\u015bniej ros\u0142y, raczej przy tej inwestycji nie da\u0142o si\u0119 zachowa\u0107. Na poszczeg\u00f3lnych etapach przebudowy miejsca te by\u0142y ca\u0142kowicie rozkopane, za\u015b w wykopach prowadzono m.in. porz\u0105dkowanie podziemnej infrastruktury.<\/p>\n<p>(\u017cms), ZDM Gliwice<br \/>\nfot. ZDM Gliwice<\/p>\n<div class=\"gliwi-a5-na-koncu-artykulow gliwi-entity-placement\" id=\"gliwi-537541931\"><div class=\"gliwi-adlabel\"><span style=\"font-size: 9px\">REKLAMA<\/span><\/div><div id=\"gliwi-127246174\" style=\"margin-left: auto;margin-right: auto;text-align: center;\"><a data-no-instant=\"1\" href=\"https:\/\/prezeroarenagliwice.pl\/\" rel=\"noopener\" class=\"a2t-link\" target=\"_blank\" aria-label=\"20260309-PREZERO-WIOSNA-D\"><img loading=\"lazy\" decoding=\"async\" src=\"https:\/\/www.24gliwice.pl\/wiadomosci\/wp-content\/uploads\/2026\/03\/20260309-PREZERO-WIOSNA-D.webp\" alt=\"\"  srcset=\"https:\/\/www.24gliwice.pl\/wiadomosci\/wp-content\/uploads\/2026\/03\/20260309-PREZERO-WIOSNA-D.webp 750w, https:\/\/www.24gliwice.pl\/wiadomosci\/wp-content\/uploads\/2026\/03\/20260309-PREZERO-WIOSNA-D-410x109.webp 410w\" sizes=\"(max-width: 750px) 100vw, 750px\" class=\"no-lazyload\" width=\"750\" height=\"200\"  style=\"display: inline-block; max-width: 100%; height: auto;\" \/><\/a><\/div><\/div>","protected":false},"excerpt":{"rendered":"<p>Zarz\u0105d Dr\u00f3g Miejskich nasadzi\u0142 w poniedzia\u0142ek drzewa na placu Piast\u00f3w. Jak mo\u017cna dowiedzie\u0107 si\u0119 z komunikatu, tylu drzew w tym miejscu jeszcze nie by\u0142o. &nbsp; Dawny spos\u00f3b urz\u0105dzenia placu Piast\u00f3w, a zatem i rosn\u0105c\u0105 tam wcze\u015bniej ziele\u0144, mo\u017cna powspomina\u0107 spogl\u0105daj\u0105c np. na zdj\u0119cia na Google Maps. &#8211; Tylu drzew w tym miejscu jeszcze nie by\u0142o. [&hellip;]<\/p>\n","protected":false},"author":15,"featured_media":201922,"comment_status":"open","ping_status":"closed","sticky":false,"template":"","format":"standard","meta":{"_monsterinsights_skip_tracking":false,"_monsterinsights_sitenote_active":false,"_monsterinsights_sitenote_note":"","_monsterinsights_sitenote_category":0,"footnotes":"","_links_to":"","_links_to_target":""},"categories":[3,1],"tags":[21742],"class_list":["post-201914","post","type-post","status-publish","format-standard","has-post-thumbnail","hentry","category-gliwice","category-wszystko","tag-nasadzenia-na-placu-piastow"],"yoast_head":"<!-- This site is optimized with the Yoast SEO plugin v27.4 - https:\/\/yoast.com\/product\/yoast-seo-wordpress\/ -->\n<title>Na placu Piast\u00f3w po przebudowie pojawi\u0142y si\u0119 pierwsze nowe drzewa - 24GLIWICE - Portal Gliwice | codziennie nowe informacje<\/title>\n<meta name=\"description\" content=\"Na placu Piast\u00f3w zasadzonych zostanie 60 drzew. Pierwsze nasadzenia ju\u017c si\u0119 pojawi\u0142y. Opr\u00f3cz tego b\u0119d\u0105 ros\u0142y tu krzewy i ro\u015bliny cebulowe\" \/>\n<meta name=\"robots\" content=\"index, follow, max-snippet:-1, max-image-preview:large, max-video-preview:-1\" \/>\n<link rel=\"canonical\" href=\"https:\/\/www.24gliwice.pl\/wiadomosci\/na-placu-piastow-po-przebudowie-pojawily-sie-pierwsze-nowe-drzewa\/\" \/>\n<meta property=\"og:locale\" content=\"pl_PL\" \/>\n<meta property=\"og:type\" content=\"article\" \/>\n<meta property=\"og:title\" content=\"Na placu Piast\u00f3w po przebudowie pojawi\u0142y si\u0119 pierwsze nowe drzewa - 24GLIWICE - Portal Gliwice | codziennie nowe informacje\" \/>\n<meta property=\"og:description\" content=\"Na placu Piast\u00f3w zasadzonych zostanie 60 drzew. Pierwsze nasadzenia ju\u017c si\u0119 pojawi\u0142y. Opr\u00f3cz tego b\u0119d\u0105 ros\u0142y tu krzewy i ro\u015bliny cebulowe\" \/>\n<meta property=\"og:url\" content=\"https:\/\/www.24gliwice.pl\/wiadomosci\/na-placu-piastow-po-przebudowie-pojawily-sie-pierwsze-nowe-drzewa\/\" \/>\n<meta property=\"og:site_name\" content=\"24GLIWICE - Portal Gliwice | codziennie nowe informacje\" \/>\n<meta property=\"article:publisher\" content=\"https:\/\/www.facebook.com\/24gliwice\" \/>\n<meta property=\"article:published_time\" content=\"2022-10-19T04:44:30+00:00\" \/>\n<meta property=\"og:image\" content=\"https:\/\/www.24gliwice.pl\/wiadomosci\/wp-content\/uploads\/2022\/10\/drzewa-plac-piastow.jpg\" \/>\n\t<meta property=\"og:image:width\" content=\"810\" \/>\n\t<meta property=\"og:image:height\" content=\"454\" \/>\n\t<meta property=\"og:image:type\" content=\"image\/jpeg\" \/>\n<meta name=\"author\" content=\"\u017baneta Mrozek-Siewierska\" \/>\n<meta name=\"twitter:card\" content=\"summary_large_image\" \/>\n<meta name=\"twitter:creator\" content=\"@24gliwice\" \/>\n<meta name=\"twitter:site\" content=\"@24gliwice\" \/>\n<meta name=\"twitter:label1\" content=\"Napisane przez\" \/>\n\t<meta name=\"twitter:data1\" content=\"\u017baneta Mrozek-Siewierska\" \/>\n\t<meta name=\"twitter:label2\" content=\"Szacowany czas czytania\" \/>\n\t<meta name=\"twitter:data2\" content=\"1 minuta\" \/>\n<script type=\"application\/ld+json\" class=\"yoast-schema-graph\">{\"@context\":\"https:\\\/\\\/schema.org\",\"@graph\":[{\"@type\":\"Article\",\"@id\":\"https:\\\/\\\/www.24gliwice.pl\\\/wiadomosci\\\/na-placu-piastow-po-przebudowie-pojawily-sie-pierwsze-nowe-drzewa\\\/#article\",\"isPartOf\":{\"@id\":\"https:\\\/\\\/www.24gliwice.pl\\\/wiadomosci\\\/na-placu-piastow-po-przebudowie-pojawily-sie-pierwsze-nowe-drzewa\\\/\"},\"author\":{\"name\":\"\u017baneta Mrozek-Siewierska\",\"@id\":\"https:\\\/\\\/www.24gliwice.pl\\\/wiadomosci\\\/#\\\/schema\\\/person\\\/e42c650edd7f2fa332be3811fb166b6e\"},\"headline\":\"Na placu Piast\u00f3w po przebudowie pojawi\u0142y si\u0119 pierwsze nowe drzewa\",\"datePublished\":\"2022-10-19T04:44:30+00:00\",\"mainEntityOfPage\":{\"@id\":\"https:\\\/\\\/www.24gliwice.pl\\\/wiadomosci\\\/na-placu-piastow-po-przebudowie-pojawily-sie-pierwsze-nowe-drzewa\\\/\"},\"wordCount\":293,\"commentCount\":0,\"publisher\":{\"@id\":\"https:\\\/\\\/www.24gliwice.pl\\\/wiadomosci\\\/#organization\"},\"image\":{\"@id\":\"https:\\\/\\\/www.24gliwice.pl\\\/wiadomosci\\\/na-placu-piastow-po-przebudowie-pojawily-sie-pierwsze-nowe-drzewa\\\/#primaryimage\"},\"thumbnailUrl\":\"https:\\\/\\\/www.24gliwice.pl\\\/wiadomosci\\\/wp-content\\\/uploads\\\/2022\\\/10\\\/drzewa-plac-piastow.jpg\",\"keywords\":[\"nasadzenia na placu piast\u00f3w\"],\"articleSection\":[\"Gliwice\",\"Najnowsze wiadomo\u015bci\"],\"inLanguage\":\"pl-PL\",\"potentialAction\":[{\"@type\":\"CommentAction\",\"name\":\"Comment\",\"target\":[\"https:\\\/\\\/www.24gliwice.pl\\\/wiadomosci\\\/na-placu-piastow-po-przebudowie-pojawily-sie-pierwsze-nowe-drzewa\\\/#respond\"]}]},{\"@type\":\"WebPage\",\"@id\":\"https:\\\/\\\/www.24gliwice.pl\\\/wiadomosci\\\/na-placu-piastow-po-przebudowie-pojawily-sie-pierwsze-nowe-drzewa\\\/\",\"url\":\"https:\\\/\\\/www.24gliwice.pl\\\/wiadomosci\\\/na-placu-piastow-po-przebudowie-pojawily-sie-pierwsze-nowe-drzewa\\\/\",\"name\":\"Na placu Piast\u00f3w po przebudowie pojawi\u0142y si\u0119 pierwsze nowe drzewa - 24GLIWICE - Portal Gliwice | codziennie nowe informacje\",\"isPartOf\":{\"@id\":\"https:\\\/\\\/www.24gliwice.pl\\\/wiadomosci\\\/#website\"},\"primaryImageOfPage\":{\"@id\":\"https:\\\/\\\/www.24gliwice.pl\\\/wiadomosci\\\/na-placu-piastow-po-przebudowie-pojawily-sie-pierwsze-nowe-drzewa\\\/#primaryimage\"},\"image\":{\"@id\":\"https:\\\/\\\/www.24gliwice.pl\\\/wiadomosci\\\/na-placu-piastow-po-przebudowie-pojawily-sie-pierwsze-nowe-drzewa\\\/#primaryimage\"},\"thumbnailUrl\":\"https:\\\/\\\/www.24gliwice.pl\\\/wiadomosci\\\/wp-content\\\/uploads\\\/2022\\\/10\\\/drzewa-plac-piastow.jpg\",\"datePublished\":\"2022-10-19T04:44:30+00:00\",\"description\":\"Na placu Piast\u00f3w zasadzonych zostanie 60 drzew. Pierwsze nasadzenia ju\u017c si\u0119 pojawi\u0142y. Opr\u00f3cz tego b\u0119d\u0105 ros\u0142y tu krzewy i ro\u015bliny cebulowe\",\"breadcrumb\":{\"@id\":\"https:\\\/\\\/www.24gliwice.pl\\\/wiadomosci\\\/na-placu-piastow-po-przebudowie-pojawily-sie-pierwsze-nowe-drzewa\\\/#breadcrumb\"},\"inLanguage\":\"pl-PL\",\"potentialAction\":[{\"@type\":\"ReadAction\",\"target\":[\"https:\\\/\\\/www.24gliwice.pl\\\/wiadomosci\\\/na-placu-piastow-po-przebudowie-pojawily-sie-pierwsze-nowe-drzewa\\\/\"]}]},{\"@type\":\"ImageObject\",\"inLanguage\":\"pl-PL\",\"@id\":\"https:\\\/\\\/www.24gliwice.pl\\\/wiadomosci\\\/na-placu-piastow-po-przebudowie-pojawily-sie-pierwsze-nowe-drzewa\\\/#primaryimage\",\"url\":\"https:\\\/\\\/www.24gliwice.pl\\\/wiadomosci\\\/wp-content\\\/uploads\\\/2022\\\/10\\\/drzewa-plac-piastow.jpg\",\"contentUrl\":\"https:\\\/\\\/www.24gliwice.pl\\\/wiadomosci\\\/wp-content\\\/uploads\\\/2022\\\/10\\\/drzewa-plac-piastow.jpg\",\"width\":810,\"height\":454},{\"@type\":\"BreadcrumbList\",\"@id\":\"https:\\\/\\\/www.24gliwice.pl\\\/wiadomosci\\\/na-placu-piastow-po-przebudowie-pojawily-sie-pierwsze-nowe-drzewa\\\/#breadcrumb\",\"itemListElement\":[{\"@type\":\"ListItem\",\"position\":1,\"name\":\"Strona g\u0142\u00f3wna\",\"item\":\"https:\\\/\\\/www.24gliwice.pl\\\/wiadomosci\\\/\"},{\"@type\":\"ListItem\",\"position\":2,\"name\":\"Na placu Piast\u00f3w po przebudowie pojawi\u0142y si\u0119 pierwsze nowe drzewa\"}]},{\"@type\":\"WebSite\",\"@id\":\"https:\\\/\\\/www.24gliwice.pl\\\/wiadomosci\\\/#website\",\"url\":\"https:\\\/\\\/www.24gliwice.pl\\\/wiadomosci\\\/\",\"name\":\"24GLIWICE - Portal Gliwice | codziennie nowe wiadomo\u015bci\",\"description\":\"Portal Miejski Gliwice\",\"publisher\":{\"@id\":\"https:\\\/\\\/www.24gliwice.pl\\\/wiadomosci\\\/#organization\"},\"potentialAction\":[{\"@type\":\"SearchAction\",\"target\":{\"@type\":\"EntryPoint\",\"urlTemplate\":\"https:\\\/\\\/www.24gliwice.pl\\\/wiadomosci\\\/?s={search_term_string}\"},\"query-input\":{\"@type\":\"PropertyValueSpecification\",\"valueRequired\":true,\"valueName\":\"search_term_string\"}}],\"inLanguage\":\"pl-PL\"},{\"@type\":\"Organization\",\"@id\":\"https:\\\/\\\/www.24gliwice.pl\\\/wiadomosci\\\/#organization\",\"name\":\"24gliwice\",\"url\":\"https:\\\/\\\/www.24gliwice.pl\\\/wiadomosci\\\/\",\"logo\":{\"@type\":\"ImageObject\",\"inLanguage\":\"pl-PL\",\"@id\":\"https:\\\/\\\/www.24gliwice.pl\\\/wiadomosci\\\/#\\\/schema\\\/logo\\\/image\\\/\",\"url\":\"https:\\\/\\\/www.24gliwice.pl\\\/wiadomosci\\\/wp-content\\\/uploads\\\/2024\\\/10\\\/24gliwice-logo-696.jpg\",\"contentUrl\":\"https:\\\/\\\/www.24gliwice.pl\\\/wiadomosci\\\/wp-content\\\/uploads\\\/2024\\\/10\\\/24gliwice-logo-696.jpg\",\"width\":696,\"height\":696,\"caption\":\"24gliwice\"},\"image\":{\"@id\":\"https:\\\/\\\/www.24gliwice.pl\\\/wiadomosci\\\/#\\\/schema\\\/logo\\\/image\\\/\"},\"sameAs\":[\"https:\\\/\\\/www.facebook.com\\\/24gliwice\",\"https:\\\/\\\/x.com\\\/24gliwice\",\"https:\\\/\\\/www.youtube.com\\\/@24gliwice\"]},{\"@type\":\"Person\",\"@id\":\"https:\\\/\\\/www.24gliwice.pl\\\/wiadomosci\\\/#\\\/schema\\\/person\\\/e42c650edd7f2fa332be3811fb166b6e\",\"name\":\"\u017baneta Mrozek-Siewierska\",\"image\":{\"@type\":\"ImageObject\",\"inLanguage\":\"pl-PL\",\"@id\":\"https:\\\/\\\/www.24gliwice.pl\\\/wiadomosci\\\/wp-content\\\/uploads\\\/2021\\\/11\\\/Zaneta-M_S-zdjecie-czb-96x96.jpg\",\"url\":\"https:\\\/\\\/www.24gliwice.pl\\\/wiadomosci\\\/wp-content\\\/uploads\\\/2021\\\/11\\\/Zaneta-M_S-zdjecie-czb-96x96.jpg\",\"contentUrl\":\"https:\\\/\\\/www.24gliwice.pl\\\/wiadomosci\\\/wp-content\\\/uploads\\\/2021\\\/11\\\/Zaneta-M_S-zdjecie-czb-96x96.jpg\",\"caption\":\"\u017baneta Mrozek-Siewierska\"},\"url\":\"https:\\\/\\\/www.24gliwice.pl\\\/wiadomosci\\\/author\\\/zms\\\/\"}]}<\/script>\n<!-- \/ Yoast SEO plugin. -->","yoast_head_json":{"title":"Na placu Piast\u00f3w po przebudowie pojawi\u0142y si\u0119 pierwsze nowe drzewa - 24GLIWICE - Portal Gliwice | codziennie nowe informacje","description":"Na placu Piast\u00f3w zasadzonych zostanie 60 drzew. Pierwsze nasadzenia ju\u017c si\u0119 pojawi\u0142y. Opr\u00f3cz tego b\u0119d\u0105 ros\u0142y tu krzewy i ro\u015bliny cebulowe","robots":{"index":"index","follow":"follow","max-snippet":"max-snippet:-1","max-image-preview":"max-image-preview:large","max-video-preview":"max-video-preview:-1"},"canonical":"https:\/\/www.24gliwice.pl\/wiadomosci\/na-placu-piastow-po-przebudowie-pojawily-sie-pierwsze-nowe-drzewa\/","og_locale":"pl_PL","og_type":"article","og_title":"Na placu Piast\u00f3w po przebudowie pojawi\u0142y si\u0119 pierwsze nowe drzewa - 24GLIWICE - Portal Gliwice | codziennie nowe informacje","og_description":"Na placu Piast\u00f3w zasadzonych zostanie 60 drzew. Pierwsze nasadzenia ju\u017c si\u0119 pojawi\u0142y. Opr\u00f3cz tego b\u0119d\u0105 ros\u0142y tu krzewy i ro\u015bliny cebulowe","og_url":"https:\/\/www.24gliwice.pl\/wiadomosci\/na-placu-piastow-po-przebudowie-pojawily-sie-pierwsze-nowe-drzewa\/","og_site_name":"24GLIWICE - Portal Gliwice | codziennie nowe informacje","article_publisher":"https:\/\/www.facebook.com\/24gliwice","article_published_time":"2022-10-19T04:44:30+00:00","og_image":[{"width":810,"height":454,"url":"https:\/\/www.24gliwice.pl\/wiadomosci\/wp-content\/uploads\/2022\/10\/drzewa-plac-piastow.jpg","type":"image\/jpeg"}],"author":"\u017baneta Mrozek-Siewierska","twitter_card":"summary_large_image","twitter_creator":"@24gliwice","twitter_site":"@24gliwice","twitter_misc":{"Napisane przez":"\u017baneta Mrozek-Siewierska","Szacowany czas czytania":"1 minuta"},"schema":{"@context":"https:\/\/schema.org","@graph":[{"@type":"Article","@id":"https:\/\/www.24gliwice.pl\/wiadomosci\/na-placu-piastow-po-przebudowie-pojawily-sie-pierwsze-nowe-drzewa\/#article","isPartOf":{"@id":"https:\/\/www.24gliwice.pl\/wiadomosci\/na-placu-piastow-po-przebudowie-pojawily-sie-pierwsze-nowe-drzewa\/"},"author":{"name":"\u017baneta Mrozek-Siewierska","@id":"https:\/\/www.24gliwice.pl\/wiadomosci\/#\/schema\/person\/e42c650edd7f2fa332be3811fb166b6e"},"headline":"Na placu Piast\u00f3w po przebudowie pojawi\u0142y si\u0119 pierwsze nowe drzewa","datePublished":"2022-10-19T04:44:30+00:00","mainEntityOfPage":{"@id":"https:\/\/www.24gliwice.pl\/wiadomosci\/na-placu-piastow-po-przebudowie-pojawily-sie-pierwsze-nowe-drzewa\/"},"wordCount":293,"commentCount":0,"publisher":{"@id":"https:\/\/www.24gliwice.pl\/wiadomosci\/#organization"},"image":{"@id":"https:\/\/www.24gliwice.pl\/wiadomosci\/na-placu-piastow-po-przebudowie-pojawily-sie-pierwsze-nowe-drzewa\/#primaryimage"},"thumbnailUrl":"https:\/\/www.24gliwice.pl\/wiadomosci\/wp-content\/uploads\/2022\/10\/drzewa-plac-piastow.jpg","keywords":["nasadzenia na placu piast\u00f3w"],"articleSection":["Gliwice","Najnowsze wiadomo\u015bci"],"inLanguage":"pl-PL","potentialAction":[{"@type":"CommentAction","name":"Comment","target":["https:\/\/www.24gliwice.pl\/wiadomosci\/na-placu-piastow-po-przebudowie-pojawily-sie-pierwsze-nowe-drzewa\/#respond"]}]},{"@type":"WebPage","@id":"https:\/\/www.24gliwice.pl\/wiadomosci\/na-placu-piastow-po-przebudowie-pojawily-sie-pierwsze-nowe-drzewa\/","url":"https:\/\/www.24gliwice.pl\/wiadomosci\/na-placu-piastow-po-przebudowie-pojawily-sie-pierwsze-nowe-drzewa\/","name":"Na placu Piast\u00f3w po przebudowie pojawi\u0142y si\u0119 pierwsze nowe drzewa - 24GLIWICE - Portal Gliwice | codziennie nowe informacje","isPartOf":{"@id":"https:\/\/www.24gliwice.pl\/wiadomosci\/#website"},"primaryImageOfPage":{"@id":"https:\/\/www.24gliwice.pl\/wiadomosci\/na-placu-piastow-po-przebudowie-pojawily-sie-pierwsze-nowe-drzewa\/#primaryimage"},"image":{"@id":"https:\/\/www.24gliwice.pl\/wiadomosci\/na-placu-piastow-po-przebudowie-pojawily-sie-pierwsze-nowe-drzewa\/#primaryimage"},"thumbnailUrl":"https:\/\/www.24gliwice.pl\/wiadomosci\/wp-content\/uploads\/2022\/10\/drzewa-plac-piastow.jpg","datePublished":"2022-10-19T04:44:30+00:00","description":"Na placu Piast\u00f3w zasadzonych zostanie 60 drzew. Pierwsze nasadzenia ju\u017c si\u0119 pojawi\u0142y. Opr\u00f3cz tego b\u0119d\u0105 ros\u0142y tu krzewy i ro\u015bliny cebulowe","breadcrumb":{"@id":"https:\/\/www.24gliwice.pl\/wiadomosci\/na-placu-piastow-po-przebudowie-pojawily-sie-pierwsze-nowe-drzewa\/#breadcrumb"},"inLanguage":"pl-PL","potentialAction":[{"@type":"ReadAction","target":["https:\/\/www.24gliwice.pl\/wiadomosci\/na-placu-piastow-po-przebudowie-pojawily-sie-pierwsze-nowe-drzewa\/"]}]},{"@type":"ImageObject","inLanguage":"pl-PL","@id":"https:\/\/www.24gliwice.pl\/wiadomosci\/na-placu-piastow-po-przebudowie-pojawily-sie-pierwsze-nowe-drzewa\/#primaryimage","url":"https:\/\/www.24gliwice.pl\/wiadomosci\/wp-content\/uploads\/2022\/10\/drzewa-plac-piastow.jpg","contentUrl":"https:\/\/www.24gliwice.pl\/wiadomosci\/wp-content\/uploads\/2022\/10\/drzewa-plac-piastow.jpg","width":810,"height":454},{"@type":"BreadcrumbList","@id":"https:\/\/www.24gliwice.pl\/wiadomosci\/na-placu-piastow-po-przebudowie-pojawily-sie-pierwsze-nowe-drzewa\/#breadcrumb","itemListElement":[{"@type":"ListItem","position":1,"name":"Strona g\u0142\u00f3wna","item":"https:\/\/www.24gliwice.pl\/wiadomosci\/"},{"@type":"ListItem","position":2,"name":"Na placu Piast\u00f3w po przebudowie pojawi\u0142y si\u0119 pierwsze nowe drzewa"}]},{"@type":"WebSite","@id":"https:\/\/www.24gliwice.pl\/wiadomosci\/#website","url":"https:\/\/www.24gliwice.pl\/wiadomosci\/","name":"24GLIWICE - Portal Gliwice | codziennie nowe wiadomo\u015bci","description":"Portal Miejski Gliwice","publisher":{"@id":"https:\/\/www.24gliwice.pl\/wiadomosci\/#organization"},"potentialAction":[{"@type":"SearchAction","target":{"@type":"EntryPoint","urlTemplate":"https:\/\/www.24gliwice.pl\/wiadomosci\/?s={search_term_string}"},"query-input":{"@type":"PropertyValueSpecification","valueRequired":true,"valueName":"search_term_string"}}],"inLanguage":"pl-PL"},{"@type":"Organization","@id":"https:\/\/www.24gliwice.pl\/wiadomosci\/#organization","name":"24gliwice","url":"https:\/\/www.24gliwice.pl\/wiadomosci\/","logo":{"@type":"ImageObject","inLanguage":"pl-PL","@id":"https:\/\/www.24gliwice.pl\/wiadomosci\/#\/schema\/logo\/image\/","url":"https:\/\/www.24gliwice.pl\/wiadomosci\/wp-content\/uploads\/2024\/10\/24gliwice-logo-696.jpg","contentUrl":"https:\/\/www.24gliwice.pl\/wiadomosci\/wp-content\/uploads\/2024\/10\/24gliwice-logo-696.jpg","width":696,"height":696,"caption":"24gliwice"},"image":{"@id":"https:\/\/www.24gliwice.pl\/wiadomosci\/#\/schema\/logo\/image\/"},"sameAs":["https:\/\/www.facebook.com\/24gliwice","https:\/\/x.com\/24gliwice","https:\/\/www.youtube.com\/@24gliwice"]},{"@type":"Person","@id":"https:\/\/www.24gliwice.pl\/wiadomosci\/#\/schema\/person\/e42c650edd7f2fa332be3811fb166b6e","name":"\u017baneta Mrozek-Siewierska","image":{"@type":"ImageObject","inLanguage":"pl-PL","@id":"https:\/\/www.24gliwice.pl\/wiadomosci\/wp-content\/uploads\/2021\/11\/Zaneta-M_S-zdjecie-czb-96x96.jpg","url":"https:\/\/www.24gliwice.pl\/wiadomosci\/wp-content\/uploads\/2021\/11\/Zaneta-M_S-zdjecie-czb-96x96.jpg","contentUrl":"https:\/\/www.24gliwice.pl\/wiadomosci\/wp-content\/uploads\/2021\/11\/Zaneta-M_S-zdjecie-czb-96x96.jpg","caption":"\u017baneta Mrozek-Siewierska"},"url":"https:\/\/www.24gliwice.pl\/wiadomosci\/author\/zms\/"}]}},"_links":{"self":[{"href":"https:\/\/www.24gliwice.pl\/wiadomosci\/wp-json\/wp\/v2\/posts\/201914","targetHints":{"allow":["GET"]}}],"collection":[{"href":"https:\/\/www.24gliwice.pl\/wiadomosci\/wp-json\/wp\/v2\/posts"}],"about":[{"href":"https:\/\/www.24gliwice.pl\/wiadomosci\/wp-json\/wp\/v2\/types\/post"}],"author":[{"embeddable":true,"href":"https:\/\/www.24gliwice.pl\/wiadomosci\/wp-json\/wp\/v2\/users\/15"}],"replies":[{"embeddable":true,"href":"https:\/\/www.24gliwice.pl\/wiadomosci\/wp-json\/wp\/v2\/comments?post=201914"}],"version-history":[{"count":9,"href":"https:\/\/www.24gliwice.pl\/wiadomosci\/wp-json\/wp\/v2\/posts\/201914\/revisions"}],"predecessor-version":[{"id":202007,"href":"https:\/\/www.24gliwice.pl\/wiadomosci\/wp-json\/wp\/v2\/posts\/201914\/revisions\/202007"}],"wp:featuredmedia":[{"embeddable":true,"href":"https:\/\/www.24gliwice.pl\/wiadomosci\/wp-json\/wp\/v2\/media\/201922"}],"wp:attachment":[{"href":"https:\/\/www.24gliwice.pl\/wiadomosci\/wp-json\/wp\/v2\/media?parent=201914"}],"wp:term":[{"taxonomy":"category","embeddable":true,"href":"https:\/\/www.24gliwice.pl\/wiadomosci\/wp-json\/wp\/v2\/categories?post=201914"},{"taxonomy":"post_tag","embeddable":true,"href":"https:\/\/www.24gliwice.pl\/wiadomosci\/wp-json\/wp\/v2\/tags?post=201914"}],"curies":[{"name":"wp","href":"https:\/\/api.w.org\/{rel}","templated":true}]}}