{"id":202084,"date":"2022-10-19T18:13:14","date_gmt":"2022-10-19T16:13:14","guid":{"rendered":"https:\/\/www.24gliwice.pl\/wiadomosci\/?p=202084"},"modified":"2022-10-19T18:13:14","modified_gmt":"2022-10-19T16:13:14","slug":"gliwicki-dzien-dla-zdrowia-juz-w-najblizszy-weekend-dawno-nie-robiliscie-badan-to-dobra-okazja","status":"publish","type":"post","link":"https:\/\/www.24gliwice.pl\/wiadomosci\/gliwicki-dzien-dla-zdrowia-juz-w-najblizszy-weekend-dawno-nie-robiliscie-badan-to-dobra-okazja\/","title":{"rendered":"Gliwicki Dzie\u0144 dla Zdrowia ju\u017c w najbli\u017cszy weekend. Dawno nie robili\u015bcie bada\u0144? To dobra okazja"},"content":{"rendered":"<div class=\"gliwi-a6-nad-leadem-artykulow gliwi-entity-placement\" id=\"gliwi-2622827234\"><div class=\"gliwi-adlabel\"><span style=\"font-size: 9px\">REKLAMA<\/span><\/div><div id=\"gliwi-1784689196\" style=\"margin-bottom: 25px;margin-left: auto;margin-right: auto;text-align: center;\"><a data-no-instant=\"1\" href=\"https:\/\/dom100.eu\/\" rel=\"noopener\" class=\"a2t-link\" target=\"_blank\" aria-label=\"20260415 DOM100 D\"><img loading=\"lazy\" decoding=\"async\" src=\"https:\/\/www.24gliwice.pl\/wiadomosci\/wp-content\/uploads\/2026\/04\/20260415-DOM100-D.jpg\" alt=\"\"  srcset=\"https:\/\/www.24gliwice.pl\/wiadomosci\/wp-content\/uploads\/2026\/04\/20260415-DOM100-D.jpg 750w, https:\/\/www.24gliwice.pl\/wiadomosci\/wp-content\/uploads\/2026\/04\/20260415-DOM100-D-410x109.jpg 410w\" sizes=\"(max-width: 750px) 100vw, 750px\" class=\"no-lazyload\" width=\"750\" height=\"200\"  style=\"display: inline-block; max-width: 100%; height: auto;\" \/><\/a><\/div><\/div><h2>Cierpisz na b\u00f3le kr\u0119gos\u0142upa lub staw\u00f3w? Masz k\u0142opoty z prawid\u0142owym od\u017cywianiem? A mo\u017ce chcia\u0142by\u015b nauczy\u0107 si\u0119 radzi\u0107 sobie ze stresem? Niewa\u017cne jaka motywacja Ci towarzyszy. Ka\u017cdy pow\u00f3d jest dobry, aby zadba\u0107 o swoj\u0105 kondycj\u0119 i dobre samopoczucie. <\/h2>\n<p>&nbsp;<br \/>\nNie zwlekaj \u2013 we\u017a udzia\u0142 w bezp\u0142atnych konsultacjach i badaniach podczas \u201eGliwickiego Dnia dla Zdrowia\u201d i ju\u017c dzi\u015b zr\u00f3b co\u015b dla siebie.<\/p>\n<h4>Kolejna ods\u0142ona tego wydarzenia<\/h4>\n<p>\u201eGliwicki Dzie\u0144 dla Zdrowia\u201d odb\u0119dzie si\u0119 w sobot\u0119, 22 pa\u017adziernika, w godzinach 10:00\u201314:00. W ramach jednodniowej akcji organizowanej przez Wydzia\u0142 Zdrowia i Spraw Spo\u0142ecznych Urz\u0119du Miejskiego w Gliwicach, mieszka\u0144cy b\u0119d\u0105 mogli skorzysta\u0107 z bezp\u0142atnych porad medycznych w jednej z wybranych gliwickich plac\u00f3wek, kt\u00f3re przy\u0142\u0105czy\u0142y si\u0119 do inicjatywy.<\/p><div class=\"gliwi-a3-w-tresci-artykulow gliwi-entity-placement\" id=\"gliwi-453023338\"><div class=\"gliwi-adlabel\"><span style=\"font-size: 9px\">REKLAMA<\/span><\/div><div id=\"gliwi-967953671\" style=\"margin-bottom: 30px;margin-left: auto;margin-right: auto;text-align: center;\"><a data-no-instant=\"1\" href=\"https:\/\/ogrodyandersa.pl\/\" rel=\"noopener\" class=\"a2t-link\" target=\"_blank\" aria-label=\"20260415 Ogrody Andersa KUP TERAZ D\"><img loading=\"lazy\" decoding=\"async\" src=\"https:\/\/www.24gliwice.pl\/wiadomosci\/wp-content\/uploads\/2026\/04\/20260415-Ogrody-Andersa-KUP-TERAZ-D.jpg\" alt=\"\"  srcset=\"https:\/\/www.24gliwice.pl\/wiadomosci\/wp-content\/uploads\/2026\/04\/20260415-Ogrody-Andersa-KUP-TERAZ-D.jpg 750w, https:\/\/www.24gliwice.pl\/wiadomosci\/wp-content\/uploads\/2026\/04\/20260415-Ogrody-Andersa-KUP-TERAZ-D-410x109.jpg 410w\" sizes=\"(max-width: 750px) 100vw, 750px\" class=\"no-lazyload\" width=\"750\" height=\"200\"  style=\"display: inline-block; max-width: 100%; height: auto;\" \/><\/a><\/div><\/div>\n<p>Wydarzenie jest organizowane w naszym mie\u015bcie od 2011 roku i cieszy si\u0119 du\u017cym zainteresowaniem gliwiczan. W tym roku impreza powraca po 2-letniej przerwie spowodowanej pandemi\u0105.<\/p>\n<p><a href=\"https:\/\/www.24gliwice.pl\/wiadomosci\/wp-content\/uploads\/2022\/10\/gliwicki-dzien-dla-zdrowia.jpg\"><img loading=\"lazy\" decoding=\"async\" src=\"https:\/\/www.24gliwice.pl\/wiadomosci\/wp-content\/uploads\/2022\/10\/gliwicki-dzien-dla-zdrowia.jpg\" alt=\"\" width=\"810\" height=\"540\" class=\"alignnone size-full wp-image-202092\" srcset=\"https:\/\/www.24gliwice.pl\/wiadomosci\/wp-content\/uploads\/2022\/10\/gliwicki-dzien-dla-zdrowia.jpg 810w, https:\/\/www.24gliwice.pl\/wiadomosci\/wp-content\/uploads\/2022\/10\/gliwicki-dzien-dla-zdrowia-348x232.jpg 348w, https:\/\/www.24gliwice.pl\/wiadomosci\/wp-content\/uploads\/2022\/10\/gliwicki-dzien-dla-zdrowia-683x455.jpg 683w, https:\/\/www.24gliwice.pl\/wiadomosci\/wp-content\/uploads\/2022\/10\/gliwicki-dzien-dla-zdrowia-768x512.jpg 768w\" sizes=\"auto, (max-width: 810px) 100vw, 810px\" \/><\/a><\/p>\n<h4>W programie:<\/h4>\n<ul>\n<li><strong>Narodowy Instytut Onkologii im. M. Sk\u0142odowskiej-Curie, ul. Wybrze\u017ce Armii Krajowej 15<\/strong><\/li>\n<\/ul>\n<p>Konsultacje specjalistyczne: onkologiczne (dr hab. n. med. <strong>Micha\u0142 Jarz\u0105b<\/strong>), dietetyczne, nauka samobadania piersi.<br \/>\nBadania: mammografia dla kobiet w wieku 50\u201369 lat, pomiar glukozy i ci\u015bnienia t\u0119tniczego, obliczanie wska\u017anika BMI.<\/p>\n<ul>\n<li><strong>Stoisko NFZ w Katowicach <\/strong><\/li>\n<\/ul>\n<p>Wydawanie karty EKUZ, potwierdzanie Profilu Zaufanego, informacje na temat leczenia uzdrowiskowego, program\u00f3w profilaktycznych, promocja szczepie\u0144, informacja og\u00f3lna.<\/p>\n<ul>\n<li><strong>Centrum Kszta\u0142cenia Zawodowego i Ustawicznego Wojew\u00f3dztwa \u015al\u0105skiego, ul. Chudoby 10<\/strong><\/li>\n<\/ul>\n<p>Masa\u017c d\u0142oni i twarzy.<br \/>\nPomiar cukru i ci\u015bnienia krwi.<\/p>\n<ul>\n<li><strong>Centrum Zdrowia Psychicznego i Leczenia Uzale\u017cnie\u0144 \u201eFamilia\u201d, ul. D\u0119bowa 5<\/strong><\/li>\n<\/ul>\n<p>Konsultacje specjalistyczne: psychologiczne oraz z zakresu uzale\u017cnie\u0144 i wsp\u00f3\u0142uzale\u017cnieni.<br \/>\nBadania: diagnoza psychologiczna, diagnoza uzale\u017cnie\u0144 i wsp\u00f3\u0142uzale\u017cnie\u0144.<\/p>\n<ul>\n<li><strong>Niepubliczna Poradnia Psychologiczno-Pedagogiczna, Akademia Nauki Gliwice, ul. Hoblera 10 (rejestracja tel. 505-098-653)<\/strong><\/li>\n<\/ul>\n<p>Konsultacje specjalistyczne: EEG Biofeedback, fizjoterapeutyczne, logopedyczne, psychologiczne.<br \/>\nZaj\u0119cia rozwijaj\u0105ce: zaj\u0119cia pokazowe dla dziecka z rodzicem (wi\u0119cej informacji na stronie <a href=\"http:\/\/www.akademiagliwice.pl\" rel=\"noopener\" target=\"_blank\">www.akademiagliwice.pl<\/a>).<\/p>\n<ul>\n<li><strong>GlivClinic, ul. Dworcowa 60  (rejestracja tel. 32\/600-79-80)<\/strong><\/li>\n<\/ul>\n<p>Konsultacje specjalistyczne: dietetyczne, fizjoterapeutyczne.<br \/>\nZabiegi: pomiary masy cia\u0142a-obliczanie wska\u017anika BMI, pomiar cukru, ci\u015bnienia krwi, EKG, EmSELLA \u2013 leczenie nietrzymania moczu, EMSlim \u2013 elektromagnetyczny stymulator mi\u0119\u015bni, spirometria.<\/p>\n<ul>\n<li><strong>Centrum Zdrowia Psychicznego SENS-MED, ul. Lelewela 4\/2 (rejestracja tel. 723-727-072)<\/strong><\/li>\n<\/ul>\n<p>Konsultacje specjalistyczne: psychiatryczne, psychologiczne, psychodietetyczne dla doros\u0142ych.<br \/>\nBadania: testy przesiewowo w kierunku ot\u0119pie\u0144 i zaburze\u0144 nastroju dla doros\u0142ych.<\/p>\n<ul>\n<li><strong>AUDIOFON Matyja, ul. Jana Paw\u0142a II 16 (rejestracja tel.: 605-886-012, 32\/775-20-92)<\/strong><\/li>\n<\/ul>\n<p>Badania tympanometryczne: zmiana ci\u015bnienia w uchu.<br \/>\nBadanie otoskopem: ocena kana\u0142u usznego.<\/p>\n<ul>\n<li><strong>Fizjoterapia Paulina Owczarczyk Stress Less Studio, ul. Zawiszy Czarnego 22 (rejestracja tel. 601-959-082)<\/strong><\/li>\n<\/ul>\n<p>Konsultacje z fizjoterapeutk\u0105: fizjoterapia ortopedyczna, fizjoterapia przeciwb\u00f3lowa, sposoby radzenia sobie z przewlek\u0142ym stresem, techniki oddechowe, autoterapia b\u00f3l\u00f3w plec\u00f3w (w godz. 10.00\u201313.00).<br \/>\nPokazowa lekcja jogi \u2013 poziom podstawowy (godz. 10.15).<br \/>\nPokazowa lekcja jogi regeneracyjnej \u2013 poziom podstawowy (godz. 11.00).<br \/>\n\u0106wiczenia oddechowe, jako spos\u00f3b radzenia sobie ze stresem (godz. 12.00).<\/p>\n<ul>\n<li><strong>ARENA INVEST GROUP \u2013 ARENA MEDICAL, ul. Jagiello\u0144ska 29A\/1 (rejestracja tel. 728-006-009 w godz. 10:00\u201320:00)<\/strong><\/li>\n<\/ul>\n<p>Badania: tarczycy, EKG, pomiar ci\u015bnienia.<\/p>\n<p>(\u017cms)\/UM Gliwice(ml\/ZD)<br \/>\nfot. Z. Daniec\/UM Gliwice<\/p>\n<div class=\"gliwi-a5-na-koncu-artykulow gliwi-entity-placement\" id=\"gliwi-3999854301\"><div class=\"gliwi-adlabel\"><span style=\"font-size: 9px\">REKLAMA<\/span><\/div><div id=\"gliwi-481191398\" style=\"margin-left: auto;margin-right: auto;text-align: center;\"><a data-no-instant=\"1\" href=\"https:\/\/www.jasek.pl\/\" rel=\"noopener\" class=\"a2t-link\" target=\"_blank\" aria-label=\"20200401-jasek 600\"><img loading=\"lazy\" decoding=\"async\" src=\"https:\/\/www.24gliwice.pl\/wiadomosci\/wp-content\/uploads\/2020\/04\/20200401-jasek-600.jpg\" alt=\"\"  srcset=\"https:\/\/www.24gliwice.pl\/wiadomosci\/wp-content\/uploads\/2020\/04\/20200401-jasek-600.jpg 600w, https:\/\/www.24gliwice.pl\/wiadomosci\/wp-content\/uploads\/2020\/04\/20200401-jasek-600-410x109.jpg 410w\" sizes=\"(max-width: 600px) 100vw, 600px\" class=\"no-lazyload\" width=\"600\" height=\"160\"  style=\"display: inline-block; max-width: 100%; height: auto;\" \/><\/a><\/div><\/div>","protected":false},"excerpt":{"rendered":"<p>Cierpisz na b\u00f3le kr\u0119gos\u0142upa lub staw\u00f3w? Masz k\u0142opoty z prawid\u0142owym od\u017cywianiem? A mo\u017ce chcia\u0142by\u015b nauczy\u0107 si\u0119 radzi\u0107 sobie ze stresem? Niewa\u017cne jaka motywacja Ci towarzyszy. Ka\u017cdy pow\u00f3d jest dobry, aby zadba\u0107 o swoj\u0105 kondycj\u0119 i dobre samopoczucie. &nbsp; Nie zwlekaj \u2013 we\u017a udzia\u0142 w bezp\u0142atnych konsultacjach i badaniach podczas \u201eGliwickiego Dnia dla Zdrowia\u201d i ju\u017c [&hellip;]<\/p>\n","protected":false},"author":15,"featured_media":202091,"comment_status":"open","ping_status":"closed","sticky":false,"template":"","format":"standard","meta":{"_monsterinsights_skip_tracking":false,"_monsterinsights_sitenote_active":false,"_monsterinsights_sitenote_note":"","_monsterinsights_sitenote_category":0,"footnotes":"","_links_to":"","_links_to_target":""},"categories":[3,1],"tags":[10434],"class_list":["post-202084","post","type-post","status-publish","format-standard","has-post-thumbnail","hentry","category-gliwice","category-wszystko","tag-bezplatne-badania"],"yoast_head":"<!-- This site is optimized with the Yoast SEO plugin v27.4 - https:\/\/yoast.com\/product\/yoast-seo-wordpress\/ -->\n<title>Gliwicki Dzie\u0144 dla Zdrowia ju\u017c w najbli\u017cszy weekend. Dawno nie robili\u015bcie bada\u0144? To dobra okazja - 24GLIWICE - Portal Gliwice | codziennie nowe informacje<\/title>\n<meta name=\"description\" content=\"Przed nami kolejna ods\u0142ona wydarzenia pn. Gliwicki Dzie\u0144 dla Zdrowia. W sobot\u0119, 22 pa\u017adziernika, mo\u017cna\" \/>\n<meta name=\"robots\" content=\"index, follow, max-snippet:-1, max-image-preview:large, max-video-preview:-1\" \/>\n<link rel=\"canonical\" href=\"https:\/\/www.24gliwice.pl\/wiadomosci\/gliwicki-dzien-dla-zdrowia-juz-w-najblizszy-weekend-dawno-nie-robiliscie-badan-to-dobra-okazja\/\" \/>\n<meta property=\"og:locale\" content=\"pl_PL\" \/>\n<meta property=\"og:type\" content=\"article\" \/>\n<meta property=\"og:title\" content=\"Gliwicki Dzie\u0144 dla Zdrowia ju\u017c w najbli\u017cszy weekend. Dawno nie robili\u015bcie bada\u0144? To dobra okazja - 24GLIWICE - Portal Gliwice | codziennie nowe informacje\" \/>\n<meta property=\"og:description\" content=\"Przed nami kolejna ods\u0142ona wydarzenia pn. Gliwicki Dzie\u0144 dla Zdrowia. W sobot\u0119, 22 pa\u017adziernika, mo\u017cna\" \/>\n<meta property=\"og:url\" content=\"https:\/\/www.24gliwice.pl\/wiadomosci\/gliwicki-dzien-dla-zdrowia-juz-w-najblizszy-weekend-dawno-nie-robiliscie-badan-to-dobra-okazja\/\" \/>\n<meta property=\"og:site_name\" content=\"24GLIWICE - Portal Gliwice | codziennie nowe informacje\" \/>\n<meta property=\"article:publisher\" content=\"https:\/\/www.facebook.com\/24gliwice\" \/>\n<meta property=\"article:published_time\" content=\"2022-10-19T16:13:14+00:00\" \/>\n<meta property=\"og:image\" content=\"https:\/\/www.24gliwice.pl\/wiadomosci\/wp-content\/uploads\/2022\/10\/gliwicki-dzien-dla-zdrowia-2.jpg\" \/>\n\t<meta property=\"og:image:width\" content=\"810\" \/>\n\t<meta property=\"og:image:height\" content=\"456\" \/>\n\t<meta property=\"og:image:type\" content=\"image\/jpeg\" \/>\n<meta name=\"author\" content=\"\u017baneta Mrozek-Siewierska\" \/>\n<meta name=\"twitter:card\" content=\"summary_large_image\" \/>\n<meta name=\"twitter:creator\" content=\"@24gliwice\" \/>\n<meta name=\"twitter:site\" content=\"@24gliwice\" \/>\n<meta name=\"twitter:label1\" content=\"Napisane przez\" \/>\n\t<meta name=\"twitter:data1\" content=\"\u017baneta Mrozek-Siewierska\" \/>\n\t<meta name=\"twitter:label2\" content=\"Szacowany czas czytania\" \/>\n\t<meta name=\"twitter:data2\" content=\"3 minuty\" \/>\n<script type=\"application\/ld+json\" class=\"yoast-schema-graph\">{\"@context\":\"https:\\\/\\\/schema.org\",\"@graph\":[{\"@type\":\"Article\",\"@id\":\"https:\\\/\\\/www.24gliwice.pl\\\/wiadomosci\\\/gliwicki-dzien-dla-zdrowia-juz-w-najblizszy-weekend-dawno-nie-robiliscie-badan-to-dobra-okazja\\\/#article\",\"isPartOf\":{\"@id\":\"https:\\\/\\\/www.24gliwice.pl\\\/wiadomosci\\\/gliwicki-dzien-dla-zdrowia-juz-w-najblizszy-weekend-dawno-nie-robiliscie-badan-to-dobra-okazja\\\/\"},\"author\":{\"name\":\"\u017baneta Mrozek-Siewierska\",\"@id\":\"https:\\\/\\\/www.24gliwice.pl\\\/wiadomosci\\\/#\\\/schema\\\/person\\\/e42c650edd7f2fa332be3811fb166b6e\"},\"headline\":\"Gliwicki Dzie\u0144 dla Zdrowia ju\u017c w najbli\u017cszy weekend. Dawno nie robili\u015bcie bada\u0144? To dobra okazja\",\"datePublished\":\"2022-10-19T16:13:14+00:00\",\"mainEntityOfPage\":{\"@id\":\"https:\\\/\\\/www.24gliwice.pl\\\/wiadomosci\\\/gliwicki-dzien-dla-zdrowia-juz-w-najblizszy-weekend-dawno-nie-robiliscie-badan-to-dobra-okazja\\\/\"},\"wordCount\":524,\"commentCount\":0,\"publisher\":{\"@id\":\"https:\\\/\\\/www.24gliwice.pl\\\/wiadomosci\\\/#organization\"},\"image\":{\"@id\":\"https:\\\/\\\/www.24gliwice.pl\\\/wiadomosci\\\/gliwicki-dzien-dla-zdrowia-juz-w-najblizszy-weekend-dawno-nie-robiliscie-badan-to-dobra-okazja\\\/#primaryimage\"},\"thumbnailUrl\":\"https:\\\/\\\/www.24gliwice.pl\\\/wiadomosci\\\/wp-content\\\/uploads\\\/2022\\\/10\\\/gliwicki-dzien-dla-zdrowia-2.jpg\",\"keywords\":[\"bezp\u0142atne badania\"],\"articleSection\":[\"Gliwice\",\"Najnowsze wiadomo\u015bci\"],\"inLanguage\":\"pl-PL\",\"potentialAction\":[{\"@type\":\"CommentAction\",\"name\":\"Comment\",\"target\":[\"https:\\\/\\\/www.24gliwice.pl\\\/wiadomosci\\\/gliwicki-dzien-dla-zdrowia-juz-w-najblizszy-weekend-dawno-nie-robiliscie-badan-to-dobra-okazja\\\/#respond\"]}]},{\"@type\":\"WebPage\",\"@id\":\"https:\\\/\\\/www.24gliwice.pl\\\/wiadomosci\\\/gliwicki-dzien-dla-zdrowia-juz-w-najblizszy-weekend-dawno-nie-robiliscie-badan-to-dobra-okazja\\\/\",\"url\":\"https:\\\/\\\/www.24gliwice.pl\\\/wiadomosci\\\/gliwicki-dzien-dla-zdrowia-juz-w-najblizszy-weekend-dawno-nie-robiliscie-badan-to-dobra-okazja\\\/\",\"name\":\"Gliwicki Dzie\u0144 dla Zdrowia ju\u017c w najbli\u017cszy weekend. Dawno nie robili\u015bcie bada\u0144? To dobra okazja - 24GLIWICE - Portal Gliwice | codziennie nowe informacje\",\"isPartOf\":{\"@id\":\"https:\\\/\\\/www.24gliwice.pl\\\/wiadomosci\\\/#website\"},\"primaryImageOfPage\":{\"@id\":\"https:\\\/\\\/www.24gliwice.pl\\\/wiadomosci\\\/gliwicki-dzien-dla-zdrowia-juz-w-najblizszy-weekend-dawno-nie-robiliscie-badan-to-dobra-okazja\\\/#primaryimage\"},\"image\":{\"@id\":\"https:\\\/\\\/www.24gliwice.pl\\\/wiadomosci\\\/gliwicki-dzien-dla-zdrowia-juz-w-najblizszy-weekend-dawno-nie-robiliscie-badan-to-dobra-okazja\\\/#primaryimage\"},\"thumbnailUrl\":\"https:\\\/\\\/www.24gliwice.pl\\\/wiadomosci\\\/wp-content\\\/uploads\\\/2022\\\/10\\\/gliwicki-dzien-dla-zdrowia-2.jpg\",\"datePublished\":\"2022-10-19T16:13:14+00:00\",\"description\":\"Przed nami kolejna ods\u0142ona wydarzenia pn. Gliwicki Dzie\u0144 dla Zdrowia. W sobot\u0119, 22 pa\u017adziernika, mo\u017cna\",\"breadcrumb\":{\"@id\":\"https:\\\/\\\/www.24gliwice.pl\\\/wiadomosci\\\/gliwicki-dzien-dla-zdrowia-juz-w-najblizszy-weekend-dawno-nie-robiliscie-badan-to-dobra-okazja\\\/#breadcrumb\"},\"inLanguage\":\"pl-PL\",\"potentialAction\":[{\"@type\":\"ReadAction\",\"target\":[\"https:\\\/\\\/www.24gliwice.pl\\\/wiadomosci\\\/gliwicki-dzien-dla-zdrowia-juz-w-najblizszy-weekend-dawno-nie-robiliscie-badan-to-dobra-okazja\\\/\"]}]},{\"@type\":\"ImageObject\",\"inLanguage\":\"pl-PL\",\"@id\":\"https:\\\/\\\/www.24gliwice.pl\\\/wiadomosci\\\/gliwicki-dzien-dla-zdrowia-juz-w-najblizszy-weekend-dawno-nie-robiliscie-badan-to-dobra-okazja\\\/#primaryimage\",\"url\":\"https:\\\/\\\/www.24gliwice.pl\\\/wiadomosci\\\/wp-content\\\/uploads\\\/2022\\\/10\\\/gliwicki-dzien-dla-zdrowia-2.jpg\",\"contentUrl\":\"https:\\\/\\\/www.24gliwice.pl\\\/wiadomosci\\\/wp-content\\\/uploads\\\/2022\\\/10\\\/gliwicki-dzien-dla-zdrowia-2.jpg\",\"width\":810,\"height\":456},{\"@type\":\"BreadcrumbList\",\"@id\":\"https:\\\/\\\/www.24gliwice.pl\\\/wiadomosci\\\/gliwicki-dzien-dla-zdrowia-juz-w-najblizszy-weekend-dawno-nie-robiliscie-badan-to-dobra-okazja\\\/#breadcrumb\",\"itemListElement\":[{\"@type\":\"ListItem\",\"position\":1,\"name\":\"Strona g\u0142\u00f3wna\",\"item\":\"https:\\\/\\\/www.24gliwice.pl\\\/wiadomosci\\\/\"},{\"@type\":\"ListItem\",\"position\":2,\"name\":\"Gliwicki Dzie\u0144 dla Zdrowia ju\u017c w najbli\u017cszy weekend. Dawno nie robili\u015bcie bada\u0144? To dobra okazja\"}]},{\"@type\":\"WebSite\",\"@id\":\"https:\\\/\\\/www.24gliwice.pl\\\/wiadomosci\\\/#website\",\"url\":\"https:\\\/\\\/www.24gliwice.pl\\\/wiadomosci\\\/\",\"name\":\"24GLIWICE - Portal Gliwice | codziennie nowe wiadomo\u015bci\",\"description\":\"Portal Miejski Gliwice\",\"publisher\":{\"@id\":\"https:\\\/\\\/www.24gliwice.pl\\\/wiadomosci\\\/#organization\"},\"potentialAction\":[{\"@type\":\"SearchAction\",\"target\":{\"@type\":\"EntryPoint\",\"urlTemplate\":\"https:\\\/\\\/www.24gliwice.pl\\\/wiadomosci\\\/?s={search_term_string}\"},\"query-input\":{\"@type\":\"PropertyValueSpecification\",\"valueRequired\":true,\"valueName\":\"search_term_string\"}}],\"inLanguage\":\"pl-PL\"},{\"@type\":\"Organization\",\"@id\":\"https:\\\/\\\/www.24gliwice.pl\\\/wiadomosci\\\/#organization\",\"name\":\"24gliwice\",\"url\":\"https:\\\/\\\/www.24gliwice.pl\\\/wiadomosci\\\/\",\"logo\":{\"@type\":\"ImageObject\",\"inLanguage\":\"pl-PL\",\"@id\":\"https:\\\/\\\/www.24gliwice.pl\\\/wiadomosci\\\/#\\\/schema\\\/logo\\\/image\\\/\",\"url\":\"https:\\\/\\\/www.24gliwice.pl\\\/wiadomosci\\\/wp-content\\\/uploads\\\/2024\\\/10\\\/24gliwice-logo-696.jpg\",\"contentUrl\":\"https:\\\/\\\/www.24gliwice.pl\\\/wiadomosci\\\/wp-content\\\/uploads\\\/2024\\\/10\\\/24gliwice-logo-696.jpg\",\"width\":696,\"height\":696,\"caption\":\"24gliwice\"},\"image\":{\"@id\":\"https:\\\/\\\/www.24gliwice.pl\\\/wiadomosci\\\/#\\\/schema\\\/logo\\\/image\\\/\"},\"sameAs\":[\"https:\\\/\\\/www.facebook.com\\\/24gliwice\",\"https:\\\/\\\/x.com\\\/24gliwice\",\"https:\\\/\\\/www.youtube.com\\\/@24gliwice\"]},{\"@type\":\"Person\",\"@id\":\"https:\\\/\\\/www.24gliwice.pl\\\/wiadomosci\\\/#\\\/schema\\\/person\\\/e42c650edd7f2fa332be3811fb166b6e\",\"name\":\"\u017baneta Mrozek-Siewierska\",\"image\":{\"@type\":\"ImageObject\",\"inLanguage\":\"pl-PL\",\"@id\":\"https:\\\/\\\/www.24gliwice.pl\\\/wiadomosci\\\/wp-content\\\/uploads\\\/2021\\\/11\\\/Zaneta-M_S-zdjecie-czb-96x96.jpg\",\"url\":\"https:\\\/\\\/www.24gliwice.pl\\\/wiadomosci\\\/wp-content\\\/uploads\\\/2021\\\/11\\\/Zaneta-M_S-zdjecie-czb-96x96.jpg\",\"contentUrl\":\"https:\\\/\\\/www.24gliwice.pl\\\/wiadomosci\\\/wp-content\\\/uploads\\\/2021\\\/11\\\/Zaneta-M_S-zdjecie-czb-96x96.jpg\",\"caption\":\"\u017baneta Mrozek-Siewierska\"},\"url\":\"https:\\\/\\\/www.24gliwice.pl\\\/wiadomosci\\\/author\\\/zms\\\/\"}]}<\/script>\n<!-- \/ Yoast SEO plugin. -->","yoast_head_json":{"title":"Gliwicki Dzie\u0144 dla Zdrowia ju\u017c w najbli\u017cszy weekend. Dawno nie robili\u015bcie bada\u0144? To dobra okazja - 24GLIWICE - Portal Gliwice | codziennie nowe informacje","description":"Przed nami kolejna ods\u0142ona wydarzenia pn. Gliwicki Dzie\u0144 dla Zdrowia. W sobot\u0119, 22 pa\u017adziernika, mo\u017cna","robots":{"index":"index","follow":"follow","max-snippet":"max-snippet:-1","max-image-preview":"max-image-preview:large","max-video-preview":"max-video-preview:-1"},"canonical":"https:\/\/www.24gliwice.pl\/wiadomosci\/gliwicki-dzien-dla-zdrowia-juz-w-najblizszy-weekend-dawno-nie-robiliscie-badan-to-dobra-okazja\/","og_locale":"pl_PL","og_type":"article","og_title":"Gliwicki Dzie\u0144 dla Zdrowia ju\u017c w najbli\u017cszy weekend. Dawno nie robili\u015bcie bada\u0144? To dobra okazja - 24GLIWICE - Portal Gliwice | codziennie nowe informacje","og_description":"Przed nami kolejna ods\u0142ona wydarzenia pn. Gliwicki Dzie\u0144 dla Zdrowia. W sobot\u0119, 22 pa\u017adziernika, mo\u017cna","og_url":"https:\/\/www.24gliwice.pl\/wiadomosci\/gliwicki-dzien-dla-zdrowia-juz-w-najblizszy-weekend-dawno-nie-robiliscie-badan-to-dobra-okazja\/","og_site_name":"24GLIWICE - Portal Gliwice | codziennie nowe informacje","article_publisher":"https:\/\/www.facebook.com\/24gliwice","article_published_time":"2022-10-19T16:13:14+00:00","og_image":[{"width":810,"height":456,"url":"https:\/\/www.24gliwice.pl\/wiadomosci\/wp-content\/uploads\/2022\/10\/gliwicki-dzien-dla-zdrowia-2.jpg","type":"image\/jpeg"}],"author":"\u017baneta Mrozek-Siewierska","twitter_card":"summary_large_image","twitter_creator":"@24gliwice","twitter_site":"@24gliwice","twitter_misc":{"Napisane przez":"\u017baneta Mrozek-Siewierska","Szacowany czas czytania":"3 minuty"},"schema":{"@context":"https:\/\/schema.org","@graph":[{"@type":"Article","@id":"https:\/\/www.24gliwice.pl\/wiadomosci\/gliwicki-dzien-dla-zdrowia-juz-w-najblizszy-weekend-dawno-nie-robiliscie-badan-to-dobra-okazja\/#article","isPartOf":{"@id":"https:\/\/www.24gliwice.pl\/wiadomosci\/gliwicki-dzien-dla-zdrowia-juz-w-najblizszy-weekend-dawno-nie-robiliscie-badan-to-dobra-okazja\/"},"author":{"name":"\u017baneta Mrozek-Siewierska","@id":"https:\/\/www.24gliwice.pl\/wiadomosci\/#\/schema\/person\/e42c650edd7f2fa332be3811fb166b6e"},"headline":"Gliwicki Dzie\u0144 dla Zdrowia ju\u017c w najbli\u017cszy weekend. Dawno nie robili\u015bcie bada\u0144? To dobra okazja","datePublished":"2022-10-19T16:13:14+00:00","mainEntityOfPage":{"@id":"https:\/\/www.24gliwice.pl\/wiadomosci\/gliwicki-dzien-dla-zdrowia-juz-w-najblizszy-weekend-dawno-nie-robiliscie-badan-to-dobra-okazja\/"},"wordCount":524,"commentCount":0,"publisher":{"@id":"https:\/\/www.24gliwice.pl\/wiadomosci\/#organization"},"image":{"@id":"https:\/\/www.24gliwice.pl\/wiadomosci\/gliwicki-dzien-dla-zdrowia-juz-w-najblizszy-weekend-dawno-nie-robiliscie-badan-to-dobra-okazja\/#primaryimage"},"thumbnailUrl":"https:\/\/www.24gliwice.pl\/wiadomosci\/wp-content\/uploads\/2022\/10\/gliwicki-dzien-dla-zdrowia-2.jpg","keywords":["bezp\u0142atne badania"],"articleSection":["Gliwice","Najnowsze wiadomo\u015bci"],"inLanguage":"pl-PL","potentialAction":[{"@type":"CommentAction","name":"Comment","target":["https:\/\/www.24gliwice.pl\/wiadomosci\/gliwicki-dzien-dla-zdrowia-juz-w-najblizszy-weekend-dawno-nie-robiliscie-badan-to-dobra-okazja\/#respond"]}]},{"@type":"WebPage","@id":"https:\/\/www.24gliwice.pl\/wiadomosci\/gliwicki-dzien-dla-zdrowia-juz-w-najblizszy-weekend-dawno-nie-robiliscie-badan-to-dobra-okazja\/","url":"https:\/\/www.24gliwice.pl\/wiadomosci\/gliwicki-dzien-dla-zdrowia-juz-w-najblizszy-weekend-dawno-nie-robiliscie-badan-to-dobra-okazja\/","name":"Gliwicki Dzie\u0144 dla Zdrowia ju\u017c w najbli\u017cszy weekend. Dawno nie robili\u015bcie bada\u0144? To dobra okazja - 24GLIWICE - Portal Gliwice | codziennie nowe informacje","isPartOf":{"@id":"https:\/\/www.24gliwice.pl\/wiadomosci\/#website"},"primaryImageOfPage":{"@id":"https:\/\/www.24gliwice.pl\/wiadomosci\/gliwicki-dzien-dla-zdrowia-juz-w-najblizszy-weekend-dawno-nie-robiliscie-badan-to-dobra-okazja\/#primaryimage"},"image":{"@id":"https:\/\/www.24gliwice.pl\/wiadomosci\/gliwicki-dzien-dla-zdrowia-juz-w-najblizszy-weekend-dawno-nie-robiliscie-badan-to-dobra-okazja\/#primaryimage"},"thumbnailUrl":"https:\/\/www.24gliwice.pl\/wiadomosci\/wp-content\/uploads\/2022\/10\/gliwicki-dzien-dla-zdrowia-2.jpg","datePublished":"2022-10-19T16:13:14+00:00","description":"Przed nami kolejna ods\u0142ona wydarzenia pn. Gliwicki Dzie\u0144 dla Zdrowia. W sobot\u0119, 22 pa\u017adziernika, mo\u017cna","breadcrumb":{"@id":"https:\/\/www.24gliwice.pl\/wiadomosci\/gliwicki-dzien-dla-zdrowia-juz-w-najblizszy-weekend-dawno-nie-robiliscie-badan-to-dobra-okazja\/#breadcrumb"},"inLanguage":"pl-PL","potentialAction":[{"@type":"ReadAction","target":["https:\/\/www.24gliwice.pl\/wiadomosci\/gliwicki-dzien-dla-zdrowia-juz-w-najblizszy-weekend-dawno-nie-robiliscie-badan-to-dobra-okazja\/"]}]},{"@type":"ImageObject","inLanguage":"pl-PL","@id":"https:\/\/www.24gliwice.pl\/wiadomosci\/gliwicki-dzien-dla-zdrowia-juz-w-najblizszy-weekend-dawno-nie-robiliscie-badan-to-dobra-okazja\/#primaryimage","url":"https:\/\/www.24gliwice.pl\/wiadomosci\/wp-content\/uploads\/2022\/10\/gliwicki-dzien-dla-zdrowia-2.jpg","contentUrl":"https:\/\/www.24gliwice.pl\/wiadomosci\/wp-content\/uploads\/2022\/10\/gliwicki-dzien-dla-zdrowia-2.jpg","width":810,"height":456},{"@type":"BreadcrumbList","@id":"https:\/\/www.24gliwice.pl\/wiadomosci\/gliwicki-dzien-dla-zdrowia-juz-w-najblizszy-weekend-dawno-nie-robiliscie-badan-to-dobra-okazja\/#breadcrumb","itemListElement":[{"@type":"ListItem","position":1,"name":"Strona g\u0142\u00f3wna","item":"https:\/\/www.24gliwice.pl\/wiadomosci\/"},{"@type":"ListItem","position":2,"name":"Gliwicki Dzie\u0144 dla Zdrowia ju\u017c w najbli\u017cszy weekend. Dawno nie robili\u015bcie bada\u0144? To dobra okazja"}]},{"@type":"WebSite","@id":"https:\/\/www.24gliwice.pl\/wiadomosci\/#website","url":"https:\/\/www.24gliwice.pl\/wiadomosci\/","name":"24GLIWICE - Portal Gliwice | codziennie nowe wiadomo\u015bci","description":"Portal Miejski Gliwice","publisher":{"@id":"https:\/\/www.24gliwice.pl\/wiadomosci\/#organization"},"potentialAction":[{"@type":"SearchAction","target":{"@type":"EntryPoint","urlTemplate":"https:\/\/www.24gliwice.pl\/wiadomosci\/?s={search_term_string}"},"query-input":{"@type":"PropertyValueSpecification","valueRequired":true,"valueName":"search_term_string"}}],"inLanguage":"pl-PL"},{"@type":"Organization","@id":"https:\/\/www.24gliwice.pl\/wiadomosci\/#organization","name":"24gliwice","url":"https:\/\/www.24gliwice.pl\/wiadomosci\/","logo":{"@type":"ImageObject","inLanguage":"pl-PL","@id":"https:\/\/www.24gliwice.pl\/wiadomosci\/#\/schema\/logo\/image\/","url":"https:\/\/www.24gliwice.pl\/wiadomosci\/wp-content\/uploads\/2024\/10\/24gliwice-logo-696.jpg","contentUrl":"https:\/\/www.24gliwice.pl\/wiadomosci\/wp-content\/uploads\/2024\/10\/24gliwice-logo-696.jpg","width":696,"height":696,"caption":"24gliwice"},"image":{"@id":"https:\/\/www.24gliwice.pl\/wiadomosci\/#\/schema\/logo\/image\/"},"sameAs":["https:\/\/www.facebook.com\/24gliwice","https:\/\/x.com\/24gliwice","https:\/\/www.youtube.com\/@24gliwice"]},{"@type":"Person","@id":"https:\/\/www.24gliwice.pl\/wiadomosci\/#\/schema\/person\/e42c650edd7f2fa332be3811fb166b6e","name":"\u017baneta Mrozek-Siewierska","image":{"@type":"ImageObject","inLanguage":"pl-PL","@id":"https:\/\/www.24gliwice.pl\/wiadomosci\/wp-content\/uploads\/2021\/11\/Zaneta-M_S-zdjecie-czb-96x96.jpg","url":"https:\/\/www.24gliwice.pl\/wiadomosci\/wp-content\/uploads\/2021\/11\/Zaneta-M_S-zdjecie-czb-96x96.jpg","contentUrl":"https:\/\/www.24gliwice.pl\/wiadomosci\/wp-content\/uploads\/2021\/11\/Zaneta-M_S-zdjecie-czb-96x96.jpg","caption":"\u017baneta Mrozek-Siewierska"},"url":"https:\/\/www.24gliwice.pl\/wiadomosci\/author\/zms\/"}]}},"_links":{"self":[{"href":"https:\/\/www.24gliwice.pl\/wiadomosci\/wp-json\/wp\/v2\/posts\/202084","targetHints":{"allow":["GET"]}}],"collection":[{"href":"https:\/\/www.24gliwice.pl\/wiadomosci\/wp-json\/wp\/v2\/posts"}],"about":[{"href":"https:\/\/www.24gliwice.pl\/wiadomosci\/wp-json\/wp\/v2\/types\/post"}],"author":[{"embeddable":true,"href":"https:\/\/www.24gliwice.pl\/wiadomosci\/wp-json\/wp\/v2\/users\/15"}],"replies":[{"embeddable":true,"href":"https:\/\/www.24gliwice.pl\/wiadomosci\/wp-json\/wp\/v2\/comments?post=202084"}],"version-history":[{"count":10,"href":"https:\/\/www.24gliwice.pl\/wiadomosci\/wp-json\/wp\/v2\/posts\/202084\/revisions"}],"predecessor-version":[{"id":202101,"href":"https:\/\/www.24gliwice.pl\/wiadomosci\/wp-json\/wp\/v2\/posts\/202084\/revisions\/202101"}],"wp:featuredmedia":[{"embeddable":true,"href":"https:\/\/www.24gliwice.pl\/wiadomosci\/wp-json\/wp\/v2\/media\/202091"}],"wp:attachment":[{"href":"https:\/\/www.24gliwice.pl\/wiadomosci\/wp-json\/wp\/v2\/media?parent=202084"}],"wp:term":[{"taxonomy":"category","embeddable":true,"href":"https:\/\/www.24gliwice.pl\/wiadomosci\/wp-json\/wp\/v2\/categories?post=202084"},{"taxonomy":"post_tag","embeddable":true,"href":"https:\/\/www.24gliwice.pl\/wiadomosci\/wp-json\/wp\/v2\/tags?post=202084"}],"curies":[{"name":"wp","href":"https:\/\/api.w.org\/{rel}","templated":true}]}}