{"id":202226,"date":"2022-10-21T11:58:11","date_gmt":"2022-10-21T09:58:11","guid":{"rendered":"https:\/\/www.24gliwice.pl\/wiadomosci\/?p=202226"},"modified":"2022-10-21T11:58:11","modified_gmt":"2022-10-21T09:58:11","slug":"biograficzny-dramat-o-ks-kaczkowskim-i-opowiesc-o-znikajacym-swiecie-co-jeszcze-wchodzi-na-ekrany-kina-amok","status":"publish","type":"post","link":"https:\/\/www.24gliwice.pl\/wiadomosci\/biograficzny-dramat-o-ks-kaczkowskim-i-opowiesc-o-znikajacym-swiecie-co-jeszcze-wchodzi-na-ekrany-kina-amok\/","title":{"rendered":"Biograficzny dramat o ks. Kaczkowskim i opowie\u015b\u0107 o znikaj\u0105cym \u015bwiecie. Co jeszcze wchodzi na ekrany kina Amok?"},"content":{"rendered":"<div class=\"gliwi-a6-nad-leadem-artykulow gliwi-entity-placement\" id=\"gliwi-1801048484\"><div class=\"gliwi-adlabel\"><span style=\"font-size: 9px\">REKLAMA<\/span><\/div><div id=\"gliwi-2689436725\" style=\"margin-bottom: 30px;margin-left: auto;margin-right: auto;text-align: center;\"><a data-no-instant=\"1\" href=\"https:\/\/przedszkole.halogen.org.pl\/\" rel=\"noopener\" class=\"a2t-link\" target=\"_blank\" aria-label=\"20260402-ANIMATOR-przedszkole_grafika_750x200\"><img loading=\"lazy\" decoding=\"async\" src=\"https:\/\/www.24gliwice.pl\/wiadomosci\/wp-content\/uploads\/2026\/04\/20260402-ANIMATOR-przedszkole_grafika_750x200.webp\" alt=\"\"  srcset=\"https:\/\/www.24gliwice.pl\/wiadomosci\/wp-content\/uploads\/2026\/04\/20260402-ANIMATOR-przedszkole_grafika_750x200.webp 750w, https:\/\/www.24gliwice.pl\/wiadomosci\/wp-content\/uploads\/2026\/04\/20260402-ANIMATOR-przedszkole_grafika_750x200-410x109.webp 410w\" sizes=\"(max-width: 750px) 100vw, 750px\" class=\"no-lazyload\" width=\"750\" height=\"200\"  style=\"display: inline-block; max-width: 100%; height: auto;\" \/><\/a><\/div><\/div><h2>Podczas weekendu i w kolejne dni do kina Amok mo\u017cna wybra\u0107 si\u0119 na cztery nowe propozycje. W\u015br\u00f3d nich biograficzny dramat &#8220;Johnny&#8221; i nale\u017c\u0105cy do tego samego gatunku film &#8220;Silent Twins&#8221;.<\/h2>\n<p>&nbsp;<br \/>\n<a href=\"https:\/\/www.24gliwice.pl\/wiadomosci\/wp-content\/uploads\/2022\/10\/Johnny_Dawid-Ogrodnik-Piotr-Trojan_fot.H.Komerski-scaled-1200x0-c-default.jpg\"><img loading=\"lazy\" decoding=\"async\" src=\"https:\/\/www.24gliwice.pl\/wiadomosci\/wp-content\/uploads\/2022\/10\/Johnny_Dawid-Ogrodnik-Piotr-Trojan_fot.H.Komerski-scaled-1200x0-c-default.jpg\" alt=\"\" width=\"810\" height=\"540\" class=\"alignnone size-full wp-image-202234\" srcset=\"https:\/\/www.24gliwice.pl\/wiadomosci\/wp-content\/uploads\/2022\/10\/Johnny_Dawid-Ogrodnik-Piotr-Trojan_fot.H.Komerski-scaled-1200x0-c-default.jpg 810w, https:\/\/www.24gliwice.pl\/wiadomosci\/wp-content\/uploads\/2022\/10\/Johnny_Dawid-Ogrodnik-Piotr-Trojan_fot.H.Komerski-scaled-1200x0-c-default-348x232.jpg 348w, https:\/\/www.24gliwice.pl\/wiadomosci\/wp-content\/uploads\/2022\/10\/Johnny_Dawid-Ogrodnik-Piotr-Trojan_fot.H.Komerski-scaled-1200x0-c-default-683x455.jpg 683w, https:\/\/www.24gliwice.pl\/wiadomosci\/wp-content\/uploads\/2022\/10\/Johnny_Dawid-Ogrodnik-Piotr-Trojan_fot.H.Komerski-scaled-1200x0-c-default-768x512.jpg 768w\" sizes=\"auto, (max-width: 810px) 100vw, 810px\" \/><\/a><\/p>\n<p>W pi\u0105tek, 21 pa\u017adziernika, na ekran gliwickiego kina studyjnego wchodzi oparta na prawdziwych wydarzeniach historia, kt\u00f3ra wzrusza i inspiruje. Opowiedziana z perspektywy podopiecznego <strong>Jana Kaczkowskiego, Patryka Galewskiego<\/strong> \u2013 ch\u0142opaka, kt\u00f3ry nie mia\u0142 \u0142atwego startu w \u017cyciu.<\/p>\n<h4>Patryk w\u0142amuje si\u0119 do domku w ma\u0142ym mie\u015bcie. Wyrok s\u0105du nakazuje mu prace spo\u0142eczne w puckim hospicjum, gdzie poznaje niezwyk\u0142ego ks. Jana Kaczkowskiego.<\/h4>\n<p>Duchowny anga\u017cuje m\u0142odych ch\u0142opak\u00f3w z zawod\u00f3wki, na poz\u00f3r twardych buntownik\u00f3w, w pomoc \u015bmiertelnie chorym. W swojej pracy skupia si\u0119 na blisko\u015bci, czu\u0142o\u015bci i walce o relacje z drugim cz\u0142owiekiem. Uczy empatii. A czyni to z hurtow\u0105 ilo\u015bci\u0105 humoru, czym zyskuje ogromn\u0105 popularno\u015b\u0107. Nied\u0142ugo p\u00f3\u017aniej Jan sam staje si\u0119 pacjentem swojego hospicjum. Patryk zostaje postawiony w sytuacji, kt\u00f3ra zmieni ca\u0142e jego \u017cycie.<\/p><div class=\"gliwi-a3-w-tresci-artykulow gliwi-entity-placement\" id=\"gliwi-161622832\"><div class=\"gliwi-adlabel\"><span style=\"font-size: 9px\">REKLAMA<\/span><\/div><div id=\"gliwi-25884656\" style=\"margin-bottom: 30px;margin-left: auto;margin-right: auto;text-align: center;\"><a data-no-instant=\"1\" href=\"https:\/\/ogrodyandersa.pl\/\" rel=\"noopener\" class=\"a2t-link\" target=\"_blank\" aria-label=\"20260415 Ogrody Andersa KUP TERAZ D\"><img loading=\"lazy\" decoding=\"async\" src=\"https:\/\/www.24gliwice.pl\/wiadomosci\/wp-content\/uploads\/2026\/04\/20260415-Ogrody-Andersa-KUP-TERAZ-D.jpg\" alt=\"\"  srcset=\"https:\/\/www.24gliwice.pl\/wiadomosci\/wp-content\/uploads\/2026\/04\/20260415-Ogrody-Andersa-KUP-TERAZ-D.jpg 750w, https:\/\/www.24gliwice.pl\/wiadomosci\/wp-content\/uploads\/2026\/04\/20260415-Ogrody-Andersa-KUP-TERAZ-D-410x109.jpg 410w\" sizes=\"(max-width: 750px) 100vw, 750px\" class=\"no-lazyload\" width=\"750\" height=\"200\"  style=\"display: inline-block; max-width: 100%; height: auto;\" \/><\/a><\/div><\/div>\n<p><iframe loading=\"lazy\" width=\"810\" height=\"455\" src=\"https:\/\/www.youtube.com\/embed\/6FZDPMo2NCY\" title=\"YouTube video player\" frameborder=\"0\" allow=\"accelerometer; autoplay; clipboard-write; encrypted-media; gyroscope; picture-in-picture\" allowfullscreen><\/iframe><\/p>\n<h4>\u015awiat znikaj\u0105cy pod ci\u0119\u017carem cywilizacji<\/h4>\n<p><a href=\"https:\/\/www.24gliwice.pl\/wiadomosci\/wp-content\/uploads\/2022\/10\/alcarras.jpg\"><img loading=\"lazy\" decoding=\"async\" src=\"https:\/\/www.24gliwice.pl\/wiadomosci\/wp-content\/uploads\/2022\/10\/alcarras.jpg\" alt=\"\" width=\"768\" height=\"512\" class=\"alignnone size-full wp-image-202238\" srcset=\"https:\/\/www.24gliwice.pl\/wiadomosci\/wp-content\/uploads\/2022\/10\/alcarras.jpg 768w, https:\/\/www.24gliwice.pl\/wiadomosci\/wp-content\/uploads\/2022\/10\/alcarras-348x232.jpg 348w, https:\/\/www.24gliwice.pl\/wiadomosci\/wp-content\/uploads\/2022\/10\/alcarras-683x455.jpg 683w\" sizes=\"auto, (max-width: 768px) 100vw, 768px\" \/><\/a><\/p>\n<p>Od 21 pa\u017adziernika w ma\u0142ej sali mo\u017cna ogl\u0105da\u0107 film &#8220;Alcarr\u00e0s&#8221;. Opowie\u015b\u0107 wype\u0142niona nostalgiczn\u0105 aur\u0105 ko\u0144ca lata i szerzej \u2013 ma\u0142ego ko\u0144ca \u015bwiata, kt\u00f3ry znika w obliczu galopuj\u0105cej cywilizacji. \u015aledzimy blaski i cienie codziennego \u017cycia wielopokoleniowej rodziny z tytu\u0142owej wioski, kt\u00f3ra staje w obliczu utraty swojego gospodarstwa. <\/p>\n<h4>\u201eAlcarr\u00e0s\u201d pe\u0142ne jest intensywnych smak\u00f3w i zapach\u00f3w, kt\u00f3re przywodz\u0105 na my\u015bl cho\u0107by \u201eTamte dni, tamte noce\u201d.<\/h4>\n<p>Kameralna produkcja wykracza jednak poza ramy intymnego portretu rodziny i kieruje nasz wzrok r\u00f3wnie\u017c na pal\u0105ce problemy wsp\u00f3\u0142czesno\u015bci. Spok\u00f3j prowincjonalnego \u015bwiata zostaje tu bezpowrotnie zaburzony przez agresywne wtargni\u0119cie post\u0119pu technologicznego. Co zwyci\u0119\u017cy: pragmatyzm, czy idealizm? Z\u0142oty Nied\u017awied\u017a na Berlinale. <\/p>\n<p><iframe loading=\"lazy\" width=\"810\" height=\"455\" src=\"https:\/\/www.youtube.com\/embed\/OMdk1kPXU_E\" title=\"YouTube video player\" frameborder=\"0\" allow=\"accelerometer; autoplay; clipboard-write; encrypted-media; gyroscope; picture-in-picture\" allowfullscreen><\/iframe><\/p>\n<h4>Studium toksycznej mi\u0142o\u015bci?<\/h4>\n<p><a href=\"https:\/\/www.24gliwice.pl\/wiadomosci\/wp-content\/uploads\/2022\/10\/silent-twins1-768x432-1.jpg\"><img loading=\"lazy\" decoding=\"async\" src=\"https:\/\/www.24gliwice.pl\/wiadomosci\/wp-content\/uploads\/2022\/10\/silent-twins1-768x432-1.jpg\" alt=\"\" width=\"768\" height=\"432\" class=\"alignnone size-full wp-image-202235\" srcset=\"https:\/\/www.24gliwice.pl\/wiadomosci\/wp-content\/uploads\/2022\/10\/silent-twins1-768x432-1.jpg 768w, https:\/\/www.24gliwice.pl\/wiadomosci\/wp-content\/uploads\/2022\/10\/silent-twins1-768x432-1-410x232.jpg 410w\" sizes=\"auto, (max-width: 768px) 100vw, 768px\" \/><\/a><\/p>\n<p>&#8220;Silent Twins&#8221; to przejmuj\u0105cy film <strong>Agnieszki Smoczy\u0144skiej <\/strong>(\u201eC\u00f3rki dancingu\u201d, \u201eFuga\u201d) z <strong>Letiti\u0105 Wright i Tamar\u0105 Lawrence<\/strong> w tytu\u0142owych rolach. Oparta na reporta\u017cu <strong>Marjorie Wallace<\/strong> prawdziwa historia<strong> June i Jennifer Gibbons<\/strong>, czarnych bli\u017aniaczek z Walii, kt\u00f3re od dzieci\u0144stwa rozmawia\u0142y tylko ze sob\u0105. <\/p>\n<h4>Odmawiaj\u0105ce komunikacji werbalnej z rodzin\u0105 i r\u00f3wie\u015bnikami siostry tworz\u0105 symbiotyczny, cho\u0107 niepozbawiony rywalizacji duet.<\/h4>\n<p>Ich \u017cycie toczy si\u0119 za zamkni\u0119tymi drzwiami dziewcz\u0119cego pokoju: w wyobra\u017ani, we wsp\u00f3lnych (z wiekiem coraz mniej niewinnych) grach i na kartach ksi\u0105\u017cek, kt\u00f3re pisz\u0105. Historia nastoletniego buntu czy ekscentrycznej zabawy, kt\u00f3ra wymkn\u0119\u0142a si\u0119 spod kontroli? A mo\u017ce studium toksycznej mi\u0142o\u015bci, tak silnej, \u017ce \u015bwiat zewn\u0119trzny przestaje mie\u0107 znaczenie, gdy normalne \u017cycie jest niemo\u017cliwe?<\/p>\n<p><iframe loading=\"lazy\" width=\"810\" height=\"455\" src=\"https:\/\/www.youtube.com\/embed\/MDeOPJJcCGA\" title=\"YouTube video player\" frameborder=\"0\" allow=\"accelerometer; autoplay; clipboard-write; encrypted-media; gyroscope; picture-in-picture\" allowfullscreen><\/iframe><\/p>\n<p>Konkurs Un Certain Regards \u2013 Cannes<br \/>\nZ\u0142ote Lwy oraz Nagroda Kin Studyjnych na FPFF w Gdyni<\/p>\n<h4>Czy kompozycje Chopina zatrzymaj\u0105 czas?<\/h4>\n<p><a href=\"https:\/\/www.24gliwice.pl\/wiadomosci\/wp-content\/uploads\/2022\/10\/Chopin-1200x0-c-default.jpg\"><img loading=\"lazy\" decoding=\"async\" src=\"https:\/\/www.24gliwice.pl\/wiadomosci\/wp-content\/uploads\/2022\/10\/Chopin-1200x0-c-default.jpg\" alt=\"\" width=\"810\" height=\"456\" class=\"alignnone size-full wp-image-202233\" srcset=\"https:\/\/www.24gliwice.pl\/wiadomosci\/wp-content\/uploads\/2022\/10\/Chopin-1200x0-c-default.jpg 810w, https:\/\/www.24gliwice.pl\/wiadomosci\/wp-content\/uploads\/2022\/10\/Chopin-1200x0-c-default-410x232.jpg 410w, https:\/\/www.24gliwice.pl\/wiadomosci\/wp-content\/uploads\/2022\/10\/Chopin-1200x0-c-default-808x455.jpg 808w, https:\/\/www.24gliwice.pl\/wiadomosci\/wp-content\/uploads\/2022\/10\/Chopin-1200x0-c-default-768x432.jpg 768w\" sizes=\"auto, (max-width: 810px) 100vw, 810px\" \/><\/a><\/p>\n<p>&#8220;Chopin. Nie boj\u0119 si\u0119 ciemno\u015bci&#8221; to film dokumentalny splataj\u0105cy historie trzech wybitnych pianist\u00f3w. <strong>Leszek Mo\u017cd\u017cer, Won Jae \u2013 Yeon<\/strong> oraz <strong>Fares Marek Basmadji<\/strong> zabior\u0105 nas we wzruszaj\u0105c\u0105 i mistyczn\u0105 podr\u00f3\u017c, aby w ko\u0144cu stawi\u0107 czo\u0142a mrocznemu wyzwaniu. <\/p>\n<p><iframe loading=\"lazy\" width=\"810\" height=\"455\" src=\"https:\/\/www.youtube.com\/embed\/ZUTChAX44kw\" title=\"YouTube video player\" frameborder=\"0\" allow=\"accelerometer; autoplay; clipboard-write; encrypted-media; gyroscope; picture-in-picture\" allowfullscreen><\/iframe><\/p>\n<p>B\u0119d\u0105 to wyj\u0105tkowe koncerty, wykonane w miejscach zwi\u0105zanych z niewyobra\u017calnymi konfliktami ludzko\u015bci: przy by\u0142ym niemieckim, nazistowskim obozie koncentracyjnym Auschwitz Birkenau, przy granicy z dyktatorsk\u0105 Kore\u0105 P\u00f3\u0142nocn\u0105 i w centrum Bejrutu, tu\u017c po wybuchu w tamtejszym porcie. Czy kompozycje Chopina b\u0119d\u0105 w stanie zatrzyma\u0107 czas cho\u0107 na chwil\u0119 i zainspirowa\u0107 do refleksji?<\/p>\n<h4>Co jeszcze w repertuarze?<\/h4>\n<p>Opr\u00f3cz wspomnianych nowo\u015bci, w weekend, a tak\u017ce w kolejne dni przysz\u0142ego tygodnia (poza poniedzia\u0142kiem, kiedy kino jest nieczynne) w Amoku mo\u017cna ogl\u0105da\u0107 polski dokument &#8220;Simona&#8221;, ameryka\u0144sk\u0105 komedi\u0119 &#8220;Amsterdam&#8221;, a tak\u017ce wyprodukowany w Skandynawii horror &#8220;Piskl\u0119&#8221;. <\/p>\n<p><iframe loading=\"lazy\" width=\"810\" height=\"455\" src=\"https:\/\/www.youtube.com\/embed\/BimI6eccWXc\" title=\"YouTube video player\" frameborder=\"0\" allow=\"accelerometer; autoplay; clipboard-write; encrypted-media; gyroscope; picture-in-picture\" allowfullscreen><\/iframe><\/p>\n<p>Poza tym w sobot\u0119 mo\u017cna wybra\u0107 si\u0119 na oper\u0119 &#8220;Medea&#8221; transmitowan\u0105 na \u017cywo z Metropolitan Opera w Nowym Jorku, za\u015b w niedziel\u0119 zaplanowano kinowy podwieczorek dla rodziny, w ramach kt\u00f3rego wy\u015bwietlona zostanie obyczajowa komedia &#8220;Rodzice kontra influencerzy&#8221;. <a href=\"https:\/\/amok.gliwice.pl\/repertuar\/tydzien\/\" rel=\"noopener\" target=\"_blank\">Ca\u0142y repertuar i bilety mo\u017cna znale\u017a\u0107 na stronie kina Amok &#8211; kliknij tu. <\/a><\/p>\n<p>(\u017cms)\/Amok Gliwice<br \/>\nfot. materia\u0142y organizatora<\/p>\n<div class=\"gliwi-a5-na-koncu-artykulow gliwi-entity-placement\" id=\"gliwi-3579638219\"><div class=\"gliwi-adlabel\"><span style=\"font-size: 9px\">REKLAMA<\/span><\/div><div id=\"gliwi-698240703\" style=\"margin-left: auto;margin-right: auto;text-align: center;\"><a data-no-instant=\"1\" href=\"https:\/\/prezeroarenagliwice.pl\/\" rel=\"noopener\" class=\"a2t-link\" target=\"_blank\" aria-label=\"20260309-PREZERO-WIOSNA-D\"><img loading=\"lazy\" decoding=\"async\" src=\"https:\/\/www.24gliwice.pl\/wiadomosci\/wp-content\/uploads\/2026\/03\/20260309-PREZERO-WIOSNA-D.webp\" alt=\"\"  srcset=\"https:\/\/www.24gliwice.pl\/wiadomosci\/wp-content\/uploads\/2026\/03\/20260309-PREZERO-WIOSNA-D.webp 750w, https:\/\/www.24gliwice.pl\/wiadomosci\/wp-content\/uploads\/2026\/03\/20260309-PREZERO-WIOSNA-D-410x109.webp 410w\" sizes=\"(max-width: 750px) 100vw, 750px\" class=\"no-lazyload\" width=\"750\" height=\"200\"  style=\"display: inline-block; max-width: 100%; height: auto;\" \/><\/a><\/div><\/div>","protected":false},"excerpt":{"rendered":"<p>Podczas weekendu i w kolejne dni do kina Amok mo\u017cna wybra\u0107 si\u0119 na cztery nowe propozycje. W\u015br\u00f3d nich biograficzny dramat &#8220;Johnny&#8221; i nale\u017c\u0105cy do tego samego gatunku film &#8220;Silent Twins&#8221;. &nbsp; W pi\u0105tek, 21 pa\u017adziernika, na ekran gliwickiego kina studyjnego wchodzi oparta na prawdziwych wydarzeniach historia, kt\u00f3ra wzrusza i inspiruje. Opowiedziana z perspektywy podopiecznego Jana [&hellip;]<\/p>\n","protected":false},"author":15,"featured_media":202232,"comment_status":"open","ping_status":"closed","sticky":false,"template":"","format":"standard","meta":{"_monsterinsights_skip_tracking":false,"_monsterinsights_sitenote_active":false,"_monsterinsights_sitenote_note":"","_monsterinsights_sitenote_category":0,"footnotes":"","_links_to":"","_links_to_target":""},"categories":[3,6,1],"tags":[256,20646],"class_list":["post-202226","post","type-post","status-publish","format-standard","has-post-thumbnail","hentry","category-gliwice","category-kultura","category-wszystko","tag-kino-amok","tag-premiery-kinowe"],"yoast_head":"<!-- This site is optimized with the Yoast SEO plugin v27.4 - https:\/\/yoast.com\/product\/yoast-seo-wordpress\/ -->\n<title>Biograficzny dramat o ks. Kaczkowskim i opowie\u015b\u0107 o znikaj\u0105cym \u015bwiecie. Co jeszcze wchodzi na ekrany kina Amok? - 24GLIWICE - Portal Gliwice | codziennie nowe informacje<\/title>\n<meta name=\"description\" content=\"W pi\u0105tek, 21 pa\u017adziernika, na ekrany kina Amok wejd\u0105 4 nowe filmy, w wi\u0119kszo\u015bci s\u0105 to dramaty, b\u0119dzie te\u017c dokument\" \/>\n<meta name=\"robots\" content=\"index, follow, max-snippet:-1, max-image-preview:large, max-video-preview:-1\" \/>\n<link rel=\"canonical\" href=\"https:\/\/www.24gliwice.pl\/wiadomosci\/biograficzny-dramat-o-ks-kaczkowskim-i-opowiesc-o-znikajacym-swiecie-co-jeszcze-wchodzi-na-ekrany-kina-amok\/\" \/>\n<meta property=\"og:locale\" content=\"pl_PL\" \/>\n<meta property=\"og:type\" content=\"article\" \/>\n<meta property=\"og:title\" content=\"Biograficzny dramat o ks. Kaczkowskim i opowie\u015b\u0107 o znikaj\u0105cym \u015bwiecie. Co jeszcze wchodzi na ekrany kina Amok? - 24GLIWICE - Portal Gliwice | codziennie nowe informacje\" \/>\n<meta property=\"og:description\" content=\"W pi\u0105tek, 21 pa\u017adziernika, na ekrany kina Amok wejd\u0105 4 nowe filmy, w wi\u0119kszo\u015bci s\u0105 to dramaty, b\u0119dzie te\u017c dokument\" \/>\n<meta property=\"og:url\" content=\"https:\/\/www.24gliwice.pl\/wiadomosci\/biograficzny-dramat-o-ks-kaczkowskim-i-opowiesc-o-znikajacym-swiecie-co-jeszcze-wchodzi-na-ekrany-kina-amok\/\" \/>\n<meta property=\"og:site_name\" content=\"24GLIWICE - Portal Gliwice | codziennie nowe informacje\" \/>\n<meta property=\"article:publisher\" content=\"https:\/\/www.facebook.com\/24gliwice\" \/>\n<meta property=\"article:published_time\" content=\"2022-10-21T09:58:11+00:00\" \/>\n<meta property=\"og:image\" content=\"https:\/\/www.24gliwice.pl\/wiadomosci\/wp-content\/uploads\/2022\/10\/ALCARRAS-1-c-Lluis-Tudela-scaled-1200x0-c-default.jpg\" \/>\n\t<meta property=\"og:image:width\" content=\"810\" \/>\n\t<meta property=\"og:image:height\" content=\"457\" \/>\n\t<meta property=\"og:image:type\" content=\"image\/jpeg\" \/>\n<meta name=\"author\" content=\"\u017baneta Mrozek-Siewierska\" \/>\n<meta name=\"twitter:card\" content=\"summary_large_image\" \/>\n<meta name=\"twitter:creator\" content=\"@24gliwice\" \/>\n<meta name=\"twitter:site\" content=\"@24gliwice\" \/>\n<meta name=\"twitter:label1\" content=\"Napisane przez\" \/>\n\t<meta name=\"twitter:data1\" content=\"\u017baneta Mrozek-Siewierska\" \/>\n\t<meta name=\"twitter:label2\" content=\"Szacowany czas czytania\" \/>\n\t<meta name=\"twitter:data2\" content=\"3 minuty\" \/>\n<script type=\"application\/ld+json\" class=\"yoast-schema-graph\">{\"@context\":\"https:\\\/\\\/schema.org\",\"@graph\":[{\"@type\":\"Article\",\"@id\":\"https:\\\/\\\/www.24gliwice.pl\\\/wiadomosci\\\/biograficzny-dramat-o-ks-kaczkowskim-i-opowiesc-o-znikajacym-swiecie-co-jeszcze-wchodzi-na-ekrany-kina-amok\\\/#article\",\"isPartOf\":{\"@id\":\"https:\\\/\\\/www.24gliwice.pl\\\/wiadomosci\\\/biograficzny-dramat-o-ks-kaczkowskim-i-opowiesc-o-znikajacym-swiecie-co-jeszcze-wchodzi-na-ekrany-kina-amok\\\/\"},\"author\":{\"name\":\"\u017baneta Mrozek-Siewierska\",\"@id\":\"https:\\\/\\\/www.24gliwice.pl\\\/wiadomosci\\\/#\\\/schema\\\/person\\\/e42c650edd7f2fa332be3811fb166b6e\"},\"headline\":\"Biograficzny dramat o ks. Kaczkowskim i opowie\u015b\u0107 o znikaj\u0105cym \u015bwiecie. Co jeszcze wchodzi na ekrany kina Amok?\",\"datePublished\":\"2022-10-21T09:58:11+00:00\",\"mainEntityOfPage\":{\"@id\":\"https:\\\/\\\/www.24gliwice.pl\\\/wiadomosci\\\/biograficzny-dramat-o-ks-kaczkowskim-i-opowiesc-o-znikajacym-swiecie-co-jeszcze-wchodzi-na-ekrany-kina-amok\\\/\"},\"wordCount\":707,\"commentCount\":0,\"publisher\":{\"@id\":\"https:\\\/\\\/www.24gliwice.pl\\\/wiadomosci\\\/#organization\"},\"image\":{\"@id\":\"https:\\\/\\\/www.24gliwice.pl\\\/wiadomosci\\\/biograficzny-dramat-o-ks-kaczkowskim-i-opowiesc-o-znikajacym-swiecie-co-jeszcze-wchodzi-na-ekrany-kina-amok\\\/#primaryimage\"},\"thumbnailUrl\":\"https:\\\/\\\/www.24gliwice.pl\\\/wiadomosci\\\/wp-content\\\/uploads\\\/2022\\\/10\\\/ALCARRAS-1-c-Lluis-Tudela-scaled-1200x0-c-default.jpg\",\"keywords\":[\"KINO AMOK\",\"premiery kinowe\"],\"articleSection\":[\"Gliwice\",\"Kultura, wydarzenia, imprezy\",\"Najnowsze wiadomo\u015bci\"],\"inLanguage\":\"pl-PL\",\"potentialAction\":[{\"@type\":\"CommentAction\",\"name\":\"Comment\",\"target\":[\"https:\\\/\\\/www.24gliwice.pl\\\/wiadomosci\\\/biograficzny-dramat-o-ks-kaczkowskim-i-opowiesc-o-znikajacym-swiecie-co-jeszcze-wchodzi-na-ekrany-kina-amok\\\/#respond\"]}]},{\"@type\":\"WebPage\",\"@id\":\"https:\\\/\\\/www.24gliwice.pl\\\/wiadomosci\\\/biograficzny-dramat-o-ks-kaczkowskim-i-opowiesc-o-znikajacym-swiecie-co-jeszcze-wchodzi-na-ekrany-kina-amok\\\/\",\"url\":\"https:\\\/\\\/www.24gliwice.pl\\\/wiadomosci\\\/biograficzny-dramat-o-ks-kaczkowskim-i-opowiesc-o-znikajacym-swiecie-co-jeszcze-wchodzi-na-ekrany-kina-amok\\\/\",\"name\":\"Biograficzny dramat o ks. Kaczkowskim i opowie\u015b\u0107 o znikaj\u0105cym \u015bwiecie. Co jeszcze wchodzi na ekrany kina Amok? - 24GLIWICE - Portal Gliwice | codziennie nowe informacje\",\"isPartOf\":{\"@id\":\"https:\\\/\\\/www.24gliwice.pl\\\/wiadomosci\\\/#website\"},\"primaryImageOfPage\":{\"@id\":\"https:\\\/\\\/www.24gliwice.pl\\\/wiadomosci\\\/biograficzny-dramat-o-ks-kaczkowskim-i-opowiesc-o-znikajacym-swiecie-co-jeszcze-wchodzi-na-ekrany-kina-amok\\\/#primaryimage\"},\"image\":{\"@id\":\"https:\\\/\\\/www.24gliwice.pl\\\/wiadomosci\\\/biograficzny-dramat-o-ks-kaczkowskim-i-opowiesc-o-znikajacym-swiecie-co-jeszcze-wchodzi-na-ekrany-kina-amok\\\/#primaryimage\"},\"thumbnailUrl\":\"https:\\\/\\\/www.24gliwice.pl\\\/wiadomosci\\\/wp-content\\\/uploads\\\/2022\\\/10\\\/ALCARRAS-1-c-Lluis-Tudela-scaled-1200x0-c-default.jpg\",\"datePublished\":\"2022-10-21T09:58:11+00:00\",\"description\":\"W pi\u0105tek, 21 pa\u017adziernika, na ekrany kina Amok wejd\u0105 4 nowe filmy, w wi\u0119kszo\u015bci s\u0105 to dramaty, b\u0119dzie te\u017c dokument\",\"breadcrumb\":{\"@id\":\"https:\\\/\\\/www.24gliwice.pl\\\/wiadomosci\\\/biograficzny-dramat-o-ks-kaczkowskim-i-opowiesc-o-znikajacym-swiecie-co-jeszcze-wchodzi-na-ekrany-kina-amok\\\/#breadcrumb\"},\"inLanguage\":\"pl-PL\",\"potentialAction\":[{\"@type\":\"ReadAction\",\"target\":[\"https:\\\/\\\/www.24gliwice.pl\\\/wiadomosci\\\/biograficzny-dramat-o-ks-kaczkowskim-i-opowiesc-o-znikajacym-swiecie-co-jeszcze-wchodzi-na-ekrany-kina-amok\\\/\"]}]},{\"@type\":\"ImageObject\",\"inLanguage\":\"pl-PL\",\"@id\":\"https:\\\/\\\/www.24gliwice.pl\\\/wiadomosci\\\/biograficzny-dramat-o-ks-kaczkowskim-i-opowiesc-o-znikajacym-swiecie-co-jeszcze-wchodzi-na-ekrany-kina-amok\\\/#primaryimage\",\"url\":\"https:\\\/\\\/www.24gliwice.pl\\\/wiadomosci\\\/wp-content\\\/uploads\\\/2022\\\/10\\\/ALCARRAS-1-c-Lluis-Tudela-scaled-1200x0-c-default.jpg\",\"contentUrl\":\"https:\\\/\\\/www.24gliwice.pl\\\/wiadomosci\\\/wp-content\\\/uploads\\\/2022\\\/10\\\/ALCARRAS-1-c-Lluis-Tudela-scaled-1200x0-c-default.jpg\",\"width\":810,\"height\":457},{\"@type\":\"BreadcrumbList\",\"@id\":\"https:\\\/\\\/www.24gliwice.pl\\\/wiadomosci\\\/biograficzny-dramat-o-ks-kaczkowskim-i-opowiesc-o-znikajacym-swiecie-co-jeszcze-wchodzi-na-ekrany-kina-amok\\\/#breadcrumb\",\"itemListElement\":[{\"@type\":\"ListItem\",\"position\":1,\"name\":\"Strona g\u0142\u00f3wna\",\"item\":\"https:\\\/\\\/www.24gliwice.pl\\\/wiadomosci\\\/\"},{\"@type\":\"ListItem\",\"position\":2,\"name\":\"Biograficzny dramat o ks. Kaczkowskim i opowie\u015b\u0107 o znikaj\u0105cym \u015bwiecie. Co jeszcze wchodzi na ekrany kina Amok?\"}]},{\"@type\":\"WebSite\",\"@id\":\"https:\\\/\\\/www.24gliwice.pl\\\/wiadomosci\\\/#website\",\"url\":\"https:\\\/\\\/www.24gliwice.pl\\\/wiadomosci\\\/\",\"name\":\"24GLIWICE - Portal Gliwice | codziennie nowe wiadomo\u015bci\",\"description\":\"Portal Miejski Gliwice\",\"publisher\":{\"@id\":\"https:\\\/\\\/www.24gliwice.pl\\\/wiadomosci\\\/#organization\"},\"potentialAction\":[{\"@type\":\"SearchAction\",\"target\":{\"@type\":\"EntryPoint\",\"urlTemplate\":\"https:\\\/\\\/www.24gliwice.pl\\\/wiadomosci\\\/?s={search_term_string}\"},\"query-input\":{\"@type\":\"PropertyValueSpecification\",\"valueRequired\":true,\"valueName\":\"search_term_string\"}}],\"inLanguage\":\"pl-PL\"},{\"@type\":\"Organization\",\"@id\":\"https:\\\/\\\/www.24gliwice.pl\\\/wiadomosci\\\/#organization\",\"name\":\"24gliwice\",\"url\":\"https:\\\/\\\/www.24gliwice.pl\\\/wiadomosci\\\/\",\"logo\":{\"@type\":\"ImageObject\",\"inLanguage\":\"pl-PL\",\"@id\":\"https:\\\/\\\/www.24gliwice.pl\\\/wiadomosci\\\/#\\\/schema\\\/logo\\\/image\\\/\",\"url\":\"https:\\\/\\\/www.24gliwice.pl\\\/wiadomosci\\\/wp-content\\\/uploads\\\/2024\\\/10\\\/24gliwice-logo-696.jpg\",\"contentUrl\":\"https:\\\/\\\/www.24gliwice.pl\\\/wiadomosci\\\/wp-content\\\/uploads\\\/2024\\\/10\\\/24gliwice-logo-696.jpg\",\"width\":696,\"height\":696,\"caption\":\"24gliwice\"},\"image\":{\"@id\":\"https:\\\/\\\/www.24gliwice.pl\\\/wiadomosci\\\/#\\\/schema\\\/logo\\\/image\\\/\"},\"sameAs\":[\"https:\\\/\\\/www.facebook.com\\\/24gliwice\",\"https:\\\/\\\/x.com\\\/24gliwice\",\"https:\\\/\\\/www.youtube.com\\\/@24gliwice\"]},{\"@type\":\"Person\",\"@id\":\"https:\\\/\\\/www.24gliwice.pl\\\/wiadomosci\\\/#\\\/schema\\\/person\\\/e42c650edd7f2fa332be3811fb166b6e\",\"name\":\"\u017baneta Mrozek-Siewierska\",\"image\":{\"@type\":\"ImageObject\",\"inLanguage\":\"pl-PL\",\"@id\":\"https:\\\/\\\/www.24gliwice.pl\\\/wiadomosci\\\/wp-content\\\/uploads\\\/2021\\\/11\\\/Zaneta-M_S-zdjecie-czb-96x96.jpg\",\"url\":\"https:\\\/\\\/www.24gliwice.pl\\\/wiadomosci\\\/wp-content\\\/uploads\\\/2021\\\/11\\\/Zaneta-M_S-zdjecie-czb-96x96.jpg\",\"contentUrl\":\"https:\\\/\\\/www.24gliwice.pl\\\/wiadomosci\\\/wp-content\\\/uploads\\\/2021\\\/11\\\/Zaneta-M_S-zdjecie-czb-96x96.jpg\",\"caption\":\"\u017baneta Mrozek-Siewierska\"},\"url\":\"https:\\\/\\\/www.24gliwice.pl\\\/wiadomosci\\\/author\\\/zms\\\/\"}]}<\/script>\n<!-- \/ Yoast SEO plugin. -->","yoast_head_json":{"title":"Biograficzny dramat o ks. Kaczkowskim i opowie\u015b\u0107 o znikaj\u0105cym \u015bwiecie. Co jeszcze wchodzi na ekrany kina Amok? - 24GLIWICE - Portal Gliwice | codziennie nowe informacje","description":"W pi\u0105tek, 21 pa\u017adziernika, na ekrany kina Amok wejd\u0105 4 nowe filmy, w wi\u0119kszo\u015bci s\u0105 to dramaty, b\u0119dzie te\u017c dokument","robots":{"index":"index","follow":"follow","max-snippet":"max-snippet:-1","max-image-preview":"max-image-preview:large","max-video-preview":"max-video-preview:-1"},"canonical":"https:\/\/www.24gliwice.pl\/wiadomosci\/biograficzny-dramat-o-ks-kaczkowskim-i-opowiesc-o-znikajacym-swiecie-co-jeszcze-wchodzi-na-ekrany-kina-amok\/","og_locale":"pl_PL","og_type":"article","og_title":"Biograficzny dramat o ks. Kaczkowskim i opowie\u015b\u0107 o znikaj\u0105cym \u015bwiecie. Co jeszcze wchodzi na ekrany kina Amok? - 24GLIWICE - Portal Gliwice | codziennie nowe informacje","og_description":"W pi\u0105tek, 21 pa\u017adziernika, na ekrany kina Amok wejd\u0105 4 nowe filmy, w wi\u0119kszo\u015bci s\u0105 to dramaty, b\u0119dzie te\u017c dokument","og_url":"https:\/\/www.24gliwice.pl\/wiadomosci\/biograficzny-dramat-o-ks-kaczkowskim-i-opowiesc-o-znikajacym-swiecie-co-jeszcze-wchodzi-na-ekrany-kina-amok\/","og_site_name":"24GLIWICE - Portal Gliwice | codziennie nowe informacje","article_publisher":"https:\/\/www.facebook.com\/24gliwice","article_published_time":"2022-10-21T09:58:11+00:00","og_image":[{"width":810,"height":457,"url":"https:\/\/www.24gliwice.pl\/wiadomosci\/wp-content\/uploads\/2022\/10\/ALCARRAS-1-c-Lluis-Tudela-scaled-1200x0-c-default.jpg","type":"image\/jpeg"}],"author":"\u017baneta Mrozek-Siewierska","twitter_card":"summary_large_image","twitter_creator":"@24gliwice","twitter_site":"@24gliwice","twitter_misc":{"Napisane przez":"\u017baneta Mrozek-Siewierska","Szacowany czas czytania":"3 minuty"},"schema":{"@context":"https:\/\/schema.org","@graph":[{"@type":"Article","@id":"https:\/\/www.24gliwice.pl\/wiadomosci\/biograficzny-dramat-o-ks-kaczkowskim-i-opowiesc-o-znikajacym-swiecie-co-jeszcze-wchodzi-na-ekrany-kina-amok\/#article","isPartOf":{"@id":"https:\/\/www.24gliwice.pl\/wiadomosci\/biograficzny-dramat-o-ks-kaczkowskim-i-opowiesc-o-znikajacym-swiecie-co-jeszcze-wchodzi-na-ekrany-kina-amok\/"},"author":{"name":"\u017baneta Mrozek-Siewierska","@id":"https:\/\/www.24gliwice.pl\/wiadomosci\/#\/schema\/person\/e42c650edd7f2fa332be3811fb166b6e"},"headline":"Biograficzny dramat o ks. Kaczkowskim i opowie\u015b\u0107 o znikaj\u0105cym \u015bwiecie. Co jeszcze wchodzi na ekrany kina Amok?","datePublished":"2022-10-21T09:58:11+00:00","mainEntityOfPage":{"@id":"https:\/\/www.24gliwice.pl\/wiadomosci\/biograficzny-dramat-o-ks-kaczkowskim-i-opowiesc-o-znikajacym-swiecie-co-jeszcze-wchodzi-na-ekrany-kina-amok\/"},"wordCount":707,"commentCount":0,"publisher":{"@id":"https:\/\/www.24gliwice.pl\/wiadomosci\/#organization"},"image":{"@id":"https:\/\/www.24gliwice.pl\/wiadomosci\/biograficzny-dramat-o-ks-kaczkowskim-i-opowiesc-o-znikajacym-swiecie-co-jeszcze-wchodzi-na-ekrany-kina-amok\/#primaryimage"},"thumbnailUrl":"https:\/\/www.24gliwice.pl\/wiadomosci\/wp-content\/uploads\/2022\/10\/ALCARRAS-1-c-Lluis-Tudela-scaled-1200x0-c-default.jpg","keywords":["KINO AMOK","premiery kinowe"],"articleSection":["Gliwice","Kultura, wydarzenia, imprezy","Najnowsze wiadomo\u015bci"],"inLanguage":"pl-PL","potentialAction":[{"@type":"CommentAction","name":"Comment","target":["https:\/\/www.24gliwice.pl\/wiadomosci\/biograficzny-dramat-o-ks-kaczkowskim-i-opowiesc-o-znikajacym-swiecie-co-jeszcze-wchodzi-na-ekrany-kina-amok\/#respond"]}]},{"@type":"WebPage","@id":"https:\/\/www.24gliwice.pl\/wiadomosci\/biograficzny-dramat-o-ks-kaczkowskim-i-opowiesc-o-znikajacym-swiecie-co-jeszcze-wchodzi-na-ekrany-kina-amok\/","url":"https:\/\/www.24gliwice.pl\/wiadomosci\/biograficzny-dramat-o-ks-kaczkowskim-i-opowiesc-o-znikajacym-swiecie-co-jeszcze-wchodzi-na-ekrany-kina-amok\/","name":"Biograficzny dramat o ks. Kaczkowskim i opowie\u015b\u0107 o znikaj\u0105cym \u015bwiecie. Co jeszcze wchodzi na ekrany kina Amok? - 24GLIWICE - Portal Gliwice | codziennie nowe informacje","isPartOf":{"@id":"https:\/\/www.24gliwice.pl\/wiadomosci\/#website"},"primaryImageOfPage":{"@id":"https:\/\/www.24gliwice.pl\/wiadomosci\/biograficzny-dramat-o-ks-kaczkowskim-i-opowiesc-o-znikajacym-swiecie-co-jeszcze-wchodzi-na-ekrany-kina-amok\/#primaryimage"},"image":{"@id":"https:\/\/www.24gliwice.pl\/wiadomosci\/biograficzny-dramat-o-ks-kaczkowskim-i-opowiesc-o-znikajacym-swiecie-co-jeszcze-wchodzi-na-ekrany-kina-amok\/#primaryimage"},"thumbnailUrl":"https:\/\/www.24gliwice.pl\/wiadomosci\/wp-content\/uploads\/2022\/10\/ALCARRAS-1-c-Lluis-Tudela-scaled-1200x0-c-default.jpg","datePublished":"2022-10-21T09:58:11+00:00","description":"W pi\u0105tek, 21 pa\u017adziernika, na ekrany kina Amok wejd\u0105 4 nowe filmy, w wi\u0119kszo\u015bci s\u0105 to dramaty, b\u0119dzie te\u017c dokument","breadcrumb":{"@id":"https:\/\/www.24gliwice.pl\/wiadomosci\/biograficzny-dramat-o-ks-kaczkowskim-i-opowiesc-o-znikajacym-swiecie-co-jeszcze-wchodzi-na-ekrany-kina-amok\/#breadcrumb"},"inLanguage":"pl-PL","potentialAction":[{"@type":"ReadAction","target":["https:\/\/www.24gliwice.pl\/wiadomosci\/biograficzny-dramat-o-ks-kaczkowskim-i-opowiesc-o-znikajacym-swiecie-co-jeszcze-wchodzi-na-ekrany-kina-amok\/"]}]},{"@type":"ImageObject","inLanguage":"pl-PL","@id":"https:\/\/www.24gliwice.pl\/wiadomosci\/biograficzny-dramat-o-ks-kaczkowskim-i-opowiesc-o-znikajacym-swiecie-co-jeszcze-wchodzi-na-ekrany-kina-amok\/#primaryimage","url":"https:\/\/www.24gliwice.pl\/wiadomosci\/wp-content\/uploads\/2022\/10\/ALCARRAS-1-c-Lluis-Tudela-scaled-1200x0-c-default.jpg","contentUrl":"https:\/\/www.24gliwice.pl\/wiadomosci\/wp-content\/uploads\/2022\/10\/ALCARRAS-1-c-Lluis-Tudela-scaled-1200x0-c-default.jpg","width":810,"height":457},{"@type":"BreadcrumbList","@id":"https:\/\/www.24gliwice.pl\/wiadomosci\/biograficzny-dramat-o-ks-kaczkowskim-i-opowiesc-o-znikajacym-swiecie-co-jeszcze-wchodzi-na-ekrany-kina-amok\/#breadcrumb","itemListElement":[{"@type":"ListItem","position":1,"name":"Strona g\u0142\u00f3wna","item":"https:\/\/www.24gliwice.pl\/wiadomosci\/"},{"@type":"ListItem","position":2,"name":"Biograficzny dramat o ks. Kaczkowskim i opowie\u015b\u0107 o znikaj\u0105cym \u015bwiecie. Co jeszcze wchodzi na ekrany kina Amok?"}]},{"@type":"WebSite","@id":"https:\/\/www.24gliwice.pl\/wiadomosci\/#website","url":"https:\/\/www.24gliwice.pl\/wiadomosci\/","name":"24GLIWICE - Portal Gliwice | codziennie nowe wiadomo\u015bci","description":"Portal Miejski Gliwice","publisher":{"@id":"https:\/\/www.24gliwice.pl\/wiadomosci\/#organization"},"potentialAction":[{"@type":"SearchAction","target":{"@type":"EntryPoint","urlTemplate":"https:\/\/www.24gliwice.pl\/wiadomosci\/?s={search_term_string}"},"query-input":{"@type":"PropertyValueSpecification","valueRequired":true,"valueName":"search_term_string"}}],"inLanguage":"pl-PL"},{"@type":"Organization","@id":"https:\/\/www.24gliwice.pl\/wiadomosci\/#organization","name":"24gliwice","url":"https:\/\/www.24gliwice.pl\/wiadomosci\/","logo":{"@type":"ImageObject","inLanguage":"pl-PL","@id":"https:\/\/www.24gliwice.pl\/wiadomosci\/#\/schema\/logo\/image\/","url":"https:\/\/www.24gliwice.pl\/wiadomosci\/wp-content\/uploads\/2024\/10\/24gliwice-logo-696.jpg","contentUrl":"https:\/\/www.24gliwice.pl\/wiadomosci\/wp-content\/uploads\/2024\/10\/24gliwice-logo-696.jpg","width":696,"height":696,"caption":"24gliwice"},"image":{"@id":"https:\/\/www.24gliwice.pl\/wiadomosci\/#\/schema\/logo\/image\/"},"sameAs":["https:\/\/www.facebook.com\/24gliwice","https:\/\/x.com\/24gliwice","https:\/\/www.youtube.com\/@24gliwice"]},{"@type":"Person","@id":"https:\/\/www.24gliwice.pl\/wiadomosci\/#\/schema\/person\/e42c650edd7f2fa332be3811fb166b6e","name":"\u017baneta Mrozek-Siewierska","image":{"@type":"ImageObject","inLanguage":"pl-PL","@id":"https:\/\/www.24gliwice.pl\/wiadomosci\/wp-content\/uploads\/2021\/11\/Zaneta-M_S-zdjecie-czb-96x96.jpg","url":"https:\/\/www.24gliwice.pl\/wiadomosci\/wp-content\/uploads\/2021\/11\/Zaneta-M_S-zdjecie-czb-96x96.jpg","contentUrl":"https:\/\/www.24gliwice.pl\/wiadomosci\/wp-content\/uploads\/2021\/11\/Zaneta-M_S-zdjecie-czb-96x96.jpg","caption":"\u017baneta Mrozek-Siewierska"},"url":"https:\/\/www.24gliwice.pl\/wiadomosci\/author\/zms\/"}]}},"_links":{"self":[{"href":"https:\/\/www.24gliwice.pl\/wiadomosci\/wp-json\/wp\/v2\/posts\/202226","targetHints":{"allow":["GET"]}}],"collection":[{"href":"https:\/\/www.24gliwice.pl\/wiadomosci\/wp-json\/wp\/v2\/posts"}],"about":[{"href":"https:\/\/www.24gliwice.pl\/wiadomosci\/wp-json\/wp\/v2\/types\/post"}],"author":[{"embeddable":true,"href":"https:\/\/www.24gliwice.pl\/wiadomosci\/wp-json\/wp\/v2\/users\/15"}],"replies":[{"embeddable":true,"href":"https:\/\/www.24gliwice.pl\/wiadomosci\/wp-json\/wp\/v2\/comments?post=202226"}],"version-history":[{"count":9,"href":"https:\/\/www.24gliwice.pl\/wiadomosci\/wp-json\/wp\/v2\/posts\/202226\/revisions"}],"predecessor-version":[{"id":202243,"href":"https:\/\/www.24gliwice.pl\/wiadomosci\/wp-json\/wp\/v2\/posts\/202226\/revisions\/202243"}],"wp:featuredmedia":[{"embeddable":true,"href":"https:\/\/www.24gliwice.pl\/wiadomosci\/wp-json\/wp\/v2\/media\/202232"}],"wp:attachment":[{"href":"https:\/\/www.24gliwice.pl\/wiadomosci\/wp-json\/wp\/v2\/media?parent=202226"}],"wp:term":[{"taxonomy":"category","embeddable":true,"href":"https:\/\/www.24gliwice.pl\/wiadomosci\/wp-json\/wp\/v2\/categories?post=202226"},{"taxonomy":"post_tag","embeddable":true,"href":"https:\/\/www.24gliwice.pl\/wiadomosci\/wp-json\/wp\/v2\/tags?post=202226"}],"curies":[{"name":"wp","href":"https:\/\/api.w.org\/{rel}","templated":true}]}}