{"id":202267,"date":"2022-10-23T10:43:48","date_gmt":"2022-10-23T08:43:48","guid":{"rendered":"https:\/\/www.24gliwice.pl\/wiadomosci\/?p=202267"},"modified":"2022-10-23T02:45:29","modified_gmt":"2022-10-23T00:45:29","slug":"ostatnie-chwile-z-gliwicka-teznia-solankowa-w-listopadzie-rozpocznie-sie-oproznianie-zbiornikow","status":"publish","type":"post","link":"https:\/\/www.24gliwice.pl\/wiadomosci\/ostatnie-chwile-z-gliwicka-teznia-solankowa-w-listopadzie-rozpocznie-sie-oproznianie-zbiornikow\/","title":{"rendered":"Ostatnie chwile z gliwick\u0105 t\u0119\u017cni\u0105 solankow\u0105. W listopadzie rozpocznie si\u0119 opr\u00f3\u017cnianie zbiornik\u00f3w"},"content":{"rendered":"<div class=\"gliwi-a6-nad-leadem-artykulow gliwi-entity-placement\" id=\"gliwi-2912684057\"><div class=\"gliwi-adlabel\"><span style=\"font-size: 9px\">REKLAMA<\/span><\/div><div id=\"gliwi-4138929915\" style=\"margin-bottom: 25px;margin-left: auto;margin-right: auto;text-align: center;\"><a data-no-instant=\"1\" href=\"https:\/\/dom100.eu\/\" rel=\"noopener\" class=\"a2t-link\" target=\"_blank\" aria-label=\"20260415 DOM100 D\"><img loading=\"lazy\" decoding=\"async\" src=\"https:\/\/www.24gliwice.pl\/wiadomosci\/wp-content\/uploads\/2026\/04\/20260415-DOM100-D.jpg\" alt=\"\"  srcset=\"https:\/\/www.24gliwice.pl\/wiadomosci\/wp-content\/uploads\/2026\/04\/20260415-DOM100-D.jpg 750w, https:\/\/www.24gliwice.pl\/wiadomosci\/wp-content\/uploads\/2026\/04\/20260415-DOM100-D-410x109.jpg 410w\" sizes=\"(max-width: 750px) 100vw, 750px\" class=\"no-lazyload\" width=\"750\" height=\"200\"  style=\"display: inline-block; max-width: 100%; height: auto;\" \/><\/a><\/div><\/div><h2>Ch\u0119tnie odwiedzana przez gliwiczan i mieszka\u0144c\u00f3w s\u0105siednich miast t\u0119\u017cnia solankowa nied\u0142ugo ko\u0144czy sezon. To dos\u0142ownie ostatni moment, by skorzysta\u0107 z jej dobroczynnej mocy i uda\u0107 si\u0119 na spacer do lasu Komunalnego przy ul. Chorzowskiej.<\/h2>\n<p>&nbsp;<br \/>\nObiekt b\u0119dzie dzia\u0142a\u0142 jeszcze przez kilka dni. <\/p>\n<p>Inhalacji na \u015bwie\u017cym powietrzu mo\u017cna za\u017cywa\u0107 do 1 listopada. Od  2 listopada pracownicy Miejskiego Zarz\u0105du Us\u0142ug Komunalnych rozpoczn\u0105 prace przy opr\u00f3\u017cnianiu i czyszczeniu zbiornika z solank\u0105. Ponowne uruchomienie t\u0119\u017cni nast\u0105pi wiosn\u0105 przysz\u0142ego roku. <\/p><div class=\"gliwi-a3-w-tresci-artykulow gliwi-entity-placement\" id=\"gliwi-787542019\"><div class=\"gliwi-adlabel\"><span style=\"font-size: 9px\">REKLAMA<\/span><\/div><div id=\"gliwi-469949823\" style=\"margin-bottom: 30px;margin-left: auto;margin-right: auto;text-align: center;\"><a data-no-instant=\"1\" href=\"https:\/\/ogrodyandersa.pl\/\" rel=\"noopener\" class=\"a2t-link\" target=\"_blank\" aria-label=\"20260415 Ogrody Andersa KUP TERAZ D\"><img loading=\"lazy\" decoding=\"async\" src=\"https:\/\/www.24gliwice.pl\/wiadomosci\/wp-content\/uploads\/2026\/04\/20260415-Ogrody-Andersa-KUP-TERAZ-D.jpg\" alt=\"\"  srcset=\"https:\/\/www.24gliwice.pl\/wiadomosci\/wp-content\/uploads\/2026\/04\/20260415-Ogrody-Andersa-KUP-TERAZ-D.jpg 750w, https:\/\/www.24gliwice.pl\/wiadomosci\/wp-content\/uploads\/2026\/04\/20260415-Ogrody-Andersa-KUP-TERAZ-D-410x109.jpg 410w\" sizes=\"(max-width: 750px) 100vw, 750px\" class=\"no-lazyload\" width=\"750\" height=\"200\"  style=\"display: inline-block; max-width: 100%; height: auto;\" \/><\/a><\/div><\/div>\n<p>(\u017cms)\/UM Gliwice(mf)<br \/>\nfot. MOSQUIDRON<\/p>\n<div class=\"gliwi-a5-na-koncu-artykulow gliwi-entity-placement\" id=\"gliwi-110301228\"><div class=\"gliwi-adlabel\"><span style=\"font-size: 9px\">REKLAMA<\/span><\/div><div id=\"gliwi-270283336\" style=\"margin-left: auto;margin-right: auto;text-align: center;\"><a data-no-instant=\"1\" href=\"https:\/\/prezeroarenagliwice.pl\/\" rel=\"noopener\" class=\"a2t-link\" target=\"_blank\" aria-label=\"20260309-PREZERO-WIOSNA-D\"><img loading=\"lazy\" decoding=\"async\" src=\"https:\/\/www.24gliwice.pl\/wiadomosci\/wp-content\/uploads\/2026\/03\/20260309-PREZERO-WIOSNA-D.webp\" alt=\"\"  srcset=\"https:\/\/www.24gliwice.pl\/wiadomosci\/wp-content\/uploads\/2026\/03\/20260309-PREZERO-WIOSNA-D.webp 750w, https:\/\/www.24gliwice.pl\/wiadomosci\/wp-content\/uploads\/2026\/03\/20260309-PREZERO-WIOSNA-D-410x109.webp 410w\" sizes=\"(max-width: 750px) 100vw, 750px\" class=\"no-lazyload\" width=\"750\" height=\"200\"  style=\"display: inline-block; max-width: 100%; height: auto;\" \/><\/a><\/div><\/div>","protected":false},"excerpt":{"rendered":"<p>Ch\u0119tnie odwiedzana przez gliwiczan i mieszka\u0144c\u00f3w s\u0105siednich miast t\u0119\u017cnia solankowa nied\u0142ugo ko\u0144czy sezon. To dos\u0142ownie ostatni moment, by skorzysta\u0107 z jej dobroczynnej mocy i uda\u0107 si\u0119 na spacer do lasu Komunalnego przy ul. Chorzowskiej. &nbsp; Obiekt b\u0119dzie dzia\u0142a\u0142 jeszcze przez kilka dni. Inhalacji na \u015bwie\u017cym powietrzu mo\u017cna za\u017cywa\u0107 do 1 listopada. Od 2 listopada pracownicy [&hellip;]<\/p>\n","protected":false},"author":15,"featured_media":202270,"comment_status":"open","ping_status":"closed","sticky":false,"template":"","format":"standard","meta":{"_monsterinsights_skip_tracking":false,"_monsterinsights_sitenote_active":false,"_monsterinsights_sitenote_note":"","_monsterinsights_sitenote_category":0,"footnotes":"","_links_to":"","_links_to_target":""},"categories":[3,6,1],"tags":[11534],"class_list":["post-202267","post","type-post","status-publish","format-standard","has-post-thumbnail","hentry","category-gliwice","category-kultura","category-wszystko","tag-teznia-solankowa"],"yoast_head":"<!-- This site is optimized with the Yoast SEO plugin v27.4 - https:\/\/yoast.com\/product\/yoast-seo-wordpress\/ -->\n<title>Ostatnie chwile z gliwick\u0105 t\u0119\u017cni\u0105 solankow\u0105. W listopadzie rozpocznie si\u0119 opr\u00f3\u017cnianie zbiornik\u00f3w - 24GLIWICE - Portal Gliwice | codziennie nowe informacje<\/title>\n<meta name=\"description\" content=\"Jeszcze tylko przez kilka dni korzysta\u0107 b\u0119dzie mo\u017cna z dobroczynnych w\u0142a\u015bciwo\u015bci t\u0119\u017cni solankowej. Obiekt b\u0119dzie czynny do 1 listopada\" \/>\n<meta name=\"robots\" content=\"index, follow, max-snippet:-1, max-image-preview:large, max-video-preview:-1\" \/>\n<link rel=\"canonical\" href=\"https:\/\/www.24gliwice.pl\/wiadomosci\/ostatnie-chwile-z-gliwicka-teznia-solankowa-w-listopadzie-rozpocznie-sie-oproznianie-zbiornikow\/\" \/>\n<meta property=\"og:locale\" content=\"pl_PL\" \/>\n<meta property=\"og:type\" content=\"article\" \/>\n<meta property=\"og:title\" content=\"Ostatnie chwile z gliwick\u0105 t\u0119\u017cni\u0105 solankow\u0105. W listopadzie rozpocznie si\u0119 opr\u00f3\u017cnianie zbiornik\u00f3w - 24GLIWICE - Portal Gliwice | codziennie nowe informacje\" \/>\n<meta property=\"og:description\" content=\"Jeszcze tylko przez kilka dni korzysta\u0107 b\u0119dzie mo\u017cna z dobroczynnych w\u0142a\u015bciwo\u015bci t\u0119\u017cni solankowej. Obiekt b\u0119dzie czynny do 1 listopada\" \/>\n<meta property=\"og:url\" content=\"https:\/\/www.24gliwice.pl\/wiadomosci\/ostatnie-chwile-z-gliwicka-teznia-solankowa-w-listopadzie-rozpocznie-sie-oproznianie-zbiornikow\/\" \/>\n<meta property=\"og:site_name\" content=\"24GLIWICE - Portal Gliwice | codziennie nowe informacje\" \/>\n<meta property=\"article:publisher\" content=\"https:\/\/www.facebook.com\/24gliwice\" \/>\n<meta property=\"article:published_time\" content=\"2022-10-23T08:43:48+00:00\" \/>\n<meta property=\"og:image\" content=\"https:\/\/www.24gliwice.pl\/wiadomosci\/wp-content\/uploads\/2022\/10\/teznia-solankowa.jpg\" \/>\n\t<meta property=\"og:image:width\" content=\"810\" \/>\n\t<meta property=\"og:image:height\" content=\"457\" \/>\n\t<meta property=\"og:image:type\" content=\"image\/jpeg\" \/>\n<meta name=\"author\" content=\"\u017baneta Mrozek-Siewierska\" \/>\n<meta name=\"twitter:card\" content=\"summary_large_image\" \/>\n<meta name=\"twitter:creator\" content=\"@24gliwice\" \/>\n<meta name=\"twitter:site\" content=\"@24gliwice\" \/>\n<meta name=\"twitter:label1\" content=\"Napisane przez\" \/>\n\t<meta name=\"twitter:data1\" content=\"\u017baneta Mrozek-Siewierska\" \/>\n<script type=\"application\/ld+json\" class=\"yoast-schema-graph\">{\"@context\":\"https:\\\/\\\/schema.org\",\"@graph\":[{\"@type\":\"Article\",\"@id\":\"https:\\\/\\\/www.24gliwice.pl\\\/wiadomosci\\\/ostatnie-chwile-z-gliwicka-teznia-solankowa-w-listopadzie-rozpocznie-sie-oproznianie-zbiornikow\\\/#article\",\"isPartOf\":{\"@id\":\"https:\\\/\\\/www.24gliwice.pl\\\/wiadomosci\\\/ostatnie-chwile-z-gliwicka-teznia-solankowa-w-listopadzie-rozpocznie-sie-oproznianie-zbiornikow\\\/\"},\"author\":{\"name\":\"\u017baneta Mrozek-Siewierska\",\"@id\":\"https:\\\/\\\/www.24gliwice.pl\\\/wiadomosci\\\/#\\\/schema\\\/person\\\/e42c650edd7f2fa332be3811fb166b6e\"},\"headline\":\"Ostatnie chwile z gliwick\u0105 t\u0119\u017cni\u0105 solankow\u0105. W listopadzie rozpocznie si\u0119 opr\u00f3\u017cnianie zbiornik\u00f3w\",\"datePublished\":\"2022-10-23T08:43:48+00:00\",\"mainEntityOfPage\":{\"@id\":\"https:\\\/\\\/www.24gliwice.pl\\\/wiadomosci\\\/ostatnie-chwile-z-gliwicka-teznia-solankowa-w-listopadzie-rozpocznie-sie-oproznianie-zbiornikow\\\/\"},\"wordCount\":113,\"commentCount\":0,\"publisher\":{\"@id\":\"https:\\\/\\\/www.24gliwice.pl\\\/wiadomosci\\\/#organization\"},\"image\":{\"@id\":\"https:\\\/\\\/www.24gliwice.pl\\\/wiadomosci\\\/ostatnie-chwile-z-gliwicka-teznia-solankowa-w-listopadzie-rozpocznie-sie-oproznianie-zbiornikow\\\/#primaryimage\"},\"thumbnailUrl\":\"https:\\\/\\\/www.24gliwice.pl\\\/wiadomosci\\\/wp-content\\\/uploads\\\/2022\\\/10\\\/teznia-solankowa.jpg\",\"keywords\":[\"T\u0118\u017bNIA SOLANKOWA\"],\"articleSection\":[\"Gliwice\",\"Kultura, wydarzenia, imprezy\",\"Najnowsze wiadomo\u015bci\"],\"inLanguage\":\"pl-PL\",\"potentialAction\":[{\"@type\":\"CommentAction\",\"name\":\"Comment\",\"target\":[\"https:\\\/\\\/www.24gliwice.pl\\\/wiadomosci\\\/ostatnie-chwile-z-gliwicka-teznia-solankowa-w-listopadzie-rozpocznie-sie-oproznianie-zbiornikow\\\/#respond\"]}]},{\"@type\":\"WebPage\",\"@id\":\"https:\\\/\\\/www.24gliwice.pl\\\/wiadomosci\\\/ostatnie-chwile-z-gliwicka-teznia-solankowa-w-listopadzie-rozpocznie-sie-oproznianie-zbiornikow\\\/\",\"url\":\"https:\\\/\\\/www.24gliwice.pl\\\/wiadomosci\\\/ostatnie-chwile-z-gliwicka-teznia-solankowa-w-listopadzie-rozpocznie-sie-oproznianie-zbiornikow\\\/\",\"name\":\"Ostatnie chwile z gliwick\u0105 t\u0119\u017cni\u0105 solankow\u0105. W listopadzie rozpocznie si\u0119 opr\u00f3\u017cnianie zbiornik\u00f3w - 24GLIWICE - Portal Gliwice | codziennie nowe informacje\",\"isPartOf\":{\"@id\":\"https:\\\/\\\/www.24gliwice.pl\\\/wiadomosci\\\/#website\"},\"primaryImageOfPage\":{\"@id\":\"https:\\\/\\\/www.24gliwice.pl\\\/wiadomosci\\\/ostatnie-chwile-z-gliwicka-teznia-solankowa-w-listopadzie-rozpocznie-sie-oproznianie-zbiornikow\\\/#primaryimage\"},\"image\":{\"@id\":\"https:\\\/\\\/www.24gliwice.pl\\\/wiadomosci\\\/ostatnie-chwile-z-gliwicka-teznia-solankowa-w-listopadzie-rozpocznie-sie-oproznianie-zbiornikow\\\/#primaryimage\"},\"thumbnailUrl\":\"https:\\\/\\\/www.24gliwice.pl\\\/wiadomosci\\\/wp-content\\\/uploads\\\/2022\\\/10\\\/teznia-solankowa.jpg\",\"datePublished\":\"2022-10-23T08:43:48+00:00\",\"description\":\"Jeszcze tylko przez kilka dni korzysta\u0107 b\u0119dzie mo\u017cna z dobroczynnych w\u0142a\u015bciwo\u015bci t\u0119\u017cni solankowej. Obiekt b\u0119dzie czynny do 1 listopada\",\"breadcrumb\":{\"@id\":\"https:\\\/\\\/www.24gliwice.pl\\\/wiadomosci\\\/ostatnie-chwile-z-gliwicka-teznia-solankowa-w-listopadzie-rozpocznie-sie-oproznianie-zbiornikow\\\/#breadcrumb\"},\"inLanguage\":\"pl-PL\",\"potentialAction\":[{\"@type\":\"ReadAction\",\"target\":[\"https:\\\/\\\/www.24gliwice.pl\\\/wiadomosci\\\/ostatnie-chwile-z-gliwicka-teznia-solankowa-w-listopadzie-rozpocznie-sie-oproznianie-zbiornikow\\\/\"]}]},{\"@type\":\"ImageObject\",\"inLanguage\":\"pl-PL\",\"@id\":\"https:\\\/\\\/www.24gliwice.pl\\\/wiadomosci\\\/ostatnie-chwile-z-gliwicka-teznia-solankowa-w-listopadzie-rozpocznie-sie-oproznianie-zbiornikow\\\/#primaryimage\",\"url\":\"https:\\\/\\\/www.24gliwice.pl\\\/wiadomosci\\\/wp-content\\\/uploads\\\/2022\\\/10\\\/teznia-solankowa.jpg\",\"contentUrl\":\"https:\\\/\\\/www.24gliwice.pl\\\/wiadomosci\\\/wp-content\\\/uploads\\\/2022\\\/10\\\/teznia-solankowa.jpg\",\"width\":810,\"height\":457},{\"@type\":\"BreadcrumbList\",\"@id\":\"https:\\\/\\\/www.24gliwice.pl\\\/wiadomosci\\\/ostatnie-chwile-z-gliwicka-teznia-solankowa-w-listopadzie-rozpocznie-sie-oproznianie-zbiornikow\\\/#breadcrumb\",\"itemListElement\":[{\"@type\":\"ListItem\",\"position\":1,\"name\":\"Strona g\u0142\u00f3wna\",\"item\":\"https:\\\/\\\/www.24gliwice.pl\\\/wiadomosci\\\/\"},{\"@type\":\"ListItem\",\"position\":2,\"name\":\"Ostatnie chwile z gliwick\u0105 t\u0119\u017cni\u0105 solankow\u0105. W listopadzie rozpocznie si\u0119 opr\u00f3\u017cnianie zbiornik\u00f3w\"}]},{\"@type\":\"WebSite\",\"@id\":\"https:\\\/\\\/www.24gliwice.pl\\\/wiadomosci\\\/#website\",\"url\":\"https:\\\/\\\/www.24gliwice.pl\\\/wiadomosci\\\/\",\"name\":\"24GLIWICE - Portal Gliwice | codziennie nowe wiadomo\u015bci\",\"description\":\"Portal Miejski Gliwice\",\"publisher\":{\"@id\":\"https:\\\/\\\/www.24gliwice.pl\\\/wiadomosci\\\/#organization\"},\"potentialAction\":[{\"@type\":\"SearchAction\",\"target\":{\"@type\":\"EntryPoint\",\"urlTemplate\":\"https:\\\/\\\/www.24gliwice.pl\\\/wiadomosci\\\/?s={search_term_string}\"},\"query-input\":{\"@type\":\"PropertyValueSpecification\",\"valueRequired\":true,\"valueName\":\"search_term_string\"}}],\"inLanguage\":\"pl-PL\"},{\"@type\":\"Organization\",\"@id\":\"https:\\\/\\\/www.24gliwice.pl\\\/wiadomosci\\\/#organization\",\"name\":\"24gliwice\",\"url\":\"https:\\\/\\\/www.24gliwice.pl\\\/wiadomosci\\\/\",\"logo\":{\"@type\":\"ImageObject\",\"inLanguage\":\"pl-PL\",\"@id\":\"https:\\\/\\\/www.24gliwice.pl\\\/wiadomosci\\\/#\\\/schema\\\/logo\\\/image\\\/\",\"url\":\"https:\\\/\\\/www.24gliwice.pl\\\/wiadomosci\\\/wp-content\\\/uploads\\\/2024\\\/10\\\/24gliwice-logo-696.jpg\",\"contentUrl\":\"https:\\\/\\\/www.24gliwice.pl\\\/wiadomosci\\\/wp-content\\\/uploads\\\/2024\\\/10\\\/24gliwice-logo-696.jpg\",\"width\":696,\"height\":696,\"caption\":\"24gliwice\"},\"image\":{\"@id\":\"https:\\\/\\\/www.24gliwice.pl\\\/wiadomosci\\\/#\\\/schema\\\/logo\\\/image\\\/\"},\"sameAs\":[\"https:\\\/\\\/www.facebook.com\\\/24gliwice\",\"https:\\\/\\\/x.com\\\/24gliwice\",\"https:\\\/\\\/www.youtube.com\\\/@24gliwice\"]},{\"@type\":\"Person\",\"@id\":\"https:\\\/\\\/www.24gliwice.pl\\\/wiadomosci\\\/#\\\/schema\\\/person\\\/e42c650edd7f2fa332be3811fb166b6e\",\"name\":\"\u017baneta Mrozek-Siewierska\",\"image\":{\"@type\":\"ImageObject\",\"inLanguage\":\"pl-PL\",\"@id\":\"https:\\\/\\\/www.24gliwice.pl\\\/wiadomosci\\\/wp-content\\\/uploads\\\/2021\\\/11\\\/Zaneta-M_S-zdjecie-czb-96x96.jpg\",\"url\":\"https:\\\/\\\/www.24gliwice.pl\\\/wiadomosci\\\/wp-content\\\/uploads\\\/2021\\\/11\\\/Zaneta-M_S-zdjecie-czb-96x96.jpg\",\"contentUrl\":\"https:\\\/\\\/www.24gliwice.pl\\\/wiadomosci\\\/wp-content\\\/uploads\\\/2021\\\/11\\\/Zaneta-M_S-zdjecie-czb-96x96.jpg\",\"caption\":\"\u017baneta Mrozek-Siewierska\"},\"url\":\"https:\\\/\\\/www.24gliwice.pl\\\/wiadomosci\\\/author\\\/zms\\\/\"}]}<\/script>\n<!-- \/ Yoast SEO plugin. -->","yoast_head_json":{"title":"Ostatnie chwile z gliwick\u0105 t\u0119\u017cni\u0105 solankow\u0105. W listopadzie rozpocznie si\u0119 opr\u00f3\u017cnianie zbiornik\u00f3w - 24GLIWICE - Portal Gliwice | codziennie nowe informacje","description":"Jeszcze tylko przez kilka dni korzysta\u0107 b\u0119dzie mo\u017cna z dobroczynnych w\u0142a\u015bciwo\u015bci t\u0119\u017cni solankowej. Obiekt b\u0119dzie czynny do 1 listopada","robots":{"index":"index","follow":"follow","max-snippet":"max-snippet:-1","max-image-preview":"max-image-preview:large","max-video-preview":"max-video-preview:-1"},"canonical":"https:\/\/www.24gliwice.pl\/wiadomosci\/ostatnie-chwile-z-gliwicka-teznia-solankowa-w-listopadzie-rozpocznie-sie-oproznianie-zbiornikow\/","og_locale":"pl_PL","og_type":"article","og_title":"Ostatnie chwile z gliwick\u0105 t\u0119\u017cni\u0105 solankow\u0105. W listopadzie rozpocznie si\u0119 opr\u00f3\u017cnianie zbiornik\u00f3w - 24GLIWICE - Portal Gliwice | codziennie nowe informacje","og_description":"Jeszcze tylko przez kilka dni korzysta\u0107 b\u0119dzie mo\u017cna z dobroczynnych w\u0142a\u015bciwo\u015bci t\u0119\u017cni solankowej. Obiekt b\u0119dzie czynny do 1 listopada","og_url":"https:\/\/www.24gliwice.pl\/wiadomosci\/ostatnie-chwile-z-gliwicka-teznia-solankowa-w-listopadzie-rozpocznie-sie-oproznianie-zbiornikow\/","og_site_name":"24GLIWICE - Portal Gliwice | codziennie nowe informacje","article_publisher":"https:\/\/www.facebook.com\/24gliwice","article_published_time":"2022-10-23T08:43:48+00:00","og_image":[{"width":810,"height":457,"url":"https:\/\/www.24gliwice.pl\/wiadomosci\/wp-content\/uploads\/2022\/10\/teznia-solankowa.jpg","type":"image\/jpeg"}],"author":"\u017baneta Mrozek-Siewierska","twitter_card":"summary_large_image","twitter_creator":"@24gliwice","twitter_site":"@24gliwice","twitter_misc":{"Napisane przez":"\u017baneta Mrozek-Siewierska"},"schema":{"@context":"https:\/\/schema.org","@graph":[{"@type":"Article","@id":"https:\/\/www.24gliwice.pl\/wiadomosci\/ostatnie-chwile-z-gliwicka-teznia-solankowa-w-listopadzie-rozpocznie-sie-oproznianie-zbiornikow\/#article","isPartOf":{"@id":"https:\/\/www.24gliwice.pl\/wiadomosci\/ostatnie-chwile-z-gliwicka-teznia-solankowa-w-listopadzie-rozpocznie-sie-oproznianie-zbiornikow\/"},"author":{"name":"\u017baneta Mrozek-Siewierska","@id":"https:\/\/www.24gliwice.pl\/wiadomosci\/#\/schema\/person\/e42c650edd7f2fa332be3811fb166b6e"},"headline":"Ostatnie chwile z gliwick\u0105 t\u0119\u017cni\u0105 solankow\u0105. W listopadzie rozpocznie si\u0119 opr\u00f3\u017cnianie zbiornik\u00f3w","datePublished":"2022-10-23T08:43:48+00:00","mainEntityOfPage":{"@id":"https:\/\/www.24gliwice.pl\/wiadomosci\/ostatnie-chwile-z-gliwicka-teznia-solankowa-w-listopadzie-rozpocznie-sie-oproznianie-zbiornikow\/"},"wordCount":113,"commentCount":0,"publisher":{"@id":"https:\/\/www.24gliwice.pl\/wiadomosci\/#organization"},"image":{"@id":"https:\/\/www.24gliwice.pl\/wiadomosci\/ostatnie-chwile-z-gliwicka-teznia-solankowa-w-listopadzie-rozpocznie-sie-oproznianie-zbiornikow\/#primaryimage"},"thumbnailUrl":"https:\/\/www.24gliwice.pl\/wiadomosci\/wp-content\/uploads\/2022\/10\/teznia-solankowa.jpg","keywords":["T\u0118\u017bNIA SOLANKOWA"],"articleSection":["Gliwice","Kultura, wydarzenia, imprezy","Najnowsze wiadomo\u015bci"],"inLanguage":"pl-PL","potentialAction":[{"@type":"CommentAction","name":"Comment","target":["https:\/\/www.24gliwice.pl\/wiadomosci\/ostatnie-chwile-z-gliwicka-teznia-solankowa-w-listopadzie-rozpocznie-sie-oproznianie-zbiornikow\/#respond"]}]},{"@type":"WebPage","@id":"https:\/\/www.24gliwice.pl\/wiadomosci\/ostatnie-chwile-z-gliwicka-teznia-solankowa-w-listopadzie-rozpocznie-sie-oproznianie-zbiornikow\/","url":"https:\/\/www.24gliwice.pl\/wiadomosci\/ostatnie-chwile-z-gliwicka-teznia-solankowa-w-listopadzie-rozpocznie-sie-oproznianie-zbiornikow\/","name":"Ostatnie chwile z gliwick\u0105 t\u0119\u017cni\u0105 solankow\u0105. W listopadzie rozpocznie si\u0119 opr\u00f3\u017cnianie zbiornik\u00f3w - 24GLIWICE - Portal Gliwice | codziennie nowe informacje","isPartOf":{"@id":"https:\/\/www.24gliwice.pl\/wiadomosci\/#website"},"primaryImageOfPage":{"@id":"https:\/\/www.24gliwice.pl\/wiadomosci\/ostatnie-chwile-z-gliwicka-teznia-solankowa-w-listopadzie-rozpocznie-sie-oproznianie-zbiornikow\/#primaryimage"},"image":{"@id":"https:\/\/www.24gliwice.pl\/wiadomosci\/ostatnie-chwile-z-gliwicka-teznia-solankowa-w-listopadzie-rozpocznie-sie-oproznianie-zbiornikow\/#primaryimage"},"thumbnailUrl":"https:\/\/www.24gliwice.pl\/wiadomosci\/wp-content\/uploads\/2022\/10\/teznia-solankowa.jpg","datePublished":"2022-10-23T08:43:48+00:00","description":"Jeszcze tylko przez kilka dni korzysta\u0107 b\u0119dzie mo\u017cna z dobroczynnych w\u0142a\u015bciwo\u015bci t\u0119\u017cni solankowej. Obiekt b\u0119dzie czynny do 1 listopada","breadcrumb":{"@id":"https:\/\/www.24gliwice.pl\/wiadomosci\/ostatnie-chwile-z-gliwicka-teznia-solankowa-w-listopadzie-rozpocznie-sie-oproznianie-zbiornikow\/#breadcrumb"},"inLanguage":"pl-PL","potentialAction":[{"@type":"ReadAction","target":["https:\/\/www.24gliwice.pl\/wiadomosci\/ostatnie-chwile-z-gliwicka-teznia-solankowa-w-listopadzie-rozpocznie-sie-oproznianie-zbiornikow\/"]}]},{"@type":"ImageObject","inLanguage":"pl-PL","@id":"https:\/\/www.24gliwice.pl\/wiadomosci\/ostatnie-chwile-z-gliwicka-teznia-solankowa-w-listopadzie-rozpocznie-sie-oproznianie-zbiornikow\/#primaryimage","url":"https:\/\/www.24gliwice.pl\/wiadomosci\/wp-content\/uploads\/2022\/10\/teznia-solankowa.jpg","contentUrl":"https:\/\/www.24gliwice.pl\/wiadomosci\/wp-content\/uploads\/2022\/10\/teznia-solankowa.jpg","width":810,"height":457},{"@type":"BreadcrumbList","@id":"https:\/\/www.24gliwice.pl\/wiadomosci\/ostatnie-chwile-z-gliwicka-teznia-solankowa-w-listopadzie-rozpocznie-sie-oproznianie-zbiornikow\/#breadcrumb","itemListElement":[{"@type":"ListItem","position":1,"name":"Strona g\u0142\u00f3wna","item":"https:\/\/www.24gliwice.pl\/wiadomosci\/"},{"@type":"ListItem","position":2,"name":"Ostatnie chwile z gliwick\u0105 t\u0119\u017cni\u0105 solankow\u0105. W listopadzie rozpocznie si\u0119 opr\u00f3\u017cnianie zbiornik\u00f3w"}]},{"@type":"WebSite","@id":"https:\/\/www.24gliwice.pl\/wiadomosci\/#website","url":"https:\/\/www.24gliwice.pl\/wiadomosci\/","name":"24GLIWICE - Portal Gliwice | codziennie nowe wiadomo\u015bci","description":"Portal Miejski Gliwice","publisher":{"@id":"https:\/\/www.24gliwice.pl\/wiadomosci\/#organization"},"potentialAction":[{"@type":"SearchAction","target":{"@type":"EntryPoint","urlTemplate":"https:\/\/www.24gliwice.pl\/wiadomosci\/?s={search_term_string}"},"query-input":{"@type":"PropertyValueSpecification","valueRequired":true,"valueName":"search_term_string"}}],"inLanguage":"pl-PL"},{"@type":"Organization","@id":"https:\/\/www.24gliwice.pl\/wiadomosci\/#organization","name":"24gliwice","url":"https:\/\/www.24gliwice.pl\/wiadomosci\/","logo":{"@type":"ImageObject","inLanguage":"pl-PL","@id":"https:\/\/www.24gliwice.pl\/wiadomosci\/#\/schema\/logo\/image\/","url":"https:\/\/www.24gliwice.pl\/wiadomosci\/wp-content\/uploads\/2024\/10\/24gliwice-logo-696.jpg","contentUrl":"https:\/\/www.24gliwice.pl\/wiadomosci\/wp-content\/uploads\/2024\/10\/24gliwice-logo-696.jpg","width":696,"height":696,"caption":"24gliwice"},"image":{"@id":"https:\/\/www.24gliwice.pl\/wiadomosci\/#\/schema\/logo\/image\/"},"sameAs":["https:\/\/www.facebook.com\/24gliwice","https:\/\/x.com\/24gliwice","https:\/\/www.youtube.com\/@24gliwice"]},{"@type":"Person","@id":"https:\/\/www.24gliwice.pl\/wiadomosci\/#\/schema\/person\/e42c650edd7f2fa332be3811fb166b6e","name":"\u017baneta Mrozek-Siewierska","image":{"@type":"ImageObject","inLanguage":"pl-PL","@id":"https:\/\/www.24gliwice.pl\/wiadomosci\/wp-content\/uploads\/2021\/11\/Zaneta-M_S-zdjecie-czb-96x96.jpg","url":"https:\/\/www.24gliwice.pl\/wiadomosci\/wp-content\/uploads\/2021\/11\/Zaneta-M_S-zdjecie-czb-96x96.jpg","contentUrl":"https:\/\/www.24gliwice.pl\/wiadomosci\/wp-content\/uploads\/2021\/11\/Zaneta-M_S-zdjecie-czb-96x96.jpg","caption":"\u017baneta Mrozek-Siewierska"},"url":"https:\/\/www.24gliwice.pl\/wiadomosci\/author\/zms\/"}]}},"_links":{"self":[{"href":"https:\/\/www.24gliwice.pl\/wiadomosci\/wp-json\/wp\/v2\/posts\/202267","targetHints":{"allow":["GET"]}}],"collection":[{"href":"https:\/\/www.24gliwice.pl\/wiadomosci\/wp-json\/wp\/v2\/posts"}],"about":[{"href":"https:\/\/www.24gliwice.pl\/wiadomosci\/wp-json\/wp\/v2\/types\/post"}],"author":[{"embeddable":true,"href":"https:\/\/www.24gliwice.pl\/wiadomosci\/wp-json\/wp\/v2\/users\/15"}],"replies":[{"embeddable":true,"href":"https:\/\/www.24gliwice.pl\/wiadomosci\/wp-json\/wp\/v2\/comments?post=202267"}],"version-history":[{"count":4,"href":"https:\/\/www.24gliwice.pl\/wiadomosci\/wp-json\/wp\/v2\/posts\/202267\/revisions"}],"predecessor-version":[{"id":202321,"href":"https:\/\/www.24gliwice.pl\/wiadomosci\/wp-json\/wp\/v2\/posts\/202267\/revisions\/202321"}],"wp:featuredmedia":[{"embeddable":true,"href":"https:\/\/www.24gliwice.pl\/wiadomosci\/wp-json\/wp\/v2\/media\/202270"}],"wp:attachment":[{"href":"https:\/\/www.24gliwice.pl\/wiadomosci\/wp-json\/wp\/v2\/media?parent=202267"}],"wp:term":[{"taxonomy":"category","embeddable":true,"href":"https:\/\/www.24gliwice.pl\/wiadomosci\/wp-json\/wp\/v2\/categories?post=202267"},{"taxonomy":"post_tag","embeddable":true,"href":"https:\/\/www.24gliwice.pl\/wiadomosci\/wp-json\/wp\/v2\/tags?post=202267"}],"curies":[{"name":"wp","href":"https:\/\/api.w.org\/{rel}","templated":true}]}}