{"id":202295,"date":"2022-10-22T03:40:05","date_gmt":"2022-10-22T01:40:05","guid":{"rendered":"https:\/\/www.24gliwice.pl\/wiadomosci\/?p=202295"},"modified":"2022-10-22T03:40:05","modified_gmt":"2022-10-22T01:40:05","slug":"od-poniedzialku-startuja-prace-przy-budowie-przedluzenia-drogi-pojawi-sie-oswietlenie-i-kanalizacja","status":"publish","type":"post","link":"https:\/\/www.24gliwice.pl\/wiadomosci\/od-poniedzialku-startuja-prace-przy-budowie-przedluzenia-drogi-pojawi-sie-oswietlenie-i-kanalizacja\/","title":{"rendered":"Od poniedzia\u0142ku startuj\u0105 prace przy budowie przed\u0142u\u017cenia drogi. Pojawi si\u0119 o\u015bwietlenie i kanalizacja"},"content":{"rendered":"<div class=\"gliwi-a6-nad-leadem-artykulow gliwi-entity-placement\" id=\"gliwi-2539526397\"><div class=\"gliwi-adlabel\"><span style=\"font-size: 9px\">REKLAMA<\/span><\/div><div id=\"gliwi-420659043\" style=\"margin-bottom: 25px;margin-left: auto;margin-right: auto;text-align: center;\"><a data-no-instant=\"1\" href=\"https:\/\/dom100.eu\/\" rel=\"noopener\" class=\"a2t-link\" target=\"_blank\" aria-label=\"20260415 DOM100 D\"><img loading=\"lazy\" decoding=\"async\" src=\"https:\/\/www.24gliwice.pl\/wiadomosci\/wp-content\/uploads\/2026\/04\/20260415-DOM100-D.jpg\" alt=\"\"  srcset=\"https:\/\/www.24gliwice.pl\/wiadomosci\/wp-content\/uploads\/2026\/04\/20260415-DOM100-D.jpg 750w, https:\/\/www.24gliwice.pl\/wiadomosci\/wp-content\/uploads\/2026\/04\/20260415-DOM100-D-410x109.jpg 410w\" sizes=\"(max-width: 750px) 100vw, 750px\" class=\"no-lazyload\" width=\"750\" height=\"200\"  style=\"display: inline-block; max-width: 100%; height: auto;\" \/><\/a><\/div><\/div><h2>Rozpoczynaj\u0105 si\u0119 prace zwi\u0105zane z budow\u0105 przed\u0142u\u017cenia ulicy Brzechwy do ulicy Szafirowej w Starych Gliwicach. Wcze\u015bniej miasto podj\u0119\u0142o decyzj\u0119 o sprzeda\u017cy dzia\u0142ek w s\u0105siedztwie. Powstan\u0105 tam domki i\/lub mieszkania.<\/h2>\n<p>&nbsp;<br \/>\nZDM o inwestycji poinformowa\u0142 ju\u017c kilka dni temu. Realizacja rozpocznie si\u0119 ju\u017c w najbli\u017cszy poniedzia\u0142ek, 24 pa\u017adziernika. <\/p>\n<p><a href=\"https:\/\/www.24gliwice.pl\/wiadomosci\/wp-content\/uploads\/2022\/10\/budowa-ulicy-brzechwy2.jpg\"><img loading=\"lazy\" decoding=\"async\" src=\"https:\/\/www.24gliwice.pl\/wiadomosci\/wp-content\/uploads\/2022\/10\/budowa-ulicy-brzechwy2.jpg\" alt=\"\" width=\"810\" height=\"454\" class=\"alignnone size-full wp-image-202299\" srcset=\"https:\/\/www.24gliwice.pl\/wiadomosci\/wp-content\/uploads\/2022\/10\/budowa-ulicy-brzechwy2.jpg 810w, https:\/\/www.24gliwice.pl\/wiadomosci\/wp-content\/uploads\/2022\/10\/budowa-ulicy-brzechwy2-410x230.jpg 410w, https:\/\/www.24gliwice.pl\/wiadomosci\/wp-content\/uploads\/2022\/10\/budowa-ulicy-brzechwy2-768x430.jpg 768w\" sizes=\"auto, (max-width: 810px) 100vw, 810px\" \/><\/a><\/p>\n<p>&#8211; <em>Powstanie drogi zwi\u0105zane jest z rozpocz\u0119ciem budowy oddzia\u0142u przedszkola miejskiego. Poza now\u0105 drog\u0105 i chodnikiem, wybudowana zostanie kanalizacja deszczowa i o\u015bwietlenie uliczne<\/em> &#8211; przekaza\u0142a <strong>Jadwiga Jagie\u0142\u0142o-Stiborska<\/strong>, rzeczniczka Zarz\u0105du Dr\u00f3g Miejskich w Gliwicach. <\/p><div class=\"gliwi-a3-w-tresci-artykulow gliwi-entity-placement\" id=\"gliwi-1535175597\"><div class=\"gliwi-adlabel\"><span style=\"font-size: 9px\">REKLAMA<\/span><\/div><div id=\"gliwi-79759270\" style=\"margin-bottom: 30px;margin-left: auto;margin-right: auto;text-align: center;\"><a data-no-instant=\"1\" href=\"https:\/\/ogrodyandersa.pl\/\" rel=\"noopener\" class=\"a2t-link\" target=\"_blank\" aria-label=\"20260415 Ogrody Andersa KUP TERAZ D\"><img loading=\"lazy\" decoding=\"async\" src=\"https:\/\/www.24gliwice.pl\/wiadomosci\/wp-content\/uploads\/2026\/04\/20260415-Ogrody-Andersa-KUP-TERAZ-D.jpg\" alt=\"\"  srcset=\"https:\/\/www.24gliwice.pl\/wiadomosci\/wp-content\/uploads\/2026\/04\/20260415-Ogrody-Andersa-KUP-TERAZ-D.jpg 750w, https:\/\/www.24gliwice.pl\/wiadomosci\/wp-content\/uploads\/2026\/04\/20260415-Ogrody-Andersa-KUP-TERAZ-D-410x109.jpg 410w\" sizes=\"(max-width: 750px) 100vw, 750px\" class=\"no-lazyload\" width=\"750\" height=\"200\"  style=\"display: inline-block; max-width: 100%; height: auto;\" \/><\/a><\/div><\/div>\n<h4>Zakres rob\u00f3t budowlanych, kt\u00f3re rozpoczn\u0105 si\u0119 w przysz\u0142ym tygodniu &#8211; 24 pa\u017adziernika br., obejmie odcinek ul. Brzechwy &#8211; od ul. Dekabryst\u00f3w do ul. Szafirowej.<\/h4>\n<p>Termin zako\u0144czenia prac planowany jest w kwietniu przysz\u0142ego roku. Przed\u0142u\u017cenie ulicy Brzechwy powstanie na podstawie decyzji zezwalaj\u0105cej na realizacj\u0119 inwestycji drogowej z 2018 r. Zadanie realizuje firma Eurotech z Zabrza, kt\u00f3ra wykona je za oko\u0142o 1,5 mln z\u0142. <\/p>\n<p><a href=\"https:\/\/www.24gliwice.pl\/wiadomosci\/wp-content\/uploads\/2022\/10\/budowa-ulicy-Brzechwy.jpg\"><img loading=\"lazy\" decoding=\"async\" src=\"https:\/\/www.24gliwice.pl\/wiadomosci\/wp-content\/uploads\/2022\/10\/budowa-ulicy-Brzechwy.jpg\" alt=\"\" width=\"810\" height=\"454\" class=\"alignnone size-full wp-image-202298\" srcset=\"https:\/\/www.24gliwice.pl\/wiadomosci\/wp-content\/uploads\/2022\/10\/budowa-ulicy-Brzechwy.jpg 810w, https:\/\/www.24gliwice.pl\/wiadomosci\/wp-content\/uploads\/2022\/10\/budowa-ulicy-Brzechwy-410x230.jpg 410w, https:\/\/www.24gliwice.pl\/wiadomosci\/wp-content\/uploads\/2022\/10\/budowa-ulicy-Brzechwy-768x430.jpg 768w\" sizes=\"auto, (max-width: 810px) 100vw, 810px\" \/><\/a><\/p>\n<p><a href=\"https:\/\/www.24gliwice.pl\/wiadomosci\/zielony-teren-przy-osiedlu-domkow-wystawiony-na-sprzedaz-podpisano-tez-umowe-na-budowe-drogi\/\" rel=\"noopener\" target=\"_blank\">Wi\u0119cej na temat sprzeda\u017cy dzia\u0142ek w Starych Gliwicach pisali\u015bmy miesi\u0105c temu &#8211; Kliknij TU. <\/a><\/p>\n<p>(\u017cms)\/ZDM Gliwice<br \/>\nfot. ZDM Gliwice<\/p>\n<div class=\"gliwi-a5-na-koncu-artykulow gliwi-entity-placement\" id=\"gliwi-815596330\"><div class=\"gliwi-adlabel\"><span style=\"font-size: 9px\">REKLAMA<\/span><\/div><div id=\"gliwi-2741659050\" style=\"margin-left: auto;margin-right: auto;text-align: center;\"><a data-no-instant=\"1\" href=\"https:\/\/prezeroarenagliwice.pl\/\" rel=\"noopener\" class=\"a2t-link\" target=\"_blank\" aria-label=\"20260309-PREZERO-WIOSNA-D\"><img loading=\"lazy\" decoding=\"async\" src=\"https:\/\/www.24gliwice.pl\/wiadomosci\/wp-content\/uploads\/2026\/03\/20260309-PREZERO-WIOSNA-D.webp\" alt=\"\"  srcset=\"https:\/\/www.24gliwice.pl\/wiadomosci\/wp-content\/uploads\/2026\/03\/20260309-PREZERO-WIOSNA-D.webp 750w, https:\/\/www.24gliwice.pl\/wiadomosci\/wp-content\/uploads\/2026\/03\/20260309-PREZERO-WIOSNA-D-410x109.webp 410w\" sizes=\"(max-width: 750px) 100vw, 750px\" class=\"no-lazyload\" width=\"750\" height=\"200\"  style=\"display: inline-block; max-width: 100%; height: auto;\" \/><\/a><\/div><\/div>","protected":false},"excerpt":{"rendered":"<p>Rozpoczynaj\u0105 si\u0119 prace zwi\u0105zane z budow\u0105 przed\u0142u\u017cenia ulicy Brzechwy do ulicy Szafirowej w Starych Gliwicach. Wcze\u015bniej miasto podj\u0119\u0142o decyzj\u0119 o sprzeda\u017cy dzia\u0142ek w s\u0105siedztwie. Powstan\u0105 tam domki i\/lub mieszkania. &nbsp; ZDM o inwestycji poinformowa\u0142 ju\u017c kilka dni temu. Realizacja rozpocznie si\u0119 ju\u017c w najbli\u017cszy poniedzia\u0142ek, 24 pa\u017adziernika. &#8211; Powstanie drogi zwi\u0105zane jest z rozpocz\u0119ciem budowy [&hellip;]<\/p>\n","protected":false},"author":15,"featured_media":200525,"comment_status":"open","ping_status":"closed","sticky":false,"template":"","format":"standard","meta":{"_monsterinsights_skip_tracking":false,"_monsterinsights_sitenote_active":false,"_monsterinsights_sitenote_note":"","_monsterinsights_sitenote_category":0,"footnotes":"","_links_to":"","_links_to_target":""},"categories":[3,1],"tags":[21882],"class_list":["post-202295","post","type-post","status-publish","format-standard","has-post-thumbnail","hentry","category-gliwice","category-wszystko","tag-przedluzenie-ulicy-brzechwy"],"yoast_head":"<!-- This site is optimized with the Yoast SEO plugin v27.4 - https:\/\/yoast.com\/product\/yoast-seo-wordpress\/ -->\n<title>Od poniedzia\u0142ku startuj\u0105 prace przy budowie przed\u0142u\u017cenia drogi. Pojawi si\u0119 o\u015bwietlenie i kanalizacja - 24GLIWICE - Portal Gliwice | codziennie nowe informacje<\/title>\n<meta name=\"description\" content=\"Od poniedzia\u0142ku, 24 pa\u017adziernika, rozpocznie si\u0119 budowa przed\u0142u\u017cenia ulicy Brzechwy. S\u0105siaduj\u0105cy z ni\u0105 teren zosta\u0142 wystawiony na sprzeda\u017c\" \/>\n<meta name=\"robots\" content=\"index, follow, max-snippet:-1, max-image-preview:large, max-video-preview:-1\" \/>\n<link rel=\"canonical\" href=\"https:\/\/www.24gliwice.pl\/wiadomosci\/od-poniedzialku-startuja-prace-przy-budowie-przedluzenia-drogi-pojawi-sie-oswietlenie-i-kanalizacja\/\" \/>\n<meta property=\"og:locale\" content=\"pl_PL\" \/>\n<meta property=\"og:type\" content=\"article\" \/>\n<meta property=\"og:title\" content=\"Od poniedzia\u0142ku startuj\u0105 prace przy budowie przed\u0142u\u017cenia drogi. Pojawi si\u0119 o\u015bwietlenie i kanalizacja - 24GLIWICE - Portal Gliwice | codziennie nowe informacje\" \/>\n<meta property=\"og:description\" content=\"Od poniedzia\u0142ku, 24 pa\u017adziernika, rozpocznie si\u0119 budowa przed\u0142u\u017cenia ulicy Brzechwy. S\u0105siaduj\u0105cy z ni\u0105 teren zosta\u0142 wystawiony na sprzeda\u017c\" \/>\n<meta property=\"og:url\" content=\"https:\/\/www.24gliwice.pl\/wiadomosci\/od-poniedzialku-startuja-prace-przy-budowie-przedluzenia-drogi-pojawi-sie-oswietlenie-i-kanalizacja\/\" \/>\n<meta property=\"og:site_name\" content=\"24GLIWICE - Portal Gliwice | codziennie nowe informacje\" \/>\n<meta property=\"article:publisher\" content=\"https:\/\/www.facebook.com\/24gliwice\" \/>\n<meta property=\"article:published_time\" content=\"2022-10-22T01:40:05+00:00\" \/>\n<meta property=\"og:image\" content=\"https:\/\/www.24gliwice.pl\/wiadomosci\/wp-content\/uploads\/2022\/09\/dzialki-w-starych-gliwicach.jpg\" \/>\n\t<meta property=\"og:image:width\" content=\"810\" \/>\n\t<meta property=\"og:image:height\" content=\"456\" \/>\n\t<meta property=\"og:image:type\" content=\"image\/jpeg\" \/>\n<meta name=\"author\" content=\"\u017baneta Mrozek-Siewierska\" \/>\n<meta name=\"twitter:card\" content=\"summary_large_image\" \/>\n<meta name=\"twitter:creator\" content=\"@24gliwice\" \/>\n<meta name=\"twitter:site\" content=\"@24gliwice\" \/>\n<meta name=\"twitter:label1\" content=\"Napisane przez\" \/>\n\t<meta name=\"twitter:data1\" content=\"\u017baneta Mrozek-Siewierska\" \/>\n\t<meta name=\"twitter:label2\" content=\"Szacowany czas czytania\" \/>\n\t<meta name=\"twitter:data2\" content=\"1 minuta\" \/>\n<script type=\"application\/ld+json\" class=\"yoast-schema-graph\">{\"@context\":\"https:\\\/\\\/schema.org\",\"@graph\":[{\"@type\":\"Article\",\"@id\":\"https:\\\/\\\/www.24gliwice.pl\\\/wiadomosci\\\/od-poniedzialku-startuja-prace-przy-budowie-przedluzenia-drogi-pojawi-sie-oswietlenie-i-kanalizacja\\\/#article\",\"isPartOf\":{\"@id\":\"https:\\\/\\\/www.24gliwice.pl\\\/wiadomosci\\\/od-poniedzialku-startuja-prace-przy-budowie-przedluzenia-drogi-pojawi-sie-oswietlenie-i-kanalizacja\\\/\"},\"author\":{\"name\":\"\u017baneta Mrozek-Siewierska\",\"@id\":\"https:\\\/\\\/www.24gliwice.pl\\\/wiadomosci\\\/#\\\/schema\\\/person\\\/e42c650edd7f2fa332be3811fb166b6e\"},\"headline\":\"Od poniedzia\u0142ku startuj\u0105 prace przy budowie przed\u0142u\u017cenia drogi. Pojawi si\u0119 o\u015bwietlenie i kanalizacja\",\"datePublished\":\"2022-10-22T01:40:05+00:00\",\"mainEntityOfPage\":{\"@id\":\"https:\\\/\\\/www.24gliwice.pl\\\/wiadomosci\\\/od-poniedzialku-startuja-prace-przy-budowie-przedluzenia-drogi-pojawi-sie-oswietlenie-i-kanalizacja\\\/\"},\"wordCount\":212,\"commentCount\":0,\"publisher\":{\"@id\":\"https:\\\/\\\/www.24gliwice.pl\\\/wiadomosci\\\/#organization\"},\"image\":{\"@id\":\"https:\\\/\\\/www.24gliwice.pl\\\/wiadomosci\\\/od-poniedzialku-startuja-prace-przy-budowie-przedluzenia-drogi-pojawi-sie-oswietlenie-i-kanalizacja\\\/#primaryimage\"},\"thumbnailUrl\":\"https:\\\/\\\/www.24gliwice.pl\\\/wiadomosci\\\/wp-content\\\/uploads\\\/2022\\\/09\\\/dzialki-w-starych-gliwicach.jpg\",\"keywords\":[\"przed\u0142u\u017cenie ulicy Brzechwy\"],\"articleSection\":[\"Gliwice\",\"Najnowsze wiadomo\u015bci\"],\"inLanguage\":\"pl-PL\",\"potentialAction\":[{\"@type\":\"CommentAction\",\"name\":\"Comment\",\"target\":[\"https:\\\/\\\/www.24gliwice.pl\\\/wiadomosci\\\/od-poniedzialku-startuja-prace-przy-budowie-przedluzenia-drogi-pojawi-sie-oswietlenie-i-kanalizacja\\\/#respond\"]}]},{\"@type\":\"WebPage\",\"@id\":\"https:\\\/\\\/www.24gliwice.pl\\\/wiadomosci\\\/od-poniedzialku-startuja-prace-przy-budowie-przedluzenia-drogi-pojawi-sie-oswietlenie-i-kanalizacja\\\/\",\"url\":\"https:\\\/\\\/www.24gliwice.pl\\\/wiadomosci\\\/od-poniedzialku-startuja-prace-przy-budowie-przedluzenia-drogi-pojawi-sie-oswietlenie-i-kanalizacja\\\/\",\"name\":\"Od poniedzia\u0142ku startuj\u0105 prace przy budowie przed\u0142u\u017cenia drogi. Pojawi si\u0119 o\u015bwietlenie i kanalizacja - 24GLIWICE - Portal Gliwice | codziennie nowe informacje\",\"isPartOf\":{\"@id\":\"https:\\\/\\\/www.24gliwice.pl\\\/wiadomosci\\\/#website\"},\"primaryImageOfPage\":{\"@id\":\"https:\\\/\\\/www.24gliwice.pl\\\/wiadomosci\\\/od-poniedzialku-startuja-prace-przy-budowie-przedluzenia-drogi-pojawi-sie-oswietlenie-i-kanalizacja\\\/#primaryimage\"},\"image\":{\"@id\":\"https:\\\/\\\/www.24gliwice.pl\\\/wiadomosci\\\/od-poniedzialku-startuja-prace-przy-budowie-przedluzenia-drogi-pojawi-sie-oswietlenie-i-kanalizacja\\\/#primaryimage\"},\"thumbnailUrl\":\"https:\\\/\\\/www.24gliwice.pl\\\/wiadomosci\\\/wp-content\\\/uploads\\\/2022\\\/09\\\/dzialki-w-starych-gliwicach.jpg\",\"datePublished\":\"2022-10-22T01:40:05+00:00\",\"description\":\"Od poniedzia\u0142ku, 24 pa\u017adziernika, rozpocznie si\u0119 budowa przed\u0142u\u017cenia ulicy Brzechwy. S\u0105siaduj\u0105cy z ni\u0105 teren zosta\u0142 wystawiony na sprzeda\u017c\",\"breadcrumb\":{\"@id\":\"https:\\\/\\\/www.24gliwice.pl\\\/wiadomosci\\\/od-poniedzialku-startuja-prace-przy-budowie-przedluzenia-drogi-pojawi-sie-oswietlenie-i-kanalizacja\\\/#breadcrumb\"},\"inLanguage\":\"pl-PL\",\"potentialAction\":[{\"@type\":\"ReadAction\",\"target\":[\"https:\\\/\\\/www.24gliwice.pl\\\/wiadomosci\\\/od-poniedzialku-startuja-prace-przy-budowie-przedluzenia-drogi-pojawi-sie-oswietlenie-i-kanalizacja\\\/\"]}]},{\"@type\":\"ImageObject\",\"inLanguage\":\"pl-PL\",\"@id\":\"https:\\\/\\\/www.24gliwice.pl\\\/wiadomosci\\\/od-poniedzialku-startuja-prace-przy-budowie-przedluzenia-drogi-pojawi-sie-oswietlenie-i-kanalizacja\\\/#primaryimage\",\"url\":\"https:\\\/\\\/www.24gliwice.pl\\\/wiadomosci\\\/wp-content\\\/uploads\\\/2022\\\/09\\\/dzialki-w-starych-gliwicach.jpg\",\"contentUrl\":\"https:\\\/\\\/www.24gliwice.pl\\\/wiadomosci\\\/wp-content\\\/uploads\\\/2022\\\/09\\\/dzialki-w-starych-gliwicach.jpg\",\"width\":810,\"height\":456},{\"@type\":\"BreadcrumbList\",\"@id\":\"https:\\\/\\\/www.24gliwice.pl\\\/wiadomosci\\\/od-poniedzialku-startuja-prace-przy-budowie-przedluzenia-drogi-pojawi-sie-oswietlenie-i-kanalizacja\\\/#breadcrumb\",\"itemListElement\":[{\"@type\":\"ListItem\",\"position\":1,\"name\":\"Strona g\u0142\u00f3wna\",\"item\":\"https:\\\/\\\/www.24gliwice.pl\\\/wiadomosci\\\/\"},{\"@type\":\"ListItem\",\"position\":2,\"name\":\"Od poniedzia\u0142ku startuj\u0105 prace przy budowie przed\u0142u\u017cenia drogi. Pojawi si\u0119 o\u015bwietlenie i kanalizacja\"}]},{\"@type\":\"WebSite\",\"@id\":\"https:\\\/\\\/www.24gliwice.pl\\\/wiadomosci\\\/#website\",\"url\":\"https:\\\/\\\/www.24gliwice.pl\\\/wiadomosci\\\/\",\"name\":\"24GLIWICE - Portal Gliwice | codziennie nowe wiadomo\u015bci\",\"description\":\"Portal Miejski Gliwice\",\"publisher\":{\"@id\":\"https:\\\/\\\/www.24gliwice.pl\\\/wiadomosci\\\/#organization\"},\"potentialAction\":[{\"@type\":\"SearchAction\",\"target\":{\"@type\":\"EntryPoint\",\"urlTemplate\":\"https:\\\/\\\/www.24gliwice.pl\\\/wiadomosci\\\/?s={search_term_string}\"},\"query-input\":{\"@type\":\"PropertyValueSpecification\",\"valueRequired\":true,\"valueName\":\"search_term_string\"}}],\"inLanguage\":\"pl-PL\"},{\"@type\":\"Organization\",\"@id\":\"https:\\\/\\\/www.24gliwice.pl\\\/wiadomosci\\\/#organization\",\"name\":\"24gliwice\",\"url\":\"https:\\\/\\\/www.24gliwice.pl\\\/wiadomosci\\\/\",\"logo\":{\"@type\":\"ImageObject\",\"inLanguage\":\"pl-PL\",\"@id\":\"https:\\\/\\\/www.24gliwice.pl\\\/wiadomosci\\\/#\\\/schema\\\/logo\\\/image\\\/\",\"url\":\"https:\\\/\\\/www.24gliwice.pl\\\/wiadomosci\\\/wp-content\\\/uploads\\\/2024\\\/10\\\/24gliwice-logo-696.jpg\",\"contentUrl\":\"https:\\\/\\\/www.24gliwice.pl\\\/wiadomosci\\\/wp-content\\\/uploads\\\/2024\\\/10\\\/24gliwice-logo-696.jpg\",\"width\":696,\"height\":696,\"caption\":\"24gliwice\"},\"image\":{\"@id\":\"https:\\\/\\\/www.24gliwice.pl\\\/wiadomosci\\\/#\\\/schema\\\/logo\\\/image\\\/\"},\"sameAs\":[\"https:\\\/\\\/www.facebook.com\\\/24gliwice\",\"https:\\\/\\\/x.com\\\/24gliwice\",\"https:\\\/\\\/www.youtube.com\\\/@24gliwice\"]},{\"@type\":\"Person\",\"@id\":\"https:\\\/\\\/www.24gliwice.pl\\\/wiadomosci\\\/#\\\/schema\\\/person\\\/e42c650edd7f2fa332be3811fb166b6e\",\"name\":\"\u017baneta Mrozek-Siewierska\",\"image\":{\"@type\":\"ImageObject\",\"inLanguage\":\"pl-PL\",\"@id\":\"https:\\\/\\\/www.24gliwice.pl\\\/wiadomosci\\\/wp-content\\\/uploads\\\/2021\\\/11\\\/Zaneta-M_S-zdjecie-czb-96x96.jpg\",\"url\":\"https:\\\/\\\/www.24gliwice.pl\\\/wiadomosci\\\/wp-content\\\/uploads\\\/2021\\\/11\\\/Zaneta-M_S-zdjecie-czb-96x96.jpg\",\"contentUrl\":\"https:\\\/\\\/www.24gliwice.pl\\\/wiadomosci\\\/wp-content\\\/uploads\\\/2021\\\/11\\\/Zaneta-M_S-zdjecie-czb-96x96.jpg\",\"caption\":\"\u017baneta Mrozek-Siewierska\"},\"url\":\"https:\\\/\\\/www.24gliwice.pl\\\/wiadomosci\\\/author\\\/zms\\\/\"}]}<\/script>\n<!-- \/ Yoast SEO plugin. -->","yoast_head_json":{"title":"Od poniedzia\u0142ku startuj\u0105 prace przy budowie przed\u0142u\u017cenia drogi. Pojawi si\u0119 o\u015bwietlenie i kanalizacja - 24GLIWICE - Portal Gliwice | codziennie nowe informacje","description":"Od poniedzia\u0142ku, 24 pa\u017adziernika, rozpocznie si\u0119 budowa przed\u0142u\u017cenia ulicy Brzechwy. S\u0105siaduj\u0105cy z ni\u0105 teren zosta\u0142 wystawiony na sprzeda\u017c","robots":{"index":"index","follow":"follow","max-snippet":"max-snippet:-1","max-image-preview":"max-image-preview:large","max-video-preview":"max-video-preview:-1"},"canonical":"https:\/\/www.24gliwice.pl\/wiadomosci\/od-poniedzialku-startuja-prace-przy-budowie-przedluzenia-drogi-pojawi-sie-oswietlenie-i-kanalizacja\/","og_locale":"pl_PL","og_type":"article","og_title":"Od poniedzia\u0142ku startuj\u0105 prace przy budowie przed\u0142u\u017cenia drogi. Pojawi si\u0119 o\u015bwietlenie i kanalizacja - 24GLIWICE - Portal Gliwice | codziennie nowe informacje","og_description":"Od poniedzia\u0142ku, 24 pa\u017adziernika, rozpocznie si\u0119 budowa przed\u0142u\u017cenia ulicy Brzechwy. S\u0105siaduj\u0105cy z ni\u0105 teren zosta\u0142 wystawiony na sprzeda\u017c","og_url":"https:\/\/www.24gliwice.pl\/wiadomosci\/od-poniedzialku-startuja-prace-przy-budowie-przedluzenia-drogi-pojawi-sie-oswietlenie-i-kanalizacja\/","og_site_name":"24GLIWICE - Portal Gliwice | codziennie nowe informacje","article_publisher":"https:\/\/www.facebook.com\/24gliwice","article_published_time":"2022-10-22T01:40:05+00:00","og_image":[{"width":810,"height":456,"url":"https:\/\/www.24gliwice.pl\/wiadomosci\/wp-content\/uploads\/2022\/09\/dzialki-w-starych-gliwicach.jpg","type":"image\/jpeg"}],"author":"\u017baneta Mrozek-Siewierska","twitter_card":"summary_large_image","twitter_creator":"@24gliwice","twitter_site":"@24gliwice","twitter_misc":{"Napisane przez":"\u017baneta Mrozek-Siewierska","Szacowany czas czytania":"1 minuta"},"schema":{"@context":"https:\/\/schema.org","@graph":[{"@type":"Article","@id":"https:\/\/www.24gliwice.pl\/wiadomosci\/od-poniedzialku-startuja-prace-przy-budowie-przedluzenia-drogi-pojawi-sie-oswietlenie-i-kanalizacja\/#article","isPartOf":{"@id":"https:\/\/www.24gliwice.pl\/wiadomosci\/od-poniedzialku-startuja-prace-przy-budowie-przedluzenia-drogi-pojawi-sie-oswietlenie-i-kanalizacja\/"},"author":{"name":"\u017baneta Mrozek-Siewierska","@id":"https:\/\/www.24gliwice.pl\/wiadomosci\/#\/schema\/person\/e42c650edd7f2fa332be3811fb166b6e"},"headline":"Od poniedzia\u0142ku startuj\u0105 prace przy budowie przed\u0142u\u017cenia drogi. Pojawi si\u0119 o\u015bwietlenie i kanalizacja","datePublished":"2022-10-22T01:40:05+00:00","mainEntityOfPage":{"@id":"https:\/\/www.24gliwice.pl\/wiadomosci\/od-poniedzialku-startuja-prace-przy-budowie-przedluzenia-drogi-pojawi-sie-oswietlenie-i-kanalizacja\/"},"wordCount":212,"commentCount":0,"publisher":{"@id":"https:\/\/www.24gliwice.pl\/wiadomosci\/#organization"},"image":{"@id":"https:\/\/www.24gliwice.pl\/wiadomosci\/od-poniedzialku-startuja-prace-przy-budowie-przedluzenia-drogi-pojawi-sie-oswietlenie-i-kanalizacja\/#primaryimage"},"thumbnailUrl":"https:\/\/www.24gliwice.pl\/wiadomosci\/wp-content\/uploads\/2022\/09\/dzialki-w-starych-gliwicach.jpg","keywords":["przed\u0142u\u017cenie ulicy Brzechwy"],"articleSection":["Gliwice","Najnowsze wiadomo\u015bci"],"inLanguage":"pl-PL","potentialAction":[{"@type":"CommentAction","name":"Comment","target":["https:\/\/www.24gliwice.pl\/wiadomosci\/od-poniedzialku-startuja-prace-przy-budowie-przedluzenia-drogi-pojawi-sie-oswietlenie-i-kanalizacja\/#respond"]}]},{"@type":"WebPage","@id":"https:\/\/www.24gliwice.pl\/wiadomosci\/od-poniedzialku-startuja-prace-przy-budowie-przedluzenia-drogi-pojawi-sie-oswietlenie-i-kanalizacja\/","url":"https:\/\/www.24gliwice.pl\/wiadomosci\/od-poniedzialku-startuja-prace-przy-budowie-przedluzenia-drogi-pojawi-sie-oswietlenie-i-kanalizacja\/","name":"Od poniedzia\u0142ku startuj\u0105 prace przy budowie przed\u0142u\u017cenia drogi. Pojawi si\u0119 o\u015bwietlenie i kanalizacja - 24GLIWICE - Portal Gliwice | codziennie nowe informacje","isPartOf":{"@id":"https:\/\/www.24gliwice.pl\/wiadomosci\/#website"},"primaryImageOfPage":{"@id":"https:\/\/www.24gliwice.pl\/wiadomosci\/od-poniedzialku-startuja-prace-przy-budowie-przedluzenia-drogi-pojawi-sie-oswietlenie-i-kanalizacja\/#primaryimage"},"image":{"@id":"https:\/\/www.24gliwice.pl\/wiadomosci\/od-poniedzialku-startuja-prace-przy-budowie-przedluzenia-drogi-pojawi-sie-oswietlenie-i-kanalizacja\/#primaryimage"},"thumbnailUrl":"https:\/\/www.24gliwice.pl\/wiadomosci\/wp-content\/uploads\/2022\/09\/dzialki-w-starych-gliwicach.jpg","datePublished":"2022-10-22T01:40:05+00:00","description":"Od poniedzia\u0142ku, 24 pa\u017adziernika, rozpocznie si\u0119 budowa przed\u0142u\u017cenia ulicy Brzechwy. S\u0105siaduj\u0105cy z ni\u0105 teren zosta\u0142 wystawiony na sprzeda\u017c","breadcrumb":{"@id":"https:\/\/www.24gliwice.pl\/wiadomosci\/od-poniedzialku-startuja-prace-przy-budowie-przedluzenia-drogi-pojawi-sie-oswietlenie-i-kanalizacja\/#breadcrumb"},"inLanguage":"pl-PL","potentialAction":[{"@type":"ReadAction","target":["https:\/\/www.24gliwice.pl\/wiadomosci\/od-poniedzialku-startuja-prace-przy-budowie-przedluzenia-drogi-pojawi-sie-oswietlenie-i-kanalizacja\/"]}]},{"@type":"ImageObject","inLanguage":"pl-PL","@id":"https:\/\/www.24gliwice.pl\/wiadomosci\/od-poniedzialku-startuja-prace-przy-budowie-przedluzenia-drogi-pojawi-sie-oswietlenie-i-kanalizacja\/#primaryimage","url":"https:\/\/www.24gliwice.pl\/wiadomosci\/wp-content\/uploads\/2022\/09\/dzialki-w-starych-gliwicach.jpg","contentUrl":"https:\/\/www.24gliwice.pl\/wiadomosci\/wp-content\/uploads\/2022\/09\/dzialki-w-starych-gliwicach.jpg","width":810,"height":456},{"@type":"BreadcrumbList","@id":"https:\/\/www.24gliwice.pl\/wiadomosci\/od-poniedzialku-startuja-prace-przy-budowie-przedluzenia-drogi-pojawi-sie-oswietlenie-i-kanalizacja\/#breadcrumb","itemListElement":[{"@type":"ListItem","position":1,"name":"Strona g\u0142\u00f3wna","item":"https:\/\/www.24gliwice.pl\/wiadomosci\/"},{"@type":"ListItem","position":2,"name":"Od poniedzia\u0142ku startuj\u0105 prace przy budowie przed\u0142u\u017cenia drogi. Pojawi si\u0119 o\u015bwietlenie i kanalizacja"}]},{"@type":"WebSite","@id":"https:\/\/www.24gliwice.pl\/wiadomosci\/#website","url":"https:\/\/www.24gliwice.pl\/wiadomosci\/","name":"24GLIWICE - Portal Gliwice | codziennie nowe wiadomo\u015bci","description":"Portal Miejski Gliwice","publisher":{"@id":"https:\/\/www.24gliwice.pl\/wiadomosci\/#organization"},"potentialAction":[{"@type":"SearchAction","target":{"@type":"EntryPoint","urlTemplate":"https:\/\/www.24gliwice.pl\/wiadomosci\/?s={search_term_string}"},"query-input":{"@type":"PropertyValueSpecification","valueRequired":true,"valueName":"search_term_string"}}],"inLanguage":"pl-PL"},{"@type":"Organization","@id":"https:\/\/www.24gliwice.pl\/wiadomosci\/#organization","name":"24gliwice","url":"https:\/\/www.24gliwice.pl\/wiadomosci\/","logo":{"@type":"ImageObject","inLanguage":"pl-PL","@id":"https:\/\/www.24gliwice.pl\/wiadomosci\/#\/schema\/logo\/image\/","url":"https:\/\/www.24gliwice.pl\/wiadomosci\/wp-content\/uploads\/2024\/10\/24gliwice-logo-696.jpg","contentUrl":"https:\/\/www.24gliwice.pl\/wiadomosci\/wp-content\/uploads\/2024\/10\/24gliwice-logo-696.jpg","width":696,"height":696,"caption":"24gliwice"},"image":{"@id":"https:\/\/www.24gliwice.pl\/wiadomosci\/#\/schema\/logo\/image\/"},"sameAs":["https:\/\/www.facebook.com\/24gliwice","https:\/\/x.com\/24gliwice","https:\/\/www.youtube.com\/@24gliwice"]},{"@type":"Person","@id":"https:\/\/www.24gliwice.pl\/wiadomosci\/#\/schema\/person\/e42c650edd7f2fa332be3811fb166b6e","name":"\u017baneta Mrozek-Siewierska","image":{"@type":"ImageObject","inLanguage":"pl-PL","@id":"https:\/\/www.24gliwice.pl\/wiadomosci\/wp-content\/uploads\/2021\/11\/Zaneta-M_S-zdjecie-czb-96x96.jpg","url":"https:\/\/www.24gliwice.pl\/wiadomosci\/wp-content\/uploads\/2021\/11\/Zaneta-M_S-zdjecie-czb-96x96.jpg","contentUrl":"https:\/\/www.24gliwice.pl\/wiadomosci\/wp-content\/uploads\/2021\/11\/Zaneta-M_S-zdjecie-czb-96x96.jpg","caption":"\u017baneta Mrozek-Siewierska"},"url":"https:\/\/www.24gliwice.pl\/wiadomosci\/author\/zms\/"}]}},"_links":{"self":[{"href":"https:\/\/www.24gliwice.pl\/wiadomosci\/wp-json\/wp\/v2\/posts\/202295","targetHints":{"allow":["GET"]}}],"collection":[{"href":"https:\/\/www.24gliwice.pl\/wiadomosci\/wp-json\/wp\/v2\/posts"}],"about":[{"href":"https:\/\/www.24gliwice.pl\/wiadomosci\/wp-json\/wp\/v2\/types\/post"}],"author":[{"embeddable":true,"href":"https:\/\/www.24gliwice.pl\/wiadomosci\/wp-json\/wp\/v2\/users\/15"}],"replies":[{"embeddable":true,"href":"https:\/\/www.24gliwice.pl\/wiadomosci\/wp-json\/wp\/v2\/comments?post=202295"}],"version-history":[{"count":5,"href":"https:\/\/www.24gliwice.pl\/wiadomosci\/wp-json\/wp\/v2\/posts\/202295\/revisions"}],"predecessor-version":[{"id":202314,"href":"https:\/\/www.24gliwice.pl\/wiadomosci\/wp-json\/wp\/v2\/posts\/202295\/revisions\/202314"}],"wp:featuredmedia":[{"embeddable":true,"href":"https:\/\/www.24gliwice.pl\/wiadomosci\/wp-json\/wp\/v2\/media\/200525"}],"wp:attachment":[{"href":"https:\/\/www.24gliwice.pl\/wiadomosci\/wp-json\/wp\/v2\/media?parent=202295"}],"wp:term":[{"taxonomy":"category","embeddable":true,"href":"https:\/\/www.24gliwice.pl\/wiadomosci\/wp-json\/wp\/v2\/categories?post=202295"},{"taxonomy":"post_tag","embeddable":true,"href":"https:\/\/www.24gliwice.pl\/wiadomosci\/wp-json\/wp\/v2\/tags?post=202295"}],"curies":[{"name":"wp","href":"https:\/\/api.w.org\/{rel}","templated":true}]}}