{"id":202441,"date":"2022-10-27T12:17:02","date_gmt":"2022-10-27T10:17:02","guid":{"rendered":"https:\/\/www.24gliwice.pl\/wiadomosci\/?p=202441"},"modified":"2022-10-27T12:17:02","modified_gmt":"2022-10-27T10:17:02","slug":"darmowy-dojazd-powiekszone-sklady-autobusow-na-cmentarz-niekoniecznie-trzeba-jechac-swoim-autem","status":"publish","type":"post","link":"https:\/\/www.24gliwice.pl\/wiadomosci\/darmowy-dojazd-powiekszone-sklady-autobusow-na-cmentarz-niekoniecznie-trzeba-jechac-swoim-autem\/","title":{"rendered":"Darmowy dojazd, powi\u0119kszone sk\u0142ady autobus\u00f3w. Na cmentarz niekoniecznie trzeba jecha\u0107 swoim autem"},"content":{"rendered":"<div class=\"gliwi-a6-nad-leadem-artykulow gliwi-entity-placement\" id=\"gliwi-3156035863\"><div class=\"gliwi-adlabel\"><span style=\"font-size: 9px\">REKLAMA<\/span><\/div><div id=\"gliwi-2298253222\" style=\"margin-bottom: 25px;margin-left: auto;margin-right: auto;text-align: center;\"><a data-no-instant=\"1\" href=\"https:\/\/dom100.eu\/\" rel=\"noopener\" class=\"a2t-link\" target=\"_blank\" aria-label=\"20260415 DOM100 D\"><img loading=\"lazy\" decoding=\"async\" src=\"https:\/\/www.24gliwice.pl\/wiadomosci\/wp-content\/uploads\/2026\/04\/20260415-DOM100-D.jpg\" alt=\"\"  srcset=\"https:\/\/www.24gliwice.pl\/wiadomosci\/wp-content\/uploads\/2026\/04\/20260415-DOM100-D.jpg 750w, https:\/\/www.24gliwice.pl\/wiadomosci\/wp-content\/uploads\/2026\/04\/20260415-DOM100-D-410x109.jpg 410w\" sizes=\"(max-width: 750px) 100vw, 750px\" class=\"no-lazyload\" width=\"750\" height=\"200\"  style=\"display: inline-block; max-width: 100%; height: auto;\" \/><\/a><\/div><\/div><h2>Przed nami Wszystkich \u015awi\u0119tych &#8211; okres, w kt\u00f3rym wok\u00f3\u0142 cmentarzy panuje du\u017cy ruch i brakuje miejsc do parkowania. Alternatyw\u0105 dla indywidualnego transportu do gliwickich nekropolii mog\u0105 by\u0107 autobusy, kt\u00f3re 1 listopada b\u0119d\u0105 ca\u0142kowicie darmowe.<\/h2>\n<p>&nbsp;<br \/>\nZarz\u0105d Transportu Metropolitalnego u\u0142atwi dojazdy na cmentarze. Najwi\u0119kszymi udogodnieniami b\u0119d\u0105 specjalne linie autobusowe oraz umo\u017cliwienie 1 listopada bezp\u0142atnego korzystania z komunikacji miejskiej.<\/p>\n<h4>Pierwsze zmiany ju\u017c od pi\u0105tku (28.10)<\/h4>\n<p>Jak co roku, na czas Wszystkich \u015awi\u0119tych, ZTM przygotowa\u0142 specjalne zmiany w funkcjonowaniu komunikacji miejskiej. W zale\u017cno\u015bci od dnia b\u0119dzie mo\u017cna skorzysta\u0107 z r\u00f3\u017cnych udogodnie\u0144.<\/p><div class=\"gliwi-a3-w-tresci-artykulow gliwi-entity-placement\" id=\"gliwi-2544198233\"><div class=\"gliwi-adlabel\"><span style=\"font-size: 9px\">REKLAMA<\/span><\/div><div id=\"gliwi-1123761737\" style=\"margin-bottom: 30px;margin-left: auto;margin-right: auto;text-align: center;\"><a data-no-instant=\"1\" href=\"https:\/\/zlobek.halogen.org.pl\/\" rel=\"noopener\" class=\"a2t-link\" target=\"_blank\" aria-label=\"animator-zlobek_750x200\"><img loading=\"lazy\" decoding=\"async\" src=\"https:\/\/www.24gliwice.pl\/wiadomosci\/wp-content\/uploads\/2026\/02\/animator-zlobek_750x200.webp\" alt=\"\"  srcset=\"https:\/\/www.24gliwice.pl\/wiadomosci\/wp-content\/uploads\/2026\/02\/animator-zlobek_750x200.webp 750w, https:\/\/www.24gliwice.pl\/wiadomosci\/wp-content\/uploads\/2026\/02\/animator-zlobek_750x200-410x109.webp 410w\" sizes=\"(max-width: 750px) 100vw, 750px\" class=\"no-lazyload\" width=\"750\" height=\"200\"  style=\"display: inline-block; max-width: 100%; height: auto;\" \/><\/a><\/div><\/div>\n<p>\u2013 W ten spos\u00f3b u\u0142atwiamy odwiedzenie zmar\u0142ych w ich miejscach spoczynku i zach\u0119camy do przesiadki z aut do autobus\u00f3w. Warto to rozwa\u017cy\u0107, bo w tym wyj\u0105tkowym okresie na drogach i przycmentarnych parkingach zawsze jest du\u017cy ruch \u2013 m\u00f3wi <strong>Ma\u0142gorzata Gutowska<\/strong>, dyrektor Zarz\u0105du Transportu Metropolitalnego w Katowicach.<\/p>\n<h4>Pierwsze zmiany zostan\u0105 wprowadzone ju\u017c 28 pa\u017adziernika. Od tego dnia do 2 listopada niekt\u00f3re kursy poszczeg\u00f3lnych linii b\u0119d\u0105 realizowane wi\u0119kszymi ni\u017c zazwyczaj pojazdami. Ponadto zmieniane b\u0119d\u0105 niekt\u00f3re trasy autobus\u00f3w.<\/h4>\n<p>Najwi\u0119ksze modyfikacje czekaj\u0105 pasa\u017cer\u00f3w w okresie 29 pa\u017adziernika \u2013 2 listopada. ZTM zaplanowa\u0142 w tych dniach m.in. uruchamianie linii cmentarnych. 1 listopada b\u0119dzie ich w sumie 16. Dzi\u0119ki dodatkowym po\u0142\u0105czeniom \u0142atwo b\u0119dzie mo\u017cna dojecha\u0107 na cmentarze w Gliwicach &#8211; zainteresowani dotr\u0105 tam autobusami oznaczonymi jako C1, C3 i C4 (a w Knurowie C10).<\/p>\n<p>Dodatkowo, 1 listopada do przesiadki z aut osobowych ma zach\u0119ca\u0107 mo\u017cliwo\u015b\u0107 bezp\u0142atnego korzystania z komunikacji miejskiej.<\/p>\n<p>\u2013 To propozycja, kt\u00f3ra obejmuje w tym dniu wszystkie nasze po\u0142\u0105czenia, tj. autobusowe, tramwajowe i trolejbusowe. Skorzystanie z tej opcji i zrezygnowanie z przejazdu samochodem sprawia, \u017ce nie musimy si\u0119 martwi\u0107 o znalezienie miejsca parkingowego przy cmentarzu \u2013 wskazuje Ma\u0142gorzata Gutowska.<\/p>\n<h4>Szczeg\u00f3\u0142owe informacje dotycz\u0105ce zasad funkcjonowania komunikacji miejskiej w okresie 28 pa\u017adziernika \u2013 2 listopada znajduj\u0105 si\u0119 na stronie internetowej ZTM w zak\u0142adce <a href=\"https:\/\/rj.metropoliaztm.pl\/news\/i\/2554\/\" target=\"_blank\" rel=\"noopener\">Aktualno\u015bci \u2013 Komunikaty<\/a>.<\/h4>\n<p>Pasa\u017cerowie, kt\u00f3rzy we Wszystkich \u015awi\u0119tych i wcze\u015bniej planuj\u0105 korzystanie z komunikacji miejskiej, w przypadku jakichkolwiek pyta\u0144 mog\u0105 dzwoni\u0107 na bezp\u0142atn\u0105 i czynn\u0105 przez ca\u0142\u0105 dob\u0119 infolini\u0119 (800 16 30 30).<\/p>\n<h4>Cmentarne linie autobusowe w Gliwicach<\/h4>\n<p><a href=\"https:\/\/www.24gliwice.pl\/wiadomosci\/wp-content\/uploads\/2022\/10\/linie-cmentarne-gliwice_v1.jpg\"><img loading=\"lazy\" decoding=\"async\" class=\"alignnone  wp-image-202449\" src=\"https:\/\/www.24gliwice.pl\/wiadomosci\/wp-content\/uploads\/2022\/10\/linie-cmentarne-gliwice_v1.jpg\" alt=\"\" width=\"1454\" height=\"2055\" srcset=\"https:\/\/www.24gliwice.pl\/wiadomosci\/wp-content\/uploads\/2022\/10\/linie-cmentarne-gliwice_v1.jpg 573w, https:\/\/www.24gliwice.pl\/wiadomosci\/wp-content\/uploads\/2022\/10\/linie-cmentarne-gliwice_v1-164x232.jpg 164w, https:\/\/www.24gliwice.pl\/wiadomosci\/wp-content\/uploads\/2022\/10\/linie-cmentarne-gliwice_v1-322x455.jpg 322w\" sizes=\"auto, (max-width: 1454px) 100vw, 1454px\" \/><\/a><\/p>\n<p>Jak ju\u017c zosta\u0142o to wspomniane wcze\u015bniej, cz\u0119\u015b\u0107 z autobus\u00f3w kursuj\u0105cych na trasie biegn\u0105cej obok nekropolii, w poszczeg\u00f3lne dni wyjedzie w powi\u0119kszonym sk\u0142adzie. Dotyczy to linii 57, 186, 259, 692 i 699. 1 listopada zawieszone zostan\u0105 linie 232 i 750 (<a href=\"https:\/\/rj.metropoliaztm.pl\/news\/i\/2554\/\" target=\"_blank\" rel=\"noopener\">warto sprawdzi\u0107 szczeg\u00f3\u0142owe informacje na ten temat TU<\/a>).<\/p>\n<ul>\n<li><strong>Linia C1 kierunek Trynek Toru\u0144ska:<\/strong><\/li>\n<\/ul>\n<p>Gliwice Cmentarz Centralny 01 \u2013 Gliwice Cmentarz Centralny 04 \u2013 Osiedle Wojska Polskiego Ordona 02 \u2013 Osiedle Wojska Polskiego Czwartak\u00f3w 02 \u2013 Gliwice Aleja Majowa 02 \u2013 Gliwice Styczy\u0144skiego 01 \u2013 Gliwice Puszkina 01 \u2013 Gliwice Sowi\u0144skiego 01 \u2013 W\u00f3jtowa Wie\u015b Dolnej Wsi 01 \u2013 Gliwice Sobieskiego 02 \u2013 Gliwice S\u0142owackiego 02 \u2013 Gliwice Teatr 02 \u2013 Gliwice Kochanowskiego 01 \u2013 Gliwice Rybnicka 01 \u2013 Sikornik Zimorodka 01 \u2013 Sikornik Osiedle 01 \u2013 Trynek Bardowskiego 01 \u2013 Trynek Asnyka 02 \u2013 Trynek Toru\u0144ska 01<\/p>\n<ul>\n<li><strong>Linia C1 kierunek Gliwice Cmentarz Centralny:<\/strong><\/li>\n<\/ul>\n<p>Trynek Toru\u0144ska 01 \u2013 Trynek Asnyka 01 \u2013 Trynek Bardowskiego 02 \u2013 Sikornik Osiedle 02 \u2013 Sikornik Zimorodka 02 \u2013 Gliwice Rybnicka 02 \u2013 Gliwice Kochanowskiego 02 \u2013 Gliwice Teatr 01 \u2013 Gliwice S\u0142owackiego 01 \u2013 Gliwice Sobieskiego 01 \u2013 W\u00f3jtowa Wie\u015b Dolnej Wsi 02 \u2013 Gliwice Sowi\u0144skiego 02 \u2013 Gliwice Puszkina 02 \u2013 Gliwice Styczy\u0144skiego 02 \u2013 Gliwice Wyspia\u0144skiego 02 \u2013 Gliwice G\u00f3ry Che\u0142mskiej 01 \u2013 Osiedle Wojska Polskiego Szko\u0142a 01 \u2013 Osiedle Wojska Polskiego Kozielska 01 \u2013 Gliwice Cmentarz Centralny 01<\/p>\n<ul>\n<li><strong>Linia C3 kierunek Gliwice Poniatowskiego:<\/strong><\/li>\n<\/ul>\n<p>Gliwice Cmentarz Centralny 05 \u2013 Gliwice Cmentarz Centralny 04 \u2013 Osiedle Wojska Polskiego Ordona 02 \u2013 Osiedle Wojska Polskiego Czwartak\u00f3w 02 \u2013 Gliwice Aleja Majowa 02 \u2013 Gliwice Wyspia\u0144skiego 02 \u2013 Gliwice Jasnog\u00f3rska 01 \u2013 Gliwice Plac Pi\u0142sudskiego 02 \u2013 Gliwice Cz\u0119stochowska 01 \u2013 Gliwice Piwna 01 \u2013 Gliwice D\u0105browskiego 01 \u2013 Gliwice Poniatowskiego 01<\/p>\n<ul>\n<li><strong>Linia C3 kierunek Gliwice Cmentarz Centralny:<\/strong><\/li>\n<\/ul>\n<p>Gliwice Poniatowskiego 02 \u2013 Gliwice D\u0105browskiego 02 \u2013 Gliwice Dworcowa 01 \u2013 Gliwice Strzody 02 \u2013 Gliwice Plac Pi\u0142sudskiego 01 \u2013 Gliwice Jasnog\u00f3rska 02 \u2013 Gliwice G\u00f3ry Che\u0142mskiej 01 \u2013 Osiedle Wojska Polskiego Szko\u0142a 01 \u2013 Osiedle Wojska Polskiego Kozielska 01 \u2013 Gliwice Cmentarz Centralny 05<\/p>\n<ul>\n<li><strong>Linia C4 linia okr\u0119\u017cna:<\/strong><\/li>\n<\/ul>\n<p>Gliwice Piwna 01 \u2013 Gliwice D\u0105browskiego 01 \u2013 Gliwice Poniatowskiego 01 \u2013 Gliwice Micha\u0142owskiego 01 \u2013 Gliwice Radiostacja 01 \u2013 Gliwice Zamenhofa 01 \u2013 \u017berniki Olszewskiego 01 \u2013 Osiedle Obro\u0144c\u00f3w Pokoju 02 \u2013 Obro\u0144c\u00f3w Pokoju Paderewskiego 02 \u2013 Obro\u0144c\u00f3w Pokoju Ja\u0142owcowa 02 \u2013 Obro\u0144c\u00f3w Pokoju Lisia 02 \u2013 Gliwice Cmentarz \u015bw. Wojciecha 02 \u2013 Osiedle Kopernika My\u015bliwska 02 \u2013 Gliwice \u015awi\u0119toja\u0144ska 02 \u2013 Gliwice Toszecka 02 \u2013 Gliwice Plac Piast\u00f3w 03<\/p>\n<h4>Linie cmentarne w Knurowie<\/h4>\n<p><a href=\"https:\/\/www.24gliwice.pl\/wiadomosci\/wp-content\/uploads\/2022\/10\/linie-cmentarne-knurow_v1.jpg\"><img loading=\"lazy\" decoding=\"async\" class=\"alignnone  wp-image-202450\" src=\"https:\/\/www.24gliwice.pl\/wiadomosci\/wp-content\/uploads\/2022\/10\/linie-cmentarne-knurow_v1.jpg\" alt=\"\" width=\"1199\" height=\"848\" srcset=\"https:\/\/www.24gliwice.pl\/wiadomosci\/wp-content\/uploads\/2022\/10\/linie-cmentarne-knurow_v1.jpg 810w, https:\/\/www.24gliwice.pl\/wiadomosci\/wp-content\/uploads\/2022\/10\/linie-cmentarne-knurow_v1-328x232.jpg 328w, https:\/\/www.24gliwice.pl\/wiadomosci\/wp-content\/uploads\/2022\/10\/linie-cmentarne-knurow_v1-643x455.jpg 643w, https:\/\/www.24gliwice.pl\/wiadomosci\/wp-content\/uploads\/2022\/10\/linie-cmentarne-knurow_v1-768x543.jpg 768w\" sizes=\"auto, (max-width: 1199px) 100vw, 1199px\" \/><\/a><\/p>\n<ul>\n<li><strong>Linia C10 kierunek Knur\u00f3w Dworcowa:<\/strong><\/li>\n<\/ul>\n<p>Szczyg\u0142owice Centrum Przesiadkowe 02 \u2013 Szczyg\u0142owice Kopalnia 02 \u2013 Szczyg\u0142owice Skrzy\u017cowanie n\u017c 02 \u2013 Krywa\u0142d Stadion n\u017c 02 \u2013 Krywa\u0142d Zwyci\u0119stwa n\u017c 02 \u2013 Krywa\u0142d Bojowa n\u017c 02 \u2013 Krywa\u0142d Przejazd Kolejowy n\u017c 02 \u2013 Krywa\u0142d Rybnicka 02 \u2013 Knur\u00f3w Wilsona 02 \u2013 Knur\u00f3w Cmentarz Komunalny 01 \u2013 Knur\u00f3w Szko\u0142a 02 \u2013 Knur\u00f3w Szpitalna 01 \u2013 Knur\u00f3w U\u0142an\u00f3w 01 \u2013 Knur\u00f3w 26 Stycznia 01 \u2013 Knur\u00f3w Wojska Polskiego 01 \u2013 Knur\u00f3w Remiza 01 \u2013 Knur\u00f3w Poczta 01 \u2013 Knur\u00f3w Dworcowa 01<\/p>\n<ul>\n<li><strong>Linia C10 kierunek Szczyg\u0142owice Centrum Przesiadkowe:<\/strong><\/li>\n<\/ul>\n<p>Knur\u00f3w Dworcowa 02 \u2013 Knur\u00f3w Poczta 02 \u2013 Knur\u00f3w Remiza 02 \u2013 Knur\u00f3w Wojska Polskiego 01 \u2013 Knur\u00f3w 26 Stycznia 02 \u2013 Knur\u00f3w U\u0142an\u00f3w 02 \u2013 Knur\u00f3w Szpitalna 02 \u2013 Knur\u00f3w Szko\u0142a 01 \u2013 Knur\u00f3w Cmentarz Komunalny 01 \u2013 Knur\u00f3w Wilsona 01 \u2013 Krywa\u0142d Rybnicka 01 \u2013 Krywa\u0142d Przejazd Kolejowy n\u017c 01 \u2013 Krywa\u0142d Bojowa n\u017c 01 \u2013 Krywa\u0142d Zwyci\u0119stwa n\u017c 01 \u2013 Krywa\u0142d Stadion n\u017c 01 \u2013 Szczyg\u0142owice Skrzy\u017cowanie n\u017c 03 \u2013 Szczyg\u0142owice Kopalnia 03 \u2013 Szczyg\u0142owice Centrum Przesiadkowe 02<\/p>\n<p>(mat. pras. ZTM)<\/p>\n<div class=\"gliwi-a5-na-koncu-artykulow gliwi-entity-placement\" id=\"gliwi-1555609210\"><div class=\"gliwi-adlabel\"><span style=\"font-size: 9px\">REKLAMA<\/span><\/div><div id=\"gliwi-862655805\" style=\"margin-left: auto;margin-right: auto;text-align: center;\"><a data-no-instant=\"1\" href=\"https:\/\/www.jasek.pl\/\" rel=\"noopener\" class=\"a2t-link\" target=\"_blank\" aria-label=\"20200401-jasek 600\"><img loading=\"lazy\" decoding=\"async\" src=\"https:\/\/www.24gliwice.pl\/wiadomosci\/wp-content\/uploads\/2020\/04\/20200401-jasek-600.jpg\" alt=\"\"  srcset=\"https:\/\/www.24gliwice.pl\/wiadomosci\/wp-content\/uploads\/2020\/04\/20200401-jasek-600.jpg 600w, https:\/\/www.24gliwice.pl\/wiadomosci\/wp-content\/uploads\/2020\/04\/20200401-jasek-600-410x109.jpg 410w\" sizes=\"(max-width: 600px) 100vw, 600px\" class=\"no-lazyload\" width=\"600\" height=\"160\"  style=\"display: inline-block; max-width: 100%; height: auto;\" \/><\/a><\/div><\/div>","protected":false},"excerpt":{"rendered":"<p>Przed nami Wszystkich \u015awi\u0119tych &#8211; okres, w kt\u00f3rym wok\u00f3\u0142 cmentarzy panuje du\u017cy ruch i brakuje miejsc do parkowania. Alternatyw\u0105 dla indywidualnego transportu do gliwickich nekropolii mog\u0105 by\u0107 autobusy, kt\u00f3re 1 listopada b\u0119d\u0105 ca\u0142kowicie darmowe. &nbsp; Zarz\u0105d Transportu Metropolitalnego u\u0142atwi dojazdy na cmentarze. Najwi\u0119kszymi udogodnieniami b\u0119d\u0105 specjalne linie autobusowe oraz umo\u017cliwienie 1 listopada bezp\u0142atnego korzystania z [&hellip;]<\/p>\n","protected":false},"author":15,"featured_media":125213,"comment_status":"open","ping_status":"closed","sticky":false,"template":"","format":"standard","meta":{"_monsterinsights_skip_tracking":false,"_monsterinsights_sitenote_active":false,"_monsterinsights_sitenote_note":"","_monsterinsights_sitenote_category":0,"footnotes":"","_links_to":"","_links_to_target":""},"categories":[3,1],"tags":[],"class_list":["post-202441","post","type-post","status-publish","format-standard","has-post-thumbnail","hentry","category-gliwice","category-wszystko"],"yoast_head":"<!-- This site is optimized with the Yoast SEO plugin v27.4 - https:\/\/yoast.com\/product\/yoast-seo-wordpress\/ -->\n<title>Darmowy dojazd, powi\u0119kszone sk\u0142ady autobus\u00f3w. Na cmentarz niekoniecznie trzeba jecha\u0107 swoim autem - 24GLIWICE - Portal Gliwice | codziennie nowe informacje<\/title>\n<meta name=\"description\" content=\"1 listopada wszystkie autobusy b\u0119d\u0105 dla pasa\u017cer\u00f3w darmowe, co ma zach\u0119ci\u0107 do skorzystania z transportu publicznego, zamiast dojazdu autem\" \/>\n<meta name=\"robots\" content=\"index, follow, max-snippet:-1, max-image-preview:large, max-video-preview:-1\" \/>\n<link rel=\"canonical\" href=\"https:\/\/www.24gliwice.pl\/wiadomosci\/darmowy-dojazd-powiekszone-sklady-autobusow-na-cmentarz-niekoniecznie-trzeba-jechac-swoim-autem\/\" \/>\n<meta property=\"og:locale\" content=\"pl_PL\" \/>\n<meta property=\"og:type\" content=\"article\" \/>\n<meta property=\"og:title\" content=\"Darmowy dojazd, powi\u0119kszone sk\u0142ady autobus\u00f3w. Na cmentarz niekoniecznie trzeba jecha\u0107 swoim autem - 24GLIWICE - Portal Gliwice | codziennie nowe informacje\" \/>\n<meta property=\"og:description\" content=\"1 listopada wszystkie autobusy b\u0119d\u0105 dla pasa\u017cer\u00f3w darmowe, co ma zach\u0119ci\u0107 do skorzystania z transportu publicznego, zamiast dojazdu autem\" \/>\n<meta property=\"og:url\" content=\"https:\/\/www.24gliwice.pl\/wiadomosci\/darmowy-dojazd-powiekszone-sklady-autobusow-na-cmentarz-niekoniecznie-trzeba-jechac-swoim-autem\/\" \/>\n<meta property=\"og:site_name\" content=\"24GLIWICE - Portal Gliwice | codziennie nowe informacje\" \/>\n<meta property=\"article:publisher\" content=\"https:\/\/www.facebook.com\/24gliwice\" \/>\n<meta property=\"article:published_time\" content=\"2022-10-27T10:17:02+00:00\" \/>\n<meta property=\"og:image\" content=\"https:\/\/www.24gliwice.pl\/wiadomosci\/wp-content\/uploads\/2018\/10\/cmentarz-centralny-gliwice.jpg\" \/>\n\t<meta property=\"og:image:width\" content=\"810\" \/>\n\t<meta property=\"og:image:height\" content=\"456\" \/>\n\t<meta property=\"og:image:type\" content=\"image\/jpeg\" \/>\n<meta name=\"author\" content=\"\u017baneta Mrozek-Siewierska\" \/>\n<meta name=\"twitter:card\" content=\"summary_large_image\" \/>\n<meta name=\"twitter:creator\" content=\"@24gliwice\" \/>\n<meta name=\"twitter:site\" content=\"@24gliwice\" \/>\n<meta name=\"twitter:label1\" content=\"Napisane przez\" \/>\n\t<meta name=\"twitter:data1\" content=\"\u017baneta Mrozek-Siewierska\" \/>\n\t<meta name=\"twitter:label2\" content=\"Szacowany czas czytania\" \/>\n\t<meta name=\"twitter:data2\" content=\"6 minut\" \/>\n<script type=\"application\/ld+json\" class=\"yoast-schema-graph\">{\"@context\":\"https:\\\/\\\/schema.org\",\"@graph\":[{\"@type\":\"Article\",\"@id\":\"https:\\\/\\\/www.24gliwice.pl\\\/wiadomosci\\\/darmowy-dojazd-powiekszone-sklady-autobusow-na-cmentarz-niekoniecznie-trzeba-jechac-swoim-autem\\\/#article\",\"isPartOf\":{\"@id\":\"https:\\\/\\\/www.24gliwice.pl\\\/wiadomosci\\\/darmowy-dojazd-powiekszone-sklady-autobusow-na-cmentarz-niekoniecznie-trzeba-jechac-swoim-autem\\\/\"},\"author\":{\"name\":\"\u017baneta Mrozek-Siewierska\",\"@id\":\"https:\\\/\\\/www.24gliwice.pl\\\/wiadomosci\\\/#\\\/schema\\\/person\\\/e42c650edd7f2fa332be3811fb166b6e\"},\"headline\":\"Darmowy dojazd, powi\u0119kszone sk\u0142ady autobus\u00f3w. Na cmentarz niekoniecznie trzeba jecha\u0107 swoim autem\",\"datePublished\":\"2022-10-27T10:17:02+00:00\",\"mainEntityOfPage\":{\"@id\":\"https:\\\/\\\/www.24gliwice.pl\\\/wiadomosci\\\/darmowy-dojazd-powiekszone-sklady-autobusow-na-cmentarz-niekoniecznie-trzeba-jechac-swoim-autem\\\/\"},\"wordCount\":855,\"commentCount\":0,\"publisher\":{\"@id\":\"https:\\\/\\\/www.24gliwice.pl\\\/wiadomosci\\\/#organization\"},\"image\":{\"@id\":\"https:\\\/\\\/www.24gliwice.pl\\\/wiadomosci\\\/darmowy-dojazd-powiekszone-sklady-autobusow-na-cmentarz-niekoniecznie-trzeba-jechac-swoim-autem\\\/#primaryimage\"},\"thumbnailUrl\":\"https:\\\/\\\/www.24gliwice.pl\\\/wiadomosci\\\/wp-content\\\/uploads\\\/2018\\\/10\\\/cmentarz-centralny-gliwice.jpg\",\"articleSection\":[\"Gliwice\",\"Najnowsze wiadomo\u015bci\"],\"inLanguage\":\"pl-PL\",\"potentialAction\":[{\"@type\":\"CommentAction\",\"name\":\"Comment\",\"target\":[\"https:\\\/\\\/www.24gliwice.pl\\\/wiadomosci\\\/darmowy-dojazd-powiekszone-sklady-autobusow-na-cmentarz-niekoniecznie-trzeba-jechac-swoim-autem\\\/#respond\"]}]},{\"@type\":\"WebPage\",\"@id\":\"https:\\\/\\\/www.24gliwice.pl\\\/wiadomosci\\\/darmowy-dojazd-powiekszone-sklady-autobusow-na-cmentarz-niekoniecznie-trzeba-jechac-swoim-autem\\\/\",\"url\":\"https:\\\/\\\/www.24gliwice.pl\\\/wiadomosci\\\/darmowy-dojazd-powiekszone-sklady-autobusow-na-cmentarz-niekoniecznie-trzeba-jechac-swoim-autem\\\/\",\"name\":\"Darmowy dojazd, powi\u0119kszone sk\u0142ady autobus\u00f3w. Na cmentarz niekoniecznie trzeba jecha\u0107 swoim autem - 24GLIWICE - Portal Gliwice | codziennie nowe informacje\",\"isPartOf\":{\"@id\":\"https:\\\/\\\/www.24gliwice.pl\\\/wiadomosci\\\/#website\"},\"primaryImageOfPage\":{\"@id\":\"https:\\\/\\\/www.24gliwice.pl\\\/wiadomosci\\\/darmowy-dojazd-powiekszone-sklady-autobusow-na-cmentarz-niekoniecznie-trzeba-jechac-swoim-autem\\\/#primaryimage\"},\"image\":{\"@id\":\"https:\\\/\\\/www.24gliwice.pl\\\/wiadomosci\\\/darmowy-dojazd-powiekszone-sklady-autobusow-na-cmentarz-niekoniecznie-trzeba-jechac-swoim-autem\\\/#primaryimage\"},\"thumbnailUrl\":\"https:\\\/\\\/www.24gliwice.pl\\\/wiadomosci\\\/wp-content\\\/uploads\\\/2018\\\/10\\\/cmentarz-centralny-gliwice.jpg\",\"datePublished\":\"2022-10-27T10:17:02+00:00\",\"description\":\"1 listopada wszystkie autobusy b\u0119d\u0105 dla pasa\u017cer\u00f3w darmowe, co ma zach\u0119ci\u0107 do skorzystania z transportu publicznego, zamiast dojazdu autem\",\"breadcrumb\":{\"@id\":\"https:\\\/\\\/www.24gliwice.pl\\\/wiadomosci\\\/darmowy-dojazd-powiekszone-sklady-autobusow-na-cmentarz-niekoniecznie-trzeba-jechac-swoim-autem\\\/#breadcrumb\"},\"inLanguage\":\"pl-PL\",\"potentialAction\":[{\"@type\":\"ReadAction\",\"target\":[\"https:\\\/\\\/www.24gliwice.pl\\\/wiadomosci\\\/darmowy-dojazd-powiekszone-sklady-autobusow-na-cmentarz-niekoniecznie-trzeba-jechac-swoim-autem\\\/\"]}]},{\"@type\":\"ImageObject\",\"inLanguage\":\"pl-PL\",\"@id\":\"https:\\\/\\\/www.24gliwice.pl\\\/wiadomosci\\\/darmowy-dojazd-powiekszone-sklady-autobusow-na-cmentarz-niekoniecznie-trzeba-jechac-swoim-autem\\\/#primaryimage\",\"url\":\"https:\\\/\\\/www.24gliwice.pl\\\/wiadomosci\\\/wp-content\\\/uploads\\\/2018\\\/10\\\/cmentarz-centralny-gliwice.jpg\",\"contentUrl\":\"https:\\\/\\\/www.24gliwice.pl\\\/wiadomosci\\\/wp-content\\\/uploads\\\/2018\\\/10\\\/cmentarz-centralny-gliwice.jpg\",\"width\":810,\"height\":456},{\"@type\":\"BreadcrumbList\",\"@id\":\"https:\\\/\\\/www.24gliwice.pl\\\/wiadomosci\\\/darmowy-dojazd-powiekszone-sklady-autobusow-na-cmentarz-niekoniecznie-trzeba-jechac-swoim-autem\\\/#breadcrumb\",\"itemListElement\":[{\"@type\":\"ListItem\",\"position\":1,\"name\":\"Strona g\u0142\u00f3wna\",\"item\":\"https:\\\/\\\/www.24gliwice.pl\\\/wiadomosci\\\/\"},{\"@type\":\"ListItem\",\"position\":2,\"name\":\"Darmowy dojazd, powi\u0119kszone sk\u0142ady autobus\u00f3w. Na cmentarz niekoniecznie trzeba jecha\u0107 swoim autem\"}]},{\"@type\":\"WebSite\",\"@id\":\"https:\\\/\\\/www.24gliwice.pl\\\/wiadomosci\\\/#website\",\"url\":\"https:\\\/\\\/www.24gliwice.pl\\\/wiadomosci\\\/\",\"name\":\"24GLIWICE - Portal Gliwice | codziennie nowe wiadomo\u015bci\",\"description\":\"Portal Miejski Gliwice\",\"publisher\":{\"@id\":\"https:\\\/\\\/www.24gliwice.pl\\\/wiadomosci\\\/#organization\"},\"potentialAction\":[{\"@type\":\"SearchAction\",\"target\":{\"@type\":\"EntryPoint\",\"urlTemplate\":\"https:\\\/\\\/www.24gliwice.pl\\\/wiadomosci\\\/?s={search_term_string}\"},\"query-input\":{\"@type\":\"PropertyValueSpecification\",\"valueRequired\":true,\"valueName\":\"search_term_string\"}}],\"inLanguage\":\"pl-PL\"},{\"@type\":\"Organization\",\"@id\":\"https:\\\/\\\/www.24gliwice.pl\\\/wiadomosci\\\/#organization\",\"name\":\"24gliwice\",\"url\":\"https:\\\/\\\/www.24gliwice.pl\\\/wiadomosci\\\/\",\"logo\":{\"@type\":\"ImageObject\",\"inLanguage\":\"pl-PL\",\"@id\":\"https:\\\/\\\/www.24gliwice.pl\\\/wiadomosci\\\/#\\\/schema\\\/logo\\\/image\\\/\",\"url\":\"https:\\\/\\\/www.24gliwice.pl\\\/wiadomosci\\\/wp-content\\\/uploads\\\/2024\\\/10\\\/24gliwice-logo-696.jpg\",\"contentUrl\":\"https:\\\/\\\/www.24gliwice.pl\\\/wiadomosci\\\/wp-content\\\/uploads\\\/2024\\\/10\\\/24gliwice-logo-696.jpg\",\"width\":696,\"height\":696,\"caption\":\"24gliwice\"},\"image\":{\"@id\":\"https:\\\/\\\/www.24gliwice.pl\\\/wiadomosci\\\/#\\\/schema\\\/logo\\\/image\\\/\"},\"sameAs\":[\"https:\\\/\\\/www.facebook.com\\\/24gliwice\",\"https:\\\/\\\/x.com\\\/24gliwice\",\"https:\\\/\\\/www.youtube.com\\\/@24gliwice\"]},{\"@type\":\"Person\",\"@id\":\"https:\\\/\\\/www.24gliwice.pl\\\/wiadomosci\\\/#\\\/schema\\\/person\\\/e42c650edd7f2fa332be3811fb166b6e\",\"name\":\"\u017baneta Mrozek-Siewierska\",\"image\":{\"@type\":\"ImageObject\",\"inLanguage\":\"pl-PL\",\"@id\":\"https:\\\/\\\/www.24gliwice.pl\\\/wiadomosci\\\/wp-content\\\/uploads\\\/2021\\\/11\\\/Zaneta-M_S-zdjecie-czb-96x96.jpg\",\"url\":\"https:\\\/\\\/www.24gliwice.pl\\\/wiadomosci\\\/wp-content\\\/uploads\\\/2021\\\/11\\\/Zaneta-M_S-zdjecie-czb-96x96.jpg\",\"contentUrl\":\"https:\\\/\\\/www.24gliwice.pl\\\/wiadomosci\\\/wp-content\\\/uploads\\\/2021\\\/11\\\/Zaneta-M_S-zdjecie-czb-96x96.jpg\",\"caption\":\"\u017baneta Mrozek-Siewierska\"},\"url\":\"https:\\\/\\\/www.24gliwice.pl\\\/wiadomosci\\\/author\\\/zms\\\/\"}]}<\/script>\n<!-- \/ Yoast SEO plugin. -->","yoast_head_json":{"title":"Darmowy dojazd, powi\u0119kszone sk\u0142ady autobus\u00f3w. Na cmentarz niekoniecznie trzeba jecha\u0107 swoim autem - 24GLIWICE - Portal Gliwice | codziennie nowe informacje","description":"1 listopada wszystkie autobusy b\u0119d\u0105 dla pasa\u017cer\u00f3w darmowe, co ma zach\u0119ci\u0107 do skorzystania z transportu publicznego, zamiast dojazdu autem","robots":{"index":"index","follow":"follow","max-snippet":"max-snippet:-1","max-image-preview":"max-image-preview:large","max-video-preview":"max-video-preview:-1"},"canonical":"https:\/\/www.24gliwice.pl\/wiadomosci\/darmowy-dojazd-powiekszone-sklady-autobusow-na-cmentarz-niekoniecznie-trzeba-jechac-swoim-autem\/","og_locale":"pl_PL","og_type":"article","og_title":"Darmowy dojazd, powi\u0119kszone sk\u0142ady autobus\u00f3w. Na cmentarz niekoniecznie trzeba jecha\u0107 swoim autem - 24GLIWICE - Portal Gliwice | codziennie nowe informacje","og_description":"1 listopada wszystkie autobusy b\u0119d\u0105 dla pasa\u017cer\u00f3w darmowe, co ma zach\u0119ci\u0107 do skorzystania z transportu publicznego, zamiast dojazdu autem","og_url":"https:\/\/www.24gliwice.pl\/wiadomosci\/darmowy-dojazd-powiekszone-sklady-autobusow-na-cmentarz-niekoniecznie-trzeba-jechac-swoim-autem\/","og_site_name":"24GLIWICE - Portal Gliwice | codziennie nowe informacje","article_publisher":"https:\/\/www.facebook.com\/24gliwice","article_published_time":"2022-10-27T10:17:02+00:00","og_image":[{"width":810,"height":456,"url":"https:\/\/www.24gliwice.pl\/wiadomosci\/wp-content\/uploads\/2018\/10\/cmentarz-centralny-gliwice.jpg","type":"image\/jpeg"}],"author":"\u017baneta Mrozek-Siewierska","twitter_card":"summary_large_image","twitter_creator":"@24gliwice","twitter_site":"@24gliwice","twitter_misc":{"Napisane przez":"\u017baneta Mrozek-Siewierska","Szacowany czas czytania":"6 minut"},"schema":{"@context":"https:\/\/schema.org","@graph":[{"@type":"Article","@id":"https:\/\/www.24gliwice.pl\/wiadomosci\/darmowy-dojazd-powiekszone-sklady-autobusow-na-cmentarz-niekoniecznie-trzeba-jechac-swoim-autem\/#article","isPartOf":{"@id":"https:\/\/www.24gliwice.pl\/wiadomosci\/darmowy-dojazd-powiekszone-sklady-autobusow-na-cmentarz-niekoniecznie-trzeba-jechac-swoim-autem\/"},"author":{"name":"\u017baneta Mrozek-Siewierska","@id":"https:\/\/www.24gliwice.pl\/wiadomosci\/#\/schema\/person\/e42c650edd7f2fa332be3811fb166b6e"},"headline":"Darmowy dojazd, powi\u0119kszone sk\u0142ady autobus\u00f3w. Na cmentarz niekoniecznie trzeba jecha\u0107 swoim autem","datePublished":"2022-10-27T10:17:02+00:00","mainEntityOfPage":{"@id":"https:\/\/www.24gliwice.pl\/wiadomosci\/darmowy-dojazd-powiekszone-sklady-autobusow-na-cmentarz-niekoniecznie-trzeba-jechac-swoim-autem\/"},"wordCount":855,"commentCount":0,"publisher":{"@id":"https:\/\/www.24gliwice.pl\/wiadomosci\/#organization"},"image":{"@id":"https:\/\/www.24gliwice.pl\/wiadomosci\/darmowy-dojazd-powiekszone-sklady-autobusow-na-cmentarz-niekoniecznie-trzeba-jechac-swoim-autem\/#primaryimage"},"thumbnailUrl":"https:\/\/www.24gliwice.pl\/wiadomosci\/wp-content\/uploads\/2018\/10\/cmentarz-centralny-gliwice.jpg","articleSection":["Gliwice","Najnowsze wiadomo\u015bci"],"inLanguage":"pl-PL","potentialAction":[{"@type":"CommentAction","name":"Comment","target":["https:\/\/www.24gliwice.pl\/wiadomosci\/darmowy-dojazd-powiekszone-sklady-autobusow-na-cmentarz-niekoniecznie-trzeba-jechac-swoim-autem\/#respond"]}]},{"@type":"WebPage","@id":"https:\/\/www.24gliwice.pl\/wiadomosci\/darmowy-dojazd-powiekszone-sklady-autobusow-na-cmentarz-niekoniecznie-trzeba-jechac-swoim-autem\/","url":"https:\/\/www.24gliwice.pl\/wiadomosci\/darmowy-dojazd-powiekszone-sklady-autobusow-na-cmentarz-niekoniecznie-trzeba-jechac-swoim-autem\/","name":"Darmowy dojazd, powi\u0119kszone sk\u0142ady autobus\u00f3w. Na cmentarz niekoniecznie trzeba jecha\u0107 swoim autem - 24GLIWICE - Portal Gliwice | codziennie nowe informacje","isPartOf":{"@id":"https:\/\/www.24gliwice.pl\/wiadomosci\/#website"},"primaryImageOfPage":{"@id":"https:\/\/www.24gliwice.pl\/wiadomosci\/darmowy-dojazd-powiekszone-sklady-autobusow-na-cmentarz-niekoniecznie-trzeba-jechac-swoim-autem\/#primaryimage"},"image":{"@id":"https:\/\/www.24gliwice.pl\/wiadomosci\/darmowy-dojazd-powiekszone-sklady-autobusow-na-cmentarz-niekoniecznie-trzeba-jechac-swoim-autem\/#primaryimage"},"thumbnailUrl":"https:\/\/www.24gliwice.pl\/wiadomosci\/wp-content\/uploads\/2018\/10\/cmentarz-centralny-gliwice.jpg","datePublished":"2022-10-27T10:17:02+00:00","description":"1 listopada wszystkie autobusy b\u0119d\u0105 dla pasa\u017cer\u00f3w darmowe, co ma zach\u0119ci\u0107 do skorzystania z transportu publicznego, zamiast dojazdu autem","breadcrumb":{"@id":"https:\/\/www.24gliwice.pl\/wiadomosci\/darmowy-dojazd-powiekszone-sklady-autobusow-na-cmentarz-niekoniecznie-trzeba-jechac-swoim-autem\/#breadcrumb"},"inLanguage":"pl-PL","potentialAction":[{"@type":"ReadAction","target":["https:\/\/www.24gliwice.pl\/wiadomosci\/darmowy-dojazd-powiekszone-sklady-autobusow-na-cmentarz-niekoniecznie-trzeba-jechac-swoim-autem\/"]}]},{"@type":"ImageObject","inLanguage":"pl-PL","@id":"https:\/\/www.24gliwice.pl\/wiadomosci\/darmowy-dojazd-powiekszone-sklady-autobusow-na-cmentarz-niekoniecznie-trzeba-jechac-swoim-autem\/#primaryimage","url":"https:\/\/www.24gliwice.pl\/wiadomosci\/wp-content\/uploads\/2018\/10\/cmentarz-centralny-gliwice.jpg","contentUrl":"https:\/\/www.24gliwice.pl\/wiadomosci\/wp-content\/uploads\/2018\/10\/cmentarz-centralny-gliwice.jpg","width":810,"height":456},{"@type":"BreadcrumbList","@id":"https:\/\/www.24gliwice.pl\/wiadomosci\/darmowy-dojazd-powiekszone-sklady-autobusow-na-cmentarz-niekoniecznie-trzeba-jechac-swoim-autem\/#breadcrumb","itemListElement":[{"@type":"ListItem","position":1,"name":"Strona g\u0142\u00f3wna","item":"https:\/\/www.24gliwice.pl\/wiadomosci\/"},{"@type":"ListItem","position":2,"name":"Darmowy dojazd, powi\u0119kszone sk\u0142ady autobus\u00f3w. Na cmentarz niekoniecznie trzeba jecha\u0107 swoim autem"}]},{"@type":"WebSite","@id":"https:\/\/www.24gliwice.pl\/wiadomosci\/#website","url":"https:\/\/www.24gliwice.pl\/wiadomosci\/","name":"24GLIWICE - Portal Gliwice | codziennie nowe wiadomo\u015bci","description":"Portal Miejski Gliwice","publisher":{"@id":"https:\/\/www.24gliwice.pl\/wiadomosci\/#organization"},"potentialAction":[{"@type":"SearchAction","target":{"@type":"EntryPoint","urlTemplate":"https:\/\/www.24gliwice.pl\/wiadomosci\/?s={search_term_string}"},"query-input":{"@type":"PropertyValueSpecification","valueRequired":true,"valueName":"search_term_string"}}],"inLanguage":"pl-PL"},{"@type":"Organization","@id":"https:\/\/www.24gliwice.pl\/wiadomosci\/#organization","name":"24gliwice","url":"https:\/\/www.24gliwice.pl\/wiadomosci\/","logo":{"@type":"ImageObject","inLanguage":"pl-PL","@id":"https:\/\/www.24gliwice.pl\/wiadomosci\/#\/schema\/logo\/image\/","url":"https:\/\/www.24gliwice.pl\/wiadomosci\/wp-content\/uploads\/2024\/10\/24gliwice-logo-696.jpg","contentUrl":"https:\/\/www.24gliwice.pl\/wiadomosci\/wp-content\/uploads\/2024\/10\/24gliwice-logo-696.jpg","width":696,"height":696,"caption":"24gliwice"},"image":{"@id":"https:\/\/www.24gliwice.pl\/wiadomosci\/#\/schema\/logo\/image\/"},"sameAs":["https:\/\/www.facebook.com\/24gliwice","https:\/\/x.com\/24gliwice","https:\/\/www.youtube.com\/@24gliwice"]},{"@type":"Person","@id":"https:\/\/www.24gliwice.pl\/wiadomosci\/#\/schema\/person\/e42c650edd7f2fa332be3811fb166b6e","name":"\u017baneta Mrozek-Siewierska","image":{"@type":"ImageObject","inLanguage":"pl-PL","@id":"https:\/\/www.24gliwice.pl\/wiadomosci\/wp-content\/uploads\/2021\/11\/Zaneta-M_S-zdjecie-czb-96x96.jpg","url":"https:\/\/www.24gliwice.pl\/wiadomosci\/wp-content\/uploads\/2021\/11\/Zaneta-M_S-zdjecie-czb-96x96.jpg","contentUrl":"https:\/\/www.24gliwice.pl\/wiadomosci\/wp-content\/uploads\/2021\/11\/Zaneta-M_S-zdjecie-czb-96x96.jpg","caption":"\u017baneta Mrozek-Siewierska"},"url":"https:\/\/www.24gliwice.pl\/wiadomosci\/author\/zms\/"}]}},"_links":{"self":[{"href":"https:\/\/www.24gliwice.pl\/wiadomosci\/wp-json\/wp\/v2\/posts\/202441","targetHints":{"allow":["GET"]}}],"collection":[{"href":"https:\/\/www.24gliwice.pl\/wiadomosci\/wp-json\/wp\/v2\/posts"}],"about":[{"href":"https:\/\/www.24gliwice.pl\/wiadomosci\/wp-json\/wp\/v2\/types\/post"}],"author":[{"embeddable":true,"href":"https:\/\/www.24gliwice.pl\/wiadomosci\/wp-json\/wp\/v2\/users\/15"}],"replies":[{"embeddable":true,"href":"https:\/\/www.24gliwice.pl\/wiadomosci\/wp-json\/wp\/v2\/comments?post=202441"}],"version-history":[{"count":15,"href":"https:\/\/www.24gliwice.pl\/wiadomosci\/wp-json\/wp\/v2\/posts\/202441\/revisions"}],"predecessor-version":[{"id":202608,"href":"https:\/\/www.24gliwice.pl\/wiadomosci\/wp-json\/wp\/v2\/posts\/202441\/revisions\/202608"}],"wp:featuredmedia":[{"embeddable":true,"href":"https:\/\/www.24gliwice.pl\/wiadomosci\/wp-json\/wp\/v2\/media\/125213"}],"wp:attachment":[{"href":"https:\/\/www.24gliwice.pl\/wiadomosci\/wp-json\/wp\/v2\/media?parent=202441"}],"wp:term":[{"taxonomy":"category","embeddable":true,"href":"https:\/\/www.24gliwice.pl\/wiadomosci\/wp-json\/wp\/v2\/categories?post=202441"},{"taxonomy":"post_tag","embeddable":true,"href":"https:\/\/www.24gliwice.pl\/wiadomosci\/wp-json\/wp\/v2\/tags?post=202441"}],"curies":[{"name":"wp","href":"https:\/\/api.w.org\/{rel}","templated":true}]}}