{"id":202541,"date":"2022-10-26T18:27:01","date_gmt":"2022-10-26T16:27:01","guid":{"rendered":"https:\/\/www.24gliwice.pl\/wiadomosci\/?p=202541"},"modified":"2022-10-26T19:57:05","modified_gmt":"2022-10-26T17:57:05","slug":"wielkie-otwarcie-salonu-media-expert-w-europie-centralnej-siec-zapowiada-duze-promocje","status":"publish","type":"post","link":"https:\/\/www.24gliwice.pl\/wiadomosci\/wielkie-otwarcie-salonu-media-expert-w-europie-centralnej-siec-zapowiada-duze-promocje\/","title":{"rendered":"Wielkie otwarcie salonu Media Expert w Europie Centralnej. Sie\u0107 zapowiada du\u017ce promocje"},"content":{"rendered":"<h2>Jedna z najpopularniejszych w Polsce sieci rynku RTV i AGD oraz szeroko poj\u0119tej elektroniki otwiera sw\u00f3j salon w Europie Centralnej. Media Expert, bo o nim mowa, b\u0119dzie dost\u0119pny dla klient\u00f3w ju\u017c od 27 pa\u017adziernika. W tym dniu odb\u0119dzie si\u0119 Wielkie Otwarcie marketu.<\/h2>\n<p>&nbsp;<br \/>\nZ tej okazji w nowym sklepie czeka\u0107 b\u0119d\u0105 specjalne rabaty, prezenty dla pierwszych klient\u00f3w oraz loteria z nagrodami.<\/p>\n<p>Koniec pa\u017adziernika przynosi dobre informacje dla wszystkich, kt\u00f3rzy zaplanowali zakupy sprz\u0119tu RTV, AGD, czy te\u017c elektroniki. W Europie Centralnej otwiera si\u0119 nowy elektromarket sieci Media Expert, b\u0119d\u0105cej liderem rynku RTV i AGD w Polsce. Wielkie Otwarcie odb\u0119dzie si\u0119 w najbli\u017cszy czwartek 27 pa\u017adziernika, od godziny 8:00. Z tej okazji sklep przygotowa\u0142 dla klient\u00f3w dzie\u0144 atrakcji. <\/p>\n<h4>Na kupuj\u0105cych czeka\u0107 b\u0119d\u0105 specjalne rabaty na wybrany asortyment, a pierwsze 30 os\u00f3b, kt\u00f3re odwiedzi nowo otwarty salon otrzyma czajniki elektryczne w symbolicznej cenie 5 z\u0142.<\/h4>\n<p>Ponadto robi\u0105c w dniu otwarcia zakupy w nowym Media Expert lub przez stron\u0119 internetow\u0105 mo\u017cna b\u0119dzie wzi\u0105\u0107 udzia\u0142 w loterii paragonowej Ko\u0142o Fortuny i zdoby\u0107 atrakcyjne nagrody, takie jak karty podarunkowe, akcesoria IT, drobne AGD, filmy, gry i inne. <\/p>\n<p>Nowy elektromarket znale\u017a\u0107 mo\u017cna w retail parku, pomi\u0119dzy sklepem Action, a Komfort. Wraz z now\u0105 przestrzeni\u0105 klienci EC zyskuj\u0105 dost\u0119p do szerokiej oferty jak\u0105 proponuje Media Expert. Sie\u0107 kojarzona jest g\u0142\u00f3wnie z produktami segmentu RTV i AGD, komputer\u00f3w, multimedi\u00f3w i szeroko poj\u0119tej elektroniki. Jednak w ofercie sklepu mo\u017cna znale\u017a\u0107 o wiele wi\u0119cej kategorii, takich jak sprz\u0119ty sportowe, artyku\u0142y do domu, ogrodu, czy nawet zabawki dla dzieci. <\/p>\n<p>(mat. pras.)<br \/>\nfot. materia\u0142y organizatora<\/p>\n","protected":false},"excerpt":{"rendered":"<p>Jedna z najpopularniejszych w Polsce sieci rynku RTV i AGD oraz szeroko poj\u0119tej elektroniki otwiera sw\u00f3j salon w Europie Centralnej. Media Expert, bo o nim mowa, b\u0119dzie dost\u0119pny dla klient\u00f3w ju\u017c od 27 pa\u017adziernika. W tym dniu odb\u0119dzie si\u0119 Wielkie Otwarcie marketu. &nbsp; Z tej okazji w nowym sklepie czeka\u0107 b\u0119d\u0105 specjalne rabaty, prezenty dla [&hellip;]<\/p>\n","protected":false},"author":15,"featured_media":202567,"comment_status":"closed","ping_status":"closed","sticky":false,"template":"","format":"standard","meta":{"_monsterinsights_skip_tracking":false,"_monsterinsights_sitenote_active":false,"_monsterinsights_sitenote_note":"","_monsterinsights_sitenote_category":0,"footnotes":"","_links_to":"","_links_to_target":""},"categories":[3,1],"tags":[286],"class_list":["post-202541","post","type-post","status-publish","format-standard","has-post-thumbnail","hentry","category-gliwice","category-wszystko","tag-europa-centralna"],"yoast_head":"<!-- This site is optimized with the Yoast SEO plugin v27.4 - https:\/\/yoast.com\/product\/yoast-seo-wordpress\/ -->\n<title>Wielkie otwarcie salonu Media Expert w Europie Centralnej. Sie\u0107 zapowiada du\u017ce promocje - 24GLIWICE - Portal Gliwice | codziennie nowe informacje<\/title>\n<meta name=\"description\" content=\"Nowy salon Media Expert w czwartek, 27 pa\u017adziernika, zostanie otwarty w centrum handlowym Europa Centralna\" \/>\n<meta name=\"robots\" content=\"index, follow, max-snippet:-1, max-image-preview:large, max-video-preview:-1\" \/>\n<link rel=\"canonical\" href=\"https:\/\/www.24gliwice.pl\/wiadomosci\/wielkie-otwarcie-salonu-media-expert-w-europie-centralnej-siec-zapowiada-duze-promocje\/\" \/>\n<meta property=\"og:locale\" content=\"pl_PL\" \/>\n<meta property=\"og:type\" content=\"article\" \/>\n<meta property=\"og:title\" content=\"Wielkie otwarcie salonu Media Expert w Europie Centralnej. Sie\u0107 zapowiada du\u017ce promocje - 24GLIWICE - Portal Gliwice | codziennie nowe informacje\" \/>\n<meta property=\"og:description\" content=\"Nowy salon Media Expert w czwartek, 27 pa\u017adziernika, zostanie otwarty w centrum handlowym Europa Centralna\" \/>\n<meta property=\"og:url\" content=\"https:\/\/www.24gliwice.pl\/wiadomosci\/wielkie-otwarcie-salonu-media-expert-w-europie-centralnej-siec-zapowiada-duze-promocje\/\" \/>\n<meta property=\"og:site_name\" content=\"24GLIWICE - Portal Gliwice | codziennie nowe informacje\" \/>\n<meta property=\"article:publisher\" content=\"https:\/\/www.facebook.com\/24gliwice\" \/>\n<meta property=\"article:published_time\" content=\"2022-10-26T16:27:01+00:00\" \/>\n<meta property=\"article:modified_time\" content=\"2022-10-26T17:57:05+00:00\" \/>\n<meta property=\"og:image\" content=\"https:\/\/www.24gliwice.pl\/wiadomosci\/wp-content\/uploads\/2022\/10\/media-expert-e-europie-centralnej.jpg\" \/>\n\t<meta property=\"og:image:width\" content=\"810\" \/>\n\t<meta property=\"og:image:height\" content=\"457\" \/>\n\t<meta property=\"og:image:type\" content=\"image\/jpeg\" \/>\n<meta name=\"author\" content=\"\u017baneta Mrozek-Siewierska\" \/>\n<meta name=\"twitter:card\" content=\"summary_large_image\" \/>\n<meta name=\"twitter:creator\" content=\"@24gliwice\" \/>\n<meta name=\"twitter:site\" content=\"@24gliwice\" \/>\n<meta name=\"twitter:label1\" content=\"Napisane przez\" \/>\n\t<meta name=\"twitter:data1\" content=\"\u017baneta Mrozek-Siewierska\" \/>\n\t<meta name=\"twitter:label2\" content=\"Szacowany czas czytania\" \/>\n\t<meta name=\"twitter:data2\" content=\"1 minuta\" \/>\n<script type=\"application\/ld+json\" class=\"yoast-schema-graph\">{\"@context\":\"https:\\\/\\\/schema.org\",\"@graph\":[{\"@type\":\"Article\",\"@id\":\"https:\\\/\\\/www.24gliwice.pl\\\/wiadomosci\\\/wielkie-otwarcie-salonu-media-expert-w-europie-centralnej-siec-zapowiada-duze-promocje\\\/#article\",\"isPartOf\":{\"@id\":\"https:\\\/\\\/www.24gliwice.pl\\\/wiadomosci\\\/wielkie-otwarcie-salonu-media-expert-w-europie-centralnej-siec-zapowiada-duze-promocje\\\/\"},\"author\":{\"name\":\"\u017baneta Mrozek-Siewierska\",\"@id\":\"https:\\\/\\\/www.24gliwice.pl\\\/wiadomosci\\\/#\\\/schema\\\/person\\\/e42c650edd7f2fa332be3811fb166b6e\"},\"headline\":\"Wielkie otwarcie salonu Media Expert w Europie Centralnej. Sie\u0107 zapowiada du\u017ce promocje\",\"datePublished\":\"2022-10-26T16:27:01+00:00\",\"dateModified\":\"2022-10-26T17:57:05+00:00\",\"mainEntityOfPage\":{\"@id\":\"https:\\\/\\\/www.24gliwice.pl\\\/wiadomosci\\\/wielkie-otwarcie-salonu-media-expert-w-europie-centralnej-siec-zapowiada-duze-promocje\\\/\"},\"wordCount\":298,\"publisher\":{\"@id\":\"https:\\\/\\\/www.24gliwice.pl\\\/wiadomosci\\\/#organization\"},\"image\":{\"@id\":\"https:\\\/\\\/www.24gliwice.pl\\\/wiadomosci\\\/wielkie-otwarcie-salonu-media-expert-w-europie-centralnej-siec-zapowiada-duze-promocje\\\/#primaryimage\"},\"thumbnailUrl\":\"https:\\\/\\\/www.24gliwice.pl\\\/wiadomosci\\\/wp-content\\\/uploads\\\/2022\\\/10\\\/media-expert-e-europie-centralnej.jpg\",\"keywords\":[\"EUROPA CENTRALNA\"],\"articleSection\":[\"Gliwice\",\"Najnowsze wiadomo\u015bci\"],\"inLanguage\":\"pl-PL\"},{\"@type\":\"WebPage\",\"@id\":\"https:\\\/\\\/www.24gliwice.pl\\\/wiadomosci\\\/wielkie-otwarcie-salonu-media-expert-w-europie-centralnej-siec-zapowiada-duze-promocje\\\/\",\"url\":\"https:\\\/\\\/www.24gliwice.pl\\\/wiadomosci\\\/wielkie-otwarcie-salonu-media-expert-w-europie-centralnej-siec-zapowiada-duze-promocje\\\/\",\"name\":\"Wielkie otwarcie salonu Media Expert w Europie Centralnej. Sie\u0107 zapowiada du\u017ce promocje - 24GLIWICE - Portal Gliwice | codziennie nowe informacje\",\"isPartOf\":{\"@id\":\"https:\\\/\\\/www.24gliwice.pl\\\/wiadomosci\\\/#website\"},\"primaryImageOfPage\":{\"@id\":\"https:\\\/\\\/www.24gliwice.pl\\\/wiadomosci\\\/wielkie-otwarcie-salonu-media-expert-w-europie-centralnej-siec-zapowiada-duze-promocje\\\/#primaryimage\"},\"image\":{\"@id\":\"https:\\\/\\\/www.24gliwice.pl\\\/wiadomosci\\\/wielkie-otwarcie-salonu-media-expert-w-europie-centralnej-siec-zapowiada-duze-promocje\\\/#primaryimage\"},\"thumbnailUrl\":\"https:\\\/\\\/www.24gliwice.pl\\\/wiadomosci\\\/wp-content\\\/uploads\\\/2022\\\/10\\\/media-expert-e-europie-centralnej.jpg\",\"datePublished\":\"2022-10-26T16:27:01+00:00\",\"dateModified\":\"2022-10-26T17:57:05+00:00\",\"description\":\"Nowy salon Media Expert w czwartek, 27 pa\u017adziernika, zostanie otwarty w centrum handlowym Europa Centralna\",\"breadcrumb\":{\"@id\":\"https:\\\/\\\/www.24gliwice.pl\\\/wiadomosci\\\/wielkie-otwarcie-salonu-media-expert-w-europie-centralnej-siec-zapowiada-duze-promocje\\\/#breadcrumb\"},\"inLanguage\":\"pl-PL\",\"potentialAction\":[{\"@type\":\"ReadAction\",\"target\":[\"https:\\\/\\\/www.24gliwice.pl\\\/wiadomosci\\\/wielkie-otwarcie-salonu-media-expert-w-europie-centralnej-siec-zapowiada-duze-promocje\\\/\"]}]},{\"@type\":\"ImageObject\",\"inLanguage\":\"pl-PL\",\"@id\":\"https:\\\/\\\/www.24gliwice.pl\\\/wiadomosci\\\/wielkie-otwarcie-salonu-media-expert-w-europie-centralnej-siec-zapowiada-duze-promocje\\\/#primaryimage\",\"url\":\"https:\\\/\\\/www.24gliwice.pl\\\/wiadomosci\\\/wp-content\\\/uploads\\\/2022\\\/10\\\/media-expert-e-europie-centralnej.jpg\",\"contentUrl\":\"https:\\\/\\\/www.24gliwice.pl\\\/wiadomosci\\\/wp-content\\\/uploads\\\/2022\\\/10\\\/media-expert-e-europie-centralnej.jpg\",\"width\":810,\"height\":457},{\"@type\":\"BreadcrumbList\",\"@id\":\"https:\\\/\\\/www.24gliwice.pl\\\/wiadomosci\\\/wielkie-otwarcie-salonu-media-expert-w-europie-centralnej-siec-zapowiada-duze-promocje\\\/#breadcrumb\",\"itemListElement\":[{\"@type\":\"ListItem\",\"position\":1,\"name\":\"Strona g\u0142\u00f3wna\",\"item\":\"https:\\\/\\\/www.24gliwice.pl\\\/wiadomosci\\\/\"},{\"@type\":\"ListItem\",\"position\":2,\"name\":\"Wielkie otwarcie salonu Media Expert w Europie Centralnej. Sie\u0107 zapowiada du\u017ce promocje\"}]},{\"@type\":\"WebSite\",\"@id\":\"https:\\\/\\\/www.24gliwice.pl\\\/wiadomosci\\\/#website\",\"url\":\"https:\\\/\\\/www.24gliwice.pl\\\/wiadomosci\\\/\",\"name\":\"24GLIWICE - Portal Gliwice | codziennie nowe wiadomo\u015bci\",\"description\":\"Portal Miejski Gliwice\",\"publisher\":{\"@id\":\"https:\\\/\\\/www.24gliwice.pl\\\/wiadomosci\\\/#organization\"},\"potentialAction\":[{\"@type\":\"SearchAction\",\"target\":{\"@type\":\"EntryPoint\",\"urlTemplate\":\"https:\\\/\\\/www.24gliwice.pl\\\/wiadomosci\\\/?s={search_term_string}\"},\"query-input\":{\"@type\":\"PropertyValueSpecification\",\"valueRequired\":true,\"valueName\":\"search_term_string\"}}],\"inLanguage\":\"pl-PL\"},{\"@type\":\"Organization\",\"@id\":\"https:\\\/\\\/www.24gliwice.pl\\\/wiadomosci\\\/#organization\",\"name\":\"24gliwice\",\"url\":\"https:\\\/\\\/www.24gliwice.pl\\\/wiadomosci\\\/\",\"logo\":{\"@type\":\"ImageObject\",\"inLanguage\":\"pl-PL\",\"@id\":\"https:\\\/\\\/www.24gliwice.pl\\\/wiadomosci\\\/#\\\/schema\\\/logo\\\/image\\\/\",\"url\":\"https:\\\/\\\/www.24gliwice.pl\\\/wiadomosci\\\/wp-content\\\/uploads\\\/2024\\\/10\\\/24gliwice-logo-696.jpg\",\"contentUrl\":\"https:\\\/\\\/www.24gliwice.pl\\\/wiadomosci\\\/wp-content\\\/uploads\\\/2024\\\/10\\\/24gliwice-logo-696.jpg\",\"width\":696,\"height\":696,\"caption\":\"24gliwice\"},\"image\":{\"@id\":\"https:\\\/\\\/www.24gliwice.pl\\\/wiadomosci\\\/#\\\/schema\\\/logo\\\/image\\\/\"},\"sameAs\":[\"https:\\\/\\\/www.facebook.com\\\/24gliwice\",\"https:\\\/\\\/x.com\\\/24gliwice\",\"https:\\\/\\\/www.youtube.com\\\/@24gliwice\"]},{\"@type\":\"Person\",\"@id\":\"https:\\\/\\\/www.24gliwice.pl\\\/wiadomosci\\\/#\\\/schema\\\/person\\\/e42c650edd7f2fa332be3811fb166b6e\",\"name\":\"\u017baneta Mrozek-Siewierska\",\"image\":{\"@type\":\"ImageObject\",\"inLanguage\":\"pl-PL\",\"@id\":\"https:\\\/\\\/www.24gliwice.pl\\\/wiadomosci\\\/wp-content\\\/uploads\\\/2021\\\/11\\\/Zaneta-M_S-zdjecie-czb-96x96.jpg\",\"url\":\"https:\\\/\\\/www.24gliwice.pl\\\/wiadomosci\\\/wp-content\\\/uploads\\\/2021\\\/11\\\/Zaneta-M_S-zdjecie-czb-96x96.jpg\",\"contentUrl\":\"https:\\\/\\\/www.24gliwice.pl\\\/wiadomosci\\\/wp-content\\\/uploads\\\/2021\\\/11\\\/Zaneta-M_S-zdjecie-czb-96x96.jpg\",\"caption\":\"\u017baneta Mrozek-Siewierska\"},\"url\":\"https:\\\/\\\/www.24gliwice.pl\\\/wiadomosci\\\/author\\\/zms\\\/\"}]}<\/script>\n<!-- \/ Yoast SEO plugin. -->","yoast_head_json":{"title":"Wielkie otwarcie salonu Media Expert w Europie Centralnej. Sie\u0107 zapowiada du\u017ce promocje - 24GLIWICE - Portal Gliwice | codziennie nowe informacje","description":"Nowy salon Media Expert w czwartek, 27 pa\u017adziernika, zostanie otwarty w centrum handlowym Europa Centralna","robots":{"index":"index","follow":"follow","max-snippet":"max-snippet:-1","max-image-preview":"max-image-preview:large","max-video-preview":"max-video-preview:-1"},"canonical":"https:\/\/www.24gliwice.pl\/wiadomosci\/wielkie-otwarcie-salonu-media-expert-w-europie-centralnej-siec-zapowiada-duze-promocje\/","og_locale":"pl_PL","og_type":"article","og_title":"Wielkie otwarcie salonu Media Expert w Europie Centralnej. Sie\u0107 zapowiada du\u017ce promocje - 24GLIWICE - Portal Gliwice | codziennie nowe informacje","og_description":"Nowy salon Media Expert w czwartek, 27 pa\u017adziernika, zostanie otwarty w centrum handlowym Europa Centralna","og_url":"https:\/\/www.24gliwice.pl\/wiadomosci\/wielkie-otwarcie-salonu-media-expert-w-europie-centralnej-siec-zapowiada-duze-promocje\/","og_site_name":"24GLIWICE - Portal Gliwice | codziennie nowe informacje","article_publisher":"https:\/\/www.facebook.com\/24gliwice","article_published_time":"2022-10-26T16:27:01+00:00","article_modified_time":"2022-10-26T17:57:05+00:00","og_image":[{"width":810,"height":457,"url":"https:\/\/www.24gliwice.pl\/wiadomosci\/wp-content\/uploads\/2022\/10\/media-expert-e-europie-centralnej.jpg","type":"image\/jpeg"}],"author":"\u017baneta Mrozek-Siewierska","twitter_card":"summary_large_image","twitter_creator":"@24gliwice","twitter_site":"@24gliwice","twitter_misc":{"Napisane przez":"\u017baneta Mrozek-Siewierska","Szacowany czas czytania":"1 minuta"},"schema":{"@context":"https:\/\/schema.org","@graph":[{"@type":"Article","@id":"https:\/\/www.24gliwice.pl\/wiadomosci\/wielkie-otwarcie-salonu-media-expert-w-europie-centralnej-siec-zapowiada-duze-promocje\/#article","isPartOf":{"@id":"https:\/\/www.24gliwice.pl\/wiadomosci\/wielkie-otwarcie-salonu-media-expert-w-europie-centralnej-siec-zapowiada-duze-promocje\/"},"author":{"name":"\u017baneta Mrozek-Siewierska","@id":"https:\/\/www.24gliwice.pl\/wiadomosci\/#\/schema\/person\/e42c650edd7f2fa332be3811fb166b6e"},"headline":"Wielkie otwarcie salonu Media Expert w Europie Centralnej. Sie\u0107 zapowiada du\u017ce promocje","datePublished":"2022-10-26T16:27:01+00:00","dateModified":"2022-10-26T17:57:05+00:00","mainEntityOfPage":{"@id":"https:\/\/www.24gliwice.pl\/wiadomosci\/wielkie-otwarcie-salonu-media-expert-w-europie-centralnej-siec-zapowiada-duze-promocje\/"},"wordCount":298,"publisher":{"@id":"https:\/\/www.24gliwice.pl\/wiadomosci\/#organization"},"image":{"@id":"https:\/\/www.24gliwice.pl\/wiadomosci\/wielkie-otwarcie-salonu-media-expert-w-europie-centralnej-siec-zapowiada-duze-promocje\/#primaryimage"},"thumbnailUrl":"https:\/\/www.24gliwice.pl\/wiadomosci\/wp-content\/uploads\/2022\/10\/media-expert-e-europie-centralnej.jpg","keywords":["EUROPA CENTRALNA"],"articleSection":["Gliwice","Najnowsze wiadomo\u015bci"],"inLanguage":"pl-PL"},{"@type":"WebPage","@id":"https:\/\/www.24gliwice.pl\/wiadomosci\/wielkie-otwarcie-salonu-media-expert-w-europie-centralnej-siec-zapowiada-duze-promocje\/","url":"https:\/\/www.24gliwice.pl\/wiadomosci\/wielkie-otwarcie-salonu-media-expert-w-europie-centralnej-siec-zapowiada-duze-promocje\/","name":"Wielkie otwarcie salonu Media Expert w Europie Centralnej. Sie\u0107 zapowiada du\u017ce promocje - 24GLIWICE - Portal Gliwice | codziennie nowe informacje","isPartOf":{"@id":"https:\/\/www.24gliwice.pl\/wiadomosci\/#website"},"primaryImageOfPage":{"@id":"https:\/\/www.24gliwice.pl\/wiadomosci\/wielkie-otwarcie-salonu-media-expert-w-europie-centralnej-siec-zapowiada-duze-promocje\/#primaryimage"},"image":{"@id":"https:\/\/www.24gliwice.pl\/wiadomosci\/wielkie-otwarcie-salonu-media-expert-w-europie-centralnej-siec-zapowiada-duze-promocje\/#primaryimage"},"thumbnailUrl":"https:\/\/www.24gliwice.pl\/wiadomosci\/wp-content\/uploads\/2022\/10\/media-expert-e-europie-centralnej.jpg","datePublished":"2022-10-26T16:27:01+00:00","dateModified":"2022-10-26T17:57:05+00:00","description":"Nowy salon Media Expert w czwartek, 27 pa\u017adziernika, zostanie otwarty w centrum handlowym Europa Centralna","breadcrumb":{"@id":"https:\/\/www.24gliwice.pl\/wiadomosci\/wielkie-otwarcie-salonu-media-expert-w-europie-centralnej-siec-zapowiada-duze-promocje\/#breadcrumb"},"inLanguage":"pl-PL","potentialAction":[{"@type":"ReadAction","target":["https:\/\/www.24gliwice.pl\/wiadomosci\/wielkie-otwarcie-salonu-media-expert-w-europie-centralnej-siec-zapowiada-duze-promocje\/"]}]},{"@type":"ImageObject","inLanguage":"pl-PL","@id":"https:\/\/www.24gliwice.pl\/wiadomosci\/wielkie-otwarcie-salonu-media-expert-w-europie-centralnej-siec-zapowiada-duze-promocje\/#primaryimage","url":"https:\/\/www.24gliwice.pl\/wiadomosci\/wp-content\/uploads\/2022\/10\/media-expert-e-europie-centralnej.jpg","contentUrl":"https:\/\/www.24gliwice.pl\/wiadomosci\/wp-content\/uploads\/2022\/10\/media-expert-e-europie-centralnej.jpg","width":810,"height":457},{"@type":"BreadcrumbList","@id":"https:\/\/www.24gliwice.pl\/wiadomosci\/wielkie-otwarcie-salonu-media-expert-w-europie-centralnej-siec-zapowiada-duze-promocje\/#breadcrumb","itemListElement":[{"@type":"ListItem","position":1,"name":"Strona g\u0142\u00f3wna","item":"https:\/\/www.24gliwice.pl\/wiadomosci\/"},{"@type":"ListItem","position":2,"name":"Wielkie otwarcie salonu Media Expert w Europie Centralnej. Sie\u0107 zapowiada du\u017ce promocje"}]},{"@type":"WebSite","@id":"https:\/\/www.24gliwice.pl\/wiadomosci\/#website","url":"https:\/\/www.24gliwice.pl\/wiadomosci\/","name":"24GLIWICE - Portal Gliwice | codziennie nowe wiadomo\u015bci","description":"Portal Miejski Gliwice","publisher":{"@id":"https:\/\/www.24gliwice.pl\/wiadomosci\/#organization"},"potentialAction":[{"@type":"SearchAction","target":{"@type":"EntryPoint","urlTemplate":"https:\/\/www.24gliwice.pl\/wiadomosci\/?s={search_term_string}"},"query-input":{"@type":"PropertyValueSpecification","valueRequired":true,"valueName":"search_term_string"}}],"inLanguage":"pl-PL"},{"@type":"Organization","@id":"https:\/\/www.24gliwice.pl\/wiadomosci\/#organization","name":"24gliwice","url":"https:\/\/www.24gliwice.pl\/wiadomosci\/","logo":{"@type":"ImageObject","inLanguage":"pl-PL","@id":"https:\/\/www.24gliwice.pl\/wiadomosci\/#\/schema\/logo\/image\/","url":"https:\/\/www.24gliwice.pl\/wiadomosci\/wp-content\/uploads\/2024\/10\/24gliwice-logo-696.jpg","contentUrl":"https:\/\/www.24gliwice.pl\/wiadomosci\/wp-content\/uploads\/2024\/10\/24gliwice-logo-696.jpg","width":696,"height":696,"caption":"24gliwice"},"image":{"@id":"https:\/\/www.24gliwice.pl\/wiadomosci\/#\/schema\/logo\/image\/"},"sameAs":["https:\/\/www.facebook.com\/24gliwice","https:\/\/x.com\/24gliwice","https:\/\/www.youtube.com\/@24gliwice"]},{"@type":"Person","@id":"https:\/\/www.24gliwice.pl\/wiadomosci\/#\/schema\/person\/e42c650edd7f2fa332be3811fb166b6e","name":"\u017baneta Mrozek-Siewierska","image":{"@type":"ImageObject","inLanguage":"pl-PL","@id":"https:\/\/www.24gliwice.pl\/wiadomosci\/wp-content\/uploads\/2021\/11\/Zaneta-M_S-zdjecie-czb-96x96.jpg","url":"https:\/\/www.24gliwice.pl\/wiadomosci\/wp-content\/uploads\/2021\/11\/Zaneta-M_S-zdjecie-czb-96x96.jpg","contentUrl":"https:\/\/www.24gliwice.pl\/wiadomosci\/wp-content\/uploads\/2021\/11\/Zaneta-M_S-zdjecie-czb-96x96.jpg","caption":"\u017baneta Mrozek-Siewierska"},"url":"https:\/\/www.24gliwice.pl\/wiadomosci\/author\/zms\/"}]}},"_links":{"self":[{"href":"https:\/\/www.24gliwice.pl\/wiadomosci\/wp-json\/wp\/v2\/posts\/202541","targetHints":{"allow":["GET"]}}],"collection":[{"href":"https:\/\/www.24gliwice.pl\/wiadomosci\/wp-json\/wp\/v2\/posts"}],"about":[{"href":"https:\/\/www.24gliwice.pl\/wiadomosci\/wp-json\/wp\/v2\/types\/post"}],"author":[{"embeddable":true,"href":"https:\/\/www.24gliwice.pl\/wiadomosci\/wp-json\/wp\/v2\/users\/15"}],"replies":[{"embeddable":true,"href":"https:\/\/www.24gliwice.pl\/wiadomosci\/wp-json\/wp\/v2\/comments?post=202541"}],"version-history":[{"count":6,"href":"https:\/\/www.24gliwice.pl\/wiadomosci\/wp-json\/wp\/v2\/posts\/202541\/revisions"}],"predecessor-version":[{"id":202578,"href":"https:\/\/www.24gliwice.pl\/wiadomosci\/wp-json\/wp\/v2\/posts\/202541\/revisions\/202578"}],"wp:featuredmedia":[{"embeddable":true,"href":"https:\/\/www.24gliwice.pl\/wiadomosci\/wp-json\/wp\/v2\/media\/202567"}],"wp:attachment":[{"href":"https:\/\/www.24gliwice.pl\/wiadomosci\/wp-json\/wp\/v2\/media?parent=202541"}],"wp:term":[{"taxonomy":"category","embeddable":true,"href":"https:\/\/www.24gliwice.pl\/wiadomosci\/wp-json\/wp\/v2\/categories?post=202541"},{"taxonomy":"post_tag","embeddable":true,"href":"https:\/\/www.24gliwice.pl\/wiadomosci\/wp-json\/wp\/v2\/tags?post=202541"}],"curies":[{"name":"wp","href":"https:\/\/api.w.org\/{rel}","templated":true}]}}