{"id":202633,"date":"2022-10-28T01:19:12","date_gmt":"2022-10-27T23:19:12","guid":{"rendered":"https:\/\/www.24gliwice.pl\/wiadomosci\/?p=202633"},"modified":"2022-10-31T01:49:50","modified_gmt":"2022-10-31T00:49:50","slug":"pierwszy-przewodnik-po-centrum-przesiadkowym","status":"publish","type":"post","link":"https:\/\/www.24gliwice.pl\/wiadomosci\/pierwszy-przewodnik-po-centrum-przesiadkowym\/","title":{"rendered":"Pierwszy przewodnik po Centrum Przesiadkowym"},"content":{"rendered":"<h3>Ju\u017c w grudniu na ty\u0142ach gliwickiego dworca PKP zacznie bi\u0107 nowe komunikacyjne serce Gliwic. Nowoczesne Centrum Przesiadkowe z charakterystycznymi srebrnoszarymi \u201efalami\u201d zadasze\u0144 i odnowion\u0105 ponadstuletni\u0105 wie\u017c\u0105 ci\u015bnie\u0144 w tle po\u0142\u0105czy transport kolej\u0105 (w tym uruchamian\u0105 w perspektywie kilku lat Kolej\u0105 Metropolitaln\u0105) z systemem stacji autobus\u00f3w miejskich, regionalnych i mi\u0119dzynarodowych, oferuj\u0105c tak\u017ce wygodn\u0105 infrastruktur\u0119 rowerow\u0105 oraz zaplecze komercyjne. <\/h3>\n<p>&nbsp;<br \/>\nJak wkr\u00f3tce b\u0119dziemy porusza\u0107 si\u0119 po tym kompleksie, gdzie kupowa\u0107 bilety czy parkowa\u0107 auta \u2013 podpowiadamy na za\u0142\u0105czonej mapie i w informacjach poni\u017cej.<\/p>\n<p><strong><u>WA\u017bNE DLA ZMOTORYZOWANYCH<\/u>.<\/strong>\u00a0Na teren Centrum Przesiadkowego b\u0119dzie mo\u017cna wjecha\u0107 i wyjecha\u0107 od strony ronda im. Prezydenta Lecha Kaczy\u0144skiego (ulicami Toszeck\u0105 i Sk\u0142adow\u0105) oraz od ul. Tarnog\u00f3rskiej.<\/p>\n<p><strong>Tylko autobusy i inne pojazdy komunikacji zbiorowej oraz taks\u00f3wki b\u0119d\u0105 mog\u0142y przeje\u017cd\u017ca\u0107 przez ca\u0142y kompleks CP, z jednej strony na drug\u0105.<\/strong><\/p>\n<p><strong>Osoby przyje\u017cd\u017caj\u0105ce do Centrum Przesiadkowego samochodem b\u0119d\u0105 mog\u0142y dojecha\u0107 wy\u0142\u0105cznie do wyznaczonych po obu stronach kompleksu stref bezp\u0142atnych postoj\u00f3w b\u0105d\u017a chwilowych parking\u00f3w \u201ekiss &amp; ride\u201d (\u201euca\u0142uj i odjed\u017a\u201d).<\/strong>\u00a0Nie b\u0119dzie to system \u201epark &amp; ride\u201d \u2013 \u00a0te z regu\u0142y usytuowane s\u0105 na obrze\u017cach miast tak, aby nie generowa\u0107 utrudnie\u0144 w ruchu drogowym. St\u0105d te\u017c przemy\u015blana, ograniczona liczba miejsc parkingowych na terenie Centrum Przesiadkowego, kt\u00f3re znajduje si\u0119 w \u015bcis\u0142ym centrum miasta.<\/p>\n<p><strong><u>DLA PIESZYCH I ROWERZYST\u00d3W<\/u>.<\/strong>\u00a0Na teren Centrum Przesiadkowego b\u0119dzie prowadzi\u0142o kilka wej\u015b\u0107.\u00a0<strong>Od strony dworca PKP dostaniemy si\u0119 tam dworcowym tunelem, od kt\u00f3rego \u2013 za wej\u015bciem na peron 4 \u2013 odchodzi ju\u017c w lewo odnoga z nowym tunelem podziemnym.<\/strong>\u00a0Na razie jest on niedost\u0119pny dla mieszka\u0144c\u00f3w, a wej\u015bcie do niego przes\u0142ania wielkoformatowa reklama kompleksu. Tu\u017c przed wej\u015bciem stanie wkr\u00f3tce dotykowa tyflomapa ze schematem poruszania si\u0119 po CP, przeznaczona dla os\u00f3b niewidomych i s\u0142abowidz\u0105cych.<\/p>\n<h3>Z nowego tunelu poprowadz\u0105 na powierzchni\u0119 trzy wyj\u015bcia.\u00a0<\/h3>\n<p>Wybieraj\u0105c\u00a0<strong>pierwsze<\/strong>, trafimy na pocz\u0105tek strefy zadasze\u0144, a dok\u0142adniej rzecz ujmuj\u0105c na wysp\u0119 za trawiastym skwerem od strony ul. Tarnog\u00f3rskiej. To miejsce przygotowane na potrzeby rowerzyst\u00f3w \u2013 znajdziemy tam zamykany boks na 10 rower\u00f3w, wiat\u0119 na 24 rowery oraz stanowisko naprawy rower\u00f3w.\u00a0<strong>Drugim<\/strong>\u00a0wyj\u015bciem, po\u0142\u0105czonym z ruchomym chodnikiem (trawelatorem), przedostaniemy si\u0119 ju\u017c na teren kilkunastu peron\u00f3w autobusowych CP. Tam znajdziemy biletomat \u015aKUP i nast\u0119pn\u0105 tyflomap\u0119.\u00a0<strong>Trzecie<\/strong>\u00a0wyj\u015bcie z nowego tunelu podziemnego b\u0119dzie prowadzi\u0142o bezpo\u015brednio do g\u0142\u00f3wnego budynku obs\u0142ugi pasa\u017cerskiej, w kt\u00f3rym ma dzia\u0142a\u0107 punkt obs\u0142ugi podr\u00f3\u017cnych korzystaj\u0105cych z autobus\u00f3w miejskich, regionalnych i mi\u0119dzynarodowych. Osoby z niepe\u0142nosprawno\u015bciami wjad\u0105 z podziemia do budynku g\u0142\u00f3wnego (a z niego dostan\u0105 si\u0119 na teren CP) przeszklon\u0105 wind\u0105. W okolicy budynku znajd\u0105 si\u0119 2 kolejne tyflomapy i biletomat \u015aKUP.<\/p>\n<p><strong>Bezpo\u015brednio na teren CP poprowadzi te\u017c drugie wyj\u015bcie z tunelu dworcowego, vis-\u00e0-vis dotychczasowego wylotu na ul. Tarnog\u00f3rsk\u0105.<\/strong><\/p>\n<p><strong>Do Centrum Przesiadkowego dojdziemy tak\u017ce lub dojedziemy rowerem<\/strong>\u00a0<strong>traktami pieszo-rowerowymi<\/strong>\u00a0wiod\u0105cymi\u00a0<strong>od strony przebudowanych ulic Sk\u0142adowej i Toszeckiej, od strony ul. Tarnog\u00f3rskiej, a tak\u017ce nowym przej\u015bciem od strony ulic Kolberga i Udzieli<\/strong>. Z my\u015bl\u0105 o rowerzystach, od strony ul. Sk\u0142adowej stworzono wiaty na 42 i 10 rower\u00f3w oraz stanowisko naprawy rower\u00f3w.<\/p>\n<p><strong><u>WA\u017bNE DLA KORZYSTAJ\u0104CYCH Z AUTOBUS\u00d3W<\/u>.\u00a0<\/strong>Centrum Przesiadkowe b\u0119dzie obs\u0142ugiwa\u0142o zar\u00f3wno komunikacj\u0119 miejsk\u0105 i metropolitaln\u0105, jak i dalekobie\u017cn\u0105 oraz busy przewo\u017anik\u00f3w prywatnych. Dobiega ko\u0144ca ustalanie z Zarz\u0105dem Transportu Metropolitalnego liczby linii autobusowych obs\u0142uguj\u0105cych poszczeg\u00f3lne stanowiska peronowe ZTM na terenie CP. Pewne jest natomiast, \u017ce\u00a0<strong>stanowiska linii dalekobie\u017cnych i bus\u00f3w przewo\u017anik\u00f3w prywatnych ulokowane b\u0119d\u0105 na wydzielonych peronach od strony ul. Sk\u0142adowej<\/strong>.<\/p>\n<div id='gallery-1' class='vce-gallery gallery galleryid-202633 gallery-columns-4 gallery-size-vce-lay-b'><div class=\"vce-gallery-big\"><div class=\"big-gallery-item item-0\" >\n\t\t\t<div class='gallery-icon'>\n\t\t\t\t<a href='https:\/\/www.24gliwice.pl\/wiadomosci\/wp-content\/uploads\/2022\/10\/Plan_CENTRUM_PRZESIADKOWEGO_poprawione.jpg'><img loading=\"lazy\" decoding=\"async\" width=\"810\" height=\"497\" src=\"https:\/\/www.24gliwice.pl\/wiadomosci\/wp-content\/uploads\/2022\/10\/Plan_CENTRUM_PRZESIADKOWEGO_poprawione-810x497.jpg\" class=\"attachment-vce-lay-a size-vce-lay-a\" alt=\"\" srcset=\"https:\/\/www.24gliwice.pl\/wiadomosci\/wp-content\/uploads\/2022\/10\/Plan_CENTRUM_PRZESIADKOWEGO_poprawione-810x497.jpg 810w, https:\/\/www.24gliwice.pl\/wiadomosci\/wp-content\/uploads\/2022\/10\/Plan_CENTRUM_PRZESIADKOWEGO_poprawione-378x232.jpg 378w, https:\/\/www.24gliwice.pl\/wiadomosci\/wp-content\/uploads\/2022\/10\/Plan_CENTRUM_PRZESIADKOWEGO_poprawione-742x455.jpg 742w, https:\/\/www.24gliwice.pl\/wiadomosci\/wp-content\/uploads\/2022\/10\/Plan_CENTRUM_PRZESIADKOWEGO_poprawione-768x471.jpg 768w, https:\/\/www.24gliwice.pl\/wiadomosci\/wp-content\/uploads\/2022\/10\/Plan_CENTRUM_PRZESIADKOWEGO_poprawione-1536x942.jpg 1536w, https:\/\/www.24gliwice.pl\/wiadomosci\/wp-content\/uploads\/2022\/10\/Plan_CENTRUM_PRZESIADKOWEGO_poprawione-1140x699.jpg 1140w, https:\/\/www.24gliwice.pl\/wiadomosci\/wp-content\/uploads\/2022\/10\/Plan_CENTRUM_PRZESIADKOWEGO_poprawione.jpg 2000w\" sizes=\"auto, (max-width: 810px) 100vw, 810px\" \/><\/a>\n\t\t\t<\/div><\/div><div class=\"big-gallery-item item-1\" style=\"display:none;\">\n\t\t\t<div class='gallery-icon'>\n\t\t\t\t<a href='https:\/\/www.24gliwice.pl\/wiadomosci\/wp-content\/uploads\/2022\/10\/Otwieramy_Centrum_Przesiadkowe_2.jpg'><img loading=\"lazy\" decoding=\"async\" width=\"810\" height=\"608\" src=\"https:\/\/www.24gliwice.pl\/wiadomosci\/wp-content\/uploads\/2022\/10\/Otwieramy_Centrum_Przesiadkowe_2.jpg\" class=\"attachment-vce-lay-a size-vce-lay-a\" alt=\"\" srcset=\"https:\/\/www.24gliwice.pl\/wiadomosci\/wp-content\/uploads\/2022\/10\/Otwieramy_Centrum_Przesiadkowe_2.jpg 810w, https:\/\/www.24gliwice.pl\/wiadomosci\/wp-content\/uploads\/2022\/10\/Otwieramy_Centrum_Przesiadkowe_2-309x232.jpg 309w, https:\/\/www.24gliwice.pl\/wiadomosci\/wp-content\/uploads\/2022\/10\/Otwieramy_Centrum_Przesiadkowe_2-606x455.jpg 606w, https:\/\/www.24gliwice.pl\/wiadomosci\/wp-content\/uploads\/2022\/10\/Otwieramy_Centrum_Przesiadkowe_2-768x576.jpg 768w\" sizes=\"auto, (max-width: 810px) 100vw, 810px\" \/><\/a>\n\t\t\t<\/div>\n\t\t\t\t<figcaption class='wp-caption-text gallery-caption'>\n\t\t\t\tfot. R. Neumann \/ UM w Gliwicach\n\t\t\t\t<\/figcaption><\/div><div class=\"big-gallery-item item-2\" style=\"display:none;\">\n\t\t\t<div class='gallery-icon'>\n\t\t\t\t<a href='https:\/\/www.24gliwice.pl\/wiadomosci\/wp-content\/uploads\/2022\/10\/Otwieramy_Centrum_Przesiadkowe_1.jpg'><img loading=\"lazy\" decoding=\"async\" width=\"810\" height=\"455\" src=\"https:\/\/www.24gliwice.pl\/wiadomosci\/wp-content\/uploads\/2022\/10\/Otwieramy_Centrum_Przesiadkowe_1-810x455.jpg\" class=\"attachment-vce-lay-a size-vce-lay-a\" alt=\"\" srcset=\"https:\/\/www.24gliwice.pl\/wiadomosci\/wp-content\/uploads\/2022\/10\/Otwieramy_Centrum_Przesiadkowe_1-810x455.jpg 810w, https:\/\/www.24gliwice.pl\/wiadomosci\/wp-content\/uploads\/2022\/10\/Otwieramy_Centrum_Przesiadkowe_1-768x432.jpg 768w, https:\/\/www.24gliwice.pl\/wiadomosci\/wp-content\/uploads\/2022\/10\/Otwieramy_Centrum_Przesiadkowe_1.jpg 1140w\" sizes=\"auto, (max-width: 810px) 100vw, 810px\" \/><\/a>\n\t\t\t<\/div><\/div><\/div><div class=\"vce-gallery-slider\" data-columns=\"4\"><figure class='gallery-item' data-item='0'>\n\t\t\t<div class='gallery-icon landscape'>\n\t\t\t\t<a href='https:\/\/www.24gliwice.pl\/wiadomosci\/wp-content\/uploads\/2022\/10\/Plan_CENTRUM_PRZESIADKOWEGO_poprawione.jpg'><img loading=\"lazy\" decoding=\"async\" width=\"375\" height=\"195\" src=\"https:\/\/www.24gliwice.pl\/wiadomosci\/wp-content\/uploads\/2022\/10\/Plan_CENTRUM_PRZESIADKOWEGO_poprawione-375x195.jpg\" class=\"attachment-vce-lay-b size-vce-lay-b\" alt=\"\" \/><\/a>\n\t\t\t<\/div><\/figure><figure class='gallery-item' data-item='1'>\n\t\t\t<div class='gallery-icon landscape'>\n\t\t\t\t<a href='https:\/\/www.24gliwice.pl\/wiadomosci\/wp-content\/uploads\/2022\/10\/Otwieramy_Centrum_Przesiadkowe_2.jpg'><img loading=\"lazy\" decoding=\"async\" width=\"375\" height=\"195\" src=\"https:\/\/www.24gliwice.pl\/wiadomosci\/wp-content\/uploads\/2022\/10\/Otwieramy_Centrum_Przesiadkowe_2-375x195.jpg\" class=\"attachment-vce-lay-b size-vce-lay-b\" alt=\"\" \/><\/a>\n\t\t\t<\/div><\/figure><figure class='gallery-item' data-item='2'>\n\t\t\t<div class='gallery-icon landscape'>\n\t\t\t\t<a href='https:\/\/www.24gliwice.pl\/wiadomosci\/wp-content\/uploads\/2022\/10\/Otwieramy_Centrum_Przesiadkowe_1.jpg'><img loading=\"lazy\" decoding=\"async\" width=\"375\" height=\"195\" src=\"https:\/\/www.24gliwice.pl\/wiadomosci\/wp-content\/uploads\/2022\/10\/Otwieramy_Centrum_Przesiadkowe_1-375x195.jpg\" class=\"attachment-vce-lay-b size-vce-lay-b\" alt=\"\" \/><\/a>\n\t\t\t<\/div><\/figure><\/div><\/div>\n\n<p><small>opracowanie\/publikacja gliwice.eu<\/small><\/p>\n","protected":false},"excerpt":{"rendered":"<p>Ju\u017c w grudniu na ty\u0142ach gliwickiego dworca PKP zacznie bi\u0107 nowe komunikacyjne serce Gliwic. Nowoczesne Centrum Przesiadkowe z charakterystycznymi srebrnoszarymi \u201efalami\u201d zadasze\u0144 i odnowion\u0105 ponadstuletni\u0105 wie\u017c\u0105 ci\u015bnie\u0144 w tle po\u0142\u0105czy transport kolej\u0105 (w tym uruchamian\u0105 w perspektywie kilku lat Kolej\u0105 Metropolitaln\u0105) z systemem stacji autobus\u00f3w miejskich, regionalnych i mi\u0119dzynarodowych, oferuj\u0105c tak\u017ce wygodn\u0105 infrastruktur\u0119 rowerow\u0105 oraz [&hellip;]<\/p>\n","protected":false},"author":4,"featured_media":202637,"comment_status":"closed","ping_status":"closed","sticky":false,"template":"","format":"standard","meta":{"_monsterinsights_skip_tracking":false,"_monsterinsights_sitenote_active":false,"_monsterinsights_sitenote_note":"","_monsterinsights_sitenote_category":0,"footnotes":"","_links_to":"","_links_to_target":""},"categories":[3,1,1129],"tags":[748],"class_list":["post-202633","post","type-post","status-publish","format-standard","has-post-thumbnail","hentry","category-gliwice","category-wszystko","category-polecamy","tag-centrum-przesiadkowe"],"yoast_head":"<!-- This site is optimized with the Yoast SEO plugin v27.4 - https:\/\/yoast.com\/product\/yoast-seo-wordpress\/ -->\n<title>Pierwszy przewodnik po Centrum Przesiadkowym - 24GLIWICE - Portal Gliwice | codziennie nowe informacje<\/title>\n<meta name=\"robots\" content=\"index, follow, max-snippet:-1, max-image-preview:large, max-video-preview:-1\" \/>\n<link rel=\"canonical\" href=\"https:\/\/www.24gliwice.pl\/wiadomosci\/pierwszy-przewodnik-po-centrum-przesiadkowym\/\" \/>\n<meta property=\"og:locale\" content=\"pl_PL\" \/>\n<meta property=\"og:type\" content=\"article\" \/>\n<meta property=\"og:title\" content=\"Pierwszy przewodnik po Centrum Przesiadkowym - 24GLIWICE - Portal Gliwice | codziennie nowe informacje\" \/>\n<meta property=\"og:description\" content=\"Ju\u017c w grudniu na ty\u0142ach gliwickiego dworca PKP zacznie bi\u0107 nowe komunikacyjne serce Gliwic. Nowoczesne Centrum Przesiadkowe z charakterystycznymi srebrnoszarymi \u201efalami\u201d zadasze\u0144 i odnowion\u0105 ponadstuletni\u0105 wie\u017c\u0105 ci\u015bnie\u0144 w tle po\u0142\u0105czy transport kolej\u0105 (w tym uruchamian\u0105 w perspektywie kilku lat Kolej\u0105 Metropolitaln\u0105) z systemem stacji autobus\u00f3w miejskich, regionalnych i mi\u0119dzynarodowych, oferuj\u0105c tak\u017ce wygodn\u0105 infrastruktur\u0119 rowerow\u0105 oraz [&hellip;]\" \/>\n<meta property=\"og:url\" content=\"https:\/\/www.24gliwice.pl\/wiadomosci\/pierwszy-przewodnik-po-centrum-przesiadkowym\/\" \/>\n<meta property=\"og:site_name\" content=\"24GLIWICE - Portal Gliwice | codziennie nowe informacje\" \/>\n<meta property=\"article:publisher\" content=\"https:\/\/www.facebook.com\/24gliwice\" \/>\n<meta property=\"article:author\" content=\"https:\/\/www.facebook.com\/marcin.fabrykowski\" \/>\n<meta property=\"article:published_time\" content=\"2022-10-27T23:19:12+00:00\" \/>\n<meta property=\"article:modified_time\" content=\"2022-10-31T00:49:50+00:00\" \/>\n<meta property=\"og:image\" content=\"https:\/\/www.24gliwice.pl\/wiadomosci\/wp-content\/uploads\/2022\/10\/Otwieramy_Centrum_Przesiadkowe_1.jpg\" \/>\n\t<meta property=\"og:image:width\" content=\"1140\" \/>\n\t<meta property=\"og:image:height\" content=\"641\" \/>\n\t<meta property=\"og:image:type\" content=\"image\/jpeg\" \/>\n<meta name=\"author\" content=\"Marcin Fabrykowski\" \/>\n<meta name=\"twitter:card\" content=\"summary_large_image\" \/>\n<meta name=\"twitter:creator\" content=\"@24gliwice\" \/>\n<meta name=\"twitter:site\" content=\"@24gliwice\" \/>\n<meta name=\"twitter:label1\" content=\"Napisane przez\" \/>\n\t<meta name=\"twitter:data1\" content=\"Marcin Fabrykowski\" \/>\n\t<meta name=\"twitter:label2\" content=\"Szacowany czas czytania\" \/>\n\t<meta name=\"twitter:data2\" content=\"4 minuty\" \/>\n<script type=\"application\/ld+json\" class=\"yoast-schema-graph\">{\"@context\":\"https:\\\/\\\/schema.org\",\"@graph\":[{\"@type\":\"Article\",\"@id\":\"https:\\\/\\\/www.24gliwice.pl\\\/wiadomosci\\\/pierwszy-przewodnik-po-centrum-przesiadkowym\\\/#article\",\"isPartOf\":{\"@id\":\"https:\\\/\\\/www.24gliwice.pl\\\/wiadomosci\\\/pierwszy-przewodnik-po-centrum-przesiadkowym\\\/\"},\"author\":{\"name\":\"Marcin Fabrykowski\",\"@id\":\"https:\\\/\\\/www.24gliwice.pl\\\/wiadomosci\\\/#\\\/schema\\\/person\\\/cb5857e4a4d048c15984c1edcc8ef0c0\"},\"headline\":\"Pierwszy przewodnik po Centrum Przesiadkowym\",\"datePublished\":\"2022-10-27T23:19:12+00:00\",\"dateModified\":\"2022-10-31T00:49:50+00:00\",\"mainEntityOfPage\":{\"@id\":\"https:\\\/\\\/www.24gliwice.pl\\\/wiadomosci\\\/pierwszy-przewodnik-po-centrum-przesiadkowym\\\/\"},\"wordCount\":652,\"publisher\":{\"@id\":\"https:\\\/\\\/www.24gliwice.pl\\\/wiadomosci\\\/#organization\"},\"image\":{\"@id\":\"https:\\\/\\\/www.24gliwice.pl\\\/wiadomosci\\\/pierwszy-przewodnik-po-centrum-przesiadkowym\\\/#primaryimage\"},\"thumbnailUrl\":\"https:\\\/\\\/www.24gliwice.pl\\\/wiadomosci\\\/wp-content\\\/uploads\\\/2022\\\/10\\\/Otwieramy_Centrum_Przesiadkowe_1.jpg\",\"keywords\":[\"CENTRUM PRZESIADKOWE\"],\"articleSection\":[\"Gliwice\",\"Najnowsze wiadomo\u015bci\",\"Polecamy\"],\"inLanguage\":\"pl-PL\"},{\"@type\":\"WebPage\",\"@id\":\"https:\\\/\\\/www.24gliwice.pl\\\/wiadomosci\\\/pierwszy-przewodnik-po-centrum-przesiadkowym\\\/\",\"url\":\"https:\\\/\\\/www.24gliwice.pl\\\/wiadomosci\\\/pierwszy-przewodnik-po-centrum-przesiadkowym\\\/\",\"name\":\"Pierwszy przewodnik po Centrum Przesiadkowym - 24GLIWICE - Portal Gliwice | codziennie nowe informacje\",\"isPartOf\":{\"@id\":\"https:\\\/\\\/www.24gliwice.pl\\\/wiadomosci\\\/#website\"},\"primaryImageOfPage\":{\"@id\":\"https:\\\/\\\/www.24gliwice.pl\\\/wiadomosci\\\/pierwszy-przewodnik-po-centrum-przesiadkowym\\\/#primaryimage\"},\"image\":{\"@id\":\"https:\\\/\\\/www.24gliwice.pl\\\/wiadomosci\\\/pierwszy-przewodnik-po-centrum-przesiadkowym\\\/#primaryimage\"},\"thumbnailUrl\":\"https:\\\/\\\/www.24gliwice.pl\\\/wiadomosci\\\/wp-content\\\/uploads\\\/2022\\\/10\\\/Otwieramy_Centrum_Przesiadkowe_1.jpg\",\"datePublished\":\"2022-10-27T23:19:12+00:00\",\"dateModified\":\"2022-10-31T00:49:50+00:00\",\"breadcrumb\":{\"@id\":\"https:\\\/\\\/www.24gliwice.pl\\\/wiadomosci\\\/pierwszy-przewodnik-po-centrum-przesiadkowym\\\/#breadcrumb\"},\"inLanguage\":\"pl-PL\",\"potentialAction\":[{\"@type\":\"ReadAction\",\"target\":[\"https:\\\/\\\/www.24gliwice.pl\\\/wiadomosci\\\/pierwszy-przewodnik-po-centrum-przesiadkowym\\\/\"]}]},{\"@type\":\"ImageObject\",\"inLanguage\":\"pl-PL\",\"@id\":\"https:\\\/\\\/www.24gliwice.pl\\\/wiadomosci\\\/pierwszy-przewodnik-po-centrum-przesiadkowym\\\/#primaryimage\",\"url\":\"https:\\\/\\\/www.24gliwice.pl\\\/wiadomosci\\\/wp-content\\\/uploads\\\/2022\\\/10\\\/Otwieramy_Centrum_Przesiadkowe_1.jpg\",\"contentUrl\":\"https:\\\/\\\/www.24gliwice.pl\\\/wiadomosci\\\/wp-content\\\/uploads\\\/2022\\\/10\\\/Otwieramy_Centrum_Przesiadkowe_1.jpg\",\"width\":1140,\"height\":641},{\"@type\":\"BreadcrumbList\",\"@id\":\"https:\\\/\\\/www.24gliwice.pl\\\/wiadomosci\\\/pierwszy-przewodnik-po-centrum-przesiadkowym\\\/#breadcrumb\",\"itemListElement\":[{\"@type\":\"ListItem\",\"position\":1,\"name\":\"Strona g\u0142\u00f3wna\",\"item\":\"https:\\\/\\\/www.24gliwice.pl\\\/wiadomosci\\\/\"},{\"@type\":\"ListItem\",\"position\":2,\"name\":\"Pierwszy przewodnik po Centrum Przesiadkowym\"}]},{\"@type\":\"WebSite\",\"@id\":\"https:\\\/\\\/www.24gliwice.pl\\\/wiadomosci\\\/#website\",\"url\":\"https:\\\/\\\/www.24gliwice.pl\\\/wiadomosci\\\/\",\"name\":\"24GLIWICE - Portal Gliwice | codziennie nowe wiadomo\u015bci\",\"description\":\"Portal Miejski Gliwice\",\"publisher\":{\"@id\":\"https:\\\/\\\/www.24gliwice.pl\\\/wiadomosci\\\/#organization\"},\"potentialAction\":[{\"@type\":\"SearchAction\",\"target\":{\"@type\":\"EntryPoint\",\"urlTemplate\":\"https:\\\/\\\/www.24gliwice.pl\\\/wiadomosci\\\/?s={search_term_string}\"},\"query-input\":{\"@type\":\"PropertyValueSpecification\",\"valueRequired\":true,\"valueName\":\"search_term_string\"}}],\"inLanguage\":\"pl-PL\"},{\"@type\":\"Organization\",\"@id\":\"https:\\\/\\\/www.24gliwice.pl\\\/wiadomosci\\\/#organization\",\"name\":\"24gliwice\",\"url\":\"https:\\\/\\\/www.24gliwice.pl\\\/wiadomosci\\\/\",\"logo\":{\"@type\":\"ImageObject\",\"inLanguage\":\"pl-PL\",\"@id\":\"https:\\\/\\\/www.24gliwice.pl\\\/wiadomosci\\\/#\\\/schema\\\/logo\\\/image\\\/\",\"url\":\"https:\\\/\\\/www.24gliwice.pl\\\/wiadomosci\\\/wp-content\\\/uploads\\\/2024\\\/10\\\/24gliwice-logo-696.jpg\",\"contentUrl\":\"https:\\\/\\\/www.24gliwice.pl\\\/wiadomosci\\\/wp-content\\\/uploads\\\/2024\\\/10\\\/24gliwice-logo-696.jpg\",\"width\":696,\"height\":696,\"caption\":\"24gliwice\"},\"image\":{\"@id\":\"https:\\\/\\\/www.24gliwice.pl\\\/wiadomosci\\\/#\\\/schema\\\/logo\\\/image\\\/\"},\"sameAs\":[\"https:\\\/\\\/www.facebook.com\\\/24gliwice\",\"https:\\\/\\\/x.com\\\/24gliwice\",\"https:\\\/\\\/www.youtube.com\\\/@24gliwice\"]},{\"@type\":\"Person\",\"@id\":\"https:\\\/\\\/www.24gliwice.pl\\\/wiadomosci\\\/#\\\/schema\\\/person\\\/cb5857e4a4d048c15984c1edcc8ef0c0\",\"name\":\"Marcin Fabrykowski\",\"image\":{\"@type\":\"ImageObject\",\"inLanguage\":\"pl-PL\",\"@id\":\"https:\\\/\\\/www.24gliwice.pl\\\/wiadomosci\\\/wp-content\\\/uploads\\\/2025\\\/11\\\/zdjecie-moje-marcin-300-96x96.jpg\",\"url\":\"https:\\\/\\\/www.24gliwice.pl\\\/wiadomosci\\\/wp-content\\\/uploads\\\/2025\\\/11\\\/zdjecie-moje-marcin-300-96x96.jpg\",\"contentUrl\":\"https:\\\/\\\/www.24gliwice.pl\\\/wiadomosci\\\/wp-content\\\/uploads\\\/2025\\\/11\\\/zdjecie-moje-marcin-300-96x96.jpg\",\"caption\":\"Marcin Fabrykowski\"},\"sameAs\":[\"http:\\\/\\\/24gliwice.pl\",\"https:\\\/\\\/www.facebook.com\\\/marcin.fabrykowski\"],\"url\":\"https:\\\/\\\/www.24gliwice.pl\\\/wiadomosci\\\/author\\\/marcin-fabrykowski\\\/\"}]}<\/script>\n<!-- \/ Yoast SEO plugin. -->","yoast_head_json":{"title":"Pierwszy przewodnik po Centrum Przesiadkowym - 24GLIWICE - Portal Gliwice | codziennie nowe informacje","robots":{"index":"index","follow":"follow","max-snippet":"max-snippet:-1","max-image-preview":"max-image-preview:large","max-video-preview":"max-video-preview:-1"},"canonical":"https:\/\/www.24gliwice.pl\/wiadomosci\/pierwszy-przewodnik-po-centrum-przesiadkowym\/","og_locale":"pl_PL","og_type":"article","og_title":"Pierwszy przewodnik po Centrum Przesiadkowym - 24GLIWICE - Portal Gliwice | codziennie nowe informacje","og_description":"Ju\u017c w grudniu na ty\u0142ach gliwickiego dworca PKP zacznie bi\u0107 nowe komunikacyjne serce Gliwic. Nowoczesne Centrum Przesiadkowe z charakterystycznymi srebrnoszarymi \u201efalami\u201d zadasze\u0144 i odnowion\u0105 ponadstuletni\u0105 wie\u017c\u0105 ci\u015bnie\u0144 w tle po\u0142\u0105czy transport kolej\u0105 (w tym uruchamian\u0105 w perspektywie kilku lat Kolej\u0105 Metropolitaln\u0105) z systemem stacji autobus\u00f3w miejskich, regionalnych i mi\u0119dzynarodowych, oferuj\u0105c tak\u017ce wygodn\u0105 infrastruktur\u0119 rowerow\u0105 oraz [&hellip;]","og_url":"https:\/\/www.24gliwice.pl\/wiadomosci\/pierwszy-przewodnik-po-centrum-przesiadkowym\/","og_site_name":"24GLIWICE - Portal Gliwice | codziennie nowe informacje","article_publisher":"https:\/\/www.facebook.com\/24gliwice","article_author":"https:\/\/www.facebook.com\/marcin.fabrykowski","article_published_time":"2022-10-27T23:19:12+00:00","article_modified_time":"2022-10-31T00:49:50+00:00","og_image":[{"width":1140,"height":641,"url":"https:\/\/www.24gliwice.pl\/wiadomosci\/wp-content\/uploads\/2022\/10\/Otwieramy_Centrum_Przesiadkowe_1.jpg","type":"image\/jpeg"}],"author":"Marcin Fabrykowski","twitter_card":"summary_large_image","twitter_creator":"@24gliwice","twitter_site":"@24gliwice","twitter_misc":{"Napisane przez":"Marcin Fabrykowski","Szacowany czas czytania":"4 minuty"},"schema":{"@context":"https:\/\/schema.org","@graph":[{"@type":"Article","@id":"https:\/\/www.24gliwice.pl\/wiadomosci\/pierwszy-przewodnik-po-centrum-przesiadkowym\/#article","isPartOf":{"@id":"https:\/\/www.24gliwice.pl\/wiadomosci\/pierwszy-przewodnik-po-centrum-przesiadkowym\/"},"author":{"name":"Marcin Fabrykowski","@id":"https:\/\/www.24gliwice.pl\/wiadomosci\/#\/schema\/person\/cb5857e4a4d048c15984c1edcc8ef0c0"},"headline":"Pierwszy przewodnik po Centrum Przesiadkowym","datePublished":"2022-10-27T23:19:12+00:00","dateModified":"2022-10-31T00:49:50+00:00","mainEntityOfPage":{"@id":"https:\/\/www.24gliwice.pl\/wiadomosci\/pierwszy-przewodnik-po-centrum-przesiadkowym\/"},"wordCount":652,"publisher":{"@id":"https:\/\/www.24gliwice.pl\/wiadomosci\/#organization"},"image":{"@id":"https:\/\/www.24gliwice.pl\/wiadomosci\/pierwszy-przewodnik-po-centrum-przesiadkowym\/#primaryimage"},"thumbnailUrl":"https:\/\/www.24gliwice.pl\/wiadomosci\/wp-content\/uploads\/2022\/10\/Otwieramy_Centrum_Przesiadkowe_1.jpg","keywords":["CENTRUM PRZESIADKOWE"],"articleSection":["Gliwice","Najnowsze wiadomo\u015bci","Polecamy"],"inLanguage":"pl-PL"},{"@type":"WebPage","@id":"https:\/\/www.24gliwice.pl\/wiadomosci\/pierwszy-przewodnik-po-centrum-przesiadkowym\/","url":"https:\/\/www.24gliwice.pl\/wiadomosci\/pierwszy-przewodnik-po-centrum-przesiadkowym\/","name":"Pierwszy przewodnik po Centrum Przesiadkowym - 24GLIWICE - Portal Gliwice | codziennie nowe informacje","isPartOf":{"@id":"https:\/\/www.24gliwice.pl\/wiadomosci\/#website"},"primaryImageOfPage":{"@id":"https:\/\/www.24gliwice.pl\/wiadomosci\/pierwszy-przewodnik-po-centrum-przesiadkowym\/#primaryimage"},"image":{"@id":"https:\/\/www.24gliwice.pl\/wiadomosci\/pierwszy-przewodnik-po-centrum-przesiadkowym\/#primaryimage"},"thumbnailUrl":"https:\/\/www.24gliwice.pl\/wiadomosci\/wp-content\/uploads\/2022\/10\/Otwieramy_Centrum_Przesiadkowe_1.jpg","datePublished":"2022-10-27T23:19:12+00:00","dateModified":"2022-10-31T00:49:50+00:00","breadcrumb":{"@id":"https:\/\/www.24gliwice.pl\/wiadomosci\/pierwszy-przewodnik-po-centrum-przesiadkowym\/#breadcrumb"},"inLanguage":"pl-PL","potentialAction":[{"@type":"ReadAction","target":["https:\/\/www.24gliwice.pl\/wiadomosci\/pierwszy-przewodnik-po-centrum-przesiadkowym\/"]}]},{"@type":"ImageObject","inLanguage":"pl-PL","@id":"https:\/\/www.24gliwice.pl\/wiadomosci\/pierwszy-przewodnik-po-centrum-przesiadkowym\/#primaryimage","url":"https:\/\/www.24gliwice.pl\/wiadomosci\/wp-content\/uploads\/2022\/10\/Otwieramy_Centrum_Przesiadkowe_1.jpg","contentUrl":"https:\/\/www.24gliwice.pl\/wiadomosci\/wp-content\/uploads\/2022\/10\/Otwieramy_Centrum_Przesiadkowe_1.jpg","width":1140,"height":641},{"@type":"BreadcrumbList","@id":"https:\/\/www.24gliwice.pl\/wiadomosci\/pierwszy-przewodnik-po-centrum-przesiadkowym\/#breadcrumb","itemListElement":[{"@type":"ListItem","position":1,"name":"Strona g\u0142\u00f3wna","item":"https:\/\/www.24gliwice.pl\/wiadomosci\/"},{"@type":"ListItem","position":2,"name":"Pierwszy przewodnik po Centrum Przesiadkowym"}]},{"@type":"WebSite","@id":"https:\/\/www.24gliwice.pl\/wiadomosci\/#website","url":"https:\/\/www.24gliwice.pl\/wiadomosci\/","name":"24GLIWICE - Portal Gliwice | codziennie nowe wiadomo\u015bci","description":"Portal Miejski Gliwice","publisher":{"@id":"https:\/\/www.24gliwice.pl\/wiadomosci\/#organization"},"potentialAction":[{"@type":"SearchAction","target":{"@type":"EntryPoint","urlTemplate":"https:\/\/www.24gliwice.pl\/wiadomosci\/?s={search_term_string}"},"query-input":{"@type":"PropertyValueSpecification","valueRequired":true,"valueName":"search_term_string"}}],"inLanguage":"pl-PL"},{"@type":"Organization","@id":"https:\/\/www.24gliwice.pl\/wiadomosci\/#organization","name":"24gliwice","url":"https:\/\/www.24gliwice.pl\/wiadomosci\/","logo":{"@type":"ImageObject","inLanguage":"pl-PL","@id":"https:\/\/www.24gliwice.pl\/wiadomosci\/#\/schema\/logo\/image\/","url":"https:\/\/www.24gliwice.pl\/wiadomosci\/wp-content\/uploads\/2024\/10\/24gliwice-logo-696.jpg","contentUrl":"https:\/\/www.24gliwice.pl\/wiadomosci\/wp-content\/uploads\/2024\/10\/24gliwice-logo-696.jpg","width":696,"height":696,"caption":"24gliwice"},"image":{"@id":"https:\/\/www.24gliwice.pl\/wiadomosci\/#\/schema\/logo\/image\/"},"sameAs":["https:\/\/www.facebook.com\/24gliwice","https:\/\/x.com\/24gliwice","https:\/\/www.youtube.com\/@24gliwice"]},{"@type":"Person","@id":"https:\/\/www.24gliwice.pl\/wiadomosci\/#\/schema\/person\/cb5857e4a4d048c15984c1edcc8ef0c0","name":"Marcin Fabrykowski","image":{"@type":"ImageObject","inLanguage":"pl-PL","@id":"https:\/\/www.24gliwice.pl\/wiadomosci\/wp-content\/uploads\/2025\/11\/zdjecie-moje-marcin-300-96x96.jpg","url":"https:\/\/www.24gliwice.pl\/wiadomosci\/wp-content\/uploads\/2025\/11\/zdjecie-moje-marcin-300-96x96.jpg","contentUrl":"https:\/\/www.24gliwice.pl\/wiadomosci\/wp-content\/uploads\/2025\/11\/zdjecie-moje-marcin-300-96x96.jpg","caption":"Marcin Fabrykowski"},"sameAs":["http:\/\/24gliwice.pl","https:\/\/www.facebook.com\/marcin.fabrykowski"],"url":"https:\/\/www.24gliwice.pl\/wiadomosci\/author\/marcin-fabrykowski\/"}]}},"_links":{"self":[{"href":"https:\/\/www.24gliwice.pl\/wiadomosci\/wp-json\/wp\/v2\/posts\/202633","targetHints":{"allow":["GET"]}}],"collection":[{"href":"https:\/\/www.24gliwice.pl\/wiadomosci\/wp-json\/wp\/v2\/posts"}],"about":[{"href":"https:\/\/www.24gliwice.pl\/wiadomosci\/wp-json\/wp\/v2\/types\/post"}],"author":[{"embeddable":true,"href":"https:\/\/www.24gliwice.pl\/wiadomosci\/wp-json\/wp\/v2\/users\/4"}],"replies":[{"embeddable":true,"href":"https:\/\/www.24gliwice.pl\/wiadomosci\/wp-json\/wp\/v2\/comments?post=202633"}],"version-history":[{"count":7,"href":"https:\/\/www.24gliwice.pl\/wiadomosci\/wp-json\/wp\/v2\/posts\/202633\/revisions"}],"predecessor-version":[{"id":202648,"href":"https:\/\/www.24gliwice.pl\/wiadomosci\/wp-json\/wp\/v2\/posts\/202633\/revisions\/202648"}],"wp:featuredmedia":[{"embeddable":true,"href":"https:\/\/www.24gliwice.pl\/wiadomosci\/wp-json\/wp\/v2\/media\/202637"}],"wp:attachment":[{"href":"https:\/\/www.24gliwice.pl\/wiadomosci\/wp-json\/wp\/v2\/media?parent=202633"}],"wp:term":[{"taxonomy":"category","embeddable":true,"href":"https:\/\/www.24gliwice.pl\/wiadomosci\/wp-json\/wp\/v2\/categories?post=202633"},{"taxonomy":"post_tag","embeddable":true,"href":"https:\/\/www.24gliwice.pl\/wiadomosci\/wp-json\/wp\/v2\/tags?post=202633"}],"curies":[{"name":"wp","href":"https:\/\/api.w.org\/{rel}","templated":true}]}}