{"id":202634,"date":"2022-10-27T13:26:18","date_gmt":"2022-10-27T11:26:18","guid":{"rendered":"https:\/\/www.24gliwice.pl\/wiadomosci\/?p=202634"},"modified":"2024-08-20T01:57:06","modified_gmt":"2024-08-19T23:57:06","slug":"zmiany-w-sztabie-trenerskim-piasta-gliwice-fornalik-juz-poza-klubem-znamy-nazwisko-nowego-szkoleniowca","status":"publish","type":"post","link":"https:\/\/www.24gliwice.pl\/wiadomosci\/zmiany-w-sztabie-trenerskim-piasta-gliwice-fornalik-juz-poza-klubem-znamy-nazwisko-nowego-szkoleniowca\/","title":{"rendered":"Zmiany w sztabie trenerskim Piasta Gliwice. Fornalik ju\u017c poza klubem. Znamy nazwisko nowego szkoleniowca"},"content":{"rendered":"<div class=\"gliwi-a6-nad-leadem-artykulow gliwi-entity-placement\" id=\"gliwi-1516262428\"><div class=\"gliwi-adlabel\"><span style=\"font-size: 9px\">REKLAMA<\/span><\/div><div id=\"gliwi-2603185620\" style=\"margin-bottom: 25px;margin-left: auto;margin-right: auto;text-align: center;\"><a data-no-instant=\"1\" href=\"https:\/\/dom100.eu\/\" rel=\"noopener\" class=\"a2t-link\" target=\"_blank\" aria-label=\"20260415 DOM100 D\"><img loading=\"lazy\" decoding=\"async\" src=\"https:\/\/www.24gliwice.pl\/wiadomosci\/wp-content\/uploads\/2026\/04\/20260415-DOM100-D.jpg\" alt=\"\"  srcset=\"https:\/\/www.24gliwice.pl\/wiadomosci\/wp-content\/uploads\/2026\/04\/20260415-DOM100-D.jpg 750w, https:\/\/www.24gliwice.pl\/wiadomosci\/wp-content\/uploads\/2026\/04\/20260415-DOM100-D-410x109.jpg 410w\" sizes=\"(max-width: 750px) 100vw, 750px\" class=\"no-lazyload\" width=\"750\" height=\"200\"  style=\"display: inline-block; max-width: 100%; height: auto;\" \/><\/a><\/div><\/div><h2>Waldemar Fornalik przesta\u0142 pe\u0142ni\u0107 obowi\u0105zki pierwszego szkoleniowca Piasta Gliwice. Z klubem po\u017cegna\u0142 si\u0119 te\u017c jego brat, Tomasz, pe\u0142ni\u0105cy funkcj\u0119 asystenta. W czwartek og\u0142oszono nowego trenera dru\u017cyny, zosta\u0142 nim Aleksandar Vukovi\u0107.<\/h2>\n<p>&nbsp;<br \/>\n<strong>Waldemar Fornalik<\/strong> trafi\u0142 na Okrzei 20 we wrze\u015bniu 2017 roku. W trakcie swojej pi\u0119cioletniej pracy w Gliwicach zosta\u0142 najbardziej utytu\u0142owanym szkoleniowcem klubu, prowadz\u0105c Niebiesko-Czerwonych do historycznych sukces\u00f3w &#8211; mistrzostwa Polski w 2019 oraz br\u0105zowego medalu w 2020 roku. <\/p>\n<h4>Jest nowy trener Piasta<\/h4>\n<p><a href=\"https:\/\/www.24gliwice.pl\/wiadomosci\/wp-content\/uploads\/2022\/10\/nowy-trener-piasta.jpg\"><img loading=\"lazy\" decoding=\"async\" src=\"https:\/\/www.24gliwice.pl\/wiadomosci\/wp-content\/uploads\/2022\/10\/nowy-trener-piasta.jpg\" alt=\"\" width=\"810\" height=\"539\" class=\"alignnone size-full wp-image-202650\" srcset=\"https:\/\/www.24gliwice.pl\/wiadomosci\/wp-content\/uploads\/2022\/10\/nowy-trener-piasta.jpg 810w, https:\/\/www.24gliwice.pl\/wiadomosci\/wp-content\/uploads\/2022\/10\/nowy-trener-piasta-349x232.jpg 349w, https:\/\/www.24gliwice.pl\/wiadomosci\/wp-content\/uploads\/2022\/10\/nowy-trener-piasta-684x455.jpg 684w, https:\/\/www.24gliwice.pl\/wiadomosci\/wp-content\/uploads\/2022\/10\/nowy-trener-piasta-768x511.jpg 768w\" sizes=\"auto, (max-width: 810px) 100vw, 810px\" \/><\/a><\/p>\n<p>Informacj\u0119 o rozstaniu Fornalika z klubem niebiesko-czerwonych podano w czwartek, 27 pa\u017adziernika, cho\u0107 trener przesta\u0142 pe\u0142ni\u0107 obowi\u0105zki szkoleniowca przy ul. Okrzei ju\u017c we wtorek. Wkr\u00f3tce potem opublikowano komunikat, w kt\u00f3rym podano, \u017ce funkcj\u0119 t\u0119 b\u0119dzie teraz pe\u0142ni\u0107 Serb, <strong>Aleksandar Vukovi\u0107<\/strong>, kt\u00f3ry wcze\u015bniej zwi\u0105zany by\u0142 z Legi\u0105 Warszawa. <\/p><div class=\"gliwi-a3-w-tresci-artykulow gliwi-entity-placement\" id=\"gliwi-1751777451\"><div class=\"gliwi-adlabel\"><span style=\"font-size: 9px\">REKLAMA<\/span><\/div><div id=\"gliwi-949022360\" style=\"margin-bottom: 30px;margin-left: auto;margin-right: auto;text-align: center;\"><a data-no-instant=\"1\" href=\"https:\/\/ogrodyandersa.pl\/\" rel=\"noopener\" class=\"a2t-link\" target=\"_blank\" aria-label=\"20260415 Ogrody Andersa KUP TERAZ D\"><img loading=\"lazy\" decoding=\"async\" src=\"https:\/\/www.24gliwice.pl\/wiadomosci\/wp-content\/uploads\/2026\/04\/20260415-Ogrody-Andersa-KUP-TERAZ-D.jpg\" alt=\"\"  srcset=\"https:\/\/www.24gliwice.pl\/wiadomosci\/wp-content\/uploads\/2026\/04\/20260415-Ogrody-Andersa-KUP-TERAZ-D.jpg 750w, https:\/\/www.24gliwice.pl\/wiadomosci\/wp-content\/uploads\/2026\/04\/20260415-Ogrody-Andersa-KUP-TERAZ-D-410x109.jpg 410w\" sizes=\"(max-width: 750px) 100vw, 750px\" class=\"no-lazyload\" width=\"750\" height=\"200\"  style=\"display: inline-block; max-width: 100%; height: auto;\" \/><\/a><\/div><\/div>\n<blockquote><p><em>43-letni szkoleniowiec zwi\u0105za\u0142 si\u0119 z Niebiesko-Czerwonymi umow\u0105 obowi\u0105zuj\u0105c\u0105 do 30 czerwca 2024 roku. W kontrakcie zapisano opcj\u0119 przed\u0142u\u017cenia go o kolejne 12 miesi\u0119cy<\/em> <\/p><\/blockquote>\n<p>&#8211; czytamy na stronie Piasta. <\/p>\n<p>Asystentem trenera Aleksandara Vukovicia b\u0119dzie <strong>Aleksandar Radunovi\u0107<\/strong>, kt\u00f3ry wsp\u00f3\u0142pracowa\u0142 z nowym szkoleniowcem Piasta w Legii Warszawa. Do sztabu Niebiesko-Czerwonych do\u0142\u0105czy r\u00f3wnie\u017c trener przygotowania fizycznego<strong> Piotr Zar\u0119ba.<\/strong><\/p>\n<p>(\u017cms)\/Piast Gliwice<br \/>\nfot. Piast Gliwice <\/p>\n<div class=\"gliwi-a5-na-koncu-artykulow gliwi-entity-placement\" id=\"gliwi-4207134578\"><div class=\"gliwi-adlabel\"><span style=\"font-size: 9px\">REKLAMA<\/span><\/div><div id=\"gliwi-1559262917\" style=\"margin-left: auto;margin-right: auto;text-align: center;\"><a data-no-instant=\"1\" href=\"https:\/\/prezeroarenagliwice.pl\/\" rel=\"noopener\" class=\"a2t-link\" target=\"_blank\" aria-label=\"20260309-PREZERO-WIOSNA-D\"><img loading=\"lazy\" decoding=\"async\" src=\"https:\/\/www.24gliwice.pl\/wiadomosci\/wp-content\/uploads\/2026\/03\/20260309-PREZERO-WIOSNA-D.webp\" alt=\"\"  srcset=\"https:\/\/www.24gliwice.pl\/wiadomosci\/wp-content\/uploads\/2026\/03\/20260309-PREZERO-WIOSNA-D.webp 750w, https:\/\/www.24gliwice.pl\/wiadomosci\/wp-content\/uploads\/2026\/03\/20260309-PREZERO-WIOSNA-D-410x109.webp 410w\" sizes=\"(max-width: 750px) 100vw, 750px\" class=\"no-lazyload\" width=\"750\" height=\"200\"  style=\"display: inline-block; max-width: 100%; height: auto;\" \/><\/a><\/div><\/div>","protected":false},"excerpt":{"rendered":"<p>Waldemar Fornalik przesta\u0142 pe\u0142ni\u0107 obowi\u0105zki pierwszego szkoleniowca Piasta Gliwice. Z klubem po\u017cegna\u0142 si\u0119 te\u017c jego brat, Tomasz, pe\u0142ni\u0105cy funkcj\u0119 asystenta. W czwartek og\u0142oszono nowego trenera dru\u017cyny, zosta\u0142 nim Aleksandar Vukovi\u0107. &nbsp; Waldemar Fornalik trafi\u0142 na Okrzei 20 we wrze\u015bniu 2017 roku. W trakcie swojej pi\u0119cioletniej pracy w Gliwicach zosta\u0142 najbardziej utytu\u0142owanym szkoleniowcem klubu, prowadz\u0105c Niebiesko-Czerwonych [&hellip;]<\/p>\n","protected":false},"author":15,"featured_media":148672,"comment_status":"open","ping_status":"closed","sticky":false,"template":"","format":"standard","meta":{"_monsterinsights_skip_tracking":false,"_monsterinsights_sitenote_active":false,"_monsterinsights_sitenote_note":"","_monsterinsights_sitenote_category":0,"footnotes":"","_links_to":"","_links_to_target":""},"categories":[3,1,23842],"tags":[],"class_list":["post-202634","post","type-post","status-publish","format-standard","has-post-thumbnail","hentry","category-gliwice","category-wszystko","category-sport_gliwice"],"yoast_head":"<!-- This site is optimized with the Yoast SEO plugin v27.4 - https:\/\/yoast.com\/product\/yoast-seo-wordpress\/ -->\n<title>Zmiany w sztabie trenerskim Piasta Gliwice. Fornalik ju\u017c poza klubem. Znamy nazwisko nowego szkoleniowca - 24GLIWICE - Portal Gliwice | codziennie nowe informacje<\/title>\n<meta name=\"description\" content=\"Piast Gliwice ma nowego trenera, zosta\u0142 nim 42-letni Aleksandar Vukovi\u0107. R\u00f3wnocze\u015bnie ze sztabem trenerskim po\u017cegna\u0142 si\u0119 Waldemar Fornalik\" \/>\n<meta name=\"robots\" content=\"index, follow, max-snippet:-1, max-image-preview:large, max-video-preview:-1\" \/>\n<link rel=\"canonical\" href=\"https:\/\/www.24gliwice.pl\/wiadomosci\/zmiany-w-sztabie-trenerskim-piasta-gliwice-fornalik-juz-poza-klubem-znamy-nazwisko-nowego-szkoleniowca\/\" \/>\n<meta property=\"og:locale\" content=\"pl_PL\" \/>\n<meta property=\"og:type\" content=\"article\" \/>\n<meta property=\"og:title\" content=\"Zmiany w sztabie trenerskim Piasta Gliwice. Fornalik ju\u017c poza klubem. Znamy nazwisko nowego szkoleniowca - 24GLIWICE - Portal Gliwice | codziennie nowe informacje\" \/>\n<meta property=\"og:description\" content=\"Piast Gliwice ma nowego trenera, zosta\u0142 nim 42-letni Aleksandar Vukovi\u0107. R\u00f3wnocze\u015bnie ze sztabem trenerskim po\u017cegna\u0142 si\u0119 Waldemar Fornalik\" \/>\n<meta property=\"og:url\" content=\"https:\/\/www.24gliwice.pl\/wiadomosci\/zmiany-w-sztabie-trenerskim-piasta-gliwice-fornalik-juz-poza-klubem-znamy-nazwisko-nowego-szkoleniowca\/\" \/>\n<meta property=\"og:site_name\" content=\"24GLIWICE - Portal Gliwice | codziennie nowe informacje\" \/>\n<meta property=\"article:publisher\" content=\"https:\/\/www.facebook.com\/24gliwice\" \/>\n<meta property=\"article:published_time\" content=\"2022-10-27T11:26:18+00:00\" \/>\n<meta property=\"article:modified_time\" content=\"2024-08-19T23:57:06+00:00\" \/>\n<meta property=\"og:image\" content=\"https:\/\/www.24gliwice.pl\/wiadomosci\/wp-content\/uploads\/2020\/03\/stadion-piast.jpg\" \/>\n\t<meta property=\"og:image:width\" content=\"810\" \/>\n\t<meta property=\"og:image:height\" content=\"456\" \/>\n\t<meta property=\"og:image:type\" content=\"image\/jpeg\" \/>\n<meta name=\"author\" content=\"\u017baneta Mrozek-Siewierska\" \/>\n<meta name=\"twitter:card\" content=\"summary_large_image\" \/>\n<meta name=\"twitter:creator\" content=\"@24gliwice\" \/>\n<meta name=\"twitter:site\" content=\"@24gliwice\" \/>\n<meta name=\"twitter:label1\" content=\"Napisane przez\" \/>\n\t<meta name=\"twitter:data1\" content=\"\u017baneta Mrozek-Siewierska\" \/>\n\t<meta name=\"twitter:label2\" content=\"Szacowany czas czytania\" \/>\n\t<meta name=\"twitter:data2\" content=\"1 minuta\" \/>\n<script type=\"application\/ld+json\" class=\"yoast-schema-graph\">{\"@context\":\"https:\\\/\\\/schema.org\",\"@graph\":[{\"@type\":\"Article\",\"@id\":\"https:\\\/\\\/www.24gliwice.pl\\\/wiadomosci\\\/zmiany-w-sztabie-trenerskim-piasta-gliwice-fornalik-juz-poza-klubem-znamy-nazwisko-nowego-szkoleniowca\\\/#article\",\"isPartOf\":{\"@id\":\"https:\\\/\\\/www.24gliwice.pl\\\/wiadomosci\\\/zmiany-w-sztabie-trenerskim-piasta-gliwice-fornalik-juz-poza-klubem-znamy-nazwisko-nowego-szkoleniowca\\\/\"},\"author\":{\"name\":\"\u017baneta Mrozek-Siewierska\",\"@id\":\"https:\\\/\\\/www.24gliwice.pl\\\/wiadomosci\\\/#\\\/schema\\\/person\\\/e42c650edd7f2fa332be3811fb166b6e\"},\"headline\":\"Zmiany w sztabie trenerskim Piasta Gliwice. Fornalik ju\u017c poza klubem. Znamy nazwisko nowego szkoleniowca\",\"datePublished\":\"2022-10-27T11:26:18+00:00\",\"dateModified\":\"2024-08-19T23:57:06+00:00\",\"mainEntityOfPage\":{\"@id\":\"https:\\\/\\\/www.24gliwice.pl\\\/wiadomosci\\\/zmiany-w-sztabie-trenerskim-piasta-gliwice-fornalik-juz-poza-klubem-znamy-nazwisko-nowego-szkoleniowca\\\/\"},\"wordCount\":221,\"commentCount\":0,\"publisher\":{\"@id\":\"https:\\\/\\\/www.24gliwice.pl\\\/wiadomosci\\\/#organization\"},\"image\":{\"@id\":\"https:\\\/\\\/www.24gliwice.pl\\\/wiadomosci\\\/zmiany-w-sztabie-trenerskim-piasta-gliwice-fornalik-juz-poza-klubem-znamy-nazwisko-nowego-szkoleniowca\\\/#primaryimage\"},\"thumbnailUrl\":\"https:\\\/\\\/www.24gliwice.pl\\\/wiadomosci\\\/wp-content\\\/uploads\\\/2020\\\/03\\\/stadion-piast.jpg\",\"articleSection\":[\"Gliwice\",\"Najnowsze wiadomo\u015bci\",\"Sport\"],\"inLanguage\":\"pl-PL\",\"potentialAction\":[{\"@type\":\"CommentAction\",\"name\":\"Comment\",\"target\":[\"https:\\\/\\\/www.24gliwice.pl\\\/wiadomosci\\\/zmiany-w-sztabie-trenerskim-piasta-gliwice-fornalik-juz-poza-klubem-znamy-nazwisko-nowego-szkoleniowca\\\/#respond\"]}]},{\"@type\":\"WebPage\",\"@id\":\"https:\\\/\\\/www.24gliwice.pl\\\/wiadomosci\\\/zmiany-w-sztabie-trenerskim-piasta-gliwice-fornalik-juz-poza-klubem-znamy-nazwisko-nowego-szkoleniowca\\\/\",\"url\":\"https:\\\/\\\/www.24gliwice.pl\\\/wiadomosci\\\/zmiany-w-sztabie-trenerskim-piasta-gliwice-fornalik-juz-poza-klubem-znamy-nazwisko-nowego-szkoleniowca\\\/\",\"name\":\"Zmiany w sztabie trenerskim Piasta Gliwice. Fornalik ju\u017c poza klubem. Znamy nazwisko nowego szkoleniowca - 24GLIWICE - Portal Gliwice | codziennie nowe informacje\",\"isPartOf\":{\"@id\":\"https:\\\/\\\/www.24gliwice.pl\\\/wiadomosci\\\/#website\"},\"primaryImageOfPage\":{\"@id\":\"https:\\\/\\\/www.24gliwice.pl\\\/wiadomosci\\\/zmiany-w-sztabie-trenerskim-piasta-gliwice-fornalik-juz-poza-klubem-znamy-nazwisko-nowego-szkoleniowca\\\/#primaryimage\"},\"image\":{\"@id\":\"https:\\\/\\\/www.24gliwice.pl\\\/wiadomosci\\\/zmiany-w-sztabie-trenerskim-piasta-gliwice-fornalik-juz-poza-klubem-znamy-nazwisko-nowego-szkoleniowca\\\/#primaryimage\"},\"thumbnailUrl\":\"https:\\\/\\\/www.24gliwice.pl\\\/wiadomosci\\\/wp-content\\\/uploads\\\/2020\\\/03\\\/stadion-piast.jpg\",\"datePublished\":\"2022-10-27T11:26:18+00:00\",\"dateModified\":\"2024-08-19T23:57:06+00:00\",\"description\":\"Piast Gliwice ma nowego trenera, zosta\u0142 nim 42-letni Aleksandar Vukovi\u0107. R\u00f3wnocze\u015bnie ze sztabem trenerskim po\u017cegna\u0142 si\u0119 Waldemar Fornalik\",\"breadcrumb\":{\"@id\":\"https:\\\/\\\/www.24gliwice.pl\\\/wiadomosci\\\/zmiany-w-sztabie-trenerskim-piasta-gliwice-fornalik-juz-poza-klubem-znamy-nazwisko-nowego-szkoleniowca\\\/#breadcrumb\"},\"inLanguage\":\"pl-PL\",\"potentialAction\":[{\"@type\":\"ReadAction\",\"target\":[\"https:\\\/\\\/www.24gliwice.pl\\\/wiadomosci\\\/zmiany-w-sztabie-trenerskim-piasta-gliwice-fornalik-juz-poza-klubem-znamy-nazwisko-nowego-szkoleniowca\\\/\"]}]},{\"@type\":\"ImageObject\",\"inLanguage\":\"pl-PL\",\"@id\":\"https:\\\/\\\/www.24gliwice.pl\\\/wiadomosci\\\/zmiany-w-sztabie-trenerskim-piasta-gliwice-fornalik-juz-poza-klubem-znamy-nazwisko-nowego-szkoleniowca\\\/#primaryimage\",\"url\":\"https:\\\/\\\/www.24gliwice.pl\\\/wiadomosci\\\/wp-content\\\/uploads\\\/2020\\\/03\\\/stadion-piast.jpg\",\"contentUrl\":\"https:\\\/\\\/www.24gliwice.pl\\\/wiadomosci\\\/wp-content\\\/uploads\\\/2020\\\/03\\\/stadion-piast.jpg\",\"width\":810,\"height\":456},{\"@type\":\"BreadcrumbList\",\"@id\":\"https:\\\/\\\/www.24gliwice.pl\\\/wiadomosci\\\/zmiany-w-sztabie-trenerskim-piasta-gliwice-fornalik-juz-poza-klubem-znamy-nazwisko-nowego-szkoleniowca\\\/#breadcrumb\",\"itemListElement\":[{\"@type\":\"ListItem\",\"position\":1,\"name\":\"Strona g\u0142\u00f3wna\",\"item\":\"https:\\\/\\\/www.24gliwice.pl\\\/wiadomosci\\\/\"},{\"@type\":\"ListItem\",\"position\":2,\"name\":\"Zmiany w sztabie trenerskim Piasta Gliwice. Fornalik ju\u017c poza klubem. Znamy nazwisko nowego szkoleniowca\"}]},{\"@type\":\"WebSite\",\"@id\":\"https:\\\/\\\/www.24gliwice.pl\\\/wiadomosci\\\/#website\",\"url\":\"https:\\\/\\\/www.24gliwice.pl\\\/wiadomosci\\\/\",\"name\":\"24GLIWICE - Portal Gliwice | codziennie nowe wiadomo\u015bci\",\"description\":\"Portal Miejski Gliwice\",\"publisher\":{\"@id\":\"https:\\\/\\\/www.24gliwice.pl\\\/wiadomosci\\\/#organization\"},\"potentialAction\":[{\"@type\":\"SearchAction\",\"target\":{\"@type\":\"EntryPoint\",\"urlTemplate\":\"https:\\\/\\\/www.24gliwice.pl\\\/wiadomosci\\\/?s={search_term_string}\"},\"query-input\":{\"@type\":\"PropertyValueSpecification\",\"valueRequired\":true,\"valueName\":\"search_term_string\"}}],\"inLanguage\":\"pl-PL\"},{\"@type\":\"Organization\",\"@id\":\"https:\\\/\\\/www.24gliwice.pl\\\/wiadomosci\\\/#organization\",\"name\":\"24gliwice\",\"url\":\"https:\\\/\\\/www.24gliwice.pl\\\/wiadomosci\\\/\",\"logo\":{\"@type\":\"ImageObject\",\"inLanguage\":\"pl-PL\",\"@id\":\"https:\\\/\\\/www.24gliwice.pl\\\/wiadomosci\\\/#\\\/schema\\\/logo\\\/image\\\/\",\"url\":\"https:\\\/\\\/www.24gliwice.pl\\\/wiadomosci\\\/wp-content\\\/uploads\\\/2024\\\/10\\\/24gliwice-logo-696.jpg\",\"contentUrl\":\"https:\\\/\\\/www.24gliwice.pl\\\/wiadomosci\\\/wp-content\\\/uploads\\\/2024\\\/10\\\/24gliwice-logo-696.jpg\",\"width\":696,\"height\":696,\"caption\":\"24gliwice\"},\"image\":{\"@id\":\"https:\\\/\\\/www.24gliwice.pl\\\/wiadomosci\\\/#\\\/schema\\\/logo\\\/image\\\/\"},\"sameAs\":[\"https:\\\/\\\/www.facebook.com\\\/24gliwice\",\"https:\\\/\\\/x.com\\\/24gliwice\",\"https:\\\/\\\/www.youtube.com\\\/@24gliwice\"]},{\"@type\":\"Person\",\"@id\":\"https:\\\/\\\/www.24gliwice.pl\\\/wiadomosci\\\/#\\\/schema\\\/person\\\/e42c650edd7f2fa332be3811fb166b6e\",\"name\":\"\u017baneta Mrozek-Siewierska\",\"image\":{\"@type\":\"ImageObject\",\"inLanguage\":\"pl-PL\",\"@id\":\"https:\\\/\\\/www.24gliwice.pl\\\/wiadomosci\\\/wp-content\\\/uploads\\\/2021\\\/11\\\/Zaneta-M_S-zdjecie-czb-96x96.jpg\",\"url\":\"https:\\\/\\\/www.24gliwice.pl\\\/wiadomosci\\\/wp-content\\\/uploads\\\/2021\\\/11\\\/Zaneta-M_S-zdjecie-czb-96x96.jpg\",\"contentUrl\":\"https:\\\/\\\/www.24gliwice.pl\\\/wiadomosci\\\/wp-content\\\/uploads\\\/2021\\\/11\\\/Zaneta-M_S-zdjecie-czb-96x96.jpg\",\"caption\":\"\u017baneta Mrozek-Siewierska\"},\"url\":\"https:\\\/\\\/www.24gliwice.pl\\\/wiadomosci\\\/author\\\/zms\\\/\"}]}<\/script>\n<!-- \/ Yoast SEO plugin. -->","yoast_head_json":{"title":"Zmiany w sztabie trenerskim Piasta Gliwice. Fornalik ju\u017c poza klubem. Znamy nazwisko nowego szkoleniowca - 24GLIWICE - Portal Gliwice | codziennie nowe informacje","description":"Piast Gliwice ma nowego trenera, zosta\u0142 nim 42-letni Aleksandar Vukovi\u0107. R\u00f3wnocze\u015bnie ze sztabem trenerskim po\u017cegna\u0142 si\u0119 Waldemar Fornalik","robots":{"index":"index","follow":"follow","max-snippet":"max-snippet:-1","max-image-preview":"max-image-preview:large","max-video-preview":"max-video-preview:-1"},"canonical":"https:\/\/www.24gliwice.pl\/wiadomosci\/zmiany-w-sztabie-trenerskim-piasta-gliwice-fornalik-juz-poza-klubem-znamy-nazwisko-nowego-szkoleniowca\/","og_locale":"pl_PL","og_type":"article","og_title":"Zmiany w sztabie trenerskim Piasta Gliwice. Fornalik ju\u017c poza klubem. Znamy nazwisko nowego szkoleniowca - 24GLIWICE - Portal Gliwice | codziennie nowe informacje","og_description":"Piast Gliwice ma nowego trenera, zosta\u0142 nim 42-letni Aleksandar Vukovi\u0107. R\u00f3wnocze\u015bnie ze sztabem trenerskim po\u017cegna\u0142 si\u0119 Waldemar Fornalik","og_url":"https:\/\/www.24gliwice.pl\/wiadomosci\/zmiany-w-sztabie-trenerskim-piasta-gliwice-fornalik-juz-poza-klubem-znamy-nazwisko-nowego-szkoleniowca\/","og_site_name":"24GLIWICE - Portal Gliwice | codziennie nowe informacje","article_publisher":"https:\/\/www.facebook.com\/24gliwice","article_published_time":"2022-10-27T11:26:18+00:00","article_modified_time":"2024-08-19T23:57:06+00:00","og_image":[{"width":810,"height":456,"url":"https:\/\/www.24gliwice.pl\/wiadomosci\/wp-content\/uploads\/2020\/03\/stadion-piast.jpg","type":"image\/jpeg"}],"author":"\u017baneta Mrozek-Siewierska","twitter_card":"summary_large_image","twitter_creator":"@24gliwice","twitter_site":"@24gliwice","twitter_misc":{"Napisane przez":"\u017baneta Mrozek-Siewierska","Szacowany czas czytania":"1 minuta"},"schema":{"@context":"https:\/\/schema.org","@graph":[{"@type":"Article","@id":"https:\/\/www.24gliwice.pl\/wiadomosci\/zmiany-w-sztabie-trenerskim-piasta-gliwice-fornalik-juz-poza-klubem-znamy-nazwisko-nowego-szkoleniowca\/#article","isPartOf":{"@id":"https:\/\/www.24gliwice.pl\/wiadomosci\/zmiany-w-sztabie-trenerskim-piasta-gliwice-fornalik-juz-poza-klubem-znamy-nazwisko-nowego-szkoleniowca\/"},"author":{"name":"\u017baneta Mrozek-Siewierska","@id":"https:\/\/www.24gliwice.pl\/wiadomosci\/#\/schema\/person\/e42c650edd7f2fa332be3811fb166b6e"},"headline":"Zmiany w sztabie trenerskim Piasta Gliwice. Fornalik ju\u017c poza klubem. Znamy nazwisko nowego szkoleniowca","datePublished":"2022-10-27T11:26:18+00:00","dateModified":"2024-08-19T23:57:06+00:00","mainEntityOfPage":{"@id":"https:\/\/www.24gliwice.pl\/wiadomosci\/zmiany-w-sztabie-trenerskim-piasta-gliwice-fornalik-juz-poza-klubem-znamy-nazwisko-nowego-szkoleniowca\/"},"wordCount":221,"commentCount":0,"publisher":{"@id":"https:\/\/www.24gliwice.pl\/wiadomosci\/#organization"},"image":{"@id":"https:\/\/www.24gliwice.pl\/wiadomosci\/zmiany-w-sztabie-trenerskim-piasta-gliwice-fornalik-juz-poza-klubem-znamy-nazwisko-nowego-szkoleniowca\/#primaryimage"},"thumbnailUrl":"https:\/\/www.24gliwice.pl\/wiadomosci\/wp-content\/uploads\/2020\/03\/stadion-piast.jpg","articleSection":["Gliwice","Najnowsze wiadomo\u015bci","Sport"],"inLanguage":"pl-PL","potentialAction":[{"@type":"CommentAction","name":"Comment","target":["https:\/\/www.24gliwice.pl\/wiadomosci\/zmiany-w-sztabie-trenerskim-piasta-gliwice-fornalik-juz-poza-klubem-znamy-nazwisko-nowego-szkoleniowca\/#respond"]}]},{"@type":"WebPage","@id":"https:\/\/www.24gliwice.pl\/wiadomosci\/zmiany-w-sztabie-trenerskim-piasta-gliwice-fornalik-juz-poza-klubem-znamy-nazwisko-nowego-szkoleniowca\/","url":"https:\/\/www.24gliwice.pl\/wiadomosci\/zmiany-w-sztabie-trenerskim-piasta-gliwice-fornalik-juz-poza-klubem-znamy-nazwisko-nowego-szkoleniowca\/","name":"Zmiany w sztabie trenerskim Piasta Gliwice. Fornalik ju\u017c poza klubem. Znamy nazwisko nowego szkoleniowca - 24GLIWICE - Portal Gliwice | codziennie nowe informacje","isPartOf":{"@id":"https:\/\/www.24gliwice.pl\/wiadomosci\/#website"},"primaryImageOfPage":{"@id":"https:\/\/www.24gliwice.pl\/wiadomosci\/zmiany-w-sztabie-trenerskim-piasta-gliwice-fornalik-juz-poza-klubem-znamy-nazwisko-nowego-szkoleniowca\/#primaryimage"},"image":{"@id":"https:\/\/www.24gliwice.pl\/wiadomosci\/zmiany-w-sztabie-trenerskim-piasta-gliwice-fornalik-juz-poza-klubem-znamy-nazwisko-nowego-szkoleniowca\/#primaryimage"},"thumbnailUrl":"https:\/\/www.24gliwice.pl\/wiadomosci\/wp-content\/uploads\/2020\/03\/stadion-piast.jpg","datePublished":"2022-10-27T11:26:18+00:00","dateModified":"2024-08-19T23:57:06+00:00","description":"Piast Gliwice ma nowego trenera, zosta\u0142 nim 42-letni Aleksandar Vukovi\u0107. R\u00f3wnocze\u015bnie ze sztabem trenerskim po\u017cegna\u0142 si\u0119 Waldemar Fornalik","breadcrumb":{"@id":"https:\/\/www.24gliwice.pl\/wiadomosci\/zmiany-w-sztabie-trenerskim-piasta-gliwice-fornalik-juz-poza-klubem-znamy-nazwisko-nowego-szkoleniowca\/#breadcrumb"},"inLanguage":"pl-PL","potentialAction":[{"@type":"ReadAction","target":["https:\/\/www.24gliwice.pl\/wiadomosci\/zmiany-w-sztabie-trenerskim-piasta-gliwice-fornalik-juz-poza-klubem-znamy-nazwisko-nowego-szkoleniowca\/"]}]},{"@type":"ImageObject","inLanguage":"pl-PL","@id":"https:\/\/www.24gliwice.pl\/wiadomosci\/zmiany-w-sztabie-trenerskim-piasta-gliwice-fornalik-juz-poza-klubem-znamy-nazwisko-nowego-szkoleniowca\/#primaryimage","url":"https:\/\/www.24gliwice.pl\/wiadomosci\/wp-content\/uploads\/2020\/03\/stadion-piast.jpg","contentUrl":"https:\/\/www.24gliwice.pl\/wiadomosci\/wp-content\/uploads\/2020\/03\/stadion-piast.jpg","width":810,"height":456},{"@type":"BreadcrumbList","@id":"https:\/\/www.24gliwice.pl\/wiadomosci\/zmiany-w-sztabie-trenerskim-piasta-gliwice-fornalik-juz-poza-klubem-znamy-nazwisko-nowego-szkoleniowca\/#breadcrumb","itemListElement":[{"@type":"ListItem","position":1,"name":"Strona g\u0142\u00f3wna","item":"https:\/\/www.24gliwice.pl\/wiadomosci\/"},{"@type":"ListItem","position":2,"name":"Zmiany w sztabie trenerskim Piasta Gliwice. Fornalik ju\u017c poza klubem. Znamy nazwisko nowego szkoleniowca"}]},{"@type":"WebSite","@id":"https:\/\/www.24gliwice.pl\/wiadomosci\/#website","url":"https:\/\/www.24gliwice.pl\/wiadomosci\/","name":"24GLIWICE - Portal Gliwice | codziennie nowe wiadomo\u015bci","description":"Portal Miejski Gliwice","publisher":{"@id":"https:\/\/www.24gliwice.pl\/wiadomosci\/#organization"},"potentialAction":[{"@type":"SearchAction","target":{"@type":"EntryPoint","urlTemplate":"https:\/\/www.24gliwice.pl\/wiadomosci\/?s={search_term_string}"},"query-input":{"@type":"PropertyValueSpecification","valueRequired":true,"valueName":"search_term_string"}}],"inLanguage":"pl-PL"},{"@type":"Organization","@id":"https:\/\/www.24gliwice.pl\/wiadomosci\/#organization","name":"24gliwice","url":"https:\/\/www.24gliwice.pl\/wiadomosci\/","logo":{"@type":"ImageObject","inLanguage":"pl-PL","@id":"https:\/\/www.24gliwice.pl\/wiadomosci\/#\/schema\/logo\/image\/","url":"https:\/\/www.24gliwice.pl\/wiadomosci\/wp-content\/uploads\/2024\/10\/24gliwice-logo-696.jpg","contentUrl":"https:\/\/www.24gliwice.pl\/wiadomosci\/wp-content\/uploads\/2024\/10\/24gliwice-logo-696.jpg","width":696,"height":696,"caption":"24gliwice"},"image":{"@id":"https:\/\/www.24gliwice.pl\/wiadomosci\/#\/schema\/logo\/image\/"},"sameAs":["https:\/\/www.facebook.com\/24gliwice","https:\/\/x.com\/24gliwice","https:\/\/www.youtube.com\/@24gliwice"]},{"@type":"Person","@id":"https:\/\/www.24gliwice.pl\/wiadomosci\/#\/schema\/person\/e42c650edd7f2fa332be3811fb166b6e","name":"\u017baneta Mrozek-Siewierska","image":{"@type":"ImageObject","inLanguage":"pl-PL","@id":"https:\/\/www.24gliwice.pl\/wiadomosci\/wp-content\/uploads\/2021\/11\/Zaneta-M_S-zdjecie-czb-96x96.jpg","url":"https:\/\/www.24gliwice.pl\/wiadomosci\/wp-content\/uploads\/2021\/11\/Zaneta-M_S-zdjecie-czb-96x96.jpg","contentUrl":"https:\/\/www.24gliwice.pl\/wiadomosci\/wp-content\/uploads\/2021\/11\/Zaneta-M_S-zdjecie-czb-96x96.jpg","caption":"\u017baneta Mrozek-Siewierska"},"url":"https:\/\/www.24gliwice.pl\/wiadomosci\/author\/zms\/"}]}},"_links":{"self":[{"href":"https:\/\/www.24gliwice.pl\/wiadomosci\/wp-json\/wp\/v2\/posts\/202634","targetHints":{"allow":["GET"]}}],"collection":[{"href":"https:\/\/www.24gliwice.pl\/wiadomosci\/wp-json\/wp\/v2\/posts"}],"about":[{"href":"https:\/\/www.24gliwice.pl\/wiadomosci\/wp-json\/wp\/v2\/types\/post"}],"author":[{"embeddable":true,"href":"https:\/\/www.24gliwice.pl\/wiadomosci\/wp-json\/wp\/v2\/users\/15"}],"replies":[{"embeddable":true,"href":"https:\/\/www.24gliwice.pl\/wiadomosci\/wp-json\/wp\/v2\/comments?post=202634"}],"version-history":[{"count":7,"href":"https:\/\/www.24gliwice.pl\/wiadomosci\/wp-json\/wp\/v2\/posts\/202634\/revisions"}],"predecessor-version":[{"id":202655,"href":"https:\/\/www.24gliwice.pl\/wiadomosci\/wp-json\/wp\/v2\/posts\/202634\/revisions\/202655"}],"wp:featuredmedia":[{"embeddable":true,"href":"https:\/\/www.24gliwice.pl\/wiadomosci\/wp-json\/wp\/v2\/media\/148672"}],"wp:attachment":[{"href":"https:\/\/www.24gliwice.pl\/wiadomosci\/wp-json\/wp\/v2\/media?parent=202634"}],"wp:term":[{"taxonomy":"category","embeddable":true,"href":"https:\/\/www.24gliwice.pl\/wiadomosci\/wp-json\/wp\/v2\/categories?post=202634"},{"taxonomy":"post_tag","embeddable":true,"href":"https:\/\/www.24gliwice.pl\/wiadomosci\/wp-json\/wp\/v2\/tags?post=202634"}],"curies":[{"name":"wp","href":"https:\/\/api.w.org\/{rel}","templated":true}]}}