{"id":202652,"date":"2022-10-28T00:36:20","date_gmt":"2022-10-27T22:36:20","guid":{"rendered":"https:\/\/www.24gliwice.pl\/wiadomosci\/?p=202652"},"modified":"2022-10-31T01:50:18","modified_gmt":"2022-10-31T00:50:18","slug":"spotkanie-z-cyklu-rozsiani-po-polsce-w-domu-pamieci-zydow-gornoslaskich-wstep-jest-wolny","status":"publish","type":"post","link":"https:\/\/www.24gliwice.pl\/wiadomosci\/spotkanie-z-cyklu-rozsiani-po-polsce-w-domu-pamieci-zydow-gornoslaskich-wstep-jest-wolny\/","title":{"rendered":"Spotkanie z cyklu &#8220;Rozsiani po Polsce&#8221; w Domu Pami\u0119ci \u017byd\u00f3w G\u00f3rno\u015bl\u0105skich. Wst\u0119p jest wolny"},"content":{"rendered":"<div class=\"gliwi-a6-nad-leadem-artykulow gliwi-entity-placement\" id=\"gliwi-4166759575\"><div class=\"gliwi-adlabel\"><span style=\"font-size: 9px\">REKLAMA<\/span><\/div><div id=\"gliwi-1673178086\" style=\"margin-bottom: 25px;margin-left: auto;margin-right: auto;text-align: center;\"><a data-no-instant=\"1\" href=\"https:\/\/dom100.eu\/\" rel=\"noopener\" class=\"a2t-link\" target=\"_blank\" aria-label=\"20260415 DOM100 D\"><img loading=\"lazy\" decoding=\"async\" src=\"https:\/\/www.24gliwice.pl\/wiadomosci\/wp-content\/uploads\/2026\/04\/20260415-DOM100-D.jpg\" alt=\"\"  srcset=\"https:\/\/www.24gliwice.pl\/wiadomosci\/wp-content\/uploads\/2026\/04\/20260415-DOM100-D.jpg 750w, https:\/\/www.24gliwice.pl\/wiadomosci\/wp-content\/uploads\/2026\/04\/20260415-DOM100-D-410x109.jpg 410w\" sizes=\"(max-width: 750px) 100vw, 750px\" class=\"no-lazyload\" width=\"750\" height=\"200\"  style=\"display: inline-block; max-width: 100%; height: auto;\" \/><\/a><\/div><\/div><h2>W Domu Pami\u0119ci \u017byd\u00f3w G\u00f3rno\u015bl\u0105skich odb\u0119dzie si\u0119 spotkanie z podr\u00f3\u017cnikami Beat\u0105 i Paw\u0142em Pomykalskimi. To kolejna ods\u0142ona cyklu \u201eRozsiani po Polsce\u201d, po\u015bwi\u0119cona tym razem Polsce gminnej i powiatowej.<\/h2>\n<p>&nbsp;<br \/>\n\u2013 <em>Zacz\u0119li\u015bmy odwiedza\u0107 miejscowo\u015bci mniej znane i rzadziej odwiedzane i tak narodzi\u0142 si\u0119 pomys\u0142 na ksi\u0105\u017ck\u0119 \u201ePolska z pomys\u0142em. Miasta i miasteczka\u201d. Przedstawia ona Polsk\u0119, w kt\u00f3rej szukali\u015bmy i odnale\u017ali\u015bmy pi\u0119kne zabytki, klimatyczne rynki, ciekawe historie, a przede wszystkim fascynuj\u0105cych ludzi<\/em> \u2013 m\u00f3wi\u0105 autorzy ksi\u0105\u017cki.<\/p>\n<p>&#8211; <em>W Kocku zobaczyli\u015bmy, jak wsp\u00f3\u0142cze\u015bnie pr\u00f3buje si\u0119 zrekonstruowa\u0107 sztetl z drewnian\u0105 synagog\u0105 i poznali\u015bmy wiele ciekawych historii, w tym o <strong>Berku Joselewiczu<\/strong> i cadyku <strong>Menachemie Morgenszternie<\/strong>. Bia\u0142a Podlaska zachowa\u0142a mezuzy, a W\u0142odawa wielki kompleks synagogalny. Oczywi\u015bcie nie pomin\u0119li\u015bmy tak\u017ce Kazimierza Dolnego \u2013 tutaj czytelnik poczuje artystyczny klimat, ale te\u017c obejrzy wn\u0119trze synagogi i zobaczy, jak upami\u0119tniono zdewastowany \u017cydowski cmentarz<\/em> \u2013 dodaj\u0105. <\/p><div class=\"gliwi-a3-w-tresci-artykulow gliwi-entity-placement\" id=\"gliwi-3615739832\"><div class=\"gliwi-adlabel\"><span style=\"font-size: 9px\">REKLAMA<\/span><\/div><div id=\"gliwi-3870832938\" style=\"margin-bottom: 30px;margin-left: auto;margin-right: auto;text-align: center;\"><a data-no-instant=\"1\" href=\"https:\/\/ogrodyandersa.pl\/\" rel=\"noopener\" class=\"a2t-link\" target=\"_blank\" aria-label=\"20260415 Ogrody Andersa KUP TERAZ D\"><img loading=\"lazy\" decoding=\"async\" src=\"https:\/\/www.24gliwice.pl\/wiadomosci\/wp-content\/uploads\/2026\/04\/20260415-Ogrody-Andersa-KUP-TERAZ-D.jpg\" alt=\"\"  srcset=\"https:\/\/www.24gliwice.pl\/wiadomosci\/wp-content\/uploads\/2026\/04\/20260415-Ogrody-Andersa-KUP-TERAZ-D.jpg 750w, https:\/\/www.24gliwice.pl\/wiadomosci\/wp-content\/uploads\/2026\/04\/20260415-Ogrody-Andersa-KUP-TERAZ-D-410x109.jpg 410w\" sizes=\"(max-width: 750px) 100vw, 750px\" class=\"no-lazyload\" width=\"750\" height=\"200\"  style=\"display: inline-block; max-width: 100%; height: auto;\" \/><\/a><\/div><\/div>\n<p><strong>Z Beat\u0105 i Paw\u0142em Pomykalskimi b\u0119dzie mo\u017cna spotka\u0107 si\u0119 w Domu Pami\u0119ci \u017byd\u00f3w G\u00f3rno\u015bl\u0105skich w sobot\u0119, 29 pa\u017adziernika, od godziny 15:00.<\/strong><\/p>\n<h4>Sobotnie spotkanie b\u0119dzie po\u015bwi\u0119cone Bi\u0142gorajowi<\/h4>\n<p><strong>Beata i Pawe\u0142 Pomykalscy<\/strong> mieszkaj\u0105 w Gliwicach. Zawodowo podr\u00f3\u017cuj\u0105, fotografuj\u0105, pisz\u0105 i publikuj\u0105. Wsp\u00f3\u0142pracuj\u0105 z r\u00f3\u017cnymi wydawnictwami i instytucjami. Anga\u017cuj\u0105 si\u0119 tak\u017ce w rozmaite przedsi\u0119wzi\u0119cia polegaj\u0105ce na promowaniu dziedzictwa kulturowego. S\u0105 autorami wielu przewodnik\u00f3w, w tym bestsellerowego wydawnictwa Muzeum w Gliwicach \u201e\u015aladami \u017byd\u00f3w z G\u00f3rnego \u015al\u0105ska\u201d. Prowadz\u0105 podr\u00f3\u017cniczego bloga \u201eAdventum \u2013 konkretnie o podr\u00f3\u017cach\u201d. W 2017 roku w Domu Pami\u0119ci \u017byd\u00f3w G\u00f3rno\u015bl\u0105skich prowadzili cykl \u201eRozsiani po Europie\u201d.<\/p>\n<p>Na spotkanie wst\u0119p jest bezp\u0142atny. Liczba miejsc jest ograniczona. Organizatorem wydarzenia jest Muzeum w Gliwicach. Przypominamy, \u017ce w ka\u017cd\u0105 sobot\u0119 wszystkie Oddzia\u0142y Muzeum w Gliwicach zwiedza\u0107 mo\u017cna bezp\u0142atnie. <\/p>\n<p>(\u017cms)\/UM Gliwice(mf)<br \/>\nfot. arch. Muzeum w Gliwicach<\/p>\n<div class=\"gliwi-a5-na-koncu-artykulow gliwi-entity-placement\" id=\"gliwi-686261216\"><div class=\"gliwi-adlabel\"><span style=\"font-size: 9px\">REKLAMA<\/span><\/div><div id=\"gliwi-2439959009\" style=\"margin-left: auto;margin-right: auto;text-align: center;\"><a data-no-instant=\"1\" href=\"https:\/\/prezeroarenagliwice.pl\/\" rel=\"noopener\" class=\"a2t-link\" target=\"_blank\" aria-label=\"20260309-PREZERO-WIOSNA-D\"><img loading=\"lazy\" decoding=\"async\" src=\"https:\/\/www.24gliwice.pl\/wiadomosci\/wp-content\/uploads\/2026\/03\/20260309-PREZERO-WIOSNA-D.webp\" alt=\"\"  srcset=\"https:\/\/www.24gliwice.pl\/wiadomosci\/wp-content\/uploads\/2026\/03\/20260309-PREZERO-WIOSNA-D.webp 750w, https:\/\/www.24gliwice.pl\/wiadomosci\/wp-content\/uploads\/2026\/03\/20260309-PREZERO-WIOSNA-D-410x109.webp 410w\" sizes=\"(max-width: 750px) 100vw, 750px\" class=\"no-lazyload\" width=\"750\" height=\"200\"  style=\"display: inline-block; max-width: 100%; height: auto;\" \/><\/a><\/div><\/div>","protected":false},"excerpt":{"rendered":"<p>W Domu Pami\u0119ci \u017byd\u00f3w G\u00f3rno\u015bl\u0105skich odb\u0119dzie si\u0119 spotkanie z podr\u00f3\u017cnikami Beat\u0105 i Paw\u0142em Pomykalskimi. To kolejna ods\u0142ona cyklu \u201eRozsiani po Polsce\u201d, po\u015bwi\u0119cona tym razem Polsce gminnej i powiatowej. &nbsp; \u2013 Zacz\u0119li\u015bmy odwiedza\u0107 miejscowo\u015bci mniej znane i rzadziej odwiedzane i tak narodzi\u0142 si\u0119 pomys\u0142 na ksi\u0105\u017ck\u0119 \u201ePolska z pomys\u0142em. Miasta i miasteczka\u201d. Przedstawia ona Polsk\u0119, w [&hellip;]<\/p>\n","protected":false},"author":15,"featured_media":202679,"comment_status":"open","ping_status":"closed","sticky":false,"template":"","format":"standard","meta":{"_monsterinsights_skip_tracking":false,"_monsterinsights_sitenote_active":false,"_monsterinsights_sitenote_note":"","_monsterinsights_sitenote_category":0,"footnotes":"","_links_to":"","_links_to_target":""},"categories":[3,6,1],"tags":[10253],"class_list":["post-202652","post","type-post","status-publish","format-standard","has-post-thumbnail","hentry","category-gliwice","category-kultura","category-wszystko","tag-dpzg"],"yoast_head":"<!-- This site is optimized with the Yoast SEO plugin v27.4 - https:\/\/yoast.com\/product\/yoast-seo-wordpress\/ -->\n<title>Spotkanie z cyklu &quot;Rozsiani po Polsce&quot; w Domu Pami\u0119ci \u017byd\u00f3w G\u00f3rno\u015bl\u0105skich. Wst\u0119p jest wolny - 24GLIWICE - Portal Gliwice | codziennie nowe informacje<\/title>\n<meta name=\"description\" content=\"W Domu Pami\u0119ci \u017byd\u00f3w G\u00f3rno\u015bl\u0105skich b\u0119dzie wydarzenie z cyklu &quot;Rozsiani po Polsce&quot;. Odb\u0119dzie si\u0119 tam spotkanie z Beat\u0105 i Paw\u0142em Pomykalskimi\" \/>\n<meta name=\"robots\" content=\"index, follow, max-snippet:-1, max-image-preview:large, max-video-preview:-1\" \/>\n<link rel=\"canonical\" href=\"https:\/\/www.24gliwice.pl\/wiadomosci\/spotkanie-z-cyklu-rozsiani-po-polsce-w-domu-pamieci-zydow-gornoslaskich-wstep-jest-wolny\/\" \/>\n<meta property=\"og:locale\" content=\"pl_PL\" \/>\n<meta property=\"og:type\" content=\"article\" \/>\n<meta property=\"og:title\" content=\"Spotkanie z cyklu &quot;Rozsiani po Polsce&quot; w Domu Pami\u0119ci \u017byd\u00f3w G\u00f3rno\u015bl\u0105skich. Wst\u0119p jest wolny - 24GLIWICE - Portal Gliwice | codziennie nowe informacje\" \/>\n<meta property=\"og:description\" content=\"W Domu Pami\u0119ci \u017byd\u00f3w G\u00f3rno\u015bl\u0105skich b\u0119dzie wydarzenie z cyklu &quot;Rozsiani po Polsce&quot;. Odb\u0119dzie si\u0119 tam spotkanie z Beat\u0105 i Paw\u0142em Pomykalskimi\" \/>\n<meta property=\"og:url\" content=\"https:\/\/www.24gliwice.pl\/wiadomosci\/spotkanie-z-cyklu-rozsiani-po-polsce-w-domu-pamieci-zydow-gornoslaskich-wstep-jest-wolny\/\" \/>\n<meta property=\"og:site_name\" content=\"24GLIWICE - Portal Gliwice | codziennie nowe informacje\" \/>\n<meta property=\"article:publisher\" content=\"https:\/\/www.facebook.com\/24gliwice\" \/>\n<meta property=\"article:published_time\" content=\"2022-10-27T22:36:20+00:00\" \/>\n<meta property=\"article:modified_time\" content=\"2022-10-31T00:50:18+00:00\" \/>\n<meta property=\"og:image\" content=\"https:\/\/www.24gliwice.pl\/wiadomosci\/wp-content\/uploads\/2022\/10\/dom-pamieci-zydow-gornoslaskich-muzeum.jpg\" \/>\n\t<meta property=\"og:image:width\" content=\"805\" \/>\n\t<meta property=\"og:image:height\" content=\"449\" \/>\n\t<meta property=\"og:image:type\" content=\"image\/jpeg\" \/>\n<meta name=\"author\" content=\"\u017baneta Mrozek-Siewierska\" \/>\n<meta name=\"twitter:card\" content=\"summary_large_image\" \/>\n<meta name=\"twitter:creator\" content=\"@24gliwice\" \/>\n<meta name=\"twitter:site\" content=\"@24gliwice\" \/>\n<meta name=\"twitter:label1\" content=\"Napisane przez\" \/>\n\t<meta name=\"twitter:data1\" content=\"\u017baneta Mrozek-Siewierska\" \/>\n\t<meta name=\"twitter:label2\" content=\"Szacowany czas czytania\" \/>\n\t<meta name=\"twitter:data2\" content=\"2 minuty\" \/>\n<script type=\"application\/ld+json\" class=\"yoast-schema-graph\">{\"@context\":\"https:\\\/\\\/schema.org\",\"@graph\":[{\"@type\":\"Article\",\"@id\":\"https:\\\/\\\/www.24gliwice.pl\\\/wiadomosci\\\/spotkanie-z-cyklu-rozsiani-po-polsce-w-domu-pamieci-zydow-gornoslaskich-wstep-jest-wolny\\\/#article\",\"isPartOf\":{\"@id\":\"https:\\\/\\\/www.24gliwice.pl\\\/wiadomosci\\\/spotkanie-z-cyklu-rozsiani-po-polsce-w-domu-pamieci-zydow-gornoslaskich-wstep-jest-wolny\\\/\"},\"author\":{\"name\":\"\u017baneta Mrozek-Siewierska\",\"@id\":\"https:\\\/\\\/www.24gliwice.pl\\\/wiadomosci\\\/#\\\/schema\\\/person\\\/e42c650edd7f2fa332be3811fb166b6e\"},\"headline\":\"Spotkanie z cyklu &#8220;Rozsiani po Polsce&#8221; w Domu Pami\u0119ci \u017byd\u00f3w G\u00f3rno\u015bl\u0105skich. Wst\u0119p jest wolny\",\"datePublished\":\"2022-10-27T22:36:20+00:00\",\"dateModified\":\"2022-10-31T00:50:18+00:00\",\"mainEntityOfPage\":{\"@id\":\"https:\\\/\\\/www.24gliwice.pl\\\/wiadomosci\\\/spotkanie-z-cyklu-rozsiani-po-polsce-w-domu-pamieci-zydow-gornoslaskich-wstep-jest-wolny\\\/\"},\"wordCount\":354,\"commentCount\":0,\"publisher\":{\"@id\":\"https:\\\/\\\/www.24gliwice.pl\\\/wiadomosci\\\/#organization\"},\"image\":{\"@id\":\"https:\\\/\\\/www.24gliwice.pl\\\/wiadomosci\\\/spotkanie-z-cyklu-rozsiani-po-polsce-w-domu-pamieci-zydow-gornoslaskich-wstep-jest-wolny\\\/#primaryimage\"},\"thumbnailUrl\":\"https:\\\/\\\/www.24gliwice.pl\\\/wiadomosci\\\/wp-content\\\/uploads\\\/2022\\\/10\\\/dom-pamieci-zydow-gornoslaskich-muzeum.jpg\",\"keywords\":[\"dp\u017cg\"],\"articleSection\":[\"Gliwice\",\"Kultura, wydarzenia, imprezy\",\"Najnowsze wiadomo\u015bci\"],\"inLanguage\":\"pl-PL\",\"potentialAction\":[{\"@type\":\"CommentAction\",\"name\":\"Comment\",\"target\":[\"https:\\\/\\\/www.24gliwice.pl\\\/wiadomosci\\\/spotkanie-z-cyklu-rozsiani-po-polsce-w-domu-pamieci-zydow-gornoslaskich-wstep-jest-wolny\\\/#respond\"]}]},{\"@type\":\"WebPage\",\"@id\":\"https:\\\/\\\/www.24gliwice.pl\\\/wiadomosci\\\/spotkanie-z-cyklu-rozsiani-po-polsce-w-domu-pamieci-zydow-gornoslaskich-wstep-jest-wolny\\\/\",\"url\":\"https:\\\/\\\/www.24gliwice.pl\\\/wiadomosci\\\/spotkanie-z-cyklu-rozsiani-po-polsce-w-domu-pamieci-zydow-gornoslaskich-wstep-jest-wolny\\\/\",\"name\":\"Spotkanie z cyklu \\\"Rozsiani po Polsce\\\" w Domu Pami\u0119ci \u017byd\u00f3w G\u00f3rno\u015bl\u0105skich. Wst\u0119p jest wolny - 24GLIWICE - Portal Gliwice | codziennie nowe informacje\",\"isPartOf\":{\"@id\":\"https:\\\/\\\/www.24gliwice.pl\\\/wiadomosci\\\/#website\"},\"primaryImageOfPage\":{\"@id\":\"https:\\\/\\\/www.24gliwice.pl\\\/wiadomosci\\\/spotkanie-z-cyklu-rozsiani-po-polsce-w-domu-pamieci-zydow-gornoslaskich-wstep-jest-wolny\\\/#primaryimage\"},\"image\":{\"@id\":\"https:\\\/\\\/www.24gliwice.pl\\\/wiadomosci\\\/spotkanie-z-cyklu-rozsiani-po-polsce-w-domu-pamieci-zydow-gornoslaskich-wstep-jest-wolny\\\/#primaryimage\"},\"thumbnailUrl\":\"https:\\\/\\\/www.24gliwice.pl\\\/wiadomosci\\\/wp-content\\\/uploads\\\/2022\\\/10\\\/dom-pamieci-zydow-gornoslaskich-muzeum.jpg\",\"datePublished\":\"2022-10-27T22:36:20+00:00\",\"dateModified\":\"2022-10-31T00:50:18+00:00\",\"description\":\"W Domu Pami\u0119ci \u017byd\u00f3w G\u00f3rno\u015bl\u0105skich b\u0119dzie wydarzenie z cyklu \\\"Rozsiani po Polsce\\\". Odb\u0119dzie si\u0119 tam spotkanie z Beat\u0105 i Paw\u0142em Pomykalskimi\",\"breadcrumb\":{\"@id\":\"https:\\\/\\\/www.24gliwice.pl\\\/wiadomosci\\\/spotkanie-z-cyklu-rozsiani-po-polsce-w-domu-pamieci-zydow-gornoslaskich-wstep-jest-wolny\\\/#breadcrumb\"},\"inLanguage\":\"pl-PL\",\"potentialAction\":[{\"@type\":\"ReadAction\",\"target\":[\"https:\\\/\\\/www.24gliwice.pl\\\/wiadomosci\\\/spotkanie-z-cyklu-rozsiani-po-polsce-w-domu-pamieci-zydow-gornoslaskich-wstep-jest-wolny\\\/\"]}]},{\"@type\":\"ImageObject\",\"inLanguage\":\"pl-PL\",\"@id\":\"https:\\\/\\\/www.24gliwice.pl\\\/wiadomosci\\\/spotkanie-z-cyklu-rozsiani-po-polsce-w-domu-pamieci-zydow-gornoslaskich-wstep-jest-wolny\\\/#primaryimage\",\"url\":\"https:\\\/\\\/www.24gliwice.pl\\\/wiadomosci\\\/wp-content\\\/uploads\\\/2022\\\/10\\\/dom-pamieci-zydow-gornoslaskich-muzeum.jpg\",\"contentUrl\":\"https:\\\/\\\/www.24gliwice.pl\\\/wiadomosci\\\/wp-content\\\/uploads\\\/2022\\\/10\\\/dom-pamieci-zydow-gornoslaskich-muzeum.jpg\",\"width\":805,\"height\":449},{\"@type\":\"BreadcrumbList\",\"@id\":\"https:\\\/\\\/www.24gliwice.pl\\\/wiadomosci\\\/spotkanie-z-cyklu-rozsiani-po-polsce-w-domu-pamieci-zydow-gornoslaskich-wstep-jest-wolny\\\/#breadcrumb\",\"itemListElement\":[{\"@type\":\"ListItem\",\"position\":1,\"name\":\"Strona g\u0142\u00f3wna\",\"item\":\"https:\\\/\\\/www.24gliwice.pl\\\/wiadomosci\\\/\"},{\"@type\":\"ListItem\",\"position\":2,\"name\":\"Spotkanie z cyklu &#8222;Rozsiani po Polsce&#8221; w Domu Pami\u0119ci \u017byd\u00f3w G\u00f3rno\u015bl\u0105skich. Wst\u0119p jest wolny\"}]},{\"@type\":\"WebSite\",\"@id\":\"https:\\\/\\\/www.24gliwice.pl\\\/wiadomosci\\\/#website\",\"url\":\"https:\\\/\\\/www.24gliwice.pl\\\/wiadomosci\\\/\",\"name\":\"24GLIWICE - Portal Gliwice | codziennie nowe wiadomo\u015bci\",\"description\":\"Portal Miejski Gliwice\",\"publisher\":{\"@id\":\"https:\\\/\\\/www.24gliwice.pl\\\/wiadomosci\\\/#organization\"},\"potentialAction\":[{\"@type\":\"SearchAction\",\"target\":{\"@type\":\"EntryPoint\",\"urlTemplate\":\"https:\\\/\\\/www.24gliwice.pl\\\/wiadomosci\\\/?s={search_term_string}\"},\"query-input\":{\"@type\":\"PropertyValueSpecification\",\"valueRequired\":true,\"valueName\":\"search_term_string\"}}],\"inLanguage\":\"pl-PL\"},{\"@type\":\"Organization\",\"@id\":\"https:\\\/\\\/www.24gliwice.pl\\\/wiadomosci\\\/#organization\",\"name\":\"24gliwice\",\"url\":\"https:\\\/\\\/www.24gliwice.pl\\\/wiadomosci\\\/\",\"logo\":{\"@type\":\"ImageObject\",\"inLanguage\":\"pl-PL\",\"@id\":\"https:\\\/\\\/www.24gliwice.pl\\\/wiadomosci\\\/#\\\/schema\\\/logo\\\/image\\\/\",\"url\":\"https:\\\/\\\/www.24gliwice.pl\\\/wiadomosci\\\/wp-content\\\/uploads\\\/2024\\\/10\\\/24gliwice-logo-696.jpg\",\"contentUrl\":\"https:\\\/\\\/www.24gliwice.pl\\\/wiadomosci\\\/wp-content\\\/uploads\\\/2024\\\/10\\\/24gliwice-logo-696.jpg\",\"width\":696,\"height\":696,\"caption\":\"24gliwice\"},\"image\":{\"@id\":\"https:\\\/\\\/www.24gliwice.pl\\\/wiadomosci\\\/#\\\/schema\\\/logo\\\/image\\\/\"},\"sameAs\":[\"https:\\\/\\\/www.facebook.com\\\/24gliwice\",\"https:\\\/\\\/x.com\\\/24gliwice\",\"https:\\\/\\\/www.youtube.com\\\/@24gliwice\"]},{\"@type\":\"Person\",\"@id\":\"https:\\\/\\\/www.24gliwice.pl\\\/wiadomosci\\\/#\\\/schema\\\/person\\\/e42c650edd7f2fa332be3811fb166b6e\",\"name\":\"\u017baneta Mrozek-Siewierska\",\"image\":{\"@type\":\"ImageObject\",\"inLanguage\":\"pl-PL\",\"@id\":\"https:\\\/\\\/www.24gliwice.pl\\\/wiadomosci\\\/wp-content\\\/uploads\\\/2021\\\/11\\\/Zaneta-M_S-zdjecie-czb-96x96.jpg\",\"url\":\"https:\\\/\\\/www.24gliwice.pl\\\/wiadomosci\\\/wp-content\\\/uploads\\\/2021\\\/11\\\/Zaneta-M_S-zdjecie-czb-96x96.jpg\",\"contentUrl\":\"https:\\\/\\\/www.24gliwice.pl\\\/wiadomosci\\\/wp-content\\\/uploads\\\/2021\\\/11\\\/Zaneta-M_S-zdjecie-czb-96x96.jpg\",\"caption\":\"\u017baneta Mrozek-Siewierska\"},\"url\":\"https:\\\/\\\/www.24gliwice.pl\\\/wiadomosci\\\/author\\\/zms\\\/\"}]}<\/script>\n<!-- \/ Yoast SEO plugin. -->","yoast_head_json":{"title":"Spotkanie z cyklu \"Rozsiani po Polsce\" w Domu Pami\u0119ci \u017byd\u00f3w G\u00f3rno\u015bl\u0105skich. Wst\u0119p jest wolny - 24GLIWICE - Portal Gliwice | codziennie nowe informacje","description":"W Domu Pami\u0119ci \u017byd\u00f3w G\u00f3rno\u015bl\u0105skich b\u0119dzie wydarzenie z cyklu \"Rozsiani po Polsce\". Odb\u0119dzie si\u0119 tam spotkanie z Beat\u0105 i Paw\u0142em Pomykalskimi","robots":{"index":"index","follow":"follow","max-snippet":"max-snippet:-1","max-image-preview":"max-image-preview:large","max-video-preview":"max-video-preview:-1"},"canonical":"https:\/\/www.24gliwice.pl\/wiadomosci\/spotkanie-z-cyklu-rozsiani-po-polsce-w-domu-pamieci-zydow-gornoslaskich-wstep-jest-wolny\/","og_locale":"pl_PL","og_type":"article","og_title":"Spotkanie z cyklu \"Rozsiani po Polsce\" w Domu Pami\u0119ci \u017byd\u00f3w G\u00f3rno\u015bl\u0105skich. Wst\u0119p jest wolny - 24GLIWICE - Portal Gliwice | codziennie nowe informacje","og_description":"W Domu Pami\u0119ci \u017byd\u00f3w G\u00f3rno\u015bl\u0105skich b\u0119dzie wydarzenie z cyklu \"Rozsiani po Polsce\". Odb\u0119dzie si\u0119 tam spotkanie z Beat\u0105 i Paw\u0142em Pomykalskimi","og_url":"https:\/\/www.24gliwice.pl\/wiadomosci\/spotkanie-z-cyklu-rozsiani-po-polsce-w-domu-pamieci-zydow-gornoslaskich-wstep-jest-wolny\/","og_site_name":"24GLIWICE - Portal Gliwice | codziennie nowe informacje","article_publisher":"https:\/\/www.facebook.com\/24gliwice","article_published_time":"2022-10-27T22:36:20+00:00","article_modified_time":"2022-10-31T00:50:18+00:00","og_image":[{"width":805,"height":449,"url":"https:\/\/www.24gliwice.pl\/wiadomosci\/wp-content\/uploads\/2022\/10\/dom-pamieci-zydow-gornoslaskich-muzeum.jpg","type":"image\/jpeg"}],"author":"\u017baneta Mrozek-Siewierska","twitter_card":"summary_large_image","twitter_creator":"@24gliwice","twitter_site":"@24gliwice","twitter_misc":{"Napisane przez":"\u017baneta Mrozek-Siewierska","Szacowany czas czytania":"2 minuty"},"schema":{"@context":"https:\/\/schema.org","@graph":[{"@type":"Article","@id":"https:\/\/www.24gliwice.pl\/wiadomosci\/spotkanie-z-cyklu-rozsiani-po-polsce-w-domu-pamieci-zydow-gornoslaskich-wstep-jest-wolny\/#article","isPartOf":{"@id":"https:\/\/www.24gliwice.pl\/wiadomosci\/spotkanie-z-cyklu-rozsiani-po-polsce-w-domu-pamieci-zydow-gornoslaskich-wstep-jest-wolny\/"},"author":{"name":"\u017baneta Mrozek-Siewierska","@id":"https:\/\/www.24gliwice.pl\/wiadomosci\/#\/schema\/person\/e42c650edd7f2fa332be3811fb166b6e"},"headline":"Spotkanie z cyklu &#8220;Rozsiani po Polsce&#8221; w Domu Pami\u0119ci \u017byd\u00f3w G\u00f3rno\u015bl\u0105skich. Wst\u0119p jest wolny","datePublished":"2022-10-27T22:36:20+00:00","dateModified":"2022-10-31T00:50:18+00:00","mainEntityOfPage":{"@id":"https:\/\/www.24gliwice.pl\/wiadomosci\/spotkanie-z-cyklu-rozsiani-po-polsce-w-domu-pamieci-zydow-gornoslaskich-wstep-jest-wolny\/"},"wordCount":354,"commentCount":0,"publisher":{"@id":"https:\/\/www.24gliwice.pl\/wiadomosci\/#organization"},"image":{"@id":"https:\/\/www.24gliwice.pl\/wiadomosci\/spotkanie-z-cyklu-rozsiani-po-polsce-w-domu-pamieci-zydow-gornoslaskich-wstep-jest-wolny\/#primaryimage"},"thumbnailUrl":"https:\/\/www.24gliwice.pl\/wiadomosci\/wp-content\/uploads\/2022\/10\/dom-pamieci-zydow-gornoslaskich-muzeum.jpg","keywords":["dp\u017cg"],"articleSection":["Gliwice","Kultura, wydarzenia, imprezy","Najnowsze wiadomo\u015bci"],"inLanguage":"pl-PL","potentialAction":[{"@type":"CommentAction","name":"Comment","target":["https:\/\/www.24gliwice.pl\/wiadomosci\/spotkanie-z-cyklu-rozsiani-po-polsce-w-domu-pamieci-zydow-gornoslaskich-wstep-jest-wolny\/#respond"]}]},{"@type":"WebPage","@id":"https:\/\/www.24gliwice.pl\/wiadomosci\/spotkanie-z-cyklu-rozsiani-po-polsce-w-domu-pamieci-zydow-gornoslaskich-wstep-jest-wolny\/","url":"https:\/\/www.24gliwice.pl\/wiadomosci\/spotkanie-z-cyklu-rozsiani-po-polsce-w-domu-pamieci-zydow-gornoslaskich-wstep-jest-wolny\/","name":"Spotkanie z cyklu \"Rozsiani po Polsce\" w Domu Pami\u0119ci \u017byd\u00f3w G\u00f3rno\u015bl\u0105skich. Wst\u0119p jest wolny - 24GLIWICE - Portal Gliwice | codziennie nowe informacje","isPartOf":{"@id":"https:\/\/www.24gliwice.pl\/wiadomosci\/#website"},"primaryImageOfPage":{"@id":"https:\/\/www.24gliwice.pl\/wiadomosci\/spotkanie-z-cyklu-rozsiani-po-polsce-w-domu-pamieci-zydow-gornoslaskich-wstep-jest-wolny\/#primaryimage"},"image":{"@id":"https:\/\/www.24gliwice.pl\/wiadomosci\/spotkanie-z-cyklu-rozsiani-po-polsce-w-domu-pamieci-zydow-gornoslaskich-wstep-jest-wolny\/#primaryimage"},"thumbnailUrl":"https:\/\/www.24gliwice.pl\/wiadomosci\/wp-content\/uploads\/2022\/10\/dom-pamieci-zydow-gornoslaskich-muzeum.jpg","datePublished":"2022-10-27T22:36:20+00:00","dateModified":"2022-10-31T00:50:18+00:00","description":"W Domu Pami\u0119ci \u017byd\u00f3w G\u00f3rno\u015bl\u0105skich b\u0119dzie wydarzenie z cyklu \"Rozsiani po Polsce\". Odb\u0119dzie si\u0119 tam spotkanie z Beat\u0105 i Paw\u0142em Pomykalskimi","breadcrumb":{"@id":"https:\/\/www.24gliwice.pl\/wiadomosci\/spotkanie-z-cyklu-rozsiani-po-polsce-w-domu-pamieci-zydow-gornoslaskich-wstep-jest-wolny\/#breadcrumb"},"inLanguage":"pl-PL","potentialAction":[{"@type":"ReadAction","target":["https:\/\/www.24gliwice.pl\/wiadomosci\/spotkanie-z-cyklu-rozsiani-po-polsce-w-domu-pamieci-zydow-gornoslaskich-wstep-jest-wolny\/"]}]},{"@type":"ImageObject","inLanguage":"pl-PL","@id":"https:\/\/www.24gliwice.pl\/wiadomosci\/spotkanie-z-cyklu-rozsiani-po-polsce-w-domu-pamieci-zydow-gornoslaskich-wstep-jest-wolny\/#primaryimage","url":"https:\/\/www.24gliwice.pl\/wiadomosci\/wp-content\/uploads\/2022\/10\/dom-pamieci-zydow-gornoslaskich-muzeum.jpg","contentUrl":"https:\/\/www.24gliwice.pl\/wiadomosci\/wp-content\/uploads\/2022\/10\/dom-pamieci-zydow-gornoslaskich-muzeum.jpg","width":805,"height":449},{"@type":"BreadcrumbList","@id":"https:\/\/www.24gliwice.pl\/wiadomosci\/spotkanie-z-cyklu-rozsiani-po-polsce-w-domu-pamieci-zydow-gornoslaskich-wstep-jest-wolny\/#breadcrumb","itemListElement":[{"@type":"ListItem","position":1,"name":"Strona g\u0142\u00f3wna","item":"https:\/\/www.24gliwice.pl\/wiadomosci\/"},{"@type":"ListItem","position":2,"name":"Spotkanie z cyklu &#8222;Rozsiani po Polsce&#8221; w Domu Pami\u0119ci \u017byd\u00f3w G\u00f3rno\u015bl\u0105skich. Wst\u0119p jest wolny"}]},{"@type":"WebSite","@id":"https:\/\/www.24gliwice.pl\/wiadomosci\/#website","url":"https:\/\/www.24gliwice.pl\/wiadomosci\/","name":"24GLIWICE - Portal Gliwice | codziennie nowe wiadomo\u015bci","description":"Portal Miejski Gliwice","publisher":{"@id":"https:\/\/www.24gliwice.pl\/wiadomosci\/#organization"},"potentialAction":[{"@type":"SearchAction","target":{"@type":"EntryPoint","urlTemplate":"https:\/\/www.24gliwice.pl\/wiadomosci\/?s={search_term_string}"},"query-input":{"@type":"PropertyValueSpecification","valueRequired":true,"valueName":"search_term_string"}}],"inLanguage":"pl-PL"},{"@type":"Organization","@id":"https:\/\/www.24gliwice.pl\/wiadomosci\/#organization","name":"24gliwice","url":"https:\/\/www.24gliwice.pl\/wiadomosci\/","logo":{"@type":"ImageObject","inLanguage":"pl-PL","@id":"https:\/\/www.24gliwice.pl\/wiadomosci\/#\/schema\/logo\/image\/","url":"https:\/\/www.24gliwice.pl\/wiadomosci\/wp-content\/uploads\/2024\/10\/24gliwice-logo-696.jpg","contentUrl":"https:\/\/www.24gliwice.pl\/wiadomosci\/wp-content\/uploads\/2024\/10\/24gliwice-logo-696.jpg","width":696,"height":696,"caption":"24gliwice"},"image":{"@id":"https:\/\/www.24gliwice.pl\/wiadomosci\/#\/schema\/logo\/image\/"},"sameAs":["https:\/\/www.facebook.com\/24gliwice","https:\/\/x.com\/24gliwice","https:\/\/www.youtube.com\/@24gliwice"]},{"@type":"Person","@id":"https:\/\/www.24gliwice.pl\/wiadomosci\/#\/schema\/person\/e42c650edd7f2fa332be3811fb166b6e","name":"\u017baneta Mrozek-Siewierska","image":{"@type":"ImageObject","inLanguage":"pl-PL","@id":"https:\/\/www.24gliwice.pl\/wiadomosci\/wp-content\/uploads\/2021\/11\/Zaneta-M_S-zdjecie-czb-96x96.jpg","url":"https:\/\/www.24gliwice.pl\/wiadomosci\/wp-content\/uploads\/2021\/11\/Zaneta-M_S-zdjecie-czb-96x96.jpg","contentUrl":"https:\/\/www.24gliwice.pl\/wiadomosci\/wp-content\/uploads\/2021\/11\/Zaneta-M_S-zdjecie-czb-96x96.jpg","caption":"\u017baneta Mrozek-Siewierska"},"url":"https:\/\/www.24gliwice.pl\/wiadomosci\/author\/zms\/"}]}},"_links":{"self":[{"href":"https:\/\/www.24gliwice.pl\/wiadomosci\/wp-json\/wp\/v2\/posts\/202652","targetHints":{"allow":["GET"]}}],"collection":[{"href":"https:\/\/www.24gliwice.pl\/wiadomosci\/wp-json\/wp\/v2\/posts"}],"about":[{"href":"https:\/\/www.24gliwice.pl\/wiadomosci\/wp-json\/wp\/v2\/types\/post"}],"author":[{"embeddable":true,"href":"https:\/\/www.24gliwice.pl\/wiadomosci\/wp-json\/wp\/v2\/users\/15"}],"replies":[{"embeddable":true,"href":"https:\/\/www.24gliwice.pl\/wiadomosci\/wp-json\/wp\/v2\/comments?post=202652"}],"version-history":[{"count":7,"href":"https:\/\/www.24gliwice.pl\/wiadomosci\/wp-json\/wp\/v2\/posts\/202652\/revisions"}],"predecessor-version":[{"id":202687,"href":"https:\/\/www.24gliwice.pl\/wiadomosci\/wp-json\/wp\/v2\/posts\/202652\/revisions\/202687"}],"wp:featuredmedia":[{"embeddable":true,"href":"https:\/\/www.24gliwice.pl\/wiadomosci\/wp-json\/wp\/v2\/media\/202679"}],"wp:attachment":[{"href":"https:\/\/www.24gliwice.pl\/wiadomosci\/wp-json\/wp\/v2\/media?parent=202652"}],"wp:term":[{"taxonomy":"category","embeddable":true,"href":"https:\/\/www.24gliwice.pl\/wiadomosci\/wp-json\/wp\/v2\/categories?post=202652"},{"taxonomy":"post_tag","embeddable":true,"href":"https:\/\/www.24gliwice.pl\/wiadomosci\/wp-json\/wp\/v2\/tags?post=202652"}],"curies":[{"name":"wp","href":"https:\/\/api.w.org\/{rel}","templated":true}]}}