{"id":202828,"date":"2022-10-31T23:18:25","date_gmt":"2022-10-31T22:18:25","guid":{"rendered":"https:\/\/www.24gliwice.pl\/wiadomosci\/?p=202828"},"modified":"2022-11-02T00:12:36","modified_gmt":"2022-11-01T23:12:36","slug":"ekstremalny-bieg-w-szczytnym-celu-coraz-blizej-finiszu-do-barcelony-pozostalo-300-km","status":"publish","type":"post","link":"https:\/\/www.24gliwice.pl\/wiadomosci\/ekstremalny-bieg-w-szczytnym-celu-coraz-blizej-finiszu-do-barcelony-pozostalo-300-km\/","title":{"rendered":"Ekstremalny bieg w szczytnym celu coraz bli\u017cej finiszu. Do Barcelony pozosta\u0142o 300 km"},"content":{"rendered":"<div class=\"gliwi-a6-nad-leadem-artykulow gliwi-entity-placement\" id=\"gliwi-426076259\"><div class=\"gliwi-adlabel\"><span style=\"font-size: 9px\">REKLAMA<\/span><\/div><div id=\"gliwi-784789323\" style=\"margin-bottom: 25px;margin-left: auto;margin-right: auto;text-align: center;\"><a data-no-instant=\"1\" href=\"https:\/\/dom100.eu\/\" rel=\"noopener\" class=\"a2t-link\" target=\"_blank\" aria-label=\"20260415 DOM100 D\"><img loading=\"lazy\" decoding=\"async\" src=\"https:\/\/www.24gliwice.pl\/wiadomosci\/wp-content\/uploads\/2026\/04\/20260415-DOM100-D.jpg\" alt=\"\"  srcset=\"https:\/\/www.24gliwice.pl\/wiadomosci\/wp-content\/uploads\/2026\/04\/20260415-DOM100-D.jpg 750w, https:\/\/www.24gliwice.pl\/wiadomosci\/wp-content\/uploads\/2026\/04\/20260415-DOM100-D-410x109.jpg 410w\" sizes=\"(max-width: 750px) 100vw, 750px\" class=\"no-lazyload\" width=\"750\" height=\"200\"  style=\"display: inline-block; max-width: 100%; height: auto;\" \/><\/a><\/div><\/div><h2>Jeszcze 300 kilometr\u00f3w ma do pokonania Tomasz Sobania \u2013 biegacz ekstremalny, kt\u00f3ry postanowi\u0142 uko\u0144czy\u0107 dystans 60 maraton\u00f3w w 60 dni, by zebra\u0107 \u015brodki na dzia\u0142alno\u015b\u0107 gliwickiej Fundacji Arka Noego. Jest coraz bli\u017cej celu \u2013 stadionu Camp Nou w Barcelonie.<\/h2>\n<p>&nbsp;<br \/>\nZa Tomaszem ju\u017c 2 226 pokonanych kilometr\u00f3w, a do uko\u0144czenia wyzwania pozosta\u0142o 8 dni i 300 km bieg\u00f3w. Zbli\u017ca si\u0119 powoli do Morza \u015ar\u00f3dziemnego, nad kt\u00f3rym planowany jest ostatni dzie\u0144 na regeneracj\u0119 przed met\u0105 w Barcelonie. Do tej pory szcz\u0119\u015bcie sprzyja biegaczowi \u2013 jest w \u015bwietnej formie i bez przeszk\u00f3d pokonuje kolejne kilometry.<\/p>\n<p><a href=\"https:\/\/www.24gliwice.pl\/wiadomosci\/wp-content\/uploads\/2022\/10\/tomasz-sobania.jpg\"><img loading=\"lazy\" decoding=\"async\" class=\"alignnone  wp-image-202834\" src=\"https:\/\/www.24gliwice.pl\/wiadomosci\/wp-content\/uploads\/2022\/10\/tomasz-sobania.jpg\" alt=\"\" width=\"971\" height=\"1214\" srcset=\"https:\/\/www.24gliwice.pl\/wiadomosci\/wp-content\/uploads\/2022\/10\/tomasz-sobania.jpg 648w, https:\/\/www.24gliwice.pl\/wiadomosci\/wp-content\/uploads\/2022\/10\/tomasz-sobania-186x232.jpg 186w, https:\/\/www.24gliwice.pl\/wiadomosci\/wp-content\/uploads\/2022\/10\/tomasz-sobania-364x455.jpg 364w\" sizes=\"auto, (max-width: 971px) 100vw, 971px\" \/><\/a><\/p>\n<h4>Trwaj\u0105ce wyzwanie to najd\u0142u\u017cszy dystans w \u017cyciu Tomka \u2013 zamierza pokona\u0107 tras\u0119 o \u0142\u0105cznej d\u0142ugo\u015bci oko\u0142o 2,5 tys. km.<\/h4>\n<p><a href=\"https:\/\/www.24gliwice.pl\/wiadomosci\/wp-content\/uploads\/2022\/10\/tomasz-sobania-2.jpg\"><img loading=\"lazy\" decoding=\"async\" class=\"alignnone  wp-image-202831\" src=\"https:\/\/www.24gliwice.pl\/wiadomosci\/wp-content\/uploads\/2022\/10\/tomasz-sobania-2.jpg\" alt=\"\" width=\"1061\" height=\"1326\" srcset=\"https:\/\/www.24gliwice.pl\/wiadomosci\/wp-content\/uploads\/2022\/10\/tomasz-sobania-2.jpg 648w, https:\/\/www.24gliwice.pl\/wiadomosci\/wp-content\/uploads\/2022\/10\/tomasz-sobania-2-186x232.jpg 186w, https:\/\/www.24gliwice.pl\/wiadomosci\/wp-content\/uploads\/2022\/10\/tomasz-sobania-2-364x455.jpg 364w\" sizes=\"auto, (max-width: 1061px) 100vw, 1061px\" \/><\/a><\/p>\n<p>Si\u0142 na trasie dodaje mu my\u015bl, \u017ce biegn\u0105c, zbiera pieni\u0105dze na wsparcie Fundacji Arka Noego z Gliwic, kt\u00f3ra pomaga m\u0142odzie\u017cy walcz\u0105cej z uzale\u017cnieniami. Zbi\u00f3rka \u015brodk\u00f3w wci\u0105\u017c trwa.<\/p><div class=\"gliwi-a3-w-tresci-artykulow gliwi-entity-placement\" id=\"gliwi-1540129731\"><div class=\"gliwi-adlabel\"><span style=\"font-size: 9px\">REKLAMA<\/span><\/div><div id=\"gliwi-1057733348\" style=\"margin-bottom: 30px;margin-left: auto;margin-right: auto;text-align: center;\"><a data-no-instant=\"1\" href=\"https:\/\/ogrodyandersa.pl\/\" rel=\"noopener\" class=\"a2t-link\" target=\"_blank\" aria-label=\"20260415 Ogrody Andersa KUP TERAZ D\"><img loading=\"lazy\" decoding=\"async\" src=\"https:\/\/www.24gliwice.pl\/wiadomosci\/wp-content\/uploads\/2026\/04\/20260415-Ogrody-Andersa-KUP-TERAZ-D.jpg\" alt=\"\"  srcset=\"https:\/\/www.24gliwice.pl\/wiadomosci\/wp-content\/uploads\/2026\/04\/20260415-Ogrody-Andersa-KUP-TERAZ-D.jpg 750w, https:\/\/www.24gliwice.pl\/wiadomosci\/wp-content\/uploads\/2026\/04\/20260415-Ogrody-Andersa-KUP-TERAZ-D-410x109.jpg 410w\" sizes=\"(max-width: 750px) 100vw, 750px\" class=\"no-lazyload\" width=\"750\" height=\"200\"  style=\"display: inline-block; max-width: 100%; height: auto;\" \/><\/a><\/div><\/div>\n<p>(UM Gliwice)<br \/>\nfot. materia\u0142y organizatora<\/p>\n<p><a href=\"https:\/\/www.24gliwice.pl\/wiadomosci\/wp-content\/uploads\/2022\/10\/tomasz-sobania-3.jpg\"><img loading=\"lazy\" decoding=\"async\" class=\"alignnone  wp-image-202832\" src=\"https:\/\/www.24gliwice.pl\/wiadomosci\/wp-content\/uploads\/2022\/10\/tomasz-sobania-3.jpg\" alt=\"\" width=\"944\" height=\"1180\" srcset=\"https:\/\/www.24gliwice.pl\/wiadomosci\/wp-content\/uploads\/2022\/10\/tomasz-sobania-3.jpg 648w, https:\/\/www.24gliwice.pl\/wiadomosci\/wp-content\/uploads\/2022\/10\/tomasz-sobania-3-186x232.jpg 186w, https:\/\/www.24gliwice.pl\/wiadomosci\/wp-content\/uploads\/2022\/10\/tomasz-sobania-3-364x455.jpg 364w\" sizes=\"auto, (max-width: 944px) 100vw, 944px\" \/><\/a><\/p>\n<div class=\"gliwi-a5-na-koncu-artykulow gliwi-entity-placement\" id=\"gliwi-1657127641\"><div class=\"gliwi-adlabel\"><span style=\"font-size: 9px\">REKLAMA<\/span><\/div><div id=\"gliwi-932840408\" style=\"margin-left: auto;margin-right: auto;text-align: center;\"><a data-no-instant=\"1\" href=\"https:\/\/www.jasek.pl\/\" rel=\"noopener\" class=\"a2t-link\" target=\"_blank\" aria-label=\"20200401-jasek 600\"><img loading=\"lazy\" decoding=\"async\" src=\"https:\/\/www.24gliwice.pl\/wiadomosci\/wp-content\/uploads\/2020\/04\/20200401-jasek-600.jpg\" alt=\"\"  srcset=\"https:\/\/www.24gliwice.pl\/wiadomosci\/wp-content\/uploads\/2020\/04\/20200401-jasek-600.jpg 600w, https:\/\/www.24gliwice.pl\/wiadomosci\/wp-content\/uploads\/2020\/04\/20200401-jasek-600-410x109.jpg 410w\" sizes=\"(max-width: 600px) 100vw, 600px\" class=\"no-lazyload\" width=\"600\" height=\"160\"  style=\"display: inline-block; max-width: 100%; height: auto;\" \/><\/a><\/div><\/div>","protected":false},"excerpt":{"rendered":"<p>Jeszcze 300 kilometr\u00f3w ma do pokonania Tomasz Sobania \u2013 biegacz ekstremalny, kt\u00f3ry postanowi\u0142 uko\u0144czy\u0107 dystans 60 maraton\u00f3w w 60 dni, by zebra\u0107 \u015brodki na dzia\u0142alno\u015b\u0107 gliwickiej Fundacji Arka Noego. Jest coraz bli\u017cej celu \u2013 stadionu Camp Nou w Barcelonie. &nbsp; Za Tomaszem ju\u017c 2 226 pokonanych kilometr\u00f3w, a do uko\u0144czenia wyzwania pozosta\u0142o 8 dni i [&hellip;]<\/p>\n","protected":false},"author":15,"featured_media":202833,"comment_status":"open","ping_status":"closed","sticky":false,"template":"","format":"standard","meta":{"_monsterinsights_skip_tracking":false,"_monsterinsights_sitenote_active":false,"_monsterinsights_sitenote_note":"","_monsterinsights_sitenote_category":0,"footnotes":"","_links_to":"","_links_to_target":""},"categories":[3,1],"tags":[15878,21663],"class_list":["post-202828","post","type-post","status-publish","format-standard","has-post-thumbnail","hentry","category-gliwice","category-wszystko","tag-ekstremalny-bieg","tag-tomasz-sobania"],"yoast_head":"<!-- This site is optimized with the Yoast SEO plugin v27.4 - https:\/\/yoast.com\/product\/yoast-seo-wordpress\/ -->\n<title>Ekstremalny bieg w szczytnym celu coraz bli\u017cej finiszu. Do Barcelony pozosta\u0142o 300 km - 24GLIWICE - Portal Gliwice | codziennie nowe informacje<\/title>\n<meta name=\"description\" content=\"Tomasz Sobania biegnie do Barcelony w szczytnym celu. Do pokonania mia\u0142 60 maraton\u00f3w w 60 dni, przed nim jeszcze &quot;tylko&quot; 300 km\" \/>\n<meta name=\"robots\" content=\"index, follow, max-snippet:-1, max-image-preview:large, max-video-preview:-1\" \/>\n<link rel=\"canonical\" href=\"https:\/\/www.24gliwice.pl\/wiadomosci\/ekstremalny-bieg-w-szczytnym-celu-coraz-blizej-finiszu-do-barcelony-pozostalo-300-km\/\" \/>\n<meta property=\"og:locale\" content=\"pl_PL\" \/>\n<meta property=\"og:type\" content=\"article\" \/>\n<meta property=\"og:title\" content=\"Ekstremalny bieg w szczytnym celu coraz bli\u017cej finiszu. Do Barcelony pozosta\u0142o 300 km - 24GLIWICE - Portal Gliwice | codziennie nowe informacje\" \/>\n<meta property=\"og:description\" content=\"Tomasz Sobania biegnie do Barcelony w szczytnym celu. Do pokonania mia\u0142 60 maraton\u00f3w w 60 dni, przed nim jeszcze &quot;tylko&quot; 300 km\" \/>\n<meta property=\"og:url\" content=\"https:\/\/www.24gliwice.pl\/wiadomosci\/ekstremalny-bieg-w-szczytnym-celu-coraz-blizej-finiszu-do-barcelony-pozostalo-300-km\/\" \/>\n<meta property=\"og:site_name\" content=\"24GLIWICE - Portal Gliwice | codziennie nowe informacje\" \/>\n<meta property=\"article:publisher\" content=\"https:\/\/www.facebook.com\/24gliwice\" \/>\n<meta property=\"article:published_time\" content=\"2022-10-31T22:18:25+00:00\" \/>\n<meta property=\"article:modified_time\" content=\"2022-11-01T23:12:36+00:00\" \/>\n<meta property=\"og:image\" content=\"https:\/\/www.24gliwice.pl\/wiadomosci\/wp-content\/uploads\/2022\/10\/tomasz-sobania-4.jpg\" \/>\n\t<meta property=\"og:image:width\" content=\"810\" \/>\n\t<meta property=\"og:image:height\" content=\"456\" \/>\n\t<meta property=\"og:image:type\" content=\"image\/jpeg\" \/>\n<meta name=\"author\" content=\"\u017baneta Mrozek-Siewierska\" \/>\n<meta name=\"twitter:card\" content=\"summary_large_image\" \/>\n<meta name=\"twitter:creator\" content=\"@24gliwice\" \/>\n<meta name=\"twitter:site\" content=\"@24gliwice\" \/>\n<meta name=\"twitter:label1\" content=\"Napisane przez\" \/>\n\t<meta name=\"twitter:data1\" content=\"\u017baneta Mrozek-Siewierska\" \/>\n\t<meta name=\"twitter:label2\" content=\"Szacowany czas czytania\" \/>\n\t<meta name=\"twitter:data2\" content=\"2 minuty\" \/>\n<script type=\"application\/ld+json\" class=\"yoast-schema-graph\">{\"@context\":\"https:\\\/\\\/schema.org\",\"@graph\":[{\"@type\":\"Article\",\"@id\":\"https:\\\/\\\/www.24gliwice.pl\\\/wiadomosci\\\/ekstremalny-bieg-w-szczytnym-celu-coraz-blizej-finiszu-do-barcelony-pozostalo-300-km\\\/#article\",\"isPartOf\":{\"@id\":\"https:\\\/\\\/www.24gliwice.pl\\\/wiadomosci\\\/ekstremalny-bieg-w-szczytnym-celu-coraz-blizej-finiszu-do-barcelony-pozostalo-300-km\\\/\"},\"author\":{\"name\":\"\u017baneta Mrozek-Siewierska\",\"@id\":\"https:\\\/\\\/www.24gliwice.pl\\\/wiadomosci\\\/#\\\/schema\\\/person\\\/e42c650edd7f2fa332be3811fb166b6e\"},\"headline\":\"Ekstremalny bieg w szczytnym celu coraz bli\u017cej finiszu. Do Barcelony pozosta\u0142o 300 km\",\"datePublished\":\"2022-10-31T22:18:25+00:00\",\"dateModified\":\"2022-11-01T23:12:36+00:00\",\"mainEntityOfPage\":{\"@id\":\"https:\\\/\\\/www.24gliwice.pl\\\/wiadomosci\\\/ekstremalny-bieg-w-szczytnym-celu-coraz-blizej-finiszu-do-barcelony-pozostalo-300-km\\\/\"},\"wordCount\":178,\"commentCount\":0,\"publisher\":{\"@id\":\"https:\\\/\\\/www.24gliwice.pl\\\/wiadomosci\\\/#organization\"},\"image\":{\"@id\":\"https:\\\/\\\/www.24gliwice.pl\\\/wiadomosci\\\/ekstremalny-bieg-w-szczytnym-celu-coraz-blizej-finiszu-do-barcelony-pozostalo-300-km\\\/#primaryimage\"},\"thumbnailUrl\":\"https:\\\/\\\/www.24gliwice.pl\\\/wiadomosci\\\/wp-content\\\/uploads\\\/2022\\\/10\\\/tomasz-sobania-4.jpg\",\"keywords\":[\"ekstremalny bieg\",\"tomasz sobania\"],\"articleSection\":[\"Gliwice\",\"Najnowsze wiadomo\u015bci\"],\"inLanguage\":\"pl-PL\",\"potentialAction\":[{\"@type\":\"CommentAction\",\"name\":\"Comment\",\"target\":[\"https:\\\/\\\/www.24gliwice.pl\\\/wiadomosci\\\/ekstremalny-bieg-w-szczytnym-celu-coraz-blizej-finiszu-do-barcelony-pozostalo-300-km\\\/#respond\"]}]},{\"@type\":\"WebPage\",\"@id\":\"https:\\\/\\\/www.24gliwice.pl\\\/wiadomosci\\\/ekstremalny-bieg-w-szczytnym-celu-coraz-blizej-finiszu-do-barcelony-pozostalo-300-km\\\/\",\"url\":\"https:\\\/\\\/www.24gliwice.pl\\\/wiadomosci\\\/ekstremalny-bieg-w-szczytnym-celu-coraz-blizej-finiszu-do-barcelony-pozostalo-300-km\\\/\",\"name\":\"Ekstremalny bieg w szczytnym celu coraz bli\u017cej finiszu. Do Barcelony pozosta\u0142o 300 km - 24GLIWICE - Portal Gliwice | codziennie nowe informacje\",\"isPartOf\":{\"@id\":\"https:\\\/\\\/www.24gliwice.pl\\\/wiadomosci\\\/#website\"},\"primaryImageOfPage\":{\"@id\":\"https:\\\/\\\/www.24gliwice.pl\\\/wiadomosci\\\/ekstremalny-bieg-w-szczytnym-celu-coraz-blizej-finiszu-do-barcelony-pozostalo-300-km\\\/#primaryimage\"},\"image\":{\"@id\":\"https:\\\/\\\/www.24gliwice.pl\\\/wiadomosci\\\/ekstremalny-bieg-w-szczytnym-celu-coraz-blizej-finiszu-do-barcelony-pozostalo-300-km\\\/#primaryimage\"},\"thumbnailUrl\":\"https:\\\/\\\/www.24gliwice.pl\\\/wiadomosci\\\/wp-content\\\/uploads\\\/2022\\\/10\\\/tomasz-sobania-4.jpg\",\"datePublished\":\"2022-10-31T22:18:25+00:00\",\"dateModified\":\"2022-11-01T23:12:36+00:00\",\"description\":\"Tomasz Sobania biegnie do Barcelony w szczytnym celu. Do pokonania mia\u0142 60 maraton\u00f3w w 60 dni, przed nim jeszcze \\\"tylko\\\" 300 km\",\"breadcrumb\":{\"@id\":\"https:\\\/\\\/www.24gliwice.pl\\\/wiadomosci\\\/ekstremalny-bieg-w-szczytnym-celu-coraz-blizej-finiszu-do-barcelony-pozostalo-300-km\\\/#breadcrumb\"},\"inLanguage\":\"pl-PL\",\"potentialAction\":[{\"@type\":\"ReadAction\",\"target\":[\"https:\\\/\\\/www.24gliwice.pl\\\/wiadomosci\\\/ekstremalny-bieg-w-szczytnym-celu-coraz-blizej-finiszu-do-barcelony-pozostalo-300-km\\\/\"]}]},{\"@type\":\"ImageObject\",\"inLanguage\":\"pl-PL\",\"@id\":\"https:\\\/\\\/www.24gliwice.pl\\\/wiadomosci\\\/ekstremalny-bieg-w-szczytnym-celu-coraz-blizej-finiszu-do-barcelony-pozostalo-300-km\\\/#primaryimage\",\"url\":\"https:\\\/\\\/www.24gliwice.pl\\\/wiadomosci\\\/wp-content\\\/uploads\\\/2022\\\/10\\\/tomasz-sobania-4.jpg\",\"contentUrl\":\"https:\\\/\\\/www.24gliwice.pl\\\/wiadomosci\\\/wp-content\\\/uploads\\\/2022\\\/10\\\/tomasz-sobania-4.jpg\",\"width\":810,\"height\":456},{\"@type\":\"BreadcrumbList\",\"@id\":\"https:\\\/\\\/www.24gliwice.pl\\\/wiadomosci\\\/ekstremalny-bieg-w-szczytnym-celu-coraz-blizej-finiszu-do-barcelony-pozostalo-300-km\\\/#breadcrumb\",\"itemListElement\":[{\"@type\":\"ListItem\",\"position\":1,\"name\":\"Strona g\u0142\u00f3wna\",\"item\":\"https:\\\/\\\/www.24gliwice.pl\\\/wiadomosci\\\/\"},{\"@type\":\"ListItem\",\"position\":2,\"name\":\"Ekstremalny bieg w szczytnym celu coraz bli\u017cej finiszu. Do Barcelony pozosta\u0142o 300 km\"}]},{\"@type\":\"WebSite\",\"@id\":\"https:\\\/\\\/www.24gliwice.pl\\\/wiadomosci\\\/#website\",\"url\":\"https:\\\/\\\/www.24gliwice.pl\\\/wiadomosci\\\/\",\"name\":\"24GLIWICE - Portal Gliwice | codziennie nowe wiadomo\u015bci\",\"description\":\"Portal Miejski Gliwice\",\"publisher\":{\"@id\":\"https:\\\/\\\/www.24gliwice.pl\\\/wiadomosci\\\/#organization\"},\"potentialAction\":[{\"@type\":\"SearchAction\",\"target\":{\"@type\":\"EntryPoint\",\"urlTemplate\":\"https:\\\/\\\/www.24gliwice.pl\\\/wiadomosci\\\/?s={search_term_string}\"},\"query-input\":{\"@type\":\"PropertyValueSpecification\",\"valueRequired\":true,\"valueName\":\"search_term_string\"}}],\"inLanguage\":\"pl-PL\"},{\"@type\":\"Organization\",\"@id\":\"https:\\\/\\\/www.24gliwice.pl\\\/wiadomosci\\\/#organization\",\"name\":\"24gliwice\",\"url\":\"https:\\\/\\\/www.24gliwice.pl\\\/wiadomosci\\\/\",\"logo\":{\"@type\":\"ImageObject\",\"inLanguage\":\"pl-PL\",\"@id\":\"https:\\\/\\\/www.24gliwice.pl\\\/wiadomosci\\\/#\\\/schema\\\/logo\\\/image\\\/\",\"url\":\"https:\\\/\\\/www.24gliwice.pl\\\/wiadomosci\\\/wp-content\\\/uploads\\\/2024\\\/10\\\/24gliwice-logo-696.jpg\",\"contentUrl\":\"https:\\\/\\\/www.24gliwice.pl\\\/wiadomosci\\\/wp-content\\\/uploads\\\/2024\\\/10\\\/24gliwice-logo-696.jpg\",\"width\":696,\"height\":696,\"caption\":\"24gliwice\"},\"image\":{\"@id\":\"https:\\\/\\\/www.24gliwice.pl\\\/wiadomosci\\\/#\\\/schema\\\/logo\\\/image\\\/\"},\"sameAs\":[\"https:\\\/\\\/www.facebook.com\\\/24gliwice\",\"https:\\\/\\\/x.com\\\/24gliwice\",\"https:\\\/\\\/www.youtube.com\\\/@24gliwice\"]},{\"@type\":\"Person\",\"@id\":\"https:\\\/\\\/www.24gliwice.pl\\\/wiadomosci\\\/#\\\/schema\\\/person\\\/e42c650edd7f2fa332be3811fb166b6e\",\"name\":\"\u017baneta Mrozek-Siewierska\",\"image\":{\"@type\":\"ImageObject\",\"inLanguage\":\"pl-PL\",\"@id\":\"https:\\\/\\\/www.24gliwice.pl\\\/wiadomosci\\\/wp-content\\\/uploads\\\/2021\\\/11\\\/Zaneta-M_S-zdjecie-czb-96x96.jpg\",\"url\":\"https:\\\/\\\/www.24gliwice.pl\\\/wiadomosci\\\/wp-content\\\/uploads\\\/2021\\\/11\\\/Zaneta-M_S-zdjecie-czb-96x96.jpg\",\"contentUrl\":\"https:\\\/\\\/www.24gliwice.pl\\\/wiadomosci\\\/wp-content\\\/uploads\\\/2021\\\/11\\\/Zaneta-M_S-zdjecie-czb-96x96.jpg\",\"caption\":\"\u017baneta Mrozek-Siewierska\"},\"url\":\"https:\\\/\\\/www.24gliwice.pl\\\/wiadomosci\\\/author\\\/zms\\\/\"}]}<\/script>\n<!-- \/ Yoast SEO plugin. -->","yoast_head_json":{"title":"Ekstremalny bieg w szczytnym celu coraz bli\u017cej finiszu. Do Barcelony pozosta\u0142o 300 km - 24GLIWICE - Portal Gliwice | codziennie nowe informacje","description":"Tomasz Sobania biegnie do Barcelony w szczytnym celu. Do pokonania mia\u0142 60 maraton\u00f3w w 60 dni, przed nim jeszcze \"tylko\" 300 km","robots":{"index":"index","follow":"follow","max-snippet":"max-snippet:-1","max-image-preview":"max-image-preview:large","max-video-preview":"max-video-preview:-1"},"canonical":"https:\/\/www.24gliwice.pl\/wiadomosci\/ekstremalny-bieg-w-szczytnym-celu-coraz-blizej-finiszu-do-barcelony-pozostalo-300-km\/","og_locale":"pl_PL","og_type":"article","og_title":"Ekstremalny bieg w szczytnym celu coraz bli\u017cej finiszu. Do Barcelony pozosta\u0142o 300 km - 24GLIWICE - Portal Gliwice | codziennie nowe informacje","og_description":"Tomasz Sobania biegnie do Barcelony w szczytnym celu. Do pokonania mia\u0142 60 maraton\u00f3w w 60 dni, przed nim jeszcze \"tylko\" 300 km","og_url":"https:\/\/www.24gliwice.pl\/wiadomosci\/ekstremalny-bieg-w-szczytnym-celu-coraz-blizej-finiszu-do-barcelony-pozostalo-300-km\/","og_site_name":"24GLIWICE - Portal Gliwice | codziennie nowe informacje","article_publisher":"https:\/\/www.facebook.com\/24gliwice","article_published_time":"2022-10-31T22:18:25+00:00","article_modified_time":"2022-11-01T23:12:36+00:00","og_image":[{"width":810,"height":456,"url":"https:\/\/www.24gliwice.pl\/wiadomosci\/wp-content\/uploads\/2022\/10\/tomasz-sobania-4.jpg","type":"image\/jpeg"}],"author":"\u017baneta Mrozek-Siewierska","twitter_card":"summary_large_image","twitter_creator":"@24gliwice","twitter_site":"@24gliwice","twitter_misc":{"Napisane przez":"\u017baneta Mrozek-Siewierska","Szacowany czas czytania":"2 minuty"},"schema":{"@context":"https:\/\/schema.org","@graph":[{"@type":"Article","@id":"https:\/\/www.24gliwice.pl\/wiadomosci\/ekstremalny-bieg-w-szczytnym-celu-coraz-blizej-finiszu-do-barcelony-pozostalo-300-km\/#article","isPartOf":{"@id":"https:\/\/www.24gliwice.pl\/wiadomosci\/ekstremalny-bieg-w-szczytnym-celu-coraz-blizej-finiszu-do-barcelony-pozostalo-300-km\/"},"author":{"name":"\u017baneta Mrozek-Siewierska","@id":"https:\/\/www.24gliwice.pl\/wiadomosci\/#\/schema\/person\/e42c650edd7f2fa332be3811fb166b6e"},"headline":"Ekstremalny bieg w szczytnym celu coraz bli\u017cej finiszu. Do Barcelony pozosta\u0142o 300 km","datePublished":"2022-10-31T22:18:25+00:00","dateModified":"2022-11-01T23:12:36+00:00","mainEntityOfPage":{"@id":"https:\/\/www.24gliwice.pl\/wiadomosci\/ekstremalny-bieg-w-szczytnym-celu-coraz-blizej-finiszu-do-barcelony-pozostalo-300-km\/"},"wordCount":178,"commentCount":0,"publisher":{"@id":"https:\/\/www.24gliwice.pl\/wiadomosci\/#organization"},"image":{"@id":"https:\/\/www.24gliwice.pl\/wiadomosci\/ekstremalny-bieg-w-szczytnym-celu-coraz-blizej-finiszu-do-barcelony-pozostalo-300-km\/#primaryimage"},"thumbnailUrl":"https:\/\/www.24gliwice.pl\/wiadomosci\/wp-content\/uploads\/2022\/10\/tomasz-sobania-4.jpg","keywords":["ekstremalny bieg","tomasz sobania"],"articleSection":["Gliwice","Najnowsze wiadomo\u015bci"],"inLanguage":"pl-PL","potentialAction":[{"@type":"CommentAction","name":"Comment","target":["https:\/\/www.24gliwice.pl\/wiadomosci\/ekstremalny-bieg-w-szczytnym-celu-coraz-blizej-finiszu-do-barcelony-pozostalo-300-km\/#respond"]}]},{"@type":"WebPage","@id":"https:\/\/www.24gliwice.pl\/wiadomosci\/ekstremalny-bieg-w-szczytnym-celu-coraz-blizej-finiszu-do-barcelony-pozostalo-300-km\/","url":"https:\/\/www.24gliwice.pl\/wiadomosci\/ekstremalny-bieg-w-szczytnym-celu-coraz-blizej-finiszu-do-barcelony-pozostalo-300-km\/","name":"Ekstremalny bieg w szczytnym celu coraz bli\u017cej finiszu. Do Barcelony pozosta\u0142o 300 km - 24GLIWICE - Portal Gliwice | codziennie nowe informacje","isPartOf":{"@id":"https:\/\/www.24gliwice.pl\/wiadomosci\/#website"},"primaryImageOfPage":{"@id":"https:\/\/www.24gliwice.pl\/wiadomosci\/ekstremalny-bieg-w-szczytnym-celu-coraz-blizej-finiszu-do-barcelony-pozostalo-300-km\/#primaryimage"},"image":{"@id":"https:\/\/www.24gliwice.pl\/wiadomosci\/ekstremalny-bieg-w-szczytnym-celu-coraz-blizej-finiszu-do-barcelony-pozostalo-300-km\/#primaryimage"},"thumbnailUrl":"https:\/\/www.24gliwice.pl\/wiadomosci\/wp-content\/uploads\/2022\/10\/tomasz-sobania-4.jpg","datePublished":"2022-10-31T22:18:25+00:00","dateModified":"2022-11-01T23:12:36+00:00","description":"Tomasz Sobania biegnie do Barcelony w szczytnym celu. Do pokonania mia\u0142 60 maraton\u00f3w w 60 dni, przed nim jeszcze \"tylko\" 300 km","breadcrumb":{"@id":"https:\/\/www.24gliwice.pl\/wiadomosci\/ekstremalny-bieg-w-szczytnym-celu-coraz-blizej-finiszu-do-barcelony-pozostalo-300-km\/#breadcrumb"},"inLanguage":"pl-PL","potentialAction":[{"@type":"ReadAction","target":["https:\/\/www.24gliwice.pl\/wiadomosci\/ekstremalny-bieg-w-szczytnym-celu-coraz-blizej-finiszu-do-barcelony-pozostalo-300-km\/"]}]},{"@type":"ImageObject","inLanguage":"pl-PL","@id":"https:\/\/www.24gliwice.pl\/wiadomosci\/ekstremalny-bieg-w-szczytnym-celu-coraz-blizej-finiszu-do-barcelony-pozostalo-300-km\/#primaryimage","url":"https:\/\/www.24gliwice.pl\/wiadomosci\/wp-content\/uploads\/2022\/10\/tomasz-sobania-4.jpg","contentUrl":"https:\/\/www.24gliwice.pl\/wiadomosci\/wp-content\/uploads\/2022\/10\/tomasz-sobania-4.jpg","width":810,"height":456},{"@type":"BreadcrumbList","@id":"https:\/\/www.24gliwice.pl\/wiadomosci\/ekstremalny-bieg-w-szczytnym-celu-coraz-blizej-finiszu-do-barcelony-pozostalo-300-km\/#breadcrumb","itemListElement":[{"@type":"ListItem","position":1,"name":"Strona g\u0142\u00f3wna","item":"https:\/\/www.24gliwice.pl\/wiadomosci\/"},{"@type":"ListItem","position":2,"name":"Ekstremalny bieg w szczytnym celu coraz bli\u017cej finiszu. Do Barcelony pozosta\u0142o 300 km"}]},{"@type":"WebSite","@id":"https:\/\/www.24gliwice.pl\/wiadomosci\/#website","url":"https:\/\/www.24gliwice.pl\/wiadomosci\/","name":"24GLIWICE - Portal Gliwice | codziennie nowe wiadomo\u015bci","description":"Portal Miejski Gliwice","publisher":{"@id":"https:\/\/www.24gliwice.pl\/wiadomosci\/#organization"},"potentialAction":[{"@type":"SearchAction","target":{"@type":"EntryPoint","urlTemplate":"https:\/\/www.24gliwice.pl\/wiadomosci\/?s={search_term_string}"},"query-input":{"@type":"PropertyValueSpecification","valueRequired":true,"valueName":"search_term_string"}}],"inLanguage":"pl-PL"},{"@type":"Organization","@id":"https:\/\/www.24gliwice.pl\/wiadomosci\/#organization","name":"24gliwice","url":"https:\/\/www.24gliwice.pl\/wiadomosci\/","logo":{"@type":"ImageObject","inLanguage":"pl-PL","@id":"https:\/\/www.24gliwice.pl\/wiadomosci\/#\/schema\/logo\/image\/","url":"https:\/\/www.24gliwice.pl\/wiadomosci\/wp-content\/uploads\/2024\/10\/24gliwice-logo-696.jpg","contentUrl":"https:\/\/www.24gliwice.pl\/wiadomosci\/wp-content\/uploads\/2024\/10\/24gliwice-logo-696.jpg","width":696,"height":696,"caption":"24gliwice"},"image":{"@id":"https:\/\/www.24gliwice.pl\/wiadomosci\/#\/schema\/logo\/image\/"},"sameAs":["https:\/\/www.facebook.com\/24gliwice","https:\/\/x.com\/24gliwice","https:\/\/www.youtube.com\/@24gliwice"]},{"@type":"Person","@id":"https:\/\/www.24gliwice.pl\/wiadomosci\/#\/schema\/person\/e42c650edd7f2fa332be3811fb166b6e","name":"\u017baneta Mrozek-Siewierska","image":{"@type":"ImageObject","inLanguage":"pl-PL","@id":"https:\/\/www.24gliwice.pl\/wiadomosci\/wp-content\/uploads\/2021\/11\/Zaneta-M_S-zdjecie-czb-96x96.jpg","url":"https:\/\/www.24gliwice.pl\/wiadomosci\/wp-content\/uploads\/2021\/11\/Zaneta-M_S-zdjecie-czb-96x96.jpg","contentUrl":"https:\/\/www.24gliwice.pl\/wiadomosci\/wp-content\/uploads\/2021\/11\/Zaneta-M_S-zdjecie-czb-96x96.jpg","caption":"\u017baneta Mrozek-Siewierska"},"url":"https:\/\/www.24gliwice.pl\/wiadomosci\/author\/zms\/"}]}},"_links":{"self":[{"href":"https:\/\/www.24gliwice.pl\/wiadomosci\/wp-json\/wp\/v2\/posts\/202828","targetHints":{"allow":["GET"]}}],"collection":[{"href":"https:\/\/www.24gliwice.pl\/wiadomosci\/wp-json\/wp\/v2\/posts"}],"about":[{"href":"https:\/\/www.24gliwice.pl\/wiadomosci\/wp-json\/wp\/v2\/types\/post"}],"author":[{"embeddable":true,"href":"https:\/\/www.24gliwice.pl\/wiadomosci\/wp-json\/wp\/v2\/users\/15"}],"replies":[{"embeddable":true,"href":"https:\/\/www.24gliwice.pl\/wiadomosci\/wp-json\/wp\/v2\/comments?post=202828"}],"version-history":[{"count":6,"href":"https:\/\/www.24gliwice.pl\/wiadomosci\/wp-json\/wp\/v2\/posts\/202828\/revisions"}],"predecessor-version":[{"id":202895,"href":"https:\/\/www.24gliwice.pl\/wiadomosci\/wp-json\/wp\/v2\/posts\/202828\/revisions\/202895"}],"wp:featuredmedia":[{"embeddable":true,"href":"https:\/\/www.24gliwice.pl\/wiadomosci\/wp-json\/wp\/v2\/media\/202833"}],"wp:attachment":[{"href":"https:\/\/www.24gliwice.pl\/wiadomosci\/wp-json\/wp\/v2\/media?parent=202828"}],"wp:term":[{"taxonomy":"category","embeddable":true,"href":"https:\/\/www.24gliwice.pl\/wiadomosci\/wp-json\/wp\/v2\/categories?post=202828"},{"taxonomy":"post_tag","embeddable":true,"href":"https:\/\/www.24gliwice.pl\/wiadomosci\/wp-json\/wp\/v2\/tags?post=202828"}],"curies":[{"name":"wp","href":"https:\/\/api.w.org\/{rel}","templated":true}]}}